{"id":94615,"date":"2026-08-31T11:21:05","date_gmt":"2026-08-31T10:21:05","guid":{"rendered":"https:\/\/lasentinelle.dz\/?p=94615"},"modified":"2026-08-31T11:21:12","modified_gmt":"2026-08-31T10:21:12","slug":"cisjordanie-occupee-la-violence-des-colons-sionistes-sintensifie","status":"publish","type":"post","link":"https:\/\/lasentinelle.dz\/index.php\/2026\/08\/31\/cisjordanie-occupee-la-violence-des-colons-sionistes-sintensifie\/","title":{"rendered":"Cisjordanie occup\u00e9e\u00a0: La violence des colons sionistes s&rsquo;intensifie"},"content":{"rendered":"\n<p class=\"wp-block-paragraph\">Les gouvernorats de J\u00e9nine et de Naplouse en Cisjordanie occup\u00e9e font face depuis plusieurs semaines \u00e0 une escalade des attaques men\u00e9es par des colons sionistes contre les Palestiniens, leurs maisons et leurs terres agricoles, dans un contexte marqu\u00e9 par l&rsquo;expansion des avant-postes et le renforcement du bouclage militaire de la Cisjordanie occup\u00e9e, ont averti dimanche des responsables du mouvement Fatah dans les deux r\u00e9gions.<\/p>\n\n\n\n<p class=\"wp-block-paragraph\">Un membre de la branche du Fatah \u00e0 J\u00e9nine, Nasri Hammamra, cit\u00e9 par l\u2019agence de presse palestinienne Wafa, a fait \u00e9tat d&rsquo;une intensification des attaques dans les zones sud et est du gouvernorat, parall\u00e8lement aux tentatives d&rsquo;agrandissement des colonies et au d\u00e9placement forc\u00e9 d&rsquo;habitants de leurs terres. Dans une d\u00e9claration \u00e0 la radio Voix de la Palestine, il a pr\u00e9cis\u00e9 que la zone orientale de la localit\u00e9 de Jaba, \u00e0 l&rsquo;extr\u00eame sud du gouvernorat, subit depuis plusieurs semaines des attaques r\u00e9p\u00e9t\u00e9es, comprenant le blocage des routes, l&rsquo;interdiction d&rsquo;acc\u00e8s aux maisons et aux terres, ainsi que des agressions physiques ayant parfois emp\u00each\u00e9 des habitants de rejoindre les h\u00f4pitaux de J\u00e9nine pour recevoir des soins.<\/p>\n\n\n\n<p class=\"wp-block-paragraph\">Selon lui, cette zone s&rsquo;inscrit dans un projet de colonisation plus vaste, pr\u00e9voyant l&rsquo;ouverture de routes r\u00e9serv\u00e9es aux colons et la connexion de secteurs situ\u00e9s \u00e0 l&rsquo;ouest du gouvernorat jusqu&rsquo;\u00e0 la vall\u00e9e du Jourdain, l&rsquo;expansion de la colonie de Homesh constituant l&rsquo;un des maillons de cette extension. Il a appel\u00e9 \u00e0 intensifier la mobilisation populaire et internationale pour prot\u00e9ger les habitants face \u00e0 la multiplication des attaques quotidiennes et aux tentatives d&rsquo;imposer une nouvelle r\u00e9alit\u00e9 coloniale dans la r\u00e9gion.<\/p>\n\n\n\n<p class=\"wp-block-paragraph\">\u00c0 Naplouse, le responsable de la r\u00e9sistance populaire au sein du Fatah, Nidal Mlitat, a \u00e9voqu\u00e9 une escalade grave et continue. Il a rapport\u00e9 que la localit\u00e9 de Qusra a \u00e9t\u00e9 la veille la cible d&rsquo;une attaque de grande ampleur men\u00e9e par plus d&rsquo;une centaine de colons contre des maisons palestiniennes assi\u00e9g\u00e9es, l&rsquo;arm\u00e9e d\u2019occupation isra\u00e9lienne \u00e9tant intervenue en faveur des assaillants en tirant en direction des habitants et en les encerclant, tandis que les familles \u00e0 l&rsquo;int\u00e9rieur de leurs maisons subissaient des actes d&rsquo;intimidation.<\/p>\n\n\n\n<p class=\"wp-block-paragraph\">Ces d\u00e9veloppements surviennent alors que les forces d&rsquo;occupation isra\u00e9liennes ont men\u00e9 dans la nuit de samedi \u00e0 dimanche plusieurs incursions et op\u00e9rations d&rsquo;arrestation \u00e0 Tubas, Bethl\u00e9em, Ramallah et Tulkarem, avec perquisitions de domiciles et de commerces, et arrestations de plusieurs Palestiniens, dans un climat de l\u2019intensification de la r\u00e9pression &nbsp;en Cisjordanie occup\u00e9e.<\/p>\n\n\n\n<p class=\"wp-block-paragraph\"><strong>Gaza sous le poids de la crise humanitaire<\/strong><\/p>\n\n\n\n<p class=\"wp-block-paragraph\">Dans la bande de Gaza, la situation humanitaire continue de se d\u00e9t\u00e9riorer. Plus de 80 % des r\u00e9seaux d&rsquo;eau et d&rsquo;assainissement ont \u00e9t\u00e9 d\u00e9truits, a alert\u00e9 dimanche Sa\u00efd al Aklouk, responsable du contr\u00f4le de ces infrastructures, cit\u00e9 par l&rsquo;agence WAFA. La production d&rsquo;eau est pass\u00e9e de 300 000 \u00e0 123 000 m\u00e8tres cubes par jour, ramenant la disponibilit\u00e9 par habitant \u00e0 21 ou 22 litres quotidiens, tandis que les infiltrations d&rsquo;eaux us\u00e9es dans la nappe phr\u00e9atique aggravent la pollution et font craindre de graves cons\u00e9quences sanitaires.<\/p>\n\n\n\n<p class=\"wp-block-paragraph\">Le bilan de l&rsquo;agression g\u00e9nocidaire sioniste contre l&rsquo;enclave palestinienne s&rsquo;est par ailleurs alourdi \u00e0 73 454 martyrs et 174 486 bless\u00e9s depuis octobre 2023, selon les autorit\u00e9s sanitaires de Gaza, qui font \u00e9tat de 1 318 Palestiniens tu\u00e9s depuis l&rsquo;entr\u00e9e en vigueur du cessez-le-feu en octobre dernier. Une nouvelle frappe isra\u00e9lienne a tu\u00e9 dimanche deux Palestiniens, dont un enfant de trois ans, pr\u00e8s d&rsquo;une boulangerie de Deir al Balah, portant un nouveau coup \u00e0 une tr\u00eave r\u00e9guli\u00e8rement viol\u00e9e par l&rsquo;arm\u00e9e d\u2019occupation sioniste.<\/p>\n\n\n\n<p class=\"wp-block-paragraph\">Lyes S.<\/p>\n","protected":false},"excerpt":{"rendered":"<p>Les gouvernorats de J\u00e9nine et de Naplouse en Cisjordanie occup\u00e9e font face depuis plusieurs semaines \u00e0 une escalade des attaques<\/p>\n","protected":false},"author":6,"featured_media":44108,"comment_status":"open","ping_status":"closed","sticky":false,"template":"","format":"standard","meta":{"colormag_page_container_layout":"default_layout","colormag_page_sidebar_layout":"default_layout","om_disable_all_campaigns":false,"_monsterinsights_skip_tracking":false,"footnotes":"","_wpscppro_dont_share_socialmedia":false,"_wpscppro_custom_social_share_image":0,"_facebook_share_type":"default","_twitter_share_type":"default","_linkedin_share_type":"default","_pinterest_share_type":"default","_linkedin_share_type_page":"","_instagram_share_type":"default","_medium_share_type":"default","_threads_share_type":"default","_google_business_share_type":"default","_bluesky_share_type":"default","_mastodon_share_type":"default","_selected_social_profile":[],"_wpsp_enable_custom_social_template":false,"_wpsp_social_scheduling":{"enabled":false,"datetime":null,"platforms":[],"status":"template_only","dateOption":"today","timeOption":"now","customDays":"","customHours":"","customDate":"","customTime":"","schedulingType":"absolute"},"_wpsp_active_default_template":true},"categories":[37],"tags":[],"class_list":["post-94615","post","type-post","status-publish","format-standard","has-post-thumbnail","hentry","category-monde"],"aioseo_notices":[],"aioseo_head":"\n\t\t<!-- All in One SEO 5.0.0.1 - aioseo.com -->\n\t<meta name=\"description\" content=\"Les gouvernorats de J\u00e9nine et de Naplouse en Cisjordanie occup\u00e9e font face depuis plusieurs semaines \u00e0 une escalade des attaques men\u00e9es par des colons sionistes contre les Palestiniens, leurs maisons et leurs terres agricoles, dans un contexte marqu\u00e9 par l&#039;expansion des avant-postes et le renforcement du bouclage militaire de la Cisjordanie occup\u00e9e, ont averti dimanche\" \/>\n\t<meta name=\"robots\" content=\"max-image-preview:large\" \/>\n\t<meta name=\"author\" content=\"admin\"\/>\n\t<link rel=\"canonical\" href=\"https:\/\/lasentinelle.dz\/index.php\/2026\/08\/31\/cisjordanie-occupee-la-violence-des-colons-sionistes-sintensifie\/\" \/>\n\t<meta name=\"generator\" content=\"All in One SEO (AIOSEO) 5.0.0.1\" \/>\n\t\t<meta property=\"og:locale\" content=\"fr_FR\" \/>\n\t\t<meta property=\"og:site_name\" content=\"La Sentinelle - Quotidien national d&#039;information\" \/>\n\t\t<meta property=\"og:type\" content=\"article\" \/>\n\t\t<meta property=\"og:title\" content=\"Cisjordanie occup\u00e9e : La violence des colons sionistes s\u2019intensifie - La Sentinelle\" \/>\n\t\t<meta property=\"og:description\" content=\"Les gouvernorats de J\u00e9nine et de Naplouse en Cisjordanie occup\u00e9e font face depuis plusieurs semaines \u00e0 une escalade des attaques men\u00e9es par des colons sionistes contre les Palestiniens, leurs maisons et leurs terres agricoles, dans un contexte marqu\u00e9 par l&#039;expansion des avant-postes et le renforcement du bouclage militaire de la Cisjordanie occup\u00e9e, ont averti dimanche\" \/>\n\t\t<meta property=\"og:url\" content=\"https:\/\/lasentinelle.dz\/index.php\/2026\/08\/31\/cisjordanie-occupee-la-violence-des-colons-sionistes-sintensifie\/\" \/>\n\t\t<meta property=\"og:image\" content=\"https:\/\/lasentinelle.dz\/wp-content\/uploads\/2021\/09\/cropped-la-sentinelle-earth-golden-anima-5.gif\" \/>\n\t\t<meta property=\"og:image:secure_url\" content=\"https:\/\/lasentinelle.dz\/wp-content\/uploads\/2021\/09\/cropped-la-sentinelle-earth-golden-anima-5.gif\" \/>\n\t\t<meta property=\"og:image:width\" content=\"450\" \/>\n\t\t<meta property=\"og:image:height\" content=\"213\" \/>\n\t\t<meta property=\"article:published_time\" content=\"2026-08-31T10:21:05+00:00\" \/>\n\t\t<meta property=\"article:modified_time\" content=\"2026-08-31T10:21:12+00:00\" \/>\n\t\t<meta property=\"article:publisher\" content=\"https:\/\/www.facebook.com\/azzedine.lasentinelle.1\" \/>\n\t\t<meta name=\"twitter:card\" content=\"summary_large_image\" \/>\n\t\t<meta name=\"twitter:title\" content=\"Cisjordanie occup\u00e9e : La violence des colons sionistes s\u2019intensifie - La Sentinelle\" \/>\n\t\t<meta name=\"twitter:description\" content=\"Les gouvernorats de J\u00e9nine et de Naplouse en Cisjordanie occup\u00e9e font face depuis plusieurs semaines \u00e0 une escalade des attaques men\u00e9es par des colons sionistes contre les Palestiniens, leurs maisons et leurs terres agricoles, dans un contexte marqu\u00e9 par l&#039;expansion des avant-postes et le renforcement du bouclage militaire de la Cisjordanie occup\u00e9e, ont averti dimanche\" \/>\n\t\t<meta name=\"twitter:image\" content=\"https:\/\/lasentinelle.dz\/wp-content\/uploads\/2021\/09\/cropped-la-sentinelle-earth-golden-anima-5.gif\" \/>\n\t\t<script type=\"application\/ld+json\" class=\"aioseo-schema\">\n\t\t\t{\"@context\":\"https:\\\/\\\/schema.org\",\"@graph\":[{\"@type\":\"BlogPosting\",\"@id\":\"https:\\\/\\\/lasentinelle.dz\\\/index.php\\\/2026\\\/08\\\/31\\\/cisjordanie-occupee-la-violence-des-colons-sionistes-sintensifie\\\/#blogposting\",\"name\":\"Cisjordanie occup\\u00e9e : La violence des colons sionistes s\\u2019intensifie - La Sentinelle\",\"headline\":\"Cisjordanie occup\\u00e9e\\u00a0: La violence des colons sionistes s&rsquo;intensifie\",\"author\":{\"@id\":\"https:\\\/\\\/lasentinelle.dz\\\/author\\\/admin\\\/#author\"},\"publisher\":{\"@id\":\"https:\\\/\\\/lasentinelle.dz\\\/#organization\"},\"image\":{\"@type\":\"ImageObject\",\"url\":\"https:\\\/\\\/lasentinelle.dz\\\/wp-content\\\/uploads\\\/2023\\\/07\\\/a1-6colons.jpeg\",\"width\":400,\"height\":273},\"datePublished\":\"2026-08-31T11:21:05+01:00\",\"dateModified\":\"2026-08-31T11:21:12+01:00\",\"inLanguage\":\"fr-FR\",\"mainEntityOfPage\":{\"@id\":\"https:\\\/\\\/lasentinelle.dz\\\/index.php\\\/2026\\\/08\\\/31\\\/cisjordanie-occupee-la-violence-des-colons-sionistes-sintensifie\\\/#webpage\"},\"isPartOf\":{\"@id\":\"https:\\\/\\\/lasentinelle.dz\\\/index.php\\\/2026\\\/08\\\/31\\\/cisjordanie-occupee-la-violence-des-colons-sionistes-sintensifie\\\/#webpage\"},\"articleSection\":\"Monde\"},{\"@type\":\"BreadcrumbList\",\"@id\":\"https:\\\/\\\/lasentinelle.dz\\\/index.php\\\/2026\\\/08\\\/31\\\/cisjordanie-occupee-la-violence-des-colons-sionistes-sintensifie\\\/#breadcrumblist\",\"itemListElement\":[{\"@type\":\"ListItem\",\"@id\":\"https:\\\/\\\/lasentinelle.dz#listItem\",\"position\":1,\"name\":\"Home\",\"item\":\"https:\\\/\\\/lasentinelle.dz\",\"nextItem\":{\"@type\":\"ListItem\",\"@id\":\"https:\\\/\\\/lasentinelle.dz\\\/index.php\\\/category\\\/monde\\\/#listItem\",\"name\":\"Monde\"}},{\"@type\":\"ListItem\",\"@id\":\"https:\\\/\\\/lasentinelle.dz\\\/index.php\\\/category\\\/monde\\\/#listItem\",\"position\":2,\"name\":\"Monde\",\"item\":\"https:\\\/\\\/lasentinelle.dz\\\/index.php\\\/category\\\/monde\\\/\",\"nextItem\":{\"@type\":\"ListItem\",\"@id\":\"https:\\\/\\\/lasentinelle.dz\\\/index.php\\\/2026\\\/08\\\/31\\\/cisjordanie-occupee-la-violence-des-colons-sionistes-sintensifie\\\/#listItem\",\"name\":\"Cisjordanie occup\\u00e9e\\u00a0: La violence des colons sionistes s&rsquo;intensifie\"},\"previousItem\":{\"@type\":\"ListItem\",\"@id\":\"https:\\\/\\\/lasentinelle.dz#listItem\",\"name\":\"Home\"}},{\"@type\":\"ListItem\",\"@id\":\"https:\\\/\\\/lasentinelle.dz\\\/index.php\\\/2026\\\/08\\\/31\\\/cisjordanie-occupee-la-violence-des-colons-sionistes-sintensifie\\\/#listItem\",\"position\":3,\"name\":\"Cisjordanie occup\\u00e9e\\u00a0: La violence des colons sionistes s&rsquo;intensifie\",\"previousItem\":{\"@type\":\"ListItem\",\"@id\":\"https:\\\/\\\/lasentinelle.dz\\\/index.php\\\/category\\\/monde\\\/#listItem\",\"name\":\"Monde\"}}]},{\"@type\":\"Organization\",\"@id\":\"https:\\\/\\\/lasentinelle.dz\\\/#organization\",\"name\":\"La Sentinelle La Sentinelle\",\"description\":\"Quotidien national d'information\",\"url\":\"https:\\\/\\\/lasentinelle.dz\\\/\",\"logo\":{\"@type\":\"ImageObject\",\"url\":\"https:\\\/\\\/lasentinelle.dz\\\/wp-content\\\/uploads\\\/2021\\\/09\\\/cropped-la-sentinelle-earth-golden-anima-5.gif\",\"@id\":\"https:\\\/\\\/lasentinelle.dz\\\/index.php\\\/2026\\\/08\\\/31\\\/cisjordanie-occupee-la-violence-des-colons-sionistes-sintensifie\\\/#organizationLogo\",\"width\":450,\"height\":213},\"image\":{\"@id\":\"https:\\\/\\\/lasentinelle.dz\\\/index.php\\\/2026\\\/08\\\/31\\\/cisjordanie-occupee-la-violence-des-colons-sionistes-sintensifie\\\/#organizationLogo\"},\"sameAs\":[\"https:\\\/\\\/www.facebook.com\\\/azzedine.lasentinelle.1\"]},{\"@type\":\"Person\",\"@id\":\"https:\\\/\\\/lasentinelle.dz\\\/author\\\/admin\\\/#author\",\"url\":\"https:\\\/\\\/lasentinelle.dz\\\/author\\\/admin\\\/\",\"name\":\"admin\",\"image\":{\"@type\":\"ImageObject\",\"@id\":\"https:\\\/\\\/lasentinelle.dz\\\/index.php\\\/2026\\\/08\\\/31\\\/cisjordanie-occupee-la-violence-des-colons-sionistes-sintensifie\\\/#authorImage\",\"url\":\"https:\\\/\\\/secure.gravatar.com\\\/avatar\\\/4c81fed838786e9b53f540bf46533e750f5d292099ae3b66cfc6fb1982e29df7?s=96&d=mm&r=g\",\"width\":96,\"height\":96,\"caption\":\"admin\"}},{\"@type\":\"WebPage\",\"@id\":\"https:\\\/\\\/lasentinelle.dz\\\/index.php\\\/2026\\\/08\\\/31\\\/cisjordanie-occupee-la-violence-des-colons-sionistes-sintensifie\\\/#webpage\",\"url\":\"https:\\\/\\\/lasentinelle.dz\\\/index.php\\\/2026\\\/08\\\/31\\\/cisjordanie-occupee-la-violence-des-colons-sionistes-sintensifie\\\/\",\"name\":\"Cisjordanie occup\\u00e9e : La violence des colons sionistes s\\u2019intensifie - La Sentinelle\",\"description\":\"Les gouvernorats de J\\u00e9nine et de Naplouse en Cisjordanie occup\\u00e9e font face depuis plusieurs semaines \\u00e0 une escalade des attaques men\\u00e9es par des colons sionistes contre les Palestiniens, leurs maisons et leurs terres agricoles, dans un contexte marqu\\u00e9 par l'expansion des avant-postes et le renforcement du bouclage militaire de la Cisjordanie occup\\u00e9e, ont averti dimanche\",\"inLanguage\":\"fr-FR\",\"isPartOf\":{\"@id\":\"https:\\\/\\\/lasentinelle.dz\\\/#website\"},\"breadcrumb\":{\"@id\":\"https:\\\/\\\/lasentinelle.dz\\\/index.php\\\/2026\\\/08\\\/31\\\/cisjordanie-occupee-la-violence-des-colons-sionistes-sintensifie\\\/#breadcrumblist\"},\"author\":{\"@id\":\"https:\\\/\\\/lasentinelle.dz\\\/author\\\/admin\\\/#author\"},\"creator\":{\"@id\":\"https:\\\/\\\/lasentinelle.dz\\\/author\\\/admin\\\/#author\"},\"image\":{\"@type\":\"ImageObject\",\"url\":\"https:\\\/\\\/lasentinelle.dz\\\/wp-content\\\/uploads\\\/2023\\\/07\\\/a1-6colons.jpeg\",\"@id\":\"https:\\\/\\\/lasentinelle.dz\\\/index.php\\\/2026\\\/08\\\/31\\\/cisjordanie-occupee-la-violence-des-colons-sionistes-sintensifie\\\/#mainImage\",\"width\":400,\"height\":273},\"primaryImageOfPage\":{\"@id\":\"https:\\\/\\\/lasentinelle.dz\\\/index.php\\\/2026\\\/08\\\/31\\\/cisjordanie-occupee-la-violence-des-colons-sionistes-sintensifie\\\/#mainImage\"},\"datePublished\":\"2026-08-31T11:21:05+01:00\",\"dateModified\":\"2026-08-31T11:21:12+01:00\"},{\"@type\":\"WebSite\",\"@id\":\"https:\\\/\\\/lasentinelle.dz\\\/#website\",\"url\":\"https:\\\/\\\/lasentinelle.dz\\\/\",\"name\":\"La Sentinelle\",\"description\":\"Quotidien national d'information\",\"inLanguage\":\"fr-FR\",\"publisher\":{\"@id\":\"https:\\\/\\\/lasentinelle.dz\\\/#organization\"}}]}\n\t\t<\/script>\n\t\t<!-- All in One SEO -->\n\n","aioseo_head_json":{"title":"Cisjordanie occup\u00e9e : La violence des colons sionistes s\u2019intensifie - La Sentinelle","description":"Les gouvernorats de J\u00e9nine et de Naplouse en Cisjordanie occup\u00e9e font face depuis plusieurs semaines \u00e0 une escalade des attaques men\u00e9es par des colons sionistes contre les Palestiniens, leurs maisons et leurs terres agricoles, dans un contexte marqu\u00e9 par l'expansion des avant-postes et le renforcement du bouclage militaire de la Cisjordanie occup\u00e9e, ont averti dimanche","canonical_url":"https:\/\/lasentinelle.dz\/index.php\/2026\/08\/31\/cisjordanie-occupee-la-violence-des-colons-sionistes-sintensifie\/","robots":"max-image-preview:large","keywords":"","webmasterTools":{"miscellaneous":""},"schema":{"@context":"https:\/\/schema.org","@graph":[{"@type":"BlogPosting","@id":"https:\/\/lasentinelle.dz\/index.php\/2026\/08\/31\/cisjordanie-occupee-la-violence-des-colons-sionistes-sintensifie\/#blogposting","name":"Cisjordanie occup\u00e9e : La violence des colons sionistes s\u2019intensifie - La Sentinelle","headline":"Cisjordanie occup\u00e9e\u00a0: La violence des colons sionistes s&rsquo;intensifie","author":{"@id":"https:\/\/lasentinelle.dz\/author\/admin\/#author"},"publisher":{"@id":"https:\/\/lasentinelle.dz\/#organization"},"image":{"@type":"ImageObject","url":"https:\/\/lasentinelle.dz\/wp-content\/uploads\/2023\/07\/a1-6colons.jpeg","width":400,"height":273},"datePublished":"2026-08-31T11:21:05+01:00","dateModified":"2026-08-31T11:21:12+01:00","inLanguage":"fr-FR","mainEntityOfPage":{"@id":"https:\/\/lasentinelle.dz\/index.php\/2026\/08\/31\/cisjordanie-occupee-la-violence-des-colons-sionistes-sintensifie\/#webpage"},"isPartOf":{"@id":"https:\/\/lasentinelle.dz\/index.php\/2026\/08\/31\/cisjordanie-occupee-la-violence-des-colons-sionistes-sintensifie\/#webpage"},"articleSection":"Monde"},{"@type":"BreadcrumbList","@id":"https:\/\/lasentinelle.dz\/index.php\/2026\/08\/31\/cisjordanie-occupee-la-violence-des-colons-sionistes-sintensifie\/#breadcrumblist","itemListElement":[{"@type":"ListItem","@id":"https:\/\/lasentinelle.dz#listItem","position":1,"name":"Home","item":"https:\/\/lasentinelle.dz","nextItem":{"@type":"ListItem","@id":"https:\/\/lasentinelle.dz\/index.php\/category\/monde\/#listItem","name":"Monde"}},{"@type":"ListItem","@id":"https:\/\/lasentinelle.dz\/index.php\/category\/monde\/#listItem","position":2,"name":"Monde","item":"https:\/\/lasentinelle.dz\/index.php\/category\/monde\/","nextItem":{"@type":"ListItem","@id":"https:\/\/lasentinelle.dz\/index.php\/2026\/08\/31\/cisjordanie-occupee-la-violence-des-colons-sionistes-sintensifie\/#listItem","name":"Cisjordanie occup\u00e9e\u00a0: La violence des colons sionistes s&rsquo;intensifie"},"previousItem":{"@type":"ListItem","@id":"https:\/\/lasentinelle.dz#listItem","name":"Home"}},{"@type":"ListItem","@id":"https:\/\/lasentinelle.dz\/index.php\/2026\/08\/31\/cisjordanie-occupee-la-violence-des-colons-sionistes-sintensifie\/#listItem","position":3,"name":"Cisjordanie occup\u00e9e\u00a0: La violence des colons sionistes s&rsquo;intensifie","previousItem":{"@type":"ListItem","@id":"https:\/\/lasentinelle.dz\/index.php\/category\/monde\/#listItem","name":"Monde"}}]},{"@type":"Organization","@id":"https:\/\/lasentinelle.dz\/#organization","name":"La Sentinelle La Sentinelle","description":"Quotidien national d'information","url":"https:\/\/lasentinelle.dz\/","logo":{"@type":"ImageObject","url":"https:\/\/lasentinelle.dz\/wp-content\/uploads\/2021\/09\/cropped-la-sentinelle-earth-golden-anima-5.gif","@id":"https:\/\/lasentinelle.dz\/index.php\/2026\/08\/31\/cisjordanie-occupee-la-violence-des-colons-sionistes-sintensifie\/#organizationLogo","width":450,"height":213},"image":{"@id":"https:\/\/lasentinelle.dz\/index.php\/2026\/08\/31\/cisjordanie-occupee-la-violence-des-colons-sionistes-sintensifie\/#organizationLogo"},"sameAs":["https:\/\/www.facebook.com\/azzedine.lasentinelle.1"]},{"@type":"Person","@id":"https:\/\/lasentinelle.dz\/author\/admin\/#author","url":"https:\/\/lasentinelle.dz\/author\/admin\/","name":"admin","image":{"@type":"ImageObject","@id":"https:\/\/lasentinelle.dz\/index.php\/2026\/08\/31\/cisjordanie-occupee-la-violence-des-colons-sionistes-sintensifie\/#authorImage","url":"https:\/\/secure.gravatar.com\/avatar\/4c81fed838786e9b53f540bf46533e750f5d292099ae3b66cfc6fb1982e29df7?s=96&d=mm&r=g","width":96,"height":96,"caption":"admin"}},{"@type":"WebPage","@id":"https:\/\/lasentinelle.dz\/index.php\/2026\/08\/31\/cisjordanie-occupee-la-violence-des-colons-sionistes-sintensifie\/#webpage","url":"https:\/\/lasentinelle.dz\/index.php\/2026\/08\/31\/cisjordanie-occupee-la-violence-des-colons-sionistes-sintensifie\/","name":"Cisjordanie occup\u00e9e : La violence des colons sionistes s\u2019intensifie - La Sentinelle","description":"Les gouvernorats de J\u00e9nine et de Naplouse en Cisjordanie occup\u00e9e font face depuis plusieurs semaines \u00e0 une escalade des attaques men\u00e9es par des colons sionistes contre les Palestiniens, leurs maisons et leurs terres agricoles, dans un contexte marqu\u00e9 par l'expansion des avant-postes et le renforcement du bouclage militaire de la Cisjordanie occup\u00e9e, ont averti dimanche","inLanguage":"fr-FR","isPartOf":{"@id":"https:\/\/lasentinelle.dz\/#website"},"breadcrumb":{"@id":"https:\/\/lasentinelle.dz\/index.php\/2026\/08\/31\/cisjordanie-occupee-la-violence-des-colons-sionistes-sintensifie\/#breadcrumblist"},"author":{"@id":"https:\/\/lasentinelle.dz\/author\/admin\/#author"},"creator":{"@id":"https:\/\/lasentinelle.dz\/author\/admin\/#author"},"image":{"@type":"ImageObject","url":"https:\/\/lasentinelle.dz\/wp-content\/uploads\/2023\/07\/a1-6colons.jpeg","@id":"https:\/\/lasentinelle.dz\/index.php\/2026\/08\/31\/cisjordanie-occupee-la-violence-des-colons-sionistes-sintensifie\/#mainImage","width":400,"height":273},"primaryImageOfPage":{"@id":"https:\/\/lasentinelle.dz\/index.php\/2026\/08\/31\/cisjordanie-occupee-la-violence-des-colons-sionistes-sintensifie\/#mainImage"},"datePublished":"2026-08-31T11:21:05+01:00","dateModified":"2026-08-31T11:21:12+01:00"},{"@type":"WebSite","@id":"https:\/\/lasentinelle.dz\/#website","url":"https:\/\/lasentinelle.dz\/","name":"La Sentinelle","description":"Quotidien national d'information","inLanguage":"fr-FR","publisher":{"@id":"https:\/\/lasentinelle.dz\/#organization"}}]},"og:locale":"fr_FR","og:site_name":"La Sentinelle - Quotidien national d'information","og:type":"article","og:title":"Cisjordanie occup\u00e9e : La violence des colons sionistes s\u2019intensifie - La Sentinelle","og:description":"Les gouvernorats de J\u00e9nine et de Naplouse en Cisjordanie occup\u00e9e font face depuis plusieurs semaines \u00e0 une escalade des attaques men\u00e9es par des colons sionistes contre les Palestiniens, leurs maisons et leurs terres agricoles, dans un contexte marqu\u00e9 par l'expansion des avant-postes et le renforcement du bouclage militaire de la Cisjordanie occup\u00e9e, ont averti dimanche","og:url":"https:\/\/lasentinelle.dz\/index.php\/2026\/08\/31\/cisjordanie-occupee-la-violence-des-colons-sionistes-sintensifie\/","og:image":"https:\/\/lasentinelle.dz\/wp-content\/uploads\/2021\/09\/cropped-la-sentinelle-earth-golden-anima-5.gif","og:image:secure_url":"https:\/\/lasentinelle.dz\/wp-content\/uploads\/2021\/09\/cropped-la-sentinelle-earth-golden-anima-5.gif","og:image:width":450,"og:image:height":213,"article:published_time":"2026-08-31T10:21:05+00:00","article:modified_time":"2026-08-31T10:21:12+00:00","article:publisher":"https:\/\/www.facebook.com\/azzedine.lasentinelle.1","twitter:card":"summary_large_image","twitter:title":"Cisjordanie occup\u00e9e : La violence des colons sionistes s\u2019intensifie - La Sentinelle","twitter:description":"Les gouvernorats de J\u00e9nine et de Naplouse en Cisjordanie occup\u00e9e font face depuis plusieurs semaines \u00e0 une escalade des attaques men\u00e9es par des colons sionistes contre les Palestiniens, leurs maisons et leurs terres agricoles, dans un contexte marqu\u00e9 par l'expansion des avant-postes et le renforcement du bouclage militaire de la Cisjordanie occup\u00e9e, ont averti dimanche","twitter:image":"https:\/\/lasentinelle.dz\/wp-content\/uploads\/2021\/09\/cropped-la-sentinelle-earth-golden-anima-5.gif"},"aioseo_meta_data":{"post_id":"94615","title":null,"description":null,"keywords":null,"keyphrases":{"focus":{"keyphrase":"","score":0,"analysis":{"keyphraseInTitle":{"score":0,"maxScore":9,"error":1}}},"additional":[]},"primary_term":null,"canonical_url":null,"og_title":null,"og_description":null,"og_object_type":"default","og_image_type":"default","og_image_url":null,"og_image_width":null,"og_image_height":null,"og_image_custom_url":null,"og_image_custom_fields":null,"og_video":"","og_custom_url":null,"og_article_section":null,"og_article_tags":null,"twitter_use_og":false,"twitter_card":"default","twitter_image_type":"default","twitter_image_url":null,"twitter_image_custom_url":null,"twitter_image_custom_fields":null,"twitter_title":null,"twitter_description":null,"schema":{"blockGraphs":[],"customGraphs":[],"default":{"data":{"Article":[],"Course":[],"Dataset":[],"FAQPage":[],"Movie":[],"Person":[],"Product":[],"ProductReview":[],"Car":[],"Recipe":[],"Service":[],"SoftwareApplication":[],"WebPage":[]},"graphName":"BlogPosting","isEnabled":true},"graphs":[]},"schema_type":"default","schema_type_options":null,"pillar_content":false,"robots_default":true,"robots_noindex":false,"robots_noarchive":false,"robots_nosnippet":false,"robots_nofollow":false,"robots_noimageindex":false,"robots_noodp":false,"robots_notranslate":false,"robots_max_snippet":"-1","robots_max_videopreview":"-1","robots_max_imagepreview":"large","priority":null,"frequency":"default","local_seo":null,"breadcrumb_settings":null,"limit_modified_date":false,"ai":{"faqs":[],"keyPoints":[],"schemas":[],"titles":[],"descriptions":[],"socialPosts":{"email":{"subject":"","preview":"","content":""},"linkedin":[],"twitter":[],"facebook":[],"instagram":[]}},"created":"2026-08-31 10:21:14","updated":"2026-08-31 11:12:59","focus_keyword":null,"additional_keywords":null,"truseo_locale":null,"seo_analyzer_scan_date":null},"aioseo_breadcrumb":"<div class=\"aioseo-breadcrumbs\"><span class=\"aioseo-breadcrumb\">\n\t\t\t<a href=\"https:\/\/lasentinelle.dz\" title=\"Home\">Home<\/a>\n\t\t<\/span><span class=\"aioseo-breadcrumb-separator\">&raquo;<\/span><span class=\"aioseo-breadcrumb\">\n\t\t\t<a href=\"https:\/\/lasentinelle.dz\/index.php\/category\/monde\/\" title=\"Monde\">Monde<\/a>\n\t\t<\/span><span class=\"aioseo-breadcrumb-separator\">&raquo;<\/span><span class=\"aioseo-breadcrumb\">\n\t\t\tCisjordanie occup\u00e9e : La violence des colons sionistes s\u2019intensifie\n\t\t<\/span><\/div>","aioseo_breadcrumb_json":[{"label":"Home","link":"https:\/\/lasentinelle.dz"},{"label":"Monde","link":"https:\/\/lasentinelle.dz\/index.php\/category\/monde\/"},{"label":"Cisjordanie occup\u00e9e\u00a0: La violence des colons sionistes s&rsquo;intensifie","link":"https:\/\/lasentinelle.dz\/index.php\/2026\/08\/31\/cisjordanie-occupee-la-violence-des-colons-sionistes-sintensifie\/"}],"yoast_head":"<!-- This site is optimized with the Yoast SEO plugin v28.3 - https:\/\/yoast.com\/product\/yoast-seo-wordpress\/ -->\n<title>Cisjordanie occup\u00e9e\u00a0: La violence des colons sionistes s&rsquo;intensifie - La Sentinelle<\/title>\n<meta name=\"robots\" content=\"index, follow, max-snippet:-1, max-image-preview:large, max-video-preview:-1\" \/>\n<link rel=\"canonical\" href=\"https:\/\/lasentinelle.dz\/index.php\/2026\/08\/31\/cisjordanie-occupee-la-violence-des-colons-sionistes-sintensifie\/\" \/>\n<meta property=\"og:locale\" content=\"fr_FR\" \/>\n<meta property=\"og:type\" content=\"article\" \/>\n<meta property=\"og:title\" content=\"Cisjordanie occup\u00e9e\u00a0: La violence des colons sionistes s&rsquo;intensifie - La Sentinelle\" \/>\n<meta property=\"og:description\" content=\"Les gouvernorats de J\u00e9nine et de Naplouse en Cisjordanie occup\u00e9e font face depuis plusieurs semaines \u00e0 une escalade des attaques\" \/>\n<meta property=\"og:url\" content=\"https:\/\/lasentinelle.dz\/index.php\/2026\/08\/31\/cisjordanie-occupee-la-violence-des-colons-sionistes-sintensifie\/\" \/>\n<meta property=\"og:site_name\" content=\"La Sentinelle\" \/>\n<meta property=\"article:publisher\" content=\"https:\/\/www.facebook.com\/La-Sentinelle-104059864394773\" \/>\n<meta property=\"article:published_time\" content=\"2026-08-31T10:21:05+00:00\" \/>\n<meta property=\"article:modified_time\" content=\"2026-08-31T10:21:12+00:00\" \/>\n<meta property=\"og:image\" content=\"https:\/\/lasentinelle.dz\/wp-content\/uploads\/2023\/07\/a1-6colons.jpeg\" \/>\n\t<meta property=\"og:image:width\" content=\"400\" \/>\n\t<meta property=\"og:image:height\" content=\"273\" \/>\n\t<meta property=\"og:image:type\" content=\"image\/jpeg\" \/>\n<meta name=\"author\" content=\"admin\" \/>\n<meta name=\"twitter:card\" content=\"summary_large_image\" \/>\n<meta name=\"twitter:label1\" content=\"\u00c9crit par\" \/>\n\t<meta name=\"twitter:data1\" content=\"admin\" \/>\n\t<meta name=\"twitter:label2\" content=\"Dur\u00e9e de lecture estim\u00e9e\" \/>\n\t<meta name=\"twitter:data2\" content=\"4 minutes\" \/>\n<script type=\"application\/ld+json\" class=\"yoast-schema-graph\">{\"@context\":\"https:\\\/\\\/schema.org\",\"@graph\":[{\"@type\":\"Article\",\"@id\":\"https:\\\/\\\/lasentinelle.dz\\\/index.php\\\/2026\\\/08\\\/31\\\/cisjordanie-occupee-la-violence-des-colons-sionistes-sintensifie\\\/#article\",\"isPartOf\":{\"@id\":\"https:\\\/\\\/lasentinelle.dz\\\/index.php\\\/2026\\\/08\\\/31\\\/cisjordanie-occupee-la-violence-des-colons-sionistes-sintensifie\\\/\"},\"author\":{\"name\":\"admin\",\"@id\":\"https:\\\/\\\/lasentinelle.dz\\\/#\\\/schema\\\/person\\\/729ee0024f24e0b8c5ec17232f8e8b41\"},\"headline\":\"Cisjordanie occup\u00e9e\u00a0: La violence des colons sionistes s&rsquo;intensifie\",\"datePublished\":\"2026-08-31T10:21:05+00:00\",\"dateModified\":\"2026-08-31T10:21:12+00:00\",\"mainEntityOfPage\":{\"@id\":\"https:\\\/\\\/lasentinelle.dz\\\/index.php\\\/2026\\\/08\\\/31\\\/cisjordanie-occupee-la-violence-des-colons-sionistes-sintensifie\\\/\"},\"wordCount\":649,\"commentCount\":0,\"publisher\":{\"@id\":\"https:\\\/\\\/lasentinelle.dz\\\/#organization\"},\"image\":{\"@id\":\"https:\\\/\\\/lasentinelle.dz\\\/index.php\\\/2026\\\/08\\\/31\\\/cisjordanie-occupee-la-violence-des-colons-sionistes-sintensifie\\\/#primaryimage\"},\"thumbnailUrl\":\"https:\\\/\\\/lasentinelle.dz\\\/wp-content\\\/uploads\\\/2023\\\/07\\\/a1-6colons.jpeg\",\"articleSection\":[\"Monde\"],\"inLanguage\":\"fr-FR\",\"potentialAction\":[{\"@type\":\"CommentAction\",\"name\":\"Comment\",\"target\":[\"https:\\\/\\\/lasentinelle.dz\\\/index.php\\\/2026\\\/08\\\/31\\\/cisjordanie-occupee-la-violence-des-colons-sionistes-sintensifie\\\/#respond\"]}]},{\"@type\":\"WebPage\",\"@id\":\"https:\\\/\\\/lasentinelle.dz\\\/index.php\\\/2026\\\/08\\\/31\\\/cisjordanie-occupee-la-violence-des-colons-sionistes-sintensifie\\\/\",\"url\":\"https:\\\/\\\/lasentinelle.dz\\\/index.php\\\/2026\\\/08\\\/31\\\/cisjordanie-occupee-la-violence-des-colons-sionistes-sintensifie\\\/\",\"name\":\"Cisjordanie occup\u00e9e\u00a0: La violence des colons sionistes s&rsquo;intensifie - La Sentinelle\",\"isPartOf\":{\"@id\":\"https:\\\/\\\/lasentinelle.dz\\\/#website\"},\"primaryImageOfPage\":{\"@id\":\"https:\\\/\\\/lasentinelle.dz\\\/index.php\\\/2026\\\/08\\\/31\\\/cisjordanie-occupee-la-violence-des-colons-sionistes-sintensifie\\\/#primaryimage\"},\"image\":{\"@id\":\"https:\\\/\\\/lasentinelle.dz\\\/index.php\\\/2026\\\/08\\\/31\\\/cisjordanie-occupee-la-violence-des-colons-sionistes-sintensifie\\\/#primaryimage\"},\"thumbnailUrl\":\"https:\\\/\\\/lasentinelle.dz\\\/wp-content\\\/uploads\\\/2023\\\/07\\\/a1-6colons.jpeg\",\"datePublished\":\"2026-08-31T10:21:05+00:00\",\"dateModified\":\"2026-08-31T10:21:12+00:00\",\"breadcrumb\":{\"@id\":\"https:\\\/\\\/lasentinelle.dz\\\/index.php\\\/2026\\\/08\\\/31\\\/cisjordanie-occupee-la-violence-des-colons-sionistes-sintensifie\\\/#breadcrumb\"},\"inLanguage\":\"fr-FR\",\"potentialAction\":[{\"@type\":\"ReadAction\",\"target\":[\"https:\\\/\\\/lasentinelle.dz\\\/index.php\\\/2026\\\/08\\\/31\\\/cisjordanie-occupee-la-violence-des-colons-sionistes-sintensifie\\\/\"]}]},{\"@type\":\"ImageObject\",\"inLanguage\":\"fr-FR\",\"@id\":\"https:\\\/\\\/lasentinelle.dz\\\/index.php\\\/2026\\\/08\\\/31\\\/cisjordanie-occupee-la-violence-des-colons-sionistes-sintensifie\\\/#primaryimage\",\"url\":\"https:\\\/\\\/lasentinelle.dz\\\/wp-content\\\/uploads\\\/2023\\\/07\\\/a1-6colons.jpeg\",\"contentUrl\":\"https:\\\/\\\/lasentinelle.dz\\\/wp-content\\\/uploads\\\/2023\\\/07\\\/a1-6colons.jpeg\",\"width\":400,\"height\":273},{\"@type\":\"BreadcrumbList\",\"@id\":\"https:\\\/\\\/lasentinelle.dz\\\/index.php\\\/2026\\\/08\\\/31\\\/cisjordanie-occupee-la-violence-des-colons-sionistes-sintensifie\\\/#breadcrumb\",\"itemListElement\":[{\"@type\":\"ListItem\",\"position\":1,\"name\":\"Accueil\",\"item\":\"https:\\\/\\\/lasentinelle.dz\\\/\"},{\"@type\":\"ListItem\",\"position\":2,\"name\":\"Cisjordanie occup\u00e9e\u00a0: La violence des colons sionistes s&rsquo;intensifie\"}]},{\"@type\":\"WebSite\",\"@id\":\"https:\\\/\\\/lasentinelle.dz\\\/#website\",\"url\":\"https:\\\/\\\/lasentinelle.dz\\\/\",\"name\":\"La Sentinelle\",\"description\":\"Quotidien national d&#039;information\",\"publisher\":{\"@id\":\"https:\\\/\\\/lasentinelle.dz\\\/#organization\"},\"potentialAction\":[{\"@type\":\"SearchAction\",\"target\":{\"@type\":\"EntryPoint\",\"urlTemplate\":\"https:\\\/\\\/lasentinelle.dz\\\/?s={search_term_string}\"},\"query-input\":{\"@type\":\"PropertyValueSpecification\",\"valueRequired\":true,\"valueName\":\"search_term_string\"}}],\"inLanguage\":\"fr-FR\"},{\"@type\":\"Organization\",\"@id\":\"https:\\\/\\\/lasentinelle.dz\\\/#organization\",\"name\":\"Quotidien La Sentinelle\",\"url\":\"https:\\\/\\\/lasentinelle.dz\\\/\",\"logo\":{\"@type\":\"ImageObject\",\"inLanguage\":\"fr-FR\",\"@id\":\"https:\\\/\\\/lasentinelle.dz\\\/#\\\/schema\\\/logo\\\/image\\\/\",\"url\":\"https:\\\/\\\/lasentinelle.dz\\\/wp-content\\\/uploads\\\/2021\\\/09\\\/logo-sentinelleSLOGAN-1.png\",\"contentUrl\":\"https:\\\/\\\/lasentinelle.dz\\\/wp-content\\\/uploads\\\/2021\\\/09\\\/logo-sentinelleSLOGAN-1.png\",\"width\":615,\"height\":142,\"caption\":\"Quotidien La Sentinelle\"},\"image\":{\"@id\":\"https:\\\/\\\/lasentinelle.dz\\\/#\\\/schema\\\/logo\\\/image\\\/\"},\"sameAs\":[\"https:\\\/\\\/www.facebook.com\\\/La-Sentinelle-104059864394773\"]},{\"@type\":\"Person\",\"@id\":\"https:\\\/\\\/lasentinelle.dz\\\/#\\\/schema\\\/person\\\/729ee0024f24e0b8c5ec17232f8e8b41\",\"name\":\"admin\",\"image\":{\"@type\":\"ImageObject\",\"inLanguage\":\"fr-FR\",\"@id\":\"https:\\\/\\\/secure.gravatar.com\\\/avatar\\\/4c81fed838786e9b53f540bf46533e750f5d292099ae3b66cfc6fb1982e29df7?s=96&d=mm&r=g\",\"url\":\"https:\\\/\\\/secure.gravatar.com\\\/avatar\\\/4c81fed838786e9b53f540bf46533e750f5d292099ae3b66cfc6fb1982e29df7?s=96&d=mm&r=g\",\"contentUrl\":\"https:\\\/\\\/secure.gravatar.com\\\/avatar\\\/4c81fed838786e9b53f540bf46533e750f5d292099ae3b66cfc6fb1982e29df7?s=96&d=mm&r=g\",\"caption\":\"admin\"},\"description\":\"admin\",\"url\":\"https:\\\/\\\/lasentinelle.dz\\\/author\\\/admin\\\/\"}]}<\/script>\n<!-- \/ Yoast SEO plugin. -->","yoast_head_json":{"title":"Cisjordanie occup\u00e9e\u00a0: La violence des colons sionistes s&rsquo;intensifie - La Sentinelle","robots":{"index":"index","follow":"follow","max-snippet":"max-snippet:-1","max-image-preview":"max-image-preview:large","max-video-preview":"max-video-preview:-1"},"canonical":"https:\/\/lasentinelle.dz\/index.php\/2026\/08\/31\/cisjordanie-occupee-la-violence-des-colons-sionistes-sintensifie\/","og_locale":"fr_FR","og_type":"article","og_title":"Cisjordanie occup\u00e9e\u00a0: La violence des colons sionistes s&rsquo;intensifie - La Sentinelle","og_description":"Les gouvernorats de J\u00e9nine et de Naplouse en Cisjordanie occup\u00e9e font face depuis plusieurs semaines \u00e0 une escalade des attaques","og_url":"https:\/\/lasentinelle.dz\/index.php\/2026\/08\/31\/cisjordanie-occupee-la-violence-des-colons-sionistes-sintensifie\/","og_site_name":"La Sentinelle","article_publisher":"https:\/\/www.facebook.com\/La-Sentinelle-104059864394773","article_published_time":"2026-08-31T10:21:05+00:00","article_modified_time":"2026-08-31T10:21:12+00:00","og_image":[{"width":400,"height":273,"url":"https:\/\/lasentinelle.dz\/wp-content\/uploads\/2023\/07\/a1-6colons.jpeg","type":"image\/jpeg"}],"author":"admin","twitter_card":"summary_large_image","twitter_misc":{"\u00c9crit par":"admin","Dur\u00e9e de lecture estim\u00e9e":"4 minutes"},"schema":{"@context":"https:\/\/schema.org","@graph":[{"@type":"Article","@id":"https:\/\/lasentinelle.dz\/index.php\/2026\/08\/31\/cisjordanie-occupee-la-violence-des-colons-sionistes-sintensifie\/#article","isPartOf":{"@id":"https:\/\/lasentinelle.dz\/index.php\/2026\/08\/31\/cisjordanie-occupee-la-violence-des-colons-sionistes-sintensifie\/"},"author":{"name":"admin","@id":"https:\/\/lasentinelle.dz\/#\/schema\/person\/729ee0024f24e0b8c5ec17232f8e8b41"},"headline":"Cisjordanie occup\u00e9e\u00a0: La violence des colons sionistes s&rsquo;intensifie","datePublished":"2026-08-31T10:21:05+00:00","dateModified":"2026-08-31T10:21:12+00:00","mainEntityOfPage":{"@id":"https:\/\/lasentinelle.dz\/index.php\/2026\/08\/31\/cisjordanie-occupee-la-violence-des-colons-sionistes-sintensifie\/"},"wordCount":649,"commentCount":0,"publisher":{"@id":"https:\/\/lasentinelle.dz\/#organization"},"image":{"@id":"https:\/\/lasentinelle.dz\/index.php\/2026\/08\/31\/cisjordanie-occupee-la-violence-des-colons-sionistes-sintensifie\/#primaryimage"},"thumbnailUrl":"https:\/\/lasentinelle.dz\/wp-content\/uploads\/2023\/07\/a1-6colons.jpeg","articleSection":["Monde"],"inLanguage":"fr-FR","potentialAction":[{"@type":"CommentAction","name":"Comment","target":["https:\/\/lasentinelle.dz\/index.php\/2026\/08\/31\/cisjordanie-occupee-la-violence-des-colons-sionistes-sintensifie\/#respond"]}]},{"@type":"WebPage","@id":"https:\/\/lasentinelle.dz\/index.php\/2026\/08\/31\/cisjordanie-occupee-la-violence-des-colons-sionistes-sintensifie\/","url":"https:\/\/lasentinelle.dz\/index.php\/2026\/08\/31\/cisjordanie-occupee-la-violence-des-colons-sionistes-sintensifie\/","name":"Cisjordanie occup\u00e9e\u00a0: La violence des colons sionistes s&rsquo;intensifie - La Sentinelle","isPartOf":{"@id":"https:\/\/lasentinelle.dz\/#website"},"primaryImageOfPage":{"@id":"https:\/\/lasentinelle.dz\/index.php\/2026\/08\/31\/cisjordanie-occupee-la-violence-des-colons-sionistes-sintensifie\/#primaryimage"},"image":{"@id":"https:\/\/lasentinelle.dz\/index.php\/2026\/08\/31\/cisjordanie-occupee-la-violence-des-colons-sionistes-sintensifie\/#primaryimage"},"thumbnailUrl":"https:\/\/lasentinelle.dz\/wp-content\/uploads\/2023\/07\/a1-6colons.jpeg","datePublished":"2026-08-31T10:21:05+00:00","dateModified":"2026-08-31T10:21:12+00:00","breadcrumb":{"@id":"https:\/\/lasentinelle.dz\/index.php\/2026\/08\/31\/cisjordanie-occupee-la-violence-des-colons-sionistes-sintensifie\/#breadcrumb"},"inLanguage":"fr-FR","potentialAction":[{"@type":"ReadAction","target":["https:\/\/lasentinelle.dz\/index.php\/2026\/08\/31\/cisjordanie-occupee-la-violence-des-colons-sionistes-sintensifie\/"]}]},{"@type":"ImageObject","inLanguage":"fr-FR","@id":"https:\/\/lasentinelle.dz\/index.php\/2026\/08\/31\/cisjordanie-occupee-la-violence-des-colons-sionistes-sintensifie\/#primaryimage","url":"https:\/\/lasentinelle.dz\/wp-content\/uploads\/2023\/07\/a1-6colons.jpeg","contentUrl":"https:\/\/lasentinelle.dz\/wp-content\/uploads\/2023\/07\/a1-6colons.jpeg","width":400,"height":273},{"@type":"BreadcrumbList","@id":"https:\/\/lasentinelle.dz\/index.php\/2026\/08\/31\/cisjordanie-occupee-la-violence-des-colons-sionistes-sintensifie\/#breadcrumb","itemListElement":[{"@type":"ListItem","position":1,"name":"Accueil","item":"https:\/\/lasentinelle.dz\/"},{"@type":"ListItem","position":2,"name":"Cisjordanie occup\u00e9e\u00a0: La violence des colons sionistes s&rsquo;intensifie"}]},{"@type":"WebSite","@id":"https:\/\/lasentinelle.dz\/#website","url":"https:\/\/lasentinelle.dz\/","name":"La Sentinelle","description":"Quotidien national d&#039;information","publisher":{"@id":"https:\/\/lasentinelle.dz\/#organization"},"potentialAction":[{"@type":"SearchAction","target":{"@type":"EntryPoint","urlTemplate":"https:\/\/lasentinelle.dz\/?s={search_term_string}"},"query-input":{"@type":"PropertyValueSpecification","valueRequired":true,"valueName":"search_term_string"}}],"inLanguage":"fr-FR"},{"@type":"Organization","@id":"https:\/\/lasentinelle.dz\/#organization","name":"Quotidien La Sentinelle","url":"https:\/\/lasentinelle.dz\/","logo":{"@type":"ImageObject","inLanguage":"fr-FR","@id":"https:\/\/lasentinelle.dz\/#\/schema\/logo\/image\/","url":"https:\/\/lasentinelle.dz\/wp-content\/uploads\/2021\/09\/logo-sentinelleSLOGAN-1.png","contentUrl":"https:\/\/lasentinelle.dz\/wp-content\/uploads\/2021\/09\/logo-sentinelleSLOGAN-1.png","width":615,"height":142,"caption":"Quotidien La Sentinelle"},"image":{"@id":"https:\/\/lasentinelle.dz\/#\/schema\/logo\/image\/"},"sameAs":["https:\/\/www.facebook.com\/La-Sentinelle-104059864394773"]},{"@type":"Person","@id":"https:\/\/lasentinelle.dz\/#\/schema\/person\/729ee0024f24e0b8c5ec17232f8e8b41","name":"admin","image":{"@type":"ImageObject","inLanguage":"fr-FR","@id":"https:\/\/secure.gravatar.com\/avatar\/4c81fed838786e9b53f540bf46533e750f5d292099ae3b66cfc6fb1982e29df7?s=96&d=mm&r=g","url":"https:\/\/secure.gravatar.com\/avatar\/4c81fed838786e9b53f540bf46533e750f5d292099ae3b66cfc6fb1982e29df7?s=96&d=mm&r=g","contentUrl":"https:\/\/secure.gravatar.com\/avatar\/4c81fed838786e9b53f540bf46533e750f5d292099ae3b66cfc6fb1982e29df7?s=96&d=mm&r=g","caption":"admin"},"description":"admin","url":"https:\/\/lasentinelle.dz\/author\/admin\/"}]}},"_links":{"self":[{"href":"https:\/\/lasentinelle.dz\/index.php\/wp-json\/wp\/v2\/posts\/94615","targetHints":{"allow":["GET"]}}],"collection":[{"href":"https:\/\/lasentinelle.dz\/index.php\/wp-json\/wp\/v2\/posts"}],"about":[{"href":"https:\/\/lasentinelle.dz\/index.php\/wp-json\/wp\/v2\/types\/post"}],"author":[{"embeddable":true,"href":"https:\/\/lasentinelle.dz\/index.php\/wp-json\/wp\/v2\/users\/6"}],"replies":[{"embeddable":true,"href":"https:\/\/lasentinelle.dz\/index.php\/wp-json\/wp\/v2\/comments?post=94615"}],"version-history":[{"count":2,"href":"https:\/\/lasentinelle.dz\/index.php\/wp-json\/wp\/v2\/posts\/94615\/revisions"}],"predecessor-version":[{"id":94617,"href":"https:\/\/lasentinelle.dz\/index.php\/wp-json\/wp\/v2\/posts\/94615\/revisions\/94617"}],"wp:featuredmedia":[{"embeddable":true,"href":"https:\/\/lasentinelle.dz\/index.php\/wp-json\/wp\/v2\/media\/44108"}],"wp:attachment":[{"href":"https:\/\/lasentinelle.dz\/index.php\/wp-json\/wp\/v2\/media?parent=94615"}],"wp:term":[{"taxonomy":"category","embeddable":true,"href":"https:\/\/lasentinelle.dz\/index.php\/wp-json\/wp\/v2\/categories?post=94615"},{"taxonomy":"post_tag","embeddable":true,"href":"https:\/\/lasentinelle.dz\/index.php\/wp-json\/wp\/v2\/tags?post=94615"}],"curies":[{"name":"wp","href":"https:\/\/api.w.org\/{rel}","templated":true}]}}