{"id":94623,"date":"2026-08-31T11:29:08","date_gmt":"2026-08-31T10:29:08","guid":{"rendered":"https:\/\/lasentinelle.dz\/?p=94623"},"modified":"2026-08-31T11:29:11","modified_gmt":"2026-08-31T10:29:11","slug":"apc-doued-el-aneb-des-entraves-poussent-une-elue-a-la-demission","status":"publish","type":"post","link":"https:\/\/lasentinelle.dz\/index.php\/2026\/08\/31\/apc-doued-el-aneb-des-entraves-poussent-une-elue-a-la-demission\/","title":{"rendered":"APC d&rsquo;Oued El Aneb\u00a0: Des \u00ab entraves \u00bb poussent une \u00e9lue \u00e0 la d\u00e9mission"},"content":{"rendered":"\n<p class=\"wp-block-paragraph\">La pr\u00e9sidente de la commission des affaires sociales, culturelles, sportives et de la jeunesse de l&rsquo;APC d&rsquo;Oued El Aneb a d\u00e9cid\u00e9 de jeter l&rsquo;\u00e9ponge. Dans une d\u00e9claration motivant sa d\u00e9mission, l&rsquo;\u00e9lue \u00e9voque un mandat marqu\u00e9 par \u00ab de nombreuses difficult\u00e9s et entraves \u00bb, tout en affirmant quitter l&rsquo;assembl\u00e9e avec la conscience tranquille.<\/p>\n\n\n\n<p class=\"wp-block-paragraph\">Apr\u00e8s plusieurs ann\u00e9es d&rsquo;exercice au sein de l&rsquo;Assembl\u00e9e populaire communale d&rsquo;Oued El Aneb, dans la da\u00efra de Berrahal, la pr\u00e9sidente de la commission des affaires sociales, culturelles, sportives et de la jeunesse a choisi de mettre un terme \u00e0 son mandat. Une d\u00e9cision qu&rsquo;elle pr\u00e9sente comme m\u00fbrement r\u00e9fl\u00e9chie et motiv\u00e9e par les conditions dans lesquelles elle dit avoir exerc\u00e9 ses fonctions. Dans sa d\u00e9claration, l&rsquo;\u00e9lue affirme avoir assum\u00e9 sa mission avec \u00ab d\u00e9vouement et sens du devoir \u00bb, en faisant de la prise en charge des pr\u00e9occupations citoyennes l&rsquo;une de ses principales priorit\u00e9s. Elle cite particuli\u00e8rement les cat\u00e9gories vuln\u00e9rables et les personnes en situation de besoin, relevant du champ d&rsquo;intervention de la commission qu&rsquo;elle pr\u00e9sidait.<\/p>\n\n\n\n<p class=\"wp-block-paragraph\">Mais derri\u00e8re cette d\u00e9mission se dessine surtout un malaise que l&rsquo;\u00e9lue attribue aux difficult\u00e9s rencontr\u00e9es au cours de son mandat. Elle \u00e9voque un contexte \u00ab marqu\u00e9 par de nombreuses difficult\u00e9s et entraves \u00bb, estimant que celles-ci l&rsquo;auraient emp\u00each\u00e9e d&rsquo;accomplir pleinement les missions qui lui \u00e9taient confi\u00e9es. Sans d\u00e9tailler la nature de ces entraves, l&rsquo;\u00e9lue d\u00e9missionnaire assure n\u00e9anmoins avoir continu\u00e9 \u00e0 porter les pr\u00e9occupations des administr\u00e9s aupr\u00e8s des instances comp\u00e9tentes et \u00e0 rechercher des solutions, dans les limites de ses pr\u00e9rogatives et des moyens dont elle disposait. Elle dit ainsi vouloir quitter l&rsquo;assembl\u00e9e sans renier l&rsquo;engagement pris envers les citoyens.<\/p>\n\n\n\n<p class=\"wp-block-paragraph\">Cette d\u00e9mission intervient dans un contexte o\u00f9 les assembl\u00e9es locales sont r\u00e9guli\u00e8rement confront\u00e9es \u00e0 la difficult\u00e9 de concilier les attentes croissantes des populations avec des moyens et des pr\u00e9rogatives parfois limit\u00e9s. Dans les communes, les \u00e9lus sont souvent en premi\u00e8re ligne face aux demandes li\u00e9es \u00e0 l&rsquo;action sociale, \u00e0 l&#8217;emploi, aux \u00e9quipements de proximit\u00e9 ou encore \u00e0 l&rsquo;am\u00e9lioration du cadre de vie, alors m\u00eame que nombre de d\u00e9cisions d\u00e9passent leurs comp\u00e9tences directes.<\/p>\n\n\n\n<p class=\"wp-block-paragraph\">Le d\u00e9part de cette \u00e9lue pose ainsi, au-del\u00e0 du cas particulier d&rsquo;Oued El Aneb, la question des conditions d&rsquo;exercice du mandat local et de la capacit\u00e9 des commissions communales \u00e0 faire remonter efficacement les pr\u00e9occupations de la population. Cela rappelle \u00e9galement l&rsquo;importance du dialogue et de la coordination au sein des assembl\u00e9es pour \u00e9viter que les divergences ou les blocages ne finissent par affecter le fonctionnement de l&rsquo;action locale.<\/p>\n\n\n\n<p class=\"wp-block-paragraph\">Pour l&rsquo;heure, aucune pr\u00e9cision suppl\u00e9mentaire n&rsquo;a \u00e9t\u00e9 apport\u00e9e publiquement sur la nature des difficult\u00e9s \u00e9voqu\u00e9es dans sa d\u00e9claration. Il appartiendra donc aux instances concern\u00e9es de donner, le cas \u00e9ch\u00e9ant, leur clarification sur les circonstances ayant entour\u00e9 cette d\u00e9mission. En quittant l&rsquo;APC, l&rsquo;\u00e9lue affirme ne pas tourner le dos aux pr\u00e9occupations des citoyens qu&rsquo;elle dit avoir d\u00e9fendues durant son mandat. Son d\u00e9part laisse surtout une question en suspens : derri\u00e8re les \u00ab entraves \u00bb d\u00e9nonc\u00e9es, quels sont les v\u00e9ritables obstacles qui peuvent encore freiner l&rsquo;action des \u00e9lus au sein des assembl\u00e9es locales ?<\/p>\n\n\n\n<p class=\"wp-block-paragraph\">Sofia C.<\/p>\n","protected":false},"excerpt":{"rendered":"<p>La pr\u00e9sidente de la commission des affaires sociales, culturelles, sportives et de la jeunesse de l&rsquo;APC d&rsquo;Oued El Aneb a<\/p>\n","protected":false},"author":6,"featured_media":35560,"comment_status":"open","ping_status":"closed","sticky":false,"template":"","format":"standard","meta":{"colormag_page_container_layout":"default_layout","colormag_page_sidebar_layout":"default_layout","om_disable_all_campaigns":false,"_monsterinsights_skip_tracking":false,"footnotes":"","_wpscppro_dont_share_socialmedia":false,"_wpscppro_custom_social_share_image":0,"_facebook_share_type":"default","_twitter_share_type":"default","_linkedin_share_type":"default","_pinterest_share_type":"default","_linkedin_share_type_page":"","_instagram_share_type":"default","_medium_share_type":"default","_threads_share_type":"default","_google_business_share_type":"default","_bluesky_share_type":"default","_mastodon_share_type":"default","_selected_social_profile":[],"_wpsp_enable_custom_social_template":false,"_wpsp_social_scheduling":{"enabled":false,"datetime":null,"platforms":[],"status":"template_only","dateOption":"today","timeOption":"now","customDays":"","customHours":"","customDate":"","customTime":"","schedulingType":"absolute"},"_wpsp_active_default_template":true},"categories":[31],"tags":[],"class_list":["post-94623","post","type-post","status-publish","format-standard","has-post-thumbnail","hentry","category-regions"],"aioseo_notices":[],"aioseo_head":"\n\t\t<!-- All in One SEO 5.0.0.1 - aioseo.com -->\n\t<meta name=\"description\" content=\"La pr\u00e9sidente de la commission des affaires sociales, culturelles, sportives et de la jeunesse de l&#039;APC d&#039;Oued El Aneb a d\u00e9cid\u00e9 de jeter l&#039;\u00e9ponge. Dans une d\u00e9claration motivant sa d\u00e9mission, l&#039;\u00e9lue \u00e9voque un mandat marqu\u00e9 par \u00ab de nombreuses difficult\u00e9s et entraves \u00bb, tout en affirmant quitter l&#039;assembl\u00e9e avec la conscience tranquille. Apr\u00e8s plusieurs ann\u00e9es\" \/>\n\t<meta name=\"robots\" content=\"max-image-preview:large\" \/>\n\t<meta name=\"author\" content=\"admin\"\/>\n\t<link rel=\"canonical\" href=\"https:\/\/lasentinelle.dz\/index.php\/2026\/08\/31\/apc-doued-el-aneb-des-entraves-poussent-une-elue-a-la-demission\/\" \/>\n\t<meta name=\"generator\" content=\"All in One SEO (AIOSEO) 5.0.0.1\" \/>\n\t\t<meta property=\"og:locale\" content=\"fr_FR\" \/>\n\t\t<meta property=\"og:site_name\" content=\"La Sentinelle - Quotidien national d&#039;information\" \/>\n\t\t<meta property=\"og:type\" content=\"article\" \/>\n\t\t<meta property=\"og:title\" content=\"APC d\u2019Oued El Aneb : Des \u00ab entraves \u00bb poussent une \u00e9lue \u00e0 la d\u00e9mission - La Sentinelle\" \/>\n\t\t<meta property=\"og:description\" content=\"La pr\u00e9sidente de la commission des affaires sociales, culturelles, sportives et de la jeunesse de l&#039;APC d&#039;Oued El Aneb a d\u00e9cid\u00e9 de jeter l&#039;\u00e9ponge. Dans une d\u00e9claration motivant sa d\u00e9mission, l&#039;\u00e9lue \u00e9voque un mandat marqu\u00e9 par \u00ab de nombreuses difficult\u00e9s et entraves \u00bb, tout en affirmant quitter l&#039;assembl\u00e9e avec la conscience tranquille. Apr\u00e8s plusieurs ann\u00e9es\" \/>\n\t\t<meta property=\"og:url\" content=\"https:\/\/lasentinelle.dz\/index.php\/2026\/08\/31\/apc-doued-el-aneb-des-entraves-poussent-une-elue-a-la-demission\/\" \/>\n\t\t<meta property=\"og:image\" content=\"https:\/\/lasentinelle.dz\/wp-content\/uploads\/2021\/09\/cropped-la-sentinelle-earth-golden-anima-5.gif\" \/>\n\t\t<meta property=\"og:image:secure_url\" content=\"https:\/\/lasentinelle.dz\/wp-content\/uploads\/2021\/09\/cropped-la-sentinelle-earth-golden-anima-5.gif\" \/>\n\t\t<meta property=\"og:image:width\" content=\"450\" \/>\n\t\t<meta property=\"og:image:height\" content=\"213\" \/>\n\t\t<meta property=\"article:published_time\" content=\"2026-08-31T10:29:08+00:00\" \/>\n\t\t<meta property=\"article:modified_time\" content=\"2026-08-31T10:29:11+00:00\" \/>\n\t\t<meta property=\"article:publisher\" content=\"https:\/\/www.facebook.com\/azzedine.lasentinelle.1\" \/>\n\t\t<meta name=\"twitter:card\" content=\"summary_large_image\" \/>\n\t\t<meta name=\"twitter:title\" content=\"APC d\u2019Oued El Aneb : Des \u00ab entraves \u00bb poussent une \u00e9lue \u00e0 la d\u00e9mission - La Sentinelle\" \/>\n\t\t<meta name=\"twitter:description\" content=\"La pr\u00e9sidente de la commission des affaires sociales, culturelles, sportives et de la jeunesse de l&#039;APC d&#039;Oued El Aneb a d\u00e9cid\u00e9 de jeter l&#039;\u00e9ponge. Dans une d\u00e9claration motivant sa d\u00e9mission, l&#039;\u00e9lue \u00e9voque un mandat marqu\u00e9 par \u00ab de nombreuses difficult\u00e9s et entraves \u00bb, tout en affirmant quitter l&#039;assembl\u00e9e avec la conscience tranquille. Apr\u00e8s plusieurs ann\u00e9es\" \/>\n\t\t<meta name=\"twitter:image\" content=\"https:\/\/lasentinelle.dz\/wp-content\/uploads\/2021\/09\/cropped-la-sentinelle-earth-golden-anima-5.gif\" \/>\n\t\t<script type=\"application\/ld+json\" class=\"aioseo-schema\">\n\t\t\t{\"@context\":\"https:\\\/\\\/schema.org\",\"@graph\":[{\"@type\":\"BlogPosting\",\"@id\":\"https:\\\/\\\/lasentinelle.dz\\\/index.php\\\/2026\\\/08\\\/31\\\/apc-doued-el-aneb-des-entraves-poussent-une-elue-a-la-demission\\\/#blogposting\",\"name\":\"APC d\\u2019Oued El Aneb : Des \\u00ab entraves \\u00bb poussent une \\u00e9lue \\u00e0 la d\\u00e9mission - La Sentinelle\",\"headline\":\"APC d&rsquo;Oued El Aneb\\u00a0: Des \\u00ab entraves \\u00bb poussent une \\u00e9lue \\u00e0 la d\\u00e9mission\",\"author\":{\"@id\":\"https:\\\/\\\/lasentinelle.dz\\\/author\\\/admin\\\/#author\"},\"publisher\":{\"@id\":\"https:\\\/\\\/lasentinelle.dz\\\/#organization\"},\"image\":{\"@type\":\"ImageObject\",\"url\":\"https:\\\/\\\/lasentinelle.dz\\\/wp-content\\\/uploads\\\/2023\\\/02\\\/APC.png\",\"width\":1364,\"height\":900},\"datePublished\":\"2026-08-31T11:29:08+01:00\",\"dateModified\":\"2026-08-31T11:29:11+01:00\",\"inLanguage\":\"fr-FR\",\"mainEntityOfPage\":{\"@id\":\"https:\\\/\\\/lasentinelle.dz\\\/index.php\\\/2026\\\/08\\\/31\\\/apc-doued-el-aneb-des-entraves-poussent-une-elue-a-la-demission\\\/#webpage\"},\"isPartOf\":{\"@id\":\"https:\\\/\\\/lasentinelle.dz\\\/index.php\\\/2026\\\/08\\\/31\\\/apc-doued-el-aneb-des-entraves-poussent-une-elue-a-la-demission\\\/#webpage\"},\"articleSection\":\"R\\u00e9gions\"},{\"@type\":\"BreadcrumbList\",\"@id\":\"https:\\\/\\\/lasentinelle.dz\\\/index.php\\\/2026\\\/08\\\/31\\\/apc-doued-el-aneb-des-entraves-poussent-une-elue-a-la-demission\\\/#breadcrumblist\",\"itemListElement\":[{\"@type\":\"ListItem\",\"@id\":\"https:\\\/\\\/lasentinelle.dz#listItem\",\"position\":1,\"name\":\"Home\",\"item\":\"https:\\\/\\\/lasentinelle.dz\",\"nextItem\":{\"@type\":\"ListItem\",\"@id\":\"https:\\\/\\\/lasentinelle.dz\\\/index.php\\\/category\\\/regions\\\/#listItem\",\"name\":\"R\\u00e9gions\"}},{\"@type\":\"ListItem\",\"@id\":\"https:\\\/\\\/lasentinelle.dz\\\/index.php\\\/category\\\/regions\\\/#listItem\",\"position\":2,\"name\":\"R\\u00e9gions\",\"item\":\"https:\\\/\\\/lasentinelle.dz\\\/index.php\\\/category\\\/regions\\\/\",\"nextItem\":{\"@type\":\"ListItem\",\"@id\":\"https:\\\/\\\/lasentinelle.dz\\\/index.php\\\/2026\\\/08\\\/31\\\/apc-doued-el-aneb-des-entraves-poussent-une-elue-a-la-demission\\\/#listItem\",\"name\":\"APC d&rsquo;Oued El Aneb\\u00a0: Des \\u00ab entraves \\u00bb poussent une \\u00e9lue \\u00e0 la d\\u00e9mission\"},\"previousItem\":{\"@type\":\"ListItem\",\"@id\":\"https:\\\/\\\/lasentinelle.dz#listItem\",\"name\":\"Home\"}},{\"@type\":\"ListItem\",\"@id\":\"https:\\\/\\\/lasentinelle.dz\\\/index.php\\\/2026\\\/08\\\/31\\\/apc-doued-el-aneb-des-entraves-poussent-une-elue-a-la-demission\\\/#listItem\",\"position\":3,\"name\":\"APC d&rsquo;Oued El Aneb\\u00a0: Des \\u00ab entraves \\u00bb poussent une \\u00e9lue \\u00e0 la d\\u00e9mission\",\"previousItem\":{\"@type\":\"ListItem\",\"@id\":\"https:\\\/\\\/lasentinelle.dz\\\/index.php\\\/category\\\/regions\\\/#listItem\",\"name\":\"R\\u00e9gions\"}}]},{\"@type\":\"Organization\",\"@id\":\"https:\\\/\\\/lasentinelle.dz\\\/#organization\",\"name\":\"La Sentinelle La Sentinelle\",\"description\":\"Quotidien national d'information\",\"url\":\"https:\\\/\\\/lasentinelle.dz\\\/\",\"logo\":{\"@type\":\"ImageObject\",\"url\":\"https:\\\/\\\/lasentinelle.dz\\\/wp-content\\\/uploads\\\/2021\\\/09\\\/cropped-la-sentinelle-earth-golden-anima-5.gif\",\"@id\":\"https:\\\/\\\/lasentinelle.dz\\\/index.php\\\/2026\\\/08\\\/31\\\/apc-doued-el-aneb-des-entraves-poussent-une-elue-a-la-demission\\\/#organizationLogo\",\"width\":450,\"height\":213},\"image\":{\"@id\":\"https:\\\/\\\/lasentinelle.dz\\\/index.php\\\/2026\\\/08\\\/31\\\/apc-doued-el-aneb-des-entraves-poussent-une-elue-a-la-demission\\\/#organizationLogo\"},\"sameAs\":[\"https:\\\/\\\/www.facebook.com\\\/azzedine.lasentinelle.1\"]},{\"@type\":\"Person\",\"@id\":\"https:\\\/\\\/lasentinelle.dz\\\/author\\\/admin\\\/#author\",\"url\":\"https:\\\/\\\/lasentinelle.dz\\\/author\\\/admin\\\/\",\"name\":\"admin\",\"image\":{\"@type\":\"ImageObject\",\"@id\":\"https:\\\/\\\/lasentinelle.dz\\\/index.php\\\/2026\\\/08\\\/31\\\/apc-doued-el-aneb-des-entraves-poussent-une-elue-a-la-demission\\\/#authorImage\",\"url\":\"https:\\\/\\\/secure.gravatar.com\\\/avatar\\\/4c81fed838786e9b53f540bf46533e750f5d292099ae3b66cfc6fb1982e29df7?s=96&d=mm&r=g\",\"width\":96,\"height\":96,\"caption\":\"admin\"}},{\"@type\":\"WebPage\",\"@id\":\"https:\\\/\\\/lasentinelle.dz\\\/index.php\\\/2026\\\/08\\\/31\\\/apc-doued-el-aneb-des-entraves-poussent-une-elue-a-la-demission\\\/#webpage\",\"url\":\"https:\\\/\\\/lasentinelle.dz\\\/index.php\\\/2026\\\/08\\\/31\\\/apc-doued-el-aneb-des-entraves-poussent-une-elue-a-la-demission\\\/\",\"name\":\"APC d\\u2019Oued El Aneb : Des \\u00ab entraves \\u00bb poussent une \\u00e9lue \\u00e0 la d\\u00e9mission - La Sentinelle\",\"description\":\"La pr\\u00e9sidente de la commission des affaires sociales, culturelles, sportives et de la jeunesse de l'APC d'Oued El Aneb a d\\u00e9cid\\u00e9 de jeter l'\\u00e9ponge. Dans une d\\u00e9claration motivant sa d\\u00e9mission, l'\\u00e9lue \\u00e9voque un mandat marqu\\u00e9 par \\u00ab de nombreuses difficult\\u00e9s et entraves \\u00bb, tout en affirmant quitter l'assembl\\u00e9e avec la conscience tranquille. Apr\\u00e8s plusieurs ann\\u00e9es\",\"inLanguage\":\"fr-FR\",\"isPartOf\":{\"@id\":\"https:\\\/\\\/lasentinelle.dz\\\/#website\"},\"breadcrumb\":{\"@id\":\"https:\\\/\\\/lasentinelle.dz\\\/index.php\\\/2026\\\/08\\\/31\\\/apc-doued-el-aneb-des-entraves-poussent-une-elue-a-la-demission\\\/#breadcrumblist\"},\"author\":{\"@id\":\"https:\\\/\\\/lasentinelle.dz\\\/author\\\/admin\\\/#author\"},\"creator\":{\"@id\":\"https:\\\/\\\/lasentinelle.dz\\\/author\\\/admin\\\/#author\"},\"image\":{\"@type\":\"ImageObject\",\"url\":\"https:\\\/\\\/lasentinelle.dz\\\/wp-content\\\/uploads\\\/2023\\\/02\\\/APC.png\",\"@id\":\"https:\\\/\\\/lasentinelle.dz\\\/index.php\\\/2026\\\/08\\\/31\\\/apc-doued-el-aneb-des-entraves-poussent-une-elue-a-la-demission\\\/#mainImage\",\"width\":1364,\"height\":900},\"primaryImageOfPage\":{\"@id\":\"https:\\\/\\\/lasentinelle.dz\\\/index.php\\\/2026\\\/08\\\/31\\\/apc-doued-el-aneb-des-entraves-poussent-une-elue-a-la-demission\\\/#mainImage\"},\"datePublished\":\"2026-08-31T11:29:08+01:00\",\"dateModified\":\"2026-08-31T11:29:11+01:00\"},{\"@type\":\"WebSite\",\"@id\":\"https:\\\/\\\/lasentinelle.dz\\\/#website\",\"url\":\"https:\\\/\\\/lasentinelle.dz\\\/\",\"name\":\"La Sentinelle\",\"description\":\"Quotidien national d'information\",\"inLanguage\":\"fr-FR\",\"publisher\":{\"@id\":\"https:\\\/\\\/lasentinelle.dz\\\/#organization\"}}]}\n\t\t<\/script>\n\t\t<!-- All in One SEO -->\n\n","aioseo_head_json":{"title":"APC d\u2019Oued El Aneb : Des \u00ab entraves \u00bb poussent une \u00e9lue \u00e0 la d\u00e9mission - La Sentinelle","description":"La pr\u00e9sidente de la commission des affaires sociales, culturelles, sportives et de la jeunesse de l'APC d'Oued El Aneb a d\u00e9cid\u00e9 de jeter l'\u00e9ponge. Dans une d\u00e9claration motivant sa d\u00e9mission, l'\u00e9lue \u00e9voque un mandat marqu\u00e9 par \u00ab de nombreuses difficult\u00e9s et entraves \u00bb, tout en affirmant quitter l'assembl\u00e9e avec la conscience tranquille. Apr\u00e8s plusieurs ann\u00e9es","canonical_url":"https:\/\/lasentinelle.dz\/index.php\/2026\/08\/31\/apc-doued-el-aneb-des-entraves-poussent-une-elue-a-la-demission\/","robots":"max-image-preview:large","keywords":"","webmasterTools":{"miscellaneous":""},"schema":{"@context":"https:\/\/schema.org","@graph":[{"@type":"BlogPosting","@id":"https:\/\/lasentinelle.dz\/index.php\/2026\/08\/31\/apc-doued-el-aneb-des-entraves-poussent-une-elue-a-la-demission\/#blogposting","name":"APC d\u2019Oued El Aneb : Des \u00ab entraves \u00bb poussent une \u00e9lue \u00e0 la d\u00e9mission - La Sentinelle","headline":"APC d&rsquo;Oued El Aneb\u00a0: Des \u00ab entraves \u00bb poussent une \u00e9lue \u00e0 la d\u00e9mission","author":{"@id":"https:\/\/lasentinelle.dz\/author\/admin\/#author"},"publisher":{"@id":"https:\/\/lasentinelle.dz\/#organization"},"image":{"@type":"ImageObject","url":"https:\/\/lasentinelle.dz\/wp-content\/uploads\/2023\/02\/APC.png","width":1364,"height":900},"datePublished":"2026-08-31T11:29:08+01:00","dateModified":"2026-08-31T11:29:11+01:00","inLanguage":"fr-FR","mainEntityOfPage":{"@id":"https:\/\/lasentinelle.dz\/index.php\/2026\/08\/31\/apc-doued-el-aneb-des-entraves-poussent-une-elue-a-la-demission\/#webpage"},"isPartOf":{"@id":"https:\/\/lasentinelle.dz\/index.php\/2026\/08\/31\/apc-doued-el-aneb-des-entraves-poussent-une-elue-a-la-demission\/#webpage"},"articleSection":"R\u00e9gions"},{"@type":"BreadcrumbList","@id":"https:\/\/lasentinelle.dz\/index.php\/2026\/08\/31\/apc-doued-el-aneb-des-entraves-poussent-une-elue-a-la-demission\/#breadcrumblist","itemListElement":[{"@type":"ListItem","@id":"https:\/\/lasentinelle.dz#listItem","position":1,"name":"Home","item":"https:\/\/lasentinelle.dz","nextItem":{"@type":"ListItem","@id":"https:\/\/lasentinelle.dz\/index.php\/category\/regions\/#listItem","name":"R\u00e9gions"}},{"@type":"ListItem","@id":"https:\/\/lasentinelle.dz\/index.php\/category\/regions\/#listItem","position":2,"name":"R\u00e9gions","item":"https:\/\/lasentinelle.dz\/index.php\/category\/regions\/","nextItem":{"@type":"ListItem","@id":"https:\/\/lasentinelle.dz\/index.php\/2026\/08\/31\/apc-doued-el-aneb-des-entraves-poussent-une-elue-a-la-demission\/#listItem","name":"APC d&rsquo;Oued El Aneb\u00a0: Des \u00ab entraves \u00bb poussent une \u00e9lue \u00e0 la d\u00e9mission"},"previousItem":{"@type":"ListItem","@id":"https:\/\/lasentinelle.dz#listItem","name":"Home"}},{"@type":"ListItem","@id":"https:\/\/lasentinelle.dz\/index.php\/2026\/08\/31\/apc-doued-el-aneb-des-entraves-poussent-une-elue-a-la-demission\/#listItem","position":3,"name":"APC d&rsquo;Oued El Aneb\u00a0: Des \u00ab entraves \u00bb poussent une \u00e9lue \u00e0 la d\u00e9mission","previousItem":{"@type":"ListItem","@id":"https:\/\/lasentinelle.dz\/index.php\/category\/regions\/#listItem","name":"R\u00e9gions"}}]},{"@type":"Organization","@id":"https:\/\/lasentinelle.dz\/#organization","name":"La Sentinelle La Sentinelle","description":"Quotidien national d'information","url":"https:\/\/lasentinelle.dz\/","logo":{"@type":"ImageObject","url":"https:\/\/lasentinelle.dz\/wp-content\/uploads\/2021\/09\/cropped-la-sentinelle-earth-golden-anima-5.gif","@id":"https:\/\/lasentinelle.dz\/index.php\/2026\/08\/31\/apc-doued-el-aneb-des-entraves-poussent-une-elue-a-la-demission\/#organizationLogo","width":450,"height":213},"image":{"@id":"https:\/\/lasentinelle.dz\/index.php\/2026\/08\/31\/apc-doued-el-aneb-des-entraves-poussent-une-elue-a-la-demission\/#organizationLogo"},"sameAs":["https:\/\/www.facebook.com\/azzedine.lasentinelle.1"]},{"@type":"Person","@id":"https:\/\/lasentinelle.dz\/author\/admin\/#author","url":"https:\/\/lasentinelle.dz\/author\/admin\/","name":"admin","image":{"@type":"ImageObject","@id":"https:\/\/lasentinelle.dz\/index.php\/2026\/08\/31\/apc-doued-el-aneb-des-entraves-poussent-une-elue-a-la-demission\/#authorImage","url":"https:\/\/secure.gravatar.com\/avatar\/4c81fed838786e9b53f540bf46533e750f5d292099ae3b66cfc6fb1982e29df7?s=96&d=mm&r=g","width":96,"height":96,"caption":"admin"}},{"@type":"WebPage","@id":"https:\/\/lasentinelle.dz\/index.php\/2026\/08\/31\/apc-doued-el-aneb-des-entraves-poussent-une-elue-a-la-demission\/#webpage","url":"https:\/\/lasentinelle.dz\/index.php\/2026\/08\/31\/apc-doued-el-aneb-des-entraves-poussent-une-elue-a-la-demission\/","name":"APC d\u2019Oued El Aneb : Des \u00ab entraves \u00bb poussent une \u00e9lue \u00e0 la d\u00e9mission - La Sentinelle","description":"La pr\u00e9sidente de la commission des affaires sociales, culturelles, sportives et de la jeunesse de l'APC d'Oued El Aneb a d\u00e9cid\u00e9 de jeter l'\u00e9ponge. Dans une d\u00e9claration motivant sa d\u00e9mission, l'\u00e9lue \u00e9voque un mandat marqu\u00e9 par \u00ab de nombreuses difficult\u00e9s et entraves \u00bb, tout en affirmant quitter l'assembl\u00e9e avec la conscience tranquille. Apr\u00e8s plusieurs ann\u00e9es","inLanguage":"fr-FR","isPartOf":{"@id":"https:\/\/lasentinelle.dz\/#website"},"breadcrumb":{"@id":"https:\/\/lasentinelle.dz\/index.php\/2026\/08\/31\/apc-doued-el-aneb-des-entraves-poussent-une-elue-a-la-demission\/#breadcrumblist"},"author":{"@id":"https:\/\/lasentinelle.dz\/author\/admin\/#author"},"creator":{"@id":"https:\/\/lasentinelle.dz\/author\/admin\/#author"},"image":{"@type":"ImageObject","url":"https:\/\/lasentinelle.dz\/wp-content\/uploads\/2023\/02\/APC.png","@id":"https:\/\/lasentinelle.dz\/index.php\/2026\/08\/31\/apc-doued-el-aneb-des-entraves-poussent-une-elue-a-la-demission\/#mainImage","width":1364,"height":900},"primaryImageOfPage":{"@id":"https:\/\/lasentinelle.dz\/index.php\/2026\/08\/31\/apc-doued-el-aneb-des-entraves-poussent-une-elue-a-la-demission\/#mainImage"},"datePublished":"2026-08-31T11:29:08+01:00","dateModified":"2026-08-31T11:29:11+01:00"},{"@type":"WebSite","@id":"https:\/\/lasentinelle.dz\/#website","url":"https:\/\/lasentinelle.dz\/","name":"La Sentinelle","description":"Quotidien national d'information","inLanguage":"fr-FR","publisher":{"@id":"https:\/\/lasentinelle.dz\/#organization"}}]},"og:locale":"fr_FR","og:site_name":"La Sentinelle - Quotidien national d'information","og:type":"article","og:title":"APC d\u2019Oued El Aneb : Des \u00ab entraves \u00bb poussent une \u00e9lue \u00e0 la d\u00e9mission - La Sentinelle","og:description":"La pr\u00e9sidente de la commission des affaires sociales, culturelles, sportives et de la jeunesse de l'APC d'Oued El Aneb a d\u00e9cid\u00e9 de jeter l'\u00e9ponge. Dans une d\u00e9claration motivant sa d\u00e9mission, l'\u00e9lue \u00e9voque un mandat marqu\u00e9 par \u00ab de nombreuses difficult\u00e9s et entraves \u00bb, tout en affirmant quitter l'assembl\u00e9e avec la conscience tranquille. Apr\u00e8s plusieurs ann\u00e9es","og:url":"https:\/\/lasentinelle.dz\/index.php\/2026\/08\/31\/apc-doued-el-aneb-des-entraves-poussent-une-elue-a-la-demission\/","og:image":"https:\/\/lasentinelle.dz\/wp-content\/uploads\/2021\/09\/cropped-la-sentinelle-earth-golden-anima-5.gif","og:image:secure_url":"https:\/\/lasentinelle.dz\/wp-content\/uploads\/2021\/09\/cropped-la-sentinelle-earth-golden-anima-5.gif","og:image:width":450,"og:image:height":213,"article:published_time":"2026-08-31T10:29:08+00:00","article:modified_time":"2026-08-31T10:29:11+00:00","article:publisher":"https:\/\/www.facebook.com\/azzedine.lasentinelle.1","twitter:card":"summary_large_image","twitter:title":"APC d\u2019Oued El Aneb : Des \u00ab entraves \u00bb poussent une \u00e9lue \u00e0 la d\u00e9mission - La Sentinelle","twitter:description":"La pr\u00e9sidente de la commission des affaires sociales, culturelles, sportives et de la jeunesse de l'APC d'Oued El Aneb a d\u00e9cid\u00e9 de jeter l'\u00e9ponge. Dans une d\u00e9claration motivant sa d\u00e9mission, l'\u00e9lue \u00e9voque un mandat marqu\u00e9 par \u00ab de nombreuses difficult\u00e9s et entraves \u00bb, tout en affirmant quitter l'assembl\u00e9e avec la conscience tranquille. Apr\u00e8s plusieurs ann\u00e9es","twitter:image":"https:\/\/lasentinelle.dz\/wp-content\/uploads\/2021\/09\/cropped-la-sentinelle-earth-golden-anima-5.gif"},"aioseo_meta_data":{"post_id":"94623","title":null,"description":null,"keywords":null,"keyphrases":{"focus":{"keyphrase":"","score":0,"analysis":{"keyphraseInTitle":{"score":0,"maxScore":9,"error":1}}},"additional":[]},"primary_term":null,"canonical_url":null,"og_title":null,"og_description":null,"og_object_type":"default","og_image_type":"default","og_image_url":null,"og_image_width":null,"og_image_height":null,"og_image_custom_url":null,"og_image_custom_fields":null,"og_video":"","og_custom_url":null,"og_article_section":null,"og_article_tags":null,"twitter_use_og":false,"twitter_card":"default","twitter_image_type":"default","twitter_image_url":null,"twitter_image_custom_url":null,"twitter_image_custom_fields":null,"twitter_title":null,"twitter_description":null,"schema":{"blockGraphs":[],"customGraphs":[],"default":{"data":{"Article":[],"Course":[],"Dataset":[],"FAQPage":[],"Movie":[],"Person":[],"Product":[],"ProductReview":[],"Car":[],"Recipe":[],"Service":[],"SoftwareApplication":[],"WebPage":[]},"graphName":"BlogPosting","isEnabled":true},"graphs":[]},"schema_type":"default","schema_type_options":null,"pillar_content":false,"robots_default":true,"robots_noindex":false,"robots_noarchive":false,"robots_nosnippet":false,"robots_nofollow":false,"robots_noimageindex":false,"robots_noodp":false,"robots_notranslate":false,"robots_max_snippet":"-1","robots_max_videopreview":"-1","robots_max_imagepreview":"large","priority":null,"frequency":"default","local_seo":null,"breadcrumb_settings":null,"limit_modified_date":false,"ai":{"faqs":[],"keyPoints":[],"schemas":[],"titles":[],"descriptions":[],"socialPosts":{"email":{"subject":"","preview":"","content":""},"linkedin":[],"twitter":[],"facebook":[],"instagram":[]}},"created":"2026-08-31 10:29:11","updated":"2026-08-31 11:13:00","focus_keyword":null,"additional_keywords":null,"truseo_locale":null,"seo_analyzer_scan_date":null},"aioseo_breadcrumb":"<div class=\"aioseo-breadcrumbs\"><span class=\"aioseo-breadcrumb\">\n\t\t\t<a href=\"https:\/\/lasentinelle.dz\" title=\"Home\">Home<\/a>\n\t\t<\/span><span class=\"aioseo-breadcrumb-separator\">&raquo;<\/span><span class=\"aioseo-breadcrumb\">\n\t\t\t<a href=\"https:\/\/lasentinelle.dz\/index.php\/category\/regions\/\" title=\"R\u00e9gions\">R\u00e9gions<\/a>\n\t\t<\/span><span class=\"aioseo-breadcrumb-separator\">&raquo;<\/span><span class=\"aioseo-breadcrumb\">\n\t\t\tAPC d\u2019Oued El Aneb : Des \u00ab entraves \u00bb poussent une \u00e9lue \u00e0 la d\u00e9mission\n\t\t<\/span><\/div>","aioseo_breadcrumb_json":[{"label":"Home","link":"https:\/\/lasentinelle.dz"},{"label":"R\u00e9gions","link":"https:\/\/lasentinelle.dz\/index.php\/category\/regions\/"},{"label":"APC d&rsquo;Oued El Aneb\u00a0: Des \u00ab entraves \u00bb poussent une \u00e9lue \u00e0 la d\u00e9mission","link":"https:\/\/lasentinelle.dz\/index.php\/2026\/08\/31\/apc-doued-el-aneb-des-entraves-poussent-une-elue-a-la-demission\/"}],"yoast_head":"<!-- This site is optimized with the Yoast SEO plugin v28.3 - https:\/\/yoast.com\/product\/yoast-seo-wordpress\/ -->\n<title>APC d&rsquo;Oued El Aneb\u00a0: Des \u00ab entraves \u00bb poussent une \u00e9lue \u00e0 la d\u00e9mission - La Sentinelle<\/title>\n<meta name=\"robots\" content=\"index, follow, max-snippet:-1, max-image-preview:large, max-video-preview:-1\" \/>\n<link rel=\"canonical\" href=\"https:\/\/lasentinelle.dz\/index.php\/2026\/08\/31\/apc-doued-el-aneb-des-entraves-poussent-une-elue-a-la-demission\/\" \/>\n<meta property=\"og:locale\" content=\"fr_FR\" \/>\n<meta property=\"og:type\" content=\"article\" \/>\n<meta property=\"og:title\" content=\"APC d&rsquo;Oued El Aneb\u00a0: Des \u00ab entraves \u00bb poussent une \u00e9lue \u00e0 la d\u00e9mission - La Sentinelle\" \/>\n<meta property=\"og:description\" content=\"La pr\u00e9sidente de la commission des affaires sociales, culturelles, sportives et de la jeunesse de l&rsquo;APC d&rsquo;Oued El Aneb a\" \/>\n<meta property=\"og:url\" content=\"https:\/\/lasentinelle.dz\/index.php\/2026\/08\/31\/apc-doued-el-aneb-des-entraves-poussent-une-elue-a-la-demission\/\" \/>\n<meta property=\"og:site_name\" content=\"La Sentinelle\" \/>\n<meta property=\"article:publisher\" content=\"https:\/\/www.facebook.com\/La-Sentinelle-104059864394773\" \/>\n<meta property=\"article:published_time\" content=\"2026-08-31T10:29:08+00:00\" \/>\n<meta property=\"article:modified_time\" content=\"2026-08-31T10:29:11+00:00\" \/>\n<meta property=\"og:image\" content=\"https:\/\/lasentinelle.dz\/wp-content\/uploads\/2023\/02\/APC.png\" \/>\n\t<meta property=\"og:image:width\" content=\"1364\" \/>\n\t<meta property=\"og:image:height\" content=\"900\" \/>\n\t<meta property=\"og:image:type\" content=\"image\/png\" \/>\n<meta name=\"author\" content=\"admin\" \/>\n<meta name=\"twitter:card\" content=\"summary_large_image\" \/>\n<meta name=\"twitter:label1\" content=\"\u00c9crit par\" \/>\n\t<meta name=\"twitter:data1\" content=\"admin\" \/>\n\t<meta name=\"twitter:label2\" content=\"Dur\u00e9e de lecture estim\u00e9e\" \/>\n\t<meta name=\"twitter:data2\" content=\"3 minutes\" \/>\n<script type=\"application\/ld+json\" class=\"yoast-schema-graph\">{\"@context\":\"https:\\\/\\\/schema.org\",\"@graph\":[{\"@type\":\"Article\",\"@id\":\"https:\\\/\\\/lasentinelle.dz\\\/index.php\\\/2026\\\/08\\\/31\\\/apc-doued-el-aneb-des-entraves-poussent-une-elue-a-la-demission\\\/#article\",\"isPartOf\":{\"@id\":\"https:\\\/\\\/lasentinelle.dz\\\/index.php\\\/2026\\\/08\\\/31\\\/apc-doued-el-aneb-des-entraves-poussent-une-elue-a-la-demission\\\/\"},\"author\":{\"name\":\"admin\",\"@id\":\"https:\\\/\\\/lasentinelle.dz\\\/#\\\/schema\\\/person\\\/729ee0024f24e0b8c5ec17232f8e8b41\"},\"headline\":\"APC d&rsquo;Oued El Aneb\u00a0: Des \u00ab entraves \u00bb poussent une \u00e9lue \u00e0 la d\u00e9mission\",\"datePublished\":\"2026-08-31T10:29:08+00:00\",\"dateModified\":\"2026-08-31T10:29:11+00:00\",\"mainEntityOfPage\":{\"@id\":\"https:\\\/\\\/lasentinelle.dz\\\/index.php\\\/2026\\\/08\\\/31\\\/apc-doued-el-aneb-des-entraves-poussent-une-elue-a-la-demission\\\/\"},\"wordCount\":605,\"commentCount\":0,\"publisher\":{\"@id\":\"https:\\\/\\\/lasentinelle.dz\\\/#organization\"},\"image\":{\"@id\":\"https:\\\/\\\/lasentinelle.dz\\\/index.php\\\/2026\\\/08\\\/31\\\/apc-doued-el-aneb-des-entraves-poussent-une-elue-a-la-demission\\\/#primaryimage\"},\"thumbnailUrl\":\"https:\\\/\\\/lasentinelle.dz\\\/wp-content\\\/uploads\\\/2023\\\/02\\\/APC.png\",\"articleSection\":[\"R\u00e9gions\"],\"inLanguage\":\"fr-FR\",\"potentialAction\":[{\"@type\":\"CommentAction\",\"name\":\"Comment\",\"target\":[\"https:\\\/\\\/lasentinelle.dz\\\/index.php\\\/2026\\\/08\\\/31\\\/apc-doued-el-aneb-des-entraves-poussent-une-elue-a-la-demission\\\/#respond\"]}]},{\"@type\":\"WebPage\",\"@id\":\"https:\\\/\\\/lasentinelle.dz\\\/index.php\\\/2026\\\/08\\\/31\\\/apc-doued-el-aneb-des-entraves-poussent-une-elue-a-la-demission\\\/\",\"url\":\"https:\\\/\\\/lasentinelle.dz\\\/index.php\\\/2026\\\/08\\\/31\\\/apc-doued-el-aneb-des-entraves-poussent-une-elue-a-la-demission\\\/\",\"name\":\"APC d&rsquo;Oued El Aneb\u00a0: Des \u00ab entraves \u00bb poussent une \u00e9lue \u00e0 la d\u00e9mission - La Sentinelle\",\"isPartOf\":{\"@id\":\"https:\\\/\\\/lasentinelle.dz\\\/#website\"},\"primaryImageOfPage\":{\"@id\":\"https:\\\/\\\/lasentinelle.dz\\\/index.php\\\/2026\\\/08\\\/31\\\/apc-doued-el-aneb-des-entraves-poussent-une-elue-a-la-demission\\\/#primaryimage\"},\"image\":{\"@id\":\"https:\\\/\\\/lasentinelle.dz\\\/index.php\\\/2026\\\/08\\\/31\\\/apc-doued-el-aneb-des-entraves-poussent-une-elue-a-la-demission\\\/#primaryimage\"},\"thumbnailUrl\":\"https:\\\/\\\/lasentinelle.dz\\\/wp-content\\\/uploads\\\/2023\\\/02\\\/APC.png\",\"datePublished\":\"2026-08-31T10:29:08+00:00\",\"dateModified\":\"2026-08-31T10:29:11+00:00\",\"breadcrumb\":{\"@id\":\"https:\\\/\\\/lasentinelle.dz\\\/index.php\\\/2026\\\/08\\\/31\\\/apc-doued-el-aneb-des-entraves-poussent-une-elue-a-la-demission\\\/#breadcrumb\"},\"inLanguage\":\"fr-FR\",\"potentialAction\":[{\"@type\":\"ReadAction\",\"target\":[\"https:\\\/\\\/lasentinelle.dz\\\/index.php\\\/2026\\\/08\\\/31\\\/apc-doued-el-aneb-des-entraves-poussent-une-elue-a-la-demission\\\/\"]}]},{\"@type\":\"ImageObject\",\"inLanguage\":\"fr-FR\",\"@id\":\"https:\\\/\\\/lasentinelle.dz\\\/index.php\\\/2026\\\/08\\\/31\\\/apc-doued-el-aneb-des-entraves-poussent-une-elue-a-la-demission\\\/#primaryimage\",\"url\":\"https:\\\/\\\/lasentinelle.dz\\\/wp-content\\\/uploads\\\/2023\\\/02\\\/APC.png\",\"contentUrl\":\"https:\\\/\\\/lasentinelle.dz\\\/wp-content\\\/uploads\\\/2023\\\/02\\\/APC.png\",\"width\":1364,\"height\":900},{\"@type\":\"BreadcrumbList\",\"@id\":\"https:\\\/\\\/lasentinelle.dz\\\/index.php\\\/2026\\\/08\\\/31\\\/apc-doued-el-aneb-des-entraves-poussent-une-elue-a-la-demission\\\/#breadcrumb\",\"itemListElement\":[{\"@type\":\"ListItem\",\"position\":1,\"name\":\"Accueil\",\"item\":\"https:\\\/\\\/lasentinelle.dz\\\/\"},{\"@type\":\"ListItem\",\"position\":2,\"name\":\"APC d&rsquo;Oued El Aneb\u00a0: Des \u00ab entraves \u00bb poussent une \u00e9lue \u00e0 la d\u00e9mission\"}]},{\"@type\":\"WebSite\",\"@id\":\"https:\\\/\\\/lasentinelle.dz\\\/#website\",\"url\":\"https:\\\/\\\/lasentinelle.dz\\\/\",\"name\":\"La Sentinelle\",\"description\":\"Quotidien national d&#039;information\",\"publisher\":{\"@id\":\"https:\\\/\\\/lasentinelle.dz\\\/#organization\"},\"potentialAction\":[{\"@type\":\"SearchAction\",\"target\":{\"@type\":\"EntryPoint\",\"urlTemplate\":\"https:\\\/\\\/lasentinelle.dz\\\/?s={search_term_string}\"},\"query-input\":{\"@type\":\"PropertyValueSpecification\",\"valueRequired\":true,\"valueName\":\"search_term_string\"}}],\"inLanguage\":\"fr-FR\"},{\"@type\":\"Organization\",\"@id\":\"https:\\\/\\\/lasentinelle.dz\\\/#organization\",\"name\":\"Quotidien La Sentinelle\",\"url\":\"https:\\\/\\\/lasentinelle.dz\\\/\",\"logo\":{\"@type\":\"ImageObject\",\"inLanguage\":\"fr-FR\",\"@id\":\"https:\\\/\\\/lasentinelle.dz\\\/#\\\/schema\\\/logo\\\/image\\\/\",\"url\":\"https:\\\/\\\/lasentinelle.dz\\\/wp-content\\\/uploads\\\/2021\\\/09\\\/logo-sentinelleSLOGAN-1.png\",\"contentUrl\":\"https:\\\/\\\/lasentinelle.dz\\\/wp-content\\\/uploads\\\/2021\\\/09\\\/logo-sentinelleSLOGAN-1.png\",\"width\":615,\"height\":142,\"caption\":\"Quotidien La Sentinelle\"},\"image\":{\"@id\":\"https:\\\/\\\/lasentinelle.dz\\\/#\\\/schema\\\/logo\\\/image\\\/\"},\"sameAs\":[\"https:\\\/\\\/www.facebook.com\\\/La-Sentinelle-104059864394773\"]},{\"@type\":\"Person\",\"@id\":\"https:\\\/\\\/lasentinelle.dz\\\/#\\\/schema\\\/person\\\/729ee0024f24e0b8c5ec17232f8e8b41\",\"name\":\"admin\",\"image\":{\"@type\":\"ImageObject\",\"inLanguage\":\"fr-FR\",\"@id\":\"https:\\\/\\\/secure.gravatar.com\\\/avatar\\\/4c81fed838786e9b53f540bf46533e750f5d292099ae3b66cfc6fb1982e29df7?s=96&d=mm&r=g\",\"url\":\"https:\\\/\\\/secure.gravatar.com\\\/avatar\\\/4c81fed838786e9b53f540bf46533e750f5d292099ae3b66cfc6fb1982e29df7?s=96&d=mm&r=g\",\"contentUrl\":\"https:\\\/\\\/secure.gravatar.com\\\/avatar\\\/4c81fed838786e9b53f540bf46533e750f5d292099ae3b66cfc6fb1982e29df7?s=96&d=mm&r=g\",\"caption\":\"admin\"},\"description\":\"admin\",\"url\":\"https:\\\/\\\/lasentinelle.dz\\\/author\\\/admin\\\/\"}]}<\/script>\n<!-- \/ Yoast SEO plugin. -->","yoast_head_json":{"title":"APC d&rsquo;Oued El Aneb\u00a0: Des \u00ab entraves \u00bb poussent une \u00e9lue \u00e0 la d\u00e9mission - La Sentinelle","robots":{"index":"index","follow":"follow","max-snippet":"max-snippet:-1","max-image-preview":"max-image-preview:large","max-video-preview":"max-video-preview:-1"},"canonical":"https:\/\/lasentinelle.dz\/index.php\/2026\/08\/31\/apc-doued-el-aneb-des-entraves-poussent-une-elue-a-la-demission\/","og_locale":"fr_FR","og_type":"article","og_title":"APC d&rsquo;Oued El Aneb\u00a0: Des \u00ab entraves \u00bb poussent une \u00e9lue \u00e0 la d\u00e9mission - La Sentinelle","og_description":"La pr\u00e9sidente de la commission des affaires sociales, culturelles, sportives et de la jeunesse de l&rsquo;APC d&rsquo;Oued El Aneb a","og_url":"https:\/\/lasentinelle.dz\/index.php\/2026\/08\/31\/apc-doued-el-aneb-des-entraves-poussent-une-elue-a-la-demission\/","og_site_name":"La Sentinelle","article_publisher":"https:\/\/www.facebook.com\/La-Sentinelle-104059864394773","article_published_time":"2026-08-31T10:29:08+00:00","article_modified_time":"2026-08-31T10:29:11+00:00","og_image":[{"width":1364,"height":900,"url":"https:\/\/lasentinelle.dz\/wp-content\/uploads\/2023\/02\/APC.png","type":"image\/png"}],"author":"admin","twitter_card":"summary_large_image","twitter_misc":{"\u00c9crit par":"admin","Dur\u00e9e de lecture estim\u00e9e":"3 minutes"},"schema":{"@context":"https:\/\/schema.org","@graph":[{"@type":"Article","@id":"https:\/\/lasentinelle.dz\/index.php\/2026\/08\/31\/apc-doued-el-aneb-des-entraves-poussent-une-elue-a-la-demission\/#article","isPartOf":{"@id":"https:\/\/lasentinelle.dz\/index.php\/2026\/08\/31\/apc-doued-el-aneb-des-entraves-poussent-une-elue-a-la-demission\/"},"author":{"name":"admin","@id":"https:\/\/lasentinelle.dz\/#\/schema\/person\/729ee0024f24e0b8c5ec17232f8e8b41"},"headline":"APC d&rsquo;Oued El Aneb\u00a0: Des \u00ab entraves \u00bb poussent une \u00e9lue \u00e0 la d\u00e9mission","datePublished":"2026-08-31T10:29:08+00:00","dateModified":"2026-08-31T10:29:11+00:00","mainEntityOfPage":{"@id":"https:\/\/lasentinelle.dz\/index.php\/2026\/08\/31\/apc-doued-el-aneb-des-entraves-poussent-une-elue-a-la-demission\/"},"wordCount":605,"commentCount":0,"publisher":{"@id":"https:\/\/lasentinelle.dz\/#organization"},"image":{"@id":"https:\/\/lasentinelle.dz\/index.php\/2026\/08\/31\/apc-doued-el-aneb-des-entraves-poussent-une-elue-a-la-demission\/#primaryimage"},"thumbnailUrl":"https:\/\/lasentinelle.dz\/wp-content\/uploads\/2023\/02\/APC.png","articleSection":["R\u00e9gions"],"inLanguage":"fr-FR","potentialAction":[{"@type":"CommentAction","name":"Comment","target":["https:\/\/lasentinelle.dz\/index.php\/2026\/08\/31\/apc-doued-el-aneb-des-entraves-poussent-une-elue-a-la-demission\/#respond"]}]},{"@type":"WebPage","@id":"https:\/\/lasentinelle.dz\/index.php\/2026\/08\/31\/apc-doued-el-aneb-des-entraves-poussent-une-elue-a-la-demission\/","url":"https:\/\/lasentinelle.dz\/index.php\/2026\/08\/31\/apc-doued-el-aneb-des-entraves-poussent-une-elue-a-la-demission\/","name":"APC d&rsquo;Oued El Aneb\u00a0: Des \u00ab entraves \u00bb poussent une \u00e9lue \u00e0 la d\u00e9mission - La Sentinelle","isPartOf":{"@id":"https:\/\/lasentinelle.dz\/#website"},"primaryImageOfPage":{"@id":"https:\/\/lasentinelle.dz\/index.php\/2026\/08\/31\/apc-doued-el-aneb-des-entraves-poussent-une-elue-a-la-demission\/#primaryimage"},"image":{"@id":"https:\/\/lasentinelle.dz\/index.php\/2026\/08\/31\/apc-doued-el-aneb-des-entraves-poussent-une-elue-a-la-demission\/#primaryimage"},"thumbnailUrl":"https:\/\/lasentinelle.dz\/wp-content\/uploads\/2023\/02\/APC.png","datePublished":"2026-08-31T10:29:08+00:00","dateModified":"2026-08-31T10:29:11+00:00","breadcrumb":{"@id":"https:\/\/lasentinelle.dz\/index.php\/2026\/08\/31\/apc-doued-el-aneb-des-entraves-poussent-une-elue-a-la-demission\/#breadcrumb"},"inLanguage":"fr-FR","potentialAction":[{"@type":"ReadAction","target":["https:\/\/lasentinelle.dz\/index.php\/2026\/08\/31\/apc-doued-el-aneb-des-entraves-poussent-une-elue-a-la-demission\/"]}]},{"@type":"ImageObject","inLanguage":"fr-FR","@id":"https:\/\/lasentinelle.dz\/index.php\/2026\/08\/31\/apc-doued-el-aneb-des-entraves-poussent-une-elue-a-la-demission\/#primaryimage","url":"https:\/\/lasentinelle.dz\/wp-content\/uploads\/2023\/02\/APC.png","contentUrl":"https:\/\/lasentinelle.dz\/wp-content\/uploads\/2023\/02\/APC.png","width":1364,"height":900},{"@type":"BreadcrumbList","@id":"https:\/\/lasentinelle.dz\/index.php\/2026\/08\/31\/apc-doued-el-aneb-des-entraves-poussent-une-elue-a-la-demission\/#breadcrumb","itemListElement":[{"@type":"ListItem","position":1,"name":"Accueil","item":"https:\/\/lasentinelle.dz\/"},{"@type":"ListItem","position":2,"name":"APC d&rsquo;Oued El Aneb\u00a0: Des \u00ab entraves \u00bb poussent une \u00e9lue \u00e0 la d\u00e9mission"}]},{"@type":"WebSite","@id":"https:\/\/lasentinelle.dz\/#website","url":"https:\/\/lasentinelle.dz\/","name":"La Sentinelle","description":"Quotidien national d&#039;information","publisher":{"@id":"https:\/\/lasentinelle.dz\/#organization"},"potentialAction":[{"@type":"SearchAction","target":{"@type":"EntryPoint","urlTemplate":"https:\/\/lasentinelle.dz\/?s={search_term_string}"},"query-input":{"@type":"PropertyValueSpecification","valueRequired":true,"valueName":"search_term_string"}}],"inLanguage":"fr-FR"},{"@type":"Organization","@id":"https:\/\/lasentinelle.dz\/#organization","name":"Quotidien La Sentinelle","url":"https:\/\/lasentinelle.dz\/","logo":{"@type":"ImageObject","inLanguage":"fr-FR","@id":"https:\/\/lasentinelle.dz\/#\/schema\/logo\/image\/","url":"https:\/\/lasentinelle.dz\/wp-content\/uploads\/2021\/09\/logo-sentinelleSLOGAN-1.png","contentUrl":"https:\/\/lasentinelle.dz\/wp-content\/uploads\/2021\/09\/logo-sentinelleSLOGAN-1.png","width":615,"height":142,"caption":"Quotidien La Sentinelle"},"image":{"@id":"https:\/\/lasentinelle.dz\/#\/schema\/logo\/image\/"},"sameAs":["https:\/\/www.facebook.com\/La-Sentinelle-104059864394773"]},{"@type":"Person","@id":"https:\/\/lasentinelle.dz\/#\/schema\/person\/729ee0024f24e0b8c5ec17232f8e8b41","name":"admin","image":{"@type":"ImageObject","inLanguage":"fr-FR","@id":"https:\/\/secure.gravatar.com\/avatar\/4c81fed838786e9b53f540bf46533e750f5d292099ae3b66cfc6fb1982e29df7?s=96&d=mm&r=g","url":"https:\/\/secure.gravatar.com\/avatar\/4c81fed838786e9b53f540bf46533e750f5d292099ae3b66cfc6fb1982e29df7?s=96&d=mm&r=g","contentUrl":"https:\/\/secure.gravatar.com\/avatar\/4c81fed838786e9b53f540bf46533e750f5d292099ae3b66cfc6fb1982e29df7?s=96&d=mm&r=g","caption":"admin"},"description":"admin","url":"https:\/\/lasentinelle.dz\/author\/admin\/"}]}},"_links":{"self":[{"href":"https:\/\/lasentinelle.dz\/index.php\/wp-json\/wp\/v2\/posts\/94623","targetHints":{"allow":["GET"]}}],"collection":[{"href":"https:\/\/lasentinelle.dz\/index.php\/wp-json\/wp\/v2\/posts"}],"about":[{"href":"https:\/\/lasentinelle.dz\/index.php\/wp-json\/wp\/v2\/types\/post"}],"author":[{"embeddable":true,"href":"https:\/\/lasentinelle.dz\/index.php\/wp-json\/wp\/v2\/users\/6"}],"replies":[{"embeddable":true,"href":"https:\/\/lasentinelle.dz\/index.php\/wp-json\/wp\/v2\/comments?post=94623"}],"version-history":[{"count":2,"href":"https:\/\/lasentinelle.dz\/index.php\/wp-json\/wp\/v2\/posts\/94623\/revisions"}],"predecessor-version":[{"id":94625,"href":"https:\/\/lasentinelle.dz\/index.php\/wp-json\/wp\/v2\/posts\/94623\/revisions\/94625"}],"wp:featuredmedia":[{"embeddable":true,"href":"https:\/\/lasentinelle.dz\/index.php\/wp-json\/wp\/v2\/media\/35560"}],"wp:attachment":[{"href":"https:\/\/lasentinelle.dz\/index.php\/wp-json\/wp\/v2\/media?parent=94623"}],"wp:term":[{"taxonomy":"category","embeddable":true,"href":"https:\/\/lasentinelle.dz\/index.php\/wp-json\/wp\/v2\/categories?post=94623"},{"taxonomy":"post_tag","embeddable":true,"href":"https:\/\/lasentinelle.dz\/index.php\/wp-json\/wp\/v2\/tags?post=94623"}],"curies":[{"name":"wp","href":"https:\/\/api.w.org\/{rel}","templated":true}]}}