{"id":94631,"date":"2026-08-31T11:31:43","date_gmt":"2026-08-31T10:31:43","guid":{"rendered":"https:\/\/lasentinelle.dz\/?p=94631"},"modified":"2026-08-31T11:31:46","modified_gmt":"2026-08-31T10:31:46","slug":"tebessa-le-foncier-economique-passe-au-peigne-fin","status":"publish","type":"post","link":"https:\/\/lasentinelle.dz\/index.php\/2026\/08\/31\/tebessa-le-foncier-economique-passe-au-peigne-fin\/","title":{"rendered":"T\u00e9bessa\u00a0: Le foncier \u00e9conomique pass\u00e9 au peigne fin"},"content":{"rendered":"\n<p class=\"wp-block-paragraph\">\u00c0 T\u00e9bessa, les autorit\u00e9s locales acc\u00e9l\u00e8rent l&rsquo;assainissement du foncier \u00e9conomique afin de lib\u00e9rer de nouvelles assiettes au profit de l&rsquo;investissement productif. Une op\u00e9ration qui vise \u00e0 mettre fin aux situations de blocage et \u00e0 disposer d&rsquo;une cartographie pr\u00e9cise des terrains r\u00e9ellement mobilisables. La wilaya de T\u00e9bessa veut remettre de l&rsquo;ordre dans son patrimoine foncier \u00e9conomique. Une op\u00e9ration d&rsquo;assainissement et d&rsquo;actualisation des donn\u00e9es a \u00e9t\u00e9 examin\u00e9e, ce jeudi, lors d&rsquo;une r\u00e9union de travail pr\u00e9sid\u00e9e par le wali, Ahmed Belhaddad, en pr\u00e9sence du wali d\u00e9l\u00e9gu\u00e9 de Bir El-Ater, des chefs de da\u00efra et des directeurs ex\u00e9cutifs concern\u00e9s. La d\u00e9marche s&rsquo;inscrit dans la mise en \u0153uvre des orientations de Said Dayoud, ministre de l&rsquo;Int\u00e9rieur et des Collectivit\u00e9s locales, visant \u00e0 am\u00e9liorer la gestion du foncier \u00e9conomique et \u00e0 faciliter sa mobilisation au service de l&rsquo;investissement.<\/p>\n\n\n\n<p class=\"wp-block-paragraph\">L&rsquo;objectif est de disposer d&rsquo;une situation exhaustive et surtout actualis\u00e9e des assiettes disponibles dans les zones industrielles et les zones d&rsquo;activit\u00e9s de la wilaya. Il s&rsquo;agit notamment de d\u00e9terminer avec pr\u00e9cision la nature des terrains, leurs superficies, leur statut juridique et administratif ainsi que leur niveau r\u00e9el de disponibilit\u00e9. Une connaissance indispensable pour pouvoir orienter les projets d&rsquo;investissement vers les terrains appropri\u00e9s et \u00e9viter que des assiettes demeurent durablement inexploit\u00e9es.<\/p>\n\n\n\n<p class=\"wp-block-paragraph\">Le processus porte \u00e9galement sur les terrains relevant des actifs des entreprises, notamment les assiettes exc\u00e9dentaires, r\u00e9siduelles ou inexploit\u00e9es. Le premier responsable de la wilaya a insist\u00e9 sur la n\u00e9cessit\u00e9 de clarifier leur situation afin d&rsquo;identifier celles susceptibles d&rsquo;\u00eatre r\u00e9cup\u00e9r\u00e9es et r\u00e9affect\u00e9es \u00e0 de nouveaux projets. L&rsquo;enjeu est de r\u00e9duire les r\u00e9serves fonci\u00e8res dormantes et de les transformer en opportunit\u00e9s concr\u00e8tes d&rsquo;investissement et de cr\u00e9ation d&rsquo;activit\u00e9.<\/p>\n\n\n\n<p class=\"wp-block-paragraph\">Les dossiers faisant l&rsquo;objet de recours ou de litiges devant les juridictions ont \u00e9galement \u00e9t\u00e9 pass\u00e9s en revue. Le chef de l&rsquo;ex\u00e9cutif a appel\u00e9 les services concern\u00e9s \u00e0 assurer un suivi rigoureux de ces affaires et \u00e0 \u0153uvrer \u00e0 leur r\u00e8glement dans le strict respect des proc\u00e9dures l\u00e9gales, de mani\u00e8re \u00e0 lever progressivement les contraintes qui emp\u00eachent la mobilisation de certaines assiettes.<\/p>\n\n\n\n<p class=\"wp-block-paragraph\">Parall\u00e8lement, l&rsquo;inventaire et la mise \u00e0 jour des donn\u00e9es fonci\u00e8res se poursuivent dans les zones industrielles et les zones d&rsquo;activit\u00e9s, y compris au niveau des parcelles concern\u00e9es par des autorisations de lotissement. La constitution d&rsquo;une base de donn\u00e9es fiable doit permettre aux diff\u00e9rents services de disposer d&rsquo;une vision commune du foncier disponible et d&rsquo;am\u00e9liorer la c\u00e9l\u00e9rit\u00e9 dans le traitement des demandes d&rsquo;investissement.<\/p>\n\n\n\n<p class=\"wp-block-paragraph\">Le wali a, dans ce cadre, demand\u00e9 aux responsables d&rsquo;identifier les obstacles administratifs, techniques ou juridiques qui continuent d&rsquo;entraver la mobilisation de certaines parcelles et de proposer des solutions concr\u00e8tes. La coordination entre les diff\u00e9rents intervenants devra ainsi \u00eatre renforc\u00e9e afin d&rsquo;\u00e9viter les lenteurs et les blocages dans l&rsquo;instruction des dossiers.<\/p>\n\n\n\n<p class=\"wp-block-paragraph\">Au-del\u00e0 de la simple op\u00e9ration d&rsquo;inventaire, les autorit\u00e9s locales de T\u00e9bessa cherchent donc \u00e0 faire du foncier \u00e9conomique de la wilaya un v\u00e9ritable outil de d\u00e9veloppement. Chaque assiette r\u00e9cup\u00e9r\u00e9e, clarifi\u00e9e ou lib\u00e9r\u00e9e constitue d\u00e9sormais une possibilit\u00e9 suppl\u00e9mentaire d&rsquo;accueillir un projet, de cr\u00e9er de l&rsquo;activit\u00e9, de la richesse, de l&#8217;emploi et surtout de renforcer l&rsquo;attractivit\u00e9 \u00e9conomique de la wilaya.<\/p>\n\n\n\n<p class=\"wp-block-paragraph\">Zakia Merabet<\/p>\n","protected":false},"excerpt":{"rendered":"<p>\u00c0 T\u00e9bessa, les autorit\u00e9s locales acc\u00e9l\u00e8rent l&rsquo;assainissement du foncier \u00e9conomique afin de lib\u00e9rer de nouvelles assiettes au profit de l&rsquo;investissement<\/p>\n","protected":false},"author":6,"featured_media":94632,"comment_status":"open","ping_status":"closed","sticky":false,"template":"","format":"standard","meta":{"colormag_page_container_layout":"default_layout","colormag_page_sidebar_layout":"default_layout","om_disable_all_campaigns":false,"_monsterinsights_skip_tracking":false,"footnotes":"","_wpscppro_dont_share_socialmedia":false,"_wpscppro_custom_social_share_image":0,"_facebook_share_type":"default","_twitter_share_type":"default","_linkedin_share_type":"default","_pinterest_share_type":"default","_linkedin_share_type_page":"","_instagram_share_type":"default","_medium_share_type":"default","_threads_share_type":"default","_google_business_share_type":"default","_bluesky_share_type":"default","_mastodon_share_type":"default","_selected_social_profile":[],"_wpsp_enable_custom_social_template":false,"_wpsp_social_scheduling":{"enabled":false,"datetime":null,"platforms":[],"status":"template_only","dateOption":"today","timeOption":"now","customDays":"","customHours":"","customDate":"","customTime":"","schedulingType":"absolute"},"_wpsp_active_default_template":true},"categories":[31],"tags":[],"class_list":["post-94631","post","type-post","status-publish","format-standard","has-post-thumbnail","hentry","category-regions"],"aioseo_notices":[],"aioseo_head":"\n\t\t<!-- All in One SEO 5.0.0.1 - aioseo.com -->\n\t<meta name=\"description\" content=\"\u00c0 T\u00e9bessa, les autorit\u00e9s locales acc\u00e9l\u00e8rent l&#039;assainissement du foncier \u00e9conomique afin de lib\u00e9rer de nouvelles assiettes au profit de l&#039;investissement productif. Une op\u00e9ration qui vise \u00e0 mettre fin aux situations de blocage et \u00e0 disposer d&#039;une cartographie pr\u00e9cise des terrains r\u00e9ellement mobilisables. La wilaya de T\u00e9bessa veut remettre de l&#039;ordre dans son patrimoine foncier \u00e9conomique.\" \/>\n\t<meta name=\"robots\" content=\"max-image-preview:large\" \/>\n\t<meta name=\"author\" content=\"admin\"\/>\n\t<link rel=\"canonical\" href=\"https:\/\/lasentinelle.dz\/index.php\/2026\/08\/31\/tebessa-le-foncier-economique-passe-au-peigne-fin\/\" \/>\n\t<meta name=\"generator\" content=\"All in One SEO (AIOSEO) 5.0.0.1\" \/>\n\t\t<meta property=\"og:locale\" content=\"fr_FR\" \/>\n\t\t<meta property=\"og:site_name\" content=\"La Sentinelle - Quotidien national d&#039;information\" \/>\n\t\t<meta property=\"og:type\" content=\"article\" \/>\n\t\t<meta property=\"og:title\" content=\"T\u00e9bessa : Le foncier \u00e9conomique pass\u00e9 au peigne fin - La Sentinelle\" \/>\n\t\t<meta property=\"og:description\" content=\"\u00c0 T\u00e9bessa, les autorit\u00e9s locales acc\u00e9l\u00e8rent l&#039;assainissement du foncier \u00e9conomique afin de lib\u00e9rer de nouvelles assiettes au profit de l&#039;investissement productif. Une op\u00e9ration qui vise \u00e0 mettre fin aux situations de blocage et \u00e0 disposer d&#039;une cartographie pr\u00e9cise des terrains r\u00e9ellement mobilisables. La wilaya de T\u00e9bessa veut remettre de l&#039;ordre dans son patrimoine foncier \u00e9conomique.\" \/>\n\t\t<meta property=\"og:url\" content=\"https:\/\/lasentinelle.dz\/index.php\/2026\/08\/31\/tebessa-le-foncier-economique-passe-au-peigne-fin\/\" \/>\n\t\t<meta property=\"og:image\" content=\"https:\/\/lasentinelle.dz\/wp-content\/uploads\/2021\/09\/cropped-la-sentinelle-earth-golden-anima-5.gif\" \/>\n\t\t<meta property=\"og:image:secure_url\" content=\"https:\/\/lasentinelle.dz\/wp-content\/uploads\/2021\/09\/cropped-la-sentinelle-earth-golden-anima-5.gif\" \/>\n\t\t<meta property=\"og:image:width\" content=\"450\" \/>\n\t\t<meta property=\"og:image:height\" content=\"213\" \/>\n\t\t<meta property=\"article:published_time\" content=\"2026-08-31T10:31:43+00:00\" \/>\n\t\t<meta property=\"article:modified_time\" content=\"2026-08-31T10:31:46+00:00\" \/>\n\t\t<meta property=\"article:publisher\" content=\"https:\/\/www.facebook.com\/azzedine.lasentinelle.1\" \/>\n\t\t<meta name=\"twitter:card\" content=\"summary_large_image\" \/>\n\t\t<meta name=\"twitter:title\" content=\"T\u00e9bessa : Le foncier \u00e9conomique pass\u00e9 au peigne fin - La Sentinelle\" \/>\n\t\t<meta name=\"twitter:description\" content=\"\u00c0 T\u00e9bessa, les autorit\u00e9s locales acc\u00e9l\u00e8rent l&#039;assainissement du foncier \u00e9conomique afin de lib\u00e9rer de nouvelles assiettes au profit de l&#039;investissement productif. Une op\u00e9ration qui vise \u00e0 mettre fin aux situations de blocage et \u00e0 disposer d&#039;une cartographie pr\u00e9cise des terrains r\u00e9ellement mobilisables. La wilaya de T\u00e9bessa veut remettre de l&#039;ordre dans son patrimoine foncier \u00e9conomique.\" \/>\n\t\t<meta name=\"twitter:image\" content=\"https:\/\/lasentinelle.dz\/wp-content\/uploads\/2021\/09\/cropped-la-sentinelle-earth-golden-anima-5.gif\" \/>\n\t\t<script type=\"application\/ld+json\" class=\"aioseo-schema\">\n\t\t\t{\"@context\":\"https:\\\/\\\/schema.org\",\"@graph\":[{\"@type\":\"BlogPosting\",\"@id\":\"https:\\\/\\\/lasentinelle.dz\\\/index.php\\\/2026\\\/08\\\/31\\\/tebessa-le-foncier-economique-passe-au-peigne-fin\\\/#blogposting\",\"name\":\"T\\u00e9bessa : Le foncier \\u00e9conomique pass\\u00e9 au peigne fin - La Sentinelle\",\"headline\":\"T\\u00e9bessa\\u00a0: Le foncier \\u00e9conomique pass\\u00e9 au peigne fin\",\"author\":{\"@id\":\"https:\\\/\\\/lasentinelle.dz\\\/author\\\/admin\\\/#author\"},\"publisher\":{\"@id\":\"https:\\\/\\\/lasentinelle.dz\\\/#organization\"},\"image\":{\"@type\":\"ImageObject\",\"url\":\"https:\\\/\\\/lasentinelle.dz\\\/wp-content\\\/uploads\\\/2026\\\/08\\\/foncier.jpg\",\"width\":580,\"height\":350},\"datePublished\":\"2026-08-31T11:31:43+01:00\",\"dateModified\":\"2026-08-31T11:31:46+01:00\",\"inLanguage\":\"fr-FR\",\"mainEntityOfPage\":{\"@id\":\"https:\\\/\\\/lasentinelle.dz\\\/index.php\\\/2026\\\/08\\\/31\\\/tebessa-le-foncier-economique-passe-au-peigne-fin\\\/#webpage\"},\"isPartOf\":{\"@id\":\"https:\\\/\\\/lasentinelle.dz\\\/index.php\\\/2026\\\/08\\\/31\\\/tebessa-le-foncier-economique-passe-au-peigne-fin\\\/#webpage\"},\"articleSection\":\"R\\u00e9gions\"},{\"@type\":\"BreadcrumbList\",\"@id\":\"https:\\\/\\\/lasentinelle.dz\\\/index.php\\\/2026\\\/08\\\/31\\\/tebessa-le-foncier-economique-passe-au-peigne-fin\\\/#breadcrumblist\",\"itemListElement\":[{\"@type\":\"ListItem\",\"@id\":\"https:\\\/\\\/lasentinelle.dz#listItem\",\"position\":1,\"name\":\"Home\",\"item\":\"https:\\\/\\\/lasentinelle.dz\",\"nextItem\":{\"@type\":\"ListItem\",\"@id\":\"https:\\\/\\\/lasentinelle.dz\\\/index.php\\\/category\\\/regions\\\/#listItem\",\"name\":\"R\\u00e9gions\"}},{\"@type\":\"ListItem\",\"@id\":\"https:\\\/\\\/lasentinelle.dz\\\/index.php\\\/category\\\/regions\\\/#listItem\",\"position\":2,\"name\":\"R\\u00e9gions\",\"item\":\"https:\\\/\\\/lasentinelle.dz\\\/index.php\\\/category\\\/regions\\\/\",\"nextItem\":{\"@type\":\"ListItem\",\"@id\":\"https:\\\/\\\/lasentinelle.dz\\\/index.php\\\/2026\\\/08\\\/31\\\/tebessa-le-foncier-economique-passe-au-peigne-fin\\\/#listItem\",\"name\":\"T\\u00e9bessa\\u00a0: Le foncier \\u00e9conomique pass\\u00e9 au peigne fin\"},\"previousItem\":{\"@type\":\"ListItem\",\"@id\":\"https:\\\/\\\/lasentinelle.dz#listItem\",\"name\":\"Home\"}},{\"@type\":\"ListItem\",\"@id\":\"https:\\\/\\\/lasentinelle.dz\\\/index.php\\\/2026\\\/08\\\/31\\\/tebessa-le-foncier-economique-passe-au-peigne-fin\\\/#listItem\",\"position\":3,\"name\":\"T\\u00e9bessa\\u00a0: Le foncier \\u00e9conomique pass\\u00e9 au peigne fin\",\"previousItem\":{\"@type\":\"ListItem\",\"@id\":\"https:\\\/\\\/lasentinelle.dz\\\/index.php\\\/category\\\/regions\\\/#listItem\",\"name\":\"R\\u00e9gions\"}}]},{\"@type\":\"Organization\",\"@id\":\"https:\\\/\\\/lasentinelle.dz\\\/#organization\",\"name\":\"La Sentinelle La Sentinelle\",\"description\":\"Quotidien national d'information\",\"url\":\"https:\\\/\\\/lasentinelle.dz\\\/\",\"logo\":{\"@type\":\"ImageObject\",\"url\":\"https:\\\/\\\/lasentinelle.dz\\\/wp-content\\\/uploads\\\/2021\\\/09\\\/cropped-la-sentinelle-earth-golden-anima-5.gif\",\"@id\":\"https:\\\/\\\/lasentinelle.dz\\\/index.php\\\/2026\\\/08\\\/31\\\/tebessa-le-foncier-economique-passe-au-peigne-fin\\\/#organizationLogo\",\"width\":450,\"height\":213},\"image\":{\"@id\":\"https:\\\/\\\/lasentinelle.dz\\\/index.php\\\/2026\\\/08\\\/31\\\/tebessa-le-foncier-economique-passe-au-peigne-fin\\\/#organizationLogo\"},\"sameAs\":[\"https:\\\/\\\/www.facebook.com\\\/azzedine.lasentinelle.1\"]},{\"@type\":\"Person\",\"@id\":\"https:\\\/\\\/lasentinelle.dz\\\/author\\\/admin\\\/#author\",\"url\":\"https:\\\/\\\/lasentinelle.dz\\\/author\\\/admin\\\/\",\"name\":\"admin\",\"image\":{\"@type\":\"ImageObject\",\"@id\":\"https:\\\/\\\/lasentinelle.dz\\\/index.php\\\/2026\\\/08\\\/31\\\/tebessa-le-foncier-economique-passe-au-peigne-fin\\\/#authorImage\",\"url\":\"https:\\\/\\\/secure.gravatar.com\\\/avatar\\\/4c81fed838786e9b53f540bf46533e750f5d292099ae3b66cfc6fb1982e29df7?s=96&d=mm&r=g\",\"width\":96,\"height\":96,\"caption\":\"admin\"}},{\"@type\":\"WebPage\",\"@id\":\"https:\\\/\\\/lasentinelle.dz\\\/index.php\\\/2026\\\/08\\\/31\\\/tebessa-le-foncier-economique-passe-au-peigne-fin\\\/#webpage\",\"url\":\"https:\\\/\\\/lasentinelle.dz\\\/index.php\\\/2026\\\/08\\\/31\\\/tebessa-le-foncier-economique-passe-au-peigne-fin\\\/\",\"name\":\"T\\u00e9bessa : Le foncier \\u00e9conomique pass\\u00e9 au peigne fin - La Sentinelle\",\"description\":\"\\u00c0 T\\u00e9bessa, les autorit\\u00e9s locales acc\\u00e9l\\u00e8rent l'assainissement du foncier \\u00e9conomique afin de lib\\u00e9rer de nouvelles assiettes au profit de l'investissement productif. Une op\\u00e9ration qui vise \\u00e0 mettre fin aux situations de blocage et \\u00e0 disposer d'une cartographie pr\\u00e9cise des terrains r\\u00e9ellement mobilisables. La wilaya de T\\u00e9bessa veut remettre de l'ordre dans son patrimoine foncier \\u00e9conomique.\",\"inLanguage\":\"fr-FR\",\"isPartOf\":{\"@id\":\"https:\\\/\\\/lasentinelle.dz\\\/#website\"},\"breadcrumb\":{\"@id\":\"https:\\\/\\\/lasentinelle.dz\\\/index.php\\\/2026\\\/08\\\/31\\\/tebessa-le-foncier-economique-passe-au-peigne-fin\\\/#breadcrumblist\"},\"author\":{\"@id\":\"https:\\\/\\\/lasentinelle.dz\\\/author\\\/admin\\\/#author\"},\"creator\":{\"@id\":\"https:\\\/\\\/lasentinelle.dz\\\/author\\\/admin\\\/#author\"},\"image\":{\"@type\":\"ImageObject\",\"url\":\"https:\\\/\\\/lasentinelle.dz\\\/wp-content\\\/uploads\\\/2026\\\/08\\\/foncier.jpg\",\"@id\":\"https:\\\/\\\/lasentinelle.dz\\\/index.php\\\/2026\\\/08\\\/31\\\/tebessa-le-foncier-economique-passe-au-peigne-fin\\\/#mainImage\",\"width\":580,\"height\":350},\"primaryImageOfPage\":{\"@id\":\"https:\\\/\\\/lasentinelle.dz\\\/index.php\\\/2026\\\/08\\\/31\\\/tebessa-le-foncier-economique-passe-au-peigne-fin\\\/#mainImage\"},\"datePublished\":\"2026-08-31T11:31:43+01:00\",\"dateModified\":\"2026-08-31T11:31:46+01:00\"},{\"@type\":\"WebSite\",\"@id\":\"https:\\\/\\\/lasentinelle.dz\\\/#website\",\"url\":\"https:\\\/\\\/lasentinelle.dz\\\/\",\"name\":\"La Sentinelle\",\"description\":\"Quotidien national d'information\",\"inLanguage\":\"fr-FR\",\"publisher\":{\"@id\":\"https:\\\/\\\/lasentinelle.dz\\\/#organization\"}}]}\n\t\t<\/script>\n\t\t<!-- All in One SEO -->\n\n","aioseo_head_json":{"title":"T\u00e9bessa : Le foncier \u00e9conomique pass\u00e9 au peigne fin - La Sentinelle","description":"\u00c0 T\u00e9bessa, les autorit\u00e9s locales acc\u00e9l\u00e8rent l'assainissement du foncier \u00e9conomique afin de lib\u00e9rer de nouvelles assiettes au profit de l'investissement productif. Une op\u00e9ration qui vise \u00e0 mettre fin aux situations de blocage et \u00e0 disposer d'une cartographie pr\u00e9cise des terrains r\u00e9ellement mobilisables. La wilaya de T\u00e9bessa veut remettre de l'ordre dans son patrimoine foncier \u00e9conomique.","canonical_url":"https:\/\/lasentinelle.dz\/index.php\/2026\/08\/31\/tebessa-le-foncier-economique-passe-au-peigne-fin\/","robots":"max-image-preview:large","keywords":"","webmasterTools":{"miscellaneous":""},"schema":{"@context":"https:\/\/schema.org","@graph":[{"@type":"BlogPosting","@id":"https:\/\/lasentinelle.dz\/index.php\/2026\/08\/31\/tebessa-le-foncier-economique-passe-au-peigne-fin\/#blogposting","name":"T\u00e9bessa : Le foncier \u00e9conomique pass\u00e9 au peigne fin - La Sentinelle","headline":"T\u00e9bessa\u00a0: Le foncier \u00e9conomique pass\u00e9 au peigne fin","author":{"@id":"https:\/\/lasentinelle.dz\/author\/admin\/#author"},"publisher":{"@id":"https:\/\/lasentinelle.dz\/#organization"},"image":{"@type":"ImageObject","url":"https:\/\/lasentinelle.dz\/wp-content\/uploads\/2026\/08\/foncier.jpg","width":580,"height":350},"datePublished":"2026-08-31T11:31:43+01:00","dateModified":"2026-08-31T11:31:46+01:00","inLanguage":"fr-FR","mainEntityOfPage":{"@id":"https:\/\/lasentinelle.dz\/index.php\/2026\/08\/31\/tebessa-le-foncier-economique-passe-au-peigne-fin\/#webpage"},"isPartOf":{"@id":"https:\/\/lasentinelle.dz\/index.php\/2026\/08\/31\/tebessa-le-foncier-economique-passe-au-peigne-fin\/#webpage"},"articleSection":"R\u00e9gions"},{"@type":"BreadcrumbList","@id":"https:\/\/lasentinelle.dz\/index.php\/2026\/08\/31\/tebessa-le-foncier-economique-passe-au-peigne-fin\/#breadcrumblist","itemListElement":[{"@type":"ListItem","@id":"https:\/\/lasentinelle.dz#listItem","position":1,"name":"Home","item":"https:\/\/lasentinelle.dz","nextItem":{"@type":"ListItem","@id":"https:\/\/lasentinelle.dz\/index.php\/category\/regions\/#listItem","name":"R\u00e9gions"}},{"@type":"ListItem","@id":"https:\/\/lasentinelle.dz\/index.php\/category\/regions\/#listItem","position":2,"name":"R\u00e9gions","item":"https:\/\/lasentinelle.dz\/index.php\/category\/regions\/","nextItem":{"@type":"ListItem","@id":"https:\/\/lasentinelle.dz\/index.php\/2026\/08\/31\/tebessa-le-foncier-economique-passe-au-peigne-fin\/#listItem","name":"T\u00e9bessa\u00a0: Le foncier \u00e9conomique pass\u00e9 au peigne fin"},"previousItem":{"@type":"ListItem","@id":"https:\/\/lasentinelle.dz#listItem","name":"Home"}},{"@type":"ListItem","@id":"https:\/\/lasentinelle.dz\/index.php\/2026\/08\/31\/tebessa-le-foncier-economique-passe-au-peigne-fin\/#listItem","position":3,"name":"T\u00e9bessa\u00a0: Le foncier \u00e9conomique pass\u00e9 au peigne fin","previousItem":{"@type":"ListItem","@id":"https:\/\/lasentinelle.dz\/index.php\/category\/regions\/#listItem","name":"R\u00e9gions"}}]},{"@type":"Organization","@id":"https:\/\/lasentinelle.dz\/#organization","name":"La Sentinelle La Sentinelle","description":"Quotidien national d'information","url":"https:\/\/lasentinelle.dz\/","logo":{"@type":"ImageObject","url":"https:\/\/lasentinelle.dz\/wp-content\/uploads\/2021\/09\/cropped-la-sentinelle-earth-golden-anima-5.gif","@id":"https:\/\/lasentinelle.dz\/index.php\/2026\/08\/31\/tebessa-le-foncier-economique-passe-au-peigne-fin\/#organizationLogo","width":450,"height":213},"image":{"@id":"https:\/\/lasentinelle.dz\/index.php\/2026\/08\/31\/tebessa-le-foncier-economique-passe-au-peigne-fin\/#organizationLogo"},"sameAs":["https:\/\/www.facebook.com\/azzedine.lasentinelle.1"]},{"@type":"Person","@id":"https:\/\/lasentinelle.dz\/author\/admin\/#author","url":"https:\/\/lasentinelle.dz\/author\/admin\/","name":"admin","image":{"@type":"ImageObject","@id":"https:\/\/lasentinelle.dz\/index.php\/2026\/08\/31\/tebessa-le-foncier-economique-passe-au-peigne-fin\/#authorImage","url":"https:\/\/secure.gravatar.com\/avatar\/4c81fed838786e9b53f540bf46533e750f5d292099ae3b66cfc6fb1982e29df7?s=96&d=mm&r=g","width":96,"height":96,"caption":"admin"}},{"@type":"WebPage","@id":"https:\/\/lasentinelle.dz\/index.php\/2026\/08\/31\/tebessa-le-foncier-economique-passe-au-peigne-fin\/#webpage","url":"https:\/\/lasentinelle.dz\/index.php\/2026\/08\/31\/tebessa-le-foncier-economique-passe-au-peigne-fin\/","name":"T\u00e9bessa : Le foncier \u00e9conomique pass\u00e9 au peigne fin - La Sentinelle","description":"\u00c0 T\u00e9bessa, les autorit\u00e9s locales acc\u00e9l\u00e8rent l'assainissement du foncier \u00e9conomique afin de lib\u00e9rer de nouvelles assiettes au profit de l'investissement productif. Une op\u00e9ration qui vise \u00e0 mettre fin aux situations de blocage et \u00e0 disposer d'une cartographie pr\u00e9cise des terrains r\u00e9ellement mobilisables. La wilaya de T\u00e9bessa veut remettre de l'ordre dans son patrimoine foncier \u00e9conomique.","inLanguage":"fr-FR","isPartOf":{"@id":"https:\/\/lasentinelle.dz\/#website"},"breadcrumb":{"@id":"https:\/\/lasentinelle.dz\/index.php\/2026\/08\/31\/tebessa-le-foncier-economique-passe-au-peigne-fin\/#breadcrumblist"},"author":{"@id":"https:\/\/lasentinelle.dz\/author\/admin\/#author"},"creator":{"@id":"https:\/\/lasentinelle.dz\/author\/admin\/#author"},"image":{"@type":"ImageObject","url":"https:\/\/lasentinelle.dz\/wp-content\/uploads\/2026\/08\/foncier.jpg","@id":"https:\/\/lasentinelle.dz\/index.php\/2026\/08\/31\/tebessa-le-foncier-economique-passe-au-peigne-fin\/#mainImage","width":580,"height":350},"primaryImageOfPage":{"@id":"https:\/\/lasentinelle.dz\/index.php\/2026\/08\/31\/tebessa-le-foncier-economique-passe-au-peigne-fin\/#mainImage"},"datePublished":"2026-08-31T11:31:43+01:00","dateModified":"2026-08-31T11:31:46+01:00"},{"@type":"WebSite","@id":"https:\/\/lasentinelle.dz\/#website","url":"https:\/\/lasentinelle.dz\/","name":"La Sentinelle","description":"Quotidien national d'information","inLanguage":"fr-FR","publisher":{"@id":"https:\/\/lasentinelle.dz\/#organization"}}]},"og:locale":"fr_FR","og:site_name":"La Sentinelle - Quotidien national d'information","og:type":"article","og:title":"T\u00e9bessa : Le foncier \u00e9conomique pass\u00e9 au peigne fin - La Sentinelle","og:description":"\u00c0 T\u00e9bessa, les autorit\u00e9s locales acc\u00e9l\u00e8rent l'assainissement du foncier \u00e9conomique afin de lib\u00e9rer de nouvelles assiettes au profit de l'investissement productif. Une op\u00e9ration qui vise \u00e0 mettre fin aux situations de blocage et \u00e0 disposer d'une cartographie pr\u00e9cise des terrains r\u00e9ellement mobilisables. La wilaya de T\u00e9bessa veut remettre de l'ordre dans son patrimoine foncier \u00e9conomique.","og:url":"https:\/\/lasentinelle.dz\/index.php\/2026\/08\/31\/tebessa-le-foncier-economique-passe-au-peigne-fin\/","og:image":"https:\/\/lasentinelle.dz\/wp-content\/uploads\/2021\/09\/cropped-la-sentinelle-earth-golden-anima-5.gif","og:image:secure_url":"https:\/\/lasentinelle.dz\/wp-content\/uploads\/2021\/09\/cropped-la-sentinelle-earth-golden-anima-5.gif","og:image:width":450,"og:image:height":213,"article:published_time":"2026-08-31T10:31:43+00:00","article:modified_time":"2026-08-31T10:31:46+00:00","article:publisher":"https:\/\/www.facebook.com\/azzedine.lasentinelle.1","twitter:card":"summary_large_image","twitter:title":"T\u00e9bessa : Le foncier \u00e9conomique pass\u00e9 au peigne fin - La Sentinelle","twitter:description":"\u00c0 T\u00e9bessa, les autorit\u00e9s locales acc\u00e9l\u00e8rent l'assainissement du foncier \u00e9conomique afin de lib\u00e9rer de nouvelles assiettes au profit de l'investissement productif. Une op\u00e9ration qui vise \u00e0 mettre fin aux situations de blocage et \u00e0 disposer d'une cartographie pr\u00e9cise des terrains r\u00e9ellement mobilisables. La wilaya de T\u00e9bessa veut remettre de l'ordre dans son patrimoine foncier \u00e9conomique.","twitter:image":"https:\/\/lasentinelle.dz\/wp-content\/uploads\/2021\/09\/cropped-la-sentinelle-earth-golden-anima-5.gif"},"aioseo_meta_data":{"post_id":"94631","title":null,"description":null,"keywords":null,"keyphrases":{"focus":{"keyphrase":"","score":0,"analysis":{"keyphraseInTitle":{"score":0,"maxScore":9,"error":1}}},"additional":[]},"primary_term":null,"canonical_url":null,"og_title":null,"og_description":null,"og_object_type":"default","og_image_type":"default","og_image_url":null,"og_image_width":null,"og_image_height":null,"og_image_custom_url":null,"og_image_custom_fields":null,"og_video":"","og_custom_url":null,"og_article_section":null,"og_article_tags":null,"twitter_use_og":false,"twitter_card":"default","twitter_image_type":"default","twitter_image_url":null,"twitter_image_custom_url":null,"twitter_image_custom_fields":null,"twitter_title":null,"twitter_description":null,"schema":{"blockGraphs":[],"customGraphs":[],"default":{"data":{"Article":[],"Course":[],"Dataset":[],"FAQPage":[],"Movie":[],"Person":[],"Product":[],"ProductReview":[],"Car":[],"Recipe":[],"Service":[],"SoftwareApplication":[],"WebPage":[]},"graphName":"BlogPosting","isEnabled":true},"graphs":[]},"schema_type":"default","schema_type_options":null,"pillar_content":false,"robots_default":true,"robots_noindex":false,"robots_noarchive":false,"robots_nosnippet":false,"robots_nofollow":false,"robots_noimageindex":false,"robots_noodp":false,"robots_notranslate":false,"robots_max_snippet":"-1","robots_max_videopreview":"-1","robots_max_imagepreview":"large","priority":null,"frequency":"default","local_seo":null,"breadcrumb_settings":null,"limit_modified_date":false,"ai":{"faqs":[],"keyPoints":[],"schemas":[],"titles":[],"descriptions":[],"socialPosts":{"email":{"subject":"","preview":"","content":""},"linkedin":[],"twitter":[],"facebook":[],"instagram":[]}},"created":"2026-08-31 10:31:46","updated":"2026-08-31 11:21:57","focus_keyword":null,"additional_keywords":null,"truseo_locale":null,"seo_analyzer_scan_date":null},"aioseo_breadcrumb":"<div class=\"aioseo-breadcrumbs\"><span class=\"aioseo-breadcrumb\">\n\t\t\t<a href=\"https:\/\/lasentinelle.dz\" title=\"Home\">Home<\/a>\n\t\t<\/span><span class=\"aioseo-breadcrumb-separator\">&raquo;<\/span><span class=\"aioseo-breadcrumb\">\n\t\t\t<a href=\"https:\/\/lasentinelle.dz\/index.php\/category\/regions\/\" title=\"R\u00e9gions\">R\u00e9gions<\/a>\n\t\t<\/span><span class=\"aioseo-breadcrumb-separator\">&raquo;<\/span><span class=\"aioseo-breadcrumb\">\n\t\t\tT\u00e9bessa : Le foncier \u00e9conomique pass\u00e9 au peigne fin\n\t\t<\/span><\/div>","aioseo_breadcrumb_json":[{"label":"Home","link":"https:\/\/lasentinelle.dz"},{"label":"R\u00e9gions","link":"https:\/\/lasentinelle.dz\/index.php\/category\/regions\/"},{"label":"T\u00e9bessa\u00a0: Le foncier \u00e9conomique pass\u00e9 au peigne fin","link":"https:\/\/lasentinelle.dz\/index.php\/2026\/08\/31\/tebessa-le-foncier-economique-passe-au-peigne-fin\/"}],"yoast_head":"<!-- This site is optimized with the Yoast SEO plugin v28.3 - https:\/\/yoast.com\/product\/yoast-seo-wordpress\/ -->\n<title>T\u00e9bessa\u00a0: Le foncier \u00e9conomique pass\u00e9 au peigne fin - La Sentinelle<\/title>\n<meta name=\"robots\" content=\"index, follow, max-snippet:-1, max-image-preview:large, max-video-preview:-1\" \/>\n<link rel=\"canonical\" href=\"https:\/\/lasentinelle.dz\/index.php\/2026\/08\/31\/tebessa-le-foncier-economique-passe-au-peigne-fin\/\" \/>\n<meta property=\"og:locale\" content=\"fr_FR\" \/>\n<meta property=\"og:type\" content=\"article\" \/>\n<meta property=\"og:title\" content=\"T\u00e9bessa\u00a0: Le foncier \u00e9conomique pass\u00e9 au peigne fin - La Sentinelle\" \/>\n<meta property=\"og:description\" content=\"\u00c0 T\u00e9bessa, les autorit\u00e9s locales acc\u00e9l\u00e8rent l&rsquo;assainissement du foncier \u00e9conomique afin de lib\u00e9rer de nouvelles assiettes au profit de l&rsquo;investissement\" \/>\n<meta property=\"og:url\" content=\"https:\/\/lasentinelle.dz\/index.php\/2026\/08\/31\/tebessa-le-foncier-economique-passe-au-peigne-fin\/\" \/>\n<meta property=\"og:site_name\" content=\"La Sentinelle\" \/>\n<meta property=\"article:publisher\" content=\"https:\/\/www.facebook.com\/La-Sentinelle-104059864394773\" \/>\n<meta property=\"article:published_time\" content=\"2026-08-31T10:31:43+00:00\" \/>\n<meta property=\"article:modified_time\" content=\"2026-08-31T10:31:46+00:00\" \/>\n<meta property=\"og:image\" content=\"https:\/\/lasentinelle.dz\/wp-content\/uploads\/2026\/08\/foncier.jpg\" \/>\n\t<meta property=\"og:image:width\" content=\"580\" \/>\n\t<meta property=\"og:image:height\" content=\"350\" \/>\n\t<meta property=\"og:image:type\" content=\"image\/jpeg\" \/>\n<meta name=\"author\" content=\"admin\" \/>\n<meta name=\"twitter:card\" content=\"summary_large_image\" \/>\n<meta name=\"twitter:label1\" content=\"\u00c9crit par\" \/>\n\t<meta name=\"twitter:data1\" content=\"admin\" \/>\n\t<meta name=\"twitter:label2\" content=\"Dur\u00e9e de lecture estim\u00e9e\" \/>\n\t<meta name=\"twitter:data2\" content=\"3 minutes\" \/>\n<script type=\"application\/ld+json\" class=\"yoast-schema-graph\">{\"@context\":\"https:\\\/\\\/schema.org\",\"@graph\":[{\"@type\":\"Article\",\"@id\":\"https:\\\/\\\/lasentinelle.dz\\\/index.php\\\/2026\\\/08\\\/31\\\/tebessa-le-foncier-economique-passe-au-peigne-fin\\\/#article\",\"isPartOf\":{\"@id\":\"https:\\\/\\\/lasentinelle.dz\\\/index.php\\\/2026\\\/08\\\/31\\\/tebessa-le-foncier-economique-passe-au-peigne-fin\\\/\"},\"author\":{\"name\":\"admin\",\"@id\":\"https:\\\/\\\/lasentinelle.dz\\\/#\\\/schema\\\/person\\\/729ee0024f24e0b8c5ec17232f8e8b41\"},\"headline\":\"T\u00e9bessa\u00a0: Le foncier \u00e9conomique pass\u00e9 au peigne fin\",\"datePublished\":\"2026-08-31T10:31:43+00:00\",\"dateModified\":\"2026-08-31T10:31:46+00:00\",\"mainEntityOfPage\":{\"@id\":\"https:\\\/\\\/lasentinelle.dz\\\/index.php\\\/2026\\\/08\\\/31\\\/tebessa-le-foncier-economique-passe-au-peigne-fin\\\/\"},\"wordCount\":619,\"commentCount\":0,\"publisher\":{\"@id\":\"https:\\\/\\\/lasentinelle.dz\\\/#organization\"},\"image\":{\"@id\":\"https:\\\/\\\/lasentinelle.dz\\\/index.php\\\/2026\\\/08\\\/31\\\/tebessa-le-foncier-economique-passe-au-peigne-fin\\\/#primaryimage\"},\"thumbnailUrl\":\"https:\\\/\\\/lasentinelle.dz\\\/wp-content\\\/uploads\\\/2026\\\/08\\\/foncier.jpg\",\"articleSection\":[\"R\u00e9gions\"],\"inLanguage\":\"fr-FR\",\"potentialAction\":[{\"@type\":\"CommentAction\",\"name\":\"Comment\",\"target\":[\"https:\\\/\\\/lasentinelle.dz\\\/index.php\\\/2026\\\/08\\\/31\\\/tebessa-le-foncier-economique-passe-au-peigne-fin\\\/#respond\"]}]},{\"@type\":\"WebPage\",\"@id\":\"https:\\\/\\\/lasentinelle.dz\\\/index.php\\\/2026\\\/08\\\/31\\\/tebessa-le-foncier-economique-passe-au-peigne-fin\\\/\",\"url\":\"https:\\\/\\\/lasentinelle.dz\\\/index.php\\\/2026\\\/08\\\/31\\\/tebessa-le-foncier-economique-passe-au-peigne-fin\\\/\",\"name\":\"T\u00e9bessa\u00a0: Le foncier \u00e9conomique pass\u00e9 au peigne fin - La Sentinelle\",\"isPartOf\":{\"@id\":\"https:\\\/\\\/lasentinelle.dz\\\/#website\"},\"primaryImageOfPage\":{\"@id\":\"https:\\\/\\\/lasentinelle.dz\\\/index.php\\\/2026\\\/08\\\/31\\\/tebessa-le-foncier-economique-passe-au-peigne-fin\\\/#primaryimage\"},\"image\":{\"@id\":\"https:\\\/\\\/lasentinelle.dz\\\/index.php\\\/2026\\\/08\\\/31\\\/tebessa-le-foncier-economique-passe-au-peigne-fin\\\/#primaryimage\"},\"thumbnailUrl\":\"https:\\\/\\\/lasentinelle.dz\\\/wp-content\\\/uploads\\\/2026\\\/08\\\/foncier.jpg\",\"datePublished\":\"2026-08-31T10:31:43+00:00\",\"dateModified\":\"2026-08-31T10:31:46+00:00\",\"breadcrumb\":{\"@id\":\"https:\\\/\\\/lasentinelle.dz\\\/index.php\\\/2026\\\/08\\\/31\\\/tebessa-le-foncier-economique-passe-au-peigne-fin\\\/#breadcrumb\"},\"inLanguage\":\"fr-FR\",\"potentialAction\":[{\"@type\":\"ReadAction\",\"target\":[\"https:\\\/\\\/lasentinelle.dz\\\/index.php\\\/2026\\\/08\\\/31\\\/tebessa-le-foncier-economique-passe-au-peigne-fin\\\/\"]}]},{\"@type\":\"ImageObject\",\"inLanguage\":\"fr-FR\",\"@id\":\"https:\\\/\\\/lasentinelle.dz\\\/index.php\\\/2026\\\/08\\\/31\\\/tebessa-le-foncier-economique-passe-au-peigne-fin\\\/#primaryimage\",\"url\":\"https:\\\/\\\/lasentinelle.dz\\\/wp-content\\\/uploads\\\/2026\\\/08\\\/foncier.jpg\",\"contentUrl\":\"https:\\\/\\\/lasentinelle.dz\\\/wp-content\\\/uploads\\\/2026\\\/08\\\/foncier.jpg\",\"width\":580,\"height\":350},{\"@type\":\"BreadcrumbList\",\"@id\":\"https:\\\/\\\/lasentinelle.dz\\\/index.php\\\/2026\\\/08\\\/31\\\/tebessa-le-foncier-economique-passe-au-peigne-fin\\\/#breadcrumb\",\"itemListElement\":[{\"@type\":\"ListItem\",\"position\":1,\"name\":\"Accueil\",\"item\":\"https:\\\/\\\/lasentinelle.dz\\\/\"},{\"@type\":\"ListItem\",\"position\":2,\"name\":\"T\u00e9bessa\u00a0: Le foncier \u00e9conomique pass\u00e9 au peigne fin\"}]},{\"@type\":\"WebSite\",\"@id\":\"https:\\\/\\\/lasentinelle.dz\\\/#website\",\"url\":\"https:\\\/\\\/lasentinelle.dz\\\/\",\"name\":\"La Sentinelle\",\"description\":\"Quotidien national d&#039;information\",\"publisher\":{\"@id\":\"https:\\\/\\\/lasentinelle.dz\\\/#organization\"},\"potentialAction\":[{\"@type\":\"SearchAction\",\"target\":{\"@type\":\"EntryPoint\",\"urlTemplate\":\"https:\\\/\\\/lasentinelle.dz\\\/?s={search_term_string}\"},\"query-input\":{\"@type\":\"PropertyValueSpecification\",\"valueRequired\":true,\"valueName\":\"search_term_string\"}}],\"inLanguage\":\"fr-FR\"},{\"@type\":\"Organization\",\"@id\":\"https:\\\/\\\/lasentinelle.dz\\\/#organization\",\"name\":\"Quotidien La Sentinelle\",\"url\":\"https:\\\/\\\/lasentinelle.dz\\\/\",\"logo\":{\"@type\":\"ImageObject\",\"inLanguage\":\"fr-FR\",\"@id\":\"https:\\\/\\\/lasentinelle.dz\\\/#\\\/schema\\\/logo\\\/image\\\/\",\"url\":\"https:\\\/\\\/lasentinelle.dz\\\/wp-content\\\/uploads\\\/2021\\\/09\\\/logo-sentinelleSLOGAN-1.png\",\"contentUrl\":\"https:\\\/\\\/lasentinelle.dz\\\/wp-content\\\/uploads\\\/2021\\\/09\\\/logo-sentinelleSLOGAN-1.png\",\"width\":615,\"height\":142,\"caption\":\"Quotidien La Sentinelle\"},\"image\":{\"@id\":\"https:\\\/\\\/lasentinelle.dz\\\/#\\\/schema\\\/logo\\\/image\\\/\"},\"sameAs\":[\"https:\\\/\\\/www.facebook.com\\\/La-Sentinelle-104059864394773\"]},{\"@type\":\"Person\",\"@id\":\"https:\\\/\\\/lasentinelle.dz\\\/#\\\/schema\\\/person\\\/729ee0024f24e0b8c5ec17232f8e8b41\",\"name\":\"admin\",\"image\":{\"@type\":\"ImageObject\",\"inLanguage\":\"fr-FR\",\"@id\":\"https:\\\/\\\/secure.gravatar.com\\\/avatar\\\/4c81fed838786e9b53f540bf46533e750f5d292099ae3b66cfc6fb1982e29df7?s=96&d=mm&r=g\",\"url\":\"https:\\\/\\\/secure.gravatar.com\\\/avatar\\\/4c81fed838786e9b53f540bf46533e750f5d292099ae3b66cfc6fb1982e29df7?s=96&d=mm&r=g\",\"contentUrl\":\"https:\\\/\\\/secure.gravatar.com\\\/avatar\\\/4c81fed838786e9b53f540bf46533e750f5d292099ae3b66cfc6fb1982e29df7?s=96&d=mm&r=g\",\"caption\":\"admin\"},\"description\":\"admin\",\"url\":\"https:\\\/\\\/lasentinelle.dz\\\/author\\\/admin\\\/\"}]}<\/script>\n<!-- \/ Yoast SEO plugin. -->","yoast_head_json":{"title":"T\u00e9bessa\u00a0: Le foncier \u00e9conomique pass\u00e9 au peigne fin - La Sentinelle","robots":{"index":"index","follow":"follow","max-snippet":"max-snippet:-1","max-image-preview":"max-image-preview:large","max-video-preview":"max-video-preview:-1"},"canonical":"https:\/\/lasentinelle.dz\/index.php\/2026\/08\/31\/tebessa-le-foncier-economique-passe-au-peigne-fin\/","og_locale":"fr_FR","og_type":"article","og_title":"T\u00e9bessa\u00a0: Le foncier \u00e9conomique pass\u00e9 au peigne fin - La Sentinelle","og_description":"\u00c0 T\u00e9bessa, les autorit\u00e9s locales acc\u00e9l\u00e8rent l&rsquo;assainissement du foncier \u00e9conomique afin de lib\u00e9rer de nouvelles assiettes au profit de l&rsquo;investissement","og_url":"https:\/\/lasentinelle.dz\/index.php\/2026\/08\/31\/tebessa-le-foncier-economique-passe-au-peigne-fin\/","og_site_name":"La Sentinelle","article_publisher":"https:\/\/www.facebook.com\/La-Sentinelle-104059864394773","article_published_time":"2026-08-31T10:31:43+00:00","article_modified_time":"2026-08-31T10:31:46+00:00","og_image":[{"width":580,"height":350,"url":"https:\/\/lasentinelle.dz\/wp-content\/uploads\/2026\/08\/foncier.jpg","type":"image\/jpeg"}],"author":"admin","twitter_card":"summary_large_image","twitter_misc":{"\u00c9crit par":"admin","Dur\u00e9e de lecture estim\u00e9e":"3 minutes"},"schema":{"@context":"https:\/\/schema.org","@graph":[{"@type":"Article","@id":"https:\/\/lasentinelle.dz\/index.php\/2026\/08\/31\/tebessa-le-foncier-economique-passe-au-peigne-fin\/#article","isPartOf":{"@id":"https:\/\/lasentinelle.dz\/index.php\/2026\/08\/31\/tebessa-le-foncier-economique-passe-au-peigne-fin\/"},"author":{"name":"admin","@id":"https:\/\/lasentinelle.dz\/#\/schema\/person\/729ee0024f24e0b8c5ec17232f8e8b41"},"headline":"T\u00e9bessa\u00a0: Le foncier \u00e9conomique pass\u00e9 au peigne fin","datePublished":"2026-08-31T10:31:43+00:00","dateModified":"2026-08-31T10:31:46+00:00","mainEntityOfPage":{"@id":"https:\/\/lasentinelle.dz\/index.php\/2026\/08\/31\/tebessa-le-foncier-economique-passe-au-peigne-fin\/"},"wordCount":619,"commentCount":0,"publisher":{"@id":"https:\/\/lasentinelle.dz\/#organization"},"image":{"@id":"https:\/\/lasentinelle.dz\/index.php\/2026\/08\/31\/tebessa-le-foncier-economique-passe-au-peigne-fin\/#primaryimage"},"thumbnailUrl":"https:\/\/lasentinelle.dz\/wp-content\/uploads\/2026\/08\/foncier.jpg","articleSection":["R\u00e9gions"],"inLanguage":"fr-FR","potentialAction":[{"@type":"CommentAction","name":"Comment","target":["https:\/\/lasentinelle.dz\/index.php\/2026\/08\/31\/tebessa-le-foncier-economique-passe-au-peigne-fin\/#respond"]}]},{"@type":"WebPage","@id":"https:\/\/lasentinelle.dz\/index.php\/2026\/08\/31\/tebessa-le-foncier-economique-passe-au-peigne-fin\/","url":"https:\/\/lasentinelle.dz\/index.php\/2026\/08\/31\/tebessa-le-foncier-economique-passe-au-peigne-fin\/","name":"T\u00e9bessa\u00a0: Le foncier \u00e9conomique pass\u00e9 au peigne fin - La Sentinelle","isPartOf":{"@id":"https:\/\/lasentinelle.dz\/#website"},"primaryImageOfPage":{"@id":"https:\/\/lasentinelle.dz\/index.php\/2026\/08\/31\/tebessa-le-foncier-economique-passe-au-peigne-fin\/#primaryimage"},"image":{"@id":"https:\/\/lasentinelle.dz\/index.php\/2026\/08\/31\/tebessa-le-foncier-economique-passe-au-peigne-fin\/#primaryimage"},"thumbnailUrl":"https:\/\/lasentinelle.dz\/wp-content\/uploads\/2026\/08\/foncier.jpg","datePublished":"2026-08-31T10:31:43+00:00","dateModified":"2026-08-31T10:31:46+00:00","breadcrumb":{"@id":"https:\/\/lasentinelle.dz\/index.php\/2026\/08\/31\/tebessa-le-foncier-economique-passe-au-peigne-fin\/#breadcrumb"},"inLanguage":"fr-FR","potentialAction":[{"@type":"ReadAction","target":["https:\/\/lasentinelle.dz\/index.php\/2026\/08\/31\/tebessa-le-foncier-economique-passe-au-peigne-fin\/"]}]},{"@type":"ImageObject","inLanguage":"fr-FR","@id":"https:\/\/lasentinelle.dz\/index.php\/2026\/08\/31\/tebessa-le-foncier-economique-passe-au-peigne-fin\/#primaryimage","url":"https:\/\/lasentinelle.dz\/wp-content\/uploads\/2026\/08\/foncier.jpg","contentUrl":"https:\/\/lasentinelle.dz\/wp-content\/uploads\/2026\/08\/foncier.jpg","width":580,"height":350},{"@type":"BreadcrumbList","@id":"https:\/\/lasentinelle.dz\/index.php\/2026\/08\/31\/tebessa-le-foncier-economique-passe-au-peigne-fin\/#breadcrumb","itemListElement":[{"@type":"ListItem","position":1,"name":"Accueil","item":"https:\/\/lasentinelle.dz\/"},{"@type":"ListItem","position":2,"name":"T\u00e9bessa\u00a0: Le foncier \u00e9conomique pass\u00e9 au peigne fin"}]},{"@type":"WebSite","@id":"https:\/\/lasentinelle.dz\/#website","url":"https:\/\/lasentinelle.dz\/","name":"La Sentinelle","description":"Quotidien national d&#039;information","publisher":{"@id":"https:\/\/lasentinelle.dz\/#organization"},"potentialAction":[{"@type":"SearchAction","target":{"@type":"EntryPoint","urlTemplate":"https:\/\/lasentinelle.dz\/?s={search_term_string}"},"query-input":{"@type":"PropertyValueSpecification","valueRequired":true,"valueName":"search_term_string"}}],"inLanguage":"fr-FR"},{"@type":"Organization","@id":"https:\/\/lasentinelle.dz\/#organization","name":"Quotidien La Sentinelle","url":"https:\/\/lasentinelle.dz\/","logo":{"@type":"ImageObject","inLanguage":"fr-FR","@id":"https:\/\/lasentinelle.dz\/#\/schema\/logo\/image\/","url":"https:\/\/lasentinelle.dz\/wp-content\/uploads\/2021\/09\/logo-sentinelleSLOGAN-1.png","contentUrl":"https:\/\/lasentinelle.dz\/wp-content\/uploads\/2021\/09\/logo-sentinelleSLOGAN-1.png","width":615,"height":142,"caption":"Quotidien La Sentinelle"},"image":{"@id":"https:\/\/lasentinelle.dz\/#\/schema\/logo\/image\/"},"sameAs":["https:\/\/www.facebook.com\/La-Sentinelle-104059864394773"]},{"@type":"Person","@id":"https:\/\/lasentinelle.dz\/#\/schema\/person\/729ee0024f24e0b8c5ec17232f8e8b41","name":"admin","image":{"@type":"ImageObject","inLanguage":"fr-FR","@id":"https:\/\/secure.gravatar.com\/avatar\/4c81fed838786e9b53f540bf46533e750f5d292099ae3b66cfc6fb1982e29df7?s=96&d=mm&r=g","url":"https:\/\/secure.gravatar.com\/avatar\/4c81fed838786e9b53f540bf46533e750f5d292099ae3b66cfc6fb1982e29df7?s=96&d=mm&r=g","contentUrl":"https:\/\/secure.gravatar.com\/avatar\/4c81fed838786e9b53f540bf46533e750f5d292099ae3b66cfc6fb1982e29df7?s=96&d=mm&r=g","caption":"admin"},"description":"admin","url":"https:\/\/lasentinelle.dz\/author\/admin\/"}]}},"_links":{"self":[{"href":"https:\/\/lasentinelle.dz\/index.php\/wp-json\/wp\/v2\/posts\/94631","targetHints":{"allow":["GET"]}}],"collection":[{"href":"https:\/\/lasentinelle.dz\/index.php\/wp-json\/wp\/v2\/posts"}],"about":[{"href":"https:\/\/lasentinelle.dz\/index.php\/wp-json\/wp\/v2\/types\/post"}],"author":[{"embeddable":true,"href":"https:\/\/lasentinelle.dz\/index.php\/wp-json\/wp\/v2\/users\/6"}],"replies":[{"embeddable":true,"href":"https:\/\/lasentinelle.dz\/index.php\/wp-json\/wp\/v2\/comments?post=94631"}],"version-history":[{"count":1,"href":"https:\/\/lasentinelle.dz\/index.php\/wp-json\/wp\/v2\/posts\/94631\/revisions"}],"predecessor-version":[{"id":94633,"href":"https:\/\/lasentinelle.dz\/index.php\/wp-json\/wp\/v2\/posts\/94631\/revisions\/94633"}],"wp:featuredmedia":[{"embeddable":true,"href":"https:\/\/lasentinelle.dz\/index.php\/wp-json\/wp\/v2\/media\/94632"}],"wp:attachment":[{"href":"https:\/\/lasentinelle.dz\/index.php\/wp-json\/wp\/v2\/media?parent=94631"}],"wp:term":[{"taxonomy":"category","embeddable":true,"href":"https:\/\/lasentinelle.dz\/index.php\/wp-json\/wp\/v2\/categories?post=94631"},{"taxonomy":"post_tag","embeddable":true,"href":"https:\/\/lasentinelle.dz\/index.php\/wp-json\/wp\/v2\/tags?post=94631"}],"curies":[{"name":"wp","href":"https:\/\/api.w.org\/{rel}","templated":true}]}}