{"id":94634,"date":"2026-08-31T11:33:28","date_gmt":"2026-08-31T10:33:28","guid":{"rendered":"https:\/\/lasentinelle.dz\/?p=94634"},"modified":"2026-08-31T11:33:31","modified_gmt":"2026-08-31T10:33:31","slug":"droit-de-timbre-de-lapostille-un-arrete-interministeriel-fixe-enfin-les-regles-de-perception","status":"publish","type":"post","link":"https:\/\/lasentinelle.dz\/index.php\/2026\/08\/31\/droit-de-timbre-de-lapostille-un-arrete-interministeriel-fixe-enfin-les-regles-de-perception\/","title":{"rendered":"Droit de timbre de l\u2019Apostille\u00a0: Un arr\u00eat\u00e9 interminist\u00e9riel fixe enfin les r\u00e8gles de perception"},"content":{"rendered":"\n<p class=\"wp-block-paragraph\">Un arr\u00eat\u00e9 interminist\u00e9riel encadrant la vente de la vignette d\u00e9di\u00e9e l\u2019Apostille, entr\u00e9e en vigueur depuis le 9 juillet dernier et cens\u00e9e dispenser les citoyens d&rsquo;un passage oblig\u00e9 par le minist\u00e8re des Affaires \u00e9trang\u00e8res pour authentifier leurs documents destin\u00e9s \u00e0 l&rsquo;\u00e9tranger a \u00e9t\u00e9 publi\u00e9 dans la derni\u00e8re livraison du Journal officiel.<\/p>\n\n\n\n<p class=\"wp-block-paragraph\">Dat\u00e9 du 24 Moharram 1448, correspondant au 9 juillet 2026, l&rsquo;arr\u00eat\u00e9 interminist\u00e9riel sign\u00e9 par ministre d&rsquo;\u00c9tat charg\u00e9 des Affaires \u00e9trang\u00e8res, de la Communaut\u00e9 nationale \u00e0 l&rsquo;\u00e9tranger et des Affaires africaines, du ministre des Finances et du ministre de la Poste et des T\u00e9l\u00e9communications, s&rsquo;appuie sur l&rsquo;article 142 sexies du code du timbre ainsi que sur l&rsquo;article 47 de la loi de finances 2026, et vient combler un vide proc\u00e9dural laiss\u00e9 depuis le lancement du dispositif apostille au d\u00e9but de l&rsquo;\u00e9t\u00e9. Le texte pose d&rsquo;abord une condition simple pour tout achat de vignette. L&rsquo;usager doit s&rsquo;acquitter au pr\u00e9alable du droit de timbre et pr\u00e9senter sa pi\u00e8ce d&rsquo;identit\u00e9, comme le pr\u00e9cise l&rsquo;arr\u00eat\u00e9 qui subordonne \u00ab la vente de la vignette apostille au paiement pr\u00e9alable d&rsquo;un droit de timbre, sur pr\u00e9sentation de la pi\u00e8ce d&rsquo;identit\u00e9 du demandeur \u00bb. Ce paiement s&rsquo;effectue soit aupr\u00e8s du receveur des imp\u00f4ts, soit au guichet de l&rsquo;\u00e9tablissement postal, et donne lieu \u00e0 la remise d&rsquo;une vignette autocollante s\u00e9curis\u00e9e. Le montant r\u00e9clam\u00e9 aujourd&rsquo;hui aux demandeurs s&rsquo;\u00e9l\u00e8ve \u00e0 1 500 dinars, un tarif fix\u00e9 conform\u00e9ment \u00e0 la l\u00e9gislation en vigueur.<\/p>\n\n\n\n<p class=\"wp-block-paragraph\">Autre point clarifi\u00e9 par le texte, celui de l&rsquo;apposition de la vignette. Une fois achet\u00e9e, elle ne peut \u00eatre coll\u00e9e sur le document \u00e0 l\u00e9galiser que par l&rsquo;autorit\u00e9 comp\u00e9tente, et non par le demandeur lui-m\u00eame. La distinction, bien qu&rsquo;elle paraisse technique, tranche une ambigu\u00eft\u00e9 qui aurait pu pr\u00eater \u00e0 confusion sur le terrain depuis l&rsquo;ouverture des guichets de vente.<\/p>\n\n\n\n<p class=\"wp-block-paragraph\">L&rsquo;arr\u00eat\u00e9 organise \u00e9galement la logistique d&rsquo;approvisionnement du r\u00e9seau de distribution. La direction g\u00e9n\u00e9rale des imp\u00f4ts se charge de s&rsquo;approvisionner en vignettes directement aupr\u00e8s de la Banque d&rsquo;Alg\u00e9rie, tandis que les directions des imp\u00f4ts de wilaya assurent la fourniture des \u00e9tablissements postaux, selon les besoins exprim\u00e9s localement et sans exiger de versement pr\u00e9alable de fonds de la part d&rsquo;Alg\u00e9rie Poste. Une convention distincte, conclue entre le minist\u00e8re des Finances et l&rsquo;op\u00e9rateur postal, doit fixer les modalit\u00e9s pr\u00e9cises de cet approvisionnement ainsi que le taux de commission qu&rsquo;Alg\u00e9rie Poste percevra sur le produit de la vente effective. Enfin, le texte pr\u00e9voit un m\u00e9canisme de suivi statistique. Les services fiscaux auront acc\u00e8s aux donn\u00e9es du registre national num\u00e9ris\u00e9 de d\u00e9livrance des certificats d&rsquo;apostille, une base g\u00e9r\u00e9e par le d\u00e9partement des Affaires \u00e9trang\u00e8res, ce qui doit permettre \u00e0 l&rsquo;administration de suivre en temps r\u00e9el le volume des l\u00e9galisations effectu\u00e9es \u00e0 travers le territoire national et \u00e0 l&rsquo;\u00e9tranger.<\/p>\n\n\n\n<p class=\"wp-block-paragraph\">Ce cadre r\u00e9glementaire vient ainsi consolider un dispositif cens\u00e9 simplifier consid\u00e9rablement les d\u00e9marches des Alg\u00e9riens ayant besoin de faire authentifier des dipl\u00f4mes, actes d&rsquo;\u00e9tat civil ou autres documents officiels avant de les pr\u00e9senter \u00e0 des administrations \u00e9trang\u00e8res.<\/p>\n\n\n\n<p class=\"wp-block-paragraph\">Amar Malki<\/p>\n","protected":false},"excerpt":{"rendered":"<p>Un arr\u00eat\u00e9 interminist\u00e9riel encadrant la vente de la vignette d\u00e9di\u00e9e l\u2019Apostille, entr\u00e9e en vigueur depuis le 9 juillet dernier et<\/p>\n","protected":false},"author":6,"featured_media":94635,"comment_status":"open","ping_status":"closed","sticky":false,"template":"","format":"standard","meta":{"colormag_page_container_layout":"default_layout","colormag_page_sidebar_layout":"default_layout","om_disable_all_campaigns":false,"_monsterinsights_skip_tracking":false,"footnotes":"","_wpscppro_dont_share_socialmedia":false,"_wpscppro_custom_social_share_image":0,"_facebook_share_type":"default","_twitter_share_type":"default","_linkedin_share_type":"default","_pinterest_share_type":"default","_linkedin_share_type_page":"","_instagram_share_type":"default","_medium_share_type":"default","_threads_share_type":"default","_google_business_share_type":"default","_bluesky_share_type":"default","_mastodon_share_type":"default","_selected_social_profile":[],"_wpsp_enable_custom_social_template":false,"_wpsp_social_scheduling":{"enabled":false,"datetime":null,"platforms":[],"status":"template_only","dateOption":"today","timeOption":"now","customDays":"","customHours":"","customDate":"","customTime":"","schedulingType":"absolute"},"_wpsp_active_default_template":true},"categories":[29],"tags":[],"class_list":["post-94634","post","type-post","status-publish","format-standard","has-post-thumbnail","hentry","category-economie"],"aioseo_notices":[],"aioseo_head":"\n\t\t<!-- All in One SEO 5.0.0.1 - aioseo.com -->\n\t<meta name=\"description\" content=\"Un arr\u00eat\u00e9 interminist\u00e9riel encadrant la vente de la vignette d\u00e9di\u00e9e l\u2019Apostille, entr\u00e9e en vigueur depuis le 9 juillet dernier et cens\u00e9e dispenser les citoyens d&#039;un passage oblig\u00e9 par le minist\u00e8re des Affaires \u00e9trang\u00e8res pour authentifier leurs documents destin\u00e9s \u00e0 l&#039;\u00e9tranger a \u00e9t\u00e9 publi\u00e9 dans la derni\u00e8re livraison du Journal officiel. Dat\u00e9 du 24 Moharram 1448,\" \/>\n\t<meta name=\"robots\" content=\"max-image-preview:large\" \/>\n\t<meta name=\"author\" content=\"admin\"\/>\n\t<link rel=\"canonical\" href=\"https:\/\/lasentinelle.dz\/index.php\/2026\/08\/31\/droit-de-timbre-de-lapostille-un-arrete-interministeriel-fixe-enfin-les-regles-de-perception\/\" \/>\n\t<meta name=\"generator\" content=\"All in One SEO (AIOSEO) 5.0.0.1\" \/>\n\t\t<meta property=\"og:locale\" content=\"fr_FR\" \/>\n\t\t<meta property=\"og:site_name\" content=\"La Sentinelle - Quotidien national d&#039;information\" \/>\n\t\t<meta property=\"og:type\" content=\"article\" \/>\n\t\t<meta property=\"og:title\" content=\"Droit de timbre de l\u2019Apostille : Un arr\u00eat\u00e9 interminist\u00e9riel fixe enfin les r\u00e8gles de perception - La Sentinelle\" \/>\n\t\t<meta property=\"og:description\" content=\"Un arr\u00eat\u00e9 interminist\u00e9riel encadrant la vente de la vignette d\u00e9di\u00e9e l\u2019Apostille, entr\u00e9e en vigueur depuis le 9 juillet dernier et cens\u00e9e dispenser les citoyens d&#039;un passage oblig\u00e9 par le minist\u00e8re des Affaires \u00e9trang\u00e8res pour authentifier leurs documents destin\u00e9s \u00e0 l&#039;\u00e9tranger a \u00e9t\u00e9 publi\u00e9 dans la derni\u00e8re livraison du Journal officiel. Dat\u00e9 du 24 Moharram 1448,\" \/>\n\t\t<meta property=\"og:url\" content=\"https:\/\/lasentinelle.dz\/index.php\/2026\/08\/31\/droit-de-timbre-de-lapostille-un-arrete-interministeriel-fixe-enfin-les-regles-de-perception\/\" \/>\n\t\t<meta property=\"og:image\" content=\"https:\/\/lasentinelle.dz\/wp-content\/uploads\/2021\/09\/cropped-la-sentinelle-earth-golden-anima-5.gif\" \/>\n\t\t<meta property=\"og:image:secure_url\" content=\"https:\/\/lasentinelle.dz\/wp-content\/uploads\/2021\/09\/cropped-la-sentinelle-earth-golden-anima-5.gif\" \/>\n\t\t<meta property=\"og:image:width\" content=\"450\" \/>\n\t\t<meta property=\"og:image:height\" content=\"213\" \/>\n\t\t<meta property=\"article:published_time\" content=\"2026-08-31T10:33:28+00:00\" \/>\n\t\t<meta property=\"article:modified_time\" content=\"2026-08-31T10:33:31+00:00\" \/>\n\t\t<meta property=\"article:publisher\" content=\"https:\/\/www.facebook.com\/azzedine.lasentinelle.1\" \/>\n\t\t<meta name=\"twitter:card\" content=\"summary_large_image\" \/>\n\t\t<meta name=\"twitter:title\" content=\"Droit de timbre de l\u2019Apostille : Un arr\u00eat\u00e9 interminist\u00e9riel fixe enfin les r\u00e8gles de perception - La Sentinelle\" \/>\n\t\t<meta name=\"twitter:description\" content=\"Un arr\u00eat\u00e9 interminist\u00e9riel encadrant la vente de la vignette d\u00e9di\u00e9e l\u2019Apostille, entr\u00e9e en vigueur depuis le 9 juillet dernier et cens\u00e9e dispenser les citoyens d&#039;un passage oblig\u00e9 par le minist\u00e8re des Affaires \u00e9trang\u00e8res pour authentifier leurs documents destin\u00e9s \u00e0 l&#039;\u00e9tranger a \u00e9t\u00e9 publi\u00e9 dans la derni\u00e8re livraison du Journal officiel. Dat\u00e9 du 24 Moharram 1448,\" \/>\n\t\t<meta name=\"twitter:image\" content=\"https:\/\/lasentinelle.dz\/wp-content\/uploads\/2021\/09\/cropped-la-sentinelle-earth-golden-anima-5.gif\" \/>\n\t\t<script type=\"application\/ld+json\" class=\"aioseo-schema\">\n\t\t\t{\"@context\":\"https:\\\/\\\/schema.org\",\"@graph\":[{\"@type\":\"BlogPosting\",\"@id\":\"https:\\\/\\\/lasentinelle.dz\\\/index.php\\\/2026\\\/08\\\/31\\\/droit-de-timbre-de-lapostille-un-arrete-interministeriel-fixe-enfin-les-regles-de-perception\\\/#blogposting\",\"name\":\"Droit de timbre de l\\u2019Apostille : Un arr\\u00eat\\u00e9 interminist\\u00e9riel fixe enfin les r\\u00e8gles de perception - La Sentinelle\",\"headline\":\"Droit de timbre de l\\u2019Apostille\\u00a0: Un arr\\u00eat\\u00e9 interminist\\u00e9riel fixe enfin les r\\u00e8gles de perception\",\"author\":{\"@id\":\"https:\\\/\\\/lasentinelle.dz\\\/author\\\/admin\\\/#author\"},\"publisher\":{\"@id\":\"https:\\\/\\\/lasentinelle.dz\\\/#organization\"},\"image\":{\"@type\":\"ImageObject\",\"url\":\"https:\\\/\\\/lasentinelle.dz\\\/wp-content\\\/uploads\\\/2026\\\/08\\\/Apostille.webp\",\"width\":1900,\"height\":1000},\"datePublished\":\"2026-08-31T11:33:28+01:00\",\"dateModified\":\"2026-08-31T11:33:31+01:00\",\"inLanguage\":\"fr-FR\",\"mainEntityOfPage\":{\"@id\":\"https:\\\/\\\/lasentinelle.dz\\\/index.php\\\/2026\\\/08\\\/31\\\/droit-de-timbre-de-lapostille-un-arrete-interministeriel-fixe-enfin-les-regles-de-perception\\\/#webpage\"},\"isPartOf\":{\"@id\":\"https:\\\/\\\/lasentinelle.dz\\\/index.php\\\/2026\\\/08\\\/31\\\/droit-de-timbre-de-lapostille-un-arrete-interministeriel-fixe-enfin-les-regles-de-perception\\\/#webpage\"},\"articleSection\":\"\\u00c9conomie\"},{\"@type\":\"BreadcrumbList\",\"@id\":\"https:\\\/\\\/lasentinelle.dz\\\/index.php\\\/2026\\\/08\\\/31\\\/droit-de-timbre-de-lapostille-un-arrete-interministeriel-fixe-enfin-les-regles-de-perception\\\/#breadcrumblist\",\"itemListElement\":[{\"@type\":\"ListItem\",\"@id\":\"https:\\\/\\\/lasentinelle.dz#listItem\",\"position\":1,\"name\":\"Home\",\"item\":\"https:\\\/\\\/lasentinelle.dz\",\"nextItem\":{\"@type\":\"ListItem\",\"@id\":\"https:\\\/\\\/lasentinelle.dz\\\/index.php\\\/category\\\/economie\\\/#listItem\",\"name\":\"\\u00c9conomie\"}},{\"@type\":\"ListItem\",\"@id\":\"https:\\\/\\\/lasentinelle.dz\\\/index.php\\\/category\\\/economie\\\/#listItem\",\"position\":2,\"name\":\"\\u00c9conomie\",\"item\":\"https:\\\/\\\/lasentinelle.dz\\\/index.php\\\/category\\\/economie\\\/\",\"nextItem\":{\"@type\":\"ListItem\",\"@id\":\"https:\\\/\\\/lasentinelle.dz\\\/index.php\\\/2026\\\/08\\\/31\\\/droit-de-timbre-de-lapostille-un-arrete-interministeriel-fixe-enfin-les-regles-de-perception\\\/#listItem\",\"name\":\"Droit de timbre de l\\u2019Apostille\\u00a0: Un arr\\u00eat\\u00e9 interminist\\u00e9riel fixe enfin les r\\u00e8gles de perception\"},\"previousItem\":{\"@type\":\"ListItem\",\"@id\":\"https:\\\/\\\/lasentinelle.dz#listItem\",\"name\":\"Home\"}},{\"@type\":\"ListItem\",\"@id\":\"https:\\\/\\\/lasentinelle.dz\\\/index.php\\\/2026\\\/08\\\/31\\\/droit-de-timbre-de-lapostille-un-arrete-interministeriel-fixe-enfin-les-regles-de-perception\\\/#listItem\",\"position\":3,\"name\":\"Droit de timbre de l\\u2019Apostille\\u00a0: Un arr\\u00eat\\u00e9 interminist\\u00e9riel fixe enfin les r\\u00e8gles de perception\",\"previousItem\":{\"@type\":\"ListItem\",\"@id\":\"https:\\\/\\\/lasentinelle.dz\\\/index.php\\\/category\\\/economie\\\/#listItem\",\"name\":\"\\u00c9conomie\"}}]},{\"@type\":\"Organization\",\"@id\":\"https:\\\/\\\/lasentinelle.dz\\\/#organization\",\"name\":\"La Sentinelle La Sentinelle\",\"description\":\"Quotidien national d'information\",\"url\":\"https:\\\/\\\/lasentinelle.dz\\\/\",\"logo\":{\"@type\":\"ImageObject\",\"url\":\"https:\\\/\\\/lasentinelle.dz\\\/wp-content\\\/uploads\\\/2021\\\/09\\\/cropped-la-sentinelle-earth-golden-anima-5.gif\",\"@id\":\"https:\\\/\\\/lasentinelle.dz\\\/index.php\\\/2026\\\/08\\\/31\\\/droit-de-timbre-de-lapostille-un-arrete-interministeriel-fixe-enfin-les-regles-de-perception\\\/#organizationLogo\",\"width\":450,\"height\":213},\"image\":{\"@id\":\"https:\\\/\\\/lasentinelle.dz\\\/index.php\\\/2026\\\/08\\\/31\\\/droit-de-timbre-de-lapostille-un-arrete-interministeriel-fixe-enfin-les-regles-de-perception\\\/#organizationLogo\"},\"sameAs\":[\"https:\\\/\\\/www.facebook.com\\\/azzedine.lasentinelle.1\"]},{\"@type\":\"Person\",\"@id\":\"https:\\\/\\\/lasentinelle.dz\\\/author\\\/admin\\\/#author\",\"url\":\"https:\\\/\\\/lasentinelle.dz\\\/author\\\/admin\\\/\",\"name\":\"admin\",\"image\":{\"@type\":\"ImageObject\",\"@id\":\"https:\\\/\\\/lasentinelle.dz\\\/index.php\\\/2026\\\/08\\\/31\\\/droit-de-timbre-de-lapostille-un-arrete-interministeriel-fixe-enfin-les-regles-de-perception\\\/#authorImage\",\"url\":\"https:\\\/\\\/secure.gravatar.com\\\/avatar\\\/4c81fed838786e9b53f540bf46533e750f5d292099ae3b66cfc6fb1982e29df7?s=96&d=mm&r=g\",\"width\":96,\"height\":96,\"caption\":\"admin\"}},{\"@type\":\"WebPage\",\"@id\":\"https:\\\/\\\/lasentinelle.dz\\\/index.php\\\/2026\\\/08\\\/31\\\/droit-de-timbre-de-lapostille-un-arrete-interministeriel-fixe-enfin-les-regles-de-perception\\\/#webpage\",\"url\":\"https:\\\/\\\/lasentinelle.dz\\\/index.php\\\/2026\\\/08\\\/31\\\/droit-de-timbre-de-lapostille-un-arrete-interministeriel-fixe-enfin-les-regles-de-perception\\\/\",\"name\":\"Droit de timbre de l\\u2019Apostille : Un arr\\u00eat\\u00e9 interminist\\u00e9riel fixe enfin les r\\u00e8gles de perception - La Sentinelle\",\"description\":\"Un arr\\u00eat\\u00e9 interminist\\u00e9riel encadrant la vente de la vignette d\\u00e9di\\u00e9e l\\u2019Apostille, entr\\u00e9e en vigueur depuis le 9 juillet dernier et cens\\u00e9e dispenser les citoyens d'un passage oblig\\u00e9 par le minist\\u00e8re des Affaires \\u00e9trang\\u00e8res pour authentifier leurs documents destin\\u00e9s \\u00e0 l'\\u00e9tranger a \\u00e9t\\u00e9 publi\\u00e9 dans la derni\\u00e8re livraison du Journal officiel. Dat\\u00e9 du 24 Moharram 1448,\",\"inLanguage\":\"fr-FR\",\"isPartOf\":{\"@id\":\"https:\\\/\\\/lasentinelle.dz\\\/#website\"},\"breadcrumb\":{\"@id\":\"https:\\\/\\\/lasentinelle.dz\\\/index.php\\\/2026\\\/08\\\/31\\\/droit-de-timbre-de-lapostille-un-arrete-interministeriel-fixe-enfin-les-regles-de-perception\\\/#breadcrumblist\"},\"author\":{\"@id\":\"https:\\\/\\\/lasentinelle.dz\\\/author\\\/admin\\\/#author\"},\"creator\":{\"@id\":\"https:\\\/\\\/lasentinelle.dz\\\/author\\\/admin\\\/#author\"},\"image\":{\"@type\":\"ImageObject\",\"url\":\"https:\\\/\\\/lasentinelle.dz\\\/wp-content\\\/uploads\\\/2026\\\/08\\\/Apostille.webp\",\"@id\":\"https:\\\/\\\/lasentinelle.dz\\\/index.php\\\/2026\\\/08\\\/31\\\/droit-de-timbre-de-lapostille-un-arrete-interministeriel-fixe-enfin-les-regles-de-perception\\\/#mainImage\",\"width\":1900,\"height\":1000},\"primaryImageOfPage\":{\"@id\":\"https:\\\/\\\/lasentinelle.dz\\\/index.php\\\/2026\\\/08\\\/31\\\/droit-de-timbre-de-lapostille-un-arrete-interministeriel-fixe-enfin-les-regles-de-perception\\\/#mainImage\"},\"datePublished\":\"2026-08-31T11:33:28+01:00\",\"dateModified\":\"2026-08-31T11:33:31+01:00\"},{\"@type\":\"WebSite\",\"@id\":\"https:\\\/\\\/lasentinelle.dz\\\/#website\",\"url\":\"https:\\\/\\\/lasentinelle.dz\\\/\",\"name\":\"La Sentinelle\",\"description\":\"Quotidien national d'information\",\"inLanguage\":\"fr-FR\",\"publisher\":{\"@id\":\"https:\\\/\\\/lasentinelle.dz\\\/#organization\"}}]}\n\t\t<\/script>\n\t\t<!-- All in One SEO -->\n\n","aioseo_head_json":{"title":"Droit de timbre de l\u2019Apostille : Un arr\u00eat\u00e9 interminist\u00e9riel fixe enfin les r\u00e8gles de perception - La Sentinelle","description":"Un arr\u00eat\u00e9 interminist\u00e9riel encadrant la vente de la vignette d\u00e9di\u00e9e l\u2019Apostille, entr\u00e9e en vigueur depuis le 9 juillet dernier et cens\u00e9e dispenser les citoyens d'un passage oblig\u00e9 par le minist\u00e8re des Affaires \u00e9trang\u00e8res pour authentifier leurs documents destin\u00e9s \u00e0 l'\u00e9tranger a \u00e9t\u00e9 publi\u00e9 dans la derni\u00e8re livraison du Journal officiel. Dat\u00e9 du 24 Moharram 1448,","canonical_url":"https:\/\/lasentinelle.dz\/index.php\/2026\/08\/31\/droit-de-timbre-de-lapostille-un-arrete-interministeriel-fixe-enfin-les-regles-de-perception\/","robots":"max-image-preview:large","keywords":"","webmasterTools":{"miscellaneous":""},"schema":{"@context":"https:\/\/schema.org","@graph":[{"@type":"BlogPosting","@id":"https:\/\/lasentinelle.dz\/index.php\/2026\/08\/31\/droit-de-timbre-de-lapostille-un-arrete-interministeriel-fixe-enfin-les-regles-de-perception\/#blogposting","name":"Droit de timbre de l\u2019Apostille : Un arr\u00eat\u00e9 interminist\u00e9riel fixe enfin les r\u00e8gles de perception - La Sentinelle","headline":"Droit de timbre de l\u2019Apostille\u00a0: Un arr\u00eat\u00e9 interminist\u00e9riel fixe enfin les r\u00e8gles de perception","author":{"@id":"https:\/\/lasentinelle.dz\/author\/admin\/#author"},"publisher":{"@id":"https:\/\/lasentinelle.dz\/#organization"},"image":{"@type":"ImageObject","url":"https:\/\/lasentinelle.dz\/wp-content\/uploads\/2026\/08\/Apostille.webp","width":1900,"height":1000},"datePublished":"2026-08-31T11:33:28+01:00","dateModified":"2026-08-31T11:33:31+01:00","inLanguage":"fr-FR","mainEntityOfPage":{"@id":"https:\/\/lasentinelle.dz\/index.php\/2026\/08\/31\/droit-de-timbre-de-lapostille-un-arrete-interministeriel-fixe-enfin-les-regles-de-perception\/#webpage"},"isPartOf":{"@id":"https:\/\/lasentinelle.dz\/index.php\/2026\/08\/31\/droit-de-timbre-de-lapostille-un-arrete-interministeriel-fixe-enfin-les-regles-de-perception\/#webpage"},"articleSection":"\u00c9conomie"},{"@type":"BreadcrumbList","@id":"https:\/\/lasentinelle.dz\/index.php\/2026\/08\/31\/droit-de-timbre-de-lapostille-un-arrete-interministeriel-fixe-enfin-les-regles-de-perception\/#breadcrumblist","itemListElement":[{"@type":"ListItem","@id":"https:\/\/lasentinelle.dz#listItem","position":1,"name":"Home","item":"https:\/\/lasentinelle.dz","nextItem":{"@type":"ListItem","@id":"https:\/\/lasentinelle.dz\/index.php\/category\/economie\/#listItem","name":"\u00c9conomie"}},{"@type":"ListItem","@id":"https:\/\/lasentinelle.dz\/index.php\/category\/economie\/#listItem","position":2,"name":"\u00c9conomie","item":"https:\/\/lasentinelle.dz\/index.php\/category\/economie\/","nextItem":{"@type":"ListItem","@id":"https:\/\/lasentinelle.dz\/index.php\/2026\/08\/31\/droit-de-timbre-de-lapostille-un-arrete-interministeriel-fixe-enfin-les-regles-de-perception\/#listItem","name":"Droit de timbre de l\u2019Apostille\u00a0: Un arr\u00eat\u00e9 interminist\u00e9riel fixe enfin les r\u00e8gles de perception"},"previousItem":{"@type":"ListItem","@id":"https:\/\/lasentinelle.dz#listItem","name":"Home"}},{"@type":"ListItem","@id":"https:\/\/lasentinelle.dz\/index.php\/2026\/08\/31\/droit-de-timbre-de-lapostille-un-arrete-interministeriel-fixe-enfin-les-regles-de-perception\/#listItem","position":3,"name":"Droit de timbre de l\u2019Apostille\u00a0: Un arr\u00eat\u00e9 interminist\u00e9riel fixe enfin les r\u00e8gles de perception","previousItem":{"@type":"ListItem","@id":"https:\/\/lasentinelle.dz\/index.php\/category\/economie\/#listItem","name":"\u00c9conomie"}}]},{"@type":"Organization","@id":"https:\/\/lasentinelle.dz\/#organization","name":"La Sentinelle La Sentinelle","description":"Quotidien national d'information","url":"https:\/\/lasentinelle.dz\/","logo":{"@type":"ImageObject","url":"https:\/\/lasentinelle.dz\/wp-content\/uploads\/2021\/09\/cropped-la-sentinelle-earth-golden-anima-5.gif","@id":"https:\/\/lasentinelle.dz\/index.php\/2026\/08\/31\/droit-de-timbre-de-lapostille-un-arrete-interministeriel-fixe-enfin-les-regles-de-perception\/#organizationLogo","width":450,"height":213},"image":{"@id":"https:\/\/lasentinelle.dz\/index.php\/2026\/08\/31\/droit-de-timbre-de-lapostille-un-arrete-interministeriel-fixe-enfin-les-regles-de-perception\/#organizationLogo"},"sameAs":["https:\/\/www.facebook.com\/azzedine.lasentinelle.1"]},{"@type":"Person","@id":"https:\/\/lasentinelle.dz\/author\/admin\/#author","url":"https:\/\/lasentinelle.dz\/author\/admin\/","name":"admin","image":{"@type":"ImageObject","@id":"https:\/\/lasentinelle.dz\/index.php\/2026\/08\/31\/droit-de-timbre-de-lapostille-un-arrete-interministeriel-fixe-enfin-les-regles-de-perception\/#authorImage","url":"https:\/\/secure.gravatar.com\/avatar\/4c81fed838786e9b53f540bf46533e750f5d292099ae3b66cfc6fb1982e29df7?s=96&d=mm&r=g","width":96,"height":96,"caption":"admin"}},{"@type":"WebPage","@id":"https:\/\/lasentinelle.dz\/index.php\/2026\/08\/31\/droit-de-timbre-de-lapostille-un-arrete-interministeriel-fixe-enfin-les-regles-de-perception\/#webpage","url":"https:\/\/lasentinelle.dz\/index.php\/2026\/08\/31\/droit-de-timbre-de-lapostille-un-arrete-interministeriel-fixe-enfin-les-regles-de-perception\/","name":"Droit de timbre de l\u2019Apostille : Un arr\u00eat\u00e9 interminist\u00e9riel fixe enfin les r\u00e8gles de perception - La Sentinelle","description":"Un arr\u00eat\u00e9 interminist\u00e9riel encadrant la vente de la vignette d\u00e9di\u00e9e l\u2019Apostille, entr\u00e9e en vigueur depuis le 9 juillet dernier et cens\u00e9e dispenser les citoyens d'un passage oblig\u00e9 par le minist\u00e8re des Affaires \u00e9trang\u00e8res pour authentifier leurs documents destin\u00e9s \u00e0 l'\u00e9tranger a \u00e9t\u00e9 publi\u00e9 dans la derni\u00e8re livraison du Journal officiel. Dat\u00e9 du 24 Moharram 1448,","inLanguage":"fr-FR","isPartOf":{"@id":"https:\/\/lasentinelle.dz\/#website"},"breadcrumb":{"@id":"https:\/\/lasentinelle.dz\/index.php\/2026\/08\/31\/droit-de-timbre-de-lapostille-un-arrete-interministeriel-fixe-enfin-les-regles-de-perception\/#breadcrumblist"},"author":{"@id":"https:\/\/lasentinelle.dz\/author\/admin\/#author"},"creator":{"@id":"https:\/\/lasentinelle.dz\/author\/admin\/#author"},"image":{"@type":"ImageObject","url":"https:\/\/lasentinelle.dz\/wp-content\/uploads\/2026\/08\/Apostille.webp","@id":"https:\/\/lasentinelle.dz\/index.php\/2026\/08\/31\/droit-de-timbre-de-lapostille-un-arrete-interministeriel-fixe-enfin-les-regles-de-perception\/#mainImage","width":1900,"height":1000},"primaryImageOfPage":{"@id":"https:\/\/lasentinelle.dz\/index.php\/2026\/08\/31\/droit-de-timbre-de-lapostille-un-arrete-interministeriel-fixe-enfin-les-regles-de-perception\/#mainImage"},"datePublished":"2026-08-31T11:33:28+01:00","dateModified":"2026-08-31T11:33:31+01:00"},{"@type":"WebSite","@id":"https:\/\/lasentinelle.dz\/#website","url":"https:\/\/lasentinelle.dz\/","name":"La Sentinelle","description":"Quotidien national d'information","inLanguage":"fr-FR","publisher":{"@id":"https:\/\/lasentinelle.dz\/#organization"}}]},"og:locale":"fr_FR","og:site_name":"La Sentinelle - Quotidien national d'information","og:type":"article","og:title":"Droit de timbre de l\u2019Apostille : Un arr\u00eat\u00e9 interminist\u00e9riel fixe enfin les r\u00e8gles de perception - La Sentinelle","og:description":"Un arr\u00eat\u00e9 interminist\u00e9riel encadrant la vente de la vignette d\u00e9di\u00e9e l\u2019Apostille, entr\u00e9e en vigueur depuis le 9 juillet dernier et cens\u00e9e dispenser les citoyens d'un passage oblig\u00e9 par le minist\u00e8re des Affaires \u00e9trang\u00e8res pour authentifier leurs documents destin\u00e9s \u00e0 l'\u00e9tranger a \u00e9t\u00e9 publi\u00e9 dans la derni\u00e8re livraison du Journal officiel. Dat\u00e9 du 24 Moharram 1448,","og:url":"https:\/\/lasentinelle.dz\/index.php\/2026\/08\/31\/droit-de-timbre-de-lapostille-un-arrete-interministeriel-fixe-enfin-les-regles-de-perception\/","og:image":"https:\/\/lasentinelle.dz\/wp-content\/uploads\/2021\/09\/cropped-la-sentinelle-earth-golden-anima-5.gif","og:image:secure_url":"https:\/\/lasentinelle.dz\/wp-content\/uploads\/2021\/09\/cropped-la-sentinelle-earth-golden-anima-5.gif","og:image:width":450,"og:image:height":213,"article:published_time":"2026-08-31T10:33:28+00:00","article:modified_time":"2026-08-31T10:33:31+00:00","article:publisher":"https:\/\/www.facebook.com\/azzedine.lasentinelle.1","twitter:card":"summary_large_image","twitter:title":"Droit de timbre de l\u2019Apostille : Un arr\u00eat\u00e9 interminist\u00e9riel fixe enfin les r\u00e8gles de perception - La Sentinelle","twitter:description":"Un arr\u00eat\u00e9 interminist\u00e9riel encadrant la vente de la vignette d\u00e9di\u00e9e l\u2019Apostille, entr\u00e9e en vigueur depuis le 9 juillet dernier et cens\u00e9e dispenser les citoyens d'un passage oblig\u00e9 par le minist\u00e8re des Affaires \u00e9trang\u00e8res pour authentifier leurs documents destin\u00e9s \u00e0 l'\u00e9tranger a \u00e9t\u00e9 publi\u00e9 dans la derni\u00e8re livraison du Journal officiel. Dat\u00e9 du 24 Moharram 1448,","twitter:image":"https:\/\/lasentinelle.dz\/wp-content\/uploads\/2021\/09\/cropped-la-sentinelle-earth-golden-anima-5.gif"},"aioseo_meta_data":{"post_id":"94634","title":null,"description":null,"keywords":null,"keyphrases":{"focus":{"keyphrase":"","score":0,"analysis":{"keyphraseInTitle":{"score":0,"maxScore":9,"error":1}}},"additional":[]},"primary_term":null,"canonical_url":null,"og_title":null,"og_description":null,"og_object_type":"default","og_image_type":"default","og_image_url":null,"og_image_width":null,"og_image_height":null,"og_image_custom_url":null,"og_image_custom_fields":null,"og_video":"","og_custom_url":null,"og_article_section":null,"og_article_tags":null,"twitter_use_og":false,"twitter_card":"default","twitter_image_type":"default","twitter_image_url":null,"twitter_image_custom_url":null,"twitter_image_custom_fields":null,"twitter_title":null,"twitter_description":null,"schema":{"blockGraphs":[],"customGraphs":[],"default":{"data":{"Article":[],"Course":[],"Dataset":[],"FAQPage":[],"Movie":[],"Person":[],"Product":[],"ProductReview":[],"Car":[],"Recipe":[],"Service":[],"SoftwareApplication":[],"WebPage":[]},"graphName":"BlogPosting","isEnabled":true},"graphs":[]},"schema_type":"default","schema_type_options":null,"pillar_content":false,"robots_default":true,"robots_noindex":false,"robots_noarchive":false,"robots_nosnippet":false,"robots_nofollow":false,"robots_noimageindex":false,"robots_noodp":false,"robots_notranslate":false,"robots_max_snippet":"-1","robots_max_videopreview":"-1","robots_max_imagepreview":"large","priority":null,"frequency":"default","local_seo":null,"breadcrumb_settings":null,"limit_modified_date":false,"ai":{"faqs":[],"keyPoints":[],"schemas":[],"titles":[],"descriptions":[],"socialPosts":{"email":{"subject":"","preview":"","content":""},"linkedin":[],"twitter":[],"facebook":[],"instagram":[]}},"created":"2026-08-31 10:33:32","updated":"2026-08-31 11:21:58","focus_keyword":null,"additional_keywords":null,"truseo_locale":null,"seo_analyzer_scan_date":null},"aioseo_breadcrumb":"<div class=\"aioseo-breadcrumbs\"><span class=\"aioseo-breadcrumb\">\n\t\t\t<a href=\"https:\/\/lasentinelle.dz\" title=\"Home\">Home<\/a>\n\t\t<\/span><span class=\"aioseo-breadcrumb-separator\">&raquo;<\/span><span class=\"aioseo-breadcrumb\">\n\t\t\t<a href=\"https:\/\/lasentinelle.dz\/index.php\/category\/economie\/\" title=\"\u00c9conomie\">\u00c9conomie<\/a>\n\t\t<\/span><span class=\"aioseo-breadcrumb-separator\">&raquo;<\/span><span class=\"aioseo-breadcrumb\">\n\t\t\tDroit de timbre de l\u2019Apostille : Un arr\u00eat\u00e9 interminist\u00e9riel fixe enfin les r\u00e8gles de perception\n\t\t<\/span><\/div>","aioseo_breadcrumb_json":[{"label":"Home","link":"https:\/\/lasentinelle.dz"},{"label":"\u00c9conomie","link":"https:\/\/lasentinelle.dz\/index.php\/category\/economie\/"},{"label":"Droit de timbre de l\u2019Apostille\u00a0: Un arr\u00eat\u00e9 interminist\u00e9riel fixe enfin les r\u00e8gles de perception","link":"https:\/\/lasentinelle.dz\/index.php\/2026\/08\/31\/droit-de-timbre-de-lapostille-un-arrete-interministeriel-fixe-enfin-les-regles-de-perception\/"}],"yoast_head":"<!-- This site is optimized with the Yoast SEO plugin v28.3 - https:\/\/yoast.com\/product\/yoast-seo-wordpress\/ -->\n<title>Droit de timbre de l\u2019Apostille\u00a0: Un arr\u00eat\u00e9 interminist\u00e9riel fixe enfin les r\u00e8gles de perception - La Sentinelle<\/title>\n<meta name=\"robots\" content=\"index, follow, max-snippet:-1, max-image-preview:large, max-video-preview:-1\" \/>\n<link rel=\"canonical\" href=\"https:\/\/lasentinelle.dz\/index.php\/2026\/08\/31\/droit-de-timbre-de-lapostille-un-arrete-interministeriel-fixe-enfin-les-regles-de-perception\/\" \/>\n<meta property=\"og:locale\" content=\"fr_FR\" \/>\n<meta property=\"og:type\" content=\"article\" \/>\n<meta property=\"og:title\" content=\"Droit de timbre de l\u2019Apostille\u00a0: Un arr\u00eat\u00e9 interminist\u00e9riel fixe enfin les r\u00e8gles de perception - La Sentinelle\" \/>\n<meta property=\"og:description\" content=\"Un arr\u00eat\u00e9 interminist\u00e9riel encadrant la vente de la vignette d\u00e9di\u00e9e l\u2019Apostille, entr\u00e9e en vigueur depuis le 9 juillet dernier et\" \/>\n<meta property=\"og:url\" content=\"https:\/\/lasentinelle.dz\/index.php\/2026\/08\/31\/droit-de-timbre-de-lapostille-un-arrete-interministeriel-fixe-enfin-les-regles-de-perception\/\" \/>\n<meta property=\"og:site_name\" content=\"La Sentinelle\" \/>\n<meta property=\"article:publisher\" content=\"https:\/\/www.facebook.com\/La-Sentinelle-104059864394773\" \/>\n<meta property=\"article:published_time\" content=\"2026-08-31T10:33:28+00:00\" \/>\n<meta property=\"article:modified_time\" content=\"2026-08-31T10:33:31+00:00\" \/>\n<meta property=\"og:image\" content=\"https:\/\/lasentinelle.dz\/wp-content\/uploads\/2026\/08\/Apostille.webp\" \/>\n\t<meta property=\"og:image:width\" content=\"1900\" \/>\n\t<meta property=\"og:image:height\" content=\"1000\" \/>\n\t<meta property=\"og:image:type\" content=\"image\/webp\" \/>\n<meta name=\"author\" content=\"admin\" \/>\n<meta name=\"twitter:card\" content=\"summary_large_image\" \/>\n<meta name=\"twitter:label1\" content=\"\u00c9crit par\" \/>\n\t<meta name=\"twitter:data1\" content=\"admin\" \/>\n\t<meta name=\"twitter:label2\" content=\"Dur\u00e9e de lecture estim\u00e9e\" \/>\n\t<meta name=\"twitter:data2\" content=\"3 minutes\" \/>\n<script type=\"application\/ld+json\" class=\"yoast-schema-graph\">{\"@context\":\"https:\\\/\\\/schema.org\",\"@graph\":[{\"@type\":\"Article\",\"@id\":\"https:\\\/\\\/lasentinelle.dz\\\/index.php\\\/2026\\\/08\\\/31\\\/droit-de-timbre-de-lapostille-un-arrete-interministeriel-fixe-enfin-les-regles-de-perception\\\/#article\",\"isPartOf\":{\"@id\":\"https:\\\/\\\/lasentinelle.dz\\\/index.php\\\/2026\\\/08\\\/31\\\/droit-de-timbre-de-lapostille-un-arrete-interministeriel-fixe-enfin-les-regles-de-perception\\\/\"},\"author\":{\"name\":\"admin\",\"@id\":\"https:\\\/\\\/lasentinelle.dz\\\/#\\\/schema\\\/person\\\/729ee0024f24e0b8c5ec17232f8e8b41\"},\"headline\":\"Droit de timbre de l\u2019Apostille\u00a0: Un arr\u00eat\u00e9 interminist\u00e9riel fixe enfin les r\u00e8gles de perception\",\"datePublished\":\"2026-08-31T10:33:28+00:00\",\"dateModified\":\"2026-08-31T10:33:31+00:00\",\"mainEntityOfPage\":{\"@id\":\"https:\\\/\\\/lasentinelle.dz\\\/index.php\\\/2026\\\/08\\\/31\\\/droit-de-timbre-de-lapostille-un-arrete-interministeriel-fixe-enfin-les-regles-de-perception\\\/\"},\"wordCount\":589,\"commentCount\":0,\"publisher\":{\"@id\":\"https:\\\/\\\/lasentinelle.dz\\\/#organization\"},\"image\":{\"@id\":\"https:\\\/\\\/lasentinelle.dz\\\/index.php\\\/2026\\\/08\\\/31\\\/droit-de-timbre-de-lapostille-un-arrete-interministeriel-fixe-enfin-les-regles-de-perception\\\/#primaryimage\"},\"thumbnailUrl\":\"https:\\\/\\\/lasentinelle.dz\\\/wp-content\\\/uploads\\\/2026\\\/08\\\/Apostille.webp\",\"articleSection\":[\"\u00c9conomie\"],\"inLanguage\":\"fr-FR\",\"potentialAction\":[{\"@type\":\"CommentAction\",\"name\":\"Comment\",\"target\":[\"https:\\\/\\\/lasentinelle.dz\\\/index.php\\\/2026\\\/08\\\/31\\\/droit-de-timbre-de-lapostille-un-arrete-interministeriel-fixe-enfin-les-regles-de-perception\\\/#respond\"]}]},{\"@type\":\"WebPage\",\"@id\":\"https:\\\/\\\/lasentinelle.dz\\\/index.php\\\/2026\\\/08\\\/31\\\/droit-de-timbre-de-lapostille-un-arrete-interministeriel-fixe-enfin-les-regles-de-perception\\\/\",\"url\":\"https:\\\/\\\/lasentinelle.dz\\\/index.php\\\/2026\\\/08\\\/31\\\/droit-de-timbre-de-lapostille-un-arrete-interministeriel-fixe-enfin-les-regles-de-perception\\\/\",\"name\":\"Droit de timbre de l\u2019Apostille\u00a0: Un arr\u00eat\u00e9 interminist\u00e9riel fixe enfin les r\u00e8gles de perception - La Sentinelle\",\"isPartOf\":{\"@id\":\"https:\\\/\\\/lasentinelle.dz\\\/#website\"},\"primaryImageOfPage\":{\"@id\":\"https:\\\/\\\/lasentinelle.dz\\\/index.php\\\/2026\\\/08\\\/31\\\/droit-de-timbre-de-lapostille-un-arrete-interministeriel-fixe-enfin-les-regles-de-perception\\\/#primaryimage\"},\"image\":{\"@id\":\"https:\\\/\\\/lasentinelle.dz\\\/index.php\\\/2026\\\/08\\\/31\\\/droit-de-timbre-de-lapostille-un-arrete-interministeriel-fixe-enfin-les-regles-de-perception\\\/#primaryimage\"},\"thumbnailUrl\":\"https:\\\/\\\/lasentinelle.dz\\\/wp-content\\\/uploads\\\/2026\\\/08\\\/Apostille.webp\",\"datePublished\":\"2026-08-31T10:33:28+00:00\",\"dateModified\":\"2026-08-31T10:33:31+00:00\",\"breadcrumb\":{\"@id\":\"https:\\\/\\\/lasentinelle.dz\\\/index.php\\\/2026\\\/08\\\/31\\\/droit-de-timbre-de-lapostille-un-arrete-interministeriel-fixe-enfin-les-regles-de-perception\\\/#breadcrumb\"},\"inLanguage\":\"fr-FR\",\"potentialAction\":[{\"@type\":\"ReadAction\",\"target\":[\"https:\\\/\\\/lasentinelle.dz\\\/index.php\\\/2026\\\/08\\\/31\\\/droit-de-timbre-de-lapostille-un-arrete-interministeriel-fixe-enfin-les-regles-de-perception\\\/\"]}]},{\"@type\":\"ImageObject\",\"inLanguage\":\"fr-FR\",\"@id\":\"https:\\\/\\\/lasentinelle.dz\\\/index.php\\\/2026\\\/08\\\/31\\\/droit-de-timbre-de-lapostille-un-arrete-interministeriel-fixe-enfin-les-regles-de-perception\\\/#primaryimage\",\"url\":\"https:\\\/\\\/lasentinelle.dz\\\/wp-content\\\/uploads\\\/2026\\\/08\\\/Apostille.webp\",\"contentUrl\":\"https:\\\/\\\/lasentinelle.dz\\\/wp-content\\\/uploads\\\/2026\\\/08\\\/Apostille.webp\",\"width\":1900,\"height\":1000},{\"@type\":\"BreadcrumbList\",\"@id\":\"https:\\\/\\\/lasentinelle.dz\\\/index.php\\\/2026\\\/08\\\/31\\\/droit-de-timbre-de-lapostille-un-arrete-interministeriel-fixe-enfin-les-regles-de-perception\\\/#breadcrumb\",\"itemListElement\":[{\"@type\":\"ListItem\",\"position\":1,\"name\":\"Accueil\",\"item\":\"https:\\\/\\\/lasentinelle.dz\\\/\"},{\"@type\":\"ListItem\",\"position\":2,\"name\":\"Droit de timbre de l\u2019Apostille\u00a0: Un arr\u00eat\u00e9 interminist\u00e9riel fixe enfin les r\u00e8gles de perception\"}]},{\"@type\":\"WebSite\",\"@id\":\"https:\\\/\\\/lasentinelle.dz\\\/#website\",\"url\":\"https:\\\/\\\/lasentinelle.dz\\\/\",\"name\":\"La Sentinelle\",\"description\":\"Quotidien national d&#039;information\",\"publisher\":{\"@id\":\"https:\\\/\\\/lasentinelle.dz\\\/#organization\"},\"potentialAction\":[{\"@type\":\"SearchAction\",\"target\":{\"@type\":\"EntryPoint\",\"urlTemplate\":\"https:\\\/\\\/lasentinelle.dz\\\/?s={search_term_string}\"},\"query-input\":{\"@type\":\"PropertyValueSpecification\",\"valueRequired\":true,\"valueName\":\"search_term_string\"}}],\"inLanguage\":\"fr-FR\"},{\"@type\":\"Organization\",\"@id\":\"https:\\\/\\\/lasentinelle.dz\\\/#organization\",\"name\":\"Quotidien La Sentinelle\",\"url\":\"https:\\\/\\\/lasentinelle.dz\\\/\",\"logo\":{\"@type\":\"ImageObject\",\"inLanguage\":\"fr-FR\",\"@id\":\"https:\\\/\\\/lasentinelle.dz\\\/#\\\/schema\\\/logo\\\/image\\\/\",\"url\":\"https:\\\/\\\/lasentinelle.dz\\\/wp-content\\\/uploads\\\/2021\\\/09\\\/logo-sentinelleSLOGAN-1.png\",\"contentUrl\":\"https:\\\/\\\/lasentinelle.dz\\\/wp-content\\\/uploads\\\/2021\\\/09\\\/logo-sentinelleSLOGAN-1.png\",\"width\":615,\"height\":142,\"caption\":\"Quotidien La Sentinelle\"},\"image\":{\"@id\":\"https:\\\/\\\/lasentinelle.dz\\\/#\\\/schema\\\/logo\\\/image\\\/\"},\"sameAs\":[\"https:\\\/\\\/www.facebook.com\\\/La-Sentinelle-104059864394773\"]},{\"@type\":\"Person\",\"@id\":\"https:\\\/\\\/lasentinelle.dz\\\/#\\\/schema\\\/person\\\/729ee0024f24e0b8c5ec17232f8e8b41\",\"name\":\"admin\",\"image\":{\"@type\":\"ImageObject\",\"inLanguage\":\"fr-FR\",\"@id\":\"https:\\\/\\\/secure.gravatar.com\\\/avatar\\\/4c81fed838786e9b53f540bf46533e750f5d292099ae3b66cfc6fb1982e29df7?s=96&d=mm&r=g\",\"url\":\"https:\\\/\\\/secure.gravatar.com\\\/avatar\\\/4c81fed838786e9b53f540bf46533e750f5d292099ae3b66cfc6fb1982e29df7?s=96&d=mm&r=g\",\"contentUrl\":\"https:\\\/\\\/secure.gravatar.com\\\/avatar\\\/4c81fed838786e9b53f540bf46533e750f5d292099ae3b66cfc6fb1982e29df7?s=96&d=mm&r=g\",\"caption\":\"admin\"},\"description\":\"admin\",\"url\":\"https:\\\/\\\/lasentinelle.dz\\\/author\\\/admin\\\/\"}]}<\/script>\n<!-- \/ Yoast SEO plugin. -->","yoast_head_json":{"title":"Droit de timbre de l\u2019Apostille\u00a0: Un arr\u00eat\u00e9 interminist\u00e9riel fixe enfin les r\u00e8gles de perception - La Sentinelle","robots":{"index":"index","follow":"follow","max-snippet":"max-snippet:-1","max-image-preview":"max-image-preview:large","max-video-preview":"max-video-preview:-1"},"canonical":"https:\/\/lasentinelle.dz\/index.php\/2026\/08\/31\/droit-de-timbre-de-lapostille-un-arrete-interministeriel-fixe-enfin-les-regles-de-perception\/","og_locale":"fr_FR","og_type":"article","og_title":"Droit de timbre de l\u2019Apostille\u00a0: Un arr\u00eat\u00e9 interminist\u00e9riel fixe enfin les r\u00e8gles de perception - La Sentinelle","og_description":"Un arr\u00eat\u00e9 interminist\u00e9riel encadrant la vente de la vignette d\u00e9di\u00e9e l\u2019Apostille, entr\u00e9e en vigueur depuis le 9 juillet dernier et","og_url":"https:\/\/lasentinelle.dz\/index.php\/2026\/08\/31\/droit-de-timbre-de-lapostille-un-arrete-interministeriel-fixe-enfin-les-regles-de-perception\/","og_site_name":"La Sentinelle","article_publisher":"https:\/\/www.facebook.com\/La-Sentinelle-104059864394773","article_published_time":"2026-08-31T10:33:28+00:00","article_modified_time":"2026-08-31T10:33:31+00:00","og_image":[{"width":1900,"height":1000,"url":"https:\/\/lasentinelle.dz\/wp-content\/uploads\/2026\/08\/Apostille.webp","type":"image\/webp"}],"author":"admin","twitter_card":"summary_large_image","twitter_misc":{"\u00c9crit par":"admin","Dur\u00e9e de lecture estim\u00e9e":"3 minutes"},"schema":{"@context":"https:\/\/schema.org","@graph":[{"@type":"Article","@id":"https:\/\/lasentinelle.dz\/index.php\/2026\/08\/31\/droit-de-timbre-de-lapostille-un-arrete-interministeriel-fixe-enfin-les-regles-de-perception\/#article","isPartOf":{"@id":"https:\/\/lasentinelle.dz\/index.php\/2026\/08\/31\/droit-de-timbre-de-lapostille-un-arrete-interministeriel-fixe-enfin-les-regles-de-perception\/"},"author":{"name":"admin","@id":"https:\/\/lasentinelle.dz\/#\/schema\/person\/729ee0024f24e0b8c5ec17232f8e8b41"},"headline":"Droit de timbre de l\u2019Apostille\u00a0: Un arr\u00eat\u00e9 interminist\u00e9riel fixe enfin les r\u00e8gles de perception","datePublished":"2026-08-31T10:33:28+00:00","dateModified":"2026-08-31T10:33:31+00:00","mainEntityOfPage":{"@id":"https:\/\/lasentinelle.dz\/index.php\/2026\/08\/31\/droit-de-timbre-de-lapostille-un-arrete-interministeriel-fixe-enfin-les-regles-de-perception\/"},"wordCount":589,"commentCount":0,"publisher":{"@id":"https:\/\/lasentinelle.dz\/#organization"},"image":{"@id":"https:\/\/lasentinelle.dz\/index.php\/2026\/08\/31\/droit-de-timbre-de-lapostille-un-arrete-interministeriel-fixe-enfin-les-regles-de-perception\/#primaryimage"},"thumbnailUrl":"https:\/\/lasentinelle.dz\/wp-content\/uploads\/2026\/08\/Apostille.webp","articleSection":["\u00c9conomie"],"inLanguage":"fr-FR","potentialAction":[{"@type":"CommentAction","name":"Comment","target":["https:\/\/lasentinelle.dz\/index.php\/2026\/08\/31\/droit-de-timbre-de-lapostille-un-arrete-interministeriel-fixe-enfin-les-regles-de-perception\/#respond"]}]},{"@type":"WebPage","@id":"https:\/\/lasentinelle.dz\/index.php\/2026\/08\/31\/droit-de-timbre-de-lapostille-un-arrete-interministeriel-fixe-enfin-les-regles-de-perception\/","url":"https:\/\/lasentinelle.dz\/index.php\/2026\/08\/31\/droit-de-timbre-de-lapostille-un-arrete-interministeriel-fixe-enfin-les-regles-de-perception\/","name":"Droit de timbre de l\u2019Apostille\u00a0: Un arr\u00eat\u00e9 interminist\u00e9riel fixe enfin les r\u00e8gles de perception - La Sentinelle","isPartOf":{"@id":"https:\/\/lasentinelle.dz\/#website"},"primaryImageOfPage":{"@id":"https:\/\/lasentinelle.dz\/index.php\/2026\/08\/31\/droit-de-timbre-de-lapostille-un-arrete-interministeriel-fixe-enfin-les-regles-de-perception\/#primaryimage"},"image":{"@id":"https:\/\/lasentinelle.dz\/index.php\/2026\/08\/31\/droit-de-timbre-de-lapostille-un-arrete-interministeriel-fixe-enfin-les-regles-de-perception\/#primaryimage"},"thumbnailUrl":"https:\/\/lasentinelle.dz\/wp-content\/uploads\/2026\/08\/Apostille.webp","datePublished":"2026-08-31T10:33:28+00:00","dateModified":"2026-08-31T10:33:31+00:00","breadcrumb":{"@id":"https:\/\/lasentinelle.dz\/index.php\/2026\/08\/31\/droit-de-timbre-de-lapostille-un-arrete-interministeriel-fixe-enfin-les-regles-de-perception\/#breadcrumb"},"inLanguage":"fr-FR","potentialAction":[{"@type":"ReadAction","target":["https:\/\/lasentinelle.dz\/index.php\/2026\/08\/31\/droit-de-timbre-de-lapostille-un-arrete-interministeriel-fixe-enfin-les-regles-de-perception\/"]}]},{"@type":"ImageObject","inLanguage":"fr-FR","@id":"https:\/\/lasentinelle.dz\/index.php\/2026\/08\/31\/droit-de-timbre-de-lapostille-un-arrete-interministeriel-fixe-enfin-les-regles-de-perception\/#primaryimage","url":"https:\/\/lasentinelle.dz\/wp-content\/uploads\/2026\/08\/Apostille.webp","contentUrl":"https:\/\/lasentinelle.dz\/wp-content\/uploads\/2026\/08\/Apostille.webp","width":1900,"height":1000},{"@type":"BreadcrumbList","@id":"https:\/\/lasentinelle.dz\/index.php\/2026\/08\/31\/droit-de-timbre-de-lapostille-un-arrete-interministeriel-fixe-enfin-les-regles-de-perception\/#breadcrumb","itemListElement":[{"@type":"ListItem","position":1,"name":"Accueil","item":"https:\/\/lasentinelle.dz\/"},{"@type":"ListItem","position":2,"name":"Droit de timbre de l\u2019Apostille\u00a0: Un arr\u00eat\u00e9 interminist\u00e9riel fixe enfin les r\u00e8gles de perception"}]},{"@type":"WebSite","@id":"https:\/\/lasentinelle.dz\/#website","url":"https:\/\/lasentinelle.dz\/","name":"La Sentinelle","description":"Quotidien national d&#039;information","publisher":{"@id":"https:\/\/lasentinelle.dz\/#organization"},"potentialAction":[{"@type":"SearchAction","target":{"@type":"EntryPoint","urlTemplate":"https:\/\/lasentinelle.dz\/?s={search_term_string}"},"query-input":{"@type":"PropertyValueSpecification","valueRequired":true,"valueName":"search_term_string"}}],"inLanguage":"fr-FR"},{"@type":"Organization","@id":"https:\/\/lasentinelle.dz\/#organization","name":"Quotidien La Sentinelle","url":"https:\/\/lasentinelle.dz\/","logo":{"@type":"ImageObject","inLanguage":"fr-FR","@id":"https:\/\/lasentinelle.dz\/#\/schema\/logo\/image\/","url":"https:\/\/lasentinelle.dz\/wp-content\/uploads\/2021\/09\/logo-sentinelleSLOGAN-1.png","contentUrl":"https:\/\/lasentinelle.dz\/wp-content\/uploads\/2021\/09\/logo-sentinelleSLOGAN-1.png","width":615,"height":142,"caption":"Quotidien La Sentinelle"},"image":{"@id":"https:\/\/lasentinelle.dz\/#\/schema\/logo\/image\/"},"sameAs":["https:\/\/www.facebook.com\/La-Sentinelle-104059864394773"]},{"@type":"Person","@id":"https:\/\/lasentinelle.dz\/#\/schema\/person\/729ee0024f24e0b8c5ec17232f8e8b41","name":"admin","image":{"@type":"ImageObject","inLanguage":"fr-FR","@id":"https:\/\/secure.gravatar.com\/avatar\/4c81fed838786e9b53f540bf46533e750f5d292099ae3b66cfc6fb1982e29df7?s=96&d=mm&r=g","url":"https:\/\/secure.gravatar.com\/avatar\/4c81fed838786e9b53f540bf46533e750f5d292099ae3b66cfc6fb1982e29df7?s=96&d=mm&r=g","contentUrl":"https:\/\/secure.gravatar.com\/avatar\/4c81fed838786e9b53f540bf46533e750f5d292099ae3b66cfc6fb1982e29df7?s=96&d=mm&r=g","caption":"admin"},"description":"admin","url":"https:\/\/lasentinelle.dz\/author\/admin\/"}]}},"_links":{"self":[{"href":"https:\/\/lasentinelle.dz\/index.php\/wp-json\/wp\/v2\/posts\/94634","targetHints":{"allow":["GET"]}}],"collection":[{"href":"https:\/\/lasentinelle.dz\/index.php\/wp-json\/wp\/v2\/posts"}],"about":[{"href":"https:\/\/lasentinelle.dz\/index.php\/wp-json\/wp\/v2\/types\/post"}],"author":[{"embeddable":true,"href":"https:\/\/lasentinelle.dz\/index.php\/wp-json\/wp\/v2\/users\/6"}],"replies":[{"embeddable":true,"href":"https:\/\/lasentinelle.dz\/index.php\/wp-json\/wp\/v2\/comments?post=94634"}],"version-history":[{"count":1,"href":"https:\/\/lasentinelle.dz\/index.php\/wp-json\/wp\/v2\/posts\/94634\/revisions"}],"predecessor-version":[{"id":94636,"href":"https:\/\/lasentinelle.dz\/index.php\/wp-json\/wp\/v2\/posts\/94634\/revisions\/94636"}],"wp:featuredmedia":[{"embeddable":true,"href":"https:\/\/lasentinelle.dz\/index.php\/wp-json\/wp\/v2\/media\/94635"}],"wp:attachment":[{"href":"https:\/\/lasentinelle.dz\/index.php\/wp-json\/wp\/v2\/media?parent=94634"}],"wp:term":[{"taxonomy":"category","embeddable":true,"href":"https:\/\/lasentinelle.dz\/index.php\/wp-json\/wp\/v2\/categories?post=94634"},{"taxonomy":"post_tag","embeddable":true,"href":"https:\/\/lasentinelle.dz\/index.php\/wp-json\/wp\/v2\/tags?post=94634"}],"curies":[{"name":"wp","href":"https:\/\/api.w.org\/{rel}","templated":true}]}}