{"id":94637,"date":"2026-08-31T11:34:39","date_gmt":"2026-08-31T10:34:39","guid":{"rendered":"https:\/\/lasentinelle.dz\/?p=94637"},"modified":"2026-08-31T11:34:41","modified_gmt":"2026-08-31T10:34:41","slug":"commerce-exterieur-litalie-et-lespagne-en-tete-des-clients-de-lalgerie","status":"publish","type":"post","link":"https:\/\/lasentinelle.dz\/index.php\/2026\/08\/31\/commerce-exterieur-litalie-et-lespagne-en-tete-des-clients-de-lalgerie\/","title":{"rendered":"Commerce ext\u00e9rieur\u00a0: L&rsquo;Italie et l&rsquo;Espagne en t\u00eate des clients de l\u2019Alg\u00e9rie"},"content":{"rendered":"\n<p class=\"wp-block-paragraph\">Un rapport publi\u00e9 par ICEX Espa\u00f1a Exportaci\u00f3n e Inversiones, l&rsquo;organisme public espagnol charg\u00e9 de la promotion du commerce ext\u00e9rieur et des investissements, dresse un \u00e9tat d\u00e9taill\u00e9 de la structure des \u00e9changes commerciaux de l&rsquo;Alg\u00e9rie. Ce document, dat\u00e9 d&rsquo;ao\u00fbt 2026 et int\u00e9gr\u00e9 aux fiches pays consacr\u00e9es \u00e0 l&rsquo;Alg\u00e9rie, s&rsquo;appuie notamment sur les donn\u00e9es de l&rsquo;International Trade Centre pour l&rsquo;ann\u00e9e 2025.<\/p>\n\n\n\n<p class=\"wp-block-paragraph\">Sur le plan des exportations, l&rsquo;Union europ\u00e9enne absorbe \u00e0 elle seule 68% des ventes alg\u00e9riennes \u00e0 l&rsquo;\u00e9tranger. Au sein du bloc europ\u00e9en, l&rsquo;Italie s&rsquo;impose comme le premier client avec 25% des exportations totales, suivie de l&rsquo;Espagne, qui capte 15,8% des ventes alg\u00e9riennes, puis de la France avec 13%. Hors Europe, la Cor\u00e9e du Sud figure en bonne position avec 8,3% des exportations, devan\u00e7ant les Etats-Unis \u00e0 5,3% et le Royaume-Uni \u00e0 4,9%.<\/p>\n\n\n\n<p class=\"wp-block-paragraph\">Cette hi\u00e9rarchie reste largement structur\u00e9e par les hydrocarbures, qui composent l&rsquo;\u00e9crasante majorit\u00e9 du panier exportateur. Les combustibles et huiles min\u00e9rales ont g\u00e9n\u00e9r\u00e9 plus de 39,4 milliards de dollars en 2025, un montant qui, malgr\u00e9 sa domination, accuse n\u00e9anmoins un repli de 18,4% par rapport \u00e0 l&rsquo;ann\u00e9e pr\u00e9c\u00e9dente. D&rsquo;autres postes affichent en revanche des progressions notables, \u00e0 l&rsquo;image du cuivre et de ses manufactures, dont les exportations ont bondi de 597,4%, ou encore des engrais, en hausse de 56,4%, et de la fonte, du fer et de l&rsquo;acier, qui progressent de 40,9%. Ces \u00e9volutions, bien que portant sur des volumes encore modestes compar\u00e9s aux hydrocarbures, traduisent une diversification timide mais r\u00e9elle du tissu exportateur.<\/p>\n\n\n\n<p class=\"wp-block-paragraph\"><strong>La Chine, premier fournisseur devant la France et l&rsquo;Italie<\/strong><\/p>\n\n\n\n<p class=\"wp-block-paragraph\">Le tableau s&rsquo;inverse sur le plan des importations. C&rsquo;est cette fois la Chine qui domine largement, avec 28,5% des achats alg\u00e9riens \u00e0 l&rsquo;\u00e9tranger, loin devant l&rsquo;ensemble des pays europ\u00e9ens. L&rsquo;Union europ\u00e9enne conserve toutefois un poids significatif avec 38,6% des importations totales, r\u00e9parties notamment entre la France, qui fournit 9,8% des achats alg\u00e9riens, l&rsquo;Italie avec 7,4% et l&rsquo;Espagne avec 4,9%. La Turquie et le Br\u00e9sil compl\u00e8tent ce classement avec respectivement 5% et 4,8% des importations.<\/p>\n\n\n\n<p class=\"wp-block-paragraph\">C\u00f4t\u00e9 produits, les machines et appareils m\u00e9caniques repr\u00e9sentent le premier poste d&rsquo;importation, avec pr\u00e8s de 7,84 milliards de dollars en 2025, en hausse de 18,1%. Les v\u00e9hicules automobiles et tracteurs suivent avec plus de 5,9 milliards de dollars, un montant qui a litt\u00e9ralement doubl\u00e9 en un an, avec une progression de 100,5%. Les appareils et mat\u00e9riels \u00e9lectriques compl\u00e8tent le trio de t\u00eate avec 3,73 milliards de dollars.<\/p>\n\n\n\n<p class=\"wp-block-paragraph\">Le document consacre une section sp\u00e9cifique aux relations bilat\u00e9rales entre l&rsquo;Alg\u00e9rie et l&rsquo;Espagne. Sur ce volet, la tendance est sans \u00e9quivoque en faveur d&rsquo;Alger. Les exportations alg\u00e9riennes vers l&rsquo;Espagne, domin\u00e9es \u00e0 94,5% par les combustibles et huiles min\u00e9rales, ont d\u00e9pass\u00e9 les 6,6 milliards de dollars en 2025, contre des exportations espagnonnes vers l&rsquo;Alg\u00e9rie de seulement 2,38 milliards de dollars, port\u00e9es notamment par la viande et les abats comestibles, les v\u00e9hicules automobiles, ainsi que les machines et appareils m\u00e9caniques. Il en r\u00e9sulte un solde commercial largement favorable \u00e0 l&rsquo;Alg\u00e9rie, avec un exc\u00e9dent proche de 4,6 milliards de dollars et un taux de couverture des importations espagnoles par les exportations alg\u00e9riennes de seulement 34%.<\/p>\n\n\n\n<p class=\"wp-block-paragraph\">Le commerce bilat\u00e9ral de services entre l&rsquo;Espagne et l&rsquo;ensemble du Nord de l&rsquo;Afrique compl\u00e8te ce panorama, avec des exportations espagnoles \u00e9valu\u00e9es \u00e0 2,74 milliards d&rsquo;euros et des importations \u00e0 2,58 milliards d&rsquo;euros, d\u00e9gageant un solde positif de 157 millions d&rsquo;euros en faveur de l&rsquo;Espagne sur ce segment pr\u00e9cis.<\/p>\n\n\n\n<p class=\"wp-block-paragraph\">Le rapport rel\u00e8ve \u00e9galement une baisse continue des flux d&rsquo;investissement entre les deux pays. Les investissements espagnols en Alg\u00e9rie sont pass\u00e9s de 2,65 millions d&rsquo;euros en 2023 \u00e0 seulement 0,20 million au premier trimestre 2026. Le stock d&rsquo;investissement espagnol accumul\u00e9 en Alg\u00e9rie s&rsquo;\u00e9tablit \u00e0 310,82 millions d&rsquo;euros, g\u00e9n\u00e9rant 143 emplois directs sur le territoire alg\u00e9rien, tandis que le stock d&rsquo;investissement alg\u00e9rien en Espagne atteint 1,38 milliard d&rsquo;euros pour 2 208 emplois cr\u00e9\u00e9s.<\/p>\n\n\n\n<p class=\"wp-block-paragraph\">Sabrina Aziouez<\/p>\n","protected":false},"excerpt":{"rendered":"<p>Un rapport publi\u00e9 par ICEX Espa\u00f1a Exportaci\u00f3n e Inversiones, l&rsquo;organisme public espagnol charg\u00e9 de la promotion du commerce ext\u00e9rieur et<\/p>\n","protected":false},"author":6,"featured_media":89654,"comment_status":"open","ping_status":"closed","sticky":false,"template":"","format":"standard","meta":{"colormag_page_container_layout":"default_layout","colormag_page_sidebar_layout":"default_layout","om_disable_all_campaigns":false,"_monsterinsights_skip_tracking":false,"footnotes":"","_wpscppro_dont_share_socialmedia":false,"_wpscppro_custom_social_share_image":0,"_facebook_share_type":"default","_twitter_share_type":"default","_linkedin_share_type":"default","_pinterest_share_type":"default","_linkedin_share_type_page":"","_instagram_share_type":"default","_medium_share_type":"default","_threads_share_type":"default","_google_business_share_type":"default","_bluesky_share_type":"default","_mastodon_share_type":"default","_selected_social_profile":[],"_wpsp_enable_custom_social_template":false,"_wpsp_social_scheduling":{"enabled":false,"datetime":null,"platforms":[],"status":"template_only","dateOption":"today","timeOption":"now","customDays":"","customHours":"","customDate":"","customTime":"","schedulingType":"absolute"},"_wpsp_active_default_template":true},"categories":[29],"tags":[],"class_list":["post-94637","post","type-post","status-publish","format-standard","has-post-thumbnail","hentry","category-economie"],"aioseo_notices":[],"aioseo_head":"\n\t\t<!-- All in One SEO 5.0.0.1 - aioseo.com -->\n\t<meta name=\"description\" content=\"Un rapport publi\u00e9 par ICEX Espa\u00f1a Exportaci\u00f3n e Inversiones, l&#039;organisme public espagnol charg\u00e9 de la promotion du commerce ext\u00e9rieur et des investissements, dresse un \u00e9tat d\u00e9taill\u00e9 de la structure des \u00e9changes commerciaux de l&#039;Alg\u00e9rie. Ce document, dat\u00e9 d&#039;ao\u00fbt 2026 et int\u00e9gr\u00e9 aux fiches pays consacr\u00e9es \u00e0 l&#039;Alg\u00e9rie, s&#039;appuie notamment sur les donn\u00e9es de l&#039;International Trade\" \/>\n\t<meta name=\"robots\" content=\"max-image-preview:large\" \/>\n\t<meta name=\"author\" content=\"admin\"\/>\n\t<link rel=\"canonical\" href=\"https:\/\/lasentinelle.dz\/index.php\/2026\/08\/31\/commerce-exterieur-litalie-et-lespagne-en-tete-des-clients-de-lalgerie\/\" \/>\n\t<meta name=\"generator\" content=\"All in One SEO (AIOSEO) 5.0.0.1\" \/>\n\t\t<meta property=\"og:locale\" content=\"fr_FR\" \/>\n\t\t<meta property=\"og:site_name\" content=\"La Sentinelle - Quotidien national d&#039;information\" \/>\n\t\t<meta property=\"og:type\" content=\"article\" \/>\n\t\t<meta property=\"og:title\" content=\"Commerce ext\u00e9rieur : L\u2019Italie et l\u2019Espagne en t\u00eate des clients de l\u2019Alg\u00e9rie - La Sentinelle\" \/>\n\t\t<meta property=\"og:description\" content=\"Un rapport publi\u00e9 par ICEX Espa\u00f1a Exportaci\u00f3n e Inversiones, l&#039;organisme public espagnol charg\u00e9 de la promotion du commerce ext\u00e9rieur et des investissements, dresse un \u00e9tat d\u00e9taill\u00e9 de la structure des \u00e9changes commerciaux de l&#039;Alg\u00e9rie. Ce document, dat\u00e9 d&#039;ao\u00fbt 2026 et int\u00e9gr\u00e9 aux fiches pays consacr\u00e9es \u00e0 l&#039;Alg\u00e9rie, s&#039;appuie notamment sur les donn\u00e9es de l&#039;International Trade\" \/>\n\t\t<meta property=\"og:url\" content=\"https:\/\/lasentinelle.dz\/index.php\/2026\/08\/31\/commerce-exterieur-litalie-et-lespagne-en-tete-des-clients-de-lalgerie\/\" \/>\n\t\t<meta property=\"og:image\" content=\"https:\/\/lasentinelle.dz\/wp-content\/uploads\/2021\/09\/cropped-la-sentinelle-earth-golden-anima-5.gif\" \/>\n\t\t<meta property=\"og:image:secure_url\" content=\"https:\/\/lasentinelle.dz\/wp-content\/uploads\/2021\/09\/cropped-la-sentinelle-earth-golden-anima-5.gif\" \/>\n\t\t<meta property=\"og:image:width\" content=\"450\" \/>\n\t\t<meta property=\"og:image:height\" content=\"213\" \/>\n\t\t<meta property=\"article:published_time\" content=\"2026-08-31T10:34:39+00:00\" \/>\n\t\t<meta property=\"article:modified_time\" content=\"2026-08-31T10:34:41+00:00\" \/>\n\t\t<meta property=\"article:publisher\" content=\"https:\/\/www.facebook.com\/azzedine.lasentinelle.1\" \/>\n\t\t<meta name=\"twitter:card\" content=\"summary_large_image\" \/>\n\t\t<meta name=\"twitter:title\" content=\"Commerce ext\u00e9rieur : L\u2019Italie et l\u2019Espagne en t\u00eate des clients de l\u2019Alg\u00e9rie - La Sentinelle\" \/>\n\t\t<meta name=\"twitter:description\" content=\"Un rapport publi\u00e9 par ICEX Espa\u00f1a Exportaci\u00f3n e Inversiones, l&#039;organisme public espagnol charg\u00e9 de la promotion du commerce ext\u00e9rieur et des investissements, dresse un \u00e9tat d\u00e9taill\u00e9 de la structure des \u00e9changes commerciaux de l&#039;Alg\u00e9rie. Ce document, dat\u00e9 d&#039;ao\u00fbt 2026 et int\u00e9gr\u00e9 aux fiches pays consacr\u00e9es \u00e0 l&#039;Alg\u00e9rie, s&#039;appuie notamment sur les donn\u00e9es de l&#039;International Trade\" \/>\n\t\t<meta name=\"twitter:image\" content=\"https:\/\/lasentinelle.dz\/wp-content\/uploads\/2021\/09\/cropped-la-sentinelle-earth-golden-anima-5.gif\" \/>\n\t\t<script type=\"application\/ld+json\" class=\"aioseo-schema\">\n\t\t\t{\"@context\":\"https:\\\/\\\/schema.org\",\"@graph\":[{\"@type\":\"BlogPosting\",\"@id\":\"https:\\\/\\\/lasentinelle.dz\\\/index.php\\\/2026\\\/08\\\/31\\\/commerce-exterieur-litalie-et-lespagne-en-tete-des-clients-de-lalgerie\\\/#blogposting\",\"name\":\"Commerce ext\\u00e9rieur : L\\u2019Italie et l\\u2019Espagne en t\\u00eate des clients de l\\u2019Alg\\u00e9rie - La Sentinelle\",\"headline\":\"Commerce ext\\u00e9rieur\\u00a0: L&rsquo;Italie et l&rsquo;Espagne en t\\u00eate des clients de l\\u2019Alg\\u00e9rie\",\"author\":{\"@id\":\"https:\\\/\\\/lasentinelle.dz\\\/author\\\/admin\\\/#author\"},\"publisher\":{\"@id\":\"https:\\\/\\\/lasentinelle.dz\\\/#organization\"},\"image\":{\"@type\":\"ImageObject\",\"url\":\"https:\\\/\\\/lasentinelle.dz\\\/wp-content\\\/uploads\\\/2026\\\/06\\\/port-dAlger-scaled.jpg\",\"width\":2560,\"height\":1700},\"datePublished\":\"2026-08-31T11:34:39+01:00\",\"dateModified\":\"2026-08-31T11:34:41+01:00\",\"inLanguage\":\"fr-FR\",\"mainEntityOfPage\":{\"@id\":\"https:\\\/\\\/lasentinelle.dz\\\/index.php\\\/2026\\\/08\\\/31\\\/commerce-exterieur-litalie-et-lespagne-en-tete-des-clients-de-lalgerie\\\/#webpage\"},\"isPartOf\":{\"@id\":\"https:\\\/\\\/lasentinelle.dz\\\/index.php\\\/2026\\\/08\\\/31\\\/commerce-exterieur-litalie-et-lespagne-en-tete-des-clients-de-lalgerie\\\/#webpage\"},\"articleSection\":\"\\u00c9conomie\"},{\"@type\":\"BreadcrumbList\",\"@id\":\"https:\\\/\\\/lasentinelle.dz\\\/index.php\\\/2026\\\/08\\\/31\\\/commerce-exterieur-litalie-et-lespagne-en-tete-des-clients-de-lalgerie\\\/#breadcrumblist\",\"itemListElement\":[{\"@type\":\"ListItem\",\"@id\":\"https:\\\/\\\/lasentinelle.dz#listItem\",\"position\":1,\"name\":\"Home\",\"item\":\"https:\\\/\\\/lasentinelle.dz\",\"nextItem\":{\"@type\":\"ListItem\",\"@id\":\"https:\\\/\\\/lasentinelle.dz\\\/index.php\\\/category\\\/economie\\\/#listItem\",\"name\":\"\\u00c9conomie\"}},{\"@type\":\"ListItem\",\"@id\":\"https:\\\/\\\/lasentinelle.dz\\\/index.php\\\/category\\\/economie\\\/#listItem\",\"position\":2,\"name\":\"\\u00c9conomie\",\"item\":\"https:\\\/\\\/lasentinelle.dz\\\/index.php\\\/category\\\/economie\\\/\",\"nextItem\":{\"@type\":\"ListItem\",\"@id\":\"https:\\\/\\\/lasentinelle.dz\\\/index.php\\\/2026\\\/08\\\/31\\\/commerce-exterieur-litalie-et-lespagne-en-tete-des-clients-de-lalgerie\\\/#listItem\",\"name\":\"Commerce ext\\u00e9rieur\\u00a0: L&rsquo;Italie et l&rsquo;Espagne en t\\u00eate des clients de l\\u2019Alg\\u00e9rie\"},\"previousItem\":{\"@type\":\"ListItem\",\"@id\":\"https:\\\/\\\/lasentinelle.dz#listItem\",\"name\":\"Home\"}},{\"@type\":\"ListItem\",\"@id\":\"https:\\\/\\\/lasentinelle.dz\\\/index.php\\\/2026\\\/08\\\/31\\\/commerce-exterieur-litalie-et-lespagne-en-tete-des-clients-de-lalgerie\\\/#listItem\",\"position\":3,\"name\":\"Commerce ext\\u00e9rieur\\u00a0: L&rsquo;Italie et l&rsquo;Espagne en t\\u00eate des clients de l\\u2019Alg\\u00e9rie\",\"previousItem\":{\"@type\":\"ListItem\",\"@id\":\"https:\\\/\\\/lasentinelle.dz\\\/index.php\\\/category\\\/economie\\\/#listItem\",\"name\":\"\\u00c9conomie\"}}]},{\"@type\":\"Organization\",\"@id\":\"https:\\\/\\\/lasentinelle.dz\\\/#organization\",\"name\":\"La Sentinelle La Sentinelle\",\"description\":\"Quotidien national d'information\",\"url\":\"https:\\\/\\\/lasentinelle.dz\\\/\",\"logo\":{\"@type\":\"ImageObject\",\"url\":\"https:\\\/\\\/lasentinelle.dz\\\/wp-content\\\/uploads\\\/2021\\\/09\\\/cropped-la-sentinelle-earth-golden-anima-5.gif\",\"@id\":\"https:\\\/\\\/lasentinelle.dz\\\/index.php\\\/2026\\\/08\\\/31\\\/commerce-exterieur-litalie-et-lespagne-en-tete-des-clients-de-lalgerie\\\/#organizationLogo\",\"width\":450,\"height\":213},\"image\":{\"@id\":\"https:\\\/\\\/lasentinelle.dz\\\/index.php\\\/2026\\\/08\\\/31\\\/commerce-exterieur-litalie-et-lespagne-en-tete-des-clients-de-lalgerie\\\/#organizationLogo\"},\"sameAs\":[\"https:\\\/\\\/www.facebook.com\\\/azzedine.lasentinelle.1\"]},{\"@type\":\"Person\",\"@id\":\"https:\\\/\\\/lasentinelle.dz\\\/author\\\/admin\\\/#author\",\"url\":\"https:\\\/\\\/lasentinelle.dz\\\/author\\\/admin\\\/\",\"name\":\"admin\",\"image\":{\"@type\":\"ImageObject\",\"@id\":\"https:\\\/\\\/lasentinelle.dz\\\/index.php\\\/2026\\\/08\\\/31\\\/commerce-exterieur-litalie-et-lespagne-en-tete-des-clients-de-lalgerie\\\/#authorImage\",\"url\":\"https:\\\/\\\/secure.gravatar.com\\\/avatar\\\/4c81fed838786e9b53f540bf46533e750f5d292099ae3b66cfc6fb1982e29df7?s=96&d=mm&r=g\",\"width\":96,\"height\":96,\"caption\":\"admin\"}},{\"@type\":\"WebPage\",\"@id\":\"https:\\\/\\\/lasentinelle.dz\\\/index.php\\\/2026\\\/08\\\/31\\\/commerce-exterieur-litalie-et-lespagne-en-tete-des-clients-de-lalgerie\\\/#webpage\",\"url\":\"https:\\\/\\\/lasentinelle.dz\\\/index.php\\\/2026\\\/08\\\/31\\\/commerce-exterieur-litalie-et-lespagne-en-tete-des-clients-de-lalgerie\\\/\",\"name\":\"Commerce ext\\u00e9rieur : L\\u2019Italie et l\\u2019Espagne en t\\u00eate des clients de l\\u2019Alg\\u00e9rie - La Sentinelle\",\"description\":\"Un rapport publi\\u00e9 par ICEX Espa\\u00f1a Exportaci\\u00f3n e Inversiones, l'organisme public espagnol charg\\u00e9 de la promotion du commerce ext\\u00e9rieur et des investissements, dresse un \\u00e9tat d\\u00e9taill\\u00e9 de la structure des \\u00e9changes commerciaux de l'Alg\\u00e9rie. Ce document, dat\\u00e9 d'ao\\u00fbt 2026 et int\\u00e9gr\\u00e9 aux fiches pays consacr\\u00e9es \\u00e0 l'Alg\\u00e9rie, s'appuie notamment sur les donn\\u00e9es de l'International Trade\",\"inLanguage\":\"fr-FR\",\"isPartOf\":{\"@id\":\"https:\\\/\\\/lasentinelle.dz\\\/#website\"},\"breadcrumb\":{\"@id\":\"https:\\\/\\\/lasentinelle.dz\\\/index.php\\\/2026\\\/08\\\/31\\\/commerce-exterieur-litalie-et-lespagne-en-tete-des-clients-de-lalgerie\\\/#breadcrumblist\"},\"author\":{\"@id\":\"https:\\\/\\\/lasentinelle.dz\\\/author\\\/admin\\\/#author\"},\"creator\":{\"@id\":\"https:\\\/\\\/lasentinelle.dz\\\/author\\\/admin\\\/#author\"},\"image\":{\"@type\":\"ImageObject\",\"url\":\"https:\\\/\\\/lasentinelle.dz\\\/wp-content\\\/uploads\\\/2026\\\/06\\\/port-dAlger-scaled.jpg\",\"@id\":\"https:\\\/\\\/lasentinelle.dz\\\/index.php\\\/2026\\\/08\\\/31\\\/commerce-exterieur-litalie-et-lespagne-en-tete-des-clients-de-lalgerie\\\/#mainImage\",\"width\":2560,\"height\":1700},\"primaryImageOfPage\":{\"@id\":\"https:\\\/\\\/lasentinelle.dz\\\/index.php\\\/2026\\\/08\\\/31\\\/commerce-exterieur-litalie-et-lespagne-en-tete-des-clients-de-lalgerie\\\/#mainImage\"},\"datePublished\":\"2026-08-31T11:34:39+01:00\",\"dateModified\":\"2026-08-31T11:34:41+01:00\"},{\"@type\":\"WebSite\",\"@id\":\"https:\\\/\\\/lasentinelle.dz\\\/#website\",\"url\":\"https:\\\/\\\/lasentinelle.dz\\\/\",\"name\":\"La Sentinelle\",\"description\":\"Quotidien national d'information\",\"inLanguage\":\"fr-FR\",\"publisher\":{\"@id\":\"https:\\\/\\\/lasentinelle.dz\\\/#organization\"}}]}\n\t\t<\/script>\n\t\t<!-- All in One SEO -->\n\n","aioseo_head_json":{"title":"Commerce ext\u00e9rieur : L\u2019Italie et l\u2019Espagne en t\u00eate des clients de l\u2019Alg\u00e9rie - La Sentinelle","description":"Un rapport publi\u00e9 par ICEX Espa\u00f1a Exportaci\u00f3n e Inversiones, l'organisme public espagnol charg\u00e9 de la promotion du commerce ext\u00e9rieur et des investissements, dresse un \u00e9tat d\u00e9taill\u00e9 de la structure des \u00e9changes commerciaux de l'Alg\u00e9rie. Ce document, dat\u00e9 d'ao\u00fbt 2026 et int\u00e9gr\u00e9 aux fiches pays consacr\u00e9es \u00e0 l'Alg\u00e9rie, s'appuie notamment sur les donn\u00e9es de l'International Trade","canonical_url":"https:\/\/lasentinelle.dz\/index.php\/2026\/08\/31\/commerce-exterieur-litalie-et-lespagne-en-tete-des-clients-de-lalgerie\/","robots":"max-image-preview:large","keywords":"","webmasterTools":{"miscellaneous":""},"schema":{"@context":"https:\/\/schema.org","@graph":[{"@type":"BlogPosting","@id":"https:\/\/lasentinelle.dz\/index.php\/2026\/08\/31\/commerce-exterieur-litalie-et-lespagne-en-tete-des-clients-de-lalgerie\/#blogposting","name":"Commerce ext\u00e9rieur : L\u2019Italie et l\u2019Espagne en t\u00eate des clients de l\u2019Alg\u00e9rie - La Sentinelle","headline":"Commerce ext\u00e9rieur\u00a0: L&rsquo;Italie et l&rsquo;Espagne en t\u00eate des clients de l\u2019Alg\u00e9rie","author":{"@id":"https:\/\/lasentinelle.dz\/author\/admin\/#author"},"publisher":{"@id":"https:\/\/lasentinelle.dz\/#organization"},"image":{"@type":"ImageObject","url":"https:\/\/lasentinelle.dz\/wp-content\/uploads\/2026\/06\/port-dAlger-scaled.jpg","width":2560,"height":1700},"datePublished":"2026-08-31T11:34:39+01:00","dateModified":"2026-08-31T11:34:41+01:00","inLanguage":"fr-FR","mainEntityOfPage":{"@id":"https:\/\/lasentinelle.dz\/index.php\/2026\/08\/31\/commerce-exterieur-litalie-et-lespagne-en-tete-des-clients-de-lalgerie\/#webpage"},"isPartOf":{"@id":"https:\/\/lasentinelle.dz\/index.php\/2026\/08\/31\/commerce-exterieur-litalie-et-lespagne-en-tete-des-clients-de-lalgerie\/#webpage"},"articleSection":"\u00c9conomie"},{"@type":"BreadcrumbList","@id":"https:\/\/lasentinelle.dz\/index.php\/2026\/08\/31\/commerce-exterieur-litalie-et-lespagne-en-tete-des-clients-de-lalgerie\/#breadcrumblist","itemListElement":[{"@type":"ListItem","@id":"https:\/\/lasentinelle.dz#listItem","position":1,"name":"Home","item":"https:\/\/lasentinelle.dz","nextItem":{"@type":"ListItem","@id":"https:\/\/lasentinelle.dz\/index.php\/category\/economie\/#listItem","name":"\u00c9conomie"}},{"@type":"ListItem","@id":"https:\/\/lasentinelle.dz\/index.php\/category\/economie\/#listItem","position":2,"name":"\u00c9conomie","item":"https:\/\/lasentinelle.dz\/index.php\/category\/economie\/","nextItem":{"@type":"ListItem","@id":"https:\/\/lasentinelle.dz\/index.php\/2026\/08\/31\/commerce-exterieur-litalie-et-lespagne-en-tete-des-clients-de-lalgerie\/#listItem","name":"Commerce ext\u00e9rieur\u00a0: L&rsquo;Italie et l&rsquo;Espagne en t\u00eate des clients de l\u2019Alg\u00e9rie"},"previousItem":{"@type":"ListItem","@id":"https:\/\/lasentinelle.dz#listItem","name":"Home"}},{"@type":"ListItem","@id":"https:\/\/lasentinelle.dz\/index.php\/2026\/08\/31\/commerce-exterieur-litalie-et-lespagne-en-tete-des-clients-de-lalgerie\/#listItem","position":3,"name":"Commerce ext\u00e9rieur\u00a0: L&rsquo;Italie et l&rsquo;Espagne en t\u00eate des clients de l\u2019Alg\u00e9rie","previousItem":{"@type":"ListItem","@id":"https:\/\/lasentinelle.dz\/index.php\/category\/economie\/#listItem","name":"\u00c9conomie"}}]},{"@type":"Organization","@id":"https:\/\/lasentinelle.dz\/#organization","name":"La Sentinelle La Sentinelle","description":"Quotidien national d'information","url":"https:\/\/lasentinelle.dz\/","logo":{"@type":"ImageObject","url":"https:\/\/lasentinelle.dz\/wp-content\/uploads\/2021\/09\/cropped-la-sentinelle-earth-golden-anima-5.gif","@id":"https:\/\/lasentinelle.dz\/index.php\/2026\/08\/31\/commerce-exterieur-litalie-et-lespagne-en-tete-des-clients-de-lalgerie\/#organizationLogo","width":450,"height":213},"image":{"@id":"https:\/\/lasentinelle.dz\/index.php\/2026\/08\/31\/commerce-exterieur-litalie-et-lespagne-en-tete-des-clients-de-lalgerie\/#organizationLogo"},"sameAs":["https:\/\/www.facebook.com\/azzedine.lasentinelle.1"]},{"@type":"Person","@id":"https:\/\/lasentinelle.dz\/author\/admin\/#author","url":"https:\/\/lasentinelle.dz\/author\/admin\/","name":"admin","image":{"@type":"ImageObject","@id":"https:\/\/lasentinelle.dz\/index.php\/2026\/08\/31\/commerce-exterieur-litalie-et-lespagne-en-tete-des-clients-de-lalgerie\/#authorImage","url":"https:\/\/secure.gravatar.com\/avatar\/4c81fed838786e9b53f540bf46533e750f5d292099ae3b66cfc6fb1982e29df7?s=96&d=mm&r=g","width":96,"height":96,"caption":"admin"}},{"@type":"WebPage","@id":"https:\/\/lasentinelle.dz\/index.php\/2026\/08\/31\/commerce-exterieur-litalie-et-lespagne-en-tete-des-clients-de-lalgerie\/#webpage","url":"https:\/\/lasentinelle.dz\/index.php\/2026\/08\/31\/commerce-exterieur-litalie-et-lespagne-en-tete-des-clients-de-lalgerie\/","name":"Commerce ext\u00e9rieur : L\u2019Italie et l\u2019Espagne en t\u00eate des clients de l\u2019Alg\u00e9rie - La Sentinelle","description":"Un rapport publi\u00e9 par ICEX Espa\u00f1a Exportaci\u00f3n e Inversiones, l'organisme public espagnol charg\u00e9 de la promotion du commerce ext\u00e9rieur et des investissements, dresse un \u00e9tat d\u00e9taill\u00e9 de la structure des \u00e9changes commerciaux de l'Alg\u00e9rie. Ce document, dat\u00e9 d'ao\u00fbt 2026 et int\u00e9gr\u00e9 aux fiches pays consacr\u00e9es \u00e0 l'Alg\u00e9rie, s'appuie notamment sur les donn\u00e9es de l'International Trade","inLanguage":"fr-FR","isPartOf":{"@id":"https:\/\/lasentinelle.dz\/#website"},"breadcrumb":{"@id":"https:\/\/lasentinelle.dz\/index.php\/2026\/08\/31\/commerce-exterieur-litalie-et-lespagne-en-tete-des-clients-de-lalgerie\/#breadcrumblist"},"author":{"@id":"https:\/\/lasentinelle.dz\/author\/admin\/#author"},"creator":{"@id":"https:\/\/lasentinelle.dz\/author\/admin\/#author"},"image":{"@type":"ImageObject","url":"https:\/\/lasentinelle.dz\/wp-content\/uploads\/2026\/06\/port-dAlger-scaled.jpg","@id":"https:\/\/lasentinelle.dz\/index.php\/2026\/08\/31\/commerce-exterieur-litalie-et-lespagne-en-tete-des-clients-de-lalgerie\/#mainImage","width":2560,"height":1700},"primaryImageOfPage":{"@id":"https:\/\/lasentinelle.dz\/index.php\/2026\/08\/31\/commerce-exterieur-litalie-et-lespagne-en-tete-des-clients-de-lalgerie\/#mainImage"},"datePublished":"2026-08-31T11:34:39+01:00","dateModified":"2026-08-31T11:34:41+01:00"},{"@type":"WebSite","@id":"https:\/\/lasentinelle.dz\/#website","url":"https:\/\/lasentinelle.dz\/","name":"La Sentinelle","description":"Quotidien national d'information","inLanguage":"fr-FR","publisher":{"@id":"https:\/\/lasentinelle.dz\/#organization"}}]},"og:locale":"fr_FR","og:site_name":"La Sentinelle - Quotidien national d'information","og:type":"article","og:title":"Commerce ext\u00e9rieur : L\u2019Italie et l\u2019Espagne en t\u00eate des clients de l\u2019Alg\u00e9rie - La Sentinelle","og:description":"Un rapport publi\u00e9 par ICEX Espa\u00f1a Exportaci\u00f3n e Inversiones, l'organisme public espagnol charg\u00e9 de la promotion du commerce ext\u00e9rieur et des investissements, dresse un \u00e9tat d\u00e9taill\u00e9 de la structure des \u00e9changes commerciaux de l'Alg\u00e9rie. Ce document, dat\u00e9 d'ao\u00fbt 2026 et int\u00e9gr\u00e9 aux fiches pays consacr\u00e9es \u00e0 l'Alg\u00e9rie, s'appuie notamment sur les donn\u00e9es de l'International Trade","og:url":"https:\/\/lasentinelle.dz\/index.php\/2026\/08\/31\/commerce-exterieur-litalie-et-lespagne-en-tete-des-clients-de-lalgerie\/","og:image":"https:\/\/lasentinelle.dz\/wp-content\/uploads\/2021\/09\/cropped-la-sentinelle-earth-golden-anima-5.gif","og:image:secure_url":"https:\/\/lasentinelle.dz\/wp-content\/uploads\/2021\/09\/cropped-la-sentinelle-earth-golden-anima-5.gif","og:image:width":450,"og:image:height":213,"article:published_time":"2026-08-31T10:34:39+00:00","article:modified_time":"2026-08-31T10:34:41+00:00","article:publisher":"https:\/\/www.facebook.com\/azzedine.lasentinelle.1","twitter:card":"summary_large_image","twitter:title":"Commerce ext\u00e9rieur : L\u2019Italie et l\u2019Espagne en t\u00eate des clients de l\u2019Alg\u00e9rie - La Sentinelle","twitter:description":"Un rapport publi\u00e9 par ICEX Espa\u00f1a Exportaci\u00f3n e Inversiones, l'organisme public espagnol charg\u00e9 de la promotion du commerce ext\u00e9rieur et des investissements, dresse un \u00e9tat d\u00e9taill\u00e9 de la structure des \u00e9changes commerciaux de l'Alg\u00e9rie. Ce document, dat\u00e9 d'ao\u00fbt 2026 et int\u00e9gr\u00e9 aux fiches pays consacr\u00e9es \u00e0 l'Alg\u00e9rie, s'appuie notamment sur les donn\u00e9es de l'International Trade","twitter:image":"https:\/\/lasentinelle.dz\/wp-content\/uploads\/2021\/09\/cropped-la-sentinelle-earth-golden-anima-5.gif"},"aioseo_meta_data":{"post_id":"94637","title":null,"description":null,"keywords":null,"keyphrases":{"focus":{"keyphrase":"","score":0,"analysis":{"keyphraseInTitle":{"score":0,"maxScore":9,"error":1}}},"additional":[]},"primary_term":null,"canonical_url":null,"og_title":null,"og_description":null,"og_object_type":"default","og_image_type":"default","og_image_url":null,"og_image_width":null,"og_image_height":null,"og_image_custom_url":null,"og_image_custom_fields":null,"og_video":"","og_custom_url":null,"og_article_section":null,"og_article_tags":null,"twitter_use_og":false,"twitter_card":"default","twitter_image_type":"default","twitter_image_url":null,"twitter_image_custom_url":null,"twitter_image_custom_fields":null,"twitter_title":null,"twitter_description":null,"schema":{"blockGraphs":[],"customGraphs":[],"default":{"data":{"Article":[],"Course":[],"Dataset":[],"FAQPage":[],"Movie":[],"Person":[],"Product":[],"ProductReview":[],"Car":[],"Recipe":[],"Service":[],"SoftwareApplication":[],"WebPage":[]},"graphName":"BlogPosting","isEnabled":true},"graphs":[]},"schema_type":"default","schema_type_options":null,"pillar_content":false,"robots_default":true,"robots_noindex":false,"robots_noarchive":false,"robots_nosnippet":false,"robots_nofollow":false,"robots_noimageindex":false,"robots_noodp":false,"robots_notranslate":false,"robots_max_snippet":"-1","robots_max_videopreview":"-1","robots_max_imagepreview":"large","priority":null,"frequency":"default","local_seo":null,"breadcrumb_settings":null,"limit_modified_date":false,"ai":{"faqs":[],"keyPoints":[],"schemas":[],"titles":[],"descriptions":[],"socialPosts":{"email":{"subject":"","preview":"","content":""},"linkedin":[],"twitter":[],"facebook":[],"instagram":[]}},"created":"2026-08-31 10:34:42","updated":"2026-08-31 11:21:58","focus_keyword":null,"additional_keywords":null,"truseo_locale":null,"seo_analyzer_scan_date":null},"aioseo_breadcrumb":"<div class=\"aioseo-breadcrumbs\"><span class=\"aioseo-breadcrumb\">\n\t\t\t<a href=\"https:\/\/lasentinelle.dz\" title=\"Home\">Home<\/a>\n\t\t<\/span><span class=\"aioseo-breadcrumb-separator\">&raquo;<\/span><span class=\"aioseo-breadcrumb\">\n\t\t\t<a href=\"https:\/\/lasentinelle.dz\/index.php\/category\/economie\/\" title=\"\u00c9conomie\">\u00c9conomie<\/a>\n\t\t<\/span><span class=\"aioseo-breadcrumb-separator\">&raquo;<\/span><span class=\"aioseo-breadcrumb\">\n\t\t\tCommerce ext\u00e9rieur : L\u2019Italie et l\u2019Espagne en t\u00eate des clients de l\u2019Alg\u00e9rie\n\t\t<\/span><\/div>","aioseo_breadcrumb_json":[{"label":"Home","link":"https:\/\/lasentinelle.dz"},{"label":"\u00c9conomie","link":"https:\/\/lasentinelle.dz\/index.php\/category\/economie\/"},{"label":"Commerce ext\u00e9rieur\u00a0: L&rsquo;Italie et l&rsquo;Espagne en t\u00eate des clients de l\u2019Alg\u00e9rie","link":"https:\/\/lasentinelle.dz\/index.php\/2026\/08\/31\/commerce-exterieur-litalie-et-lespagne-en-tete-des-clients-de-lalgerie\/"}],"yoast_head":"<!-- This site is optimized with the Yoast SEO plugin v28.3 - https:\/\/yoast.com\/product\/yoast-seo-wordpress\/ -->\n<title>Commerce ext\u00e9rieur\u00a0: L&rsquo;Italie et l&rsquo;Espagne en t\u00eate des clients de l\u2019Alg\u00e9rie - La Sentinelle<\/title>\n<meta name=\"robots\" content=\"index, follow, max-snippet:-1, max-image-preview:large, max-video-preview:-1\" \/>\n<link rel=\"canonical\" href=\"https:\/\/lasentinelle.dz\/index.php\/2026\/08\/31\/commerce-exterieur-litalie-et-lespagne-en-tete-des-clients-de-lalgerie\/\" \/>\n<meta property=\"og:locale\" content=\"fr_FR\" \/>\n<meta property=\"og:type\" content=\"article\" \/>\n<meta property=\"og:title\" content=\"Commerce ext\u00e9rieur\u00a0: L&rsquo;Italie et l&rsquo;Espagne en t\u00eate des clients de l\u2019Alg\u00e9rie - La Sentinelle\" \/>\n<meta property=\"og:description\" content=\"Un rapport publi\u00e9 par ICEX Espa\u00f1a Exportaci\u00f3n e Inversiones, l&rsquo;organisme public espagnol charg\u00e9 de la promotion du commerce ext\u00e9rieur et\" \/>\n<meta property=\"og:url\" content=\"https:\/\/lasentinelle.dz\/index.php\/2026\/08\/31\/commerce-exterieur-litalie-et-lespagne-en-tete-des-clients-de-lalgerie\/\" \/>\n<meta property=\"og:site_name\" content=\"La Sentinelle\" \/>\n<meta property=\"article:publisher\" content=\"https:\/\/www.facebook.com\/La-Sentinelle-104059864394773\" \/>\n<meta property=\"article:published_time\" content=\"2026-08-31T10:34:39+00:00\" \/>\n<meta property=\"article:modified_time\" content=\"2026-08-31T10:34:41+00:00\" \/>\n<meta property=\"og:image\" content=\"https:\/\/lasentinelle.dz\/wp-content\/uploads\/2026\/06\/port-dAlger-scaled.jpg\" \/>\n\t<meta property=\"og:image:width\" content=\"2560\" \/>\n\t<meta property=\"og:image:height\" content=\"1700\" \/>\n\t<meta property=\"og:image:type\" content=\"image\/jpeg\" \/>\n<meta name=\"author\" content=\"admin\" \/>\n<meta name=\"twitter:card\" content=\"summary_large_image\" \/>\n<meta name=\"twitter:label1\" content=\"\u00c9crit par\" \/>\n\t<meta name=\"twitter:data1\" content=\"admin\" \/>\n\t<meta name=\"twitter:label2\" content=\"Dur\u00e9e de lecture estim\u00e9e\" \/>\n\t<meta name=\"twitter:data2\" content=\"4 minutes\" \/>\n<script type=\"application\/ld+json\" class=\"yoast-schema-graph\">{\"@context\":\"https:\\\/\\\/schema.org\",\"@graph\":[{\"@type\":\"Article\",\"@id\":\"https:\\\/\\\/lasentinelle.dz\\\/index.php\\\/2026\\\/08\\\/31\\\/commerce-exterieur-litalie-et-lespagne-en-tete-des-clients-de-lalgerie\\\/#article\",\"isPartOf\":{\"@id\":\"https:\\\/\\\/lasentinelle.dz\\\/index.php\\\/2026\\\/08\\\/31\\\/commerce-exterieur-litalie-et-lespagne-en-tete-des-clients-de-lalgerie\\\/\"},\"author\":{\"name\":\"admin\",\"@id\":\"https:\\\/\\\/lasentinelle.dz\\\/#\\\/schema\\\/person\\\/729ee0024f24e0b8c5ec17232f8e8b41\"},\"headline\":\"Commerce ext\u00e9rieur\u00a0: L&rsquo;Italie et l&rsquo;Espagne en t\u00eate des clients de l\u2019Alg\u00e9rie\",\"datePublished\":\"2026-08-31T10:34:39+00:00\",\"dateModified\":\"2026-08-31T10:34:41+00:00\",\"mainEntityOfPage\":{\"@id\":\"https:\\\/\\\/lasentinelle.dz\\\/index.php\\\/2026\\\/08\\\/31\\\/commerce-exterieur-litalie-et-lespagne-en-tete-des-clients-de-lalgerie\\\/\"},\"wordCount\":706,\"commentCount\":0,\"publisher\":{\"@id\":\"https:\\\/\\\/lasentinelle.dz\\\/#organization\"},\"image\":{\"@id\":\"https:\\\/\\\/lasentinelle.dz\\\/index.php\\\/2026\\\/08\\\/31\\\/commerce-exterieur-litalie-et-lespagne-en-tete-des-clients-de-lalgerie\\\/#primaryimage\"},\"thumbnailUrl\":\"https:\\\/\\\/lasentinelle.dz\\\/wp-content\\\/uploads\\\/2026\\\/06\\\/port-dAlger-scaled.jpg\",\"articleSection\":[\"\u00c9conomie\"],\"inLanguage\":\"fr-FR\",\"potentialAction\":[{\"@type\":\"CommentAction\",\"name\":\"Comment\",\"target\":[\"https:\\\/\\\/lasentinelle.dz\\\/index.php\\\/2026\\\/08\\\/31\\\/commerce-exterieur-litalie-et-lespagne-en-tete-des-clients-de-lalgerie\\\/#respond\"]}]},{\"@type\":\"WebPage\",\"@id\":\"https:\\\/\\\/lasentinelle.dz\\\/index.php\\\/2026\\\/08\\\/31\\\/commerce-exterieur-litalie-et-lespagne-en-tete-des-clients-de-lalgerie\\\/\",\"url\":\"https:\\\/\\\/lasentinelle.dz\\\/index.php\\\/2026\\\/08\\\/31\\\/commerce-exterieur-litalie-et-lespagne-en-tete-des-clients-de-lalgerie\\\/\",\"name\":\"Commerce ext\u00e9rieur\u00a0: L&rsquo;Italie et l&rsquo;Espagne en t\u00eate des clients de l\u2019Alg\u00e9rie - La Sentinelle\",\"isPartOf\":{\"@id\":\"https:\\\/\\\/lasentinelle.dz\\\/#website\"},\"primaryImageOfPage\":{\"@id\":\"https:\\\/\\\/lasentinelle.dz\\\/index.php\\\/2026\\\/08\\\/31\\\/commerce-exterieur-litalie-et-lespagne-en-tete-des-clients-de-lalgerie\\\/#primaryimage\"},\"image\":{\"@id\":\"https:\\\/\\\/lasentinelle.dz\\\/index.php\\\/2026\\\/08\\\/31\\\/commerce-exterieur-litalie-et-lespagne-en-tete-des-clients-de-lalgerie\\\/#primaryimage\"},\"thumbnailUrl\":\"https:\\\/\\\/lasentinelle.dz\\\/wp-content\\\/uploads\\\/2026\\\/06\\\/port-dAlger-scaled.jpg\",\"datePublished\":\"2026-08-31T10:34:39+00:00\",\"dateModified\":\"2026-08-31T10:34:41+00:00\",\"breadcrumb\":{\"@id\":\"https:\\\/\\\/lasentinelle.dz\\\/index.php\\\/2026\\\/08\\\/31\\\/commerce-exterieur-litalie-et-lespagne-en-tete-des-clients-de-lalgerie\\\/#breadcrumb\"},\"inLanguage\":\"fr-FR\",\"potentialAction\":[{\"@type\":\"ReadAction\",\"target\":[\"https:\\\/\\\/lasentinelle.dz\\\/index.php\\\/2026\\\/08\\\/31\\\/commerce-exterieur-litalie-et-lespagne-en-tete-des-clients-de-lalgerie\\\/\"]}]},{\"@type\":\"ImageObject\",\"inLanguage\":\"fr-FR\",\"@id\":\"https:\\\/\\\/lasentinelle.dz\\\/index.php\\\/2026\\\/08\\\/31\\\/commerce-exterieur-litalie-et-lespagne-en-tete-des-clients-de-lalgerie\\\/#primaryimage\",\"url\":\"https:\\\/\\\/lasentinelle.dz\\\/wp-content\\\/uploads\\\/2026\\\/06\\\/port-dAlger-scaled.jpg\",\"contentUrl\":\"https:\\\/\\\/lasentinelle.dz\\\/wp-content\\\/uploads\\\/2026\\\/06\\\/port-dAlger-scaled.jpg\",\"width\":2560,\"height\":1700},{\"@type\":\"BreadcrumbList\",\"@id\":\"https:\\\/\\\/lasentinelle.dz\\\/index.php\\\/2026\\\/08\\\/31\\\/commerce-exterieur-litalie-et-lespagne-en-tete-des-clients-de-lalgerie\\\/#breadcrumb\",\"itemListElement\":[{\"@type\":\"ListItem\",\"position\":1,\"name\":\"Accueil\",\"item\":\"https:\\\/\\\/lasentinelle.dz\\\/\"},{\"@type\":\"ListItem\",\"position\":2,\"name\":\"Commerce ext\u00e9rieur\u00a0: L&rsquo;Italie et l&rsquo;Espagne en t\u00eate des clients de l\u2019Alg\u00e9rie\"}]},{\"@type\":\"WebSite\",\"@id\":\"https:\\\/\\\/lasentinelle.dz\\\/#website\",\"url\":\"https:\\\/\\\/lasentinelle.dz\\\/\",\"name\":\"La Sentinelle\",\"description\":\"Quotidien national d&#039;information\",\"publisher\":{\"@id\":\"https:\\\/\\\/lasentinelle.dz\\\/#organization\"},\"potentialAction\":[{\"@type\":\"SearchAction\",\"target\":{\"@type\":\"EntryPoint\",\"urlTemplate\":\"https:\\\/\\\/lasentinelle.dz\\\/?s={search_term_string}\"},\"query-input\":{\"@type\":\"PropertyValueSpecification\",\"valueRequired\":true,\"valueName\":\"search_term_string\"}}],\"inLanguage\":\"fr-FR\"},{\"@type\":\"Organization\",\"@id\":\"https:\\\/\\\/lasentinelle.dz\\\/#organization\",\"name\":\"Quotidien La Sentinelle\",\"url\":\"https:\\\/\\\/lasentinelle.dz\\\/\",\"logo\":{\"@type\":\"ImageObject\",\"inLanguage\":\"fr-FR\",\"@id\":\"https:\\\/\\\/lasentinelle.dz\\\/#\\\/schema\\\/logo\\\/image\\\/\",\"url\":\"https:\\\/\\\/lasentinelle.dz\\\/wp-content\\\/uploads\\\/2021\\\/09\\\/logo-sentinelleSLOGAN-1.png\",\"contentUrl\":\"https:\\\/\\\/lasentinelle.dz\\\/wp-content\\\/uploads\\\/2021\\\/09\\\/logo-sentinelleSLOGAN-1.png\",\"width\":615,\"height\":142,\"caption\":\"Quotidien La Sentinelle\"},\"image\":{\"@id\":\"https:\\\/\\\/lasentinelle.dz\\\/#\\\/schema\\\/logo\\\/image\\\/\"},\"sameAs\":[\"https:\\\/\\\/www.facebook.com\\\/La-Sentinelle-104059864394773\"]},{\"@type\":\"Person\",\"@id\":\"https:\\\/\\\/lasentinelle.dz\\\/#\\\/schema\\\/person\\\/729ee0024f24e0b8c5ec17232f8e8b41\",\"name\":\"admin\",\"image\":{\"@type\":\"ImageObject\",\"inLanguage\":\"fr-FR\",\"@id\":\"https:\\\/\\\/secure.gravatar.com\\\/avatar\\\/4c81fed838786e9b53f540bf46533e750f5d292099ae3b66cfc6fb1982e29df7?s=96&d=mm&r=g\",\"url\":\"https:\\\/\\\/secure.gravatar.com\\\/avatar\\\/4c81fed838786e9b53f540bf46533e750f5d292099ae3b66cfc6fb1982e29df7?s=96&d=mm&r=g\",\"contentUrl\":\"https:\\\/\\\/secure.gravatar.com\\\/avatar\\\/4c81fed838786e9b53f540bf46533e750f5d292099ae3b66cfc6fb1982e29df7?s=96&d=mm&r=g\",\"caption\":\"admin\"},\"description\":\"admin\",\"url\":\"https:\\\/\\\/lasentinelle.dz\\\/author\\\/admin\\\/\"}]}<\/script>\n<!-- \/ Yoast SEO plugin. -->","yoast_head_json":{"title":"Commerce ext\u00e9rieur\u00a0: L&rsquo;Italie et l&rsquo;Espagne en t\u00eate des clients de l\u2019Alg\u00e9rie - La Sentinelle","robots":{"index":"index","follow":"follow","max-snippet":"max-snippet:-1","max-image-preview":"max-image-preview:large","max-video-preview":"max-video-preview:-1"},"canonical":"https:\/\/lasentinelle.dz\/index.php\/2026\/08\/31\/commerce-exterieur-litalie-et-lespagne-en-tete-des-clients-de-lalgerie\/","og_locale":"fr_FR","og_type":"article","og_title":"Commerce ext\u00e9rieur\u00a0: L&rsquo;Italie et l&rsquo;Espagne en t\u00eate des clients de l\u2019Alg\u00e9rie - La Sentinelle","og_description":"Un rapport publi\u00e9 par ICEX Espa\u00f1a Exportaci\u00f3n e Inversiones, l&rsquo;organisme public espagnol charg\u00e9 de la promotion du commerce ext\u00e9rieur et","og_url":"https:\/\/lasentinelle.dz\/index.php\/2026\/08\/31\/commerce-exterieur-litalie-et-lespagne-en-tete-des-clients-de-lalgerie\/","og_site_name":"La Sentinelle","article_publisher":"https:\/\/www.facebook.com\/La-Sentinelle-104059864394773","article_published_time":"2026-08-31T10:34:39+00:00","article_modified_time":"2026-08-31T10:34:41+00:00","og_image":[{"width":2560,"height":1700,"url":"https:\/\/lasentinelle.dz\/wp-content\/uploads\/2026\/06\/port-dAlger-scaled.jpg","type":"image\/jpeg"}],"author":"admin","twitter_card":"summary_large_image","twitter_misc":{"\u00c9crit par":"admin","Dur\u00e9e de lecture estim\u00e9e":"4 minutes"},"schema":{"@context":"https:\/\/schema.org","@graph":[{"@type":"Article","@id":"https:\/\/lasentinelle.dz\/index.php\/2026\/08\/31\/commerce-exterieur-litalie-et-lespagne-en-tete-des-clients-de-lalgerie\/#article","isPartOf":{"@id":"https:\/\/lasentinelle.dz\/index.php\/2026\/08\/31\/commerce-exterieur-litalie-et-lespagne-en-tete-des-clients-de-lalgerie\/"},"author":{"name":"admin","@id":"https:\/\/lasentinelle.dz\/#\/schema\/person\/729ee0024f24e0b8c5ec17232f8e8b41"},"headline":"Commerce ext\u00e9rieur\u00a0: L&rsquo;Italie et l&rsquo;Espagne en t\u00eate des clients de l\u2019Alg\u00e9rie","datePublished":"2026-08-31T10:34:39+00:00","dateModified":"2026-08-31T10:34:41+00:00","mainEntityOfPage":{"@id":"https:\/\/lasentinelle.dz\/index.php\/2026\/08\/31\/commerce-exterieur-litalie-et-lespagne-en-tete-des-clients-de-lalgerie\/"},"wordCount":706,"commentCount":0,"publisher":{"@id":"https:\/\/lasentinelle.dz\/#organization"},"image":{"@id":"https:\/\/lasentinelle.dz\/index.php\/2026\/08\/31\/commerce-exterieur-litalie-et-lespagne-en-tete-des-clients-de-lalgerie\/#primaryimage"},"thumbnailUrl":"https:\/\/lasentinelle.dz\/wp-content\/uploads\/2026\/06\/port-dAlger-scaled.jpg","articleSection":["\u00c9conomie"],"inLanguage":"fr-FR","potentialAction":[{"@type":"CommentAction","name":"Comment","target":["https:\/\/lasentinelle.dz\/index.php\/2026\/08\/31\/commerce-exterieur-litalie-et-lespagne-en-tete-des-clients-de-lalgerie\/#respond"]}]},{"@type":"WebPage","@id":"https:\/\/lasentinelle.dz\/index.php\/2026\/08\/31\/commerce-exterieur-litalie-et-lespagne-en-tete-des-clients-de-lalgerie\/","url":"https:\/\/lasentinelle.dz\/index.php\/2026\/08\/31\/commerce-exterieur-litalie-et-lespagne-en-tete-des-clients-de-lalgerie\/","name":"Commerce ext\u00e9rieur\u00a0: L&rsquo;Italie et l&rsquo;Espagne en t\u00eate des clients de l\u2019Alg\u00e9rie - La Sentinelle","isPartOf":{"@id":"https:\/\/lasentinelle.dz\/#website"},"primaryImageOfPage":{"@id":"https:\/\/lasentinelle.dz\/index.php\/2026\/08\/31\/commerce-exterieur-litalie-et-lespagne-en-tete-des-clients-de-lalgerie\/#primaryimage"},"image":{"@id":"https:\/\/lasentinelle.dz\/index.php\/2026\/08\/31\/commerce-exterieur-litalie-et-lespagne-en-tete-des-clients-de-lalgerie\/#primaryimage"},"thumbnailUrl":"https:\/\/lasentinelle.dz\/wp-content\/uploads\/2026\/06\/port-dAlger-scaled.jpg","datePublished":"2026-08-31T10:34:39+00:00","dateModified":"2026-08-31T10:34:41+00:00","breadcrumb":{"@id":"https:\/\/lasentinelle.dz\/index.php\/2026\/08\/31\/commerce-exterieur-litalie-et-lespagne-en-tete-des-clients-de-lalgerie\/#breadcrumb"},"inLanguage":"fr-FR","potentialAction":[{"@type":"ReadAction","target":["https:\/\/lasentinelle.dz\/index.php\/2026\/08\/31\/commerce-exterieur-litalie-et-lespagne-en-tete-des-clients-de-lalgerie\/"]}]},{"@type":"ImageObject","inLanguage":"fr-FR","@id":"https:\/\/lasentinelle.dz\/index.php\/2026\/08\/31\/commerce-exterieur-litalie-et-lespagne-en-tete-des-clients-de-lalgerie\/#primaryimage","url":"https:\/\/lasentinelle.dz\/wp-content\/uploads\/2026\/06\/port-dAlger-scaled.jpg","contentUrl":"https:\/\/lasentinelle.dz\/wp-content\/uploads\/2026\/06\/port-dAlger-scaled.jpg","width":2560,"height":1700},{"@type":"BreadcrumbList","@id":"https:\/\/lasentinelle.dz\/index.php\/2026\/08\/31\/commerce-exterieur-litalie-et-lespagne-en-tete-des-clients-de-lalgerie\/#breadcrumb","itemListElement":[{"@type":"ListItem","position":1,"name":"Accueil","item":"https:\/\/lasentinelle.dz\/"},{"@type":"ListItem","position":2,"name":"Commerce ext\u00e9rieur\u00a0: L&rsquo;Italie et l&rsquo;Espagne en t\u00eate des clients de l\u2019Alg\u00e9rie"}]},{"@type":"WebSite","@id":"https:\/\/lasentinelle.dz\/#website","url":"https:\/\/lasentinelle.dz\/","name":"La Sentinelle","description":"Quotidien national d&#039;information","publisher":{"@id":"https:\/\/lasentinelle.dz\/#organization"},"potentialAction":[{"@type":"SearchAction","target":{"@type":"EntryPoint","urlTemplate":"https:\/\/lasentinelle.dz\/?s={search_term_string}"},"query-input":{"@type":"PropertyValueSpecification","valueRequired":true,"valueName":"search_term_string"}}],"inLanguage":"fr-FR"},{"@type":"Organization","@id":"https:\/\/lasentinelle.dz\/#organization","name":"Quotidien La Sentinelle","url":"https:\/\/lasentinelle.dz\/","logo":{"@type":"ImageObject","inLanguage":"fr-FR","@id":"https:\/\/lasentinelle.dz\/#\/schema\/logo\/image\/","url":"https:\/\/lasentinelle.dz\/wp-content\/uploads\/2021\/09\/logo-sentinelleSLOGAN-1.png","contentUrl":"https:\/\/lasentinelle.dz\/wp-content\/uploads\/2021\/09\/logo-sentinelleSLOGAN-1.png","width":615,"height":142,"caption":"Quotidien La Sentinelle"},"image":{"@id":"https:\/\/lasentinelle.dz\/#\/schema\/logo\/image\/"},"sameAs":["https:\/\/www.facebook.com\/La-Sentinelle-104059864394773"]},{"@type":"Person","@id":"https:\/\/lasentinelle.dz\/#\/schema\/person\/729ee0024f24e0b8c5ec17232f8e8b41","name":"admin","image":{"@type":"ImageObject","inLanguage":"fr-FR","@id":"https:\/\/secure.gravatar.com\/avatar\/4c81fed838786e9b53f540bf46533e750f5d292099ae3b66cfc6fb1982e29df7?s=96&d=mm&r=g","url":"https:\/\/secure.gravatar.com\/avatar\/4c81fed838786e9b53f540bf46533e750f5d292099ae3b66cfc6fb1982e29df7?s=96&d=mm&r=g","contentUrl":"https:\/\/secure.gravatar.com\/avatar\/4c81fed838786e9b53f540bf46533e750f5d292099ae3b66cfc6fb1982e29df7?s=96&d=mm&r=g","caption":"admin"},"description":"admin","url":"https:\/\/lasentinelle.dz\/author\/admin\/"}]}},"_links":{"self":[{"href":"https:\/\/lasentinelle.dz\/index.php\/wp-json\/wp\/v2\/posts\/94637","targetHints":{"allow":["GET"]}}],"collection":[{"href":"https:\/\/lasentinelle.dz\/index.php\/wp-json\/wp\/v2\/posts"}],"about":[{"href":"https:\/\/lasentinelle.dz\/index.php\/wp-json\/wp\/v2\/types\/post"}],"author":[{"embeddable":true,"href":"https:\/\/lasentinelle.dz\/index.php\/wp-json\/wp\/v2\/users\/6"}],"replies":[{"embeddable":true,"href":"https:\/\/lasentinelle.dz\/index.php\/wp-json\/wp\/v2\/comments?post=94637"}],"version-history":[{"count":2,"href":"https:\/\/lasentinelle.dz\/index.php\/wp-json\/wp\/v2\/posts\/94637\/revisions"}],"predecessor-version":[{"id":94639,"href":"https:\/\/lasentinelle.dz\/index.php\/wp-json\/wp\/v2\/posts\/94637\/revisions\/94639"}],"wp:featuredmedia":[{"embeddable":true,"href":"https:\/\/lasentinelle.dz\/index.php\/wp-json\/wp\/v2\/media\/89654"}],"wp:attachment":[{"href":"https:\/\/lasentinelle.dz\/index.php\/wp-json\/wp\/v2\/media?parent=94637"}],"wp:term":[{"taxonomy":"category","embeddable":true,"href":"https:\/\/lasentinelle.dz\/index.php\/wp-json\/wp\/v2\/categories?post=94637"},{"taxonomy":"post_tag","embeddable":true,"href":"https:\/\/lasentinelle.dz\/index.php\/wp-json\/wp\/v2\/tags?post=94637"}],"curies":[{"name":"wp","href":"https:\/\/api.w.org\/{rel}","templated":true}]}}