{"id":94641,"date":"2026-08-31T11:35:55","date_gmt":"2026-08-31T10:35:55","guid":{"rendered":"https:\/\/lasentinelle.dz\/?p=94641"},"modified":"2026-08-31T11:35:58","modified_gmt":"2026-08-31T10:35:58","slug":"projet-south2-corridor-un-sommet-inedit-prevu-prochainement-a-alger","status":"publish","type":"post","link":"https:\/\/lasentinelle.dz\/index.php\/2026\/08\/31\/projet-south2-corridor-un-sommet-inedit-prevu-prochainement-a-alger\/","title":{"rendered":"Projet SoutH2 Corridor\u00a0: Un sommet in\u00e9dit pr\u00e9vu prochainement \u00e0 Alger"},"content":{"rendered":"\n<p class=\"wp-block-paragraph\">Le ministre de l&rsquo;\u00c9nergie et des \u00c9nergies renouvelables a pr\u00e9sid\u00e9 dimanche une r\u00e9union consacr\u00e9e aux pr\u00e9paratifs d&rsquo;un \u00e9v\u00e9nement mondial que doit accueillir Alger autour du SoutH2 Corridor, ce projet d&rsquo;infrastructure destin\u00e9 \u00e0 acheminer l&rsquo;hydrog\u00e8ne vert alg\u00e9rien jusqu&rsquo;en Allemagne. L\u2019\u00e9v\u00e8nement doit r\u00e9unir les ministres de l&rsquo;\u00c9nergie des pays partenaires du projet.<\/p>\n\n\n\n<p class=\"wp-block-paragraph\">Le ministre de l&rsquo;\u00c9nergie et des \u00c9nergies renouvelables, Mourad Adjal, a pr\u00e9sid\u00e9 dimanche&nbsp; une r\u00e9union avec plusieurs cadres de son d\u00e9partement consacr\u00e9e aux \u00ab travaux pr\u00e9paratoires de l&rsquo;\u00e9v\u00e9nement mondial que conna\u00eetra la capitale alg\u00e9rienne autour du projet du Corridor Sud pour l&rsquo;hydrog\u00e8ne (<strong>SoutH2 Corridor<\/strong>) \u00bb, selon un communiqu\u00e9 publi\u00e9 par le minist\u00e8re sur sa page Facebook. Le texte rappelle que ce corridor est \u00ab un projet d&rsquo;infrastructure g\u00e9ant visant \u00e0 transporter l&rsquo;hydrog\u00e8ne vert produit en Alg\u00e9rie \u00e0 travers l&rsquo;Italie et l&rsquo;Autriche jusqu&rsquo;en Allemagne, au c\u0153ur de l&rsquo;Europe \u00bb.<\/p>\n\n\n\n<p class=\"wp-block-paragraph\">Le communiqu\u00e9 pr\u00e9cise que ce chantier \u00ab repr\u00e9sente un partenariat strat\u00e9gique important \u00bb, la tenue de la rencontre annonc\u00e9e \u00e0 Alger devant r\u00e9unir les ministres de l&rsquo;\u00c9nergie des pays concern\u00e9s par le projet. Lors de la r\u00e9union tenue au si\u00e8ge du minist\u00e8re, plusieurs pr\u00e9sentations ont \u00e9t\u00e9 faites sur ce dossier avant que le ministre ne d\u00e9livre, selon la m\u00eame source, \u00ab une s\u00e9rie d&rsquo;instructions et d&rsquo;orientations \u00bb \u00e0 ses \u00e9quipes.<\/p>\n\n\n\n<p class=\"wp-block-paragraph\">Cette annonce s&rsquo;inscrit dans la continuit\u00e9 d&rsquo;un projet lanc\u00e9 fin 2024 lors du salon Napec \u00e0 Oran, o\u00f9 Sonatrach, Sonelgaz et leurs partenaires europ\u00e9ens VNG et SNAM avaient sign\u00e9 un protocole d&rsquo;accord portant sur les \u00e9tudes de faisabilit\u00e9 de l&rsquo;ensemble de la cha\u00eene de valeur. Le SoutH2 Corridor vise \u00e0 relier l&rsquo;Afrique du Nord aux grands p\u00f4les industriels europ\u00e9ens sur pr\u00e8s de 3300 kilom\u00e8tres, en r\u00e9utilisant en grande partie des gazoducs existants convertis au transport d&rsquo;hydrog\u00e8ne.<\/p>\n\n\n\n<p class=\"wp-block-paragraph\">En janvier 2025, l&rsquo;Alg\u00e9rie, la Tunisie, l&rsquo;Italie, l&rsquo;Autriche et l&rsquo;Allemagne avaient sign\u00e9 \u00e0 Rome une d\u00e9claration d&rsquo;intention commune scellant leur engagement politique en faveur du corridor, cens\u00e9 offrir \u00e0 terme une capacit\u00e9 d&rsquo;importation sup\u00e9rieure \u00e0 4 millions de tonnes d&rsquo;hydrog\u00e8ne renouvelable par an vers l&rsquo;Union europ\u00e9enne, pour une mise en service esp\u00e9r\u00e9e au d\u00e9but des ann\u00e9es 2030.<\/p>\n\n\n\n<p class=\"wp-block-paragraph\">Le dossier a connu une acc\u00e9l\u00e9ration notable ces derni\u00e8res semaines. Mi-juillet, la visite du pr\u00e9sident de la R\u00e9publique Abdelmadjid Tebboune \u00e0 Berlin avait permis au Chef de l\u2019Etat et au chancelier allemand Friedrich Merz et de r\u00e9affirmer leur volont\u00e9 de concr\u00e9tiser rapidement le projet, dans un contexte de rapprochement \u00e9conomique entre les deux pays portant notamment sur le gaz, l&rsquo;hydrog\u00e8ne et les terres rares. Des industriels allemands doivent par ailleurs se rendre en Alg\u00e9rie et en Tunisie du 21 au 25 septembre prochain dans le cadre d&rsquo;une mission de prospection consacr\u00e9e \u00e0 l&rsquo;hydrog\u00e8ne vert et aux solutions de stockage d&rsquo;\u00e9nergie, organis\u00e9e avec les chambres de commerce germano-alg\u00e9rienne et germano-tunisienne.<\/p>\n\n\n\n<p class=\"wp-block-paragraph\">Samira Ghrib<\/p>\n","protected":false},"excerpt":{"rendered":"<p>Le ministre de l&rsquo;\u00c9nergie et des \u00c9nergies renouvelables a pr\u00e9sid\u00e9 dimanche une r\u00e9union consacr\u00e9e aux pr\u00e9paratifs d&rsquo;un \u00e9v\u00e9nement mondial que<\/p>\n","protected":false},"author":6,"featured_media":94642,"comment_status":"open","ping_status":"closed","sticky":false,"template":"","format":"standard","meta":{"colormag_page_container_layout":"default_layout","colormag_page_sidebar_layout":"default_layout","om_disable_all_campaigns":false,"_monsterinsights_skip_tracking":false,"footnotes":"","_wpscppro_dont_share_socialmedia":false,"_wpscppro_custom_social_share_image":0,"_facebook_share_type":"default","_twitter_share_type":"default","_linkedin_share_type":"default","_pinterest_share_type":"default","_linkedin_share_type_page":"","_instagram_share_type":"default","_medium_share_type":"default","_threads_share_type":"default","_google_business_share_type":"default","_bluesky_share_type":"default","_mastodon_share_type":"default","_selected_social_profile":[],"_wpsp_enable_custom_social_template":false,"_wpsp_social_scheduling":{"enabled":false,"datetime":null,"platforms":[],"status":"template_only","dateOption":"today","timeOption":"now","customDays":"","customHours":"","customDate":"","customTime":"","schedulingType":"absolute"},"_wpsp_active_default_template":true},"categories":[52,29],"tags":[],"class_list":["post-94641","post","type-post","status-publish","format-standard","has-post-thumbnail","hentry","category-a-la-une","category-economie"],"aioseo_notices":[],"aioseo_head":"\n\t\t<!-- All in One SEO 5.0.0.1 - aioseo.com -->\n\t<meta name=\"description\" content=\"Le ministre de l&#039;\u00c9nergie et des \u00c9nergies renouvelables a pr\u00e9sid\u00e9 dimanche une r\u00e9union consacr\u00e9e aux pr\u00e9paratifs d&#039;un \u00e9v\u00e9nement mondial que doit accueillir Alger autour du SoutH2 Corridor, ce projet d&#039;infrastructure destin\u00e9 \u00e0 acheminer l&#039;hydrog\u00e8ne vert alg\u00e9rien jusqu&#039;en Allemagne. L\u2019\u00e9v\u00e8nement doit r\u00e9unir les ministres de l&#039;\u00c9nergie des pays partenaires du projet. Le ministre de l&#039;\u00c9nergie et\" \/>\n\t<meta name=\"robots\" content=\"max-image-preview:large\" \/>\n\t<meta name=\"author\" content=\"admin\"\/>\n\t<link rel=\"canonical\" href=\"https:\/\/lasentinelle.dz\/index.php\/2026\/08\/31\/projet-south2-corridor-un-sommet-inedit-prevu-prochainement-a-alger\/\" \/>\n\t<meta name=\"generator\" content=\"All in One SEO (AIOSEO) 5.0.0.1\" \/>\n\t\t<meta property=\"og:locale\" content=\"fr_FR\" \/>\n\t\t<meta property=\"og:site_name\" content=\"La Sentinelle - Quotidien national d&#039;information\" \/>\n\t\t<meta property=\"og:type\" content=\"article\" \/>\n\t\t<meta property=\"og:title\" content=\"Projet SoutH2 Corridor : Un sommet in\u00e9dit pr\u00e9vu prochainement \u00e0 Alger - La Sentinelle\" \/>\n\t\t<meta property=\"og:description\" content=\"Le ministre de l&#039;\u00c9nergie et des \u00c9nergies renouvelables a pr\u00e9sid\u00e9 dimanche une r\u00e9union consacr\u00e9e aux pr\u00e9paratifs d&#039;un \u00e9v\u00e9nement mondial que doit accueillir Alger autour du SoutH2 Corridor, ce projet d&#039;infrastructure destin\u00e9 \u00e0 acheminer l&#039;hydrog\u00e8ne vert alg\u00e9rien jusqu&#039;en Allemagne. L\u2019\u00e9v\u00e8nement doit r\u00e9unir les ministres de l&#039;\u00c9nergie des pays partenaires du projet. Le ministre de l&#039;\u00c9nergie et\" \/>\n\t\t<meta property=\"og:url\" content=\"https:\/\/lasentinelle.dz\/index.php\/2026\/08\/31\/projet-south2-corridor-un-sommet-inedit-prevu-prochainement-a-alger\/\" \/>\n\t\t<meta property=\"og:image\" content=\"https:\/\/lasentinelle.dz\/wp-content\/uploads\/2021\/09\/cropped-la-sentinelle-earth-golden-anima-5.gif\" \/>\n\t\t<meta property=\"og:image:secure_url\" content=\"https:\/\/lasentinelle.dz\/wp-content\/uploads\/2021\/09\/cropped-la-sentinelle-earth-golden-anima-5.gif\" \/>\n\t\t<meta property=\"og:image:width\" content=\"450\" \/>\n\t\t<meta property=\"og:image:height\" content=\"213\" \/>\n\t\t<meta property=\"article:published_time\" content=\"2026-08-31T10:35:55+00:00\" \/>\n\t\t<meta property=\"article:modified_time\" content=\"2026-08-31T10:35:58+00:00\" \/>\n\t\t<meta property=\"article:publisher\" content=\"https:\/\/www.facebook.com\/azzedine.lasentinelle.1\" \/>\n\t\t<meta name=\"twitter:card\" content=\"summary_large_image\" \/>\n\t\t<meta name=\"twitter:title\" content=\"Projet SoutH2 Corridor : Un sommet in\u00e9dit pr\u00e9vu prochainement \u00e0 Alger - La Sentinelle\" \/>\n\t\t<meta name=\"twitter:description\" content=\"Le ministre de l&#039;\u00c9nergie et des \u00c9nergies renouvelables a pr\u00e9sid\u00e9 dimanche une r\u00e9union consacr\u00e9e aux pr\u00e9paratifs d&#039;un \u00e9v\u00e9nement mondial que doit accueillir Alger autour du SoutH2 Corridor, ce projet d&#039;infrastructure destin\u00e9 \u00e0 acheminer l&#039;hydrog\u00e8ne vert alg\u00e9rien jusqu&#039;en Allemagne. L\u2019\u00e9v\u00e8nement doit r\u00e9unir les ministres de l&#039;\u00c9nergie des pays partenaires du projet. Le ministre de l&#039;\u00c9nergie et\" \/>\n\t\t<meta name=\"twitter:image\" content=\"https:\/\/lasentinelle.dz\/wp-content\/uploads\/2021\/09\/cropped-la-sentinelle-earth-golden-anima-5.gif\" \/>\n\t\t<script type=\"application\/ld+json\" class=\"aioseo-schema\">\n\t\t\t{\"@context\":\"https:\\\/\\\/schema.org\",\"@graph\":[{\"@type\":\"BlogPosting\",\"@id\":\"https:\\\/\\\/lasentinelle.dz\\\/index.php\\\/2026\\\/08\\\/31\\\/projet-south2-corridor-un-sommet-inedit-prevu-prochainement-a-alger\\\/#blogposting\",\"name\":\"Projet SoutH2 Corridor : Un sommet in\\u00e9dit pr\\u00e9vu prochainement \\u00e0 Alger - La Sentinelle\",\"headline\":\"Projet SoutH2 Corridor\\u00a0: Un sommet in\\u00e9dit pr\\u00e9vu prochainement \\u00e0 Alger\",\"author\":{\"@id\":\"https:\\\/\\\/lasentinelle.dz\\\/author\\\/admin\\\/#author\"},\"publisher\":{\"@id\":\"https:\\\/\\\/lasentinelle.dz\\\/#organization\"},\"image\":{\"@type\":\"ImageObject\",\"url\":\"https:\\\/\\\/lasentinelle.dz\\\/wp-content\\\/uploads\\\/2026\\\/08\\\/reunion-2.jpeg\",\"width\":1600,\"height\":1066},\"datePublished\":\"2026-08-31T11:35:55+01:00\",\"dateModified\":\"2026-08-31T11:35:58+01:00\",\"inLanguage\":\"fr-FR\",\"mainEntityOfPage\":{\"@id\":\"https:\\\/\\\/lasentinelle.dz\\\/index.php\\\/2026\\\/08\\\/31\\\/projet-south2-corridor-un-sommet-inedit-prevu-prochainement-a-alger\\\/#webpage\"},\"isPartOf\":{\"@id\":\"https:\\\/\\\/lasentinelle.dz\\\/index.php\\\/2026\\\/08\\\/31\\\/projet-south2-corridor-un-sommet-inedit-prevu-prochainement-a-alger\\\/#webpage\"},\"articleSection\":\"\\u00c0 la Une, \\u00c9conomie\"},{\"@type\":\"BreadcrumbList\",\"@id\":\"https:\\\/\\\/lasentinelle.dz\\\/index.php\\\/2026\\\/08\\\/31\\\/projet-south2-corridor-un-sommet-inedit-prevu-prochainement-a-alger\\\/#breadcrumblist\",\"itemListElement\":[{\"@type\":\"ListItem\",\"@id\":\"https:\\\/\\\/lasentinelle.dz#listItem\",\"position\":1,\"name\":\"Home\",\"item\":\"https:\\\/\\\/lasentinelle.dz\",\"nextItem\":{\"@type\":\"ListItem\",\"@id\":\"https:\\\/\\\/lasentinelle.dz\\\/index.php\\\/category\\\/economie\\\/#listItem\",\"name\":\"\\u00c9conomie\"}},{\"@type\":\"ListItem\",\"@id\":\"https:\\\/\\\/lasentinelle.dz\\\/index.php\\\/category\\\/economie\\\/#listItem\",\"position\":2,\"name\":\"\\u00c9conomie\",\"item\":\"https:\\\/\\\/lasentinelle.dz\\\/index.php\\\/category\\\/economie\\\/\",\"nextItem\":{\"@type\":\"ListItem\",\"@id\":\"https:\\\/\\\/lasentinelle.dz\\\/index.php\\\/2026\\\/08\\\/31\\\/projet-south2-corridor-un-sommet-inedit-prevu-prochainement-a-alger\\\/#listItem\",\"name\":\"Projet SoutH2 Corridor\\u00a0: Un sommet in\\u00e9dit pr\\u00e9vu prochainement \\u00e0 Alger\"},\"previousItem\":{\"@type\":\"ListItem\",\"@id\":\"https:\\\/\\\/lasentinelle.dz#listItem\",\"name\":\"Home\"}},{\"@type\":\"ListItem\",\"@id\":\"https:\\\/\\\/lasentinelle.dz\\\/index.php\\\/2026\\\/08\\\/31\\\/projet-south2-corridor-un-sommet-inedit-prevu-prochainement-a-alger\\\/#listItem\",\"position\":3,\"name\":\"Projet SoutH2 Corridor\\u00a0: Un sommet in\\u00e9dit pr\\u00e9vu prochainement \\u00e0 Alger\",\"previousItem\":{\"@type\":\"ListItem\",\"@id\":\"https:\\\/\\\/lasentinelle.dz\\\/index.php\\\/category\\\/economie\\\/#listItem\",\"name\":\"\\u00c9conomie\"}}]},{\"@type\":\"Organization\",\"@id\":\"https:\\\/\\\/lasentinelle.dz\\\/#organization\",\"name\":\"La Sentinelle La Sentinelle\",\"description\":\"Quotidien national d'information\",\"url\":\"https:\\\/\\\/lasentinelle.dz\\\/\",\"logo\":{\"@type\":\"ImageObject\",\"url\":\"https:\\\/\\\/lasentinelle.dz\\\/wp-content\\\/uploads\\\/2021\\\/09\\\/cropped-la-sentinelle-earth-golden-anima-5.gif\",\"@id\":\"https:\\\/\\\/lasentinelle.dz\\\/index.php\\\/2026\\\/08\\\/31\\\/projet-south2-corridor-un-sommet-inedit-prevu-prochainement-a-alger\\\/#organizationLogo\",\"width\":450,\"height\":213},\"image\":{\"@id\":\"https:\\\/\\\/lasentinelle.dz\\\/index.php\\\/2026\\\/08\\\/31\\\/projet-south2-corridor-un-sommet-inedit-prevu-prochainement-a-alger\\\/#organizationLogo\"},\"sameAs\":[\"https:\\\/\\\/www.facebook.com\\\/azzedine.lasentinelle.1\"]},{\"@type\":\"Person\",\"@id\":\"https:\\\/\\\/lasentinelle.dz\\\/author\\\/admin\\\/#author\",\"url\":\"https:\\\/\\\/lasentinelle.dz\\\/author\\\/admin\\\/\",\"name\":\"admin\",\"image\":{\"@type\":\"ImageObject\",\"@id\":\"https:\\\/\\\/lasentinelle.dz\\\/index.php\\\/2026\\\/08\\\/31\\\/projet-south2-corridor-un-sommet-inedit-prevu-prochainement-a-alger\\\/#authorImage\",\"url\":\"https:\\\/\\\/secure.gravatar.com\\\/avatar\\\/4c81fed838786e9b53f540bf46533e750f5d292099ae3b66cfc6fb1982e29df7?s=96&d=mm&r=g\",\"width\":96,\"height\":96,\"caption\":\"admin\"}},{\"@type\":\"WebPage\",\"@id\":\"https:\\\/\\\/lasentinelle.dz\\\/index.php\\\/2026\\\/08\\\/31\\\/projet-south2-corridor-un-sommet-inedit-prevu-prochainement-a-alger\\\/#webpage\",\"url\":\"https:\\\/\\\/lasentinelle.dz\\\/index.php\\\/2026\\\/08\\\/31\\\/projet-south2-corridor-un-sommet-inedit-prevu-prochainement-a-alger\\\/\",\"name\":\"Projet SoutH2 Corridor : Un sommet in\\u00e9dit pr\\u00e9vu prochainement \\u00e0 Alger - La Sentinelle\",\"description\":\"Le ministre de l'\\u00c9nergie et des \\u00c9nergies renouvelables a pr\\u00e9sid\\u00e9 dimanche une r\\u00e9union consacr\\u00e9e aux pr\\u00e9paratifs d'un \\u00e9v\\u00e9nement mondial que doit accueillir Alger autour du SoutH2 Corridor, ce projet d'infrastructure destin\\u00e9 \\u00e0 acheminer l'hydrog\\u00e8ne vert alg\\u00e9rien jusqu'en Allemagne. L\\u2019\\u00e9v\\u00e8nement doit r\\u00e9unir les ministres de l'\\u00c9nergie des pays partenaires du projet. Le ministre de l'\\u00c9nergie et\",\"inLanguage\":\"fr-FR\",\"isPartOf\":{\"@id\":\"https:\\\/\\\/lasentinelle.dz\\\/#website\"},\"breadcrumb\":{\"@id\":\"https:\\\/\\\/lasentinelle.dz\\\/index.php\\\/2026\\\/08\\\/31\\\/projet-south2-corridor-un-sommet-inedit-prevu-prochainement-a-alger\\\/#breadcrumblist\"},\"author\":{\"@id\":\"https:\\\/\\\/lasentinelle.dz\\\/author\\\/admin\\\/#author\"},\"creator\":{\"@id\":\"https:\\\/\\\/lasentinelle.dz\\\/author\\\/admin\\\/#author\"},\"image\":{\"@type\":\"ImageObject\",\"url\":\"https:\\\/\\\/lasentinelle.dz\\\/wp-content\\\/uploads\\\/2026\\\/08\\\/reunion-2.jpeg\",\"@id\":\"https:\\\/\\\/lasentinelle.dz\\\/index.php\\\/2026\\\/08\\\/31\\\/projet-south2-corridor-un-sommet-inedit-prevu-prochainement-a-alger\\\/#mainImage\",\"width\":1600,\"height\":1066},\"primaryImageOfPage\":{\"@id\":\"https:\\\/\\\/lasentinelle.dz\\\/index.php\\\/2026\\\/08\\\/31\\\/projet-south2-corridor-un-sommet-inedit-prevu-prochainement-a-alger\\\/#mainImage\"},\"datePublished\":\"2026-08-31T11:35:55+01:00\",\"dateModified\":\"2026-08-31T11:35:58+01:00\"},{\"@type\":\"WebSite\",\"@id\":\"https:\\\/\\\/lasentinelle.dz\\\/#website\",\"url\":\"https:\\\/\\\/lasentinelle.dz\\\/\",\"name\":\"La Sentinelle\",\"description\":\"Quotidien national d'information\",\"inLanguage\":\"fr-FR\",\"publisher\":{\"@id\":\"https:\\\/\\\/lasentinelle.dz\\\/#organization\"}}]}\n\t\t<\/script>\n\t\t<!-- All in One SEO -->\n\n","aioseo_head_json":{"title":"Projet SoutH2 Corridor : Un sommet in\u00e9dit pr\u00e9vu prochainement \u00e0 Alger - La Sentinelle","description":"Le ministre de l'\u00c9nergie et des \u00c9nergies renouvelables a pr\u00e9sid\u00e9 dimanche une r\u00e9union consacr\u00e9e aux pr\u00e9paratifs d'un \u00e9v\u00e9nement mondial que doit accueillir Alger autour du SoutH2 Corridor, ce projet d'infrastructure destin\u00e9 \u00e0 acheminer l'hydrog\u00e8ne vert alg\u00e9rien jusqu'en Allemagne. L\u2019\u00e9v\u00e8nement doit r\u00e9unir les ministres de l'\u00c9nergie des pays partenaires du projet. Le ministre de l'\u00c9nergie et","canonical_url":"https:\/\/lasentinelle.dz\/index.php\/2026\/08\/31\/projet-south2-corridor-un-sommet-inedit-prevu-prochainement-a-alger\/","robots":"max-image-preview:large","keywords":"","webmasterTools":{"miscellaneous":""},"schema":{"@context":"https:\/\/schema.org","@graph":[{"@type":"BlogPosting","@id":"https:\/\/lasentinelle.dz\/index.php\/2026\/08\/31\/projet-south2-corridor-un-sommet-inedit-prevu-prochainement-a-alger\/#blogposting","name":"Projet SoutH2 Corridor : Un sommet in\u00e9dit pr\u00e9vu prochainement \u00e0 Alger - La Sentinelle","headline":"Projet SoutH2 Corridor\u00a0: Un sommet in\u00e9dit pr\u00e9vu prochainement \u00e0 Alger","author":{"@id":"https:\/\/lasentinelle.dz\/author\/admin\/#author"},"publisher":{"@id":"https:\/\/lasentinelle.dz\/#organization"},"image":{"@type":"ImageObject","url":"https:\/\/lasentinelle.dz\/wp-content\/uploads\/2026\/08\/reunion-2.jpeg","width":1600,"height":1066},"datePublished":"2026-08-31T11:35:55+01:00","dateModified":"2026-08-31T11:35:58+01:00","inLanguage":"fr-FR","mainEntityOfPage":{"@id":"https:\/\/lasentinelle.dz\/index.php\/2026\/08\/31\/projet-south2-corridor-un-sommet-inedit-prevu-prochainement-a-alger\/#webpage"},"isPartOf":{"@id":"https:\/\/lasentinelle.dz\/index.php\/2026\/08\/31\/projet-south2-corridor-un-sommet-inedit-prevu-prochainement-a-alger\/#webpage"},"articleSection":"\u00c0 la Une, \u00c9conomie"},{"@type":"BreadcrumbList","@id":"https:\/\/lasentinelle.dz\/index.php\/2026\/08\/31\/projet-south2-corridor-un-sommet-inedit-prevu-prochainement-a-alger\/#breadcrumblist","itemListElement":[{"@type":"ListItem","@id":"https:\/\/lasentinelle.dz#listItem","position":1,"name":"Home","item":"https:\/\/lasentinelle.dz","nextItem":{"@type":"ListItem","@id":"https:\/\/lasentinelle.dz\/index.php\/category\/economie\/#listItem","name":"\u00c9conomie"}},{"@type":"ListItem","@id":"https:\/\/lasentinelle.dz\/index.php\/category\/economie\/#listItem","position":2,"name":"\u00c9conomie","item":"https:\/\/lasentinelle.dz\/index.php\/category\/economie\/","nextItem":{"@type":"ListItem","@id":"https:\/\/lasentinelle.dz\/index.php\/2026\/08\/31\/projet-south2-corridor-un-sommet-inedit-prevu-prochainement-a-alger\/#listItem","name":"Projet SoutH2 Corridor\u00a0: Un sommet in\u00e9dit pr\u00e9vu prochainement \u00e0 Alger"},"previousItem":{"@type":"ListItem","@id":"https:\/\/lasentinelle.dz#listItem","name":"Home"}},{"@type":"ListItem","@id":"https:\/\/lasentinelle.dz\/index.php\/2026\/08\/31\/projet-south2-corridor-un-sommet-inedit-prevu-prochainement-a-alger\/#listItem","position":3,"name":"Projet SoutH2 Corridor\u00a0: Un sommet in\u00e9dit pr\u00e9vu prochainement \u00e0 Alger","previousItem":{"@type":"ListItem","@id":"https:\/\/lasentinelle.dz\/index.php\/category\/economie\/#listItem","name":"\u00c9conomie"}}]},{"@type":"Organization","@id":"https:\/\/lasentinelle.dz\/#organization","name":"La Sentinelle La Sentinelle","description":"Quotidien national d'information","url":"https:\/\/lasentinelle.dz\/","logo":{"@type":"ImageObject","url":"https:\/\/lasentinelle.dz\/wp-content\/uploads\/2021\/09\/cropped-la-sentinelle-earth-golden-anima-5.gif","@id":"https:\/\/lasentinelle.dz\/index.php\/2026\/08\/31\/projet-south2-corridor-un-sommet-inedit-prevu-prochainement-a-alger\/#organizationLogo","width":450,"height":213},"image":{"@id":"https:\/\/lasentinelle.dz\/index.php\/2026\/08\/31\/projet-south2-corridor-un-sommet-inedit-prevu-prochainement-a-alger\/#organizationLogo"},"sameAs":["https:\/\/www.facebook.com\/azzedine.lasentinelle.1"]},{"@type":"Person","@id":"https:\/\/lasentinelle.dz\/author\/admin\/#author","url":"https:\/\/lasentinelle.dz\/author\/admin\/","name":"admin","image":{"@type":"ImageObject","@id":"https:\/\/lasentinelle.dz\/index.php\/2026\/08\/31\/projet-south2-corridor-un-sommet-inedit-prevu-prochainement-a-alger\/#authorImage","url":"https:\/\/secure.gravatar.com\/avatar\/4c81fed838786e9b53f540bf46533e750f5d292099ae3b66cfc6fb1982e29df7?s=96&d=mm&r=g","width":96,"height":96,"caption":"admin"}},{"@type":"WebPage","@id":"https:\/\/lasentinelle.dz\/index.php\/2026\/08\/31\/projet-south2-corridor-un-sommet-inedit-prevu-prochainement-a-alger\/#webpage","url":"https:\/\/lasentinelle.dz\/index.php\/2026\/08\/31\/projet-south2-corridor-un-sommet-inedit-prevu-prochainement-a-alger\/","name":"Projet SoutH2 Corridor : Un sommet in\u00e9dit pr\u00e9vu prochainement \u00e0 Alger - La Sentinelle","description":"Le ministre de l'\u00c9nergie et des \u00c9nergies renouvelables a pr\u00e9sid\u00e9 dimanche une r\u00e9union consacr\u00e9e aux pr\u00e9paratifs d'un \u00e9v\u00e9nement mondial que doit accueillir Alger autour du SoutH2 Corridor, ce projet d'infrastructure destin\u00e9 \u00e0 acheminer l'hydrog\u00e8ne vert alg\u00e9rien jusqu'en Allemagne. L\u2019\u00e9v\u00e8nement doit r\u00e9unir les ministres de l'\u00c9nergie des pays partenaires du projet. Le ministre de l'\u00c9nergie et","inLanguage":"fr-FR","isPartOf":{"@id":"https:\/\/lasentinelle.dz\/#website"},"breadcrumb":{"@id":"https:\/\/lasentinelle.dz\/index.php\/2026\/08\/31\/projet-south2-corridor-un-sommet-inedit-prevu-prochainement-a-alger\/#breadcrumblist"},"author":{"@id":"https:\/\/lasentinelle.dz\/author\/admin\/#author"},"creator":{"@id":"https:\/\/lasentinelle.dz\/author\/admin\/#author"},"image":{"@type":"ImageObject","url":"https:\/\/lasentinelle.dz\/wp-content\/uploads\/2026\/08\/reunion-2.jpeg","@id":"https:\/\/lasentinelle.dz\/index.php\/2026\/08\/31\/projet-south2-corridor-un-sommet-inedit-prevu-prochainement-a-alger\/#mainImage","width":1600,"height":1066},"primaryImageOfPage":{"@id":"https:\/\/lasentinelle.dz\/index.php\/2026\/08\/31\/projet-south2-corridor-un-sommet-inedit-prevu-prochainement-a-alger\/#mainImage"},"datePublished":"2026-08-31T11:35:55+01:00","dateModified":"2026-08-31T11:35:58+01:00"},{"@type":"WebSite","@id":"https:\/\/lasentinelle.dz\/#website","url":"https:\/\/lasentinelle.dz\/","name":"La Sentinelle","description":"Quotidien national d'information","inLanguage":"fr-FR","publisher":{"@id":"https:\/\/lasentinelle.dz\/#organization"}}]},"og:locale":"fr_FR","og:site_name":"La Sentinelle - Quotidien national d'information","og:type":"article","og:title":"Projet SoutH2 Corridor : Un sommet in\u00e9dit pr\u00e9vu prochainement \u00e0 Alger - La Sentinelle","og:description":"Le ministre de l'\u00c9nergie et des \u00c9nergies renouvelables a pr\u00e9sid\u00e9 dimanche une r\u00e9union consacr\u00e9e aux pr\u00e9paratifs d'un \u00e9v\u00e9nement mondial que doit accueillir Alger autour du SoutH2 Corridor, ce projet d'infrastructure destin\u00e9 \u00e0 acheminer l'hydrog\u00e8ne vert alg\u00e9rien jusqu'en Allemagne. L\u2019\u00e9v\u00e8nement doit r\u00e9unir les ministres de l'\u00c9nergie des pays partenaires du projet. Le ministre de l'\u00c9nergie et","og:url":"https:\/\/lasentinelle.dz\/index.php\/2026\/08\/31\/projet-south2-corridor-un-sommet-inedit-prevu-prochainement-a-alger\/","og:image":"https:\/\/lasentinelle.dz\/wp-content\/uploads\/2021\/09\/cropped-la-sentinelle-earth-golden-anima-5.gif","og:image:secure_url":"https:\/\/lasentinelle.dz\/wp-content\/uploads\/2021\/09\/cropped-la-sentinelle-earth-golden-anima-5.gif","og:image:width":450,"og:image:height":213,"article:published_time":"2026-08-31T10:35:55+00:00","article:modified_time":"2026-08-31T10:35:58+00:00","article:publisher":"https:\/\/www.facebook.com\/azzedine.lasentinelle.1","twitter:card":"summary_large_image","twitter:title":"Projet SoutH2 Corridor : Un sommet in\u00e9dit pr\u00e9vu prochainement \u00e0 Alger - La Sentinelle","twitter:description":"Le ministre de l'\u00c9nergie et des \u00c9nergies renouvelables a pr\u00e9sid\u00e9 dimanche une r\u00e9union consacr\u00e9e aux pr\u00e9paratifs d'un \u00e9v\u00e9nement mondial que doit accueillir Alger autour du SoutH2 Corridor, ce projet d'infrastructure destin\u00e9 \u00e0 acheminer l'hydrog\u00e8ne vert alg\u00e9rien jusqu'en Allemagne. L\u2019\u00e9v\u00e8nement doit r\u00e9unir les ministres de l'\u00c9nergie des pays partenaires du projet. Le ministre de l'\u00c9nergie et","twitter:image":"https:\/\/lasentinelle.dz\/wp-content\/uploads\/2021\/09\/cropped-la-sentinelle-earth-golden-anima-5.gif"},"aioseo_meta_data":{"post_id":"94641","title":null,"description":null,"keywords":null,"keyphrases":{"focus":{"keyphrase":"","score":0,"analysis":{"keyphraseInTitle":{"score":0,"maxScore":9,"error":1}}},"additional":[]},"primary_term":null,"canonical_url":null,"og_title":null,"og_description":null,"og_object_type":"default","og_image_type":"default","og_image_url":null,"og_image_width":null,"og_image_height":null,"og_image_custom_url":null,"og_image_custom_fields":null,"og_video":"","og_custom_url":null,"og_article_section":null,"og_article_tags":null,"twitter_use_og":false,"twitter_card":"default","twitter_image_type":"default","twitter_image_url":null,"twitter_image_custom_url":null,"twitter_image_custom_fields":null,"twitter_title":null,"twitter_description":null,"schema":{"blockGraphs":[],"customGraphs":[],"default":{"data":{"Article":[],"Course":[],"Dataset":[],"FAQPage":[],"Movie":[],"Person":[],"Product":[],"ProductReview":[],"Car":[],"Recipe":[],"Service":[],"SoftwareApplication":[],"WebPage":[]},"graphName":"BlogPosting","isEnabled":true},"graphs":[]},"schema_type":"default","schema_type_options":null,"pillar_content":false,"robots_default":true,"robots_noindex":false,"robots_noarchive":false,"robots_nosnippet":false,"robots_nofollow":false,"robots_noimageindex":false,"robots_noodp":false,"robots_notranslate":false,"robots_max_snippet":"-1","robots_max_videopreview":"-1","robots_max_imagepreview":"large","priority":null,"frequency":"default","local_seo":null,"breadcrumb_settings":null,"limit_modified_date":false,"ai":{"faqs":[],"keyPoints":[],"schemas":[],"titles":[],"descriptions":[],"socialPosts":{"email":{"subject":"","preview":"","content":""},"linkedin":[],"twitter":[],"facebook":[],"instagram":[]}},"created":"2026-08-31 10:35:58","updated":"2026-08-31 11:21:59","focus_keyword":null,"additional_keywords":null,"truseo_locale":null,"seo_analyzer_scan_date":null},"aioseo_breadcrumb":"<div class=\"aioseo-breadcrumbs\"><span class=\"aioseo-breadcrumb\">\n\t\t\t<a href=\"https:\/\/lasentinelle.dz\" title=\"Home\">Home<\/a>\n\t\t<\/span><span class=\"aioseo-breadcrumb-separator\">&raquo;<\/span><span class=\"aioseo-breadcrumb\">\n\t\t\t<a href=\"https:\/\/lasentinelle.dz\/index.php\/category\/economie\/\" title=\"\u00c9conomie\">\u00c9conomie<\/a>\n\t\t<\/span><span class=\"aioseo-breadcrumb-separator\">&raquo;<\/span><span class=\"aioseo-breadcrumb\">\n\t\t\tProjet SoutH2 Corridor : Un sommet in\u00e9dit pr\u00e9vu prochainement \u00e0 Alger\n\t\t<\/span><\/div>","aioseo_breadcrumb_json":[{"label":"Home","link":"https:\/\/lasentinelle.dz"},{"label":"\u00c9conomie","link":"https:\/\/lasentinelle.dz\/index.php\/category\/economie\/"},{"label":"Projet SoutH2 Corridor\u00a0: Un sommet in\u00e9dit pr\u00e9vu prochainement \u00e0 Alger","link":"https:\/\/lasentinelle.dz\/index.php\/2026\/08\/31\/projet-south2-corridor-un-sommet-inedit-prevu-prochainement-a-alger\/"}],"yoast_head":"<!-- This site is optimized with the Yoast SEO plugin v28.3 - https:\/\/yoast.com\/product\/yoast-seo-wordpress\/ -->\n<title>Projet SoutH2 Corridor\u00a0: Un sommet in\u00e9dit pr\u00e9vu prochainement \u00e0 Alger - La Sentinelle<\/title>\n<meta name=\"robots\" content=\"index, follow, max-snippet:-1, max-image-preview:large, max-video-preview:-1\" \/>\n<link rel=\"canonical\" href=\"https:\/\/lasentinelle.dz\/index.php\/2026\/08\/31\/projet-south2-corridor-un-sommet-inedit-prevu-prochainement-a-alger\/\" \/>\n<meta property=\"og:locale\" content=\"fr_FR\" \/>\n<meta property=\"og:type\" content=\"article\" \/>\n<meta property=\"og:title\" content=\"Projet SoutH2 Corridor\u00a0: Un sommet in\u00e9dit pr\u00e9vu prochainement \u00e0 Alger - La Sentinelle\" \/>\n<meta property=\"og:description\" content=\"Le ministre de l&rsquo;\u00c9nergie et des \u00c9nergies renouvelables a pr\u00e9sid\u00e9 dimanche une r\u00e9union consacr\u00e9e aux pr\u00e9paratifs d&rsquo;un \u00e9v\u00e9nement mondial que\" \/>\n<meta property=\"og:url\" content=\"https:\/\/lasentinelle.dz\/index.php\/2026\/08\/31\/projet-south2-corridor-un-sommet-inedit-prevu-prochainement-a-alger\/\" \/>\n<meta property=\"og:site_name\" content=\"La Sentinelle\" \/>\n<meta property=\"article:publisher\" content=\"https:\/\/www.facebook.com\/La-Sentinelle-104059864394773\" \/>\n<meta property=\"article:published_time\" content=\"2026-08-31T10:35:55+00:00\" \/>\n<meta property=\"article:modified_time\" content=\"2026-08-31T10:35:58+00:00\" \/>\n<meta property=\"og:image\" content=\"https:\/\/lasentinelle.dz\/wp-content\/uploads\/2026\/08\/reunion-2.jpeg\" \/>\n\t<meta property=\"og:image:width\" content=\"1600\" \/>\n\t<meta property=\"og:image:height\" content=\"1066\" \/>\n\t<meta property=\"og:image:type\" content=\"image\/jpeg\" \/>\n<meta name=\"author\" content=\"admin\" \/>\n<meta name=\"twitter:card\" content=\"summary_large_image\" \/>\n<meta name=\"twitter:label1\" content=\"\u00c9crit par\" \/>\n\t<meta name=\"twitter:data1\" content=\"admin\" \/>\n\t<meta name=\"twitter:label2\" content=\"Dur\u00e9e de lecture estim\u00e9e\" \/>\n\t<meta name=\"twitter:data2\" content=\"3 minutes\" \/>\n<script type=\"application\/ld+json\" class=\"yoast-schema-graph\">{\"@context\":\"https:\\\/\\\/schema.org\",\"@graph\":[{\"@type\":\"Article\",\"@id\":\"https:\\\/\\\/lasentinelle.dz\\\/index.php\\\/2026\\\/08\\\/31\\\/projet-south2-corridor-un-sommet-inedit-prevu-prochainement-a-alger\\\/#article\",\"isPartOf\":{\"@id\":\"https:\\\/\\\/lasentinelle.dz\\\/index.php\\\/2026\\\/08\\\/31\\\/projet-south2-corridor-un-sommet-inedit-prevu-prochainement-a-alger\\\/\"},\"author\":{\"name\":\"admin\",\"@id\":\"https:\\\/\\\/lasentinelle.dz\\\/#\\\/schema\\\/person\\\/729ee0024f24e0b8c5ec17232f8e8b41\"},\"headline\":\"Projet SoutH2 Corridor\u00a0: Un sommet in\u00e9dit pr\u00e9vu prochainement \u00e0 Alger\",\"datePublished\":\"2026-08-31T10:35:55+00:00\",\"dateModified\":\"2026-08-31T10:35:58+00:00\",\"mainEntityOfPage\":{\"@id\":\"https:\\\/\\\/lasentinelle.dz\\\/index.php\\\/2026\\\/08\\\/31\\\/projet-south2-corridor-un-sommet-inedit-prevu-prochainement-a-alger\\\/\"},\"wordCount\":541,\"commentCount\":0,\"publisher\":{\"@id\":\"https:\\\/\\\/lasentinelle.dz\\\/#organization\"},\"image\":{\"@id\":\"https:\\\/\\\/lasentinelle.dz\\\/index.php\\\/2026\\\/08\\\/31\\\/projet-south2-corridor-un-sommet-inedit-prevu-prochainement-a-alger\\\/#primaryimage\"},\"thumbnailUrl\":\"https:\\\/\\\/lasentinelle.dz\\\/wp-content\\\/uploads\\\/2026\\\/08\\\/reunion-2.jpeg\",\"articleSection\":[\"\u00c0 la Une\",\"\u00c9conomie\"],\"inLanguage\":\"fr-FR\",\"potentialAction\":[{\"@type\":\"CommentAction\",\"name\":\"Comment\",\"target\":[\"https:\\\/\\\/lasentinelle.dz\\\/index.php\\\/2026\\\/08\\\/31\\\/projet-south2-corridor-un-sommet-inedit-prevu-prochainement-a-alger\\\/#respond\"]}]},{\"@type\":\"WebPage\",\"@id\":\"https:\\\/\\\/lasentinelle.dz\\\/index.php\\\/2026\\\/08\\\/31\\\/projet-south2-corridor-un-sommet-inedit-prevu-prochainement-a-alger\\\/\",\"url\":\"https:\\\/\\\/lasentinelle.dz\\\/index.php\\\/2026\\\/08\\\/31\\\/projet-south2-corridor-un-sommet-inedit-prevu-prochainement-a-alger\\\/\",\"name\":\"Projet SoutH2 Corridor\u00a0: Un sommet in\u00e9dit pr\u00e9vu prochainement \u00e0 Alger - La Sentinelle\",\"isPartOf\":{\"@id\":\"https:\\\/\\\/lasentinelle.dz\\\/#website\"},\"primaryImageOfPage\":{\"@id\":\"https:\\\/\\\/lasentinelle.dz\\\/index.php\\\/2026\\\/08\\\/31\\\/projet-south2-corridor-un-sommet-inedit-prevu-prochainement-a-alger\\\/#primaryimage\"},\"image\":{\"@id\":\"https:\\\/\\\/lasentinelle.dz\\\/index.php\\\/2026\\\/08\\\/31\\\/projet-south2-corridor-un-sommet-inedit-prevu-prochainement-a-alger\\\/#primaryimage\"},\"thumbnailUrl\":\"https:\\\/\\\/lasentinelle.dz\\\/wp-content\\\/uploads\\\/2026\\\/08\\\/reunion-2.jpeg\",\"datePublished\":\"2026-08-31T10:35:55+00:00\",\"dateModified\":\"2026-08-31T10:35:58+00:00\",\"breadcrumb\":{\"@id\":\"https:\\\/\\\/lasentinelle.dz\\\/index.php\\\/2026\\\/08\\\/31\\\/projet-south2-corridor-un-sommet-inedit-prevu-prochainement-a-alger\\\/#breadcrumb\"},\"inLanguage\":\"fr-FR\",\"potentialAction\":[{\"@type\":\"ReadAction\",\"target\":[\"https:\\\/\\\/lasentinelle.dz\\\/index.php\\\/2026\\\/08\\\/31\\\/projet-south2-corridor-un-sommet-inedit-prevu-prochainement-a-alger\\\/\"]}]},{\"@type\":\"ImageObject\",\"inLanguage\":\"fr-FR\",\"@id\":\"https:\\\/\\\/lasentinelle.dz\\\/index.php\\\/2026\\\/08\\\/31\\\/projet-south2-corridor-un-sommet-inedit-prevu-prochainement-a-alger\\\/#primaryimage\",\"url\":\"https:\\\/\\\/lasentinelle.dz\\\/wp-content\\\/uploads\\\/2026\\\/08\\\/reunion-2.jpeg\",\"contentUrl\":\"https:\\\/\\\/lasentinelle.dz\\\/wp-content\\\/uploads\\\/2026\\\/08\\\/reunion-2.jpeg\",\"width\":1600,\"height\":1066},{\"@type\":\"BreadcrumbList\",\"@id\":\"https:\\\/\\\/lasentinelle.dz\\\/index.php\\\/2026\\\/08\\\/31\\\/projet-south2-corridor-un-sommet-inedit-prevu-prochainement-a-alger\\\/#breadcrumb\",\"itemListElement\":[{\"@type\":\"ListItem\",\"position\":1,\"name\":\"Accueil\",\"item\":\"https:\\\/\\\/lasentinelle.dz\\\/\"},{\"@type\":\"ListItem\",\"position\":2,\"name\":\"Projet SoutH2 Corridor\u00a0: Un sommet in\u00e9dit pr\u00e9vu prochainement \u00e0 Alger\"}]},{\"@type\":\"WebSite\",\"@id\":\"https:\\\/\\\/lasentinelle.dz\\\/#website\",\"url\":\"https:\\\/\\\/lasentinelle.dz\\\/\",\"name\":\"La Sentinelle\",\"description\":\"Quotidien national d&#039;information\",\"publisher\":{\"@id\":\"https:\\\/\\\/lasentinelle.dz\\\/#organization\"},\"potentialAction\":[{\"@type\":\"SearchAction\",\"target\":{\"@type\":\"EntryPoint\",\"urlTemplate\":\"https:\\\/\\\/lasentinelle.dz\\\/?s={search_term_string}\"},\"query-input\":{\"@type\":\"PropertyValueSpecification\",\"valueRequired\":true,\"valueName\":\"search_term_string\"}}],\"inLanguage\":\"fr-FR\"},{\"@type\":\"Organization\",\"@id\":\"https:\\\/\\\/lasentinelle.dz\\\/#organization\",\"name\":\"Quotidien La Sentinelle\",\"url\":\"https:\\\/\\\/lasentinelle.dz\\\/\",\"logo\":{\"@type\":\"ImageObject\",\"inLanguage\":\"fr-FR\",\"@id\":\"https:\\\/\\\/lasentinelle.dz\\\/#\\\/schema\\\/logo\\\/image\\\/\",\"url\":\"https:\\\/\\\/lasentinelle.dz\\\/wp-content\\\/uploads\\\/2021\\\/09\\\/logo-sentinelleSLOGAN-1.png\",\"contentUrl\":\"https:\\\/\\\/lasentinelle.dz\\\/wp-content\\\/uploads\\\/2021\\\/09\\\/logo-sentinelleSLOGAN-1.png\",\"width\":615,\"height\":142,\"caption\":\"Quotidien La Sentinelle\"},\"image\":{\"@id\":\"https:\\\/\\\/lasentinelle.dz\\\/#\\\/schema\\\/logo\\\/image\\\/\"},\"sameAs\":[\"https:\\\/\\\/www.facebook.com\\\/La-Sentinelle-104059864394773\"]},{\"@type\":\"Person\",\"@id\":\"https:\\\/\\\/lasentinelle.dz\\\/#\\\/schema\\\/person\\\/729ee0024f24e0b8c5ec17232f8e8b41\",\"name\":\"admin\",\"image\":{\"@type\":\"ImageObject\",\"inLanguage\":\"fr-FR\",\"@id\":\"https:\\\/\\\/secure.gravatar.com\\\/avatar\\\/4c81fed838786e9b53f540bf46533e750f5d292099ae3b66cfc6fb1982e29df7?s=96&d=mm&r=g\",\"url\":\"https:\\\/\\\/secure.gravatar.com\\\/avatar\\\/4c81fed838786e9b53f540bf46533e750f5d292099ae3b66cfc6fb1982e29df7?s=96&d=mm&r=g\",\"contentUrl\":\"https:\\\/\\\/secure.gravatar.com\\\/avatar\\\/4c81fed838786e9b53f540bf46533e750f5d292099ae3b66cfc6fb1982e29df7?s=96&d=mm&r=g\",\"caption\":\"admin\"},\"description\":\"admin\",\"url\":\"https:\\\/\\\/lasentinelle.dz\\\/author\\\/admin\\\/\"}]}<\/script>\n<!-- \/ Yoast SEO plugin. -->","yoast_head_json":{"title":"Projet SoutH2 Corridor\u00a0: Un sommet in\u00e9dit pr\u00e9vu prochainement \u00e0 Alger - La Sentinelle","robots":{"index":"index","follow":"follow","max-snippet":"max-snippet:-1","max-image-preview":"max-image-preview:large","max-video-preview":"max-video-preview:-1"},"canonical":"https:\/\/lasentinelle.dz\/index.php\/2026\/08\/31\/projet-south2-corridor-un-sommet-inedit-prevu-prochainement-a-alger\/","og_locale":"fr_FR","og_type":"article","og_title":"Projet SoutH2 Corridor\u00a0: Un sommet in\u00e9dit pr\u00e9vu prochainement \u00e0 Alger - La Sentinelle","og_description":"Le ministre de l&rsquo;\u00c9nergie et des \u00c9nergies renouvelables a pr\u00e9sid\u00e9 dimanche une r\u00e9union consacr\u00e9e aux pr\u00e9paratifs d&rsquo;un \u00e9v\u00e9nement mondial que","og_url":"https:\/\/lasentinelle.dz\/index.php\/2026\/08\/31\/projet-south2-corridor-un-sommet-inedit-prevu-prochainement-a-alger\/","og_site_name":"La Sentinelle","article_publisher":"https:\/\/www.facebook.com\/La-Sentinelle-104059864394773","article_published_time":"2026-08-31T10:35:55+00:00","article_modified_time":"2026-08-31T10:35:58+00:00","og_image":[{"width":1600,"height":1066,"url":"https:\/\/lasentinelle.dz\/wp-content\/uploads\/2026\/08\/reunion-2.jpeg","type":"image\/jpeg"}],"author":"admin","twitter_card":"summary_large_image","twitter_misc":{"\u00c9crit par":"admin","Dur\u00e9e de lecture estim\u00e9e":"3 minutes"},"schema":{"@context":"https:\/\/schema.org","@graph":[{"@type":"Article","@id":"https:\/\/lasentinelle.dz\/index.php\/2026\/08\/31\/projet-south2-corridor-un-sommet-inedit-prevu-prochainement-a-alger\/#article","isPartOf":{"@id":"https:\/\/lasentinelle.dz\/index.php\/2026\/08\/31\/projet-south2-corridor-un-sommet-inedit-prevu-prochainement-a-alger\/"},"author":{"name":"admin","@id":"https:\/\/lasentinelle.dz\/#\/schema\/person\/729ee0024f24e0b8c5ec17232f8e8b41"},"headline":"Projet SoutH2 Corridor\u00a0: Un sommet in\u00e9dit pr\u00e9vu prochainement \u00e0 Alger","datePublished":"2026-08-31T10:35:55+00:00","dateModified":"2026-08-31T10:35:58+00:00","mainEntityOfPage":{"@id":"https:\/\/lasentinelle.dz\/index.php\/2026\/08\/31\/projet-south2-corridor-un-sommet-inedit-prevu-prochainement-a-alger\/"},"wordCount":541,"commentCount":0,"publisher":{"@id":"https:\/\/lasentinelle.dz\/#organization"},"image":{"@id":"https:\/\/lasentinelle.dz\/index.php\/2026\/08\/31\/projet-south2-corridor-un-sommet-inedit-prevu-prochainement-a-alger\/#primaryimage"},"thumbnailUrl":"https:\/\/lasentinelle.dz\/wp-content\/uploads\/2026\/08\/reunion-2.jpeg","articleSection":["\u00c0 la Une","\u00c9conomie"],"inLanguage":"fr-FR","potentialAction":[{"@type":"CommentAction","name":"Comment","target":["https:\/\/lasentinelle.dz\/index.php\/2026\/08\/31\/projet-south2-corridor-un-sommet-inedit-prevu-prochainement-a-alger\/#respond"]}]},{"@type":"WebPage","@id":"https:\/\/lasentinelle.dz\/index.php\/2026\/08\/31\/projet-south2-corridor-un-sommet-inedit-prevu-prochainement-a-alger\/","url":"https:\/\/lasentinelle.dz\/index.php\/2026\/08\/31\/projet-south2-corridor-un-sommet-inedit-prevu-prochainement-a-alger\/","name":"Projet SoutH2 Corridor\u00a0: Un sommet in\u00e9dit pr\u00e9vu prochainement \u00e0 Alger - La Sentinelle","isPartOf":{"@id":"https:\/\/lasentinelle.dz\/#website"},"primaryImageOfPage":{"@id":"https:\/\/lasentinelle.dz\/index.php\/2026\/08\/31\/projet-south2-corridor-un-sommet-inedit-prevu-prochainement-a-alger\/#primaryimage"},"image":{"@id":"https:\/\/lasentinelle.dz\/index.php\/2026\/08\/31\/projet-south2-corridor-un-sommet-inedit-prevu-prochainement-a-alger\/#primaryimage"},"thumbnailUrl":"https:\/\/lasentinelle.dz\/wp-content\/uploads\/2026\/08\/reunion-2.jpeg","datePublished":"2026-08-31T10:35:55+00:00","dateModified":"2026-08-31T10:35:58+00:00","breadcrumb":{"@id":"https:\/\/lasentinelle.dz\/index.php\/2026\/08\/31\/projet-south2-corridor-un-sommet-inedit-prevu-prochainement-a-alger\/#breadcrumb"},"inLanguage":"fr-FR","potentialAction":[{"@type":"ReadAction","target":["https:\/\/lasentinelle.dz\/index.php\/2026\/08\/31\/projet-south2-corridor-un-sommet-inedit-prevu-prochainement-a-alger\/"]}]},{"@type":"ImageObject","inLanguage":"fr-FR","@id":"https:\/\/lasentinelle.dz\/index.php\/2026\/08\/31\/projet-south2-corridor-un-sommet-inedit-prevu-prochainement-a-alger\/#primaryimage","url":"https:\/\/lasentinelle.dz\/wp-content\/uploads\/2026\/08\/reunion-2.jpeg","contentUrl":"https:\/\/lasentinelle.dz\/wp-content\/uploads\/2026\/08\/reunion-2.jpeg","width":1600,"height":1066},{"@type":"BreadcrumbList","@id":"https:\/\/lasentinelle.dz\/index.php\/2026\/08\/31\/projet-south2-corridor-un-sommet-inedit-prevu-prochainement-a-alger\/#breadcrumb","itemListElement":[{"@type":"ListItem","position":1,"name":"Accueil","item":"https:\/\/lasentinelle.dz\/"},{"@type":"ListItem","position":2,"name":"Projet SoutH2 Corridor\u00a0: Un sommet in\u00e9dit pr\u00e9vu prochainement \u00e0 Alger"}]},{"@type":"WebSite","@id":"https:\/\/lasentinelle.dz\/#website","url":"https:\/\/lasentinelle.dz\/","name":"La Sentinelle","description":"Quotidien national d&#039;information","publisher":{"@id":"https:\/\/lasentinelle.dz\/#organization"},"potentialAction":[{"@type":"SearchAction","target":{"@type":"EntryPoint","urlTemplate":"https:\/\/lasentinelle.dz\/?s={search_term_string}"},"query-input":{"@type":"PropertyValueSpecification","valueRequired":true,"valueName":"search_term_string"}}],"inLanguage":"fr-FR"},{"@type":"Organization","@id":"https:\/\/lasentinelle.dz\/#organization","name":"Quotidien La Sentinelle","url":"https:\/\/lasentinelle.dz\/","logo":{"@type":"ImageObject","inLanguage":"fr-FR","@id":"https:\/\/lasentinelle.dz\/#\/schema\/logo\/image\/","url":"https:\/\/lasentinelle.dz\/wp-content\/uploads\/2021\/09\/logo-sentinelleSLOGAN-1.png","contentUrl":"https:\/\/lasentinelle.dz\/wp-content\/uploads\/2021\/09\/logo-sentinelleSLOGAN-1.png","width":615,"height":142,"caption":"Quotidien La Sentinelle"},"image":{"@id":"https:\/\/lasentinelle.dz\/#\/schema\/logo\/image\/"},"sameAs":["https:\/\/www.facebook.com\/La-Sentinelle-104059864394773"]},{"@type":"Person","@id":"https:\/\/lasentinelle.dz\/#\/schema\/person\/729ee0024f24e0b8c5ec17232f8e8b41","name":"admin","image":{"@type":"ImageObject","inLanguage":"fr-FR","@id":"https:\/\/secure.gravatar.com\/avatar\/4c81fed838786e9b53f540bf46533e750f5d292099ae3b66cfc6fb1982e29df7?s=96&d=mm&r=g","url":"https:\/\/secure.gravatar.com\/avatar\/4c81fed838786e9b53f540bf46533e750f5d292099ae3b66cfc6fb1982e29df7?s=96&d=mm&r=g","contentUrl":"https:\/\/secure.gravatar.com\/avatar\/4c81fed838786e9b53f540bf46533e750f5d292099ae3b66cfc6fb1982e29df7?s=96&d=mm&r=g","caption":"admin"},"description":"admin","url":"https:\/\/lasentinelle.dz\/author\/admin\/"}]}},"_links":{"self":[{"href":"https:\/\/lasentinelle.dz\/index.php\/wp-json\/wp\/v2\/posts\/94641","targetHints":{"allow":["GET"]}}],"collection":[{"href":"https:\/\/lasentinelle.dz\/index.php\/wp-json\/wp\/v2\/posts"}],"about":[{"href":"https:\/\/lasentinelle.dz\/index.php\/wp-json\/wp\/v2\/types\/post"}],"author":[{"embeddable":true,"href":"https:\/\/lasentinelle.dz\/index.php\/wp-json\/wp\/v2\/users\/6"}],"replies":[{"embeddable":true,"href":"https:\/\/lasentinelle.dz\/index.php\/wp-json\/wp\/v2\/comments?post=94641"}],"version-history":[{"count":1,"href":"https:\/\/lasentinelle.dz\/index.php\/wp-json\/wp\/v2\/posts\/94641\/revisions"}],"predecessor-version":[{"id":94643,"href":"https:\/\/lasentinelle.dz\/index.php\/wp-json\/wp\/v2\/posts\/94641\/revisions\/94643"}],"wp:featuredmedia":[{"embeddable":true,"href":"https:\/\/lasentinelle.dz\/index.php\/wp-json\/wp\/v2\/media\/94642"}],"wp:attachment":[{"href":"https:\/\/lasentinelle.dz\/index.php\/wp-json\/wp\/v2\/media?parent=94641"}],"wp:term":[{"taxonomy":"category","embeddable":true,"href":"https:\/\/lasentinelle.dz\/index.php\/wp-json\/wp\/v2\/categories?post=94641"},{"taxonomy":"post_tag","embeddable":true,"href":"https:\/\/lasentinelle.dz\/index.php\/wp-json\/wp\/v2\/tags?post=94641"}],"curies":[{"name":"wp","href":"https:\/\/api.w.org\/{rel}","templated":true}]}}