{"id":94645,"date":"2026-08-31T11:39:37","date_gmt":"2026-08-31T10:39:37","guid":{"rendered":"https:\/\/lasentinelle.dz\/?p=94645"},"modified":"2026-08-31T11:39:40","modified_gmt":"2026-08-31T10:39:40","slug":"affaire-de-la-page-storm-of-change-six-personnes-arretees-a-adrar","status":"publish","type":"post","link":"https:\/\/lasentinelle.dz\/index.php\/2026\/08\/31\/affaire-de-la-page-storm-of-change-six-personnes-arretees-a-adrar\/","title":{"rendered":"Affaire de la page \u00ab Storm of Change \u00bb\u00a0: Six personnes arr\u00eat\u00e9es \u00e0 Adrar"},"content":{"rendered":"\n<p class=\"wp-block-paragraph\">Un nouveau coup de filet des services de s\u00e9curit\u00e9 dans le cadre de la lutte contre la cybercriminalit\u00e9 \u00e0 Adrar. La brigade sp\u00e9cialis\u00e9e de la S\u00fbret\u00e9 de wilaya a mis fin aux activit\u00e9s pr\u00e9sum\u00e9es de six personnes, dont une femme, dans une affaire li\u00e9e \u00e0 la page \u00e9lectronique \u00ab Storm of Change \u00bb, selon les \u00e9l\u00e9ments communiqu\u00e9s par les services de s\u00e9curit\u00e9. L&rsquo;op\u00e9ration est intervenue \u00e0 l&rsquo;issue d&rsquo;investigations men\u00e9es par la brigade de lutte contre la cybercriminalit\u00e9 autour de l&rsquo;activit\u00e9 de cette page. Les enqu\u00eateurs ont proc\u00e9d\u00e9 \u00e0 l&rsquo;interpellation de six suspects et \u00e0 la saisie de plusieurs \u00e9quipements \u00e9lectroniques susceptibles d&rsquo;avoir \u00e9t\u00e9 utilis\u00e9s dans le cadre des activit\u00e9s faisant l&rsquo;objet de l&rsquo;enqu\u00eate. Le mat\u00e9riel r\u00e9cup\u00e9r\u00e9 comprend notamment des t\u00e9l\u00e9phones portables, des ordinateurs portables ainsi que d&rsquo;autres \u00e9quipements \u00e9lectroniques. Ces saisies devraient permettre aux enqu\u00eateurs et, le cas \u00e9ch\u00e9ant, aux autorit\u00e9s judiciaires de poursuivre l&rsquo;exploitation des \u00e9l\u00e9ments techniques recueillis dans le cadre de la proc\u00e9dure. \u00c0 l&rsquo;issue des investigations pr\u00e9liminaires et apr\u00e8s accomplissement des proc\u00e9dures l\u00e9gales, les six pr\u00e9venus ont \u00e9t\u00e9 d\u00e9f\u00e9r\u00e9s devant les autorit\u00e9s judiciaires pr\u00e8s le tribunal d&rsquo;Adrar, qui demeure comp\u00e9tent pour d\u00e9terminer la nature exacte des faits reproch\u00e9s et les suites judiciaires \u00e0 leur donner. Cette op\u00e9ration intervient dans un contexte de renforcement de la lutte contre les diff\u00e9rentes formes de criminalit\u00e9 commises ou facilit\u00e9es \u00e0 travers l&rsquo;espace num\u00e9rique. Le d\u00e9veloppement des r\u00e9seaux sociaux et des plateformes \u00e9lectroniques a en effet conduit les services de s\u00e9curit\u00e9 \u00e0 renforcer leurs capacit\u00e9s sp\u00e9cialis\u00e9es en mati\u00e8re de surveillance, d&rsquo;investigation num\u00e9rique et d&rsquo;identification des auteurs pr\u00e9sum\u00e9s d&rsquo;infractions commises en ligne. La S\u00fbret\u00e9 nationale dispose ainsi de structures sp\u00e9cialis\u00e9es charg\u00e9es de traiter les affaires li\u00e9es \u00e0 la cybercriminalit\u00e9, avec notamment le recours aux techniques d&rsquo;investigation num\u00e9rique et \u00e0 l&rsquo;exploitation des \u00e9quipements \u00e9lectroniques saisis dans le cadre des enqu\u00eates. Cette \u00e9volution r\u00e9pond \u00e0 la multiplication des infractions utilisant les technologies de l&rsquo;information et de la communication comme moyen de diffusion, de coordination ou de dissimulation. L&rsquo;affaire d&rsquo;Adrar illustre ainsi l&rsquo;importance croissante prise par les investigations num\u00e9riques dans le travail des services de s\u00e9curit\u00e9.<\/p>\n\n\n\n<p class=\"wp-block-paragraph\">Sofia Chahine<\/p>\n","protected":false},"excerpt":{"rendered":"<p>Un nouveau coup de filet des services de s\u00e9curit\u00e9 dans le cadre de la lutte contre la cybercriminalit\u00e9 \u00e0 Adrar.<\/p>\n","protected":false},"author":6,"featured_media":94646,"comment_status":"open","ping_status":"closed","sticky":false,"template":"","format":"standard","meta":{"colormag_page_container_layout":"default_layout","colormag_page_sidebar_layout":"default_layout","om_disable_all_campaigns":false,"_monsterinsights_skip_tracking":false,"footnotes":"","_wpscppro_dont_share_socialmedia":false,"_wpscppro_custom_social_share_image":0,"_facebook_share_type":"default","_twitter_share_type":"default","_linkedin_share_type":"default","_pinterest_share_type":"default","_linkedin_share_type_page":"","_instagram_share_type":"default","_medium_share_type":"default","_threads_share_type":"default","_google_business_share_type":"default","_bluesky_share_type":"default","_mastodon_share_type":"default","_selected_social_profile":[],"_wpsp_enable_custom_social_template":false,"_wpsp_social_scheduling":{"enabled":false,"datetime":null,"platforms":[],"status":"template_only","dateOption":"today","timeOption":"now","customDays":"","customHours":"","customDate":"","customTime":"","schedulingType":"absolute"},"_wpsp_active_default_template":true},"categories":[27],"tags":[],"class_list":["post-94645","post","type-post","status-publish","format-standard","has-post-thumbnail","hentry","category-actualite"],"aioseo_notices":[],"aioseo_head":"\n\t\t<!-- All in One SEO 5.0.0.1 - aioseo.com -->\n\t<meta name=\"description\" content=\"Un nouveau coup de filet des services de s\u00e9curit\u00e9 dans le cadre de la lutte contre la cybercriminalit\u00e9 \u00e0 Adrar. La brigade sp\u00e9cialis\u00e9e de la S\u00fbret\u00e9 de wilaya a mis fin aux activit\u00e9s pr\u00e9sum\u00e9es de six personnes, dont une femme, dans une affaire li\u00e9e \u00e0 la page \u00e9lectronique \u00ab Storm of Change \u00bb, selon les\" \/>\n\t<meta name=\"robots\" content=\"max-image-preview:large\" \/>\n\t<meta name=\"author\" content=\"admin\"\/>\n\t<link rel=\"canonical\" href=\"https:\/\/lasentinelle.dz\/index.php\/2026\/08\/31\/affaire-de-la-page-storm-of-change-six-personnes-arretees-a-adrar\/\" \/>\n\t<meta name=\"generator\" content=\"All in One SEO (AIOSEO) 5.0.0.1\" \/>\n\t\t<meta property=\"og:locale\" content=\"fr_FR\" \/>\n\t\t<meta property=\"og:site_name\" content=\"La Sentinelle - Quotidien national d&#039;information\" \/>\n\t\t<meta property=\"og:type\" content=\"article\" \/>\n\t\t<meta property=\"og:title\" content=\"Affaire de la page \u00ab Storm of Change \u00bb : Six personnes arr\u00eat\u00e9es \u00e0 Adrar - La Sentinelle\" \/>\n\t\t<meta property=\"og:description\" content=\"Un nouveau coup de filet des services de s\u00e9curit\u00e9 dans le cadre de la lutte contre la cybercriminalit\u00e9 \u00e0 Adrar. La brigade sp\u00e9cialis\u00e9e de la S\u00fbret\u00e9 de wilaya a mis fin aux activit\u00e9s pr\u00e9sum\u00e9es de six personnes, dont une femme, dans une affaire li\u00e9e \u00e0 la page \u00e9lectronique \u00ab Storm of Change \u00bb, selon les\" \/>\n\t\t<meta property=\"og:url\" content=\"https:\/\/lasentinelle.dz\/index.php\/2026\/08\/31\/affaire-de-la-page-storm-of-change-six-personnes-arretees-a-adrar\/\" \/>\n\t\t<meta property=\"og:image\" content=\"https:\/\/lasentinelle.dz\/wp-content\/uploads\/2021\/09\/cropped-la-sentinelle-earth-golden-anima-5.gif\" \/>\n\t\t<meta property=\"og:image:secure_url\" content=\"https:\/\/lasentinelle.dz\/wp-content\/uploads\/2021\/09\/cropped-la-sentinelle-earth-golden-anima-5.gif\" \/>\n\t\t<meta property=\"og:image:width\" content=\"450\" \/>\n\t\t<meta property=\"og:image:height\" content=\"213\" \/>\n\t\t<meta property=\"article:published_time\" content=\"2026-08-31T10:39:37+00:00\" \/>\n\t\t<meta property=\"article:modified_time\" content=\"2026-08-31T10:39:40+00:00\" \/>\n\t\t<meta property=\"article:publisher\" content=\"https:\/\/www.facebook.com\/azzedine.lasentinelle.1\" \/>\n\t\t<meta name=\"twitter:card\" content=\"summary_large_image\" \/>\n\t\t<meta name=\"twitter:title\" content=\"Affaire de la page \u00ab Storm of Change \u00bb : Six personnes arr\u00eat\u00e9es \u00e0 Adrar - La Sentinelle\" \/>\n\t\t<meta name=\"twitter:description\" content=\"Un nouveau coup de filet des services de s\u00e9curit\u00e9 dans le cadre de la lutte contre la cybercriminalit\u00e9 \u00e0 Adrar. La brigade sp\u00e9cialis\u00e9e de la S\u00fbret\u00e9 de wilaya a mis fin aux activit\u00e9s pr\u00e9sum\u00e9es de six personnes, dont une femme, dans une affaire li\u00e9e \u00e0 la page \u00e9lectronique \u00ab Storm of Change \u00bb, selon les\" \/>\n\t\t<meta name=\"twitter:image\" content=\"https:\/\/lasentinelle.dz\/wp-content\/uploads\/2021\/09\/cropped-la-sentinelle-earth-golden-anima-5.gif\" \/>\n\t\t<script type=\"application\/ld+json\" class=\"aioseo-schema\">\n\t\t\t{\"@context\":\"https:\\\/\\\/schema.org\",\"@graph\":[{\"@type\":\"BlogPosting\",\"@id\":\"https:\\\/\\\/lasentinelle.dz\\\/index.php\\\/2026\\\/08\\\/31\\\/affaire-de-la-page-storm-of-change-six-personnes-arretees-a-adrar\\\/#blogposting\",\"name\":\"Affaire de la page \\u00ab Storm of Change \\u00bb : Six personnes arr\\u00eat\\u00e9es \\u00e0 Adrar - La Sentinelle\",\"headline\":\"Affaire de la page \\u00ab Storm of Change \\u00bb\\u00a0: Six personnes arr\\u00eat\\u00e9es \\u00e0 Adrar\",\"author\":{\"@id\":\"https:\\\/\\\/lasentinelle.dz\\\/author\\\/admin\\\/#author\"},\"publisher\":{\"@id\":\"https:\\\/\\\/lasentinelle.dz\\\/#organization\"},\"image\":{\"@type\":\"ImageObject\",\"url\":\"https:\\\/\\\/lasentinelle.dz\\\/wp-content\\\/uploads\\\/2026\\\/08\\\/785147183_1049264424748725_545200258642032728_n.jpg\",\"width\":2048,\"height\":1031},\"datePublished\":\"2026-08-31T11:39:37+01:00\",\"dateModified\":\"2026-08-31T11:39:40+01:00\",\"inLanguage\":\"fr-FR\",\"mainEntityOfPage\":{\"@id\":\"https:\\\/\\\/lasentinelle.dz\\\/index.php\\\/2026\\\/08\\\/31\\\/affaire-de-la-page-storm-of-change-six-personnes-arretees-a-adrar\\\/#webpage\"},\"isPartOf\":{\"@id\":\"https:\\\/\\\/lasentinelle.dz\\\/index.php\\\/2026\\\/08\\\/31\\\/affaire-de-la-page-storm-of-change-six-personnes-arretees-a-adrar\\\/#webpage\"},\"articleSection\":\"Actualit\\u00e9\"},{\"@type\":\"BreadcrumbList\",\"@id\":\"https:\\\/\\\/lasentinelle.dz\\\/index.php\\\/2026\\\/08\\\/31\\\/affaire-de-la-page-storm-of-change-six-personnes-arretees-a-adrar\\\/#breadcrumblist\",\"itemListElement\":[{\"@type\":\"ListItem\",\"@id\":\"https:\\\/\\\/lasentinelle.dz#listItem\",\"position\":1,\"name\":\"Home\",\"item\":\"https:\\\/\\\/lasentinelle.dz\",\"nextItem\":{\"@type\":\"ListItem\",\"@id\":\"https:\\\/\\\/lasentinelle.dz\\\/index.php\\\/category\\\/actualite\\\/#listItem\",\"name\":\"Actualit\\u00e9\"}},{\"@type\":\"ListItem\",\"@id\":\"https:\\\/\\\/lasentinelle.dz\\\/index.php\\\/category\\\/actualite\\\/#listItem\",\"position\":2,\"name\":\"Actualit\\u00e9\",\"item\":\"https:\\\/\\\/lasentinelle.dz\\\/index.php\\\/category\\\/actualite\\\/\",\"nextItem\":{\"@type\":\"ListItem\",\"@id\":\"https:\\\/\\\/lasentinelle.dz\\\/index.php\\\/2026\\\/08\\\/31\\\/affaire-de-la-page-storm-of-change-six-personnes-arretees-a-adrar\\\/#listItem\",\"name\":\"Affaire de la page \\u00ab Storm of Change \\u00bb\\u00a0: Six personnes arr\\u00eat\\u00e9es \\u00e0 Adrar\"},\"previousItem\":{\"@type\":\"ListItem\",\"@id\":\"https:\\\/\\\/lasentinelle.dz#listItem\",\"name\":\"Home\"}},{\"@type\":\"ListItem\",\"@id\":\"https:\\\/\\\/lasentinelle.dz\\\/index.php\\\/2026\\\/08\\\/31\\\/affaire-de-la-page-storm-of-change-six-personnes-arretees-a-adrar\\\/#listItem\",\"position\":3,\"name\":\"Affaire de la page \\u00ab Storm of Change \\u00bb\\u00a0: Six personnes arr\\u00eat\\u00e9es \\u00e0 Adrar\",\"previousItem\":{\"@type\":\"ListItem\",\"@id\":\"https:\\\/\\\/lasentinelle.dz\\\/index.php\\\/category\\\/actualite\\\/#listItem\",\"name\":\"Actualit\\u00e9\"}}]},{\"@type\":\"Organization\",\"@id\":\"https:\\\/\\\/lasentinelle.dz\\\/#organization\",\"name\":\"La Sentinelle La Sentinelle\",\"description\":\"Quotidien national d'information\",\"url\":\"https:\\\/\\\/lasentinelle.dz\\\/\",\"logo\":{\"@type\":\"ImageObject\",\"url\":\"https:\\\/\\\/lasentinelle.dz\\\/wp-content\\\/uploads\\\/2021\\\/09\\\/cropped-la-sentinelle-earth-golden-anima-5.gif\",\"@id\":\"https:\\\/\\\/lasentinelle.dz\\\/index.php\\\/2026\\\/08\\\/31\\\/affaire-de-la-page-storm-of-change-six-personnes-arretees-a-adrar\\\/#organizationLogo\",\"width\":450,\"height\":213},\"image\":{\"@id\":\"https:\\\/\\\/lasentinelle.dz\\\/index.php\\\/2026\\\/08\\\/31\\\/affaire-de-la-page-storm-of-change-six-personnes-arretees-a-adrar\\\/#organizationLogo\"},\"sameAs\":[\"https:\\\/\\\/www.facebook.com\\\/azzedine.lasentinelle.1\"]},{\"@type\":\"Person\",\"@id\":\"https:\\\/\\\/lasentinelle.dz\\\/author\\\/admin\\\/#author\",\"url\":\"https:\\\/\\\/lasentinelle.dz\\\/author\\\/admin\\\/\",\"name\":\"admin\",\"image\":{\"@type\":\"ImageObject\",\"@id\":\"https:\\\/\\\/lasentinelle.dz\\\/index.php\\\/2026\\\/08\\\/31\\\/affaire-de-la-page-storm-of-change-six-personnes-arretees-a-adrar\\\/#authorImage\",\"url\":\"https:\\\/\\\/secure.gravatar.com\\\/avatar\\\/4c81fed838786e9b53f540bf46533e750f5d292099ae3b66cfc6fb1982e29df7?s=96&d=mm&r=g\",\"width\":96,\"height\":96,\"caption\":\"admin\"}},{\"@type\":\"WebPage\",\"@id\":\"https:\\\/\\\/lasentinelle.dz\\\/index.php\\\/2026\\\/08\\\/31\\\/affaire-de-la-page-storm-of-change-six-personnes-arretees-a-adrar\\\/#webpage\",\"url\":\"https:\\\/\\\/lasentinelle.dz\\\/index.php\\\/2026\\\/08\\\/31\\\/affaire-de-la-page-storm-of-change-six-personnes-arretees-a-adrar\\\/\",\"name\":\"Affaire de la page \\u00ab Storm of Change \\u00bb : Six personnes arr\\u00eat\\u00e9es \\u00e0 Adrar - La Sentinelle\",\"description\":\"Un nouveau coup de filet des services de s\\u00e9curit\\u00e9 dans le cadre de la lutte contre la cybercriminalit\\u00e9 \\u00e0 Adrar. La brigade sp\\u00e9cialis\\u00e9e de la S\\u00fbret\\u00e9 de wilaya a mis fin aux activit\\u00e9s pr\\u00e9sum\\u00e9es de six personnes, dont une femme, dans une affaire li\\u00e9e \\u00e0 la page \\u00e9lectronique \\u00ab Storm of Change \\u00bb, selon les\",\"inLanguage\":\"fr-FR\",\"isPartOf\":{\"@id\":\"https:\\\/\\\/lasentinelle.dz\\\/#website\"},\"breadcrumb\":{\"@id\":\"https:\\\/\\\/lasentinelle.dz\\\/index.php\\\/2026\\\/08\\\/31\\\/affaire-de-la-page-storm-of-change-six-personnes-arretees-a-adrar\\\/#breadcrumblist\"},\"author\":{\"@id\":\"https:\\\/\\\/lasentinelle.dz\\\/author\\\/admin\\\/#author\"},\"creator\":{\"@id\":\"https:\\\/\\\/lasentinelle.dz\\\/author\\\/admin\\\/#author\"},\"image\":{\"@type\":\"ImageObject\",\"url\":\"https:\\\/\\\/lasentinelle.dz\\\/wp-content\\\/uploads\\\/2026\\\/08\\\/785147183_1049264424748725_545200258642032728_n.jpg\",\"@id\":\"https:\\\/\\\/lasentinelle.dz\\\/index.php\\\/2026\\\/08\\\/31\\\/affaire-de-la-page-storm-of-change-six-personnes-arretees-a-adrar\\\/#mainImage\",\"width\":2048,\"height\":1031},\"primaryImageOfPage\":{\"@id\":\"https:\\\/\\\/lasentinelle.dz\\\/index.php\\\/2026\\\/08\\\/31\\\/affaire-de-la-page-storm-of-change-six-personnes-arretees-a-adrar\\\/#mainImage\"},\"datePublished\":\"2026-08-31T11:39:37+01:00\",\"dateModified\":\"2026-08-31T11:39:40+01:00\"},{\"@type\":\"WebSite\",\"@id\":\"https:\\\/\\\/lasentinelle.dz\\\/#website\",\"url\":\"https:\\\/\\\/lasentinelle.dz\\\/\",\"name\":\"La Sentinelle\",\"description\":\"Quotidien national d'information\",\"inLanguage\":\"fr-FR\",\"publisher\":{\"@id\":\"https:\\\/\\\/lasentinelle.dz\\\/#organization\"}}]}\n\t\t<\/script>\n\t\t<!-- All in One SEO -->\n\n","aioseo_head_json":{"title":"Affaire de la page \u00ab Storm of Change \u00bb : Six personnes arr\u00eat\u00e9es \u00e0 Adrar - La Sentinelle","description":"Un nouveau coup de filet des services de s\u00e9curit\u00e9 dans le cadre de la lutte contre la cybercriminalit\u00e9 \u00e0 Adrar. La brigade sp\u00e9cialis\u00e9e de la S\u00fbret\u00e9 de wilaya a mis fin aux activit\u00e9s pr\u00e9sum\u00e9es de six personnes, dont une femme, dans une affaire li\u00e9e \u00e0 la page \u00e9lectronique \u00ab Storm of Change \u00bb, selon les","canonical_url":"https:\/\/lasentinelle.dz\/index.php\/2026\/08\/31\/affaire-de-la-page-storm-of-change-six-personnes-arretees-a-adrar\/","robots":"max-image-preview:large","keywords":"","webmasterTools":{"miscellaneous":""},"schema":{"@context":"https:\/\/schema.org","@graph":[{"@type":"BlogPosting","@id":"https:\/\/lasentinelle.dz\/index.php\/2026\/08\/31\/affaire-de-la-page-storm-of-change-six-personnes-arretees-a-adrar\/#blogposting","name":"Affaire de la page \u00ab Storm of Change \u00bb : Six personnes arr\u00eat\u00e9es \u00e0 Adrar - La Sentinelle","headline":"Affaire de la page \u00ab Storm of Change \u00bb\u00a0: Six personnes arr\u00eat\u00e9es \u00e0 Adrar","author":{"@id":"https:\/\/lasentinelle.dz\/author\/admin\/#author"},"publisher":{"@id":"https:\/\/lasentinelle.dz\/#organization"},"image":{"@type":"ImageObject","url":"https:\/\/lasentinelle.dz\/wp-content\/uploads\/2026\/08\/785147183_1049264424748725_545200258642032728_n.jpg","width":2048,"height":1031},"datePublished":"2026-08-31T11:39:37+01:00","dateModified":"2026-08-31T11:39:40+01:00","inLanguage":"fr-FR","mainEntityOfPage":{"@id":"https:\/\/lasentinelle.dz\/index.php\/2026\/08\/31\/affaire-de-la-page-storm-of-change-six-personnes-arretees-a-adrar\/#webpage"},"isPartOf":{"@id":"https:\/\/lasentinelle.dz\/index.php\/2026\/08\/31\/affaire-de-la-page-storm-of-change-six-personnes-arretees-a-adrar\/#webpage"},"articleSection":"Actualit\u00e9"},{"@type":"BreadcrumbList","@id":"https:\/\/lasentinelle.dz\/index.php\/2026\/08\/31\/affaire-de-la-page-storm-of-change-six-personnes-arretees-a-adrar\/#breadcrumblist","itemListElement":[{"@type":"ListItem","@id":"https:\/\/lasentinelle.dz#listItem","position":1,"name":"Home","item":"https:\/\/lasentinelle.dz","nextItem":{"@type":"ListItem","@id":"https:\/\/lasentinelle.dz\/index.php\/category\/actualite\/#listItem","name":"Actualit\u00e9"}},{"@type":"ListItem","@id":"https:\/\/lasentinelle.dz\/index.php\/category\/actualite\/#listItem","position":2,"name":"Actualit\u00e9","item":"https:\/\/lasentinelle.dz\/index.php\/category\/actualite\/","nextItem":{"@type":"ListItem","@id":"https:\/\/lasentinelle.dz\/index.php\/2026\/08\/31\/affaire-de-la-page-storm-of-change-six-personnes-arretees-a-adrar\/#listItem","name":"Affaire de la page \u00ab Storm of Change \u00bb\u00a0: Six personnes arr\u00eat\u00e9es \u00e0 Adrar"},"previousItem":{"@type":"ListItem","@id":"https:\/\/lasentinelle.dz#listItem","name":"Home"}},{"@type":"ListItem","@id":"https:\/\/lasentinelle.dz\/index.php\/2026\/08\/31\/affaire-de-la-page-storm-of-change-six-personnes-arretees-a-adrar\/#listItem","position":3,"name":"Affaire de la page \u00ab Storm of Change \u00bb\u00a0: Six personnes arr\u00eat\u00e9es \u00e0 Adrar","previousItem":{"@type":"ListItem","@id":"https:\/\/lasentinelle.dz\/index.php\/category\/actualite\/#listItem","name":"Actualit\u00e9"}}]},{"@type":"Organization","@id":"https:\/\/lasentinelle.dz\/#organization","name":"La Sentinelle La Sentinelle","description":"Quotidien national d'information","url":"https:\/\/lasentinelle.dz\/","logo":{"@type":"ImageObject","url":"https:\/\/lasentinelle.dz\/wp-content\/uploads\/2021\/09\/cropped-la-sentinelle-earth-golden-anima-5.gif","@id":"https:\/\/lasentinelle.dz\/index.php\/2026\/08\/31\/affaire-de-la-page-storm-of-change-six-personnes-arretees-a-adrar\/#organizationLogo","width":450,"height":213},"image":{"@id":"https:\/\/lasentinelle.dz\/index.php\/2026\/08\/31\/affaire-de-la-page-storm-of-change-six-personnes-arretees-a-adrar\/#organizationLogo"},"sameAs":["https:\/\/www.facebook.com\/azzedine.lasentinelle.1"]},{"@type":"Person","@id":"https:\/\/lasentinelle.dz\/author\/admin\/#author","url":"https:\/\/lasentinelle.dz\/author\/admin\/","name":"admin","image":{"@type":"ImageObject","@id":"https:\/\/lasentinelle.dz\/index.php\/2026\/08\/31\/affaire-de-la-page-storm-of-change-six-personnes-arretees-a-adrar\/#authorImage","url":"https:\/\/secure.gravatar.com\/avatar\/4c81fed838786e9b53f540bf46533e750f5d292099ae3b66cfc6fb1982e29df7?s=96&d=mm&r=g","width":96,"height":96,"caption":"admin"}},{"@type":"WebPage","@id":"https:\/\/lasentinelle.dz\/index.php\/2026\/08\/31\/affaire-de-la-page-storm-of-change-six-personnes-arretees-a-adrar\/#webpage","url":"https:\/\/lasentinelle.dz\/index.php\/2026\/08\/31\/affaire-de-la-page-storm-of-change-six-personnes-arretees-a-adrar\/","name":"Affaire de la page \u00ab Storm of Change \u00bb : Six personnes arr\u00eat\u00e9es \u00e0 Adrar - La Sentinelle","description":"Un nouveau coup de filet des services de s\u00e9curit\u00e9 dans le cadre de la lutte contre la cybercriminalit\u00e9 \u00e0 Adrar. La brigade sp\u00e9cialis\u00e9e de la S\u00fbret\u00e9 de wilaya a mis fin aux activit\u00e9s pr\u00e9sum\u00e9es de six personnes, dont une femme, dans une affaire li\u00e9e \u00e0 la page \u00e9lectronique \u00ab Storm of Change \u00bb, selon les","inLanguage":"fr-FR","isPartOf":{"@id":"https:\/\/lasentinelle.dz\/#website"},"breadcrumb":{"@id":"https:\/\/lasentinelle.dz\/index.php\/2026\/08\/31\/affaire-de-la-page-storm-of-change-six-personnes-arretees-a-adrar\/#breadcrumblist"},"author":{"@id":"https:\/\/lasentinelle.dz\/author\/admin\/#author"},"creator":{"@id":"https:\/\/lasentinelle.dz\/author\/admin\/#author"},"image":{"@type":"ImageObject","url":"https:\/\/lasentinelle.dz\/wp-content\/uploads\/2026\/08\/785147183_1049264424748725_545200258642032728_n.jpg","@id":"https:\/\/lasentinelle.dz\/index.php\/2026\/08\/31\/affaire-de-la-page-storm-of-change-six-personnes-arretees-a-adrar\/#mainImage","width":2048,"height":1031},"primaryImageOfPage":{"@id":"https:\/\/lasentinelle.dz\/index.php\/2026\/08\/31\/affaire-de-la-page-storm-of-change-six-personnes-arretees-a-adrar\/#mainImage"},"datePublished":"2026-08-31T11:39:37+01:00","dateModified":"2026-08-31T11:39:40+01:00"},{"@type":"WebSite","@id":"https:\/\/lasentinelle.dz\/#website","url":"https:\/\/lasentinelle.dz\/","name":"La Sentinelle","description":"Quotidien national d'information","inLanguage":"fr-FR","publisher":{"@id":"https:\/\/lasentinelle.dz\/#organization"}}]},"og:locale":"fr_FR","og:site_name":"La Sentinelle - Quotidien national d'information","og:type":"article","og:title":"Affaire de la page \u00ab Storm of Change \u00bb : Six personnes arr\u00eat\u00e9es \u00e0 Adrar - La Sentinelle","og:description":"Un nouveau coup de filet des services de s\u00e9curit\u00e9 dans le cadre de la lutte contre la cybercriminalit\u00e9 \u00e0 Adrar. La brigade sp\u00e9cialis\u00e9e de la S\u00fbret\u00e9 de wilaya a mis fin aux activit\u00e9s pr\u00e9sum\u00e9es de six personnes, dont une femme, dans une affaire li\u00e9e \u00e0 la page \u00e9lectronique \u00ab Storm of Change \u00bb, selon les","og:url":"https:\/\/lasentinelle.dz\/index.php\/2026\/08\/31\/affaire-de-la-page-storm-of-change-six-personnes-arretees-a-adrar\/","og:image":"https:\/\/lasentinelle.dz\/wp-content\/uploads\/2021\/09\/cropped-la-sentinelle-earth-golden-anima-5.gif","og:image:secure_url":"https:\/\/lasentinelle.dz\/wp-content\/uploads\/2021\/09\/cropped-la-sentinelle-earth-golden-anima-5.gif","og:image:width":450,"og:image:height":213,"article:published_time":"2026-08-31T10:39:37+00:00","article:modified_time":"2026-08-31T10:39:40+00:00","article:publisher":"https:\/\/www.facebook.com\/azzedine.lasentinelle.1","twitter:card":"summary_large_image","twitter:title":"Affaire de la page \u00ab Storm of Change \u00bb : Six personnes arr\u00eat\u00e9es \u00e0 Adrar - La Sentinelle","twitter:description":"Un nouveau coup de filet des services de s\u00e9curit\u00e9 dans le cadre de la lutte contre la cybercriminalit\u00e9 \u00e0 Adrar. La brigade sp\u00e9cialis\u00e9e de la S\u00fbret\u00e9 de wilaya a mis fin aux activit\u00e9s pr\u00e9sum\u00e9es de six personnes, dont une femme, dans une affaire li\u00e9e \u00e0 la page \u00e9lectronique \u00ab Storm of Change \u00bb, selon les","twitter:image":"https:\/\/lasentinelle.dz\/wp-content\/uploads\/2021\/09\/cropped-la-sentinelle-earth-golden-anima-5.gif"},"aioseo_meta_data":{"post_id":"94645","title":null,"description":null,"keywords":null,"keyphrases":{"focus":{"keyphrase":"","score":0,"analysis":{"keyphraseInTitle":{"score":0,"maxScore":9,"error":1}}},"additional":[]},"primary_term":null,"canonical_url":null,"og_title":null,"og_description":null,"og_object_type":"default","og_image_type":"default","og_image_url":null,"og_image_width":null,"og_image_height":null,"og_image_custom_url":null,"og_image_custom_fields":null,"og_video":"","og_custom_url":null,"og_article_section":null,"og_article_tags":null,"twitter_use_og":false,"twitter_card":"default","twitter_image_type":"default","twitter_image_url":null,"twitter_image_custom_url":null,"twitter_image_custom_fields":null,"twitter_title":null,"twitter_description":null,"schema":{"blockGraphs":[],"customGraphs":[],"default":{"data":{"Article":[],"Course":[],"Dataset":[],"FAQPage":[],"Movie":[],"Person":[],"Product":[],"ProductReview":[],"Car":[],"Recipe":[],"Service":[],"SoftwareApplication":[],"WebPage":[]},"graphName":"BlogPosting","isEnabled":true},"graphs":[]},"schema_type":"default","schema_type_options":null,"pillar_content":false,"robots_default":true,"robots_noindex":false,"robots_noarchive":false,"robots_nosnippet":false,"robots_nofollow":false,"robots_noimageindex":false,"robots_noodp":false,"robots_notranslate":false,"robots_max_snippet":"-1","robots_max_videopreview":"-1","robots_max_imagepreview":"large","priority":null,"frequency":"default","local_seo":null,"breadcrumb_settings":null,"limit_modified_date":false,"ai":{"faqs":[],"keyPoints":[],"schemas":[],"titles":[],"descriptions":[],"socialPosts":{"email":{"subject":"","preview":"","content":""},"linkedin":[],"twitter":[],"facebook":[],"instagram":[]}},"created":"2026-08-31 10:39:40","updated":"2026-08-31 11:21:59","focus_keyword":null,"additional_keywords":null,"truseo_locale":null,"seo_analyzer_scan_date":null},"aioseo_breadcrumb":"<div class=\"aioseo-breadcrumbs\"><span class=\"aioseo-breadcrumb\">\n\t\t\t<a href=\"https:\/\/lasentinelle.dz\" title=\"Home\">Home<\/a>\n\t\t<\/span><span class=\"aioseo-breadcrumb-separator\">&raquo;<\/span><span class=\"aioseo-breadcrumb\">\n\t\t\t<a href=\"https:\/\/lasentinelle.dz\/index.php\/category\/actualite\/\" title=\"Actualit\u00e9\">Actualit\u00e9<\/a>\n\t\t<\/span><span class=\"aioseo-breadcrumb-separator\">&raquo;<\/span><span class=\"aioseo-breadcrumb\">\n\t\t\tAffaire de la page \u00ab Storm of Change \u00bb : Six personnes arr\u00eat\u00e9es \u00e0 Adrar\n\t\t<\/span><\/div>","aioseo_breadcrumb_json":[{"label":"Home","link":"https:\/\/lasentinelle.dz"},{"label":"Actualit\u00e9","link":"https:\/\/lasentinelle.dz\/index.php\/category\/actualite\/"},{"label":"Affaire de la page \u00ab Storm of Change \u00bb\u00a0: Six personnes arr\u00eat\u00e9es \u00e0 Adrar","link":"https:\/\/lasentinelle.dz\/index.php\/2026\/08\/31\/affaire-de-la-page-storm-of-change-six-personnes-arretees-a-adrar\/"}],"yoast_head":"<!-- This site is optimized with the Yoast SEO plugin v28.3 - https:\/\/yoast.com\/product\/yoast-seo-wordpress\/ -->\n<title>Affaire de la page \u00ab Storm of Change \u00bb\u00a0: Six personnes arr\u00eat\u00e9es \u00e0 Adrar - La Sentinelle<\/title>\n<meta name=\"robots\" content=\"index, follow, max-snippet:-1, max-image-preview:large, max-video-preview:-1\" \/>\n<link rel=\"canonical\" href=\"https:\/\/lasentinelle.dz\/index.php\/2026\/08\/31\/affaire-de-la-page-storm-of-change-six-personnes-arretees-a-adrar\/\" \/>\n<meta property=\"og:locale\" content=\"fr_FR\" \/>\n<meta property=\"og:type\" content=\"article\" \/>\n<meta property=\"og:title\" content=\"Affaire de la page \u00ab Storm of Change \u00bb\u00a0: Six personnes arr\u00eat\u00e9es \u00e0 Adrar - La Sentinelle\" \/>\n<meta property=\"og:description\" content=\"Un nouveau coup de filet des services de s\u00e9curit\u00e9 dans le cadre de la lutte contre la cybercriminalit\u00e9 \u00e0 Adrar.\" \/>\n<meta property=\"og:url\" content=\"https:\/\/lasentinelle.dz\/index.php\/2026\/08\/31\/affaire-de-la-page-storm-of-change-six-personnes-arretees-a-adrar\/\" \/>\n<meta property=\"og:site_name\" content=\"La Sentinelle\" \/>\n<meta property=\"article:publisher\" content=\"https:\/\/www.facebook.com\/La-Sentinelle-104059864394773\" \/>\n<meta property=\"article:published_time\" content=\"2026-08-31T10:39:37+00:00\" \/>\n<meta property=\"article:modified_time\" content=\"2026-08-31T10:39:40+00:00\" \/>\n<meta property=\"og:image\" content=\"https:\/\/lasentinelle.dz\/wp-content\/uploads\/2026\/08\/785147183_1049264424748725_545200258642032728_n.jpg\" \/>\n\t<meta property=\"og:image:width\" content=\"2048\" \/>\n\t<meta property=\"og:image:height\" content=\"1031\" \/>\n\t<meta property=\"og:image:type\" content=\"image\/jpeg\" \/>\n<meta name=\"author\" content=\"admin\" \/>\n<meta name=\"twitter:card\" content=\"summary_large_image\" \/>\n<meta name=\"twitter:label1\" content=\"\u00c9crit par\" \/>\n\t<meta name=\"twitter:data1\" content=\"admin\" \/>\n\t<meta name=\"twitter:label2\" content=\"Dur\u00e9e de lecture estim\u00e9e\" \/>\n\t<meta name=\"twitter:data2\" content=\"2 minutes\" \/>\n<script type=\"application\/ld+json\" class=\"yoast-schema-graph\">{\"@context\":\"https:\\\/\\\/schema.org\",\"@graph\":[{\"@type\":\"Article\",\"@id\":\"https:\\\/\\\/lasentinelle.dz\\\/index.php\\\/2026\\\/08\\\/31\\\/affaire-de-la-page-storm-of-change-six-personnes-arretees-a-adrar\\\/#article\",\"isPartOf\":{\"@id\":\"https:\\\/\\\/lasentinelle.dz\\\/index.php\\\/2026\\\/08\\\/31\\\/affaire-de-la-page-storm-of-change-six-personnes-arretees-a-adrar\\\/\"},\"author\":{\"name\":\"admin\",\"@id\":\"https:\\\/\\\/lasentinelle.dz\\\/#\\\/schema\\\/person\\\/729ee0024f24e0b8c5ec17232f8e8b41\"},\"headline\":\"Affaire de la page \u00ab Storm of Change \u00bb\u00a0: Six personnes arr\u00eat\u00e9es \u00e0 Adrar\",\"datePublished\":\"2026-08-31T10:39:37+00:00\",\"dateModified\":\"2026-08-31T10:39:40+00:00\",\"mainEntityOfPage\":{\"@id\":\"https:\\\/\\\/lasentinelle.dz\\\/index.php\\\/2026\\\/08\\\/31\\\/affaire-de-la-page-storm-of-change-six-personnes-arretees-a-adrar\\\/\"},\"wordCount\":428,\"commentCount\":0,\"publisher\":{\"@id\":\"https:\\\/\\\/lasentinelle.dz\\\/#organization\"},\"image\":{\"@id\":\"https:\\\/\\\/lasentinelle.dz\\\/index.php\\\/2026\\\/08\\\/31\\\/affaire-de-la-page-storm-of-change-six-personnes-arretees-a-adrar\\\/#primaryimage\"},\"thumbnailUrl\":\"https:\\\/\\\/lasentinelle.dz\\\/wp-content\\\/uploads\\\/2026\\\/08\\\/785147183_1049264424748725_545200258642032728_n.jpg\",\"articleSection\":[\"Actualit\u00e9\"],\"inLanguage\":\"fr-FR\",\"potentialAction\":[{\"@type\":\"CommentAction\",\"name\":\"Comment\",\"target\":[\"https:\\\/\\\/lasentinelle.dz\\\/index.php\\\/2026\\\/08\\\/31\\\/affaire-de-la-page-storm-of-change-six-personnes-arretees-a-adrar\\\/#respond\"]}]},{\"@type\":\"WebPage\",\"@id\":\"https:\\\/\\\/lasentinelle.dz\\\/index.php\\\/2026\\\/08\\\/31\\\/affaire-de-la-page-storm-of-change-six-personnes-arretees-a-adrar\\\/\",\"url\":\"https:\\\/\\\/lasentinelle.dz\\\/index.php\\\/2026\\\/08\\\/31\\\/affaire-de-la-page-storm-of-change-six-personnes-arretees-a-adrar\\\/\",\"name\":\"Affaire de la page \u00ab Storm of Change \u00bb\u00a0: Six personnes arr\u00eat\u00e9es \u00e0 Adrar - La Sentinelle\",\"isPartOf\":{\"@id\":\"https:\\\/\\\/lasentinelle.dz\\\/#website\"},\"primaryImageOfPage\":{\"@id\":\"https:\\\/\\\/lasentinelle.dz\\\/index.php\\\/2026\\\/08\\\/31\\\/affaire-de-la-page-storm-of-change-six-personnes-arretees-a-adrar\\\/#primaryimage\"},\"image\":{\"@id\":\"https:\\\/\\\/lasentinelle.dz\\\/index.php\\\/2026\\\/08\\\/31\\\/affaire-de-la-page-storm-of-change-six-personnes-arretees-a-adrar\\\/#primaryimage\"},\"thumbnailUrl\":\"https:\\\/\\\/lasentinelle.dz\\\/wp-content\\\/uploads\\\/2026\\\/08\\\/785147183_1049264424748725_545200258642032728_n.jpg\",\"datePublished\":\"2026-08-31T10:39:37+00:00\",\"dateModified\":\"2026-08-31T10:39:40+00:00\",\"breadcrumb\":{\"@id\":\"https:\\\/\\\/lasentinelle.dz\\\/index.php\\\/2026\\\/08\\\/31\\\/affaire-de-la-page-storm-of-change-six-personnes-arretees-a-adrar\\\/#breadcrumb\"},\"inLanguage\":\"fr-FR\",\"potentialAction\":[{\"@type\":\"ReadAction\",\"target\":[\"https:\\\/\\\/lasentinelle.dz\\\/index.php\\\/2026\\\/08\\\/31\\\/affaire-de-la-page-storm-of-change-six-personnes-arretees-a-adrar\\\/\"]}]},{\"@type\":\"ImageObject\",\"inLanguage\":\"fr-FR\",\"@id\":\"https:\\\/\\\/lasentinelle.dz\\\/index.php\\\/2026\\\/08\\\/31\\\/affaire-de-la-page-storm-of-change-six-personnes-arretees-a-adrar\\\/#primaryimage\",\"url\":\"https:\\\/\\\/lasentinelle.dz\\\/wp-content\\\/uploads\\\/2026\\\/08\\\/785147183_1049264424748725_545200258642032728_n.jpg\",\"contentUrl\":\"https:\\\/\\\/lasentinelle.dz\\\/wp-content\\\/uploads\\\/2026\\\/08\\\/785147183_1049264424748725_545200258642032728_n.jpg\",\"width\":2048,\"height\":1031},{\"@type\":\"BreadcrumbList\",\"@id\":\"https:\\\/\\\/lasentinelle.dz\\\/index.php\\\/2026\\\/08\\\/31\\\/affaire-de-la-page-storm-of-change-six-personnes-arretees-a-adrar\\\/#breadcrumb\",\"itemListElement\":[{\"@type\":\"ListItem\",\"position\":1,\"name\":\"Accueil\",\"item\":\"https:\\\/\\\/lasentinelle.dz\\\/\"},{\"@type\":\"ListItem\",\"position\":2,\"name\":\"Affaire de la page \u00ab Storm of Change \u00bb\u00a0: Six personnes arr\u00eat\u00e9es \u00e0 Adrar\"}]},{\"@type\":\"WebSite\",\"@id\":\"https:\\\/\\\/lasentinelle.dz\\\/#website\",\"url\":\"https:\\\/\\\/lasentinelle.dz\\\/\",\"name\":\"La Sentinelle\",\"description\":\"Quotidien national d&#039;information\",\"publisher\":{\"@id\":\"https:\\\/\\\/lasentinelle.dz\\\/#organization\"},\"potentialAction\":[{\"@type\":\"SearchAction\",\"target\":{\"@type\":\"EntryPoint\",\"urlTemplate\":\"https:\\\/\\\/lasentinelle.dz\\\/?s={search_term_string}\"},\"query-input\":{\"@type\":\"PropertyValueSpecification\",\"valueRequired\":true,\"valueName\":\"search_term_string\"}}],\"inLanguage\":\"fr-FR\"},{\"@type\":\"Organization\",\"@id\":\"https:\\\/\\\/lasentinelle.dz\\\/#organization\",\"name\":\"Quotidien La Sentinelle\",\"url\":\"https:\\\/\\\/lasentinelle.dz\\\/\",\"logo\":{\"@type\":\"ImageObject\",\"inLanguage\":\"fr-FR\",\"@id\":\"https:\\\/\\\/lasentinelle.dz\\\/#\\\/schema\\\/logo\\\/image\\\/\",\"url\":\"https:\\\/\\\/lasentinelle.dz\\\/wp-content\\\/uploads\\\/2021\\\/09\\\/logo-sentinelleSLOGAN-1.png\",\"contentUrl\":\"https:\\\/\\\/lasentinelle.dz\\\/wp-content\\\/uploads\\\/2021\\\/09\\\/logo-sentinelleSLOGAN-1.png\",\"width\":615,\"height\":142,\"caption\":\"Quotidien La Sentinelle\"},\"image\":{\"@id\":\"https:\\\/\\\/lasentinelle.dz\\\/#\\\/schema\\\/logo\\\/image\\\/\"},\"sameAs\":[\"https:\\\/\\\/www.facebook.com\\\/La-Sentinelle-104059864394773\"]},{\"@type\":\"Person\",\"@id\":\"https:\\\/\\\/lasentinelle.dz\\\/#\\\/schema\\\/person\\\/729ee0024f24e0b8c5ec17232f8e8b41\",\"name\":\"admin\",\"image\":{\"@type\":\"ImageObject\",\"inLanguage\":\"fr-FR\",\"@id\":\"https:\\\/\\\/secure.gravatar.com\\\/avatar\\\/4c81fed838786e9b53f540bf46533e750f5d292099ae3b66cfc6fb1982e29df7?s=96&d=mm&r=g\",\"url\":\"https:\\\/\\\/secure.gravatar.com\\\/avatar\\\/4c81fed838786e9b53f540bf46533e750f5d292099ae3b66cfc6fb1982e29df7?s=96&d=mm&r=g\",\"contentUrl\":\"https:\\\/\\\/secure.gravatar.com\\\/avatar\\\/4c81fed838786e9b53f540bf46533e750f5d292099ae3b66cfc6fb1982e29df7?s=96&d=mm&r=g\",\"caption\":\"admin\"},\"description\":\"admin\",\"url\":\"https:\\\/\\\/lasentinelle.dz\\\/author\\\/admin\\\/\"}]}<\/script>\n<!-- \/ Yoast SEO plugin. -->","yoast_head_json":{"title":"Affaire de la page \u00ab Storm of Change \u00bb\u00a0: Six personnes arr\u00eat\u00e9es \u00e0 Adrar - La Sentinelle","robots":{"index":"index","follow":"follow","max-snippet":"max-snippet:-1","max-image-preview":"max-image-preview:large","max-video-preview":"max-video-preview:-1"},"canonical":"https:\/\/lasentinelle.dz\/index.php\/2026\/08\/31\/affaire-de-la-page-storm-of-change-six-personnes-arretees-a-adrar\/","og_locale":"fr_FR","og_type":"article","og_title":"Affaire de la page \u00ab Storm of Change \u00bb\u00a0: Six personnes arr\u00eat\u00e9es \u00e0 Adrar - La Sentinelle","og_description":"Un nouveau coup de filet des services de s\u00e9curit\u00e9 dans le cadre de la lutte contre la cybercriminalit\u00e9 \u00e0 Adrar.","og_url":"https:\/\/lasentinelle.dz\/index.php\/2026\/08\/31\/affaire-de-la-page-storm-of-change-six-personnes-arretees-a-adrar\/","og_site_name":"La Sentinelle","article_publisher":"https:\/\/www.facebook.com\/La-Sentinelle-104059864394773","article_published_time":"2026-08-31T10:39:37+00:00","article_modified_time":"2026-08-31T10:39:40+00:00","og_image":[{"width":2048,"height":1031,"url":"https:\/\/lasentinelle.dz\/wp-content\/uploads\/2026\/08\/785147183_1049264424748725_545200258642032728_n.jpg","type":"image\/jpeg"}],"author":"admin","twitter_card":"summary_large_image","twitter_misc":{"\u00c9crit par":"admin","Dur\u00e9e de lecture estim\u00e9e":"2 minutes"},"schema":{"@context":"https:\/\/schema.org","@graph":[{"@type":"Article","@id":"https:\/\/lasentinelle.dz\/index.php\/2026\/08\/31\/affaire-de-la-page-storm-of-change-six-personnes-arretees-a-adrar\/#article","isPartOf":{"@id":"https:\/\/lasentinelle.dz\/index.php\/2026\/08\/31\/affaire-de-la-page-storm-of-change-six-personnes-arretees-a-adrar\/"},"author":{"name":"admin","@id":"https:\/\/lasentinelle.dz\/#\/schema\/person\/729ee0024f24e0b8c5ec17232f8e8b41"},"headline":"Affaire de la page \u00ab Storm of Change \u00bb\u00a0: Six personnes arr\u00eat\u00e9es \u00e0 Adrar","datePublished":"2026-08-31T10:39:37+00:00","dateModified":"2026-08-31T10:39:40+00:00","mainEntityOfPage":{"@id":"https:\/\/lasentinelle.dz\/index.php\/2026\/08\/31\/affaire-de-la-page-storm-of-change-six-personnes-arretees-a-adrar\/"},"wordCount":428,"commentCount":0,"publisher":{"@id":"https:\/\/lasentinelle.dz\/#organization"},"image":{"@id":"https:\/\/lasentinelle.dz\/index.php\/2026\/08\/31\/affaire-de-la-page-storm-of-change-six-personnes-arretees-a-adrar\/#primaryimage"},"thumbnailUrl":"https:\/\/lasentinelle.dz\/wp-content\/uploads\/2026\/08\/785147183_1049264424748725_545200258642032728_n.jpg","articleSection":["Actualit\u00e9"],"inLanguage":"fr-FR","potentialAction":[{"@type":"CommentAction","name":"Comment","target":["https:\/\/lasentinelle.dz\/index.php\/2026\/08\/31\/affaire-de-la-page-storm-of-change-six-personnes-arretees-a-adrar\/#respond"]}]},{"@type":"WebPage","@id":"https:\/\/lasentinelle.dz\/index.php\/2026\/08\/31\/affaire-de-la-page-storm-of-change-six-personnes-arretees-a-adrar\/","url":"https:\/\/lasentinelle.dz\/index.php\/2026\/08\/31\/affaire-de-la-page-storm-of-change-six-personnes-arretees-a-adrar\/","name":"Affaire de la page \u00ab Storm of Change \u00bb\u00a0: Six personnes arr\u00eat\u00e9es \u00e0 Adrar - La Sentinelle","isPartOf":{"@id":"https:\/\/lasentinelle.dz\/#website"},"primaryImageOfPage":{"@id":"https:\/\/lasentinelle.dz\/index.php\/2026\/08\/31\/affaire-de-la-page-storm-of-change-six-personnes-arretees-a-adrar\/#primaryimage"},"image":{"@id":"https:\/\/lasentinelle.dz\/index.php\/2026\/08\/31\/affaire-de-la-page-storm-of-change-six-personnes-arretees-a-adrar\/#primaryimage"},"thumbnailUrl":"https:\/\/lasentinelle.dz\/wp-content\/uploads\/2026\/08\/785147183_1049264424748725_545200258642032728_n.jpg","datePublished":"2026-08-31T10:39:37+00:00","dateModified":"2026-08-31T10:39:40+00:00","breadcrumb":{"@id":"https:\/\/lasentinelle.dz\/index.php\/2026\/08\/31\/affaire-de-la-page-storm-of-change-six-personnes-arretees-a-adrar\/#breadcrumb"},"inLanguage":"fr-FR","potentialAction":[{"@type":"ReadAction","target":["https:\/\/lasentinelle.dz\/index.php\/2026\/08\/31\/affaire-de-la-page-storm-of-change-six-personnes-arretees-a-adrar\/"]}]},{"@type":"ImageObject","inLanguage":"fr-FR","@id":"https:\/\/lasentinelle.dz\/index.php\/2026\/08\/31\/affaire-de-la-page-storm-of-change-six-personnes-arretees-a-adrar\/#primaryimage","url":"https:\/\/lasentinelle.dz\/wp-content\/uploads\/2026\/08\/785147183_1049264424748725_545200258642032728_n.jpg","contentUrl":"https:\/\/lasentinelle.dz\/wp-content\/uploads\/2026\/08\/785147183_1049264424748725_545200258642032728_n.jpg","width":2048,"height":1031},{"@type":"BreadcrumbList","@id":"https:\/\/lasentinelle.dz\/index.php\/2026\/08\/31\/affaire-de-la-page-storm-of-change-six-personnes-arretees-a-adrar\/#breadcrumb","itemListElement":[{"@type":"ListItem","position":1,"name":"Accueil","item":"https:\/\/lasentinelle.dz\/"},{"@type":"ListItem","position":2,"name":"Affaire de la page \u00ab Storm of Change \u00bb\u00a0: Six personnes arr\u00eat\u00e9es \u00e0 Adrar"}]},{"@type":"WebSite","@id":"https:\/\/lasentinelle.dz\/#website","url":"https:\/\/lasentinelle.dz\/","name":"La Sentinelle","description":"Quotidien national d&#039;information","publisher":{"@id":"https:\/\/lasentinelle.dz\/#organization"},"potentialAction":[{"@type":"SearchAction","target":{"@type":"EntryPoint","urlTemplate":"https:\/\/lasentinelle.dz\/?s={search_term_string}"},"query-input":{"@type":"PropertyValueSpecification","valueRequired":true,"valueName":"search_term_string"}}],"inLanguage":"fr-FR"},{"@type":"Organization","@id":"https:\/\/lasentinelle.dz\/#organization","name":"Quotidien La Sentinelle","url":"https:\/\/lasentinelle.dz\/","logo":{"@type":"ImageObject","inLanguage":"fr-FR","@id":"https:\/\/lasentinelle.dz\/#\/schema\/logo\/image\/","url":"https:\/\/lasentinelle.dz\/wp-content\/uploads\/2021\/09\/logo-sentinelleSLOGAN-1.png","contentUrl":"https:\/\/lasentinelle.dz\/wp-content\/uploads\/2021\/09\/logo-sentinelleSLOGAN-1.png","width":615,"height":142,"caption":"Quotidien La Sentinelle"},"image":{"@id":"https:\/\/lasentinelle.dz\/#\/schema\/logo\/image\/"},"sameAs":["https:\/\/www.facebook.com\/La-Sentinelle-104059864394773"]},{"@type":"Person","@id":"https:\/\/lasentinelle.dz\/#\/schema\/person\/729ee0024f24e0b8c5ec17232f8e8b41","name":"admin","image":{"@type":"ImageObject","inLanguage":"fr-FR","@id":"https:\/\/secure.gravatar.com\/avatar\/4c81fed838786e9b53f540bf46533e750f5d292099ae3b66cfc6fb1982e29df7?s=96&d=mm&r=g","url":"https:\/\/secure.gravatar.com\/avatar\/4c81fed838786e9b53f540bf46533e750f5d292099ae3b66cfc6fb1982e29df7?s=96&d=mm&r=g","contentUrl":"https:\/\/secure.gravatar.com\/avatar\/4c81fed838786e9b53f540bf46533e750f5d292099ae3b66cfc6fb1982e29df7?s=96&d=mm&r=g","caption":"admin"},"description":"admin","url":"https:\/\/lasentinelle.dz\/author\/admin\/"}]}},"_links":{"self":[{"href":"https:\/\/lasentinelle.dz\/index.php\/wp-json\/wp\/v2\/posts\/94645","targetHints":{"allow":["GET"]}}],"collection":[{"href":"https:\/\/lasentinelle.dz\/index.php\/wp-json\/wp\/v2\/posts"}],"about":[{"href":"https:\/\/lasentinelle.dz\/index.php\/wp-json\/wp\/v2\/types\/post"}],"author":[{"embeddable":true,"href":"https:\/\/lasentinelle.dz\/index.php\/wp-json\/wp\/v2\/users\/6"}],"replies":[{"embeddable":true,"href":"https:\/\/lasentinelle.dz\/index.php\/wp-json\/wp\/v2\/comments?post=94645"}],"version-history":[{"count":1,"href":"https:\/\/lasentinelle.dz\/index.php\/wp-json\/wp\/v2\/posts\/94645\/revisions"}],"predecessor-version":[{"id":94647,"href":"https:\/\/lasentinelle.dz\/index.php\/wp-json\/wp\/v2\/posts\/94645\/revisions\/94647"}],"wp:featuredmedia":[{"embeddable":true,"href":"https:\/\/lasentinelle.dz\/index.php\/wp-json\/wp\/v2\/media\/94646"}],"wp:attachment":[{"href":"https:\/\/lasentinelle.dz\/index.php\/wp-json\/wp\/v2\/media?parent=94645"}],"wp:term":[{"taxonomy":"category","embeddable":true,"href":"https:\/\/lasentinelle.dz\/index.php\/wp-json\/wp\/v2\/categories?post=94645"},{"taxonomy":"post_tag","embeddable":true,"href":"https:\/\/lasentinelle.dz\/index.php\/wp-json\/wp\/v2\/tags?post=94645"}],"curies":[{"name":"wp","href":"https:\/\/api.w.org\/{rel}","templated":true}]}}