{"id":94650,"date":"2026-08-31T11:42:12","date_gmt":"2026-08-31T10:42:12","guid":{"rendered":"https:\/\/lasentinelle.dz\/?p=94650"},"modified":"2026-08-31T11:42:15","modified_gmt":"2026-08-31T10:42:15","slug":"en-prevision-du-prochain-scrutin-local-lanie-a-la-manoeuvre","status":"publish","type":"post","link":"https:\/\/lasentinelle.dz\/index.php\/2026\/08\/31\/en-prevision-du-prochain-scrutin-local-lanie-a-la-manoeuvre\/","title":{"rendered":"En pr\u00e9vision du prochain scrutin local\u00a0: L\u2019ANIE \u00e0 la man\u0153uvre"},"content":{"rendered":"\n<p class=\"wp-block-paragraph\">Le pr\u00e9sident de l&rsquo;Autorit\u00e9 nationale ind\u00e9pendante des \u00e9lections, Saad Arous, a pr\u00e9sid\u00e9 samedi une r\u00e9union de travail consacr\u00e9e \u00e0 l&rsquo;examen des dispositions organisationnelles et pr\u00e9paratoires aux prochaines \u00e9lections locales, selon un communiqu\u00e9 de l&rsquo;instance \u00e9lectorale. Cette s\u00e9ance s&rsquo;inscrit dans une mobilisation qui gagne d\u00e9j\u00e0 les partis politiques, engag\u00e9s dans la confection de leurs listes en pr\u00e9vision du scrutin.<\/p>\n\n\n\n<p class=\"wp-block-paragraph\">Alors que le d\u00e9cret pr\u00e9sidentiel convoquant le corps \u00e9lectoral n&rsquo;\u00e9tait pas encore sign\u00e9 au moment de cette rencontre, l&rsquo;Autorit\u00e9 \u00e9lectorale avait d\u00e9j\u00e0 entam\u00e9 ses travaux pr\u00e9paratoires \u00e0 travers des s\u00e9ances au niveau central et des rencontres dans les wilayas destin\u00e9es \u00e0 \u00e9valuer la disponibilit\u00e9 des diff\u00e9rents services concern\u00e9s. C&rsquo;est dans ce cadre que Saad Arous, r\u00e9cemment install\u00e9 \u00e0 la t\u00eate de l&rsquo;instance, a r\u00e9uni vendredi des membres du Conseil de l&rsquo;Autorit\u00e9 ainsi que plusieurs cadres pour faire le point sur l&rsquo;avancement des pr\u00e9paratifs et examiner les aspects organisationnels li\u00e9s \u00e0 cette \u00e9ch\u00e9ance.<\/p>\n\n\n\n<p class=\"wp-block-paragraph\">Le communiqu\u00e9 de l&rsquo;ANIE pr\u00e9cise que les \u00e9changes ont port\u00e9 sur \u00ab la poursuite de l&rsquo;examen des dossiers des coordinateurs de wilaya propos\u00e9s \u00e0 la d\u00e9signation lors des prochaines \u00e9lections locales, ainsi que sur la constitution et la formation des commissions charg\u00e9es de la supervision des op\u00e9rations \u00e9lectorales, chacune \u00e9tant pr\u00e9sid\u00e9e par un membre de l&rsquo;Autorit\u00e9 ind\u00e9pendante \u00bb. La r\u00e9union a \u00e9galement permis d&rsquo;\u00e9voquer \u00ab la pr\u00e9paration de la r\u00e9union du Conseil de l&rsquo;ANIE, pr\u00e9vue demain dimanche \u00bb, ajoute la m\u00eame source.<\/p>\n\n\n\n<p class=\"wp-block-paragraph\">Ces travaux interviennent alors que la nouvelle loi \u00e9lectorale a red\u00e9fini un certain nombre d&rsquo;aspects touchant aux missions, aux pr\u00e9rogatives et \u00e0 la composition de l&rsquo;Autorit\u00e9, renfor\u00e7ant son r\u00f4le \u00e0 chaque \u00e9tape du processus, de la pr\u00e9paration des scrutins jusqu&rsquo;au suivi de leur d\u00e9roulement sur le terrain. Ce cadre juridique renouvel\u00e9 impose par ailleurs un \u00e9largissement du travail pr\u00e9paratoire de l&rsquo;instance, notamment \u00e0 l&rsquo;\u00e9chelle locale, avec une coordination accrue entre ses structures centrales et de wilaya, en particulier sur les questions li\u00e9es \u00e0 l&rsquo;\u00e9laboration des listes \u00e9lectorales et \u00e0 l&rsquo;organisation mat\u00e9rielle du scrutin.<\/p>\n\n\n\n<p class=\"wp-block-paragraph\">La dynamique pr\u00e9\u00e9lectorale ne se limite toutefois pas \u00e0 l&rsquo;appareil institutionnel. Les formations politiques d\u00e9sireuses de concourir ont, elles aussi, engag\u00e9 leurs propres pr\u00e9paratifs, \u00e0 travers l&rsquo;\u00e9laboration de listes pr\u00e9liminaires et l&rsquo;examen des profils susceptibles de r\u00e9pondre aux crit\u00e8res de participation \u00e0 travers les diff\u00e9rentes wilayas. Plusieurs partis ont ainsi multipli\u00e9 les rencontres locales et r\u00e9gionales pour arr\u00eater les contours de leurs listes et se concerter sur les candidatures envisag\u00e9es, une d\u00e9marche anticip\u00e9e qui leur permet de parer \u00e0 d&rsquo;\u00e9ventuels d\u00e9sistements ou exclusions de candidats sur lesquels ils comptaient. Le Front de lib\u00e9ration nationale figure parmi les formations engag\u00e9es dans cette phase. Sa f\u00e9d\u00e9ration de Tipasa a par exemple organis\u00e9 samedi une rencontre avec ses militants consacr\u00e9e \u00e0 l&rsquo;examen des pr\u00e9paratifs de l&rsquo;\u00e9ch\u00e9ance locale et au recensement des candidatures potentielles. Le Mouvement de la soci\u00e9t\u00e9 pour la paix a de son c\u00f4t\u00e9 lanc\u00e9, deux jours plus t\u00f4t, un appel aux candidatures pour ses listes, pr\u00e9cisant que la porte reste ouverte au-del\u00e0 de ses seuls militants, \u00e0 toute comp\u00e9tence r\u00e9pondant aux crit\u00e8res d&rsquo;int\u00e9grit\u00e9 et de capacit\u00e9 \u00e0 assumer des responsabilit\u00e9s, dans l&rsquo;objectif de constituer des listes en mesure de disputer une comp\u00e9tition serr\u00e9e et d&rsquo;obtenir de bons r\u00e9sultats.<\/p>\n\n\n\n<p class=\"wp-block-paragraph\">Ces pr\u00e9paratifs marquent ainsi le passage des \u00e9tats-majors partisans d&rsquo;une phase de r\u00e9flexion interne \u00e0 une recherche active de candidats et \u00e0 la finalisation des listes, un scrutin local exigeant traditionnellement un d\u00e9ploiement organisationnel et un ancrage de terrain cons\u00e9quents, compte tenu des enjeux que repr\u00e9sente la comp\u00e9tition pour les assembl\u00e9es populaires communales et de wilaya.<\/p>\n\n\n\n<p class=\"wp-block-paragraph\">Massinissa Ra\u00efs<\/p>\n\n\n\n<p class=\"wp-block-paragraph\"><strong>Le pr\u00e9sident de l&rsquo;ANIE pr\u00eate serment<\/strong><\/p>\n\n\n\n<p class=\"wp-block-paragraph\">Le pr\u00e9sident de l&rsquo;Autorit\u00e9 nationale ind\u00e9pendante des \u00e9lections (ANIE), Saad Arous, a pr\u00eat\u00e9 serment, dimanche, au si\u00e8ge de la Cour d&rsquo;Alger. La c\u00e9r\u00e9monie de prestation de serment, pr\u00e9sid\u00e9e par Ismahane Amer, pr\u00e9sidente de chambre \u00e0 la Cour d&rsquo;Alger, s&rsquo;est d\u00e9roul\u00e9e en pr\u00e9sence du secr\u00e9taire g\u00e9n\u00e9ral du minist\u00e8re de la Justice, Mohamed Hamadou, du procureur g\u00e9n\u00e9ral pr\u00e8s la Cour d&rsquo;Alger, Mohamed Kamel Ben Boudiaf, ainsi que de membres de l&rsquo;ANIE. Pour rappel, l&rsquo;ANIE est charg\u00e9e, dans le cadre des missions qui lui sont d\u00e9volues par la loi, de veiller \u00e0 l&rsquo;organisation et \u00e0 la surveillance des op\u00e9rations \u00e9lectorales, afin de garantir leur int\u00e9grit\u00e9 et transparence, ainsi que le respect de la volont\u00e9 de l&rsquo;\u00e9lecteur.<\/p>\n\n\n\n<p class=\"wp-block-paragraph\">APS<\/p>\n","protected":false},"excerpt":{"rendered":"<p>Le pr\u00e9sident de l&rsquo;Autorit\u00e9 nationale ind\u00e9pendante des \u00e9lections, Saad Arous, a pr\u00e9sid\u00e9 samedi une r\u00e9union de travail consacr\u00e9e \u00e0 l&rsquo;examen<\/p>\n","protected":false},"author":6,"featured_media":88540,"comment_status":"open","ping_status":"closed","sticky":false,"template":"","format":"standard","meta":{"colormag_page_container_layout":"default_layout","colormag_page_sidebar_layout":"default_layout","om_disable_all_campaigns":false,"_monsterinsights_skip_tracking":false,"footnotes":"","_wpscppro_dont_share_socialmedia":false,"_wpscppro_custom_social_share_image":0,"_facebook_share_type":"default","_twitter_share_type":"default","_linkedin_share_type":"default","_pinterest_share_type":"default","_linkedin_share_type_page":"","_instagram_share_type":"default","_medium_share_type":"default","_threads_share_type":"default","_google_business_share_type":"default","_bluesky_share_type":"default","_mastodon_share_type":"default","_selected_social_profile":[],"_wpsp_enable_custom_social_template":false,"_wpsp_social_scheduling":{"enabled":false,"datetime":null,"platforms":[],"status":"template_only","dateOption":"today","timeOption":"now","customDays":"","customHours":"","customDate":"","customTime":"","schedulingType":"absolute"},"_wpsp_active_default_template":true},"categories":[27,28],"tags":[],"class_list":["post-94650","post","type-post","status-publish","format-standard","has-post-thumbnail","hentry","category-actualite","category-politique"],"aioseo_notices":[],"aioseo_head":"\n\t\t<!-- All in One SEO 5.0.0.1 - aioseo.com -->\n\t<meta name=\"description\" content=\"Le pr\u00e9sident de l&#039;Autorit\u00e9 nationale ind\u00e9pendante des \u00e9lections, Saad Arous, a pr\u00e9sid\u00e9 samedi une r\u00e9union de travail consacr\u00e9e \u00e0 l&#039;examen des dispositions organisationnelles et pr\u00e9paratoires aux prochaines \u00e9lections locales, selon un communiqu\u00e9 de l&#039;instance \u00e9lectorale. Cette s\u00e9ance s&#039;inscrit dans une mobilisation qui gagne d\u00e9j\u00e0 les partis politiques, engag\u00e9s dans la confection de leurs listes en\" \/>\n\t<meta name=\"robots\" content=\"max-image-preview:large\" \/>\n\t<meta name=\"author\" content=\"admin\"\/>\n\t<link rel=\"canonical\" href=\"https:\/\/lasentinelle.dz\/index.php\/2026\/08\/31\/en-prevision-du-prochain-scrutin-local-lanie-a-la-manoeuvre\/\" \/>\n\t<meta name=\"generator\" content=\"All in One SEO (AIOSEO) 5.0.0.1\" \/>\n\t\t<meta property=\"og:locale\" content=\"fr_FR\" \/>\n\t\t<meta property=\"og:site_name\" content=\"La Sentinelle - Quotidien national d&#039;information\" \/>\n\t\t<meta property=\"og:type\" content=\"article\" \/>\n\t\t<meta property=\"og:title\" content=\"En pr\u00e9vision du prochain scrutin local : L\u2019ANIE \u00e0 la man\u0153uvre - La Sentinelle\" \/>\n\t\t<meta property=\"og:description\" content=\"Le pr\u00e9sident de l&#039;Autorit\u00e9 nationale ind\u00e9pendante des \u00e9lections, Saad Arous, a pr\u00e9sid\u00e9 samedi une r\u00e9union de travail consacr\u00e9e \u00e0 l&#039;examen des dispositions organisationnelles et pr\u00e9paratoires aux prochaines \u00e9lections locales, selon un communiqu\u00e9 de l&#039;instance \u00e9lectorale. Cette s\u00e9ance s&#039;inscrit dans une mobilisation qui gagne d\u00e9j\u00e0 les partis politiques, engag\u00e9s dans la confection de leurs listes en\" \/>\n\t\t<meta property=\"og:url\" content=\"https:\/\/lasentinelle.dz\/index.php\/2026\/08\/31\/en-prevision-du-prochain-scrutin-local-lanie-a-la-manoeuvre\/\" \/>\n\t\t<meta property=\"og:image\" content=\"https:\/\/lasentinelle.dz\/wp-content\/uploads\/2021\/09\/cropped-la-sentinelle-earth-golden-anima-5.gif\" \/>\n\t\t<meta property=\"og:image:secure_url\" content=\"https:\/\/lasentinelle.dz\/wp-content\/uploads\/2021\/09\/cropped-la-sentinelle-earth-golden-anima-5.gif\" \/>\n\t\t<meta property=\"og:image:width\" content=\"450\" \/>\n\t\t<meta property=\"og:image:height\" content=\"213\" \/>\n\t\t<meta property=\"article:published_time\" content=\"2026-08-31T10:42:12+00:00\" \/>\n\t\t<meta property=\"article:modified_time\" content=\"2026-08-31T10:42:15+00:00\" \/>\n\t\t<meta property=\"article:publisher\" content=\"https:\/\/www.facebook.com\/azzedine.lasentinelle.1\" \/>\n\t\t<meta name=\"twitter:card\" content=\"summary_large_image\" \/>\n\t\t<meta name=\"twitter:title\" content=\"En pr\u00e9vision du prochain scrutin local : L\u2019ANIE \u00e0 la man\u0153uvre - La Sentinelle\" \/>\n\t\t<meta name=\"twitter:description\" content=\"Le pr\u00e9sident de l&#039;Autorit\u00e9 nationale ind\u00e9pendante des \u00e9lections, Saad Arous, a pr\u00e9sid\u00e9 samedi une r\u00e9union de travail consacr\u00e9e \u00e0 l&#039;examen des dispositions organisationnelles et pr\u00e9paratoires aux prochaines \u00e9lections locales, selon un communiqu\u00e9 de l&#039;instance \u00e9lectorale. Cette s\u00e9ance s&#039;inscrit dans une mobilisation qui gagne d\u00e9j\u00e0 les partis politiques, engag\u00e9s dans la confection de leurs listes en\" \/>\n\t\t<meta name=\"twitter:image\" content=\"https:\/\/lasentinelle.dz\/wp-content\/uploads\/2021\/09\/cropped-la-sentinelle-earth-golden-anima-5.gif\" \/>\n\t\t<script type=\"application\/ld+json\" class=\"aioseo-schema\">\n\t\t\t{\"@context\":\"https:\\\/\\\/schema.org\",\"@graph\":[{\"@type\":\"BlogPosting\",\"@id\":\"https:\\\/\\\/lasentinelle.dz\\\/index.php\\\/2026\\\/08\\\/31\\\/en-prevision-du-prochain-scrutin-local-lanie-a-la-manoeuvre\\\/#blogposting\",\"name\":\"En pr\\u00e9vision du prochain scrutin local : L\\u2019ANIE \\u00e0 la man\\u0153uvre - La Sentinelle\",\"headline\":\"En pr\\u00e9vision du prochain scrutin local\\u00a0: L\\u2019ANIE \\u00e0 la man\\u0153uvre\",\"author\":{\"@id\":\"https:\\\/\\\/lasentinelle.dz\\\/author\\\/admin\\\/#author\"},\"publisher\":{\"@id\":\"https:\\\/\\\/lasentinelle.dz\\\/#organization\"},\"image\":{\"@type\":\"ImageObject\",\"url\":\"https:\\\/\\\/lasentinelle.dz\\\/wp-content\\\/uploads\\\/2026\\\/05\\\/ANIE.jpg\",\"width\":780,\"height\":470},\"datePublished\":\"2026-08-31T11:42:12+01:00\",\"dateModified\":\"2026-08-31T11:42:15+01:00\",\"inLanguage\":\"fr-FR\",\"mainEntityOfPage\":{\"@id\":\"https:\\\/\\\/lasentinelle.dz\\\/index.php\\\/2026\\\/08\\\/31\\\/en-prevision-du-prochain-scrutin-local-lanie-a-la-manoeuvre\\\/#webpage\"},\"isPartOf\":{\"@id\":\"https:\\\/\\\/lasentinelle.dz\\\/index.php\\\/2026\\\/08\\\/31\\\/en-prevision-du-prochain-scrutin-local-lanie-a-la-manoeuvre\\\/#webpage\"},\"articleSection\":\"Actualit\\u00e9, Politique\"},{\"@type\":\"BreadcrumbList\",\"@id\":\"https:\\\/\\\/lasentinelle.dz\\\/index.php\\\/2026\\\/08\\\/31\\\/en-prevision-du-prochain-scrutin-local-lanie-a-la-manoeuvre\\\/#breadcrumblist\",\"itemListElement\":[{\"@type\":\"ListItem\",\"@id\":\"https:\\\/\\\/lasentinelle.dz#listItem\",\"position\":1,\"name\":\"Home\",\"item\":\"https:\\\/\\\/lasentinelle.dz\",\"nextItem\":{\"@type\":\"ListItem\",\"@id\":\"https:\\\/\\\/lasentinelle.dz\\\/index.php\\\/category\\\/actualite\\\/#listItem\",\"name\":\"Actualit\\u00e9\"}},{\"@type\":\"ListItem\",\"@id\":\"https:\\\/\\\/lasentinelle.dz\\\/index.php\\\/category\\\/actualite\\\/#listItem\",\"position\":2,\"name\":\"Actualit\\u00e9\",\"item\":\"https:\\\/\\\/lasentinelle.dz\\\/index.php\\\/category\\\/actualite\\\/\",\"nextItem\":{\"@type\":\"ListItem\",\"@id\":\"https:\\\/\\\/lasentinelle.dz\\\/index.php\\\/2026\\\/08\\\/31\\\/en-prevision-du-prochain-scrutin-local-lanie-a-la-manoeuvre\\\/#listItem\",\"name\":\"En pr\\u00e9vision du prochain scrutin local\\u00a0: L\\u2019ANIE \\u00e0 la man\\u0153uvre\"},\"previousItem\":{\"@type\":\"ListItem\",\"@id\":\"https:\\\/\\\/lasentinelle.dz#listItem\",\"name\":\"Home\"}},{\"@type\":\"ListItem\",\"@id\":\"https:\\\/\\\/lasentinelle.dz\\\/index.php\\\/2026\\\/08\\\/31\\\/en-prevision-du-prochain-scrutin-local-lanie-a-la-manoeuvre\\\/#listItem\",\"position\":3,\"name\":\"En pr\\u00e9vision du prochain scrutin local\\u00a0: L\\u2019ANIE \\u00e0 la man\\u0153uvre\",\"previousItem\":{\"@type\":\"ListItem\",\"@id\":\"https:\\\/\\\/lasentinelle.dz\\\/index.php\\\/category\\\/actualite\\\/#listItem\",\"name\":\"Actualit\\u00e9\"}}]},{\"@type\":\"Organization\",\"@id\":\"https:\\\/\\\/lasentinelle.dz\\\/#organization\",\"name\":\"La Sentinelle La Sentinelle\",\"description\":\"Quotidien national d'information\",\"url\":\"https:\\\/\\\/lasentinelle.dz\\\/\",\"logo\":{\"@type\":\"ImageObject\",\"url\":\"https:\\\/\\\/lasentinelle.dz\\\/wp-content\\\/uploads\\\/2021\\\/09\\\/cropped-la-sentinelle-earth-golden-anima-5.gif\",\"@id\":\"https:\\\/\\\/lasentinelle.dz\\\/index.php\\\/2026\\\/08\\\/31\\\/en-prevision-du-prochain-scrutin-local-lanie-a-la-manoeuvre\\\/#organizationLogo\",\"width\":450,\"height\":213},\"image\":{\"@id\":\"https:\\\/\\\/lasentinelle.dz\\\/index.php\\\/2026\\\/08\\\/31\\\/en-prevision-du-prochain-scrutin-local-lanie-a-la-manoeuvre\\\/#organizationLogo\"},\"sameAs\":[\"https:\\\/\\\/www.facebook.com\\\/azzedine.lasentinelle.1\"]},{\"@type\":\"Person\",\"@id\":\"https:\\\/\\\/lasentinelle.dz\\\/author\\\/admin\\\/#author\",\"url\":\"https:\\\/\\\/lasentinelle.dz\\\/author\\\/admin\\\/\",\"name\":\"admin\",\"image\":{\"@type\":\"ImageObject\",\"@id\":\"https:\\\/\\\/lasentinelle.dz\\\/index.php\\\/2026\\\/08\\\/31\\\/en-prevision-du-prochain-scrutin-local-lanie-a-la-manoeuvre\\\/#authorImage\",\"url\":\"https:\\\/\\\/secure.gravatar.com\\\/avatar\\\/4c81fed838786e9b53f540bf46533e750f5d292099ae3b66cfc6fb1982e29df7?s=96&d=mm&r=g\",\"width\":96,\"height\":96,\"caption\":\"admin\"}},{\"@type\":\"WebPage\",\"@id\":\"https:\\\/\\\/lasentinelle.dz\\\/index.php\\\/2026\\\/08\\\/31\\\/en-prevision-du-prochain-scrutin-local-lanie-a-la-manoeuvre\\\/#webpage\",\"url\":\"https:\\\/\\\/lasentinelle.dz\\\/index.php\\\/2026\\\/08\\\/31\\\/en-prevision-du-prochain-scrutin-local-lanie-a-la-manoeuvre\\\/\",\"name\":\"En pr\\u00e9vision du prochain scrutin local : L\\u2019ANIE \\u00e0 la man\\u0153uvre - La Sentinelle\",\"description\":\"Le pr\\u00e9sident de l'Autorit\\u00e9 nationale ind\\u00e9pendante des \\u00e9lections, Saad Arous, a pr\\u00e9sid\\u00e9 samedi une r\\u00e9union de travail consacr\\u00e9e \\u00e0 l'examen des dispositions organisationnelles et pr\\u00e9paratoires aux prochaines \\u00e9lections locales, selon un communiqu\\u00e9 de l'instance \\u00e9lectorale. Cette s\\u00e9ance s'inscrit dans une mobilisation qui gagne d\\u00e9j\\u00e0 les partis politiques, engag\\u00e9s dans la confection de leurs listes en\",\"inLanguage\":\"fr-FR\",\"isPartOf\":{\"@id\":\"https:\\\/\\\/lasentinelle.dz\\\/#website\"},\"breadcrumb\":{\"@id\":\"https:\\\/\\\/lasentinelle.dz\\\/index.php\\\/2026\\\/08\\\/31\\\/en-prevision-du-prochain-scrutin-local-lanie-a-la-manoeuvre\\\/#breadcrumblist\"},\"author\":{\"@id\":\"https:\\\/\\\/lasentinelle.dz\\\/author\\\/admin\\\/#author\"},\"creator\":{\"@id\":\"https:\\\/\\\/lasentinelle.dz\\\/author\\\/admin\\\/#author\"},\"image\":{\"@type\":\"ImageObject\",\"url\":\"https:\\\/\\\/lasentinelle.dz\\\/wp-content\\\/uploads\\\/2026\\\/05\\\/ANIE.jpg\",\"@id\":\"https:\\\/\\\/lasentinelle.dz\\\/index.php\\\/2026\\\/08\\\/31\\\/en-prevision-du-prochain-scrutin-local-lanie-a-la-manoeuvre\\\/#mainImage\",\"width\":780,\"height\":470},\"primaryImageOfPage\":{\"@id\":\"https:\\\/\\\/lasentinelle.dz\\\/index.php\\\/2026\\\/08\\\/31\\\/en-prevision-du-prochain-scrutin-local-lanie-a-la-manoeuvre\\\/#mainImage\"},\"datePublished\":\"2026-08-31T11:42:12+01:00\",\"dateModified\":\"2026-08-31T11:42:15+01:00\"},{\"@type\":\"WebSite\",\"@id\":\"https:\\\/\\\/lasentinelle.dz\\\/#website\",\"url\":\"https:\\\/\\\/lasentinelle.dz\\\/\",\"name\":\"La Sentinelle\",\"description\":\"Quotidien national d'information\",\"inLanguage\":\"fr-FR\",\"publisher\":{\"@id\":\"https:\\\/\\\/lasentinelle.dz\\\/#organization\"}}]}\n\t\t<\/script>\n\t\t<!-- All in One SEO -->\n\n","aioseo_head_json":{"title":"En pr\u00e9vision du prochain scrutin local : L\u2019ANIE \u00e0 la man\u0153uvre - La Sentinelle","description":"Le pr\u00e9sident de l'Autorit\u00e9 nationale ind\u00e9pendante des \u00e9lections, Saad Arous, a pr\u00e9sid\u00e9 samedi une r\u00e9union de travail consacr\u00e9e \u00e0 l'examen des dispositions organisationnelles et pr\u00e9paratoires aux prochaines \u00e9lections locales, selon un communiqu\u00e9 de l'instance \u00e9lectorale. Cette s\u00e9ance s'inscrit dans une mobilisation qui gagne d\u00e9j\u00e0 les partis politiques, engag\u00e9s dans la confection de leurs listes en","canonical_url":"https:\/\/lasentinelle.dz\/index.php\/2026\/08\/31\/en-prevision-du-prochain-scrutin-local-lanie-a-la-manoeuvre\/","robots":"max-image-preview:large","keywords":"","webmasterTools":{"miscellaneous":""},"schema":{"@context":"https:\/\/schema.org","@graph":[{"@type":"BlogPosting","@id":"https:\/\/lasentinelle.dz\/index.php\/2026\/08\/31\/en-prevision-du-prochain-scrutin-local-lanie-a-la-manoeuvre\/#blogposting","name":"En pr\u00e9vision du prochain scrutin local : L\u2019ANIE \u00e0 la man\u0153uvre - La Sentinelle","headline":"En pr\u00e9vision du prochain scrutin local\u00a0: L\u2019ANIE \u00e0 la man\u0153uvre","author":{"@id":"https:\/\/lasentinelle.dz\/author\/admin\/#author"},"publisher":{"@id":"https:\/\/lasentinelle.dz\/#organization"},"image":{"@type":"ImageObject","url":"https:\/\/lasentinelle.dz\/wp-content\/uploads\/2026\/05\/ANIE.jpg","width":780,"height":470},"datePublished":"2026-08-31T11:42:12+01:00","dateModified":"2026-08-31T11:42:15+01:00","inLanguage":"fr-FR","mainEntityOfPage":{"@id":"https:\/\/lasentinelle.dz\/index.php\/2026\/08\/31\/en-prevision-du-prochain-scrutin-local-lanie-a-la-manoeuvre\/#webpage"},"isPartOf":{"@id":"https:\/\/lasentinelle.dz\/index.php\/2026\/08\/31\/en-prevision-du-prochain-scrutin-local-lanie-a-la-manoeuvre\/#webpage"},"articleSection":"Actualit\u00e9, Politique"},{"@type":"BreadcrumbList","@id":"https:\/\/lasentinelle.dz\/index.php\/2026\/08\/31\/en-prevision-du-prochain-scrutin-local-lanie-a-la-manoeuvre\/#breadcrumblist","itemListElement":[{"@type":"ListItem","@id":"https:\/\/lasentinelle.dz#listItem","position":1,"name":"Home","item":"https:\/\/lasentinelle.dz","nextItem":{"@type":"ListItem","@id":"https:\/\/lasentinelle.dz\/index.php\/category\/actualite\/#listItem","name":"Actualit\u00e9"}},{"@type":"ListItem","@id":"https:\/\/lasentinelle.dz\/index.php\/category\/actualite\/#listItem","position":2,"name":"Actualit\u00e9","item":"https:\/\/lasentinelle.dz\/index.php\/category\/actualite\/","nextItem":{"@type":"ListItem","@id":"https:\/\/lasentinelle.dz\/index.php\/2026\/08\/31\/en-prevision-du-prochain-scrutin-local-lanie-a-la-manoeuvre\/#listItem","name":"En pr\u00e9vision du prochain scrutin local\u00a0: L\u2019ANIE \u00e0 la man\u0153uvre"},"previousItem":{"@type":"ListItem","@id":"https:\/\/lasentinelle.dz#listItem","name":"Home"}},{"@type":"ListItem","@id":"https:\/\/lasentinelle.dz\/index.php\/2026\/08\/31\/en-prevision-du-prochain-scrutin-local-lanie-a-la-manoeuvre\/#listItem","position":3,"name":"En pr\u00e9vision du prochain scrutin local\u00a0: L\u2019ANIE \u00e0 la man\u0153uvre","previousItem":{"@type":"ListItem","@id":"https:\/\/lasentinelle.dz\/index.php\/category\/actualite\/#listItem","name":"Actualit\u00e9"}}]},{"@type":"Organization","@id":"https:\/\/lasentinelle.dz\/#organization","name":"La Sentinelle La Sentinelle","description":"Quotidien national d'information","url":"https:\/\/lasentinelle.dz\/","logo":{"@type":"ImageObject","url":"https:\/\/lasentinelle.dz\/wp-content\/uploads\/2021\/09\/cropped-la-sentinelle-earth-golden-anima-5.gif","@id":"https:\/\/lasentinelle.dz\/index.php\/2026\/08\/31\/en-prevision-du-prochain-scrutin-local-lanie-a-la-manoeuvre\/#organizationLogo","width":450,"height":213},"image":{"@id":"https:\/\/lasentinelle.dz\/index.php\/2026\/08\/31\/en-prevision-du-prochain-scrutin-local-lanie-a-la-manoeuvre\/#organizationLogo"},"sameAs":["https:\/\/www.facebook.com\/azzedine.lasentinelle.1"]},{"@type":"Person","@id":"https:\/\/lasentinelle.dz\/author\/admin\/#author","url":"https:\/\/lasentinelle.dz\/author\/admin\/","name":"admin","image":{"@type":"ImageObject","@id":"https:\/\/lasentinelle.dz\/index.php\/2026\/08\/31\/en-prevision-du-prochain-scrutin-local-lanie-a-la-manoeuvre\/#authorImage","url":"https:\/\/secure.gravatar.com\/avatar\/4c81fed838786e9b53f540bf46533e750f5d292099ae3b66cfc6fb1982e29df7?s=96&d=mm&r=g","width":96,"height":96,"caption":"admin"}},{"@type":"WebPage","@id":"https:\/\/lasentinelle.dz\/index.php\/2026\/08\/31\/en-prevision-du-prochain-scrutin-local-lanie-a-la-manoeuvre\/#webpage","url":"https:\/\/lasentinelle.dz\/index.php\/2026\/08\/31\/en-prevision-du-prochain-scrutin-local-lanie-a-la-manoeuvre\/","name":"En pr\u00e9vision du prochain scrutin local : L\u2019ANIE \u00e0 la man\u0153uvre - La Sentinelle","description":"Le pr\u00e9sident de l'Autorit\u00e9 nationale ind\u00e9pendante des \u00e9lections, Saad Arous, a pr\u00e9sid\u00e9 samedi une r\u00e9union de travail consacr\u00e9e \u00e0 l'examen des dispositions organisationnelles et pr\u00e9paratoires aux prochaines \u00e9lections locales, selon un communiqu\u00e9 de l'instance \u00e9lectorale. Cette s\u00e9ance s'inscrit dans une mobilisation qui gagne d\u00e9j\u00e0 les partis politiques, engag\u00e9s dans la confection de leurs listes en","inLanguage":"fr-FR","isPartOf":{"@id":"https:\/\/lasentinelle.dz\/#website"},"breadcrumb":{"@id":"https:\/\/lasentinelle.dz\/index.php\/2026\/08\/31\/en-prevision-du-prochain-scrutin-local-lanie-a-la-manoeuvre\/#breadcrumblist"},"author":{"@id":"https:\/\/lasentinelle.dz\/author\/admin\/#author"},"creator":{"@id":"https:\/\/lasentinelle.dz\/author\/admin\/#author"},"image":{"@type":"ImageObject","url":"https:\/\/lasentinelle.dz\/wp-content\/uploads\/2026\/05\/ANIE.jpg","@id":"https:\/\/lasentinelle.dz\/index.php\/2026\/08\/31\/en-prevision-du-prochain-scrutin-local-lanie-a-la-manoeuvre\/#mainImage","width":780,"height":470},"primaryImageOfPage":{"@id":"https:\/\/lasentinelle.dz\/index.php\/2026\/08\/31\/en-prevision-du-prochain-scrutin-local-lanie-a-la-manoeuvre\/#mainImage"},"datePublished":"2026-08-31T11:42:12+01:00","dateModified":"2026-08-31T11:42:15+01:00"},{"@type":"WebSite","@id":"https:\/\/lasentinelle.dz\/#website","url":"https:\/\/lasentinelle.dz\/","name":"La Sentinelle","description":"Quotidien national d'information","inLanguage":"fr-FR","publisher":{"@id":"https:\/\/lasentinelle.dz\/#organization"}}]},"og:locale":"fr_FR","og:site_name":"La Sentinelle - Quotidien national d'information","og:type":"article","og:title":"En pr\u00e9vision du prochain scrutin local : L\u2019ANIE \u00e0 la man\u0153uvre - La Sentinelle","og:description":"Le pr\u00e9sident de l'Autorit\u00e9 nationale ind\u00e9pendante des \u00e9lections, Saad Arous, a pr\u00e9sid\u00e9 samedi une r\u00e9union de travail consacr\u00e9e \u00e0 l'examen des dispositions organisationnelles et pr\u00e9paratoires aux prochaines \u00e9lections locales, selon un communiqu\u00e9 de l'instance \u00e9lectorale. Cette s\u00e9ance s'inscrit dans une mobilisation qui gagne d\u00e9j\u00e0 les partis politiques, engag\u00e9s dans la confection de leurs listes en","og:url":"https:\/\/lasentinelle.dz\/index.php\/2026\/08\/31\/en-prevision-du-prochain-scrutin-local-lanie-a-la-manoeuvre\/","og:image":"https:\/\/lasentinelle.dz\/wp-content\/uploads\/2021\/09\/cropped-la-sentinelle-earth-golden-anima-5.gif","og:image:secure_url":"https:\/\/lasentinelle.dz\/wp-content\/uploads\/2021\/09\/cropped-la-sentinelle-earth-golden-anima-5.gif","og:image:width":450,"og:image:height":213,"article:published_time":"2026-08-31T10:42:12+00:00","article:modified_time":"2026-08-31T10:42:15+00:00","article:publisher":"https:\/\/www.facebook.com\/azzedine.lasentinelle.1","twitter:card":"summary_large_image","twitter:title":"En pr\u00e9vision du prochain scrutin local : L\u2019ANIE \u00e0 la man\u0153uvre - La Sentinelle","twitter:description":"Le pr\u00e9sident de l'Autorit\u00e9 nationale ind\u00e9pendante des \u00e9lections, Saad Arous, a pr\u00e9sid\u00e9 samedi une r\u00e9union de travail consacr\u00e9e \u00e0 l'examen des dispositions organisationnelles et pr\u00e9paratoires aux prochaines \u00e9lections locales, selon un communiqu\u00e9 de l'instance \u00e9lectorale. Cette s\u00e9ance s'inscrit dans une mobilisation qui gagne d\u00e9j\u00e0 les partis politiques, engag\u00e9s dans la confection de leurs listes en","twitter:image":"https:\/\/lasentinelle.dz\/wp-content\/uploads\/2021\/09\/cropped-la-sentinelle-earth-golden-anima-5.gif"},"aioseo_meta_data":{"post_id":"94650","title":null,"description":null,"keywords":null,"keyphrases":{"focus":{"keyphrase":"","score":0,"analysis":{"keyphraseInTitle":{"score":0,"maxScore":9,"error":1}}},"additional":[]},"primary_term":null,"canonical_url":null,"og_title":null,"og_description":null,"og_object_type":"default","og_image_type":"default","og_image_url":null,"og_image_width":null,"og_image_height":null,"og_image_custom_url":null,"og_image_custom_fields":null,"og_video":"","og_custom_url":null,"og_article_section":null,"og_article_tags":null,"twitter_use_og":false,"twitter_card":"default","twitter_image_type":"default","twitter_image_url":null,"twitter_image_custom_url":null,"twitter_image_custom_fields":null,"twitter_title":null,"twitter_description":null,"schema":{"blockGraphs":[],"customGraphs":[],"default":{"data":{"Article":[],"Course":[],"Dataset":[],"FAQPage":[],"Movie":[],"Person":[],"Product":[],"ProductReview":[],"Car":[],"Recipe":[],"Service":[],"SoftwareApplication":[],"WebPage":[]},"graphName":"BlogPosting","isEnabled":true},"graphs":[]},"schema_type":"default","schema_type_options":null,"pillar_content":false,"robots_default":true,"robots_noindex":false,"robots_noarchive":false,"robots_nosnippet":false,"robots_nofollow":false,"robots_noimageindex":false,"robots_noodp":false,"robots_notranslate":false,"robots_max_snippet":"-1","robots_max_videopreview":"-1","robots_max_imagepreview":"large","priority":null,"frequency":"default","local_seo":null,"breadcrumb_settings":null,"limit_modified_date":false,"ai":{"faqs":[],"keyPoints":[],"schemas":[],"titles":[],"descriptions":[],"socialPosts":{"email":{"subject":"","preview":"","content":""},"linkedin":[],"twitter":[],"facebook":[],"instagram":[]}},"created":"2026-08-31 10:42:15","updated":"2026-08-31 11:22:00","focus_keyword":null,"additional_keywords":null,"truseo_locale":null,"seo_analyzer_scan_date":null},"aioseo_breadcrumb":"<div class=\"aioseo-breadcrumbs\"><span class=\"aioseo-breadcrumb\">\n\t\t\t<a href=\"https:\/\/lasentinelle.dz\" title=\"Home\">Home<\/a>\n\t\t<\/span><span class=\"aioseo-breadcrumb-separator\">&raquo;<\/span><span class=\"aioseo-breadcrumb\">\n\t\t\t<a href=\"https:\/\/lasentinelle.dz\/index.php\/category\/actualite\/\" title=\"Actualit\u00e9\">Actualit\u00e9<\/a>\n\t\t<\/span><span class=\"aioseo-breadcrumb-separator\">&raquo;<\/span><span class=\"aioseo-breadcrumb\">\n\t\t\tEn pr\u00e9vision du prochain scrutin local : L\u2019ANIE \u00e0 la man\u0153uvre\n\t\t<\/span><\/div>","aioseo_breadcrumb_json":[{"label":"Home","link":"https:\/\/lasentinelle.dz"},{"label":"Actualit\u00e9","link":"https:\/\/lasentinelle.dz\/index.php\/category\/actualite\/"},{"label":"En pr\u00e9vision du prochain scrutin local\u00a0: L\u2019ANIE \u00e0 la man\u0153uvre","link":"https:\/\/lasentinelle.dz\/index.php\/2026\/08\/31\/en-prevision-du-prochain-scrutin-local-lanie-a-la-manoeuvre\/"}],"yoast_head":"<!-- This site is optimized with the Yoast SEO plugin v28.3 - https:\/\/yoast.com\/product\/yoast-seo-wordpress\/ -->\n<title>En pr\u00e9vision du prochain scrutin local\u00a0: L\u2019ANIE \u00e0 la man\u0153uvre - La Sentinelle<\/title>\n<meta name=\"robots\" content=\"index, follow, max-snippet:-1, max-image-preview:large, max-video-preview:-1\" \/>\n<link rel=\"canonical\" href=\"https:\/\/lasentinelle.dz\/index.php\/2026\/08\/31\/en-prevision-du-prochain-scrutin-local-lanie-a-la-manoeuvre\/\" \/>\n<meta property=\"og:locale\" content=\"fr_FR\" \/>\n<meta property=\"og:type\" content=\"article\" \/>\n<meta property=\"og:title\" content=\"En pr\u00e9vision du prochain scrutin local\u00a0: L\u2019ANIE \u00e0 la man\u0153uvre - La Sentinelle\" \/>\n<meta property=\"og:description\" content=\"Le pr\u00e9sident de l&rsquo;Autorit\u00e9 nationale ind\u00e9pendante des \u00e9lections, Saad Arous, a pr\u00e9sid\u00e9 samedi une r\u00e9union de travail consacr\u00e9e \u00e0 l&rsquo;examen\" \/>\n<meta property=\"og:url\" content=\"https:\/\/lasentinelle.dz\/index.php\/2026\/08\/31\/en-prevision-du-prochain-scrutin-local-lanie-a-la-manoeuvre\/\" \/>\n<meta property=\"og:site_name\" content=\"La Sentinelle\" \/>\n<meta property=\"article:publisher\" content=\"https:\/\/www.facebook.com\/La-Sentinelle-104059864394773\" \/>\n<meta property=\"article:published_time\" content=\"2026-08-31T10:42:12+00:00\" \/>\n<meta property=\"article:modified_time\" content=\"2026-08-31T10:42:15+00:00\" \/>\n<meta property=\"og:image\" content=\"https:\/\/lasentinelle.dz\/wp-content\/uploads\/2026\/05\/ANIE.jpg\" \/>\n\t<meta property=\"og:image:width\" content=\"780\" \/>\n\t<meta property=\"og:image:height\" content=\"470\" \/>\n\t<meta property=\"og:image:type\" content=\"image\/jpeg\" \/>\n<meta name=\"author\" content=\"admin\" \/>\n<meta name=\"twitter:card\" content=\"summary_large_image\" \/>\n<meta name=\"twitter:label1\" content=\"\u00c9crit par\" \/>\n\t<meta name=\"twitter:data1\" content=\"admin\" \/>\n\t<meta name=\"twitter:label2\" content=\"Dur\u00e9e de lecture estim\u00e9e\" \/>\n\t<meta name=\"twitter:data2\" content=\"4 minutes\" \/>\n<script type=\"application\/ld+json\" class=\"yoast-schema-graph\">{\"@context\":\"https:\\\/\\\/schema.org\",\"@graph\":[{\"@type\":\"Article\",\"@id\":\"https:\\\/\\\/lasentinelle.dz\\\/index.php\\\/2026\\\/08\\\/31\\\/en-prevision-du-prochain-scrutin-local-lanie-a-la-manoeuvre\\\/#article\",\"isPartOf\":{\"@id\":\"https:\\\/\\\/lasentinelle.dz\\\/index.php\\\/2026\\\/08\\\/31\\\/en-prevision-du-prochain-scrutin-local-lanie-a-la-manoeuvre\\\/\"},\"author\":{\"name\":\"admin\",\"@id\":\"https:\\\/\\\/lasentinelle.dz\\\/#\\\/schema\\\/person\\\/729ee0024f24e0b8c5ec17232f8e8b41\"},\"headline\":\"En pr\u00e9vision du prochain scrutin local\u00a0: L\u2019ANIE \u00e0 la man\u0153uvre\",\"datePublished\":\"2026-08-31T10:42:12+00:00\",\"dateModified\":\"2026-08-31T10:42:15+00:00\",\"mainEntityOfPage\":{\"@id\":\"https:\\\/\\\/lasentinelle.dz\\\/index.php\\\/2026\\\/08\\\/31\\\/en-prevision-du-prochain-scrutin-local-lanie-a-la-manoeuvre\\\/\"},\"wordCount\":838,\"commentCount\":0,\"publisher\":{\"@id\":\"https:\\\/\\\/lasentinelle.dz\\\/#organization\"},\"image\":{\"@id\":\"https:\\\/\\\/lasentinelle.dz\\\/index.php\\\/2026\\\/08\\\/31\\\/en-prevision-du-prochain-scrutin-local-lanie-a-la-manoeuvre\\\/#primaryimage\"},\"thumbnailUrl\":\"https:\\\/\\\/lasentinelle.dz\\\/wp-content\\\/uploads\\\/2026\\\/05\\\/ANIE.jpg\",\"articleSection\":[\"Actualit\u00e9\",\"Politique\"],\"inLanguage\":\"fr-FR\",\"potentialAction\":[{\"@type\":\"CommentAction\",\"name\":\"Comment\",\"target\":[\"https:\\\/\\\/lasentinelle.dz\\\/index.php\\\/2026\\\/08\\\/31\\\/en-prevision-du-prochain-scrutin-local-lanie-a-la-manoeuvre\\\/#respond\"]}]},{\"@type\":\"WebPage\",\"@id\":\"https:\\\/\\\/lasentinelle.dz\\\/index.php\\\/2026\\\/08\\\/31\\\/en-prevision-du-prochain-scrutin-local-lanie-a-la-manoeuvre\\\/\",\"url\":\"https:\\\/\\\/lasentinelle.dz\\\/index.php\\\/2026\\\/08\\\/31\\\/en-prevision-du-prochain-scrutin-local-lanie-a-la-manoeuvre\\\/\",\"name\":\"En pr\u00e9vision du prochain scrutin local\u00a0: L\u2019ANIE \u00e0 la man\u0153uvre - La Sentinelle\",\"isPartOf\":{\"@id\":\"https:\\\/\\\/lasentinelle.dz\\\/#website\"},\"primaryImageOfPage\":{\"@id\":\"https:\\\/\\\/lasentinelle.dz\\\/index.php\\\/2026\\\/08\\\/31\\\/en-prevision-du-prochain-scrutin-local-lanie-a-la-manoeuvre\\\/#primaryimage\"},\"image\":{\"@id\":\"https:\\\/\\\/lasentinelle.dz\\\/index.php\\\/2026\\\/08\\\/31\\\/en-prevision-du-prochain-scrutin-local-lanie-a-la-manoeuvre\\\/#primaryimage\"},\"thumbnailUrl\":\"https:\\\/\\\/lasentinelle.dz\\\/wp-content\\\/uploads\\\/2026\\\/05\\\/ANIE.jpg\",\"datePublished\":\"2026-08-31T10:42:12+00:00\",\"dateModified\":\"2026-08-31T10:42:15+00:00\",\"breadcrumb\":{\"@id\":\"https:\\\/\\\/lasentinelle.dz\\\/index.php\\\/2026\\\/08\\\/31\\\/en-prevision-du-prochain-scrutin-local-lanie-a-la-manoeuvre\\\/#breadcrumb\"},\"inLanguage\":\"fr-FR\",\"potentialAction\":[{\"@type\":\"ReadAction\",\"target\":[\"https:\\\/\\\/lasentinelle.dz\\\/index.php\\\/2026\\\/08\\\/31\\\/en-prevision-du-prochain-scrutin-local-lanie-a-la-manoeuvre\\\/\"]}]},{\"@type\":\"ImageObject\",\"inLanguage\":\"fr-FR\",\"@id\":\"https:\\\/\\\/lasentinelle.dz\\\/index.php\\\/2026\\\/08\\\/31\\\/en-prevision-du-prochain-scrutin-local-lanie-a-la-manoeuvre\\\/#primaryimage\",\"url\":\"https:\\\/\\\/lasentinelle.dz\\\/wp-content\\\/uploads\\\/2026\\\/05\\\/ANIE.jpg\",\"contentUrl\":\"https:\\\/\\\/lasentinelle.dz\\\/wp-content\\\/uploads\\\/2026\\\/05\\\/ANIE.jpg\",\"width\":780,\"height\":470},{\"@type\":\"BreadcrumbList\",\"@id\":\"https:\\\/\\\/lasentinelle.dz\\\/index.php\\\/2026\\\/08\\\/31\\\/en-prevision-du-prochain-scrutin-local-lanie-a-la-manoeuvre\\\/#breadcrumb\",\"itemListElement\":[{\"@type\":\"ListItem\",\"position\":1,\"name\":\"Accueil\",\"item\":\"https:\\\/\\\/lasentinelle.dz\\\/\"},{\"@type\":\"ListItem\",\"position\":2,\"name\":\"En pr\u00e9vision du prochain scrutin local\u00a0: L\u2019ANIE \u00e0 la man\u0153uvre\"}]},{\"@type\":\"WebSite\",\"@id\":\"https:\\\/\\\/lasentinelle.dz\\\/#website\",\"url\":\"https:\\\/\\\/lasentinelle.dz\\\/\",\"name\":\"La Sentinelle\",\"description\":\"Quotidien national d&#039;information\",\"publisher\":{\"@id\":\"https:\\\/\\\/lasentinelle.dz\\\/#organization\"},\"potentialAction\":[{\"@type\":\"SearchAction\",\"target\":{\"@type\":\"EntryPoint\",\"urlTemplate\":\"https:\\\/\\\/lasentinelle.dz\\\/?s={search_term_string}\"},\"query-input\":{\"@type\":\"PropertyValueSpecification\",\"valueRequired\":true,\"valueName\":\"search_term_string\"}}],\"inLanguage\":\"fr-FR\"},{\"@type\":\"Organization\",\"@id\":\"https:\\\/\\\/lasentinelle.dz\\\/#organization\",\"name\":\"Quotidien La Sentinelle\",\"url\":\"https:\\\/\\\/lasentinelle.dz\\\/\",\"logo\":{\"@type\":\"ImageObject\",\"inLanguage\":\"fr-FR\",\"@id\":\"https:\\\/\\\/lasentinelle.dz\\\/#\\\/schema\\\/logo\\\/image\\\/\",\"url\":\"https:\\\/\\\/lasentinelle.dz\\\/wp-content\\\/uploads\\\/2021\\\/09\\\/logo-sentinelleSLOGAN-1.png\",\"contentUrl\":\"https:\\\/\\\/lasentinelle.dz\\\/wp-content\\\/uploads\\\/2021\\\/09\\\/logo-sentinelleSLOGAN-1.png\",\"width\":615,\"height\":142,\"caption\":\"Quotidien La Sentinelle\"},\"image\":{\"@id\":\"https:\\\/\\\/lasentinelle.dz\\\/#\\\/schema\\\/logo\\\/image\\\/\"},\"sameAs\":[\"https:\\\/\\\/www.facebook.com\\\/La-Sentinelle-104059864394773\"]},{\"@type\":\"Person\",\"@id\":\"https:\\\/\\\/lasentinelle.dz\\\/#\\\/schema\\\/person\\\/729ee0024f24e0b8c5ec17232f8e8b41\",\"name\":\"admin\",\"image\":{\"@type\":\"ImageObject\",\"inLanguage\":\"fr-FR\",\"@id\":\"https:\\\/\\\/secure.gravatar.com\\\/avatar\\\/4c81fed838786e9b53f540bf46533e750f5d292099ae3b66cfc6fb1982e29df7?s=96&d=mm&r=g\",\"url\":\"https:\\\/\\\/secure.gravatar.com\\\/avatar\\\/4c81fed838786e9b53f540bf46533e750f5d292099ae3b66cfc6fb1982e29df7?s=96&d=mm&r=g\",\"contentUrl\":\"https:\\\/\\\/secure.gravatar.com\\\/avatar\\\/4c81fed838786e9b53f540bf46533e750f5d292099ae3b66cfc6fb1982e29df7?s=96&d=mm&r=g\",\"caption\":\"admin\"},\"description\":\"admin\",\"url\":\"https:\\\/\\\/lasentinelle.dz\\\/author\\\/admin\\\/\"}]}<\/script>\n<!-- \/ Yoast SEO plugin. -->","yoast_head_json":{"title":"En pr\u00e9vision du prochain scrutin local\u00a0: L\u2019ANIE \u00e0 la man\u0153uvre - La Sentinelle","robots":{"index":"index","follow":"follow","max-snippet":"max-snippet:-1","max-image-preview":"max-image-preview:large","max-video-preview":"max-video-preview:-1"},"canonical":"https:\/\/lasentinelle.dz\/index.php\/2026\/08\/31\/en-prevision-du-prochain-scrutin-local-lanie-a-la-manoeuvre\/","og_locale":"fr_FR","og_type":"article","og_title":"En pr\u00e9vision du prochain scrutin local\u00a0: L\u2019ANIE \u00e0 la man\u0153uvre - La Sentinelle","og_description":"Le pr\u00e9sident de l&rsquo;Autorit\u00e9 nationale ind\u00e9pendante des \u00e9lections, Saad Arous, a pr\u00e9sid\u00e9 samedi une r\u00e9union de travail consacr\u00e9e \u00e0 l&rsquo;examen","og_url":"https:\/\/lasentinelle.dz\/index.php\/2026\/08\/31\/en-prevision-du-prochain-scrutin-local-lanie-a-la-manoeuvre\/","og_site_name":"La Sentinelle","article_publisher":"https:\/\/www.facebook.com\/La-Sentinelle-104059864394773","article_published_time":"2026-08-31T10:42:12+00:00","article_modified_time":"2026-08-31T10:42:15+00:00","og_image":[{"width":780,"height":470,"url":"https:\/\/lasentinelle.dz\/wp-content\/uploads\/2026\/05\/ANIE.jpg","type":"image\/jpeg"}],"author":"admin","twitter_card":"summary_large_image","twitter_misc":{"\u00c9crit par":"admin","Dur\u00e9e de lecture estim\u00e9e":"4 minutes"},"schema":{"@context":"https:\/\/schema.org","@graph":[{"@type":"Article","@id":"https:\/\/lasentinelle.dz\/index.php\/2026\/08\/31\/en-prevision-du-prochain-scrutin-local-lanie-a-la-manoeuvre\/#article","isPartOf":{"@id":"https:\/\/lasentinelle.dz\/index.php\/2026\/08\/31\/en-prevision-du-prochain-scrutin-local-lanie-a-la-manoeuvre\/"},"author":{"name":"admin","@id":"https:\/\/lasentinelle.dz\/#\/schema\/person\/729ee0024f24e0b8c5ec17232f8e8b41"},"headline":"En pr\u00e9vision du prochain scrutin local\u00a0: L\u2019ANIE \u00e0 la man\u0153uvre","datePublished":"2026-08-31T10:42:12+00:00","dateModified":"2026-08-31T10:42:15+00:00","mainEntityOfPage":{"@id":"https:\/\/lasentinelle.dz\/index.php\/2026\/08\/31\/en-prevision-du-prochain-scrutin-local-lanie-a-la-manoeuvre\/"},"wordCount":838,"commentCount":0,"publisher":{"@id":"https:\/\/lasentinelle.dz\/#organization"},"image":{"@id":"https:\/\/lasentinelle.dz\/index.php\/2026\/08\/31\/en-prevision-du-prochain-scrutin-local-lanie-a-la-manoeuvre\/#primaryimage"},"thumbnailUrl":"https:\/\/lasentinelle.dz\/wp-content\/uploads\/2026\/05\/ANIE.jpg","articleSection":["Actualit\u00e9","Politique"],"inLanguage":"fr-FR","potentialAction":[{"@type":"CommentAction","name":"Comment","target":["https:\/\/lasentinelle.dz\/index.php\/2026\/08\/31\/en-prevision-du-prochain-scrutin-local-lanie-a-la-manoeuvre\/#respond"]}]},{"@type":"WebPage","@id":"https:\/\/lasentinelle.dz\/index.php\/2026\/08\/31\/en-prevision-du-prochain-scrutin-local-lanie-a-la-manoeuvre\/","url":"https:\/\/lasentinelle.dz\/index.php\/2026\/08\/31\/en-prevision-du-prochain-scrutin-local-lanie-a-la-manoeuvre\/","name":"En pr\u00e9vision du prochain scrutin local\u00a0: L\u2019ANIE \u00e0 la man\u0153uvre - La Sentinelle","isPartOf":{"@id":"https:\/\/lasentinelle.dz\/#website"},"primaryImageOfPage":{"@id":"https:\/\/lasentinelle.dz\/index.php\/2026\/08\/31\/en-prevision-du-prochain-scrutin-local-lanie-a-la-manoeuvre\/#primaryimage"},"image":{"@id":"https:\/\/lasentinelle.dz\/index.php\/2026\/08\/31\/en-prevision-du-prochain-scrutin-local-lanie-a-la-manoeuvre\/#primaryimage"},"thumbnailUrl":"https:\/\/lasentinelle.dz\/wp-content\/uploads\/2026\/05\/ANIE.jpg","datePublished":"2026-08-31T10:42:12+00:00","dateModified":"2026-08-31T10:42:15+00:00","breadcrumb":{"@id":"https:\/\/lasentinelle.dz\/index.php\/2026\/08\/31\/en-prevision-du-prochain-scrutin-local-lanie-a-la-manoeuvre\/#breadcrumb"},"inLanguage":"fr-FR","potentialAction":[{"@type":"ReadAction","target":["https:\/\/lasentinelle.dz\/index.php\/2026\/08\/31\/en-prevision-du-prochain-scrutin-local-lanie-a-la-manoeuvre\/"]}]},{"@type":"ImageObject","inLanguage":"fr-FR","@id":"https:\/\/lasentinelle.dz\/index.php\/2026\/08\/31\/en-prevision-du-prochain-scrutin-local-lanie-a-la-manoeuvre\/#primaryimage","url":"https:\/\/lasentinelle.dz\/wp-content\/uploads\/2026\/05\/ANIE.jpg","contentUrl":"https:\/\/lasentinelle.dz\/wp-content\/uploads\/2026\/05\/ANIE.jpg","width":780,"height":470},{"@type":"BreadcrumbList","@id":"https:\/\/lasentinelle.dz\/index.php\/2026\/08\/31\/en-prevision-du-prochain-scrutin-local-lanie-a-la-manoeuvre\/#breadcrumb","itemListElement":[{"@type":"ListItem","position":1,"name":"Accueil","item":"https:\/\/lasentinelle.dz\/"},{"@type":"ListItem","position":2,"name":"En pr\u00e9vision du prochain scrutin local\u00a0: L\u2019ANIE \u00e0 la man\u0153uvre"}]},{"@type":"WebSite","@id":"https:\/\/lasentinelle.dz\/#website","url":"https:\/\/lasentinelle.dz\/","name":"La Sentinelle","description":"Quotidien national d&#039;information","publisher":{"@id":"https:\/\/lasentinelle.dz\/#organization"},"potentialAction":[{"@type":"SearchAction","target":{"@type":"EntryPoint","urlTemplate":"https:\/\/lasentinelle.dz\/?s={search_term_string}"},"query-input":{"@type":"PropertyValueSpecification","valueRequired":true,"valueName":"search_term_string"}}],"inLanguage":"fr-FR"},{"@type":"Organization","@id":"https:\/\/lasentinelle.dz\/#organization","name":"Quotidien La Sentinelle","url":"https:\/\/lasentinelle.dz\/","logo":{"@type":"ImageObject","inLanguage":"fr-FR","@id":"https:\/\/lasentinelle.dz\/#\/schema\/logo\/image\/","url":"https:\/\/lasentinelle.dz\/wp-content\/uploads\/2021\/09\/logo-sentinelleSLOGAN-1.png","contentUrl":"https:\/\/lasentinelle.dz\/wp-content\/uploads\/2021\/09\/logo-sentinelleSLOGAN-1.png","width":615,"height":142,"caption":"Quotidien La Sentinelle"},"image":{"@id":"https:\/\/lasentinelle.dz\/#\/schema\/logo\/image\/"},"sameAs":["https:\/\/www.facebook.com\/La-Sentinelle-104059864394773"]},{"@type":"Person","@id":"https:\/\/lasentinelle.dz\/#\/schema\/person\/729ee0024f24e0b8c5ec17232f8e8b41","name":"admin","image":{"@type":"ImageObject","inLanguage":"fr-FR","@id":"https:\/\/secure.gravatar.com\/avatar\/4c81fed838786e9b53f540bf46533e750f5d292099ae3b66cfc6fb1982e29df7?s=96&d=mm&r=g","url":"https:\/\/secure.gravatar.com\/avatar\/4c81fed838786e9b53f540bf46533e750f5d292099ae3b66cfc6fb1982e29df7?s=96&d=mm&r=g","contentUrl":"https:\/\/secure.gravatar.com\/avatar\/4c81fed838786e9b53f540bf46533e750f5d292099ae3b66cfc6fb1982e29df7?s=96&d=mm&r=g","caption":"admin"},"description":"admin","url":"https:\/\/lasentinelle.dz\/author\/admin\/"}]}},"_links":{"self":[{"href":"https:\/\/lasentinelle.dz\/index.php\/wp-json\/wp\/v2\/posts\/94650","targetHints":{"allow":["GET"]}}],"collection":[{"href":"https:\/\/lasentinelle.dz\/index.php\/wp-json\/wp\/v2\/posts"}],"about":[{"href":"https:\/\/lasentinelle.dz\/index.php\/wp-json\/wp\/v2\/types\/post"}],"author":[{"embeddable":true,"href":"https:\/\/lasentinelle.dz\/index.php\/wp-json\/wp\/v2\/users\/6"}],"replies":[{"embeddable":true,"href":"https:\/\/lasentinelle.dz\/index.php\/wp-json\/wp\/v2\/comments?post=94650"}],"version-history":[{"count":1,"href":"https:\/\/lasentinelle.dz\/index.php\/wp-json\/wp\/v2\/posts\/94650\/revisions"}],"predecessor-version":[{"id":94651,"href":"https:\/\/lasentinelle.dz\/index.php\/wp-json\/wp\/v2\/posts\/94650\/revisions\/94651"}],"wp:featuredmedia":[{"embeddable":true,"href":"https:\/\/lasentinelle.dz\/index.php\/wp-json\/wp\/v2\/media\/88540"}],"wp:attachment":[{"href":"https:\/\/lasentinelle.dz\/index.php\/wp-json\/wp\/v2\/media?parent=94650"}],"wp:term":[{"taxonomy":"category","embeddable":true,"href":"https:\/\/lasentinelle.dz\/index.php\/wp-json\/wp\/v2\/categories?post=94650"},{"taxonomy":"post_tag","embeddable":true,"href":"https:\/\/lasentinelle.dz\/index.php\/wp-json\/wp\/v2\/tags?post=94650"}],"curies":[{"name":"wp","href":"https:\/\/api.w.org\/{rel}","templated":true}]}}