{"id":94652,"date":"2026-08-31T11:43:11","date_gmt":"2026-08-31T10:43:11","guid":{"rendered":"https:\/\/lasentinelle.dz\/?p=94652"},"modified":"2026-08-31T11:46:03","modified_gmt":"2026-08-31T10:46:03","slug":"le-president-de-la-republique-convoque-le-corps-electoral-les-elections-locales-fixees-au-28-novembre","status":"publish","type":"post","link":"https:\/\/lasentinelle.dz\/index.php\/2026\/08\/31\/le-president-de-la-republique-convoque-le-corps-electoral-les-elections-locales-fixees-au-28-novembre\/","title":{"rendered":"Le Pr\u00e9sident de la R\u00e9publique convoque le corps \u00e9lectoral\u00a0: Les \u00e9lections locales fix\u00e9es au 28 novembre"},"content":{"rendered":"\n<p class=\"wp-block-paragraph\"><strong>Le pr\u00e9sident de la R\u00e9publique Abdelmadjid Tebboune a sign\u00e9 le d\u00e9cret pr\u00e9sidentiel convoquant le corps \u00e9lectoral pour l&rsquo;\u00e9lection des membres des Assembl\u00e9es populaires communales et de wilayas. Le scrutin se tiendra le samedi 28 novembre prochain, dans un contexte marqu\u00e9 par l&rsquo;entr\u00e9e en vigueur du nouveau d\u00e9coupage administratif du pays.<\/strong><\/p>\n\n\n\n<p class=\"wp-block-paragraph\">Le processus \u00e9lectoral local est d\u00e9sormais officiellement enclench\u00e9. Le d\u00e9cret pr\u00e9sidentiel n\u00b0 26-284 du 29 ao\u00fbt 2026 a \u00e9t\u00e9 publi\u00e9 dans le num\u00e9ro 62 du Journal officiel, fixant au samedi 28 novembre la date \u00e0 laquelle les Alg\u00e9riens seront appel\u00e9s \u00e0 renouveler leurs Assembl\u00e9es populaires communales et de wilayas. Le texte s&rsquo;appuie sur l&rsquo;article 91 de la Constitution ainsi que sur les articles 62 et 123 de l&rsquo;ordonnance n\u00b0 21-01 du 10 mars 2021 portant loi organique relative au r\u00e9gime \u00e9lectoral.<\/p>\n\n\n\n<p class=\"wp-block-paragraph\">Un communiqu\u00e9 de la Pr\u00e9sidence de la R\u00e9publique est venu confirmer dimanche cette \u00e9ch\u00e9ance, pr\u00e9cisant que le chef de l&rsquo;\u00c9tat a sign\u00e9 ce texte \u00ab conform\u00e9ment aux dispositions des articles 62 et 123 de l&rsquo;ordonnance n\u00b0 21-01 du 10 mars 2021 portant loi organique relative au r\u00e9gime \u00e9lectoral, modifi\u00e9e et compl\u00e9t\u00e9e \u00bb. La m\u00eame source annonce l&rsquo;ouverture prochaine d&rsquo;une \u00e9tape d\u00e9terminante du calendrier \u00e9lectoral, la r\u00e9vision exceptionnelle des listes \u00e9lectorales, pr\u00e9vue \u00ab \u00e0 compter du dimanche 6 septembre 2026 \u00bb et devant se cl\u00f4turer \u00ab le jeudi 17 septembre 2026 \u00bb. Cette op\u00e9ration de r\u00e9vision constitue traditionnellement le point de d\u00e9part concret du processus \u00e9lectoral, avant que ne s&rsquo;encha\u00eenent les autres \u00e9tapes fix\u00e9es par l&rsquo;Autorit\u00e9 nationale ind\u00e9pendante des \u00e9lections, charg\u00e9e par la loi de pr\u00e9parer, organiser, g\u00e9rer, superviser et contr\u00f4ler l&rsquo;ensemble du scrutin, l&rsquo;administration devant de son c\u00f4t\u00e9 mettre \u00e0 sa disposition les moyens mat\u00e9riels n\u00e9cessaires.<\/p>\n\n\n\n<p class=\"wp-block-paragraph\">La particularit\u00e9 de ce rendez-vous \u00e9lectoral tient \u00e0 son inscription dans une nouvelle cartographie administrative du territoire national. La loi portant r\u00e9organisation territoriale a en effet port\u00e9 le pays \u00e0 69 wilayas et 1541 communes, un changement qui entra\u00eene m\u00e9caniquement une red\u00e9finition des circonscriptions \u00e9lectorales et du nombre de si\u00e8ges \u00e0 pourvoir au sein de chaque assembl\u00e9e locale. La loi organique relative au r\u00e9gime \u00e9lectoral pr\u00e9voit d&rsquo;ailleurs que ce nombre de si\u00e8ges varie selon la population de chaque circonscription telle qu&rsquo;\u00e9tablie par le dernier recensement g\u00e9n\u00e9ral de la population et de l&rsquo;habitat, tandis que leur d\u00e9termination pr\u00e9cise rel\u00e8ve d&rsquo;un texte r\u00e9glementaire distinct.<\/p>\n\n\n\n<p class=\"wp-block-paragraph\">Le mode de scrutin reste quant \u00e0 lui inchang\u00e9. Les futurs \u00e9lus si\u00e9geront pour un mandat de cinq ann\u00e9es, selon un syst\u00e8me de liste ouverte \u00e0 la repr\u00e9sentation proportionnelle avec vote pr\u00e9f\u00e9rentiel, sans possibilit\u00e9 de panachage entre listes concurrentes. Les partis et listes ind\u00e9pendantes qui souhaitent se pr\u00e9senter devront respecter un encadrement pr\u00e9cis dans la composition de leurs candidatures. Le nombre de candidats doit d\u00e9passer de sept unit\u00e9s celui des si\u00e8ges \u00e0 pourvoir lorsque la circonscription en compte un nombre impair, et de six unit\u00e9s lorsqu&rsquo;elle en compte un nombre pair. Les listes doivent \u00e9galement comprendre, sous peine de rejet, un tiers de candidates, r\u00e9server au moins la moiti\u00e9 des places \u00e0 des candidats n&rsquo;ayant pas d\u00e9pass\u00e9 quarante ans \u00e0 la date du vote, et int\u00e9grer au moins un tiers de titulaires d&rsquo;un dipl\u00f4me universitaire. Seule l&rsquo;obligation de repr\u00e9sentation f\u00e9minine \u00e9chappe aux communes dont la population reste inf\u00e9rieure \u00e0 20 000 habitants.<\/p>\n\n\n\n<p class=\"wp-block-paragraph\">Le texte \u00e9lectoral pr\u00e9voit par ailleurs un assouplissement pour les wilayas issues du nouveau d\u00e9coupage. Les listes d\u00e9pos\u00e9es sous l&rsquo;\u00e9tiquette d&rsquo;un ou de plusieurs partis dans ces circonscriptions in\u00e9dites seront dispens\u00e9es de l&rsquo;obligation de collecte de signatures, \u00e0 condition de remplir l&rsquo;une des deux conditions li\u00e9es soit aux r\u00e9sultats obtenus par la formation politique concern\u00e9e, soit \u00e0 sa repr\u00e9sentation ant\u00e9rieure au sein de la wilaya dont est issu le nouveau territoire. Ce scrutin local, le premier organis\u00e9 depuis la refonte de la carte administrative du pays, s&rsquo;annonce ainsi comme un test grandeur nature pour la nouvelle architecture territoriale du pays, autant que pour les formations politiques appel\u00e9es \u00e0 composer leurs listes dans des circonscriptions parfois totalement redessin\u00e9es.<\/p>\n\n\n\n<p class=\"wp-block-paragraph\">Hocine Fadheli<\/p>\n","protected":false},"excerpt":{"rendered":"<p>Le pr\u00e9sident de la R\u00e9publique Abdelmadjid Tebboune a sign\u00e9 le d\u00e9cret pr\u00e9sidentiel convoquant le corps \u00e9lectoral pour l&rsquo;\u00e9lection des membres<\/p>\n","protected":false},"author":6,"featured_media":90464,"comment_status":"open","ping_status":"closed","sticky":false,"template":"","format":"standard","meta":{"colormag_page_container_layout":"default_layout","colormag_page_sidebar_layout":"default_layout","om_disable_all_campaigns":false,"_monsterinsights_skip_tracking":false,"footnotes":"","_wpscppro_dont_share_socialmedia":false,"_wpscppro_custom_social_share_image":0,"_facebook_share_type":"default","_twitter_share_type":"default","_linkedin_share_type":"default","_pinterest_share_type":"default","_linkedin_share_type_page":"","_instagram_share_type":"default","_medium_share_type":"default","_threads_share_type":"default","_google_business_share_type":"default","_bluesky_share_type":"default","_mastodon_share_type":"default","_selected_social_profile":[],"_wpsp_enable_custom_social_template":false,"_wpsp_social_scheduling":{"enabled":false,"datetime":null,"platforms":[],"status":"template_only","dateOption":"today","timeOption":"now","customDays":"","customHours":"","customDate":"","customTime":"","schedulingType":"absolute"},"_wpsp_active_default_template":true},"categories":[52,27,28],"tags":[],"class_list":["post-94652","post","type-post","status-publish","format-standard","has-post-thumbnail","hentry","category-a-la-une","category-actualite","category-politique"],"aioseo_notices":[],"aioseo_head":"\n\t\t<!-- All in One SEO 5.0.0.1 - aioseo.com -->\n\t<meta name=\"description\" content=\"Le pr\u00e9sident de la R\u00e9publique Abdelmadjid Tebboune a sign\u00e9 le d\u00e9cret pr\u00e9sidentiel convoquant le corps \u00e9lectoral pour l&#039;\u00e9lection des membres des Assembl\u00e9es populaires communales et de wilayas. Le scrutin se tiendra le samedi 28 novembre prochain, dans un contexte marqu\u00e9 par l&#039;entr\u00e9e en vigueur du nouveau d\u00e9coupage administratif du pays. Le processus \u00e9lectoral local est\" \/>\n\t<meta name=\"robots\" content=\"max-image-preview:large\" \/>\n\t<meta name=\"author\" content=\"admin\"\/>\n\t<link rel=\"canonical\" href=\"https:\/\/lasentinelle.dz\/index.php\/2026\/08\/31\/le-president-de-la-republique-convoque-le-corps-electoral-les-elections-locales-fixees-au-28-novembre\/\" \/>\n\t<meta name=\"generator\" content=\"All in One SEO (AIOSEO) 5.0.0.1\" \/>\n\t\t<meta property=\"og:locale\" content=\"fr_FR\" \/>\n\t\t<meta property=\"og:site_name\" content=\"La Sentinelle - Quotidien national d&#039;information\" \/>\n\t\t<meta property=\"og:type\" content=\"article\" \/>\n\t\t<meta property=\"og:title\" content=\"Le Pr\u00e9sident de la R\u00e9publique convoque le corps \u00e9lectoral : Les \u00e9lections locales fix\u00e9es au 28 novembre - La Sentinelle\" \/>\n\t\t<meta property=\"og:description\" content=\"Le pr\u00e9sident de la R\u00e9publique Abdelmadjid Tebboune a sign\u00e9 le d\u00e9cret pr\u00e9sidentiel convoquant le corps \u00e9lectoral pour l&#039;\u00e9lection des membres des Assembl\u00e9es populaires communales et de wilayas. Le scrutin se tiendra le samedi 28 novembre prochain, dans un contexte marqu\u00e9 par l&#039;entr\u00e9e en vigueur du nouveau d\u00e9coupage administratif du pays. Le processus \u00e9lectoral local est\" \/>\n\t\t<meta property=\"og:url\" content=\"https:\/\/lasentinelle.dz\/index.php\/2026\/08\/31\/le-president-de-la-republique-convoque-le-corps-electoral-les-elections-locales-fixees-au-28-novembre\/\" \/>\n\t\t<meta property=\"og:image\" content=\"https:\/\/lasentinelle.dz\/wp-content\/uploads\/2021\/09\/cropped-la-sentinelle-earth-golden-anima-5.gif\" \/>\n\t\t<meta property=\"og:image:secure_url\" content=\"https:\/\/lasentinelle.dz\/wp-content\/uploads\/2021\/09\/cropped-la-sentinelle-earth-golden-anima-5.gif\" \/>\n\t\t<meta property=\"og:image:width\" content=\"450\" \/>\n\t\t<meta property=\"og:image:height\" content=\"213\" \/>\n\t\t<meta property=\"article:published_time\" content=\"2026-08-31T10:43:11+00:00\" \/>\n\t\t<meta property=\"article:modified_time\" content=\"2026-08-31T10:46:03+00:00\" \/>\n\t\t<meta property=\"article:publisher\" content=\"https:\/\/www.facebook.com\/azzedine.lasentinelle.1\" \/>\n\t\t<meta name=\"twitter:card\" content=\"summary_large_image\" \/>\n\t\t<meta name=\"twitter:title\" content=\"Le Pr\u00e9sident de la R\u00e9publique convoque le corps \u00e9lectoral : Les \u00e9lections locales fix\u00e9es au 28 novembre - La Sentinelle\" \/>\n\t\t<meta name=\"twitter:description\" content=\"Le pr\u00e9sident de la R\u00e9publique Abdelmadjid Tebboune a sign\u00e9 le d\u00e9cret pr\u00e9sidentiel convoquant le corps \u00e9lectoral pour l&#039;\u00e9lection des membres des Assembl\u00e9es populaires communales et de wilayas. Le scrutin se tiendra le samedi 28 novembre prochain, dans un contexte marqu\u00e9 par l&#039;entr\u00e9e en vigueur du nouveau d\u00e9coupage administratif du pays. Le processus \u00e9lectoral local est\" \/>\n\t\t<meta name=\"twitter:image\" content=\"https:\/\/lasentinelle.dz\/wp-content\/uploads\/2021\/09\/cropped-la-sentinelle-earth-golden-anima-5.gif\" \/>\n\t\t<script type=\"application\/ld+json\" class=\"aioseo-schema\">\n\t\t\t{\"@context\":\"https:\\\/\\\/schema.org\",\"@graph\":[{\"@type\":\"BlogPosting\",\"@id\":\"https:\\\/\\\/lasentinelle.dz\\\/index.php\\\/2026\\\/08\\\/31\\\/le-president-de-la-republique-convoque-le-corps-electoral-les-elections-locales-fixees-au-28-novembre\\\/#blogposting\",\"name\":\"Le Pr\\u00e9sident de la R\\u00e9publique convoque le corps \\u00e9lectoral : Les \\u00e9lections locales fix\\u00e9es au 28 novembre - La Sentinelle\",\"headline\":\"Le Pr\\u00e9sident de la R\\u00e9publique convoque le corps \\u00e9lectoral\\u00a0: Les \\u00e9lections locales fix\\u00e9es au 28 novembre\",\"author\":{\"@id\":\"https:\\\/\\\/lasentinelle.dz\\\/author\\\/admin\\\/#author\"},\"publisher\":{\"@id\":\"https:\\\/\\\/lasentinelle.dz\\\/#organization\"},\"image\":{\"@type\":\"ImageObject\",\"url\":\"https:\\\/\\\/lasentinelle.dz\\\/wp-content\\\/uploads\\\/2026\\\/06\\\/vote.jpeg\",\"width\":1024,\"height\":683},\"datePublished\":\"2026-08-31T11:43:11+01:00\",\"dateModified\":\"2026-08-31T11:46:03+01:00\",\"inLanguage\":\"fr-FR\",\"mainEntityOfPage\":{\"@id\":\"https:\\\/\\\/lasentinelle.dz\\\/index.php\\\/2026\\\/08\\\/31\\\/le-president-de-la-republique-convoque-le-corps-electoral-les-elections-locales-fixees-au-28-novembre\\\/#webpage\"},\"isPartOf\":{\"@id\":\"https:\\\/\\\/lasentinelle.dz\\\/index.php\\\/2026\\\/08\\\/31\\\/le-president-de-la-republique-convoque-le-corps-electoral-les-elections-locales-fixees-au-28-novembre\\\/#webpage\"},\"articleSection\":\"\\u00c0 la Une, Actualit\\u00e9, Politique\"},{\"@type\":\"BreadcrumbList\",\"@id\":\"https:\\\/\\\/lasentinelle.dz\\\/index.php\\\/2026\\\/08\\\/31\\\/le-president-de-la-republique-convoque-le-corps-electoral-les-elections-locales-fixees-au-28-novembre\\\/#breadcrumblist\",\"itemListElement\":[{\"@type\":\"ListItem\",\"@id\":\"https:\\\/\\\/lasentinelle.dz#listItem\",\"position\":1,\"name\":\"Home\",\"item\":\"https:\\\/\\\/lasentinelle.dz\",\"nextItem\":{\"@type\":\"ListItem\",\"@id\":\"https:\\\/\\\/lasentinelle.dz\\\/index.php\\\/category\\\/actualite\\\/#listItem\",\"name\":\"Actualit\\u00e9\"}},{\"@type\":\"ListItem\",\"@id\":\"https:\\\/\\\/lasentinelle.dz\\\/index.php\\\/category\\\/actualite\\\/#listItem\",\"position\":2,\"name\":\"Actualit\\u00e9\",\"item\":\"https:\\\/\\\/lasentinelle.dz\\\/index.php\\\/category\\\/actualite\\\/\",\"nextItem\":{\"@type\":\"ListItem\",\"@id\":\"https:\\\/\\\/lasentinelle.dz\\\/index.php\\\/2026\\\/08\\\/31\\\/le-president-de-la-republique-convoque-le-corps-electoral-les-elections-locales-fixees-au-28-novembre\\\/#listItem\",\"name\":\"Le Pr\\u00e9sident de la R\\u00e9publique convoque le corps \\u00e9lectoral\\u00a0: Les \\u00e9lections locales fix\\u00e9es au 28 novembre\"},\"previousItem\":{\"@type\":\"ListItem\",\"@id\":\"https:\\\/\\\/lasentinelle.dz#listItem\",\"name\":\"Home\"}},{\"@type\":\"ListItem\",\"@id\":\"https:\\\/\\\/lasentinelle.dz\\\/index.php\\\/2026\\\/08\\\/31\\\/le-president-de-la-republique-convoque-le-corps-electoral-les-elections-locales-fixees-au-28-novembre\\\/#listItem\",\"position\":3,\"name\":\"Le Pr\\u00e9sident de la R\\u00e9publique convoque le corps \\u00e9lectoral\\u00a0: Les \\u00e9lections locales fix\\u00e9es au 28 novembre\",\"previousItem\":{\"@type\":\"ListItem\",\"@id\":\"https:\\\/\\\/lasentinelle.dz\\\/index.php\\\/category\\\/actualite\\\/#listItem\",\"name\":\"Actualit\\u00e9\"}}]},{\"@type\":\"Organization\",\"@id\":\"https:\\\/\\\/lasentinelle.dz\\\/#organization\",\"name\":\"La Sentinelle La Sentinelle\",\"description\":\"Quotidien national d'information\",\"url\":\"https:\\\/\\\/lasentinelle.dz\\\/\",\"logo\":{\"@type\":\"ImageObject\",\"url\":\"https:\\\/\\\/lasentinelle.dz\\\/wp-content\\\/uploads\\\/2021\\\/09\\\/cropped-la-sentinelle-earth-golden-anima-5.gif\",\"@id\":\"https:\\\/\\\/lasentinelle.dz\\\/index.php\\\/2026\\\/08\\\/31\\\/le-president-de-la-republique-convoque-le-corps-electoral-les-elections-locales-fixees-au-28-novembre\\\/#organizationLogo\",\"width\":450,\"height\":213},\"image\":{\"@id\":\"https:\\\/\\\/lasentinelle.dz\\\/index.php\\\/2026\\\/08\\\/31\\\/le-president-de-la-republique-convoque-le-corps-electoral-les-elections-locales-fixees-au-28-novembre\\\/#organizationLogo\"},\"sameAs\":[\"https:\\\/\\\/www.facebook.com\\\/azzedine.lasentinelle.1\"]},{\"@type\":\"Person\",\"@id\":\"https:\\\/\\\/lasentinelle.dz\\\/author\\\/admin\\\/#author\",\"url\":\"https:\\\/\\\/lasentinelle.dz\\\/author\\\/admin\\\/\",\"name\":\"admin\",\"image\":{\"@type\":\"ImageObject\",\"@id\":\"https:\\\/\\\/lasentinelle.dz\\\/index.php\\\/2026\\\/08\\\/31\\\/le-president-de-la-republique-convoque-le-corps-electoral-les-elections-locales-fixees-au-28-novembre\\\/#authorImage\",\"url\":\"https:\\\/\\\/secure.gravatar.com\\\/avatar\\\/4c81fed838786e9b53f540bf46533e750f5d292099ae3b66cfc6fb1982e29df7?s=96&d=mm&r=g\",\"width\":96,\"height\":96,\"caption\":\"admin\"}},{\"@type\":\"WebPage\",\"@id\":\"https:\\\/\\\/lasentinelle.dz\\\/index.php\\\/2026\\\/08\\\/31\\\/le-president-de-la-republique-convoque-le-corps-electoral-les-elections-locales-fixees-au-28-novembre\\\/#webpage\",\"url\":\"https:\\\/\\\/lasentinelle.dz\\\/index.php\\\/2026\\\/08\\\/31\\\/le-president-de-la-republique-convoque-le-corps-electoral-les-elections-locales-fixees-au-28-novembre\\\/\",\"name\":\"Le Pr\\u00e9sident de la R\\u00e9publique convoque le corps \\u00e9lectoral : Les \\u00e9lections locales fix\\u00e9es au 28 novembre - La Sentinelle\",\"description\":\"Le pr\\u00e9sident de la R\\u00e9publique Abdelmadjid Tebboune a sign\\u00e9 le d\\u00e9cret pr\\u00e9sidentiel convoquant le corps \\u00e9lectoral pour l'\\u00e9lection des membres des Assembl\\u00e9es populaires communales et de wilayas. Le scrutin se tiendra le samedi 28 novembre prochain, dans un contexte marqu\\u00e9 par l'entr\\u00e9e en vigueur du nouveau d\\u00e9coupage administratif du pays. Le processus \\u00e9lectoral local est\",\"inLanguage\":\"fr-FR\",\"isPartOf\":{\"@id\":\"https:\\\/\\\/lasentinelle.dz\\\/#website\"},\"breadcrumb\":{\"@id\":\"https:\\\/\\\/lasentinelle.dz\\\/index.php\\\/2026\\\/08\\\/31\\\/le-president-de-la-republique-convoque-le-corps-electoral-les-elections-locales-fixees-au-28-novembre\\\/#breadcrumblist\"},\"author\":{\"@id\":\"https:\\\/\\\/lasentinelle.dz\\\/author\\\/admin\\\/#author\"},\"creator\":{\"@id\":\"https:\\\/\\\/lasentinelle.dz\\\/author\\\/admin\\\/#author\"},\"image\":{\"@type\":\"ImageObject\",\"url\":\"https:\\\/\\\/lasentinelle.dz\\\/wp-content\\\/uploads\\\/2026\\\/06\\\/vote.jpeg\",\"@id\":\"https:\\\/\\\/lasentinelle.dz\\\/index.php\\\/2026\\\/08\\\/31\\\/le-president-de-la-republique-convoque-le-corps-electoral-les-elections-locales-fixees-au-28-novembre\\\/#mainImage\",\"width\":1024,\"height\":683},\"primaryImageOfPage\":{\"@id\":\"https:\\\/\\\/lasentinelle.dz\\\/index.php\\\/2026\\\/08\\\/31\\\/le-president-de-la-republique-convoque-le-corps-electoral-les-elections-locales-fixees-au-28-novembre\\\/#mainImage\"},\"datePublished\":\"2026-08-31T11:43:11+01:00\",\"dateModified\":\"2026-08-31T11:46:03+01:00\"},{\"@type\":\"WebSite\",\"@id\":\"https:\\\/\\\/lasentinelle.dz\\\/#website\",\"url\":\"https:\\\/\\\/lasentinelle.dz\\\/\",\"name\":\"La Sentinelle\",\"description\":\"Quotidien national d'information\",\"inLanguage\":\"fr-FR\",\"publisher\":{\"@id\":\"https:\\\/\\\/lasentinelle.dz\\\/#organization\"}}]}\n\t\t<\/script>\n\t\t<!-- All in One SEO -->\n\n","aioseo_head_json":{"title":"Le Pr\u00e9sident de la R\u00e9publique convoque le corps \u00e9lectoral : Les \u00e9lections locales fix\u00e9es au 28 novembre - La Sentinelle","description":"Le pr\u00e9sident de la R\u00e9publique Abdelmadjid Tebboune a sign\u00e9 le d\u00e9cret pr\u00e9sidentiel convoquant le corps \u00e9lectoral pour l'\u00e9lection des membres des Assembl\u00e9es populaires communales et de wilayas. Le scrutin se tiendra le samedi 28 novembre prochain, dans un contexte marqu\u00e9 par l'entr\u00e9e en vigueur du nouveau d\u00e9coupage administratif du pays. Le processus \u00e9lectoral local est","canonical_url":"https:\/\/lasentinelle.dz\/index.php\/2026\/08\/31\/le-president-de-la-republique-convoque-le-corps-electoral-les-elections-locales-fixees-au-28-novembre\/","robots":"max-image-preview:large","keywords":"","webmasterTools":{"miscellaneous":""},"schema":{"@context":"https:\/\/schema.org","@graph":[{"@type":"BlogPosting","@id":"https:\/\/lasentinelle.dz\/index.php\/2026\/08\/31\/le-president-de-la-republique-convoque-le-corps-electoral-les-elections-locales-fixees-au-28-novembre\/#blogposting","name":"Le Pr\u00e9sident de la R\u00e9publique convoque le corps \u00e9lectoral : Les \u00e9lections locales fix\u00e9es au 28 novembre - La Sentinelle","headline":"Le Pr\u00e9sident de la R\u00e9publique convoque le corps \u00e9lectoral\u00a0: Les \u00e9lections locales fix\u00e9es au 28 novembre","author":{"@id":"https:\/\/lasentinelle.dz\/author\/admin\/#author"},"publisher":{"@id":"https:\/\/lasentinelle.dz\/#organization"},"image":{"@type":"ImageObject","url":"https:\/\/lasentinelle.dz\/wp-content\/uploads\/2026\/06\/vote.jpeg","width":1024,"height":683},"datePublished":"2026-08-31T11:43:11+01:00","dateModified":"2026-08-31T11:46:03+01:00","inLanguage":"fr-FR","mainEntityOfPage":{"@id":"https:\/\/lasentinelle.dz\/index.php\/2026\/08\/31\/le-president-de-la-republique-convoque-le-corps-electoral-les-elections-locales-fixees-au-28-novembre\/#webpage"},"isPartOf":{"@id":"https:\/\/lasentinelle.dz\/index.php\/2026\/08\/31\/le-president-de-la-republique-convoque-le-corps-electoral-les-elections-locales-fixees-au-28-novembre\/#webpage"},"articleSection":"\u00c0 la Une, Actualit\u00e9, Politique"},{"@type":"BreadcrumbList","@id":"https:\/\/lasentinelle.dz\/index.php\/2026\/08\/31\/le-president-de-la-republique-convoque-le-corps-electoral-les-elections-locales-fixees-au-28-novembre\/#breadcrumblist","itemListElement":[{"@type":"ListItem","@id":"https:\/\/lasentinelle.dz#listItem","position":1,"name":"Home","item":"https:\/\/lasentinelle.dz","nextItem":{"@type":"ListItem","@id":"https:\/\/lasentinelle.dz\/index.php\/category\/actualite\/#listItem","name":"Actualit\u00e9"}},{"@type":"ListItem","@id":"https:\/\/lasentinelle.dz\/index.php\/category\/actualite\/#listItem","position":2,"name":"Actualit\u00e9","item":"https:\/\/lasentinelle.dz\/index.php\/category\/actualite\/","nextItem":{"@type":"ListItem","@id":"https:\/\/lasentinelle.dz\/index.php\/2026\/08\/31\/le-president-de-la-republique-convoque-le-corps-electoral-les-elections-locales-fixees-au-28-novembre\/#listItem","name":"Le Pr\u00e9sident de la R\u00e9publique convoque le corps \u00e9lectoral\u00a0: Les \u00e9lections locales fix\u00e9es au 28 novembre"},"previousItem":{"@type":"ListItem","@id":"https:\/\/lasentinelle.dz#listItem","name":"Home"}},{"@type":"ListItem","@id":"https:\/\/lasentinelle.dz\/index.php\/2026\/08\/31\/le-president-de-la-republique-convoque-le-corps-electoral-les-elections-locales-fixees-au-28-novembre\/#listItem","position":3,"name":"Le Pr\u00e9sident de la R\u00e9publique convoque le corps \u00e9lectoral\u00a0: Les \u00e9lections locales fix\u00e9es au 28 novembre","previousItem":{"@type":"ListItem","@id":"https:\/\/lasentinelle.dz\/index.php\/category\/actualite\/#listItem","name":"Actualit\u00e9"}}]},{"@type":"Organization","@id":"https:\/\/lasentinelle.dz\/#organization","name":"La Sentinelle La Sentinelle","description":"Quotidien national d'information","url":"https:\/\/lasentinelle.dz\/","logo":{"@type":"ImageObject","url":"https:\/\/lasentinelle.dz\/wp-content\/uploads\/2021\/09\/cropped-la-sentinelle-earth-golden-anima-5.gif","@id":"https:\/\/lasentinelle.dz\/index.php\/2026\/08\/31\/le-president-de-la-republique-convoque-le-corps-electoral-les-elections-locales-fixees-au-28-novembre\/#organizationLogo","width":450,"height":213},"image":{"@id":"https:\/\/lasentinelle.dz\/index.php\/2026\/08\/31\/le-president-de-la-republique-convoque-le-corps-electoral-les-elections-locales-fixees-au-28-novembre\/#organizationLogo"},"sameAs":["https:\/\/www.facebook.com\/azzedine.lasentinelle.1"]},{"@type":"Person","@id":"https:\/\/lasentinelle.dz\/author\/admin\/#author","url":"https:\/\/lasentinelle.dz\/author\/admin\/","name":"admin","image":{"@type":"ImageObject","@id":"https:\/\/lasentinelle.dz\/index.php\/2026\/08\/31\/le-president-de-la-republique-convoque-le-corps-electoral-les-elections-locales-fixees-au-28-novembre\/#authorImage","url":"https:\/\/secure.gravatar.com\/avatar\/4c81fed838786e9b53f540bf46533e750f5d292099ae3b66cfc6fb1982e29df7?s=96&d=mm&r=g","width":96,"height":96,"caption":"admin"}},{"@type":"WebPage","@id":"https:\/\/lasentinelle.dz\/index.php\/2026\/08\/31\/le-president-de-la-republique-convoque-le-corps-electoral-les-elections-locales-fixees-au-28-novembre\/#webpage","url":"https:\/\/lasentinelle.dz\/index.php\/2026\/08\/31\/le-president-de-la-republique-convoque-le-corps-electoral-les-elections-locales-fixees-au-28-novembre\/","name":"Le Pr\u00e9sident de la R\u00e9publique convoque le corps \u00e9lectoral : Les \u00e9lections locales fix\u00e9es au 28 novembre - La Sentinelle","description":"Le pr\u00e9sident de la R\u00e9publique Abdelmadjid Tebboune a sign\u00e9 le d\u00e9cret pr\u00e9sidentiel convoquant le corps \u00e9lectoral pour l'\u00e9lection des membres des Assembl\u00e9es populaires communales et de wilayas. Le scrutin se tiendra le samedi 28 novembre prochain, dans un contexte marqu\u00e9 par l'entr\u00e9e en vigueur du nouveau d\u00e9coupage administratif du pays. Le processus \u00e9lectoral local est","inLanguage":"fr-FR","isPartOf":{"@id":"https:\/\/lasentinelle.dz\/#website"},"breadcrumb":{"@id":"https:\/\/lasentinelle.dz\/index.php\/2026\/08\/31\/le-president-de-la-republique-convoque-le-corps-electoral-les-elections-locales-fixees-au-28-novembre\/#breadcrumblist"},"author":{"@id":"https:\/\/lasentinelle.dz\/author\/admin\/#author"},"creator":{"@id":"https:\/\/lasentinelle.dz\/author\/admin\/#author"},"image":{"@type":"ImageObject","url":"https:\/\/lasentinelle.dz\/wp-content\/uploads\/2026\/06\/vote.jpeg","@id":"https:\/\/lasentinelle.dz\/index.php\/2026\/08\/31\/le-president-de-la-republique-convoque-le-corps-electoral-les-elections-locales-fixees-au-28-novembre\/#mainImage","width":1024,"height":683},"primaryImageOfPage":{"@id":"https:\/\/lasentinelle.dz\/index.php\/2026\/08\/31\/le-president-de-la-republique-convoque-le-corps-electoral-les-elections-locales-fixees-au-28-novembre\/#mainImage"},"datePublished":"2026-08-31T11:43:11+01:00","dateModified":"2026-08-31T11:46:03+01:00"},{"@type":"WebSite","@id":"https:\/\/lasentinelle.dz\/#website","url":"https:\/\/lasentinelle.dz\/","name":"La Sentinelle","description":"Quotidien national d'information","inLanguage":"fr-FR","publisher":{"@id":"https:\/\/lasentinelle.dz\/#organization"}}]},"og:locale":"fr_FR","og:site_name":"La Sentinelle - Quotidien national d'information","og:type":"article","og:title":"Le Pr\u00e9sident de la R\u00e9publique convoque le corps \u00e9lectoral : Les \u00e9lections locales fix\u00e9es au 28 novembre - La Sentinelle","og:description":"Le pr\u00e9sident de la R\u00e9publique Abdelmadjid Tebboune a sign\u00e9 le d\u00e9cret pr\u00e9sidentiel convoquant le corps \u00e9lectoral pour l'\u00e9lection des membres des Assembl\u00e9es populaires communales et de wilayas. Le scrutin se tiendra le samedi 28 novembre prochain, dans un contexte marqu\u00e9 par l'entr\u00e9e en vigueur du nouveau d\u00e9coupage administratif du pays. Le processus \u00e9lectoral local est","og:url":"https:\/\/lasentinelle.dz\/index.php\/2026\/08\/31\/le-president-de-la-republique-convoque-le-corps-electoral-les-elections-locales-fixees-au-28-novembre\/","og:image":"https:\/\/lasentinelle.dz\/wp-content\/uploads\/2021\/09\/cropped-la-sentinelle-earth-golden-anima-5.gif","og:image:secure_url":"https:\/\/lasentinelle.dz\/wp-content\/uploads\/2021\/09\/cropped-la-sentinelle-earth-golden-anima-5.gif","og:image:width":450,"og:image:height":213,"article:published_time":"2026-08-31T10:43:11+00:00","article:modified_time":"2026-08-31T10:46:03+00:00","article:publisher":"https:\/\/www.facebook.com\/azzedine.lasentinelle.1","twitter:card":"summary_large_image","twitter:title":"Le Pr\u00e9sident de la R\u00e9publique convoque le corps \u00e9lectoral : Les \u00e9lections locales fix\u00e9es au 28 novembre - La Sentinelle","twitter:description":"Le pr\u00e9sident de la R\u00e9publique Abdelmadjid Tebboune a sign\u00e9 le d\u00e9cret pr\u00e9sidentiel convoquant le corps \u00e9lectoral pour l'\u00e9lection des membres des Assembl\u00e9es populaires communales et de wilayas. Le scrutin se tiendra le samedi 28 novembre prochain, dans un contexte marqu\u00e9 par l'entr\u00e9e en vigueur du nouveau d\u00e9coupage administratif du pays. Le processus \u00e9lectoral local est","twitter:image":"https:\/\/lasentinelle.dz\/wp-content\/uploads\/2021\/09\/cropped-la-sentinelle-earth-golden-anima-5.gif"},"aioseo_meta_data":{"post_id":"94652","title":null,"description":null,"keywords":null,"keyphrases":{"focus":{"keyphrase":"","score":0,"analysis":{"keyphraseInTitle":{"score":0,"maxScore":9,"error":1}}},"additional":[]},"primary_term":null,"canonical_url":null,"og_title":null,"og_description":null,"og_object_type":"default","og_image_type":"default","og_image_url":null,"og_image_width":null,"og_image_height":null,"og_image_custom_url":null,"og_image_custom_fields":null,"og_video":"","og_custom_url":null,"og_article_section":null,"og_article_tags":null,"twitter_use_og":false,"twitter_card":"default","twitter_image_type":"default","twitter_image_url":null,"twitter_image_custom_url":null,"twitter_image_custom_fields":null,"twitter_title":null,"twitter_description":null,"schema":{"blockGraphs":[],"customGraphs":[],"default":{"data":{"Article":[],"Course":[],"Dataset":[],"FAQPage":[],"Movie":[],"Person":[],"Product":[],"ProductReview":[],"Car":[],"Recipe":[],"Service":[],"SoftwareApplication":[],"WebPage":[]},"graphName":"BlogPosting","isEnabled":true},"graphs":[]},"schema_type":"default","schema_type_options":null,"pillar_content":false,"robots_default":true,"robots_noindex":false,"robots_noarchive":false,"robots_nosnippet":false,"robots_nofollow":false,"robots_noimageindex":false,"robots_noodp":false,"robots_notranslate":false,"robots_max_snippet":"-1","robots_max_videopreview":"-1","robots_max_imagepreview":"large","priority":null,"frequency":"default","local_seo":null,"breadcrumb_settings":null,"limit_modified_date":false,"ai":{"faqs":[],"keyPoints":[],"schemas":[],"titles":[],"descriptions":[],"socialPosts":{"email":{"subject":"","preview":"","content":""},"linkedin":[],"twitter":[],"facebook":[],"instagram":[]}},"created":"2026-08-31 10:43:15","updated":"2026-08-31 11:22:00","focus_keyword":null,"additional_keywords":null,"truseo_locale":null,"seo_analyzer_scan_date":null},"aioseo_breadcrumb":"<div class=\"aioseo-breadcrumbs\"><span class=\"aioseo-breadcrumb\">\n\t\t\t<a href=\"https:\/\/lasentinelle.dz\" title=\"Home\">Home<\/a>\n\t\t<\/span><span class=\"aioseo-breadcrumb-separator\">&raquo;<\/span><span class=\"aioseo-breadcrumb\">\n\t\t\t<a href=\"https:\/\/lasentinelle.dz\/index.php\/category\/actualite\/\" title=\"Actualit\u00e9\">Actualit\u00e9<\/a>\n\t\t<\/span><span class=\"aioseo-breadcrumb-separator\">&raquo;<\/span><span class=\"aioseo-breadcrumb\">\n\t\t\tLe Pr\u00e9sident de la R\u00e9publique convoque le corps \u00e9lectoral : Les \u00e9lections locales fix\u00e9es au 28 novembre\n\t\t<\/span><\/div>","aioseo_breadcrumb_json":[{"label":"Home","link":"https:\/\/lasentinelle.dz"},{"label":"Actualit\u00e9","link":"https:\/\/lasentinelle.dz\/index.php\/category\/actualite\/"},{"label":"Le Pr\u00e9sident de la R\u00e9publique convoque le corps \u00e9lectoral\u00a0: Les \u00e9lections locales fix\u00e9es au 28 novembre","link":"https:\/\/lasentinelle.dz\/index.php\/2026\/08\/31\/le-president-de-la-republique-convoque-le-corps-electoral-les-elections-locales-fixees-au-28-novembre\/"}],"yoast_head":"<!-- This site is optimized with the Yoast SEO plugin v28.3 - https:\/\/yoast.com\/product\/yoast-seo-wordpress\/ -->\n<title>Le Pr\u00e9sident de la R\u00e9publique convoque le corps \u00e9lectoral\u00a0: Les \u00e9lections locales fix\u00e9es au 28 novembre - La Sentinelle<\/title>\n<meta name=\"robots\" content=\"index, follow, max-snippet:-1, max-image-preview:large, max-video-preview:-1\" \/>\n<link rel=\"canonical\" href=\"https:\/\/lasentinelle.dz\/index.php\/2026\/08\/31\/le-president-de-la-republique-convoque-le-corps-electoral-les-elections-locales-fixees-au-28-novembre\/\" \/>\n<meta property=\"og:locale\" content=\"fr_FR\" \/>\n<meta property=\"og:type\" content=\"article\" \/>\n<meta property=\"og:title\" content=\"Le Pr\u00e9sident de la R\u00e9publique convoque le corps \u00e9lectoral\u00a0: Les \u00e9lections locales fix\u00e9es au 28 novembre - La Sentinelle\" \/>\n<meta property=\"og:description\" content=\"Le pr\u00e9sident de la R\u00e9publique Abdelmadjid Tebboune a sign\u00e9 le d\u00e9cret pr\u00e9sidentiel convoquant le corps \u00e9lectoral pour l&rsquo;\u00e9lection des membres\" \/>\n<meta property=\"og:url\" content=\"https:\/\/lasentinelle.dz\/index.php\/2026\/08\/31\/le-president-de-la-republique-convoque-le-corps-electoral-les-elections-locales-fixees-au-28-novembre\/\" \/>\n<meta property=\"og:site_name\" content=\"La Sentinelle\" \/>\n<meta property=\"article:publisher\" content=\"https:\/\/www.facebook.com\/La-Sentinelle-104059864394773\" \/>\n<meta property=\"article:published_time\" content=\"2026-08-31T10:43:11+00:00\" \/>\n<meta property=\"article:modified_time\" content=\"2026-08-31T10:46:03+00:00\" \/>\n<meta property=\"og:image\" content=\"https:\/\/lasentinelle.dz\/wp-content\/uploads\/2026\/06\/vote.jpeg\" \/>\n\t<meta property=\"og:image:width\" content=\"1024\" \/>\n\t<meta property=\"og:image:height\" content=\"683\" \/>\n\t<meta property=\"og:image:type\" content=\"image\/jpeg\" \/>\n<meta name=\"author\" content=\"admin\" \/>\n<meta name=\"twitter:card\" content=\"summary_large_image\" \/>\n<meta name=\"twitter:label1\" content=\"\u00c9crit par\" \/>\n\t<meta name=\"twitter:data1\" content=\"admin\" \/>\n\t<meta name=\"twitter:label2\" content=\"Dur\u00e9e de lecture estim\u00e9e\" \/>\n\t<meta name=\"twitter:data2\" content=\"4 minutes\" \/>\n<script type=\"application\/ld+json\" class=\"yoast-schema-graph\">{\"@context\":\"https:\\\/\\\/schema.org\",\"@graph\":[{\"@type\":\"Article\",\"@id\":\"https:\\\/\\\/lasentinelle.dz\\\/index.php\\\/2026\\\/08\\\/31\\\/le-president-de-la-republique-convoque-le-corps-electoral-les-elections-locales-fixees-au-28-novembre\\\/#article\",\"isPartOf\":{\"@id\":\"https:\\\/\\\/lasentinelle.dz\\\/index.php\\\/2026\\\/08\\\/31\\\/le-president-de-la-republique-convoque-le-corps-electoral-les-elections-locales-fixees-au-28-novembre\\\/\"},\"author\":{\"name\":\"admin\",\"@id\":\"https:\\\/\\\/lasentinelle.dz\\\/#\\\/schema\\\/person\\\/729ee0024f24e0b8c5ec17232f8e8b41\"},\"headline\":\"Le Pr\u00e9sident de la R\u00e9publique convoque le corps \u00e9lectoral\u00a0: Les \u00e9lections locales fix\u00e9es au 28 novembre\",\"datePublished\":\"2026-08-31T10:43:11+00:00\",\"dateModified\":\"2026-08-31T10:46:03+00:00\",\"mainEntityOfPage\":{\"@id\":\"https:\\\/\\\/lasentinelle.dz\\\/index.php\\\/2026\\\/08\\\/31\\\/le-president-de-la-republique-convoque-le-corps-electoral-les-elections-locales-fixees-au-28-novembre\\\/\"},\"wordCount\":741,\"commentCount\":0,\"publisher\":{\"@id\":\"https:\\\/\\\/lasentinelle.dz\\\/#organization\"},\"image\":{\"@id\":\"https:\\\/\\\/lasentinelle.dz\\\/index.php\\\/2026\\\/08\\\/31\\\/le-president-de-la-republique-convoque-le-corps-electoral-les-elections-locales-fixees-au-28-novembre\\\/#primaryimage\"},\"thumbnailUrl\":\"https:\\\/\\\/lasentinelle.dz\\\/wp-content\\\/uploads\\\/2026\\\/06\\\/vote.jpeg\",\"articleSection\":[\"\u00c0 la Une\",\"Actualit\u00e9\",\"Politique\"],\"inLanguage\":\"fr-FR\",\"potentialAction\":[{\"@type\":\"CommentAction\",\"name\":\"Comment\",\"target\":[\"https:\\\/\\\/lasentinelle.dz\\\/index.php\\\/2026\\\/08\\\/31\\\/le-president-de-la-republique-convoque-le-corps-electoral-les-elections-locales-fixees-au-28-novembre\\\/#respond\"]}]},{\"@type\":\"WebPage\",\"@id\":\"https:\\\/\\\/lasentinelle.dz\\\/index.php\\\/2026\\\/08\\\/31\\\/le-president-de-la-republique-convoque-le-corps-electoral-les-elections-locales-fixees-au-28-novembre\\\/\",\"url\":\"https:\\\/\\\/lasentinelle.dz\\\/index.php\\\/2026\\\/08\\\/31\\\/le-president-de-la-republique-convoque-le-corps-electoral-les-elections-locales-fixees-au-28-novembre\\\/\",\"name\":\"Le Pr\u00e9sident de la R\u00e9publique convoque le corps \u00e9lectoral\u00a0: Les \u00e9lections locales fix\u00e9es au 28 novembre - La Sentinelle\",\"isPartOf\":{\"@id\":\"https:\\\/\\\/lasentinelle.dz\\\/#website\"},\"primaryImageOfPage\":{\"@id\":\"https:\\\/\\\/lasentinelle.dz\\\/index.php\\\/2026\\\/08\\\/31\\\/le-president-de-la-republique-convoque-le-corps-electoral-les-elections-locales-fixees-au-28-novembre\\\/#primaryimage\"},\"image\":{\"@id\":\"https:\\\/\\\/lasentinelle.dz\\\/index.php\\\/2026\\\/08\\\/31\\\/le-president-de-la-republique-convoque-le-corps-electoral-les-elections-locales-fixees-au-28-novembre\\\/#primaryimage\"},\"thumbnailUrl\":\"https:\\\/\\\/lasentinelle.dz\\\/wp-content\\\/uploads\\\/2026\\\/06\\\/vote.jpeg\",\"datePublished\":\"2026-08-31T10:43:11+00:00\",\"dateModified\":\"2026-08-31T10:46:03+00:00\",\"breadcrumb\":{\"@id\":\"https:\\\/\\\/lasentinelle.dz\\\/index.php\\\/2026\\\/08\\\/31\\\/le-president-de-la-republique-convoque-le-corps-electoral-les-elections-locales-fixees-au-28-novembre\\\/#breadcrumb\"},\"inLanguage\":\"fr-FR\",\"potentialAction\":[{\"@type\":\"ReadAction\",\"target\":[\"https:\\\/\\\/lasentinelle.dz\\\/index.php\\\/2026\\\/08\\\/31\\\/le-president-de-la-republique-convoque-le-corps-electoral-les-elections-locales-fixees-au-28-novembre\\\/\"]}]},{\"@type\":\"ImageObject\",\"inLanguage\":\"fr-FR\",\"@id\":\"https:\\\/\\\/lasentinelle.dz\\\/index.php\\\/2026\\\/08\\\/31\\\/le-president-de-la-republique-convoque-le-corps-electoral-les-elections-locales-fixees-au-28-novembre\\\/#primaryimage\",\"url\":\"https:\\\/\\\/lasentinelle.dz\\\/wp-content\\\/uploads\\\/2026\\\/06\\\/vote.jpeg\",\"contentUrl\":\"https:\\\/\\\/lasentinelle.dz\\\/wp-content\\\/uploads\\\/2026\\\/06\\\/vote.jpeg\",\"width\":1024,\"height\":683},{\"@type\":\"BreadcrumbList\",\"@id\":\"https:\\\/\\\/lasentinelle.dz\\\/index.php\\\/2026\\\/08\\\/31\\\/le-president-de-la-republique-convoque-le-corps-electoral-les-elections-locales-fixees-au-28-novembre\\\/#breadcrumb\",\"itemListElement\":[{\"@type\":\"ListItem\",\"position\":1,\"name\":\"Accueil\",\"item\":\"https:\\\/\\\/lasentinelle.dz\\\/\"},{\"@type\":\"ListItem\",\"position\":2,\"name\":\"Le Pr\u00e9sident de la R\u00e9publique convoque le corps \u00e9lectoral\u00a0: Les \u00e9lections locales fix\u00e9es au 28 novembre\"}]},{\"@type\":\"WebSite\",\"@id\":\"https:\\\/\\\/lasentinelle.dz\\\/#website\",\"url\":\"https:\\\/\\\/lasentinelle.dz\\\/\",\"name\":\"La Sentinelle\",\"description\":\"Quotidien national d&#039;information\",\"publisher\":{\"@id\":\"https:\\\/\\\/lasentinelle.dz\\\/#organization\"},\"potentialAction\":[{\"@type\":\"SearchAction\",\"target\":{\"@type\":\"EntryPoint\",\"urlTemplate\":\"https:\\\/\\\/lasentinelle.dz\\\/?s={search_term_string}\"},\"query-input\":{\"@type\":\"PropertyValueSpecification\",\"valueRequired\":true,\"valueName\":\"search_term_string\"}}],\"inLanguage\":\"fr-FR\"},{\"@type\":\"Organization\",\"@id\":\"https:\\\/\\\/lasentinelle.dz\\\/#organization\",\"name\":\"Quotidien La Sentinelle\",\"url\":\"https:\\\/\\\/lasentinelle.dz\\\/\",\"logo\":{\"@type\":\"ImageObject\",\"inLanguage\":\"fr-FR\",\"@id\":\"https:\\\/\\\/lasentinelle.dz\\\/#\\\/schema\\\/logo\\\/image\\\/\",\"url\":\"https:\\\/\\\/lasentinelle.dz\\\/wp-content\\\/uploads\\\/2021\\\/09\\\/logo-sentinelleSLOGAN-1.png\",\"contentUrl\":\"https:\\\/\\\/lasentinelle.dz\\\/wp-content\\\/uploads\\\/2021\\\/09\\\/logo-sentinelleSLOGAN-1.png\",\"width\":615,\"height\":142,\"caption\":\"Quotidien La Sentinelle\"},\"image\":{\"@id\":\"https:\\\/\\\/lasentinelle.dz\\\/#\\\/schema\\\/logo\\\/image\\\/\"},\"sameAs\":[\"https:\\\/\\\/www.facebook.com\\\/La-Sentinelle-104059864394773\"]},{\"@type\":\"Person\",\"@id\":\"https:\\\/\\\/lasentinelle.dz\\\/#\\\/schema\\\/person\\\/729ee0024f24e0b8c5ec17232f8e8b41\",\"name\":\"admin\",\"image\":{\"@type\":\"ImageObject\",\"inLanguage\":\"fr-FR\",\"@id\":\"https:\\\/\\\/secure.gravatar.com\\\/avatar\\\/4c81fed838786e9b53f540bf46533e750f5d292099ae3b66cfc6fb1982e29df7?s=96&d=mm&r=g\",\"url\":\"https:\\\/\\\/secure.gravatar.com\\\/avatar\\\/4c81fed838786e9b53f540bf46533e750f5d292099ae3b66cfc6fb1982e29df7?s=96&d=mm&r=g\",\"contentUrl\":\"https:\\\/\\\/secure.gravatar.com\\\/avatar\\\/4c81fed838786e9b53f540bf46533e750f5d292099ae3b66cfc6fb1982e29df7?s=96&d=mm&r=g\",\"caption\":\"admin\"},\"description\":\"admin\",\"url\":\"https:\\\/\\\/lasentinelle.dz\\\/author\\\/admin\\\/\"}]}<\/script>\n<!-- \/ Yoast SEO plugin. -->","yoast_head_json":{"title":"Le Pr\u00e9sident de la R\u00e9publique convoque le corps \u00e9lectoral\u00a0: Les \u00e9lections locales fix\u00e9es au 28 novembre - La Sentinelle","robots":{"index":"index","follow":"follow","max-snippet":"max-snippet:-1","max-image-preview":"max-image-preview:large","max-video-preview":"max-video-preview:-1"},"canonical":"https:\/\/lasentinelle.dz\/index.php\/2026\/08\/31\/le-president-de-la-republique-convoque-le-corps-electoral-les-elections-locales-fixees-au-28-novembre\/","og_locale":"fr_FR","og_type":"article","og_title":"Le Pr\u00e9sident de la R\u00e9publique convoque le corps \u00e9lectoral\u00a0: Les \u00e9lections locales fix\u00e9es au 28 novembre - La Sentinelle","og_description":"Le pr\u00e9sident de la R\u00e9publique Abdelmadjid Tebboune a sign\u00e9 le d\u00e9cret pr\u00e9sidentiel convoquant le corps \u00e9lectoral pour l&rsquo;\u00e9lection des membres","og_url":"https:\/\/lasentinelle.dz\/index.php\/2026\/08\/31\/le-president-de-la-republique-convoque-le-corps-electoral-les-elections-locales-fixees-au-28-novembre\/","og_site_name":"La Sentinelle","article_publisher":"https:\/\/www.facebook.com\/La-Sentinelle-104059864394773","article_published_time":"2026-08-31T10:43:11+00:00","article_modified_time":"2026-08-31T10:46:03+00:00","og_image":[{"width":1024,"height":683,"url":"https:\/\/lasentinelle.dz\/wp-content\/uploads\/2026\/06\/vote.jpeg","type":"image\/jpeg"}],"author":"admin","twitter_card":"summary_large_image","twitter_misc":{"\u00c9crit par":"admin","Dur\u00e9e de lecture estim\u00e9e":"4 minutes"},"schema":{"@context":"https:\/\/schema.org","@graph":[{"@type":"Article","@id":"https:\/\/lasentinelle.dz\/index.php\/2026\/08\/31\/le-president-de-la-republique-convoque-le-corps-electoral-les-elections-locales-fixees-au-28-novembre\/#article","isPartOf":{"@id":"https:\/\/lasentinelle.dz\/index.php\/2026\/08\/31\/le-president-de-la-republique-convoque-le-corps-electoral-les-elections-locales-fixees-au-28-novembre\/"},"author":{"name":"admin","@id":"https:\/\/lasentinelle.dz\/#\/schema\/person\/729ee0024f24e0b8c5ec17232f8e8b41"},"headline":"Le Pr\u00e9sident de la R\u00e9publique convoque le corps \u00e9lectoral\u00a0: Les \u00e9lections locales fix\u00e9es au 28 novembre","datePublished":"2026-08-31T10:43:11+00:00","dateModified":"2026-08-31T10:46:03+00:00","mainEntityOfPage":{"@id":"https:\/\/lasentinelle.dz\/index.php\/2026\/08\/31\/le-president-de-la-republique-convoque-le-corps-electoral-les-elections-locales-fixees-au-28-novembre\/"},"wordCount":741,"commentCount":0,"publisher":{"@id":"https:\/\/lasentinelle.dz\/#organization"},"image":{"@id":"https:\/\/lasentinelle.dz\/index.php\/2026\/08\/31\/le-president-de-la-republique-convoque-le-corps-electoral-les-elections-locales-fixees-au-28-novembre\/#primaryimage"},"thumbnailUrl":"https:\/\/lasentinelle.dz\/wp-content\/uploads\/2026\/06\/vote.jpeg","articleSection":["\u00c0 la Une","Actualit\u00e9","Politique"],"inLanguage":"fr-FR","potentialAction":[{"@type":"CommentAction","name":"Comment","target":["https:\/\/lasentinelle.dz\/index.php\/2026\/08\/31\/le-president-de-la-republique-convoque-le-corps-electoral-les-elections-locales-fixees-au-28-novembre\/#respond"]}]},{"@type":"WebPage","@id":"https:\/\/lasentinelle.dz\/index.php\/2026\/08\/31\/le-president-de-la-republique-convoque-le-corps-electoral-les-elections-locales-fixees-au-28-novembre\/","url":"https:\/\/lasentinelle.dz\/index.php\/2026\/08\/31\/le-president-de-la-republique-convoque-le-corps-electoral-les-elections-locales-fixees-au-28-novembre\/","name":"Le Pr\u00e9sident de la R\u00e9publique convoque le corps \u00e9lectoral\u00a0: Les \u00e9lections locales fix\u00e9es au 28 novembre - La Sentinelle","isPartOf":{"@id":"https:\/\/lasentinelle.dz\/#website"},"primaryImageOfPage":{"@id":"https:\/\/lasentinelle.dz\/index.php\/2026\/08\/31\/le-president-de-la-republique-convoque-le-corps-electoral-les-elections-locales-fixees-au-28-novembre\/#primaryimage"},"image":{"@id":"https:\/\/lasentinelle.dz\/index.php\/2026\/08\/31\/le-president-de-la-republique-convoque-le-corps-electoral-les-elections-locales-fixees-au-28-novembre\/#primaryimage"},"thumbnailUrl":"https:\/\/lasentinelle.dz\/wp-content\/uploads\/2026\/06\/vote.jpeg","datePublished":"2026-08-31T10:43:11+00:00","dateModified":"2026-08-31T10:46:03+00:00","breadcrumb":{"@id":"https:\/\/lasentinelle.dz\/index.php\/2026\/08\/31\/le-president-de-la-republique-convoque-le-corps-electoral-les-elections-locales-fixees-au-28-novembre\/#breadcrumb"},"inLanguage":"fr-FR","potentialAction":[{"@type":"ReadAction","target":["https:\/\/lasentinelle.dz\/index.php\/2026\/08\/31\/le-president-de-la-republique-convoque-le-corps-electoral-les-elections-locales-fixees-au-28-novembre\/"]}]},{"@type":"ImageObject","inLanguage":"fr-FR","@id":"https:\/\/lasentinelle.dz\/index.php\/2026\/08\/31\/le-president-de-la-republique-convoque-le-corps-electoral-les-elections-locales-fixees-au-28-novembre\/#primaryimage","url":"https:\/\/lasentinelle.dz\/wp-content\/uploads\/2026\/06\/vote.jpeg","contentUrl":"https:\/\/lasentinelle.dz\/wp-content\/uploads\/2026\/06\/vote.jpeg","width":1024,"height":683},{"@type":"BreadcrumbList","@id":"https:\/\/lasentinelle.dz\/index.php\/2026\/08\/31\/le-president-de-la-republique-convoque-le-corps-electoral-les-elections-locales-fixees-au-28-novembre\/#breadcrumb","itemListElement":[{"@type":"ListItem","position":1,"name":"Accueil","item":"https:\/\/lasentinelle.dz\/"},{"@type":"ListItem","position":2,"name":"Le Pr\u00e9sident de la R\u00e9publique convoque le corps \u00e9lectoral\u00a0: Les \u00e9lections locales fix\u00e9es au 28 novembre"}]},{"@type":"WebSite","@id":"https:\/\/lasentinelle.dz\/#website","url":"https:\/\/lasentinelle.dz\/","name":"La Sentinelle","description":"Quotidien national d&#039;information","publisher":{"@id":"https:\/\/lasentinelle.dz\/#organization"},"potentialAction":[{"@type":"SearchAction","target":{"@type":"EntryPoint","urlTemplate":"https:\/\/lasentinelle.dz\/?s={search_term_string}"},"query-input":{"@type":"PropertyValueSpecification","valueRequired":true,"valueName":"search_term_string"}}],"inLanguage":"fr-FR"},{"@type":"Organization","@id":"https:\/\/lasentinelle.dz\/#organization","name":"Quotidien La Sentinelle","url":"https:\/\/lasentinelle.dz\/","logo":{"@type":"ImageObject","inLanguage":"fr-FR","@id":"https:\/\/lasentinelle.dz\/#\/schema\/logo\/image\/","url":"https:\/\/lasentinelle.dz\/wp-content\/uploads\/2021\/09\/logo-sentinelleSLOGAN-1.png","contentUrl":"https:\/\/lasentinelle.dz\/wp-content\/uploads\/2021\/09\/logo-sentinelleSLOGAN-1.png","width":615,"height":142,"caption":"Quotidien La Sentinelle"},"image":{"@id":"https:\/\/lasentinelle.dz\/#\/schema\/logo\/image\/"},"sameAs":["https:\/\/www.facebook.com\/La-Sentinelle-104059864394773"]},{"@type":"Person","@id":"https:\/\/lasentinelle.dz\/#\/schema\/person\/729ee0024f24e0b8c5ec17232f8e8b41","name":"admin","image":{"@type":"ImageObject","inLanguage":"fr-FR","@id":"https:\/\/secure.gravatar.com\/avatar\/4c81fed838786e9b53f540bf46533e750f5d292099ae3b66cfc6fb1982e29df7?s=96&d=mm&r=g","url":"https:\/\/secure.gravatar.com\/avatar\/4c81fed838786e9b53f540bf46533e750f5d292099ae3b66cfc6fb1982e29df7?s=96&d=mm&r=g","contentUrl":"https:\/\/secure.gravatar.com\/avatar\/4c81fed838786e9b53f540bf46533e750f5d292099ae3b66cfc6fb1982e29df7?s=96&d=mm&r=g","caption":"admin"},"description":"admin","url":"https:\/\/lasentinelle.dz\/author\/admin\/"}]}},"_links":{"self":[{"href":"https:\/\/lasentinelle.dz\/index.php\/wp-json\/wp\/v2\/posts\/94652","targetHints":{"allow":["GET"]}}],"collection":[{"href":"https:\/\/lasentinelle.dz\/index.php\/wp-json\/wp\/v2\/posts"}],"about":[{"href":"https:\/\/lasentinelle.dz\/index.php\/wp-json\/wp\/v2\/types\/post"}],"author":[{"embeddable":true,"href":"https:\/\/lasentinelle.dz\/index.php\/wp-json\/wp\/v2\/users\/6"}],"replies":[{"embeddable":true,"href":"https:\/\/lasentinelle.dz\/index.php\/wp-json\/wp\/v2\/comments?post=94652"}],"version-history":[{"count":1,"href":"https:\/\/lasentinelle.dz\/index.php\/wp-json\/wp\/v2\/posts\/94652\/revisions"}],"predecessor-version":[{"id":94653,"href":"https:\/\/lasentinelle.dz\/index.php\/wp-json\/wp\/v2\/posts\/94652\/revisions\/94653"}],"wp:featuredmedia":[{"embeddable":true,"href":"https:\/\/lasentinelle.dz\/index.php\/wp-json\/wp\/v2\/media\/90464"}],"wp:attachment":[{"href":"https:\/\/lasentinelle.dz\/index.php\/wp-json\/wp\/v2\/media?parent=94652"}],"wp:term":[{"taxonomy":"category","embeddable":true,"href":"https:\/\/lasentinelle.dz\/index.php\/wp-json\/wp\/v2\/categories?post=94652"},{"taxonomy":"post_tag","embeddable":true,"href":"https:\/\/lasentinelle.dz\/index.php\/wp-json\/wp\/v2\/tags?post=94652"}],"curies":[{"name":"wp","href":"https:\/\/api.w.org\/{rel}","templated":true}]}}