{"id":94654,"date":"2026-08-31T11:44:55","date_gmt":"2026-08-31T10:44:55","guid":{"rendered":"https:\/\/lasentinelle.dz\/?p=94654"},"modified":"2026-08-31T11:44:58","modified_gmt":"2026-08-31T10:44:58","slug":"lutte-contre-le-terrorisme-en-afrique-tebboune-appelle-a-une-transformation-radicale","status":"publish","type":"post","link":"https:\/\/lasentinelle.dz\/index.php\/2026\/08\/31\/lutte-contre-le-terrorisme-en-afrique-tebboune-appelle-a-une-transformation-radicale\/","title":{"rendered":"Lutte contre le terrorisme en Afrique\u00a0: Tebboune appelle \u00e0 une transformation radicale"},"content":{"rendered":"\n<p class=\"wp-block-paragraph\">Le pr\u00e9sident de la R\u00e9publique Abdelmadjid Tebboune a appel\u00e9 dimanche les dirigeants africains \u00e0 op\u00e9rer \u00ab une transformation radicale dans la mani\u00e8re de traiter les questions de paix et de s\u00e9curit\u00e9 \u00bb sur le continent, dans un message lu en son nom par le pr\u00e9sident du Conseil de la nation Azzouz Nasri devant les participants \u00e0 la 21e session extraordinaire de la Conf\u00e9rence des chefs d&rsquo;\u00c9tat et de gouvernement de l&rsquo;Union africaine r\u00e9unie \u00e0 Luanda pour traiter de la pr\u00e9vention et du r\u00e8glement des conflits en Afrique.<\/p>\n\n\n\n<p class=\"wp-block-paragraph\">S&rsquo;exprimant en sa qualit\u00e9 de champion de l&rsquo;Union africaine pour la lutte contre le terrorisme et l&rsquo;extr\u00e9misme violent, le pr\u00e9sident de la R\u00e9publique a d&rsquo;abord dress\u00e9 un constat s\u00e9v\u00e8re de la situation qui pr\u00e9vaut sur le continent. Il a estim\u00e9 que ce rendez-vous offre \u00e0 l&rsquo;organisation panafricaine l&rsquo;occasion d&rsquo;engager cette transformation et d&rsquo;abandonner des m\u00e9thodes traditionnelles au profit d&rsquo;une action \u00ab plus n\u00e9cessaire et plus d\u00e9cisive \u00bb. Le Pr\u00e9sident Tebboune a situ\u00e9 cette session dans un contexte r\u00e9gional et international \u00ab pr\u00e9occupant et complexe \u00bb, marqu\u00e9 par la multiplication des foyers de tension, l&rsquo;aggravation des conflits qui s&rsquo;\u00e9ternisent, l&rsquo;intensification des guerres par procuration et des ing\u00e9rences \u00e9trang\u00e8res, ainsi que par le gel persistant du processus de d\u00e9colonisation, qu&rsquo;il consid\u00e8re comme d\u00e9terminant pour la stabilit\u00e9 du continent.<\/p>\n\n\n\n<p class=\"wp-block-paragraph\">Pour \u00e9tayer ce constat, le message a mis en avant des chiffres alarmants. Le continent a enregistr\u00e9 au cours de la derni\u00e8re d\u00e9cennie une hausse de 400 % des attaques terroristes et de 237 % des d\u00e9c\u00e8s qui en r\u00e9sultent. L&rsquo;Afrique concentre \u00e0 elle seule pr\u00e8s de 63 % des victimes du terrorisme dans le monde, la r\u00e9gion du Sahel et du Sahara en supportant plus de 51 %. Le message \u00e9voque \u00e9galement la perte de plus de 17 000 vies africaines chaque ann\u00e9e, soit une moyenne de 46 personnes tu\u00e9es chaque jour. Face \u00e0 ces chiffres, le pr\u00e9sident de la R\u00e9publique a affirm\u00e9 que l&rsquo;Union africaine demeure \u00ab marginalis\u00e9e et rel\u00e9gu\u00e9e \u00e0 des r\u00f4les secondaires \u00bb dans les processus de paix qui se d\u00e9roulent pourtant sur son propre sol. Il a ajout\u00e9 que le probl\u00e8me ne r\u00e9side pas dans l&rsquo;absence de textes ou de cadres institutionnels mais dans \u00ab l&rsquo;incapacit\u00e9 de mise en \u0153uvre et le recul de la volont\u00e9 politique continentale \u00bb.<\/p>\n\n\n\n<p class=\"wp-block-paragraph\">C&rsquo;est au nom de l&rsquo;attachement constant de l&rsquo;Alg\u00e9rie aux causes africaines que le chef de l&rsquo;\u00c9tat a soumis \u00e0 l&rsquo;assembl\u00e9e une s\u00e9rie de propositions. Il a d&rsquo;abord plaid\u00e9 pour un renforcement du dispositif de pr\u00e9vention \u00ab sans surcharger le continent de nouvelles structures \u00bb, en misant plut\u00f4t sur la coordination entre les m\u00e9canismes existants, l&rsquo;activation du syst\u00e8me d&rsquo;alerte pr\u00e9coce, le recours \u00e0 l&rsquo;outil d&rsquo;\u00e9valuation des risques continentaux et le renforcement du r\u00f4le consultatif du Groupe des Sages, tout en r\u00e9clamant l&rsquo;op\u00e9rationnalisation compl\u00e8te du Fonds pour la paix de l&rsquo;Union africaine.<\/p>\n\n\n\n<p class=\"wp-block-paragraph\">Le pr\u00e9sident de la R\u00e9publique a ensuite insist\u00e9 sur la n\u00e9cessit\u00e9 pour l&rsquo;Union africaine d&rsquo;imposer sa pr\u00e9sence sur le terrain face aux groupes terroristes et aux r\u00e9seaux de criminalit\u00e9 organis\u00e9e, \u00e0 travers le d\u00e9ploiement r\u00e9el des repr\u00e9sentants sp\u00e9ciaux du pr\u00e9sident de la Commission, l&rsquo;activation de la Force africaine en attente et une action plus soutenue du Groupe des Sages. Il a par ailleurs appel\u00e9 \u00e0 un retour aux fondamentaux, rappelant que \u00ab les bons offices des chefs d&rsquo;\u00c9tat et de gouvernement demeurent l&rsquo;instrument le plus efficace \u00bb, et souhaitant que les sommets de l&rsquo;Union deviennent des espaces r\u00e9guliers de traitement des crises port\u00e9s directement par les dirigeants eux-m\u00eames, \u00ab dans un esprit de fraternit\u00e9 et de solidarit\u00e9 africaines \u00bb.<\/p>\n\n\n\n<p class=\"wp-block-paragraph\">Enfin, le message pr\u00e9sidentiel a \u00e9tabli un lien \u00e9troit entre paix, d\u00e9veloppement et action humanitaire, affirmant qu&rsquo;il ne peut y avoir \u00ab ni paix ni s\u00e9curit\u00e9 sans d\u00e9veloppement, ni s\u00e9curit\u00e9 stable sans r\u00e9ponse aux catastrophes humanitaires \u00bb. Le pr\u00e9sident Tebboune a appel\u00e9 \u00e0 orienter les ressources de l&rsquo;Union vers des projets concrets ayant un impact direct sur la vie des citoyens africains, et \u00e0 autonomiser les jeunes et les femmes, \u00ab piliers de notre pr\u00e9sent et cl\u00e9 de notre avenir \u00bb.<\/p>\n\n\n\n<p class=\"wp-block-paragraph\">Le pr\u00e9sident du Conseil de la nation Azzouz Nasri, qui repr\u00e9sentait le chef de l&rsquo;\u00c9tat \u00e0 cette session tenue sous le th\u00e8me du renforcement des m\u00e9canismes de pr\u00e9vention et de r\u00e8glement des conflits, a par ailleurs rencontr\u00e9 en marge des travaux le vice-pr\u00e9sident du Zimbabwe Constantino Chiwenga, avec lequel il a \u00e9voqu\u00e9 le renforcement de l&rsquo;action africaine commune et les relations bilat\u00e9rales entre les deux pays.Not\u00e9.<\/p>\n\n\n\n<p class=\"wp-block-paragraph\">Salim Amokrane<\/p>\n","protected":false},"excerpt":{"rendered":"<p>Le pr\u00e9sident de la R\u00e9publique Abdelmadjid Tebboune a appel\u00e9 dimanche les dirigeants africains \u00e0 op\u00e9rer \u00ab une transformation radicale dans<\/p>\n","protected":false},"author":6,"featured_media":89840,"comment_status":"open","ping_status":"closed","sticky":false,"template":"","format":"standard","meta":{"colormag_page_container_layout":"default_layout","colormag_page_sidebar_layout":"default_layout","om_disable_all_campaigns":false,"_monsterinsights_skip_tracking":false,"footnotes":"","_wpscppro_dont_share_socialmedia":false,"_wpscppro_custom_social_share_image":0,"_facebook_share_type":"default","_twitter_share_type":"default","_linkedin_share_type":"default","_pinterest_share_type":"default","_linkedin_share_type_page":"","_instagram_share_type":"default","_medium_share_type":"default","_threads_share_type":"default","_google_business_share_type":"default","_bluesky_share_type":"default","_mastodon_share_type":"default","_selected_social_profile":[],"_wpsp_enable_custom_social_template":false,"_wpsp_social_scheduling":{"enabled":false,"datetime":null,"platforms":[],"status":"template_only","dateOption":"today","timeOption":"now","customDays":"","customHours":"","customDate":"","customTime":"","schedulingType":"absolute"},"_wpsp_active_default_template":true},"categories":[27],"tags":[],"class_list":["post-94654","post","type-post","status-publish","format-standard","has-post-thumbnail","hentry","category-actualite"],"aioseo_notices":[],"aioseo_head":"\n\t\t<!-- All in One SEO 5.0.0.1 - aioseo.com -->\n\t<meta name=\"description\" content=\"Le pr\u00e9sident de la R\u00e9publique Abdelmadjid Tebboune a appel\u00e9 dimanche les dirigeants africains \u00e0 op\u00e9rer \u00ab une transformation radicale dans la mani\u00e8re de traiter les questions de paix et de s\u00e9curit\u00e9 \u00bb sur le continent, dans un message lu en son nom par le pr\u00e9sident du Conseil de la nation Azzouz Nasri devant les participants\" \/>\n\t<meta name=\"robots\" content=\"max-image-preview:large\" \/>\n\t<meta name=\"author\" content=\"admin\"\/>\n\t<link rel=\"canonical\" href=\"https:\/\/lasentinelle.dz\/index.php\/2026\/08\/31\/lutte-contre-le-terrorisme-en-afrique-tebboune-appelle-a-une-transformation-radicale\/\" \/>\n\t<meta name=\"generator\" content=\"All in One SEO (AIOSEO) 5.0.0.1\" \/>\n\t\t<meta property=\"og:locale\" content=\"fr_FR\" \/>\n\t\t<meta property=\"og:site_name\" content=\"La Sentinelle - Quotidien national d&#039;information\" \/>\n\t\t<meta property=\"og:type\" content=\"article\" \/>\n\t\t<meta property=\"og:title\" content=\"Lutte contre le terrorisme en Afrique : Tebboune appelle \u00e0 une transformation radicale - La Sentinelle\" \/>\n\t\t<meta property=\"og:description\" content=\"Le pr\u00e9sident de la R\u00e9publique Abdelmadjid Tebboune a appel\u00e9 dimanche les dirigeants africains \u00e0 op\u00e9rer \u00ab une transformation radicale dans la mani\u00e8re de traiter les questions de paix et de s\u00e9curit\u00e9 \u00bb sur le continent, dans un message lu en son nom par le pr\u00e9sident du Conseil de la nation Azzouz Nasri devant les participants\" \/>\n\t\t<meta property=\"og:url\" content=\"https:\/\/lasentinelle.dz\/index.php\/2026\/08\/31\/lutte-contre-le-terrorisme-en-afrique-tebboune-appelle-a-une-transformation-radicale\/\" \/>\n\t\t<meta property=\"og:image\" content=\"https:\/\/lasentinelle.dz\/wp-content\/uploads\/2021\/09\/cropped-la-sentinelle-earth-golden-anima-5.gif\" \/>\n\t\t<meta property=\"og:image:secure_url\" content=\"https:\/\/lasentinelle.dz\/wp-content\/uploads\/2021\/09\/cropped-la-sentinelle-earth-golden-anima-5.gif\" \/>\n\t\t<meta property=\"og:image:width\" content=\"450\" \/>\n\t\t<meta property=\"og:image:height\" content=\"213\" \/>\n\t\t<meta property=\"article:published_time\" content=\"2026-08-31T10:44:55+00:00\" \/>\n\t\t<meta property=\"article:modified_time\" content=\"2026-08-31T10:44:58+00:00\" \/>\n\t\t<meta property=\"article:publisher\" content=\"https:\/\/www.facebook.com\/azzedine.lasentinelle.1\" \/>\n\t\t<meta name=\"twitter:card\" content=\"summary_large_image\" \/>\n\t\t<meta name=\"twitter:title\" content=\"Lutte contre le terrorisme en Afrique : Tebboune appelle \u00e0 une transformation radicale - La Sentinelle\" \/>\n\t\t<meta name=\"twitter:description\" content=\"Le pr\u00e9sident de la R\u00e9publique Abdelmadjid Tebboune a appel\u00e9 dimanche les dirigeants africains \u00e0 op\u00e9rer \u00ab une transformation radicale dans la mani\u00e8re de traiter les questions de paix et de s\u00e9curit\u00e9 \u00bb sur le continent, dans un message lu en son nom par le pr\u00e9sident du Conseil de la nation Azzouz Nasri devant les participants\" \/>\n\t\t<meta name=\"twitter:image\" content=\"https:\/\/lasentinelle.dz\/wp-content\/uploads\/2021\/09\/cropped-la-sentinelle-earth-golden-anima-5.gif\" \/>\n\t\t<script type=\"application\/ld+json\" class=\"aioseo-schema\">\n\t\t\t{\"@context\":\"https:\\\/\\\/schema.org\",\"@graph\":[{\"@type\":\"BlogPosting\",\"@id\":\"https:\\\/\\\/lasentinelle.dz\\\/index.php\\\/2026\\\/08\\\/31\\\/lutte-contre-le-terrorisme-en-afrique-tebboune-appelle-a-une-transformation-radicale\\\/#blogposting\",\"name\":\"Lutte contre le terrorisme en Afrique : Tebboune appelle \\u00e0 une transformation radicale - La Sentinelle\",\"headline\":\"Lutte contre le terrorisme en Afrique\\u00a0: Tebboune appelle \\u00e0 une transformation radicale\",\"author\":{\"@id\":\"https:\\\/\\\/lasentinelle.dz\\\/author\\\/admin\\\/#author\"},\"publisher\":{\"@id\":\"https:\\\/\\\/lasentinelle.dz\\\/#organization\"},\"image\":{\"@type\":\"ImageObject\",\"url\":\"https:\\\/\\\/lasentinelle.dz\\\/wp-content\\\/uploads\\\/2026\\\/06\\\/Tebboune.jpeg\",\"width\":580,\"height\":350},\"datePublished\":\"2026-08-31T11:44:55+01:00\",\"dateModified\":\"2026-08-31T11:44:58+01:00\",\"inLanguage\":\"fr-FR\",\"mainEntityOfPage\":{\"@id\":\"https:\\\/\\\/lasentinelle.dz\\\/index.php\\\/2026\\\/08\\\/31\\\/lutte-contre-le-terrorisme-en-afrique-tebboune-appelle-a-une-transformation-radicale\\\/#webpage\"},\"isPartOf\":{\"@id\":\"https:\\\/\\\/lasentinelle.dz\\\/index.php\\\/2026\\\/08\\\/31\\\/lutte-contre-le-terrorisme-en-afrique-tebboune-appelle-a-une-transformation-radicale\\\/#webpage\"},\"articleSection\":\"Actualit\\u00e9\"},{\"@type\":\"BreadcrumbList\",\"@id\":\"https:\\\/\\\/lasentinelle.dz\\\/index.php\\\/2026\\\/08\\\/31\\\/lutte-contre-le-terrorisme-en-afrique-tebboune-appelle-a-une-transformation-radicale\\\/#breadcrumblist\",\"itemListElement\":[{\"@type\":\"ListItem\",\"@id\":\"https:\\\/\\\/lasentinelle.dz#listItem\",\"position\":1,\"name\":\"Home\",\"item\":\"https:\\\/\\\/lasentinelle.dz\",\"nextItem\":{\"@type\":\"ListItem\",\"@id\":\"https:\\\/\\\/lasentinelle.dz\\\/index.php\\\/category\\\/actualite\\\/#listItem\",\"name\":\"Actualit\\u00e9\"}},{\"@type\":\"ListItem\",\"@id\":\"https:\\\/\\\/lasentinelle.dz\\\/index.php\\\/category\\\/actualite\\\/#listItem\",\"position\":2,\"name\":\"Actualit\\u00e9\",\"item\":\"https:\\\/\\\/lasentinelle.dz\\\/index.php\\\/category\\\/actualite\\\/\",\"nextItem\":{\"@type\":\"ListItem\",\"@id\":\"https:\\\/\\\/lasentinelle.dz\\\/index.php\\\/2026\\\/08\\\/31\\\/lutte-contre-le-terrorisme-en-afrique-tebboune-appelle-a-une-transformation-radicale\\\/#listItem\",\"name\":\"Lutte contre le terrorisme en Afrique\\u00a0: Tebboune appelle \\u00e0 une transformation radicale\"},\"previousItem\":{\"@type\":\"ListItem\",\"@id\":\"https:\\\/\\\/lasentinelle.dz#listItem\",\"name\":\"Home\"}},{\"@type\":\"ListItem\",\"@id\":\"https:\\\/\\\/lasentinelle.dz\\\/index.php\\\/2026\\\/08\\\/31\\\/lutte-contre-le-terrorisme-en-afrique-tebboune-appelle-a-une-transformation-radicale\\\/#listItem\",\"position\":3,\"name\":\"Lutte contre le terrorisme en Afrique\\u00a0: Tebboune appelle \\u00e0 une transformation radicale\",\"previousItem\":{\"@type\":\"ListItem\",\"@id\":\"https:\\\/\\\/lasentinelle.dz\\\/index.php\\\/category\\\/actualite\\\/#listItem\",\"name\":\"Actualit\\u00e9\"}}]},{\"@type\":\"Organization\",\"@id\":\"https:\\\/\\\/lasentinelle.dz\\\/#organization\",\"name\":\"La Sentinelle La Sentinelle\",\"description\":\"Quotidien national d'information\",\"url\":\"https:\\\/\\\/lasentinelle.dz\\\/\",\"logo\":{\"@type\":\"ImageObject\",\"url\":\"https:\\\/\\\/lasentinelle.dz\\\/wp-content\\\/uploads\\\/2021\\\/09\\\/cropped-la-sentinelle-earth-golden-anima-5.gif\",\"@id\":\"https:\\\/\\\/lasentinelle.dz\\\/index.php\\\/2026\\\/08\\\/31\\\/lutte-contre-le-terrorisme-en-afrique-tebboune-appelle-a-une-transformation-radicale\\\/#organizationLogo\",\"width\":450,\"height\":213},\"image\":{\"@id\":\"https:\\\/\\\/lasentinelle.dz\\\/index.php\\\/2026\\\/08\\\/31\\\/lutte-contre-le-terrorisme-en-afrique-tebboune-appelle-a-une-transformation-radicale\\\/#organizationLogo\"},\"sameAs\":[\"https:\\\/\\\/www.facebook.com\\\/azzedine.lasentinelle.1\"]},{\"@type\":\"Person\",\"@id\":\"https:\\\/\\\/lasentinelle.dz\\\/author\\\/admin\\\/#author\",\"url\":\"https:\\\/\\\/lasentinelle.dz\\\/author\\\/admin\\\/\",\"name\":\"admin\",\"image\":{\"@type\":\"ImageObject\",\"@id\":\"https:\\\/\\\/lasentinelle.dz\\\/index.php\\\/2026\\\/08\\\/31\\\/lutte-contre-le-terrorisme-en-afrique-tebboune-appelle-a-une-transformation-radicale\\\/#authorImage\",\"url\":\"https:\\\/\\\/secure.gravatar.com\\\/avatar\\\/4c81fed838786e9b53f540bf46533e750f5d292099ae3b66cfc6fb1982e29df7?s=96&d=mm&r=g\",\"width\":96,\"height\":96,\"caption\":\"admin\"}},{\"@type\":\"WebPage\",\"@id\":\"https:\\\/\\\/lasentinelle.dz\\\/index.php\\\/2026\\\/08\\\/31\\\/lutte-contre-le-terrorisme-en-afrique-tebboune-appelle-a-une-transformation-radicale\\\/#webpage\",\"url\":\"https:\\\/\\\/lasentinelle.dz\\\/index.php\\\/2026\\\/08\\\/31\\\/lutte-contre-le-terrorisme-en-afrique-tebboune-appelle-a-une-transformation-radicale\\\/\",\"name\":\"Lutte contre le terrorisme en Afrique : Tebboune appelle \\u00e0 une transformation radicale - La Sentinelle\",\"description\":\"Le pr\\u00e9sident de la R\\u00e9publique Abdelmadjid Tebboune a appel\\u00e9 dimanche les dirigeants africains \\u00e0 op\\u00e9rer \\u00ab une transformation radicale dans la mani\\u00e8re de traiter les questions de paix et de s\\u00e9curit\\u00e9 \\u00bb sur le continent, dans un message lu en son nom par le pr\\u00e9sident du Conseil de la nation Azzouz Nasri devant les participants\",\"inLanguage\":\"fr-FR\",\"isPartOf\":{\"@id\":\"https:\\\/\\\/lasentinelle.dz\\\/#website\"},\"breadcrumb\":{\"@id\":\"https:\\\/\\\/lasentinelle.dz\\\/index.php\\\/2026\\\/08\\\/31\\\/lutte-contre-le-terrorisme-en-afrique-tebboune-appelle-a-une-transformation-radicale\\\/#breadcrumblist\"},\"author\":{\"@id\":\"https:\\\/\\\/lasentinelle.dz\\\/author\\\/admin\\\/#author\"},\"creator\":{\"@id\":\"https:\\\/\\\/lasentinelle.dz\\\/author\\\/admin\\\/#author\"},\"image\":{\"@type\":\"ImageObject\",\"url\":\"https:\\\/\\\/lasentinelle.dz\\\/wp-content\\\/uploads\\\/2026\\\/06\\\/Tebboune.jpeg\",\"@id\":\"https:\\\/\\\/lasentinelle.dz\\\/index.php\\\/2026\\\/08\\\/31\\\/lutte-contre-le-terrorisme-en-afrique-tebboune-appelle-a-une-transformation-radicale\\\/#mainImage\",\"width\":580,\"height\":350},\"primaryImageOfPage\":{\"@id\":\"https:\\\/\\\/lasentinelle.dz\\\/index.php\\\/2026\\\/08\\\/31\\\/lutte-contre-le-terrorisme-en-afrique-tebboune-appelle-a-une-transformation-radicale\\\/#mainImage\"},\"datePublished\":\"2026-08-31T11:44:55+01:00\",\"dateModified\":\"2026-08-31T11:44:58+01:00\"},{\"@type\":\"WebSite\",\"@id\":\"https:\\\/\\\/lasentinelle.dz\\\/#website\",\"url\":\"https:\\\/\\\/lasentinelle.dz\\\/\",\"name\":\"La Sentinelle\",\"description\":\"Quotidien national d'information\",\"inLanguage\":\"fr-FR\",\"publisher\":{\"@id\":\"https:\\\/\\\/lasentinelle.dz\\\/#organization\"}}]}\n\t\t<\/script>\n\t\t<!-- All in One SEO -->\n\n","aioseo_head_json":{"title":"Lutte contre le terrorisme en Afrique : Tebboune appelle \u00e0 une transformation radicale - La Sentinelle","description":"Le pr\u00e9sident de la R\u00e9publique Abdelmadjid Tebboune a appel\u00e9 dimanche les dirigeants africains \u00e0 op\u00e9rer \u00ab une transformation radicale dans la mani\u00e8re de traiter les questions de paix et de s\u00e9curit\u00e9 \u00bb sur le continent, dans un message lu en son nom par le pr\u00e9sident du Conseil de la nation Azzouz Nasri devant les participants","canonical_url":"https:\/\/lasentinelle.dz\/index.php\/2026\/08\/31\/lutte-contre-le-terrorisme-en-afrique-tebboune-appelle-a-une-transformation-radicale\/","robots":"max-image-preview:large","keywords":"","webmasterTools":{"miscellaneous":""},"schema":{"@context":"https:\/\/schema.org","@graph":[{"@type":"BlogPosting","@id":"https:\/\/lasentinelle.dz\/index.php\/2026\/08\/31\/lutte-contre-le-terrorisme-en-afrique-tebboune-appelle-a-une-transformation-radicale\/#blogposting","name":"Lutte contre le terrorisme en Afrique : Tebboune appelle \u00e0 une transformation radicale - La Sentinelle","headline":"Lutte contre le terrorisme en Afrique\u00a0: Tebboune appelle \u00e0 une transformation radicale","author":{"@id":"https:\/\/lasentinelle.dz\/author\/admin\/#author"},"publisher":{"@id":"https:\/\/lasentinelle.dz\/#organization"},"image":{"@type":"ImageObject","url":"https:\/\/lasentinelle.dz\/wp-content\/uploads\/2026\/06\/Tebboune.jpeg","width":580,"height":350},"datePublished":"2026-08-31T11:44:55+01:00","dateModified":"2026-08-31T11:44:58+01:00","inLanguage":"fr-FR","mainEntityOfPage":{"@id":"https:\/\/lasentinelle.dz\/index.php\/2026\/08\/31\/lutte-contre-le-terrorisme-en-afrique-tebboune-appelle-a-une-transformation-radicale\/#webpage"},"isPartOf":{"@id":"https:\/\/lasentinelle.dz\/index.php\/2026\/08\/31\/lutte-contre-le-terrorisme-en-afrique-tebboune-appelle-a-une-transformation-radicale\/#webpage"},"articleSection":"Actualit\u00e9"},{"@type":"BreadcrumbList","@id":"https:\/\/lasentinelle.dz\/index.php\/2026\/08\/31\/lutte-contre-le-terrorisme-en-afrique-tebboune-appelle-a-une-transformation-radicale\/#breadcrumblist","itemListElement":[{"@type":"ListItem","@id":"https:\/\/lasentinelle.dz#listItem","position":1,"name":"Home","item":"https:\/\/lasentinelle.dz","nextItem":{"@type":"ListItem","@id":"https:\/\/lasentinelle.dz\/index.php\/category\/actualite\/#listItem","name":"Actualit\u00e9"}},{"@type":"ListItem","@id":"https:\/\/lasentinelle.dz\/index.php\/category\/actualite\/#listItem","position":2,"name":"Actualit\u00e9","item":"https:\/\/lasentinelle.dz\/index.php\/category\/actualite\/","nextItem":{"@type":"ListItem","@id":"https:\/\/lasentinelle.dz\/index.php\/2026\/08\/31\/lutte-contre-le-terrorisme-en-afrique-tebboune-appelle-a-une-transformation-radicale\/#listItem","name":"Lutte contre le terrorisme en Afrique\u00a0: Tebboune appelle \u00e0 une transformation radicale"},"previousItem":{"@type":"ListItem","@id":"https:\/\/lasentinelle.dz#listItem","name":"Home"}},{"@type":"ListItem","@id":"https:\/\/lasentinelle.dz\/index.php\/2026\/08\/31\/lutte-contre-le-terrorisme-en-afrique-tebboune-appelle-a-une-transformation-radicale\/#listItem","position":3,"name":"Lutte contre le terrorisme en Afrique\u00a0: Tebboune appelle \u00e0 une transformation radicale","previousItem":{"@type":"ListItem","@id":"https:\/\/lasentinelle.dz\/index.php\/category\/actualite\/#listItem","name":"Actualit\u00e9"}}]},{"@type":"Organization","@id":"https:\/\/lasentinelle.dz\/#organization","name":"La Sentinelle La Sentinelle","description":"Quotidien national d'information","url":"https:\/\/lasentinelle.dz\/","logo":{"@type":"ImageObject","url":"https:\/\/lasentinelle.dz\/wp-content\/uploads\/2021\/09\/cropped-la-sentinelle-earth-golden-anima-5.gif","@id":"https:\/\/lasentinelle.dz\/index.php\/2026\/08\/31\/lutte-contre-le-terrorisme-en-afrique-tebboune-appelle-a-une-transformation-radicale\/#organizationLogo","width":450,"height":213},"image":{"@id":"https:\/\/lasentinelle.dz\/index.php\/2026\/08\/31\/lutte-contre-le-terrorisme-en-afrique-tebboune-appelle-a-une-transformation-radicale\/#organizationLogo"},"sameAs":["https:\/\/www.facebook.com\/azzedine.lasentinelle.1"]},{"@type":"Person","@id":"https:\/\/lasentinelle.dz\/author\/admin\/#author","url":"https:\/\/lasentinelle.dz\/author\/admin\/","name":"admin","image":{"@type":"ImageObject","@id":"https:\/\/lasentinelle.dz\/index.php\/2026\/08\/31\/lutte-contre-le-terrorisme-en-afrique-tebboune-appelle-a-une-transformation-radicale\/#authorImage","url":"https:\/\/secure.gravatar.com\/avatar\/4c81fed838786e9b53f540bf46533e750f5d292099ae3b66cfc6fb1982e29df7?s=96&d=mm&r=g","width":96,"height":96,"caption":"admin"}},{"@type":"WebPage","@id":"https:\/\/lasentinelle.dz\/index.php\/2026\/08\/31\/lutte-contre-le-terrorisme-en-afrique-tebboune-appelle-a-une-transformation-radicale\/#webpage","url":"https:\/\/lasentinelle.dz\/index.php\/2026\/08\/31\/lutte-contre-le-terrorisme-en-afrique-tebboune-appelle-a-une-transformation-radicale\/","name":"Lutte contre le terrorisme en Afrique : Tebboune appelle \u00e0 une transformation radicale - La Sentinelle","description":"Le pr\u00e9sident de la R\u00e9publique Abdelmadjid Tebboune a appel\u00e9 dimanche les dirigeants africains \u00e0 op\u00e9rer \u00ab une transformation radicale dans la mani\u00e8re de traiter les questions de paix et de s\u00e9curit\u00e9 \u00bb sur le continent, dans un message lu en son nom par le pr\u00e9sident du Conseil de la nation Azzouz Nasri devant les participants","inLanguage":"fr-FR","isPartOf":{"@id":"https:\/\/lasentinelle.dz\/#website"},"breadcrumb":{"@id":"https:\/\/lasentinelle.dz\/index.php\/2026\/08\/31\/lutte-contre-le-terrorisme-en-afrique-tebboune-appelle-a-une-transformation-radicale\/#breadcrumblist"},"author":{"@id":"https:\/\/lasentinelle.dz\/author\/admin\/#author"},"creator":{"@id":"https:\/\/lasentinelle.dz\/author\/admin\/#author"},"image":{"@type":"ImageObject","url":"https:\/\/lasentinelle.dz\/wp-content\/uploads\/2026\/06\/Tebboune.jpeg","@id":"https:\/\/lasentinelle.dz\/index.php\/2026\/08\/31\/lutte-contre-le-terrorisme-en-afrique-tebboune-appelle-a-une-transformation-radicale\/#mainImage","width":580,"height":350},"primaryImageOfPage":{"@id":"https:\/\/lasentinelle.dz\/index.php\/2026\/08\/31\/lutte-contre-le-terrorisme-en-afrique-tebboune-appelle-a-une-transformation-radicale\/#mainImage"},"datePublished":"2026-08-31T11:44:55+01:00","dateModified":"2026-08-31T11:44:58+01:00"},{"@type":"WebSite","@id":"https:\/\/lasentinelle.dz\/#website","url":"https:\/\/lasentinelle.dz\/","name":"La Sentinelle","description":"Quotidien national d'information","inLanguage":"fr-FR","publisher":{"@id":"https:\/\/lasentinelle.dz\/#organization"}}]},"og:locale":"fr_FR","og:site_name":"La Sentinelle - Quotidien national d'information","og:type":"article","og:title":"Lutte contre le terrorisme en Afrique : Tebboune appelle \u00e0 une transformation radicale - La Sentinelle","og:description":"Le pr\u00e9sident de la R\u00e9publique Abdelmadjid Tebboune a appel\u00e9 dimanche les dirigeants africains \u00e0 op\u00e9rer \u00ab une transformation radicale dans la mani\u00e8re de traiter les questions de paix et de s\u00e9curit\u00e9 \u00bb sur le continent, dans un message lu en son nom par le pr\u00e9sident du Conseil de la nation Azzouz Nasri devant les participants","og:url":"https:\/\/lasentinelle.dz\/index.php\/2026\/08\/31\/lutte-contre-le-terrorisme-en-afrique-tebboune-appelle-a-une-transformation-radicale\/","og:image":"https:\/\/lasentinelle.dz\/wp-content\/uploads\/2021\/09\/cropped-la-sentinelle-earth-golden-anima-5.gif","og:image:secure_url":"https:\/\/lasentinelle.dz\/wp-content\/uploads\/2021\/09\/cropped-la-sentinelle-earth-golden-anima-5.gif","og:image:width":450,"og:image:height":213,"article:published_time":"2026-08-31T10:44:55+00:00","article:modified_time":"2026-08-31T10:44:58+00:00","article:publisher":"https:\/\/www.facebook.com\/azzedine.lasentinelle.1","twitter:card":"summary_large_image","twitter:title":"Lutte contre le terrorisme en Afrique : Tebboune appelle \u00e0 une transformation radicale - La Sentinelle","twitter:description":"Le pr\u00e9sident de la R\u00e9publique Abdelmadjid Tebboune a appel\u00e9 dimanche les dirigeants africains \u00e0 op\u00e9rer \u00ab une transformation radicale dans la mani\u00e8re de traiter les questions de paix et de s\u00e9curit\u00e9 \u00bb sur le continent, dans un message lu en son nom par le pr\u00e9sident du Conseil de la nation Azzouz Nasri devant les participants","twitter:image":"https:\/\/lasentinelle.dz\/wp-content\/uploads\/2021\/09\/cropped-la-sentinelle-earth-golden-anima-5.gif"},"aioseo_meta_data":{"post_id":"94654","title":null,"description":null,"keywords":null,"keyphrases":{"focus":{"keyphrase":"","score":0,"analysis":{"keyphraseInTitle":{"score":0,"maxScore":9,"error":1}}},"additional":[]},"primary_term":null,"canonical_url":null,"og_title":null,"og_description":null,"og_object_type":"default","og_image_type":"default","og_image_url":null,"og_image_width":null,"og_image_height":null,"og_image_custom_url":null,"og_image_custom_fields":null,"og_video":"","og_custom_url":null,"og_article_section":null,"og_article_tags":null,"twitter_use_og":false,"twitter_card":"default","twitter_image_type":"default","twitter_image_url":null,"twitter_image_custom_url":null,"twitter_image_custom_fields":null,"twitter_title":null,"twitter_description":null,"schema":{"blockGraphs":[],"customGraphs":[],"default":{"data":{"Article":[],"Course":[],"Dataset":[],"FAQPage":[],"Movie":[],"Person":[],"Product":[],"ProductReview":[],"Car":[],"Recipe":[],"Service":[],"SoftwareApplication":[],"WebPage":[]},"graphName":"BlogPosting","isEnabled":true},"graphs":[]},"schema_type":"default","schema_type_options":null,"pillar_content":false,"robots_default":true,"robots_noindex":false,"robots_noarchive":false,"robots_nosnippet":false,"robots_nofollow":false,"robots_noimageindex":false,"robots_noodp":false,"robots_notranslate":false,"robots_max_snippet":"-1","robots_max_videopreview":"-1","robots_max_imagepreview":"large","priority":null,"frequency":"default","local_seo":null,"breadcrumb_settings":null,"limit_modified_date":false,"ai":{"faqs":[],"keyPoints":[],"schemas":[],"titles":[],"descriptions":[],"socialPosts":{"email":{"subject":"","preview":"","content":""},"linkedin":[],"twitter":[],"facebook":[],"instagram":[]}},"created":"2026-08-31 10:44:58","updated":"2026-08-31 11:22:01","focus_keyword":null,"additional_keywords":null,"truseo_locale":null,"seo_analyzer_scan_date":null},"aioseo_breadcrumb":"<div class=\"aioseo-breadcrumbs\"><span class=\"aioseo-breadcrumb\">\n\t\t\t<a href=\"https:\/\/lasentinelle.dz\" title=\"Home\">Home<\/a>\n\t\t<\/span><span class=\"aioseo-breadcrumb-separator\">&raquo;<\/span><span class=\"aioseo-breadcrumb\">\n\t\t\t<a href=\"https:\/\/lasentinelle.dz\/index.php\/category\/actualite\/\" title=\"Actualit\u00e9\">Actualit\u00e9<\/a>\n\t\t<\/span><span class=\"aioseo-breadcrumb-separator\">&raquo;<\/span><span class=\"aioseo-breadcrumb\">\n\t\t\tLutte contre le terrorisme en Afrique : Tebboune appelle \u00e0 une transformation radicale\n\t\t<\/span><\/div>","aioseo_breadcrumb_json":[{"label":"Home","link":"https:\/\/lasentinelle.dz"},{"label":"Actualit\u00e9","link":"https:\/\/lasentinelle.dz\/index.php\/category\/actualite\/"},{"label":"Lutte contre le terrorisme en Afrique\u00a0: Tebboune appelle \u00e0 une transformation radicale","link":"https:\/\/lasentinelle.dz\/index.php\/2026\/08\/31\/lutte-contre-le-terrorisme-en-afrique-tebboune-appelle-a-une-transformation-radicale\/"}],"yoast_head":"<!-- This site is optimized with the Yoast SEO plugin v28.3 - https:\/\/yoast.com\/product\/yoast-seo-wordpress\/ -->\n<title>Lutte contre le terrorisme en Afrique\u00a0: Tebboune appelle \u00e0 une transformation radicale - La Sentinelle<\/title>\n<meta name=\"robots\" content=\"index, follow, max-snippet:-1, max-image-preview:large, max-video-preview:-1\" \/>\n<link rel=\"canonical\" href=\"https:\/\/lasentinelle.dz\/index.php\/2026\/08\/31\/lutte-contre-le-terrorisme-en-afrique-tebboune-appelle-a-une-transformation-radicale\/\" \/>\n<meta property=\"og:locale\" content=\"fr_FR\" \/>\n<meta property=\"og:type\" content=\"article\" \/>\n<meta property=\"og:title\" content=\"Lutte contre le terrorisme en Afrique\u00a0: Tebboune appelle \u00e0 une transformation radicale - La Sentinelle\" \/>\n<meta property=\"og:description\" content=\"Le pr\u00e9sident de la R\u00e9publique Abdelmadjid Tebboune a appel\u00e9 dimanche les dirigeants africains \u00e0 op\u00e9rer \u00ab une transformation radicale dans\" \/>\n<meta property=\"og:url\" content=\"https:\/\/lasentinelle.dz\/index.php\/2026\/08\/31\/lutte-contre-le-terrorisme-en-afrique-tebboune-appelle-a-une-transformation-radicale\/\" \/>\n<meta property=\"og:site_name\" content=\"La Sentinelle\" \/>\n<meta property=\"article:publisher\" content=\"https:\/\/www.facebook.com\/La-Sentinelle-104059864394773\" \/>\n<meta property=\"article:published_time\" content=\"2026-08-31T10:44:55+00:00\" \/>\n<meta property=\"article:modified_time\" content=\"2026-08-31T10:44:58+00:00\" \/>\n<meta property=\"og:image\" content=\"https:\/\/lasentinelle.dz\/wp-content\/uploads\/2026\/06\/Tebboune.jpeg\" \/>\n\t<meta property=\"og:image:width\" content=\"580\" \/>\n\t<meta property=\"og:image:height\" content=\"350\" \/>\n\t<meta property=\"og:image:type\" content=\"image\/jpeg\" \/>\n<meta name=\"author\" content=\"admin\" \/>\n<meta name=\"twitter:card\" content=\"summary_large_image\" \/>\n<meta name=\"twitter:label1\" content=\"\u00c9crit par\" \/>\n\t<meta name=\"twitter:data1\" content=\"admin\" \/>\n\t<meta name=\"twitter:label2\" content=\"Dur\u00e9e de lecture estim\u00e9e\" \/>\n\t<meta name=\"twitter:data2\" content=\"4 minutes\" \/>\n<script type=\"application\/ld+json\" class=\"yoast-schema-graph\">{\"@context\":\"https:\\\/\\\/schema.org\",\"@graph\":[{\"@type\":\"Article\",\"@id\":\"https:\\\/\\\/lasentinelle.dz\\\/index.php\\\/2026\\\/08\\\/31\\\/lutte-contre-le-terrorisme-en-afrique-tebboune-appelle-a-une-transformation-radicale\\\/#article\",\"isPartOf\":{\"@id\":\"https:\\\/\\\/lasentinelle.dz\\\/index.php\\\/2026\\\/08\\\/31\\\/lutte-contre-le-terrorisme-en-afrique-tebboune-appelle-a-une-transformation-radicale\\\/\"},\"author\":{\"name\":\"admin\",\"@id\":\"https:\\\/\\\/lasentinelle.dz\\\/#\\\/schema\\\/person\\\/729ee0024f24e0b8c5ec17232f8e8b41\"},\"headline\":\"Lutte contre le terrorisme en Afrique\u00a0: Tebboune appelle \u00e0 une transformation radicale\",\"datePublished\":\"2026-08-31T10:44:55+00:00\",\"dateModified\":\"2026-08-31T10:44:58+00:00\",\"mainEntityOfPage\":{\"@id\":\"https:\\\/\\\/lasentinelle.dz\\\/index.php\\\/2026\\\/08\\\/31\\\/lutte-contre-le-terrorisme-en-afrique-tebboune-appelle-a-une-transformation-radicale\\\/\"},\"wordCount\":830,\"commentCount\":0,\"publisher\":{\"@id\":\"https:\\\/\\\/lasentinelle.dz\\\/#organization\"},\"image\":{\"@id\":\"https:\\\/\\\/lasentinelle.dz\\\/index.php\\\/2026\\\/08\\\/31\\\/lutte-contre-le-terrorisme-en-afrique-tebboune-appelle-a-une-transformation-radicale\\\/#primaryimage\"},\"thumbnailUrl\":\"https:\\\/\\\/lasentinelle.dz\\\/wp-content\\\/uploads\\\/2026\\\/06\\\/Tebboune.jpeg\",\"articleSection\":[\"Actualit\u00e9\"],\"inLanguage\":\"fr-FR\",\"potentialAction\":[{\"@type\":\"CommentAction\",\"name\":\"Comment\",\"target\":[\"https:\\\/\\\/lasentinelle.dz\\\/index.php\\\/2026\\\/08\\\/31\\\/lutte-contre-le-terrorisme-en-afrique-tebboune-appelle-a-une-transformation-radicale\\\/#respond\"]}]},{\"@type\":\"WebPage\",\"@id\":\"https:\\\/\\\/lasentinelle.dz\\\/index.php\\\/2026\\\/08\\\/31\\\/lutte-contre-le-terrorisme-en-afrique-tebboune-appelle-a-une-transformation-radicale\\\/\",\"url\":\"https:\\\/\\\/lasentinelle.dz\\\/index.php\\\/2026\\\/08\\\/31\\\/lutte-contre-le-terrorisme-en-afrique-tebboune-appelle-a-une-transformation-radicale\\\/\",\"name\":\"Lutte contre le terrorisme en Afrique\u00a0: Tebboune appelle \u00e0 une transformation radicale - La Sentinelle\",\"isPartOf\":{\"@id\":\"https:\\\/\\\/lasentinelle.dz\\\/#website\"},\"primaryImageOfPage\":{\"@id\":\"https:\\\/\\\/lasentinelle.dz\\\/index.php\\\/2026\\\/08\\\/31\\\/lutte-contre-le-terrorisme-en-afrique-tebboune-appelle-a-une-transformation-radicale\\\/#primaryimage\"},\"image\":{\"@id\":\"https:\\\/\\\/lasentinelle.dz\\\/index.php\\\/2026\\\/08\\\/31\\\/lutte-contre-le-terrorisme-en-afrique-tebboune-appelle-a-une-transformation-radicale\\\/#primaryimage\"},\"thumbnailUrl\":\"https:\\\/\\\/lasentinelle.dz\\\/wp-content\\\/uploads\\\/2026\\\/06\\\/Tebboune.jpeg\",\"datePublished\":\"2026-08-31T10:44:55+00:00\",\"dateModified\":\"2026-08-31T10:44:58+00:00\",\"breadcrumb\":{\"@id\":\"https:\\\/\\\/lasentinelle.dz\\\/index.php\\\/2026\\\/08\\\/31\\\/lutte-contre-le-terrorisme-en-afrique-tebboune-appelle-a-une-transformation-radicale\\\/#breadcrumb\"},\"inLanguage\":\"fr-FR\",\"potentialAction\":[{\"@type\":\"ReadAction\",\"target\":[\"https:\\\/\\\/lasentinelle.dz\\\/index.php\\\/2026\\\/08\\\/31\\\/lutte-contre-le-terrorisme-en-afrique-tebboune-appelle-a-une-transformation-radicale\\\/\"]}]},{\"@type\":\"ImageObject\",\"inLanguage\":\"fr-FR\",\"@id\":\"https:\\\/\\\/lasentinelle.dz\\\/index.php\\\/2026\\\/08\\\/31\\\/lutte-contre-le-terrorisme-en-afrique-tebboune-appelle-a-une-transformation-radicale\\\/#primaryimage\",\"url\":\"https:\\\/\\\/lasentinelle.dz\\\/wp-content\\\/uploads\\\/2026\\\/06\\\/Tebboune.jpeg\",\"contentUrl\":\"https:\\\/\\\/lasentinelle.dz\\\/wp-content\\\/uploads\\\/2026\\\/06\\\/Tebboune.jpeg\",\"width\":580,\"height\":350},{\"@type\":\"BreadcrumbList\",\"@id\":\"https:\\\/\\\/lasentinelle.dz\\\/index.php\\\/2026\\\/08\\\/31\\\/lutte-contre-le-terrorisme-en-afrique-tebboune-appelle-a-une-transformation-radicale\\\/#breadcrumb\",\"itemListElement\":[{\"@type\":\"ListItem\",\"position\":1,\"name\":\"Accueil\",\"item\":\"https:\\\/\\\/lasentinelle.dz\\\/\"},{\"@type\":\"ListItem\",\"position\":2,\"name\":\"Lutte contre le terrorisme en Afrique\u00a0: Tebboune appelle \u00e0 une transformation radicale\"}]},{\"@type\":\"WebSite\",\"@id\":\"https:\\\/\\\/lasentinelle.dz\\\/#website\",\"url\":\"https:\\\/\\\/lasentinelle.dz\\\/\",\"name\":\"La Sentinelle\",\"description\":\"Quotidien national d&#039;information\",\"publisher\":{\"@id\":\"https:\\\/\\\/lasentinelle.dz\\\/#organization\"},\"potentialAction\":[{\"@type\":\"SearchAction\",\"target\":{\"@type\":\"EntryPoint\",\"urlTemplate\":\"https:\\\/\\\/lasentinelle.dz\\\/?s={search_term_string}\"},\"query-input\":{\"@type\":\"PropertyValueSpecification\",\"valueRequired\":true,\"valueName\":\"search_term_string\"}}],\"inLanguage\":\"fr-FR\"},{\"@type\":\"Organization\",\"@id\":\"https:\\\/\\\/lasentinelle.dz\\\/#organization\",\"name\":\"Quotidien La Sentinelle\",\"url\":\"https:\\\/\\\/lasentinelle.dz\\\/\",\"logo\":{\"@type\":\"ImageObject\",\"inLanguage\":\"fr-FR\",\"@id\":\"https:\\\/\\\/lasentinelle.dz\\\/#\\\/schema\\\/logo\\\/image\\\/\",\"url\":\"https:\\\/\\\/lasentinelle.dz\\\/wp-content\\\/uploads\\\/2021\\\/09\\\/logo-sentinelleSLOGAN-1.png\",\"contentUrl\":\"https:\\\/\\\/lasentinelle.dz\\\/wp-content\\\/uploads\\\/2021\\\/09\\\/logo-sentinelleSLOGAN-1.png\",\"width\":615,\"height\":142,\"caption\":\"Quotidien La Sentinelle\"},\"image\":{\"@id\":\"https:\\\/\\\/lasentinelle.dz\\\/#\\\/schema\\\/logo\\\/image\\\/\"},\"sameAs\":[\"https:\\\/\\\/www.facebook.com\\\/La-Sentinelle-104059864394773\"]},{\"@type\":\"Person\",\"@id\":\"https:\\\/\\\/lasentinelle.dz\\\/#\\\/schema\\\/person\\\/729ee0024f24e0b8c5ec17232f8e8b41\",\"name\":\"admin\",\"image\":{\"@type\":\"ImageObject\",\"inLanguage\":\"fr-FR\",\"@id\":\"https:\\\/\\\/secure.gravatar.com\\\/avatar\\\/4c81fed838786e9b53f540bf46533e750f5d292099ae3b66cfc6fb1982e29df7?s=96&d=mm&r=g\",\"url\":\"https:\\\/\\\/secure.gravatar.com\\\/avatar\\\/4c81fed838786e9b53f540bf46533e750f5d292099ae3b66cfc6fb1982e29df7?s=96&d=mm&r=g\",\"contentUrl\":\"https:\\\/\\\/secure.gravatar.com\\\/avatar\\\/4c81fed838786e9b53f540bf46533e750f5d292099ae3b66cfc6fb1982e29df7?s=96&d=mm&r=g\",\"caption\":\"admin\"},\"description\":\"admin\",\"url\":\"https:\\\/\\\/lasentinelle.dz\\\/author\\\/admin\\\/\"}]}<\/script>\n<!-- \/ Yoast SEO plugin. -->","yoast_head_json":{"title":"Lutte contre le terrorisme en Afrique\u00a0: Tebboune appelle \u00e0 une transformation radicale - La Sentinelle","robots":{"index":"index","follow":"follow","max-snippet":"max-snippet:-1","max-image-preview":"max-image-preview:large","max-video-preview":"max-video-preview:-1"},"canonical":"https:\/\/lasentinelle.dz\/index.php\/2026\/08\/31\/lutte-contre-le-terrorisme-en-afrique-tebboune-appelle-a-une-transformation-radicale\/","og_locale":"fr_FR","og_type":"article","og_title":"Lutte contre le terrorisme en Afrique\u00a0: Tebboune appelle \u00e0 une transformation radicale - La Sentinelle","og_description":"Le pr\u00e9sident de la R\u00e9publique Abdelmadjid Tebboune a appel\u00e9 dimanche les dirigeants africains \u00e0 op\u00e9rer \u00ab une transformation radicale dans","og_url":"https:\/\/lasentinelle.dz\/index.php\/2026\/08\/31\/lutte-contre-le-terrorisme-en-afrique-tebboune-appelle-a-une-transformation-radicale\/","og_site_name":"La Sentinelle","article_publisher":"https:\/\/www.facebook.com\/La-Sentinelle-104059864394773","article_published_time":"2026-08-31T10:44:55+00:00","article_modified_time":"2026-08-31T10:44:58+00:00","og_image":[{"width":580,"height":350,"url":"https:\/\/lasentinelle.dz\/wp-content\/uploads\/2026\/06\/Tebboune.jpeg","type":"image\/jpeg"}],"author":"admin","twitter_card":"summary_large_image","twitter_misc":{"\u00c9crit par":"admin","Dur\u00e9e de lecture estim\u00e9e":"4 minutes"},"schema":{"@context":"https:\/\/schema.org","@graph":[{"@type":"Article","@id":"https:\/\/lasentinelle.dz\/index.php\/2026\/08\/31\/lutte-contre-le-terrorisme-en-afrique-tebboune-appelle-a-une-transformation-radicale\/#article","isPartOf":{"@id":"https:\/\/lasentinelle.dz\/index.php\/2026\/08\/31\/lutte-contre-le-terrorisme-en-afrique-tebboune-appelle-a-une-transformation-radicale\/"},"author":{"name":"admin","@id":"https:\/\/lasentinelle.dz\/#\/schema\/person\/729ee0024f24e0b8c5ec17232f8e8b41"},"headline":"Lutte contre le terrorisme en Afrique\u00a0: Tebboune appelle \u00e0 une transformation radicale","datePublished":"2026-08-31T10:44:55+00:00","dateModified":"2026-08-31T10:44:58+00:00","mainEntityOfPage":{"@id":"https:\/\/lasentinelle.dz\/index.php\/2026\/08\/31\/lutte-contre-le-terrorisme-en-afrique-tebboune-appelle-a-une-transformation-radicale\/"},"wordCount":830,"commentCount":0,"publisher":{"@id":"https:\/\/lasentinelle.dz\/#organization"},"image":{"@id":"https:\/\/lasentinelle.dz\/index.php\/2026\/08\/31\/lutte-contre-le-terrorisme-en-afrique-tebboune-appelle-a-une-transformation-radicale\/#primaryimage"},"thumbnailUrl":"https:\/\/lasentinelle.dz\/wp-content\/uploads\/2026\/06\/Tebboune.jpeg","articleSection":["Actualit\u00e9"],"inLanguage":"fr-FR","potentialAction":[{"@type":"CommentAction","name":"Comment","target":["https:\/\/lasentinelle.dz\/index.php\/2026\/08\/31\/lutte-contre-le-terrorisme-en-afrique-tebboune-appelle-a-une-transformation-radicale\/#respond"]}]},{"@type":"WebPage","@id":"https:\/\/lasentinelle.dz\/index.php\/2026\/08\/31\/lutte-contre-le-terrorisme-en-afrique-tebboune-appelle-a-une-transformation-radicale\/","url":"https:\/\/lasentinelle.dz\/index.php\/2026\/08\/31\/lutte-contre-le-terrorisme-en-afrique-tebboune-appelle-a-une-transformation-radicale\/","name":"Lutte contre le terrorisme en Afrique\u00a0: Tebboune appelle \u00e0 une transformation radicale - La Sentinelle","isPartOf":{"@id":"https:\/\/lasentinelle.dz\/#website"},"primaryImageOfPage":{"@id":"https:\/\/lasentinelle.dz\/index.php\/2026\/08\/31\/lutte-contre-le-terrorisme-en-afrique-tebboune-appelle-a-une-transformation-radicale\/#primaryimage"},"image":{"@id":"https:\/\/lasentinelle.dz\/index.php\/2026\/08\/31\/lutte-contre-le-terrorisme-en-afrique-tebboune-appelle-a-une-transformation-radicale\/#primaryimage"},"thumbnailUrl":"https:\/\/lasentinelle.dz\/wp-content\/uploads\/2026\/06\/Tebboune.jpeg","datePublished":"2026-08-31T10:44:55+00:00","dateModified":"2026-08-31T10:44:58+00:00","breadcrumb":{"@id":"https:\/\/lasentinelle.dz\/index.php\/2026\/08\/31\/lutte-contre-le-terrorisme-en-afrique-tebboune-appelle-a-une-transformation-radicale\/#breadcrumb"},"inLanguage":"fr-FR","potentialAction":[{"@type":"ReadAction","target":["https:\/\/lasentinelle.dz\/index.php\/2026\/08\/31\/lutte-contre-le-terrorisme-en-afrique-tebboune-appelle-a-une-transformation-radicale\/"]}]},{"@type":"ImageObject","inLanguage":"fr-FR","@id":"https:\/\/lasentinelle.dz\/index.php\/2026\/08\/31\/lutte-contre-le-terrorisme-en-afrique-tebboune-appelle-a-une-transformation-radicale\/#primaryimage","url":"https:\/\/lasentinelle.dz\/wp-content\/uploads\/2026\/06\/Tebboune.jpeg","contentUrl":"https:\/\/lasentinelle.dz\/wp-content\/uploads\/2026\/06\/Tebboune.jpeg","width":580,"height":350},{"@type":"BreadcrumbList","@id":"https:\/\/lasentinelle.dz\/index.php\/2026\/08\/31\/lutte-contre-le-terrorisme-en-afrique-tebboune-appelle-a-une-transformation-radicale\/#breadcrumb","itemListElement":[{"@type":"ListItem","position":1,"name":"Accueil","item":"https:\/\/lasentinelle.dz\/"},{"@type":"ListItem","position":2,"name":"Lutte contre le terrorisme en Afrique\u00a0: Tebboune appelle \u00e0 une transformation radicale"}]},{"@type":"WebSite","@id":"https:\/\/lasentinelle.dz\/#website","url":"https:\/\/lasentinelle.dz\/","name":"La Sentinelle","description":"Quotidien national d&#039;information","publisher":{"@id":"https:\/\/lasentinelle.dz\/#organization"},"potentialAction":[{"@type":"SearchAction","target":{"@type":"EntryPoint","urlTemplate":"https:\/\/lasentinelle.dz\/?s={search_term_string}"},"query-input":{"@type":"PropertyValueSpecification","valueRequired":true,"valueName":"search_term_string"}}],"inLanguage":"fr-FR"},{"@type":"Organization","@id":"https:\/\/lasentinelle.dz\/#organization","name":"Quotidien La Sentinelle","url":"https:\/\/lasentinelle.dz\/","logo":{"@type":"ImageObject","inLanguage":"fr-FR","@id":"https:\/\/lasentinelle.dz\/#\/schema\/logo\/image\/","url":"https:\/\/lasentinelle.dz\/wp-content\/uploads\/2021\/09\/logo-sentinelleSLOGAN-1.png","contentUrl":"https:\/\/lasentinelle.dz\/wp-content\/uploads\/2021\/09\/logo-sentinelleSLOGAN-1.png","width":615,"height":142,"caption":"Quotidien La Sentinelle"},"image":{"@id":"https:\/\/lasentinelle.dz\/#\/schema\/logo\/image\/"},"sameAs":["https:\/\/www.facebook.com\/La-Sentinelle-104059864394773"]},{"@type":"Person","@id":"https:\/\/lasentinelle.dz\/#\/schema\/person\/729ee0024f24e0b8c5ec17232f8e8b41","name":"admin","image":{"@type":"ImageObject","inLanguage":"fr-FR","@id":"https:\/\/secure.gravatar.com\/avatar\/4c81fed838786e9b53f540bf46533e750f5d292099ae3b66cfc6fb1982e29df7?s=96&d=mm&r=g","url":"https:\/\/secure.gravatar.com\/avatar\/4c81fed838786e9b53f540bf46533e750f5d292099ae3b66cfc6fb1982e29df7?s=96&d=mm&r=g","contentUrl":"https:\/\/secure.gravatar.com\/avatar\/4c81fed838786e9b53f540bf46533e750f5d292099ae3b66cfc6fb1982e29df7?s=96&d=mm&r=g","caption":"admin"},"description":"admin","url":"https:\/\/lasentinelle.dz\/author\/admin\/"}]}},"_links":{"self":[{"href":"https:\/\/lasentinelle.dz\/index.php\/wp-json\/wp\/v2\/posts\/94654","targetHints":{"allow":["GET"]}}],"collection":[{"href":"https:\/\/lasentinelle.dz\/index.php\/wp-json\/wp\/v2\/posts"}],"about":[{"href":"https:\/\/lasentinelle.dz\/index.php\/wp-json\/wp\/v2\/types\/post"}],"author":[{"embeddable":true,"href":"https:\/\/lasentinelle.dz\/index.php\/wp-json\/wp\/v2\/users\/6"}],"replies":[{"embeddable":true,"href":"https:\/\/lasentinelle.dz\/index.php\/wp-json\/wp\/v2\/comments?post=94654"}],"version-history":[{"count":1,"href":"https:\/\/lasentinelle.dz\/index.php\/wp-json\/wp\/v2\/posts\/94654\/revisions"}],"predecessor-version":[{"id":94655,"href":"https:\/\/lasentinelle.dz\/index.php\/wp-json\/wp\/v2\/posts\/94654\/revisions\/94655"}],"wp:featuredmedia":[{"embeddable":true,"href":"https:\/\/lasentinelle.dz\/index.php\/wp-json\/wp\/v2\/media\/89840"}],"wp:attachment":[{"href":"https:\/\/lasentinelle.dz\/index.php\/wp-json\/wp\/v2\/media?parent=94654"}],"wp:term":[{"taxonomy":"category","embeddable":true,"href":"https:\/\/lasentinelle.dz\/index.php\/wp-json\/wp\/v2\/categories?post=94654"},{"taxonomy":"post_tag","embeddable":true,"href":"https:\/\/lasentinelle.dz\/index.php\/wp-json\/wp\/v2\/tags?post=94654"}],"curies":[{"name":"wp","href":"https:\/\/api.w.org\/{rel}","templated":true}]}}