{"id":94660,"date":"2026-08-31T11:51:18","date_gmt":"2026-08-31T10:51:18","guid":{"rendered":"https:\/\/lasentinelle.dz\/?p=94660"},"modified":"2026-08-31T11:51:20","modified_gmt":"2026-08-31T10:51:20","slug":"approvisionnement-des-regions-sinistrees-en-medicaments-eau-et-differentes-marchandises-lexecutif-mobilise","status":"publish","type":"post","link":"https:\/\/lasentinelle.dz\/index.php\/2026\/08\/31\/approvisionnement-des-regions-sinistrees-en-medicaments-eau-et-differentes-marchandises-lexecutif-mobilise\/","title":{"rendered":"Approvisionnement des r\u00e9gions sinistr\u00e9es en m\u00e9dicaments, eau et diff\u00e9rentes marchandises : L&rsquo;Ex\u00e9cutif mobilis\u00e9"},"content":{"rendered":"\n<p class=\"wp-block-paragraph\"><\/p>\n\n\n\n<p class=\"wp-block-paragraph\">Face aux incendies qui ont ravag\u00e9 plusieurs wilayas de l&rsquo;Est du pays ces derniers jours, le gouvernement a activ\u00e9, ce week-end, l&rsquo;ensemble de ses d\u00e9partements minist\u00e9riels pour garantir l&rsquo;approvisionnement des populations sinistr\u00e9es en eau potable, en m\u00e9dicaments et en produits de premi\u00e8re n\u00e9cessit\u00e9, selon une s\u00e9rie de communiqu\u00e9s publi\u00e9s samedi et dimanche par les minist\u00e8res concern\u00e9s. Sur le volet hydraulique, le ministre du secteur, Loun\u00e8s Bouzegza, a instruit samedi de \u00ab mobiliser tous les moyens n\u00e9cessaires pour assurer la continuit\u00e9 de l&rsquo;approvisionnement des citoyens sinistr\u00e9s par les feux de for\u00eat en eau potable \u00bb, tout en acc\u00e9l\u00e9rant le recensement et la r\u00e9habilitation des infrastructures endommag\u00e9es. Le ministre a ordonn\u00e9 la mobilisation des citernes de l&rsquo;Alg\u00e9rienne des eaux (ADE) relevant de plusieurs wilayas, ainsi que le \u00ab recensement imm\u00e9diat et pr\u00e9cis \u00bb de l&rsquo;ensemble des infrastructures hydrauliques touch\u00e9es par les feux enregistr\u00e9s dans plusieurs wilayas de l&rsquo;Est. Il a par ailleurs insist\u00e9 sur la n\u00e9cessit\u00e9 d&rsquo;accompagner les citoyens \u00ab dans cette douloureuse \u00e9preuve \u00bb. De son c\u00f4t\u00e9, l&rsquo;ADE a affirm\u00e9 avoir mobilis\u00e9 l&rsquo;ensemble de ses moyens humains et mat\u00e9riels au niveau de ses unit\u00e9s de Jijel, B\u00e9ja\u00efa, Skikda et S\u00e9tif, pr\u00e9cisant que ses \u00e9quipes techniques, notamment des citernes, contribuent aux op\u00e9rations d&rsquo;extinction aux c\u00f4t\u00e9s de la Protection civile, et que ses \u00e9quipes de maintenance demeurent mobilis\u00e9es \u00ab jusqu&rsquo;au r\u00e9tablissement de l&rsquo;alimentation en eau potable dans les zones sinistr\u00e9es dans les meilleurs d\u00e9lais \u00bb. Le secteur du Commerce int\u00e9rieur a lui aussi \u00e9t\u00e9 mis \u00e0 contribution. La ministre du Commerce int\u00e9rieur et de la R\u00e9gulation du march\u00e9 national, Amel Abdellatif, a pr\u00e9sid\u00e9 samedi une r\u00e9union de coordination par visioconf\u00e9rence avec les directeurs r\u00e9gionaux et de wilaya du commerce, au cours de laquelle elle a donn\u00e9 des instructions portant sur \u00ab la n\u00e9cessit\u00e9 de poursuivre la coordination et la communication permanente avec les autorit\u00e9s locales des wilayas sinistr\u00e9es \u00bb, ainsi que sur le renforcement du \u00ab suivi quotidien des stocks de produits de premi\u00e8re n\u00e9cessit\u00e9 \u00bb, avec une \u00ab intervention imm\u00e9diate en cas de besoin \u00bb. La rencontre a \u00e9galement permis de recenser les besoins exprim\u00e9s sur le terrain et de s&rsquo;assurer de leur prise en charge dans les d\u00e9lais.<\/p>\n\n\n\n<p class=\"wp-block-paragraph\">Le minist\u00e8re de la Sant\u00e9 a de son c\u00f4t\u00e9 assur\u00e9, dimanche, avoir \u00ab mobilis\u00e9 tous les moyens humains et mat\u00e9riels au niveau des \u00e9tablissements de sant\u00e9 concern\u00e9s \u00bb pour garantir une prise en charge optimale des bless\u00e9s, pr\u00e9cisant n&rsquo;avoir relev\u00e9 \u00ab aucune insuffisance susceptible d&rsquo;impacter la qualit\u00e9 et la continuit\u00e9 de la prise en charge sanitaire \u00bb. Le minist\u00e8re a indiqu\u00e9 que les m\u00e9dicaments et dispositifs m\u00e9dicaux sont disponibles en quantit\u00e9s suffisantes, les m\u00e9canismes de suivi et d&rsquo;approvisionnement ayant \u00e9t\u00e9 activ\u00e9s \u00ab d\u00e8s les premi\u00e8res heures du d\u00e9clenchement des incendies \u00bb. Il a rappel\u00e9 que la Pharmacie centrale des h\u00f4pitaux assure tout au long de l&rsquo;ann\u00e9e l&rsquo;approvisionnement des structures sanitaires, avec un renforcement sp\u00e9cifique durant la saison estivale.<\/p>\n\n\n\n<p class=\"wp-block-paragraph\">La solidarit\u00e9 nationale s&rsquo;est \u00e9galement mobilis\u00e9e sur le terrain. Le minist\u00e8re de la Solidarit\u00e9 nationale, de la Famille et de la Condition de la femme a indiqu\u00e9 dimanche que les \u00e9quipes des cellules de solidarit\u00e9 de proximit\u00e9 poursuivent leurs interventions dans les wilayas de Tizi Ouzou, Jijel et El Tarf, \u00ab en application des instructions \u00bb de la ministre Soraya Mouloudji, \u00ab dans le cadre de la prise en charge des familles impact\u00e9es \u00bb. \u00c0 Jijel, plus de 55 enfants h\u00e9berg\u00e9s au centre de formation professionnelle de Chekfa ont b\u00e9n\u00e9fici\u00e9 d&rsquo;une troisi\u00e8me s\u00e9ance de suivi psychologique, tandis qu&rsquo;\u00e0 El Tarf, 65 familles \u00e9vacu\u00e9es de la r\u00e9gion de Khenguet Aoun ont re\u00e7u des aides mat\u00e9rielles et un accompagnement psychosocial.<\/p>\n\n\n\n<p class=\"wp-block-paragraph\">Cette mobilisation institutionnelle s&rsquo;accompagne d&rsquo;un \u00e9lan de solidarit\u00e9 venu du secteur \u00e9conomique. Le groupe Agro-logistique (Agrolog) a lanc\u00e9 dimanche une op\u00e9ration de fourniture de produits de premi\u00e8re n\u00e9cessit\u00e9 aux sinistr\u00e9s, \u00e0 travers plusieurs de ses filiales. Le directeur g\u00e9n\u00e9ral d&rsquo;ALVIAR, Mohamed Rezki, a indiqu\u00e9 \u00e0 l&rsquo;APS que cette initiative a permis d&rsquo;acheminer \u00ab plus de 40 camions vers les wilayas sinistr\u00e9es, notamment Jijel \u00bb, charg\u00e9s de literie, d&rsquo;eau min\u00e9rale, de lait, de volaille et d&rsquo;aliments de b\u00e9tail fournis par ALVIAR, l&rsquo;ONAB et FRIGOMEDIT.<\/p>\n\n\n\n<p class=\"wp-block-paragraph\">Cet ensemble de mesures illustre la mobilisation simultan\u00e9e des diff\u00e9rents secteurs de l&rsquo;\u00c9tat, en coordination avec les acteurs \u00e9conomiques, pour att\u00e9nuer les cons\u00e9quences des incendies sur les populations touch\u00e9es et accompagner leur retour \u00e0 la normale.<\/p>\n\n\n\n<p class=\"wp-block-paragraph\">Lyna Larbi<\/p>\n","protected":false},"excerpt":{"rendered":"<p>Face aux incendies qui ont ravag\u00e9 plusieurs wilayas de l&rsquo;Est du pays ces derniers jours, le gouvernement a activ\u00e9, ce<\/p>\n","protected":false},"author":6,"featured_media":94663,"comment_status":"open","ping_status":"closed","sticky":false,"template":"","format":"standard","meta":{"colormag_page_container_layout":"default_layout","colormag_page_sidebar_layout":"default_layout","om_disable_all_campaigns":false,"_monsterinsights_skip_tracking":false,"footnotes":"","_wpscppro_dont_share_socialmedia":false,"_wpscppro_custom_social_share_image":0,"_facebook_share_type":"default","_twitter_share_type":"default","_linkedin_share_type":"default","_pinterest_share_type":"default","_linkedin_share_type_page":"","_instagram_share_type":"default","_medium_share_type":"default","_threads_share_type":"default","_google_business_share_type":"default","_bluesky_share_type":"default","_mastodon_share_type":"default","_selected_social_profile":[],"_wpsp_enable_custom_social_template":false,"_wpsp_social_scheduling":{"enabled":false,"datetime":null,"platforms":[],"status":"template_only","dateOption":"today","timeOption":"now","customDays":"","customHours":"","customDate":"","customTime":"","schedulingType":"absolute"},"_wpsp_active_default_template":true},"categories":[27,1],"tags":[],"class_list":["post-94660","post","type-post","status-publish","format-standard","has-post-thumbnail","hentry","category-actualite","category-uncategorized"],"aioseo_notices":[],"aioseo_head":"\n\t\t<!-- All in One SEO 5.0.0.1 - aioseo.com -->\n\t<meta name=\"description\" content=\"Face aux incendies qui ont ravag\u00e9 plusieurs wilayas de l&#039;Est du pays ces derniers jours, le gouvernement a activ\u00e9, ce week-end, l&#039;ensemble de ses d\u00e9partements minist\u00e9riels pour garantir l&#039;approvisionnement des populations sinistr\u00e9es en eau potable, en m\u00e9dicaments et en produits de premi\u00e8re n\u00e9cessit\u00e9, selon une s\u00e9rie de communiqu\u00e9s publi\u00e9s samedi et dimanche par les minist\u00e8res\" \/>\n\t<meta name=\"robots\" content=\"max-image-preview:large\" \/>\n\t<meta name=\"author\" content=\"admin\"\/>\n\t<link rel=\"canonical\" href=\"https:\/\/lasentinelle.dz\/index.php\/2026\/08\/31\/approvisionnement-des-regions-sinistrees-en-medicaments-eau-et-differentes-marchandises-lexecutif-mobilise\/\" \/>\n\t<meta name=\"generator\" content=\"All in One SEO (AIOSEO) 5.0.0.1\" \/>\n\t\t<meta property=\"og:locale\" content=\"fr_FR\" \/>\n\t\t<meta property=\"og:site_name\" content=\"La Sentinelle - Quotidien national d&#039;information\" \/>\n\t\t<meta property=\"og:type\" content=\"article\" \/>\n\t\t<meta property=\"og:title\" content=\"Approvisionnement des r\u00e9gions sinistr\u00e9es en m\u00e9dicaments, eau et diff\u00e9rentes marchandises : L\u2019Ex\u00e9cutif mobilis\u00e9 - La Sentinelle\" \/>\n\t\t<meta property=\"og:description\" content=\"Face aux incendies qui ont ravag\u00e9 plusieurs wilayas de l&#039;Est du pays ces derniers jours, le gouvernement a activ\u00e9, ce week-end, l&#039;ensemble de ses d\u00e9partements minist\u00e9riels pour garantir l&#039;approvisionnement des populations sinistr\u00e9es en eau potable, en m\u00e9dicaments et en produits de premi\u00e8re n\u00e9cessit\u00e9, selon une s\u00e9rie de communiqu\u00e9s publi\u00e9s samedi et dimanche par les minist\u00e8res\" \/>\n\t\t<meta property=\"og:url\" content=\"https:\/\/lasentinelle.dz\/index.php\/2026\/08\/31\/approvisionnement-des-regions-sinistrees-en-medicaments-eau-et-differentes-marchandises-lexecutif-mobilise\/\" \/>\n\t\t<meta property=\"og:image\" content=\"https:\/\/lasentinelle.dz\/wp-content\/uploads\/2021\/09\/cropped-la-sentinelle-earth-golden-anima-5.gif\" \/>\n\t\t<meta property=\"og:image:secure_url\" content=\"https:\/\/lasentinelle.dz\/wp-content\/uploads\/2021\/09\/cropped-la-sentinelle-earth-golden-anima-5.gif\" \/>\n\t\t<meta property=\"og:image:width\" content=\"450\" \/>\n\t\t<meta property=\"og:image:height\" content=\"213\" \/>\n\t\t<meta property=\"article:published_time\" content=\"2026-08-31T10:51:18+00:00\" \/>\n\t\t<meta property=\"article:modified_time\" content=\"2026-08-31T10:51:20+00:00\" \/>\n\t\t<meta property=\"article:publisher\" content=\"https:\/\/www.facebook.com\/azzedine.lasentinelle.1\" \/>\n\t\t<meta name=\"twitter:card\" content=\"summary_large_image\" \/>\n\t\t<meta name=\"twitter:title\" content=\"Approvisionnement des r\u00e9gions sinistr\u00e9es en m\u00e9dicaments, eau et diff\u00e9rentes marchandises : L\u2019Ex\u00e9cutif mobilis\u00e9 - La Sentinelle\" \/>\n\t\t<meta name=\"twitter:description\" content=\"Face aux incendies qui ont ravag\u00e9 plusieurs wilayas de l&#039;Est du pays ces derniers jours, le gouvernement a activ\u00e9, ce week-end, l&#039;ensemble de ses d\u00e9partements minist\u00e9riels pour garantir l&#039;approvisionnement des populations sinistr\u00e9es en eau potable, en m\u00e9dicaments et en produits de premi\u00e8re n\u00e9cessit\u00e9, selon une s\u00e9rie de communiqu\u00e9s publi\u00e9s samedi et dimanche par les minist\u00e8res\" \/>\n\t\t<meta name=\"twitter:image\" content=\"https:\/\/lasentinelle.dz\/wp-content\/uploads\/2021\/09\/cropped-la-sentinelle-earth-golden-anima-5.gif\" \/>\n\t\t<script type=\"application\/ld+json\" class=\"aioseo-schema\">\n\t\t\t{\"@context\":\"https:\\\/\\\/schema.org\",\"@graph\":[{\"@type\":\"BlogPosting\",\"@id\":\"https:\\\/\\\/lasentinelle.dz\\\/index.php\\\/2026\\\/08\\\/31\\\/approvisionnement-des-regions-sinistrees-en-medicaments-eau-et-differentes-marchandises-lexecutif-mobilise\\\/#blogposting\",\"name\":\"Approvisionnement des r\\u00e9gions sinistr\\u00e9es en m\\u00e9dicaments, eau et diff\\u00e9rentes marchandises : L\\u2019Ex\\u00e9cutif mobilis\\u00e9 - La Sentinelle\",\"headline\":\"Approvisionnement des r\\u00e9gions sinistr\\u00e9es en m\\u00e9dicaments, eau et diff\\u00e9rentes marchandises : L&rsquo;Ex\\u00e9cutif mobilis\\u00e9\",\"author\":{\"@id\":\"https:\\\/\\\/lasentinelle.dz\\\/author\\\/admin\\\/#author\"},\"publisher\":{\"@id\":\"https:\\\/\\\/lasentinelle.dz\\\/#organization\"},\"image\":{\"@type\":\"ImageObject\",\"url\":\"https:\\\/\\\/lasentinelle.dz\\\/wp-content\\\/uploads\\\/2026\\\/08\\\/ncs-cc-fvdscf-.webp\",\"width\":1200,\"height\":900},\"datePublished\":\"2026-08-31T11:51:18+01:00\",\"dateModified\":\"2026-08-31T11:51:20+01:00\",\"inLanguage\":\"fr-FR\",\"mainEntityOfPage\":{\"@id\":\"https:\\\/\\\/lasentinelle.dz\\\/index.php\\\/2026\\\/08\\\/31\\\/approvisionnement-des-regions-sinistrees-en-medicaments-eau-et-differentes-marchandises-lexecutif-mobilise\\\/#webpage\"},\"isPartOf\":{\"@id\":\"https:\\\/\\\/lasentinelle.dz\\\/index.php\\\/2026\\\/08\\\/31\\\/approvisionnement-des-regions-sinistrees-en-medicaments-eau-et-differentes-marchandises-lexecutif-mobilise\\\/#webpage\"},\"articleSection\":\"Actualit\\u00e9, Uncategorized\"},{\"@type\":\"BreadcrumbList\",\"@id\":\"https:\\\/\\\/lasentinelle.dz\\\/index.php\\\/2026\\\/08\\\/31\\\/approvisionnement-des-regions-sinistrees-en-medicaments-eau-et-differentes-marchandises-lexecutif-mobilise\\\/#breadcrumblist\",\"itemListElement\":[{\"@type\":\"ListItem\",\"@id\":\"https:\\\/\\\/lasentinelle.dz#listItem\",\"position\":1,\"name\":\"Home\",\"item\":\"https:\\\/\\\/lasentinelle.dz\",\"nextItem\":{\"@type\":\"ListItem\",\"@id\":\"https:\\\/\\\/lasentinelle.dz\\\/index.php\\\/category\\\/uncategorized\\\/#listItem\",\"name\":\"Uncategorized\"}},{\"@type\":\"ListItem\",\"@id\":\"https:\\\/\\\/lasentinelle.dz\\\/index.php\\\/category\\\/uncategorized\\\/#listItem\",\"position\":2,\"name\":\"Uncategorized\",\"item\":\"https:\\\/\\\/lasentinelle.dz\\\/index.php\\\/category\\\/uncategorized\\\/\",\"nextItem\":{\"@type\":\"ListItem\",\"@id\":\"https:\\\/\\\/lasentinelle.dz\\\/index.php\\\/2026\\\/08\\\/31\\\/approvisionnement-des-regions-sinistrees-en-medicaments-eau-et-differentes-marchandises-lexecutif-mobilise\\\/#listItem\",\"name\":\"Approvisionnement des r\\u00e9gions sinistr\\u00e9es en m\\u00e9dicaments, eau et diff\\u00e9rentes marchandises : L&rsquo;Ex\\u00e9cutif mobilis\\u00e9\"},\"previousItem\":{\"@type\":\"ListItem\",\"@id\":\"https:\\\/\\\/lasentinelle.dz#listItem\",\"name\":\"Home\"}},{\"@type\":\"ListItem\",\"@id\":\"https:\\\/\\\/lasentinelle.dz\\\/index.php\\\/2026\\\/08\\\/31\\\/approvisionnement-des-regions-sinistrees-en-medicaments-eau-et-differentes-marchandises-lexecutif-mobilise\\\/#listItem\",\"position\":3,\"name\":\"Approvisionnement des r\\u00e9gions sinistr\\u00e9es en m\\u00e9dicaments, eau et diff\\u00e9rentes marchandises : L&rsquo;Ex\\u00e9cutif mobilis\\u00e9\",\"previousItem\":{\"@type\":\"ListItem\",\"@id\":\"https:\\\/\\\/lasentinelle.dz\\\/index.php\\\/category\\\/uncategorized\\\/#listItem\",\"name\":\"Uncategorized\"}}]},{\"@type\":\"Organization\",\"@id\":\"https:\\\/\\\/lasentinelle.dz\\\/#organization\",\"name\":\"La Sentinelle La Sentinelle\",\"description\":\"Quotidien national d'information\",\"url\":\"https:\\\/\\\/lasentinelle.dz\\\/\",\"logo\":{\"@type\":\"ImageObject\",\"url\":\"https:\\\/\\\/lasentinelle.dz\\\/wp-content\\\/uploads\\\/2021\\\/09\\\/cropped-la-sentinelle-earth-golden-anima-5.gif\",\"@id\":\"https:\\\/\\\/lasentinelle.dz\\\/index.php\\\/2026\\\/08\\\/31\\\/approvisionnement-des-regions-sinistrees-en-medicaments-eau-et-differentes-marchandises-lexecutif-mobilise\\\/#organizationLogo\",\"width\":450,\"height\":213},\"image\":{\"@id\":\"https:\\\/\\\/lasentinelle.dz\\\/index.php\\\/2026\\\/08\\\/31\\\/approvisionnement-des-regions-sinistrees-en-medicaments-eau-et-differentes-marchandises-lexecutif-mobilise\\\/#organizationLogo\"},\"sameAs\":[\"https:\\\/\\\/www.facebook.com\\\/azzedine.lasentinelle.1\"]},{\"@type\":\"Person\",\"@id\":\"https:\\\/\\\/lasentinelle.dz\\\/author\\\/admin\\\/#author\",\"url\":\"https:\\\/\\\/lasentinelle.dz\\\/author\\\/admin\\\/\",\"name\":\"admin\",\"image\":{\"@type\":\"ImageObject\",\"@id\":\"https:\\\/\\\/lasentinelle.dz\\\/index.php\\\/2026\\\/08\\\/31\\\/approvisionnement-des-regions-sinistrees-en-medicaments-eau-et-differentes-marchandises-lexecutif-mobilise\\\/#authorImage\",\"url\":\"https:\\\/\\\/secure.gravatar.com\\\/avatar\\\/4c81fed838786e9b53f540bf46533e750f5d292099ae3b66cfc6fb1982e29df7?s=96&d=mm&r=g\",\"width\":96,\"height\":96,\"caption\":\"admin\"}},{\"@type\":\"WebPage\",\"@id\":\"https:\\\/\\\/lasentinelle.dz\\\/index.php\\\/2026\\\/08\\\/31\\\/approvisionnement-des-regions-sinistrees-en-medicaments-eau-et-differentes-marchandises-lexecutif-mobilise\\\/#webpage\",\"url\":\"https:\\\/\\\/lasentinelle.dz\\\/index.php\\\/2026\\\/08\\\/31\\\/approvisionnement-des-regions-sinistrees-en-medicaments-eau-et-differentes-marchandises-lexecutif-mobilise\\\/\",\"name\":\"Approvisionnement des r\\u00e9gions sinistr\\u00e9es en m\\u00e9dicaments, eau et diff\\u00e9rentes marchandises : L\\u2019Ex\\u00e9cutif mobilis\\u00e9 - La Sentinelle\",\"description\":\"Face aux incendies qui ont ravag\\u00e9 plusieurs wilayas de l'Est du pays ces derniers jours, le gouvernement a activ\\u00e9, ce week-end, l'ensemble de ses d\\u00e9partements minist\\u00e9riels pour garantir l'approvisionnement des populations sinistr\\u00e9es en eau potable, en m\\u00e9dicaments et en produits de premi\\u00e8re n\\u00e9cessit\\u00e9, selon une s\\u00e9rie de communiqu\\u00e9s publi\\u00e9s samedi et dimanche par les minist\\u00e8res\",\"inLanguage\":\"fr-FR\",\"isPartOf\":{\"@id\":\"https:\\\/\\\/lasentinelle.dz\\\/#website\"},\"breadcrumb\":{\"@id\":\"https:\\\/\\\/lasentinelle.dz\\\/index.php\\\/2026\\\/08\\\/31\\\/approvisionnement-des-regions-sinistrees-en-medicaments-eau-et-differentes-marchandises-lexecutif-mobilise\\\/#breadcrumblist\"},\"author\":{\"@id\":\"https:\\\/\\\/lasentinelle.dz\\\/author\\\/admin\\\/#author\"},\"creator\":{\"@id\":\"https:\\\/\\\/lasentinelle.dz\\\/author\\\/admin\\\/#author\"},\"image\":{\"@type\":\"ImageObject\",\"url\":\"https:\\\/\\\/lasentinelle.dz\\\/wp-content\\\/uploads\\\/2026\\\/08\\\/ncs-cc-fvdscf-.webp\",\"@id\":\"https:\\\/\\\/lasentinelle.dz\\\/index.php\\\/2026\\\/08\\\/31\\\/approvisionnement-des-regions-sinistrees-en-medicaments-eau-et-differentes-marchandises-lexecutif-mobilise\\\/#mainImage\",\"width\":1200,\"height\":900},\"primaryImageOfPage\":{\"@id\":\"https:\\\/\\\/lasentinelle.dz\\\/index.php\\\/2026\\\/08\\\/31\\\/approvisionnement-des-regions-sinistrees-en-medicaments-eau-et-differentes-marchandises-lexecutif-mobilise\\\/#mainImage\"},\"datePublished\":\"2026-08-31T11:51:18+01:00\",\"dateModified\":\"2026-08-31T11:51:20+01:00\"},{\"@type\":\"WebSite\",\"@id\":\"https:\\\/\\\/lasentinelle.dz\\\/#website\",\"url\":\"https:\\\/\\\/lasentinelle.dz\\\/\",\"name\":\"La Sentinelle\",\"description\":\"Quotidien national d'information\",\"inLanguage\":\"fr-FR\",\"publisher\":{\"@id\":\"https:\\\/\\\/lasentinelle.dz\\\/#organization\"}}]}\n\t\t<\/script>\n\t\t<!-- All in One SEO -->\n\n","aioseo_head_json":{"title":"Approvisionnement des r\u00e9gions sinistr\u00e9es en m\u00e9dicaments, eau et diff\u00e9rentes marchandises : L\u2019Ex\u00e9cutif mobilis\u00e9 - La Sentinelle","description":"Face aux incendies qui ont ravag\u00e9 plusieurs wilayas de l'Est du pays ces derniers jours, le gouvernement a activ\u00e9, ce week-end, l'ensemble de ses d\u00e9partements minist\u00e9riels pour garantir l'approvisionnement des populations sinistr\u00e9es en eau potable, en m\u00e9dicaments et en produits de premi\u00e8re n\u00e9cessit\u00e9, selon une s\u00e9rie de communiqu\u00e9s publi\u00e9s samedi et dimanche par les minist\u00e8res","canonical_url":"https:\/\/lasentinelle.dz\/index.php\/2026\/08\/31\/approvisionnement-des-regions-sinistrees-en-medicaments-eau-et-differentes-marchandises-lexecutif-mobilise\/","robots":"max-image-preview:large","keywords":"","webmasterTools":{"miscellaneous":""},"schema":{"@context":"https:\/\/schema.org","@graph":[{"@type":"BlogPosting","@id":"https:\/\/lasentinelle.dz\/index.php\/2026\/08\/31\/approvisionnement-des-regions-sinistrees-en-medicaments-eau-et-differentes-marchandises-lexecutif-mobilise\/#blogposting","name":"Approvisionnement des r\u00e9gions sinistr\u00e9es en m\u00e9dicaments, eau et diff\u00e9rentes marchandises : L\u2019Ex\u00e9cutif mobilis\u00e9 - La Sentinelle","headline":"Approvisionnement des r\u00e9gions sinistr\u00e9es en m\u00e9dicaments, eau et diff\u00e9rentes marchandises : L&rsquo;Ex\u00e9cutif mobilis\u00e9","author":{"@id":"https:\/\/lasentinelle.dz\/author\/admin\/#author"},"publisher":{"@id":"https:\/\/lasentinelle.dz\/#organization"},"image":{"@type":"ImageObject","url":"https:\/\/lasentinelle.dz\/wp-content\/uploads\/2026\/08\/ncs-cc-fvdscf-.webp","width":1200,"height":900},"datePublished":"2026-08-31T11:51:18+01:00","dateModified":"2026-08-31T11:51:20+01:00","inLanguage":"fr-FR","mainEntityOfPage":{"@id":"https:\/\/lasentinelle.dz\/index.php\/2026\/08\/31\/approvisionnement-des-regions-sinistrees-en-medicaments-eau-et-differentes-marchandises-lexecutif-mobilise\/#webpage"},"isPartOf":{"@id":"https:\/\/lasentinelle.dz\/index.php\/2026\/08\/31\/approvisionnement-des-regions-sinistrees-en-medicaments-eau-et-differentes-marchandises-lexecutif-mobilise\/#webpage"},"articleSection":"Actualit\u00e9, Uncategorized"},{"@type":"BreadcrumbList","@id":"https:\/\/lasentinelle.dz\/index.php\/2026\/08\/31\/approvisionnement-des-regions-sinistrees-en-medicaments-eau-et-differentes-marchandises-lexecutif-mobilise\/#breadcrumblist","itemListElement":[{"@type":"ListItem","@id":"https:\/\/lasentinelle.dz#listItem","position":1,"name":"Home","item":"https:\/\/lasentinelle.dz","nextItem":{"@type":"ListItem","@id":"https:\/\/lasentinelle.dz\/index.php\/category\/uncategorized\/#listItem","name":"Uncategorized"}},{"@type":"ListItem","@id":"https:\/\/lasentinelle.dz\/index.php\/category\/uncategorized\/#listItem","position":2,"name":"Uncategorized","item":"https:\/\/lasentinelle.dz\/index.php\/category\/uncategorized\/","nextItem":{"@type":"ListItem","@id":"https:\/\/lasentinelle.dz\/index.php\/2026\/08\/31\/approvisionnement-des-regions-sinistrees-en-medicaments-eau-et-differentes-marchandises-lexecutif-mobilise\/#listItem","name":"Approvisionnement des r\u00e9gions sinistr\u00e9es en m\u00e9dicaments, eau et diff\u00e9rentes marchandises : L&rsquo;Ex\u00e9cutif mobilis\u00e9"},"previousItem":{"@type":"ListItem","@id":"https:\/\/lasentinelle.dz#listItem","name":"Home"}},{"@type":"ListItem","@id":"https:\/\/lasentinelle.dz\/index.php\/2026\/08\/31\/approvisionnement-des-regions-sinistrees-en-medicaments-eau-et-differentes-marchandises-lexecutif-mobilise\/#listItem","position":3,"name":"Approvisionnement des r\u00e9gions sinistr\u00e9es en m\u00e9dicaments, eau et diff\u00e9rentes marchandises : L&rsquo;Ex\u00e9cutif mobilis\u00e9","previousItem":{"@type":"ListItem","@id":"https:\/\/lasentinelle.dz\/index.php\/category\/uncategorized\/#listItem","name":"Uncategorized"}}]},{"@type":"Organization","@id":"https:\/\/lasentinelle.dz\/#organization","name":"La Sentinelle La Sentinelle","description":"Quotidien national d'information","url":"https:\/\/lasentinelle.dz\/","logo":{"@type":"ImageObject","url":"https:\/\/lasentinelle.dz\/wp-content\/uploads\/2021\/09\/cropped-la-sentinelle-earth-golden-anima-5.gif","@id":"https:\/\/lasentinelle.dz\/index.php\/2026\/08\/31\/approvisionnement-des-regions-sinistrees-en-medicaments-eau-et-differentes-marchandises-lexecutif-mobilise\/#organizationLogo","width":450,"height":213},"image":{"@id":"https:\/\/lasentinelle.dz\/index.php\/2026\/08\/31\/approvisionnement-des-regions-sinistrees-en-medicaments-eau-et-differentes-marchandises-lexecutif-mobilise\/#organizationLogo"},"sameAs":["https:\/\/www.facebook.com\/azzedine.lasentinelle.1"]},{"@type":"Person","@id":"https:\/\/lasentinelle.dz\/author\/admin\/#author","url":"https:\/\/lasentinelle.dz\/author\/admin\/","name":"admin","image":{"@type":"ImageObject","@id":"https:\/\/lasentinelle.dz\/index.php\/2026\/08\/31\/approvisionnement-des-regions-sinistrees-en-medicaments-eau-et-differentes-marchandises-lexecutif-mobilise\/#authorImage","url":"https:\/\/secure.gravatar.com\/avatar\/4c81fed838786e9b53f540bf46533e750f5d292099ae3b66cfc6fb1982e29df7?s=96&d=mm&r=g","width":96,"height":96,"caption":"admin"}},{"@type":"WebPage","@id":"https:\/\/lasentinelle.dz\/index.php\/2026\/08\/31\/approvisionnement-des-regions-sinistrees-en-medicaments-eau-et-differentes-marchandises-lexecutif-mobilise\/#webpage","url":"https:\/\/lasentinelle.dz\/index.php\/2026\/08\/31\/approvisionnement-des-regions-sinistrees-en-medicaments-eau-et-differentes-marchandises-lexecutif-mobilise\/","name":"Approvisionnement des r\u00e9gions sinistr\u00e9es en m\u00e9dicaments, eau et diff\u00e9rentes marchandises : L\u2019Ex\u00e9cutif mobilis\u00e9 - La Sentinelle","description":"Face aux incendies qui ont ravag\u00e9 plusieurs wilayas de l'Est du pays ces derniers jours, le gouvernement a activ\u00e9, ce week-end, l'ensemble de ses d\u00e9partements minist\u00e9riels pour garantir l'approvisionnement des populations sinistr\u00e9es en eau potable, en m\u00e9dicaments et en produits de premi\u00e8re n\u00e9cessit\u00e9, selon une s\u00e9rie de communiqu\u00e9s publi\u00e9s samedi et dimanche par les minist\u00e8res","inLanguage":"fr-FR","isPartOf":{"@id":"https:\/\/lasentinelle.dz\/#website"},"breadcrumb":{"@id":"https:\/\/lasentinelle.dz\/index.php\/2026\/08\/31\/approvisionnement-des-regions-sinistrees-en-medicaments-eau-et-differentes-marchandises-lexecutif-mobilise\/#breadcrumblist"},"author":{"@id":"https:\/\/lasentinelle.dz\/author\/admin\/#author"},"creator":{"@id":"https:\/\/lasentinelle.dz\/author\/admin\/#author"},"image":{"@type":"ImageObject","url":"https:\/\/lasentinelle.dz\/wp-content\/uploads\/2026\/08\/ncs-cc-fvdscf-.webp","@id":"https:\/\/lasentinelle.dz\/index.php\/2026\/08\/31\/approvisionnement-des-regions-sinistrees-en-medicaments-eau-et-differentes-marchandises-lexecutif-mobilise\/#mainImage","width":1200,"height":900},"primaryImageOfPage":{"@id":"https:\/\/lasentinelle.dz\/index.php\/2026\/08\/31\/approvisionnement-des-regions-sinistrees-en-medicaments-eau-et-differentes-marchandises-lexecutif-mobilise\/#mainImage"},"datePublished":"2026-08-31T11:51:18+01:00","dateModified":"2026-08-31T11:51:20+01:00"},{"@type":"WebSite","@id":"https:\/\/lasentinelle.dz\/#website","url":"https:\/\/lasentinelle.dz\/","name":"La Sentinelle","description":"Quotidien national d'information","inLanguage":"fr-FR","publisher":{"@id":"https:\/\/lasentinelle.dz\/#organization"}}]},"og:locale":"fr_FR","og:site_name":"La Sentinelle - Quotidien national d'information","og:type":"article","og:title":"Approvisionnement des r\u00e9gions sinistr\u00e9es en m\u00e9dicaments, eau et diff\u00e9rentes marchandises : L\u2019Ex\u00e9cutif mobilis\u00e9 - La Sentinelle","og:description":"Face aux incendies qui ont ravag\u00e9 plusieurs wilayas de l'Est du pays ces derniers jours, le gouvernement a activ\u00e9, ce week-end, l'ensemble de ses d\u00e9partements minist\u00e9riels pour garantir l'approvisionnement des populations sinistr\u00e9es en eau potable, en m\u00e9dicaments et en produits de premi\u00e8re n\u00e9cessit\u00e9, selon une s\u00e9rie de communiqu\u00e9s publi\u00e9s samedi et dimanche par les minist\u00e8res","og:url":"https:\/\/lasentinelle.dz\/index.php\/2026\/08\/31\/approvisionnement-des-regions-sinistrees-en-medicaments-eau-et-differentes-marchandises-lexecutif-mobilise\/","og:image":"https:\/\/lasentinelle.dz\/wp-content\/uploads\/2021\/09\/cropped-la-sentinelle-earth-golden-anima-5.gif","og:image:secure_url":"https:\/\/lasentinelle.dz\/wp-content\/uploads\/2021\/09\/cropped-la-sentinelle-earth-golden-anima-5.gif","og:image:width":450,"og:image:height":213,"article:published_time":"2026-08-31T10:51:18+00:00","article:modified_time":"2026-08-31T10:51:20+00:00","article:publisher":"https:\/\/www.facebook.com\/azzedine.lasentinelle.1","twitter:card":"summary_large_image","twitter:title":"Approvisionnement des r\u00e9gions sinistr\u00e9es en m\u00e9dicaments, eau et diff\u00e9rentes marchandises : L\u2019Ex\u00e9cutif mobilis\u00e9 - La Sentinelle","twitter:description":"Face aux incendies qui ont ravag\u00e9 plusieurs wilayas de l'Est du pays ces derniers jours, le gouvernement a activ\u00e9, ce week-end, l'ensemble de ses d\u00e9partements minist\u00e9riels pour garantir l'approvisionnement des populations sinistr\u00e9es en eau potable, en m\u00e9dicaments et en produits de premi\u00e8re n\u00e9cessit\u00e9, selon une s\u00e9rie de communiqu\u00e9s publi\u00e9s samedi et dimanche par les minist\u00e8res","twitter:image":"https:\/\/lasentinelle.dz\/wp-content\/uploads\/2021\/09\/cropped-la-sentinelle-earth-golden-anima-5.gif"},"aioseo_meta_data":{"post_id":"94660","title":null,"description":null,"keywords":null,"keyphrases":{"focus":{"keyphrase":"","score":0,"analysis":{"keyphraseInTitle":{"score":0,"maxScore":9,"error":1}}},"additional":[]},"primary_term":null,"canonical_url":null,"og_title":null,"og_description":null,"og_object_type":"default","og_image_type":"default","og_image_url":null,"og_image_width":null,"og_image_height":null,"og_image_custom_url":null,"og_image_custom_fields":null,"og_video":"","og_custom_url":null,"og_article_section":null,"og_article_tags":null,"twitter_use_og":false,"twitter_card":"default","twitter_image_type":"default","twitter_image_url":null,"twitter_image_custom_url":null,"twitter_image_custom_fields":null,"twitter_title":null,"twitter_description":null,"schema":{"blockGraphs":[],"customGraphs":[],"default":{"data":{"Article":[],"Course":[],"Dataset":[],"FAQPage":[],"Movie":[],"Person":[],"Product":[],"ProductReview":[],"Car":[],"Recipe":[],"Service":[],"SoftwareApplication":[],"WebPage":[]},"graphName":"BlogPosting","isEnabled":true},"graphs":[]},"schema_type":"default","schema_type_options":null,"pillar_content":false,"robots_default":true,"robots_noindex":false,"robots_noarchive":false,"robots_nosnippet":false,"robots_nofollow":false,"robots_noimageindex":false,"robots_noodp":false,"robots_notranslate":false,"robots_max_snippet":"-1","robots_max_videopreview":"-1","robots_max_imagepreview":"large","priority":null,"frequency":"default","local_seo":null,"breadcrumb_settings":null,"limit_modified_date":false,"ai":{"faqs":[],"keyPoints":[],"schemas":[],"titles":[],"descriptions":[],"socialPosts":{"email":{"subject":"","preview":"","content":""},"linkedin":[],"twitter":[],"facebook":[],"instagram":[]}},"created":"2026-08-31 10:48:10","updated":"2026-08-31 11:23:35","focus_keyword":null,"additional_keywords":null,"truseo_locale":null,"seo_analyzer_scan_date":null},"aioseo_breadcrumb":"<div class=\"aioseo-breadcrumbs\"><span class=\"aioseo-breadcrumb\">\n\t\t\t<a href=\"https:\/\/lasentinelle.dz\" title=\"Home\">Home<\/a>\n\t\t<\/span><span class=\"aioseo-breadcrumb-separator\">&raquo;<\/span><span class=\"aioseo-breadcrumb\">\n\t\t\t<a href=\"https:\/\/lasentinelle.dz\/index.php\/category\/uncategorized\/\" title=\"Uncategorized\">Uncategorized<\/a>\n\t\t<\/span><span class=\"aioseo-breadcrumb-separator\">&raquo;<\/span><span class=\"aioseo-breadcrumb\">\n\t\t\tApprovisionnement des r\u00e9gions sinistr\u00e9es en m\u00e9dicaments, eau et diff\u00e9rentes marchandises : L\u2019Ex\u00e9cutif mobilis\u00e9\n\t\t<\/span><\/div>","aioseo_breadcrumb_json":[{"label":"Home","link":"https:\/\/lasentinelle.dz"},{"label":"Uncategorized","link":"https:\/\/lasentinelle.dz\/index.php\/category\/uncategorized\/"},{"label":"Approvisionnement des r\u00e9gions sinistr\u00e9es en m\u00e9dicaments, eau et diff\u00e9rentes marchandises : L&rsquo;Ex\u00e9cutif mobilis\u00e9","link":"https:\/\/lasentinelle.dz\/index.php\/2026\/08\/31\/approvisionnement-des-regions-sinistrees-en-medicaments-eau-et-differentes-marchandises-lexecutif-mobilise\/"}],"yoast_head":"<!-- This site is optimized with the Yoast SEO plugin v28.3 - https:\/\/yoast.com\/product\/yoast-seo-wordpress\/ -->\n<title>Approvisionnement des r\u00e9gions sinistr\u00e9es en m\u00e9dicaments, eau et diff\u00e9rentes marchandises : L&rsquo;Ex\u00e9cutif mobilis\u00e9 - La Sentinelle<\/title>\n<meta name=\"robots\" content=\"index, follow, max-snippet:-1, max-image-preview:large, max-video-preview:-1\" \/>\n<link rel=\"canonical\" href=\"https:\/\/lasentinelle.dz\/index.php\/2026\/08\/31\/approvisionnement-des-regions-sinistrees-en-medicaments-eau-et-differentes-marchandises-lexecutif-mobilise\/\" \/>\n<meta property=\"og:locale\" content=\"fr_FR\" \/>\n<meta property=\"og:type\" content=\"article\" \/>\n<meta property=\"og:title\" content=\"Approvisionnement des r\u00e9gions sinistr\u00e9es en m\u00e9dicaments, eau et diff\u00e9rentes marchandises : L&rsquo;Ex\u00e9cutif mobilis\u00e9 - La Sentinelle\" \/>\n<meta property=\"og:description\" content=\"Face aux incendies qui ont ravag\u00e9 plusieurs wilayas de l&rsquo;Est du pays ces derniers jours, le gouvernement a activ\u00e9, ce\" \/>\n<meta property=\"og:url\" content=\"https:\/\/lasentinelle.dz\/index.php\/2026\/08\/31\/approvisionnement-des-regions-sinistrees-en-medicaments-eau-et-differentes-marchandises-lexecutif-mobilise\/\" \/>\n<meta property=\"og:site_name\" content=\"La Sentinelle\" \/>\n<meta property=\"article:publisher\" content=\"https:\/\/www.facebook.com\/La-Sentinelle-104059864394773\" \/>\n<meta property=\"article:published_time\" content=\"2026-08-31T10:51:18+00:00\" \/>\n<meta property=\"article:modified_time\" content=\"2026-08-31T10:51:20+00:00\" \/>\n<meta property=\"og:image\" content=\"https:\/\/lasentinelle.dz\/wp-content\/uploads\/2026\/08\/ncs-cc-fvdscf-.webp\" \/>\n\t<meta property=\"og:image:width\" content=\"1200\" \/>\n\t<meta property=\"og:image:height\" content=\"900\" \/>\n\t<meta property=\"og:image:type\" content=\"image\/webp\" \/>\n<meta name=\"author\" content=\"admin\" \/>\n<meta name=\"twitter:card\" content=\"summary_large_image\" \/>\n<meta name=\"twitter:label1\" content=\"\u00c9crit par\" \/>\n\t<meta name=\"twitter:data1\" content=\"admin\" \/>\n\t<meta name=\"twitter:label2\" content=\"Dur\u00e9e de lecture estim\u00e9e\" \/>\n\t<meta name=\"twitter:data2\" content=\"4 minutes\" \/>\n<script type=\"application\/ld+json\" class=\"yoast-schema-graph\">{\"@context\":\"https:\\\/\\\/schema.org\",\"@graph\":[{\"@type\":\"Article\",\"@id\":\"https:\\\/\\\/lasentinelle.dz\\\/index.php\\\/2026\\\/08\\\/31\\\/approvisionnement-des-regions-sinistrees-en-medicaments-eau-et-differentes-marchandises-lexecutif-mobilise\\\/#article\",\"isPartOf\":{\"@id\":\"https:\\\/\\\/lasentinelle.dz\\\/index.php\\\/2026\\\/08\\\/31\\\/approvisionnement-des-regions-sinistrees-en-medicaments-eau-et-differentes-marchandises-lexecutif-mobilise\\\/\"},\"author\":{\"name\":\"admin\",\"@id\":\"https:\\\/\\\/lasentinelle.dz\\\/#\\\/schema\\\/person\\\/729ee0024f24e0b8c5ec17232f8e8b41\"},\"headline\":\"Approvisionnement des r\u00e9gions sinistr\u00e9es en m\u00e9dicaments, eau et diff\u00e9rentes marchandises : L&rsquo;Ex\u00e9cutif mobilis\u00e9\",\"datePublished\":\"2026-08-31T10:51:18+00:00\",\"dateModified\":\"2026-08-31T10:51:20+00:00\",\"mainEntityOfPage\":{\"@id\":\"https:\\\/\\\/lasentinelle.dz\\\/index.php\\\/2026\\\/08\\\/31\\\/approvisionnement-des-regions-sinistrees-en-medicaments-eau-et-differentes-marchandises-lexecutif-mobilise\\\/\"},\"wordCount\":829,\"commentCount\":0,\"publisher\":{\"@id\":\"https:\\\/\\\/lasentinelle.dz\\\/#organization\"},\"image\":{\"@id\":\"https:\\\/\\\/lasentinelle.dz\\\/index.php\\\/2026\\\/08\\\/31\\\/approvisionnement-des-regions-sinistrees-en-medicaments-eau-et-differentes-marchandises-lexecutif-mobilise\\\/#primaryimage\"},\"thumbnailUrl\":\"https:\\\/\\\/lasentinelle.dz\\\/wp-content\\\/uploads\\\/2026\\\/08\\\/ncs-cc-fvdscf-.webp\",\"articleSection\":[\"Actualit\u00e9\",\"Uncategorized\"],\"inLanguage\":\"fr-FR\",\"potentialAction\":[{\"@type\":\"CommentAction\",\"name\":\"Comment\",\"target\":[\"https:\\\/\\\/lasentinelle.dz\\\/index.php\\\/2026\\\/08\\\/31\\\/approvisionnement-des-regions-sinistrees-en-medicaments-eau-et-differentes-marchandises-lexecutif-mobilise\\\/#respond\"]}]},{\"@type\":\"WebPage\",\"@id\":\"https:\\\/\\\/lasentinelle.dz\\\/index.php\\\/2026\\\/08\\\/31\\\/approvisionnement-des-regions-sinistrees-en-medicaments-eau-et-differentes-marchandises-lexecutif-mobilise\\\/\",\"url\":\"https:\\\/\\\/lasentinelle.dz\\\/index.php\\\/2026\\\/08\\\/31\\\/approvisionnement-des-regions-sinistrees-en-medicaments-eau-et-differentes-marchandises-lexecutif-mobilise\\\/\",\"name\":\"Approvisionnement des r\u00e9gions sinistr\u00e9es en m\u00e9dicaments, eau et diff\u00e9rentes marchandises : L&rsquo;Ex\u00e9cutif mobilis\u00e9 - La Sentinelle\",\"isPartOf\":{\"@id\":\"https:\\\/\\\/lasentinelle.dz\\\/#website\"},\"primaryImageOfPage\":{\"@id\":\"https:\\\/\\\/lasentinelle.dz\\\/index.php\\\/2026\\\/08\\\/31\\\/approvisionnement-des-regions-sinistrees-en-medicaments-eau-et-differentes-marchandises-lexecutif-mobilise\\\/#primaryimage\"},\"image\":{\"@id\":\"https:\\\/\\\/lasentinelle.dz\\\/index.php\\\/2026\\\/08\\\/31\\\/approvisionnement-des-regions-sinistrees-en-medicaments-eau-et-differentes-marchandises-lexecutif-mobilise\\\/#primaryimage\"},\"thumbnailUrl\":\"https:\\\/\\\/lasentinelle.dz\\\/wp-content\\\/uploads\\\/2026\\\/08\\\/ncs-cc-fvdscf-.webp\",\"datePublished\":\"2026-08-31T10:51:18+00:00\",\"dateModified\":\"2026-08-31T10:51:20+00:00\",\"breadcrumb\":{\"@id\":\"https:\\\/\\\/lasentinelle.dz\\\/index.php\\\/2026\\\/08\\\/31\\\/approvisionnement-des-regions-sinistrees-en-medicaments-eau-et-differentes-marchandises-lexecutif-mobilise\\\/#breadcrumb\"},\"inLanguage\":\"fr-FR\",\"potentialAction\":[{\"@type\":\"ReadAction\",\"target\":[\"https:\\\/\\\/lasentinelle.dz\\\/index.php\\\/2026\\\/08\\\/31\\\/approvisionnement-des-regions-sinistrees-en-medicaments-eau-et-differentes-marchandises-lexecutif-mobilise\\\/\"]}]},{\"@type\":\"ImageObject\",\"inLanguage\":\"fr-FR\",\"@id\":\"https:\\\/\\\/lasentinelle.dz\\\/index.php\\\/2026\\\/08\\\/31\\\/approvisionnement-des-regions-sinistrees-en-medicaments-eau-et-differentes-marchandises-lexecutif-mobilise\\\/#primaryimage\",\"url\":\"https:\\\/\\\/lasentinelle.dz\\\/wp-content\\\/uploads\\\/2026\\\/08\\\/ncs-cc-fvdscf-.webp\",\"contentUrl\":\"https:\\\/\\\/lasentinelle.dz\\\/wp-content\\\/uploads\\\/2026\\\/08\\\/ncs-cc-fvdscf-.webp\",\"width\":1200,\"height\":900},{\"@type\":\"BreadcrumbList\",\"@id\":\"https:\\\/\\\/lasentinelle.dz\\\/index.php\\\/2026\\\/08\\\/31\\\/approvisionnement-des-regions-sinistrees-en-medicaments-eau-et-differentes-marchandises-lexecutif-mobilise\\\/#breadcrumb\",\"itemListElement\":[{\"@type\":\"ListItem\",\"position\":1,\"name\":\"Accueil\",\"item\":\"https:\\\/\\\/lasentinelle.dz\\\/\"},{\"@type\":\"ListItem\",\"position\":2,\"name\":\"Approvisionnement des r\u00e9gions sinistr\u00e9es en m\u00e9dicaments, eau et diff\u00e9rentes marchandises : L&rsquo;Ex\u00e9cutif mobilis\u00e9\"}]},{\"@type\":\"WebSite\",\"@id\":\"https:\\\/\\\/lasentinelle.dz\\\/#website\",\"url\":\"https:\\\/\\\/lasentinelle.dz\\\/\",\"name\":\"La Sentinelle\",\"description\":\"Quotidien national d&#039;information\",\"publisher\":{\"@id\":\"https:\\\/\\\/lasentinelle.dz\\\/#organization\"},\"potentialAction\":[{\"@type\":\"SearchAction\",\"target\":{\"@type\":\"EntryPoint\",\"urlTemplate\":\"https:\\\/\\\/lasentinelle.dz\\\/?s={search_term_string}\"},\"query-input\":{\"@type\":\"PropertyValueSpecification\",\"valueRequired\":true,\"valueName\":\"search_term_string\"}}],\"inLanguage\":\"fr-FR\"},{\"@type\":\"Organization\",\"@id\":\"https:\\\/\\\/lasentinelle.dz\\\/#organization\",\"name\":\"Quotidien La Sentinelle\",\"url\":\"https:\\\/\\\/lasentinelle.dz\\\/\",\"logo\":{\"@type\":\"ImageObject\",\"inLanguage\":\"fr-FR\",\"@id\":\"https:\\\/\\\/lasentinelle.dz\\\/#\\\/schema\\\/logo\\\/image\\\/\",\"url\":\"https:\\\/\\\/lasentinelle.dz\\\/wp-content\\\/uploads\\\/2021\\\/09\\\/logo-sentinelleSLOGAN-1.png\",\"contentUrl\":\"https:\\\/\\\/lasentinelle.dz\\\/wp-content\\\/uploads\\\/2021\\\/09\\\/logo-sentinelleSLOGAN-1.png\",\"width\":615,\"height\":142,\"caption\":\"Quotidien La Sentinelle\"},\"image\":{\"@id\":\"https:\\\/\\\/lasentinelle.dz\\\/#\\\/schema\\\/logo\\\/image\\\/\"},\"sameAs\":[\"https:\\\/\\\/www.facebook.com\\\/La-Sentinelle-104059864394773\"]},{\"@type\":\"Person\",\"@id\":\"https:\\\/\\\/lasentinelle.dz\\\/#\\\/schema\\\/person\\\/729ee0024f24e0b8c5ec17232f8e8b41\",\"name\":\"admin\",\"image\":{\"@type\":\"ImageObject\",\"inLanguage\":\"fr-FR\",\"@id\":\"https:\\\/\\\/secure.gravatar.com\\\/avatar\\\/4c81fed838786e9b53f540bf46533e750f5d292099ae3b66cfc6fb1982e29df7?s=96&d=mm&r=g\",\"url\":\"https:\\\/\\\/secure.gravatar.com\\\/avatar\\\/4c81fed838786e9b53f540bf46533e750f5d292099ae3b66cfc6fb1982e29df7?s=96&d=mm&r=g\",\"contentUrl\":\"https:\\\/\\\/secure.gravatar.com\\\/avatar\\\/4c81fed838786e9b53f540bf46533e750f5d292099ae3b66cfc6fb1982e29df7?s=96&d=mm&r=g\",\"caption\":\"admin\"},\"description\":\"admin\",\"url\":\"https:\\\/\\\/lasentinelle.dz\\\/author\\\/admin\\\/\"}]}<\/script>\n<!-- \/ Yoast SEO plugin. -->","yoast_head_json":{"title":"Approvisionnement des r\u00e9gions sinistr\u00e9es en m\u00e9dicaments, eau et diff\u00e9rentes marchandises : L&rsquo;Ex\u00e9cutif mobilis\u00e9 - La Sentinelle","robots":{"index":"index","follow":"follow","max-snippet":"max-snippet:-1","max-image-preview":"max-image-preview:large","max-video-preview":"max-video-preview:-1"},"canonical":"https:\/\/lasentinelle.dz\/index.php\/2026\/08\/31\/approvisionnement-des-regions-sinistrees-en-medicaments-eau-et-differentes-marchandises-lexecutif-mobilise\/","og_locale":"fr_FR","og_type":"article","og_title":"Approvisionnement des r\u00e9gions sinistr\u00e9es en m\u00e9dicaments, eau et diff\u00e9rentes marchandises : L&rsquo;Ex\u00e9cutif mobilis\u00e9 - La Sentinelle","og_description":"Face aux incendies qui ont ravag\u00e9 plusieurs wilayas de l&rsquo;Est du pays ces derniers jours, le gouvernement a activ\u00e9, ce","og_url":"https:\/\/lasentinelle.dz\/index.php\/2026\/08\/31\/approvisionnement-des-regions-sinistrees-en-medicaments-eau-et-differentes-marchandises-lexecutif-mobilise\/","og_site_name":"La Sentinelle","article_publisher":"https:\/\/www.facebook.com\/La-Sentinelle-104059864394773","article_published_time":"2026-08-31T10:51:18+00:00","article_modified_time":"2026-08-31T10:51:20+00:00","og_image":[{"width":1200,"height":900,"url":"https:\/\/lasentinelle.dz\/wp-content\/uploads\/2026\/08\/ncs-cc-fvdscf-.webp","type":"image\/webp"}],"author":"admin","twitter_card":"summary_large_image","twitter_misc":{"\u00c9crit par":"admin","Dur\u00e9e de lecture estim\u00e9e":"4 minutes"},"schema":{"@context":"https:\/\/schema.org","@graph":[{"@type":"Article","@id":"https:\/\/lasentinelle.dz\/index.php\/2026\/08\/31\/approvisionnement-des-regions-sinistrees-en-medicaments-eau-et-differentes-marchandises-lexecutif-mobilise\/#article","isPartOf":{"@id":"https:\/\/lasentinelle.dz\/index.php\/2026\/08\/31\/approvisionnement-des-regions-sinistrees-en-medicaments-eau-et-differentes-marchandises-lexecutif-mobilise\/"},"author":{"name":"admin","@id":"https:\/\/lasentinelle.dz\/#\/schema\/person\/729ee0024f24e0b8c5ec17232f8e8b41"},"headline":"Approvisionnement des r\u00e9gions sinistr\u00e9es en m\u00e9dicaments, eau et diff\u00e9rentes marchandises : L&rsquo;Ex\u00e9cutif mobilis\u00e9","datePublished":"2026-08-31T10:51:18+00:00","dateModified":"2026-08-31T10:51:20+00:00","mainEntityOfPage":{"@id":"https:\/\/lasentinelle.dz\/index.php\/2026\/08\/31\/approvisionnement-des-regions-sinistrees-en-medicaments-eau-et-differentes-marchandises-lexecutif-mobilise\/"},"wordCount":829,"commentCount":0,"publisher":{"@id":"https:\/\/lasentinelle.dz\/#organization"},"image":{"@id":"https:\/\/lasentinelle.dz\/index.php\/2026\/08\/31\/approvisionnement-des-regions-sinistrees-en-medicaments-eau-et-differentes-marchandises-lexecutif-mobilise\/#primaryimage"},"thumbnailUrl":"https:\/\/lasentinelle.dz\/wp-content\/uploads\/2026\/08\/ncs-cc-fvdscf-.webp","articleSection":["Actualit\u00e9","Uncategorized"],"inLanguage":"fr-FR","potentialAction":[{"@type":"CommentAction","name":"Comment","target":["https:\/\/lasentinelle.dz\/index.php\/2026\/08\/31\/approvisionnement-des-regions-sinistrees-en-medicaments-eau-et-differentes-marchandises-lexecutif-mobilise\/#respond"]}]},{"@type":"WebPage","@id":"https:\/\/lasentinelle.dz\/index.php\/2026\/08\/31\/approvisionnement-des-regions-sinistrees-en-medicaments-eau-et-differentes-marchandises-lexecutif-mobilise\/","url":"https:\/\/lasentinelle.dz\/index.php\/2026\/08\/31\/approvisionnement-des-regions-sinistrees-en-medicaments-eau-et-differentes-marchandises-lexecutif-mobilise\/","name":"Approvisionnement des r\u00e9gions sinistr\u00e9es en m\u00e9dicaments, eau et diff\u00e9rentes marchandises : L&rsquo;Ex\u00e9cutif mobilis\u00e9 - La Sentinelle","isPartOf":{"@id":"https:\/\/lasentinelle.dz\/#website"},"primaryImageOfPage":{"@id":"https:\/\/lasentinelle.dz\/index.php\/2026\/08\/31\/approvisionnement-des-regions-sinistrees-en-medicaments-eau-et-differentes-marchandises-lexecutif-mobilise\/#primaryimage"},"image":{"@id":"https:\/\/lasentinelle.dz\/index.php\/2026\/08\/31\/approvisionnement-des-regions-sinistrees-en-medicaments-eau-et-differentes-marchandises-lexecutif-mobilise\/#primaryimage"},"thumbnailUrl":"https:\/\/lasentinelle.dz\/wp-content\/uploads\/2026\/08\/ncs-cc-fvdscf-.webp","datePublished":"2026-08-31T10:51:18+00:00","dateModified":"2026-08-31T10:51:20+00:00","breadcrumb":{"@id":"https:\/\/lasentinelle.dz\/index.php\/2026\/08\/31\/approvisionnement-des-regions-sinistrees-en-medicaments-eau-et-differentes-marchandises-lexecutif-mobilise\/#breadcrumb"},"inLanguage":"fr-FR","potentialAction":[{"@type":"ReadAction","target":["https:\/\/lasentinelle.dz\/index.php\/2026\/08\/31\/approvisionnement-des-regions-sinistrees-en-medicaments-eau-et-differentes-marchandises-lexecutif-mobilise\/"]}]},{"@type":"ImageObject","inLanguage":"fr-FR","@id":"https:\/\/lasentinelle.dz\/index.php\/2026\/08\/31\/approvisionnement-des-regions-sinistrees-en-medicaments-eau-et-differentes-marchandises-lexecutif-mobilise\/#primaryimage","url":"https:\/\/lasentinelle.dz\/wp-content\/uploads\/2026\/08\/ncs-cc-fvdscf-.webp","contentUrl":"https:\/\/lasentinelle.dz\/wp-content\/uploads\/2026\/08\/ncs-cc-fvdscf-.webp","width":1200,"height":900},{"@type":"BreadcrumbList","@id":"https:\/\/lasentinelle.dz\/index.php\/2026\/08\/31\/approvisionnement-des-regions-sinistrees-en-medicaments-eau-et-differentes-marchandises-lexecutif-mobilise\/#breadcrumb","itemListElement":[{"@type":"ListItem","position":1,"name":"Accueil","item":"https:\/\/lasentinelle.dz\/"},{"@type":"ListItem","position":2,"name":"Approvisionnement des r\u00e9gions sinistr\u00e9es en m\u00e9dicaments, eau et diff\u00e9rentes marchandises : L&rsquo;Ex\u00e9cutif mobilis\u00e9"}]},{"@type":"WebSite","@id":"https:\/\/lasentinelle.dz\/#website","url":"https:\/\/lasentinelle.dz\/","name":"La Sentinelle","description":"Quotidien national d&#039;information","publisher":{"@id":"https:\/\/lasentinelle.dz\/#organization"},"potentialAction":[{"@type":"SearchAction","target":{"@type":"EntryPoint","urlTemplate":"https:\/\/lasentinelle.dz\/?s={search_term_string}"},"query-input":{"@type":"PropertyValueSpecification","valueRequired":true,"valueName":"search_term_string"}}],"inLanguage":"fr-FR"},{"@type":"Organization","@id":"https:\/\/lasentinelle.dz\/#organization","name":"Quotidien La Sentinelle","url":"https:\/\/lasentinelle.dz\/","logo":{"@type":"ImageObject","inLanguage":"fr-FR","@id":"https:\/\/lasentinelle.dz\/#\/schema\/logo\/image\/","url":"https:\/\/lasentinelle.dz\/wp-content\/uploads\/2021\/09\/logo-sentinelleSLOGAN-1.png","contentUrl":"https:\/\/lasentinelle.dz\/wp-content\/uploads\/2021\/09\/logo-sentinelleSLOGAN-1.png","width":615,"height":142,"caption":"Quotidien La Sentinelle"},"image":{"@id":"https:\/\/lasentinelle.dz\/#\/schema\/logo\/image\/"},"sameAs":["https:\/\/www.facebook.com\/La-Sentinelle-104059864394773"]},{"@type":"Person","@id":"https:\/\/lasentinelle.dz\/#\/schema\/person\/729ee0024f24e0b8c5ec17232f8e8b41","name":"admin","image":{"@type":"ImageObject","inLanguage":"fr-FR","@id":"https:\/\/secure.gravatar.com\/avatar\/4c81fed838786e9b53f540bf46533e750f5d292099ae3b66cfc6fb1982e29df7?s=96&d=mm&r=g","url":"https:\/\/secure.gravatar.com\/avatar\/4c81fed838786e9b53f540bf46533e750f5d292099ae3b66cfc6fb1982e29df7?s=96&d=mm&r=g","contentUrl":"https:\/\/secure.gravatar.com\/avatar\/4c81fed838786e9b53f540bf46533e750f5d292099ae3b66cfc6fb1982e29df7?s=96&d=mm&r=g","caption":"admin"},"description":"admin","url":"https:\/\/lasentinelle.dz\/author\/admin\/"}]}},"_links":{"self":[{"href":"https:\/\/lasentinelle.dz\/index.php\/wp-json\/wp\/v2\/posts\/94660","targetHints":{"allow":["GET"]}}],"collection":[{"href":"https:\/\/lasentinelle.dz\/index.php\/wp-json\/wp\/v2\/posts"}],"about":[{"href":"https:\/\/lasentinelle.dz\/index.php\/wp-json\/wp\/v2\/types\/post"}],"author":[{"embeddable":true,"href":"https:\/\/lasentinelle.dz\/index.php\/wp-json\/wp\/v2\/users\/6"}],"replies":[{"embeddable":true,"href":"https:\/\/lasentinelle.dz\/index.php\/wp-json\/wp\/v2\/comments?post=94660"}],"version-history":[{"count":2,"href":"https:\/\/lasentinelle.dz\/index.php\/wp-json\/wp\/v2\/posts\/94660\/revisions"}],"predecessor-version":[{"id":94662,"href":"https:\/\/lasentinelle.dz\/index.php\/wp-json\/wp\/v2\/posts\/94660\/revisions\/94662"}],"wp:featuredmedia":[{"embeddable":true,"href":"https:\/\/lasentinelle.dz\/index.php\/wp-json\/wp\/v2\/media\/94663"}],"wp:attachment":[{"href":"https:\/\/lasentinelle.dz\/index.php\/wp-json\/wp\/v2\/media?parent=94660"}],"wp:term":[{"taxonomy":"category","embeddable":true,"href":"https:\/\/lasentinelle.dz\/index.php\/wp-json\/wp\/v2\/categories?post=94660"},{"taxonomy":"post_tag","embeddable":true,"href":"https:\/\/lasentinelle.dz\/index.php\/wp-json\/wp\/v2\/tags?post=94660"}],"curies":[{"name":"wp","href":"https:\/\/api.w.org\/{rel}","templated":true}]}}