{"id":94664,"date":"2026-08-31T11:52:15","date_gmt":"2026-08-31T10:52:15","guid":{"rendered":"https:\/\/lasentinelle.dz\/?p=94664"},"modified":"2026-08-31T11:52:19","modified_gmt":"2026-08-31T10:52:19","slug":"tebboune-ordonne-la-modification-du-code-penal-avant-le-15-septembre-la-peine-de-mort-pour-les-pyromanes","status":"publish","type":"post","link":"https:\/\/lasentinelle.dz\/index.php\/2026\/08\/31\/tebboune-ordonne-la-modification-du-code-penal-avant-le-15-septembre-la-peine-de-mort-pour-les-pyromanes\/","title":{"rendered":"Tebboune ordonne la modification du code p\u00e9nal avant le 15 septembre\u00a0: La peine de mort pour les pyromanes\u00a0!"},"content":{"rendered":"\n<p class=\"wp-block-paragraph\">Le pr\u00e9sident de la R\u00e9publique a ordonn\u00e9 dimanche, au cours d\u2019une r\u00e9union d\u00e9di\u00e9e \u00e0 la prise en charge des cons\u00e9quences des incendies, la r\u00e9instauration de la condamnation \u00e0 mort pour les personnes responsables d\u2019incendies criminels, exigeant l\u2019ex\u00e9cution de peines.<\/p>\n\n\n\n<p class=\"wp-block-paragraph\">Le pr\u00e9sident de la R\u00e9publique, Chef supr\u00eame des Forces arm\u00e9es, ministre de la D\u00e9fense nationale, M. Abdelmadjid Tebboune, a pr\u00e9sid\u00e9 dimanche au si\u00e8ge de la Pr\u00e9sidence de la R\u00e9publique une r\u00e9union consacr\u00e9e \u00e0 la prise en charge des cons\u00e9quences et des effets des r\u00e9cents incendies ayant touch\u00e9 plusieurs wilayas de l&rsquo;Est et du Centre du pays, en pr\u00e9sence de hauts responsables militaires et civils. D\u00e8s l&rsquo;ouverture des travaux, le pr\u00e9sident de la R\u00e9publique a observ\u00e9, aux c\u00f4t\u00e9s des participants, une minute de silence \u00e0 la m\u00e9moire des victimes de ces feux de for\u00eat. Selon les premiers \u00e9l\u00e9ments relay\u00e9s par la T\u00e9l\u00e9vision nationale Cette r\u00e9union a permis d&rsquo;arr\u00eater une s\u00e9rie de mesures destin\u00e9es \u00e0 indemniser les sinistr\u00e9s et \u00e0 acc\u00e9l\u00e9rer le r\u00e9tablissement des services essentiels dans les zones touch\u00e9es, \u00e0 savoir l&rsquo;alimentation en eau, en gaz et en \u00e9lectricit\u00e9, ainsi que la remise en service du r\u00e9seau de t\u00e9l\u00e9communications.<\/p>\n\n\n\n<p class=\"wp-block-paragraph\">Mais au-del\u00e0 de la prise en charge des besoins imm\u00e9diats des sinistr\u00e9s et des r\u00e9gions affect\u00e9es par les incendies, des instructions fermes ont \u00e9t\u00e9 donn\u00e9es dans le domaine de la justice afin d&rsquo;engager des poursuites contre les personnes impliqu\u00e9es dans le d\u00e9clenchement de ces incendies. Dans ce sens, le pr\u00e9sident de la R\u00e9publique a ordonn\u00e9 au ministre de la Justice une r\u00e9vision imm\u00e9diate et avant le 15 septembre prochain du Code p\u00e9nal en vue de sa pr\u00e9sentation au prochain conseil des ministres pour la r\u00e9instauration de la condamnation \u00e0 mort et son application aux personnes responsables d\u2019incendies criminelles. Une instauration de la peine avec ex\u00e9cution mettant fin au moratoire de fait qui existait jusque-l\u00e0 sur l\u2019ex\u00e9cution des peines de mort. Le pr\u00e9sident affiche ainsi une volont\u00e9 de tol\u00e9rance z\u00e9ro envers les pyromanes dont les actes ont induit des pertes en vies humaines et en biens consid\u00e9rables.<\/p>\n\n\n\n<p class=\"wp-block-paragraph\">Il a \u00e9galement ordonn\u00e9 de charger les walis de r\u00e9percuter toutes les informations \u00e0 dispositions des citoyens et les indices \u00e0 propos de ces incendies aux services de s\u00e9curit\u00e9 pour acc\u00e9l\u00e9rer les investigations. Il a rappel\u00e9 dans ce sens l\u2019existence de captures d\u2019\u00e9cran et de publications de citoyens ayant d\u00e9nonc\u00e9 la survenance simultan\u00e9e des incendies, et d\u2019autres au milieu de la nuit ce qui conforte la piste des actes criminels. Il a indiqu\u00e9 que les services de s\u00e9curit\u00e9 ont interpell\u00e9 plusieurs personnes et que les enqu\u00eates sont toujours en cours.<\/p>\n\n\n\n<p class=\"wp-block-paragraph\">\u00ab&nbsp;Personne ne mettra l\u2019Alg\u00e9rie \u00e0 genou&nbsp;\u00bb<\/p>\n\n\n\n<p class=\"wp-block-paragraph\">Le Pr\u00e9sident de la R\u00e9publique a tenu dans ce sens \u00e0 adresser un message aux ennemis du pays. Il a soulign\u00e9 que \u00ab&nbsp;l\u2019Alg\u00e9rie est habitu\u00e9e aux sacrifices&nbsp;\u00bb, et \u00ab&nbsp;\u00e0 ceux qui cherchent \u00e0 affaiblir l\u2019Alg\u00e9rie, et bien que les pertes en vies humaines nous affectent, personnes ne mettra l\u2019Alg\u00e9rie \u00e0 genou&nbsp;\u00bb<\/p>\n\n\n\n<p class=\"wp-block-paragraph\">Pour ce qui est du dossier des indemnisations, le pr\u00e9sident de la R\u00e9publique a insist\u00e9 sur la n\u00e9cessit\u00e9 d\u2019acc\u00e9l\u00e9rer le processus. Tebboune a soulign\u00e9 que des commissions se charge sur le terrain d\u2019\u00e9valuer et estimer les pertes. Il a cependant estim\u00e9 le rythme de travail de ces derni\u00e8res insuffisant ordonnant de renforcer leurs moyens et \u00e0 mobiliser des ressources humaines suppl\u00e9mentaires afin d\u2019acc\u00e9l\u00e9rer l\u2019op\u00e9ration et indemniser les sinistr\u00e9s. Bien qu\u2019il reconnaisse une situation difficile aujourd\u2019hui, le chef de l\u2019Etat a rappel\u00e9 que les autorit\u00e9s alg\u00e9riennes ont r\u00e9ussi \u00e0 indemniser des sinistr\u00e9s dans des conditions similaires en 20 jours. Il a \u00e9galement ordonn\u00e9 l\u2019organisation d\u2019un atelier pour l\u2019\u00e9tablissement d\u2019une \u00e9tude sur la gestion des habitations en zones foresti\u00e8res.<\/p>\n\n\n\n<p class=\"wp-block-paragraph\">Cette rencontre s&rsquo;inscrit dans le prolongement des engagements pris par le chef de l&rsquo;Etat la veille, samedi, lors de sa visite \u00e0 l&rsquo;h\u00f4pital des grands br\u00fbl\u00e9s \u00ab Dr Sa\u00efd Chibane \u00bb de Z\u00e9ralda, o\u00f9 il s&rsquo;\u00e9tait enquis de l&rsquo;\u00e9tat des bless\u00e9s \u00e9vacu\u00e9s des wilayas sinistr\u00e9es. Le pr\u00e9sident de la R\u00e9publique avait alors salu\u00e9 l&rsquo;\u00e9lan de solidarit\u00e9 populaire, d\u00e9clarant \u00ab notre consolation r\u00e9side dans l&rsquo;\u00e9lan de solidarit\u00e9 du peuple alg\u00e9rien, qui nous rend fiers d&rsquo;appartenir \u00e0 l&rsquo;Alg\u00e9rie, n&rsquo;en d\u00e9plaise \u00e0 certains \u00bb. Il avait ajout\u00e9 \u00ab ceux qui pensent autrement du peuple alg\u00e9rien se trompent, et les analyses qu&rsquo;ils font depuis longtemps sur l&rsquo;Alg\u00e9rie sont \u00e9galement erron\u00e9es \u00bb.<\/p>\n\n\n\n<p class=\"wp-block-paragraph\">Evoquant les moyens d\u00e9ploy\u00e9s face \u00e0 la catastrophe, M. Tebboune avait affirm\u00e9 \u00ab lorsque de telles catastrophes nous frappent, nous y faisons face avec les moyens de l&rsquo;Etat et du peuple. L&rsquo;Arm\u00e9e nationale populaire (ANP) est \u00e9galement pr\u00e9sente dans toutes les \u00e9preuves, tout comme la Protection civile alg\u00e9rienne, \u00e0 l&rsquo;\u00e9gard de laquelle nous prendrons plusieurs d\u00e9cisions afin de soutenir ce corps cit\u00e9 en exemple \u00e0 travers le monde \u00bb.<\/p>\n\n\n\n<p class=\"wp-block-paragraph\">Sur les causes des incendies, le pr\u00e9sident de la R\u00e9publique avait affirm\u00e9 \u00ab c&rsquo;est effectivement une circonstance douloureuse, et nous croyons au destin in\u00e9luctable de Dieu, mais il y a des actes criminels et nous enqu\u00eaterons sur ceux qui en sont responsables \u00bb, pr\u00e9cisant \u00ab je n&#8217;emploierai pas de termes forts, comme celui de conspiration \u00bb. Il avait par ailleurs relev\u00e9 que \u00ab les vents \u00e9taient tr\u00e8s forts, ce qui a favoris\u00e9 la propagation des flammes \u00bb, ajoutant que sur le plan technique \u00ab il n&rsquo;existait aucun moyen, ni a\u00e9rien ni terrestre, permettant de venir \u00e0 bout de ces incendies \u00bb.<\/p>\n\n\n\n<p class=\"wp-block-paragraph\">Le chef de l&rsquo;Etat s&rsquo;\u00e9tait \u00e9galement attard\u00e9 sur la prise en charge m\u00e9dicale des bless\u00e9s, soulignant le haut niveau des \u00e9quipes de l&rsquo;h\u00f4pital des grands br\u00fbl\u00e9s. \u00ab Auparavant, nous envoyions les cas complexes \u00e0 l&rsquo;\u00e9tranger pour les soins, alors qu&rsquo;aujourd&rsquo;hui, nous sommes en mesure de les prendre en charge ici \u00bb, avait-il soutenu, rappelant que la r\u00e9alisation de cet \u00e9tablissement de Z\u00e9ralda faisait suite aux incendies criminels de 2021, qui avaient constitu\u00e9 \u00ab une le\u00e7on pour nous \u00bb. Il avait renouvel\u00e9 ses remerciements aux \u00e9quipes m\u00e9dicales, aux \u00e9l\u00e9ments de l&rsquo;ANP, de la Gendarmerie nationale, de la S\u00fbret\u00e9 nationale et de la Protection civile qui \u00ab ont contribu\u00e9 \u00e0 att\u00e9nuer cette catastrophe \u00bb, qualifiant cette mobilisation g\u00e9n\u00e9rale de \u00ab le\u00e7on pour tous ceux qui critiquent l&rsquo;Alg\u00e9rie \u00bb.<\/p>\n\n\n\n<p class=\"wp-block-paragraph\">C&rsquo;est au terme de cette visite que M. Tebboune avait annonc\u00e9 la tenue, dimanche, de la r\u00e9union consacr\u00e9e \u00e0 la lutte contre les incendies, pr\u00e9cisant que des \u00ab mesures seront prises qui nous permettront d&rsquo;\u00e9viter de telles catastrophes \u00e0 l&rsquo;avenir \u00bb. Les d\u00e9cisions arr\u00eat\u00e9es ce dimanche viennent ainsi concr\u00e9tiser cet engagement.<\/p>\n\n\n\n<p class=\"wp-block-paragraph\">Salim Amokrane<\/p>\n","protected":false},"excerpt":{"rendered":"<p>Le pr\u00e9sident de la R\u00e9publique a ordonn\u00e9 dimanche, au cours d\u2019une r\u00e9union d\u00e9di\u00e9e \u00e0 la prise en charge des cons\u00e9quences<\/p>\n","protected":false},"author":6,"featured_media":94665,"comment_status":"open","ping_status":"closed","sticky":false,"template":"","format":"standard","meta":{"colormag_page_container_layout":"default_layout","colormag_page_sidebar_layout":"default_layout","om_disable_all_campaigns":false,"_monsterinsights_skip_tracking":false,"footnotes":"","_wpscppro_dont_share_socialmedia":false,"_wpscppro_custom_social_share_image":0,"_facebook_share_type":"default","_twitter_share_type":"default","_linkedin_share_type":"default","_pinterest_share_type":"default","_linkedin_share_type_page":"","_instagram_share_type":"default","_medium_share_type":"default","_threads_share_type":"default","_google_business_share_type":"default","_bluesky_share_type":"default","_mastodon_share_type":"default","_selected_social_profile":[],"_wpsp_enable_custom_social_template":false,"_wpsp_social_scheduling":{"enabled":false,"datetime":null,"platforms":[],"status":"template_only","dateOption":"today","timeOption":"now","customDays":"","customHours":"","customDate":"","customTime":"","schedulingType":"absolute"},"_wpsp_active_default_template":true},"categories":[52,27],"tags":[],"class_list":["post-94664","post","type-post","status-publish","format-standard","has-post-thumbnail","hentry","category-a-la-une","category-actualite"],"aioseo_notices":[],"aioseo_head":"\n\t\t<!-- All in One SEO 5.0.0.1 - aioseo.com -->\n\t<meta name=\"description\" content=\"Le pr\u00e9sident de la R\u00e9publique a ordonn\u00e9 dimanche, au cours d\u2019une r\u00e9union d\u00e9di\u00e9e \u00e0 la prise en charge des cons\u00e9quences des incendies, la r\u00e9instauration de la condamnation \u00e0 mort pour les personnes responsables d\u2019incendies criminels, exigeant l\u2019ex\u00e9cution de peines. Le pr\u00e9sident de la R\u00e9publique, Chef supr\u00eame des Forces arm\u00e9es, ministre de la D\u00e9fense nationale, M.\" \/>\n\t<meta name=\"robots\" content=\"max-image-preview:large\" \/>\n\t<meta name=\"author\" content=\"admin\"\/>\n\t<link rel=\"canonical\" href=\"https:\/\/lasentinelle.dz\/index.php\/2026\/08\/31\/tebboune-ordonne-la-modification-du-code-penal-avant-le-15-septembre-la-peine-de-mort-pour-les-pyromanes\/\" \/>\n\t<meta name=\"generator\" content=\"All in One SEO (AIOSEO) 5.0.0.1\" \/>\n\t\t<meta property=\"og:locale\" content=\"fr_FR\" \/>\n\t\t<meta property=\"og:site_name\" content=\"La Sentinelle - Quotidien national d&#039;information\" \/>\n\t\t<meta property=\"og:type\" content=\"article\" \/>\n\t\t<meta property=\"og:title\" content=\"Tebboune ordonne la modification du code p\u00e9nal avant le 15 septembre : La peine de mort pour les pyromanes ! - La Sentinelle\" \/>\n\t\t<meta property=\"og:description\" content=\"Le pr\u00e9sident de la R\u00e9publique a ordonn\u00e9 dimanche, au cours d\u2019une r\u00e9union d\u00e9di\u00e9e \u00e0 la prise en charge des cons\u00e9quences des incendies, la r\u00e9instauration de la condamnation \u00e0 mort pour les personnes responsables d\u2019incendies criminels, exigeant l\u2019ex\u00e9cution de peines. Le pr\u00e9sident de la R\u00e9publique, Chef supr\u00eame des Forces arm\u00e9es, ministre de la D\u00e9fense nationale, M.\" \/>\n\t\t<meta property=\"og:url\" content=\"https:\/\/lasentinelle.dz\/index.php\/2026\/08\/31\/tebboune-ordonne-la-modification-du-code-penal-avant-le-15-septembre-la-peine-de-mort-pour-les-pyromanes\/\" \/>\n\t\t<meta property=\"og:image\" content=\"https:\/\/lasentinelle.dz\/wp-content\/uploads\/2021\/09\/cropped-la-sentinelle-earth-golden-anima-5.gif\" \/>\n\t\t<meta property=\"og:image:secure_url\" content=\"https:\/\/lasentinelle.dz\/wp-content\/uploads\/2021\/09\/cropped-la-sentinelle-earth-golden-anima-5.gif\" \/>\n\t\t<meta property=\"og:image:width\" content=\"450\" \/>\n\t\t<meta property=\"og:image:height\" content=\"213\" \/>\n\t\t<meta property=\"article:published_time\" content=\"2026-08-31T10:52:15+00:00\" \/>\n\t\t<meta property=\"article:modified_time\" content=\"2026-08-31T10:52:19+00:00\" \/>\n\t\t<meta property=\"article:publisher\" content=\"https:\/\/www.facebook.com\/azzedine.lasentinelle.1\" \/>\n\t\t<meta name=\"twitter:card\" content=\"summary_large_image\" \/>\n\t\t<meta name=\"twitter:title\" content=\"Tebboune ordonne la modification du code p\u00e9nal avant le 15 septembre : La peine de mort pour les pyromanes ! - La Sentinelle\" \/>\n\t\t<meta name=\"twitter:description\" content=\"Le pr\u00e9sident de la R\u00e9publique a ordonn\u00e9 dimanche, au cours d\u2019une r\u00e9union d\u00e9di\u00e9e \u00e0 la prise en charge des cons\u00e9quences des incendies, la r\u00e9instauration de la condamnation \u00e0 mort pour les personnes responsables d\u2019incendies criminels, exigeant l\u2019ex\u00e9cution de peines. Le pr\u00e9sident de la R\u00e9publique, Chef supr\u00eame des Forces arm\u00e9es, ministre de la D\u00e9fense nationale, M.\" \/>\n\t\t<meta name=\"twitter:image\" content=\"https:\/\/lasentinelle.dz\/wp-content\/uploads\/2021\/09\/cropped-la-sentinelle-earth-golden-anima-5.gif\" \/>\n\t\t<script type=\"application\/ld+json\" class=\"aioseo-schema\">\n\t\t\t{\"@context\":\"https:\\\/\\\/schema.org\",\"@graph\":[{\"@type\":\"BlogPosting\",\"@id\":\"https:\\\/\\\/lasentinelle.dz\\\/index.php\\\/2026\\\/08\\\/31\\\/tebboune-ordonne-la-modification-du-code-penal-avant-le-15-septembre-la-peine-de-mort-pour-les-pyromanes\\\/#blogposting\",\"name\":\"Tebboune ordonne la modification du code p\\u00e9nal avant le 15 septembre : La peine de mort pour les pyromanes ! - La Sentinelle\",\"headline\":\"Tebboune ordonne la modification du code p\\u00e9nal avant le 15 septembre\\u00a0: La peine de mort pour les pyromanes\\u00a0!\",\"author\":{\"@id\":\"https:\\\/\\\/lasentinelle.dz\\\/author\\\/admin\\\/#author\"},\"publisher\":{\"@id\":\"https:\\\/\\\/lasentinelle.dz\\\/#organization\"},\"image\":{\"@type\":\"ImageObject\",\"url\":\"https:\\\/\\\/lasentinelle.dz\\\/wp-content\\\/uploads\\\/2026\\\/08\\\/tebboune.jpg\",\"width\":1280,\"height\":853},\"datePublished\":\"2026-08-31T11:52:15+01:00\",\"dateModified\":\"2026-08-31T11:52:19+01:00\",\"inLanguage\":\"fr-FR\",\"mainEntityOfPage\":{\"@id\":\"https:\\\/\\\/lasentinelle.dz\\\/index.php\\\/2026\\\/08\\\/31\\\/tebboune-ordonne-la-modification-du-code-penal-avant-le-15-septembre-la-peine-de-mort-pour-les-pyromanes\\\/#webpage\"},\"isPartOf\":{\"@id\":\"https:\\\/\\\/lasentinelle.dz\\\/index.php\\\/2026\\\/08\\\/31\\\/tebboune-ordonne-la-modification-du-code-penal-avant-le-15-septembre-la-peine-de-mort-pour-les-pyromanes\\\/#webpage\"},\"articleSection\":\"\\u00c0 la Une, Actualit\\u00e9\"},{\"@type\":\"BreadcrumbList\",\"@id\":\"https:\\\/\\\/lasentinelle.dz\\\/index.php\\\/2026\\\/08\\\/31\\\/tebboune-ordonne-la-modification-du-code-penal-avant-le-15-septembre-la-peine-de-mort-pour-les-pyromanes\\\/#breadcrumblist\",\"itemListElement\":[{\"@type\":\"ListItem\",\"@id\":\"https:\\\/\\\/lasentinelle.dz#listItem\",\"position\":1,\"name\":\"Home\",\"item\":\"https:\\\/\\\/lasentinelle.dz\",\"nextItem\":{\"@type\":\"ListItem\",\"@id\":\"https:\\\/\\\/lasentinelle.dz\\\/index.php\\\/category\\\/actualite\\\/#listItem\",\"name\":\"Actualit\\u00e9\"}},{\"@type\":\"ListItem\",\"@id\":\"https:\\\/\\\/lasentinelle.dz\\\/index.php\\\/category\\\/actualite\\\/#listItem\",\"position\":2,\"name\":\"Actualit\\u00e9\",\"item\":\"https:\\\/\\\/lasentinelle.dz\\\/index.php\\\/category\\\/actualite\\\/\",\"nextItem\":{\"@type\":\"ListItem\",\"@id\":\"https:\\\/\\\/lasentinelle.dz\\\/index.php\\\/2026\\\/08\\\/31\\\/tebboune-ordonne-la-modification-du-code-penal-avant-le-15-septembre-la-peine-de-mort-pour-les-pyromanes\\\/#listItem\",\"name\":\"Tebboune ordonne la modification du code p\\u00e9nal avant le 15 septembre\\u00a0: La peine de mort pour les pyromanes\\u00a0!\"},\"previousItem\":{\"@type\":\"ListItem\",\"@id\":\"https:\\\/\\\/lasentinelle.dz#listItem\",\"name\":\"Home\"}},{\"@type\":\"ListItem\",\"@id\":\"https:\\\/\\\/lasentinelle.dz\\\/index.php\\\/2026\\\/08\\\/31\\\/tebboune-ordonne-la-modification-du-code-penal-avant-le-15-septembre-la-peine-de-mort-pour-les-pyromanes\\\/#listItem\",\"position\":3,\"name\":\"Tebboune ordonne la modification du code p\\u00e9nal avant le 15 septembre\\u00a0: La peine de mort pour les pyromanes\\u00a0!\",\"previousItem\":{\"@type\":\"ListItem\",\"@id\":\"https:\\\/\\\/lasentinelle.dz\\\/index.php\\\/category\\\/actualite\\\/#listItem\",\"name\":\"Actualit\\u00e9\"}}]},{\"@type\":\"Organization\",\"@id\":\"https:\\\/\\\/lasentinelle.dz\\\/#organization\",\"name\":\"La Sentinelle La Sentinelle\",\"description\":\"Quotidien national d'information\",\"url\":\"https:\\\/\\\/lasentinelle.dz\\\/\",\"logo\":{\"@type\":\"ImageObject\",\"url\":\"https:\\\/\\\/lasentinelle.dz\\\/wp-content\\\/uploads\\\/2021\\\/09\\\/cropped-la-sentinelle-earth-golden-anima-5.gif\",\"@id\":\"https:\\\/\\\/lasentinelle.dz\\\/index.php\\\/2026\\\/08\\\/31\\\/tebboune-ordonne-la-modification-du-code-penal-avant-le-15-septembre-la-peine-de-mort-pour-les-pyromanes\\\/#organizationLogo\",\"width\":450,\"height\":213},\"image\":{\"@id\":\"https:\\\/\\\/lasentinelle.dz\\\/index.php\\\/2026\\\/08\\\/31\\\/tebboune-ordonne-la-modification-du-code-penal-avant-le-15-septembre-la-peine-de-mort-pour-les-pyromanes\\\/#organizationLogo\"},\"sameAs\":[\"https:\\\/\\\/www.facebook.com\\\/azzedine.lasentinelle.1\"]},{\"@type\":\"Person\",\"@id\":\"https:\\\/\\\/lasentinelle.dz\\\/author\\\/admin\\\/#author\",\"url\":\"https:\\\/\\\/lasentinelle.dz\\\/author\\\/admin\\\/\",\"name\":\"admin\",\"image\":{\"@type\":\"ImageObject\",\"@id\":\"https:\\\/\\\/lasentinelle.dz\\\/index.php\\\/2026\\\/08\\\/31\\\/tebboune-ordonne-la-modification-du-code-penal-avant-le-15-septembre-la-peine-de-mort-pour-les-pyromanes\\\/#authorImage\",\"url\":\"https:\\\/\\\/secure.gravatar.com\\\/avatar\\\/4c81fed838786e9b53f540bf46533e750f5d292099ae3b66cfc6fb1982e29df7?s=96&d=mm&r=g\",\"width\":96,\"height\":96,\"caption\":\"admin\"}},{\"@type\":\"WebPage\",\"@id\":\"https:\\\/\\\/lasentinelle.dz\\\/index.php\\\/2026\\\/08\\\/31\\\/tebboune-ordonne-la-modification-du-code-penal-avant-le-15-septembre-la-peine-de-mort-pour-les-pyromanes\\\/#webpage\",\"url\":\"https:\\\/\\\/lasentinelle.dz\\\/index.php\\\/2026\\\/08\\\/31\\\/tebboune-ordonne-la-modification-du-code-penal-avant-le-15-septembre-la-peine-de-mort-pour-les-pyromanes\\\/\",\"name\":\"Tebboune ordonne la modification du code p\\u00e9nal avant le 15 septembre : La peine de mort pour les pyromanes ! - La Sentinelle\",\"description\":\"Le pr\\u00e9sident de la R\\u00e9publique a ordonn\\u00e9 dimanche, au cours d\\u2019une r\\u00e9union d\\u00e9di\\u00e9e \\u00e0 la prise en charge des cons\\u00e9quences des incendies, la r\\u00e9instauration de la condamnation \\u00e0 mort pour les personnes responsables d\\u2019incendies criminels, exigeant l\\u2019ex\\u00e9cution de peines. Le pr\\u00e9sident de la R\\u00e9publique, Chef supr\\u00eame des Forces arm\\u00e9es, ministre de la D\\u00e9fense nationale, M.\",\"inLanguage\":\"fr-FR\",\"isPartOf\":{\"@id\":\"https:\\\/\\\/lasentinelle.dz\\\/#website\"},\"breadcrumb\":{\"@id\":\"https:\\\/\\\/lasentinelle.dz\\\/index.php\\\/2026\\\/08\\\/31\\\/tebboune-ordonne-la-modification-du-code-penal-avant-le-15-septembre-la-peine-de-mort-pour-les-pyromanes\\\/#breadcrumblist\"},\"author\":{\"@id\":\"https:\\\/\\\/lasentinelle.dz\\\/author\\\/admin\\\/#author\"},\"creator\":{\"@id\":\"https:\\\/\\\/lasentinelle.dz\\\/author\\\/admin\\\/#author\"},\"image\":{\"@type\":\"ImageObject\",\"url\":\"https:\\\/\\\/lasentinelle.dz\\\/wp-content\\\/uploads\\\/2026\\\/08\\\/tebboune.jpg\",\"@id\":\"https:\\\/\\\/lasentinelle.dz\\\/index.php\\\/2026\\\/08\\\/31\\\/tebboune-ordonne-la-modification-du-code-penal-avant-le-15-septembre-la-peine-de-mort-pour-les-pyromanes\\\/#mainImage\",\"width\":1280,\"height\":853},\"primaryImageOfPage\":{\"@id\":\"https:\\\/\\\/lasentinelle.dz\\\/index.php\\\/2026\\\/08\\\/31\\\/tebboune-ordonne-la-modification-du-code-penal-avant-le-15-septembre-la-peine-de-mort-pour-les-pyromanes\\\/#mainImage\"},\"datePublished\":\"2026-08-31T11:52:15+01:00\",\"dateModified\":\"2026-08-31T11:52:19+01:00\"},{\"@type\":\"WebSite\",\"@id\":\"https:\\\/\\\/lasentinelle.dz\\\/#website\",\"url\":\"https:\\\/\\\/lasentinelle.dz\\\/\",\"name\":\"La Sentinelle\",\"description\":\"Quotidien national d'information\",\"inLanguage\":\"fr-FR\",\"publisher\":{\"@id\":\"https:\\\/\\\/lasentinelle.dz\\\/#organization\"}}]}\n\t\t<\/script>\n\t\t<!-- All in One SEO -->\n\n","aioseo_head_json":{"title":"Tebboune ordonne la modification du code p\u00e9nal avant le 15 septembre : La peine de mort pour les pyromanes ! - La Sentinelle","description":"Le pr\u00e9sident de la R\u00e9publique a ordonn\u00e9 dimanche, au cours d\u2019une r\u00e9union d\u00e9di\u00e9e \u00e0 la prise en charge des cons\u00e9quences des incendies, la r\u00e9instauration de la condamnation \u00e0 mort pour les personnes responsables d\u2019incendies criminels, exigeant l\u2019ex\u00e9cution de peines. Le pr\u00e9sident de la R\u00e9publique, Chef supr\u00eame des Forces arm\u00e9es, ministre de la D\u00e9fense nationale, M.","canonical_url":"https:\/\/lasentinelle.dz\/index.php\/2026\/08\/31\/tebboune-ordonne-la-modification-du-code-penal-avant-le-15-septembre-la-peine-de-mort-pour-les-pyromanes\/","robots":"max-image-preview:large","keywords":"","webmasterTools":{"miscellaneous":""},"schema":{"@context":"https:\/\/schema.org","@graph":[{"@type":"BlogPosting","@id":"https:\/\/lasentinelle.dz\/index.php\/2026\/08\/31\/tebboune-ordonne-la-modification-du-code-penal-avant-le-15-septembre-la-peine-de-mort-pour-les-pyromanes\/#blogposting","name":"Tebboune ordonne la modification du code p\u00e9nal avant le 15 septembre : La peine de mort pour les pyromanes ! - La Sentinelle","headline":"Tebboune ordonne la modification du code p\u00e9nal avant le 15 septembre\u00a0: La peine de mort pour les pyromanes\u00a0!","author":{"@id":"https:\/\/lasentinelle.dz\/author\/admin\/#author"},"publisher":{"@id":"https:\/\/lasentinelle.dz\/#organization"},"image":{"@type":"ImageObject","url":"https:\/\/lasentinelle.dz\/wp-content\/uploads\/2026\/08\/tebboune.jpg","width":1280,"height":853},"datePublished":"2026-08-31T11:52:15+01:00","dateModified":"2026-08-31T11:52:19+01:00","inLanguage":"fr-FR","mainEntityOfPage":{"@id":"https:\/\/lasentinelle.dz\/index.php\/2026\/08\/31\/tebboune-ordonne-la-modification-du-code-penal-avant-le-15-septembre-la-peine-de-mort-pour-les-pyromanes\/#webpage"},"isPartOf":{"@id":"https:\/\/lasentinelle.dz\/index.php\/2026\/08\/31\/tebboune-ordonne-la-modification-du-code-penal-avant-le-15-septembre-la-peine-de-mort-pour-les-pyromanes\/#webpage"},"articleSection":"\u00c0 la Une, Actualit\u00e9"},{"@type":"BreadcrumbList","@id":"https:\/\/lasentinelle.dz\/index.php\/2026\/08\/31\/tebboune-ordonne-la-modification-du-code-penal-avant-le-15-septembre-la-peine-de-mort-pour-les-pyromanes\/#breadcrumblist","itemListElement":[{"@type":"ListItem","@id":"https:\/\/lasentinelle.dz#listItem","position":1,"name":"Home","item":"https:\/\/lasentinelle.dz","nextItem":{"@type":"ListItem","@id":"https:\/\/lasentinelle.dz\/index.php\/category\/actualite\/#listItem","name":"Actualit\u00e9"}},{"@type":"ListItem","@id":"https:\/\/lasentinelle.dz\/index.php\/category\/actualite\/#listItem","position":2,"name":"Actualit\u00e9","item":"https:\/\/lasentinelle.dz\/index.php\/category\/actualite\/","nextItem":{"@type":"ListItem","@id":"https:\/\/lasentinelle.dz\/index.php\/2026\/08\/31\/tebboune-ordonne-la-modification-du-code-penal-avant-le-15-septembre-la-peine-de-mort-pour-les-pyromanes\/#listItem","name":"Tebboune ordonne la modification du code p\u00e9nal avant le 15 septembre\u00a0: La peine de mort pour les pyromanes\u00a0!"},"previousItem":{"@type":"ListItem","@id":"https:\/\/lasentinelle.dz#listItem","name":"Home"}},{"@type":"ListItem","@id":"https:\/\/lasentinelle.dz\/index.php\/2026\/08\/31\/tebboune-ordonne-la-modification-du-code-penal-avant-le-15-septembre-la-peine-de-mort-pour-les-pyromanes\/#listItem","position":3,"name":"Tebboune ordonne la modification du code p\u00e9nal avant le 15 septembre\u00a0: La peine de mort pour les pyromanes\u00a0!","previousItem":{"@type":"ListItem","@id":"https:\/\/lasentinelle.dz\/index.php\/category\/actualite\/#listItem","name":"Actualit\u00e9"}}]},{"@type":"Organization","@id":"https:\/\/lasentinelle.dz\/#organization","name":"La Sentinelle La Sentinelle","description":"Quotidien national d'information","url":"https:\/\/lasentinelle.dz\/","logo":{"@type":"ImageObject","url":"https:\/\/lasentinelle.dz\/wp-content\/uploads\/2021\/09\/cropped-la-sentinelle-earth-golden-anima-5.gif","@id":"https:\/\/lasentinelle.dz\/index.php\/2026\/08\/31\/tebboune-ordonne-la-modification-du-code-penal-avant-le-15-septembre-la-peine-de-mort-pour-les-pyromanes\/#organizationLogo","width":450,"height":213},"image":{"@id":"https:\/\/lasentinelle.dz\/index.php\/2026\/08\/31\/tebboune-ordonne-la-modification-du-code-penal-avant-le-15-septembre-la-peine-de-mort-pour-les-pyromanes\/#organizationLogo"},"sameAs":["https:\/\/www.facebook.com\/azzedine.lasentinelle.1"]},{"@type":"Person","@id":"https:\/\/lasentinelle.dz\/author\/admin\/#author","url":"https:\/\/lasentinelle.dz\/author\/admin\/","name":"admin","image":{"@type":"ImageObject","@id":"https:\/\/lasentinelle.dz\/index.php\/2026\/08\/31\/tebboune-ordonne-la-modification-du-code-penal-avant-le-15-septembre-la-peine-de-mort-pour-les-pyromanes\/#authorImage","url":"https:\/\/secure.gravatar.com\/avatar\/4c81fed838786e9b53f540bf46533e750f5d292099ae3b66cfc6fb1982e29df7?s=96&d=mm&r=g","width":96,"height":96,"caption":"admin"}},{"@type":"WebPage","@id":"https:\/\/lasentinelle.dz\/index.php\/2026\/08\/31\/tebboune-ordonne-la-modification-du-code-penal-avant-le-15-septembre-la-peine-de-mort-pour-les-pyromanes\/#webpage","url":"https:\/\/lasentinelle.dz\/index.php\/2026\/08\/31\/tebboune-ordonne-la-modification-du-code-penal-avant-le-15-septembre-la-peine-de-mort-pour-les-pyromanes\/","name":"Tebboune ordonne la modification du code p\u00e9nal avant le 15 septembre : La peine de mort pour les pyromanes ! - La Sentinelle","description":"Le pr\u00e9sident de la R\u00e9publique a ordonn\u00e9 dimanche, au cours d\u2019une r\u00e9union d\u00e9di\u00e9e \u00e0 la prise en charge des cons\u00e9quences des incendies, la r\u00e9instauration de la condamnation \u00e0 mort pour les personnes responsables d\u2019incendies criminels, exigeant l\u2019ex\u00e9cution de peines. Le pr\u00e9sident de la R\u00e9publique, Chef supr\u00eame des Forces arm\u00e9es, ministre de la D\u00e9fense nationale, M.","inLanguage":"fr-FR","isPartOf":{"@id":"https:\/\/lasentinelle.dz\/#website"},"breadcrumb":{"@id":"https:\/\/lasentinelle.dz\/index.php\/2026\/08\/31\/tebboune-ordonne-la-modification-du-code-penal-avant-le-15-septembre-la-peine-de-mort-pour-les-pyromanes\/#breadcrumblist"},"author":{"@id":"https:\/\/lasentinelle.dz\/author\/admin\/#author"},"creator":{"@id":"https:\/\/lasentinelle.dz\/author\/admin\/#author"},"image":{"@type":"ImageObject","url":"https:\/\/lasentinelle.dz\/wp-content\/uploads\/2026\/08\/tebboune.jpg","@id":"https:\/\/lasentinelle.dz\/index.php\/2026\/08\/31\/tebboune-ordonne-la-modification-du-code-penal-avant-le-15-septembre-la-peine-de-mort-pour-les-pyromanes\/#mainImage","width":1280,"height":853},"primaryImageOfPage":{"@id":"https:\/\/lasentinelle.dz\/index.php\/2026\/08\/31\/tebboune-ordonne-la-modification-du-code-penal-avant-le-15-septembre-la-peine-de-mort-pour-les-pyromanes\/#mainImage"},"datePublished":"2026-08-31T11:52:15+01:00","dateModified":"2026-08-31T11:52:19+01:00"},{"@type":"WebSite","@id":"https:\/\/lasentinelle.dz\/#website","url":"https:\/\/lasentinelle.dz\/","name":"La Sentinelle","description":"Quotidien national d'information","inLanguage":"fr-FR","publisher":{"@id":"https:\/\/lasentinelle.dz\/#organization"}}]},"og:locale":"fr_FR","og:site_name":"La Sentinelle - Quotidien national d'information","og:type":"article","og:title":"Tebboune ordonne la modification du code p\u00e9nal avant le 15 septembre : La peine de mort pour les pyromanes ! - La Sentinelle","og:description":"Le pr\u00e9sident de la R\u00e9publique a ordonn\u00e9 dimanche, au cours d\u2019une r\u00e9union d\u00e9di\u00e9e \u00e0 la prise en charge des cons\u00e9quences des incendies, la r\u00e9instauration de la condamnation \u00e0 mort pour les personnes responsables d\u2019incendies criminels, exigeant l\u2019ex\u00e9cution de peines. Le pr\u00e9sident de la R\u00e9publique, Chef supr\u00eame des Forces arm\u00e9es, ministre de la D\u00e9fense nationale, M.","og:url":"https:\/\/lasentinelle.dz\/index.php\/2026\/08\/31\/tebboune-ordonne-la-modification-du-code-penal-avant-le-15-septembre-la-peine-de-mort-pour-les-pyromanes\/","og:image":"https:\/\/lasentinelle.dz\/wp-content\/uploads\/2021\/09\/cropped-la-sentinelle-earth-golden-anima-5.gif","og:image:secure_url":"https:\/\/lasentinelle.dz\/wp-content\/uploads\/2021\/09\/cropped-la-sentinelle-earth-golden-anima-5.gif","og:image:width":450,"og:image:height":213,"article:published_time":"2026-08-31T10:52:15+00:00","article:modified_time":"2026-08-31T10:52:19+00:00","article:publisher":"https:\/\/www.facebook.com\/azzedine.lasentinelle.1","twitter:card":"summary_large_image","twitter:title":"Tebboune ordonne la modification du code p\u00e9nal avant le 15 septembre : La peine de mort pour les pyromanes ! - La Sentinelle","twitter:description":"Le pr\u00e9sident de la R\u00e9publique a ordonn\u00e9 dimanche, au cours d\u2019une r\u00e9union d\u00e9di\u00e9e \u00e0 la prise en charge des cons\u00e9quences des incendies, la r\u00e9instauration de la condamnation \u00e0 mort pour les personnes responsables d\u2019incendies criminels, exigeant l\u2019ex\u00e9cution de peines. Le pr\u00e9sident de la R\u00e9publique, Chef supr\u00eame des Forces arm\u00e9es, ministre de la D\u00e9fense nationale, M.","twitter:image":"https:\/\/lasentinelle.dz\/wp-content\/uploads\/2021\/09\/cropped-la-sentinelle-earth-golden-anima-5.gif"},"aioseo_meta_data":{"post_id":"94664","title":null,"description":null,"keywords":null,"keyphrases":{"focus":{"keyphrase":"","score":0,"analysis":{"keyphraseInTitle":{"score":0,"maxScore":9,"error":1}}},"additional":[]},"primary_term":null,"canonical_url":null,"og_title":null,"og_description":null,"og_object_type":"default","og_image_type":"default","og_image_url":null,"og_image_width":null,"og_image_height":null,"og_image_custom_url":null,"og_image_custom_fields":null,"og_video":"","og_custom_url":null,"og_article_section":null,"og_article_tags":null,"twitter_use_og":false,"twitter_card":"default","twitter_image_type":"default","twitter_image_url":null,"twitter_image_custom_url":null,"twitter_image_custom_fields":null,"twitter_title":null,"twitter_description":null,"schema":{"blockGraphs":[],"customGraphs":[],"default":{"data":{"Article":[],"Course":[],"Dataset":[],"FAQPage":[],"Movie":[],"Person":[],"Product":[],"ProductReview":[],"Car":[],"Recipe":[],"Service":[],"SoftwareApplication":[],"WebPage":[]},"graphName":"BlogPosting","isEnabled":true},"graphs":[]},"schema_type":"default","schema_type_options":null,"pillar_content":false,"robots_default":true,"robots_noindex":false,"robots_noarchive":false,"robots_nosnippet":false,"robots_nofollow":false,"robots_noimageindex":false,"robots_noodp":false,"robots_notranslate":false,"robots_max_snippet":"-1","robots_max_videopreview":"-1","robots_max_imagepreview":"large","priority":null,"frequency":"default","local_seo":null,"breadcrumb_settings":null,"limit_modified_date":false,"ai":{"faqs":[],"keyPoints":[],"schemas":[],"titles":[],"descriptions":[],"socialPosts":{"email":{"subject":"","preview":"","content":""},"linkedin":[],"twitter":[],"facebook":[],"instagram":[]}},"created":"2026-08-31 10:52:19","updated":"2026-08-31 11:23:35","focus_keyword":null,"additional_keywords":null,"truseo_locale":null,"seo_analyzer_scan_date":null},"aioseo_breadcrumb":"<div class=\"aioseo-breadcrumbs\"><span class=\"aioseo-breadcrumb\">\n\t\t\t<a href=\"https:\/\/lasentinelle.dz\" title=\"Home\">Home<\/a>\n\t\t<\/span><span class=\"aioseo-breadcrumb-separator\">&raquo;<\/span><span class=\"aioseo-breadcrumb\">\n\t\t\t<a href=\"https:\/\/lasentinelle.dz\/index.php\/category\/actualite\/\" title=\"Actualit\u00e9\">Actualit\u00e9<\/a>\n\t\t<\/span><span class=\"aioseo-breadcrumb-separator\">&raquo;<\/span><span class=\"aioseo-breadcrumb\">\n\t\t\tTebboune ordonne la modification du code p\u00e9nal avant le 15 septembre : La peine de mort pour les pyromanes !\n\t\t<\/span><\/div>","aioseo_breadcrumb_json":[{"label":"Home","link":"https:\/\/lasentinelle.dz"},{"label":"Actualit\u00e9","link":"https:\/\/lasentinelle.dz\/index.php\/category\/actualite\/"},{"label":"Tebboune ordonne la modification du code p\u00e9nal avant le 15 septembre\u00a0: La peine de mort pour les pyromanes\u00a0!","link":"https:\/\/lasentinelle.dz\/index.php\/2026\/08\/31\/tebboune-ordonne-la-modification-du-code-penal-avant-le-15-septembre-la-peine-de-mort-pour-les-pyromanes\/"}],"yoast_head":"<!-- This site is optimized with the Yoast SEO plugin v28.3 - https:\/\/yoast.com\/product\/yoast-seo-wordpress\/ -->\n<title>Tebboune ordonne la modification du code p\u00e9nal avant le 15 septembre\u00a0: La peine de mort pour les pyromanes\u00a0! - La Sentinelle<\/title>\n<meta name=\"robots\" content=\"index, follow, max-snippet:-1, max-image-preview:large, max-video-preview:-1\" \/>\n<link rel=\"canonical\" href=\"https:\/\/lasentinelle.dz\/index.php\/2026\/08\/31\/tebboune-ordonne-la-modification-du-code-penal-avant-le-15-septembre-la-peine-de-mort-pour-les-pyromanes\/\" \/>\n<meta property=\"og:locale\" content=\"fr_FR\" \/>\n<meta property=\"og:type\" content=\"article\" \/>\n<meta property=\"og:title\" content=\"Tebboune ordonne la modification du code p\u00e9nal avant le 15 septembre\u00a0: La peine de mort pour les pyromanes\u00a0! - La Sentinelle\" \/>\n<meta property=\"og:description\" content=\"Le pr\u00e9sident de la R\u00e9publique a ordonn\u00e9 dimanche, au cours d\u2019une r\u00e9union d\u00e9di\u00e9e \u00e0 la prise en charge des cons\u00e9quences\" \/>\n<meta property=\"og:url\" content=\"https:\/\/lasentinelle.dz\/index.php\/2026\/08\/31\/tebboune-ordonne-la-modification-du-code-penal-avant-le-15-septembre-la-peine-de-mort-pour-les-pyromanes\/\" \/>\n<meta property=\"og:site_name\" content=\"La Sentinelle\" \/>\n<meta property=\"article:publisher\" content=\"https:\/\/www.facebook.com\/La-Sentinelle-104059864394773\" \/>\n<meta property=\"article:published_time\" content=\"2026-08-31T10:52:15+00:00\" \/>\n<meta property=\"article:modified_time\" content=\"2026-08-31T10:52:19+00:00\" \/>\n<meta property=\"og:image\" content=\"https:\/\/lasentinelle.dz\/wp-content\/uploads\/2026\/08\/tebboune.jpg\" \/>\n\t<meta property=\"og:image:width\" content=\"1280\" \/>\n\t<meta property=\"og:image:height\" content=\"853\" \/>\n\t<meta property=\"og:image:type\" content=\"image\/jpeg\" \/>\n<meta name=\"author\" content=\"admin\" \/>\n<meta name=\"twitter:card\" content=\"summary_large_image\" \/>\n<meta name=\"twitter:label1\" content=\"\u00c9crit par\" \/>\n\t<meta name=\"twitter:data1\" content=\"admin\" \/>\n\t<meta name=\"twitter:label2\" content=\"Dur\u00e9e de lecture estim\u00e9e\" \/>\n\t<meta name=\"twitter:data2\" content=\"6 minutes\" \/>\n<script type=\"application\/ld+json\" class=\"yoast-schema-graph\">{\"@context\":\"https:\\\/\\\/schema.org\",\"@graph\":[{\"@type\":\"Article\",\"@id\":\"https:\\\/\\\/lasentinelle.dz\\\/index.php\\\/2026\\\/08\\\/31\\\/tebboune-ordonne-la-modification-du-code-penal-avant-le-15-septembre-la-peine-de-mort-pour-les-pyromanes\\\/#article\",\"isPartOf\":{\"@id\":\"https:\\\/\\\/lasentinelle.dz\\\/index.php\\\/2026\\\/08\\\/31\\\/tebboune-ordonne-la-modification-du-code-penal-avant-le-15-septembre-la-peine-de-mort-pour-les-pyromanes\\\/\"},\"author\":{\"name\":\"admin\",\"@id\":\"https:\\\/\\\/lasentinelle.dz\\\/#\\\/schema\\\/person\\\/729ee0024f24e0b8c5ec17232f8e8b41\"},\"headline\":\"Tebboune ordonne la modification du code p\u00e9nal avant le 15 septembre\u00a0: La peine de mort pour les pyromanes\u00a0!\",\"datePublished\":\"2026-08-31T10:52:15+00:00\",\"dateModified\":\"2026-08-31T10:52:19+00:00\",\"mainEntityOfPage\":{\"@id\":\"https:\\\/\\\/lasentinelle.dz\\\/index.php\\\/2026\\\/08\\\/31\\\/tebboune-ordonne-la-modification-du-code-penal-avant-le-15-septembre-la-peine-de-mort-pour-les-pyromanes\\\/\"},\"wordCount\":1227,\"commentCount\":0,\"publisher\":{\"@id\":\"https:\\\/\\\/lasentinelle.dz\\\/#organization\"},\"image\":{\"@id\":\"https:\\\/\\\/lasentinelle.dz\\\/index.php\\\/2026\\\/08\\\/31\\\/tebboune-ordonne-la-modification-du-code-penal-avant-le-15-septembre-la-peine-de-mort-pour-les-pyromanes\\\/#primaryimage\"},\"thumbnailUrl\":\"https:\\\/\\\/lasentinelle.dz\\\/wp-content\\\/uploads\\\/2026\\\/08\\\/tebboune.jpg\",\"articleSection\":[\"\u00c0 la Une\",\"Actualit\u00e9\"],\"inLanguage\":\"fr-FR\",\"potentialAction\":[{\"@type\":\"CommentAction\",\"name\":\"Comment\",\"target\":[\"https:\\\/\\\/lasentinelle.dz\\\/index.php\\\/2026\\\/08\\\/31\\\/tebboune-ordonne-la-modification-du-code-penal-avant-le-15-septembre-la-peine-de-mort-pour-les-pyromanes\\\/#respond\"]}]},{\"@type\":\"WebPage\",\"@id\":\"https:\\\/\\\/lasentinelle.dz\\\/index.php\\\/2026\\\/08\\\/31\\\/tebboune-ordonne-la-modification-du-code-penal-avant-le-15-septembre-la-peine-de-mort-pour-les-pyromanes\\\/\",\"url\":\"https:\\\/\\\/lasentinelle.dz\\\/index.php\\\/2026\\\/08\\\/31\\\/tebboune-ordonne-la-modification-du-code-penal-avant-le-15-septembre-la-peine-de-mort-pour-les-pyromanes\\\/\",\"name\":\"Tebboune ordonne la modification du code p\u00e9nal avant le 15 septembre\u00a0: La peine de mort pour les pyromanes\u00a0! - La Sentinelle\",\"isPartOf\":{\"@id\":\"https:\\\/\\\/lasentinelle.dz\\\/#website\"},\"primaryImageOfPage\":{\"@id\":\"https:\\\/\\\/lasentinelle.dz\\\/index.php\\\/2026\\\/08\\\/31\\\/tebboune-ordonne-la-modification-du-code-penal-avant-le-15-septembre-la-peine-de-mort-pour-les-pyromanes\\\/#primaryimage\"},\"image\":{\"@id\":\"https:\\\/\\\/lasentinelle.dz\\\/index.php\\\/2026\\\/08\\\/31\\\/tebboune-ordonne-la-modification-du-code-penal-avant-le-15-septembre-la-peine-de-mort-pour-les-pyromanes\\\/#primaryimage\"},\"thumbnailUrl\":\"https:\\\/\\\/lasentinelle.dz\\\/wp-content\\\/uploads\\\/2026\\\/08\\\/tebboune.jpg\",\"datePublished\":\"2026-08-31T10:52:15+00:00\",\"dateModified\":\"2026-08-31T10:52:19+00:00\",\"breadcrumb\":{\"@id\":\"https:\\\/\\\/lasentinelle.dz\\\/index.php\\\/2026\\\/08\\\/31\\\/tebboune-ordonne-la-modification-du-code-penal-avant-le-15-septembre-la-peine-de-mort-pour-les-pyromanes\\\/#breadcrumb\"},\"inLanguage\":\"fr-FR\",\"potentialAction\":[{\"@type\":\"ReadAction\",\"target\":[\"https:\\\/\\\/lasentinelle.dz\\\/index.php\\\/2026\\\/08\\\/31\\\/tebboune-ordonne-la-modification-du-code-penal-avant-le-15-septembre-la-peine-de-mort-pour-les-pyromanes\\\/\"]}]},{\"@type\":\"ImageObject\",\"inLanguage\":\"fr-FR\",\"@id\":\"https:\\\/\\\/lasentinelle.dz\\\/index.php\\\/2026\\\/08\\\/31\\\/tebboune-ordonne-la-modification-du-code-penal-avant-le-15-septembre-la-peine-de-mort-pour-les-pyromanes\\\/#primaryimage\",\"url\":\"https:\\\/\\\/lasentinelle.dz\\\/wp-content\\\/uploads\\\/2026\\\/08\\\/tebboune.jpg\",\"contentUrl\":\"https:\\\/\\\/lasentinelle.dz\\\/wp-content\\\/uploads\\\/2026\\\/08\\\/tebboune.jpg\",\"width\":1280,\"height\":853},{\"@type\":\"BreadcrumbList\",\"@id\":\"https:\\\/\\\/lasentinelle.dz\\\/index.php\\\/2026\\\/08\\\/31\\\/tebboune-ordonne-la-modification-du-code-penal-avant-le-15-septembre-la-peine-de-mort-pour-les-pyromanes\\\/#breadcrumb\",\"itemListElement\":[{\"@type\":\"ListItem\",\"position\":1,\"name\":\"Accueil\",\"item\":\"https:\\\/\\\/lasentinelle.dz\\\/\"},{\"@type\":\"ListItem\",\"position\":2,\"name\":\"Tebboune ordonne la modification du code p\u00e9nal avant le 15 septembre\u00a0: La peine de mort pour les pyromanes\u00a0!\"}]},{\"@type\":\"WebSite\",\"@id\":\"https:\\\/\\\/lasentinelle.dz\\\/#website\",\"url\":\"https:\\\/\\\/lasentinelle.dz\\\/\",\"name\":\"La Sentinelle\",\"description\":\"Quotidien national d&#039;information\",\"publisher\":{\"@id\":\"https:\\\/\\\/lasentinelle.dz\\\/#organization\"},\"potentialAction\":[{\"@type\":\"SearchAction\",\"target\":{\"@type\":\"EntryPoint\",\"urlTemplate\":\"https:\\\/\\\/lasentinelle.dz\\\/?s={search_term_string}\"},\"query-input\":{\"@type\":\"PropertyValueSpecification\",\"valueRequired\":true,\"valueName\":\"search_term_string\"}}],\"inLanguage\":\"fr-FR\"},{\"@type\":\"Organization\",\"@id\":\"https:\\\/\\\/lasentinelle.dz\\\/#organization\",\"name\":\"Quotidien La Sentinelle\",\"url\":\"https:\\\/\\\/lasentinelle.dz\\\/\",\"logo\":{\"@type\":\"ImageObject\",\"inLanguage\":\"fr-FR\",\"@id\":\"https:\\\/\\\/lasentinelle.dz\\\/#\\\/schema\\\/logo\\\/image\\\/\",\"url\":\"https:\\\/\\\/lasentinelle.dz\\\/wp-content\\\/uploads\\\/2021\\\/09\\\/logo-sentinelleSLOGAN-1.png\",\"contentUrl\":\"https:\\\/\\\/lasentinelle.dz\\\/wp-content\\\/uploads\\\/2021\\\/09\\\/logo-sentinelleSLOGAN-1.png\",\"width\":615,\"height\":142,\"caption\":\"Quotidien La Sentinelle\"},\"image\":{\"@id\":\"https:\\\/\\\/lasentinelle.dz\\\/#\\\/schema\\\/logo\\\/image\\\/\"},\"sameAs\":[\"https:\\\/\\\/www.facebook.com\\\/La-Sentinelle-104059864394773\"]},{\"@type\":\"Person\",\"@id\":\"https:\\\/\\\/lasentinelle.dz\\\/#\\\/schema\\\/person\\\/729ee0024f24e0b8c5ec17232f8e8b41\",\"name\":\"admin\",\"image\":{\"@type\":\"ImageObject\",\"inLanguage\":\"fr-FR\",\"@id\":\"https:\\\/\\\/secure.gravatar.com\\\/avatar\\\/4c81fed838786e9b53f540bf46533e750f5d292099ae3b66cfc6fb1982e29df7?s=96&d=mm&r=g\",\"url\":\"https:\\\/\\\/secure.gravatar.com\\\/avatar\\\/4c81fed838786e9b53f540bf46533e750f5d292099ae3b66cfc6fb1982e29df7?s=96&d=mm&r=g\",\"contentUrl\":\"https:\\\/\\\/secure.gravatar.com\\\/avatar\\\/4c81fed838786e9b53f540bf46533e750f5d292099ae3b66cfc6fb1982e29df7?s=96&d=mm&r=g\",\"caption\":\"admin\"},\"description\":\"admin\",\"url\":\"https:\\\/\\\/lasentinelle.dz\\\/author\\\/admin\\\/\"}]}<\/script>\n<!-- \/ Yoast SEO plugin. -->","yoast_head_json":{"title":"Tebboune ordonne la modification du code p\u00e9nal avant le 15 septembre\u00a0: La peine de mort pour les pyromanes\u00a0! - La Sentinelle","robots":{"index":"index","follow":"follow","max-snippet":"max-snippet:-1","max-image-preview":"max-image-preview:large","max-video-preview":"max-video-preview:-1"},"canonical":"https:\/\/lasentinelle.dz\/index.php\/2026\/08\/31\/tebboune-ordonne-la-modification-du-code-penal-avant-le-15-septembre-la-peine-de-mort-pour-les-pyromanes\/","og_locale":"fr_FR","og_type":"article","og_title":"Tebboune ordonne la modification du code p\u00e9nal avant le 15 septembre\u00a0: La peine de mort pour les pyromanes\u00a0! - La Sentinelle","og_description":"Le pr\u00e9sident de la R\u00e9publique a ordonn\u00e9 dimanche, au cours d\u2019une r\u00e9union d\u00e9di\u00e9e \u00e0 la prise en charge des cons\u00e9quences","og_url":"https:\/\/lasentinelle.dz\/index.php\/2026\/08\/31\/tebboune-ordonne-la-modification-du-code-penal-avant-le-15-septembre-la-peine-de-mort-pour-les-pyromanes\/","og_site_name":"La Sentinelle","article_publisher":"https:\/\/www.facebook.com\/La-Sentinelle-104059864394773","article_published_time":"2026-08-31T10:52:15+00:00","article_modified_time":"2026-08-31T10:52:19+00:00","og_image":[{"width":1280,"height":853,"url":"https:\/\/lasentinelle.dz\/wp-content\/uploads\/2026\/08\/tebboune.jpg","type":"image\/jpeg"}],"author":"admin","twitter_card":"summary_large_image","twitter_misc":{"\u00c9crit par":"admin","Dur\u00e9e de lecture estim\u00e9e":"6 minutes"},"schema":{"@context":"https:\/\/schema.org","@graph":[{"@type":"Article","@id":"https:\/\/lasentinelle.dz\/index.php\/2026\/08\/31\/tebboune-ordonne-la-modification-du-code-penal-avant-le-15-septembre-la-peine-de-mort-pour-les-pyromanes\/#article","isPartOf":{"@id":"https:\/\/lasentinelle.dz\/index.php\/2026\/08\/31\/tebboune-ordonne-la-modification-du-code-penal-avant-le-15-septembre-la-peine-de-mort-pour-les-pyromanes\/"},"author":{"name":"admin","@id":"https:\/\/lasentinelle.dz\/#\/schema\/person\/729ee0024f24e0b8c5ec17232f8e8b41"},"headline":"Tebboune ordonne la modification du code p\u00e9nal avant le 15 septembre\u00a0: La peine de mort pour les pyromanes\u00a0!","datePublished":"2026-08-31T10:52:15+00:00","dateModified":"2026-08-31T10:52:19+00:00","mainEntityOfPage":{"@id":"https:\/\/lasentinelle.dz\/index.php\/2026\/08\/31\/tebboune-ordonne-la-modification-du-code-penal-avant-le-15-septembre-la-peine-de-mort-pour-les-pyromanes\/"},"wordCount":1227,"commentCount":0,"publisher":{"@id":"https:\/\/lasentinelle.dz\/#organization"},"image":{"@id":"https:\/\/lasentinelle.dz\/index.php\/2026\/08\/31\/tebboune-ordonne-la-modification-du-code-penal-avant-le-15-septembre-la-peine-de-mort-pour-les-pyromanes\/#primaryimage"},"thumbnailUrl":"https:\/\/lasentinelle.dz\/wp-content\/uploads\/2026\/08\/tebboune.jpg","articleSection":["\u00c0 la Une","Actualit\u00e9"],"inLanguage":"fr-FR","potentialAction":[{"@type":"CommentAction","name":"Comment","target":["https:\/\/lasentinelle.dz\/index.php\/2026\/08\/31\/tebboune-ordonne-la-modification-du-code-penal-avant-le-15-septembre-la-peine-de-mort-pour-les-pyromanes\/#respond"]}]},{"@type":"WebPage","@id":"https:\/\/lasentinelle.dz\/index.php\/2026\/08\/31\/tebboune-ordonne-la-modification-du-code-penal-avant-le-15-septembre-la-peine-de-mort-pour-les-pyromanes\/","url":"https:\/\/lasentinelle.dz\/index.php\/2026\/08\/31\/tebboune-ordonne-la-modification-du-code-penal-avant-le-15-septembre-la-peine-de-mort-pour-les-pyromanes\/","name":"Tebboune ordonne la modification du code p\u00e9nal avant le 15 septembre\u00a0: La peine de mort pour les pyromanes\u00a0! - La Sentinelle","isPartOf":{"@id":"https:\/\/lasentinelle.dz\/#website"},"primaryImageOfPage":{"@id":"https:\/\/lasentinelle.dz\/index.php\/2026\/08\/31\/tebboune-ordonne-la-modification-du-code-penal-avant-le-15-septembre-la-peine-de-mort-pour-les-pyromanes\/#primaryimage"},"image":{"@id":"https:\/\/lasentinelle.dz\/index.php\/2026\/08\/31\/tebboune-ordonne-la-modification-du-code-penal-avant-le-15-septembre-la-peine-de-mort-pour-les-pyromanes\/#primaryimage"},"thumbnailUrl":"https:\/\/lasentinelle.dz\/wp-content\/uploads\/2026\/08\/tebboune.jpg","datePublished":"2026-08-31T10:52:15+00:00","dateModified":"2026-08-31T10:52:19+00:00","breadcrumb":{"@id":"https:\/\/lasentinelle.dz\/index.php\/2026\/08\/31\/tebboune-ordonne-la-modification-du-code-penal-avant-le-15-septembre-la-peine-de-mort-pour-les-pyromanes\/#breadcrumb"},"inLanguage":"fr-FR","potentialAction":[{"@type":"ReadAction","target":["https:\/\/lasentinelle.dz\/index.php\/2026\/08\/31\/tebboune-ordonne-la-modification-du-code-penal-avant-le-15-septembre-la-peine-de-mort-pour-les-pyromanes\/"]}]},{"@type":"ImageObject","inLanguage":"fr-FR","@id":"https:\/\/lasentinelle.dz\/index.php\/2026\/08\/31\/tebboune-ordonne-la-modification-du-code-penal-avant-le-15-septembre-la-peine-de-mort-pour-les-pyromanes\/#primaryimage","url":"https:\/\/lasentinelle.dz\/wp-content\/uploads\/2026\/08\/tebboune.jpg","contentUrl":"https:\/\/lasentinelle.dz\/wp-content\/uploads\/2026\/08\/tebboune.jpg","width":1280,"height":853},{"@type":"BreadcrumbList","@id":"https:\/\/lasentinelle.dz\/index.php\/2026\/08\/31\/tebboune-ordonne-la-modification-du-code-penal-avant-le-15-septembre-la-peine-de-mort-pour-les-pyromanes\/#breadcrumb","itemListElement":[{"@type":"ListItem","position":1,"name":"Accueil","item":"https:\/\/lasentinelle.dz\/"},{"@type":"ListItem","position":2,"name":"Tebboune ordonne la modification du code p\u00e9nal avant le 15 septembre\u00a0: La peine de mort pour les pyromanes\u00a0!"}]},{"@type":"WebSite","@id":"https:\/\/lasentinelle.dz\/#website","url":"https:\/\/lasentinelle.dz\/","name":"La Sentinelle","description":"Quotidien national d&#039;information","publisher":{"@id":"https:\/\/lasentinelle.dz\/#organization"},"potentialAction":[{"@type":"SearchAction","target":{"@type":"EntryPoint","urlTemplate":"https:\/\/lasentinelle.dz\/?s={search_term_string}"},"query-input":{"@type":"PropertyValueSpecification","valueRequired":true,"valueName":"search_term_string"}}],"inLanguage":"fr-FR"},{"@type":"Organization","@id":"https:\/\/lasentinelle.dz\/#organization","name":"Quotidien La Sentinelle","url":"https:\/\/lasentinelle.dz\/","logo":{"@type":"ImageObject","inLanguage":"fr-FR","@id":"https:\/\/lasentinelle.dz\/#\/schema\/logo\/image\/","url":"https:\/\/lasentinelle.dz\/wp-content\/uploads\/2021\/09\/logo-sentinelleSLOGAN-1.png","contentUrl":"https:\/\/lasentinelle.dz\/wp-content\/uploads\/2021\/09\/logo-sentinelleSLOGAN-1.png","width":615,"height":142,"caption":"Quotidien La Sentinelle"},"image":{"@id":"https:\/\/lasentinelle.dz\/#\/schema\/logo\/image\/"},"sameAs":["https:\/\/www.facebook.com\/La-Sentinelle-104059864394773"]},{"@type":"Person","@id":"https:\/\/lasentinelle.dz\/#\/schema\/person\/729ee0024f24e0b8c5ec17232f8e8b41","name":"admin","image":{"@type":"ImageObject","inLanguage":"fr-FR","@id":"https:\/\/secure.gravatar.com\/avatar\/4c81fed838786e9b53f540bf46533e750f5d292099ae3b66cfc6fb1982e29df7?s=96&d=mm&r=g","url":"https:\/\/secure.gravatar.com\/avatar\/4c81fed838786e9b53f540bf46533e750f5d292099ae3b66cfc6fb1982e29df7?s=96&d=mm&r=g","contentUrl":"https:\/\/secure.gravatar.com\/avatar\/4c81fed838786e9b53f540bf46533e750f5d292099ae3b66cfc6fb1982e29df7?s=96&d=mm&r=g","caption":"admin"},"description":"admin","url":"https:\/\/lasentinelle.dz\/author\/admin\/"}]}},"_links":{"self":[{"href":"https:\/\/lasentinelle.dz\/index.php\/wp-json\/wp\/v2\/posts\/94664","targetHints":{"allow":["GET"]}}],"collection":[{"href":"https:\/\/lasentinelle.dz\/index.php\/wp-json\/wp\/v2\/posts"}],"about":[{"href":"https:\/\/lasentinelle.dz\/index.php\/wp-json\/wp\/v2\/types\/post"}],"author":[{"embeddable":true,"href":"https:\/\/lasentinelle.dz\/index.php\/wp-json\/wp\/v2\/users\/6"}],"replies":[{"embeddable":true,"href":"https:\/\/lasentinelle.dz\/index.php\/wp-json\/wp\/v2\/comments?post=94664"}],"version-history":[{"count":1,"href":"https:\/\/lasentinelle.dz\/index.php\/wp-json\/wp\/v2\/posts\/94664\/revisions"}],"predecessor-version":[{"id":94666,"href":"https:\/\/lasentinelle.dz\/index.php\/wp-json\/wp\/v2\/posts\/94664\/revisions\/94666"}],"wp:featuredmedia":[{"embeddable":true,"href":"https:\/\/lasentinelle.dz\/index.php\/wp-json\/wp\/v2\/media\/94665"}],"wp:attachment":[{"href":"https:\/\/lasentinelle.dz\/index.php\/wp-json\/wp\/v2\/media?parent=94664"}],"wp:term":[{"taxonomy":"category","embeddable":true,"href":"https:\/\/lasentinelle.dz\/index.php\/wp-json\/wp\/v2\/categories?post=94664"},{"taxonomy":"post_tag","embeddable":true,"href":"https:\/\/lasentinelle.dz\/index.php\/wp-json\/wp\/v2\/tags?post=94664"}],"curies":[{"name":"wp","href":"https:\/\/api.w.org\/{rel}","templated":true}]}}