{"id":94675,"date":"2026-09-01T10:21:34","date_gmt":"2026-09-01T09:21:34","guid":{"rendered":"https:\/\/lasentinelle.dz\/?p=94675"},"modified":"2026-09-01T10:21:37","modified_gmt":"2026-09-01T09:21:37","slug":"decolonisation-du-sahara-occidental-brahim-ghali-exhorte-lunion-africaine-a-assumer-pleinement-son-role","status":"publish","type":"post","link":"https:\/\/lasentinelle.dz\/index.php\/2026\/09\/01\/decolonisation-du-sahara-occidental-brahim-ghali-exhorte-lunion-africaine-a-assumer-pleinement-son-role\/","title":{"rendered":"D\u00e9colonisation du Sahara occidental\u00a0: Brahim Ghali exhorte l&rsquo;Union africaine \u00e0 assumer pleinement son r\u00f4le"},"content":{"rendered":"\n<p class=\"wp-block-paragraph\">Le pr\u00e9sident de la R\u00e9publique arabe sahraouie d\u00e9mocratique (RASD), Brahim Ghali, a exhort\u00e9 dimanche l&rsquo;Union africaine \u00e0 assumer ses responsabilit\u00e9s dans le parach\u00e8vement du processus de d\u00e9colonisation du Sahara occidental, derni\u00e8re colonie subsistant sur le continent africain. S&rsquo;exprimant devant la 21e session extraordinaire de la Conf\u00e9rence des chefs d&rsquo;\u00c9tat et de Gouvernement de l&rsquo;UA, consacr\u00e9e au renforcement des m\u00e9canismes de pr\u00e9vention et de r\u00e8glement des conflits en Afrique, le chef de l&rsquo;\u00c9tat sahraoui a affirm\u00e9 que le dossier sahraoui demeure \u00ab une question purement africaine \u00bb. Il a estim\u00e9 que la responsabilit\u00e9 de l&rsquo;organisation panafricaine impose qu&rsquo;elle \u0153uvre, main dans la main avec les Nations unies, \u00e0 mener \u00e0 son terme la d\u00e9colonisation du territoire occup\u00e9.<\/p>\n\n\n\n<p class=\"wp-block-paragraph\">Le pr\u00e9sident Ghali a plaid\u00e9 pour que l&rsquo;UA assume pleinement son r\u00f4le sur ce dossier, rappelant qu&rsquo;il s&rsquo;agit d&rsquo;une question de d\u00e9colonisation inscrite depuis longtemps \u00e0 l&rsquo;agenda de l&rsquo;organisation continentale. Il a appel\u00e9 \u00e0 poursuivre l&rsquo;action commune avec l&rsquo;ONU pour permettre au peuple sahraoui d&rsquo;aller jusqu&rsquo;au bout de son processus de d\u00e9colonisation.<\/p>\n\n\n\n<p class=\"wp-block-paragraph\"><strong>Le r\u00f4le de l\u2019Alg\u00e9rie salu\u00e9<\/strong><\/p>\n\n\n\n<p class=\"wp-block-paragraph\">Le dirigeant sahraoui a par ailleurs tenu \u00e0 saluer l&rsquo;engagement constant de l&rsquo;Alg\u00e9rie aux c\u00f4t\u00e9s des causes de lib\u00e9ration sur le continent, ainsi que sa contribution reconnue au r\u00e8glement de plusieurs conflits africains et \u00e0 la consolidation de la paix et de la stabilit\u00e9 r\u00e9gionales. Il a soulign\u00e9 qu&rsquo;Alger dispose d&rsquo;une exp\u00e9rience \u00e9prouv\u00e9e en mati\u00e8re de m\u00e9diation, forg\u00e9e par la r\u00e9solution de plusieurs crises sur le continent.<\/p>\n\n\n\n<p class=\"wp-block-paragraph\">Brahim Ghali a r\u00e9it\u00e9r\u00e9 l&rsquo;attachement de la RASD au r\u00f4le de l&rsquo;UA dans la recherche d&rsquo;une solution juste et durable au conflit du Sahara occidental, une solution qui devrait s&rsquo;inscrire dans le strict respect des principes de l&rsquo;Acte constitutif de l&rsquo;organisation et des r\u00e8gles du droit international, et ouvrir la voie \u00e0 l&rsquo;exercice par le peuple sahraoui de son droit inali\u00e9nable \u00e0 l&rsquo;autod\u00e9termination et \u00e0 l&rsquo;ind\u00e9pendance.<\/p>\n\n\n\n<p class=\"wp-block-paragraph\">Le pr\u00e9sident sahraoui a par ailleurs li\u00e9 l&rsquo;aboutissement des engagements pris lors du sommet extraordinaire de Johannesburg de 2020 sur l&rsquo;initiative \u00ab Faire taire les armes \u00bb, ainsi que ceux du sommet de Nairobi du Conseil de paix et de s\u00e9curit\u00e9, \u00e0 l&rsquo;ach\u00e8vement de la d\u00e9colonisation du continent, au respect du droit des peuples \u00e0 disposer d&rsquo;eux-m\u00eames et au rejet de toute occupation ou tentative de modification des fronti\u00e8res par la force.<\/p>\n\n\n\n<p class=\"wp-block-paragraph\">Il a conclu son intervention par un plaidoyer pour le renforcement des outils d\u00e9j\u00e0 existants plut\u00f4t que la multiplication de nouveaux m\u00e9canismes. \u00ab Alors que nous saluons les \u00e9tapes importantes franchies par l&rsquo;UA dans la construction d&rsquo;un syst\u00e8me continental de paix et de s\u00e9curit\u00e9, nous estimons que le v\u00e9ritable d\u00e9fi ne r\u00e9side plus dans la cr\u00e9ation de nouveaux m\u00e9canismes, mais plut\u00f4t dans le fait de doter les m\u00e9canismes existants des moyens n\u00e9cessaires \u00e0 leur efficacit\u00e9 et \u00e0 leur r\u00e9ussite \u00bb, a-t-il d\u00e9clar\u00e9, appelant \u00e0 un suivi rigoureux de la mise en \u0153uvre des d\u00e9cisions de l&rsquo;UA relatives aux dossiers de d\u00e9colonisation et d&rsquo;autod\u00e9termination.<\/p>\n\n\n\n<p class=\"wp-block-paragraph\">R.I.<\/p>\n","protected":false},"excerpt":{"rendered":"<p>Le pr\u00e9sident de la R\u00e9publique arabe sahraouie d\u00e9mocratique (RASD), Brahim Ghali, a exhort\u00e9 dimanche l&rsquo;Union africaine \u00e0 assumer ses responsabilit\u00e9s<\/p>\n","protected":false},"author":6,"featured_media":61315,"comment_status":"open","ping_status":"closed","sticky":false,"template":"","format":"standard","meta":{"colormag_page_container_layout":"default_layout","colormag_page_sidebar_layout":"default_layout","om_disable_all_campaigns":false,"_monsterinsights_skip_tracking":false,"footnotes":"","_wpscppro_dont_share_socialmedia":false,"_wpscppro_custom_social_share_image":0,"_facebook_share_type":"default","_twitter_share_type":"default","_linkedin_share_type":"default","_pinterest_share_type":"default","_linkedin_share_type_page":"","_instagram_share_type":"default","_medium_share_type":"default","_threads_share_type":"default","_google_business_share_type":"default","_bluesky_share_type":"default","_mastodon_share_type":"default","_selected_social_profile":[],"_wpsp_enable_custom_social_template":false,"_wpsp_social_scheduling":{"enabled":false,"datetime":null,"platforms":[],"status":"template_only","dateOption":"today","timeOption":"now","customDays":"","customHours":"","customDate":"","customTime":"","schedulingType":"absolute"},"_wpsp_active_default_template":true},"categories":[37],"tags":[],"class_list":["post-94675","post","type-post","status-publish","format-standard","has-post-thumbnail","hentry","category-monde"],"aioseo_notices":[],"aioseo_head":"\n\t\t<!-- All in One SEO 5.0.0.1 - aioseo.com -->\n\t<meta name=\"description\" content=\"Le pr\u00e9sident de la R\u00e9publique arabe sahraouie d\u00e9mocratique (RASD), Brahim Ghali, a exhort\u00e9 dimanche l&#039;Union africaine \u00e0 assumer ses responsabilit\u00e9s dans le parach\u00e8vement du processus de d\u00e9colonisation du Sahara occidental, derni\u00e8re colonie subsistant sur le continent africain. S&#039;exprimant devant la 21e session extraordinaire de la Conf\u00e9rence des chefs d&#039;\u00c9tat et de Gouvernement de l&#039;UA, consacr\u00e9e\" \/>\n\t<meta name=\"robots\" content=\"max-image-preview:large\" \/>\n\t<meta name=\"author\" content=\"admin\"\/>\n\t<link rel=\"canonical\" href=\"https:\/\/lasentinelle.dz\/index.php\/2026\/09\/01\/decolonisation-du-sahara-occidental-brahim-ghali-exhorte-lunion-africaine-a-assumer-pleinement-son-role\/\" \/>\n\t<meta name=\"generator\" content=\"All in One SEO (AIOSEO) 5.0.0.1\" \/>\n\t\t<meta property=\"og:locale\" content=\"fr_FR\" \/>\n\t\t<meta property=\"og:site_name\" content=\"La Sentinelle - Quotidien national d&#039;information\" \/>\n\t\t<meta property=\"og:type\" content=\"article\" \/>\n\t\t<meta property=\"og:title\" content=\"D\u00e9colonisation du Sahara occidental : Brahim Ghali exhorte l\u2019Union africaine \u00e0 assumer pleinement son r\u00f4le - La Sentinelle\" \/>\n\t\t<meta property=\"og:description\" content=\"Le pr\u00e9sident de la R\u00e9publique arabe sahraouie d\u00e9mocratique (RASD), Brahim Ghali, a exhort\u00e9 dimanche l&#039;Union africaine \u00e0 assumer ses responsabilit\u00e9s dans le parach\u00e8vement du processus de d\u00e9colonisation du Sahara occidental, derni\u00e8re colonie subsistant sur le continent africain. S&#039;exprimant devant la 21e session extraordinaire de la Conf\u00e9rence des chefs d&#039;\u00c9tat et de Gouvernement de l&#039;UA, consacr\u00e9e\" \/>\n\t\t<meta property=\"og:url\" content=\"https:\/\/lasentinelle.dz\/index.php\/2026\/09\/01\/decolonisation-du-sahara-occidental-brahim-ghali-exhorte-lunion-africaine-a-assumer-pleinement-son-role\/\" \/>\n\t\t<meta property=\"og:image\" content=\"https:\/\/lasentinelle.dz\/wp-content\/uploads\/2021\/09\/cropped-la-sentinelle-earth-golden-anima-5.gif\" \/>\n\t\t<meta property=\"og:image:secure_url\" content=\"https:\/\/lasentinelle.dz\/wp-content\/uploads\/2021\/09\/cropped-la-sentinelle-earth-golden-anima-5.gif\" \/>\n\t\t<meta property=\"og:image:width\" content=\"450\" \/>\n\t\t<meta property=\"og:image:height\" content=\"213\" \/>\n\t\t<meta property=\"article:published_time\" content=\"2026-09-01T09:21:34+00:00\" \/>\n\t\t<meta property=\"article:modified_time\" content=\"2026-09-01T09:21:37+00:00\" \/>\n\t\t<meta property=\"article:publisher\" content=\"https:\/\/www.facebook.com\/azzedine.lasentinelle.1\" \/>\n\t\t<meta name=\"twitter:card\" content=\"summary_large_image\" \/>\n\t\t<meta name=\"twitter:title\" content=\"D\u00e9colonisation du Sahara occidental : Brahim Ghali exhorte l\u2019Union africaine \u00e0 assumer pleinement son r\u00f4le - La Sentinelle\" \/>\n\t\t<meta name=\"twitter:description\" content=\"Le pr\u00e9sident de la R\u00e9publique arabe sahraouie d\u00e9mocratique (RASD), Brahim Ghali, a exhort\u00e9 dimanche l&#039;Union africaine \u00e0 assumer ses responsabilit\u00e9s dans le parach\u00e8vement du processus de d\u00e9colonisation du Sahara occidental, derni\u00e8re colonie subsistant sur le continent africain. S&#039;exprimant devant la 21e session extraordinaire de la Conf\u00e9rence des chefs d&#039;\u00c9tat et de Gouvernement de l&#039;UA, consacr\u00e9e\" \/>\n\t\t<meta name=\"twitter:image\" content=\"https:\/\/lasentinelle.dz\/wp-content\/uploads\/2021\/09\/cropped-la-sentinelle-earth-golden-anima-5.gif\" \/>\n\t\t<script type=\"application\/ld+json\" class=\"aioseo-schema\">\n\t\t\t{\"@context\":\"https:\\\/\\\/schema.org\",\"@graph\":[{\"@type\":\"BlogPosting\",\"@id\":\"https:\\\/\\\/lasentinelle.dz\\\/index.php\\\/2026\\\/09\\\/01\\\/decolonisation-du-sahara-occidental-brahim-ghali-exhorte-lunion-africaine-a-assumer-pleinement-son-role\\\/#blogposting\",\"name\":\"D\\u00e9colonisation du Sahara occidental : Brahim Ghali exhorte l\\u2019Union africaine \\u00e0 assumer pleinement son r\\u00f4le - La Sentinelle\",\"headline\":\"D\\u00e9colonisation du Sahara occidental\\u00a0: Brahim Ghali exhorte l&rsquo;Union africaine \\u00e0 assumer pleinement son r\\u00f4le\",\"author\":{\"@id\":\"https:\\\/\\\/lasentinelle.dz\\\/author\\\/admin\\\/#author\"},\"publisher\":{\"@id\":\"https:\\\/\\\/lasentinelle.dz\\\/#organization\"},\"image\":{\"@type\":\"ImageObject\",\"url\":\"https:\\\/\\\/lasentinelle.dz\\\/wp-content\\\/uploads\\\/2025\\\/01\\\/Brahim-Ghali.jpeg\",\"width\":813,\"height\":558},\"datePublished\":\"2026-09-01T10:21:34+01:00\",\"dateModified\":\"2026-09-01T10:21:37+01:00\",\"inLanguage\":\"fr-FR\",\"mainEntityOfPage\":{\"@id\":\"https:\\\/\\\/lasentinelle.dz\\\/index.php\\\/2026\\\/09\\\/01\\\/decolonisation-du-sahara-occidental-brahim-ghali-exhorte-lunion-africaine-a-assumer-pleinement-son-role\\\/#webpage\"},\"isPartOf\":{\"@id\":\"https:\\\/\\\/lasentinelle.dz\\\/index.php\\\/2026\\\/09\\\/01\\\/decolonisation-du-sahara-occidental-brahim-ghali-exhorte-lunion-africaine-a-assumer-pleinement-son-role\\\/#webpage\"},\"articleSection\":\"Monde\"},{\"@type\":\"BreadcrumbList\",\"@id\":\"https:\\\/\\\/lasentinelle.dz\\\/index.php\\\/2026\\\/09\\\/01\\\/decolonisation-du-sahara-occidental-brahim-ghali-exhorte-lunion-africaine-a-assumer-pleinement-son-role\\\/#breadcrumblist\",\"itemListElement\":[{\"@type\":\"ListItem\",\"@id\":\"https:\\\/\\\/lasentinelle.dz#listItem\",\"position\":1,\"name\":\"Home\",\"item\":\"https:\\\/\\\/lasentinelle.dz\",\"nextItem\":{\"@type\":\"ListItem\",\"@id\":\"https:\\\/\\\/lasentinelle.dz\\\/index.php\\\/category\\\/monde\\\/#listItem\",\"name\":\"Monde\"}},{\"@type\":\"ListItem\",\"@id\":\"https:\\\/\\\/lasentinelle.dz\\\/index.php\\\/category\\\/monde\\\/#listItem\",\"position\":2,\"name\":\"Monde\",\"item\":\"https:\\\/\\\/lasentinelle.dz\\\/index.php\\\/category\\\/monde\\\/\",\"nextItem\":{\"@type\":\"ListItem\",\"@id\":\"https:\\\/\\\/lasentinelle.dz\\\/index.php\\\/2026\\\/09\\\/01\\\/decolonisation-du-sahara-occidental-brahim-ghali-exhorte-lunion-africaine-a-assumer-pleinement-son-role\\\/#listItem\",\"name\":\"D\\u00e9colonisation du Sahara occidental\\u00a0: Brahim Ghali exhorte l&rsquo;Union africaine \\u00e0 assumer pleinement son r\\u00f4le\"},\"previousItem\":{\"@type\":\"ListItem\",\"@id\":\"https:\\\/\\\/lasentinelle.dz#listItem\",\"name\":\"Home\"}},{\"@type\":\"ListItem\",\"@id\":\"https:\\\/\\\/lasentinelle.dz\\\/index.php\\\/2026\\\/09\\\/01\\\/decolonisation-du-sahara-occidental-brahim-ghali-exhorte-lunion-africaine-a-assumer-pleinement-son-role\\\/#listItem\",\"position\":3,\"name\":\"D\\u00e9colonisation du Sahara occidental\\u00a0: Brahim Ghali exhorte l&rsquo;Union africaine \\u00e0 assumer pleinement son r\\u00f4le\",\"previousItem\":{\"@type\":\"ListItem\",\"@id\":\"https:\\\/\\\/lasentinelle.dz\\\/index.php\\\/category\\\/monde\\\/#listItem\",\"name\":\"Monde\"}}]},{\"@type\":\"Organization\",\"@id\":\"https:\\\/\\\/lasentinelle.dz\\\/#organization\",\"name\":\"La Sentinelle La Sentinelle\",\"description\":\"Quotidien national d'information\",\"url\":\"https:\\\/\\\/lasentinelle.dz\\\/\",\"logo\":{\"@type\":\"ImageObject\",\"url\":\"https:\\\/\\\/lasentinelle.dz\\\/wp-content\\\/uploads\\\/2021\\\/09\\\/cropped-la-sentinelle-earth-golden-anima-5.gif\",\"@id\":\"https:\\\/\\\/lasentinelle.dz\\\/index.php\\\/2026\\\/09\\\/01\\\/decolonisation-du-sahara-occidental-brahim-ghali-exhorte-lunion-africaine-a-assumer-pleinement-son-role\\\/#organizationLogo\",\"width\":450,\"height\":213},\"image\":{\"@id\":\"https:\\\/\\\/lasentinelle.dz\\\/index.php\\\/2026\\\/09\\\/01\\\/decolonisation-du-sahara-occidental-brahim-ghali-exhorte-lunion-africaine-a-assumer-pleinement-son-role\\\/#organizationLogo\"},\"sameAs\":[\"https:\\\/\\\/www.facebook.com\\\/azzedine.lasentinelle.1\"]},{\"@type\":\"Person\",\"@id\":\"https:\\\/\\\/lasentinelle.dz\\\/author\\\/admin\\\/#author\",\"url\":\"https:\\\/\\\/lasentinelle.dz\\\/author\\\/admin\\\/\",\"name\":\"admin\",\"image\":{\"@type\":\"ImageObject\",\"@id\":\"https:\\\/\\\/lasentinelle.dz\\\/index.php\\\/2026\\\/09\\\/01\\\/decolonisation-du-sahara-occidental-brahim-ghali-exhorte-lunion-africaine-a-assumer-pleinement-son-role\\\/#authorImage\",\"url\":\"https:\\\/\\\/secure.gravatar.com\\\/avatar\\\/4c81fed838786e9b53f540bf46533e750f5d292099ae3b66cfc6fb1982e29df7?s=96&d=mm&r=g\",\"width\":96,\"height\":96,\"caption\":\"admin\"}},{\"@type\":\"WebPage\",\"@id\":\"https:\\\/\\\/lasentinelle.dz\\\/index.php\\\/2026\\\/09\\\/01\\\/decolonisation-du-sahara-occidental-brahim-ghali-exhorte-lunion-africaine-a-assumer-pleinement-son-role\\\/#webpage\",\"url\":\"https:\\\/\\\/lasentinelle.dz\\\/index.php\\\/2026\\\/09\\\/01\\\/decolonisation-du-sahara-occidental-brahim-ghali-exhorte-lunion-africaine-a-assumer-pleinement-son-role\\\/\",\"name\":\"D\\u00e9colonisation du Sahara occidental : Brahim Ghali exhorte l\\u2019Union africaine \\u00e0 assumer pleinement son r\\u00f4le - La Sentinelle\",\"description\":\"Le pr\\u00e9sident de la R\\u00e9publique arabe sahraouie d\\u00e9mocratique (RASD), Brahim Ghali, a exhort\\u00e9 dimanche l'Union africaine \\u00e0 assumer ses responsabilit\\u00e9s dans le parach\\u00e8vement du processus de d\\u00e9colonisation du Sahara occidental, derni\\u00e8re colonie subsistant sur le continent africain. S'exprimant devant la 21e session extraordinaire de la Conf\\u00e9rence des chefs d'\\u00c9tat et de Gouvernement de l'UA, consacr\\u00e9e\",\"inLanguage\":\"fr-FR\",\"isPartOf\":{\"@id\":\"https:\\\/\\\/lasentinelle.dz\\\/#website\"},\"breadcrumb\":{\"@id\":\"https:\\\/\\\/lasentinelle.dz\\\/index.php\\\/2026\\\/09\\\/01\\\/decolonisation-du-sahara-occidental-brahim-ghali-exhorte-lunion-africaine-a-assumer-pleinement-son-role\\\/#breadcrumblist\"},\"author\":{\"@id\":\"https:\\\/\\\/lasentinelle.dz\\\/author\\\/admin\\\/#author\"},\"creator\":{\"@id\":\"https:\\\/\\\/lasentinelle.dz\\\/author\\\/admin\\\/#author\"},\"image\":{\"@type\":\"ImageObject\",\"url\":\"https:\\\/\\\/lasentinelle.dz\\\/wp-content\\\/uploads\\\/2025\\\/01\\\/Brahim-Ghali.jpeg\",\"@id\":\"https:\\\/\\\/lasentinelle.dz\\\/index.php\\\/2026\\\/09\\\/01\\\/decolonisation-du-sahara-occidental-brahim-ghali-exhorte-lunion-africaine-a-assumer-pleinement-son-role\\\/#mainImage\",\"width\":813,\"height\":558},\"primaryImageOfPage\":{\"@id\":\"https:\\\/\\\/lasentinelle.dz\\\/index.php\\\/2026\\\/09\\\/01\\\/decolonisation-du-sahara-occidental-brahim-ghali-exhorte-lunion-africaine-a-assumer-pleinement-son-role\\\/#mainImage\"},\"datePublished\":\"2026-09-01T10:21:34+01:00\",\"dateModified\":\"2026-09-01T10:21:37+01:00\"},{\"@type\":\"WebSite\",\"@id\":\"https:\\\/\\\/lasentinelle.dz\\\/#website\",\"url\":\"https:\\\/\\\/lasentinelle.dz\\\/\",\"name\":\"La Sentinelle\",\"description\":\"Quotidien national d'information\",\"inLanguage\":\"fr-FR\",\"publisher\":{\"@id\":\"https:\\\/\\\/lasentinelle.dz\\\/#organization\"}}]}\n\t\t<\/script>\n\t\t<!-- All in One SEO -->\n\n","aioseo_head_json":{"title":"D\u00e9colonisation du Sahara occidental : Brahim Ghali exhorte l\u2019Union africaine \u00e0 assumer pleinement son r\u00f4le - La Sentinelle","description":"Le pr\u00e9sident de la R\u00e9publique arabe sahraouie d\u00e9mocratique (RASD), Brahim Ghali, a exhort\u00e9 dimanche l'Union africaine \u00e0 assumer ses responsabilit\u00e9s dans le parach\u00e8vement du processus de d\u00e9colonisation du Sahara occidental, derni\u00e8re colonie subsistant sur le continent africain. S'exprimant devant la 21e session extraordinaire de la Conf\u00e9rence des chefs d'\u00c9tat et de Gouvernement de l'UA, consacr\u00e9e","canonical_url":"https:\/\/lasentinelle.dz\/index.php\/2026\/09\/01\/decolonisation-du-sahara-occidental-brahim-ghali-exhorte-lunion-africaine-a-assumer-pleinement-son-role\/","robots":"max-image-preview:large","keywords":"","webmasterTools":{"miscellaneous":""},"schema":{"@context":"https:\/\/schema.org","@graph":[{"@type":"BlogPosting","@id":"https:\/\/lasentinelle.dz\/index.php\/2026\/09\/01\/decolonisation-du-sahara-occidental-brahim-ghali-exhorte-lunion-africaine-a-assumer-pleinement-son-role\/#blogposting","name":"D\u00e9colonisation du Sahara occidental : Brahim Ghali exhorte l\u2019Union africaine \u00e0 assumer pleinement son r\u00f4le - La Sentinelle","headline":"D\u00e9colonisation du Sahara occidental\u00a0: Brahim Ghali exhorte l&rsquo;Union africaine \u00e0 assumer pleinement son r\u00f4le","author":{"@id":"https:\/\/lasentinelle.dz\/author\/admin\/#author"},"publisher":{"@id":"https:\/\/lasentinelle.dz\/#organization"},"image":{"@type":"ImageObject","url":"https:\/\/lasentinelle.dz\/wp-content\/uploads\/2025\/01\/Brahim-Ghali.jpeg","width":813,"height":558},"datePublished":"2026-09-01T10:21:34+01:00","dateModified":"2026-09-01T10:21:37+01:00","inLanguage":"fr-FR","mainEntityOfPage":{"@id":"https:\/\/lasentinelle.dz\/index.php\/2026\/09\/01\/decolonisation-du-sahara-occidental-brahim-ghali-exhorte-lunion-africaine-a-assumer-pleinement-son-role\/#webpage"},"isPartOf":{"@id":"https:\/\/lasentinelle.dz\/index.php\/2026\/09\/01\/decolonisation-du-sahara-occidental-brahim-ghali-exhorte-lunion-africaine-a-assumer-pleinement-son-role\/#webpage"},"articleSection":"Monde"},{"@type":"BreadcrumbList","@id":"https:\/\/lasentinelle.dz\/index.php\/2026\/09\/01\/decolonisation-du-sahara-occidental-brahim-ghali-exhorte-lunion-africaine-a-assumer-pleinement-son-role\/#breadcrumblist","itemListElement":[{"@type":"ListItem","@id":"https:\/\/lasentinelle.dz#listItem","position":1,"name":"Home","item":"https:\/\/lasentinelle.dz","nextItem":{"@type":"ListItem","@id":"https:\/\/lasentinelle.dz\/index.php\/category\/monde\/#listItem","name":"Monde"}},{"@type":"ListItem","@id":"https:\/\/lasentinelle.dz\/index.php\/category\/monde\/#listItem","position":2,"name":"Monde","item":"https:\/\/lasentinelle.dz\/index.php\/category\/monde\/","nextItem":{"@type":"ListItem","@id":"https:\/\/lasentinelle.dz\/index.php\/2026\/09\/01\/decolonisation-du-sahara-occidental-brahim-ghali-exhorte-lunion-africaine-a-assumer-pleinement-son-role\/#listItem","name":"D\u00e9colonisation du Sahara occidental\u00a0: Brahim Ghali exhorte l&rsquo;Union africaine \u00e0 assumer pleinement son r\u00f4le"},"previousItem":{"@type":"ListItem","@id":"https:\/\/lasentinelle.dz#listItem","name":"Home"}},{"@type":"ListItem","@id":"https:\/\/lasentinelle.dz\/index.php\/2026\/09\/01\/decolonisation-du-sahara-occidental-brahim-ghali-exhorte-lunion-africaine-a-assumer-pleinement-son-role\/#listItem","position":3,"name":"D\u00e9colonisation du Sahara occidental\u00a0: Brahim Ghali exhorte l&rsquo;Union africaine \u00e0 assumer pleinement son r\u00f4le","previousItem":{"@type":"ListItem","@id":"https:\/\/lasentinelle.dz\/index.php\/category\/monde\/#listItem","name":"Monde"}}]},{"@type":"Organization","@id":"https:\/\/lasentinelle.dz\/#organization","name":"La Sentinelle La Sentinelle","description":"Quotidien national d'information","url":"https:\/\/lasentinelle.dz\/","logo":{"@type":"ImageObject","url":"https:\/\/lasentinelle.dz\/wp-content\/uploads\/2021\/09\/cropped-la-sentinelle-earth-golden-anima-5.gif","@id":"https:\/\/lasentinelle.dz\/index.php\/2026\/09\/01\/decolonisation-du-sahara-occidental-brahim-ghali-exhorte-lunion-africaine-a-assumer-pleinement-son-role\/#organizationLogo","width":450,"height":213},"image":{"@id":"https:\/\/lasentinelle.dz\/index.php\/2026\/09\/01\/decolonisation-du-sahara-occidental-brahim-ghali-exhorte-lunion-africaine-a-assumer-pleinement-son-role\/#organizationLogo"},"sameAs":["https:\/\/www.facebook.com\/azzedine.lasentinelle.1"]},{"@type":"Person","@id":"https:\/\/lasentinelle.dz\/author\/admin\/#author","url":"https:\/\/lasentinelle.dz\/author\/admin\/","name":"admin","image":{"@type":"ImageObject","@id":"https:\/\/lasentinelle.dz\/index.php\/2026\/09\/01\/decolonisation-du-sahara-occidental-brahim-ghali-exhorte-lunion-africaine-a-assumer-pleinement-son-role\/#authorImage","url":"https:\/\/secure.gravatar.com\/avatar\/4c81fed838786e9b53f540bf46533e750f5d292099ae3b66cfc6fb1982e29df7?s=96&d=mm&r=g","width":96,"height":96,"caption":"admin"}},{"@type":"WebPage","@id":"https:\/\/lasentinelle.dz\/index.php\/2026\/09\/01\/decolonisation-du-sahara-occidental-brahim-ghali-exhorte-lunion-africaine-a-assumer-pleinement-son-role\/#webpage","url":"https:\/\/lasentinelle.dz\/index.php\/2026\/09\/01\/decolonisation-du-sahara-occidental-brahim-ghali-exhorte-lunion-africaine-a-assumer-pleinement-son-role\/","name":"D\u00e9colonisation du Sahara occidental : Brahim Ghali exhorte l\u2019Union africaine \u00e0 assumer pleinement son r\u00f4le - La Sentinelle","description":"Le pr\u00e9sident de la R\u00e9publique arabe sahraouie d\u00e9mocratique (RASD), Brahim Ghali, a exhort\u00e9 dimanche l'Union africaine \u00e0 assumer ses responsabilit\u00e9s dans le parach\u00e8vement du processus de d\u00e9colonisation du Sahara occidental, derni\u00e8re colonie subsistant sur le continent africain. S'exprimant devant la 21e session extraordinaire de la Conf\u00e9rence des chefs d'\u00c9tat et de Gouvernement de l'UA, consacr\u00e9e","inLanguage":"fr-FR","isPartOf":{"@id":"https:\/\/lasentinelle.dz\/#website"},"breadcrumb":{"@id":"https:\/\/lasentinelle.dz\/index.php\/2026\/09\/01\/decolonisation-du-sahara-occidental-brahim-ghali-exhorte-lunion-africaine-a-assumer-pleinement-son-role\/#breadcrumblist"},"author":{"@id":"https:\/\/lasentinelle.dz\/author\/admin\/#author"},"creator":{"@id":"https:\/\/lasentinelle.dz\/author\/admin\/#author"},"image":{"@type":"ImageObject","url":"https:\/\/lasentinelle.dz\/wp-content\/uploads\/2025\/01\/Brahim-Ghali.jpeg","@id":"https:\/\/lasentinelle.dz\/index.php\/2026\/09\/01\/decolonisation-du-sahara-occidental-brahim-ghali-exhorte-lunion-africaine-a-assumer-pleinement-son-role\/#mainImage","width":813,"height":558},"primaryImageOfPage":{"@id":"https:\/\/lasentinelle.dz\/index.php\/2026\/09\/01\/decolonisation-du-sahara-occidental-brahim-ghali-exhorte-lunion-africaine-a-assumer-pleinement-son-role\/#mainImage"},"datePublished":"2026-09-01T10:21:34+01:00","dateModified":"2026-09-01T10:21:37+01:00"},{"@type":"WebSite","@id":"https:\/\/lasentinelle.dz\/#website","url":"https:\/\/lasentinelle.dz\/","name":"La Sentinelle","description":"Quotidien national d'information","inLanguage":"fr-FR","publisher":{"@id":"https:\/\/lasentinelle.dz\/#organization"}}]},"og:locale":"fr_FR","og:site_name":"La Sentinelle - Quotidien national d'information","og:type":"article","og:title":"D\u00e9colonisation du Sahara occidental : Brahim Ghali exhorte l\u2019Union africaine \u00e0 assumer pleinement son r\u00f4le - La Sentinelle","og:description":"Le pr\u00e9sident de la R\u00e9publique arabe sahraouie d\u00e9mocratique (RASD), Brahim Ghali, a exhort\u00e9 dimanche l'Union africaine \u00e0 assumer ses responsabilit\u00e9s dans le parach\u00e8vement du processus de d\u00e9colonisation du Sahara occidental, derni\u00e8re colonie subsistant sur le continent africain. S'exprimant devant la 21e session extraordinaire de la Conf\u00e9rence des chefs d'\u00c9tat et de Gouvernement de l'UA, consacr\u00e9e","og:url":"https:\/\/lasentinelle.dz\/index.php\/2026\/09\/01\/decolonisation-du-sahara-occidental-brahim-ghali-exhorte-lunion-africaine-a-assumer-pleinement-son-role\/","og:image":"https:\/\/lasentinelle.dz\/wp-content\/uploads\/2021\/09\/cropped-la-sentinelle-earth-golden-anima-5.gif","og:image:secure_url":"https:\/\/lasentinelle.dz\/wp-content\/uploads\/2021\/09\/cropped-la-sentinelle-earth-golden-anima-5.gif","og:image:width":450,"og:image:height":213,"article:published_time":"2026-09-01T09:21:34+00:00","article:modified_time":"2026-09-01T09:21:37+00:00","article:publisher":"https:\/\/www.facebook.com\/azzedine.lasentinelle.1","twitter:card":"summary_large_image","twitter:title":"D\u00e9colonisation du Sahara occidental : Brahim Ghali exhorte l\u2019Union africaine \u00e0 assumer pleinement son r\u00f4le - La Sentinelle","twitter:description":"Le pr\u00e9sident de la R\u00e9publique arabe sahraouie d\u00e9mocratique (RASD), Brahim Ghali, a exhort\u00e9 dimanche l'Union africaine \u00e0 assumer ses responsabilit\u00e9s dans le parach\u00e8vement du processus de d\u00e9colonisation du Sahara occidental, derni\u00e8re colonie subsistant sur le continent africain. S'exprimant devant la 21e session extraordinaire de la Conf\u00e9rence des chefs d'\u00c9tat et de Gouvernement de l'UA, consacr\u00e9e","twitter:image":"https:\/\/lasentinelle.dz\/wp-content\/uploads\/2021\/09\/cropped-la-sentinelle-earth-golden-anima-5.gif"},"aioseo_meta_data":{"post_id":"94675","title":null,"description":null,"keywords":null,"keyphrases":{"focus":{"keyphrase":"","score":0,"analysis":{"keyphraseInTitle":{"score":0,"maxScore":9,"error":1}}},"additional":[]},"primary_term":null,"canonical_url":null,"og_title":null,"og_description":null,"og_object_type":"default","og_image_type":"default","og_image_url":null,"og_image_width":null,"og_image_height":null,"og_image_custom_url":null,"og_image_custom_fields":null,"og_video":"","og_custom_url":null,"og_article_section":null,"og_article_tags":null,"twitter_use_og":false,"twitter_card":"default","twitter_image_type":"default","twitter_image_url":null,"twitter_image_custom_url":null,"twitter_image_custom_fields":null,"twitter_title":null,"twitter_description":null,"schema":{"blockGraphs":[],"customGraphs":[],"default":{"data":{"Article":[],"Course":[],"Dataset":[],"FAQPage":[],"Movie":[],"Person":[],"Product":[],"ProductReview":[],"Car":[],"Recipe":[],"Service":[],"SoftwareApplication":[],"WebPage":[]},"graphName":"BlogPosting","isEnabled":true},"graphs":[]},"schema_type":"default","schema_type_options":null,"pillar_content":false,"robots_default":true,"robots_noindex":false,"robots_noarchive":false,"robots_nosnippet":false,"robots_nofollow":false,"robots_noimageindex":false,"robots_noodp":false,"robots_notranslate":false,"robots_max_snippet":"-1","robots_max_videopreview":"-1","robots_max_imagepreview":"large","priority":null,"frequency":"default","local_seo":null,"breadcrumb_settings":null,"limit_modified_date":false,"ai":{"faqs":[],"keyPoints":[],"schemas":[],"titles":[],"descriptions":[],"socialPosts":{"email":{"subject":"","preview":"","content":""},"linkedin":[],"twitter":[],"facebook":[],"instagram":[]}},"created":"2026-09-01 09:21:37","updated":"2026-09-01 09:28:03","focus_keyword":null,"additional_keywords":null,"truseo_locale":null,"seo_analyzer_scan_date":null},"aioseo_breadcrumb":"<div class=\"aioseo-breadcrumbs\"><span class=\"aioseo-breadcrumb\">\n\t\t\t<a href=\"https:\/\/lasentinelle.dz\" title=\"Home\">Home<\/a>\n\t\t<\/span><span class=\"aioseo-breadcrumb-separator\">&raquo;<\/span><span class=\"aioseo-breadcrumb\">\n\t\t\t<a href=\"https:\/\/lasentinelle.dz\/index.php\/category\/monde\/\" title=\"Monde\">Monde<\/a>\n\t\t<\/span><span class=\"aioseo-breadcrumb-separator\">&raquo;<\/span><span class=\"aioseo-breadcrumb\">\n\t\t\tD\u00e9colonisation du Sahara occidental : Brahim Ghali exhorte l\u2019Union africaine \u00e0 assumer pleinement son r\u00f4le\n\t\t<\/span><\/div>","aioseo_breadcrumb_json":[{"label":"Home","link":"https:\/\/lasentinelle.dz"},{"label":"Monde","link":"https:\/\/lasentinelle.dz\/index.php\/category\/monde\/"},{"label":"D\u00e9colonisation du Sahara occidental\u00a0: Brahim Ghali exhorte l&rsquo;Union africaine \u00e0 assumer pleinement son r\u00f4le","link":"https:\/\/lasentinelle.dz\/index.php\/2026\/09\/01\/decolonisation-du-sahara-occidental-brahim-ghali-exhorte-lunion-africaine-a-assumer-pleinement-son-role\/"}],"yoast_head":"<!-- This site is optimized with the Yoast SEO plugin v28.3 - https:\/\/yoast.com\/product\/yoast-seo-wordpress\/ -->\n<title>D\u00e9colonisation du Sahara occidental\u00a0: Brahim Ghali exhorte l&rsquo;Union africaine \u00e0 assumer pleinement son r\u00f4le - La Sentinelle<\/title>\n<meta name=\"robots\" content=\"index, follow, max-snippet:-1, max-image-preview:large, max-video-preview:-1\" \/>\n<link rel=\"canonical\" href=\"https:\/\/lasentinelle.dz\/index.php\/2026\/09\/01\/decolonisation-du-sahara-occidental-brahim-ghali-exhorte-lunion-africaine-a-assumer-pleinement-son-role\/\" \/>\n<meta property=\"og:locale\" content=\"fr_FR\" \/>\n<meta property=\"og:type\" content=\"article\" \/>\n<meta property=\"og:title\" content=\"D\u00e9colonisation du Sahara occidental\u00a0: Brahim Ghali exhorte l&rsquo;Union africaine \u00e0 assumer pleinement son r\u00f4le - La Sentinelle\" \/>\n<meta property=\"og:description\" content=\"Le pr\u00e9sident de la R\u00e9publique arabe sahraouie d\u00e9mocratique (RASD), Brahim Ghali, a exhort\u00e9 dimanche l&rsquo;Union africaine \u00e0 assumer ses responsabilit\u00e9s\" \/>\n<meta property=\"og:url\" content=\"https:\/\/lasentinelle.dz\/index.php\/2026\/09\/01\/decolonisation-du-sahara-occidental-brahim-ghali-exhorte-lunion-africaine-a-assumer-pleinement-son-role\/\" \/>\n<meta property=\"og:site_name\" content=\"La Sentinelle\" \/>\n<meta property=\"article:publisher\" content=\"https:\/\/www.facebook.com\/La-Sentinelle-104059864394773\" \/>\n<meta property=\"article:published_time\" content=\"2026-09-01T09:21:34+00:00\" \/>\n<meta property=\"article:modified_time\" content=\"2026-09-01T09:21:37+00:00\" \/>\n<meta property=\"og:image\" content=\"https:\/\/lasentinelle.dz\/wp-content\/uploads\/2025\/01\/Brahim-Ghali.jpeg\" \/>\n\t<meta property=\"og:image:width\" content=\"813\" \/>\n\t<meta property=\"og:image:height\" content=\"558\" \/>\n\t<meta property=\"og:image:type\" content=\"image\/jpeg\" \/>\n<meta name=\"author\" content=\"admin\" \/>\n<meta name=\"twitter:card\" content=\"summary_large_image\" \/>\n<meta name=\"twitter:label1\" content=\"\u00c9crit par\" \/>\n\t<meta name=\"twitter:data1\" content=\"admin\" \/>\n\t<meta name=\"twitter:label2\" content=\"Dur\u00e9e de lecture estim\u00e9e\" \/>\n\t<meta name=\"twitter:data2\" content=\"3 minutes\" \/>\n<script type=\"application\/ld+json\" class=\"yoast-schema-graph\">{\"@context\":\"https:\\\/\\\/schema.org\",\"@graph\":[{\"@type\":\"Article\",\"@id\":\"https:\\\/\\\/lasentinelle.dz\\\/index.php\\\/2026\\\/09\\\/01\\\/decolonisation-du-sahara-occidental-brahim-ghali-exhorte-lunion-africaine-a-assumer-pleinement-son-role\\\/#article\",\"isPartOf\":{\"@id\":\"https:\\\/\\\/lasentinelle.dz\\\/index.php\\\/2026\\\/09\\\/01\\\/decolonisation-du-sahara-occidental-brahim-ghali-exhorte-lunion-africaine-a-assumer-pleinement-son-role\\\/\"},\"author\":{\"name\":\"admin\",\"@id\":\"https:\\\/\\\/lasentinelle.dz\\\/#\\\/schema\\\/person\\\/729ee0024f24e0b8c5ec17232f8e8b41\"},\"headline\":\"D\u00e9colonisation du Sahara occidental\u00a0: Brahim Ghali exhorte l&rsquo;Union africaine \u00e0 assumer pleinement son r\u00f4le\",\"datePublished\":\"2026-09-01T09:21:34+00:00\",\"dateModified\":\"2026-09-01T09:21:37+00:00\",\"mainEntityOfPage\":{\"@id\":\"https:\\\/\\\/lasentinelle.dz\\\/index.php\\\/2026\\\/09\\\/01\\\/decolonisation-du-sahara-occidental-brahim-ghali-exhorte-lunion-africaine-a-assumer-pleinement-son-role\\\/\"},\"wordCount\":579,\"commentCount\":0,\"publisher\":{\"@id\":\"https:\\\/\\\/lasentinelle.dz\\\/#organization\"},\"image\":{\"@id\":\"https:\\\/\\\/lasentinelle.dz\\\/index.php\\\/2026\\\/09\\\/01\\\/decolonisation-du-sahara-occidental-brahim-ghali-exhorte-lunion-africaine-a-assumer-pleinement-son-role\\\/#primaryimage\"},\"thumbnailUrl\":\"https:\\\/\\\/lasentinelle.dz\\\/wp-content\\\/uploads\\\/2025\\\/01\\\/Brahim-Ghali.jpeg\",\"articleSection\":[\"Monde\"],\"inLanguage\":\"fr-FR\",\"potentialAction\":[{\"@type\":\"CommentAction\",\"name\":\"Comment\",\"target\":[\"https:\\\/\\\/lasentinelle.dz\\\/index.php\\\/2026\\\/09\\\/01\\\/decolonisation-du-sahara-occidental-brahim-ghali-exhorte-lunion-africaine-a-assumer-pleinement-son-role\\\/#respond\"]}]},{\"@type\":\"WebPage\",\"@id\":\"https:\\\/\\\/lasentinelle.dz\\\/index.php\\\/2026\\\/09\\\/01\\\/decolonisation-du-sahara-occidental-brahim-ghali-exhorte-lunion-africaine-a-assumer-pleinement-son-role\\\/\",\"url\":\"https:\\\/\\\/lasentinelle.dz\\\/index.php\\\/2026\\\/09\\\/01\\\/decolonisation-du-sahara-occidental-brahim-ghali-exhorte-lunion-africaine-a-assumer-pleinement-son-role\\\/\",\"name\":\"D\u00e9colonisation du Sahara occidental\u00a0: Brahim Ghali exhorte l&rsquo;Union africaine \u00e0 assumer pleinement son r\u00f4le - La Sentinelle\",\"isPartOf\":{\"@id\":\"https:\\\/\\\/lasentinelle.dz\\\/#website\"},\"primaryImageOfPage\":{\"@id\":\"https:\\\/\\\/lasentinelle.dz\\\/index.php\\\/2026\\\/09\\\/01\\\/decolonisation-du-sahara-occidental-brahim-ghali-exhorte-lunion-africaine-a-assumer-pleinement-son-role\\\/#primaryimage\"},\"image\":{\"@id\":\"https:\\\/\\\/lasentinelle.dz\\\/index.php\\\/2026\\\/09\\\/01\\\/decolonisation-du-sahara-occidental-brahim-ghali-exhorte-lunion-africaine-a-assumer-pleinement-son-role\\\/#primaryimage\"},\"thumbnailUrl\":\"https:\\\/\\\/lasentinelle.dz\\\/wp-content\\\/uploads\\\/2025\\\/01\\\/Brahim-Ghali.jpeg\",\"datePublished\":\"2026-09-01T09:21:34+00:00\",\"dateModified\":\"2026-09-01T09:21:37+00:00\",\"breadcrumb\":{\"@id\":\"https:\\\/\\\/lasentinelle.dz\\\/index.php\\\/2026\\\/09\\\/01\\\/decolonisation-du-sahara-occidental-brahim-ghali-exhorte-lunion-africaine-a-assumer-pleinement-son-role\\\/#breadcrumb\"},\"inLanguage\":\"fr-FR\",\"potentialAction\":[{\"@type\":\"ReadAction\",\"target\":[\"https:\\\/\\\/lasentinelle.dz\\\/index.php\\\/2026\\\/09\\\/01\\\/decolonisation-du-sahara-occidental-brahim-ghali-exhorte-lunion-africaine-a-assumer-pleinement-son-role\\\/\"]}]},{\"@type\":\"ImageObject\",\"inLanguage\":\"fr-FR\",\"@id\":\"https:\\\/\\\/lasentinelle.dz\\\/index.php\\\/2026\\\/09\\\/01\\\/decolonisation-du-sahara-occidental-brahim-ghali-exhorte-lunion-africaine-a-assumer-pleinement-son-role\\\/#primaryimage\",\"url\":\"https:\\\/\\\/lasentinelle.dz\\\/wp-content\\\/uploads\\\/2025\\\/01\\\/Brahim-Ghali.jpeg\",\"contentUrl\":\"https:\\\/\\\/lasentinelle.dz\\\/wp-content\\\/uploads\\\/2025\\\/01\\\/Brahim-Ghali.jpeg\",\"width\":813,\"height\":558},{\"@type\":\"BreadcrumbList\",\"@id\":\"https:\\\/\\\/lasentinelle.dz\\\/index.php\\\/2026\\\/09\\\/01\\\/decolonisation-du-sahara-occidental-brahim-ghali-exhorte-lunion-africaine-a-assumer-pleinement-son-role\\\/#breadcrumb\",\"itemListElement\":[{\"@type\":\"ListItem\",\"position\":1,\"name\":\"Accueil\",\"item\":\"https:\\\/\\\/lasentinelle.dz\\\/\"},{\"@type\":\"ListItem\",\"position\":2,\"name\":\"D\u00e9colonisation du Sahara occidental\u00a0: Brahim Ghali exhorte l&rsquo;Union africaine \u00e0 assumer pleinement son r\u00f4le\"}]},{\"@type\":\"WebSite\",\"@id\":\"https:\\\/\\\/lasentinelle.dz\\\/#website\",\"url\":\"https:\\\/\\\/lasentinelle.dz\\\/\",\"name\":\"La Sentinelle\",\"description\":\"Quotidien national d&#039;information\",\"publisher\":{\"@id\":\"https:\\\/\\\/lasentinelle.dz\\\/#organization\"},\"potentialAction\":[{\"@type\":\"SearchAction\",\"target\":{\"@type\":\"EntryPoint\",\"urlTemplate\":\"https:\\\/\\\/lasentinelle.dz\\\/?s={search_term_string}\"},\"query-input\":{\"@type\":\"PropertyValueSpecification\",\"valueRequired\":true,\"valueName\":\"search_term_string\"}}],\"inLanguage\":\"fr-FR\"},{\"@type\":\"Organization\",\"@id\":\"https:\\\/\\\/lasentinelle.dz\\\/#organization\",\"name\":\"Quotidien La Sentinelle\",\"url\":\"https:\\\/\\\/lasentinelle.dz\\\/\",\"logo\":{\"@type\":\"ImageObject\",\"inLanguage\":\"fr-FR\",\"@id\":\"https:\\\/\\\/lasentinelle.dz\\\/#\\\/schema\\\/logo\\\/image\\\/\",\"url\":\"https:\\\/\\\/lasentinelle.dz\\\/wp-content\\\/uploads\\\/2021\\\/09\\\/logo-sentinelleSLOGAN-1.png\",\"contentUrl\":\"https:\\\/\\\/lasentinelle.dz\\\/wp-content\\\/uploads\\\/2021\\\/09\\\/logo-sentinelleSLOGAN-1.png\",\"width\":615,\"height\":142,\"caption\":\"Quotidien La Sentinelle\"},\"image\":{\"@id\":\"https:\\\/\\\/lasentinelle.dz\\\/#\\\/schema\\\/logo\\\/image\\\/\"},\"sameAs\":[\"https:\\\/\\\/www.facebook.com\\\/La-Sentinelle-104059864394773\"]},{\"@type\":\"Person\",\"@id\":\"https:\\\/\\\/lasentinelle.dz\\\/#\\\/schema\\\/person\\\/729ee0024f24e0b8c5ec17232f8e8b41\",\"name\":\"admin\",\"image\":{\"@type\":\"ImageObject\",\"inLanguage\":\"fr-FR\",\"@id\":\"https:\\\/\\\/secure.gravatar.com\\\/avatar\\\/4c81fed838786e9b53f540bf46533e750f5d292099ae3b66cfc6fb1982e29df7?s=96&d=mm&r=g\",\"url\":\"https:\\\/\\\/secure.gravatar.com\\\/avatar\\\/4c81fed838786e9b53f540bf46533e750f5d292099ae3b66cfc6fb1982e29df7?s=96&d=mm&r=g\",\"contentUrl\":\"https:\\\/\\\/secure.gravatar.com\\\/avatar\\\/4c81fed838786e9b53f540bf46533e750f5d292099ae3b66cfc6fb1982e29df7?s=96&d=mm&r=g\",\"caption\":\"admin\"},\"description\":\"admin\",\"url\":\"https:\\\/\\\/lasentinelle.dz\\\/author\\\/admin\\\/\"}]}<\/script>\n<!-- \/ Yoast SEO plugin. -->","yoast_head_json":{"title":"D\u00e9colonisation du Sahara occidental\u00a0: Brahim Ghali exhorte l&rsquo;Union africaine \u00e0 assumer pleinement son r\u00f4le - La Sentinelle","robots":{"index":"index","follow":"follow","max-snippet":"max-snippet:-1","max-image-preview":"max-image-preview:large","max-video-preview":"max-video-preview:-1"},"canonical":"https:\/\/lasentinelle.dz\/index.php\/2026\/09\/01\/decolonisation-du-sahara-occidental-brahim-ghali-exhorte-lunion-africaine-a-assumer-pleinement-son-role\/","og_locale":"fr_FR","og_type":"article","og_title":"D\u00e9colonisation du Sahara occidental\u00a0: Brahim Ghali exhorte l&rsquo;Union africaine \u00e0 assumer pleinement son r\u00f4le - La Sentinelle","og_description":"Le pr\u00e9sident de la R\u00e9publique arabe sahraouie d\u00e9mocratique (RASD), Brahim Ghali, a exhort\u00e9 dimanche l&rsquo;Union africaine \u00e0 assumer ses responsabilit\u00e9s","og_url":"https:\/\/lasentinelle.dz\/index.php\/2026\/09\/01\/decolonisation-du-sahara-occidental-brahim-ghali-exhorte-lunion-africaine-a-assumer-pleinement-son-role\/","og_site_name":"La Sentinelle","article_publisher":"https:\/\/www.facebook.com\/La-Sentinelle-104059864394773","article_published_time":"2026-09-01T09:21:34+00:00","article_modified_time":"2026-09-01T09:21:37+00:00","og_image":[{"width":813,"height":558,"url":"https:\/\/lasentinelle.dz\/wp-content\/uploads\/2025\/01\/Brahim-Ghali.jpeg","type":"image\/jpeg"}],"author":"admin","twitter_card":"summary_large_image","twitter_misc":{"\u00c9crit par":"admin","Dur\u00e9e de lecture estim\u00e9e":"3 minutes"},"schema":{"@context":"https:\/\/schema.org","@graph":[{"@type":"Article","@id":"https:\/\/lasentinelle.dz\/index.php\/2026\/09\/01\/decolonisation-du-sahara-occidental-brahim-ghali-exhorte-lunion-africaine-a-assumer-pleinement-son-role\/#article","isPartOf":{"@id":"https:\/\/lasentinelle.dz\/index.php\/2026\/09\/01\/decolonisation-du-sahara-occidental-brahim-ghali-exhorte-lunion-africaine-a-assumer-pleinement-son-role\/"},"author":{"name":"admin","@id":"https:\/\/lasentinelle.dz\/#\/schema\/person\/729ee0024f24e0b8c5ec17232f8e8b41"},"headline":"D\u00e9colonisation du Sahara occidental\u00a0: Brahim Ghali exhorte l&rsquo;Union africaine \u00e0 assumer pleinement son r\u00f4le","datePublished":"2026-09-01T09:21:34+00:00","dateModified":"2026-09-01T09:21:37+00:00","mainEntityOfPage":{"@id":"https:\/\/lasentinelle.dz\/index.php\/2026\/09\/01\/decolonisation-du-sahara-occidental-brahim-ghali-exhorte-lunion-africaine-a-assumer-pleinement-son-role\/"},"wordCount":579,"commentCount":0,"publisher":{"@id":"https:\/\/lasentinelle.dz\/#organization"},"image":{"@id":"https:\/\/lasentinelle.dz\/index.php\/2026\/09\/01\/decolonisation-du-sahara-occidental-brahim-ghali-exhorte-lunion-africaine-a-assumer-pleinement-son-role\/#primaryimage"},"thumbnailUrl":"https:\/\/lasentinelle.dz\/wp-content\/uploads\/2025\/01\/Brahim-Ghali.jpeg","articleSection":["Monde"],"inLanguage":"fr-FR","potentialAction":[{"@type":"CommentAction","name":"Comment","target":["https:\/\/lasentinelle.dz\/index.php\/2026\/09\/01\/decolonisation-du-sahara-occidental-brahim-ghali-exhorte-lunion-africaine-a-assumer-pleinement-son-role\/#respond"]}]},{"@type":"WebPage","@id":"https:\/\/lasentinelle.dz\/index.php\/2026\/09\/01\/decolonisation-du-sahara-occidental-brahim-ghali-exhorte-lunion-africaine-a-assumer-pleinement-son-role\/","url":"https:\/\/lasentinelle.dz\/index.php\/2026\/09\/01\/decolonisation-du-sahara-occidental-brahim-ghali-exhorte-lunion-africaine-a-assumer-pleinement-son-role\/","name":"D\u00e9colonisation du Sahara occidental\u00a0: Brahim Ghali exhorte l&rsquo;Union africaine \u00e0 assumer pleinement son r\u00f4le - La Sentinelle","isPartOf":{"@id":"https:\/\/lasentinelle.dz\/#website"},"primaryImageOfPage":{"@id":"https:\/\/lasentinelle.dz\/index.php\/2026\/09\/01\/decolonisation-du-sahara-occidental-brahim-ghali-exhorte-lunion-africaine-a-assumer-pleinement-son-role\/#primaryimage"},"image":{"@id":"https:\/\/lasentinelle.dz\/index.php\/2026\/09\/01\/decolonisation-du-sahara-occidental-brahim-ghali-exhorte-lunion-africaine-a-assumer-pleinement-son-role\/#primaryimage"},"thumbnailUrl":"https:\/\/lasentinelle.dz\/wp-content\/uploads\/2025\/01\/Brahim-Ghali.jpeg","datePublished":"2026-09-01T09:21:34+00:00","dateModified":"2026-09-01T09:21:37+00:00","breadcrumb":{"@id":"https:\/\/lasentinelle.dz\/index.php\/2026\/09\/01\/decolonisation-du-sahara-occidental-brahim-ghali-exhorte-lunion-africaine-a-assumer-pleinement-son-role\/#breadcrumb"},"inLanguage":"fr-FR","potentialAction":[{"@type":"ReadAction","target":["https:\/\/lasentinelle.dz\/index.php\/2026\/09\/01\/decolonisation-du-sahara-occidental-brahim-ghali-exhorte-lunion-africaine-a-assumer-pleinement-son-role\/"]}]},{"@type":"ImageObject","inLanguage":"fr-FR","@id":"https:\/\/lasentinelle.dz\/index.php\/2026\/09\/01\/decolonisation-du-sahara-occidental-brahim-ghali-exhorte-lunion-africaine-a-assumer-pleinement-son-role\/#primaryimage","url":"https:\/\/lasentinelle.dz\/wp-content\/uploads\/2025\/01\/Brahim-Ghali.jpeg","contentUrl":"https:\/\/lasentinelle.dz\/wp-content\/uploads\/2025\/01\/Brahim-Ghali.jpeg","width":813,"height":558},{"@type":"BreadcrumbList","@id":"https:\/\/lasentinelle.dz\/index.php\/2026\/09\/01\/decolonisation-du-sahara-occidental-brahim-ghali-exhorte-lunion-africaine-a-assumer-pleinement-son-role\/#breadcrumb","itemListElement":[{"@type":"ListItem","position":1,"name":"Accueil","item":"https:\/\/lasentinelle.dz\/"},{"@type":"ListItem","position":2,"name":"D\u00e9colonisation du Sahara occidental\u00a0: Brahim Ghali exhorte l&rsquo;Union africaine \u00e0 assumer pleinement son r\u00f4le"}]},{"@type":"WebSite","@id":"https:\/\/lasentinelle.dz\/#website","url":"https:\/\/lasentinelle.dz\/","name":"La Sentinelle","description":"Quotidien national d&#039;information","publisher":{"@id":"https:\/\/lasentinelle.dz\/#organization"},"potentialAction":[{"@type":"SearchAction","target":{"@type":"EntryPoint","urlTemplate":"https:\/\/lasentinelle.dz\/?s={search_term_string}"},"query-input":{"@type":"PropertyValueSpecification","valueRequired":true,"valueName":"search_term_string"}}],"inLanguage":"fr-FR"},{"@type":"Organization","@id":"https:\/\/lasentinelle.dz\/#organization","name":"Quotidien La Sentinelle","url":"https:\/\/lasentinelle.dz\/","logo":{"@type":"ImageObject","inLanguage":"fr-FR","@id":"https:\/\/lasentinelle.dz\/#\/schema\/logo\/image\/","url":"https:\/\/lasentinelle.dz\/wp-content\/uploads\/2021\/09\/logo-sentinelleSLOGAN-1.png","contentUrl":"https:\/\/lasentinelle.dz\/wp-content\/uploads\/2021\/09\/logo-sentinelleSLOGAN-1.png","width":615,"height":142,"caption":"Quotidien La Sentinelle"},"image":{"@id":"https:\/\/lasentinelle.dz\/#\/schema\/logo\/image\/"},"sameAs":["https:\/\/www.facebook.com\/La-Sentinelle-104059864394773"]},{"@type":"Person","@id":"https:\/\/lasentinelle.dz\/#\/schema\/person\/729ee0024f24e0b8c5ec17232f8e8b41","name":"admin","image":{"@type":"ImageObject","inLanguage":"fr-FR","@id":"https:\/\/secure.gravatar.com\/avatar\/4c81fed838786e9b53f540bf46533e750f5d292099ae3b66cfc6fb1982e29df7?s=96&d=mm&r=g","url":"https:\/\/secure.gravatar.com\/avatar\/4c81fed838786e9b53f540bf46533e750f5d292099ae3b66cfc6fb1982e29df7?s=96&d=mm&r=g","contentUrl":"https:\/\/secure.gravatar.com\/avatar\/4c81fed838786e9b53f540bf46533e750f5d292099ae3b66cfc6fb1982e29df7?s=96&d=mm&r=g","caption":"admin"},"description":"admin","url":"https:\/\/lasentinelle.dz\/author\/admin\/"}]}},"_links":{"self":[{"href":"https:\/\/lasentinelle.dz\/index.php\/wp-json\/wp\/v2\/posts\/94675","targetHints":{"allow":["GET"]}}],"collection":[{"href":"https:\/\/lasentinelle.dz\/index.php\/wp-json\/wp\/v2\/posts"}],"about":[{"href":"https:\/\/lasentinelle.dz\/index.php\/wp-json\/wp\/v2\/types\/post"}],"author":[{"embeddable":true,"href":"https:\/\/lasentinelle.dz\/index.php\/wp-json\/wp\/v2\/users\/6"}],"replies":[{"embeddable":true,"href":"https:\/\/lasentinelle.dz\/index.php\/wp-json\/wp\/v2\/comments?post=94675"}],"version-history":[{"count":2,"href":"https:\/\/lasentinelle.dz\/index.php\/wp-json\/wp\/v2\/posts\/94675\/revisions"}],"predecessor-version":[{"id":94677,"href":"https:\/\/lasentinelle.dz\/index.php\/wp-json\/wp\/v2\/posts\/94675\/revisions\/94677"}],"wp:featuredmedia":[{"embeddable":true,"href":"https:\/\/lasentinelle.dz\/index.php\/wp-json\/wp\/v2\/media\/61315"}],"wp:attachment":[{"href":"https:\/\/lasentinelle.dz\/index.php\/wp-json\/wp\/v2\/media?parent=94675"}],"wp:term":[{"taxonomy":"category","embeddable":true,"href":"https:\/\/lasentinelle.dz\/index.php\/wp-json\/wp\/v2\/categories?post=94675"},{"taxonomy":"post_tag","embeddable":true,"href":"https:\/\/lasentinelle.dz\/index.php\/wp-json\/wp\/v2\/tags?post=94675"}],"curies":[{"name":"wp","href":"https:\/\/api.w.org\/{rel}","templated":true}]}}