{"id":94678,"date":"2026-09-01T10:26:27","date_gmt":"2026-09-01T09:26:27","guid":{"rendered":"https:\/\/lasentinelle.dz\/?p=94678"},"modified":"2026-09-01T10:26:29","modified_gmt":"2026-09-01T09:26:29","slug":"cisjordanie-occupee-la-colonisation-sioniste-saccelere-2","status":"publish","type":"post","link":"https:\/\/lasentinelle.dz\/index.php\/2026\/09\/01\/cisjordanie-occupee-la-colonisation-sioniste-saccelere-2\/","title":{"rendered":"Cisjordanie occup\u00e9e\u00a0: La colonisation sioniste s\u2019acc\u00e9l\u00e8re"},"content":{"rendered":"\n<p class=\"wp-block-paragraph\">Les autorit\u00e9s d&rsquo;occupation isra\u00e9liennes ont inaugur\u00e9 lundi une nouvelle colonie baptis\u00e9e \u00ab Noa \u00bb, \u00e9difi\u00e9e au sud des colonies de \u00ab Ganim \u00bb et \u00ab Kadim \u00bb sur des terres appartenant \u00e0 des citoyens palestiniens, au sud-est de J\u00e9nine, dans un contexte de poursuite effr\u00e9n\u00e9e de l&rsquo;entreprise coloniale sioniste en Cisjordanie occup\u00e9e. La c\u00e9r\u00e9monie de fondation s&rsquo;est tenue en pr\u00e9sence de plusieurs ministres et parlementaires isra\u00e9liens, illustrant le soutien officiel assum\u00e9 par le gouvernement d&rsquo;occupation \u00e0 l&rsquo;expansion des colonies dans les territoires palestiniens occup\u00e9s. Cette nouvelle implantation s&rsquo;inscrit dans l&rsquo;intensification de la colonisation au nord de la Cisjordanie, notamment dans des secteurs d&rsquo;o\u00f9 des colonies avaient \u00e9t\u00e9 \u00e9vacu\u00e9es en 2005. La r\u00e9gion a connu ces derniers mois la multiplication d&rsquo;avant-postes coloniaux, des travaux de nivellement de terres, l&rsquo;ouverture de routes et de nouvelles confiscations fonci\u00e8res, mena\u00e7ant la continuit\u00e9 g\u00e9ographique entre les localit\u00e9s du gouvernorat de J\u00e9nine. Dans le m\u00eame temps, les forces d&rsquo;occupation ont d\u00e9moli lundi deux habitations dans la ville de Naplouse, dont la maison \u00e0 deux \u00e9tages appartenant \u00e0 Omar Saad, selon des sources locales et s\u00e9curitaires. La Commission de r\u00e9sistance au Mur et \u00e0 la colonisation a fait \u00e9tat de 70 op\u00e9rations de d\u00e9molition men\u00e9es en juillet dernier, touchant 155 structures palestiniennes, dont 39 habitations et 99 installations agricoles, principalement dans les gouvernorats de Qalqilya et d&rsquo;Al Qods.<\/p>\n\n\n\n<p class=\"wp-block-paragraph\">Sur le plan diplomatique, le secr\u00e9taire g\u00e9n\u00e9ral de la Ligue arabe, Nabil Fahmy, a mis en garde contre les projets annonc\u00e9s par le ministre extr\u00e9miste isra\u00e9lien des Finances, Bezalel Smotrich, visant \u00e0 \u00e9tendre les implantations juives dans le N\u00e9guev et en Galil\u00e9e. Il a d\u00e9nonc\u00e9 une politique de discrimination fond\u00e9e sur l&rsquo;appartenance nationale, soulignant une menace pour l&rsquo;\u00e9galit\u00e9 des droits des citoyens palestiniens dans les territoires occup\u00e9s en 1948, appelant la communaut\u00e9 internationale \u00e0 pr\u00e9server les fondements d&rsquo;un \u00c9tat palestinien ind\u00e9pendant sur les fronti\u00e8res du 4 juin 1967, avec Al Qods-Est pour capitale.<\/p>\n\n\n\n<p class=\"wp-block-paragraph\">\u00c0 Ghaza, cinq p\u00eacheurs palestiniens ont \u00e9t\u00e9 bless\u00e9s lundi par des tirs des forces marines de l&rsquo;occupation au large de la ville, selon des sources m\u00e9dicales. Le Croissant-Rouge palestinien a indiqu\u00e9 avoir \u00e9vacu\u00e9 les bless\u00e9s vers les h\u00f4pitaux Al-Shifa et Al-Saraya, alors que les p\u00eacheurs continuent de subir de s\u00e9v\u00e8res restrictions d&rsquo;acc\u00e8s \u00e0 la mer malgr\u00e9 le cessez-le-feu en vigueur. Le bilan de l&rsquo;agression g\u00e9nocidaire men\u00e9e contre la bande de Ghaza depuis le 7 octobre 2023 s&rsquo;est par ailleurs alourdi \u00e0 73 456 martyrs et 174 496 bless\u00e9s, selon les autorit\u00e9s sanitaires palestiniennes, qui font \u00e9tat de 1 320 morts et 4 385 bless\u00e9s depuis l&rsquo;entr\u00e9e en vigueur de la tr\u00eave, le 10 octobre dernier, ainsi que de 815 d\u00e9pouilles exhum\u00e9es, tandis que plusieurs corps demeurent inaccessibles sous les d\u00e9combres.<\/p>\n\n\n\n<p class=\"wp-block-paragraph\">L.S.<\/p>\n","protected":false},"excerpt":{"rendered":"<p>Les autorit\u00e9s d&rsquo;occupation isra\u00e9liennes ont inaugur\u00e9 lundi une nouvelle colonie baptis\u00e9e \u00ab Noa \u00bb, \u00e9difi\u00e9e au sud des colonies de<\/p>\n","protected":false},"author":6,"featured_media":81018,"comment_status":"open","ping_status":"closed","sticky":false,"template":"","format":"standard","meta":{"colormag_page_container_layout":"default_layout","colormag_page_sidebar_layout":"default_layout","om_disable_all_campaigns":false,"_monsterinsights_skip_tracking":false,"footnotes":"","_wpscppro_dont_share_socialmedia":false,"_wpscppro_custom_social_share_image":0,"_facebook_share_type":"default","_twitter_share_type":"default","_linkedin_share_type":"default","_pinterest_share_type":"default","_linkedin_share_type_page":"","_instagram_share_type":"default","_medium_share_type":"default","_threads_share_type":"default","_google_business_share_type":"default","_bluesky_share_type":"default","_mastodon_share_type":"default","_selected_social_profile":[],"_wpsp_enable_custom_social_template":false,"_wpsp_social_scheduling":{"enabled":false,"datetime":null,"platforms":[],"status":"template_only","dateOption":"today","timeOption":"now","customDays":"","customHours":"","customDate":"","customTime":"","schedulingType":"absolute"},"_wpsp_active_default_template":true},"categories":[37],"tags":[],"class_list":["post-94678","post","type-post","status-publish","format-standard","has-post-thumbnail","hentry","category-monde"],"aioseo_notices":[],"aioseo_head":"\n\t\t<!-- All in One SEO 5.0.0.1 - aioseo.com -->\n\t<meta name=\"description\" content=\"Les autorit\u00e9s d&#039;occupation isra\u00e9liennes ont inaugur\u00e9 lundi une nouvelle colonie baptis\u00e9e \u00ab Noa \u00bb, \u00e9difi\u00e9e au sud des colonies de \u00ab Ganim \u00bb et \u00ab Kadim \u00bb sur des terres appartenant \u00e0 des citoyens palestiniens, au sud-est de J\u00e9nine, dans un contexte de poursuite effr\u00e9n\u00e9e de l&#039;entreprise coloniale sioniste en Cisjordanie occup\u00e9e. La c\u00e9r\u00e9monie de\" \/>\n\t<meta name=\"robots\" content=\"max-image-preview:large\" \/>\n\t<meta name=\"author\" content=\"admin\"\/>\n\t<link rel=\"canonical\" href=\"https:\/\/lasentinelle.dz\/index.php\/2026\/09\/01\/cisjordanie-occupee-la-colonisation-sioniste-saccelere-2\/\" \/>\n\t<meta name=\"generator\" content=\"All in One SEO (AIOSEO) 5.0.0.1\" \/>\n\t\t<meta property=\"og:locale\" content=\"fr_FR\" \/>\n\t\t<meta property=\"og:site_name\" content=\"La Sentinelle - Quotidien national d&#039;information\" \/>\n\t\t<meta property=\"og:type\" content=\"article\" \/>\n\t\t<meta property=\"og:title\" content=\"Cisjordanie occup\u00e9e : La colonisation sioniste s\u2019acc\u00e9l\u00e8re - La Sentinelle\" \/>\n\t\t<meta property=\"og:description\" content=\"Les autorit\u00e9s d&#039;occupation isra\u00e9liennes ont inaugur\u00e9 lundi une nouvelle colonie baptis\u00e9e \u00ab Noa \u00bb, \u00e9difi\u00e9e au sud des colonies de \u00ab Ganim \u00bb et \u00ab Kadim \u00bb sur des terres appartenant \u00e0 des citoyens palestiniens, au sud-est de J\u00e9nine, dans un contexte de poursuite effr\u00e9n\u00e9e de l&#039;entreprise coloniale sioniste en Cisjordanie occup\u00e9e. La c\u00e9r\u00e9monie de\" \/>\n\t\t<meta property=\"og:url\" content=\"https:\/\/lasentinelle.dz\/index.php\/2026\/09\/01\/cisjordanie-occupee-la-colonisation-sioniste-saccelere-2\/\" \/>\n\t\t<meta property=\"og:image\" content=\"https:\/\/lasentinelle.dz\/wp-content\/uploads\/2021\/09\/cropped-la-sentinelle-earth-golden-anima-5.gif\" \/>\n\t\t<meta property=\"og:image:secure_url\" content=\"https:\/\/lasentinelle.dz\/wp-content\/uploads\/2021\/09\/cropped-la-sentinelle-earth-golden-anima-5.gif\" \/>\n\t\t<meta property=\"og:image:width\" content=\"450\" \/>\n\t\t<meta property=\"og:image:height\" content=\"213\" \/>\n\t\t<meta property=\"article:published_time\" content=\"2026-09-01T09:26:27+00:00\" \/>\n\t\t<meta property=\"article:modified_time\" content=\"2026-09-01T09:26:29+00:00\" \/>\n\t\t<meta property=\"article:publisher\" content=\"https:\/\/www.facebook.com\/azzedine.lasentinelle.1\" \/>\n\t\t<meta name=\"twitter:card\" content=\"summary_large_image\" \/>\n\t\t<meta name=\"twitter:title\" content=\"Cisjordanie occup\u00e9e : La colonisation sioniste s\u2019acc\u00e9l\u00e8re - La Sentinelle\" \/>\n\t\t<meta name=\"twitter:description\" content=\"Les autorit\u00e9s d&#039;occupation isra\u00e9liennes ont inaugur\u00e9 lundi une nouvelle colonie baptis\u00e9e \u00ab Noa \u00bb, \u00e9difi\u00e9e au sud des colonies de \u00ab Ganim \u00bb et \u00ab Kadim \u00bb sur des terres appartenant \u00e0 des citoyens palestiniens, au sud-est de J\u00e9nine, dans un contexte de poursuite effr\u00e9n\u00e9e de l&#039;entreprise coloniale sioniste en Cisjordanie occup\u00e9e. La c\u00e9r\u00e9monie de\" \/>\n\t\t<meta name=\"twitter:image\" content=\"https:\/\/lasentinelle.dz\/wp-content\/uploads\/2021\/09\/cropped-la-sentinelle-earth-golden-anima-5.gif\" \/>\n\t\t<script type=\"application\/ld+json\" class=\"aioseo-schema\">\n\t\t\t{\"@context\":\"https:\\\/\\\/schema.org\",\"@graph\":[{\"@type\":\"BlogPosting\",\"@id\":\"https:\\\/\\\/lasentinelle.dz\\\/index.php\\\/2026\\\/09\\\/01\\\/cisjordanie-occupee-la-colonisation-sioniste-saccelere-2\\\/#blogposting\",\"name\":\"Cisjordanie occup\\u00e9e : La colonisation sioniste s\\u2019acc\\u00e9l\\u00e8re - La Sentinelle\",\"headline\":\"Cisjordanie occup\\u00e9e\\u00a0: La colonisation sioniste s\\u2019acc\\u00e9l\\u00e8re\",\"author\":{\"@id\":\"https:\\\/\\\/lasentinelle.dz\\\/author\\\/admin\\\/#author\"},\"publisher\":{\"@id\":\"https:\\\/\\\/lasentinelle.dz\\\/#organization\"},\"image\":{\"@type\":\"ImageObject\",\"url\":\"https:\\\/\\\/lasentinelle.dz\\\/wp-content\\\/uploads\\\/2026\\\/02\\\/colonies-cisjordanie.jpeg\",\"width\":924,\"height\":616},\"datePublished\":\"2026-09-01T10:26:27+01:00\",\"dateModified\":\"2026-09-01T10:26:29+01:00\",\"inLanguage\":\"fr-FR\",\"mainEntityOfPage\":{\"@id\":\"https:\\\/\\\/lasentinelle.dz\\\/index.php\\\/2026\\\/09\\\/01\\\/cisjordanie-occupee-la-colonisation-sioniste-saccelere-2\\\/#webpage\"},\"isPartOf\":{\"@id\":\"https:\\\/\\\/lasentinelle.dz\\\/index.php\\\/2026\\\/09\\\/01\\\/cisjordanie-occupee-la-colonisation-sioniste-saccelere-2\\\/#webpage\"},\"articleSection\":\"Monde\"},{\"@type\":\"BreadcrumbList\",\"@id\":\"https:\\\/\\\/lasentinelle.dz\\\/index.php\\\/2026\\\/09\\\/01\\\/cisjordanie-occupee-la-colonisation-sioniste-saccelere-2\\\/#breadcrumblist\",\"itemListElement\":[{\"@type\":\"ListItem\",\"@id\":\"https:\\\/\\\/lasentinelle.dz#listItem\",\"position\":1,\"name\":\"Home\",\"item\":\"https:\\\/\\\/lasentinelle.dz\",\"nextItem\":{\"@type\":\"ListItem\",\"@id\":\"https:\\\/\\\/lasentinelle.dz\\\/index.php\\\/category\\\/monde\\\/#listItem\",\"name\":\"Monde\"}},{\"@type\":\"ListItem\",\"@id\":\"https:\\\/\\\/lasentinelle.dz\\\/index.php\\\/category\\\/monde\\\/#listItem\",\"position\":2,\"name\":\"Monde\",\"item\":\"https:\\\/\\\/lasentinelle.dz\\\/index.php\\\/category\\\/monde\\\/\",\"nextItem\":{\"@type\":\"ListItem\",\"@id\":\"https:\\\/\\\/lasentinelle.dz\\\/index.php\\\/2026\\\/09\\\/01\\\/cisjordanie-occupee-la-colonisation-sioniste-saccelere-2\\\/#listItem\",\"name\":\"Cisjordanie occup\\u00e9e\\u00a0: La colonisation sioniste s\\u2019acc\\u00e9l\\u00e8re\"},\"previousItem\":{\"@type\":\"ListItem\",\"@id\":\"https:\\\/\\\/lasentinelle.dz#listItem\",\"name\":\"Home\"}},{\"@type\":\"ListItem\",\"@id\":\"https:\\\/\\\/lasentinelle.dz\\\/index.php\\\/2026\\\/09\\\/01\\\/cisjordanie-occupee-la-colonisation-sioniste-saccelere-2\\\/#listItem\",\"position\":3,\"name\":\"Cisjordanie occup\\u00e9e\\u00a0: La colonisation sioniste s\\u2019acc\\u00e9l\\u00e8re\",\"previousItem\":{\"@type\":\"ListItem\",\"@id\":\"https:\\\/\\\/lasentinelle.dz\\\/index.php\\\/category\\\/monde\\\/#listItem\",\"name\":\"Monde\"}}]},{\"@type\":\"Organization\",\"@id\":\"https:\\\/\\\/lasentinelle.dz\\\/#organization\",\"name\":\"La Sentinelle La Sentinelle\",\"description\":\"Quotidien national d'information\",\"url\":\"https:\\\/\\\/lasentinelle.dz\\\/\",\"logo\":{\"@type\":\"ImageObject\",\"url\":\"https:\\\/\\\/lasentinelle.dz\\\/wp-content\\\/uploads\\\/2021\\\/09\\\/cropped-la-sentinelle-earth-golden-anima-5.gif\",\"@id\":\"https:\\\/\\\/lasentinelle.dz\\\/index.php\\\/2026\\\/09\\\/01\\\/cisjordanie-occupee-la-colonisation-sioniste-saccelere-2\\\/#organizationLogo\",\"width\":450,\"height\":213},\"image\":{\"@id\":\"https:\\\/\\\/lasentinelle.dz\\\/index.php\\\/2026\\\/09\\\/01\\\/cisjordanie-occupee-la-colonisation-sioniste-saccelere-2\\\/#organizationLogo\"},\"sameAs\":[\"https:\\\/\\\/www.facebook.com\\\/azzedine.lasentinelle.1\"]},{\"@type\":\"Person\",\"@id\":\"https:\\\/\\\/lasentinelle.dz\\\/author\\\/admin\\\/#author\",\"url\":\"https:\\\/\\\/lasentinelle.dz\\\/author\\\/admin\\\/\",\"name\":\"admin\",\"image\":{\"@type\":\"ImageObject\",\"@id\":\"https:\\\/\\\/lasentinelle.dz\\\/index.php\\\/2026\\\/09\\\/01\\\/cisjordanie-occupee-la-colonisation-sioniste-saccelere-2\\\/#authorImage\",\"url\":\"https:\\\/\\\/secure.gravatar.com\\\/avatar\\\/4c81fed838786e9b53f540bf46533e750f5d292099ae3b66cfc6fb1982e29df7?s=96&d=mm&r=g\",\"width\":96,\"height\":96,\"caption\":\"admin\"}},{\"@type\":\"WebPage\",\"@id\":\"https:\\\/\\\/lasentinelle.dz\\\/index.php\\\/2026\\\/09\\\/01\\\/cisjordanie-occupee-la-colonisation-sioniste-saccelere-2\\\/#webpage\",\"url\":\"https:\\\/\\\/lasentinelle.dz\\\/index.php\\\/2026\\\/09\\\/01\\\/cisjordanie-occupee-la-colonisation-sioniste-saccelere-2\\\/\",\"name\":\"Cisjordanie occup\\u00e9e : La colonisation sioniste s\\u2019acc\\u00e9l\\u00e8re - La Sentinelle\",\"description\":\"Les autorit\\u00e9s d'occupation isra\\u00e9liennes ont inaugur\\u00e9 lundi une nouvelle colonie baptis\\u00e9e \\u00ab Noa \\u00bb, \\u00e9difi\\u00e9e au sud des colonies de \\u00ab Ganim \\u00bb et \\u00ab Kadim \\u00bb sur des terres appartenant \\u00e0 des citoyens palestiniens, au sud-est de J\\u00e9nine, dans un contexte de poursuite effr\\u00e9n\\u00e9e de l'entreprise coloniale sioniste en Cisjordanie occup\\u00e9e. La c\\u00e9r\\u00e9monie de\",\"inLanguage\":\"fr-FR\",\"isPartOf\":{\"@id\":\"https:\\\/\\\/lasentinelle.dz\\\/#website\"},\"breadcrumb\":{\"@id\":\"https:\\\/\\\/lasentinelle.dz\\\/index.php\\\/2026\\\/09\\\/01\\\/cisjordanie-occupee-la-colonisation-sioniste-saccelere-2\\\/#breadcrumblist\"},\"author\":{\"@id\":\"https:\\\/\\\/lasentinelle.dz\\\/author\\\/admin\\\/#author\"},\"creator\":{\"@id\":\"https:\\\/\\\/lasentinelle.dz\\\/author\\\/admin\\\/#author\"},\"image\":{\"@type\":\"ImageObject\",\"url\":\"https:\\\/\\\/lasentinelle.dz\\\/wp-content\\\/uploads\\\/2026\\\/02\\\/colonies-cisjordanie.jpeg\",\"@id\":\"https:\\\/\\\/lasentinelle.dz\\\/index.php\\\/2026\\\/09\\\/01\\\/cisjordanie-occupee-la-colonisation-sioniste-saccelere-2\\\/#mainImage\",\"width\":924,\"height\":616},\"primaryImageOfPage\":{\"@id\":\"https:\\\/\\\/lasentinelle.dz\\\/index.php\\\/2026\\\/09\\\/01\\\/cisjordanie-occupee-la-colonisation-sioniste-saccelere-2\\\/#mainImage\"},\"datePublished\":\"2026-09-01T10:26:27+01:00\",\"dateModified\":\"2026-09-01T10:26:29+01:00\"},{\"@type\":\"WebSite\",\"@id\":\"https:\\\/\\\/lasentinelle.dz\\\/#website\",\"url\":\"https:\\\/\\\/lasentinelle.dz\\\/\",\"name\":\"La Sentinelle\",\"description\":\"Quotidien national d'information\",\"inLanguage\":\"fr-FR\",\"publisher\":{\"@id\":\"https:\\\/\\\/lasentinelle.dz\\\/#organization\"}}]}\n\t\t<\/script>\n\t\t<!-- All in One SEO -->\n\n","aioseo_head_json":{"title":"Cisjordanie occup\u00e9e : La colonisation sioniste s\u2019acc\u00e9l\u00e8re - La Sentinelle","description":"Les autorit\u00e9s d'occupation isra\u00e9liennes ont inaugur\u00e9 lundi une nouvelle colonie baptis\u00e9e \u00ab Noa \u00bb, \u00e9difi\u00e9e au sud des colonies de \u00ab Ganim \u00bb et \u00ab Kadim \u00bb sur des terres appartenant \u00e0 des citoyens palestiniens, au sud-est de J\u00e9nine, dans un contexte de poursuite effr\u00e9n\u00e9e de l'entreprise coloniale sioniste en Cisjordanie occup\u00e9e. La c\u00e9r\u00e9monie de","canonical_url":"https:\/\/lasentinelle.dz\/index.php\/2026\/09\/01\/cisjordanie-occupee-la-colonisation-sioniste-saccelere-2\/","robots":"max-image-preview:large","keywords":"","webmasterTools":{"miscellaneous":""},"schema":{"@context":"https:\/\/schema.org","@graph":[{"@type":"BlogPosting","@id":"https:\/\/lasentinelle.dz\/index.php\/2026\/09\/01\/cisjordanie-occupee-la-colonisation-sioniste-saccelere-2\/#blogposting","name":"Cisjordanie occup\u00e9e : La colonisation sioniste s\u2019acc\u00e9l\u00e8re - La Sentinelle","headline":"Cisjordanie occup\u00e9e\u00a0: La colonisation sioniste s\u2019acc\u00e9l\u00e8re","author":{"@id":"https:\/\/lasentinelle.dz\/author\/admin\/#author"},"publisher":{"@id":"https:\/\/lasentinelle.dz\/#organization"},"image":{"@type":"ImageObject","url":"https:\/\/lasentinelle.dz\/wp-content\/uploads\/2026\/02\/colonies-cisjordanie.jpeg","width":924,"height":616},"datePublished":"2026-09-01T10:26:27+01:00","dateModified":"2026-09-01T10:26:29+01:00","inLanguage":"fr-FR","mainEntityOfPage":{"@id":"https:\/\/lasentinelle.dz\/index.php\/2026\/09\/01\/cisjordanie-occupee-la-colonisation-sioniste-saccelere-2\/#webpage"},"isPartOf":{"@id":"https:\/\/lasentinelle.dz\/index.php\/2026\/09\/01\/cisjordanie-occupee-la-colonisation-sioniste-saccelere-2\/#webpage"},"articleSection":"Monde"},{"@type":"BreadcrumbList","@id":"https:\/\/lasentinelle.dz\/index.php\/2026\/09\/01\/cisjordanie-occupee-la-colonisation-sioniste-saccelere-2\/#breadcrumblist","itemListElement":[{"@type":"ListItem","@id":"https:\/\/lasentinelle.dz#listItem","position":1,"name":"Home","item":"https:\/\/lasentinelle.dz","nextItem":{"@type":"ListItem","@id":"https:\/\/lasentinelle.dz\/index.php\/category\/monde\/#listItem","name":"Monde"}},{"@type":"ListItem","@id":"https:\/\/lasentinelle.dz\/index.php\/category\/monde\/#listItem","position":2,"name":"Monde","item":"https:\/\/lasentinelle.dz\/index.php\/category\/monde\/","nextItem":{"@type":"ListItem","@id":"https:\/\/lasentinelle.dz\/index.php\/2026\/09\/01\/cisjordanie-occupee-la-colonisation-sioniste-saccelere-2\/#listItem","name":"Cisjordanie occup\u00e9e\u00a0: La colonisation sioniste s\u2019acc\u00e9l\u00e8re"},"previousItem":{"@type":"ListItem","@id":"https:\/\/lasentinelle.dz#listItem","name":"Home"}},{"@type":"ListItem","@id":"https:\/\/lasentinelle.dz\/index.php\/2026\/09\/01\/cisjordanie-occupee-la-colonisation-sioniste-saccelere-2\/#listItem","position":3,"name":"Cisjordanie occup\u00e9e\u00a0: La colonisation sioniste s\u2019acc\u00e9l\u00e8re","previousItem":{"@type":"ListItem","@id":"https:\/\/lasentinelle.dz\/index.php\/category\/monde\/#listItem","name":"Monde"}}]},{"@type":"Organization","@id":"https:\/\/lasentinelle.dz\/#organization","name":"La Sentinelle La Sentinelle","description":"Quotidien national d'information","url":"https:\/\/lasentinelle.dz\/","logo":{"@type":"ImageObject","url":"https:\/\/lasentinelle.dz\/wp-content\/uploads\/2021\/09\/cropped-la-sentinelle-earth-golden-anima-5.gif","@id":"https:\/\/lasentinelle.dz\/index.php\/2026\/09\/01\/cisjordanie-occupee-la-colonisation-sioniste-saccelere-2\/#organizationLogo","width":450,"height":213},"image":{"@id":"https:\/\/lasentinelle.dz\/index.php\/2026\/09\/01\/cisjordanie-occupee-la-colonisation-sioniste-saccelere-2\/#organizationLogo"},"sameAs":["https:\/\/www.facebook.com\/azzedine.lasentinelle.1"]},{"@type":"Person","@id":"https:\/\/lasentinelle.dz\/author\/admin\/#author","url":"https:\/\/lasentinelle.dz\/author\/admin\/","name":"admin","image":{"@type":"ImageObject","@id":"https:\/\/lasentinelle.dz\/index.php\/2026\/09\/01\/cisjordanie-occupee-la-colonisation-sioniste-saccelere-2\/#authorImage","url":"https:\/\/secure.gravatar.com\/avatar\/4c81fed838786e9b53f540bf46533e750f5d292099ae3b66cfc6fb1982e29df7?s=96&d=mm&r=g","width":96,"height":96,"caption":"admin"}},{"@type":"WebPage","@id":"https:\/\/lasentinelle.dz\/index.php\/2026\/09\/01\/cisjordanie-occupee-la-colonisation-sioniste-saccelere-2\/#webpage","url":"https:\/\/lasentinelle.dz\/index.php\/2026\/09\/01\/cisjordanie-occupee-la-colonisation-sioniste-saccelere-2\/","name":"Cisjordanie occup\u00e9e : La colonisation sioniste s\u2019acc\u00e9l\u00e8re - La Sentinelle","description":"Les autorit\u00e9s d'occupation isra\u00e9liennes ont inaugur\u00e9 lundi une nouvelle colonie baptis\u00e9e \u00ab Noa \u00bb, \u00e9difi\u00e9e au sud des colonies de \u00ab Ganim \u00bb et \u00ab Kadim \u00bb sur des terres appartenant \u00e0 des citoyens palestiniens, au sud-est de J\u00e9nine, dans un contexte de poursuite effr\u00e9n\u00e9e de l'entreprise coloniale sioniste en Cisjordanie occup\u00e9e. La c\u00e9r\u00e9monie de","inLanguage":"fr-FR","isPartOf":{"@id":"https:\/\/lasentinelle.dz\/#website"},"breadcrumb":{"@id":"https:\/\/lasentinelle.dz\/index.php\/2026\/09\/01\/cisjordanie-occupee-la-colonisation-sioniste-saccelere-2\/#breadcrumblist"},"author":{"@id":"https:\/\/lasentinelle.dz\/author\/admin\/#author"},"creator":{"@id":"https:\/\/lasentinelle.dz\/author\/admin\/#author"},"image":{"@type":"ImageObject","url":"https:\/\/lasentinelle.dz\/wp-content\/uploads\/2026\/02\/colonies-cisjordanie.jpeg","@id":"https:\/\/lasentinelle.dz\/index.php\/2026\/09\/01\/cisjordanie-occupee-la-colonisation-sioniste-saccelere-2\/#mainImage","width":924,"height":616},"primaryImageOfPage":{"@id":"https:\/\/lasentinelle.dz\/index.php\/2026\/09\/01\/cisjordanie-occupee-la-colonisation-sioniste-saccelere-2\/#mainImage"},"datePublished":"2026-09-01T10:26:27+01:00","dateModified":"2026-09-01T10:26:29+01:00"},{"@type":"WebSite","@id":"https:\/\/lasentinelle.dz\/#website","url":"https:\/\/lasentinelle.dz\/","name":"La Sentinelle","description":"Quotidien national d'information","inLanguage":"fr-FR","publisher":{"@id":"https:\/\/lasentinelle.dz\/#organization"}}]},"og:locale":"fr_FR","og:site_name":"La Sentinelle - Quotidien national d'information","og:type":"article","og:title":"Cisjordanie occup\u00e9e : La colonisation sioniste s\u2019acc\u00e9l\u00e8re - La Sentinelle","og:description":"Les autorit\u00e9s d'occupation isra\u00e9liennes ont inaugur\u00e9 lundi une nouvelle colonie baptis\u00e9e \u00ab Noa \u00bb, \u00e9difi\u00e9e au sud des colonies de \u00ab Ganim \u00bb et \u00ab Kadim \u00bb sur des terres appartenant \u00e0 des citoyens palestiniens, au sud-est de J\u00e9nine, dans un contexte de poursuite effr\u00e9n\u00e9e de l'entreprise coloniale sioniste en Cisjordanie occup\u00e9e. La c\u00e9r\u00e9monie de","og:url":"https:\/\/lasentinelle.dz\/index.php\/2026\/09\/01\/cisjordanie-occupee-la-colonisation-sioniste-saccelere-2\/","og:image":"https:\/\/lasentinelle.dz\/wp-content\/uploads\/2021\/09\/cropped-la-sentinelle-earth-golden-anima-5.gif","og:image:secure_url":"https:\/\/lasentinelle.dz\/wp-content\/uploads\/2021\/09\/cropped-la-sentinelle-earth-golden-anima-5.gif","og:image:width":450,"og:image:height":213,"article:published_time":"2026-09-01T09:26:27+00:00","article:modified_time":"2026-09-01T09:26:29+00:00","article:publisher":"https:\/\/www.facebook.com\/azzedine.lasentinelle.1","twitter:card":"summary_large_image","twitter:title":"Cisjordanie occup\u00e9e : La colonisation sioniste s\u2019acc\u00e9l\u00e8re - La Sentinelle","twitter:description":"Les autorit\u00e9s d'occupation isra\u00e9liennes ont inaugur\u00e9 lundi une nouvelle colonie baptis\u00e9e \u00ab Noa \u00bb, \u00e9difi\u00e9e au sud des colonies de \u00ab Ganim \u00bb et \u00ab Kadim \u00bb sur des terres appartenant \u00e0 des citoyens palestiniens, au sud-est de J\u00e9nine, dans un contexte de poursuite effr\u00e9n\u00e9e de l'entreprise coloniale sioniste en Cisjordanie occup\u00e9e. La c\u00e9r\u00e9monie de","twitter:image":"https:\/\/lasentinelle.dz\/wp-content\/uploads\/2021\/09\/cropped-la-sentinelle-earth-golden-anima-5.gif"},"aioseo_meta_data":{"post_id":"94678","title":null,"description":null,"keywords":null,"keyphrases":{"focus":{"keyphrase":"","score":0,"analysis":{"keyphraseInTitle":{"score":0,"maxScore":9,"error":1}}},"additional":[]},"primary_term":null,"canonical_url":null,"og_title":null,"og_description":null,"og_object_type":"default","og_image_type":"default","og_image_url":null,"og_image_width":null,"og_image_height":null,"og_image_custom_url":null,"og_image_custom_fields":null,"og_video":"","og_custom_url":null,"og_article_section":null,"og_article_tags":null,"twitter_use_og":false,"twitter_card":"default","twitter_image_type":"default","twitter_image_url":null,"twitter_image_custom_url":null,"twitter_image_custom_fields":null,"twitter_title":null,"twitter_description":null,"schema":{"blockGraphs":[],"customGraphs":[],"default":{"data":{"Article":[],"Course":[],"Dataset":[],"FAQPage":[],"Movie":[],"Person":[],"Product":[],"ProductReview":[],"Car":[],"Recipe":[],"Service":[],"SoftwareApplication":[],"WebPage":[]},"graphName":"BlogPosting","isEnabled":true},"graphs":[]},"schema_type":"default","schema_type_options":null,"pillar_content":false,"robots_default":true,"robots_noindex":false,"robots_noarchive":false,"robots_nosnippet":false,"robots_nofollow":false,"robots_noimageindex":false,"robots_noodp":false,"robots_notranslate":false,"robots_max_snippet":"-1","robots_max_videopreview":"-1","robots_max_imagepreview":"large","priority":null,"frequency":"default","local_seo":null,"breadcrumb_settings":null,"limit_modified_date":false,"ai":{"faqs":[],"keyPoints":[],"schemas":[],"titles":[],"descriptions":[],"socialPosts":{"email":{"subject":"","preview":"","content":""},"linkedin":[],"twitter":[],"facebook":[],"instagram":[]}},"created":"2026-09-01 09:26:30","updated":"2026-09-01 09:28:03","focus_keyword":null,"additional_keywords":null,"truseo_locale":null,"seo_analyzer_scan_date":null},"aioseo_breadcrumb":"<div class=\"aioseo-breadcrumbs\"><span class=\"aioseo-breadcrumb\">\n\t\t\t<a href=\"https:\/\/lasentinelle.dz\" title=\"Home\">Home<\/a>\n\t\t<\/span><span class=\"aioseo-breadcrumb-separator\">&raquo;<\/span><span class=\"aioseo-breadcrumb\">\n\t\t\t<a href=\"https:\/\/lasentinelle.dz\/index.php\/category\/monde\/\" title=\"Monde\">Monde<\/a>\n\t\t<\/span><span class=\"aioseo-breadcrumb-separator\">&raquo;<\/span><span class=\"aioseo-breadcrumb\">\n\t\t\tCisjordanie occup\u00e9e : La colonisation sioniste s\u2019acc\u00e9l\u00e8re\n\t\t<\/span><\/div>","aioseo_breadcrumb_json":[{"label":"Home","link":"https:\/\/lasentinelle.dz"},{"label":"Monde","link":"https:\/\/lasentinelle.dz\/index.php\/category\/monde\/"},{"label":"Cisjordanie occup\u00e9e\u00a0: La colonisation sioniste s\u2019acc\u00e9l\u00e8re","link":"https:\/\/lasentinelle.dz\/index.php\/2026\/09\/01\/cisjordanie-occupee-la-colonisation-sioniste-saccelere-2\/"}],"yoast_head":"<!-- This site is optimized with the Yoast SEO plugin v28.3 - https:\/\/yoast.com\/product\/yoast-seo-wordpress\/ -->\n<title>Cisjordanie occup\u00e9e\u00a0: La colonisation sioniste s\u2019acc\u00e9l\u00e8re - La Sentinelle<\/title>\n<meta name=\"robots\" content=\"index, follow, max-snippet:-1, max-image-preview:large, max-video-preview:-1\" \/>\n<link rel=\"canonical\" href=\"https:\/\/lasentinelle.dz\/index.php\/2026\/09\/01\/cisjordanie-occupee-la-colonisation-sioniste-saccelere-2\/\" \/>\n<meta property=\"og:locale\" content=\"fr_FR\" \/>\n<meta property=\"og:type\" content=\"article\" \/>\n<meta property=\"og:title\" content=\"Cisjordanie occup\u00e9e\u00a0: La colonisation sioniste s\u2019acc\u00e9l\u00e8re - La Sentinelle\" \/>\n<meta property=\"og:description\" content=\"Les autorit\u00e9s d&rsquo;occupation isra\u00e9liennes ont inaugur\u00e9 lundi une nouvelle colonie baptis\u00e9e \u00ab Noa \u00bb, \u00e9difi\u00e9e au sud des colonies de\" \/>\n<meta property=\"og:url\" content=\"https:\/\/lasentinelle.dz\/index.php\/2026\/09\/01\/cisjordanie-occupee-la-colonisation-sioniste-saccelere-2\/\" \/>\n<meta property=\"og:site_name\" content=\"La Sentinelle\" \/>\n<meta property=\"article:publisher\" content=\"https:\/\/www.facebook.com\/La-Sentinelle-104059864394773\" \/>\n<meta property=\"article:published_time\" content=\"2026-09-01T09:26:27+00:00\" \/>\n<meta property=\"article:modified_time\" content=\"2026-09-01T09:26:29+00:00\" \/>\n<meta property=\"og:image\" content=\"https:\/\/lasentinelle.dz\/wp-content\/uploads\/2026\/02\/colonies-cisjordanie.jpeg\" \/>\n\t<meta property=\"og:image:width\" content=\"924\" \/>\n\t<meta property=\"og:image:height\" content=\"616\" \/>\n\t<meta property=\"og:image:type\" content=\"image\/jpeg\" \/>\n<meta name=\"author\" content=\"admin\" \/>\n<meta name=\"twitter:card\" content=\"summary_large_image\" \/>\n<meta name=\"twitter:label1\" content=\"\u00c9crit par\" \/>\n\t<meta name=\"twitter:data1\" content=\"admin\" \/>\n\t<meta name=\"twitter:label2\" content=\"Dur\u00e9e de lecture estim\u00e9e\" \/>\n\t<meta name=\"twitter:data2\" content=\"3 minutes\" \/>\n<script type=\"application\/ld+json\" class=\"yoast-schema-graph\">{\"@context\":\"https:\\\/\\\/schema.org\",\"@graph\":[{\"@type\":\"Article\",\"@id\":\"https:\\\/\\\/lasentinelle.dz\\\/index.php\\\/2026\\\/09\\\/01\\\/cisjordanie-occupee-la-colonisation-sioniste-saccelere-2\\\/#article\",\"isPartOf\":{\"@id\":\"https:\\\/\\\/lasentinelle.dz\\\/index.php\\\/2026\\\/09\\\/01\\\/cisjordanie-occupee-la-colonisation-sioniste-saccelere-2\\\/\"},\"author\":{\"name\":\"admin\",\"@id\":\"https:\\\/\\\/lasentinelle.dz\\\/#\\\/schema\\\/person\\\/729ee0024f24e0b8c5ec17232f8e8b41\"},\"headline\":\"Cisjordanie occup\u00e9e\u00a0: La colonisation sioniste s\u2019acc\u00e9l\u00e8re\",\"datePublished\":\"2026-09-01T09:26:27+00:00\",\"dateModified\":\"2026-09-01T09:26:29+00:00\",\"mainEntityOfPage\":{\"@id\":\"https:\\\/\\\/lasentinelle.dz\\\/index.php\\\/2026\\\/09\\\/01\\\/cisjordanie-occupee-la-colonisation-sioniste-saccelere-2\\\/\"},\"wordCount\":500,\"commentCount\":0,\"publisher\":{\"@id\":\"https:\\\/\\\/lasentinelle.dz\\\/#organization\"},\"image\":{\"@id\":\"https:\\\/\\\/lasentinelle.dz\\\/index.php\\\/2026\\\/09\\\/01\\\/cisjordanie-occupee-la-colonisation-sioniste-saccelere-2\\\/#primaryimage\"},\"thumbnailUrl\":\"https:\\\/\\\/lasentinelle.dz\\\/wp-content\\\/uploads\\\/2026\\\/02\\\/colonies-cisjordanie.jpeg\",\"articleSection\":[\"Monde\"],\"inLanguage\":\"fr-FR\",\"potentialAction\":[{\"@type\":\"CommentAction\",\"name\":\"Comment\",\"target\":[\"https:\\\/\\\/lasentinelle.dz\\\/index.php\\\/2026\\\/09\\\/01\\\/cisjordanie-occupee-la-colonisation-sioniste-saccelere-2\\\/#respond\"]}]},{\"@type\":\"WebPage\",\"@id\":\"https:\\\/\\\/lasentinelle.dz\\\/index.php\\\/2026\\\/09\\\/01\\\/cisjordanie-occupee-la-colonisation-sioniste-saccelere-2\\\/\",\"url\":\"https:\\\/\\\/lasentinelle.dz\\\/index.php\\\/2026\\\/09\\\/01\\\/cisjordanie-occupee-la-colonisation-sioniste-saccelere-2\\\/\",\"name\":\"Cisjordanie occup\u00e9e\u00a0: La colonisation sioniste s\u2019acc\u00e9l\u00e8re - La Sentinelle\",\"isPartOf\":{\"@id\":\"https:\\\/\\\/lasentinelle.dz\\\/#website\"},\"primaryImageOfPage\":{\"@id\":\"https:\\\/\\\/lasentinelle.dz\\\/index.php\\\/2026\\\/09\\\/01\\\/cisjordanie-occupee-la-colonisation-sioniste-saccelere-2\\\/#primaryimage\"},\"image\":{\"@id\":\"https:\\\/\\\/lasentinelle.dz\\\/index.php\\\/2026\\\/09\\\/01\\\/cisjordanie-occupee-la-colonisation-sioniste-saccelere-2\\\/#primaryimage\"},\"thumbnailUrl\":\"https:\\\/\\\/lasentinelle.dz\\\/wp-content\\\/uploads\\\/2026\\\/02\\\/colonies-cisjordanie.jpeg\",\"datePublished\":\"2026-09-01T09:26:27+00:00\",\"dateModified\":\"2026-09-01T09:26:29+00:00\",\"breadcrumb\":{\"@id\":\"https:\\\/\\\/lasentinelle.dz\\\/index.php\\\/2026\\\/09\\\/01\\\/cisjordanie-occupee-la-colonisation-sioniste-saccelere-2\\\/#breadcrumb\"},\"inLanguage\":\"fr-FR\",\"potentialAction\":[{\"@type\":\"ReadAction\",\"target\":[\"https:\\\/\\\/lasentinelle.dz\\\/index.php\\\/2026\\\/09\\\/01\\\/cisjordanie-occupee-la-colonisation-sioniste-saccelere-2\\\/\"]}]},{\"@type\":\"ImageObject\",\"inLanguage\":\"fr-FR\",\"@id\":\"https:\\\/\\\/lasentinelle.dz\\\/index.php\\\/2026\\\/09\\\/01\\\/cisjordanie-occupee-la-colonisation-sioniste-saccelere-2\\\/#primaryimage\",\"url\":\"https:\\\/\\\/lasentinelle.dz\\\/wp-content\\\/uploads\\\/2026\\\/02\\\/colonies-cisjordanie.jpeg\",\"contentUrl\":\"https:\\\/\\\/lasentinelle.dz\\\/wp-content\\\/uploads\\\/2026\\\/02\\\/colonies-cisjordanie.jpeg\",\"width\":924,\"height\":616},{\"@type\":\"BreadcrumbList\",\"@id\":\"https:\\\/\\\/lasentinelle.dz\\\/index.php\\\/2026\\\/09\\\/01\\\/cisjordanie-occupee-la-colonisation-sioniste-saccelere-2\\\/#breadcrumb\",\"itemListElement\":[{\"@type\":\"ListItem\",\"position\":1,\"name\":\"Accueil\",\"item\":\"https:\\\/\\\/lasentinelle.dz\\\/\"},{\"@type\":\"ListItem\",\"position\":2,\"name\":\"Cisjordanie occup\u00e9e\u00a0: La colonisation sioniste s\u2019acc\u00e9l\u00e8re\"}]},{\"@type\":\"WebSite\",\"@id\":\"https:\\\/\\\/lasentinelle.dz\\\/#website\",\"url\":\"https:\\\/\\\/lasentinelle.dz\\\/\",\"name\":\"La Sentinelle\",\"description\":\"Quotidien national d&#039;information\",\"publisher\":{\"@id\":\"https:\\\/\\\/lasentinelle.dz\\\/#organization\"},\"potentialAction\":[{\"@type\":\"SearchAction\",\"target\":{\"@type\":\"EntryPoint\",\"urlTemplate\":\"https:\\\/\\\/lasentinelle.dz\\\/?s={search_term_string}\"},\"query-input\":{\"@type\":\"PropertyValueSpecification\",\"valueRequired\":true,\"valueName\":\"search_term_string\"}}],\"inLanguage\":\"fr-FR\"},{\"@type\":\"Organization\",\"@id\":\"https:\\\/\\\/lasentinelle.dz\\\/#organization\",\"name\":\"Quotidien La Sentinelle\",\"url\":\"https:\\\/\\\/lasentinelle.dz\\\/\",\"logo\":{\"@type\":\"ImageObject\",\"inLanguage\":\"fr-FR\",\"@id\":\"https:\\\/\\\/lasentinelle.dz\\\/#\\\/schema\\\/logo\\\/image\\\/\",\"url\":\"https:\\\/\\\/lasentinelle.dz\\\/wp-content\\\/uploads\\\/2021\\\/09\\\/logo-sentinelleSLOGAN-1.png\",\"contentUrl\":\"https:\\\/\\\/lasentinelle.dz\\\/wp-content\\\/uploads\\\/2021\\\/09\\\/logo-sentinelleSLOGAN-1.png\",\"width\":615,\"height\":142,\"caption\":\"Quotidien La Sentinelle\"},\"image\":{\"@id\":\"https:\\\/\\\/lasentinelle.dz\\\/#\\\/schema\\\/logo\\\/image\\\/\"},\"sameAs\":[\"https:\\\/\\\/www.facebook.com\\\/La-Sentinelle-104059864394773\"]},{\"@type\":\"Person\",\"@id\":\"https:\\\/\\\/lasentinelle.dz\\\/#\\\/schema\\\/person\\\/729ee0024f24e0b8c5ec17232f8e8b41\",\"name\":\"admin\",\"image\":{\"@type\":\"ImageObject\",\"inLanguage\":\"fr-FR\",\"@id\":\"https:\\\/\\\/secure.gravatar.com\\\/avatar\\\/4c81fed838786e9b53f540bf46533e750f5d292099ae3b66cfc6fb1982e29df7?s=96&d=mm&r=g\",\"url\":\"https:\\\/\\\/secure.gravatar.com\\\/avatar\\\/4c81fed838786e9b53f540bf46533e750f5d292099ae3b66cfc6fb1982e29df7?s=96&d=mm&r=g\",\"contentUrl\":\"https:\\\/\\\/secure.gravatar.com\\\/avatar\\\/4c81fed838786e9b53f540bf46533e750f5d292099ae3b66cfc6fb1982e29df7?s=96&d=mm&r=g\",\"caption\":\"admin\"},\"description\":\"admin\",\"url\":\"https:\\\/\\\/lasentinelle.dz\\\/author\\\/admin\\\/\"}]}<\/script>\n<!-- \/ Yoast SEO plugin. -->","yoast_head_json":{"title":"Cisjordanie occup\u00e9e\u00a0: La colonisation sioniste s\u2019acc\u00e9l\u00e8re - La Sentinelle","robots":{"index":"index","follow":"follow","max-snippet":"max-snippet:-1","max-image-preview":"max-image-preview:large","max-video-preview":"max-video-preview:-1"},"canonical":"https:\/\/lasentinelle.dz\/index.php\/2026\/09\/01\/cisjordanie-occupee-la-colonisation-sioniste-saccelere-2\/","og_locale":"fr_FR","og_type":"article","og_title":"Cisjordanie occup\u00e9e\u00a0: La colonisation sioniste s\u2019acc\u00e9l\u00e8re - La Sentinelle","og_description":"Les autorit\u00e9s d&rsquo;occupation isra\u00e9liennes ont inaugur\u00e9 lundi une nouvelle colonie baptis\u00e9e \u00ab Noa \u00bb, \u00e9difi\u00e9e au sud des colonies de","og_url":"https:\/\/lasentinelle.dz\/index.php\/2026\/09\/01\/cisjordanie-occupee-la-colonisation-sioniste-saccelere-2\/","og_site_name":"La Sentinelle","article_publisher":"https:\/\/www.facebook.com\/La-Sentinelle-104059864394773","article_published_time":"2026-09-01T09:26:27+00:00","article_modified_time":"2026-09-01T09:26:29+00:00","og_image":[{"width":924,"height":616,"url":"https:\/\/lasentinelle.dz\/wp-content\/uploads\/2026\/02\/colonies-cisjordanie.jpeg","type":"image\/jpeg"}],"author":"admin","twitter_card":"summary_large_image","twitter_misc":{"\u00c9crit par":"admin","Dur\u00e9e de lecture estim\u00e9e":"3 minutes"},"schema":{"@context":"https:\/\/schema.org","@graph":[{"@type":"Article","@id":"https:\/\/lasentinelle.dz\/index.php\/2026\/09\/01\/cisjordanie-occupee-la-colonisation-sioniste-saccelere-2\/#article","isPartOf":{"@id":"https:\/\/lasentinelle.dz\/index.php\/2026\/09\/01\/cisjordanie-occupee-la-colonisation-sioniste-saccelere-2\/"},"author":{"name":"admin","@id":"https:\/\/lasentinelle.dz\/#\/schema\/person\/729ee0024f24e0b8c5ec17232f8e8b41"},"headline":"Cisjordanie occup\u00e9e\u00a0: La colonisation sioniste s\u2019acc\u00e9l\u00e8re","datePublished":"2026-09-01T09:26:27+00:00","dateModified":"2026-09-01T09:26:29+00:00","mainEntityOfPage":{"@id":"https:\/\/lasentinelle.dz\/index.php\/2026\/09\/01\/cisjordanie-occupee-la-colonisation-sioniste-saccelere-2\/"},"wordCount":500,"commentCount":0,"publisher":{"@id":"https:\/\/lasentinelle.dz\/#organization"},"image":{"@id":"https:\/\/lasentinelle.dz\/index.php\/2026\/09\/01\/cisjordanie-occupee-la-colonisation-sioniste-saccelere-2\/#primaryimage"},"thumbnailUrl":"https:\/\/lasentinelle.dz\/wp-content\/uploads\/2026\/02\/colonies-cisjordanie.jpeg","articleSection":["Monde"],"inLanguage":"fr-FR","potentialAction":[{"@type":"CommentAction","name":"Comment","target":["https:\/\/lasentinelle.dz\/index.php\/2026\/09\/01\/cisjordanie-occupee-la-colonisation-sioniste-saccelere-2\/#respond"]}]},{"@type":"WebPage","@id":"https:\/\/lasentinelle.dz\/index.php\/2026\/09\/01\/cisjordanie-occupee-la-colonisation-sioniste-saccelere-2\/","url":"https:\/\/lasentinelle.dz\/index.php\/2026\/09\/01\/cisjordanie-occupee-la-colonisation-sioniste-saccelere-2\/","name":"Cisjordanie occup\u00e9e\u00a0: La colonisation sioniste s\u2019acc\u00e9l\u00e8re - La Sentinelle","isPartOf":{"@id":"https:\/\/lasentinelle.dz\/#website"},"primaryImageOfPage":{"@id":"https:\/\/lasentinelle.dz\/index.php\/2026\/09\/01\/cisjordanie-occupee-la-colonisation-sioniste-saccelere-2\/#primaryimage"},"image":{"@id":"https:\/\/lasentinelle.dz\/index.php\/2026\/09\/01\/cisjordanie-occupee-la-colonisation-sioniste-saccelere-2\/#primaryimage"},"thumbnailUrl":"https:\/\/lasentinelle.dz\/wp-content\/uploads\/2026\/02\/colonies-cisjordanie.jpeg","datePublished":"2026-09-01T09:26:27+00:00","dateModified":"2026-09-01T09:26:29+00:00","breadcrumb":{"@id":"https:\/\/lasentinelle.dz\/index.php\/2026\/09\/01\/cisjordanie-occupee-la-colonisation-sioniste-saccelere-2\/#breadcrumb"},"inLanguage":"fr-FR","potentialAction":[{"@type":"ReadAction","target":["https:\/\/lasentinelle.dz\/index.php\/2026\/09\/01\/cisjordanie-occupee-la-colonisation-sioniste-saccelere-2\/"]}]},{"@type":"ImageObject","inLanguage":"fr-FR","@id":"https:\/\/lasentinelle.dz\/index.php\/2026\/09\/01\/cisjordanie-occupee-la-colonisation-sioniste-saccelere-2\/#primaryimage","url":"https:\/\/lasentinelle.dz\/wp-content\/uploads\/2026\/02\/colonies-cisjordanie.jpeg","contentUrl":"https:\/\/lasentinelle.dz\/wp-content\/uploads\/2026\/02\/colonies-cisjordanie.jpeg","width":924,"height":616},{"@type":"BreadcrumbList","@id":"https:\/\/lasentinelle.dz\/index.php\/2026\/09\/01\/cisjordanie-occupee-la-colonisation-sioniste-saccelere-2\/#breadcrumb","itemListElement":[{"@type":"ListItem","position":1,"name":"Accueil","item":"https:\/\/lasentinelle.dz\/"},{"@type":"ListItem","position":2,"name":"Cisjordanie occup\u00e9e\u00a0: La colonisation sioniste s\u2019acc\u00e9l\u00e8re"}]},{"@type":"WebSite","@id":"https:\/\/lasentinelle.dz\/#website","url":"https:\/\/lasentinelle.dz\/","name":"La Sentinelle","description":"Quotidien national d&#039;information","publisher":{"@id":"https:\/\/lasentinelle.dz\/#organization"},"potentialAction":[{"@type":"SearchAction","target":{"@type":"EntryPoint","urlTemplate":"https:\/\/lasentinelle.dz\/?s={search_term_string}"},"query-input":{"@type":"PropertyValueSpecification","valueRequired":true,"valueName":"search_term_string"}}],"inLanguage":"fr-FR"},{"@type":"Organization","@id":"https:\/\/lasentinelle.dz\/#organization","name":"Quotidien La Sentinelle","url":"https:\/\/lasentinelle.dz\/","logo":{"@type":"ImageObject","inLanguage":"fr-FR","@id":"https:\/\/lasentinelle.dz\/#\/schema\/logo\/image\/","url":"https:\/\/lasentinelle.dz\/wp-content\/uploads\/2021\/09\/logo-sentinelleSLOGAN-1.png","contentUrl":"https:\/\/lasentinelle.dz\/wp-content\/uploads\/2021\/09\/logo-sentinelleSLOGAN-1.png","width":615,"height":142,"caption":"Quotidien La Sentinelle"},"image":{"@id":"https:\/\/lasentinelle.dz\/#\/schema\/logo\/image\/"},"sameAs":["https:\/\/www.facebook.com\/La-Sentinelle-104059864394773"]},{"@type":"Person","@id":"https:\/\/lasentinelle.dz\/#\/schema\/person\/729ee0024f24e0b8c5ec17232f8e8b41","name":"admin","image":{"@type":"ImageObject","inLanguage":"fr-FR","@id":"https:\/\/secure.gravatar.com\/avatar\/4c81fed838786e9b53f540bf46533e750f5d292099ae3b66cfc6fb1982e29df7?s=96&d=mm&r=g","url":"https:\/\/secure.gravatar.com\/avatar\/4c81fed838786e9b53f540bf46533e750f5d292099ae3b66cfc6fb1982e29df7?s=96&d=mm&r=g","contentUrl":"https:\/\/secure.gravatar.com\/avatar\/4c81fed838786e9b53f540bf46533e750f5d292099ae3b66cfc6fb1982e29df7?s=96&d=mm&r=g","caption":"admin"},"description":"admin","url":"https:\/\/lasentinelle.dz\/author\/admin\/"}]}},"_links":{"self":[{"href":"https:\/\/lasentinelle.dz\/index.php\/wp-json\/wp\/v2\/posts\/94678","targetHints":{"allow":["GET"]}}],"collection":[{"href":"https:\/\/lasentinelle.dz\/index.php\/wp-json\/wp\/v2\/posts"}],"about":[{"href":"https:\/\/lasentinelle.dz\/index.php\/wp-json\/wp\/v2\/types\/post"}],"author":[{"embeddable":true,"href":"https:\/\/lasentinelle.dz\/index.php\/wp-json\/wp\/v2\/users\/6"}],"replies":[{"embeddable":true,"href":"https:\/\/lasentinelle.dz\/index.php\/wp-json\/wp\/v2\/comments?post=94678"}],"version-history":[{"count":1,"href":"https:\/\/lasentinelle.dz\/index.php\/wp-json\/wp\/v2\/posts\/94678\/revisions"}],"predecessor-version":[{"id":94679,"href":"https:\/\/lasentinelle.dz\/index.php\/wp-json\/wp\/v2\/posts\/94678\/revisions\/94679"}],"wp:featuredmedia":[{"embeddable":true,"href":"https:\/\/lasentinelle.dz\/index.php\/wp-json\/wp\/v2\/media\/81018"}],"wp:attachment":[{"href":"https:\/\/lasentinelle.dz\/index.php\/wp-json\/wp\/v2\/media?parent=94678"}],"wp:term":[{"taxonomy":"category","embeddable":true,"href":"https:\/\/lasentinelle.dz\/index.php\/wp-json\/wp\/v2\/categories?post=94678"},{"taxonomy":"post_tag","embeddable":true,"href":"https:\/\/lasentinelle.dz\/index.php\/wp-json\/wp\/v2\/tags?post=94678"}],"curies":[{"name":"wp","href":"https:\/\/api.w.org\/{rel}","templated":true}]}}