{"id":94680,"date":"2026-09-01T10:28:09","date_gmt":"2026-09-01T09:28:09","guid":{"rendered":"https:\/\/lasentinelle.dz\/?p=94680"},"modified":"2026-09-01T10:28:12","modified_gmt":"2026-09-01T09:28:12","slug":"accord-de-la-mecque-premiere-reunion-du-comite-de-defense-a-istanbul","status":"publish","type":"post","link":"https:\/\/lasentinelle.dz\/index.php\/2026\/09\/01\/accord-de-la-mecque-premiere-reunion-du-comite-de-defense-a-istanbul\/","title":{"rendered":"Accord de la Mecque\u00a0: Premi\u00e8re r\u00e9union du comit\u00e9 de d\u00e9fense \u00e0 Istanbul"},"content":{"rendered":"\n<p class=\"wp-block-paragraph\">Les chefs de la diplomatie et de la d\u00e9fense de la Turquie, du Pakistan et de l&rsquo;Arabie saoudite se sont retrouv\u00e9s lundi \u00e0 Istanbul pour la toute premi\u00e8re session du Comit\u00e9 politique et de d\u00e9fense strat\u00e9gique, l&rsquo;instance charg\u00e9e de mettre en musique le pacte de d\u00e9fense commune scell\u00e9 le 7 ao\u00fbt dernier \u00e0 La Mecque. Au menu de cette session inaugurale figurent les grands enjeux de s\u00e9curit\u00e9 internationale et le renforcement des moyens de d\u00e9fense propres \u00e0 chacun des trois pays. Les d\u00e9l\u00e9gations doivent aussi se pencher sur une meilleure interop\u00e9rabilit\u00e9 entre leurs arm\u00e9es respectives, sur l&rsquo;approfondissement de leur coop\u00e9ration industrielle en mati\u00e8re de d\u00e9fense, qu&rsquo;il s&rsquo;agisse de programmes de production conjointe ou de recherche et d\u00e9veloppement, ainsi que sur la mutualisation de leur lutte antiterroriste. Les trois d\u00e9l\u00e9gations sont par ailleurs appel\u00e9es \u00e0 poser les bases d&rsquo;un secr\u00e9tariat et d&rsquo;autres m\u00e9canismes de coordination pour les futurs axes de coop\u00e9ration identifi\u00e9s par le comit\u00e9, tout en tra\u00e7ant une feuille de route pour les \u00e9ch\u00e9ances \u00e0 venir. Cette rencontre doit aussi \u00eatre l&rsquo;occasion de r\u00e9affirmer la finalit\u00e9 de l&rsquo;accord conclu \u00e0 La Mecque, \u00e0 savoir consolider, par une logique de coop\u00e9ration, la s\u00e9curit\u00e9, la paix et la stabilit\u00e9 dans la r\u00e9gion.<\/p>\n\n\n\n<p class=\"wp-block-paragraph\">L&rsquo;\u00ab Accord de d\u00e9fense commune \u00bb avait \u00e9t\u00e9 paraph\u00e9 le 7 ao\u00fbt \u00e0 La Mecque par le pr\u00e9sident turc Recep Tayyip Erdogan, le prince h\u00e9ritier saoudien Mohammed bin Salman et le Premier ministre pakistanais Shehbaz Sharif. N\u00e9goci\u00e9 dans un climat d&rsquo;instabilit\u00e9 grandissante aux \u00e9chelles r\u00e9gionale et internationale. Il stipule notamment qu&rsquo;une agression visant l&rsquo;un des pays signataires sera trait\u00e9e comme une agression contre l&rsquo;ensemble des parties. \u00ab&nbsp;L\u2019Otan du Moyen-Orient&nbsp;\u00bb, comme rebaptis\u00e9 par plusieurs m\u00e9dias, laisse \u00e9galement la porte ouverte \u00e0 l&rsquo;adh\u00e9sion d&rsquo;autres \u00c9tats.<\/p>\n\n\n\n<p class=\"wp-block-paragraph\">R.I.<\/p>\n","protected":false},"excerpt":{"rendered":"<p>Les chefs de la diplomatie et de la d\u00e9fense de la Turquie, du Pakistan et de l&rsquo;Arabie saoudite se sont<\/p>\n","protected":false},"author":6,"featured_media":94681,"comment_status":"open","ping_status":"closed","sticky":false,"template":"","format":"standard","meta":{"colormag_page_container_layout":"default_layout","colormag_page_sidebar_layout":"default_layout","om_disable_all_campaigns":false,"_monsterinsights_skip_tracking":false,"footnotes":"","_wpscppro_dont_share_socialmedia":false,"_wpscppro_custom_social_share_image":0,"_facebook_share_type":"default","_twitter_share_type":"default","_linkedin_share_type":"default","_pinterest_share_type":"default","_linkedin_share_type_page":"","_instagram_share_type":"default","_medium_share_type":"default","_threads_share_type":"default","_google_business_share_type":"default","_bluesky_share_type":"default","_mastodon_share_type":"default","_selected_social_profile":[],"_wpsp_enable_custom_social_template":false,"_wpsp_social_scheduling":{"enabled":false,"datetime":null,"platforms":[],"status":"template_only","dateOption":"today","timeOption":"now","customDays":"","customHours":"","customDate":"","customTime":"","schedulingType":"absolute"},"_wpsp_active_default_template":true},"categories":[37],"tags":[],"class_list":["post-94680","post","type-post","status-publish","format-standard","has-post-thumbnail","hentry","category-monde"],"aioseo_notices":[],"aioseo_head":"\n\t\t<!-- All in One SEO 5.0.0.1 - aioseo.com -->\n\t<meta name=\"description\" content=\"Les chefs de la diplomatie et de la d\u00e9fense de la Turquie, du Pakistan et de l&#039;Arabie saoudite se sont retrouv\u00e9s lundi \u00e0 Istanbul pour la toute premi\u00e8re session du Comit\u00e9 politique et de d\u00e9fense strat\u00e9gique, l&#039;instance charg\u00e9e de mettre en musique le pacte de d\u00e9fense commune scell\u00e9 le 7 ao\u00fbt dernier \u00e0 La Mecque.\" \/>\n\t<meta name=\"robots\" content=\"max-image-preview:large\" \/>\n\t<meta name=\"author\" content=\"admin\"\/>\n\t<link rel=\"canonical\" href=\"https:\/\/lasentinelle.dz\/index.php\/2026\/09\/01\/accord-de-la-mecque-premiere-reunion-du-comite-de-defense-a-istanbul\/\" \/>\n\t<meta name=\"generator\" content=\"All in One SEO (AIOSEO) 5.0.0.1\" \/>\n\t\t<meta property=\"og:locale\" content=\"fr_FR\" \/>\n\t\t<meta property=\"og:site_name\" content=\"La Sentinelle - Quotidien national d&#039;information\" \/>\n\t\t<meta property=\"og:type\" content=\"article\" \/>\n\t\t<meta property=\"og:title\" content=\"Accord de la Mecque : Premi\u00e8re r\u00e9union du comit\u00e9 de d\u00e9fense \u00e0 Istanbul - La Sentinelle\" \/>\n\t\t<meta property=\"og:description\" content=\"Les chefs de la diplomatie et de la d\u00e9fense de la Turquie, du Pakistan et de l&#039;Arabie saoudite se sont retrouv\u00e9s lundi \u00e0 Istanbul pour la toute premi\u00e8re session du Comit\u00e9 politique et de d\u00e9fense strat\u00e9gique, l&#039;instance charg\u00e9e de mettre en musique le pacte de d\u00e9fense commune scell\u00e9 le 7 ao\u00fbt dernier \u00e0 La Mecque.\" \/>\n\t\t<meta property=\"og:url\" content=\"https:\/\/lasentinelle.dz\/index.php\/2026\/09\/01\/accord-de-la-mecque-premiere-reunion-du-comite-de-defense-a-istanbul\/\" \/>\n\t\t<meta property=\"og:image\" content=\"https:\/\/lasentinelle.dz\/wp-content\/uploads\/2021\/09\/cropped-la-sentinelle-earth-golden-anima-5.gif\" \/>\n\t\t<meta property=\"og:image:secure_url\" content=\"https:\/\/lasentinelle.dz\/wp-content\/uploads\/2021\/09\/cropped-la-sentinelle-earth-golden-anima-5.gif\" \/>\n\t\t<meta property=\"og:image:width\" content=\"450\" \/>\n\t\t<meta property=\"og:image:height\" content=\"213\" \/>\n\t\t<meta property=\"article:published_time\" content=\"2026-09-01T09:28:09+00:00\" \/>\n\t\t<meta property=\"article:modified_time\" content=\"2026-09-01T09:28:12+00:00\" \/>\n\t\t<meta property=\"article:publisher\" content=\"https:\/\/www.facebook.com\/azzedine.lasentinelle.1\" \/>\n\t\t<meta name=\"twitter:card\" content=\"summary_large_image\" \/>\n\t\t<meta name=\"twitter:title\" content=\"Accord de la Mecque : Premi\u00e8re r\u00e9union du comit\u00e9 de d\u00e9fense \u00e0 Istanbul - La Sentinelle\" \/>\n\t\t<meta name=\"twitter:description\" content=\"Les chefs de la diplomatie et de la d\u00e9fense de la Turquie, du Pakistan et de l&#039;Arabie saoudite se sont retrouv\u00e9s lundi \u00e0 Istanbul pour la toute premi\u00e8re session du Comit\u00e9 politique et de d\u00e9fense strat\u00e9gique, l&#039;instance charg\u00e9e de mettre en musique le pacte de d\u00e9fense commune scell\u00e9 le 7 ao\u00fbt dernier \u00e0 La Mecque.\" \/>\n\t\t<meta name=\"twitter:image\" content=\"https:\/\/lasentinelle.dz\/wp-content\/uploads\/2021\/09\/cropped-la-sentinelle-earth-golden-anima-5.gif\" \/>\n\t\t<script type=\"application\/ld+json\" class=\"aioseo-schema\">\n\t\t\t{\"@context\":\"https:\\\/\\\/schema.org\",\"@graph\":[{\"@type\":\"BlogPosting\",\"@id\":\"https:\\\/\\\/lasentinelle.dz\\\/index.php\\\/2026\\\/09\\\/01\\\/accord-de-la-mecque-premiere-reunion-du-comite-de-defense-a-istanbul\\\/#blogposting\",\"name\":\"Accord de la Mecque : Premi\\u00e8re r\\u00e9union du comit\\u00e9 de d\\u00e9fense \\u00e0 Istanbul - La Sentinelle\",\"headline\":\"Accord de la Mecque\\u00a0: Premi\\u00e8re r\\u00e9union du comit\\u00e9 de d\\u00e9fense \\u00e0 Istanbul\",\"author\":{\"@id\":\"https:\\\/\\\/lasentinelle.dz\\\/author\\\/admin\\\/#author\"},\"publisher\":{\"@id\":\"https:\\\/\\\/lasentinelle.dz\\\/#organization\"},\"image\":{\"@type\":\"ImageObject\",\"url\":\"https:\\\/\\\/lasentinelle.dz\\\/wp-content\\\/uploads\\\/2026\\\/09\\\/pacte-de-la-Mecque.webp\",\"width\":1280,\"height\":1009},\"datePublished\":\"2026-09-01T10:28:09+01:00\",\"dateModified\":\"2026-09-01T10:28:12+01:00\",\"inLanguage\":\"fr-FR\",\"mainEntityOfPage\":{\"@id\":\"https:\\\/\\\/lasentinelle.dz\\\/index.php\\\/2026\\\/09\\\/01\\\/accord-de-la-mecque-premiere-reunion-du-comite-de-defense-a-istanbul\\\/#webpage\"},\"isPartOf\":{\"@id\":\"https:\\\/\\\/lasentinelle.dz\\\/index.php\\\/2026\\\/09\\\/01\\\/accord-de-la-mecque-premiere-reunion-du-comite-de-defense-a-istanbul\\\/#webpage\"},\"articleSection\":\"Monde\"},{\"@type\":\"BreadcrumbList\",\"@id\":\"https:\\\/\\\/lasentinelle.dz\\\/index.php\\\/2026\\\/09\\\/01\\\/accord-de-la-mecque-premiere-reunion-du-comite-de-defense-a-istanbul\\\/#breadcrumblist\",\"itemListElement\":[{\"@type\":\"ListItem\",\"@id\":\"https:\\\/\\\/lasentinelle.dz#listItem\",\"position\":1,\"name\":\"Home\",\"item\":\"https:\\\/\\\/lasentinelle.dz\",\"nextItem\":{\"@type\":\"ListItem\",\"@id\":\"https:\\\/\\\/lasentinelle.dz\\\/index.php\\\/category\\\/monde\\\/#listItem\",\"name\":\"Monde\"}},{\"@type\":\"ListItem\",\"@id\":\"https:\\\/\\\/lasentinelle.dz\\\/index.php\\\/category\\\/monde\\\/#listItem\",\"position\":2,\"name\":\"Monde\",\"item\":\"https:\\\/\\\/lasentinelle.dz\\\/index.php\\\/category\\\/monde\\\/\",\"nextItem\":{\"@type\":\"ListItem\",\"@id\":\"https:\\\/\\\/lasentinelle.dz\\\/index.php\\\/2026\\\/09\\\/01\\\/accord-de-la-mecque-premiere-reunion-du-comite-de-defense-a-istanbul\\\/#listItem\",\"name\":\"Accord de la Mecque\\u00a0: Premi\\u00e8re r\\u00e9union du comit\\u00e9 de d\\u00e9fense \\u00e0 Istanbul\"},\"previousItem\":{\"@type\":\"ListItem\",\"@id\":\"https:\\\/\\\/lasentinelle.dz#listItem\",\"name\":\"Home\"}},{\"@type\":\"ListItem\",\"@id\":\"https:\\\/\\\/lasentinelle.dz\\\/index.php\\\/2026\\\/09\\\/01\\\/accord-de-la-mecque-premiere-reunion-du-comite-de-defense-a-istanbul\\\/#listItem\",\"position\":3,\"name\":\"Accord de la Mecque\\u00a0: Premi\\u00e8re r\\u00e9union du comit\\u00e9 de d\\u00e9fense \\u00e0 Istanbul\",\"previousItem\":{\"@type\":\"ListItem\",\"@id\":\"https:\\\/\\\/lasentinelle.dz\\\/index.php\\\/category\\\/monde\\\/#listItem\",\"name\":\"Monde\"}}]},{\"@type\":\"Organization\",\"@id\":\"https:\\\/\\\/lasentinelle.dz\\\/#organization\",\"name\":\"La Sentinelle La Sentinelle\",\"description\":\"Quotidien national d'information\",\"url\":\"https:\\\/\\\/lasentinelle.dz\\\/\",\"logo\":{\"@type\":\"ImageObject\",\"url\":\"https:\\\/\\\/lasentinelle.dz\\\/wp-content\\\/uploads\\\/2021\\\/09\\\/cropped-la-sentinelle-earth-golden-anima-5.gif\",\"@id\":\"https:\\\/\\\/lasentinelle.dz\\\/index.php\\\/2026\\\/09\\\/01\\\/accord-de-la-mecque-premiere-reunion-du-comite-de-defense-a-istanbul\\\/#organizationLogo\",\"width\":450,\"height\":213},\"image\":{\"@id\":\"https:\\\/\\\/lasentinelle.dz\\\/index.php\\\/2026\\\/09\\\/01\\\/accord-de-la-mecque-premiere-reunion-du-comite-de-defense-a-istanbul\\\/#organizationLogo\"},\"sameAs\":[\"https:\\\/\\\/www.facebook.com\\\/azzedine.lasentinelle.1\"]},{\"@type\":\"Person\",\"@id\":\"https:\\\/\\\/lasentinelle.dz\\\/author\\\/admin\\\/#author\",\"url\":\"https:\\\/\\\/lasentinelle.dz\\\/author\\\/admin\\\/\",\"name\":\"admin\",\"image\":{\"@type\":\"ImageObject\",\"@id\":\"https:\\\/\\\/lasentinelle.dz\\\/index.php\\\/2026\\\/09\\\/01\\\/accord-de-la-mecque-premiere-reunion-du-comite-de-defense-a-istanbul\\\/#authorImage\",\"url\":\"https:\\\/\\\/secure.gravatar.com\\\/avatar\\\/4c81fed838786e9b53f540bf46533e750f5d292099ae3b66cfc6fb1982e29df7?s=96&d=mm&r=g\",\"width\":96,\"height\":96,\"caption\":\"admin\"}},{\"@type\":\"WebPage\",\"@id\":\"https:\\\/\\\/lasentinelle.dz\\\/index.php\\\/2026\\\/09\\\/01\\\/accord-de-la-mecque-premiere-reunion-du-comite-de-defense-a-istanbul\\\/#webpage\",\"url\":\"https:\\\/\\\/lasentinelle.dz\\\/index.php\\\/2026\\\/09\\\/01\\\/accord-de-la-mecque-premiere-reunion-du-comite-de-defense-a-istanbul\\\/\",\"name\":\"Accord de la Mecque : Premi\\u00e8re r\\u00e9union du comit\\u00e9 de d\\u00e9fense \\u00e0 Istanbul - La Sentinelle\",\"description\":\"Les chefs de la diplomatie et de la d\\u00e9fense de la Turquie, du Pakistan et de l'Arabie saoudite se sont retrouv\\u00e9s lundi \\u00e0 Istanbul pour la toute premi\\u00e8re session du Comit\\u00e9 politique et de d\\u00e9fense strat\\u00e9gique, l'instance charg\\u00e9e de mettre en musique le pacte de d\\u00e9fense commune scell\\u00e9 le 7 ao\\u00fbt dernier \\u00e0 La Mecque.\",\"inLanguage\":\"fr-FR\",\"isPartOf\":{\"@id\":\"https:\\\/\\\/lasentinelle.dz\\\/#website\"},\"breadcrumb\":{\"@id\":\"https:\\\/\\\/lasentinelle.dz\\\/index.php\\\/2026\\\/09\\\/01\\\/accord-de-la-mecque-premiere-reunion-du-comite-de-defense-a-istanbul\\\/#breadcrumblist\"},\"author\":{\"@id\":\"https:\\\/\\\/lasentinelle.dz\\\/author\\\/admin\\\/#author\"},\"creator\":{\"@id\":\"https:\\\/\\\/lasentinelle.dz\\\/author\\\/admin\\\/#author\"},\"image\":{\"@type\":\"ImageObject\",\"url\":\"https:\\\/\\\/lasentinelle.dz\\\/wp-content\\\/uploads\\\/2026\\\/09\\\/pacte-de-la-Mecque.webp\",\"@id\":\"https:\\\/\\\/lasentinelle.dz\\\/index.php\\\/2026\\\/09\\\/01\\\/accord-de-la-mecque-premiere-reunion-du-comite-de-defense-a-istanbul\\\/#mainImage\",\"width\":1280,\"height\":1009},\"primaryImageOfPage\":{\"@id\":\"https:\\\/\\\/lasentinelle.dz\\\/index.php\\\/2026\\\/09\\\/01\\\/accord-de-la-mecque-premiere-reunion-du-comite-de-defense-a-istanbul\\\/#mainImage\"},\"datePublished\":\"2026-09-01T10:28:09+01:00\",\"dateModified\":\"2026-09-01T10:28:12+01:00\"},{\"@type\":\"WebSite\",\"@id\":\"https:\\\/\\\/lasentinelle.dz\\\/#website\",\"url\":\"https:\\\/\\\/lasentinelle.dz\\\/\",\"name\":\"La Sentinelle\",\"description\":\"Quotidien national d'information\",\"inLanguage\":\"fr-FR\",\"publisher\":{\"@id\":\"https:\\\/\\\/lasentinelle.dz\\\/#organization\"}}]}\n\t\t<\/script>\n\t\t<!-- All in One SEO -->\n\n","aioseo_head_json":{"title":"Accord de la Mecque : Premi\u00e8re r\u00e9union du comit\u00e9 de d\u00e9fense \u00e0 Istanbul - La Sentinelle","description":"Les chefs de la diplomatie et de la d\u00e9fense de la Turquie, du Pakistan et de l'Arabie saoudite se sont retrouv\u00e9s lundi \u00e0 Istanbul pour la toute premi\u00e8re session du Comit\u00e9 politique et de d\u00e9fense strat\u00e9gique, l'instance charg\u00e9e de mettre en musique le pacte de d\u00e9fense commune scell\u00e9 le 7 ao\u00fbt dernier \u00e0 La Mecque.","canonical_url":"https:\/\/lasentinelle.dz\/index.php\/2026\/09\/01\/accord-de-la-mecque-premiere-reunion-du-comite-de-defense-a-istanbul\/","robots":"max-image-preview:large","keywords":"","webmasterTools":{"miscellaneous":""},"schema":{"@context":"https:\/\/schema.org","@graph":[{"@type":"BlogPosting","@id":"https:\/\/lasentinelle.dz\/index.php\/2026\/09\/01\/accord-de-la-mecque-premiere-reunion-du-comite-de-defense-a-istanbul\/#blogposting","name":"Accord de la Mecque : Premi\u00e8re r\u00e9union du comit\u00e9 de d\u00e9fense \u00e0 Istanbul - La Sentinelle","headline":"Accord de la Mecque\u00a0: Premi\u00e8re r\u00e9union du comit\u00e9 de d\u00e9fense \u00e0 Istanbul","author":{"@id":"https:\/\/lasentinelle.dz\/author\/admin\/#author"},"publisher":{"@id":"https:\/\/lasentinelle.dz\/#organization"},"image":{"@type":"ImageObject","url":"https:\/\/lasentinelle.dz\/wp-content\/uploads\/2026\/09\/pacte-de-la-Mecque.webp","width":1280,"height":1009},"datePublished":"2026-09-01T10:28:09+01:00","dateModified":"2026-09-01T10:28:12+01:00","inLanguage":"fr-FR","mainEntityOfPage":{"@id":"https:\/\/lasentinelle.dz\/index.php\/2026\/09\/01\/accord-de-la-mecque-premiere-reunion-du-comite-de-defense-a-istanbul\/#webpage"},"isPartOf":{"@id":"https:\/\/lasentinelle.dz\/index.php\/2026\/09\/01\/accord-de-la-mecque-premiere-reunion-du-comite-de-defense-a-istanbul\/#webpage"},"articleSection":"Monde"},{"@type":"BreadcrumbList","@id":"https:\/\/lasentinelle.dz\/index.php\/2026\/09\/01\/accord-de-la-mecque-premiere-reunion-du-comite-de-defense-a-istanbul\/#breadcrumblist","itemListElement":[{"@type":"ListItem","@id":"https:\/\/lasentinelle.dz#listItem","position":1,"name":"Home","item":"https:\/\/lasentinelle.dz","nextItem":{"@type":"ListItem","@id":"https:\/\/lasentinelle.dz\/index.php\/category\/monde\/#listItem","name":"Monde"}},{"@type":"ListItem","@id":"https:\/\/lasentinelle.dz\/index.php\/category\/monde\/#listItem","position":2,"name":"Monde","item":"https:\/\/lasentinelle.dz\/index.php\/category\/monde\/","nextItem":{"@type":"ListItem","@id":"https:\/\/lasentinelle.dz\/index.php\/2026\/09\/01\/accord-de-la-mecque-premiere-reunion-du-comite-de-defense-a-istanbul\/#listItem","name":"Accord de la Mecque\u00a0: Premi\u00e8re r\u00e9union du comit\u00e9 de d\u00e9fense \u00e0 Istanbul"},"previousItem":{"@type":"ListItem","@id":"https:\/\/lasentinelle.dz#listItem","name":"Home"}},{"@type":"ListItem","@id":"https:\/\/lasentinelle.dz\/index.php\/2026\/09\/01\/accord-de-la-mecque-premiere-reunion-du-comite-de-defense-a-istanbul\/#listItem","position":3,"name":"Accord de la Mecque\u00a0: Premi\u00e8re r\u00e9union du comit\u00e9 de d\u00e9fense \u00e0 Istanbul","previousItem":{"@type":"ListItem","@id":"https:\/\/lasentinelle.dz\/index.php\/category\/monde\/#listItem","name":"Monde"}}]},{"@type":"Organization","@id":"https:\/\/lasentinelle.dz\/#organization","name":"La Sentinelle La Sentinelle","description":"Quotidien national d'information","url":"https:\/\/lasentinelle.dz\/","logo":{"@type":"ImageObject","url":"https:\/\/lasentinelle.dz\/wp-content\/uploads\/2021\/09\/cropped-la-sentinelle-earth-golden-anima-5.gif","@id":"https:\/\/lasentinelle.dz\/index.php\/2026\/09\/01\/accord-de-la-mecque-premiere-reunion-du-comite-de-defense-a-istanbul\/#organizationLogo","width":450,"height":213},"image":{"@id":"https:\/\/lasentinelle.dz\/index.php\/2026\/09\/01\/accord-de-la-mecque-premiere-reunion-du-comite-de-defense-a-istanbul\/#organizationLogo"},"sameAs":["https:\/\/www.facebook.com\/azzedine.lasentinelle.1"]},{"@type":"Person","@id":"https:\/\/lasentinelle.dz\/author\/admin\/#author","url":"https:\/\/lasentinelle.dz\/author\/admin\/","name":"admin","image":{"@type":"ImageObject","@id":"https:\/\/lasentinelle.dz\/index.php\/2026\/09\/01\/accord-de-la-mecque-premiere-reunion-du-comite-de-defense-a-istanbul\/#authorImage","url":"https:\/\/secure.gravatar.com\/avatar\/4c81fed838786e9b53f540bf46533e750f5d292099ae3b66cfc6fb1982e29df7?s=96&d=mm&r=g","width":96,"height":96,"caption":"admin"}},{"@type":"WebPage","@id":"https:\/\/lasentinelle.dz\/index.php\/2026\/09\/01\/accord-de-la-mecque-premiere-reunion-du-comite-de-defense-a-istanbul\/#webpage","url":"https:\/\/lasentinelle.dz\/index.php\/2026\/09\/01\/accord-de-la-mecque-premiere-reunion-du-comite-de-defense-a-istanbul\/","name":"Accord de la Mecque : Premi\u00e8re r\u00e9union du comit\u00e9 de d\u00e9fense \u00e0 Istanbul - La Sentinelle","description":"Les chefs de la diplomatie et de la d\u00e9fense de la Turquie, du Pakistan et de l'Arabie saoudite se sont retrouv\u00e9s lundi \u00e0 Istanbul pour la toute premi\u00e8re session du Comit\u00e9 politique et de d\u00e9fense strat\u00e9gique, l'instance charg\u00e9e de mettre en musique le pacte de d\u00e9fense commune scell\u00e9 le 7 ao\u00fbt dernier \u00e0 La Mecque.","inLanguage":"fr-FR","isPartOf":{"@id":"https:\/\/lasentinelle.dz\/#website"},"breadcrumb":{"@id":"https:\/\/lasentinelle.dz\/index.php\/2026\/09\/01\/accord-de-la-mecque-premiere-reunion-du-comite-de-defense-a-istanbul\/#breadcrumblist"},"author":{"@id":"https:\/\/lasentinelle.dz\/author\/admin\/#author"},"creator":{"@id":"https:\/\/lasentinelle.dz\/author\/admin\/#author"},"image":{"@type":"ImageObject","url":"https:\/\/lasentinelle.dz\/wp-content\/uploads\/2026\/09\/pacte-de-la-Mecque.webp","@id":"https:\/\/lasentinelle.dz\/index.php\/2026\/09\/01\/accord-de-la-mecque-premiere-reunion-du-comite-de-defense-a-istanbul\/#mainImage","width":1280,"height":1009},"primaryImageOfPage":{"@id":"https:\/\/lasentinelle.dz\/index.php\/2026\/09\/01\/accord-de-la-mecque-premiere-reunion-du-comite-de-defense-a-istanbul\/#mainImage"},"datePublished":"2026-09-01T10:28:09+01:00","dateModified":"2026-09-01T10:28:12+01:00"},{"@type":"WebSite","@id":"https:\/\/lasentinelle.dz\/#website","url":"https:\/\/lasentinelle.dz\/","name":"La Sentinelle","description":"Quotidien national d'information","inLanguage":"fr-FR","publisher":{"@id":"https:\/\/lasentinelle.dz\/#organization"}}]},"og:locale":"fr_FR","og:site_name":"La Sentinelle - Quotidien national d'information","og:type":"article","og:title":"Accord de la Mecque : Premi\u00e8re r\u00e9union du comit\u00e9 de d\u00e9fense \u00e0 Istanbul - La Sentinelle","og:description":"Les chefs de la diplomatie et de la d\u00e9fense de la Turquie, du Pakistan et de l'Arabie saoudite se sont retrouv\u00e9s lundi \u00e0 Istanbul pour la toute premi\u00e8re session du Comit\u00e9 politique et de d\u00e9fense strat\u00e9gique, l'instance charg\u00e9e de mettre en musique le pacte de d\u00e9fense commune scell\u00e9 le 7 ao\u00fbt dernier \u00e0 La Mecque.","og:url":"https:\/\/lasentinelle.dz\/index.php\/2026\/09\/01\/accord-de-la-mecque-premiere-reunion-du-comite-de-defense-a-istanbul\/","og:image":"https:\/\/lasentinelle.dz\/wp-content\/uploads\/2021\/09\/cropped-la-sentinelle-earth-golden-anima-5.gif","og:image:secure_url":"https:\/\/lasentinelle.dz\/wp-content\/uploads\/2021\/09\/cropped-la-sentinelle-earth-golden-anima-5.gif","og:image:width":450,"og:image:height":213,"article:published_time":"2026-09-01T09:28:09+00:00","article:modified_time":"2026-09-01T09:28:12+00:00","article:publisher":"https:\/\/www.facebook.com\/azzedine.lasentinelle.1","twitter:card":"summary_large_image","twitter:title":"Accord de la Mecque : Premi\u00e8re r\u00e9union du comit\u00e9 de d\u00e9fense \u00e0 Istanbul - La Sentinelle","twitter:description":"Les chefs de la diplomatie et de la d\u00e9fense de la Turquie, du Pakistan et de l'Arabie saoudite se sont retrouv\u00e9s lundi \u00e0 Istanbul pour la toute premi\u00e8re session du Comit\u00e9 politique et de d\u00e9fense strat\u00e9gique, l'instance charg\u00e9e de mettre en musique le pacte de d\u00e9fense commune scell\u00e9 le 7 ao\u00fbt dernier \u00e0 La Mecque.","twitter:image":"https:\/\/lasentinelle.dz\/wp-content\/uploads\/2021\/09\/cropped-la-sentinelle-earth-golden-anima-5.gif"},"aioseo_meta_data":{"post_id":"94680","title":null,"description":null,"keywords":null,"keyphrases":{"focus":{"keyphrase":"","score":0,"analysis":{"keyphraseInTitle":{"score":0,"maxScore":9,"error":1}}},"additional":[]},"primary_term":null,"canonical_url":null,"og_title":null,"og_description":null,"og_object_type":"default","og_image_type":"default","og_image_url":null,"og_image_width":null,"og_image_height":null,"og_image_custom_url":null,"og_image_custom_fields":null,"og_video":"","og_custom_url":null,"og_article_section":null,"og_article_tags":null,"twitter_use_og":false,"twitter_card":"default","twitter_image_type":"default","twitter_image_url":null,"twitter_image_custom_url":null,"twitter_image_custom_fields":null,"twitter_title":null,"twitter_description":null,"schema":{"blockGraphs":[],"customGraphs":[],"default":{"data":{"Article":[],"Course":[],"Dataset":[],"FAQPage":[],"Movie":[],"Person":[],"Product":[],"ProductReview":[],"Car":[],"Recipe":[],"Service":[],"SoftwareApplication":[],"WebPage":[]},"graphName":"BlogPosting","isEnabled":true},"graphs":[]},"schema_type":"default","schema_type_options":null,"pillar_content":false,"robots_default":true,"robots_noindex":false,"robots_noarchive":false,"robots_nosnippet":false,"robots_nofollow":false,"robots_noimageindex":false,"robots_noodp":false,"robots_notranslate":false,"robots_max_snippet":"-1","robots_max_videopreview":"-1","robots_max_imagepreview":"large","priority":null,"frequency":"default","local_seo":null,"breadcrumb_settings":null,"limit_modified_date":false,"ai":{"faqs":[],"keyPoints":[],"schemas":[],"titles":[],"descriptions":[],"socialPosts":{"email":{"subject":"","preview":"","content":""},"linkedin":[],"twitter":[],"facebook":[],"instagram":[]}},"created":"2026-09-01 09:28:12","updated":"2026-09-01 09:30:17","focus_keyword":null,"additional_keywords":null,"truseo_locale":null,"seo_analyzer_scan_date":null},"aioseo_breadcrumb":"<div class=\"aioseo-breadcrumbs\"><span class=\"aioseo-breadcrumb\">\n\t\t\t<a href=\"https:\/\/lasentinelle.dz\" title=\"Home\">Home<\/a>\n\t\t<\/span><span class=\"aioseo-breadcrumb-separator\">&raquo;<\/span><span class=\"aioseo-breadcrumb\">\n\t\t\t<a href=\"https:\/\/lasentinelle.dz\/index.php\/category\/monde\/\" title=\"Monde\">Monde<\/a>\n\t\t<\/span><span class=\"aioseo-breadcrumb-separator\">&raquo;<\/span><span class=\"aioseo-breadcrumb\">\n\t\t\tAccord de la Mecque : Premi\u00e8re r\u00e9union du comit\u00e9 de d\u00e9fense \u00e0 Istanbul\n\t\t<\/span><\/div>","aioseo_breadcrumb_json":[{"label":"Home","link":"https:\/\/lasentinelle.dz"},{"label":"Monde","link":"https:\/\/lasentinelle.dz\/index.php\/category\/monde\/"},{"label":"Accord de la Mecque\u00a0: Premi\u00e8re r\u00e9union du comit\u00e9 de d\u00e9fense \u00e0 Istanbul","link":"https:\/\/lasentinelle.dz\/index.php\/2026\/09\/01\/accord-de-la-mecque-premiere-reunion-du-comite-de-defense-a-istanbul\/"}],"yoast_head":"<!-- This site is optimized with the Yoast SEO plugin v28.3 - https:\/\/yoast.com\/product\/yoast-seo-wordpress\/ -->\n<title>Accord de la Mecque\u00a0: Premi\u00e8re r\u00e9union du comit\u00e9 de d\u00e9fense \u00e0 Istanbul - La Sentinelle<\/title>\n<meta name=\"robots\" content=\"index, follow, max-snippet:-1, max-image-preview:large, max-video-preview:-1\" \/>\n<link rel=\"canonical\" href=\"https:\/\/lasentinelle.dz\/index.php\/2026\/09\/01\/accord-de-la-mecque-premiere-reunion-du-comite-de-defense-a-istanbul\/\" \/>\n<meta property=\"og:locale\" content=\"fr_FR\" \/>\n<meta property=\"og:type\" content=\"article\" \/>\n<meta property=\"og:title\" content=\"Accord de la Mecque\u00a0: Premi\u00e8re r\u00e9union du comit\u00e9 de d\u00e9fense \u00e0 Istanbul - La Sentinelle\" \/>\n<meta property=\"og:description\" content=\"Les chefs de la diplomatie et de la d\u00e9fense de la Turquie, du Pakistan et de l&rsquo;Arabie saoudite se sont\" \/>\n<meta property=\"og:url\" content=\"https:\/\/lasentinelle.dz\/index.php\/2026\/09\/01\/accord-de-la-mecque-premiere-reunion-du-comite-de-defense-a-istanbul\/\" \/>\n<meta property=\"og:site_name\" content=\"La Sentinelle\" \/>\n<meta property=\"article:publisher\" content=\"https:\/\/www.facebook.com\/La-Sentinelle-104059864394773\" \/>\n<meta property=\"article:published_time\" content=\"2026-09-01T09:28:09+00:00\" \/>\n<meta property=\"article:modified_time\" content=\"2026-09-01T09:28:12+00:00\" \/>\n<meta property=\"og:image\" content=\"https:\/\/lasentinelle.dz\/wp-content\/uploads\/2026\/09\/pacte-de-la-Mecque.webp\" \/>\n\t<meta property=\"og:image:width\" content=\"1280\" \/>\n\t<meta property=\"og:image:height\" content=\"1009\" \/>\n\t<meta property=\"og:image:type\" content=\"image\/webp\" \/>\n<meta name=\"author\" content=\"admin\" \/>\n<meta name=\"twitter:card\" content=\"summary_large_image\" \/>\n<meta name=\"twitter:label1\" content=\"\u00c9crit par\" \/>\n\t<meta name=\"twitter:data1\" content=\"admin\" \/>\n\t<meta name=\"twitter:label2\" content=\"Dur\u00e9e de lecture estim\u00e9e\" \/>\n\t<meta name=\"twitter:data2\" content=\"2 minutes\" \/>\n<script type=\"application\/ld+json\" class=\"yoast-schema-graph\">{\"@context\":\"https:\\\/\\\/schema.org\",\"@graph\":[{\"@type\":\"Article\",\"@id\":\"https:\\\/\\\/lasentinelle.dz\\\/index.php\\\/2026\\\/09\\\/01\\\/accord-de-la-mecque-premiere-reunion-du-comite-de-defense-a-istanbul\\\/#article\",\"isPartOf\":{\"@id\":\"https:\\\/\\\/lasentinelle.dz\\\/index.php\\\/2026\\\/09\\\/01\\\/accord-de-la-mecque-premiere-reunion-du-comite-de-defense-a-istanbul\\\/\"},\"author\":{\"name\":\"admin\",\"@id\":\"https:\\\/\\\/lasentinelle.dz\\\/#\\\/schema\\\/person\\\/729ee0024f24e0b8c5ec17232f8e8b41\"},\"headline\":\"Accord de la Mecque\u00a0: Premi\u00e8re r\u00e9union du comit\u00e9 de d\u00e9fense \u00e0 Istanbul\",\"datePublished\":\"2026-09-01T09:28:09+00:00\",\"dateModified\":\"2026-09-01T09:28:12+00:00\",\"mainEntityOfPage\":{\"@id\":\"https:\\\/\\\/lasentinelle.dz\\\/index.php\\\/2026\\\/09\\\/01\\\/accord-de-la-mecque-premiere-reunion-du-comite-de-defense-a-istanbul\\\/\"},\"wordCount\":345,\"commentCount\":0,\"publisher\":{\"@id\":\"https:\\\/\\\/lasentinelle.dz\\\/#organization\"},\"image\":{\"@id\":\"https:\\\/\\\/lasentinelle.dz\\\/index.php\\\/2026\\\/09\\\/01\\\/accord-de-la-mecque-premiere-reunion-du-comite-de-defense-a-istanbul\\\/#primaryimage\"},\"thumbnailUrl\":\"https:\\\/\\\/lasentinelle.dz\\\/wp-content\\\/uploads\\\/2026\\\/09\\\/pacte-de-la-Mecque.webp\",\"articleSection\":[\"Monde\"],\"inLanguage\":\"fr-FR\",\"potentialAction\":[{\"@type\":\"CommentAction\",\"name\":\"Comment\",\"target\":[\"https:\\\/\\\/lasentinelle.dz\\\/index.php\\\/2026\\\/09\\\/01\\\/accord-de-la-mecque-premiere-reunion-du-comite-de-defense-a-istanbul\\\/#respond\"]}]},{\"@type\":\"WebPage\",\"@id\":\"https:\\\/\\\/lasentinelle.dz\\\/index.php\\\/2026\\\/09\\\/01\\\/accord-de-la-mecque-premiere-reunion-du-comite-de-defense-a-istanbul\\\/\",\"url\":\"https:\\\/\\\/lasentinelle.dz\\\/index.php\\\/2026\\\/09\\\/01\\\/accord-de-la-mecque-premiere-reunion-du-comite-de-defense-a-istanbul\\\/\",\"name\":\"Accord de la Mecque\u00a0: Premi\u00e8re r\u00e9union du comit\u00e9 de d\u00e9fense \u00e0 Istanbul - La Sentinelle\",\"isPartOf\":{\"@id\":\"https:\\\/\\\/lasentinelle.dz\\\/#website\"},\"primaryImageOfPage\":{\"@id\":\"https:\\\/\\\/lasentinelle.dz\\\/index.php\\\/2026\\\/09\\\/01\\\/accord-de-la-mecque-premiere-reunion-du-comite-de-defense-a-istanbul\\\/#primaryimage\"},\"image\":{\"@id\":\"https:\\\/\\\/lasentinelle.dz\\\/index.php\\\/2026\\\/09\\\/01\\\/accord-de-la-mecque-premiere-reunion-du-comite-de-defense-a-istanbul\\\/#primaryimage\"},\"thumbnailUrl\":\"https:\\\/\\\/lasentinelle.dz\\\/wp-content\\\/uploads\\\/2026\\\/09\\\/pacte-de-la-Mecque.webp\",\"datePublished\":\"2026-09-01T09:28:09+00:00\",\"dateModified\":\"2026-09-01T09:28:12+00:00\",\"breadcrumb\":{\"@id\":\"https:\\\/\\\/lasentinelle.dz\\\/index.php\\\/2026\\\/09\\\/01\\\/accord-de-la-mecque-premiere-reunion-du-comite-de-defense-a-istanbul\\\/#breadcrumb\"},\"inLanguage\":\"fr-FR\",\"potentialAction\":[{\"@type\":\"ReadAction\",\"target\":[\"https:\\\/\\\/lasentinelle.dz\\\/index.php\\\/2026\\\/09\\\/01\\\/accord-de-la-mecque-premiere-reunion-du-comite-de-defense-a-istanbul\\\/\"]}]},{\"@type\":\"ImageObject\",\"inLanguage\":\"fr-FR\",\"@id\":\"https:\\\/\\\/lasentinelle.dz\\\/index.php\\\/2026\\\/09\\\/01\\\/accord-de-la-mecque-premiere-reunion-du-comite-de-defense-a-istanbul\\\/#primaryimage\",\"url\":\"https:\\\/\\\/lasentinelle.dz\\\/wp-content\\\/uploads\\\/2026\\\/09\\\/pacte-de-la-Mecque.webp\",\"contentUrl\":\"https:\\\/\\\/lasentinelle.dz\\\/wp-content\\\/uploads\\\/2026\\\/09\\\/pacte-de-la-Mecque.webp\",\"width\":1280,\"height\":1009},{\"@type\":\"BreadcrumbList\",\"@id\":\"https:\\\/\\\/lasentinelle.dz\\\/index.php\\\/2026\\\/09\\\/01\\\/accord-de-la-mecque-premiere-reunion-du-comite-de-defense-a-istanbul\\\/#breadcrumb\",\"itemListElement\":[{\"@type\":\"ListItem\",\"position\":1,\"name\":\"Accueil\",\"item\":\"https:\\\/\\\/lasentinelle.dz\\\/\"},{\"@type\":\"ListItem\",\"position\":2,\"name\":\"Accord de la Mecque\u00a0: Premi\u00e8re r\u00e9union du comit\u00e9 de d\u00e9fense \u00e0 Istanbul\"}]},{\"@type\":\"WebSite\",\"@id\":\"https:\\\/\\\/lasentinelle.dz\\\/#website\",\"url\":\"https:\\\/\\\/lasentinelle.dz\\\/\",\"name\":\"La Sentinelle\",\"description\":\"Quotidien national d&#039;information\",\"publisher\":{\"@id\":\"https:\\\/\\\/lasentinelle.dz\\\/#organization\"},\"potentialAction\":[{\"@type\":\"SearchAction\",\"target\":{\"@type\":\"EntryPoint\",\"urlTemplate\":\"https:\\\/\\\/lasentinelle.dz\\\/?s={search_term_string}\"},\"query-input\":{\"@type\":\"PropertyValueSpecification\",\"valueRequired\":true,\"valueName\":\"search_term_string\"}}],\"inLanguage\":\"fr-FR\"},{\"@type\":\"Organization\",\"@id\":\"https:\\\/\\\/lasentinelle.dz\\\/#organization\",\"name\":\"Quotidien La Sentinelle\",\"url\":\"https:\\\/\\\/lasentinelle.dz\\\/\",\"logo\":{\"@type\":\"ImageObject\",\"inLanguage\":\"fr-FR\",\"@id\":\"https:\\\/\\\/lasentinelle.dz\\\/#\\\/schema\\\/logo\\\/image\\\/\",\"url\":\"https:\\\/\\\/lasentinelle.dz\\\/wp-content\\\/uploads\\\/2021\\\/09\\\/logo-sentinelleSLOGAN-1.png\",\"contentUrl\":\"https:\\\/\\\/lasentinelle.dz\\\/wp-content\\\/uploads\\\/2021\\\/09\\\/logo-sentinelleSLOGAN-1.png\",\"width\":615,\"height\":142,\"caption\":\"Quotidien La Sentinelle\"},\"image\":{\"@id\":\"https:\\\/\\\/lasentinelle.dz\\\/#\\\/schema\\\/logo\\\/image\\\/\"},\"sameAs\":[\"https:\\\/\\\/www.facebook.com\\\/La-Sentinelle-104059864394773\"]},{\"@type\":\"Person\",\"@id\":\"https:\\\/\\\/lasentinelle.dz\\\/#\\\/schema\\\/person\\\/729ee0024f24e0b8c5ec17232f8e8b41\",\"name\":\"admin\",\"image\":{\"@type\":\"ImageObject\",\"inLanguage\":\"fr-FR\",\"@id\":\"https:\\\/\\\/secure.gravatar.com\\\/avatar\\\/4c81fed838786e9b53f540bf46533e750f5d292099ae3b66cfc6fb1982e29df7?s=96&d=mm&r=g\",\"url\":\"https:\\\/\\\/secure.gravatar.com\\\/avatar\\\/4c81fed838786e9b53f540bf46533e750f5d292099ae3b66cfc6fb1982e29df7?s=96&d=mm&r=g\",\"contentUrl\":\"https:\\\/\\\/secure.gravatar.com\\\/avatar\\\/4c81fed838786e9b53f540bf46533e750f5d292099ae3b66cfc6fb1982e29df7?s=96&d=mm&r=g\",\"caption\":\"admin\"},\"description\":\"admin\",\"url\":\"https:\\\/\\\/lasentinelle.dz\\\/author\\\/admin\\\/\"}]}<\/script>\n<!-- \/ Yoast SEO plugin. -->","yoast_head_json":{"title":"Accord de la Mecque\u00a0: Premi\u00e8re r\u00e9union du comit\u00e9 de d\u00e9fense \u00e0 Istanbul - La Sentinelle","robots":{"index":"index","follow":"follow","max-snippet":"max-snippet:-1","max-image-preview":"max-image-preview:large","max-video-preview":"max-video-preview:-1"},"canonical":"https:\/\/lasentinelle.dz\/index.php\/2026\/09\/01\/accord-de-la-mecque-premiere-reunion-du-comite-de-defense-a-istanbul\/","og_locale":"fr_FR","og_type":"article","og_title":"Accord de la Mecque\u00a0: Premi\u00e8re r\u00e9union du comit\u00e9 de d\u00e9fense \u00e0 Istanbul - La Sentinelle","og_description":"Les chefs de la diplomatie et de la d\u00e9fense de la Turquie, du Pakistan et de l&rsquo;Arabie saoudite se sont","og_url":"https:\/\/lasentinelle.dz\/index.php\/2026\/09\/01\/accord-de-la-mecque-premiere-reunion-du-comite-de-defense-a-istanbul\/","og_site_name":"La Sentinelle","article_publisher":"https:\/\/www.facebook.com\/La-Sentinelle-104059864394773","article_published_time":"2026-09-01T09:28:09+00:00","article_modified_time":"2026-09-01T09:28:12+00:00","og_image":[{"width":1280,"height":1009,"url":"https:\/\/lasentinelle.dz\/wp-content\/uploads\/2026\/09\/pacte-de-la-Mecque.webp","type":"image\/webp"}],"author":"admin","twitter_card":"summary_large_image","twitter_misc":{"\u00c9crit par":"admin","Dur\u00e9e de lecture estim\u00e9e":"2 minutes"},"schema":{"@context":"https:\/\/schema.org","@graph":[{"@type":"Article","@id":"https:\/\/lasentinelle.dz\/index.php\/2026\/09\/01\/accord-de-la-mecque-premiere-reunion-du-comite-de-defense-a-istanbul\/#article","isPartOf":{"@id":"https:\/\/lasentinelle.dz\/index.php\/2026\/09\/01\/accord-de-la-mecque-premiere-reunion-du-comite-de-defense-a-istanbul\/"},"author":{"name":"admin","@id":"https:\/\/lasentinelle.dz\/#\/schema\/person\/729ee0024f24e0b8c5ec17232f8e8b41"},"headline":"Accord de la Mecque\u00a0: Premi\u00e8re r\u00e9union du comit\u00e9 de d\u00e9fense \u00e0 Istanbul","datePublished":"2026-09-01T09:28:09+00:00","dateModified":"2026-09-01T09:28:12+00:00","mainEntityOfPage":{"@id":"https:\/\/lasentinelle.dz\/index.php\/2026\/09\/01\/accord-de-la-mecque-premiere-reunion-du-comite-de-defense-a-istanbul\/"},"wordCount":345,"commentCount":0,"publisher":{"@id":"https:\/\/lasentinelle.dz\/#organization"},"image":{"@id":"https:\/\/lasentinelle.dz\/index.php\/2026\/09\/01\/accord-de-la-mecque-premiere-reunion-du-comite-de-defense-a-istanbul\/#primaryimage"},"thumbnailUrl":"https:\/\/lasentinelle.dz\/wp-content\/uploads\/2026\/09\/pacte-de-la-Mecque.webp","articleSection":["Monde"],"inLanguage":"fr-FR","potentialAction":[{"@type":"CommentAction","name":"Comment","target":["https:\/\/lasentinelle.dz\/index.php\/2026\/09\/01\/accord-de-la-mecque-premiere-reunion-du-comite-de-defense-a-istanbul\/#respond"]}]},{"@type":"WebPage","@id":"https:\/\/lasentinelle.dz\/index.php\/2026\/09\/01\/accord-de-la-mecque-premiere-reunion-du-comite-de-defense-a-istanbul\/","url":"https:\/\/lasentinelle.dz\/index.php\/2026\/09\/01\/accord-de-la-mecque-premiere-reunion-du-comite-de-defense-a-istanbul\/","name":"Accord de la Mecque\u00a0: Premi\u00e8re r\u00e9union du comit\u00e9 de d\u00e9fense \u00e0 Istanbul - La Sentinelle","isPartOf":{"@id":"https:\/\/lasentinelle.dz\/#website"},"primaryImageOfPage":{"@id":"https:\/\/lasentinelle.dz\/index.php\/2026\/09\/01\/accord-de-la-mecque-premiere-reunion-du-comite-de-defense-a-istanbul\/#primaryimage"},"image":{"@id":"https:\/\/lasentinelle.dz\/index.php\/2026\/09\/01\/accord-de-la-mecque-premiere-reunion-du-comite-de-defense-a-istanbul\/#primaryimage"},"thumbnailUrl":"https:\/\/lasentinelle.dz\/wp-content\/uploads\/2026\/09\/pacte-de-la-Mecque.webp","datePublished":"2026-09-01T09:28:09+00:00","dateModified":"2026-09-01T09:28:12+00:00","breadcrumb":{"@id":"https:\/\/lasentinelle.dz\/index.php\/2026\/09\/01\/accord-de-la-mecque-premiere-reunion-du-comite-de-defense-a-istanbul\/#breadcrumb"},"inLanguage":"fr-FR","potentialAction":[{"@type":"ReadAction","target":["https:\/\/lasentinelle.dz\/index.php\/2026\/09\/01\/accord-de-la-mecque-premiere-reunion-du-comite-de-defense-a-istanbul\/"]}]},{"@type":"ImageObject","inLanguage":"fr-FR","@id":"https:\/\/lasentinelle.dz\/index.php\/2026\/09\/01\/accord-de-la-mecque-premiere-reunion-du-comite-de-defense-a-istanbul\/#primaryimage","url":"https:\/\/lasentinelle.dz\/wp-content\/uploads\/2026\/09\/pacte-de-la-Mecque.webp","contentUrl":"https:\/\/lasentinelle.dz\/wp-content\/uploads\/2026\/09\/pacte-de-la-Mecque.webp","width":1280,"height":1009},{"@type":"BreadcrumbList","@id":"https:\/\/lasentinelle.dz\/index.php\/2026\/09\/01\/accord-de-la-mecque-premiere-reunion-du-comite-de-defense-a-istanbul\/#breadcrumb","itemListElement":[{"@type":"ListItem","position":1,"name":"Accueil","item":"https:\/\/lasentinelle.dz\/"},{"@type":"ListItem","position":2,"name":"Accord de la Mecque\u00a0: Premi\u00e8re r\u00e9union du comit\u00e9 de d\u00e9fense \u00e0 Istanbul"}]},{"@type":"WebSite","@id":"https:\/\/lasentinelle.dz\/#website","url":"https:\/\/lasentinelle.dz\/","name":"La Sentinelle","description":"Quotidien national d&#039;information","publisher":{"@id":"https:\/\/lasentinelle.dz\/#organization"},"potentialAction":[{"@type":"SearchAction","target":{"@type":"EntryPoint","urlTemplate":"https:\/\/lasentinelle.dz\/?s={search_term_string}"},"query-input":{"@type":"PropertyValueSpecification","valueRequired":true,"valueName":"search_term_string"}}],"inLanguage":"fr-FR"},{"@type":"Organization","@id":"https:\/\/lasentinelle.dz\/#organization","name":"Quotidien La Sentinelle","url":"https:\/\/lasentinelle.dz\/","logo":{"@type":"ImageObject","inLanguage":"fr-FR","@id":"https:\/\/lasentinelle.dz\/#\/schema\/logo\/image\/","url":"https:\/\/lasentinelle.dz\/wp-content\/uploads\/2021\/09\/logo-sentinelleSLOGAN-1.png","contentUrl":"https:\/\/lasentinelle.dz\/wp-content\/uploads\/2021\/09\/logo-sentinelleSLOGAN-1.png","width":615,"height":142,"caption":"Quotidien La Sentinelle"},"image":{"@id":"https:\/\/lasentinelle.dz\/#\/schema\/logo\/image\/"},"sameAs":["https:\/\/www.facebook.com\/La-Sentinelle-104059864394773"]},{"@type":"Person","@id":"https:\/\/lasentinelle.dz\/#\/schema\/person\/729ee0024f24e0b8c5ec17232f8e8b41","name":"admin","image":{"@type":"ImageObject","inLanguage":"fr-FR","@id":"https:\/\/secure.gravatar.com\/avatar\/4c81fed838786e9b53f540bf46533e750f5d292099ae3b66cfc6fb1982e29df7?s=96&d=mm&r=g","url":"https:\/\/secure.gravatar.com\/avatar\/4c81fed838786e9b53f540bf46533e750f5d292099ae3b66cfc6fb1982e29df7?s=96&d=mm&r=g","contentUrl":"https:\/\/secure.gravatar.com\/avatar\/4c81fed838786e9b53f540bf46533e750f5d292099ae3b66cfc6fb1982e29df7?s=96&d=mm&r=g","caption":"admin"},"description":"admin","url":"https:\/\/lasentinelle.dz\/author\/admin\/"}]}},"_links":{"self":[{"href":"https:\/\/lasentinelle.dz\/index.php\/wp-json\/wp\/v2\/posts\/94680","targetHints":{"allow":["GET"]}}],"collection":[{"href":"https:\/\/lasentinelle.dz\/index.php\/wp-json\/wp\/v2\/posts"}],"about":[{"href":"https:\/\/lasentinelle.dz\/index.php\/wp-json\/wp\/v2\/types\/post"}],"author":[{"embeddable":true,"href":"https:\/\/lasentinelle.dz\/index.php\/wp-json\/wp\/v2\/users\/6"}],"replies":[{"embeddable":true,"href":"https:\/\/lasentinelle.dz\/index.php\/wp-json\/wp\/v2\/comments?post=94680"}],"version-history":[{"count":1,"href":"https:\/\/lasentinelle.dz\/index.php\/wp-json\/wp\/v2\/posts\/94680\/revisions"}],"predecessor-version":[{"id":94682,"href":"https:\/\/lasentinelle.dz\/index.php\/wp-json\/wp\/v2\/posts\/94680\/revisions\/94682"}],"wp:featuredmedia":[{"embeddable":true,"href":"https:\/\/lasentinelle.dz\/index.php\/wp-json\/wp\/v2\/media\/94681"}],"wp:attachment":[{"href":"https:\/\/lasentinelle.dz\/index.php\/wp-json\/wp\/v2\/media?parent=94680"}],"wp:term":[{"taxonomy":"category","embeddable":true,"href":"https:\/\/lasentinelle.dz\/index.php\/wp-json\/wp\/v2\/categories?post=94680"},{"taxonomy":"post_tag","embeddable":true,"href":"https:\/\/lasentinelle.dz\/index.php\/wp-json\/wp\/v2\/tags?post=94680"}],"curies":[{"name":"wp","href":"https:\/\/api.w.org\/{rel}","templated":true}]}}