{"id":94689,"date":"2026-09-01T10:33:08","date_gmt":"2026-09-01T09:33:08","guid":{"rendered":"https:\/\/lasentinelle.dz\/?p=94689"},"modified":"2026-09-01T10:33:11","modified_gmt":"2026-09-01T09:33:11","slug":"mascara-loeuvre-du-cheikh-mbarek-el-mili-au-coeur-dune-rencontre-consacree-a-la-memoire-nationale","status":"publish","type":"post","link":"https:\/\/lasentinelle.dz\/index.php\/2026\/09\/01\/mascara-loeuvre-du-cheikh-mbarek-el-mili-au-coeur-dune-rencontre-consacree-a-la-memoire-nationale\/","title":{"rendered":"Mascara\u00a0: L&rsquo;\u0153uvre du cheikh M&rsquo;barek El Mili au c\u0153ur d&rsquo;une rencontre consacr\u00e9e \u00e0 la m\u00e9moire nationale"},"content":{"rendered":"\n<p class=\"wp-block-paragraph\">La biblioth\u00e8que principale de lecture publique Dr Yahia Bouaziz de Mascara a abrit\u00e9 samedi une rencontre d\u00e9di\u00e9e \u00e0 l&rsquo;itin\u00e9raire intellectuel du cheikh et historien M&rsquo;barek El Mili, o\u00f9 universitaires et chercheurs ont mis en avant l&rsquo;ampleur de son apport \u00e0 l&rsquo;\u00e9criture de l&rsquo;histoire nationale alg\u00e9rienne. Prenant la parole devant un auditoire compos\u00e9 d&rsquo;enseignants, de chercheurs et d&rsquo;hommes de lettres, le professeur Reguig Kada de l&rsquo;universit\u00e9 Mustapha Stambouli de Mascara a rappel\u00e9 que la question historique tenait une place centrale dans l&rsquo;\u0153uvre du cheikh El Mili. Ce dernier avait tr\u00e8s t\u00f4t mesur\u00e9 les dangers que faisaient peser les \u00e9crits produits par la colonisation fran\u00e7aise sur la m\u00e9moire du pays, des \u00e9crits qui cherchaient \u00e0 falsifier le r\u00e9cit national et \u00e0 dissoudre l&rsquo;identit\u00e9 alg\u00e9rienne. Face \u00e0 ce p\u00e9ril, il s&rsquo;\u00e9tait donn\u00e9 pour t\u00e2che de b\u00e2tir une \u00e9criture historique rigoureuse, appuy\u00e9e sur des sources arabes et islamiques ainsi que sur d&rsquo;anciens documents, loin des approches biais\u00e9es de l&rsquo;historiographie coloniale.<\/p>\n\n\n\n<p class=\"wp-block-paragraph\">Le professeur Sofiane El Akkeb, \u00e9galement de l&rsquo;universit\u00e9 de Mascara, s&rsquo;est pour sa part attard\u00e9 sur l&rsquo;ouvrage Histoire de l&rsquo;Alg\u00e9rie dans l&rsquo;Antiquit\u00e9 et \u00e0 l&rsquo;\u00e9poque moderne, qu&rsquo;il consid\u00e8re comme allant bien au-del\u00e0 d&rsquo;un simple r\u00e9cit chronologique. Selon lui, le cheikh El Mili y a pos\u00e9 les fondements de l&rsquo;id\u00e9e de nation alg\u00e9rienne, en donnant \u00e0 voir la profondeur de ses racines historiques et civilisationnelles. Ce travail, a-t-il ajout\u00e9, demeure aujourd&rsquo;hui une r\u00e9f\u00e9rence incontournable pour quiconque s&rsquo;int\u00e9resse \u00e0 l&rsquo;histoire ancienne et moderne du pays. De son c\u00f4t\u00e9, le chercheur Djebbar Mohamed El Amine, sp\u00e9cialiste de l&rsquo;histoire des grandes figures alg\u00e9riennes, a \u00e9largi le propos en soulignant que la contribution scientifique du cheikh El Mili ne se limitait pas \u00e0 l&rsquo;\u00e9criture de l&rsquo;histoire. Elle touchait \u00e9galement \u00e0 la r\u00e9forme religieuse, \u00e0 l&rsquo;\u00e9ducation, \u00e0 la culture et \u00e0 la presse. Le chercheur a insist\u00e9 sur l&rsquo;engagement de cette figure qui a mis son savoir et sa r\u00e9flexion au service de sa soci\u00e9t\u00e9, tout en participant activement \u00e0 la d\u00e9fense de l&rsquo;identit\u00e9 nationale durant les ann\u00e9es de colonisation.<\/p>\n\n\n\n<p class=\"wp-block-paragraph\">Djebbar Mohamed El Amine a estim\u00e9 que le cheikh El Mili avait laiss\u00e9 une empreinte durable dans la vie scientifique et culturelle alg\u00e9rienne. Ses \u00e9crits ont contribu\u00e9, selon lui, \u00e0 former toute une g\u00e9n\u00e9ration de chercheurs et d&rsquo;intellectuels qui ont poursuivi son travail de mise en valeur de la profondeur historique et civilisationnelle de l&rsquo;Alg\u00e9rie. Cette rencontre a \u00e9t\u00e9 initi\u00e9e par le club Beit El Hikma, structure vou\u00e9e \u00e0 la pens\u00e9e, \u00e0 la litt\u00e9rature et aux arts et rattach\u00e9e \u00e0 la biblioth\u00e8que Dr Yahia Bouaziz. Elle a rassembl\u00e9 des enseignants et des chercheurs de l&rsquo;universit\u00e9 Mustapha Stambouli de Mascara, aux c\u00f4t\u00e9s d&rsquo;\u00e9crivains, de po\u00e8tes et d&rsquo;intellectuels de la wilaya, venus rendre hommage \u00e0 l&rsquo;un des b\u00e2tisseurs de la m\u00e9moire historique alg\u00e9rienne.<\/p>\n\n\n\n<p class=\"wp-block-paragraph\">Mohand Seghir<\/p>\n","protected":false},"excerpt":{"rendered":"<p>La biblioth\u00e8que principale de lecture publique Dr Yahia Bouaziz de Mascara a abrit\u00e9 samedi une rencontre d\u00e9di\u00e9e \u00e0 l&rsquo;itin\u00e9raire intellectuel<\/p>\n","protected":false},"author":6,"featured_media":94690,"comment_status":"open","ping_status":"closed","sticky":false,"template":"","format":"standard","meta":{"colormag_page_container_layout":"default_layout","colormag_page_sidebar_layout":"default_layout","om_disable_all_campaigns":false,"_monsterinsights_skip_tracking":false,"footnotes":"","_wpscppro_dont_share_socialmedia":false,"_wpscppro_custom_social_share_image":0,"_facebook_share_type":"default","_twitter_share_type":"default","_linkedin_share_type":"default","_pinterest_share_type":"default","_linkedin_share_type_page":"","_instagram_share_type":"default","_medium_share_type":"default","_threads_share_type":"default","_google_business_share_type":"default","_bluesky_share_type":"default","_mastodon_share_type":"default","_selected_social_profile":[],"_wpsp_enable_custom_social_template":false,"_wpsp_social_scheduling":{"enabled":false,"datetime":null,"platforms":[],"status":"template_only","dateOption":"today","timeOption":"now","customDays":"","customHours":"","customDate":"","customTime":"","schedulingType":"absolute"},"_wpsp_active_default_template":true},"categories":[36],"tags":[],"class_list":["post-94689","post","type-post","status-publish","format-standard","has-post-thumbnail","hentry","category-culture"],"aioseo_notices":[],"aioseo_head":"\n\t\t<!-- All in One SEO 5.0.0.1 - aioseo.com -->\n\t<meta name=\"description\" content=\"La biblioth\u00e8que principale de lecture publique Dr Yahia Bouaziz de Mascara a abrit\u00e9 samedi une rencontre d\u00e9di\u00e9e \u00e0 l&#039;itin\u00e9raire intellectuel du cheikh et historien M&#039;barek El Mili, o\u00f9 universitaires et chercheurs ont mis en avant l&#039;ampleur de son apport \u00e0 l&#039;\u00e9criture de l&#039;histoire nationale alg\u00e9rienne. Prenant la parole devant un auditoire compos\u00e9 d&#039;enseignants, de chercheurs\" \/>\n\t<meta name=\"robots\" content=\"max-image-preview:large\" \/>\n\t<meta name=\"author\" content=\"admin\"\/>\n\t<link rel=\"canonical\" href=\"https:\/\/lasentinelle.dz\/index.php\/2026\/09\/01\/mascara-loeuvre-du-cheikh-mbarek-el-mili-au-coeur-dune-rencontre-consacree-a-la-memoire-nationale\/\" \/>\n\t<meta name=\"generator\" content=\"All in One SEO (AIOSEO) 5.0.0.1\" \/>\n\t\t<meta property=\"og:locale\" content=\"fr_FR\" \/>\n\t\t<meta property=\"og:site_name\" content=\"La Sentinelle - Quotidien national d&#039;information\" \/>\n\t\t<meta property=\"og:type\" content=\"article\" \/>\n\t\t<meta property=\"og:title\" content=\"Mascara : L\u2019\u0153uvre du cheikh M\u2019barek El Mili au c\u0153ur d\u2019une rencontre consacr\u00e9e \u00e0 la m\u00e9moire nationale - La Sentinelle\" \/>\n\t\t<meta property=\"og:description\" content=\"La biblioth\u00e8que principale de lecture publique Dr Yahia Bouaziz de Mascara a abrit\u00e9 samedi une rencontre d\u00e9di\u00e9e \u00e0 l&#039;itin\u00e9raire intellectuel du cheikh et historien M&#039;barek El Mili, o\u00f9 universitaires et chercheurs ont mis en avant l&#039;ampleur de son apport \u00e0 l&#039;\u00e9criture de l&#039;histoire nationale alg\u00e9rienne. Prenant la parole devant un auditoire compos\u00e9 d&#039;enseignants, de chercheurs\" \/>\n\t\t<meta property=\"og:url\" content=\"https:\/\/lasentinelle.dz\/index.php\/2026\/09\/01\/mascara-loeuvre-du-cheikh-mbarek-el-mili-au-coeur-dune-rencontre-consacree-a-la-memoire-nationale\/\" \/>\n\t\t<meta property=\"og:image\" content=\"https:\/\/lasentinelle.dz\/wp-content\/uploads\/2021\/09\/cropped-la-sentinelle-earth-golden-anima-5.gif\" \/>\n\t\t<meta property=\"og:image:secure_url\" content=\"https:\/\/lasentinelle.dz\/wp-content\/uploads\/2021\/09\/cropped-la-sentinelle-earth-golden-anima-5.gif\" \/>\n\t\t<meta property=\"og:image:width\" content=\"450\" \/>\n\t\t<meta property=\"og:image:height\" content=\"213\" \/>\n\t\t<meta property=\"article:published_time\" content=\"2026-09-01T09:33:08+00:00\" \/>\n\t\t<meta property=\"article:modified_time\" content=\"2026-09-01T09:33:11+00:00\" \/>\n\t\t<meta property=\"article:publisher\" content=\"https:\/\/www.facebook.com\/azzedine.lasentinelle.1\" \/>\n\t\t<meta name=\"twitter:card\" content=\"summary_large_image\" \/>\n\t\t<meta name=\"twitter:title\" content=\"Mascara : L\u2019\u0153uvre du cheikh M\u2019barek El Mili au c\u0153ur d\u2019une rencontre consacr\u00e9e \u00e0 la m\u00e9moire nationale - La Sentinelle\" \/>\n\t\t<meta name=\"twitter:description\" content=\"La biblioth\u00e8que principale de lecture publique Dr Yahia Bouaziz de Mascara a abrit\u00e9 samedi une rencontre d\u00e9di\u00e9e \u00e0 l&#039;itin\u00e9raire intellectuel du cheikh et historien M&#039;barek El Mili, o\u00f9 universitaires et chercheurs ont mis en avant l&#039;ampleur de son apport \u00e0 l&#039;\u00e9criture de l&#039;histoire nationale alg\u00e9rienne. Prenant la parole devant un auditoire compos\u00e9 d&#039;enseignants, de chercheurs\" \/>\n\t\t<meta name=\"twitter:image\" content=\"https:\/\/lasentinelle.dz\/wp-content\/uploads\/2021\/09\/cropped-la-sentinelle-earth-golden-anima-5.gif\" \/>\n\t\t<script type=\"application\/ld+json\" class=\"aioseo-schema\">\n\t\t\t{\"@context\":\"https:\\\/\\\/schema.org\",\"@graph\":[{\"@type\":\"BlogPosting\",\"@id\":\"https:\\\/\\\/lasentinelle.dz\\\/index.php\\\/2026\\\/09\\\/01\\\/mascara-loeuvre-du-cheikh-mbarek-el-mili-au-coeur-dune-rencontre-consacree-a-la-memoire-nationale\\\/#blogposting\",\"name\":\"Mascara : L\\u2019\\u0153uvre du cheikh M\\u2019barek El Mili au c\\u0153ur d\\u2019une rencontre consacr\\u00e9e \\u00e0 la m\\u00e9moire nationale - La Sentinelle\",\"headline\":\"Mascara\\u00a0: L&rsquo;\\u0153uvre du cheikh M&rsquo;barek El Mili au c\\u0153ur d&rsquo;une rencontre consacr\\u00e9e \\u00e0 la m\\u00e9moire nationale\",\"author\":{\"@id\":\"https:\\\/\\\/lasentinelle.dz\\\/author\\\/admin\\\/#author\"},\"publisher\":{\"@id\":\"https:\\\/\\\/lasentinelle.dz\\\/#organization\"},\"image\":{\"@type\":\"ImageObject\",\"url\":\"https:\\\/\\\/lasentinelle.dz\\\/wp-content\\\/uploads\\\/2026\\\/09\\\/Mbarek-El-Mili.jpeg\",\"width\":308,\"height\":163},\"datePublished\":\"2026-09-01T10:33:08+01:00\",\"dateModified\":\"2026-09-01T10:33:11+01:00\",\"inLanguage\":\"fr-FR\",\"mainEntityOfPage\":{\"@id\":\"https:\\\/\\\/lasentinelle.dz\\\/index.php\\\/2026\\\/09\\\/01\\\/mascara-loeuvre-du-cheikh-mbarek-el-mili-au-coeur-dune-rencontre-consacree-a-la-memoire-nationale\\\/#webpage\"},\"isPartOf\":{\"@id\":\"https:\\\/\\\/lasentinelle.dz\\\/index.php\\\/2026\\\/09\\\/01\\\/mascara-loeuvre-du-cheikh-mbarek-el-mili-au-coeur-dune-rencontre-consacree-a-la-memoire-nationale\\\/#webpage\"},\"articleSection\":\"Culture\"},{\"@type\":\"BreadcrumbList\",\"@id\":\"https:\\\/\\\/lasentinelle.dz\\\/index.php\\\/2026\\\/09\\\/01\\\/mascara-loeuvre-du-cheikh-mbarek-el-mili-au-coeur-dune-rencontre-consacree-a-la-memoire-nationale\\\/#breadcrumblist\",\"itemListElement\":[{\"@type\":\"ListItem\",\"@id\":\"https:\\\/\\\/lasentinelle.dz#listItem\",\"position\":1,\"name\":\"Home\",\"item\":\"https:\\\/\\\/lasentinelle.dz\",\"nextItem\":{\"@type\":\"ListItem\",\"@id\":\"https:\\\/\\\/lasentinelle.dz\\\/index.php\\\/category\\\/culture\\\/#listItem\",\"name\":\"Culture\"}},{\"@type\":\"ListItem\",\"@id\":\"https:\\\/\\\/lasentinelle.dz\\\/index.php\\\/category\\\/culture\\\/#listItem\",\"position\":2,\"name\":\"Culture\",\"item\":\"https:\\\/\\\/lasentinelle.dz\\\/index.php\\\/category\\\/culture\\\/\",\"nextItem\":{\"@type\":\"ListItem\",\"@id\":\"https:\\\/\\\/lasentinelle.dz\\\/index.php\\\/2026\\\/09\\\/01\\\/mascara-loeuvre-du-cheikh-mbarek-el-mili-au-coeur-dune-rencontre-consacree-a-la-memoire-nationale\\\/#listItem\",\"name\":\"Mascara\\u00a0: L&rsquo;\\u0153uvre du cheikh M&rsquo;barek El Mili au c\\u0153ur d&rsquo;une rencontre consacr\\u00e9e \\u00e0 la m\\u00e9moire nationale\"},\"previousItem\":{\"@type\":\"ListItem\",\"@id\":\"https:\\\/\\\/lasentinelle.dz#listItem\",\"name\":\"Home\"}},{\"@type\":\"ListItem\",\"@id\":\"https:\\\/\\\/lasentinelle.dz\\\/index.php\\\/2026\\\/09\\\/01\\\/mascara-loeuvre-du-cheikh-mbarek-el-mili-au-coeur-dune-rencontre-consacree-a-la-memoire-nationale\\\/#listItem\",\"position\":3,\"name\":\"Mascara\\u00a0: L&rsquo;\\u0153uvre du cheikh M&rsquo;barek El Mili au c\\u0153ur d&rsquo;une rencontre consacr\\u00e9e \\u00e0 la m\\u00e9moire nationale\",\"previousItem\":{\"@type\":\"ListItem\",\"@id\":\"https:\\\/\\\/lasentinelle.dz\\\/index.php\\\/category\\\/culture\\\/#listItem\",\"name\":\"Culture\"}}]},{\"@type\":\"Organization\",\"@id\":\"https:\\\/\\\/lasentinelle.dz\\\/#organization\",\"name\":\"La Sentinelle La Sentinelle\",\"description\":\"Quotidien national d'information\",\"url\":\"https:\\\/\\\/lasentinelle.dz\\\/\",\"logo\":{\"@type\":\"ImageObject\",\"url\":\"https:\\\/\\\/lasentinelle.dz\\\/wp-content\\\/uploads\\\/2021\\\/09\\\/cropped-la-sentinelle-earth-golden-anima-5.gif\",\"@id\":\"https:\\\/\\\/lasentinelle.dz\\\/index.php\\\/2026\\\/09\\\/01\\\/mascara-loeuvre-du-cheikh-mbarek-el-mili-au-coeur-dune-rencontre-consacree-a-la-memoire-nationale\\\/#organizationLogo\",\"width\":450,\"height\":213},\"image\":{\"@id\":\"https:\\\/\\\/lasentinelle.dz\\\/index.php\\\/2026\\\/09\\\/01\\\/mascara-loeuvre-du-cheikh-mbarek-el-mili-au-coeur-dune-rencontre-consacree-a-la-memoire-nationale\\\/#organizationLogo\"},\"sameAs\":[\"https:\\\/\\\/www.facebook.com\\\/azzedine.lasentinelle.1\"]},{\"@type\":\"Person\",\"@id\":\"https:\\\/\\\/lasentinelle.dz\\\/author\\\/admin\\\/#author\",\"url\":\"https:\\\/\\\/lasentinelle.dz\\\/author\\\/admin\\\/\",\"name\":\"admin\",\"image\":{\"@type\":\"ImageObject\",\"@id\":\"https:\\\/\\\/lasentinelle.dz\\\/index.php\\\/2026\\\/09\\\/01\\\/mascara-loeuvre-du-cheikh-mbarek-el-mili-au-coeur-dune-rencontre-consacree-a-la-memoire-nationale\\\/#authorImage\",\"url\":\"https:\\\/\\\/secure.gravatar.com\\\/avatar\\\/4c81fed838786e9b53f540bf46533e750f5d292099ae3b66cfc6fb1982e29df7?s=96&d=mm&r=g\",\"width\":96,\"height\":96,\"caption\":\"admin\"}},{\"@type\":\"WebPage\",\"@id\":\"https:\\\/\\\/lasentinelle.dz\\\/index.php\\\/2026\\\/09\\\/01\\\/mascara-loeuvre-du-cheikh-mbarek-el-mili-au-coeur-dune-rencontre-consacree-a-la-memoire-nationale\\\/#webpage\",\"url\":\"https:\\\/\\\/lasentinelle.dz\\\/index.php\\\/2026\\\/09\\\/01\\\/mascara-loeuvre-du-cheikh-mbarek-el-mili-au-coeur-dune-rencontre-consacree-a-la-memoire-nationale\\\/\",\"name\":\"Mascara : L\\u2019\\u0153uvre du cheikh M\\u2019barek El Mili au c\\u0153ur d\\u2019une rencontre consacr\\u00e9e \\u00e0 la m\\u00e9moire nationale - La Sentinelle\",\"description\":\"La biblioth\\u00e8que principale de lecture publique Dr Yahia Bouaziz de Mascara a abrit\\u00e9 samedi une rencontre d\\u00e9di\\u00e9e \\u00e0 l'itin\\u00e9raire intellectuel du cheikh et historien M'barek El Mili, o\\u00f9 universitaires et chercheurs ont mis en avant l'ampleur de son apport \\u00e0 l'\\u00e9criture de l'histoire nationale alg\\u00e9rienne. Prenant la parole devant un auditoire compos\\u00e9 d'enseignants, de chercheurs\",\"inLanguage\":\"fr-FR\",\"isPartOf\":{\"@id\":\"https:\\\/\\\/lasentinelle.dz\\\/#website\"},\"breadcrumb\":{\"@id\":\"https:\\\/\\\/lasentinelle.dz\\\/index.php\\\/2026\\\/09\\\/01\\\/mascara-loeuvre-du-cheikh-mbarek-el-mili-au-coeur-dune-rencontre-consacree-a-la-memoire-nationale\\\/#breadcrumblist\"},\"author\":{\"@id\":\"https:\\\/\\\/lasentinelle.dz\\\/author\\\/admin\\\/#author\"},\"creator\":{\"@id\":\"https:\\\/\\\/lasentinelle.dz\\\/author\\\/admin\\\/#author\"},\"image\":{\"@type\":\"ImageObject\",\"url\":\"https:\\\/\\\/lasentinelle.dz\\\/wp-content\\\/uploads\\\/2026\\\/09\\\/Mbarek-El-Mili.jpeg\",\"@id\":\"https:\\\/\\\/lasentinelle.dz\\\/index.php\\\/2026\\\/09\\\/01\\\/mascara-loeuvre-du-cheikh-mbarek-el-mili-au-coeur-dune-rencontre-consacree-a-la-memoire-nationale\\\/#mainImage\",\"width\":308,\"height\":163},\"primaryImageOfPage\":{\"@id\":\"https:\\\/\\\/lasentinelle.dz\\\/index.php\\\/2026\\\/09\\\/01\\\/mascara-loeuvre-du-cheikh-mbarek-el-mili-au-coeur-dune-rencontre-consacree-a-la-memoire-nationale\\\/#mainImage\"},\"datePublished\":\"2026-09-01T10:33:08+01:00\",\"dateModified\":\"2026-09-01T10:33:11+01:00\"},{\"@type\":\"WebSite\",\"@id\":\"https:\\\/\\\/lasentinelle.dz\\\/#website\",\"url\":\"https:\\\/\\\/lasentinelle.dz\\\/\",\"name\":\"La Sentinelle\",\"description\":\"Quotidien national d'information\",\"inLanguage\":\"fr-FR\",\"publisher\":{\"@id\":\"https:\\\/\\\/lasentinelle.dz\\\/#organization\"}}]}\n\t\t<\/script>\n\t\t<!-- All in One SEO -->\n\n","aioseo_head_json":{"title":"Mascara : L\u2019\u0153uvre du cheikh M\u2019barek El Mili au c\u0153ur d\u2019une rencontre consacr\u00e9e \u00e0 la m\u00e9moire nationale - La Sentinelle","description":"La biblioth\u00e8que principale de lecture publique Dr Yahia Bouaziz de Mascara a abrit\u00e9 samedi une rencontre d\u00e9di\u00e9e \u00e0 l'itin\u00e9raire intellectuel du cheikh et historien M'barek El Mili, o\u00f9 universitaires et chercheurs ont mis en avant l'ampleur de son apport \u00e0 l'\u00e9criture de l'histoire nationale alg\u00e9rienne. Prenant la parole devant un auditoire compos\u00e9 d'enseignants, de chercheurs","canonical_url":"https:\/\/lasentinelle.dz\/index.php\/2026\/09\/01\/mascara-loeuvre-du-cheikh-mbarek-el-mili-au-coeur-dune-rencontre-consacree-a-la-memoire-nationale\/","robots":"max-image-preview:large","keywords":"","webmasterTools":{"miscellaneous":""},"schema":{"@context":"https:\/\/schema.org","@graph":[{"@type":"BlogPosting","@id":"https:\/\/lasentinelle.dz\/index.php\/2026\/09\/01\/mascara-loeuvre-du-cheikh-mbarek-el-mili-au-coeur-dune-rencontre-consacree-a-la-memoire-nationale\/#blogposting","name":"Mascara : L\u2019\u0153uvre du cheikh M\u2019barek El Mili au c\u0153ur d\u2019une rencontre consacr\u00e9e \u00e0 la m\u00e9moire nationale - La Sentinelle","headline":"Mascara\u00a0: L&rsquo;\u0153uvre du cheikh M&rsquo;barek El Mili au c\u0153ur d&rsquo;une rencontre consacr\u00e9e \u00e0 la m\u00e9moire nationale","author":{"@id":"https:\/\/lasentinelle.dz\/author\/admin\/#author"},"publisher":{"@id":"https:\/\/lasentinelle.dz\/#organization"},"image":{"@type":"ImageObject","url":"https:\/\/lasentinelle.dz\/wp-content\/uploads\/2026\/09\/Mbarek-El-Mili.jpeg","width":308,"height":163},"datePublished":"2026-09-01T10:33:08+01:00","dateModified":"2026-09-01T10:33:11+01:00","inLanguage":"fr-FR","mainEntityOfPage":{"@id":"https:\/\/lasentinelle.dz\/index.php\/2026\/09\/01\/mascara-loeuvre-du-cheikh-mbarek-el-mili-au-coeur-dune-rencontre-consacree-a-la-memoire-nationale\/#webpage"},"isPartOf":{"@id":"https:\/\/lasentinelle.dz\/index.php\/2026\/09\/01\/mascara-loeuvre-du-cheikh-mbarek-el-mili-au-coeur-dune-rencontre-consacree-a-la-memoire-nationale\/#webpage"},"articleSection":"Culture"},{"@type":"BreadcrumbList","@id":"https:\/\/lasentinelle.dz\/index.php\/2026\/09\/01\/mascara-loeuvre-du-cheikh-mbarek-el-mili-au-coeur-dune-rencontre-consacree-a-la-memoire-nationale\/#breadcrumblist","itemListElement":[{"@type":"ListItem","@id":"https:\/\/lasentinelle.dz#listItem","position":1,"name":"Home","item":"https:\/\/lasentinelle.dz","nextItem":{"@type":"ListItem","@id":"https:\/\/lasentinelle.dz\/index.php\/category\/culture\/#listItem","name":"Culture"}},{"@type":"ListItem","@id":"https:\/\/lasentinelle.dz\/index.php\/category\/culture\/#listItem","position":2,"name":"Culture","item":"https:\/\/lasentinelle.dz\/index.php\/category\/culture\/","nextItem":{"@type":"ListItem","@id":"https:\/\/lasentinelle.dz\/index.php\/2026\/09\/01\/mascara-loeuvre-du-cheikh-mbarek-el-mili-au-coeur-dune-rencontre-consacree-a-la-memoire-nationale\/#listItem","name":"Mascara\u00a0: L&rsquo;\u0153uvre du cheikh M&rsquo;barek El Mili au c\u0153ur d&rsquo;une rencontre consacr\u00e9e \u00e0 la m\u00e9moire nationale"},"previousItem":{"@type":"ListItem","@id":"https:\/\/lasentinelle.dz#listItem","name":"Home"}},{"@type":"ListItem","@id":"https:\/\/lasentinelle.dz\/index.php\/2026\/09\/01\/mascara-loeuvre-du-cheikh-mbarek-el-mili-au-coeur-dune-rencontre-consacree-a-la-memoire-nationale\/#listItem","position":3,"name":"Mascara\u00a0: L&rsquo;\u0153uvre du cheikh M&rsquo;barek El Mili au c\u0153ur d&rsquo;une rencontre consacr\u00e9e \u00e0 la m\u00e9moire nationale","previousItem":{"@type":"ListItem","@id":"https:\/\/lasentinelle.dz\/index.php\/category\/culture\/#listItem","name":"Culture"}}]},{"@type":"Organization","@id":"https:\/\/lasentinelle.dz\/#organization","name":"La Sentinelle La Sentinelle","description":"Quotidien national d'information","url":"https:\/\/lasentinelle.dz\/","logo":{"@type":"ImageObject","url":"https:\/\/lasentinelle.dz\/wp-content\/uploads\/2021\/09\/cropped-la-sentinelle-earth-golden-anima-5.gif","@id":"https:\/\/lasentinelle.dz\/index.php\/2026\/09\/01\/mascara-loeuvre-du-cheikh-mbarek-el-mili-au-coeur-dune-rencontre-consacree-a-la-memoire-nationale\/#organizationLogo","width":450,"height":213},"image":{"@id":"https:\/\/lasentinelle.dz\/index.php\/2026\/09\/01\/mascara-loeuvre-du-cheikh-mbarek-el-mili-au-coeur-dune-rencontre-consacree-a-la-memoire-nationale\/#organizationLogo"},"sameAs":["https:\/\/www.facebook.com\/azzedine.lasentinelle.1"]},{"@type":"Person","@id":"https:\/\/lasentinelle.dz\/author\/admin\/#author","url":"https:\/\/lasentinelle.dz\/author\/admin\/","name":"admin","image":{"@type":"ImageObject","@id":"https:\/\/lasentinelle.dz\/index.php\/2026\/09\/01\/mascara-loeuvre-du-cheikh-mbarek-el-mili-au-coeur-dune-rencontre-consacree-a-la-memoire-nationale\/#authorImage","url":"https:\/\/secure.gravatar.com\/avatar\/4c81fed838786e9b53f540bf46533e750f5d292099ae3b66cfc6fb1982e29df7?s=96&d=mm&r=g","width":96,"height":96,"caption":"admin"}},{"@type":"WebPage","@id":"https:\/\/lasentinelle.dz\/index.php\/2026\/09\/01\/mascara-loeuvre-du-cheikh-mbarek-el-mili-au-coeur-dune-rencontre-consacree-a-la-memoire-nationale\/#webpage","url":"https:\/\/lasentinelle.dz\/index.php\/2026\/09\/01\/mascara-loeuvre-du-cheikh-mbarek-el-mili-au-coeur-dune-rencontre-consacree-a-la-memoire-nationale\/","name":"Mascara : L\u2019\u0153uvre du cheikh M\u2019barek El Mili au c\u0153ur d\u2019une rencontre consacr\u00e9e \u00e0 la m\u00e9moire nationale - La Sentinelle","description":"La biblioth\u00e8que principale de lecture publique Dr Yahia Bouaziz de Mascara a abrit\u00e9 samedi une rencontre d\u00e9di\u00e9e \u00e0 l'itin\u00e9raire intellectuel du cheikh et historien M'barek El Mili, o\u00f9 universitaires et chercheurs ont mis en avant l'ampleur de son apport \u00e0 l'\u00e9criture de l'histoire nationale alg\u00e9rienne. Prenant la parole devant un auditoire compos\u00e9 d'enseignants, de chercheurs","inLanguage":"fr-FR","isPartOf":{"@id":"https:\/\/lasentinelle.dz\/#website"},"breadcrumb":{"@id":"https:\/\/lasentinelle.dz\/index.php\/2026\/09\/01\/mascara-loeuvre-du-cheikh-mbarek-el-mili-au-coeur-dune-rencontre-consacree-a-la-memoire-nationale\/#breadcrumblist"},"author":{"@id":"https:\/\/lasentinelle.dz\/author\/admin\/#author"},"creator":{"@id":"https:\/\/lasentinelle.dz\/author\/admin\/#author"},"image":{"@type":"ImageObject","url":"https:\/\/lasentinelle.dz\/wp-content\/uploads\/2026\/09\/Mbarek-El-Mili.jpeg","@id":"https:\/\/lasentinelle.dz\/index.php\/2026\/09\/01\/mascara-loeuvre-du-cheikh-mbarek-el-mili-au-coeur-dune-rencontre-consacree-a-la-memoire-nationale\/#mainImage","width":308,"height":163},"primaryImageOfPage":{"@id":"https:\/\/lasentinelle.dz\/index.php\/2026\/09\/01\/mascara-loeuvre-du-cheikh-mbarek-el-mili-au-coeur-dune-rencontre-consacree-a-la-memoire-nationale\/#mainImage"},"datePublished":"2026-09-01T10:33:08+01:00","dateModified":"2026-09-01T10:33:11+01:00"},{"@type":"WebSite","@id":"https:\/\/lasentinelle.dz\/#website","url":"https:\/\/lasentinelle.dz\/","name":"La Sentinelle","description":"Quotidien national d'information","inLanguage":"fr-FR","publisher":{"@id":"https:\/\/lasentinelle.dz\/#organization"}}]},"og:locale":"fr_FR","og:site_name":"La Sentinelle - Quotidien national d'information","og:type":"article","og:title":"Mascara : L\u2019\u0153uvre du cheikh M\u2019barek El Mili au c\u0153ur d\u2019une rencontre consacr\u00e9e \u00e0 la m\u00e9moire nationale - La Sentinelle","og:description":"La biblioth\u00e8que principale de lecture publique Dr Yahia Bouaziz de Mascara a abrit\u00e9 samedi une rencontre d\u00e9di\u00e9e \u00e0 l'itin\u00e9raire intellectuel du cheikh et historien M'barek El Mili, o\u00f9 universitaires et chercheurs ont mis en avant l'ampleur de son apport \u00e0 l'\u00e9criture de l'histoire nationale alg\u00e9rienne. Prenant la parole devant un auditoire compos\u00e9 d'enseignants, de chercheurs","og:url":"https:\/\/lasentinelle.dz\/index.php\/2026\/09\/01\/mascara-loeuvre-du-cheikh-mbarek-el-mili-au-coeur-dune-rencontre-consacree-a-la-memoire-nationale\/","og:image":"https:\/\/lasentinelle.dz\/wp-content\/uploads\/2021\/09\/cropped-la-sentinelle-earth-golden-anima-5.gif","og:image:secure_url":"https:\/\/lasentinelle.dz\/wp-content\/uploads\/2021\/09\/cropped-la-sentinelle-earth-golden-anima-5.gif","og:image:width":450,"og:image:height":213,"article:published_time":"2026-09-01T09:33:08+00:00","article:modified_time":"2026-09-01T09:33:11+00:00","article:publisher":"https:\/\/www.facebook.com\/azzedine.lasentinelle.1","twitter:card":"summary_large_image","twitter:title":"Mascara : L\u2019\u0153uvre du cheikh M\u2019barek El Mili au c\u0153ur d\u2019une rencontre consacr\u00e9e \u00e0 la m\u00e9moire nationale - La Sentinelle","twitter:description":"La biblioth\u00e8que principale de lecture publique Dr Yahia Bouaziz de Mascara a abrit\u00e9 samedi une rencontre d\u00e9di\u00e9e \u00e0 l'itin\u00e9raire intellectuel du cheikh et historien M'barek El Mili, o\u00f9 universitaires et chercheurs ont mis en avant l'ampleur de son apport \u00e0 l'\u00e9criture de l'histoire nationale alg\u00e9rienne. Prenant la parole devant un auditoire compos\u00e9 d'enseignants, de chercheurs","twitter:image":"https:\/\/lasentinelle.dz\/wp-content\/uploads\/2021\/09\/cropped-la-sentinelle-earth-golden-anima-5.gif"},"aioseo_meta_data":{"post_id":"94689","title":null,"description":null,"keywords":null,"keyphrases":{"focus":{"keyphrase":"","score":0,"analysis":{"keyphraseInTitle":{"score":0,"maxScore":9,"error":1}}},"additional":[]},"primary_term":null,"canonical_url":null,"og_title":null,"og_description":null,"og_object_type":"default","og_image_type":"default","og_image_url":null,"og_image_width":null,"og_image_height":null,"og_image_custom_url":null,"og_image_custom_fields":null,"og_video":"","og_custom_url":null,"og_article_section":null,"og_article_tags":null,"twitter_use_og":false,"twitter_card":"default","twitter_image_type":"default","twitter_image_url":null,"twitter_image_custom_url":null,"twitter_image_custom_fields":null,"twitter_title":null,"twitter_description":null,"schema":{"blockGraphs":[],"customGraphs":[],"default":{"data":{"Article":[],"Course":[],"Dataset":[],"FAQPage":[],"Movie":[],"Person":[],"Product":[],"ProductReview":[],"Car":[],"Recipe":[],"Service":[],"SoftwareApplication":[],"WebPage":[]},"graphName":"BlogPosting","isEnabled":true},"graphs":[]},"schema_type":"default","schema_type_options":null,"pillar_content":false,"robots_default":true,"robots_noindex":false,"robots_noarchive":false,"robots_nosnippet":false,"robots_nofollow":false,"robots_noimageindex":false,"robots_noodp":false,"robots_notranslate":false,"robots_max_snippet":"-1","robots_max_videopreview":"-1","robots_max_imagepreview":"large","priority":null,"frequency":"default","local_seo":null,"breadcrumb_settings":null,"limit_modified_date":false,"ai":{"faqs":[],"keyPoints":[],"schemas":[],"titles":[],"descriptions":[],"socialPosts":{"email":{"subject":"","preview":"","content":""},"linkedin":[],"twitter":[],"facebook":[],"instagram":[]}},"created":"2026-09-01 09:33:11","updated":"2026-09-01 09:33:33","focus_keyword":null,"additional_keywords":null,"truseo_locale":null,"seo_analyzer_scan_date":null},"aioseo_breadcrumb":"<div class=\"aioseo-breadcrumbs\"><span class=\"aioseo-breadcrumb\">\n\t\t\t<a href=\"https:\/\/lasentinelle.dz\" title=\"Home\">Home<\/a>\n\t\t<\/span><span class=\"aioseo-breadcrumb-separator\">&raquo;<\/span><span class=\"aioseo-breadcrumb\">\n\t\t\t<a href=\"https:\/\/lasentinelle.dz\/index.php\/category\/culture\/\" title=\"Culture\">Culture<\/a>\n\t\t<\/span><span class=\"aioseo-breadcrumb-separator\">&raquo;<\/span><span class=\"aioseo-breadcrumb\">\n\t\t\tMascara : L\u2019\u0153uvre du cheikh M\u2019barek El Mili au c\u0153ur d\u2019une rencontre consacr\u00e9e \u00e0 la m\u00e9moire nationale\n\t\t<\/span><\/div>","aioseo_breadcrumb_json":[{"label":"Home","link":"https:\/\/lasentinelle.dz"},{"label":"Culture","link":"https:\/\/lasentinelle.dz\/index.php\/category\/culture\/"},{"label":"Mascara\u00a0: L&rsquo;\u0153uvre du cheikh M&rsquo;barek El Mili au c\u0153ur d&rsquo;une rencontre consacr\u00e9e \u00e0 la m\u00e9moire nationale","link":"https:\/\/lasentinelle.dz\/index.php\/2026\/09\/01\/mascara-loeuvre-du-cheikh-mbarek-el-mili-au-coeur-dune-rencontre-consacree-a-la-memoire-nationale\/"}],"yoast_head":"<!-- This site is optimized with the Yoast SEO plugin v28.3 - https:\/\/yoast.com\/product\/yoast-seo-wordpress\/ -->\n<title>Mascara\u00a0: L&rsquo;\u0153uvre du cheikh M&rsquo;barek El Mili au c\u0153ur d&rsquo;une rencontre consacr\u00e9e \u00e0 la m\u00e9moire nationale - La Sentinelle<\/title>\n<meta name=\"robots\" content=\"index, follow, max-snippet:-1, max-image-preview:large, max-video-preview:-1\" \/>\n<link rel=\"canonical\" href=\"https:\/\/lasentinelle.dz\/index.php\/2026\/09\/01\/mascara-loeuvre-du-cheikh-mbarek-el-mili-au-coeur-dune-rencontre-consacree-a-la-memoire-nationale\/\" \/>\n<meta property=\"og:locale\" content=\"fr_FR\" \/>\n<meta property=\"og:type\" content=\"article\" \/>\n<meta property=\"og:title\" content=\"Mascara\u00a0: L&rsquo;\u0153uvre du cheikh M&rsquo;barek El Mili au c\u0153ur d&rsquo;une rencontre consacr\u00e9e \u00e0 la m\u00e9moire nationale - La Sentinelle\" \/>\n<meta property=\"og:description\" content=\"La biblioth\u00e8que principale de lecture publique Dr Yahia Bouaziz de Mascara a abrit\u00e9 samedi une rencontre d\u00e9di\u00e9e \u00e0 l&rsquo;itin\u00e9raire intellectuel\" \/>\n<meta property=\"og:url\" content=\"https:\/\/lasentinelle.dz\/index.php\/2026\/09\/01\/mascara-loeuvre-du-cheikh-mbarek-el-mili-au-coeur-dune-rencontre-consacree-a-la-memoire-nationale\/\" \/>\n<meta property=\"og:site_name\" content=\"La Sentinelle\" \/>\n<meta property=\"article:publisher\" content=\"https:\/\/www.facebook.com\/La-Sentinelle-104059864394773\" \/>\n<meta property=\"article:published_time\" content=\"2026-09-01T09:33:08+00:00\" \/>\n<meta property=\"article:modified_time\" content=\"2026-09-01T09:33:11+00:00\" \/>\n<meta property=\"og:image\" content=\"https:\/\/lasentinelle.dz\/wp-content\/uploads\/2026\/09\/Mbarek-El-Mili.jpeg\" \/>\n\t<meta property=\"og:image:width\" content=\"308\" \/>\n\t<meta property=\"og:image:height\" content=\"163\" \/>\n\t<meta property=\"og:image:type\" content=\"image\/jpeg\" \/>\n<meta name=\"author\" content=\"admin\" \/>\n<meta name=\"twitter:card\" content=\"summary_large_image\" \/>\n<meta name=\"twitter:label1\" content=\"\u00c9crit par\" \/>\n\t<meta name=\"twitter:data1\" content=\"admin\" \/>\n\t<meta name=\"twitter:label2\" content=\"Dur\u00e9e de lecture estim\u00e9e\" \/>\n\t<meta name=\"twitter:data2\" content=\"3 minutes\" \/>\n<script type=\"application\/ld+json\" class=\"yoast-schema-graph\">{\"@context\":\"https:\\\/\\\/schema.org\",\"@graph\":[{\"@type\":\"Article\",\"@id\":\"https:\\\/\\\/lasentinelle.dz\\\/index.php\\\/2026\\\/09\\\/01\\\/mascara-loeuvre-du-cheikh-mbarek-el-mili-au-coeur-dune-rencontre-consacree-a-la-memoire-nationale\\\/#article\",\"isPartOf\":{\"@id\":\"https:\\\/\\\/lasentinelle.dz\\\/index.php\\\/2026\\\/09\\\/01\\\/mascara-loeuvre-du-cheikh-mbarek-el-mili-au-coeur-dune-rencontre-consacree-a-la-memoire-nationale\\\/\"},\"author\":{\"name\":\"admin\",\"@id\":\"https:\\\/\\\/lasentinelle.dz\\\/#\\\/schema\\\/person\\\/729ee0024f24e0b8c5ec17232f8e8b41\"},\"headline\":\"Mascara\u00a0: L&rsquo;\u0153uvre du cheikh M&rsquo;barek El Mili au c\u0153ur d&rsquo;une rencontre consacr\u00e9e \u00e0 la m\u00e9moire nationale\",\"datePublished\":\"2026-09-01T09:33:08+00:00\",\"dateModified\":\"2026-09-01T09:33:11+00:00\",\"mainEntityOfPage\":{\"@id\":\"https:\\\/\\\/lasentinelle.dz\\\/index.php\\\/2026\\\/09\\\/01\\\/mascara-loeuvre-du-cheikh-mbarek-el-mili-au-coeur-dune-rencontre-consacree-a-la-memoire-nationale\\\/\"},\"wordCount\":543,\"commentCount\":0,\"publisher\":{\"@id\":\"https:\\\/\\\/lasentinelle.dz\\\/#organization\"},\"image\":{\"@id\":\"https:\\\/\\\/lasentinelle.dz\\\/index.php\\\/2026\\\/09\\\/01\\\/mascara-loeuvre-du-cheikh-mbarek-el-mili-au-coeur-dune-rencontre-consacree-a-la-memoire-nationale\\\/#primaryimage\"},\"thumbnailUrl\":\"https:\\\/\\\/lasentinelle.dz\\\/wp-content\\\/uploads\\\/2026\\\/09\\\/Mbarek-El-Mili.jpeg\",\"articleSection\":[\"Culture\"],\"inLanguage\":\"fr-FR\",\"potentialAction\":[{\"@type\":\"CommentAction\",\"name\":\"Comment\",\"target\":[\"https:\\\/\\\/lasentinelle.dz\\\/index.php\\\/2026\\\/09\\\/01\\\/mascara-loeuvre-du-cheikh-mbarek-el-mili-au-coeur-dune-rencontre-consacree-a-la-memoire-nationale\\\/#respond\"]}]},{\"@type\":\"WebPage\",\"@id\":\"https:\\\/\\\/lasentinelle.dz\\\/index.php\\\/2026\\\/09\\\/01\\\/mascara-loeuvre-du-cheikh-mbarek-el-mili-au-coeur-dune-rencontre-consacree-a-la-memoire-nationale\\\/\",\"url\":\"https:\\\/\\\/lasentinelle.dz\\\/index.php\\\/2026\\\/09\\\/01\\\/mascara-loeuvre-du-cheikh-mbarek-el-mili-au-coeur-dune-rencontre-consacree-a-la-memoire-nationale\\\/\",\"name\":\"Mascara\u00a0: L&rsquo;\u0153uvre du cheikh M&rsquo;barek El Mili au c\u0153ur d&rsquo;une rencontre consacr\u00e9e \u00e0 la m\u00e9moire nationale - La Sentinelle\",\"isPartOf\":{\"@id\":\"https:\\\/\\\/lasentinelle.dz\\\/#website\"},\"primaryImageOfPage\":{\"@id\":\"https:\\\/\\\/lasentinelle.dz\\\/index.php\\\/2026\\\/09\\\/01\\\/mascara-loeuvre-du-cheikh-mbarek-el-mili-au-coeur-dune-rencontre-consacree-a-la-memoire-nationale\\\/#primaryimage\"},\"image\":{\"@id\":\"https:\\\/\\\/lasentinelle.dz\\\/index.php\\\/2026\\\/09\\\/01\\\/mascara-loeuvre-du-cheikh-mbarek-el-mili-au-coeur-dune-rencontre-consacree-a-la-memoire-nationale\\\/#primaryimage\"},\"thumbnailUrl\":\"https:\\\/\\\/lasentinelle.dz\\\/wp-content\\\/uploads\\\/2026\\\/09\\\/Mbarek-El-Mili.jpeg\",\"datePublished\":\"2026-09-01T09:33:08+00:00\",\"dateModified\":\"2026-09-01T09:33:11+00:00\",\"breadcrumb\":{\"@id\":\"https:\\\/\\\/lasentinelle.dz\\\/index.php\\\/2026\\\/09\\\/01\\\/mascara-loeuvre-du-cheikh-mbarek-el-mili-au-coeur-dune-rencontre-consacree-a-la-memoire-nationale\\\/#breadcrumb\"},\"inLanguage\":\"fr-FR\",\"potentialAction\":[{\"@type\":\"ReadAction\",\"target\":[\"https:\\\/\\\/lasentinelle.dz\\\/index.php\\\/2026\\\/09\\\/01\\\/mascara-loeuvre-du-cheikh-mbarek-el-mili-au-coeur-dune-rencontre-consacree-a-la-memoire-nationale\\\/\"]}]},{\"@type\":\"ImageObject\",\"inLanguage\":\"fr-FR\",\"@id\":\"https:\\\/\\\/lasentinelle.dz\\\/index.php\\\/2026\\\/09\\\/01\\\/mascara-loeuvre-du-cheikh-mbarek-el-mili-au-coeur-dune-rencontre-consacree-a-la-memoire-nationale\\\/#primaryimage\",\"url\":\"https:\\\/\\\/lasentinelle.dz\\\/wp-content\\\/uploads\\\/2026\\\/09\\\/Mbarek-El-Mili.jpeg\",\"contentUrl\":\"https:\\\/\\\/lasentinelle.dz\\\/wp-content\\\/uploads\\\/2026\\\/09\\\/Mbarek-El-Mili.jpeg\",\"width\":308,\"height\":163},{\"@type\":\"BreadcrumbList\",\"@id\":\"https:\\\/\\\/lasentinelle.dz\\\/index.php\\\/2026\\\/09\\\/01\\\/mascara-loeuvre-du-cheikh-mbarek-el-mili-au-coeur-dune-rencontre-consacree-a-la-memoire-nationale\\\/#breadcrumb\",\"itemListElement\":[{\"@type\":\"ListItem\",\"position\":1,\"name\":\"Accueil\",\"item\":\"https:\\\/\\\/lasentinelle.dz\\\/\"},{\"@type\":\"ListItem\",\"position\":2,\"name\":\"Mascara\u00a0: L&rsquo;\u0153uvre du cheikh M&rsquo;barek El Mili au c\u0153ur d&rsquo;une rencontre consacr\u00e9e \u00e0 la m\u00e9moire nationale\"}]},{\"@type\":\"WebSite\",\"@id\":\"https:\\\/\\\/lasentinelle.dz\\\/#website\",\"url\":\"https:\\\/\\\/lasentinelle.dz\\\/\",\"name\":\"La Sentinelle\",\"description\":\"Quotidien national d&#039;information\",\"publisher\":{\"@id\":\"https:\\\/\\\/lasentinelle.dz\\\/#organization\"},\"potentialAction\":[{\"@type\":\"SearchAction\",\"target\":{\"@type\":\"EntryPoint\",\"urlTemplate\":\"https:\\\/\\\/lasentinelle.dz\\\/?s={search_term_string}\"},\"query-input\":{\"@type\":\"PropertyValueSpecification\",\"valueRequired\":true,\"valueName\":\"search_term_string\"}}],\"inLanguage\":\"fr-FR\"},{\"@type\":\"Organization\",\"@id\":\"https:\\\/\\\/lasentinelle.dz\\\/#organization\",\"name\":\"Quotidien La Sentinelle\",\"url\":\"https:\\\/\\\/lasentinelle.dz\\\/\",\"logo\":{\"@type\":\"ImageObject\",\"inLanguage\":\"fr-FR\",\"@id\":\"https:\\\/\\\/lasentinelle.dz\\\/#\\\/schema\\\/logo\\\/image\\\/\",\"url\":\"https:\\\/\\\/lasentinelle.dz\\\/wp-content\\\/uploads\\\/2021\\\/09\\\/logo-sentinelleSLOGAN-1.png\",\"contentUrl\":\"https:\\\/\\\/lasentinelle.dz\\\/wp-content\\\/uploads\\\/2021\\\/09\\\/logo-sentinelleSLOGAN-1.png\",\"width\":615,\"height\":142,\"caption\":\"Quotidien La Sentinelle\"},\"image\":{\"@id\":\"https:\\\/\\\/lasentinelle.dz\\\/#\\\/schema\\\/logo\\\/image\\\/\"},\"sameAs\":[\"https:\\\/\\\/www.facebook.com\\\/La-Sentinelle-104059864394773\"]},{\"@type\":\"Person\",\"@id\":\"https:\\\/\\\/lasentinelle.dz\\\/#\\\/schema\\\/person\\\/729ee0024f24e0b8c5ec17232f8e8b41\",\"name\":\"admin\",\"image\":{\"@type\":\"ImageObject\",\"inLanguage\":\"fr-FR\",\"@id\":\"https:\\\/\\\/secure.gravatar.com\\\/avatar\\\/4c81fed838786e9b53f540bf46533e750f5d292099ae3b66cfc6fb1982e29df7?s=96&d=mm&r=g\",\"url\":\"https:\\\/\\\/secure.gravatar.com\\\/avatar\\\/4c81fed838786e9b53f540bf46533e750f5d292099ae3b66cfc6fb1982e29df7?s=96&d=mm&r=g\",\"contentUrl\":\"https:\\\/\\\/secure.gravatar.com\\\/avatar\\\/4c81fed838786e9b53f540bf46533e750f5d292099ae3b66cfc6fb1982e29df7?s=96&d=mm&r=g\",\"caption\":\"admin\"},\"description\":\"admin\",\"url\":\"https:\\\/\\\/lasentinelle.dz\\\/author\\\/admin\\\/\"}]}<\/script>\n<!-- \/ Yoast SEO plugin. -->","yoast_head_json":{"title":"Mascara\u00a0: L&rsquo;\u0153uvre du cheikh M&rsquo;barek El Mili au c\u0153ur d&rsquo;une rencontre consacr\u00e9e \u00e0 la m\u00e9moire nationale - La Sentinelle","robots":{"index":"index","follow":"follow","max-snippet":"max-snippet:-1","max-image-preview":"max-image-preview:large","max-video-preview":"max-video-preview:-1"},"canonical":"https:\/\/lasentinelle.dz\/index.php\/2026\/09\/01\/mascara-loeuvre-du-cheikh-mbarek-el-mili-au-coeur-dune-rencontre-consacree-a-la-memoire-nationale\/","og_locale":"fr_FR","og_type":"article","og_title":"Mascara\u00a0: L&rsquo;\u0153uvre du cheikh M&rsquo;barek El Mili au c\u0153ur d&rsquo;une rencontre consacr\u00e9e \u00e0 la m\u00e9moire nationale - La Sentinelle","og_description":"La biblioth\u00e8que principale de lecture publique Dr Yahia Bouaziz de Mascara a abrit\u00e9 samedi une rencontre d\u00e9di\u00e9e \u00e0 l&rsquo;itin\u00e9raire intellectuel","og_url":"https:\/\/lasentinelle.dz\/index.php\/2026\/09\/01\/mascara-loeuvre-du-cheikh-mbarek-el-mili-au-coeur-dune-rencontre-consacree-a-la-memoire-nationale\/","og_site_name":"La Sentinelle","article_publisher":"https:\/\/www.facebook.com\/La-Sentinelle-104059864394773","article_published_time":"2026-09-01T09:33:08+00:00","article_modified_time":"2026-09-01T09:33:11+00:00","og_image":[{"width":308,"height":163,"url":"https:\/\/lasentinelle.dz\/wp-content\/uploads\/2026\/09\/Mbarek-El-Mili.jpeg","type":"image\/jpeg"}],"author":"admin","twitter_card":"summary_large_image","twitter_misc":{"\u00c9crit par":"admin","Dur\u00e9e de lecture estim\u00e9e":"3 minutes"},"schema":{"@context":"https:\/\/schema.org","@graph":[{"@type":"Article","@id":"https:\/\/lasentinelle.dz\/index.php\/2026\/09\/01\/mascara-loeuvre-du-cheikh-mbarek-el-mili-au-coeur-dune-rencontre-consacree-a-la-memoire-nationale\/#article","isPartOf":{"@id":"https:\/\/lasentinelle.dz\/index.php\/2026\/09\/01\/mascara-loeuvre-du-cheikh-mbarek-el-mili-au-coeur-dune-rencontre-consacree-a-la-memoire-nationale\/"},"author":{"name":"admin","@id":"https:\/\/lasentinelle.dz\/#\/schema\/person\/729ee0024f24e0b8c5ec17232f8e8b41"},"headline":"Mascara\u00a0: L&rsquo;\u0153uvre du cheikh M&rsquo;barek El Mili au c\u0153ur d&rsquo;une rencontre consacr\u00e9e \u00e0 la m\u00e9moire nationale","datePublished":"2026-09-01T09:33:08+00:00","dateModified":"2026-09-01T09:33:11+00:00","mainEntityOfPage":{"@id":"https:\/\/lasentinelle.dz\/index.php\/2026\/09\/01\/mascara-loeuvre-du-cheikh-mbarek-el-mili-au-coeur-dune-rencontre-consacree-a-la-memoire-nationale\/"},"wordCount":543,"commentCount":0,"publisher":{"@id":"https:\/\/lasentinelle.dz\/#organization"},"image":{"@id":"https:\/\/lasentinelle.dz\/index.php\/2026\/09\/01\/mascara-loeuvre-du-cheikh-mbarek-el-mili-au-coeur-dune-rencontre-consacree-a-la-memoire-nationale\/#primaryimage"},"thumbnailUrl":"https:\/\/lasentinelle.dz\/wp-content\/uploads\/2026\/09\/Mbarek-El-Mili.jpeg","articleSection":["Culture"],"inLanguage":"fr-FR","potentialAction":[{"@type":"CommentAction","name":"Comment","target":["https:\/\/lasentinelle.dz\/index.php\/2026\/09\/01\/mascara-loeuvre-du-cheikh-mbarek-el-mili-au-coeur-dune-rencontre-consacree-a-la-memoire-nationale\/#respond"]}]},{"@type":"WebPage","@id":"https:\/\/lasentinelle.dz\/index.php\/2026\/09\/01\/mascara-loeuvre-du-cheikh-mbarek-el-mili-au-coeur-dune-rencontre-consacree-a-la-memoire-nationale\/","url":"https:\/\/lasentinelle.dz\/index.php\/2026\/09\/01\/mascara-loeuvre-du-cheikh-mbarek-el-mili-au-coeur-dune-rencontre-consacree-a-la-memoire-nationale\/","name":"Mascara\u00a0: L&rsquo;\u0153uvre du cheikh M&rsquo;barek El Mili au c\u0153ur d&rsquo;une rencontre consacr\u00e9e \u00e0 la m\u00e9moire nationale - La Sentinelle","isPartOf":{"@id":"https:\/\/lasentinelle.dz\/#website"},"primaryImageOfPage":{"@id":"https:\/\/lasentinelle.dz\/index.php\/2026\/09\/01\/mascara-loeuvre-du-cheikh-mbarek-el-mili-au-coeur-dune-rencontre-consacree-a-la-memoire-nationale\/#primaryimage"},"image":{"@id":"https:\/\/lasentinelle.dz\/index.php\/2026\/09\/01\/mascara-loeuvre-du-cheikh-mbarek-el-mili-au-coeur-dune-rencontre-consacree-a-la-memoire-nationale\/#primaryimage"},"thumbnailUrl":"https:\/\/lasentinelle.dz\/wp-content\/uploads\/2026\/09\/Mbarek-El-Mili.jpeg","datePublished":"2026-09-01T09:33:08+00:00","dateModified":"2026-09-01T09:33:11+00:00","breadcrumb":{"@id":"https:\/\/lasentinelle.dz\/index.php\/2026\/09\/01\/mascara-loeuvre-du-cheikh-mbarek-el-mili-au-coeur-dune-rencontre-consacree-a-la-memoire-nationale\/#breadcrumb"},"inLanguage":"fr-FR","potentialAction":[{"@type":"ReadAction","target":["https:\/\/lasentinelle.dz\/index.php\/2026\/09\/01\/mascara-loeuvre-du-cheikh-mbarek-el-mili-au-coeur-dune-rencontre-consacree-a-la-memoire-nationale\/"]}]},{"@type":"ImageObject","inLanguage":"fr-FR","@id":"https:\/\/lasentinelle.dz\/index.php\/2026\/09\/01\/mascara-loeuvre-du-cheikh-mbarek-el-mili-au-coeur-dune-rencontre-consacree-a-la-memoire-nationale\/#primaryimage","url":"https:\/\/lasentinelle.dz\/wp-content\/uploads\/2026\/09\/Mbarek-El-Mili.jpeg","contentUrl":"https:\/\/lasentinelle.dz\/wp-content\/uploads\/2026\/09\/Mbarek-El-Mili.jpeg","width":308,"height":163},{"@type":"BreadcrumbList","@id":"https:\/\/lasentinelle.dz\/index.php\/2026\/09\/01\/mascara-loeuvre-du-cheikh-mbarek-el-mili-au-coeur-dune-rencontre-consacree-a-la-memoire-nationale\/#breadcrumb","itemListElement":[{"@type":"ListItem","position":1,"name":"Accueil","item":"https:\/\/lasentinelle.dz\/"},{"@type":"ListItem","position":2,"name":"Mascara\u00a0: L&rsquo;\u0153uvre du cheikh M&rsquo;barek El Mili au c\u0153ur d&rsquo;une rencontre consacr\u00e9e \u00e0 la m\u00e9moire nationale"}]},{"@type":"WebSite","@id":"https:\/\/lasentinelle.dz\/#website","url":"https:\/\/lasentinelle.dz\/","name":"La Sentinelle","description":"Quotidien national d&#039;information","publisher":{"@id":"https:\/\/lasentinelle.dz\/#organization"},"potentialAction":[{"@type":"SearchAction","target":{"@type":"EntryPoint","urlTemplate":"https:\/\/lasentinelle.dz\/?s={search_term_string}"},"query-input":{"@type":"PropertyValueSpecification","valueRequired":true,"valueName":"search_term_string"}}],"inLanguage":"fr-FR"},{"@type":"Organization","@id":"https:\/\/lasentinelle.dz\/#organization","name":"Quotidien La Sentinelle","url":"https:\/\/lasentinelle.dz\/","logo":{"@type":"ImageObject","inLanguage":"fr-FR","@id":"https:\/\/lasentinelle.dz\/#\/schema\/logo\/image\/","url":"https:\/\/lasentinelle.dz\/wp-content\/uploads\/2021\/09\/logo-sentinelleSLOGAN-1.png","contentUrl":"https:\/\/lasentinelle.dz\/wp-content\/uploads\/2021\/09\/logo-sentinelleSLOGAN-1.png","width":615,"height":142,"caption":"Quotidien La Sentinelle"},"image":{"@id":"https:\/\/lasentinelle.dz\/#\/schema\/logo\/image\/"},"sameAs":["https:\/\/www.facebook.com\/La-Sentinelle-104059864394773"]},{"@type":"Person","@id":"https:\/\/lasentinelle.dz\/#\/schema\/person\/729ee0024f24e0b8c5ec17232f8e8b41","name":"admin","image":{"@type":"ImageObject","inLanguage":"fr-FR","@id":"https:\/\/secure.gravatar.com\/avatar\/4c81fed838786e9b53f540bf46533e750f5d292099ae3b66cfc6fb1982e29df7?s=96&d=mm&r=g","url":"https:\/\/secure.gravatar.com\/avatar\/4c81fed838786e9b53f540bf46533e750f5d292099ae3b66cfc6fb1982e29df7?s=96&d=mm&r=g","contentUrl":"https:\/\/secure.gravatar.com\/avatar\/4c81fed838786e9b53f540bf46533e750f5d292099ae3b66cfc6fb1982e29df7?s=96&d=mm&r=g","caption":"admin"},"description":"admin","url":"https:\/\/lasentinelle.dz\/author\/admin\/"}]}},"_links":{"self":[{"href":"https:\/\/lasentinelle.dz\/index.php\/wp-json\/wp\/v2\/posts\/94689","targetHints":{"allow":["GET"]}}],"collection":[{"href":"https:\/\/lasentinelle.dz\/index.php\/wp-json\/wp\/v2\/posts"}],"about":[{"href":"https:\/\/lasentinelle.dz\/index.php\/wp-json\/wp\/v2\/types\/post"}],"author":[{"embeddable":true,"href":"https:\/\/lasentinelle.dz\/index.php\/wp-json\/wp\/v2\/users\/6"}],"replies":[{"embeddable":true,"href":"https:\/\/lasentinelle.dz\/index.php\/wp-json\/wp\/v2\/comments?post=94689"}],"version-history":[{"count":2,"href":"https:\/\/lasentinelle.dz\/index.php\/wp-json\/wp\/v2\/posts\/94689\/revisions"}],"predecessor-version":[{"id":94692,"href":"https:\/\/lasentinelle.dz\/index.php\/wp-json\/wp\/v2\/posts\/94689\/revisions\/94692"}],"wp:featuredmedia":[{"embeddable":true,"href":"https:\/\/lasentinelle.dz\/index.php\/wp-json\/wp\/v2\/media\/94690"}],"wp:attachment":[{"href":"https:\/\/lasentinelle.dz\/index.php\/wp-json\/wp\/v2\/media?parent=94689"}],"wp:term":[{"taxonomy":"category","embeddable":true,"href":"https:\/\/lasentinelle.dz\/index.php\/wp-json\/wp\/v2\/categories?post=94689"},{"taxonomy":"post_tag","embeddable":true,"href":"https:\/\/lasentinelle.dz\/index.php\/wp-json\/wp\/v2\/tags?post=94689"}],"curies":[{"name":"wp","href":"https:\/\/api.w.org\/{rel}","templated":true}]}}