{"id":94700,"date":"2026-09-01T10:39:33","date_gmt":"2026-09-01T09:39:33","guid":{"rendered":"https:\/\/lasentinelle.dz\/?p=94700"},"modified":"2026-09-01T10:39:35","modified_gmt":"2026-09-01T09:39:35","slug":"crise-a-la-fifa-letau-se-resserre-sur-infantino","status":"publish","type":"post","link":"https:\/\/lasentinelle.dz\/index.php\/2026\/09\/01\/crise-a-la-fifa-letau-se-resserre-sur-infantino\/","title":{"rendered":"Crise \u00e0 la FIFA\u00a0: L\u2019\u00e9tau se resserre sur Infantino"},"content":{"rendered":"\n<p class=\"wp-block-paragraph\">L&rsquo;ancien pr\u00e9sident de l&rsquo;UEFA, Michel Platini, a de nouveau vivement critiqu\u00e9 dimanche soir le pr\u00e9sident de la FIFA, Gianni Infantino, exigeant son d\u00e9part et d\u00e9non\u00e7ant une gouvernance du football mondial confisqu\u00e9e par des dirigeants coup\u00e9s du terrain, dans un contexte de contestation grandissante autour de l&rsquo;instance internationale. Invit\u00e9 sur le plateau du Canal Football Club, l&rsquo;ancien num\u00e9ro un du football europ\u00e9en a durci le ton envers celui qui fut pourtant son bras droit \u00e0 l&rsquo;UEFA, o\u00f9 Infantino occupait le poste de secr\u00e9taire g\u00e9n\u00e9ral sous sa pr\u00e9sidence. Une relation aujourd&rsquo;hui rompue depuis que Platini a port\u00e9 plainte contre le patron de la FIFA pour trafic d&rsquo;influence, association de malfaiteurs en vue de commettre une d\u00e9nonciation calomnieuse, et d\u00e9nonciation calomnieuse. L&rsquo;ancien international fran\u00e7ais n&rsquo;a pas cach\u00e9 la nature de ses r\u00e9serves de longue date \u00e0 l&rsquo;\u00e9gard de son ex-collaborateur, confiant qu&rsquo;il l&rsquo;avait toujours vu comme quelqu&rsquo;un attir\u00e9 par l&rsquo;argent et le pouvoir, temp\u00e9r\u00e9 autrefois par la pr\u00e9sence d&rsquo;un sup\u00e9rieur hi\u00e9rarchique.<\/p>\n\n\n\n<p class=\"wp-block-paragraph\">Au-del\u00e0 du contentieux personnel, Platini a livr\u00e9 une r\u00e9flexion plus large sur ce qu&rsquo;est devenue la gouvernance du football, estimant que ses v\u00e9ritables figures ne si\u00e8gent pas dans les bureaux des f\u00e9d\u00e9rations mais sur les terrains. Il a r\u00e9sum\u00e9 sa pens\u00e9e en assurant que le football reste avant tout une f\u00eate populaire incarn\u00e9e par les matches, quand tout le reste rel\u00e8ve de la politique et d&rsquo;un microcosme de dirigeants qui se prennent pour les ma\u00eetres du jeu, alors que les vrais patrons du football sont selon lui des joueurs comme Mbapp\u00e9, Zidane ou Maradona, contrairement \u00e0 des bureaucrates gris\u00e9s par la gloire et l&rsquo;argent une fois arriv\u00e9s au sommet. Concernant Infantino, le verdict de l&rsquo;ancien Ballon d&rsquo;Or a \u00e9t\u00e9 sans ambigu\u00eft\u00e9, jugeant qu&rsquo;il avait failli \u00e0 sa mission de garant des r\u00e8gles du jeu et qu&rsquo;il devait, en cons\u00e9quence, quitter ses fonctions.<\/p>\n\n\n\n<p class=\"wp-block-paragraph\">Cette sortie s&rsquo;ajoute \u00e0 une s\u00e9rie de pressions qui s&rsquo;accumulent contre le dirigeant italo-suisse. L&rsquo;UEFA a r\u00e9cemment saisi trois tribunaux am\u00e9ricains afin de rassembler des \u00e9l\u00e9ments de preuve en vue d&rsquo;une action judiciaire devant la justice suisse. De son c\u00f4t\u00e9, la F\u00e9d\u00e9ration n\u00e9erlandaise de football a propos\u00e9 la tenue d&rsquo;un sommet international \u00e0 Amsterdam pour repenser en profondeur la gouvernance de la FIFA, sans y associer son pr\u00e9sident actuel, estimant que la confiance plac\u00e9e en lui lors de sa r\u00e9\u00e9lection en 2023 a aujourd&rsquo;hui disparu.<\/p>\n\n\n\n<p class=\"wp-block-paragraph\">Le malaise s&rsquo;\u00e9tend \u00e9galement au continent africain. L&rsquo;ancien pr\u00e9sident de la F\u00e9d\u00e9ration congolaise de football et ex-membre du Conseil de la FIFA, Constant Omari, a appel\u00e9 Infantino \u00e0 d\u00e9missionner ou \u00e0 solliciter un vote de confiance, \u00e9voquant une crise de confiance interne li\u00e9e notamment au projet contest\u00e9 de cr\u00e9ation d&rsquo;une soci\u00e9t\u00e9 commerciale au sein de l&rsquo;instance.<\/p>\n\n\n\n<p class=\"wp-block-paragraph\">Dans le m\u00eame temps, une r\u00e9v\u00e9lation du quotidien britannique The Times a fait \u00e9tat d&rsquo;un contrat de plus de deux millions de livres sterling conclu par la FIFA avec une agence de communication londonienne, charg\u00e9e de prot\u00e9ger l&rsquo;image du pr\u00e9sident et de l&rsquo;organisation sur les r\u00e9seaux sociaux. Une information suppl\u00e9mentaire qui alimente les critiques visant la gestion actuelle de l&rsquo;instance mondiale du football, \u00e0 six mois d&rsquo;une \u00e9ch\u00e9ance \u00e9lectorale qui s&rsquo;annonce d\u00e9sormais bien plus incertaine que pr\u00e9vu.<\/p>\n\n\n\n<p class=\"wp-block-paragraph\">R.S.<\/p>\n","protected":false},"excerpt":{"rendered":"<p>L&rsquo;ancien pr\u00e9sident de l&rsquo;UEFA, Michel Platini, a de nouveau vivement critiqu\u00e9 dimanche soir le pr\u00e9sident de la FIFA, Gianni Infantino,<\/p>\n","protected":false},"author":6,"featured_media":33582,"comment_status":"open","ping_status":"closed","sticky":false,"template":"","format":"standard","meta":{"colormag_page_container_layout":"default_layout","colormag_page_sidebar_layout":"default_layout","om_disable_all_campaigns":false,"_monsterinsights_skip_tracking":false,"footnotes":"","_wpscppro_dont_share_socialmedia":false,"_wpscppro_custom_social_share_image":0,"_facebook_share_type":"default","_twitter_share_type":"default","_linkedin_share_type":"default","_pinterest_share_type":"default","_linkedin_share_type_page":"","_instagram_share_type":"default","_medium_share_type":"default","_threads_share_type":"default","_google_business_share_type":"default","_bluesky_share_type":"default","_mastodon_share_type":"default","_selected_social_profile":[],"_wpsp_enable_custom_social_template":false,"_wpsp_social_scheduling":{"enabled":false,"datetime":null,"platforms":[],"status":"template_only","dateOption":"today","timeOption":"now","customDays":"","customHours":"","customDate":"","customTime":"","schedulingType":"absolute"},"_wpsp_active_default_template":true},"categories":[33],"tags":[],"class_list":["post-94700","post","type-post","status-publish","format-standard","has-post-thumbnail","hentry","category-sports"],"aioseo_notices":[],"aioseo_head":"\n\t\t<!-- All in One SEO 5.0.0.1 - aioseo.com -->\n\t<meta name=\"description\" content=\"L&#039;ancien pr\u00e9sident de l&#039;UEFA, Michel Platini, a de nouveau vivement critiqu\u00e9 dimanche soir le pr\u00e9sident de la FIFA, Gianni Infantino, exigeant son d\u00e9part et d\u00e9non\u00e7ant une gouvernance du football mondial confisqu\u00e9e par des dirigeants coup\u00e9s du terrain, dans un contexte de contestation grandissante autour de l&#039;instance internationale. Invit\u00e9 sur le plateau du Canal Football Club,\" \/>\n\t<meta name=\"robots\" content=\"max-image-preview:large\" \/>\n\t<meta name=\"author\" content=\"admin\"\/>\n\t<link rel=\"canonical\" href=\"https:\/\/lasentinelle.dz\/index.php\/2026\/09\/01\/crise-a-la-fifa-letau-se-resserre-sur-infantino\/\" \/>\n\t<meta name=\"generator\" content=\"All in One SEO (AIOSEO) 5.0.0.1\" \/>\n\t\t<meta property=\"og:locale\" content=\"fr_FR\" \/>\n\t\t<meta property=\"og:site_name\" content=\"La Sentinelle - Quotidien national d&#039;information\" \/>\n\t\t<meta property=\"og:type\" content=\"article\" \/>\n\t\t<meta property=\"og:title\" content=\"Crise \u00e0 la FIFA : L\u2019\u00e9tau se resserre sur Infantino - La Sentinelle\" \/>\n\t\t<meta property=\"og:description\" content=\"L&#039;ancien pr\u00e9sident de l&#039;UEFA, Michel Platini, a de nouveau vivement critiqu\u00e9 dimanche soir le pr\u00e9sident de la FIFA, Gianni Infantino, exigeant son d\u00e9part et d\u00e9non\u00e7ant une gouvernance du football mondial confisqu\u00e9e par des dirigeants coup\u00e9s du terrain, dans un contexte de contestation grandissante autour de l&#039;instance internationale. Invit\u00e9 sur le plateau du Canal Football Club,\" \/>\n\t\t<meta property=\"og:url\" content=\"https:\/\/lasentinelle.dz\/index.php\/2026\/09\/01\/crise-a-la-fifa-letau-se-resserre-sur-infantino\/\" \/>\n\t\t<meta property=\"og:image\" content=\"https:\/\/lasentinelle.dz\/wp-content\/uploads\/2021\/09\/cropped-la-sentinelle-earth-golden-anima-5.gif\" \/>\n\t\t<meta property=\"og:image:secure_url\" content=\"https:\/\/lasentinelle.dz\/wp-content\/uploads\/2021\/09\/cropped-la-sentinelle-earth-golden-anima-5.gif\" \/>\n\t\t<meta property=\"og:image:width\" content=\"450\" \/>\n\t\t<meta property=\"og:image:height\" content=\"213\" \/>\n\t\t<meta property=\"article:published_time\" content=\"2026-09-01T09:39:33+00:00\" \/>\n\t\t<meta property=\"article:modified_time\" content=\"2026-09-01T09:39:35+00:00\" \/>\n\t\t<meta property=\"article:publisher\" content=\"https:\/\/www.facebook.com\/azzedine.lasentinelle.1\" \/>\n\t\t<meta name=\"twitter:card\" content=\"summary_large_image\" \/>\n\t\t<meta name=\"twitter:title\" content=\"Crise \u00e0 la FIFA : L\u2019\u00e9tau se resserre sur Infantino - La Sentinelle\" \/>\n\t\t<meta name=\"twitter:description\" content=\"L&#039;ancien pr\u00e9sident de l&#039;UEFA, Michel Platini, a de nouveau vivement critiqu\u00e9 dimanche soir le pr\u00e9sident de la FIFA, Gianni Infantino, exigeant son d\u00e9part et d\u00e9non\u00e7ant une gouvernance du football mondial confisqu\u00e9e par des dirigeants coup\u00e9s du terrain, dans un contexte de contestation grandissante autour de l&#039;instance internationale. Invit\u00e9 sur le plateau du Canal Football Club,\" \/>\n\t\t<meta name=\"twitter:image\" content=\"https:\/\/lasentinelle.dz\/wp-content\/uploads\/2021\/09\/cropped-la-sentinelle-earth-golden-anima-5.gif\" \/>\n\t\t<script type=\"application\/ld+json\" class=\"aioseo-schema\">\n\t\t\t{\"@context\":\"https:\\\/\\\/schema.org\",\"@graph\":[{\"@type\":\"BlogPosting\",\"@id\":\"https:\\\/\\\/lasentinelle.dz\\\/index.php\\\/2026\\\/09\\\/01\\\/crise-a-la-fifa-letau-se-resserre-sur-infantino\\\/#blogposting\",\"name\":\"Crise \\u00e0 la FIFA : L\\u2019\\u00e9tau se resserre sur Infantino - La Sentinelle\",\"headline\":\"Crise \\u00e0 la FIFA\\u00a0: L\\u2019\\u00e9tau se resserre sur Infantino\",\"author\":{\"@id\":\"https:\\\/\\\/lasentinelle.dz\\\/author\\\/admin\\\/#author\"},\"publisher\":{\"@id\":\"https:\\\/\\\/lasentinelle.dz\\\/#organization\"},\"image\":{\"@type\":\"ImageObject\",\"url\":\"https:\\\/\\\/lasentinelle.dz\\\/wp-content\\\/uploads\\\/2023\\\/01\\\/Infantino.jpeg\",\"width\":745,\"height\":470},\"datePublished\":\"2026-09-01T10:39:33+01:00\",\"dateModified\":\"2026-09-01T10:39:35+01:00\",\"inLanguage\":\"fr-FR\",\"mainEntityOfPage\":{\"@id\":\"https:\\\/\\\/lasentinelle.dz\\\/index.php\\\/2026\\\/09\\\/01\\\/crise-a-la-fifa-letau-se-resserre-sur-infantino\\\/#webpage\"},\"isPartOf\":{\"@id\":\"https:\\\/\\\/lasentinelle.dz\\\/index.php\\\/2026\\\/09\\\/01\\\/crise-a-la-fifa-letau-se-resserre-sur-infantino\\\/#webpage\"},\"articleSection\":\"Sports\"},{\"@type\":\"BreadcrumbList\",\"@id\":\"https:\\\/\\\/lasentinelle.dz\\\/index.php\\\/2026\\\/09\\\/01\\\/crise-a-la-fifa-letau-se-resserre-sur-infantino\\\/#breadcrumblist\",\"itemListElement\":[{\"@type\":\"ListItem\",\"@id\":\"https:\\\/\\\/lasentinelle.dz#listItem\",\"position\":1,\"name\":\"Home\",\"item\":\"https:\\\/\\\/lasentinelle.dz\",\"nextItem\":{\"@type\":\"ListItem\",\"@id\":\"https:\\\/\\\/lasentinelle.dz\\\/index.php\\\/category\\\/sports\\\/#listItem\",\"name\":\"Sports\"}},{\"@type\":\"ListItem\",\"@id\":\"https:\\\/\\\/lasentinelle.dz\\\/index.php\\\/category\\\/sports\\\/#listItem\",\"position\":2,\"name\":\"Sports\",\"item\":\"https:\\\/\\\/lasentinelle.dz\\\/index.php\\\/category\\\/sports\\\/\",\"nextItem\":{\"@type\":\"ListItem\",\"@id\":\"https:\\\/\\\/lasentinelle.dz\\\/index.php\\\/2026\\\/09\\\/01\\\/crise-a-la-fifa-letau-se-resserre-sur-infantino\\\/#listItem\",\"name\":\"Crise \\u00e0 la FIFA\\u00a0: L\\u2019\\u00e9tau se resserre sur Infantino\"},\"previousItem\":{\"@type\":\"ListItem\",\"@id\":\"https:\\\/\\\/lasentinelle.dz#listItem\",\"name\":\"Home\"}},{\"@type\":\"ListItem\",\"@id\":\"https:\\\/\\\/lasentinelle.dz\\\/index.php\\\/2026\\\/09\\\/01\\\/crise-a-la-fifa-letau-se-resserre-sur-infantino\\\/#listItem\",\"position\":3,\"name\":\"Crise \\u00e0 la FIFA\\u00a0: L\\u2019\\u00e9tau se resserre sur Infantino\",\"previousItem\":{\"@type\":\"ListItem\",\"@id\":\"https:\\\/\\\/lasentinelle.dz\\\/index.php\\\/category\\\/sports\\\/#listItem\",\"name\":\"Sports\"}}]},{\"@type\":\"Organization\",\"@id\":\"https:\\\/\\\/lasentinelle.dz\\\/#organization\",\"name\":\"La Sentinelle La Sentinelle\",\"description\":\"Quotidien national d'information\",\"url\":\"https:\\\/\\\/lasentinelle.dz\\\/\",\"logo\":{\"@type\":\"ImageObject\",\"url\":\"https:\\\/\\\/lasentinelle.dz\\\/wp-content\\\/uploads\\\/2021\\\/09\\\/cropped-la-sentinelle-earth-golden-anima-5.gif\",\"@id\":\"https:\\\/\\\/lasentinelle.dz\\\/index.php\\\/2026\\\/09\\\/01\\\/crise-a-la-fifa-letau-se-resserre-sur-infantino\\\/#organizationLogo\",\"width\":450,\"height\":213},\"image\":{\"@id\":\"https:\\\/\\\/lasentinelle.dz\\\/index.php\\\/2026\\\/09\\\/01\\\/crise-a-la-fifa-letau-se-resserre-sur-infantino\\\/#organizationLogo\"},\"sameAs\":[\"https:\\\/\\\/www.facebook.com\\\/azzedine.lasentinelle.1\"]},{\"@type\":\"Person\",\"@id\":\"https:\\\/\\\/lasentinelle.dz\\\/author\\\/admin\\\/#author\",\"url\":\"https:\\\/\\\/lasentinelle.dz\\\/author\\\/admin\\\/\",\"name\":\"admin\",\"image\":{\"@type\":\"ImageObject\",\"@id\":\"https:\\\/\\\/lasentinelle.dz\\\/index.php\\\/2026\\\/09\\\/01\\\/crise-a-la-fifa-letau-se-resserre-sur-infantino\\\/#authorImage\",\"url\":\"https:\\\/\\\/secure.gravatar.com\\\/avatar\\\/4c81fed838786e9b53f540bf46533e750f5d292099ae3b66cfc6fb1982e29df7?s=96&d=mm&r=g\",\"width\":96,\"height\":96,\"caption\":\"admin\"}},{\"@type\":\"WebPage\",\"@id\":\"https:\\\/\\\/lasentinelle.dz\\\/index.php\\\/2026\\\/09\\\/01\\\/crise-a-la-fifa-letau-se-resserre-sur-infantino\\\/#webpage\",\"url\":\"https:\\\/\\\/lasentinelle.dz\\\/index.php\\\/2026\\\/09\\\/01\\\/crise-a-la-fifa-letau-se-resserre-sur-infantino\\\/\",\"name\":\"Crise \\u00e0 la FIFA : L\\u2019\\u00e9tau se resserre sur Infantino - La Sentinelle\",\"description\":\"L'ancien pr\\u00e9sident de l'UEFA, Michel Platini, a de nouveau vivement critiqu\\u00e9 dimanche soir le pr\\u00e9sident de la FIFA, Gianni Infantino, exigeant son d\\u00e9part et d\\u00e9non\\u00e7ant une gouvernance du football mondial confisqu\\u00e9e par des dirigeants coup\\u00e9s du terrain, dans un contexte de contestation grandissante autour de l'instance internationale. Invit\\u00e9 sur le plateau du Canal Football Club,\",\"inLanguage\":\"fr-FR\",\"isPartOf\":{\"@id\":\"https:\\\/\\\/lasentinelle.dz\\\/#website\"},\"breadcrumb\":{\"@id\":\"https:\\\/\\\/lasentinelle.dz\\\/index.php\\\/2026\\\/09\\\/01\\\/crise-a-la-fifa-letau-se-resserre-sur-infantino\\\/#breadcrumblist\"},\"author\":{\"@id\":\"https:\\\/\\\/lasentinelle.dz\\\/author\\\/admin\\\/#author\"},\"creator\":{\"@id\":\"https:\\\/\\\/lasentinelle.dz\\\/author\\\/admin\\\/#author\"},\"image\":{\"@type\":\"ImageObject\",\"url\":\"https:\\\/\\\/lasentinelle.dz\\\/wp-content\\\/uploads\\\/2023\\\/01\\\/Infantino.jpeg\",\"@id\":\"https:\\\/\\\/lasentinelle.dz\\\/index.php\\\/2026\\\/09\\\/01\\\/crise-a-la-fifa-letau-se-resserre-sur-infantino\\\/#mainImage\",\"width\":745,\"height\":470},\"primaryImageOfPage\":{\"@id\":\"https:\\\/\\\/lasentinelle.dz\\\/index.php\\\/2026\\\/09\\\/01\\\/crise-a-la-fifa-letau-se-resserre-sur-infantino\\\/#mainImage\"},\"datePublished\":\"2026-09-01T10:39:33+01:00\",\"dateModified\":\"2026-09-01T10:39:35+01:00\"},{\"@type\":\"WebSite\",\"@id\":\"https:\\\/\\\/lasentinelle.dz\\\/#website\",\"url\":\"https:\\\/\\\/lasentinelle.dz\\\/\",\"name\":\"La Sentinelle\",\"description\":\"Quotidien national d'information\",\"inLanguage\":\"fr-FR\",\"publisher\":{\"@id\":\"https:\\\/\\\/lasentinelle.dz\\\/#organization\"}}]}\n\t\t<\/script>\n\t\t<!-- All in One SEO -->\n\n","aioseo_head_json":{"title":"Crise \u00e0 la FIFA : L\u2019\u00e9tau se resserre sur Infantino - La Sentinelle","description":"L'ancien pr\u00e9sident de l'UEFA, Michel Platini, a de nouveau vivement critiqu\u00e9 dimanche soir le pr\u00e9sident de la FIFA, Gianni Infantino, exigeant son d\u00e9part et d\u00e9non\u00e7ant une gouvernance du football mondial confisqu\u00e9e par des dirigeants coup\u00e9s du terrain, dans un contexte de contestation grandissante autour de l'instance internationale. Invit\u00e9 sur le plateau du Canal Football Club,","canonical_url":"https:\/\/lasentinelle.dz\/index.php\/2026\/09\/01\/crise-a-la-fifa-letau-se-resserre-sur-infantino\/","robots":"max-image-preview:large","keywords":"","webmasterTools":{"miscellaneous":""},"schema":{"@context":"https:\/\/schema.org","@graph":[{"@type":"BlogPosting","@id":"https:\/\/lasentinelle.dz\/index.php\/2026\/09\/01\/crise-a-la-fifa-letau-se-resserre-sur-infantino\/#blogposting","name":"Crise \u00e0 la FIFA : L\u2019\u00e9tau se resserre sur Infantino - La Sentinelle","headline":"Crise \u00e0 la FIFA\u00a0: L\u2019\u00e9tau se resserre sur Infantino","author":{"@id":"https:\/\/lasentinelle.dz\/author\/admin\/#author"},"publisher":{"@id":"https:\/\/lasentinelle.dz\/#organization"},"image":{"@type":"ImageObject","url":"https:\/\/lasentinelle.dz\/wp-content\/uploads\/2023\/01\/Infantino.jpeg","width":745,"height":470},"datePublished":"2026-09-01T10:39:33+01:00","dateModified":"2026-09-01T10:39:35+01:00","inLanguage":"fr-FR","mainEntityOfPage":{"@id":"https:\/\/lasentinelle.dz\/index.php\/2026\/09\/01\/crise-a-la-fifa-letau-se-resserre-sur-infantino\/#webpage"},"isPartOf":{"@id":"https:\/\/lasentinelle.dz\/index.php\/2026\/09\/01\/crise-a-la-fifa-letau-se-resserre-sur-infantino\/#webpage"},"articleSection":"Sports"},{"@type":"BreadcrumbList","@id":"https:\/\/lasentinelle.dz\/index.php\/2026\/09\/01\/crise-a-la-fifa-letau-se-resserre-sur-infantino\/#breadcrumblist","itemListElement":[{"@type":"ListItem","@id":"https:\/\/lasentinelle.dz#listItem","position":1,"name":"Home","item":"https:\/\/lasentinelle.dz","nextItem":{"@type":"ListItem","@id":"https:\/\/lasentinelle.dz\/index.php\/category\/sports\/#listItem","name":"Sports"}},{"@type":"ListItem","@id":"https:\/\/lasentinelle.dz\/index.php\/category\/sports\/#listItem","position":2,"name":"Sports","item":"https:\/\/lasentinelle.dz\/index.php\/category\/sports\/","nextItem":{"@type":"ListItem","@id":"https:\/\/lasentinelle.dz\/index.php\/2026\/09\/01\/crise-a-la-fifa-letau-se-resserre-sur-infantino\/#listItem","name":"Crise \u00e0 la FIFA\u00a0: L\u2019\u00e9tau se resserre sur Infantino"},"previousItem":{"@type":"ListItem","@id":"https:\/\/lasentinelle.dz#listItem","name":"Home"}},{"@type":"ListItem","@id":"https:\/\/lasentinelle.dz\/index.php\/2026\/09\/01\/crise-a-la-fifa-letau-se-resserre-sur-infantino\/#listItem","position":3,"name":"Crise \u00e0 la FIFA\u00a0: L\u2019\u00e9tau se resserre sur Infantino","previousItem":{"@type":"ListItem","@id":"https:\/\/lasentinelle.dz\/index.php\/category\/sports\/#listItem","name":"Sports"}}]},{"@type":"Organization","@id":"https:\/\/lasentinelle.dz\/#organization","name":"La Sentinelle La Sentinelle","description":"Quotidien national d'information","url":"https:\/\/lasentinelle.dz\/","logo":{"@type":"ImageObject","url":"https:\/\/lasentinelle.dz\/wp-content\/uploads\/2021\/09\/cropped-la-sentinelle-earth-golden-anima-5.gif","@id":"https:\/\/lasentinelle.dz\/index.php\/2026\/09\/01\/crise-a-la-fifa-letau-se-resserre-sur-infantino\/#organizationLogo","width":450,"height":213},"image":{"@id":"https:\/\/lasentinelle.dz\/index.php\/2026\/09\/01\/crise-a-la-fifa-letau-se-resserre-sur-infantino\/#organizationLogo"},"sameAs":["https:\/\/www.facebook.com\/azzedine.lasentinelle.1"]},{"@type":"Person","@id":"https:\/\/lasentinelle.dz\/author\/admin\/#author","url":"https:\/\/lasentinelle.dz\/author\/admin\/","name":"admin","image":{"@type":"ImageObject","@id":"https:\/\/lasentinelle.dz\/index.php\/2026\/09\/01\/crise-a-la-fifa-letau-se-resserre-sur-infantino\/#authorImage","url":"https:\/\/secure.gravatar.com\/avatar\/4c81fed838786e9b53f540bf46533e750f5d292099ae3b66cfc6fb1982e29df7?s=96&d=mm&r=g","width":96,"height":96,"caption":"admin"}},{"@type":"WebPage","@id":"https:\/\/lasentinelle.dz\/index.php\/2026\/09\/01\/crise-a-la-fifa-letau-se-resserre-sur-infantino\/#webpage","url":"https:\/\/lasentinelle.dz\/index.php\/2026\/09\/01\/crise-a-la-fifa-letau-se-resserre-sur-infantino\/","name":"Crise \u00e0 la FIFA : L\u2019\u00e9tau se resserre sur Infantino - La Sentinelle","description":"L'ancien pr\u00e9sident de l'UEFA, Michel Platini, a de nouveau vivement critiqu\u00e9 dimanche soir le pr\u00e9sident de la FIFA, Gianni Infantino, exigeant son d\u00e9part et d\u00e9non\u00e7ant une gouvernance du football mondial confisqu\u00e9e par des dirigeants coup\u00e9s du terrain, dans un contexte de contestation grandissante autour de l'instance internationale. Invit\u00e9 sur le plateau du Canal Football Club,","inLanguage":"fr-FR","isPartOf":{"@id":"https:\/\/lasentinelle.dz\/#website"},"breadcrumb":{"@id":"https:\/\/lasentinelle.dz\/index.php\/2026\/09\/01\/crise-a-la-fifa-letau-se-resserre-sur-infantino\/#breadcrumblist"},"author":{"@id":"https:\/\/lasentinelle.dz\/author\/admin\/#author"},"creator":{"@id":"https:\/\/lasentinelle.dz\/author\/admin\/#author"},"image":{"@type":"ImageObject","url":"https:\/\/lasentinelle.dz\/wp-content\/uploads\/2023\/01\/Infantino.jpeg","@id":"https:\/\/lasentinelle.dz\/index.php\/2026\/09\/01\/crise-a-la-fifa-letau-se-resserre-sur-infantino\/#mainImage","width":745,"height":470},"primaryImageOfPage":{"@id":"https:\/\/lasentinelle.dz\/index.php\/2026\/09\/01\/crise-a-la-fifa-letau-se-resserre-sur-infantino\/#mainImage"},"datePublished":"2026-09-01T10:39:33+01:00","dateModified":"2026-09-01T10:39:35+01:00"},{"@type":"WebSite","@id":"https:\/\/lasentinelle.dz\/#website","url":"https:\/\/lasentinelle.dz\/","name":"La Sentinelle","description":"Quotidien national d'information","inLanguage":"fr-FR","publisher":{"@id":"https:\/\/lasentinelle.dz\/#organization"}}]},"og:locale":"fr_FR","og:site_name":"La Sentinelle - Quotidien national d'information","og:type":"article","og:title":"Crise \u00e0 la FIFA : L\u2019\u00e9tau se resserre sur Infantino - La Sentinelle","og:description":"L'ancien pr\u00e9sident de l'UEFA, Michel Platini, a de nouveau vivement critiqu\u00e9 dimanche soir le pr\u00e9sident de la FIFA, Gianni Infantino, exigeant son d\u00e9part et d\u00e9non\u00e7ant une gouvernance du football mondial confisqu\u00e9e par des dirigeants coup\u00e9s du terrain, dans un contexte de contestation grandissante autour de l'instance internationale. Invit\u00e9 sur le plateau du Canal Football Club,","og:url":"https:\/\/lasentinelle.dz\/index.php\/2026\/09\/01\/crise-a-la-fifa-letau-se-resserre-sur-infantino\/","og:image":"https:\/\/lasentinelle.dz\/wp-content\/uploads\/2021\/09\/cropped-la-sentinelle-earth-golden-anima-5.gif","og:image:secure_url":"https:\/\/lasentinelle.dz\/wp-content\/uploads\/2021\/09\/cropped-la-sentinelle-earth-golden-anima-5.gif","og:image:width":450,"og:image:height":213,"article:published_time":"2026-09-01T09:39:33+00:00","article:modified_time":"2026-09-01T09:39:35+00:00","article:publisher":"https:\/\/www.facebook.com\/azzedine.lasentinelle.1","twitter:card":"summary_large_image","twitter:title":"Crise \u00e0 la FIFA : L\u2019\u00e9tau se resserre sur Infantino - La Sentinelle","twitter:description":"L'ancien pr\u00e9sident de l'UEFA, Michel Platini, a de nouveau vivement critiqu\u00e9 dimanche soir le pr\u00e9sident de la FIFA, Gianni Infantino, exigeant son d\u00e9part et d\u00e9non\u00e7ant une gouvernance du football mondial confisqu\u00e9e par des dirigeants coup\u00e9s du terrain, dans un contexte de contestation grandissante autour de l'instance internationale. Invit\u00e9 sur le plateau du Canal Football Club,","twitter:image":"https:\/\/lasentinelle.dz\/wp-content\/uploads\/2021\/09\/cropped-la-sentinelle-earth-golden-anima-5.gif"},"aioseo_meta_data":{"post_id":"94700","title":null,"description":null,"keywords":null,"keyphrases":{"focus":{"keyphrase":"","score":0,"analysis":{"keyphraseInTitle":{"score":0,"maxScore":9,"error":1}}},"additional":[]},"primary_term":null,"canonical_url":null,"og_title":null,"og_description":null,"og_object_type":"default","og_image_type":"default","og_image_url":null,"og_image_width":null,"og_image_height":null,"og_image_custom_url":null,"og_image_custom_fields":null,"og_video":"","og_custom_url":null,"og_article_section":null,"og_article_tags":null,"twitter_use_og":false,"twitter_card":"default","twitter_image_type":"default","twitter_image_url":null,"twitter_image_custom_url":null,"twitter_image_custom_fields":null,"twitter_title":null,"twitter_description":null,"schema":{"blockGraphs":[],"customGraphs":[],"default":{"data":{"Article":[],"Course":[],"Dataset":[],"FAQPage":[],"Movie":[],"Person":[],"Product":[],"ProductReview":[],"Car":[],"Recipe":[],"Service":[],"SoftwareApplication":[],"WebPage":[]},"graphName":"BlogPosting","isEnabled":true},"graphs":[]},"schema_type":"default","schema_type_options":null,"pillar_content":false,"robots_default":true,"robots_noindex":false,"robots_noarchive":false,"robots_nosnippet":false,"robots_nofollow":false,"robots_noimageindex":false,"robots_noodp":false,"robots_notranslate":false,"robots_max_snippet":"-1","robots_max_videopreview":"-1","robots_max_imagepreview":"large","priority":null,"frequency":"default","local_seo":null,"breadcrumb_settings":null,"limit_modified_date":false,"ai":{"faqs":[],"keyPoints":[],"schemas":[],"titles":[],"descriptions":[],"socialPosts":{"email":{"subject":"","preview":"","content":""},"linkedin":[],"twitter":[],"facebook":[],"instagram":[]}},"created":"2026-09-01 09:39:36","updated":"2026-09-01 10:57:37","focus_keyword":null,"additional_keywords":null,"truseo_locale":null,"seo_analyzer_scan_date":null},"aioseo_breadcrumb":"<div class=\"aioseo-breadcrumbs\"><span class=\"aioseo-breadcrumb\">\n\t\t\t<a href=\"https:\/\/lasentinelle.dz\" title=\"Home\">Home<\/a>\n\t\t<\/span><span class=\"aioseo-breadcrumb-separator\">&raquo;<\/span><span class=\"aioseo-breadcrumb\">\n\t\t\t<a href=\"https:\/\/lasentinelle.dz\/index.php\/category\/sports\/\" title=\"Sports\">Sports<\/a>\n\t\t<\/span><span class=\"aioseo-breadcrumb-separator\">&raquo;<\/span><span class=\"aioseo-breadcrumb\">\n\t\t\tCrise \u00e0 la FIFA : L\u2019\u00e9tau se resserre sur Infantino\n\t\t<\/span><\/div>","aioseo_breadcrumb_json":[{"label":"Home","link":"https:\/\/lasentinelle.dz"},{"label":"Sports","link":"https:\/\/lasentinelle.dz\/index.php\/category\/sports\/"},{"label":"Crise \u00e0 la FIFA\u00a0: L\u2019\u00e9tau se resserre sur Infantino","link":"https:\/\/lasentinelle.dz\/index.php\/2026\/09\/01\/crise-a-la-fifa-letau-se-resserre-sur-infantino\/"}],"yoast_head":"<!-- This site is optimized with the Yoast SEO plugin v28.3 - https:\/\/yoast.com\/product\/yoast-seo-wordpress\/ -->\n<title>Crise \u00e0 la FIFA\u00a0: L\u2019\u00e9tau se resserre sur Infantino - La Sentinelle<\/title>\n<meta name=\"robots\" content=\"index, follow, max-snippet:-1, max-image-preview:large, max-video-preview:-1\" \/>\n<link rel=\"canonical\" href=\"https:\/\/lasentinelle.dz\/index.php\/2026\/09\/01\/crise-a-la-fifa-letau-se-resserre-sur-infantino\/\" \/>\n<meta property=\"og:locale\" content=\"fr_FR\" \/>\n<meta property=\"og:type\" content=\"article\" \/>\n<meta property=\"og:title\" content=\"Crise \u00e0 la FIFA\u00a0: L\u2019\u00e9tau se resserre sur Infantino - La Sentinelle\" \/>\n<meta property=\"og:description\" content=\"L&rsquo;ancien pr\u00e9sident de l&rsquo;UEFA, Michel Platini, a de nouveau vivement critiqu\u00e9 dimanche soir le pr\u00e9sident de la FIFA, Gianni Infantino,\" \/>\n<meta property=\"og:url\" content=\"https:\/\/lasentinelle.dz\/index.php\/2026\/09\/01\/crise-a-la-fifa-letau-se-resserre-sur-infantino\/\" \/>\n<meta property=\"og:site_name\" content=\"La Sentinelle\" \/>\n<meta property=\"article:publisher\" content=\"https:\/\/www.facebook.com\/La-Sentinelle-104059864394773\" \/>\n<meta property=\"article:published_time\" content=\"2026-09-01T09:39:33+00:00\" \/>\n<meta property=\"article:modified_time\" content=\"2026-09-01T09:39:35+00:00\" \/>\n<meta property=\"og:image\" content=\"https:\/\/lasentinelle.dz\/wp-content\/uploads\/2023\/01\/Infantino.jpeg\" \/>\n\t<meta property=\"og:image:width\" content=\"745\" \/>\n\t<meta property=\"og:image:height\" content=\"470\" \/>\n\t<meta property=\"og:image:type\" content=\"image\/jpeg\" \/>\n<meta name=\"author\" content=\"admin\" \/>\n<meta name=\"twitter:card\" content=\"summary_large_image\" \/>\n<meta name=\"twitter:label1\" content=\"\u00c9crit par\" \/>\n\t<meta name=\"twitter:data1\" content=\"admin\" \/>\n\t<meta name=\"twitter:label2\" content=\"Dur\u00e9e de lecture estim\u00e9e\" \/>\n\t<meta name=\"twitter:data2\" content=\"3 minutes\" \/>\n<script type=\"application\/ld+json\" class=\"yoast-schema-graph\">{\"@context\":\"https:\\\/\\\/schema.org\",\"@graph\":[{\"@type\":\"Article\",\"@id\":\"https:\\\/\\\/lasentinelle.dz\\\/index.php\\\/2026\\\/09\\\/01\\\/crise-a-la-fifa-letau-se-resserre-sur-infantino\\\/#article\",\"isPartOf\":{\"@id\":\"https:\\\/\\\/lasentinelle.dz\\\/index.php\\\/2026\\\/09\\\/01\\\/crise-a-la-fifa-letau-se-resserre-sur-infantino\\\/\"},\"author\":{\"name\":\"admin\",\"@id\":\"https:\\\/\\\/lasentinelle.dz\\\/#\\\/schema\\\/person\\\/729ee0024f24e0b8c5ec17232f8e8b41\"},\"headline\":\"Crise \u00e0 la FIFA\u00a0: L\u2019\u00e9tau se resserre sur Infantino\",\"datePublished\":\"2026-09-01T09:39:33+00:00\",\"dateModified\":\"2026-09-01T09:39:35+00:00\",\"mainEntityOfPage\":{\"@id\":\"https:\\\/\\\/lasentinelle.dz\\\/index.php\\\/2026\\\/09\\\/01\\\/crise-a-la-fifa-letau-se-resserre-sur-infantino\\\/\"},\"wordCount\":623,\"commentCount\":0,\"publisher\":{\"@id\":\"https:\\\/\\\/lasentinelle.dz\\\/#organization\"},\"image\":{\"@id\":\"https:\\\/\\\/lasentinelle.dz\\\/index.php\\\/2026\\\/09\\\/01\\\/crise-a-la-fifa-letau-se-resserre-sur-infantino\\\/#primaryimage\"},\"thumbnailUrl\":\"https:\\\/\\\/lasentinelle.dz\\\/wp-content\\\/uploads\\\/2023\\\/01\\\/Infantino.jpeg\",\"articleSection\":[\"Sports\"],\"inLanguage\":\"fr-FR\",\"potentialAction\":[{\"@type\":\"CommentAction\",\"name\":\"Comment\",\"target\":[\"https:\\\/\\\/lasentinelle.dz\\\/index.php\\\/2026\\\/09\\\/01\\\/crise-a-la-fifa-letau-se-resserre-sur-infantino\\\/#respond\"]}]},{\"@type\":\"WebPage\",\"@id\":\"https:\\\/\\\/lasentinelle.dz\\\/index.php\\\/2026\\\/09\\\/01\\\/crise-a-la-fifa-letau-se-resserre-sur-infantino\\\/\",\"url\":\"https:\\\/\\\/lasentinelle.dz\\\/index.php\\\/2026\\\/09\\\/01\\\/crise-a-la-fifa-letau-se-resserre-sur-infantino\\\/\",\"name\":\"Crise \u00e0 la FIFA\u00a0: L\u2019\u00e9tau se resserre sur Infantino - La Sentinelle\",\"isPartOf\":{\"@id\":\"https:\\\/\\\/lasentinelle.dz\\\/#website\"},\"primaryImageOfPage\":{\"@id\":\"https:\\\/\\\/lasentinelle.dz\\\/index.php\\\/2026\\\/09\\\/01\\\/crise-a-la-fifa-letau-se-resserre-sur-infantino\\\/#primaryimage\"},\"image\":{\"@id\":\"https:\\\/\\\/lasentinelle.dz\\\/index.php\\\/2026\\\/09\\\/01\\\/crise-a-la-fifa-letau-se-resserre-sur-infantino\\\/#primaryimage\"},\"thumbnailUrl\":\"https:\\\/\\\/lasentinelle.dz\\\/wp-content\\\/uploads\\\/2023\\\/01\\\/Infantino.jpeg\",\"datePublished\":\"2026-09-01T09:39:33+00:00\",\"dateModified\":\"2026-09-01T09:39:35+00:00\",\"breadcrumb\":{\"@id\":\"https:\\\/\\\/lasentinelle.dz\\\/index.php\\\/2026\\\/09\\\/01\\\/crise-a-la-fifa-letau-se-resserre-sur-infantino\\\/#breadcrumb\"},\"inLanguage\":\"fr-FR\",\"potentialAction\":[{\"@type\":\"ReadAction\",\"target\":[\"https:\\\/\\\/lasentinelle.dz\\\/index.php\\\/2026\\\/09\\\/01\\\/crise-a-la-fifa-letau-se-resserre-sur-infantino\\\/\"]}]},{\"@type\":\"ImageObject\",\"inLanguage\":\"fr-FR\",\"@id\":\"https:\\\/\\\/lasentinelle.dz\\\/index.php\\\/2026\\\/09\\\/01\\\/crise-a-la-fifa-letau-se-resserre-sur-infantino\\\/#primaryimage\",\"url\":\"https:\\\/\\\/lasentinelle.dz\\\/wp-content\\\/uploads\\\/2023\\\/01\\\/Infantino.jpeg\",\"contentUrl\":\"https:\\\/\\\/lasentinelle.dz\\\/wp-content\\\/uploads\\\/2023\\\/01\\\/Infantino.jpeg\",\"width\":745,\"height\":470},{\"@type\":\"BreadcrumbList\",\"@id\":\"https:\\\/\\\/lasentinelle.dz\\\/index.php\\\/2026\\\/09\\\/01\\\/crise-a-la-fifa-letau-se-resserre-sur-infantino\\\/#breadcrumb\",\"itemListElement\":[{\"@type\":\"ListItem\",\"position\":1,\"name\":\"Accueil\",\"item\":\"https:\\\/\\\/lasentinelle.dz\\\/\"},{\"@type\":\"ListItem\",\"position\":2,\"name\":\"Crise \u00e0 la FIFA\u00a0: L\u2019\u00e9tau se resserre sur Infantino\"}]},{\"@type\":\"WebSite\",\"@id\":\"https:\\\/\\\/lasentinelle.dz\\\/#website\",\"url\":\"https:\\\/\\\/lasentinelle.dz\\\/\",\"name\":\"La Sentinelle\",\"description\":\"Quotidien national d&#039;information\",\"publisher\":{\"@id\":\"https:\\\/\\\/lasentinelle.dz\\\/#organization\"},\"potentialAction\":[{\"@type\":\"SearchAction\",\"target\":{\"@type\":\"EntryPoint\",\"urlTemplate\":\"https:\\\/\\\/lasentinelle.dz\\\/?s={search_term_string}\"},\"query-input\":{\"@type\":\"PropertyValueSpecification\",\"valueRequired\":true,\"valueName\":\"search_term_string\"}}],\"inLanguage\":\"fr-FR\"},{\"@type\":\"Organization\",\"@id\":\"https:\\\/\\\/lasentinelle.dz\\\/#organization\",\"name\":\"Quotidien La Sentinelle\",\"url\":\"https:\\\/\\\/lasentinelle.dz\\\/\",\"logo\":{\"@type\":\"ImageObject\",\"inLanguage\":\"fr-FR\",\"@id\":\"https:\\\/\\\/lasentinelle.dz\\\/#\\\/schema\\\/logo\\\/image\\\/\",\"url\":\"https:\\\/\\\/lasentinelle.dz\\\/wp-content\\\/uploads\\\/2021\\\/09\\\/logo-sentinelleSLOGAN-1.png\",\"contentUrl\":\"https:\\\/\\\/lasentinelle.dz\\\/wp-content\\\/uploads\\\/2021\\\/09\\\/logo-sentinelleSLOGAN-1.png\",\"width\":615,\"height\":142,\"caption\":\"Quotidien La Sentinelle\"},\"image\":{\"@id\":\"https:\\\/\\\/lasentinelle.dz\\\/#\\\/schema\\\/logo\\\/image\\\/\"},\"sameAs\":[\"https:\\\/\\\/www.facebook.com\\\/La-Sentinelle-104059864394773\"]},{\"@type\":\"Person\",\"@id\":\"https:\\\/\\\/lasentinelle.dz\\\/#\\\/schema\\\/person\\\/729ee0024f24e0b8c5ec17232f8e8b41\",\"name\":\"admin\",\"image\":{\"@type\":\"ImageObject\",\"inLanguage\":\"fr-FR\",\"@id\":\"https:\\\/\\\/secure.gravatar.com\\\/avatar\\\/4c81fed838786e9b53f540bf46533e750f5d292099ae3b66cfc6fb1982e29df7?s=96&d=mm&r=g\",\"url\":\"https:\\\/\\\/secure.gravatar.com\\\/avatar\\\/4c81fed838786e9b53f540bf46533e750f5d292099ae3b66cfc6fb1982e29df7?s=96&d=mm&r=g\",\"contentUrl\":\"https:\\\/\\\/secure.gravatar.com\\\/avatar\\\/4c81fed838786e9b53f540bf46533e750f5d292099ae3b66cfc6fb1982e29df7?s=96&d=mm&r=g\",\"caption\":\"admin\"},\"description\":\"admin\",\"url\":\"https:\\\/\\\/lasentinelle.dz\\\/author\\\/admin\\\/\"}]}<\/script>\n<!-- \/ Yoast SEO plugin. -->","yoast_head_json":{"title":"Crise \u00e0 la FIFA\u00a0: L\u2019\u00e9tau se resserre sur Infantino - La Sentinelle","robots":{"index":"index","follow":"follow","max-snippet":"max-snippet:-1","max-image-preview":"max-image-preview:large","max-video-preview":"max-video-preview:-1"},"canonical":"https:\/\/lasentinelle.dz\/index.php\/2026\/09\/01\/crise-a-la-fifa-letau-se-resserre-sur-infantino\/","og_locale":"fr_FR","og_type":"article","og_title":"Crise \u00e0 la FIFA\u00a0: L\u2019\u00e9tau se resserre sur Infantino - La Sentinelle","og_description":"L&rsquo;ancien pr\u00e9sident de l&rsquo;UEFA, Michel Platini, a de nouveau vivement critiqu\u00e9 dimanche soir le pr\u00e9sident de la FIFA, Gianni Infantino,","og_url":"https:\/\/lasentinelle.dz\/index.php\/2026\/09\/01\/crise-a-la-fifa-letau-se-resserre-sur-infantino\/","og_site_name":"La Sentinelle","article_publisher":"https:\/\/www.facebook.com\/La-Sentinelle-104059864394773","article_published_time":"2026-09-01T09:39:33+00:00","article_modified_time":"2026-09-01T09:39:35+00:00","og_image":[{"width":745,"height":470,"url":"https:\/\/lasentinelle.dz\/wp-content\/uploads\/2023\/01\/Infantino.jpeg","type":"image\/jpeg"}],"author":"admin","twitter_card":"summary_large_image","twitter_misc":{"\u00c9crit par":"admin","Dur\u00e9e de lecture estim\u00e9e":"3 minutes"},"schema":{"@context":"https:\/\/schema.org","@graph":[{"@type":"Article","@id":"https:\/\/lasentinelle.dz\/index.php\/2026\/09\/01\/crise-a-la-fifa-letau-se-resserre-sur-infantino\/#article","isPartOf":{"@id":"https:\/\/lasentinelle.dz\/index.php\/2026\/09\/01\/crise-a-la-fifa-letau-se-resserre-sur-infantino\/"},"author":{"name":"admin","@id":"https:\/\/lasentinelle.dz\/#\/schema\/person\/729ee0024f24e0b8c5ec17232f8e8b41"},"headline":"Crise \u00e0 la FIFA\u00a0: L\u2019\u00e9tau se resserre sur Infantino","datePublished":"2026-09-01T09:39:33+00:00","dateModified":"2026-09-01T09:39:35+00:00","mainEntityOfPage":{"@id":"https:\/\/lasentinelle.dz\/index.php\/2026\/09\/01\/crise-a-la-fifa-letau-se-resserre-sur-infantino\/"},"wordCount":623,"commentCount":0,"publisher":{"@id":"https:\/\/lasentinelle.dz\/#organization"},"image":{"@id":"https:\/\/lasentinelle.dz\/index.php\/2026\/09\/01\/crise-a-la-fifa-letau-se-resserre-sur-infantino\/#primaryimage"},"thumbnailUrl":"https:\/\/lasentinelle.dz\/wp-content\/uploads\/2023\/01\/Infantino.jpeg","articleSection":["Sports"],"inLanguage":"fr-FR","potentialAction":[{"@type":"CommentAction","name":"Comment","target":["https:\/\/lasentinelle.dz\/index.php\/2026\/09\/01\/crise-a-la-fifa-letau-se-resserre-sur-infantino\/#respond"]}]},{"@type":"WebPage","@id":"https:\/\/lasentinelle.dz\/index.php\/2026\/09\/01\/crise-a-la-fifa-letau-se-resserre-sur-infantino\/","url":"https:\/\/lasentinelle.dz\/index.php\/2026\/09\/01\/crise-a-la-fifa-letau-se-resserre-sur-infantino\/","name":"Crise \u00e0 la FIFA\u00a0: L\u2019\u00e9tau se resserre sur Infantino - La Sentinelle","isPartOf":{"@id":"https:\/\/lasentinelle.dz\/#website"},"primaryImageOfPage":{"@id":"https:\/\/lasentinelle.dz\/index.php\/2026\/09\/01\/crise-a-la-fifa-letau-se-resserre-sur-infantino\/#primaryimage"},"image":{"@id":"https:\/\/lasentinelle.dz\/index.php\/2026\/09\/01\/crise-a-la-fifa-letau-se-resserre-sur-infantino\/#primaryimage"},"thumbnailUrl":"https:\/\/lasentinelle.dz\/wp-content\/uploads\/2023\/01\/Infantino.jpeg","datePublished":"2026-09-01T09:39:33+00:00","dateModified":"2026-09-01T09:39:35+00:00","breadcrumb":{"@id":"https:\/\/lasentinelle.dz\/index.php\/2026\/09\/01\/crise-a-la-fifa-letau-se-resserre-sur-infantino\/#breadcrumb"},"inLanguage":"fr-FR","potentialAction":[{"@type":"ReadAction","target":["https:\/\/lasentinelle.dz\/index.php\/2026\/09\/01\/crise-a-la-fifa-letau-se-resserre-sur-infantino\/"]}]},{"@type":"ImageObject","inLanguage":"fr-FR","@id":"https:\/\/lasentinelle.dz\/index.php\/2026\/09\/01\/crise-a-la-fifa-letau-se-resserre-sur-infantino\/#primaryimage","url":"https:\/\/lasentinelle.dz\/wp-content\/uploads\/2023\/01\/Infantino.jpeg","contentUrl":"https:\/\/lasentinelle.dz\/wp-content\/uploads\/2023\/01\/Infantino.jpeg","width":745,"height":470},{"@type":"BreadcrumbList","@id":"https:\/\/lasentinelle.dz\/index.php\/2026\/09\/01\/crise-a-la-fifa-letau-se-resserre-sur-infantino\/#breadcrumb","itemListElement":[{"@type":"ListItem","position":1,"name":"Accueil","item":"https:\/\/lasentinelle.dz\/"},{"@type":"ListItem","position":2,"name":"Crise \u00e0 la FIFA\u00a0: L\u2019\u00e9tau se resserre sur Infantino"}]},{"@type":"WebSite","@id":"https:\/\/lasentinelle.dz\/#website","url":"https:\/\/lasentinelle.dz\/","name":"La Sentinelle","description":"Quotidien national d&#039;information","publisher":{"@id":"https:\/\/lasentinelle.dz\/#organization"},"potentialAction":[{"@type":"SearchAction","target":{"@type":"EntryPoint","urlTemplate":"https:\/\/lasentinelle.dz\/?s={search_term_string}"},"query-input":{"@type":"PropertyValueSpecification","valueRequired":true,"valueName":"search_term_string"}}],"inLanguage":"fr-FR"},{"@type":"Organization","@id":"https:\/\/lasentinelle.dz\/#organization","name":"Quotidien La Sentinelle","url":"https:\/\/lasentinelle.dz\/","logo":{"@type":"ImageObject","inLanguage":"fr-FR","@id":"https:\/\/lasentinelle.dz\/#\/schema\/logo\/image\/","url":"https:\/\/lasentinelle.dz\/wp-content\/uploads\/2021\/09\/logo-sentinelleSLOGAN-1.png","contentUrl":"https:\/\/lasentinelle.dz\/wp-content\/uploads\/2021\/09\/logo-sentinelleSLOGAN-1.png","width":615,"height":142,"caption":"Quotidien La Sentinelle"},"image":{"@id":"https:\/\/lasentinelle.dz\/#\/schema\/logo\/image\/"},"sameAs":["https:\/\/www.facebook.com\/La-Sentinelle-104059864394773"]},{"@type":"Person","@id":"https:\/\/lasentinelle.dz\/#\/schema\/person\/729ee0024f24e0b8c5ec17232f8e8b41","name":"admin","image":{"@type":"ImageObject","inLanguage":"fr-FR","@id":"https:\/\/secure.gravatar.com\/avatar\/4c81fed838786e9b53f540bf46533e750f5d292099ae3b66cfc6fb1982e29df7?s=96&d=mm&r=g","url":"https:\/\/secure.gravatar.com\/avatar\/4c81fed838786e9b53f540bf46533e750f5d292099ae3b66cfc6fb1982e29df7?s=96&d=mm&r=g","contentUrl":"https:\/\/secure.gravatar.com\/avatar\/4c81fed838786e9b53f540bf46533e750f5d292099ae3b66cfc6fb1982e29df7?s=96&d=mm&r=g","caption":"admin"},"description":"admin","url":"https:\/\/lasentinelle.dz\/author\/admin\/"}]}},"_links":{"self":[{"href":"https:\/\/lasentinelle.dz\/index.php\/wp-json\/wp\/v2\/posts\/94700","targetHints":{"allow":["GET"]}}],"collection":[{"href":"https:\/\/lasentinelle.dz\/index.php\/wp-json\/wp\/v2\/posts"}],"about":[{"href":"https:\/\/lasentinelle.dz\/index.php\/wp-json\/wp\/v2\/types\/post"}],"author":[{"embeddable":true,"href":"https:\/\/lasentinelle.dz\/index.php\/wp-json\/wp\/v2\/users\/6"}],"replies":[{"embeddable":true,"href":"https:\/\/lasentinelle.dz\/index.php\/wp-json\/wp\/v2\/comments?post=94700"}],"version-history":[{"count":1,"href":"https:\/\/lasentinelle.dz\/index.php\/wp-json\/wp\/v2\/posts\/94700\/revisions"}],"predecessor-version":[{"id":94701,"href":"https:\/\/lasentinelle.dz\/index.php\/wp-json\/wp\/v2\/posts\/94700\/revisions\/94701"}],"wp:featuredmedia":[{"embeddable":true,"href":"https:\/\/lasentinelle.dz\/index.php\/wp-json\/wp\/v2\/media\/33582"}],"wp:attachment":[{"href":"https:\/\/lasentinelle.dz\/index.php\/wp-json\/wp\/v2\/media?parent=94700"}],"wp:term":[{"taxonomy":"category","embeddable":true,"href":"https:\/\/lasentinelle.dz\/index.php\/wp-json\/wp\/v2\/categories?post=94700"},{"taxonomy":"post_tag","embeddable":true,"href":"https:\/\/lasentinelle.dz\/index.php\/wp-json\/wp\/v2\/tags?post=94700"}],"curies":[{"name":"wp","href":"https:\/\/api.w.org\/{rel}","templated":true}]}}