{"id":94702,"date":"2026-09-01T10:41:48","date_gmt":"2026-09-01T09:41:48","guid":{"rendered":"https:\/\/lasentinelle.dz\/?p=94702"},"modified":"2026-09-01T10:41:50","modified_gmt":"2026-09-01T09:41:50","slug":"dossier-belghali-la-premier-league-sinvite-a-la-table","status":"publish","type":"post","link":"https:\/\/lasentinelle.dz\/index.php\/2026\/09\/01\/dossier-belghali-la-premier-league-sinvite-a-la-table\/","title":{"rendered":"Dossier Belghali\u00a0: La Premier League s&rsquo;invite \u00e0 la table"},"content":{"rendered":"\n<p class=\"wp-block-paragraph\">Alors que son transfert au Torino paraissait act\u00e9 ces derni\u00e8res heures, l&rsquo;avenir de Rafik Belghali conna\u00eet un rebondissement de derni\u00e8re minute. \u00c0 deux jours de la fermeture du march\u00e9 des transferts, Hull City serait entr\u00e9 dans la course pour tenter de d\u00e9tourner l&rsquo;international alg\u00e9rien de sa trajectoire italienne, selon les informations rapport\u00e9es par le journaliste de L&rsquo;\u00c9quipe Lo\u00efc Tanzi. Auteur d&rsquo;un exercice remarqu\u00e9 avec l&rsquo;Hellas V\u00e9rone la saison pass\u00e9e, en d\u00e9pit de la rel\u00e9gation du club v\u00e9nitien en Serie B, le lat\u00e9ral droit de 24 ans a vu sa cote grimper davantage apr\u00e8s une Coupe du monde 2026 r\u00e9ussie sous le maillot national. Sous contrat jusqu&rsquo;en 2029 avec V\u00e9rone, l&rsquo;ancien joueur de Lommel figure depuis plusieurs semaines sur la short-list du club turinois, en qu\u00eate d&rsquo;un successeur \u00e0 Marcus Holmgren Pedersen, parti renforcer les rangs de l&rsquo;Olympiakos. Les tractations entre les deux clubs italiens s&rsquo;\u00e9taient r\u00e9cemment acc\u00e9l\u00e9r\u00e9es autour d&rsquo;un montant avoisinant les 7 millions d&rsquo;euros, laissant pr\u00e9sager une issue rapide. Toutefois, rien n&rsquo;est encore officiellement scell\u00e9. Alors que le Torino semblait tenir la corde, Hull City tenterait une man\u0153uvre de derni\u00e8re minute pour convaincre le Fennec de privil\u00e9gier la Premier League \u00e0 la Serie A. Une incursion qui rebat totalement les cartes d&rsquo;un dossier que l&rsquo;on pensait pourtant proche de son \u00e9pilogue. D&rsquo;autres \u00e9curies europ\u00e9ennes, \u00e0 l&rsquo;image de l&rsquo;AS Roma, Newcastle, l&rsquo;Inter Milan ou encore l&rsquo;Olympique de Marseille, avaient \u00e9galement suivi le profil du d\u00e9fenseur alg\u00e9rien au cours de l&rsquo;\u00e9t\u00e9, sans toutefois concr\u00e9tiser leur int\u00e9r\u00eat par une offre ferme. L&rsquo;Hellas V\u00e9rone, dont la situation financi\u00e8re impose de d\u00e9graisser l&rsquo;effectif, se retrouve d\u00e9sormais dans l&rsquo;obligation d&rsquo;arbitrer entre deux pistes concurrentes, italienne et anglaise, avant l&rsquo;\u00e9ch\u00e9ance du mercato.<\/p>\n\n\n\n<p class=\"wp-block-paragraph\">M.D.<\/p>\n","protected":false},"excerpt":{"rendered":"<p>Alors que son transfert au Torino paraissait act\u00e9 ces derni\u00e8res heures, l&rsquo;avenir de Rafik Belghali conna\u00eet un rebondissement de derni\u00e8re<\/p>\n","protected":false},"author":6,"featured_media":93628,"comment_status":"open","ping_status":"closed","sticky":false,"template":"","format":"standard","meta":{"colormag_page_container_layout":"default_layout","colormag_page_sidebar_layout":"default_layout","om_disable_all_campaigns":false,"_monsterinsights_skip_tracking":false,"footnotes":"","_wpscppro_dont_share_socialmedia":false,"_wpscppro_custom_social_share_image":0,"_facebook_share_type":"default","_twitter_share_type":"default","_linkedin_share_type":"default","_pinterest_share_type":"default","_linkedin_share_type_page":"","_instagram_share_type":"default","_medium_share_type":"default","_threads_share_type":"default","_google_business_share_type":"default","_bluesky_share_type":"default","_mastodon_share_type":"default","_selected_social_profile":[],"_wpsp_enable_custom_social_template":false,"_wpsp_social_scheduling":{"enabled":false,"datetime":null,"platforms":[],"status":"template_only","dateOption":"today","timeOption":"now","customDays":"","customHours":"","customDate":"","customTime":"","schedulingType":"absolute"},"_wpsp_active_default_template":true},"categories":[33],"tags":[],"class_list":["post-94702","post","type-post","status-publish","format-standard","has-post-thumbnail","hentry","category-sports"],"aioseo_notices":[],"aioseo_head":"\n\t\t<!-- All in One SEO 5.0.0.1 - aioseo.com -->\n\t<meta name=\"description\" content=\"Alors que son transfert au Torino paraissait act\u00e9 ces derni\u00e8res heures, l&#039;avenir de Rafik Belghali conna\u00eet un rebondissement de derni\u00e8re minute. \u00c0 deux jours de la fermeture du march\u00e9 des transferts, Hull City serait entr\u00e9 dans la course pour tenter de d\u00e9tourner l&#039;international alg\u00e9rien de sa trajectoire italienne, selon les informations rapport\u00e9es par le journaliste\" \/>\n\t<meta name=\"robots\" content=\"max-image-preview:large\" \/>\n\t<meta name=\"author\" content=\"admin\"\/>\n\t<link rel=\"canonical\" href=\"https:\/\/lasentinelle.dz\/index.php\/2026\/09\/01\/dossier-belghali-la-premier-league-sinvite-a-la-table\/\" \/>\n\t<meta name=\"generator\" content=\"All in One SEO (AIOSEO) 5.0.0.1\" \/>\n\t\t<meta property=\"og:locale\" content=\"fr_FR\" \/>\n\t\t<meta property=\"og:site_name\" content=\"La Sentinelle - Quotidien national d&#039;information\" \/>\n\t\t<meta property=\"og:type\" content=\"article\" \/>\n\t\t<meta property=\"og:title\" content=\"Dossier Belghali : La Premier League s\u2019invite \u00e0 la table - La Sentinelle\" \/>\n\t\t<meta property=\"og:description\" content=\"Alors que son transfert au Torino paraissait act\u00e9 ces derni\u00e8res heures, l&#039;avenir de Rafik Belghali conna\u00eet un rebondissement de derni\u00e8re minute. \u00c0 deux jours de la fermeture du march\u00e9 des transferts, Hull City serait entr\u00e9 dans la course pour tenter de d\u00e9tourner l&#039;international alg\u00e9rien de sa trajectoire italienne, selon les informations rapport\u00e9es par le journaliste\" \/>\n\t\t<meta property=\"og:url\" content=\"https:\/\/lasentinelle.dz\/index.php\/2026\/09\/01\/dossier-belghali-la-premier-league-sinvite-a-la-table\/\" \/>\n\t\t<meta property=\"og:image\" content=\"https:\/\/lasentinelle.dz\/wp-content\/uploads\/2021\/09\/cropped-la-sentinelle-earth-golden-anima-5.gif\" \/>\n\t\t<meta property=\"og:image:secure_url\" content=\"https:\/\/lasentinelle.dz\/wp-content\/uploads\/2021\/09\/cropped-la-sentinelle-earth-golden-anima-5.gif\" \/>\n\t\t<meta property=\"og:image:width\" content=\"450\" \/>\n\t\t<meta property=\"og:image:height\" content=\"213\" \/>\n\t\t<meta property=\"article:published_time\" content=\"2026-09-01T09:41:48+00:00\" \/>\n\t\t<meta property=\"article:modified_time\" content=\"2026-09-01T09:41:50+00:00\" \/>\n\t\t<meta property=\"article:publisher\" content=\"https:\/\/www.facebook.com\/azzedine.lasentinelle.1\" \/>\n\t\t<meta name=\"twitter:card\" content=\"summary_large_image\" \/>\n\t\t<meta name=\"twitter:title\" content=\"Dossier Belghali : La Premier League s\u2019invite \u00e0 la table - La Sentinelle\" \/>\n\t\t<meta name=\"twitter:description\" content=\"Alors que son transfert au Torino paraissait act\u00e9 ces derni\u00e8res heures, l&#039;avenir de Rafik Belghali conna\u00eet un rebondissement de derni\u00e8re minute. \u00c0 deux jours de la fermeture du march\u00e9 des transferts, Hull City serait entr\u00e9 dans la course pour tenter de d\u00e9tourner l&#039;international alg\u00e9rien de sa trajectoire italienne, selon les informations rapport\u00e9es par le journaliste\" \/>\n\t\t<meta name=\"twitter:image\" content=\"https:\/\/lasentinelle.dz\/wp-content\/uploads\/2021\/09\/cropped-la-sentinelle-earth-golden-anima-5.gif\" \/>\n\t\t<script type=\"application\/ld+json\" class=\"aioseo-schema\">\n\t\t\t{\"@context\":\"https:\\\/\\\/schema.org\",\"@graph\":[{\"@type\":\"BlogPosting\",\"@id\":\"https:\\\/\\\/lasentinelle.dz\\\/index.php\\\/2026\\\/09\\\/01\\\/dossier-belghali-la-premier-league-sinvite-a-la-table\\\/#blogposting\",\"name\":\"Dossier Belghali : La Premier League s\\u2019invite \\u00e0 la table - La Sentinelle\",\"headline\":\"Dossier Belghali\\u00a0: La Premier League s&rsquo;invite \\u00e0 la table\",\"author\":{\"@id\":\"https:\\\/\\\/lasentinelle.dz\\\/author\\\/admin\\\/#author\"},\"publisher\":{\"@id\":\"https:\\\/\\\/lasentinelle.dz\\\/#organization\"},\"image\":{\"@type\":\"ImageObject\",\"url\":\"https:\\\/\\\/lasentinelle.dz\\\/wp-content\\\/uploads\\\/2026\\\/08\\\/Rafik-Belghali.jpeg\",\"width\":701,\"height\":438},\"datePublished\":\"2026-09-01T10:41:48+01:00\",\"dateModified\":\"2026-09-01T10:41:50+01:00\",\"inLanguage\":\"fr-FR\",\"mainEntityOfPage\":{\"@id\":\"https:\\\/\\\/lasentinelle.dz\\\/index.php\\\/2026\\\/09\\\/01\\\/dossier-belghali-la-premier-league-sinvite-a-la-table\\\/#webpage\"},\"isPartOf\":{\"@id\":\"https:\\\/\\\/lasentinelle.dz\\\/index.php\\\/2026\\\/09\\\/01\\\/dossier-belghali-la-premier-league-sinvite-a-la-table\\\/#webpage\"},\"articleSection\":\"Sports\"},{\"@type\":\"BreadcrumbList\",\"@id\":\"https:\\\/\\\/lasentinelle.dz\\\/index.php\\\/2026\\\/09\\\/01\\\/dossier-belghali-la-premier-league-sinvite-a-la-table\\\/#breadcrumblist\",\"itemListElement\":[{\"@type\":\"ListItem\",\"@id\":\"https:\\\/\\\/lasentinelle.dz#listItem\",\"position\":1,\"name\":\"Home\",\"item\":\"https:\\\/\\\/lasentinelle.dz\",\"nextItem\":{\"@type\":\"ListItem\",\"@id\":\"https:\\\/\\\/lasentinelle.dz\\\/index.php\\\/category\\\/sports\\\/#listItem\",\"name\":\"Sports\"}},{\"@type\":\"ListItem\",\"@id\":\"https:\\\/\\\/lasentinelle.dz\\\/index.php\\\/category\\\/sports\\\/#listItem\",\"position\":2,\"name\":\"Sports\",\"item\":\"https:\\\/\\\/lasentinelle.dz\\\/index.php\\\/category\\\/sports\\\/\",\"nextItem\":{\"@type\":\"ListItem\",\"@id\":\"https:\\\/\\\/lasentinelle.dz\\\/index.php\\\/2026\\\/09\\\/01\\\/dossier-belghali-la-premier-league-sinvite-a-la-table\\\/#listItem\",\"name\":\"Dossier Belghali\\u00a0: La Premier League s&rsquo;invite \\u00e0 la table\"},\"previousItem\":{\"@type\":\"ListItem\",\"@id\":\"https:\\\/\\\/lasentinelle.dz#listItem\",\"name\":\"Home\"}},{\"@type\":\"ListItem\",\"@id\":\"https:\\\/\\\/lasentinelle.dz\\\/index.php\\\/2026\\\/09\\\/01\\\/dossier-belghali-la-premier-league-sinvite-a-la-table\\\/#listItem\",\"position\":3,\"name\":\"Dossier Belghali\\u00a0: La Premier League s&rsquo;invite \\u00e0 la table\",\"previousItem\":{\"@type\":\"ListItem\",\"@id\":\"https:\\\/\\\/lasentinelle.dz\\\/index.php\\\/category\\\/sports\\\/#listItem\",\"name\":\"Sports\"}}]},{\"@type\":\"Organization\",\"@id\":\"https:\\\/\\\/lasentinelle.dz\\\/#organization\",\"name\":\"La Sentinelle La Sentinelle\",\"description\":\"Quotidien national d'information\",\"url\":\"https:\\\/\\\/lasentinelle.dz\\\/\",\"logo\":{\"@type\":\"ImageObject\",\"url\":\"https:\\\/\\\/lasentinelle.dz\\\/wp-content\\\/uploads\\\/2021\\\/09\\\/cropped-la-sentinelle-earth-golden-anima-5.gif\",\"@id\":\"https:\\\/\\\/lasentinelle.dz\\\/index.php\\\/2026\\\/09\\\/01\\\/dossier-belghali-la-premier-league-sinvite-a-la-table\\\/#organizationLogo\",\"width\":450,\"height\":213},\"image\":{\"@id\":\"https:\\\/\\\/lasentinelle.dz\\\/index.php\\\/2026\\\/09\\\/01\\\/dossier-belghali-la-premier-league-sinvite-a-la-table\\\/#organizationLogo\"},\"sameAs\":[\"https:\\\/\\\/www.facebook.com\\\/azzedine.lasentinelle.1\"]},{\"@type\":\"Person\",\"@id\":\"https:\\\/\\\/lasentinelle.dz\\\/author\\\/admin\\\/#author\",\"url\":\"https:\\\/\\\/lasentinelle.dz\\\/author\\\/admin\\\/\",\"name\":\"admin\",\"image\":{\"@type\":\"ImageObject\",\"@id\":\"https:\\\/\\\/lasentinelle.dz\\\/index.php\\\/2026\\\/09\\\/01\\\/dossier-belghali-la-premier-league-sinvite-a-la-table\\\/#authorImage\",\"url\":\"https:\\\/\\\/secure.gravatar.com\\\/avatar\\\/4c81fed838786e9b53f540bf46533e750f5d292099ae3b66cfc6fb1982e29df7?s=96&d=mm&r=g\",\"width\":96,\"height\":96,\"caption\":\"admin\"}},{\"@type\":\"WebPage\",\"@id\":\"https:\\\/\\\/lasentinelle.dz\\\/index.php\\\/2026\\\/09\\\/01\\\/dossier-belghali-la-premier-league-sinvite-a-la-table\\\/#webpage\",\"url\":\"https:\\\/\\\/lasentinelle.dz\\\/index.php\\\/2026\\\/09\\\/01\\\/dossier-belghali-la-premier-league-sinvite-a-la-table\\\/\",\"name\":\"Dossier Belghali : La Premier League s\\u2019invite \\u00e0 la table - La Sentinelle\",\"description\":\"Alors que son transfert au Torino paraissait act\\u00e9 ces derni\\u00e8res heures, l'avenir de Rafik Belghali conna\\u00eet un rebondissement de derni\\u00e8re minute. \\u00c0 deux jours de la fermeture du march\\u00e9 des transferts, Hull City serait entr\\u00e9 dans la course pour tenter de d\\u00e9tourner l'international alg\\u00e9rien de sa trajectoire italienne, selon les informations rapport\\u00e9es par le journaliste\",\"inLanguage\":\"fr-FR\",\"isPartOf\":{\"@id\":\"https:\\\/\\\/lasentinelle.dz\\\/#website\"},\"breadcrumb\":{\"@id\":\"https:\\\/\\\/lasentinelle.dz\\\/index.php\\\/2026\\\/09\\\/01\\\/dossier-belghali-la-premier-league-sinvite-a-la-table\\\/#breadcrumblist\"},\"author\":{\"@id\":\"https:\\\/\\\/lasentinelle.dz\\\/author\\\/admin\\\/#author\"},\"creator\":{\"@id\":\"https:\\\/\\\/lasentinelle.dz\\\/author\\\/admin\\\/#author\"},\"image\":{\"@type\":\"ImageObject\",\"url\":\"https:\\\/\\\/lasentinelle.dz\\\/wp-content\\\/uploads\\\/2026\\\/08\\\/Rafik-Belghali.jpeg\",\"@id\":\"https:\\\/\\\/lasentinelle.dz\\\/index.php\\\/2026\\\/09\\\/01\\\/dossier-belghali-la-premier-league-sinvite-a-la-table\\\/#mainImage\",\"width\":701,\"height\":438},\"primaryImageOfPage\":{\"@id\":\"https:\\\/\\\/lasentinelle.dz\\\/index.php\\\/2026\\\/09\\\/01\\\/dossier-belghali-la-premier-league-sinvite-a-la-table\\\/#mainImage\"},\"datePublished\":\"2026-09-01T10:41:48+01:00\",\"dateModified\":\"2026-09-01T10:41:50+01:00\"},{\"@type\":\"WebSite\",\"@id\":\"https:\\\/\\\/lasentinelle.dz\\\/#website\",\"url\":\"https:\\\/\\\/lasentinelle.dz\\\/\",\"name\":\"La Sentinelle\",\"description\":\"Quotidien national d'information\",\"inLanguage\":\"fr-FR\",\"publisher\":{\"@id\":\"https:\\\/\\\/lasentinelle.dz\\\/#organization\"}}]}\n\t\t<\/script>\n\t\t<!-- All in One SEO -->\n\n","aioseo_head_json":{"title":"Dossier Belghali : La Premier League s\u2019invite \u00e0 la table - La Sentinelle","description":"Alors que son transfert au Torino paraissait act\u00e9 ces derni\u00e8res heures, l'avenir de Rafik Belghali conna\u00eet un rebondissement de derni\u00e8re minute. \u00c0 deux jours de la fermeture du march\u00e9 des transferts, Hull City serait entr\u00e9 dans la course pour tenter de d\u00e9tourner l'international alg\u00e9rien de sa trajectoire italienne, selon les informations rapport\u00e9es par le journaliste","canonical_url":"https:\/\/lasentinelle.dz\/index.php\/2026\/09\/01\/dossier-belghali-la-premier-league-sinvite-a-la-table\/","robots":"max-image-preview:large","keywords":"","webmasterTools":{"miscellaneous":""},"schema":{"@context":"https:\/\/schema.org","@graph":[{"@type":"BlogPosting","@id":"https:\/\/lasentinelle.dz\/index.php\/2026\/09\/01\/dossier-belghali-la-premier-league-sinvite-a-la-table\/#blogposting","name":"Dossier Belghali : La Premier League s\u2019invite \u00e0 la table - La Sentinelle","headline":"Dossier Belghali\u00a0: La Premier League s&rsquo;invite \u00e0 la table","author":{"@id":"https:\/\/lasentinelle.dz\/author\/admin\/#author"},"publisher":{"@id":"https:\/\/lasentinelle.dz\/#organization"},"image":{"@type":"ImageObject","url":"https:\/\/lasentinelle.dz\/wp-content\/uploads\/2026\/08\/Rafik-Belghali.jpeg","width":701,"height":438},"datePublished":"2026-09-01T10:41:48+01:00","dateModified":"2026-09-01T10:41:50+01:00","inLanguage":"fr-FR","mainEntityOfPage":{"@id":"https:\/\/lasentinelle.dz\/index.php\/2026\/09\/01\/dossier-belghali-la-premier-league-sinvite-a-la-table\/#webpage"},"isPartOf":{"@id":"https:\/\/lasentinelle.dz\/index.php\/2026\/09\/01\/dossier-belghali-la-premier-league-sinvite-a-la-table\/#webpage"},"articleSection":"Sports"},{"@type":"BreadcrumbList","@id":"https:\/\/lasentinelle.dz\/index.php\/2026\/09\/01\/dossier-belghali-la-premier-league-sinvite-a-la-table\/#breadcrumblist","itemListElement":[{"@type":"ListItem","@id":"https:\/\/lasentinelle.dz#listItem","position":1,"name":"Home","item":"https:\/\/lasentinelle.dz","nextItem":{"@type":"ListItem","@id":"https:\/\/lasentinelle.dz\/index.php\/category\/sports\/#listItem","name":"Sports"}},{"@type":"ListItem","@id":"https:\/\/lasentinelle.dz\/index.php\/category\/sports\/#listItem","position":2,"name":"Sports","item":"https:\/\/lasentinelle.dz\/index.php\/category\/sports\/","nextItem":{"@type":"ListItem","@id":"https:\/\/lasentinelle.dz\/index.php\/2026\/09\/01\/dossier-belghali-la-premier-league-sinvite-a-la-table\/#listItem","name":"Dossier Belghali\u00a0: La Premier League s&rsquo;invite \u00e0 la table"},"previousItem":{"@type":"ListItem","@id":"https:\/\/lasentinelle.dz#listItem","name":"Home"}},{"@type":"ListItem","@id":"https:\/\/lasentinelle.dz\/index.php\/2026\/09\/01\/dossier-belghali-la-premier-league-sinvite-a-la-table\/#listItem","position":3,"name":"Dossier Belghali\u00a0: La Premier League s&rsquo;invite \u00e0 la table","previousItem":{"@type":"ListItem","@id":"https:\/\/lasentinelle.dz\/index.php\/category\/sports\/#listItem","name":"Sports"}}]},{"@type":"Organization","@id":"https:\/\/lasentinelle.dz\/#organization","name":"La Sentinelle La Sentinelle","description":"Quotidien national d'information","url":"https:\/\/lasentinelle.dz\/","logo":{"@type":"ImageObject","url":"https:\/\/lasentinelle.dz\/wp-content\/uploads\/2021\/09\/cropped-la-sentinelle-earth-golden-anima-5.gif","@id":"https:\/\/lasentinelle.dz\/index.php\/2026\/09\/01\/dossier-belghali-la-premier-league-sinvite-a-la-table\/#organizationLogo","width":450,"height":213},"image":{"@id":"https:\/\/lasentinelle.dz\/index.php\/2026\/09\/01\/dossier-belghali-la-premier-league-sinvite-a-la-table\/#organizationLogo"},"sameAs":["https:\/\/www.facebook.com\/azzedine.lasentinelle.1"]},{"@type":"Person","@id":"https:\/\/lasentinelle.dz\/author\/admin\/#author","url":"https:\/\/lasentinelle.dz\/author\/admin\/","name":"admin","image":{"@type":"ImageObject","@id":"https:\/\/lasentinelle.dz\/index.php\/2026\/09\/01\/dossier-belghali-la-premier-league-sinvite-a-la-table\/#authorImage","url":"https:\/\/secure.gravatar.com\/avatar\/4c81fed838786e9b53f540bf46533e750f5d292099ae3b66cfc6fb1982e29df7?s=96&d=mm&r=g","width":96,"height":96,"caption":"admin"}},{"@type":"WebPage","@id":"https:\/\/lasentinelle.dz\/index.php\/2026\/09\/01\/dossier-belghali-la-premier-league-sinvite-a-la-table\/#webpage","url":"https:\/\/lasentinelle.dz\/index.php\/2026\/09\/01\/dossier-belghali-la-premier-league-sinvite-a-la-table\/","name":"Dossier Belghali : La Premier League s\u2019invite \u00e0 la table - La Sentinelle","description":"Alors que son transfert au Torino paraissait act\u00e9 ces derni\u00e8res heures, l'avenir de Rafik Belghali conna\u00eet un rebondissement de derni\u00e8re minute. \u00c0 deux jours de la fermeture du march\u00e9 des transferts, Hull City serait entr\u00e9 dans la course pour tenter de d\u00e9tourner l'international alg\u00e9rien de sa trajectoire italienne, selon les informations rapport\u00e9es par le journaliste","inLanguage":"fr-FR","isPartOf":{"@id":"https:\/\/lasentinelle.dz\/#website"},"breadcrumb":{"@id":"https:\/\/lasentinelle.dz\/index.php\/2026\/09\/01\/dossier-belghali-la-premier-league-sinvite-a-la-table\/#breadcrumblist"},"author":{"@id":"https:\/\/lasentinelle.dz\/author\/admin\/#author"},"creator":{"@id":"https:\/\/lasentinelle.dz\/author\/admin\/#author"},"image":{"@type":"ImageObject","url":"https:\/\/lasentinelle.dz\/wp-content\/uploads\/2026\/08\/Rafik-Belghali.jpeg","@id":"https:\/\/lasentinelle.dz\/index.php\/2026\/09\/01\/dossier-belghali-la-premier-league-sinvite-a-la-table\/#mainImage","width":701,"height":438},"primaryImageOfPage":{"@id":"https:\/\/lasentinelle.dz\/index.php\/2026\/09\/01\/dossier-belghali-la-premier-league-sinvite-a-la-table\/#mainImage"},"datePublished":"2026-09-01T10:41:48+01:00","dateModified":"2026-09-01T10:41:50+01:00"},{"@type":"WebSite","@id":"https:\/\/lasentinelle.dz\/#website","url":"https:\/\/lasentinelle.dz\/","name":"La Sentinelle","description":"Quotidien national d'information","inLanguage":"fr-FR","publisher":{"@id":"https:\/\/lasentinelle.dz\/#organization"}}]},"og:locale":"fr_FR","og:site_name":"La Sentinelle - Quotidien national d'information","og:type":"article","og:title":"Dossier Belghali : La Premier League s\u2019invite \u00e0 la table - La Sentinelle","og:description":"Alors que son transfert au Torino paraissait act\u00e9 ces derni\u00e8res heures, l'avenir de Rafik Belghali conna\u00eet un rebondissement de derni\u00e8re minute. \u00c0 deux jours de la fermeture du march\u00e9 des transferts, Hull City serait entr\u00e9 dans la course pour tenter de d\u00e9tourner l'international alg\u00e9rien de sa trajectoire italienne, selon les informations rapport\u00e9es par le journaliste","og:url":"https:\/\/lasentinelle.dz\/index.php\/2026\/09\/01\/dossier-belghali-la-premier-league-sinvite-a-la-table\/","og:image":"https:\/\/lasentinelle.dz\/wp-content\/uploads\/2021\/09\/cropped-la-sentinelle-earth-golden-anima-5.gif","og:image:secure_url":"https:\/\/lasentinelle.dz\/wp-content\/uploads\/2021\/09\/cropped-la-sentinelle-earth-golden-anima-5.gif","og:image:width":450,"og:image:height":213,"article:published_time":"2026-09-01T09:41:48+00:00","article:modified_time":"2026-09-01T09:41:50+00:00","article:publisher":"https:\/\/www.facebook.com\/azzedine.lasentinelle.1","twitter:card":"summary_large_image","twitter:title":"Dossier Belghali : La Premier League s\u2019invite \u00e0 la table - La Sentinelle","twitter:description":"Alors que son transfert au Torino paraissait act\u00e9 ces derni\u00e8res heures, l'avenir de Rafik Belghali conna\u00eet un rebondissement de derni\u00e8re minute. \u00c0 deux jours de la fermeture du march\u00e9 des transferts, Hull City serait entr\u00e9 dans la course pour tenter de d\u00e9tourner l'international alg\u00e9rien de sa trajectoire italienne, selon les informations rapport\u00e9es par le journaliste","twitter:image":"https:\/\/lasentinelle.dz\/wp-content\/uploads\/2021\/09\/cropped-la-sentinelle-earth-golden-anima-5.gif"},"aioseo_meta_data":{"post_id":"94702","title":null,"description":null,"keywords":null,"keyphrases":{"focus":{"keyphrase":"","score":0,"analysis":{"keyphraseInTitle":{"score":0,"maxScore":9,"error":1}}},"additional":[]},"primary_term":null,"canonical_url":null,"og_title":null,"og_description":null,"og_object_type":"default","og_image_type":"default","og_image_url":null,"og_image_width":null,"og_image_height":null,"og_image_custom_url":null,"og_image_custom_fields":null,"og_video":"","og_custom_url":null,"og_article_section":null,"og_article_tags":null,"twitter_use_og":false,"twitter_card":"default","twitter_image_type":"default","twitter_image_url":null,"twitter_image_custom_url":null,"twitter_image_custom_fields":null,"twitter_title":null,"twitter_description":null,"schema":{"blockGraphs":[],"customGraphs":[],"default":{"data":{"Article":[],"Course":[],"Dataset":[],"FAQPage":[],"Movie":[],"Person":[],"Product":[],"ProductReview":[],"Car":[],"Recipe":[],"Service":[],"SoftwareApplication":[],"WebPage":[]},"graphName":"BlogPosting","isEnabled":true},"graphs":[]},"schema_type":"default","schema_type_options":null,"pillar_content":false,"robots_default":true,"robots_noindex":false,"robots_noarchive":false,"robots_nosnippet":false,"robots_nofollow":false,"robots_noimageindex":false,"robots_noodp":false,"robots_notranslate":false,"robots_max_snippet":"-1","robots_max_videopreview":"-1","robots_max_imagepreview":"large","priority":null,"frequency":"default","local_seo":null,"breadcrumb_settings":null,"limit_modified_date":false,"ai":{"faqs":[],"keyPoints":[],"schemas":[],"titles":[],"descriptions":[],"socialPosts":{"email":{"subject":"","preview":"","content":""},"linkedin":[],"twitter":[],"facebook":[],"instagram":[]}},"created":"2026-09-01 09:41:51","updated":"2026-09-01 10:57:37","focus_keyword":null,"additional_keywords":null,"truseo_locale":null,"seo_analyzer_scan_date":null},"aioseo_breadcrumb":"<div class=\"aioseo-breadcrumbs\"><span class=\"aioseo-breadcrumb\">\n\t\t\t<a href=\"https:\/\/lasentinelle.dz\" title=\"Home\">Home<\/a>\n\t\t<\/span><span class=\"aioseo-breadcrumb-separator\">&raquo;<\/span><span class=\"aioseo-breadcrumb\">\n\t\t\t<a href=\"https:\/\/lasentinelle.dz\/index.php\/category\/sports\/\" title=\"Sports\">Sports<\/a>\n\t\t<\/span><span class=\"aioseo-breadcrumb-separator\">&raquo;<\/span><span class=\"aioseo-breadcrumb\">\n\t\t\tDossier Belghali : La Premier League s\u2019invite \u00e0 la table\n\t\t<\/span><\/div>","aioseo_breadcrumb_json":[{"label":"Home","link":"https:\/\/lasentinelle.dz"},{"label":"Sports","link":"https:\/\/lasentinelle.dz\/index.php\/category\/sports\/"},{"label":"Dossier Belghali\u00a0: La Premier League s&rsquo;invite \u00e0 la table","link":"https:\/\/lasentinelle.dz\/index.php\/2026\/09\/01\/dossier-belghali-la-premier-league-sinvite-a-la-table\/"}],"yoast_head":"<!-- This site is optimized with the Yoast SEO plugin v28.3 - https:\/\/yoast.com\/product\/yoast-seo-wordpress\/ -->\n<title>Dossier Belghali\u00a0: La Premier League s&rsquo;invite \u00e0 la table - La Sentinelle<\/title>\n<meta name=\"robots\" content=\"index, follow, max-snippet:-1, max-image-preview:large, max-video-preview:-1\" \/>\n<link rel=\"canonical\" href=\"https:\/\/lasentinelle.dz\/index.php\/2026\/09\/01\/dossier-belghali-la-premier-league-sinvite-a-la-table\/\" \/>\n<meta property=\"og:locale\" content=\"fr_FR\" \/>\n<meta property=\"og:type\" content=\"article\" \/>\n<meta property=\"og:title\" content=\"Dossier Belghali\u00a0: La Premier League s&rsquo;invite \u00e0 la table - La Sentinelle\" \/>\n<meta property=\"og:description\" content=\"Alors que son transfert au Torino paraissait act\u00e9 ces derni\u00e8res heures, l&rsquo;avenir de Rafik Belghali conna\u00eet un rebondissement de derni\u00e8re\" \/>\n<meta property=\"og:url\" content=\"https:\/\/lasentinelle.dz\/index.php\/2026\/09\/01\/dossier-belghali-la-premier-league-sinvite-a-la-table\/\" \/>\n<meta property=\"og:site_name\" content=\"La Sentinelle\" \/>\n<meta property=\"article:publisher\" content=\"https:\/\/www.facebook.com\/La-Sentinelle-104059864394773\" \/>\n<meta property=\"article:published_time\" content=\"2026-09-01T09:41:48+00:00\" \/>\n<meta property=\"article:modified_time\" content=\"2026-09-01T09:41:50+00:00\" \/>\n<meta property=\"og:image\" content=\"https:\/\/lasentinelle.dz\/wp-content\/uploads\/2026\/08\/Rafik-Belghali.jpeg\" \/>\n\t<meta property=\"og:image:width\" content=\"701\" \/>\n\t<meta property=\"og:image:height\" content=\"438\" \/>\n\t<meta property=\"og:image:type\" content=\"image\/jpeg\" \/>\n<meta name=\"author\" content=\"admin\" \/>\n<meta name=\"twitter:card\" content=\"summary_large_image\" \/>\n<meta name=\"twitter:label1\" content=\"\u00c9crit par\" \/>\n\t<meta name=\"twitter:data1\" content=\"admin\" \/>\n\t<meta name=\"twitter:label2\" content=\"Dur\u00e9e de lecture estim\u00e9e\" \/>\n\t<meta name=\"twitter:data2\" content=\"2 minutes\" \/>\n<script type=\"application\/ld+json\" class=\"yoast-schema-graph\">{\"@context\":\"https:\\\/\\\/schema.org\",\"@graph\":[{\"@type\":\"Article\",\"@id\":\"https:\\\/\\\/lasentinelle.dz\\\/index.php\\\/2026\\\/09\\\/01\\\/dossier-belghali-la-premier-league-sinvite-a-la-table\\\/#article\",\"isPartOf\":{\"@id\":\"https:\\\/\\\/lasentinelle.dz\\\/index.php\\\/2026\\\/09\\\/01\\\/dossier-belghali-la-premier-league-sinvite-a-la-table\\\/\"},\"author\":{\"name\":\"admin\",\"@id\":\"https:\\\/\\\/lasentinelle.dz\\\/#\\\/schema\\\/person\\\/729ee0024f24e0b8c5ec17232f8e8b41\"},\"headline\":\"Dossier Belghali\u00a0: La Premier League s&rsquo;invite \u00e0 la table\",\"datePublished\":\"2026-09-01T09:41:48+00:00\",\"dateModified\":\"2026-09-01T09:41:50+00:00\",\"mainEntityOfPage\":{\"@id\":\"https:\\\/\\\/lasentinelle.dz\\\/index.php\\\/2026\\\/09\\\/01\\\/dossier-belghali-la-premier-league-sinvite-a-la-table\\\/\"},\"wordCount\":342,\"commentCount\":0,\"publisher\":{\"@id\":\"https:\\\/\\\/lasentinelle.dz\\\/#organization\"},\"image\":{\"@id\":\"https:\\\/\\\/lasentinelle.dz\\\/index.php\\\/2026\\\/09\\\/01\\\/dossier-belghali-la-premier-league-sinvite-a-la-table\\\/#primaryimage\"},\"thumbnailUrl\":\"https:\\\/\\\/lasentinelle.dz\\\/wp-content\\\/uploads\\\/2026\\\/08\\\/Rafik-Belghali.jpeg\",\"articleSection\":[\"Sports\"],\"inLanguage\":\"fr-FR\",\"potentialAction\":[{\"@type\":\"CommentAction\",\"name\":\"Comment\",\"target\":[\"https:\\\/\\\/lasentinelle.dz\\\/index.php\\\/2026\\\/09\\\/01\\\/dossier-belghali-la-premier-league-sinvite-a-la-table\\\/#respond\"]}]},{\"@type\":\"WebPage\",\"@id\":\"https:\\\/\\\/lasentinelle.dz\\\/index.php\\\/2026\\\/09\\\/01\\\/dossier-belghali-la-premier-league-sinvite-a-la-table\\\/\",\"url\":\"https:\\\/\\\/lasentinelle.dz\\\/index.php\\\/2026\\\/09\\\/01\\\/dossier-belghali-la-premier-league-sinvite-a-la-table\\\/\",\"name\":\"Dossier Belghali\u00a0: La Premier League s&rsquo;invite \u00e0 la table - La Sentinelle\",\"isPartOf\":{\"@id\":\"https:\\\/\\\/lasentinelle.dz\\\/#website\"},\"primaryImageOfPage\":{\"@id\":\"https:\\\/\\\/lasentinelle.dz\\\/index.php\\\/2026\\\/09\\\/01\\\/dossier-belghali-la-premier-league-sinvite-a-la-table\\\/#primaryimage\"},\"image\":{\"@id\":\"https:\\\/\\\/lasentinelle.dz\\\/index.php\\\/2026\\\/09\\\/01\\\/dossier-belghali-la-premier-league-sinvite-a-la-table\\\/#primaryimage\"},\"thumbnailUrl\":\"https:\\\/\\\/lasentinelle.dz\\\/wp-content\\\/uploads\\\/2026\\\/08\\\/Rafik-Belghali.jpeg\",\"datePublished\":\"2026-09-01T09:41:48+00:00\",\"dateModified\":\"2026-09-01T09:41:50+00:00\",\"breadcrumb\":{\"@id\":\"https:\\\/\\\/lasentinelle.dz\\\/index.php\\\/2026\\\/09\\\/01\\\/dossier-belghali-la-premier-league-sinvite-a-la-table\\\/#breadcrumb\"},\"inLanguage\":\"fr-FR\",\"potentialAction\":[{\"@type\":\"ReadAction\",\"target\":[\"https:\\\/\\\/lasentinelle.dz\\\/index.php\\\/2026\\\/09\\\/01\\\/dossier-belghali-la-premier-league-sinvite-a-la-table\\\/\"]}]},{\"@type\":\"ImageObject\",\"inLanguage\":\"fr-FR\",\"@id\":\"https:\\\/\\\/lasentinelle.dz\\\/index.php\\\/2026\\\/09\\\/01\\\/dossier-belghali-la-premier-league-sinvite-a-la-table\\\/#primaryimage\",\"url\":\"https:\\\/\\\/lasentinelle.dz\\\/wp-content\\\/uploads\\\/2026\\\/08\\\/Rafik-Belghali.jpeg\",\"contentUrl\":\"https:\\\/\\\/lasentinelle.dz\\\/wp-content\\\/uploads\\\/2026\\\/08\\\/Rafik-Belghali.jpeg\",\"width\":701,\"height\":438},{\"@type\":\"BreadcrumbList\",\"@id\":\"https:\\\/\\\/lasentinelle.dz\\\/index.php\\\/2026\\\/09\\\/01\\\/dossier-belghali-la-premier-league-sinvite-a-la-table\\\/#breadcrumb\",\"itemListElement\":[{\"@type\":\"ListItem\",\"position\":1,\"name\":\"Accueil\",\"item\":\"https:\\\/\\\/lasentinelle.dz\\\/\"},{\"@type\":\"ListItem\",\"position\":2,\"name\":\"Dossier Belghali\u00a0: La Premier League s&rsquo;invite \u00e0 la table\"}]},{\"@type\":\"WebSite\",\"@id\":\"https:\\\/\\\/lasentinelle.dz\\\/#website\",\"url\":\"https:\\\/\\\/lasentinelle.dz\\\/\",\"name\":\"La Sentinelle\",\"description\":\"Quotidien national d&#039;information\",\"publisher\":{\"@id\":\"https:\\\/\\\/lasentinelle.dz\\\/#organization\"},\"potentialAction\":[{\"@type\":\"SearchAction\",\"target\":{\"@type\":\"EntryPoint\",\"urlTemplate\":\"https:\\\/\\\/lasentinelle.dz\\\/?s={search_term_string}\"},\"query-input\":{\"@type\":\"PropertyValueSpecification\",\"valueRequired\":true,\"valueName\":\"search_term_string\"}}],\"inLanguage\":\"fr-FR\"},{\"@type\":\"Organization\",\"@id\":\"https:\\\/\\\/lasentinelle.dz\\\/#organization\",\"name\":\"Quotidien La Sentinelle\",\"url\":\"https:\\\/\\\/lasentinelle.dz\\\/\",\"logo\":{\"@type\":\"ImageObject\",\"inLanguage\":\"fr-FR\",\"@id\":\"https:\\\/\\\/lasentinelle.dz\\\/#\\\/schema\\\/logo\\\/image\\\/\",\"url\":\"https:\\\/\\\/lasentinelle.dz\\\/wp-content\\\/uploads\\\/2021\\\/09\\\/logo-sentinelleSLOGAN-1.png\",\"contentUrl\":\"https:\\\/\\\/lasentinelle.dz\\\/wp-content\\\/uploads\\\/2021\\\/09\\\/logo-sentinelleSLOGAN-1.png\",\"width\":615,\"height\":142,\"caption\":\"Quotidien La Sentinelle\"},\"image\":{\"@id\":\"https:\\\/\\\/lasentinelle.dz\\\/#\\\/schema\\\/logo\\\/image\\\/\"},\"sameAs\":[\"https:\\\/\\\/www.facebook.com\\\/La-Sentinelle-104059864394773\"]},{\"@type\":\"Person\",\"@id\":\"https:\\\/\\\/lasentinelle.dz\\\/#\\\/schema\\\/person\\\/729ee0024f24e0b8c5ec17232f8e8b41\",\"name\":\"admin\",\"image\":{\"@type\":\"ImageObject\",\"inLanguage\":\"fr-FR\",\"@id\":\"https:\\\/\\\/secure.gravatar.com\\\/avatar\\\/4c81fed838786e9b53f540bf46533e750f5d292099ae3b66cfc6fb1982e29df7?s=96&d=mm&r=g\",\"url\":\"https:\\\/\\\/secure.gravatar.com\\\/avatar\\\/4c81fed838786e9b53f540bf46533e750f5d292099ae3b66cfc6fb1982e29df7?s=96&d=mm&r=g\",\"contentUrl\":\"https:\\\/\\\/secure.gravatar.com\\\/avatar\\\/4c81fed838786e9b53f540bf46533e750f5d292099ae3b66cfc6fb1982e29df7?s=96&d=mm&r=g\",\"caption\":\"admin\"},\"description\":\"admin\",\"url\":\"https:\\\/\\\/lasentinelle.dz\\\/author\\\/admin\\\/\"}]}<\/script>\n<!-- \/ Yoast SEO plugin. -->","yoast_head_json":{"title":"Dossier Belghali\u00a0: La Premier League s&rsquo;invite \u00e0 la table - La Sentinelle","robots":{"index":"index","follow":"follow","max-snippet":"max-snippet:-1","max-image-preview":"max-image-preview:large","max-video-preview":"max-video-preview:-1"},"canonical":"https:\/\/lasentinelle.dz\/index.php\/2026\/09\/01\/dossier-belghali-la-premier-league-sinvite-a-la-table\/","og_locale":"fr_FR","og_type":"article","og_title":"Dossier Belghali\u00a0: La Premier League s&rsquo;invite \u00e0 la table - La Sentinelle","og_description":"Alors que son transfert au Torino paraissait act\u00e9 ces derni\u00e8res heures, l&rsquo;avenir de Rafik Belghali conna\u00eet un rebondissement de derni\u00e8re","og_url":"https:\/\/lasentinelle.dz\/index.php\/2026\/09\/01\/dossier-belghali-la-premier-league-sinvite-a-la-table\/","og_site_name":"La Sentinelle","article_publisher":"https:\/\/www.facebook.com\/La-Sentinelle-104059864394773","article_published_time":"2026-09-01T09:41:48+00:00","article_modified_time":"2026-09-01T09:41:50+00:00","og_image":[{"width":701,"height":438,"url":"https:\/\/lasentinelle.dz\/wp-content\/uploads\/2026\/08\/Rafik-Belghali.jpeg","type":"image\/jpeg"}],"author":"admin","twitter_card":"summary_large_image","twitter_misc":{"\u00c9crit par":"admin","Dur\u00e9e de lecture estim\u00e9e":"2 minutes"},"schema":{"@context":"https:\/\/schema.org","@graph":[{"@type":"Article","@id":"https:\/\/lasentinelle.dz\/index.php\/2026\/09\/01\/dossier-belghali-la-premier-league-sinvite-a-la-table\/#article","isPartOf":{"@id":"https:\/\/lasentinelle.dz\/index.php\/2026\/09\/01\/dossier-belghali-la-premier-league-sinvite-a-la-table\/"},"author":{"name":"admin","@id":"https:\/\/lasentinelle.dz\/#\/schema\/person\/729ee0024f24e0b8c5ec17232f8e8b41"},"headline":"Dossier Belghali\u00a0: La Premier League s&rsquo;invite \u00e0 la table","datePublished":"2026-09-01T09:41:48+00:00","dateModified":"2026-09-01T09:41:50+00:00","mainEntityOfPage":{"@id":"https:\/\/lasentinelle.dz\/index.php\/2026\/09\/01\/dossier-belghali-la-premier-league-sinvite-a-la-table\/"},"wordCount":342,"commentCount":0,"publisher":{"@id":"https:\/\/lasentinelle.dz\/#organization"},"image":{"@id":"https:\/\/lasentinelle.dz\/index.php\/2026\/09\/01\/dossier-belghali-la-premier-league-sinvite-a-la-table\/#primaryimage"},"thumbnailUrl":"https:\/\/lasentinelle.dz\/wp-content\/uploads\/2026\/08\/Rafik-Belghali.jpeg","articleSection":["Sports"],"inLanguage":"fr-FR","potentialAction":[{"@type":"CommentAction","name":"Comment","target":["https:\/\/lasentinelle.dz\/index.php\/2026\/09\/01\/dossier-belghali-la-premier-league-sinvite-a-la-table\/#respond"]}]},{"@type":"WebPage","@id":"https:\/\/lasentinelle.dz\/index.php\/2026\/09\/01\/dossier-belghali-la-premier-league-sinvite-a-la-table\/","url":"https:\/\/lasentinelle.dz\/index.php\/2026\/09\/01\/dossier-belghali-la-premier-league-sinvite-a-la-table\/","name":"Dossier Belghali\u00a0: La Premier League s&rsquo;invite \u00e0 la table - La Sentinelle","isPartOf":{"@id":"https:\/\/lasentinelle.dz\/#website"},"primaryImageOfPage":{"@id":"https:\/\/lasentinelle.dz\/index.php\/2026\/09\/01\/dossier-belghali-la-premier-league-sinvite-a-la-table\/#primaryimage"},"image":{"@id":"https:\/\/lasentinelle.dz\/index.php\/2026\/09\/01\/dossier-belghali-la-premier-league-sinvite-a-la-table\/#primaryimage"},"thumbnailUrl":"https:\/\/lasentinelle.dz\/wp-content\/uploads\/2026\/08\/Rafik-Belghali.jpeg","datePublished":"2026-09-01T09:41:48+00:00","dateModified":"2026-09-01T09:41:50+00:00","breadcrumb":{"@id":"https:\/\/lasentinelle.dz\/index.php\/2026\/09\/01\/dossier-belghali-la-premier-league-sinvite-a-la-table\/#breadcrumb"},"inLanguage":"fr-FR","potentialAction":[{"@type":"ReadAction","target":["https:\/\/lasentinelle.dz\/index.php\/2026\/09\/01\/dossier-belghali-la-premier-league-sinvite-a-la-table\/"]}]},{"@type":"ImageObject","inLanguage":"fr-FR","@id":"https:\/\/lasentinelle.dz\/index.php\/2026\/09\/01\/dossier-belghali-la-premier-league-sinvite-a-la-table\/#primaryimage","url":"https:\/\/lasentinelle.dz\/wp-content\/uploads\/2026\/08\/Rafik-Belghali.jpeg","contentUrl":"https:\/\/lasentinelle.dz\/wp-content\/uploads\/2026\/08\/Rafik-Belghali.jpeg","width":701,"height":438},{"@type":"BreadcrumbList","@id":"https:\/\/lasentinelle.dz\/index.php\/2026\/09\/01\/dossier-belghali-la-premier-league-sinvite-a-la-table\/#breadcrumb","itemListElement":[{"@type":"ListItem","position":1,"name":"Accueil","item":"https:\/\/lasentinelle.dz\/"},{"@type":"ListItem","position":2,"name":"Dossier Belghali\u00a0: La Premier League s&rsquo;invite \u00e0 la table"}]},{"@type":"WebSite","@id":"https:\/\/lasentinelle.dz\/#website","url":"https:\/\/lasentinelle.dz\/","name":"La Sentinelle","description":"Quotidien national d&#039;information","publisher":{"@id":"https:\/\/lasentinelle.dz\/#organization"},"potentialAction":[{"@type":"SearchAction","target":{"@type":"EntryPoint","urlTemplate":"https:\/\/lasentinelle.dz\/?s={search_term_string}"},"query-input":{"@type":"PropertyValueSpecification","valueRequired":true,"valueName":"search_term_string"}}],"inLanguage":"fr-FR"},{"@type":"Organization","@id":"https:\/\/lasentinelle.dz\/#organization","name":"Quotidien La Sentinelle","url":"https:\/\/lasentinelle.dz\/","logo":{"@type":"ImageObject","inLanguage":"fr-FR","@id":"https:\/\/lasentinelle.dz\/#\/schema\/logo\/image\/","url":"https:\/\/lasentinelle.dz\/wp-content\/uploads\/2021\/09\/logo-sentinelleSLOGAN-1.png","contentUrl":"https:\/\/lasentinelle.dz\/wp-content\/uploads\/2021\/09\/logo-sentinelleSLOGAN-1.png","width":615,"height":142,"caption":"Quotidien La Sentinelle"},"image":{"@id":"https:\/\/lasentinelle.dz\/#\/schema\/logo\/image\/"},"sameAs":["https:\/\/www.facebook.com\/La-Sentinelle-104059864394773"]},{"@type":"Person","@id":"https:\/\/lasentinelle.dz\/#\/schema\/person\/729ee0024f24e0b8c5ec17232f8e8b41","name":"admin","image":{"@type":"ImageObject","inLanguage":"fr-FR","@id":"https:\/\/secure.gravatar.com\/avatar\/4c81fed838786e9b53f540bf46533e750f5d292099ae3b66cfc6fb1982e29df7?s=96&d=mm&r=g","url":"https:\/\/secure.gravatar.com\/avatar\/4c81fed838786e9b53f540bf46533e750f5d292099ae3b66cfc6fb1982e29df7?s=96&d=mm&r=g","contentUrl":"https:\/\/secure.gravatar.com\/avatar\/4c81fed838786e9b53f540bf46533e750f5d292099ae3b66cfc6fb1982e29df7?s=96&d=mm&r=g","caption":"admin"},"description":"admin","url":"https:\/\/lasentinelle.dz\/author\/admin\/"}]}},"_links":{"self":[{"href":"https:\/\/lasentinelle.dz\/index.php\/wp-json\/wp\/v2\/posts\/94702","targetHints":{"allow":["GET"]}}],"collection":[{"href":"https:\/\/lasentinelle.dz\/index.php\/wp-json\/wp\/v2\/posts"}],"about":[{"href":"https:\/\/lasentinelle.dz\/index.php\/wp-json\/wp\/v2\/types\/post"}],"author":[{"embeddable":true,"href":"https:\/\/lasentinelle.dz\/index.php\/wp-json\/wp\/v2\/users\/6"}],"replies":[{"embeddable":true,"href":"https:\/\/lasentinelle.dz\/index.php\/wp-json\/wp\/v2\/comments?post=94702"}],"version-history":[{"count":2,"href":"https:\/\/lasentinelle.dz\/index.php\/wp-json\/wp\/v2\/posts\/94702\/revisions"}],"predecessor-version":[{"id":94704,"href":"https:\/\/lasentinelle.dz\/index.php\/wp-json\/wp\/v2\/posts\/94702\/revisions\/94704"}],"wp:featuredmedia":[{"embeddable":true,"href":"https:\/\/lasentinelle.dz\/index.php\/wp-json\/wp\/v2\/media\/93628"}],"wp:attachment":[{"href":"https:\/\/lasentinelle.dz\/index.php\/wp-json\/wp\/v2\/media?parent=94702"}],"wp:term":[{"taxonomy":"category","embeddable":true,"href":"https:\/\/lasentinelle.dz\/index.php\/wp-json\/wp\/v2\/categories?post=94702"},{"taxonomy":"post_tag","embeddable":true,"href":"https:\/\/lasentinelle.dz\/index.php\/wp-json\/wp\/v2\/tags?post=94702"}],"curies":[{"name":"wp","href":"https:\/\/api.w.org\/{rel}","templated":true}]}}