{"id":94705,"date":"2026-09-01T10:42:34","date_gmt":"2026-09-01T09:42:34","guid":{"rendered":"https:\/\/lasentinelle.dz\/?p=94705"},"modified":"2026-09-01T10:42:36","modified_gmt":"2026-09-01T09:42:36","slug":"transferts-mahrez-au-centre-dun-ballet-de-courtisans","status":"publish","type":"post","link":"https:\/\/lasentinelle.dz\/index.php\/2026\/09\/01\/transferts-mahrez-au-centre-dun-ballet-de-courtisans\/","title":{"rendered":"Transferts\u00a0: Mahrez au centre d\u2019un ballet de courtisans"},"content":{"rendered":"\n<p class=\"wp-block-paragraph\">L&rsquo;international alg\u00e9rien Riyad Mahrez, libre de tout engagement depuis son d\u00e9part d&rsquo;Al-Ahli, se retrouve au centre d&rsquo;un intense ballet de courtisans en ce mercato estival, entre une piste saoudienne qui semble avoir pris une longueur d&rsquo;avance et un pr\u00e9tendant turc pr\u00eat \u00e0 sortir le grand jeu. Selon des m\u00e9dias saoudiens, le club d&rsquo;Al-Shabab, pensionnaire du championnat professionnel du royaume, aurait engag\u00e9 des pourparlers directs avec l&rsquo;ancien capitaine des Verts ces derniers jours. Les discussions auraient d\u00e9j\u00e0 permis de boucler pr\u00e8s de 95 % des aspects du dossier, dans un climat de volont\u00e9 partag\u00e9e entre les deux parties de mener la transaction \u00e0 son terme. Les dirigeants d&rsquo;Al-Shabab chercheraient ainsi \u00e0 s&rsquo;offrir les services de l&rsquo;international alg\u00e9rien, qui de son c\u00f4t\u00e9 para\u00eetrait ouvert \u00e0 l&rsquo;id\u00e9e de poursuivre sa carri\u00e8re sous le maillot des \u00ab Lions \u00bb. Aucune officialisation n&rsquo;est cependant intervenue \u00e0 ce stade, les deux camps continuant de peaufiner les derniers d\u00e9tails de l&rsquo;op\u00e9ration. Cette offensive saoudienne s&rsquo;explique notamment par la volont\u00e9 du club de Riyad de muscler son secteur offensif avec un joueur de rang international, \u00e0 l&rsquo;heure o\u00f9 plusieurs de ses \u00e9l\u00e9ments cadres arrivent en fin de contrat au terme de la saison en cours. Un profil comme celui de Mahrez, riche d&rsquo;une exp\u00e9rience conjugu\u00e9e entre l&rsquo;Europe et le Golfe, correspondrait parfaitement au cahier des charges fix\u00e9 par la direction du club.<\/p>\n\n\n\n<p class=\"wp-block-paragraph\">Il faut dire que le passage de l&rsquo;ancien ailier de Manchester City sous les couleurs d&rsquo;Al-Ahli avait laiss\u00e9 une empreinte solide. En 122 apparitions toutes comp\u00e9titions confondues, il avait inscrit 37 buts et d\u00e9livr\u00e9 une cinquantaine de passes d\u00e9cisives, contribuant \u00e0 la conqu\u00eate de trois titres, dont deux troph\u00e9es continentaux et une Supercoupe d&rsquo;Arabie saoudite, s&rsquo;imposant comme l&rsquo;un des artisans majeurs des succ\u00e8s du club ces derni\u00e8res saisons. Mais la destination saoudienne n&rsquo;est pas la seule option qui s&rsquo;offre \u00e0 l\u2019ancien capitaine des Fennecs. Plusieurs formations continuent en effet de se disputer ses faveurs, \u00e0 l&rsquo;image d&rsquo;Al-Wahda, club qatari qui aurait d\u00e9j\u00e0 entam\u00e9 des discussions s\u00e9rieuses avec l&rsquo;ancien capitaine de l&rsquo;\u00e9quipe nationale. Une autre piste a toutefois \u00e9merg\u00e9 du c\u00f4t\u00e9 de la Turquie, o\u00f9 \u00c7orum FK, tout juste promu en S\u00fcper Lig, se serait positionn\u00e9 sur ce dossier avec une offre financi\u00e8re jug\u00e9e particuli\u00e8rement g\u00e9n\u00e9reuse. \u00c0 35 ans, Mahrez conserve donc une cote \u00e9lev\u00e9e sur le march\u00e9 des transferts, port\u00e9e par son exp\u00e9rience du tr\u00e8s haut niveau et par un palmar\u00e8s \u00e9toff\u00e9. Les dirigeants turcs, pr\u00eats \u00e0 consentir un effort financier cons\u00e9quent, esp\u00e8rent r\u00e9it\u00e9rer avec l&rsquo;international alg\u00e9rien le coup r\u00e9alis\u00e9 avec Cengiz \u00dcnder, autre recrue de renom arriv\u00e9e libre, dans le but de doter leur effectif d&rsquo;une assise plus solide pour affronter l&rsquo;\u00e9lite du football turc.<\/p>\n\n\n\n<p class=\"wp-block-paragraph\">M.D.<\/p>\n","protected":false},"excerpt":{"rendered":"<p>L&rsquo;international alg\u00e9rien Riyad Mahrez, libre de tout engagement depuis son d\u00e9part d&rsquo;Al-Ahli, se retrouve au centre d&rsquo;un intense ballet de<\/p>\n","protected":false},"author":6,"featured_media":93120,"comment_status":"open","ping_status":"closed","sticky":false,"template":"","format":"standard","meta":{"colormag_page_container_layout":"default_layout","colormag_page_sidebar_layout":"default_layout","om_disable_all_campaigns":false,"_monsterinsights_skip_tracking":false,"footnotes":"","_wpscppro_dont_share_socialmedia":false,"_wpscppro_custom_social_share_image":0,"_facebook_share_type":"default","_twitter_share_type":"default","_linkedin_share_type":"default","_pinterest_share_type":"default","_linkedin_share_type_page":"","_instagram_share_type":"default","_medium_share_type":"default","_threads_share_type":"default","_google_business_share_type":"default","_bluesky_share_type":"default","_mastodon_share_type":"default","_selected_social_profile":[],"_wpsp_enable_custom_social_template":false,"_wpsp_social_scheduling":{"enabled":false,"datetime":null,"platforms":[],"status":"template_only","dateOption":"today","timeOption":"now","customDays":"","customHours":"","customDate":"","customTime":"","schedulingType":"absolute"},"_wpsp_active_default_template":true},"categories":[33],"tags":[],"class_list":["post-94705","post","type-post","status-publish","format-standard","has-post-thumbnail","hentry","category-sports"],"aioseo_notices":[],"aioseo_head":"\n\t\t<!-- All in One SEO 5.0.0.1 - aioseo.com -->\n\t<meta name=\"description\" content=\"L&#039;international alg\u00e9rien Riyad Mahrez, libre de tout engagement depuis son d\u00e9part d&#039;Al-Ahli, se retrouve au centre d&#039;un intense ballet de courtisans en ce mercato estival, entre une piste saoudienne qui semble avoir pris une longueur d&#039;avance et un pr\u00e9tendant turc pr\u00eat \u00e0 sortir le grand jeu. Selon des m\u00e9dias saoudiens, le club d&#039;Al-Shabab, pensionnaire du\" \/>\n\t<meta name=\"robots\" content=\"max-image-preview:large\" \/>\n\t<meta name=\"author\" content=\"admin\"\/>\n\t<link rel=\"canonical\" href=\"https:\/\/lasentinelle.dz\/index.php\/2026\/09\/01\/transferts-mahrez-au-centre-dun-ballet-de-courtisans\/\" \/>\n\t<meta name=\"generator\" content=\"All in One SEO (AIOSEO) 5.0.0.1\" \/>\n\t\t<meta property=\"og:locale\" content=\"fr_FR\" \/>\n\t\t<meta property=\"og:site_name\" content=\"La Sentinelle - Quotidien national d&#039;information\" \/>\n\t\t<meta property=\"og:type\" content=\"article\" \/>\n\t\t<meta property=\"og:title\" content=\"Transferts : Mahrez au centre d\u2019un ballet de courtisans - La Sentinelle\" \/>\n\t\t<meta property=\"og:description\" content=\"L&#039;international alg\u00e9rien Riyad Mahrez, libre de tout engagement depuis son d\u00e9part d&#039;Al-Ahli, se retrouve au centre d&#039;un intense ballet de courtisans en ce mercato estival, entre une piste saoudienne qui semble avoir pris une longueur d&#039;avance et un pr\u00e9tendant turc pr\u00eat \u00e0 sortir le grand jeu. Selon des m\u00e9dias saoudiens, le club d&#039;Al-Shabab, pensionnaire du\" \/>\n\t\t<meta property=\"og:url\" content=\"https:\/\/lasentinelle.dz\/index.php\/2026\/09\/01\/transferts-mahrez-au-centre-dun-ballet-de-courtisans\/\" \/>\n\t\t<meta property=\"og:image\" content=\"https:\/\/lasentinelle.dz\/wp-content\/uploads\/2021\/09\/cropped-la-sentinelle-earth-golden-anima-5.gif\" \/>\n\t\t<meta property=\"og:image:secure_url\" content=\"https:\/\/lasentinelle.dz\/wp-content\/uploads\/2021\/09\/cropped-la-sentinelle-earth-golden-anima-5.gif\" \/>\n\t\t<meta property=\"og:image:width\" content=\"450\" \/>\n\t\t<meta property=\"og:image:height\" content=\"213\" \/>\n\t\t<meta property=\"article:published_time\" content=\"2026-09-01T09:42:34+00:00\" \/>\n\t\t<meta property=\"article:modified_time\" content=\"2026-09-01T09:42:36+00:00\" \/>\n\t\t<meta property=\"article:publisher\" content=\"https:\/\/www.facebook.com\/azzedine.lasentinelle.1\" \/>\n\t\t<meta name=\"twitter:card\" content=\"summary_large_image\" \/>\n\t\t<meta name=\"twitter:title\" content=\"Transferts : Mahrez au centre d\u2019un ballet de courtisans - La Sentinelle\" \/>\n\t\t<meta name=\"twitter:description\" content=\"L&#039;international alg\u00e9rien Riyad Mahrez, libre de tout engagement depuis son d\u00e9part d&#039;Al-Ahli, se retrouve au centre d&#039;un intense ballet de courtisans en ce mercato estival, entre une piste saoudienne qui semble avoir pris une longueur d&#039;avance et un pr\u00e9tendant turc pr\u00eat \u00e0 sortir le grand jeu. Selon des m\u00e9dias saoudiens, le club d&#039;Al-Shabab, pensionnaire du\" \/>\n\t\t<meta name=\"twitter:image\" content=\"https:\/\/lasentinelle.dz\/wp-content\/uploads\/2021\/09\/cropped-la-sentinelle-earth-golden-anima-5.gif\" \/>\n\t\t<script type=\"application\/ld+json\" class=\"aioseo-schema\">\n\t\t\t{\"@context\":\"https:\\\/\\\/schema.org\",\"@graph\":[{\"@type\":\"BlogPosting\",\"@id\":\"https:\\\/\\\/lasentinelle.dz\\\/index.php\\\/2026\\\/09\\\/01\\\/transferts-mahrez-au-centre-dun-ballet-de-courtisans\\\/#blogposting\",\"name\":\"Transferts : Mahrez au centre d\\u2019un ballet de courtisans - La Sentinelle\",\"headline\":\"Transferts\\u00a0: Mahrez au centre d\\u2019un ballet de courtisans\",\"author\":{\"@id\":\"https:\\\/\\\/lasentinelle.dz\\\/author\\\/admin\\\/#author\"},\"publisher\":{\"@id\":\"https:\\\/\\\/lasentinelle.dz\\\/#organization\"},\"image\":{\"@type\":\"ImageObject\",\"url\":\"https:\\\/\\\/lasentinelle.dz\\\/wp-content\\\/uploads\\\/2026\\\/08\\\/Mahrez.jpeg\",\"width\":714,\"height\":430},\"datePublished\":\"2026-09-01T10:42:34+01:00\",\"dateModified\":\"2026-09-01T10:42:36+01:00\",\"inLanguage\":\"fr-FR\",\"mainEntityOfPage\":{\"@id\":\"https:\\\/\\\/lasentinelle.dz\\\/index.php\\\/2026\\\/09\\\/01\\\/transferts-mahrez-au-centre-dun-ballet-de-courtisans\\\/#webpage\"},\"isPartOf\":{\"@id\":\"https:\\\/\\\/lasentinelle.dz\\\/index.php\\\/2026\\\/09\\\/01\\\/transferts-mahrez-au-centre-dun-ballet-de-courtisans\\\/#webpage\"},\"articleSection\":\"Sports\"},{\"@type\":\"BreadcrumbList\",\"@id\":\"https:\\\/\\\/lasentinelle.dz\\\/index.php\\\/2026\\\/09\\\/01\\\/transferts-mahrez-au-centre-dun-ballet-de-courtisans\\\/#breadcrumblist\",\"itemListElement\":[{\"@type\":\"ListItem\",\"@id\":\"https:\\\/\\\/lasentinelle.dz#listItem\",\"position\":1,\"name\":\"Home\",\"item\":\"https:\\\/\\\/lasentinelle.dz\",\"nextItem\":{\"@type\":\"ListItem\",\"@id\":\"https:\\\/\\\/lasentinelle.dz\\\/index.php\\\/category\\\/sports\\\/#listItem\",\"name\":\"Sports\"}},{\"@type\":\"ListItem\",\"@id\":\"https:\\\/\\\/lasentinelle.dz\\\/index.php\\\/category\\\/sports\\\/#listItem\",\"position\":2,\"name\":\"Sports\",\"item\":\"https:\\\/\\\/lasentinelle.dz\\\/index.php\\\/category\\\/sports\\\/\",\"nextItem\":{\"@type\":\"ListItem\",\"@id\":\"https:\\\/\\\/lasentinelle.dz\\\/index.php\\\/2026\\\/09\\\/01\\\/transferts-mahrez-au-centre-dun-ballet-de-courtisans\\\/#listItem\",\"name\":\"Transferts\\u00a0: Mahrez au centre d\\u2019un ballet de courtisans\"},\"previousItem\":{\"@type\":\"ListItem\",\"@id\":\"https:\\\/\\\/lasentinelle.dz#listItem\",\"name\":\"Home\"}},{\"@type\":\"ListItem\",\"@id\":\"https:\\\/\\\/lasentinelle.dz\\\/index.php\\\/2026\\\/09\\\/01\\\/transferts-mahrez-au-centre-dun-ballet-de-courtisans\\\/#listItem\",\"position\":3,\"name\":\"Transferts\\u00a0: Mahrez au centre d\\u2019un ballet de courtisans\",\"previousItem\":{\"@type\":\"ListItem\",\"@id\":\"https:\\\/\\\/lasentinelle.dz\\\/index.php\\\/category\\\/sports\\\/#listItem\",\"name\":\"Sports\"}}]},{\"@type\":\"Organization\",\"@id\":\"https:\\\/\\\/lasentinelle.dz\\\/#organization\",\"name\":\"La Sentinelle La Sentinelle\",\"description\":\"Quotidien national d'information\",\"url\":\"https:\\\/\\\/lasentinelle.dz\\\/\",\"logo\":{\"@type\":\"ImageObject\",\"url\":\"https:\\\/\\\/lasentinelle.dz\\\/wp-content\\\/uploads\\\/2021\\\/09\\\/cropped-la-sentinelle-earth-golden-anima-5.gif\",\"@id\":\"https:\\\/\\\/lasentinelle.dz\\\/index.php\\\/2026\\\/09\\\/01\\\/transferts-mahrez-au-centre-dun-ballet-de-courtisans\\\/#organizationLogo\",\"width\":450,\"height\":213},\"image\":{\"@id\":\"https:\\\/\\\/lasentinelle.dz\\\/index.php\\\/2026\\\/09\\\/01\\\/transferts-mahrez-au-centre-dun-ballet-de-courtisans\\\/#organizationLogo\"},\"sameAs\":[\"https:\\\/\\\/www.facebook.com\\\/azzedine.lasentinelle.1\"]},{\"@type\":\"Person\",\"@id\":\"https:\\\/\\\/lasentinelle.dz\\\/author\\\/admin\\\/#author\",\"url\":\"https:\\\/\\\/lasentinelle.dz\\\/author\\\/admin\\\/\",\"name\":\"admin\",\"image\":{\"@type\":\"ImageObject\",\"@id\":\"https:\\\/\\\/lasentinelle.dz\\\/index.php\\\/2026\\\/09\\\/01\\\/transferts-mahrez-au-centre-dun-ballet-de-courtisans\\\/#authorImage\",\"url\":\"https:\\\/\\\/secure.gravatar.com\\\/avatar\\\/4c81fed838786e9b53f540bf46533e750f5d292099ae3b66cfc6fb1982e29df7?s=96&d=mm&r=g\",\"width\":96,\"height\":96,\"caption\":\"admin\"}},{\"@type\":\"WebPage\",\"@id\":\"https:\\\/\\\/lasentinelle.dz\\\/index.php\\\/2026\\\/09\\\/01\\\/transferts-mahrez-au-centre-dun-ballet-de-courtisans\\\/#webpage\",\"url\":\"https:\\\/\\\/lasentinelle.dz\\\/index.php\\\/2026\\\/09\\\/01\\\/transferts-mahrez-au-centre-dun-ballet-de-courtisans\\\/\",\"name\":\"Transferts : Mahrez au centre d\\u2019un ballet de courtisans - La Sentinelle\",\"description\":\"L'international alg\\u00e9rien Riyad Mahrez, libre de tout engagement depuis son d\\u00e9part d'Al-Ahli, se retrouve au centre d'un intense ballet de courtisans en ce mercato estival, entre une piste saoudienne qui semble avoir pris une longueur d'avance et un pr\\u00e9tendant turc pr\\u00eat \\u00e0 sortir le grand jeu. Selon des m\\u00e9dias saoudiens, le club d'Al-Shabab, pensionnaire du\",\"inLanguage\":\"fr-FR\",\"isPartOf\":{\"@id\":\"https:\\\/\\\/lasentinelle.dz\\\/#website\"},\"breadcrumb\":{\"@id\":\"https:\\\/\\\/lasentinelle.dz\\\/index.php\\\/2026\\\/09\\\/01\\\/transferts-mahrez-au-centre-dun-ballet-de-courtisans\\\/#breadcrumblist\"},\"author\":{\"@id\":\"https:\\\/\\\/lasentinelle.dz\\\/author\\\/admin\\\/#author\"},\"creator\":{\"@id\":\"https:\\\/\\\/lasentinelle.dz\\\/author\\\/admin\\\/#author\"},\"image\":{\"@type\":\"ImageObject\",\"url\":\"https:\\\/\\\/lasentinelle.dz\\\/wp-content\\\/uploads\\\/2026\\\/08\\\/Mahrez.jpeg\",\"@id\":\"https:\\\/\\\/lasentinelle.dz\\\/index.php\\\/2026\\\/09\\\/01\\\/transferts-mahrez-au-centre-dun-ballet-de-courtisans\\\/#mainImage\",\"width\":714,\"height\":430},\"primaryImageOfPage\":{\"@id\":\"https:\\\/\\\/lasentinelle.dz\\\/index.php\\\/2026\\\/09\\\/01\\\/transferts-mahrez-au-centre-dun-ballet-de-courtisans\\\/#mainImage\"},\"datePublished\":\"2026-09-01T10:42:34+01:00\",\"dateModified\":\"2026-09-01T10:42:36+01:00\"},{\"@type\":\"WebSite\",\"@id\":\"https:\\\/\\\/lasentinelle.dz\\\/#website\",\"url\":\"https:\\\/\\\/lasentinelle.dz\\\/\",\"name\":\"La Sentinelle\",\"description\":\"Quotidien national d'information\",\"inLanguage\":\"fr-FR\",\"publisher\":{\"@id\":\"https:\\\/\\\/lasentinelle.dz\\\/#organization\"}}]}\n\t\t<\/script>\n\t\t<!-- All in One SEO -->\n\n","aioseo_head_json":{"title":"Transferts : Mahrez au centre d\u2019un ballet de courtisans - La Sentinelle","description":"L'international alg\u00e9rien Riyad Mahrez, libre de tout engagement depuis son d\u00e9part d'Al-Ahli, se retrouve au centre d'un intense ballet de courtisans en ce mercato estival, entre une piste saoudienne qui semble avoir pris une longueur d'avance et un pr\u00e9tendant turc pr\u00eat \u00e0 sortir le grand jeu. Selon des m\u00e9dias saoudiens, le club d'Al-Shabab, pensionnaire du","canonical_url":"https:\/\/lasentinelle.dz\/index.php\/2026\/09\/01\/transferts-mahrez-au-centre-dun-ballet-de-courtisans\/","robots":"max-image-preview:large","keywords":"","webmasterTools":{"miscellaneous":""},"schema":{"@context":"https:\/\/schema.org","@graph":[{"@type":"BlogPosting","@id":"https:\/\/lasentinelle.dz\/index.php\/2026\/09\/01\/transferts-mahrez-au-centre-dun-ballet-de-courtisans\/#blogposting","name":"Transferts : Mahrez au centre d\u2019un ballet de courtisans - La Sentinelle","headline":"Transferts\u00a0: Mahrez au centre d\u2019un ballet de courtisans","author":{"@id":"https:\/\/lasentinelle.dz\/author\/admin\/#author"},"publisher":{"@id":"https:\/\/lasentinelle.dz\/#organization"},"image":{"@type":"ImageObject","url":"https:\/\/lasentinelle.dz\/wp-content\/uploads\/2026\/08\/Mahrez.jpeg","width":714,"height":430},"datePublished":"2026-09-01T10:42:34+01:00","dateModified":"2026-09-01T10:42:36+01:00","inLanguage":"fr-FR","mainEntityOfPage":{"@id":"https:\/\/lasentinelle.dz\/index.php\/2026\/09\/01\/transferts-mahrez-au-centre-dun-ballet-de-courtisans\/#webpage"},"isPartOf":{"@id":"https:\/\/lasentinelle.dz\/index.php\/2026\/09\/01\/transferts-mahrez-au-centre-dun-ballet-de-courtisans\/#webpage"},"articleSection":"Sports"},{"@type":"BreadcrumbList","@id":"https:\/\/lasentinelle.dz\/index.php\/2026\/09\/01\/transferts-mahrez-au-centre-dun-ballet-de-courtisans\/#breadcrumblist","itemListElement":[{"@type":"ListItem","@id":"https:\/\/lasentinelle.dz#listItem","position":1,"name":"Home","item":"https:\/\/lasentinelle.dz","nextItem":{"@type":"ListItem","@id":"https:\/\/lasentinelle.dz\/index.php\/category\/sports\/#listItem","name":"Sports"}},{"@type":"ListItem","@id":"https:\/\/lasentinelle.dz\/index.php\/category\/sports\/#listItem","position":2,"name":"Sports","item":"https:\/\/lasentinelle.dz\/index.php\/category\/sports\/","nextItem":{"@type":"ListItem","@id":"https:\/\/lasentinelle.dz\/index.php\/2026\/09\/01\/transferts-mahrez-au-centre-dun-ballet-de-courtisans\/#listItem","name":"Transferts\u00a0: Mahrez au centre d\u2019un ballet de courtisans"},"previousItem":{"@type":"ListItem","@id":"https:\/\/lasentinelle.dz#listItem","name":"Home"}},{"@type":"ListItem","@id":"https:\/\/lasentinelle.dz\/index.php\/2026\/09\/01\/transferts-mahrez-au-centre-dun-ballet-de-courtisans\/#listItem","position":3,"name":"Transferts\u00a0: Mahrez au centre d\u2019un ballet de courtisans","previousItem":{"@type":"ListItem","@id":"https:\/\/lasentinelle.dz\/index.php\/category\/sports\/#listItem","name":"Sports"}}]},{"@type":"Organization","@id":"https:\/\/lasentinelle.dz\/#organization","name":"La Sentinelle La Sentinelle","description":"Quotidien national d'information","url":"https:\/\/lasentinelle.dz\/","logo":{"@type":"ImageObject","url":"https:\/\/lasentinelle.dz\/wp-content\/uploads\/2021\/09\/cropped-la-sentinelle-earth-golden-anima-5.gif","@id":"https:\/\/lasentinelle.dz\/index.php\/2026\/09\/01\/transferts-mahrez-au-centre-dun-ballet-de-courtisans\/#organizationLogo","width":450,"height":213},"image":{"@id":"https:\/\/lasentinelle.dz\/index.php\/2026\/09\/01\/transferts-mahrez-au-centre-dun-ballet-de-courtisans\/#organizationLogo"},"sameAs":["https:\/\/www.facebook.com\/azzedine.lasentinelle.1"]},{"@type":"Person","@id":"https:\/\/lasentinelle.dz\/author\/admin\/#author","url":"https:\/\/lasentinelle.dz\/author\/admin\/","name":"admin","image":{"@type":"ImageObject","@id":"https:\/\/lasentinelle.dz\/index.php\/2026\/09\/01\/transferts-mahrez-au-centre-dun-ballet-de-courtisans\/#authorImage","url":"https:\/\/secure.gravatar.com\/avatar\/4c81fed838786e9b53f540bf46533e750f5d292099ae3b66cfc6fb1982e29df7?s=96&d=mm&r=g","width":96,"height":96,"caption":"admin"}},{"@type":"WebPage","@id":"https:\/\/lasentinelle.dz\/index.php\/2026\/09\/01\/transferts-mahrez-au-centre-dun-ballet-de-courtisans\/#webpage","url":"https:\/\/lasentinelle.dz\/index.php\/2026\/09\/01\/transferts-mahrez-au-centre-dun-ballet-de-courtisans\/","name":"Transferts : Mahrez au centre d\u2019un ballet de courtisans - La Sentinelle","description":"L'international alg\u00e9rien Riyad Mahrez, libre de tout engagement depuis son d\u00e9part d'Al-Ahli, se retrouve au centre d'un intense ballet de courtisans en ce mercato estival, entre une piste saoudienne qui semble avoir pris une longueur d'avance et un pr\u00e9tendant turc pr\u00eat \u00e0 sortir le grand jeu. Selon des m\u00e9dias saoudiens, le club d'Al-Shabab, pensionnaire du","inLanguage":"fr-FR","isPartOf":{"@id":"https:\/\/lasentinelle.dz\/#website"},"breadcrumb":{"@id":"https:\/\/lasentinelle.dz\/index.php\/2026\/09\/01\/transferts-mahrez-au-centre-dun-ballet-de-courtisans\/#breadcrumblist"},"author":{"@id":"https:\/\/lasentinelle.dz\/author\/admin\/#author"},"creator":{"@id":"https:\/\/lasentinelle.dz\/author\/admin\/#author"},"image":{"@type":"ImageObject","url":"https:\/\/lasentinelle.dz\/wp-content\/uploads\/2026\/08\/Mahrez.jpeg","@id":"https:\/\/lasentinelle.dz\/index.php\/2026\/09\/01\/transferts-mahrez-au-centre-dun-ballet-de-courtisans\/#mainImage","width":714,"height":430},"primaryImageOfPage":{"@id":"https:\/\/lasentinelle.dz\/index.php\/2026\/09\/01\/transferts-mahrez-au-centre-dun-ballet-de-courtisans\/#mainImage"},"datePublished":"2026-09-01T10:42:34+01:00","dateModified":"2026-09-01T10:42:36+01:00"},{"@type":"WebSite","@id":"https:\/\/lasentinelle.dz\/#website","url":"https:\/\/lasentinelle.dz\/","name":"La Sentinelle","description":"Quotidien national d'information","inLanguage":"fr-FR","publisher":{"@id":"https:\/\/lasentinelle.dz\/#organization"}}]},"og:locale":"fr_FR","og:site_name":"La Sentinelle - Quotidien national d'information","og:type":"article","og:title":"Transferts : Mahrez au centre d\u2019un ballet de courtisans - La Sentinelle","og:description":"L'international alg\u00e9rien Riyad Mahrez, libre de tout engagement depuis son d\u00e9part d'Al-Ahli, se retrouve au centre d'un intense ballet de courtisans en ce mercato estival, entre une piste saoudienne qui semble avoir pris une longueur d'avance et un pr\u00e9tendant turc pr\u00eat \u00e0 sortir le grand jeu. Selon des m\u00e9dias saoudiens, le club d'Al-Shabab, pensionnaire du","og:url":"https:\/\/lasentinelle.dz\/index.php\/2026\/09\/01\/transferts-mahrez-au-centre-dun-ballet-de-courtisans\/","og:image":"https:\/\/lasentinelle.dz\/wp-content\/uploads\/2021\/09\/cropped-la-sentinelle-earth-golden-anima-5.gif","og:image:secure_url":"https:\/\/lasentinelle.dz\/wp-content\/uploads\/2021\/09\/cropped-la-sentinelle-earth-golden-anima-5.gif","og:image:width":450,"og:image:height":213,"article:published_time":"2026-09-01T09:42:34+00:00","article:modified_time":"2026-09-01T09:42:36+00:00","article:publisher":"https:\/\/www.facebook.com\/azzedine.lasentinelle.1","twitter:card":"summary_large_image","twitter:title":"Transferts : Mahrez au centre d\u2019un ballet de courtisans - La Sentinelle","twitter:description":"L'international alg\u00e9rien Riyad Mahrez, libre de tout engagement depuis son d\u00e9part d'Al-Ahli, se retrouve au centre d'un intense ballet de courtisans en ce mercato estival, entre une piste saoudienne qui semble avoir pris une longueur d'avance et un pr\u00e9tendant turc pr\u00eat \u00e0 sortir le grand jeu. Selon des m\u00e9dias saoudiens, le club d'Al-Shabab, pensionnaire du","twitter:image":"https:\/\/lasentinelle.dz\/wp-content\/uploads\/2021\/09\/cropped-la-sentinelle-earth-golden-anima-5.gif"},"aioseo_meta_data":{"post_id":"94705","title":null,"description":null,"keywords":null,"keyphrases":{"focus":{"keyphrase":"","score":0,"analysis":{"keyphraseInTitle":{"score":0,"maxScore":9,"error":1}}},"additional":[]},"primary_term":null,"canonical_url":null,"og_title":null,"og_description":null,"og_object_type":"default","og_image_type":"default","og_image_url":null,"og_image_width":null,"og_image_height":null,"og_image_custom_url":null,"og_image_custom_fields":null,"og_video":"","og_custom_url":null,"og_article_section":null,"og_article_tags":null,"twitter_use_og":false,"twitter_card":"default","twitter_image_type":"default","twitter_image_url":null,"twitter_image_custom_url":null,"twitter_image_custom_fields":null,"twitter_title":null,"twitter_description":null,"schema":{"blockGraphs":[],"customGraphs":[],"default":{"data":{"Article":[],"Course":[],"Dataset":[],"FAQPage":[],"Movie":[],"Person":[],"Product":[],"ProductReview":[],"Car":[],"Recipe":[],"Service":[],"SoftwareApplication":[],"WebPage":[]},"graphName":"BlogPosting","isEnabled":true},"graphs":[]},"schema_type":"default","schema_type_options":null,"pillar_content":false,"robots_default":true,"robots_noindex":false,"robots_noarchive":false,"robots_nosnippet":false,"robots_nofollow":false,"robots_noimageindex":false,"robots_noodp":false,"robots_notranslate":false,"robots_max_snippet":"-1","robots_max_videopreview":"-1","robots_max_imagepreview":"large","priority":null,"frequency":"default","local_seo":null,"breadcrumb_settings":null,"limit_modified_date":false,"ai":{"faqs":[],"keyPoints":[],"schemas":[],"titles":[],"descriptions":[],"socialPosts":{"email":{"subject":"","preview":"","content":""},"linkedin":[],"twitter":[],"facebook":[],"instagram":[]}},"created":"2026-09-01 09:42:37","updated":"2026-09-01 10:57:37","focus_keyword":null,"additional_keywords":null,"truseo_locale":null,"seo_analyzer_scan_date":null},"aioseo_breadcrumb":"<div class=\"aioseo-breadcrumbs\"><span class=\"aioseo-breadcrumb\">\n\t\t\t<a href=\"https:\/\/lasentinelle.dz\" title=\"Home\">Home<\/a>\n\t\t<\/span><span class=\"aioseo-breadcrumb-separator\">&raquo;<\/span><span class=\"aioseo-breadcrumb\">\n\t\t\t<a href=\"https:\/\/lasentinelle.dz\/index.php\/category\/sports\/\" title=\"Sports\">Sports<\/a>\n\t\t<\/span><span class=\"aioseo-breadcrumb-separator\">&raquo;<\/span><span class=\"aioseo-breadcrumb\">\n\t\t\tTransferts : Mahrez au centre d\u2019un ballet de courtisans\n\t\t<\/span><\/div>","aioseo_breadcrumb_json":[{"label":"Home","link":"https:\/\/lasentinelle.dz"},{"label":"Sports","link":"https:\/\/lasentinelle.dz\/index.php\/category\/sports\/"},{"label":"Transferts\u00a0: Mahrez au centre d\u2019un ballet de courtisans","link":"https:\/\/lasentinelle.dz\/index.php\/2026\/09\/01\/transferts-mahrez-au-centre-dun-ballet-de-courtisans\/"}],"yoast_head":"<!-- This site is optimized with the Yoast SEO plugin v28.3 - https:\/\/yoast.com\/product\/yoast-seo-wordpress\/ -->\n<title>Transferts\u00a0: Mahrez au centre d\u2019un ballet de courtisans - La Sentinelle<\/title>\n<meta name=\"robots\" content=\"index, follow, max-snippet:-1, max-image-preview:large, max-video-preview:-1\" \/>\n<link rel=\"canonical\" href=\"https:\/\/lasentinelle.dz\/index.php\/2026\/09\/01\/transferts-mahrez-au-centre-dun-ballet-de-courtisans\/\" \/>\n<meta property=\"og:locale\" content=\"fr_FR\" \/>\n<meta property=\"og:type\" content=\"article\" \/>\n<meta property=\"og:title\" content=\"Transferts\u00a0: Mahrez au centre d\u2019un ballet de courtisans - La Sentinelle\" \/>\n<meta property=\"og:description\" content=\"L&rsquo;international alg\u00e9rien Riyad Mahrez, libre de tout engagement depuis son d\u00e9part d&rsquo;Al-Ahli, se retrouve au centre d&rsquo;un intense ballet de\" \/>\n<meta property=\"og:url\" content=\"https:\/\/lasentinelle.dz\/index.php\/2026\/09\/01\/transferts-mahrez-au-centre-dun-ballet-de-courtisans\/\" \/>\n<meta property=\"og:site_name\" content=\"La Sentinelle\" \/>\n<meta property=\"article:publisher\" content=\"https:\/\/www.facebook.com\/La-Sentinelle-104059864394773\" \/>\n<meta property=\"article:published_time\" content=\"2026-09-01T09:42:34+00:00\" \/>\n<meta property=\"article:modified_time\" content=\"2026-09-01T09:42:36+00:00\" \/>\n<meta property=\"og:image\" content=\"https:\/\/lasentinelle.dz\/wp-content\/uploads\/2026\/08\/Mahrez.jpeg\" \/>\n\t<meta property=\"og:image:width\" content=\"714\" \/>\n\t<meta property=\"og:image:height\" content=\"430\" \/>\n\t<meta property=\"og:image:type\" content=\"image\/jpeg\" \/>\n<meta name=\"author\" content=\"admin\" \/>\n<meta name=\"twitter:card\" content=\"summary_large_image\" \/>\n<meta name=\"twitter:label1\" content=\"\u00c9crit par\" \/>\n\t<meta name=\"twitter:data1\" content=\"admin\" \/>\n\t<meta name=\"twitter:label2\" content=\"Dur\u00e9e de lecture estim\u00e9e\" \/>\n\t<meta name=\"twitter:data2\" content=\"3 minutes\" \/>\n<script type=\"application\/ld+json\" class=\"yoast-schema-graph\">{\"@context\":\"https:\\\/\\\/schema.org\",\"@graph\":[{\"@type\":\"Article\",\"@id\":\"https:\\\/\\\/lasentinelle.dz\\\/index.php\\\/2026\\\/09\\\/01\\\/transferts-mahrez-au-centre-dun-ballet-de-courtisans\\\/#article\",\"isPartOf\":{\"@id\":\"https:\\\/\\\/lasentinelle.dz\\\/index.php\\\/2026\\\/09\\\/01\\\/transferts-mahrez-au-centre-dun-ballet-de-courtisans\\\/\"},\"author\":{\"name\":\"admin\",\"@id\":\"https:\\\/\\\/lasentinelle.dz\\\/#\\\/schema\\\/person\\\/729ee0024f24e0b8c5ec17232f8e8b41\"},\"headline\":\"Transferts\u00a0: Mahrez au centre d\u2019un ballet de courtisans\",\"datePublished\":\"2026-09-01T09:42:34+00:00\",\"dateModified\":\"2026-09-01T09:42:36+00:00\",\"mainEntityOfPage\":{\"@id\":\"https:\\\/\\\/lasentinelle.dz\\\/index.php\\\/2026\\\/09\\\/01\\\/transferts-mahrez-au-centre-dun-ballet-de-courtisans\\\/\"},\"wordCount\":511,\"commentCount\":0,\"publisher\":{\"@id\":\"https:\\\/\\\/lasentinelle.dz\\\/#organization\"},\"image\":{\"@id\":\"https:\\\/\\\/lasentinelle.dz\\\/index.php\\\/2026\\\/09\\\/01\\\/transferts-mahrez-au-centre-dun-ballet-de-courtisans\\\/#primaryimage\"},\"thumbnailUrl\":\"https:\\\/\\\/lasentinelle.dz\\\/wp-content\\\/uploads\\\/2026\\\/08\\\/Mahrez.jpeg\",\"articleSection\":[\"Sports\"],\"inLanguage\":\"fr-FR\",\"potentialAction\":[{\"@type\":\"CommentAction\",\"name\":\"Comment\",\"target\":[\"https:\\\/\\\/lasentinelle.dz\\\/index.php\\\/2026\\\/09\\\/01\\\/transferts-mahrez-au-centre-dun-ballet-de-courtisans\\\/#respond\"]}]},{\"@type\":\"WebPage\",\"@id\":\"https:\\\/\\\/lasentinelle.dz\\\/index.php\\\/2026\\\/09\\\/01\\\/transferts-mahrez-au-centre-dun-ballet-de-courtisans\\\/\",\"url\":\"https:\\\/\\\/lasentinelle.dz\\\/index.php\\\/2026\\\/09\\\/01\\\/transferts-mahrez-au-centre-dun-ballet-de-courtisans\\\/\",\"name\":\"Transferts\u00a0: Mahrez au centre d\u2019un ballet de courtisans - La Sentinelle\",\"isPartOf\":{\"@id\":\"https:\\\/\\\/lasentinelle.dz\\\/#website\"},\"primaryImageOfPage\":{\"@id\":\"https:\\\/\\\/lasentinelle.dz\\\/index.php\\\/2026\\\/09\\\/01\\\/transferts-mahrez-au-centre-dun-ballet-de-courtisans\\\/#primaryimage\"},\"image\":{\"@id\":\"https:\\\/\\\/lasentinelle.dz\\\/index.php\\\/2026\\\/09\\\/01\\\/transferts-mahrez-au-centre-dun-ballet-de-courtisans\\\/#primaryimage\"},\"thumbnailUrl\":\"https:\\\/\\\/lasentinelle.dz\\\/wp-content\\\/uploads\\\/2026\\\/08\\\/Mahrez.jpeg\",\"datePublished\":\"2026-09-01T09:42:34+00:00\",\"dateModified\":\"2026-09-01T09:42:36+00:00\",\"breadcrumb\":{\"@id\":\"https:\\\/\\\/lasentinelle.dz\\\/index.php\\\/2026\\\/09\\\/01\\\/transferts-mahrez-au-centre-dun-ballet-de-courtisans\\\/#breadcrumb\"},\"inLanguage\":\"fr-FR\",\"potentialAction\":[{\"@type\":\"ReadAction\",\"target\":[\"https:\\\/\\\/lasentinelle.dz\\\/index.php\\\/2026\\\/09\\\/01\\\/transferts-mahrez-au-centre-dun-ballet-de-courtisans\\\/\"]}]},{\"@type\":\"ImageObject\",\"inLanguage\":\"fr-FR\",\"@id\":\"https:\\\/\\\/lasentinelle.dz\\\/index.php\\\/2026\\\/09\\\/01\\\/transferts-mahrez-au-centre-dun-ballet-de-courtisans\\\/#primaryimage\",\"url\":\"https:\\\/\\\/lasentinelle.dz\\\/wp-content\\\/uploads\\\/2026\\\/08\\\/Mahrez.jpeg\",\"contentUrl\":\"https:\\\/\\\/lasentinelle.dz\\\/wp-content\\\/uploads\\\/2026\\\/08\\\/Mahrez.jpeg\",\"width\":714,\"height\":430},{\"@type\":\"BreadcrumbList\",\"@id\":\"https:\\\/\\\/lasentinelle.dz\\\/index.php\\\/2026\\\/09\\\/01\\\/transferts-mahrez-au-centre-dun-ballet-de-courtisans\\\/#breadcrumb\",\"itemListElement\":[{\"@type\":\"ListItem\",\"position\":1,\"name\":\"Accueil\",\"item\":\"https:\\\/\\\/lasentinelle.dz\\\/\"},{\"@type\":\"ListItem\",\"position\":2,\"name\":\"Transferts\u00a0: Mahrez au centre d\u2019un ballet de courtisans\"}]},{\"@type\":\"WebSite\",\"@id\":\"https:\\\/\\\/lasentinelle.dz\\\/#website\",\"url\":\"https:\\\/\\\/lasentinelle.dz\\\/\",\"name\":\"La Sentinelle\",\"description\":\"Quotidien national d&#039;information\",\"publisher\":{\"@id\":\"https:\\\/\\\/lasentinelle.dz\\\/#organization\"},\"potentialAction\":[{\"@type\":\"SearchAction\",\"target\":{\"@type\":\"EntryPoint\",\"urlTemplate\":\"https:\\\/\\\/lasentinelle.dz\\\/?s={search_term_string}\"},\"query-input\":{\"@type\":\"PropertyValueSpecification\",\"valueRequired\":true,\"valueName\":\"search_term_string\"}}],\"inLanguage\":\"fr-FR\"},{\"@type\":\"Organization\",\"@id\":\"https:\\\/\\\/lasentinelle.dz\\\/#organization\",\"name\":\"Quotidien La Sentinelle\",\"url\":\"https:\\\/\\\/lasentinelle.dz\\\/\",\"logo\":{\"@type\":\"ImageObject\",\"inLanguage\":\"fr-FR\",\"@id\":\"https:\\\/\\\/lasentinelle.dz\\\/#\\\/schema\\\/logo\\\/image\\\/\",\"url\":\"https:\\\/\\\/lasentinelle.dz\\\/wp-content\\\/uploads\\\/2021\\\/09\\\/logo-sentinelleSLOGAN-1.png\",\"contentUrl\":\"https:\\\/\\\/lasentinelle.dz\\\/wp-content\\\/uploads\\\/2021\\\/09\\\/logo-sentinelleSLOGAN-1.png\",\"width\":615,\"height\":142,\"caption\":\"Quotidien La Sentinelle\"},\"image\":{\"@id\":\"https:\\\/\\\/lasentinelle.dz\\\/#\\\/schema\\\/logo\\\/image\\\/\"},\"sameAs\":[\"https:\\\/\\\/www.facebook.com\\\/La-Sentinelle-104059864394773\"]},{\"@type\":\"Person\",\"@id\":\"https:\\\/\\\/lasentinelle.dz\\\/#\\\/schema\\\/person\\\/729ee0024f24e0b8c5ec17232f8e8b41\",\"name\":\"admin\",\"image\":{\"@type\":\"ImageObject\",\"inLanguage\":\"fr-FR\",\"@id\":\"https:\\\/\\\/secure.gravatar.com\\\/avatar\\\/4c81fed838786e9b53f540bf46533e750f5d292099ae3b66cfc6fb1982e29df7?s=96&d=mm&r=g\",\"url\":\"https:\\\/\\\/secure.gravatar.com\\\/avatar\\\/4c81fed838786e9b53f540bf46533e750f5d292099ae3b66cfc6fb1982e29df7?s=96&d=mm&r=g\",\"contentUrl\":\"https:\\\/\\\/secure.gravatar.com\\\/avatar\\\/4c81fed838786e9b53f540bf46533e750f5d292099ae3b66cfc6fb1982e29df7?s=96&d=mm&r=g\",\"caption\":\"admin\"},\"description\":\"admin\",\"url\":\"https:\\\/\\\/lasentinelle.dz\\\/author\\\/admin\\\/\"}]}<\/script>\n<!-- \/ Yoast SEO plugin. -->","yoast_head_json":{"title":"Transferts\u00a0: Mahrez au centre d\u2019un ballet de courtisans - La Sentinelle","robots":{"index":"index","follow":"follow","max-snippet":"max-snippet:-1","max-image-preview":"max-image-preview:large","max-video-preview":"max-video-preview:-1"},"canonical":"https:\/\/lasentinelle.dz\/index.php\/2026\/09\/01\/transferts-mahrez-au-centre-dun-ballet-de-courtisans\/","og_locale":"fr_FR","og_type":"article","og_title":"Transferts\u00a0: Mahrez au centre d\u2019un ballet de courtisans - La Sentinelle","og_description":"L&rsquo;international alg\u00e9rien Riyad Mahrez, libre de tout engagement depuis son d\u00e9part d&rsquo;Al-Ahli, se retrouve au centre d&rsquo;un intense ballet de","og_url":"https:\/\/lasentinelle.dz\/index.php\/2026\/09\/01\/transferts-mahrez-au-centre-dun-ballet-de-courtisans\/","og_site_name":"La Sentinelle","article_publisher":"https:\/\/www.facebook.com\/La-Sentinelle-104059864394773","article_published_time":"2026-09-01T09:42:34+00:00","article_modified_time":"2026-09-01T09:42:36+00:00","og_image":[{"width":714,"height":430,"url":"https:\/\/lasentinelle.dz\/wp-content\/uploads\/2026\/08\/Mahrez.jpeg","type":"image\/jpeg"}],"author":"admin","twitter_card":"summary_large_image","twitter_misc":{"\u00c9crit par":"admin","Dur\u00e9e de lecture estim\u00e9e":"3 minutes"},"schema":{"@context":"https:\/\/schema.org","@graph":[{"@type":"Article","@id":"https:\/\/lasentinelle.dz\/index.php\/2026\/09\/01\/transferts-mahrez-au-centre-dun-ballet-de-courtisans\/#article","isPartOf":{"@id":"https:\/\/lasentinelle.dz\/index.php\/2026\/09\/01\/transferts-mahrez-au-centre-dun-ballet-de-courtisans\/"},"author":{"name":"admin","@id":"https:\/\/lasentinelle.dz\/#\/schema\/person\/729ee0024f24e0b8c5ec17232f8e8b41"},"headline":"Transferts\u00a0: Mahrez au centre d\u2019un ballet de courtisans","datePublished":"2026-09-01T09:42:34+00:00","dateModified":"2026-09-01T09:42:36+00:00","mainEntityOfPage":{"@id":"https:\/\/lasentinelle.dz\/index.php\/2026\/09\/01\/transferts-mahrez-au-centre-dun-ballet-de-courtisans\/"},"wordCount":511,"commentCount":0,"publisher":{"@id":"https:\/\/lasentinelle.dz\/#organization"},"image":{"@id":"https:\/\/lasentinelle.dz\/index.php\/2026\/09\/01\/transferts-mahrez-au-centre-dun-ballet-de-courtisans\/#primaryimage"},"thumbnailUrl":"https:\/\/lasentinelle.dz\/wp-content\/uploads\/2026\/08\/Mahrez.jpeg","articleSection":["Sports"],"inLanguage":"fr-FR","potentialAction":[{"@type":"CommentAction","name":"Comment","target":["https:\/\/lasentinelle.dz\/index.php\/2026\/09\/01\/transferts-mahrez-au-centre-dun-ballet-de-courtisans\/#respond"]}]},{"@type":"WebPage","@id":"https:\/\/lasentinelle.dz\/index.php\/2026\/09\/01\/transferts-mahrez-au-centre-dun-ballet-de-courtisans\/","url":"https:\/\/lasentinelle.dz\/index.php\/2026\/09\/01\/transferts-mahrez-au-centre-dun-ballet-de-courtisans\/","name":"Transferts\u00a0: Mahrez au centre d\u2019un ballet de courtisans - La Sentinelle","isPartOf":{"@id":"https:\/\/lasentinelle.dz\/#website"},"primaryImageOfPage":{"@id":"https:\/\/lasentinelle.dz\/index.php\/2026\/09\/01\/transferts-mahrez-au-centre-dun-ballet-de-courtisans\/#primaryimage"},"image":{"@id":"https:\/\/lasentinelle.dz\/index.php\/2026\/09\/01\/transferts-mahrez-au-centre-dun-ballet-de-courtisans\/#primaryimage"},"thumbnailUrl":"https:\/\/lasentinelle.dz\/wp-content\/uploads\/2026\/08\/Mahrez.jpeg","datePublished":"2026-09-01T09:42:34+00:00","dateModified":"2026-09-01T09:42:36+00:00","breadcrumb":{"@id":"https:\/\/lasentinelle.dz\/index.php\/2026\/09\/01\/transferts-mahrez-au-centre-dun-ballet-de-courtisans\/#breadcrumb"},"inLanguage":"fr-FR","potentialAction":[{"@type":"ReadAction","target":["https:\/\/lasentinelle.dz\/index.php\/2026\/09\/01\/transferts-mahrez-au-centre-dun-ballet-de-courtisans\/"]}]},{"@type":"ImageObject","inLanguage":"fr-FR","@id":"https:\/\/lasentinelle.dz\/index.php\/2026\/09\/01\/transferts-mahrez-au-centre-dun-ballet-de-courtisans\/#primaryimage","url":"https:\/\/lasentinelle.dz\/wp-content\/uploads\/2026\/08\/Mahrez.jpeg","contentUrl":"https:\/\/lasentinelle.dz\/wp-content\/uploads\/2026\/08\/Mahrez.jpeg","width":714,"height":430},{"@type":"BreadcrumbList","@id":"https:\/\/lasentinelle.dz\/index.php\/2026\/09\/01\/transferts-mahrez-au-centre-dun-ballet-de-courtisans\/#breadcrumb","itemListElement":[{"@type":"ListItem","position":1,"name":"Accueil","item":"https:\/\/lasentinelle.dz\/"},{"@type":"ListItem","position":2,"name":"Transferts\u00a0: Mahrez au centre d\u2019un ballet de courtisans"}]},{"@type":"WebSite","@id":"https:\/\/lasentinelle.dz\/#website","url":"https:\/\/lasentinelle.dz\/","name":"La Sentinelle","description":"Quotidien national d&#039;information","publisher":{"@id":"https:\/\/lasentinelle.dz\/#organization"},"potentialAction":[{"@type":"SearchAction","target":{"@type":"EntryPoint","urlTemplate":"https:\/\/lasentinelle.dz\/?s={search_term_string}"},"query-input":{"@type":"PropertyValueSpecification","valueRequired":true,"valueName":"search_term_string"}}],"inLanguage":"fr-FR"},{"@type":"Organization","@id":"https:\/\/lasentinelle.dz\/#organization","name":"Quotidien La Sentinelle","url":"https:\/\/lasentinelle.dz\/","logo":{"@type":"ImageObject","inLanguage":"fr-FR","@id":"https:\/\/lasentinelle.dz\/#\/schema\/logo\/image\/","url":"https:\/\/lasentinelle.dz\/wp-content\/uploads\/2021\/09\/logo-sentinelleSLOGAN-1.png","contentUrl":"https:\/\/lasentinelle.dz\/wp-content\/uploads\/2021\/09\/logo-sentinelleSLOGAN-1.png","width":615,"height":142,"caption":"Quotidien La Sentinelle"},"image":{"@id":"https:\/\/lasentinelle.dz\/#\/schema\/logo\/image\/"},"sameAs":["https:\/\/www.facebook.com\/La-Sentinelle-104059864394773"]},{"@type":"Person","@id":"https:\/\/lasentinelle.dz\/#\/schema\/person\/729ee0024f24e0b8c5ec17232f8e8b41","name":"admin","image":{"@type":"ImageObject","inLanguage":"fr-FR","@id":"https:\/\/secure.gravatar.com\/avatar\/4c81fed838786e9b53f540bf46533e750f5d292099ae3b66cfc6fb1982e29df7?s=96&d=mm&r=g","url":"https:\/\/secure.gravatar.com\/avatar\/4c81fed838786e9b53f540bf46533e750f5d292099ae3b66cfc6fb1982e29df7?s=96&d=mm&r=g","contentUrl":"https:\/\/secure.gravatar.com\/avatar\/4c81fed838786e9b53f540bf46533e750f5d292099ae3b66cfc6fb1982e29df7?s=96&d=mm&r=g","caption":"admin"},"description":"admin","url":"https:\/\/lasentinelle.dz\/author\/admin\/"}]}},"_links":{"self":[{"href":"https:\/\/lasentinelle.dz\/index.php\/wp-json\/wp\/v2\/posts\/94705","targetHints":{"allow":["GET"]}}],"collection":[{"href":"https:\/\/lasentinelle.dz\/index.php\/wp-json\/wp\/v2\/posts"}],"about":[{"href":"https:\/\/lasentinelle.dz\/index.php\/wp-json\/wp\/v2\/types\/post"}],"author":[{"embeddable":true,"href":"https:\/\/lasentinelle.dz\/index.php\/wp-json\/wp\/v2\/users\/6"}],"replies":[{"embeddable":true,"href":"https:\/\/lasentinelle.dz\/index.php\/wp-json\/wp\/v2\/comments?post=94705"}],"version-history":[{"count":1,"href":"https:\/\/lasentinelle.dz\/index.php\/wp-json\/wp\/v2\/posts\/94705\/revisions"}],"predecessor-version":[{"id":94706,"href":"https:\/\/lasentinelle.dz\/index.php\/wp-json\/wp\/v2\/posts\/94705\/revisions\/94706"}],"wp:featuredmedia":[{"embeddable":true,"href":"https:\/\/lasentinelle.dz\/index.php\/wp-json\/wp\/v2\/media\/93120"}],"wp:attachment":[{"href":"https:\/\/lasentinelle.dz\/index.php\/wp-json\/wp\/v2\/media?parent=94705"}],"wp:term":[{"taxonomy":"category","embeddable":true,"href":"https:\/\/lasentinelle.dz\/index.php\/wp-json\/wp\/v2\/categories?post=94705"},{"taxonomy":"post_tag","embeddable":true,"href":"https:\/\/lasentinelle.dz\/index.php\/wp-json\/wp\/v2\/tags?post=94705"}],"curies":[{"name":"wp","href":"https:\/\/api.w.org\/{rel}","templated":true}]}}