{"id":94707,"date":"2026-09-01T10:43:35","date_gmt":"2026-09-01T09:43:35","guid":{"rendered":"https:\/\/lasentinelle.dz\/?p=94707"},"modified":"2026-09-01T10:43:39","modified_gmt":"2026-09-01T09:43:39","slug":"can-u23-les-verts-entament-un-nouveau-stage","status":"publish","type":"post","link":"https:\/\/lasentinelle.dz\/index.php\/2026\/09\/01\/can-u23-les-verts-entament-un-nouveau-stage\/","title":{"rendered":"CAN U23\u00a0: Les Verts entament un nouveau stage"},"content":{"rendered":"\n<p class=\"wp-block-paragraph\">25 joueurs \u00e9voluant dans le championnat national ont r\u00e9pondu pr\u00e9sent, dimanche, \u00e0 l&rsquo;appel du s\u00e9lectionneur Rafik Saifi pour un nouveau regroupement de la s\u00e9lection alg\u00e9rienne des moins de 23 ans, entam\u00e9 au Centre technique national de Sidi Moussa dans la perspective des prochaines \u00e9ch\u00e9ances officielles de l&rsquo;\u00e9quipe.<\/p>\n\n\n\n<p class=\"wp-block-paragraph\">Selon un communiqu\u00e9 publi\u00e9 lundi par la F\u00e9d\u00e9ration alg\u00e9rienne de football (FAF), ce stage, exclusivement r\u00e9serv\u00e9 aux locaux, a d\u00e9but\u00e9 par une premi\u00e8re s\u00e9ance d&rsquo;entra\u00eenement sur les installations du CTN. Pour le staff technique, l&rsquo;objectif de ce regroupement d\u00e9passe la simple mise \u00e0 niveau physique des joueurs d\u00e9j\u00e0 identifi\u00e9s. Il s&rsquo;agit avant tout de jauger de nouveaux profils susceptibles, \u00e0 terme, d&rsquo;int\u00e9grer le groupe et d&rsquo;apporter un plus \u00e0 l&rsquo;effectif national dans l&rsquo;optique des rendez-vous \u00e0 venir. Ce nouveau cycle de pr\u00e9paration s&rsquo;inscrit directement dans le calendrier des \u00e9liminatoires de la CAN U23 2027, une comp\u00e9tition pour laquelle les Alg\u00e9riens ont \u00e9t\u00e9 exempt\u00e9s du tour pr\u00e9liminaire. Le s\u00e9lectionneur et ses joueurs entreront donc directement en lice au deuxi\u00e8me tour, programm\u00e9 au mois de novembre, o\u00f9 ils croiseront le fer avec le vainqueur du duel opposant le Malawi \u00e0 l&rsquo;Eswatini. Le calendrier de cette double confrontation est d\u00e9j\u00e0 fix\u00e9 : les prot\u00e9g\u00e9s de Saifi se d\u00e9placeront pour la manche aller le 9 novembre, avant de recevoir leur adversaire une semaine plus tard, le 17 novembre, pour le match retour \u00e0 domicile. En cas de qualification, l&rsquo;Alg\u00e9rie disputerait ensuite le troisi\u00e8me et dernier tour face au vainqueur de la double manche entre le Zimbabwe et Maurice d&rsquo;un c\u00f4t\u00e9, et le Mali de l&rsquo;autre. Ce tour d\u00e9cisif se jouerait au mois de mars 2027, avec un match aller \u00e0 domicile programm\u00e9 le 22, suivi du d\u00e9placement retour le 30 du m\u00eame mois.<\/p>\n\n\n\n<p class=\"wp-block-paragraph\">Pour rappel, la Conf\u00e9d\u00e9ration africaine de football a confi\u00e9 \u00e0 l&rsquo;\u00c9gypte l&rsquo;organisation de la CAN U23, pr\u00e9vue en novembre 2027 et qualificative pour les Jeux olympiques de Los Angeles 2028. Huit s\u00e9lections prendront part \u00e0 la phase finale, r\u00e9parties en deux groupes de quatre, les deux premiers de chaque poule se qualifiant pour les demi-finales. L&rsquo;\u00c9gypte, pays h\u00f4te, y est d&rsquo;ores et d\u00e9j\u00e0 assur\u00e9e d&rsquo;une place. Pour l&rsquo;Alg\u00e9rie, l&rsquo;enjeu est de taille puisque sa derni\u00e8re apparition au tournoi olympique de football remonte \u00e0 l&rsquo;\u00e9dition de Rio de Janeiro, en 2016. La liste des vingt-cinq joueurs convoqu\u00e9s pour ce stage comprend notamment Mokhtar Mohamed Anes et Chaib Yacine (CRB et MCA), Trad Zakaria (ESS), Merhab Mohamed et Ammam Faiz (JSS et JSEB), Gassi Yakoub et Hamadouche Yacine (MCA), ainsi que plusieurs \u00e9l\u00e9ments issus du Paradou AC, dont Benidder Abdelhak, Guidoum Mohamed et Belkaid Youcef. Figurent \u00e9galement dans cette s\u00e9lection Boularas Omar et Boutaoui Moncef (USMA), Bouaouiche Rami et Slimane Tichtich Islam (JSK), ainsi que Guerroudja Wael et Hamri Abdelkrim Souhaib (CRT), entre autres profils suivis de pr\u00e8s par le staff technique national.<\/p>\n\n\n\n<p class=\"wp-block-paragraph\">Moncef D.<\/p>\n","protected":false},"excerpt":{"rendered":"<p>25 joueurs \u00e9voluant dans le championnat national ont r\u00e9pondu pr\u00e9sent, dimanche, \u00e0 l&rsquo;appel du s\u00e9lectionneur Rafik Saifi pour un nouveau<\/p>\n","protected":false},"author":6,"featured_media":94708,"comment_status":"open","ping_status":"closed","sticky":false,"template":"","format":"standard","meta":{"colormag_page_container_layout":"default_layout","colormag_page_sidebar_layout":"default_layout","om_disable_all_campaigns":false,"_monsterinsights_skip_tracking":false,"footnotes":"","_wpscppro_dont_share_socialmedia":false,"_wpscppro_custom_social_share_image":0,"_facebook_share_type":"default","_twitter_share_type":"default","_linkedin_share_type":"default","_pinterest_share_type":"default","_linkedin_share_type_page":"","_instagram_share_type":"default","_medium_share_type":"default","_threads_share_type":"default","_google_business_share_type":"default","_bluesky_share_type":"default","_mastodon_share_type":"default","_selected_social_profile":[],"_wpsp_enable_custom_social_template":false,"_wpsp_social_scheduling":{"enabled":false,"datetime":null,"platforms":[],"status":"template_only","dateOption":"today","timeOption":"now","customDays":"","customHours":"","customDate":"","customTime":"","schedulingType":"absolute"},"_wpsp_active_default_template":true},"categories":[33],"tags":[],"class_list":["post-94707","post","type-post","status-publish","format-standard","has-post-thumbnail","hentry","category-sports"],"aioseo_notices":[],"aioseo_head":"\n\t\t<!-- All in One SEO 5.0.0.1 - aioseo.com -->\n\t<meta name=\"description\" content=\"25 joueurs \u00e9voluant dans le championnat national ont r\u00e9pondu pr\u00e9sent, dimanche, \u00e0 l&#039;appel du s\u00e9lectionneur Rafik Saifi pour un nouveau regroupement de la s\u00e9lection alg\u00e9rienne des moins de 23 ans, entam\u00e9 au Centre technique national de Sidi Moussa dans la perspective des prochaines \u00e9ch\u00e9ances officielles de l&#039;\u00e9quipe. Selon un communiqu\u00e9 publi\u00e9 lundi par la F\u00e9d\u00e9ration\" \/>\n\t<meta name=\"robots\" content=\"max-image-preview:large\" \/>\n\t<meta name=\"author\" content=\"admin\"\/>\n\t<link rel=\"canonical\" href=\"https:\/\/lasentinelle.dz\/index.php\/2026\/09\/01\/can-u23-les-verts-entament-un-nouveau-stage\/\" \/>\n\t<meta name=\"generator\" content=\"All in One SEO (AIOSEO) 5.0.0.1\" \/>\n\t\t<meta property=\"og:locale\" content=\"fr_FR\" \/>\n\t\t<meta property=\"og:site_name\" content=\"La Sentinelle - Quotidien national d&#039;information\" \/>\n\t\t<meta property=\"og:type\" content=\"article\" \/>\n\t\t<meta property=\"og:title\" content=\"CAN U23 : Les Verts entament un nouveau stage - La Sentinelle\" \/>\n\t\t<meta property=\"og:description\" content=\"25 joueurs \u00e9voluant dans le championnat national ont r\u00e9pondu pr\u00e9sent, dimanche, \u00e0 l&#039;appel du s\u00e9lectionneur Rafik Saifi pour un nouveau regroupement de la s\u00e9lection alg\u00e9rienne des moins de 23 ans, entam\u00e9 au Centre technique national de Sidi Moussa dans la perspective des prochaines \u00e9ch\u00e9ances officielles de l&#039;\u00e9quipe. Selon un communiqu\u00e9 publi\u00e9 lundi par la F\u00e9d\u00e9ration\" \/>\n\t\t<meta property=\"og:url\" content=\"https:\/\/lasentinelle.dz\/index.php\/2026\/09\/01\/can-u23-les-verts-entament-un-nouveau-stage\/\" \/>\n\t\t<meta property=\"og:image\" content=\"https:\/\/lasentinelle.dz\/wp-content\/uploads\/2021\/09\/cropped-la-sentinelle-earth-golden-anima-5.gif\" \/>\n\t\t<meta property=\"og:image:secure_url\" content=\"https:\/\/lasentinelle.dz\/wp-content\/uploads\/2021\/09\/cropped-la-sentinelle-earth-golden-anima-5.gif\" \/>\n\t\t<meta property=\"og:image:width\" content=\"450\" \/>\n\t\t<meta property=\"og:image:height\" content=\"213\" \/>\n\t\t<meta property=\"article:published_time\" content=\"2026-09-01T09:43:35+00:00\" \/>\n\t\t<meta property=\"article:modified_time\" content=\"2026-09-01T09:43:39+00:00\" \/>\n\t\t<meta property=\"article:publisher\" content=\"https:\/\/www.facebook.com\/azzedine.lasentinelle.1\" \/>\n\t\t<meta name=\"twitter:card\" content=\"summary_large_image\" \/>\n\t\t<meta name=\"twitter:title\" content=\"CAN U23 : Les Verts entament un nouveau stage - La Sentinelle\" \/>\n\t\t<meta name=\"twitter:description\" content=\"25 joueurs \u00e9voluant dans le championnat national ont r\u00e9pondu pr\u00e9sent, dimanche, \u00e0 l&#039;appel du s\u00e9lectionneur Rafik Saifi pour un nouveau regroupement de la s\u00e9lection alg\u00e9rienne des moins de 23 ans, entam\u00e9 au Centre technique national de Sidi Moussa dans la perspective des prochaines \u00e9ch\u00e9ances officielles de l&#039;\u00e9quipe. Selon un communiqu\u00e9 publi\u00e9 lundi par la F\u00e9d\u00e9ration\" \/>\n\t\t<meta name=\"twitter:image\" content=\"https:\/\/lasentinelle.dz\/wp-content\/uploads\/2021\/09\/cropped-la-sentinelle-earth-golden-anima-5.gif\" \/>\n\t\t<script type=\"application\/ld+json\" class=\"aioseo-schema\">\n\t\t\t{\"@context\":\"https:\\\/\\\/schema.org\",\"@graph\":[{\"@type\":\"BlogPosting\",\"@id\":\"https:\\\/\\\/lasentinelle.dz\\\/index.php\\\/2026\\\/09\\\/01\\\/can-u23-les-verts-entament-un-nouveau-stage\\\/#blogposting\",\"name\":\"CAN U23 : Les Verts entament un nouveau stage - La Sentinelle\",\"headline\":\"CAN U23\\u00a0: Les Verts entament un nouveau stage\",\"author\":{\"@id\":\"https:\\\/\\\/lasentinelle.dz\\\/author\\\/admin\\\/#author\"},\"publisher\":{\"@id\":\"https:\\\/\\\/lasentinelle.dz\\\/#organization\"},\"image\":{\"@type\":\"ImageObject\",\"url\":\"https:\\\/\\\/lasentinelle.dz\\\/wp-content\\\/uploads\\\/2026\\\/09\\\/U23-scaled.jpg\",\"width\":2560,\"height\":2560},\"datePublished\":\"2026-09-01T10:43:35+01:00\",\"dateModified\":\"2026-09-01T10:43:39+01:00\",\"inLanguage\":\"fr-FR\",\"mainEntityOfPage\":{\"@id\":\"https:\\\/\\\/lasentinelle.dz\\\/index.php\\\/2026\\\/09\\\/01\\\/can-u23-les-verts-entament-un-nouveau-stage\\\/#webpage\"},\"isPartOf\":{\"@id\":\"https:\\\/\\\/lasentinelle.dz\\\/index.php\\\/2026\\\/09\\\/01\\\/can-u23-les-verts-entament-un-nouveau-stage\\\/#webpage\"},\"articleSection\":\"Sports\"},{\"@type\":\"BreadcrumbList\",\"@id\":\"https:\\\/\\\/lasentinelle.dz\\\/index.php\\\/2026\\\/09\\\/01\\\/can-u23-les-verts-entament-un-nouveau-stage\\\/#breadcrumblist\",\"itemListElement\":[{\"@type\":\"ListItem\",\"@id\":\"https:\\\/\\\/lasentinelle.dz#listItem\",\"position\":1,\"name\":\"Home\",\"item\":\"https:\\\/\\\/lasentinelle.dz\",\"nextItem\":{\"@type\":\"ListItem\",\"@id\":\"https:\\\/\\\/lasentinelle.dz\\\/index.php\\\/category\\\/sports\\\/#listItem\",\"name\":\"Sports\"}},{\"@type\":\"ListItem\",\"@id\":\"https:\\\/\\\/lasentinelle.dz\\\/index.php\\\/category\\\/sports\\\/#listItem\",\"position\":2,\"name\":\"Sports\",\"item\":\"https:\\\/\\\/lasentinelle.dz\\\/index.php\\\/category\\\/sports\\\/\",\"nextItem\":{\"@type\":\"ListItem\",\"@id\":\"https:\\\/\\\/lasentinelle.dz\\\/index.php\\\/2026\\\/09\\\/01\\\/can-u23-les-verts-entament-un-nouveau-stage\\\/#listItem\",\"name\":\"CAN U23\\u00a0: Les Verts entament un nouveau stage\"},\"previousItem\":{\"@type\":\"ListItem\",\"@id\":\"https:\\\/\\\/lasentinelle.dz#listItem\",\"name\":\"Home\"}},{\"@type\":\"ListItem\",\"@id\":\"https:\\\/\\\/lasentinelle.dz\\\/index.php\\\/2026\\\/09\\\/01\\\/can-u23-les-verts-entament-un-nouveau-stage\\\/#listItem\",\"position\":3,\"name\":\"CAN U23\\u00a0: Les Verts entament un nouveau stage\",\"previousItem\":{\"@type\":\"ListItem\",\"@id\":\"https:\\\/\\\/lasentinelle.dz\\\/index.php\\\/category\\\/sports\\\/#listItem\",\"name\":\"Sports\"}}]},{\"@type\":\"Organization\",\"@id\":\"https:\\\/\\\/lasentinelle.dz\\\/#organization\",\"name\":\"La Sentinelle La Sentinelle\",\"description\":\"Quotidien national d'information\",\"url\":\"https:\\\/\\\/lasentinelle.dz\\\/\",\"logo\":{\"@type\":\"ImageObject\",\"url\":\"https:\\\/\\\/lasentinelle.dz\\\/wp-content\\\/uploads\\\/2021\\\/09\\\/cropped-la-sentinelle-earth-golden-anima-5.gif\",\"@id\":\"https:\\\/\\\/lasentinelle.dz\\\/index.php\\\/2026\\\/09\\\/01\\\/can-u23-les-verts-entament-un-nouveau-stage\\\/#organizationLogo\",\"width\":450,\"height\":213},\"image\":{\"@id\":\"https:\\\/\\\/lasentinelle.dz\\\/index.php\\\/2026\\\/09\\\/01\\\/can-u23-les-verts-entament-un-nouveau-stage\\\/#organizationLogo\"},\"sameAs\":[\"https:\\\/\\\/www.facebook.com\\\/azzedine.lasentinelle.1\"]},{\"@type\":\"Person\",\"@id\":\"https:\\\/\\\/lasentinelle.dz\\\/author\\\/admin\\\/#author\",\"url\":\"https:\\\/\\\/lasentinelle.dz\\\/author\\\/admin\\\/\",\"name\":\"admin\",\"image\":{\"@type\":\"ImageObject\",\"@id\":\"https:\\\/\\\/lasentinelle.dz\\\/index.php\\\/2026\\\/09\\\/01\\\/can-u23-les-verts-entament-un-nouveau-stage\\\/#authorImage\",\"url\":\"https:\\\/\\\/secure.gravatar.com\\\/avatar\\\/4c81fed838786e9b53f540bf46533e750f5d292099ae3b66cfc6fb1982e29df7?s=96&d=mm&r=g\",\"width\":96,\"height\":96,\"caption\":\"admin\"}},{\"@type\":\"WebPage\",\"@id\":\"https:\\\/\\\/lasentinelle.dz\\\/index.php\\\/2026\\\/09\\\/01\\\/can-u23-les-verts-entament-un-nouveau-stage\\\/#webpage\",\"url\":\"https:\\\/\\\/lasentinelle.dz\\\/index.php\\\/2026\\\/09\\\/01\\\/can-u23-les-verts-entament-un-nouveau-stage\\\/\",\"name\":\"CAN U23 : Les Verts entament un nouveau stage - La Sentinelle\",\"description\":\"25 joueurs \\u00e9voluant dans le championnat national ont r\\u00e9pondu pr\\u00e9sent, dimanche, \\u00e0 l'appel du s\\u00e9lectionneur Rafik Saifi pour un nouveau regroupement de la s\\u00e9lection alg\\u00e9rienne des moins de 23 ans, entam\\u00e9 au Centre technique national de Sidi Moussa dans la perspective des prochaines \\u00e9ch\\u00e9ances officielles de l'\\u00e9quipe. Selon un communiqu\\u00e9 publi\\u00e9 lundi par la F\\u00e9d\\u00e9ration\",\"inLanguage\":\"fr-FR\",\"isPartOf\":{\"@id\":\"https:\\\/\\\/lasentinelle.dz\\\/#website\"},\"breadcrumb\":{\"@id\":\"https:\\\/\\\/lasentinelle.dz\\\/index.php\\\/2026\\\/09\\\/01\\\/can-u23-les-verts-entament-un-nouveau-stage\\\/#breadcrumblist\"},\"author\":{\"@id\":\"https:\\\/\\\/lasentinelle.dz\\\/author\\\/admin\\\/#author\"},\"creator\":{\"@id\":\"https:\\\/\\\/lasentinelle.dz\\\/author\\\/admin\\\/#author\"},\"image\":{\"@type\":\"ImageObject\",\"url\":\"https:\\\/\\\/lasentinelle.dz\\\/wp-content\\\/uploads\\\/2026\\\/09\\\/U23-scaled.jpg\",\"@id\":\"https:\\\/\\\/lasentinelle.dz\\\/index.php\\\/2026\\\/09\\\/01\\\/can-u23-les-verts-entament-un-nouveau-stage\\\/#mainImage\",\"width\":2560,\"height\":2560},\"primaryImageOfPage\":{\"@id\":\"https:\\\/\\\/lasentinelle.dz\\\/index.php\\\/2026\\\/09\\\/01\\\/can-u23-les-verts-entament-un-nouveau-stage\\\/#mainImage\"},\"datePublished\":\"2026-09-01T10:43:35+01:00\",\"dateModified\":\"2026-09-01T10:43:39+01:00\"},{\"@type\":\"WebSite\",\"@id\":\"https:\\\/\\\/lasentinelle.dz\\\/#website\",\"url\":\"https:\\\/\\\/lasentinelle.dz\\\/\",\"name\":\"La Sentinelle\",\"description\":\"Quotidien national d'information\",\"inLanguage\":\"fr-FR\",\"publisher\":{\"@id\":\"https:\\\/\\\/lasentinelle.dz\\\/#organization\"}}]}\n\t\t<\/script>\n\t\t<!-- All in One SEO -->\n\n","aioseo_head_json":{"title":"CAN U23 : Les Verts entament un nouveau stage - La Sentinelle","description":"25 joueurs \u00e9voluant dans le championnat national ont r\u00e9pondu pr\u00e9sent, dimanche, \u00e0 l'appel du s\u00e9lectionneur Rafik Saifi pour un nouveau regroupement de la s\u00e9lection alg\u00e9rienne des moins de 23 ans, entam\u00e9 au Centre technique national de Sidi Moussa dans la perspective des prochaines \u00e9ch\u00e9ances officielles de l'\u00e9quipe. Selon un communiqu\u00e9 publi\u00e9 lundi par la F\u00e9d\u00e9ration","canonical_url":"https:\/\/lasentinelle.dz\/index.php\/2026\/09\/01\/can-u23-les-verts-entament-un-nouveau-stage\/","robots":"max-image-preview:large","keywords":"","webmasterTools":{"miscellaneous":""},"schema":{"@context":"https:\/\/schema.org","@graph":[{"@type":"BlogPosting","@id":"https:\/\/lasentinelle.dz\/index.php\/2026\/09\/01\/can-u23-les-verts-entament-un-nouveau-stage\/#blogposting","name":"CAN U23 : Les Verts entament un nouveau stage - La Sentinelle","headline":"CAN U23\u00a0: Les Verts entament un nouveau stage","author":{"@id":"https:\/\/lasentinelle.dz\/author\/admin\/#author"},"publisher":{"@id":"https:\/\/lasentinelle.dz\/#organization"},"image":{"@type":"ImageObject","url":"https:\/\/lasentinelle.dz\/wp-content\/uploads\/2026\/09\/U23-scaled.jpg","width":2560,"height":2560},"datePublished":"2026-09-01T10:43:35+01:00","dateModified":"2026-09-01T10:43:39+01:00","inLanguage":"fr-FR","mainEntityOfPage":{"@id":"https:\/\/lasentinelle.dz\/index.php\/2026\/09\/01\/can-u23-les-verts-entament-un-nouveau-stage\/#webpage"},"isPartOf":{"@id":"https:\/\/lasentinelle.dz\/index.php\/2026\/09\/01\/can-u23-les-verts-entament-un-nouveau-stage\/#webpage"},"articleSection":"Sports"},{"@type":"BreadcrumbList","@id":"https:\/\/lasentinelle.dz\/index.php\/2026\/09\/01\/can-u23-les-verts-entament-un-nouveau-stage\/#breadcrumblist","itemListElement":[{"@type":"ListItem","@id":"https:\/\/lasentinelle.dz#listItem","position":1,"name":"Home","item":"https:\/\/lasentinelle.dz","nextItem":{"@type":"ListItem","@id":"https:\/\/lasentinelle.dz\/index.php\/category\/sports\/#listItem","name":"Sports"}},{"@type":"ListItem","@id":"https:\/\/lasentinelle.dz\/index.php\/category\/sports\/#listItem","position":2,"name":"Sports","item":"https:\/\/lasentinelle.dz\/index.php\/category\/sports\/","nextItem":{"@type":"ListItem","@id":"https:\/\/lasentinelle.dz\/index.php\/2026\/09\/01\/can-u23-les-verts-entament-un-nouveau-stage\/#listItem","name":"CAN U23\u00a0: Les Verts entament un nouveau stage"},"previousItem":{"@type":"ListItem","@id":"https:\/\/lasentinelle.dz#listItem","name":"Home"}},{"@type":"ListItem","@id":"https:\/\/lasentinelle.dz\/index.php\/2026\/09\/01\/can-u23-les-verts-entament-un-nouveau-stage\/#listItem","position":3,"name":"CAN U23\u00a0: Les Verts entament un nouveau stage","previousItem":{"@type":"ListItem","@id":"https:\/\/lasentinelle.dz\/index.php\/category\/sports\/#listItem","name":"Sports"}}]},{"@type":"Organization","@id":"https:\/\/lasentinelle.dz\/#organization","name":"La Sentinelle La Sentinelle","description":"Quotidien national d'information","url":"https:\/\/lasentinelle.dz\/","logo":{"@type":"ImageObject","url":"https:\/\/lasentinelle.dz\/wp-content\/uploads\/2021\/09\/cropped-la-sentinelle-earth-golden-anima-5.gif","@id":"https:\/\/lasentinelle.dz\/index.php\/2026\/09\/01\/can-u23-les-verts-entament-un-nouveau-stage\/#organizationLogo","width":450,"height":213},"image":{"@id":"https:\/\/lasentinelle.dz\/index.php\/2026\/09\/01\/can-u23-les-verts-entament-un-nouveau-stage\/#organizationLogo"},"sameAs":["https:\/\/www.facebook.com\/azzedine.lasentinelle.1"]},{"@type":"Person","@id":"https:\/\/lasentinelle.dz\/author\/admin\/#author","url":"https:\/\/lasentinelle.dz\/author\/admin\/","name":"admin","image":{"@type":"ImageObject","@id":"https:\/\/lasentinelle.dz\/index.php\/2026\/09\/01\/can-u23-les-verts-entament-un-nouveau-stage\/#authorImage","url":"https:\/\/secure.gravatar.com\/avatar\/4c81fed838786e9b53f540bf46533e750f5d292099ae3b66cfc6fb1982e29df7?s=96&d=mm&r=g","width":96,"height":96,"caption":"admin"}},{"@type":"WebPage","@id":"https:\/\/lasentinelle.dz\/index.php\/2026\/09\/01\/can-u23-les-verts-entament-un-nouveau-stage\/#webpage","url":"https:\/\/lasentinelle.dz\/index.php\/2026\/09\/01\/can-u23-les-verts-entament-un-nouveau-stage\/","name":"CAN U23 : Les Verts entament un nouveau stage - La Sentinelle","description":"25 joueurs \u00e9voluant dans le championnat national ont r\u00e9pondu pr\u00e9sent, dimanche, \u00e0 l'appel du s\u00e9lectionneur Rafik Saifi pour un nouveau regroupement de la s\u00e9lection alg\u00e9rienne des moins de 23 ans, entam\u00e9 au Centre technique national de Sidi Moussa dans la perspective des prochaines \u00e9ch\u00e9ances officielles de l'\u00e9quipe. Selon un communiqu\u00e9 publi\u00e9 lundi par la F\u00e9d\u00e9ration","inLanguage":"fr-FR","isPartOf":{"@id":"https:\/\/lasentinelle.dz\/#website"},"breadcrumb":{"@id":"https:\/\/lasentinelle.dz\/index.php\/2026\/09\/01\/can-u23-les-verts-entament-un-nouveau-stage\/#breadcrumblist"},"author":{"@id":"https:\/\/lasentinelle.dz\/author\/admin\/#author"},"creator":{"@id":"https:\/\/lasentinelle.dz\/author\/admin\/#author"},"image":{"@type":"ImageObject","url":"https:\/\/lasentinelle.dz\/wp-content\/uploads\/2026\/09\/U23-scaled.jpg","@id":"https:\/\/lasentinelle.dz\/index.php\/2026\/09\/01\/can-u23-les-verts-entament-un-nouveau-stage\/#mainImage","width":2560,"height":2560},"primaryImageOfPage":{"@id":"https:\/\/lasentinelle.dz\/index.php\/2026\/09\/01\/can-u23-les-verts-entament-un-nouveau-stage\/#mainImage"},"datePublished":"2026-09-01T10:43:35+01:00","dateModified":"2026-09-01T10:43:39+01:00"},{"@type":"WebSite","@id":"https:\/\/lasentinelle.dz\/#website","url":"https:\/\/lasentinelle.dz\/","name":"La Sentinelle","description":"Quotidien national d'information","inLanguage":"fr-FR","publisher":{"@id":"https:\/\/lasentinelle.dz\/#organization"}}]},"og:locale":"fr_FR","og:site_name":"La Sentinelle - Quotidien national d'information","og:type":"article","og:title":"CAN U23 : Les Verts entament un nouveau stage - La Sentinelle","og:description":"25 joueurs \u00e9voluant dans le championnat national ont r\u00e9pondu pr\u00e9sent, dimanche, \u00e0 l'appel du s\u00e9lectionneur Rafik Saifi pour un nouveau regroupement de la s\u00e9lection alg\u00e9rienne des moins de 23 ans, entam\u00e9 au Centre technique national de Sidi Moussa dans la perspective des prochaines \u00e9ch\u00e9ances officielles de l'\u00e9quipe. Selon un communiqu\u00e9 publi\u00e9 lundi par la F\u00e9d\u00e9ration","og:url":"https:\/\/lasentinelle.dz\/index.php\/2026\/09\/01\/can-u23-les-verts-entament-un-nouveau-stage\/","og:image":"https:\/\/lasentinelle.dz\/wp-content\/uploads\/2021\/09\/cropped-la-sentinelle-earth-golden-anima-5.gif","og:image:secure_url":"https:\/\/lasentinelle.dz\/wp-content\/uploads\/2021\/09\/cropped-la-sentinelle-earth-golden-anima-5.gif","og:image:width":450,"og:image:height":213,"article:published_time":"2026-09-01T09:43:35+00:00","article:modified_time":"2026-09-01T09:43:39+00:00","article:publisher":"https:\/\/www.facebook.com\/azzedine.lasentinelle.1","twitter:card":"summary_large_image","twitter:title":"CAN U23 : Les Verts entament un nouveau stage - La Sentinelle","twitter:description":"25 joueurs \u00e9voluant dans le championnat national ont r\u00e9pondu pr\u00e9sent, dimanche, \u00e0 l'appel du s\u00e9lectionneur Rafik Saifi pour un nouveau regroupement de la s\u00e9lection alg\u00e9rienne des moins de 23 ans, entam\u00e9 au Centre technique national de Sidi Moussa dans la perspective des prochaines \u00e9ch\u00e9ances officielles de l'\u00e9quipe. Selon un communiqu\u00e9 publi\u00e9 lundi par la F\u00e9d\u00e9ration","twitter:image":"https:\/\/lasentinelle.dz\/wp-content\/uploads\/2021\/09\/cropped-la-sentinelle-earth-golden-anima-5.gif"},"aioseo_meta_data":{"post_id":"94707","title":null,"description":null,"keywords":null,"keyphrases":{"focus":{"keyphrase":"","score":0,"analysis":{"keyphraseInTitle":{"score":0,"maxScore":9,"error":1}}},"additional":[]},"primary_term":null,"canonical_url":null,"og_title":null,"og_description":null,"og_object_type":"default","og_image_type":"default","og_image_url":null,"og_image_width":null,"og_image_height":null,"og_image_custom_url":null,"og_image_custom_fields":null,"og_video":"","og_custom_url":null,"og_article_section":null,"og_article_tags":null,"twitter_use_og":false,"twitter_card":"default","twitter_image_type":"default","twitter_image_url":null,"twitter_image_custom_url":null,"twitter_image_custom_fields":null,"twitter_title":null,"twitter_description":null,"schema":{"blockGraphs":[],"customGraphs":[],"default":{"data":{"Article":[],"Course":[],"Dataset":[],"FAQPage":[],"Movie":[],"Person":[],"Product":[],"ProductReview":[],"Car":[],"Recipe":[],"Service":[],"SoftwareApplication":[],"WebPage":[]},"graphName":"BlogPosting","isEnabled":true},"graphs":[]},"schema_type":"default","schema_type_options":null,"pillar_content":false,"robots_default":true,"robots_noindex":false,"robots_noarchive":false,"robots_nosnippet":false,"robots_nofollow":false,"robots_noimageindex":false,"robots_noodp":false,"robots_notranslate":false,"robots_max_snippet":"-1","robots_max_videopreview":"-1","robots_max_imagepreview":"large","priority":null,"frequency":"default","local_seo":null,"breadcrumb_settings":null,"limit_modified_date":false,"ai":{"faqs":[],"keyPoints":[],"schemas":[],"titles":[],"descriptions":[],"socialPosts":{"email":{"subject":"","preview":"","content":""},"linkedin":[],"twitter":[],"facebook":[],"instagram":[]}},"created":"2026-09-01 09:43:40","updated":"2026-09-01 10:57:38","focus_keyword":null,"additional_keywords":null,"truseo_locale":null,"seo_analyzer_scan_date":null},"aioseo_breadcrumb":"<div class=\"aioseo-breadcrumbs\"><span class=\"aioseo-breadcrumb\">\n\t\t\t<a href=\"https:\/\/lasentinelle.dz\" title=\"Home\">Home<\/a>\n\t\t<\/span><span class=\"aioseo-breadcrumb-separator\">&raquo;<\/span><span class=\"aioseo-breadcrumb\">\n\t\t\t<a href=\"https:\/\/lasentinelle.dz\/index.php\/category\/sports\/\" title=\"Sports\">Sports<\/a>\n\t\t<\/span><span class=\"aioseo-breadcrumb-separator\">&raquo;<\/span><span class=\"aioseo-breadcrumb\">\n\t\t\tCAN U23 : Les Verts entament un nouveau stage\n\t\t<\/span><\/div>","aioseo_breadcrumb_json":[{"label":"Home","link":"https:\/\/lasentinelle.dz"},{"label":"Sports","link":"https:\/\/lasentinelle.dz\/index.php\/category\/sports\/"},{"label":"CAN U23\u00a0: Les Verts entament un nouveau stage","link":"https:\/\/lasentinelle.dz\/index.php\/2026\/09\/01\/can-u23-les-verts-entament-un-nouveau-stage\/"}],"yoast_head":"<!-- This site is optimized with the Yoast SEO plugin v28.3 - https:\/\/yoast.com\/product\/yoast-seo-wordpress\/ -->\n<title>CAN U23\u00a0: Les Verts entament un nouveau stage - La Sentinelle<\/title>\n<meta name=\"robots\" content=\"index, follow, max-snippet:-1, max-image-preview:large, max-video-preview:-1\" \/>\n<link rel=\"canonical\" href=\"https:\/\/lasentinelle.dz\/index.php\/2026\/09\/01\/can-u23-les-verts-entament-un-nouveau-stage\/\" \/>\n<meta property=\"og:locale\" content=\"fr_FR\" \/>\n<meta property=\"og:type\" content=\"article\" \/>\n<meta property=\"og:title\" content=\"CAN U23\u00a0: Les Verts entament un nouveau stage - La Sentinelle\" \/>\n<meta property=\"og:description\" content=\"25 joueurs \u00e9voluant dans le championnat national ont r\u00e9pondu pr\u00e9sent, dimanche, \u00e0 l&rsquo;appel du s\u00e9lectionneur Rafik Saifi pour un nouveau\" \/>\n<meta property=\"og:url\" content=\"https:\/\/lasentinelle.dz\/index.php\/2026\/09\/01\/can-u23-les-verts-entament-un-nouveau-stage\/\" \/>\n<meta property=\"og:site_name\" content=\"La Sentinelle\" \/>\n<meta property=\"article:publisher\" content=\"https:\/\/www.facebook.com\/La-Sentinelle-104059864394773\" \/>\n<meta property=\"article:published_time\" content=\"2026-09-01T09:43:35+00:00\" \/>\n<meta property=\"article:modified_time\" content=\"2026-09-01T09:43:39+00:00\" \/>\n<meta property=\"og:image\" content=\"https:\/\/lasentinelle.dz\/wp-content\/uploads\/2026\/09\/U23-scaled.jpg\" \/>\n\t<meta property=\"og:image:width\" content=\"2560\" \/>\n\t<meta property=\"og:image:height\" content=\"2560\" \/>\n\t<meta property=\"og:image:type\" content=\"image\/jpeg\" \/>\n<meta name=\"author\" content=\"admin\" \/>\n<meta name=\"twitter:card\" content=\"summary_large_image\" \/>\n<meta name=\"twitter:label1\" content=\"\u00c9crit par\" \/>\n\t<meta name=\"twitter:data1\" content=\"admin\" \/>\n\t<meta name=\"twitter:label2\" content=\"Dur\u00e9e de lecture estim\u00e9e\" \/>\n\t<meta name=\"twitter:data2\" content=\"3 minutes\" \/>\n<script type=\"application\/ld+json\" class=\"yoast-schema-graph\">{\"@context\":\"https:\\\/\\\/schema.org\",\"@graph\":[{\"@type\":\"Article\",\"@id\":\"https:\\\/\\\/lasentinelle.dz\\\/index.php\\\/2026\\\/09\\\/01\\\/can-u23-les-verts-entament-un-nouveau-stage\\\/#article\",\"isPartOf\":{\"@id\":\"https:\\\/\\\/lasentinelle.dz\\\/index.php\\\/2026\\\/09\\\/01\\\/can-u23-les-verts-entament-un-nouveau-stage\\\/\"},\"author\":{\"name\":\"admin\",\"@id\":\"https:\\\/\\\/lasentinelle.dz\\\/#\\\/schema\\\/person\\\/729ee0024f24e0b8c5ec17232f8e8b41\"},\"headline\":\"CAN U23\u00a0: Les Verts entament un nouveau stage\",\"datePublished\":\"2026-09-01T09:43:35+00:00\",\"dateModified\":\"2026-09-01T09:43:39+00:00\",\"mainEntityOfPage\":{\"@id\":\"https:\\\/\\\/lasentinelle.dz\\\/index.php\\\/2026\\\/09\\\/01\\\/can-u23-les-verts-entament-un-nouveau-stage\\\/\"},\"wordCount\":525,\"commentCount\":0,\"publisher\":{\"@id\":\"https:\\\/\\\/lasentinelle.dz\\\/#organization\"},\"image\":{\"@id\":\"https:\\\/\\\/lasentinelle.dz\\\/index.php\\\/2026\\\/09\\\/01\\\/can-u23-les-verts-entament-un-nouveau-stage\\\/#primaryimage\"},\"thumbnailUrl\":\"https:\\\/\\\/lasentinelle.dz\\\/wp-content\\\/uploads\\\/2026\\\/09\\\/U23-scaled.jpg\",\"articleSection\":[\"Sports\"],\"inLanguage\":\"fr-FR\",\"potentialAction\":[{\"@type\":\"CommentAction\",\"name\":\"Comment\",\"target\":[\"https:\\\/\\\/lasentinelle.dz\\\/index.php\\\/2026\\\/09\\\/01\\\/can-u23-les-verts-entament-un-nouveau-stage\\\/#respond\"]}]},{\"@type\":\"WebPage\",\"@id\":\"https:\\\/\\\/lasentinelle.dz\\\/index.php\\\/2026\\\/09\\\/01\\\/can-u23-les-verts-entament-un-nouveau-stage\\\/\",\"url\":\"https:\\\/\\\/lasentinelle.dz\\\/index.php\\\/2026\\\/09\\\/01\\\/can-u23-les-verts-entament-un-nouveau-stage\\\/\",\"name\":\"CAN U23\u00a0: Les Verts entament un nouveau stage - La Sentinelle\",\"isPartOf\":{\"@id\":\"https:\\\/\\\/lasentinelle.dz\\\/#website\"},\"primaryImageOfPage\":{\"@id\":\"https:\\\/\\\/lasentinelle.dz\\\/index.php\\\/2026\\\/09\\\/01\\\/can-u23-les-verts-entament-un-nouveau-stage\\\/#primaryimage\"},\"image\":{\"@id\":\"https:\\\/\\\/lasentinelle.dz\\\/index.php\\\/2026\\\/09\\\/01\\\/can-u23-les-verts-entament-un-nouveau-stage\\\/#primaryimage\"},\"thumbnailUrl\":\"https:\\\/\\\/lasentinelle.dz\\\/wp-content\\\/uploads\\\/2026\\\/09\\\/U23-scaled.jpg\",\"datePublished\":\"2026-09-01T09:43:35+00:00\",\"dateModified\":\"2026-09-01T09:43:39+00:00\",\"breadcrumb\":{\"@id\":\"https:\\\/\\\/lasentinelle.dz\\\/index.php\\\/2026\\\/09\\\/01\\\/can-u23-les-verts-entament-un-nouveau-stage\\\/#breadcrumb\"},\"inLanguage\":\"fr-FR\",\"potentialAction\":[{\"@type\":\"ReadAction\",\"target\":[\"https:\\\/\\\/lasentinelle.dz\\\/index.php\\\/2026\\\/09\\\/01\\\/can-u23-les-verts-entament-un-nouveau-stage\\\/\"]}]},{\"@type\":\"ImageObject\",\"inLanguage\":\"fr-FR\",\"@id\":\"https:\\\/\\\/lasentinelle.dz\\\/index.php\\\/2026\\\/09\\\/01\\\/can-u23-les-verts-entament-un-nouveau-stage\\\/#primaryimage\",\"url\":\"https:\\\/\\\/lasentinelle.dz\\\/wp-content\\\/uploads\\\/2026\\\/09\\\/U23-scaled.jpg\",\"contentUrl\":\"https:\\\/\\\/lasentinelle.dz\\\/wp-content\\\/uploads\\\/2026\\\/09\\\/U23-scaled.jpg\",\"width\":2560,\"height\":2560},{\"@type\":\"BreadcrumbList\",\"@id\":\"https:\\\/\\\/lasentinelle.dz\\\/index.php\\\/2026\\\/09\\\/01\\\/can-u23-les-verts-entament-un-nouveau-stage\\\/#breadcrumb\",\"itemListElement\":[{\"@type\":\"ListItem\",\"position\":1,\"name\":\"Accueil\",\"item\":\"https:\\\/\\\/lasentinelle.dz\\\/\"},{\"@type\":\"ListItem\",\"position\":2,\"name\":\"CAN U23\u00a0: Les Verts entament un nouveau stage\"}]},{\"@type\":\"WebSite\",\"@id\":\"https:\\\/\\\/lasentinelle.dz\\\/#website\",\"url\":\"https:\\\/\\\/lasentinelle.dz\\\/\",\"name\":\"La Sentinelle\",\"description\":\"Quotidien national d&#039;information\",\"publisher\":{\"@id\":\"https:\\\/\\\/lasentinelle.dz\\\/#organization\"},\"potentialAction\":[{\"@type\":\"SearchAction\",\"target\":{\"@type\":\"EntryPoint\",\"urlTemplate\":\"https:\\\/\\\/lasentinelle.dz\\\/?s={search_term_string}\"},\"query-input\":{\"@type\":\"PropertyValueSpecification\",\"valueRequired\":true,\"valueName\":\"search_term_string\"}}],\"inLanguage\":\"fr-FR\"},{\"@type\":\"Organization\",\"@id\":\"https:\\\/\\\/lasentinelle.dz\\\/#organization\",\"name\":\"Quotidien La Sentinelle\",\"url\":\"https:\\\/\\\/lasentinelle.dz\\\/\",\"logo\":{\"@type\":\"ImageObject\",\"inLanguage\":\"fr-FR\",\"@id\":\"https:\\\/\\\/lasentinelle.dz\\\/#\\\/schema\\\/logo\\\/image\\\/\",\"url\":\"https:\\\/\\\/lasentinelle.dz\\\/wp-content\\\/uploads\\\/2021\\\/09\\\/logo-sentinelleSLOGAN-1.png\",\"contentUrl\":\"https:\\\/\\\/lasentinelle.dz\\\/wp-content\\\/uploads\\\/2021\\\/09\\\/logo-sentinelleSLOGAN-1.png\",\"width\":615,\"height\":142,\"caption\":\"Quotidien La Sentinelle\"},\"image\":{\"@id\":\"https:\\\/\\\/lasentinelle.dz\\\/#\\\/schema\\\/logo\\\/image\\\/\"},\"sameAs\":[\"https:\\\/\\\/www.facebook.com\\\/La-Sentinelle-104059864394773\"]},{\"@type\":\"Person\",\"@id\":\"https:\\\/\\\/lasentinelle.dz\\\/#\\\/schema\\\/person\\\/729ee0024f24e0b8c5ec17232f8e8b41\",\"name\":\"admin\",\"image\":{\"@type\":\"ImageObject\",\"inLanguage\":\"fr-FR\",\"@id\":\"https:\\\/\\\/secure.gravatar.com\\\/avatar\\\/4c81fed838786e9b53f540bf46533e750f5d292099ae3b66cfc6fb1982e29df7?s=96&d=mm&r=g\",\"url\":\"https:\\\/\\\/secure.gravatar.com\\\/avatar\\\/4c81fed838786e9b53f540bf46533e750f5d292099ae3b66cfc6fb1982e29df7?s=96&d=mm&r=g\",\"contentUrl\":\"https:\\\/\\\/secure.gravatar.com\\\/avatar\\\/4c81fed838786e9b53f540bf46533e750f5d292099ae3b66cfc6fb1982e29df7?s=96&d=mm&r=g\",\"caption\":\"admin\"},\"description\":\"admin\",\"url\":\"https:\\\/\\\/lasentinelle.dz\\\/author\\\/admin\\\/\"}]}<\/script>\n<!-- \/ Yoast SEO plugin. -->","yoast_head_json":{"title":"CAN U23\u00a0: Les Verts entament un nouveau stage - La Sentinelle","robots":{"index":"index","follow":"follow","max-snippet":"max-snippet:-1","max-image-preview":"max-image-preview:large","max-video-preview":"max-video-preview:-1"},"canonical":"https:\/\/lasentinelle.dz\/index.php\/2026\/09\/01\/can-u23-les-verts-entament-un-nouveau-stage\/","og_locale":"fr_FR","og_type":"article","og_title":"CAN U23\u00a0: Les Verts entament un nouveau stage - La Sentinelle","og_description":"25 joueurs \u00e9voluant dans le championnat national ont r\u00e9pondu pr\u00e9sent, dimanche, \u00e0 l&rsquo;appel du s\u00e9lectionneur Rafik Saifi pour un nouveau","og_url":"https:\/\/lasentinelle.dz\/index.php\/2026\/09\/01\/can-u23-les-verts-entament-un-nouveau-stage\/","og_site_name":"La Sentinelle","article_publisher":"https:\/\/www.facebook.com\/La-Sentinelle-104059864394773","article_published_time":"2026-09-01T09:43:35+00:00","article_modified_time":"2026-09-01T09:43:39+00:00","og_image":[{"width":2560,"height":2560,"url":"https:\/\/lasentinelle.dz\/wp-content\/uploads\/2026\/09\/U23-scaled.jpg","type":"image\/jpeg"}],"author":"admin","twitter_card":"summary_large_image","twitter_misc":{"\u00c9crit par":"admin","Dur\u00e9e de lecture estim\u00e9e":"3 minutes"},"schema":{"@context":"https:\/\/schema.org","@graph":[{"@type":"Article","@id":"https:\/\/lasentinelle.dz\/index.php\/2026\/09\/01\/can-u23-les-verts-entament-un-nouveau-stage\/#article","isPartOf":{"@id":"https:\/\/lasentinelle.dz\/index.php\/2026\/09\/01\/can-u23-les-verts-entament-un-nouveau-stage\/"},"author":{"name":"admin","@id":"https:\/\/lasentinelle.dz\/#\/schema\/person\/729ee0024f24e0b8c5ec17232f8e8b41"},"headline":"CAN U23\u00a0: Les Verts entament un nouveau stage","datePublished":"2026-09-01T09:43:35+00:00","dateModified":"2026-09-01T09:43:39+00:00","mainEntityOfPage":{"@id":"https:\/\/lasentinelle.dz\/index.php\/2026\/09\/01\/can-u23-les-verts-entament-un-nouveau-stage\/"},"wordCount":525,"commentCount":0,"publisher":{"@id":"https:\/\/lasentinelle.dz\/#organization"},"image":{"@id":"https:\/\/lasentinelle.dz\/index.php\/2026\/09\/01\/can-u23-les-verts-entament-un-nouveau-stage\/#primaryimage"},"thumbnailUrl":"https:\/\/lasentinelle.dz\/wp-content\/uploads\/2026\/09\/U23-scaled.jpg","articleSection":["Sports"],"inLanguage":"fr-FR","potentialAction":[{"@type":"CommentAction","name":"Comment","target":["https:\/\/lasentinelle.dz\/index.php\/2026\/09\/01\/can-u23-les-verts-entament-un-nouveau-stage\/#respond"]}]},{"@type":"WebPage","@id":"https:\/\/lasentinelle.dz\/index.php\/2026\/09\/01\/can-u23-les-verts-entament-un-nouveau-stage\/","url":"https:\/\/lasentinelle.dz\/index.php\/2026\/09\/01\/can-u23-les-verts-entament-un-nouveau-stage\/","name":"CAN U23\u00a0: Les Verts entament un nouveau stage - La Sentinelle","isPartOf":{"@id":"https:\/\/lasentinelle.dz\/#website"},"primaryImageOfPage":{"@id":"https:\/\/lasentinelle.dz\/index.php\/2026\/09\/01\/can-u23-les-verts-entament-un-nouveau-stage\/#primaryimage"},"image":{"@id":"https:\/\/lasentinelle.dz\/index.php\/2026\/09\/01\/can-u23-les-verts-entament-un-nouveau-stage\/#primaryimage"},"thumbnailUrl":"https:\/\/lasentinelle.dz\/wp-content\/uploads\/2026\/09\/U23-scaled.jpg","datePublished":"2026-09-01T09:43:35+00:00","dateModified":"2026-09-01T09:43:39+00:00","breadcrumb":{"@id":"https:\/\/lasentinelle.dz\/index.php\/2026\/09\/01\/can-u23-les-verts-entament-un-nouveau-stage\/#breadcrumb"},"inLanguage":"fr-FR","potentialAction":[{"@type":"ReadAction","target":["https:\/\/lasentinelle.dz\/index.php\/2026\/09\/01\/can-u23-les-verts-entament-un-nouveau-stage\/"]}]},{"@type":"ImageObject","inLanguage":"fr-FR","@id":"https:\/\/lasentinelle.dz\/index.php\/2026\/09\/01\/can-u23-les-verts-entament-un-nouveau-stage\/#primaryimage","url":"https:\/\/lasentinelle.dz\/wp-content\/uploads\/2026\/09\/U23-scaled.jpg","contentUrl":"https:\/\/lasentinelle.dz\/wp-content\/uploads\/2026\/09\/U23-scaled.jpg","width":2560,"height":2560},{"@type":"BreadcrumbList","@id":"https:\/\/lasentinelle.dz\/index.php\/2026\/09\/01\/can-u23-les-verts-entament-un-nouveau-stage\/#breadcrumb","itemListElement":[{"@type":"ListItem","position":1,"name":"Accueil","item":"https:\/\/lasentinelle.dz\/"},{"@type":"ListItem","position":2,"name":"CAN U23\u00a0: Les Verts entament un nouveau stage"}]},{"@type":"WebSite","@id":"https:\/\/lasentinelle.dz\/#website","url":"https:\/\/lasentinelle.dz\/","name":"La Sentinelle","description":"Quotidien national d&#039;information","publisher":{"@id":"https:\/\/lasentinelle.dz\/#organization"},"potentialAction":[{"@type":"SearchAction","target":{"@type":"EntryPoint","urlTemplate":"https:\/\/lasentinelle.dz\/?s={search_term_string}"},"query-input":{"@type":"PropertyValueSpecification","valueRequired":true,"valueName":"search_term_string"}}],"inLanguage":"fr-FR"},{"@type":"Organization","@id":"https:\/\/lasentinelle.dz\/#organization","name":"Quotidien La Sentinelle","url":"https:\/\/lasentinelle.dz\/","logo":{"@type":"ImageObject","inLanguage":"fr-FR","@id":"https:\/\/lasentinelle.dz\/#\/schema\/logo\/image\/","url":"https:\/\/lasentinelle.dz\/wp-content\/uploads\/2021\/09\/logo-sentinelleSLOGAN-1.png","contentUrl":"https:\/\/lasentinelle.dz\/wp-content\/uploads\/2021\/09\/logo-sentinelleSLOGAN-1.png","width":615,"height":142,"caption":"Quotidien La Sentinelle"},"image":{"@id":"https:\/\/lasentinelle.dz\/#\/schema\/logo\/image\/"},"sameAs":["https:\/\/www.facebook.com\/La-Sentinelle-104059864394773"]},{"@type":"Person","@id":"https:\/\/lasentinelle.dz\/#\/schema\/person\/729ee0024f24e0b8c5ec17232f8e8b41","name":"admin","image":{"@type":"ImageObject","inLanguage":"fr-FR","@id":"https:\/\/secure.gravatar.com\/avatar\/4c81fed838786e9b53f540bf46533e750f5d292099ae3b66cfc6fb1982e29df7?s=96&d=mm&r=g","url":"https:\/\/secure.gravatar.com\/avatar\/4c81fed838786e9b53f540bf46533e750f5d292099ae3b66cfc6fb1982e29df7?s=96&d=mm&r=g","contentUrl":"https:\/\/secure.gravatar.com\/avatar\/4c81fed838786e9b53f540bf46533e750f5d292099ae3b66cfc6fb1982e29df7?s=96&d=mm&r=g","caption":"admin"},"description":"admin","url":"https:\/\/lasentinelle.dz\/author\/admin\/"}]}},"_links":{"self":[{"href":"https:\/\/lasentinelle.dz\/index.php\/wp-json\/wp\/v2\/posts\/94707","targetHints":{"allow":["GET"]}}],"collection":[{"href":"https:\/\/lasentinelle.dz\/index.php\/wp-json\/wp\/v2\/posts"}],"about":[{"href":"https:\/\/lasentinelle.dz\/index.php\/wp-json\/wp\/v2\/types\/post"}],"author":[{"embeddable":true,"href":"https:\/\/lasentinelle.dz\/index.php\/wp-json\/wp\/v2\/users\/6"}],"replies":[{"embeddable":true,"href":"https:\/\/lasentinelle.dz\/index.php\/wp-json\/wp\/v2\/comments?post=94707"}],"version-history":[{"count":1,"href":"https:\/\/lasentinelle.dz\/index.php\/wp-json\/wp\/v2\/posts\/94707\/revisions"}],"predecessor-version":[{"id":94709,"href":"https:\/\/lasentinelle.dz\/index.php\/wp-json\/wp\/v2\/posts\/94707\/revisions\/94709"}],"wp:featuredmedia":[{"embeddable":true,"href":"https:\/\/lasentinelle.dz\/index.php\/wp-json\/wp\/v2\/media\/94708"}],"wp:attachment":[{"href":"https:\/\/lasentinelle.dz\/index.php\/wp-json\/wp\/v2\/media?parent=94707"}],"wp:term":[{"taxonomy":"category","embeddable":true,"href":"https:\/\/lasentinelle.dz\/index.php\/wp-json\/wp\/v2\/categories?post=94707"},{"taxonomy":"post_tag","embeddable":true,"href":"https:\/\/lasentinelle.dz\/index.php\/wp-json\/wp\/v2\/tags?post=94707"}],"curies":[{"name":"wp","href":"https:\/\/api.w.org\/{rel}","templated":true}]}}