{"id":94710,"date":"2026-09-01T10:44:54","date_gmt":"2026-09-01T09:44:54","guid":{"rendered":"https:\/\/lasentinelle.dz\/?p=94710"},"modified":"2026-09-01T10:44:57","modified_gmt":"2026-09-01T09:44:57","slug":"les-verts-u21-decrochent-lor-mediterranee-en-football-un-sacre-historique-a-tarente-51-ans-apres","status":"publish","type":"post","link":"https:\/\/lasentinelle.dz\/index.php\/2026\/09\/01\/les-verts-u21-decrochent-lor-mediterranee-en-football-un-sacre-historique-a-tarente-51-ans-apres\/","title":{"rendered":"Les Verts U21 d\u00e9crochent l\u2019Or m\u00e9diterran\u00e9e en football\u00a0: Un sacre historique \u00e0 Tarente 51 ans apr\u00e8s"},"content":{"rendered":"\n<p class=\"wp-block-paragraph\"><em>Port\u00e9e par un collectif solide et un Ben Ahmed Kohili des grands soirs, la s\u00e9lection alg\u00e9rienne des moins de 21 ans a d\u00e9croch\u00e9 dimanche la m\u00e9daille d&rsquo;or des Jeux m\u00e9diterran\u00e9ens face \u00e0 la Tunisie, au terme d&rsquo;un parcours sans la moindre d\u00e9faite. Un exploit qui porte \u00e9galement la signature de Brahim Hemdani, entra\u00eeneur propuls\u00e9 \u00e0 la t\u00eate du groupe quelques semaines \u00e0 peine avant la comp\u00e9tition.<\/em><\/p>\n\n\n\n<p class=\"wp-block-paragraph\">La s\u00e9lection nationale de football des moins de 21 ans a offert \u00e0 l&rsquo;Alg\u00e9rie l&rsquo;un des moments forts de sa participation aux Jeux m\u00e9diterran\u00e9ens 2026, en s&rsquo;imposant dimanche soir 2 buts \u00e0 0 face \u00e0 la Tunisie, en finale disput\u00e9e au stade Erasmo-Iacovone de Tarente. Un succ\u00e8s qui permet aux jeunes Fennecs de renouer avec un titre qui \u00e9chappait \u00e0 l&rsquo;Alg\u00e9rie depuis 51 ans, le pr\u00e9c\u00e9dent sacre remontant \u00e0 l&rsquo;\u00e9dition de 1975, organis\u00e9e \u00e0 domicile avec la g\u00e9n\u00e9ration dor\u00e9e emmen\u00e9e notamment par l&rsquo;ailier Omar Betrouni.<\/p>\n\n\n\n<p class=\"wp-block-paragraph\">Auteur d&rsquo;une prestation r\u00e9f\u00e9rence de bout en bout, l&rsquo;attaquant du MC Alger Ben Ahmed Kohili a offert l&rsquo;entame r\u00eav\u00e9e \u00e0 ses co\u00e9quipiers en ouvrant le score d\u00e8s la premi\u00e8re minute de jeu, d&rsquo;une frappe puissante \u00e0 distance. Les Tunisiens, r\u00e9duits \u00e0 courir apr\u00e8s le score, n&rsquo;ont jamais r\u00e9ussi \u00e0 revenir dans la partie, et Kohili s&rsquo;est offert un doubl\u00e9 \u00e0 la 82e minute en transformant un penalty qui a d\u00e9finitivement scell\u00e9 le sort de la rencontre. Une performance qui vient couronner un tournoi exceptionnel pour le jeune buteur alg\u00e9rien, auteur de cinq r\u00e9alisations en seulement quatre apparitions, ce qui lui vaut le titre de meilleur buteur de la comp\u00e9tition. Longtemps discret sur la sc\u00e8ne internationale, l&rsquo;avant-centre s&rsquo;\u00e9tait d\u00e9j\u00e0 signal\u00e9 d\u00e8s la phase de groupes, avec un but face au Kosovo lors du match d&rsquo;ouverture, puis un autre contre l&rsquo;Italie, pays h\u00f4te du tournoi. D\u00e9cisif \u00e9galement en demi-finale contre le Maroc, o\u00f9 il avait ouvert le score avant une qualification arrach\u00e9e aux tirs au but, Kohili termine ces JM-2026 aur\u00e9ol\u00e9 d&rsquo;or et d&rsquo;une r\u00e9putation d\u00e9sormais bien \u00e9tablie au-del\u00e0 des fronti\u00e8res alg\u00e9riennes.<\/p>\n\n\n\n<p class=\"wp-block-paragraph\">Ce deuxi\u00e8me sacre m\u00e9diterran\u00e9en de l&rsquo;histoire du football alg\u00e9rien vient \u00e9galement couronner le d\u00e9but de parcours atypique de Brahim Hemdani sur le banc de la s\u00e9lection. Nomm\u00e9 \u00e0 la t\u00eate de l&rsquo;\u00e9quipe nationale U20 au mois de juillet dernier, dans la foul\u00e9e du d\u00e9part de Razik Nedder vers un poste d&rsquo;adjoint au Havre en Ligue 1 fran\u00e7aise, l&rsquo;ancien international alg\u00e9rien s&rsquo;\u00e9tait retrouv\u00e9, \u00e0 peine install\u00e9, charg\u00e9 de conduire le groupe U21 \u00e0 Tarente, sans avoir eu le temps de constituer r\u00e9ellement son effectif. Un d\u00e9fi relev\u00e9 haut la main, puisque ses joueurs n&rsquo;ont conc\u00e9d\u00e9 aucune d\u00e9faite tout au long du tournoi.<\/p>\n\n\n\n<p class=\"wp-block-paragraph\">\u00c2g\u00e9 de 48 ans, Brahim Hemdani reste un technicien encore jeune dans le m\u00e9tier d&rsquo;entra\u00eeneur, avec moins d&rsquo;une d\u00e9cennie d&rsquo;exp\u00e9rience sur les bancs et seulement six ann\u00e9es pass\u00e9es comme entra\u00eeneur principal. Une trajectoire \u00e0 contre-courant de celle qu&rsquo;il avait connue comme joueur, riche d&rsquo;un long passage \u00e0 l&rsquo;Olympique de Marseille et aux Glasgow Rangers, o\u00f9 il avait notamment disput\u00e9 deux finales de Coupe de l&rsquo;UEFA, en 2004 puis en 2008, sans parvenir \u00e0 les remporter. Sa reconversion sur les bancs de touche n&rsquo;a d\u00e9but\u00e9 qu&rsquo;en 2017, dans le sud de la France, comme adjoint au sein du club de C\u00f4te Bleue \u00e9voluant en National 2, aux c\u00f4t\u00e9s de Mohamed Sadani, o\u00f9 il dirigea entre autres le jeune Ilan Kebbal. Trois ans plus tard, direction la r\u00e9gion parisienne pour se former \u00e0 Clairefontaine, tout en prenant en main l&rsquo;\u00e9quipe de Courbevoie, alors rel\u00e9gu\u00e9e au septi\u00e8me \u00e9chelon du football fran\u00e7ais.<\/p>\n\n\n\n<p class=\"wp-block-paragraph\">Muni de son dipl\u00f4me UEFA A, Hemdani prend ensuite les r\u00eanes du club de Marignane, n\u00e9 de la fusion avec C\u00f4te Bleue, et r\u00e9ussit d\u00e8s sa premi\u00e8re saison \u00e0 l&rsquo;\u00e9t\u00e9 2023 \u00e0 d\u00e9crocher l&rsquo;accession en National 1. Le club conna\u00eetra toutefois par la suite deux rel\u00e9gations cons\u00e9cutives, avant que le technicien alg\u00e9rien ne quitte le navire en 2025. Sa nomination inattendue \u00e0 la t\u00eate des jeunes s\u00e9lections nationales, un an plus tard, aura donc trouv\u00e9 une cons\u00e9cration rapide et \u00e9clatante sur les rives de Tarente.<\/p>\n\n\n\n<p class=\"wp-block-paragraph\">Ce sacre en football constitue la troisi\u00e8me m\u00e9daille d&rsquo;or d\u00e9croch\u00e9e par l&rsquo;Alg\u00e9rie lors de cette \u00e9dition 2026 des Jeux m\u00e9diterran\u00e9ens, apr\u00e8s celles obtenues par Abdelkrim Fergat en lutte gr\u00e9co-romaine et par Dris Messaoud Redouane en judo, confirmant la bonne moisson alg\u00e9rienne dans la comp\u00e9tition italienne.<\/p>\n\n\n\n<p class=\"wp-block-paragraph\">Moncef Dahleb<\/p>\n","protected":false},"excerpt":{"rendered":"<p>Port\u00e9e par un collectif solide et un Ben Ahmed Kohili des grands soirs, la s\u00e9lection alg\u00e9rienne des moins de 21<\/p>\n","protected":false},"author":6,"featured_media":94711,"comment_status":"open","ping_status":"closed","sticky":false,"template":"","format":"standard","meta":{"colormag_page_container_layout":"default_layout","colormag_page_sidebar_layout":"default_layout","om_disable_all_campaigns":false,"_monsterinsights_skip_tracking":false,"footnotes":"","_wpscppro_dont_share_socialmedia":false,"_wpscppro_custom_social_share_image":0,"_facebook_share_type":"default","_twitter_share_type":"default","_linkedin_share_type":"default","_pinterest_share_type":"default","_linkedin_share_type_page":"","_instagram_share_type":"default","_medium_share_type":"default","_threads_share_type":"default","_google_business_share_type":"default","_bluesky_share_type":"default","_mastodon_share_type":"default","_selected_social_profile":[],"_wpsp_enable_custom_social_template":false,"_wpsp_social_scheduling":{"enabled":false,"datetime":null,"platforms":[],"status":"template_only","dateOption":"today","timeOption":"now","customDays":"","customHours":"","customDate":"","customTime":"","schedulingType":"absolute"},"_wpsp_active_default_template":true},"categories":[33],"tags":[],"class_list":["post-94710","post","type-post","status-publish","format-standard","has-post-thumbnail","hentry","category-sports"],"aioseo_notices":[],"aioseo_head":"\n\t\t<!-- All in One SEO 5.0.0.1 - aioseo.com -->\n\t<meta name=\"description\" content=\"Port\u00e9e par un collectif solide et un Ben Ahmed Kohili des grands soirs, la s\u00e9lection alg\u00e9rienne des moins de 21 ans a d\u00e9croch\u00e9 dimanche la m\u00e9daille d&#039;or des Jeux m\u00e9diterran\u00e9ens face \u00e0 la Tunisie, au terme d&#039;un parcours sans la moindre d\u00e9faite. Un exploit qui porte \u00e9galement la signature de Brahim Hemdani, entra\u00eeneur propuls\u00e9 \u00e0\" \/>\n\t<meta name=\"robots\" content=\"max-image-preview:large\" \/>\n\t<meta name=\"author\" content=\"admin\"\/>\n\t<link rel=\"canonical\" href=\"https:\/\/lasentinelle.dz\/index.php\/2026\/09\/01\/les-verts-u21-decrochent-lor-mediterranee-en-football-un-sacre-historique-a-tarente-51-ans-apres\/\" \/>\n\t<meta name=\"generator\" content=\"All in One SEO (AIOSEO) 5.0.0.1\" \/>\n\t\t<meta property=\"og:locale\" content=\"fr_FR\" \/>\n\t\t<meta property=\"og:site_name\" content=\"La Sentinelle - Quotidien national d&#039;information\" \/>\n\t\t<meta property=\"og:type\" content=\"article\" \/>\n\t\t<meta property=\"og:title\" content=\"Les Verts U21 d\u00e9crochent l\u2019Or m\u00e9diterran\u00e9e en football : Un sacre historique \u00e0 Tarente 51 ans apr\u00e8s - La Sentinelle\" \/>\n\t\t<meta property=\"og:description\" content=\"Port\u00e9e par un collectif solide et un Ben Ahmed Kohili des grands soirs, la s\u00e9lection alg\u00e9rienne des moins de 21 ans a d\u00e9croch\u00e9 dimanche la m\u00e9daille d&#039;or des Jeux m\u00e9diterran\u00e9ens face \u00e0 la Tunisie, au terme d&#039;un parcours sans la moindre d\u00e9faite. Un exploit qui porte \u00e9galement la signature de Brahim Hemdani, entra\u00eeneur propuls\u00e9 \u00e0\" \/>\n\t\t<meta property=\"og:url\" content=\"https:\/\/lasentinelle.dz\/index.php\/2026\/09\/01\/les-verts-u21-decrochent-lor-mediterranee-en-football-un-sacre-historique-a-tarente-51-ans-apres\/\" \/>\n\t\t<meta property=\"og:image\" content=\"https:\/\/lasentinelle.dz\/wp-content\/uploads\/2021\/09\/cropped-la-sentinelle-earth-golden-anima-5.gif\" \/>\n\t\t<meta property=\"og:image:secure_url\" content=\"https:\/\/lasentinelle.dz\/wp-content\/uploads\/2021\/09\/cropped-la-sentinelle-earth-golden-anima-5.gif\" \/>\n\t\t<meta property=\"og:image:width\" content=\"450\" \/>\n\t\t<meta property=\"og:image:height\" content=\"213\" \/>\n\t\t<meta property=\"article:published_time\" content=\"2026-09-01T09:44:54+00:00\" \/>\n\t\t<meta property=\"article:modified_time\" content=\"2026-09-01T09:44:57+00:00\" \/>\n\t\t<meta property=\"article:publisher\" content=\"https:\/\/www.facebook.com\/azzedine.lasentinelle.1\" \/>\n\t\t<meta name=\"twitter:card\" content=\"summary_large_image\" \/>\n\t\t<meta name=\"twitter:title\" content=\"Les Verts U21 d\u00e9crochent l\u2019Or m\u00e9diterran\u00e9e en football : Un sacre historique \u00e0 Tarente 51 ans apr\u00e8s - La Sentinelle\" \/>\n\t\t<meta name=\"twitter:description\" content=\"Port\u00e9e par un collectif solide et un Ben Ahmed Kohili des grands soirs, la s\u00e9lection alg\u00e9rienne des moins de 21 ans a d\u00e9croch\u00e9 dimanche la m\u00e9daille d&#039;or des Jeux m\u00e9diterran\u00e9ens face \u00e0 la Tunisie, au terme d&#039;un parcours sans la moindre d\u00e9faite. Un exploit qui porte \u00e9galement la signature de Brahim Hemdani, entra\u00eeneur propuls\u00e9 \u00e0\" \/>\n\t\t<meta name=\"twitter:image\" content=\"https:\/\/lasentinelle.dz\/wp-content\/uploads\/2021\/09\/cropped-la-sentinelle-earth-golden-anima-5.gif\" \/>\n\t\t<script type=\"application\/ld+json\" class=\"aioseo-schema\">\n\t\t\t{\"@context\":\"https:\\\/\\\/schema.org\",\"@graph\":[{\"@type\":\"BlogPosting\",\"@id\":\"https:\\\/\\\/lasentinelle.dz\\\/index.php\\\/2026\\\/09\\\/01\\\/les-verts-u21-decrochent-lor-mediterranee-en-football-un-sacre-historique-a-tarente-51-ans-apres\\\/#blogposting\",\"name\":\"Les Verts U21 d\\u00e9crochent l\\u2019Or m\\u00e9diterran\\u00e9e en football : Un sacre historique \\u00e0 Tarente 51 ans apr\\u00e8s - La Sentinelle\",\"headline\":\"Les Verts U21 d\\u00e9crochent l\\u2019Or m\\u00e9diterran\\u00e9e en football\\u00a0: Un sacre historique \\u00e0 Tarente 51 ans apr\\u00e8s\",\"author\":{\"@id\":\"https:\\\/\\\/lasentinelle.dz\\\/author\\\/admin\\\/#author\"},\"publisher\":{\"@id\":\"https:\\\/\\\/lasentinelle.dz\\\/#organization\"},\"image\":{\"@type\":\"ImageObject\",\"url\":\"https:\\\/\\\/lasentinelle.dz\\\/wp-content\\\/uploads\\\/2026\\\/09\\\/EN-U21.jpg\",\"width\":1984,\"height\":1417},\"datePublished\":\"2026-09-01T10:44:54+01:00\",\"dateModified\":\"2026-09-01T10:44:57+01:00\",\"inLanguage\":\"fr-FR\",\"mainEntityOfPage\":{\"@id\":\"https:\\\/\\\/lasentinelle.dz\\\/index.php\\\/2026\\\/09\\\/01\\\/les-verts-u21-decrochent-lor-mediterranee-en-football-un-sacre-historique-a-tarente-51-ans-apres\\\/#webpage\"},\"isPartOf\":{\"@id\":\"https:\\\/\\\/lasentinelle.dz\\\/index.php\\\/2026\\\/09\\\/01\\\/les-verts-u21-decrochent-lor-mediterranee-en-football-un-sacre-historique-a-tarente-51-ans-apres\\\/#webpage\"},\"articleSection\":\"Sports\"},{\"@type\":\"BreadcrumbList\",\"@id\":\"https:\\\/\\\/lasentinelle.dz\\\/index.php\\\/2026\\\/09\\\/01\\\/les-verts-u21-decrochent-lor-mediterranee-en-football-un-sacre-historique-a-tarente-51-ans-apres\\\/#breadcrumblist\",\"itemListElement\":[{\"@type\":\"ListItem\",\"@id\":\"https:\\\/\\\/lasentinelle.dz#listItem\",\"position\":1,\"name\":\"Home\",\"item\":\"https:\\\/\\\/lasentinelle.dz\",\"nextItem\":{\"@type\":\"ListItem\",\"@id\":\"https:\\\/\\\/lasentinelle.dz\\\/index.php\\\/category\\\/sports\\\/#listItem\",\"name\":\"Sports\"}},{\"@type\":\"ListItem\",\"@id\":\"https:\\\/\\\/lasentinelle.dz\\\/index.php\\\/category\\\/sports\\\/#listItem\",\"position\":2,\"name\":\"Sports\",\"item\":\"https:\\\/\\\/lasentinelle.dz\\\/index.php\\\/category\\\/sports\\\/\",\"nextItem\":{\"@type\":\"ListItem\",\"@id\":\"https:\\\/\\\/lasentinelle.dz\\\/index.php\\\/2026\\\/09\\\/01\\\/les-verts-u21-decrochent-lor-mediterranee-en-football-un-sacre-historique-a-tarente-51-ans-apres\\\/#listItem\",\"name\":\"Les Verts U21 d\\u00e9crochent l\\u2019Or m\\u00e9diterran\\u00e9e en football\\u00a0: Un sacre historique \\u00e0 Tarente 51 ans apr\\u00e8s\"},\"previousItem\":{\"@type\":\"ListItem\",\"@id\":\"https:\\\/\\\/lasentinelle.dz#listItem\",\"name\":\"Home\"}},{\"@type\":\"ListItem\",\"@id\":\"https:\\\/\\\/lasentinelle.dz\\\/index.php\\\/2026\\\/09\\\/01\\\/les-verts-u21-decrochent-lor-mediterranee-en-football-un-sacre-historique-a-tarente-51-ans-apres\\\/#listItem\",\"position\":3,\"name\":\"Les Verts U21 d\\u00e9crochent l\\u2019Or m\\u00e9diterran\\u00e9e en football\\u00a0: Un sacre historique \\u00e0 Tarente 51 ans apr\\u00e8s\",\"previousItem\":{\"@type\":\"ListItem\",\"@id\":\"https:\\\/\\\/lasentinelle.dz\\\/index.php\\\/category\\\/sports\\\/#listItem\",\"name\":\"Sports\"}}]},{\"@type\":\"Organization\",\"@id\":\"https:\\\/\\\/lasentinelle.dz\\\/#organization\",\"name\":\"La Sentinelle La Sentinelle\",\"description\":\"Quotidien national d'information\",\"url\":\"https:\\\/\\\/lasentinelle.dz\\\/\",\"logo\":{\"@type\":\"ImageObject\",\"url\":\"https:\\\/\\\/lasentinelle.dz\\\/wp-content\\\/uploads\\\/2021\\\/09\\\/cropped-la-sentinelle-earth-golden-anima-5.gif\",\"@id\":\"https:\\\/\\\/lasentinelle.dz\\\/index.php\\\/2026\\\/09\\\/01\\\/les-verts-u21-decrochent-lor-mediterranee-en-football-un-sacre-historique-a-tarente-51-ans-apres\\\/#organizationLogo\",\"width\":450,\"height\":213},\"image\":{\"@id\":\"https:\\\/\\\/lasentinelle.dz\\\/index.php\\\/2026\\\/09\\\/01\\\/les-verts-u21-decrochent-lor-mediterranee-en-football-un-sacre-historique-a-tarente-51-ans-apres\\\/#organizationLogo\"},\"sameAs\":[\"https:\\\/\\\/www.facebook.com\\\/azzedine.lasentinelle.1\"]},{\"@type\":\"Person\",\"@id\":\"https:\\\/\\\/lasentinelle.dz\\\/author\\\/admin\\\/#author\",\"url\":\"https:\\\/\\\/lasentinelle.dz\\\/author\\\/admin\\\/\",\"name\":\"admin\",\"image\":{\"@type\":\"ImageObject\",\"@id\":\"https:\\\/\\\/lasentinelle.dz\\\/index.php\\\/2026\\\/09\\\/01\\\/les-verts-u21-decrochent-lor-mediterranee-en-football-un-sacre-historique-a-tarente-51-ans-apres\\\/#authorImage\",\"url\":\"https:\\\/\\\/secure.gravatar.com\\\/avatar\\\/4c81fed838786e9b53f540bf46533e750f5d292099ae3b66cfc6fb1982e29df7?s=96&d=mm&r=g\",\"width\":96,\"height\":96,\"caption\":\"admin\"}},{\"@type\":\"WebPage\",\"@id\":\"https:\\\/\\\/lasentinelle.dz\\\/index.php\\\/2026\\\/09\\\/01\\\/les-verts-u21-decrochent-lor-mediterranee-en-football-un-sacre-historique-a-tarente-51-ans-apres\\\/#webpage\",\"url\":\"https:\\\/\\\/lasentinelle.dz\\\/index.php\\\/2026\\\/09\\\/01\\\/les-verts-u21-decrochent-lor-mediterranee-en-football-un-sacre-historique-a-tarente-51-ans-apres\\\/\",\"name\":\"Les Verts U21 d\\u00e9crochent l\\u2019Or m\\u00e9diterran\\u00e9e en football : Un sacre historique \\u00e0 Tarente 51 ans apr\\u00e8s - La Sentinelle\",\"description\":\"Port\\u00e9e par un collectif solide et un Ben Ahmed Kohili des grands soirs, la s\\u00e9lection alg\\u00e9rienne des moins de 21 ans a d\\u00e9croch\\u00e9 dimanche la m\\u00e9daille d'or des Jeux m\\u00e9diterran\\u00e9ens face \\u00e0 la Tunisie, au terme d'un parcours sans la moindre d\\u00e9faite. Un exploit qui porte \\u00e9galement la signature de Brahim Hemdani, entra\\u00eeneur propuls\\u00e9 \\u00e0\",\"inLanguage\":\"fr-FR\",\"isPartOf\":{\"@id\":\"https:\\\/\\\/lasentinelle.dz\\\/#website\"},\"breadcrumb\":{\"@id\":\"https:\\\/\\\/lasentinelle.dz\\\/index.php\\\/2026\\\/09\\\/01\\\/les-verts-u21-decrochent-lor-mediterranee-en-football-un-sacre-historique-a-tarente-51-ans-apres\\\/#breadcrumblist\"},\"author\":{\"@id\":\"https:\\\/\\\/lasentinelle.dz\\\/author\\\/admin\\\/#author\"},\"creator\":{\"@id\":\"https:\\\/\\\/lasentinelle.dz\\\/author\\\/admin\\\/#author\"},\"image\":{\"@type\":\"ImageObject\",\"url\":\"https:\\\/\\\/lasentinelle.dz\\\/wp-content\\\/uploads\\\/2026\\\/09\\\/EN-U21.jpg\",\"@id\":\"https:\\\/\\\/lasentinelle.dz\\\/index.php\\\/2026\\\/09\\\/01\\\/les-verts-u21-decrochent-lor-mediterranee-en-football-un-sacre-historique-a-tarente-51-ans-apres\\\/#mainImage\",\"width\":1984,\"height\":1417},\"primaryImageOfPage\":{\"@id\":\"https:\\\/\\\/lasentinelle.dz\\\/index.php\\\/2026\\\/09\\\/01\\\/les-verts-u21-decrochent-lor-mediterranee-en-football-un-sacre-historique-a-tarente-51-ans-apres\\\/#mainImage\"},\"datePublished\":\"2026-09-01T10:44:54+01:00\",\"dateModified\":\"2026-09-01T10:44:57+01:00\"},{\"@type\":\"WebSite\",\"@id\":\"https:\\\/\\\/lasentinelle.dz\\\/#website\",\"url\":\"https:\\\/\\\/lasentinelle.dz\\\/\",\"name\":\"La Sentinelle\",\"description\":\"Quotidien national d'information\",\"inLanguage\":\"fr-FR\",\"publisher\":{\"@id\":\"https:\\\/\\\/lasentinelle.dz\\\/#organization\"}}]}\n\t\t<\/script>\n\t\t<!-- All in One SEO -->\n\n","aioseo_head_json":{"title":"Les Verts U21 d\u00e9crochent l\u2019Or m\u00e9diterran\u00e9e en football : Un sacre historique \u00e0 Tarente 51 ans apr\u00e8s - La Sentinelle","description":"Port\u00e9e par un collectif solide et un Ben Ahmed Kohili des grands soirs, la s\u00e9lection alg\u00e9rienne des moins de 21 ans a d\u00e9croch\u00e9 dimanche la m\u00e9daille d'or des Jeux m\u00e9diterran\u00e9ens face \u00e0 la Tunisie, au terme d'un parcours sans la moindre d\u00e9faite. Un exploit qui porte \u00e9galement la signature de Brahim Hemdani, entra\u00eeneur propuls\u00e9 \u00e0","canonical_url":"https:\/\/lasentinelle.dz\/index.php\/2026\/09\/01\/les-verts-u21-decrochent-lor-mediterranee-en-football-un-sacre-historique-a-tarente-51-ans-apres\/","robots":"max-image-preview:large","keywords":"","webmasterTools":{"miscellaneous":""},"schema":{"@context":"https:\/\/schema.org","@graph":[{"@type":"BlogPosting","@id":"https:\/\/lasentinelle.dz\/index.php\/2026\/09\/01\/les-verts-u21-decrochent-lor-mediterranee-en-football-un-sacre-historique-a-tarente-51-ans-apres\/#blogposting","name":"Les Verts U21 d\u00e9crochent l\u2019Or m\u00e9diterran\u00e9e en football : Un sacre historique \u00e0 Tarente 51 ans apr\u00e8s - La Sentinelle","headline":"Les Verts U21 d\u00e9crochent l\u2019Or m\u00e9diterran\u00e9e en football\u00a0: Un sacre historique \u00e0 Tarente 51 ans apr\u00e8s","author":{"@id":"https:\/\/lasentinelle.dz\/author\/admin\/#author"},"publisher":{"@id":"https:\/\/lasentinelle.dz\/#organization"},"image":{"@type":"ImageObject","url":"https:\/\/lasentinelle.dz\/wp-content\/uploads\/2026\/09\/EN-U21.jpg","width":1984,"height":1417},"datePublished":"2026-09-01T10:44:54+01:00","dateModified":"2026-09-01T10:44:57+01:00","inLanguage":"fr-FR","mainEntityOfPage":{"@id":"https:\/\/lasentinelle.dz\/index.php\/2026\/09\/01\/les-verts-u21-decrochent-lor-mediterranee-en-football-un-sacre-historique-a-tarente-51-ans-apres\/#webpage"},"isPartOf":{"@id":"https:\/\/lasentinelle.dz\/index.php\/2026\/09\/01\/les-verts-u21-decrochent-lor-mediterranee-en-football-un-sacre-historique-a-tarente-51-ans-apres\/#webpage"},"articleSection":"Sports"},{"@type":"BreadcrumbList","@id":"https:\/\/lasentinelle.dz\/index.php\/2026\/09\/01\/les-verts-u21-decrochent-lor-mediterranee-en-football-un-sacre-historique-a-tarente-51-ans-apres\/#breadcrumblist","itemListElement":[{"@type":"ListItem","@id":"https:\/\/lasentinelle.dz#listItem","position":1,"name":"Home","item":"https:\/\/lasentinelle.dz","nextItem":{"@type":"ListItem","@id":"https:\/\/lasentinelle.dz\/index.php\/category\/sports\/#listItem","name":"Sports"}},{"@type":"ListItem","@id":"https:\/\/lasentinelle.dz\/index.php\/category\/sports\/#listItem","position":2,"name":"Sports","item":"https:\/\/lasentinelle.dz\/index.php\/category\/sports\/","nextItem":{"@type":"ListItem","@id":"https:\/\/lasentinelle.dz\/index.php\/2026\/09\/01\/les-verts-u21-decrochent-lor-mediterranee-en-football-un-sacre-historique-a-tarente-51-ans-apres\/#listItem","name":"Les Verts U21 d\u00e9crochent l\u2019Or m\u00e9diterran\u00e9e en football\u00a0: Un sacre historique \u00e0 Tarente 51 ans apr\u00e8s"},"previousItem":{"@type":"ListItem","@id":"https:\/\/lasentinelle.dz#listItem","name":"Home"}},{"@type":"ListItem","@id":"https:\/\/lasentinelle.dz\/index.php\/2026\/09\/01\/les-verts-u21-decrochent-lor-mediterranee-en-football-un-sacre-historique-a-tarente-51-ans-apres\/#listItem","position":3,"name":"Les Verts U21 d\u00e9crochent l\u2019Or m\u00e9diterran\u00e9e en football\u00a0: Un sacre historique \u00e0 Tarente 51 ans apr\u00e8s","previousItem":{"@type":"ListItem","@id":"https:\/\/lasentinelle.dz\/index.php\/category\/sports\/#listItem","name":"Sports"}}]},{"@type":"Organization","@id":"https:\/\/lasentinelle.dz\/#organization","name":"La Sentinelle La Sentinelle","description":"Quotidien national d'information","url":"https:\/\/lasentinelle.dz\/","logo":{"@type":"ImageObject","url":"https:\/\/lasentinelle.dz\/wp-content\/uploads\/2021\/09\/cropped-la-sentinelle-earth-golden-anima-5.gif","@id":"https:\/\/lasentinelle.dz\/index.php\/2026\/09\/01\/les-verts-u21-decrochent-lor-mediterranee-en-football-un-sacre-historique-a-tarente-51-ans-apres\/#organizationLogo","width":450,"height":213},"image":{"@id":"https:\/\/lasentinelle.dz\/index.php\/2026\/09\/01\/les-verts-u21-decrochent-lor-mediterranee-en-football-un-sacre-historique-a-tarente-51-ans-apres\/#organizationLogo"},"sameAs":["https:\/\/www.facebook.com\/azzedine.lasentinelle.1"]},{"@type":"Person","@id":"https:\/\/lasentinelle.dz\/author\/admin\/#author","url":"https:\/\/lasentinelle.dz\/author\/admin\/","name":"admin","image":{"@type":"ImageObject","@id":"https:\/\/lasentinelle.dz\/index.php\/2026\/09\/01\/les-verts-u21-decrochent-lor-mediterranee-en-football-un-sacre-historique-a-tarente-51-ans-apres\/#authorImage","url":"https:\/\/secure.gravatar.com\/avatar\/4c81fed838786e9b53f540bf46533e750f5d292099ae3b66cfc6fb1982e29df7?s=96&d=mm&r=g","width":96,"height":96,"caption":"admin"}},{"@type":"WebPage","@id":"https:\/\/lasentinelle.dz\/index.php\/2026\/09\/01\/les-verts-u21-decrochent-lor-mediterranee-en-football-un-sacre-historique-a-tarente-51-ans-apres\/#webpage","url":"https:\/\/lasentinelle.dz\/index.php\/2026\/09\/01\/les-verts-u21-decrochent-lor-mediterranee-en-football-un-sacre-historique-a-tarente-51-ans-apres\/","name":"Les Verts U21 d\u00e9crochent l\u2019Or m\u00e9diterran\u00e9e en football : Un sacre historique \u00e0 Tarente 51 ans apr\u00e8s - La Sentinelle","description":"Port\u00e9e par un collectif solide et un Ben Ahmed Kohili des grands soirs, la s\u00e9lection alg\u00e9rienne des moins de 21 ans a d\u00e9croch\u00e9 dimanche la m\u00e9daille d'or des Jeux m\u00e9diterran\u00e9ens face \u00e0 la Tunisie, au terme d'un parcours sans la moindre d\u00e9faite. Un exploit qui porte \u00e9galement la signature de Brahim Hemdani, entra\u00eeneur propuls\u00e9 \u00e0","inLanguage":"fr-FR","isPartOf":{"@id":"https:\/\/lasentinelle.dz\/#website"},"breadcrumb":{"@id":"https:\/\/lasentinelle.dz\/index.php\/2026\/09\/01\/les-verts-u21-decrochent-lor-mediterranee-en-football-un-sacre-historique-a-tarente-51-ans-apres\/#breadcrumblist"},"author":{"@id":"https:\/\/lasentinelle.dz\/author\/admin\/#author"},"creator":{"@id":"https:\/\/lasentinelle.dz\/author\/admin\/#author"},"image":{"@type":"ImageObject","url":"https:\/\/lasentinelle.dz\/wp-content\/uploads\/2026\/09\/EN-U21.jpg","@id":"https:\/\/lasentinelle.dz\/index.php\/2026\/09\/01\/les-verts-u21-decrochent-lor-mediterranee-en-football-un-sacre-historique-a-tarente-51-ans-apres\/#mainImage","width":1984,"height":1417},"primaryImageOfPage":{"@id":"https:\/\/lasentinelle.dz\/index.php\/2026\/09\/01\/les-verts-u21-decrochent-lor-mediterranee-en-football-un-sacre-historique-a-tarente-51-ans-apres\/#mainImage"},"datePublished":"2026-09-01T10:44:54+01:00","dateModified":"2026-09-01T10:44:57+01:00"},{"@type":"WebSite","@id":"https:\/\/lasentinelle.dz\/#website","url":"https:\/\/lasentinelle.dz\/","name":"La Sentinelle","description":"Quotidien national d'information","inLanguage":"fr-FR","publisher":{"@id":"https:\/\/lasentinelle.dz\/#organization"}}]},"og:locale":"fr_FR","og:site_name":"La Sentinelle - Quotidien national d'information","og:type":"article","og:title":"Les Verts U21 d\u00e9crochent l\u2019Or m\u00e9diterran\u00e9e en football : Un sacre historique \u00e0 Tarente 51 ans apr\u00e8s - La Sentinelle","og:description":"Port\u00e9e par un collectif solide et un Ben Ahmed Kohili des grands soirs, la s\u00e9lection alg\u00e9rienne des moins de 21 ans a d\u00e9croch\u00e9 dimanche la m\u00e9daille d'or des Jeux m\u00e9diterran\u00e9ens face \u00e0 la Tunisie, au terme d'un parcours sans la moindre d\u00e9faite. Un exploit qui porte \u00e9galement la signature de Brahim Hemdani, entra\u00eeneur propuls\u00e9 \u00e0","og:url":"https:\/\/lasentinelle.dz\/index.php\/2026\/09\/01\/les-verts-u21-decrochent-lor-mediterranee-en-football-un-sacre-historique-a-tarente-51-ans-apres\/","og:image":"https:\/\/lasentinelle.dz\/wp-content\/uploads\/2021\/09\/cropped-la-sentinelle-earth-golden-anima-5.gif","og:image:secure_url":"https:\/\/lasentinelle.dz\/wp-content\/uploads\/2021\/09\/cropped-la-sentinelle-earth-golden-anima-5.gif","og:image:width":450,"og:image:height":213,"article:published_time":"2026-09-01T09:44:54+00:00","article:modified_time":"2026-09-01T09:44:57+00:00","article:publisher":"https:\/\/www.facebook.com\/azzedine.lasentinelle.1","twitter:card":"summary_large_image","twitter:title":"Les Verts U21 d\u00e9crochent l\u2019Or m\u00e9diterran\u00e9e en football : Un sacre historique \u00e0 Tarente 51 ans apr\u00e8s - La Sentinelle","twitter:description":"Port\u00e9e par un collectif solide et un Ben Ahmed Kohili des grands soirs, la s\u00e9lection alg\u00e9rienne des moins de 21 ans a d\u00e9croch\u00e9 dimanche la m\u00e9daille d'or des Jeux m\u00e9diterran\u00e9ens face \u00e0 la Tunisie, au terme d'un parcours sans la moindre d\u00e9faite. Un exploit qui porte \u00e9galement la signature de Brahim Hemdani, entra\u00eeneur propuls\u00e9 \u00e0","twitter:image":"https:\/\/lasentinelle.dz\/wp-content\/uploads\/2021\/09\/cropped-la-sentinelle-earth-golden-anima-5.gif"},"aioseo_meta_data":{"post_id":"94710","title":null,"description":null,"keywords":null,"keyphrases":{"focus":{"keyphrase":"","score":0,"analysis":{"keyphraseInTitle":{"score":0,"maxScore":9,"error":1}}},"additional":[]},"primary_term":null,"canonical_url":null,"og_title":null,"og_description":null,"og_object_type":"default","og_image_type":"default","og_image_url":null,"og_image_width":null,"og_image_height":null,"og_image_custom_url":null,"og_image_custom_fields":null,"og_video":"","og_custom_url":null,"og_article_section":null,"og_article_tags":null,"twitter_use_og":false,"twitter_card":"default","twitter_image_type":"default","twitter_image_url":null,"twitter_image_custom_url":null,"twitter_image_custom_fields":null,"twitter_title":null,"twitter_description":null,"schema":{"blockGraphs":[],"customGraphs":[],"default":{"data":{"Article":[],"Course":[],"Dataset":[],"FAQPage":[],"Movie":[],"Person":[],"Product":[],"ProductReview":[],"Car":[],"Recipe":[],"Service":[],"SoftwareApplication":[],"WebPage":[]},"graphName":"BlogPosting","isEnabled":true},"graphs":[]},"schema_type":"default","schema_type_options":null,"pillar_content":false,"robots_default":true,"robots_noindex":false,"robots_noarchive":false,"robots_nosnippet":false,"robots_nofollow":false,"robots_noimageindex":false,"robots_noodp":false,"robots_notranslate":false,"robots_max_snippet":"-1","robots_max_videopreview":"-1","robots_max_imagepreview":"large","priority":null,"frequency":"default","local_seo":null,"breadcrumb_settings":null,"limit_modified_date":false,"ai":{"faqs":[],"keyPoints":[],"schemas":[],"titles":[],"descriptions":[],"socialPosts":{"email":{"subject":"","preview":"","content":""},"linkedin":[],"twitter":[],"facebook":[],"instagram":[]}},"created":"2026-09-01 09:44:58","updated":"2026-09-01 10:57:38","focus_keyword":null,"additional_keywords":null,"truseo_locale":null,"seo_analyzer_scan_date":null},"aioseo_breadcrumb":"<div class=\"aioseo-breadcrumbs\"><span class=\"aioseo-breadcrumb\">\n\t\t\t<a href=\"https:\/\/lasentinelle.dz\" title=\"Home\">Home<\/a>\n\t\t<\/span><span class=\"aioseo-breadcrumb-separator\">&raquo;<\/span><span class=\"aioseo-breadcrumb\">\n\t\t\t<a href=\"https:\/\/lasentinelle.dz\/index.php\/category\/sports\/\" title=\"Sports\">Sports<\/a>\n\t\t<\/span><span class=\"aioseo-breadcrumb-separator\">&raquo;<\/span><span class=\"aioseo-breadcrumb\">\n\t\t\tLes Verts U21 d\u00e9crochent l\u2019Or m\u00e9diterran\u00e9e en football : Un sacre historique \u00e0 Tarente 51 ans apr\u00e8s\n\t\t<\/span><\/div>","aioseo_breadcrumb_json":[{"label":"Home","link":"https:\/\/lasentinelle.dz"},{"label":"Sports","link":"https:\/\/lasentinelle.dz\/index.php\/category\/sports\/"},{"label":"Les Verts U21 d\u00e9crochent l\u2019Or m\u00e9diterran\u00e9e en football\u00a0: Un sacre historique \u00e0 Tarente 51 ans apr\u00e8s","link":"https:\/\/lasentinelle.dz\/index.php\/2026\/09\/01\/les-verts-u21-decrochent-lor-mediterranee-en-football-un-sacre-historique-a-tarente-51-ans-apres\/"}],"yoast_head":"<!-- This site is optimized with the Yoast SEO plugin v28.4 - https:\/\/yoast.com\/product\/yoast-seo-wordpress\/ -->\n<title>Les Verts U21 d\u00e9crochent l\u2019Or m\u00e9diterran\u00e9e en football\u00a0: Un sacre historique \u00e0 Tarente 51 ans apr\u00e8s - La Sentinelle<\/title>\n<meta name=\"robots\" content=\"index, follow, max-snippet:-1, max-image-preview:large, max-video-preview:-1\" \/>\n<link rel=\"canonical\" href=\"https:\/\/lasentinelle.dz\/index.php\/2026\/09\/01\/les-verts-u21-decrochent-lor-mediterranee-en-football-un-sacre-historique-a-tarente-51-ans-apres\/\" \/>\n<meta property=\"og:locale\" content=\"fr_FR\" \/>\n<meta property=\"og:type\" content=\"article\" \/>\n<meta property=\"og:title\" content=\"Les Verts U21 d\u00e9crochent l\u2019Or m\u00e9diterran\u00e9e en football\u00a0: Un sacre historique \u00e0 Tarente 51 ans apr\u00e8s - La Sentinelle\" \/>\n<meta property=\"og:description\" content=\"Port\u00e9e par un collectif solide et un Ben Ahmed Kohili des grands soirs, la s\u00e9lection alg\u00e9rienne des moins de 21\" \/>\n<meta property=\"og:url\" content=\"https:\/\/lasentinelle.dz\/index.php\/2026\/09\/01\/les-verts-u21-decrochent-lor-mediterranee-en-football-un-sacre-historique-a-tarente-51-ans-apres\/\" \/>\n<meta property=\"og:site_name\" content=\"La Sentinelle\" \/>\n<meta property=\"article:publisher\" content=\"https:\/\/www.facebook.com\/La-Sentinelle-104059864394773\" \/>\n<meta property=\"article:published_time\" content=\"2026-09-01T09:44:54+00:00\" \/>\n<meta property=\"article:modified_time\" content=\"2026-09-01T09:44:57+00:00\" \/>\n<meta property=\"og:image\" content=\"https:\/\/lasentinelle.dz\/wp-content\/uploads\/2026\/09\/EN-U21.jpg\" \/>\n\t<meta property=\"og:image:width\" content=\"1984\" \/>\n\t<meta property=\"og:image:height\" content=\"1417\" \/>\n\t<meta property=\"og:image:type\" content=\"image\/jpeg\" \/>\n<meta name=\"author\" content=\"admin\" \/>\n<meta name=\"twitter:card\" content=\"summary_large_image\" \/>\n<meta name=\"twitter:label1\" content=\"\u00c9crit par\" \/>\n\t<meta name=\"twitter:data1\" content=\"admin\" \/>\n\t<meta name=\"twitter:label2\" content=\"Dur\u00e9e de lecture estim\u00e9e\" \/>\n\t<meta name=\"twitter:data2\" content=\"4 minutes\" \/>\n<script type=\"application\/ld+json\" class=\"yoast-schema-graph\">{\"@context\":\"https:\\\/\\\/schema.org\",\"@graph\":[{\"@type\":\"Article\",\"@id\":\"https:\\\/\\\/lasentinelle.dz\\\/index.php\\\/2026\\\/09\\\/01\\\/les-verts-u21-decrochent-lor-mediterranee-en-football-un-sacre-historique-a-tarente-51-ans-apres\\\/#article\",\"isPartOf\":{\"@id\":\"https:\\\/\\\/lasentinelle.dz\\\/index.php\\\/2026\\\/09\\\/01\\\/les-verts-u21-decrochent-lor-mediterranee-en-football-un-sacre-historique-a-tarente-51-ans-apres\\\/\"},\"author\":{\"name\":\"admin\",\"@id\":\"https:\\\/\\\/lasentinelle.dz\\\/#\\\/schema\\\/person\\\/729ee0024f24e0b8c5ec17232f8e8b41\"},\"headline\":\"Les Verts U21 d\u00e9crochent l\u2019Or m\u00e9diterran\u00e9e en football\u00a0: Un sacre historique \u00e0 Tarente 51 ans apr\u00e8s\",\"datePublished\":\"2026-09-01T09:44:54+00:00\",\"dateModified\":\"2026-09-01T09:44:57+00:00\",\"mainEntityOfPage\":{\"@id\":\"https:\\\/\\\/lasentinelle.dz\\\/index.php\\\/2026\\\/09\\\/01\\\/les-verts-u21-decrochent-lor-mediterranee-en-football-un-sacre-historique-a-tarente-51-ans-apres\\\/\"},\"wordCount\":836,\"commentCount\":0,\"publisher\":{\"@id\":\"https:\\\/\\\/lasentinelle.dz\\\/#organization\"},\"image\":{\"@id\":\"https:\\\/\\\/lasentinelle.dz\\\/index.php\\\/2026\\\/09\\\/01\\\/les-verts-u21-decrochent-lor-mediterranee-en-football-un-sacre-historique-a-tarente-51-ans-apres\\\/#primaryimage\"},\"thumbnailUrl\":\"https:\\\/\\\/lasentinelle.dz\\\/wp-content\\\/uploads\\\/2026\\\/09\\\/EN-U21.jpg\",\"articleSection\":[\"Sports\"],\"inLanguage\":\"fr-FR\",\"potentialAction\":[{\"@type\":\"CommentAction\",\"name\":\"Comment\",\"target\":[\"https:\\\/\\\/lasentinelle.dz\\\/index.php\\\/2026\\\/09\\\/01\\\/les-verts-u21-decrochent-lor-mediterranee-en-football-un-sacre-historique-a-tarente-51-ans-apres\\\/#respond\"]}]},{\"@type\":\"WebPage\",\"@id\":\"https:\\\/\\\/lasentinelle.dz\\\/index.php\\\/2026\\\/09\\\/01\\\/les-verts-u21-decrochent-lor-mediterranee-en-football-un-sacre-historique-a-tarente-51-ans-apres\\\/\",\"url\":\"https:\\\/\\\/lasentinelle.dz\\\/index.php\\\/2026\\\/09\\\/01\\\/les-verts-u21-decrochent-lor-mediterranee-en-football-un-sacre-historique-a-tarente-51-ans-apres\\\/\",\"name\":\"Les Verts U21 d\u00e9crochent l\u2019Or m\u00e9diterran\u00e9e en football\u00a0: Un sacre historique \u00e0 Tarente 51 ans apr\u00e8s - La Sentinelle\",\"isPartOf\":{\"@id\":\"https:\\\/\\\/lasentinelle.dz\\\/#website\"},\"primaryImageOfPage\":{\"@id\":\"https:\\\/\\\/lasentinelle.dz\\\/index.php\\\/2026\\\/09\\\/01\\\/les-verts-u21-decrochent-lor-mediterranee-en-football-un-sacre-historique-a-tarente-51-ans-apres\\\/#primaryimage\"},\"image\":{\"@id\":\"https:\\\/\\\/lasentinelle.dz\\\/index.php\\\/2026\\\/09\\\/01\\\/les-verts-u21-decrochent-lor-mediterranee-en-football-un-sacre-historique-a-tarente-51-ans-apres\\\/#primaryimage\"},\"thumbnailUrl\":\"https:\\\/\\\/lasentinelle.dz\\\/wp-content\\\/uploads\\\/2026\\\/09\\\/EN-U21.jpg\",\"datePublished\":\"2026-09-01T09:44:54+00:00\",\"dateModified\":\"2026-09-01T09:44:57+00:00\",\"breadcrumb\":{\"@id\":\"https:\\\/\\\/lasentinelle.dz\\\/index.php\\\/2026\\\/09\\\/01\\\/les-verts-u21-decrochent-lor-mediterranee-en-football-un-sacre-historique-a-tarente-51-ans-apres\\\/#breadcrumb\"},\"inLanguage\":\"fr-FR\",\"potentialAction\":[{\"@type\":\"ReadAction\",\"target\":[\"https:\\\/\\\/lasentinelle.dz\\\/index.php\\\/2026\\\/09\\\/01\\\/les-verts-u21-decrochent-lor-mediterranee-en-football-un-sacre-historique-a-tarente-51-ans-apres\\\/\"]}]},{\"@type\":\"ImageObject\",\"inLanguage\":\"fr-FR\",\"@id\":\"https:\\\/\\\/lasentinelle.dz\\\/index.php\\\/2026\\\/09\\\/01\\\/les-verts-u21-decrochent-lor-mediterranee-en-football-un-sacre-historique-a-tarente-51-ans-apres\\\/#primaryimage\",\"url\":\"https:\\\/\\\/lasentinelle.dz\\\/wp-content\\\/uploads\\\/2026\\\/09\\\/EN-U21.jpg\",\"contentUrl\":\"https:\\\/\\\/lasentinelle.dz\\\/wp-content\\\/uploads\\\/2026\\\/09\\\/EN-U21.jpg\",\"width\":1984,\"height\":1417},{\"@type\":\"BreadcrumbList\",\"@id\":\"https:\\\/\\\/lasentinelle.dz\\\/index.php\\\/2026\\\/09\\\/01\\\/les-verts-u21-decrochent-lor-mediterranee-en-football-un-sacre-historique-a-tarente-51-ans-apres\\\/#breadcrumb\",\"itemListElement\":[{\"@type\":\"ListItem\",\"position\":1,\"name\":\"Accueil\",\"item\":\"https:\\\/\\\/lasentinelle.dz\\\/\"},{\"@type\":\"ListItem\",\"position\":2,\"name\":\"Les Verts U21 d\u00e9crochent l\u2019Or m\u00e9diterran\u00e9e en football\u00a0: Un sacre historique \u00e0 Tarente 51 ans apr\u00e8s\"}]},{\"@type\":\"WebSite\",\"@id\":\"https:\\\/\\\/lasentinelle.dz\\\/#website\",\"url\":\"https:\\\/\\\/lasentinelle.dz\\\/\",\"name\":\"La Sentinelle\",\"description\":\"Quotidien national d&#039;information\",\"publisher\":{\"@id\":\"https:\\\/\\\/lasentinelle.dz\\\/#organization\"},\"potentialAction\":[{\"@type\":\"SearchAction\",\"target\":{\"@type\":\"EntryPoint\",\"urlTemplate\":\"https:\\\/\\\/lasentinelle.dz\\\/?s={search_term_string}\"},\"query-input\":{\"@type\":\"PropertyValueSpecification\",\"valueRequired\":true,\"valueName\":\"search_term_string\"}}],\"inLanguage\":\"fr-FR\"},{\"@type\":\"Organization\",\"@id\":\"https:\\\/\\\/lasentinelle.dz\\\/#organization\",\"name\":\"Quotidien La Sentinelle\",\"url\":\"https:\\\/\\\/lasentinelle.dz\\\/\",\"logo\":{\"@type\":\"ImageObject\",\"inLanguage\":\"fr-FR\",\"@id\":\"https:\\\/\\\/lasentinelle.dz\\\/#\\\/schema\\\/logo\\\/image\\\/\",\"url\":\"https:\\\/\\\/lasentinelle.dz\\\/wp-content\\\/uploads\\\/2021\\\/09\\\/logo-sentinelleSLOGAN-1.png\",\"contentUrl\":\"https:\\\/\\\/lasentinelle.dz\\\/wp-content\\\/uploads\\\/2021\\\/09\\\/logo-sentinelleSLOGAN-1.png\",\"width\":615,\"height\":142,\"caption\":\"Quotidien La Sentinelle\"},\"image\":{\"@id\":\"https:\\\/\\\/lasentinelle.dz\\\/#\\\/schema\\\/logo\\\/image\\\/\"},\"sameAs\":[\"https:\\\/\\\/www.facebook.com\\\/La-Sentinelle-104059864394773\"]},{\"@type\":\"Person\",\"@id\":\"https:\\\/\\\/lasentinelle.dz\\\/#\\\/schema\\\/person\\\/729ee0024f24e0b8c5ec17232f8e8b41\",\"name\":\"admin\",\"image\":{\"@type\":\"ImageObject\",\"inLanguage\":\"fr-FR\",\"@id\":\"https:\\\/\\\/secure.gravatar.com\\\/avatar\\\/4c81fed838786e9b53f540bf46533e750f5d292099ae3b66cfc6fb1982e29df7?s=96&d=mm&r=g\",\"url\":\"https:\\\/\\\/secure.gravatar.com\\\/avatar\\\/4c81fed838786e9b53f540bf46533e750f5d292099ae3b66cfc6fb1982e29df7?s=96&d=mm&r=g\",\"contentUrl\":\"https:\\\/\\\/secure.gravatar.com\\\/avatar\\\/4c81fed838786e9b53f540bf46533e750f5d292099ae3b66cfc6fb1982e29df7?s=96&d=mm&r=g\",\"caption\":\"admin\"},\"description\":\"admin\",\"url\":\"https:\\\/\\\/lasentinelle.dz\\\/author\\\/admin\\\/\"}]}<\/script>\n<!-- \/ Yoast SEO plugin. -->","yoast_head_json":{"title":"Les Verts U21 d\u00e9crochent l\u2019Or m\u00e9diterran\u00e9e en football\u00a0: Un sacre historique \u00e0 Tarente 51 ans apr\u00e8s - La Sentinelle","robots":{"index":"index","follow":"follow","max-snippet":"max-snippet:-1","max-image-preview":"max-image-preview:large","max-video-preview":"max-video-preview:-1"},"canonical":"https:\/\/lasentinelle.dz\/index.php\/2026\/09\/01\/les-verts-u21-decrochent-lor-mediterranee-en-football-un-sacre-historique-a-tarente-51-ans-apres\/","og_locale":"fr_FR","og_type":"article","og_title":"Les Verts U21 d\u00e9crochent l\u2019Or m\u00e9diterran\u00e9e en football\u00a0: Un sacre historique \u00e0 Tarente 51 ans apr\u00e8s - La Sentinelle","og_description":"Port\u00e9e par un collectif solide et un Ben Ahmed Kohili des grands soirs, la s\u00e9lection alg\u00e9rienne des moins de 21","og_url":"https:\/\/lasentinelle.dz\/index.php\/2026\/09\/01\/les-verts-u21-decrochent-lor-mediterranee-en-football-un-sacre-historique-a-tarente-51-ans-apres\/","og_site_name":"La Sentinelle","article_publisher":"https:\/\/www.facebook.com\/La-Sentinelle-104059864394773","article_published_time":"2026-09-01T09:44:54+00:00","article_modified_time":"2026-09-01T09:44:57+00:00","og_image":[{"width":1984,"height":1417,"url":"https:\/\/lasentinelle.dz\/wp-content\/uploads\/2026\/09\/EN-U21.jpg","type":"image\/jpeg"}],"author":"admin","twitter_card":"summary_large_image","twitter_misc":{"\u00c9crit par":"admin","Dur\u00e9e de lecture estim\u00e9e":"4 minutes"},"schema":{"@context":"https:\/\/schema.org","@graph":[{"@type":"Article","@id":"https:\/\/lasentinelle.dz\/index.php\/2026\/09\/01\/les-verts-u21-decrochent-lor-mediterranee-en-football-un-sacre-historique-a-tarente-51-ans-apres\/#article","isPartOf":{"@id":"https:\/\/lasentinelle.dz\/index.php\/2026\/09\/01\/les-verts-u21-decrochent-lor-mediterranee-en-football-un-sacre-historique-a-tarente-51-ans-apres\/"},"author":{"name":"admin","@id":"https:\/\/lasentinelle.dz\/#\/schema\/person\/729ee0024f24e0b8c5ec17232f8e8b41"},"headline":"Les Verts U21 d\u00e9crochent l\u2019Or m\u00e9diterran\u00e9e en football\u00a0: Un sacre historique \u00e0 Tarente 51 ans apr\u00e8s","datePublished":"2026-09-01T09:44:54+00:00","dateModified":"2026-09-01T09:44:57+00:00","mainEntityOfPage":{"@id":"https:\/\/lasentinelle.dz\/index.php\/2026\/09\/01\/les-verts-u21-decrochent-lor-mediterranee-en-football-un-sacre-historique-a-tarente-51-ans-apres\/"},"wordCount":836,"commentCount":0,"publisher":{"@id":"https:\/\/lasentinelle.dz\/#organization"},"image":{"@id":"https:\/\/lasentinelle.dz\/index.php\/2026\/09\/01\/les-verts-u21-decrochent-lor-mediterranee-en-football-un-sacre-historique-a-tarente-51-ans-apres\/#primaryimage"},"thumbnailUrl":"https:\/\/lasentinelle.dz\/wp-content\/uploads\/2026\/09\/EN-U21.jpg","articleSection":["Sports"],"inLanguage":"fr-FR","potentialAction":[{"@type":"CommentAction","name":"Comment","target":["https:\/\/lasentinelle.dz\/index.php\/2026\/09\/01\/les-verts-u21-decrochent-lor-mediterranee-en-football-un-sacre-historique-a-tarente-51-ans-apres\/#respond"]}]},{"@type":"WebPage","@id":"https:\/\/lasentinelle.dz\/index.php\/2026\/09\/01\/les-verts-u21-decrochent-lor-mediterranee-en-football-un-sacre-historique-a-tarente-51-ans-apres\/","url":"https:\/\/lasentinelle.dz\/index.php\/2026\/09\/01\/les-verts-u21-decrochent-lor-mediterranee-en-football-un-sacre-historique-a-tarente-51-ans-apres\/","name":"Les Verts U21 d\u00e9crochent l\u2019Or m\u00e9diterran\u00e9e en football\u00a0: Un sacre historique \u00e0 Tarente 51 ans apr\u00e8s - La Sentinelle","isPartOf":{"@id":"https:\/\/lasentinelle.dz\/#website"},"primaryImageOfPage":{"@id":"https:\/\/lasentinelle.dz\/index.php\/2026\/09\/01\/les-verts-u21-decrochent-lor-mediterranee-en-football-un-sacre-historique-a-tarente-51-ans-apres\/#primaryimage"},"image":{"@id":"https:\/\/lasentinelle.dz\/index.php\/2026\/09\/01\/les-verts-u21-decrochent-lor-mediterranee-en-football-un-sacre-historique-a-tarente-51-ans-apres\/#primaryimage"},"thumbnailUrl":"https:\/\/lasentinelle.dz\/wp-content\/uploads\/2026\/09\/EN-U21.jpg","datePublished":"2026-09-01T09:44:54+00:00","dateModified":"2026-09-01T09:44:57+00:00","breadcrumb":{"@id":"https:\/\/lasentinelle.dz\/index.php\/2026\/09\/01\/les-verts-u21-decrochent-lor-mediterranee-en-football-un-sacre-historique-a-tarente-51-ans-apres\/#breadcrumb"},"inLanguage":"fr-FR","potentialAction":[{"@type":"ReadAction","target":["https:\/\/lasentinelle.dz\/index.php\/2026\/09\/01\/les-verts-u21-decrochent-lor-mediterranee-en-football-un-sacre-historique-a-tarente-51-ans-apres\/"]}]},{"@type":"ImageObject","inLanguage":"fr-FR","@id":"https:\/\/lasentinelle.dz\/index.php\/2026\/09\/01\/les-verts-u21-decrochent-lor-mediterranee-en-football-un-sacre-historique-a-tarente-51-ans-apres\/#primaryimage","url":"https:\/\/lasentinelle.dz\/wp-content\/uploads\/2026\/09\/EN-U21.jpg","contentUrl":"https:\/\/lasentinelle.dz\/wp-content\/uploads\/2026\/09\/EN-U21.jpg","width":1984,"height":1417},{"@type":"BreadcrumbList","@id":"https:\/\/lasentinelle.dz\/index.php\/2026\/09\/01\/les-verts-u21-decrochent-lor-mediterranee-en-football-un-sacre-historique-a-tarente-51-ans-apres\/#breadcrumb","itemListElement":[{"@type":"ListItem","position":1,"name":"Accueil","item":"https:\/\/lasentinelle.dz\/"},{"@type":"ListItem","position":2,"name":"Les Verts U21 d\u00e9crochent l\u2019Or m\u00e9diterran\u00e9e en football\u00a0: Un sacre historique \u00e0 Tarente 51 ans apr\u00e8s"}]},{"@type":"WebSite","@id":"https:\/\/lasentinelle.dz\/#website","url":"https:\/\/lasentinelle.dz\/","name":"La Sentinelle","description":"Quotidien national d&#039;information","publisher":{"@id":"https:\/\/lasentinelle.dz\/#organization"},"potentialAction":[{"@type":"SearchAction","target":{"@type":"EntryPoint","urlTemplate":"https:\/\/lasentinelle.dz\/?s={search_term_string}"},"query-input":{"@type":"PropertyValueSpecification","valueRequired":true,"valueName":"search_term_string"}}],"inLanguage":"fr-FR"},{"@type":"Organization","@id":"https:\/\/lasentinelle.dz\/#organization","name":"Quotidien La Sentinelle","url":"https:\/\/lasentinelle.dz\/","logo":{"@type":"ImageObject","inLanguage":"fr-FR","@id":"https:\/\/lasentinelle.dz\/#\/schema\/logo\/image\/","url":"https:\/\/lasentinelle.dz\/wp-content\/uploads\/2021\/09\/logo-sentinelleSLOGAN-1.png","contentUrl":"https:\/\/lasentinelle.dz\/wp-content\/uploads\/2021\/09\/logo-sentinelleSLOGAN-1.png","width":615,"height":142,"caption":"Quotidien La Sentinelle"},"image":{"@id":"https:\/\/lasentinelle.dz\/#\/schema\/logo\/image\/"},"sameAs":["https:\/\/www.facebook.com\/La-Sentinelle-104059864394773"]},{"@type":"Person","@id":"https:\/\/lasentinelle.dz\/#\/schema\/person\/729ee0024f24e0b8c5ec17232f8e8b41","name":"admin","image":{"@type":"ImageObject","inLanguage":"fr-FR","@id":"https:\/\/secure.gravatar.com\/avatar\/4c81fed838786e9b53f540bf46533e750f5d292099ae3b66cfc6fb1982e29df7?s=96&d=mm&r=g","url":"https:\/\/secure.gravatar.com\/avatar\/4c81fed838786e9b53f540bf46533e750f5d292099ae3b66cfc6fb1982e29df7?s=96&d=mm&r=g","contentUrl":"https:\/\/secure.gravatar.com\/avatar\/4c81fed838786e9b53f540bf46533e750f5d292099ae3b66cfc6fb1982e29df7?s=96&d=mm&r=g","caption":"admin"},"description":"admin","url":"https:\/\/lasentinelle.dz\/author\/admin\/"}]}},"_links":{"self":[{"href":"https:\/\/lasentinelle.dz\/index.php\/wp-json\/wp\/v2\/posts\/94710","targetHints":{"allow":["GET"]}}],"collection":[{"href":"https:\/\/lasentinelle.dz\/index.php\/wp-json\/wp\/v2\/posts"}],"about":[{"href":"https:\/\/lasentinelle.dz\/index.php\/wp-json\/wp\/v2\/types\/post"}],"author":[{"embeddable":true,"href":"https:\/\/lasentinelle.dz\/index.php\/wp-json\/wp\/v2\/users\/6"}],"replies":[{"embeddable":true,"href":"https:\/\/lasentinelle.dz\/index.php\/wp-json\/wp\/v2\/comments?post=94710"}],"version-history":[{"count":1,"href":"https:\/\/lasentinelle.dz\/index.php\/wp-json\/wp\/v2\/posts\/94710\/revisions"}],"predecessor-version":[{"id":94712,"href":"https:\/\/lasentinelle.dz\/index.php\/wp-json\/wp\/v2\/posts\/94710\/revisions\/94712"}],"wp:featuredmedia":[{"embeddable":true,"href":"https:\/\/lasentinelle.dz\/index.php\/wp-json\/wp\/v2\/media\/94711"}],"wp:attachment":[{"href":"https:\/\/lasentinelle.dz\/index.php\/wp-json\/wp\/v2\/media?parent=94710"}],"wp:term":[{"taxonomy":"category","embeddable":true,"href":"https:\/\/lasentinelle.dz\/index.php\/wp-json\/wp\/v2\/categories?post=94710"},{"taxonomy":"post_tag","embeddable":true,"href":"https:\/\/lasentinelle.dz\/index.php\/wp-json\/wp\/v2\/tags?post=94710"}],"curies":[{"name":"wp","href":"https:\/\/api.w.org\/{rel}","templated":true}]}}