{"id":94716,"date":"2026-09-01T10:52:33","date_gmt":"2026-09-01T09:52:33","guid":{"rendered":"https:\/\/lasentinelle.dz\/?p=94716"},"modified":"2026-09-01T10:52:36","modified_gmt":"2026-09-01T09:52:36","slug":"el-tarf-de-nouvelles-infrastructures-pour-la-rentree","status":"publish","type":"post","link":"https:\/\/lasentinelle.dz\/index.php\/2026\/09\/01\/el-tarf-de-nouvelles-infrastructures-pour-la-rentree\/","title":{"rendered":"El Tarf\u00a0: De nouvelles infrastructures pour la rentr\u00e9e"},"content":{"rendered":"\n<p class=\"wp-block-paragraph\">\u00c0 El Tarf, la rentr\u00e9e scolaire se pr\u00e9pare aussi sur les chantiers. Les services de l&rsquo;ex\u00e9cutif poursuivent leurs visites d&rsquo;inspection afin de constater l&rsquo;avancement des projets \u00e9ducatifs et de lever les \u00e9ventuels obstacles susceptibles de retarder leur mise en service. La Direction des \u00e9quipements publics, en coordination avec les services concern\u00e9s et les bureaux d&rsquo;\u00e9tudes, accorde une attention particuli\u00e8re au respect des d\u00e9lais contractuels, \u00e0 la conformit\u00e9 des r\u00e9alisations et \u00e0 la disponibilit\u00e9 des diff\u00e9rents r\u00e9seaux n\u00e9cessaires au fonctionnement des \u00e9tablissements. Cette mobilisation rev\u00eat une importance particuli\u00e8re dans les zones urbaines qui connaissent une forte croissance d\u00e9mographique. Les nouveaux p\u00f4les r\u00e9sidentiels issus des op\u00e9rations de relogement entra\u00eenent m\u00e9caniquement une augmentation des besoins en infrastructures scolaires, notamment dans les cycles primaire et moyen. Pour \u00e9viter que l&rsquo;arriv\u00e9e de nouvelles populations ne se traduise par une surcharge suppl\u00e9mentaire des \u00e9tablissements existants, les services techniques proc\u00e8dent \u00e0 des \u00e9valuations r\u00e9guli\u00e8res et identifient les r\u00e9serves devant \u00eatre lev\u00e9es avant la r\u00e9ception des projets. Avec la rentr\u00e9e 2026-2027, la wilaya d&rsquo;El Tarf devrait b\u00e9n\u00e9ficier de plusieurs nouvelles infrastructures. Le secteur s&rsquo;appr\u00eate notamment \u00e0 r\u00e9ceptionner cinq (5) groupes scolaires r\u00e9partis entre les communes de B\u00e9sbes, Chihani, Chebaita Mokhtar et El Kala, auxquels s&rsquo;ajoutent deux \u00e9coles primaires \u00e0 Berrihane et Ben M&rsquo;Hidi. Ce renforcement du r\u00e9seau du premier palier devrait contribuer \u00e0 am\u00e9liorer la r\u00e9partition des \u00e9l\u00e8ves et \u00e0 rapprocher les \u00e9tablissements des nouveaux quartiers d&rsquo;habitation. Le cycle moyen n&rsquo;est pas en reste, avec quatre (4) nouveaux coll\u00e8ges d&rsquo;enseignement moyen (CEM) programm\u00e9s \u00e0 Guergour, El Kala, Ben M&rsquo;Hidi et B\u00e9sbes. Le secondaire b\u00e9n\u00e9ficiera pour sa part de deux (2) nouveaux lyc\u00e9es, implant\u00e9s \u00e0 El Kala et Bouhadjar. \u00c0 ces r\u00e9alisations s&rsquo;ajoutent l&rsquo;extension de l&rsquo;\u00e9tablissement Laredj Bouraoui, au chef-lieu de wilaya, ainsi que la r\u00e9alisation d&rsquo;un restaurant scolaire dans la commune frontali\u00e8re de Bougous. Cette extension de la cartographie des infrastructures \u00e9ducatives r\u00e9pond \u00e0 une n\u00e9cessit\u00e9 qui d\u00e9passe la seule \u00e9ch\u00e9ance de septembre. Dans plusieurs communes, le d\u00e9veloppement de l&rsquo;habitat et l&rsquo;\u00e9volution de la population scolaire imposent d\u00e9sormais d&rsquo;anticiper les besoins plut\u00f4t que d&rsquo;intervenir une fois la saturation des \u00e9tablissements d\u00e9j\u00e0 atteinte. La programmation de nouvelles \u00e9coles, coll\u00e8ges et lyc\u00e9es vise ainsi \u00e0 accompagner l&rsquo;\u00e9volution d\u00e9mographique et \u00e0 am\u00e9liorer progressivement les conditions de scolarisation. Les pouvoirs publics se projettent d\u00e9j\u00e0 au-del\u00e0 de la prochaine rentr\u00e9e. La programmation \u00e0 moyen terme pr\u00e9voit notamment le lancement d&rsquo;un nouveau lyc\u00e9e au quartier Sidi Belkacem, dans la commune d&rsquo;El Tarf, ainsi que la r\u00e9alisation de trois (3) groupes scolaires suppl\u00e9mentaires \u00e0 B\u00e9sbes, Dr\u00e9an et Ben M&rsquo;Hidi. Des op\u00e9rations d&rsquo;extension et de r\u00e9habilitation d&rsquo;\u00e9tablissements existants sont \u00e9galement envisag\u00e9es \u00e0 travers diff\u00e9rentes communes de la wilaya. Cette strat\u00e9gie vise \u00e0 agir simultan\u00e9ment sur plusieurs fronts : augmenter les capacit\u00e9s d&rsquo;accueil, r\u00e9duire la pression sur les structures existantes, accompagner les nouveaux p\u00f4les urbains et am\u00e9liorer la qualit\u00e9 des conditions d&rsquo;apprentissage. La r\u00e9ception des nouvelles infrastructures ne constitue toutefois qu&rsquo;une \u00e9tape, puisque leur mise en service doit \u00eatre accompagn\u00e9e par la disponibilit\u00e9 des \u00e9quipements, des r\u00e9seaux, de la restauration scolaire et des moyens humains n\u00e9cessaires \u00e0 leur fonctionnement. \u00c0 quelques jours du retour des \u00e9l\u00e8ves, la priorit\u00e9 reste donc de transformer les chantiers en \u00e9tablissements op\u00e9rationnels.<\/p>\n\n\n\n<p class=\"wp-block-paragraph\">S.C.<\/p>\n","protected":false},"excerpt":{"rendered":"<p>\u00c0 El Tarf, la rentr\u00e9e scolaire se pr\u00e9pare aussi sur les chantiers. Les services de l&rsquo;ex\u00e9cutif poursuivent leurs visites d&rsquo;inspection<\/p>\n","protected":false},"author":6,"featured_media":93640,"comment_status":"open","ping_status":"closed","sticky":false,"template":"","format":"standard","meta":{"colormag_page_container_layout":"default_layout","colormag_page_sidebar_layout":"default_layout","om_disable_all_campaigns":false,"_monsterinsights_skip_tracking":false,"footnotes":"","_wpscppro_dont_share_socialmedia":false,"_wpscppro_custom_social_share_image":0,"_facebook_share_type":"default","_twitter_share_type":"default","_linkedin_share_type":"default","_pinterest_share_type":"default","_linkedin_share_type_page":"","_instagram_share_type":"default","_medium_share_type":"default","_threads_share_type":"default","_google_business_share_type":"default","_bluesky_share_type":"default","_mastodon_share_type":"default","_selected_social_profile":[],"_wpsp_enable_custom_social_template":false,"_wpsp_social_scheduling":{"enabled":false,"datetime":null,"platforms":[],"status":"template_only","dateOption":"today","timeOption":"now","customDays":"","customHours":"","customDate":"","customTime":"","schedulingType":"absolute"},"_wpsp_active_default_template":true},"categories":[31],"tags":[],"class_list":["post-94716","post","type-post","status-publish","format-standard","has-post-thumbnail","hentry","category-regions"],"aioseo_notices":[],"aioseo_head":"\n\t\t<!-- All in One SEO 5.0.0.1 - aioseo.com -->\n\t<meta name=\"description\" content=\"\u00c0 El Tarf, la rentr\u00e9e scolaire se pr\u00e9pare aussi sur les chantiers. Les services de l&#039;ex\u00e9cutif poursuivent leurs visites d&#039;inspection afin de constater l&#039;avancement des projets \u00e9ducatifs et de lever les \u00e9ventuels obstacles susceptibles de retarder leur mise en service. La Direction des \u00e9quipements publics, en coordination avec les services concern\u00e9s et les bureaux d&#039;\u00e9tudes,\" \/>\n\t<meta name=\"robots\" content=\"max-image-preview:large\" \/>\n\t<meta name=\"author\" content=\"admin\"\/>\n\t<link rel=\"canonical\" href=\"https:\/\/lasentinelle.dz\/index.php\/2026\/09\/01\/el-tarf-de-nouvelles-infrastructures-pour-la-rentree\/\" \/>\n\t<meta name=\"generator\" content=\"All in One SEO (AIOSEO) 5.0.0.1\" \/>\n\t\t<meta property=\"og:locale\" content=\"fr_FR\" \/>\n\t\t<meta property=\"og:site_name\" content=\"La Sentinelle - Quotidien national d&#039;information\" \/>\n\t\t<meta property=\"og:type\" content=\"article\" \/>\n\t\t<meta property=\"og:title\" content=\"El Tarf : De nouvelles infrastructures pour la rentr\u00e9e - La Sentinelle\" \/>\n\t\t<meta property=\"og:description\" content=\"\u00c0 El Tarf, la rentr\u00e9e scolaire se pr\u00e9pare aussi sur les chantiers. Les services de l&#039;ex\u00e9cutif poursuivent leurs visites d&#039;inspection afin de constater l&#039;avancement des projets \u00e9ducatifs et de lever les \u00e9ventuels obstacles susceptibles de retarder leur mise en service. La Direction des \u00e9quipements publics, en coordination avec les services concern\u00e9s et les bureaux d&#039;\u00e9tudes,\" \/>\n\t\t<meta property=\"og:url\" content=\"https:\/\/lasentinelle.dz\/index.php\/2026\/09\/01\/el-tarf-de-nouvelles-infrastructures-pour-la-rentree\/\" \/>\n\t\t<meta property=\"og:image\" content=\"https:\/\/lasentinelle.dz\/wp-content\/uploads\/2021\/09\/cropped-la-sentinelle-earth-golden-anima-5.gif\" \/>\n\t\t<meta property=\"og:image:secure_url\" content=\"https:\/\/lasentinelle.dz\/wp-content\/uploads\/2021\/09\/cropped-la-sentinelle-earth-golden-anima-5.gif\" \/>\n\t\t<meta property=\"og:image:width\" content=\"450\" \/>\n\t\t<meta property=\"og:image:height\" content=\"213\" \/>\n\t\t<meta property=\"article:published_time\" content=\"2026-09-01T09:52:33+00:00\" \/>\n\t\t<meta property=\"article:modified_time\" content=\"2026-09-01T09:52:36+00:00\" \/>\n\t\t<meta property=\"article:publisher\" content=\"https:\/\/www.facebook.com\/azzedine.lasentinelle.1\" \/>\n\t\t<meta name=\"twitter:card\" content=\"summary_large_image\" \/>\n\t\t<meta name=\"twitter:title\" content=\"El Tarf : De nouvelles infrastructures pour la rentr\u00e9e - La Sentinelle\" \/>\n\t\t<meta name=\"twitter:description\" content=\"\u00c0 El Tarf, la rentr\u00e9e scolaire se pr\u00e9pare aussi sur les chantiers. Les services de l&#039;ex\u00e9cutif poursuivent leurs visites d&#039;inspection afin de constater l&#039;avancement des projets \u00e9ducatifs et de lever les \u00e9ventuels obstacles susceptibles de retarder leur mise en service. La Direction des \u00e9quipements publics, en coordination avec les services concern\u00e9s et les bureaux d&#039;\u00e9tudes,\" \/>\n\t\t<meta name=\"twitter:image\" content=\"https:\/\/lasentinelle.dz\/wp-content\/uploads\/2021\/09\/cropped-la-sentinelle-earth-golden-anima-5.gif\" \/>\n\t\t<script type=\"application\/ld+json\" class=\"aioseo-schema\">\n\t\t\t{\"@context\":\"https:\\\/\\\/schema.org\",\"@graph\":[{\"@type\":\"BlogPosting\",\"@id\":\"https:\\\/\\\/lasentinelle.dz\\\/index.php\\\/2026\\\/09\\\/01\\\/el-tarf-de-nouvelles-infrastructures-pour-la-rentree\\\/#blogposting\",\"name\":\"El Tarf : De nouvelles infrastructures pour la rentr\\u00e9e - La Sentinelle\",\"headline\":\"El Tarf\\u00a0: De nouvelles infrastructures pour la rentr\\u00e9e\",\"author\":{\"@id\":\"https:\\\/\\\/lasentinelle.dz\\\/author\\\/admin\\\/#author\"},\"publisher\":{\"@id\":\"https:\\\/\\\/lasentinelle.dz\\\/#organization\"},\"image\":{\"@type\":\"ImageObject\",\"url\":\"https:\\\/\\\/lasentinelle.dz\\\/wp-content\\\/uploads\\\/2026\\\/08\\\/chantier-ecole.jpg\",\"width\":1080,\"height\":810},\"datePublished\":\"2026-09-01T10:52:33+01:00\",\"dateModified\":\"2026-09-01T10:52:36+01:00\",\"inLanguage\":\"fr-FR\",\"mainEntityOfPage\":{\"@id\":\"https:\\\/\\\/lasentinelle.dz\\\/index.php\\\/2026\\\/09\\\/01\\\/el-tarf-de-nouvelles-infrastructures-pour-la-rentree\\\/#webpage\"},\"isPartOf\":{\"@id\":\"https:\\\/\\\/lasentinelle.dz\\\/index.php\\\/2026\\\/09\\\/01\\\/el-tarf-de-nouvelles-infrastructures-pour-la-rentree\\\/#webpage\"},\"articleSection\":\"R\\u00e9gions\"},{\"@type\":\"BreadcrumbList\",\"@id\":\"https:\\\/\\\/lasentinelle.dz\\\/index.php\\\/2026\\\/09\\\/01\\\/el-tarf-de-nouvelles-infrastructures-pour-la-rentree\\\/#breadcrumblist\",\"itemListElement\":[{\"@type\":\"ListItem\",\"@id\":\"https:\\\/\\\/lasentinelle.dz#listItem\",\"position\":1,\"name\":\"Home\",\"item\":\"https:\\\/\\\/lasentinelle.dz\",\"nextItem\":{\"@type\":\"ListItem\",\"@id\":\"https:\\\/\\\/lasentinelle.dz\\\/index.php\\\/category\\\/regions\\\/#listItem\",\"name\":\"R\\u00e9gions\"}},{\"@type\":\"ListItem\",\"@id\":\"https:\\\/\\\/lasentinelle.dz\\\/index.php\\\/category\\\/regions\\\/#listItem\",\"position\":2,\"name\":\"R\\u00e9gions\",\"item\":\"https:\\\/\\\/lasentinelle.dz\\\/index.php\\\/category\\\/regions\\\/\",\"nextItem\":{\"@type\":\"ListItem\",\"@id\":\"https:\\\/\\\/lasentinelle.dz\\\/index.php\\\/2026\\\/09\\\/01\\\/el-tarf-de-nouvelles-infrastructures-pour-la-rentree\\\/#listItem\",\"name\":\"El Tarf\\u00a0: De nouvelles infrastructures pour la rentr\\u00e9e\"},\"previousItem\":{\"@type\":\"ListItem\",\"@id\":\"https:\\\/\\\/lasentinelle.dz#listItem\",\"name\":\"Home\"}},{\"@type\":\"ListItem\",\"@id\":\"https:\\\/\\\/lasentinelle.dz\\\/index.php\\\/2026\\\/09\\\/01\\\/el-tarf-de-nouvelles-infrastructures-pour-la-rentree\\\/#listItem\",\"position\":3,\"name\":\"El Tarf\\u00a0: De nouvelles infrastructures pour la rentr\\u00e9e\",\"previousItem\":{\"@type\":\"ListItem\",\"@id\":\"https:\\\/\\\/lasentinelle.dz\\\/index.php\\\/category\\\/regions\\\/#listItem\",\"name\":\"R\\u00e9gions\"}}]},{\"@type\":\"Organization\",\"@id\":\"https:\\\/\\\/lasentinelle.dz\\\/#organization\",\"name\":\"La Sentinelle La Sentinelle\",\"description\":\"Quotidien national d'information\",\"url\":\"https:\\\/\\\/lasentinelle.dz\\\/\",\"logo\":{\"@type\":\"ImageObject\",\"url\":\"https:\\\/\\\/lasentinelle.dz\\\/wp-content\\\/uploads\\\/2021\\\/09\\\/cropped-la-sentinelle-earth-golden-anima-5.gif\",\"@id\":\"https:\\\/\\\/lasentinelle.dz\\\/index.php\\\/2026\\\/09\\\/01\\\/el-tarf-de-nouvelles-infrastructures-pour-la-rentree\\\/#organizationLogo\",\"width\":450,\"height\":213},\"image\":{\"@id\":\"https:\\\/\\\/lasentinelle.dz\\\/index.php\\\/2026\\\/09\\\/01\\\/el-tarf-de-nouvelles-infrastructures-pour-la-rentree\\\/#organizationLogo\"},\"sameAs\":[\"https:\\\/\\\/www.facebook.com\\\/azzedine.lasentinelle.1\"]},{\"@type\":\"Person\",\"@id\":\"https:\\\/\\\/lasentinelle.dz\\\/author\\\/admin\\\/#author\",\"url\":\"https:\\\/\\\/lasentinelle.dz\\\/author\\\/admin\\\/\",\"name\":\"admin\",\"image\":{\"@type\":\"ImageObject\",\"@id\":\"https:\\\/\\\/lasentinelle.dz\\\/index.php\\\/2026\\\/09\\\/01\\\/el-tarf-de-nouvelles-infrastructures-pour-la-rentree\\\/#authorImage\",\"url\":\"https:\\\/\\\/secure.gravatar.com\\\/avatar\\\/4c81fed838786e9b53f540bf46533e750f5d292099ae3b66cfc6fb1982e29df7?s=96&d=mm&r=g\",\"width\":96,\"height\":96,\"caption\":\"admin\"}},{\"@type\":\"WebPage\",\"@id\":\"https:\\\/\\\/lasentinelle.dz\\\/index.php\\\/2026\\\/09\\\/01\\\/el-tarf-de-nouvelles-infrastructures-pour-la-rentree\\\/#webpage\",\"url\":\"https:\\\/\\\/lasentinelle.dz\\\/index.php\\\/2026\\\/09\\\/01\\\/el-tarf-de-nouvelles-infrastructures-pour-la-rentree\\\/\",\"name\":\"El Tarf : De nouvelles infrastructures pour la rentr\\u00e9e - La Sentinelle\",\"description\":\"\\u00c0 El Tarf, la rentr\\u00e9e scolaire se pr\\u00e9pare aussi sur les chantiers. Les services de l'ex\\u00e9cutif poursuivent leurs visites d'inspection afin de constater l'avancement des projets \\u00e9ducatifs et de lever les \\u00e9ventuels obstacles susceptibles de retarder leur mise en service. La Direction des \\u00e9quipements publics, en coordination avec les services concern\\u00e9s et les bureaux d'\\u00e9tudes,\",\"inLanguage\":\"fr-FR\",\"isPartOf\":{\"@id\":\"https:\\\/\\\/lasentinelle.dz\\\/#website\"},\"breadcrumb\":{\"@id\":\"https:\\\/\\\/lasentinelle.dz\\\/index.php\\\/2026\\\/09\\\/01\\\/el-tarf-de-nouvelles-infrastructures-pour-la-rentree\\\/#breadcrumblist\"},\"author\":{\"@id\":\"https:\\\/\\\/lasentinelle.dz\\\/author\\\/admin\\\/#author\"},\"creator\":{\"@id\":\"https:\\\/\\\/lasentinelle.dz\\\/author\\\/admin\\\/#author\"},\"image\":{\"@type\":\"ImageObject\",\"url\":\"https:\\\/\\\/lasentinelle.dz\\\/wp-content\\\/uploads\\\/2026\\\/08\\\/chantier-ecole.jpg\",\"@id\":\"https:\\\/\\\/lasentinelle.dz\\\/index.php\\\/2026\\\/09\\\/01\\\/el-tarf-de-nouvelles-infrastructures-pour-la-rentree\\\/#mainImage\",\"width\":1080,\"height\":810},\"primaryImageOfPage\":{\"@id\":\"https:\\\/\\\/lasentinelle.dz\\\/index.php\\\/2026\\\/09\\\/01\\\/el-tarf-de-nouvelles-infrastructures-pour-la-rentree\\\/#mainImage\"},\"datePublished\":\"2026-09-01T10:52:33+01:00\",\"dateModified\":\"2026-09-01T10:52:36+01:00\"},{\"@type\":\"WebSite\",\"@id\":\"https:\\\/\\\/lasentinelle.dz\\\/#website\",\"url\":\"https:\\\/\\\/lasentinelle.dz\\\/\",\"name\":\"La Sentinelle\",\"description\":\"Quotidien national d'information\",\"inLanguage\":\"fr-FR\",\"publisher\":{\"@id\":\"https:\\\/\\\/lasentinelle.dz\\\/#organization\"}}]}\n\t\t<\/script>\n\t\t<!-- All in One SEO -->\n\n","aioseo_head_json":{"title":"El Tarf : De nouvelles infrastructures pour la rentr\u00e9e - La Sentinelle","description":"\u00c0 El Tarf, la rentr\u00e9e scolaire se pr\u00e9pare aussi sur les chantiers. Les services de l'ex\u00e9cutif poursuivent leurs visites d'inspection afin de constater l'avancement des projets \u00e9ducatifs et de lever les \u00e9ventuels obstacles susceptibles de retarder leur mise en service. La Direction des \u00e9quipements publics, en coordination avec les services concern\u00e9s et les bureaux d'\u00e9tudes,","canonical_url":"https:\/\/lasentinelle.dz\/index.php\/2026\/09\/01\/el-tarf-de-nouvelles-infrastructures-pour-la-rentree\/","robots":"max-image-preview:large","keywords":"","webmasterTools":{"miscellaneous":""},"schema":{"@context":"https:\/\/schema.org","@graph":[{"@type":"BlogPosting","@id":"https:\/\/lasentinelle.dz\/index.php\/2026\/09\/01\/el-tarf-de-nouvelles-infrastructures-pour-la-rentree\/#blogposting","name":"El Tarf : De nouvelles infrastructures pour la rentr\u00e9e - La Sentinelle","headline":"El Tarf\u00a0: De nouvelles infrastructures pour la rentr\u00e9e","author":{"@id":"https:\/\/lasentinelle.dz\/author\/admin\/#author"},"publisher":{"@id":"https:\/\/lasentinelle.dz\/#organization"},"image":{"@type":"ImageObject","url":"https:\/\/lasentinelle.dz\/wp-content\/uploads\/2026\/08\/chantier-ecole.jpg","width":1080,"height":810},"datePublished":"2026-09-01T10:52:33+01:00","dateModified":"2026-09-01T10:52:36+01:00","inLanguage":"fr-FR","mainEntityOfPage":{"@id":"https:\/\/lasentinelle.dz\/index.php\/2026\/09\/01\/el-tarf-de-nouvelles-infrastructures-pour-la-rentree\/#webpage"},"isPartOf":{"@id":"https:\/\/lasentinelle.dz\/index.php\/2026\/09\/01\/el-tarf-de-nouvelles-infrastructures-pour-la-rentree\/#webpage"},"articleSection":"R\u00e9gions"},{"@type":"BreadcrumbList","@id":"https:\/\/lasentinelle.dz\/index.php\/2026\/09\/01\/el-tarf-de-nouvelles-infrastructures-pour-la-rentree\/#breadcrumblist","itemListElement":[{"@type":"ListItem","@id":"https:\/\/lasentinelle.dz#listItem","position":1,"name":"Home","item":"https:\/\/lasentinelle.dz","nextItem":{"@type":"ListItem","@id":"https:\/\/lasentinelle.dz\/index.php\/category\/regions\/#listItem","name":"R\u00e9gions"}},{"@type":"ListItem","@id":"https:\/\/lasentinelle.dz\/index.php\/category\/regions\/#listItem","position":2,"name":"R\u00e9gions","item":"https:\/\/lasentinelle.dz\/index.php\/category\/regions\/","nextItem":{"@type":"ListItem","@id":"https:\/\/lasentinelle.dz\/index.php\/2026\/09\/01\/el-tarf-de-nouvelles-infrastructures-pour-la-rentree\/#listItem","name":"El Tarf\u00a0: De nouvelles infrastructures pour la rentr\u00e9e"},"previousItem":{"@type":"ListItem","@id":"https:\/\/lasentinelle.dz#listItem","name":"Home"}},{"@type":"ListItem","@id":"https:\/\/lasentinelle.dz\/index.php\/2026\/09\/01\/el-tarf-de-nouvelles-infrastructures-pour-la-rentree\/#listItem","position":3,"name":"El Tarf\u00a0: De nouvelles infrastructures pour la rentr\u00e9e","previousItem":{"@type":"ListItem","@id":"https:\/\/lasentinelle.dz\/index.php\/category\/regions\/#listItem","name":"R\u00e9gions"}}]},{"@type":"Organization","@id":"https:\/\/lasentinelle.dz\/#organization","name":"La Sentinelle La Sentinelle","description":"Quotidien national d'information","url":"https:\/\/lasentinelle.dz\/","logo":{"@type":"ImageObject","url":"https:\/\/lasentinelle.dz\/wp-content\/uploads\/2021\/09\/cropped-la-sentinelle-earth-golden-anima-5.gif","@id":"https:\/\/lasentinelle.dz\/index.php\/2026\/09\/01\/el-tarf-de-nouvelles-infrastructures-pour-la-rentree\/#organizationLogo","width":450,"height":213},"image":{"@id":"https:\/\/lasentinelle.dz\/index.php\/2026\/09\/01\/el-tarf-de-nouvelles-infrastructures-pour-la-rentree\/#organizationLogo"},"sameAs":["https:\/\/www.facebook.com\/azzedine.lasentinelle.1"]},{"@type":"Person","@id":"https:\/\/lasentinelle.dz\/author\/admin\/#author","url":"https:\/\/lasentinelle.dz\/author\/admin\/","name":"admin","image":{"@type":"ImageObject","@id":"https:\/\/lasentinelle.dz\/index.php\/2026\/09\/01\/el-tarf-de-nouvelles-infrastructures-pour-la-rentree\/#authorImage","url":"https:\/\/secure.gravatar.com\/avatar\/4c81fed838786e9b53f540bf46533e750f5d292099ae3b66cfc6fb1982e29df7?s=96&d=mm&r=g","width":96,"height":96,"caption":"admin"}},{"@type":"WebPage","@id":"https:\/\/lasentinelle.dz\/index.php\/2026\/09\/01\/el-tarf-de-nouvelles-infrastructures-pour-la-rentree\/#webpage","url":"https:\/\/lasentinelle.dz\/index.php\/2026\/09\/01\/el-tarf-de-nouvelles-infrastructures-pour-la-rentree\/","name":"El Tarf : De nouvelles infrastructures pour la rentr\u00e9e - La Sentinelle","description":"\u00c0 El Tarf, la rentr\u00e9e scolaire se pr\u00e9pare aussi sur les chantiers. Les services de l'ex\u00e9cutif poursuivent leurs visites d'inspection afin de constater l'avancement des projets \u00e9ducatifs et de lever les \u00e9ventuels obstacles susceptibles de retarder leur mise en service. La Direction des \u00e9quipements publics, en coordination avec les services concern\u00e9s et les bureaux d'\u00e9tudes,","inLanguage":"fr-FR","isPartOf":{"@id":"https:\/\/lasentinelle.dz\/#website"},"breadcrumb":{"@id":"https:\/\/lasentinelle.dz\/index.php\/2026\/09\/01\/el-tarf-de-nouvelles-infrastructures-pour-la-rentree\/#breadcrumblist"},"author":{"@id":"https:\/\/lasentinelle.dz\/author\/admin\/#author"},"creator":{"@id":"https:\/\/lasentinelle.dz\/author\/admin\/#author"},"image":{"@type":"ImageObject","url":"https:\/\/lasentinelle.dz\/wp-content\/uploads\/2026\/08\/chantier-ecole.jpg","@id":"https:\/\/lasentinelle.dz\/index.php\/2026\/09\/01\/el-tarf-de-nouvelles-infrastructures-pour-la-rentree\/#mainImage","width":1080,"height":810},"primaryImageOfPage":{"@id":"https:\/\/lasentinelle.dz\/index.php\/2026\/09\/01\/el-tarf-de-nouvelles-infrastructures-pour-la-rentree\/#mainImage"},"datePublished":"2026-09-01T10:52:33+01:00","dateModified":"2026-09-01T10:52:36+01:00"},{"@type":"WebSite","@id":"https:\/\/lasentinelle.dz\/#website","url":"https:\/\/lasentinelle.dz\/","name":"La Sentinelle","description":"Quotidien national d'information","inLanguage":"fr-FR","publisher":{"@id":"https:\/\/lasentinelle.dz\/#organization"}}]},"og:locale":"fr_FR","og:site_name":"La Sentinelle - Quotidien national d'information","og:type":"article","og:title":"El Tarf : De nouvelles infrastructures pour la rentr\u00e9e - La Sentinelle","og:description":"\u00c0 El Tarf, la rentr\u00e9e scolaire se pr\u00e9pare aussi sur les chantiers. Les services de l'ex\u00e9cutif poursuivent leurs visites d'inspection afin de constater l'avancement des projets \u00e9ducatifs et de lever les \u00e9ventuels obstacles susceptibles de retarder leur mise en service. La Direction des \u00e9quipements publics, en coordination avec les services concern\u00e9s et les bureaux d'\u00e9tudes,","og:url":"https:\/\/lasentinelle.dz\/index.php\/2026\/09\/01\/el-tarf-de-nouvelles-infrastructures-pour-la-rentree\/","og:image":"https:\/\/lasentinelle.dz\/wp-content\/uploads\/2021\/09\/cropped-la-sentinelle-earth-golden-anima-5.gif","og:image:secure_url":"https:\/\/lasentinelle.dz\/wp-content\/uploads\/2021\/09\/cropped-la-sentinelle-earth-golden-anima-5.gif","og:image:width":450,"og:image:height":213,"article:published_time":"2026-09-01T09:52:33+00:00","article:modified_time":"2026-09-01T09:52:36+00:00","article:publisher":"https:\/\/www.facebook.com\/azzedine.lasentinelle.1","twitter:card":"summary_large_image","twitter:title":"El Tarf : De nouvelles infrastructures pour la rentr\u00e9e - La Sentinelle","twitter:description":"\u00c0 El Tarf, la rentr\u00e9e scolaire se pr\u00e9pare aussi sur les chantiers. Les services de l'ex\u00e9cutif poursuivent leurs visites d'inspection afin de constater l'avancement des projets \u00e9ducatifs et de lever les \u00e9ventuels obstacles susceptibles de retarder leur mise en service. La Direction des \u00e9quipements publics, en coordination avec les services concern\u00e9s et les bureaux d'\u00e9tudes,","twitter:image":"https:\/\/lasentinelle.dz\/wp-content\/uploads\/2021\/09\/cropped-la-sentinelle-earth-golden-anima-5.gif"},"aioseo_meta_data":{"post_id":"94716","title":null,"description":null,"keywords":null,"keyphrases":{"focus":{"keyphrase":"","score":0,"analysis":{"keyphraseInTitle":{"score":0,"maxScore":9,"error":1}}},"additional":[]},"primary_term":null,"canonical_url":null,"og_title":null,"og_description":null,"og_object_type":"default","og_image_type":"default","og_image_url":null,"og_image_width":null,"og_image_height":null,"og_image_custom_url":null,"og_image_custom_fields":null,"og_video":"","og_custom_url":null,"og_article_section":null,"og_article_tags":null,"twitter_use_og":false,"twitter_card":"default","twitter_image_type":"default","twitter_image_url":null,"twitter_image_custom_url":null,"twitter_image_custom_fields":null,"twitter_title":null,"twitter_description":null,"schema":{"blockGraphs":[],"customGraphs":[],"default":{"data":{"Article":[],"Course":[],"Dataset":[],"FAQPage":[],"Movie":[],"Person":[],"Product":[],"ProductReview":[],"Car":[],"Recipe":[],"Service":[],"SoftwareApplication":[],"WebPage":[]},"graphName":"BlogPosting","isEnabled":true},"graphs":[]},"schema_type":"default","schema_type_options":null,"pillar_content":false,"robots_default":true,"robots_noindex":false,"robots_noarchive":false,"robots_nosnippet":false,"robots_nofollow":false,"robots_noimageindex":false,"robots_noodp":false,"robots_notranslate":false,"robots_max_snippet":"-1","robots_max_videopreview":"-1","robots_max_imagepreview":"large","priority":null,"frequency":"default","local_seo":null,"breadcrumb_settings":null,"limit_modified_date":false,"ai":{"faqs":[],"keyPoints":[],"schemas":[],"titles":[],"descriptions":[],"socialPosts":{"email":{"subject":"","preview":"","content":""},"linkedin":[],"twitter":[],"facebook":[],"instagram":[]}},"created":"2026-09-01 09:52:36","updated":"2026-09-01 10:57:38","focus_keyword":null,"additional_keywords":null,"truseo_locale":null,"seo_analyzer_scan_date":null},"aioseo_breadcrumb":"<div class=\"aioseo-breadcrumbs\"><span class=\"aioseo-breadcrumb\">\n\t\t\t<a href=\"https:\/\/lasentinelle.dz\" title=\"Home\">Home<\/a>\n\t\t<\/span><span class=\"aioseo-breadcrumb-separator\">&raquo;<\/span><span class=\"aioseo-breadcrumb\">\n\t\t\t<a href=\"https:\/\/lasentinelle.dz\/index.php\/category\/regions\/\" title=\"R\u00e9gions\">R\u00e9gions<\/a>\n\t\t<\/span><span class=\"aioseo-breadcrumb-separator\">&raquo;<\/span><span class=\"aioseo-breadcrumb\">\n\t\t\tEl Tarf : De nouvelles infrastructures pour la rentr\u00e9e\n\t\t<\/span><\/div>","aioseo_breadcrumb_json":[{"label":"Home","link":"https:\/\/lasentinelle.dz"},{"label":"R\u00e9gions","link":"https:\/\/lasentinelle.dz\/index.php\/category\/regions\/"},{"label":"El Tarf\u00a0: De nouvelles infrastructures pour la rentr\u00e9e","link":"https:\/\/lasentinelle.dz\/index.php\/2026\/09\/01\/el-tarf-de-nouvelles-infrastructures-pour-la-rentree\/"}],"yoast_head":"<!-- This site is optimized with the Yoast SEO plugin v28.3 - https:\/\/yoast.com\/product\/yoast-seo-wordpress\/ -->\n<title>El Tarf\u00a0: De nouvelles infrastructures pour la rentr\u00e9e - La Sentinelle<\/title>\n<meta name=\"robots\" content=\"index, follow, max-snippet:-1, max-image-preview:large, max-video-preview:-1\" \/>\n<link rel=\"canonical\" href=\"https:\/\/lasentinelle.dz\/index.php\/2026\/09\/01\/el-tarf-de-nouvelles-infrastructures-pour-la-rentree\/\" \/>\n<meta property=\"og:locale\" content=\"fr_FR\" \/>\n<meta property=\"og:type\" content=\"article\" \/>\n<meta property=\"og:title\" content=\"El Tarf\u00a0: De nouvelles infrastructures pour la rentr\u00e9e - La Sentinelle\" \/>\n<meta property=\"og:description\" content=\"\u00c0 El Tarf, la rentr\u00e9e scolaire se pr\u00e9pare aussi sur les chantiers. Les services de l&rsquo;ex\u00e9cutif poursuivent leurs visites d&rsquo;inspection\" \/>\n<meta property=\"og:url\" content=\"https:\/\/lasentinelle.dz\/index.php\/2026\/09\/01\/el-tarf-de-nouvelles-infrastructures-pour-la-rentree\/\" \/>\n<meta property=\"og:site_name\" content=\"La Sentinelle\" \/>\n<meta property=\"article:publisher\" content=\"https:\/\/www.facebook.com\/La-Sentinelle-104059864394773\" \/>\n<meta property=\"article:published_time\" content=\"2026-09-01T09:52:33+00:00\" \/>\n<meta property=\"article:modified_time\" content=\"2026-09-01T09:52:36+00:00\" \/>\n<meta property=\"og:image\" content=\"https:\/\/lasentinelle.dz\/wp-content\/uploads\/2026\/08\/chantier-ecole.jpg\" \/>\n\t<meta property=\"og:image:width\" content=\"1080\" \/>\n\t<meta property=\"og:image:height\" content=\"810\" \/>\n\t<meta property=\"og:image:type\" content=\"image\/jpeg\" \/>\n<meta name=\"author\" content=\"admin\" \/>\n<meta name=\"twitter:card\" content=\"summary_large_image\" \/>\n<meta name=\"twitter:label1\" content=\"\u00c9crit par\" \/>\n\t<meta name=\"twitter:data1\" content=\"admin\" \/>\n\t<meta name=\"twitter:label2\" content=\"Dur\u00e9e de lecture estim\u00e9e\" \/>\n\t<meta name=\"twitter:data2\" content=\"3 minutes\" \/>\n<script type=\"application\/ld+json\" class=\"yoast-schema-graph\">{\"@context\":\"https:\\\/\\\/schema.org\",\"@graph\":[{\"@type\":\"Article\",\"@id\":\"https:\\\/\\\/lasentinelle.dz\\\/index.php\\\/2026\\\/09\\\/01\\\/el-tarf-de-nouvelles-infrastructures-pour-la-rentree\\\/#article\",\"isPartOf\":{\"@id\":\"https:\\\/\\\/lasentinelle.dz\\\/index.php\\\/2026\\\/09\\\/01\\\/el-tarf-de-nouvelles-infrastructures-pour-la-rentree\\\/\"},\"author\":{\"name\":\"admin\",\"@id\":\"https:\\\/\\\/lasentinelle.dz\\\/#\\\/schema\\\/person\\\/729ee0024f24e0b8c5ec17232f8e8b41\"},\"headline\":\"El Tarf\u00a0: De nouvelles infrastructures pour la rentr\u00e9e\",\"datePublished\":\"2026-09-01T09:52:33+00:00\",\"dateModified\":\"2026-09-01T09:52:36+00:00\",\"mainEntityOfPage\":{\"@id\":\"https:\\\/\\\/lasentinelle.dz\\\/index.php\\\/2026\\\/09\\\/01\\\/el-tarf-de-nouvelles-infrastructures-pour-la-rentree\\\/\"},\"wordCount\":619,\"commentCount\":0,\"publisher\":{\"@id\":\"https:\\\/\\\/lasentinelle.dz\\\/#organization\"},\"image\":{\"@id\":\"https:\\\/\\\/lasentinelle.dz\\\/index.php\\\/2026\\\/09\\\/01\\\/el-tarf-de-nouvelles-infrastructures-pour-la-rentree\\\/#primaryimage\"},\"thumbnailUrl\":\"https:\\\/\\\/lasentinelle.dz\\\/wp-content\\\/uploads\\\/2026\\\/08\\\/chantier-ecole.jpg\",\"articleSection\":[\"R\u00e9gions\"],\"inLanguage\":\"fr-FR\",\"potentialAction\":[{\"@type\":\"CommentAction\",\"name\":\"Comment\",\"target\":[\"https:\\\/\\\/lasentinelle.dz\\\/index.php\\\/2026\\\/09\\\/01\\\/el-tarf-de-nouvelles-infrastructures-pour-la-rentree\\\/#respond\"]}]},{\"@type\":\"WebPage\",\"@id\":\"https:\\\/\\\/lasentinelle.dz\\\/index.php\\\/2026\\\/09\\\/01\\\/el-tarf-de-nouvelles-infrastructures-pour-la-rentree\\\/\",\"url\":\"https:\\\/\\\/lasentinelle.dz\\\/index.php\\\/2026\\\/09\\\/01\\\/el-tarf-de-nouvelles-infrastructures-pour-la-rentree\\\/\",\"name\":\"El Tarf\u00a0: De nouvelles infrastructures pour la rentr\u00e9e - La Sentinelle\",\"isPartOf\":{\"@id\":\"https:\\\/\\\/lasentinelle.dz\\\/#website\"},\"primaryImageOfPage\":{\"@id\":\"https:\\\/\\\/lasentinelle.dz\\\/index.php\\\/2026\\\/09\\\/01\\\/el-tarf-de-nouvelles-infrastructures-pour-la-rentree\\\/#primaryimage\"},\"image\":{\"@id\":\"https:\\\/\\\/lasentinelle.dz\\\/index.php\\\/2026\\\/09\\\/01\\\/el-tarf-de-nouvelles-infrastructures-pour-la-rentree\\\/#primaryimage\"},\"thumbnailUrl\":\"https:\\\/\\\/lasentinelle.dz\\\/wp-content\\\/uploads\\\/2026\\\/08\\\/chantier-ecole.jpg\",\"datePublished\":\"2026-09-01T09:52:33+00:00\",\"dateModified\":\"2026-09-01T09:52:36+00:00\",\"breadcrumb\":{\"@id\":\"https:\\\/\\\/lasentinelle.dz\\\/index.php\\\/2026\\\/09\\\/01\\\/el-tarf-de-nouvelles-infrastructures-pour-la-rentree\\\/#breadcrumb\"},\"inLanguage\":\"fr-FR\",\"potentialAction\":[{\"@type\":\"ReadAction\",\"target\":[\"https:\\\/\\\/lasentinelle.dz\\\/index.php\\\/2026\\\/09\\\/01\\\/el-tarf-de-nouvelles-infrastructures-pour-la-rentree\\\/\"]}]},{\"@type\":\"ImageObject\",\"inLanguage\":\"fr-FR\",\"@id\":\"https:\\\/\\\/lasentinelle.dz\\\/index.php\\\/2026\\\/09\\\/01\\\/el-tarf-de-nouvelles-infrastructures-pour-la-rentree\\\/#primaryimage\",\"url\":\"https:\\\/\\\/lasentinelle.dz\\\/wp-content\\\/uploads\\\/2026\\\/08\\\/chantier-ecole.jpg\",\"contentUrl\":\"https:\\\/\\\/lasentinelle.dz\\\/wp-content\\\/uploads\\\/2026\\\/08\\\/chantier-ecole.jpg\",\"width\":1080,\"height\":810},{\"@type\":\"BreadcrumbList\",\"@id\":\"https:\\\/\\\/lasentinelle.dz\\\/index.php\\\/2026\\\/09\\\/01\\\/el-tarf-de-nouvelles-infrastructures-pour-la-rentree\\\/#breadcrumb\",\"itemListElement\":[{\"@type\":\"ListItem\",\"position\":1,\"name\":\"Accueil\",\"item\":\"https:\\\/\\\/lasentinelle.dz\\\/\"},{\"@type\":\"ListItem\",\"position\":2,\"name\":\"El Tarf\u00a0: De nouvelles infrastructures pour la rentr\u00e9e\"}]},{\"@type\":\"WebSite\",\"@id\":\"https:\\\/\\\/lasentinelle.dz\\\/#website\",\"url\":\"https:\\\/\\\/lasentinelle.dz\\\/\",\"name\":\"La Sentinelle\",\"description\":\"Quotidien national d&#039;information\",\"publisher\":{\"@id\":\"https:\\\/\\\/lasentinelle.dz\\\/#organization\"},\"potentialAction\":[{\"@type\":\"SearchAction\",\"target\":{\"@type\":\"EntryPoint\",\"urlTemplate\":\"https:\\\/\\\/lasentinelle.dz\\\/?s={search_term_string}\"},\"query-input\":{\"@type\":\"PropertyValueSpecification\",\"valueRequired\":true,\"valueName\":\"search_term_string\"}}],\"inLanguage\":\"fr-FR\"},{\"@type\":\"Organization\",\"@id\":\"https:\\\/\\\/lasentinelle.dz\\\/#organization\",\"name\":\"Quotidien La Sentinelle\",\"url\":\"https:\\\/\\\/lasentinelle.dz\\\/\",\"logo\":{\"@type\":\"ImageObject\",\"inLanguage\":\"fr-FR\",\"@id\":\"https:\\\/\\\/lasentinelle.dz\\\/#\\\/schema\\\/logo\\\/image\\\/\",\"url\":\"https:\\\/\\\/lasentinelle.dz\\\/wp-content\\\/uploads\\\/2021\\\/09\\\/logo-sentinelleSLOGAN-1.png\",\"contentUrl\":\"https:\\\/\\\/lasentinelle.dz\\\/wp-content\\\/uploads\\\/2021\\\/09\\\/logo-sentinelleSLOGAN-1.png\",\"width\":615,\"height\":142,\"caption\":\"Quotidien La Sentinelle\"},\"image\":{\"@id\":\"https:\\\/\\\/lasentinelle.dz\\\/#\\\/schema\\\/logo\\\/image\\\/\"},\"sameAs\":[\"https:\\\/\\\/www.facebook.com\\\/La-Sentinelle-104059864394773\"]},{\"@type\":\"Person\",\"@id\":\"https:\\\/\\\/lasentinelle.dz\\\/#\\\/schema\\\/person\\\/729ee0024f24e0b8c5ec17232f8e8b41\",\"name\":\"admin\",\"image\":{\"@type\":\"ImageObject\",\"inLanguage\":\"fr-FR\",\"@id\":\"https:\\\/\\\/secure.gravatar.com\\\/avatar\\\/4c81fed838786e9b53f540bf46533e750f5d292099ae3b66cfc6fb1982e29df7?s=96&d=mm&r=g\",\"url\":\"https:\\\/\\\/secure.gravatar.com\\\/avatar\\\/4c81fed838786e9b53f540bf46533e750f5d292099ae3b66cfc6fb1982e29df7?s=96&d=mm&r=g\",\"contentUrl\":\"https:\\\/\\\/secure.gravatar.com\\\/avatar\\\/4c81fed838786e9b53f540bf46533e750f5d292099ae3b66cfc6fb1982e29df7?s=96&d=mm&r=g\",\"caption\":\"admin\"},\"description\":\"admin\",\"url\":\"https:\\\/\\\/lasentinelle.dz\\\/author\\\/admin\\\/\"}]}<\/script>\n<!-- \/ Yoast SEO plugin. -->","yoast_head_json":{"title":"El Tarf\u00a0: De nouvelles infrastructures pour la rentr\u00e9e - La Sentinelle","robots":{"index":"index","follow":"follow","max-snippet":"max-snippet:-1","max-image-preview":"max-image-preview:large","max-video-preview":"max-video-preview:-1"},"canonical":"https:\/\/lasentinelle.dz\/index.php\/2026\/09\/01\/el-tarf-de-nouvelles-infrastructures-pour-la-rentree\/","og_locale":"fr_FR","og_type":"article","og_title":"El Tarf\u00a0: De nouvelles infrastructures pour la rentr\u00e9e - La Sentinelle","og_description":"\u00c0 El Tarf, la rentr\u00e9e scolaire se pr\u00e9pare aussi sur les chantiers. Les services de l&rsquo;ex\u00e9cutif poursuivent leurs visites d&rsquo;inspection","og_url":"https:\/\/lasentinelle.dz\/index.php\/2026\/09\/01\/el-tarf-de-nouvelles-infrastructures-pour-la-rentree\/","og_site_name":"La Sentinelle","article_publisher":"https:\/\/www.facebook.com\/La-Sentinelle-104059864394773","article_published_time":"2026-09-01T09:52:33+00:00","article_modified_time":"2026-09-01T09:52:36+00:00","og_image":[{"width":1080,"height":810,"url":"https:\/\/lasentinelle.dz\/wp-content\/uploads\/2026\/08\/chantier-ecole.jpg","type":"image\/jpeg"}],"author":"admin","twitter_card":"summary_large_image","twitter_misc":{"\u00c9crit par":"admin","Dur\u00e9e de lecture estim\u00e9e":"3 minutes"},"schema":{"@context":"https:\/\/schema.org","@graph":[{"@type":"Article","@id":"https:\/\/lasentinelle.dz\/index.php\/2026\/09\/01\/el-tarf-de-nouvelles-infrastructures-pour-la-rentree\/#article","isPartOf":{"@id":"https:\/\/lasentinelle.dz\/index.php\/2026\/09\/01\/el-tarf-de-nouvelles-infrastructures-pour-la-rentree\/"},"author":{"name":"admin","@id":"https:\/\/lasentinelle.dz\/#\/schema\/person\/729ee0024f24e0b8c5ec17232f8e8b41"},"headline":"El Tarf\u00a0: De nouvelles infrastructures pour la rentr\u00e9e","datePublished":"2026-09-01T09:52:33+00:00","dateModified":"2026-09-01T09:52:36+00:00","mainEntityOfPage":{"@id":"https:\/\/lasentinelle.dz\/index.php\/2026\/09\/01\/el-tarf-de-nouvelles-infrastructures-pour-la-rentree\/"},"wordCount":619,"commentCount":0,"publisher":{"@id":"https:\/\/lasentinelle.dz\/#organization"},"image":{"@id":"https:\/\/lasentinelle.dz\/index.php\/2026\/09\/01\/el-tarf-de-nouvelles-infrastructures-pour-la-rentree\/#primaryimage"},"thumbnailUrl":"https:\/\/lasentinelle.dz\/wp-content\/uploads\/2026\/08\/chantier-ecole.jpg","articleSection":["R\u00e9gions"],"inLanguage":"fr-FR","potentialAction":[{"@type":"CommentAction","name":"Comment","target":["https:\/\/lasentinelle.dz\/index.php\/2026\/09\/01\/el-tarf-de-nouvelles-infrastructures-pour-la-rentree\/#respond"]}]},{"@type":"WebPage","@id":"https:\/\/lasentinelle.dz\/index.php\/2026\/09\/01\/el-tarf-de-nouvelles-infrastructures-pour-la-rentree\/","url":"https:\/\/lasentinelle.dz\/index.php\/2026\/09\/01\/el-tarf-de-nouvelles-infrastructures-pour-la-rentree\/","name":"El Tarf\u00a0: De nouvelles infrastructures pour la rentr\u00e9e - La Sentinelle","isPartOf":{"@id":"https:\/\/lasentinelle.dz\/#website"},"primaryImageOfPage":{"@id":"https:\/\/lasentinelle.dz\/index.php\/2026\/09\/01\/el-tarf-de-nouvelles-infrastructures-pour-la-rentree\/#primaryimage"},"image":{"@id":"https:\/\/lasentinelle.dz\/index.php\/2026\/09\/01\/el-tarf-de-nouvelles-infrastructures-pour-la-rentree\/#primaryimage"},"thumbnailUrl":"https:\/\/lasentinelle.dz\/wp-content\/uploads\/2026\/08\/chantier-ecole.jpg","datePublished":"2026-09-01T09:52:33+00:00","dateModified":"2026-09-01T09:52:36+00:00","breadcrumb":{"@id":"https:\/\/lasentinelle.dz\/index.php\/2026\/09\/01\/el-tarf-de-nouvelles-infrastructures-pour-la-rentree\/#breadcrumb"},"inLanguage":"fr-FR","potentialAction":[{"@type":"ReadAction","target":["https:\/\/lasentinelle.dz\/index.php\/2026\/09\/01\/el-tarf-de-nouvelles-infrastructures-pour-la-rentree\/"]}]},{"@type":"ImageObject","inLanguage":"fr-FR","@id":"https:\/\/lasentinelle.dz\/index.php\/2026\/09\/01\/el-tarf-de-nouvelles-infrastructures-pour-la-rentree\/#primaryimage","url":"https:\/\/lasentinelle.dz\/wp-content\/uploads\/2026\/08\/chantier-ecole.jpg","contentUrl":"https:\/\/lasentinelle.dz\/wp-content\/uploads\/2026\/08\/chantier-ecole.jpg","width":1080,"height":810},{"@type":"BreadcrumbList","@id":"https:\/\/lasentinelle.dz\/index.php\/2026\/09\/01\/el-tarf-de-nouvelles-infrastructures-pour-la-rentree\/#breadcrumb","itemListElement":[{"@type":"ListItem","position":1,"name":"Accueil","item":"https:\/\/lasentinelle.dz\/"},{"@type":"ListItem","position":2,"name":"El Tarf\u00a0: De nouvelles infrastructures pour la rentr\u00e9e"}]},{"@type":"WebSite","@id":"https:\/\/lasentinelle.dz\/#website","url":"https:\/\/lasentinelle.dz\/","name":"La Sentinelle","description":"Quotidien national d&#039;information","publisher":{"@id":"https:\/\/lasentinelle.dz\/#organization"},"potentialAction":[{"@type":"SearchAction","target":{"@type":"EntryPoint","urlTemplate":"https:\/\/lasentinelle.dz\/?s={search_term_string}"},"query-input":{"@type":"PropertyValueSpecification","valueRequired":true,"valueName":"search_term_string"}}],"inLanguage":"fr-FR"},{"@type":"Organization","@id":"https:\/\/lasentinelle.dz\/#organization","name":"Quotidien La Sentinelle","url":"https:\/\/lasentinelle.dz\/","logo":{"@type":"ImageObject","inLanguage":"fr-FR","@id":"https:\/\/lasentinelle.dz\/#\/schema\/logo\/image\/","url":"https:\/\/lasentinelle.dz\/wp-content\/uploads\/2021\/09\/logo-sentinelleSLOGAN-1.png","contentUrl":"https:\/\/lasentinelle.dz\/wp-content\/uploads\/2021\/09\/logo-sentinelleSLOGAN-1.png","width":615,"height":142,"caption":"Quotidien La Sentinelle"},"image":{"@id":"https:\/\/lasentinelle.dz\/#\/schema\/logo\/image\/"},"sameAs":["https:\/\/www.facebook.com\/La-Sentinelle-104059864394773"]},{"@type":"Person","@id":"https:\/\/lasentinelle.dz\/#\/schema\/person\/729ee0024f24e0b8c5ec17232f8e8b41","name":"admin","image":{"@type":"ImageObject","inLanguage":"fr-FR","@id":"https:\/\/secure.gravatar.com\/avatar\/4c81fed838786e9b53f540bf46533e750f5d292099ae3b66cfc6fb1982e29df7?s=96&d=mm&r=g","url":"https:\/\/secure.gravatar.com\/avatar\/4c81fed838786e9b53f540bf46533e750f5d292099ae3b66cfc6fb1982e29df7?s=96&d=mm&r=g","contentUrl":"https:\/\/secure.gravatar.com\/avatar\/4c81fed838786e9b53f540bf46533e750f5d292099ae3b66cfc6fb1982e29df7?s=96&d=mm&r=g","caption":"admin"},"description":"admin","url":"https:\/\/lasentinelle.dz\/author\/admin\/"}]}},"_links":{"self":[{"href":"https:\/\/lasentinelle.dz\/index.php\/wp-json\/wp\/v2\/posts\/94716","targetHints":{"allow":["GET"]}}],"collection":[{"href":"https:\/\/lasentinelle.dz\/index.php\/wp-json\/wp\/v2\/posts"}],"about":[{"href":"https:\/\/lasentinelle.dz\/index.php\/wp-json\/wp\/v2\/types\/post"}],"author":[{"embeddable":true,"href":"https:\/\/lasentinelle.dz\/index.php\/wp-json\/wp\/v2\/users\/6"}],"replies":[{"embeddable":true,"href":"https:\/\/lasentinelle.dz\/index.php\/wp-json\/wp\/v2\/comments?post=94716"}],"version-history":[{"count":1,"href":"https:\/\/lasentinelle.dz\/index.php\/wp-json\/wp\/v2\/posts\/94716\/revisions"}],"predecessor-version":[{"id":94717,"href":"https:\/\/lasentinelle.dz\/index.php\/wp-json\/wp\/v2\/posts\/94716\/revisions\/94717"}],"wp:featuredmedia":[{"embeddable":true,"href":"https:\/\/lasentinelle.dz\/index.php\/wp-json\/wp\/v2\/media\/93640"}],"wp:attachment":[{"href":"https:\/\/lasentinelle.dz\/index.php\/wp-json\/wp\/v2\/media?parent=94716"}],"wp:term":[{"taxonomy":"category","embeddable":true,"href":"https:\/\/lasentinelle.dz\/index.php\/wp-json\/wp\/v2\/categories?post=94716"},{"taxonomy":"post_tag","embeddable":true,"href":"https:\/\/lasentinelle.dz\/index.php\/wp-json\/wp\/v2\/tags?post=94716"}],"curies":[{"name":"wp","href":"https:\/\/api.w.org\/{rel}","templated":true}]}}