{"id":94724,"date":"2026-09-01T10:57:22","date_gmt":"2026-09-01T09:57:22","guid":{"rendered":"https:\/\/lasentinelle.dz\/?p=94724"},"modified":"2026-09-01T10:57:25","modified_gmt":"2026-09-01T09:57:25","slug":"pour-renforcer-le-transport-trois-nouvelles-gares-routieres-en-realisation-a-khenchela","status":"publish","type":"post","link":"https:\/\/lasentinelle.dz\/index.php\/2026\/09\/01\/pour-renforcer-le-transport-trois-nouvelles-gares-routieres-en-realisation-a-khenchela\/","title":{"rendered":"Pour renforcer le transport\u00a0: Trois nouvelles gares routi\u00e8res en r\u00e9alisation \u00e0 Khenchela"},"content":{"rendered":"\n<p class=\"wp-block-paragraph\">La wilaya de Khenchela s&rsquo;appr\u00eate \u00e0 renforcer ses infrastructures de transport avec la r\u00e9alisation de trois gares routi\u00e8res dans les communes de Babar, Ouled Rechache et A\u00efn Touila. Une \u00e9tude g\u00e9otechnique vient d&rsquo;\u00eatre lanc\u00e9e pour pr\u00e9parer ces projets destin\u00e9s \u00e0 mieux organiser l&rsquo;activit\u00e9 et \u00e0 am\u00e9liorer les conditions d&rsquo;accueil des voyageurs.<\/p>\n\n\n\n<p class=\"wp-block-paragraph\">Le secteur des transports \u00e0 Khenchela devrait conna\u00eetre prochainement un nouveau renforcement de ses infrastructures. La Direction des transports de la wilaya vient, en effet, de lancer des consultations aupr\u00e8s de laboratoires sp\u00e9cialis\u00e9s en g\u00e9otechnique en vue de la r\u00e9alisation de trois gares routi\u00e8res de cat\u00e9gorie \u00ab C \u00bb, au niveau des communes de Babar, Ouled Rechache et A\u00efn Touila. Les prestations recherch\u00e9es concernent des laboratoires disposant d&rsquo;un certificat d&rsquo;accr\u00e9ditation en cours de validit\u00e9, d\u00e9livr\u00e9 par le minist\u00e8re des Travaux publics et des Infrastructures de base ou par le minist\u00e8re de l&rsquo;Habitat, dans le domaine de la g\u00e9otechnique. Cette \u00e9tape constitue un pr\u00e9alable technique indispensable \u00e0 la concr\u00e9tisation des trois \u00e9quipements projet\u00e9s. \u00c0 travers ces projets, les autorit\u00e9s locales ambitionnent notamment de contribuer \u00e0 une meilleure organisation du transport routier de voyageurs et \u00e0 l&rsquo;am\u00e9lioration des conditions de prise en charge des usagers. Ces futures gares devraient \u00e9galement accompagner le d\u00e9veloppement de l&rsquo;activit\u00e9 de transport dans des communes qui constituent des points de passage importants au sein du r\u00e9seau routier de la wilaya.<\/p>\n\n\n\n<p class=\"wp-block-paragraph\">Parall\u00e8lement \u00e0 ce programme d&rsquo;infrastructures, la Direction des transports poursuit ses efforts pour renforcer les lignes connaissant un d\u00e9ficit en moyens de transport et am\u00e9liorer la qualit\u00e9 du service public. Dans ce cadre, 33 lignes de transport routier de voyageurs ont r\u00e9cemment \u00e9t\u00e9 ouvertes \u00e0 l&rsquo;exploitation, couvrant les liaisons interwilayas, intercommunales ainsi que le transport urbain et rural. Pas moins de 85 places sont disponibles pour les op\u00e9rateurs int\u00e9ress\u00e9s. Les postulants doivent pr\u00e9ciser la ligne qu&rsquo;ils souhaitent exploiter et fournir notamment les documents relatifs au v\u00e9hicule propos\u00e9, dont son num\u00e9ro d&rsquo;immatriculation et le proc\u00e8s-verbal de contr\u00f4le technique. La commission charg\u00e9e de l&rsquo;examen des dossiers prendra en consid\u00e9ration plusieurs crit\u00e8res, notamment l&rsquo;ann\u00e9e de mise en circulation du v\u00e9hicule, sa capacit\u00e9 en nombre de places ainsi que son \u00e9tat g\u00e9n\u00e9ral, aussi bien ext\u00e9rieur qu&rsquo;int\u00e9rieur.<\/p>\n\n\n\n<p class=\"wp-block-paragraph\">La Direction des transports a \u00e9galement indiqu\u00e9 que les proc\u00e9dures d&rsquo;attribution des autorisations se poursuivent pour plusieurs lignes, notamment celles reliant Kha\u00efs \u00e0 la wilaya de Batna, ainsi que les dessertes reliant la commune de Khenchela \u00e0 Kha\u00efs, Chechar, Ouled Rechache et A\u00efn Touila. La ligne Kha\u00efs\u2013Yabous figure \u00e9galement parmi les liaisons concern\u00e9es. Les op\u00e9rateurs dont les dossiers ont re\u00e7u un accord de principe ont \u00e9t\u00e9 invit\u00e9s \u00e0 pr\u00e9senter leurs v\u00e9hicules au si\u00e8ge de la Direction des transports afin de proc\u00e9der \u00e0 leur inspection et de compl\u00e9ter les formalit\u00e9s administratives. Ils doivent notamment se munir du proc\u00e8s-verbal de contr\u00f4le technique et de l&rsquo;attestation d&rsquo;assurance. Pour les transporteurs d\u00e9j\u00e0 en activit\u00e9, les services concern\u00e9s proc\u00e9deront auparavant \u00e0 une v\u00e9rification de leur situation et de l&rsquo;exploitation effective des lignes qui leur ont \u00e9t\u00e9 attribu\u00e9es. L&rsquo;objectif est de s&rsquo;assurer du respect des engagements pris avant toute d\u00e9livrance d&rsquo;une nouvelle autorisation. En cas d&rsquo;ajout d&rsquo;un v\u00e9hicule, les r\u00e8gles d&rsquo;exploitation et de programmation devront \u00e9galement \u00eatre respect\u00e9es, notamment l&rsquo;interdiction d&rsquo;attribuer au m\u00eame op\u00e9rateur deux horaires cons\u00e9cutifs.<\/p>\n\n\n\n<p class=\"wp-block-paragraph\">Sur un autre registre, la Direction des transports a r\u00e9cemment lanc\u00e9, en coordination avec les organismes concern\u00e9s, une campagne de sensibilisation destin\u00e9e aux conducteurs de transport collectif de voyageurs et aux chauffeurs de taxis. Cette op\u00e9ration vise \u00e0 renforcer la pr\u00e9vention des accidents de la circulation, particuli\u00e8rement \u00e0 l&rsquo;approche de la saison automnale et de ses \u00e9ventuelles perturbations m\u00e9t\u00e9orologiques.<\/p>\n\n\n\n<p class=\"wp-block-paragraph\">Zakia Merabet<\/p>\n","protected":false},"excerpt":{"rendered":"<p>La wilaya de Khenchela s&rsquo;appr\u00eate \u00e0 renforcer ses infrastructures de transport avec la r\u00e9alisation de trois gares routi\u00e8res dans les<\/p>\n","protected":false},"author":6,"featured_media":94725,"comment_status":"open","ping_status":"closed","sticky":false,"template":"","format":"standard","meta":{"colormag_page_container_layout":"default_layout","colormag_page_sidebar_layout":"default_layout","om_disable_all_campaigns":false,"_monsterinsights_skip_tracking":false,"footnotes":"","_wpscppro_dont_share_socialmedia":false,"_wpscppro_custom_social_share_image":0,"_facebook_share_type":"default","_twitter_share_type":"default","_linkedin_share_type":"default","_pinterest_share_type":"default","_linkedin_share_type_page":"","_instagram_share_type":"default","_medium_share_type":"default","_threads_share_type":"default","_google_business_share_type":"default","_bluesky_share_type":"default","_mastodon_share_type":"default","_selected_social_profile":[],"_wpsp_enable_custom_social_template":false,"_wpsp_social_scheduling":{"enabled":false,"datetime":null,"platforms":[],"status":"template_only","dateOption":"today","timeOption":"now","customDays":"","customHours":"","customDate":"","customTime":"","schedulingType":"absolute"},"_wpsp_active_default_template":true},"categories":[31],"tags":[],"class_list":["post-94724","post","type-post","status-publish","format-standard","has-post-thumbnail","hentry","category-regions"],"aioseo_notices":[],"aioseo_head":"\n\t\t<!-- All in One SEO 5.0.0.1 - aioseo.com -->\n\t<meta name=\"description\" content=\"La wilaya de Khenchela s&#039;appr\u00eate \u00e0 renforcer ses infrastructures de transport avec la r\u00e9alisation de trois gares routi\u00e8res dans les communes de Babar, Ouled Rechache et A\u00efn Touila. Une \u00e9tude g\u00e9otechnique vient d&#039;\u00eatre lanc\u00e9e pour pr\u00e9parer ces projets destin\u00e9s \u00e0 mieux organiser l&#039;activit\u00e9 et \u00e0 am\u00e9liorer les conditions d&#039;accueil des voyageurs. Le secteur des transports\" \/>\n\t<meta name=\"robots\" content=\"max-image-preview:large\" \/>\n\t<meta name=\"author\" content=\"admin\"\/>\n\t<link rel=\"canonical\" href=\"https:\/\/lasentinelle.dz\/index.php\/2026\/09\/01\/pour-renforcer-le-transport-trois-nouvelles-gares-routieres-en-realisation-a-khenchela\/\" \/>\n\t<meta name=\"generator\" content=\"All in One SEO (AIOSEO) 5.0.0.1\" \/>\n\t\t<meta property=\"og:locale\" content=\"fr_FR\" \/>\n\t\t<meta property=\"og:site_name\" content=\"La Sentinelle - Quotidien national d&#039;information\" \/>\n\t\t<meta property=\"og:type\" content=\"article\" \/>\n\t\t<meta property=\"og:title\" content=\"Pour renforcer le transport : Trois nouvelles gares routi\u00e8res en r\u00e9alisation \u00e0 Khenchela - La Sentinelle\" \/>\n\t\t<meta property=\"og:description\" content=\"La wilaya de Khenchela s&#039;appr\u00eate \u00e0 renforcer ses infrastructures de transport avec la r\u00e9alisation de trois gares routi\u00e8res dans les communes de Babar, Ouled Rechache et A\u00efn Touila. Une \u00e9tude g\u00e9otechnique vient d&#039;\u00eatre lanc\u00e9e pour pr\u00e9parer ces projets destin\u00e9s \u00e0 mieux organiser l&#039;activit\u00e9 et \u00e0 am\u00e9liorer les conditions d&#039;accueil des voyageurs. Le secteur des transports\" \/>\n\t\t<meta property=\"og:url\" content=\"https:\/\/lasentinelle.dz\/index.php\/2026\/09\/01\/pour-renforcer-le-transport-trois-nouvelles-gares-routieres-en-realisation-a-khenchela\/\" \/>\n\t\t<meta property=\"og:image\" content=\"https:\/\/lasentinelle.dz\/wp-content\/uploads\/2021\/09\/cropped-la-sentinelle-earth-golden-anima-5.gif\" \/>\n\t\t<meta property=\"og:image:secure_url\" content=\"https:\/\/lasentinelle.dz\/wp-content\/uploads\/2021\/09\/cropped-la-sentinelle-earth-golden-anima-5.gif\" \/>\n\t\t<meta property=\"og:image:width\" content=\"450\" \/>\n\t\t<meta property=\"og:image:height\" content=\"213\" \/>\n\t\t<meta property=\"article:published_time\" content=\"2026-09-01T09:57:22+00:00\" \/>\n\t\t<meta property=\"article:modified_time\" content=\"2026-09-01T09:57:25+00:00\" \/>\n\t\t<meta property=\"article:publisher\" content=\"https:\/\/www.facebook.com\/azzedine.lasentinelle.1\" \/>\n\t\t<meta name=\"twitter:card\" content=\"summary_large_image\" \/>\n\t\t<meta name=\"twitter:title\" content=\"Pour renforcer le transport : Trois nouvelles gares routi\u00e8res en r\u00e9alisation \u00e0 Khenchela - La Sentinelle\" \/>\n\t\t<meta name=\"twitter:description\" content=\"La wilaya de Khenchela s&#039;appr\u00eate \u00e0 renforcer ses infrastructures de transport avec la r\u00e9alisation de trois gares routi\u00e8res dans les communes de Babar, Ouled Rechache et A\u00efn Touila. Une \u00e9tude g\u00e9otechnique vient d&#039;\u00eatre lanc\u00e9e pour pr\u00e9parer ces projets destin\u00e9s \u00e0 mieux organiser l&#039;activit\u00e9 et \u00e0 am\u00e9liorer les conditions d&#039;accueil des voyageurs. Le secteur des transports\" \/>\n\t\t<meta name=\"twitter:image\" content=\"https:\/\/lasentinelle.dz\/wp-content\/uploads\/2021\/09\/cropped-la-sentinelle-earth-golden-anima-5.gif\" \/>\n\t\t<script type=\"application\/ld+json\" class=\"aioseo-schema\">\n\t\t\t{\"@context\":\"https:\\\/\\\/schema.org\",\"@graph\":[{\"@type\":\"BlogPosting\",\"@id\":\"https:\\\/\\\/lasentinelle.dz\\\/index.php\\\/2026\\\/09\\\/01\\\/pour-renforcer-le-transport-trois-nouvelles-gares-routieres-en-realisation-a-khenchela\\\/#blogposting\",\"name\":\"Pour renforcer le transport : Trois nouvelles gares routi\\u00e8res en r\\u00e9alisation \\u00e0 Khenchela - La Sentinelle\",\"headline\":\"Pour renforcer le transport\\u00a0: Trois nouvelles gares routi\\u00e8res en r\\u00e9alisation \\u00e0 Khenchela\",\"author\":{\"@id\":\"https:\\\/\\\/lasentinelle.dz\\\/author\\\/admin\\\/#author\"},\"publisher\":{\"@id\":\"https:\\\/\\\/lasentinelle.dz\\\/#organization\"},\"image\":{\"@type\":\"ImageObject\",\"url\":\"https:\\\/\\\/lasentinelle.dz\\\/wp-content\\\/uploads\\\/2026\\\/09\\\/gare-khenchela.jpg\",\"width\":960,\"height\":720},\"datePublished\":\"2026-09-01T10:57:22+01:00\",\"dateModified\":\"2026-09-01T10:57:25+01:00\",\"inLanguage\":\"fr-FR\",\"mainEntityOfPage\":{\"@id\":\"https:\\\/\\\/lasentinelle.dz\\\/index.php\\\/2026\\\/09\\\/01\\\/pour-renforcer-le-transport-trois-nouvelles-gares-routieres-en-realisation-a-khenchela\\\/#webpage\"},\"isPartOf\":{\"@id\":\"https:\\\/\\\/lasentinelle.dz\\\/index.php\\\/2026\\\/09\\\/01\\\/pour-renforcer-le-transport-trois-nouvelles-gares-routieres-en-realisation-a-khenchela\\\/#webpage\"},\"articleSection\":\"R\\u00e9gions\"},{\"@type\":\"BreadcrumbList\",\"@id\":\"https:\\\/\\\/lasentinelle.dz\\\/index.php\\\/2026\\\/09\\\/01\\\/pour-renforcer-le-transport-trois-nouvelles-gares-routieres-en-realisation-a-khenchela\\\/#breadcrumblist\",\"itemListElement\":[{\"@type\":\"ListItem\",\"@id\":\"https:\\\/\\\/lasentinelle.dz#listItem\",\"position\":1,\"name\":\"Home\",\"item\":\"https:\\\/\\\/lasentinelle.dz\",\"nextItem\":{\"@type\":\"ListItem\",\"@id\":\"https:\\\/\\\/lasentinelle.dz\\\/index.php\\\/category\\\/regions\\\/#listItem\",\"name\":\"R\\u00e9gions\"}},{\"@type\":\"ListItem\",\"@id\":\"https:\\\/\\\/lasentinelle.dz\\\/index.php\\\/category\\\/regions\\\/#listItem\",\"position\":2,\"name\":\"R\\u00e9gions\",\"item\":\"https:\\\/\\\/lasentinelle.dz\\\/index.php\\\/category\\\/regions\\\/\",\"nextItem\":{\"@type\":\"ListItem\",\"@id\":\"https:\\\/\\\/lasentinelle.dz\\\/index.php\\\/2026\\\/09\\\/01\\\/pour-renforcer-le-transport-trois-nouvelles-gares-routieres-en-realisation-a-khenchela\\\/#listItem\",\"name\":\"Pour renforcer le transport\\u00a0: Trois nouvelles gares routi\\u00e8res en r\\u00e9alisation \\u00e0 Khenchela\"},\"previousItem\":{\"@type\":\"ListItem\",\"@id\":\"https:\\\/\\\/lasentinelle.dz#listItem\",\"name\":\"Home\"}},{\"@type\":\"ListItem\",\"@id\":\"https:\\\/\\\/lasentinelle.dz\\\/index.php\\\/2026\\\/09\\\/01\\\/pour-renforcer-le-transport-trois-nouvelles-gares-routieres-en-realisation-a-khenchela\\\/#listItem\",\"position\":3,\"name\":\"Pour renforcer le transport\\u00a0: Trois nouvelles gares routi\\u00e8res en r\\u00e9alisation \\u00e0 Khenchela\",\"previousItem\":{\"@type\":\"ListItem\",\"@id\":\"https:\\\/\\\/lasentinelle.dz\\\/index.php\\\/category\\\/regions\\\/#listItem\",\"name\":\"R\\u00e9gions\"}}]},{\"@type\":\"Organization\",\"@id\":\"https:\\\/\\\/lasentinelle.dz\\\/#organization\",\"name\":\"La Sentinelle La Sentinelle\",\"description\":\"Quotidien national d'information\",\"url\":\"https:\\\/\\\/lasentinelle.dz\\\/\",\"logo\":{\"@type\":\"ImageObject\",\"url\":\"https:\\\/\\\/lasentinelle.dz\\\/wp-content\\\/uploads\\\/2021\\\/09\\\/cropped-la-sentinelle-earth-golden-anima-5.gif\",\"@id\":\"https:\\\/\\\/lasentinelle.dz\\\/index.php\\\/2026\\\/09\\\/01\\\/pour-renforcer-le-transport-trois-nouvelles-gares-routieres-en-realisation-a-khenchela\\\/#organizationLogo\",\"width\":450,\"height\":213},\"image\":{\"@id\":\"https:\\\/\\\/lasentinelle.dz\\\/index.php\\\/2026\\\/09\\\/01\\\/pour-renforcer-le-transport-trois-nouvelles-gares-routieres-en-realisation-a-khenchela\\\/#organizationLogo\"},\"sameAs\":[\"https:\\\/\\\/www.facebook.com\\\/azzedine.lasentinelle.1\"]},{\"@type\":\"Person\",\"@id\":\"https:\\\/\\\/lasentinelle.dz\\\/author\\\/admin\\\/#author\",\"url\":\"https:\\\/\\\/lasentinelle.dz\\\/author\\\/admin\\\/\",\"name\":\"admin\",\"image\":{\"@type\":\"ImageObject\",\"@id\":\"https:\\\/\\\/lasentinelle.dz\\\/index.php\\\/2026\\\/09\\\/01\\\/pour-renforcer-le-transport-trois-nouvelles-gares-routieres-en-realisation-a-khenchela\\\/#authorImage\",\"url\":\"https:\\\/\\\/secure.gravatar.com\\\/avatar\\\/4c81fed838786e9b53f540bf46533e750f5d292099ae3b66cfc6fb1982e29df7?s=96&d=mm&r=g\",\"width\":96,\"height\":96,\"caption\":\"admin\"}},{\"@type\":\"WebPage\",\"@id\":\"https:\\\/\\\/lasentinelle.dz\\\/index.php\\\/2026\\\/09\\\/01\\\/pour-renforcer-le-transport-trois-nouvelles-gares-routieres-en-realisation-a-khenchela\\\/#webpage\",\"url\":\"https:\\\/\\\/lasentinelle.dz\\\/index.php\\\/2026\\\/09\\\/01\\\/pour-renforcer-le-transport-trois-nouvelles-gares-routieres-en-realisation-a-khenchela\\\/\",\"name\":\"Pour renforcer le transport : Trois nouvelles gares routi\\u00e8res en r\\u00e9alisation \\u00e0 Khenchela - La Sentinelle\",\"description\":\"La wilaya de Khenchela s'appr\\u00eate \\u00e0 renforcer ses infrastructures de transport avec la r\\u00e9alisation de trois gares routi\\u00e8res dans les communes de Babar, Ouled Rechache et A\\u00efn Touila. Une \\u00e9tude g\\u00e9otechnique vient d'\\u00eatre lanc\\u00e9e pour pr\\u00e9parer ces projets destin\\u00e9s \\u00e0 mieux organiser l'activit\\u00e9 et \\u00e0 am\\u00e9liorer les conditions d'accueil des voyageurs. Le secteur des transports\",\"inLanguage\":\"fr-FR\",\"isPartOf\":{\"@id\":\"https:\\\/\\\/lasentinelle.dz\\\/#website\"},\"breadcrumb\":{\"@id\":\"https:\\\/\\\/lasentinelle.dz\\\/index.php\\\/2026\\\/09\\\/01\\\/pour-renforcer-le-transport-trois-nouvelles-gares-routieres-en-realisation-a-khenchela\\\/#breadcrumblist\"},\"author\":{\"@id\":\"https:\\\/\\\/lasentinelle.dz\\\/author\\\/admin\\\/#author\"},\"creator\":{\"@id\":\"https:\\\/\\\/lasentinelle.dz\\\/author\\\/admin\\\/#author\"},\"image\":{\"@type\":\"ImageObject\",\"url\":\"https:\\\/\\\/lasentinelle.dz\\\/wp-content\\\/uploads\\\/2026\\\/09\\\/gare-khenchela.jpg\",\"@id\":\"https:\\\/\\\/lasentinelle.dz\\\/index.php\\\/2026\\\/09\\\/01\\\/pour-renforcer-le-transport-trois-nouvelles-gares-routieres-en-realisation-a-khenchela\\\/#mainImage\",\"width\":960,\"height\":720},\"primaryImageOfPage\":{\"@id\":\"https:\\\/\\\/lasentinelle.dz\\\/index.php\\\/2026\\\/09\\\/01\\\/pour-renforcer-le-transport-trois-nouvelles-gares-routieres-en-realisation-a-khenchela\\\/#mainImage\"},\"datePublished\":\"2026-09-01T10:57:22+01:00\",\"dateModified\":\"2026-09-01T10:57:25+01:00\"},{\"@type\":\"WebSite\",\"@id\":\"https:\\\/\\\/lasentinelle.dz\\\/#website\",\"url\":\"https:\\\/\\\/lasentinelle.dz\\\/\",\"name\":\"La Sentinelle\",\"description\":\"Quotidien national d'information\",\"inLanguage\":\"fr-FR\",\"publisher\":{\"@id\":\"https:\\\/\\\/lasentinelle.dz\\\/#organization\"}}]}\n\t\t<\/script>\n\t\t<!-- All in One SEO -->\n\n","aioseo_head_json":{"title":"Pour renforcer le transport : Trois nouvelles gares routi\u00e8res en r\u00e9alisation \u00e0 Khenchela - La Sentinelle","description":"La wilaya de Khenchela s'appr\u00eate \u00e0 renforcer ses infrastructures de transport avec la r\u00e9alisation de trois gares routi\u00e8res dans les communes de Babar, Ouled Rechache et A\u00efn Touila. Une \u00e9tude g\u00e9otechnique vient d'\u00eatre lanc\u00e9e pour pr\u00e9parer ces projets destin\u00e9s \u00e0 mieux organiser l'activit\u00e9 et \u00e0 am\u00e9liorer les conditions d'accueil des voyageurs. Le secteur des transports","canonical_url":"https:\/\/lasentinelle.dz\/index.php\/2026\/09\/01\/pour-renforcer-le-transport-trois-nouvelles-gares-routieres-en-realisation-a-khenchela\/","robots":"max-image-preview:large","keywords":"","webmasterTools":{"miscellaneous":""},"schema":{"@context":"https:\/\/schema.org","@graph":[{"@type":"BlogPosting","@id":"https:\/\/lasentinelle.dz\/index.php\/2026\/09\/01\/pour-renforcer-le-transport-trois-nouvelles-gares-routieres-en-realisation-a-khenchela\/#blogposting","name":"Pour renforcer le transport : Trois nouvelles gares routi\u00e8res en r\u00e9alisation \u00e0 Khenchela - La Sentinelle","headline":"Pour renforcer le transport\u00a0: Trois nouvelles gares routi\u00e8res en r\u00e9alisation \u00e0 Khenchela","author":{"@id":"https:\/\/lasentinelle.dz\/author\/admin\/#author"},"publisher":{"@id":"https:\/\/lasentinelle.dz\/#organization"},"image":{"@type":"ImageObject","url":"https:\/\/lasentinelle.dz\/wp-content\/uploads\/2026\/09\/gare-khenchela.jpg","width":960,"height":720},"datePublished":"2026-09-01T10:57:22+01:00","dateModified":"2026-09-01T10:57:25+01:00","inLanguage":"fr-FR","mainEntityOfPage":{"@id":"https:\/\/lasentinelle.dz\/index.php\/2026\/09\/01\/pour-renforcer-le-transport-trois-nouvelles-gares-routieres-en-realisation-a-khenchela\/#webpage"},"isPartOf":{"@id":"https:\/\/lasentinelle.dz\/index.php\/2026\/09\/01\/pour-renforcer-le-transport-trois-nouvelles-gares-routieres-en-realisation-a-khenchela\/#webpage"},"articleSection":"R\u00e9gions"},{"@type":"BreadcrumbList","@id":"https:\/\/lasentinelle.dz\/index.php\/2026\/09\/01\/pour-renforcer-le-transport-trois-nouvelles-gares-routieres-en-realisation-a-khenchela\/#breadcrumblist","itemListElement":[{"@type":"ListItem","@id":"https:\/\/lasentinelle.dz#listItem","position":1,"name":"Home","item":"https:\/\/lasentinelle.dz","nextItem":{"@type":"ListItem","@id":"https:\/\/lasentinelle.dz\/index.php\/category\/regions\/#listItem","name":"R\u00e9gions"}},{"@type":"ListItem","@id":"https:\/\/lasentinelle.dz\/index.php\/category\/regions\/#listItem","position":2,"name":"R\u00e9gions","item":"https:\/\/lasentinelle.dz\/index.php\/category\/regions\/","nextItem":{"@type":"ListItem","@id":"https:\/\/lasentinelle.dz\/index.php\/2026\/09\/01\/pour-renforcer-le-transport-trois-nouvelles-gares-routieres-en-realisation-a-khenchela\/#listItem","name":"Pour renforcer le transport\u00a0: Trois nouvelles gares routi\u00e8res en r\u00e9alisation \u00e0 Khenchela"},"previousItem":{"@type":"ListItem","@id":"https:\/\/lasentinelle.dz#listItem","name":"Home"}},{"@type":"ListItem","@id":"https:\/\/lasentinelle.dz\/index.php\/2026\/09\/01\/pour-renforcer-le-transport-trois-nouvelles-gares-routieres-en-realisation-a-khenchela\/#listItem","position":3,"name":"Pour renforcer le transport\u00a0: Trois nouvelles gares routi\u00e8res en r\u00e9alisation \u00e0 Khenchela","previousItem":{"@type":"ListItem","@id":"https:\/\/lasentinelle.dz\/index.php\/category\/regions\/#listItem","name":"R\u00e9gions"}}]},{"@type":"Organization","@id":"https:\/\/lasentinelle.dz\/#organization","name":"La Sentinelle La Sentinelle","description":"Quotidien national d'information","url":"https:\/\/lasentinelle.dz\/","logo":{"@type":"ImageObject","url":"https:\/\/lasentinelle.dz\/wp-content\/uploads\/2021\/09\/cropped-la-sentinelle-earth-golden-anima-5.gif","@id":"https:\/\/lasentinelle.dz\/index.php\/2026\/09\/01\/pour-renforcer-le-transport-trois-nouvelles-gares-routieres-en-realisation-a-khenchela\/#organizationLogo","width":450,"height":213},"image":{"@id":"https:\/\/lasentinelle.dz\/index.php\/2026\/09\/01\/pour-renforcer-le-transport-trois-nouvelles-gares-routieres-en-realisation-a-khenchela\/#organizationLogo"},"sameAs":["https:\/\/www.facebook.com\/azzedine.lasentinelle.1"]},{"@type":"Person","@id":"https:\/\/lasentinelle.dz\/author\/admin\/#author","url":"https:\/\/lasentinelle.dz\/author\/admin\/","name":"admin","image":{"@type":"ImageObject","@id":"https:\/\/lasentinelle.dz\/index.php\/2026\/09\/01\/pour-renforcer-le-transport-trois-nouvelles-gares-routieres-en-realisation-a-khenchela\/#authorImage","url":"https:\/\/secure.gravatar.com\/avatar\/4c81fed838786e9b53f540bf46533e750f5d292099ae3b66cfc6fb1982e29df7?s=96&d=mm&r=g","width":96,"height":96,"caption":"admin"}},{"@type":"WebPage","@id":"https:\/\/lasentinelle.dz\/index.php\/2026\/09\/01\/pour-renforcer-le-transport-trois-nouvelles-gares-routieres-en-realisation-a-khenchela\/#webpage","url":"https:\/\/lasentinelle.dz\/index.php\/2026\/09\/01\/pour-renforcer-le-transport-trois-nouvelles-gares-routieres-en-realisation-a-khenchela\/","name":"Pour renforcer le transport : Trois nouvelles gares routi\u00e8res en r\u00e9alisation \u00e0 Khenchela - La Sentinelle","description":"La wilaya de Khenchela s'appr\u00eate \u00e0 renforcer ses infrastructures de transport avec la r\u00e9alisation de trois gares routi\u00e8res dans les communes de Babar, Ouled Rechache et A\u00efn Touila. Une \u00e9tude g\u00e9otechnique vient d'\u00eatre lanc\u00e9e pour pr\u00e9parer ces projets destin\u00e9s \u00e0 mieux organiser l'activit\u00e9 et \u00e0 am\u00e9liorer les conditions d'accueil des voyageurs. Le secteur des transports","inLanguage":"fr-FR","isPartOf":{"@id":"https:\/\/lasentinelle.dz\/#website"},"breadcrumb":{"@id":"https:\/\/lasentinelle.dz\/index.php\/2026\/09\/01\/pour-renforcer-le-transport-trois-nouvelles-gares-routieres-en-realisation-a-khenchela\/#breadcrumblist"},"author":{"@id":"https:\/\/lasentinelle.dz\/author\/admin\/#author"},"creator":{"@id":"https:\/\/lasentinelle.dz\/author\/admin\/#author"},"image":{"@type":"ImageObject","url":"https:\/\/lasentinelle.dz\/wp-content\/uploads\/2026\/09\/gare-khenchela.jpg","@id":"https:\/\/lasentinelle.dz\/index.php\/2026\/09\/01\/pour-renforcer-le-transport-trois-nouvelles-gares-routieres-en-realisation-a-khenchela\/#mainImage","width":960,"height":720},"primaryImageOfPage":{"@id":"https:\/\/lasentinelle.dz\/index.php\/2026\/09\/01\/pour-renforcer-le-transport-trois-nouvelles-gares-routieres-en-realisation-a-khenchela\/#mainImage"},"datePublished":"2026-09-01T10:57:22+01:00","dateModified":"2026-09-01T10:57:25+01:00"},{"@type":"WebSite","@id":"https:\/\/lasentinelle.dz\/#website","url":"https:\/\/lasentinelle.dz\/","name":"La Sentinelle","description":"Quotidien national d'information","inLanguage":"fr-FR","publisher":{"@id":"https:\/\/lasentinelle.dz\/#organization"}}]},"og:locale":"fr_FR","og:site_name":"La Sentinelle - Quotidien national d'information","og:type":"article","og:title":"Pour renforcer le transport : Trois nouvelles gares routi\u00e8res en r\u00e9alisation \u00e0 Khenchela - La Sentinelle","og:description":"La wilaya de Khenchela s'appr\u00eate \u00e0 renforcer ses infrastructures de transport avec la r\u00e9alisation de trois gares routi\u00e8res dans les communes de Babar, Ouled Rechache et A\u00efn Touila. Une \u00e9tude g\u00e9otechnique vient d'\u00eatre lanc\u00e9e pour pr\u00e9parer ces projets destin\u00e9s \u00e0 mieux organiser l'activit\u00e9 et \u00e0 am\u00e9liorer les conditions d'accueil des voyageurs. Le secteur des transports","og:url":"https:\/\/lasentinelle.dz\/index.php\/2026\/09\/01\/pour-renforcer-le-transport-trois-nouvelles-gares-routieres-en-realisation-a-khenchela\/","og:image":"https:\/\/lasentinelle.dz\/wp-content\/uploads\/2021\/09\/cropped-la-sentinelle-earth-golden-anima-5.gif","og:image:secure_url":"https:\/\/lasentinelle.dz\/wp-content\/uploads\/2021\/09\/cropped-la-sentinelle-earth-golden-anima-5.gif","og:image:width":450,"og:image:height":213,"article:published_time":"2026-09-01T09:57:22+00:00","article:modified_time":"2026-09-01T09:57:25+00:00","article:publisher":"https:\/\/www.facebook.com\/azzedine.lasentinelle.1","twitter:card":"summary_large_image","twitter:title":"Pour renforcer le transport : Trois nouvelles gares routi\u00e8res en r\u00e9alisation \u00e0 Khenchela - La Sentinelle","twitter:description":"La wilaya de Khenchela s'appr\u00eate \u00e0 renforcer ses infrastructures de transport avec la r\u00e9alisation de trois gares routi\u00e8res dans les communes de Babar, Ouled Rechache et A\u00efn Touila. Une \u00e9tude g\u00e9otechnique vient d'\u00eatre lanc\u00e9e pour pr\u00e9parer ces projets destin\u00e9s \u00e0 mieux organiser l'activit\u00e9 et \u00e0 am\u00e9liorer les conditions d'accueil des voyageurs. Le secteur des transports","twitter:image":"https:\/\/lasentinelle.dz\/wp-content\/uploads\/2021\/09\/cropped-la-sentinelle-earth-golden-anima-5.gif"},"aioseo_meta_data":{"post_id":"94724","title":null,"description":null,"keywords":null,"keyphrases":{"focus":{"keyphrase":"","score":0,"analysis":{"keyphraseInTitle":{"score":0,"maxScore":9,"error":1}}},"additional":[]},"primary_term":null,"canonical_url":null,"og_title":null,"og_description":null,"og_object_type":"default","og_image_type":"default","og_image_url":null,"og_image_width":null,"og_image_height":null,"og_image_custom_url":null,"og_image_custom_fields":null,"og_video":"","og_custom_url":null,"og_article_section":null,"og_article_tags":null,"twitter_use_og":false,"twitter_card":"default","twitter_image_type":"default","twitter_image_url":null,"twitter_image_custom_url":null,"twitter_image_custom_fields":null,"twitter_title":null,"twitter_description":null,"schema":{"blockGraphs":[],"customGraphs":[],"default":{"data":{"Article":[],"Course":[],"Dataset":[],"FAQPage":[],"Movie":[],"Person":[],"Product":[],"ProductReview":[],"Car":[],"Recipe":[],"Service":[],"SoftwareApplication":[],"WebPage":[]},"graphName":"BlogPosting","isEnabled":true},"graphs":[]},"schema_type":"default","schema_type_options":null,"pillar_content":false,"robots_default":true,"robots_noindex":false,"robots_noarchive":false,"robots_nosnippet":false,"robots_nofollow":false,"robots_noimageindex":false,"robots_noodp":false,"robots_notranslate":false,"robots_max_snippet":"-1","robots_max_videopreview":"-1","robots_max_imagepreview":"large","priority":null,"frequency":"default","local_seo":null,"breadcrumb_settings":null,"limit_modified_date":false,"ai":{"faqs":[],"keyPoints":[],"schemas":[],"titles":[],"descriptions":[],"socialPosts":{"email":{"subject":"","preview":"","content":""},"linkedin":[],"twitter":[],"facebook":[],"instagram":[]}},"created":"2026-09-01 09:57:25","updated":"2026-09-01 11:06:29","focus_keyword":null,"additional_keywords":null,"truseo_locale":null,"seo_analyzer_scan_date":null},"aioseo_breadcrumb":"<div class=\"aioseo-breadcrumbs\"><span class=\"aioseo-breadcrumb\">\n\t\t\t<a href=\"https:\/\/lasentinelle.dz\" title=\"Home\">Home<\/a>\n\t\t<\/span><span class=\"aioseo-breadcrumb-separator\">&raquo;<\/span><span class=\"aioseo-breadcrumb\">\n\t\t\t<a href=\"https:\/\/lasentinelle.dz\/index.php\/category\/regions\/\" title=\"R\u00e9gions\">R\u00e9gions<\/a>\n\t\t<\/span><span class=\"aioseo-breadcrumb-separator\">&raquo;<\/span><span class=\"aioseo-breadcrumb\">\n\t\t\tPour renforcer le transport : Trois nouvelles gares routi\u00e8res en r\u00e9alisation \u00e0 Khenchela\n\t\t<\/span><\/div>","aioseo_breadcrumb_json":[{"label":"Home","link":"https:\/\/lasentinelle.dz"},{"label":"R\u00e9gions","link":"https:\/\/lasentinelle.dz\/index.php\/category\/regions\/"},{"label":"Pour renforcer le transport\u00a0: Trois nouvelles gares routi\u00e8res en r\u00e9alisation \u00e0 Khenchela","link":"https:\/\/lasentinelle.dz\/index.php\/2026\/09\/01\/pour-renforcer-le-transport-trois-nouvelles-gares-routieres-en-realisation-a-khenchela\/"}],"yoast_head":"<!-- This site is optimized with the Yoast SEO plugin v28.3 - https:\/\/yoast.com\/product\/yoast-seo-wordpress\/ -->\n<title>Pour renforcer le transport\u00a0: Trois nouvelles gares routi\u00e8res en r\u00e9alisation \u00e0 Khenchela - La Sentinelle<\/title>\n<meta name=\"robots\" content=\"index, follow, max-snippet:-1, max-image-preview:large, max-video-preview:-1\" \/>\n<link rel=\"canonical\" href=\"https:\/\/lasentinelle.dz\/index.php\/2026\/09\/01\/pour-renforcer-le-transport-trois-nouvelles-gares-routieres-en-realisation-a-khenchela\/\" \/>\n<meta property=\"og:locale\" content=\"fr_FR\" \/>\n<meta property=\"og:type\" content=\"article\" \/>\n<meta property=\"og:title\" content=\"Pour renforcer le transport\u00a0: Trois nouvelles gares routi\u00e8res en r\u00e9alisation \u00e0 Khenchela - La Sentinelle\" \/>\n<meta property=\"og:description\" content=\"La wilaya de Khenchela s&rsquo;appr\u00eate \u00e0 renforcer ses infrastructures de transport avec la r\u00e9alisation de trois gares routi\u00e8res dans les\" \/>\n<meta property=\"og:url\" content=\"https:\/\/lasentinelle.dz\/index.php\/2026\/09\/01\/pour-renforcer-le-transport-trois-nouvelles-gares-routieres-en-realisation-a-khenchela\/\" \/>\n<meta property=\"og:site_name\" content=\"La Sentinelle\" \/>\n<meta property=\"article:publisher\" content=\"https:\/\/www.facebook.com\/La-Sentinelle-104059864394773\" \/>\n<meta property=\"article:published_time\" content=\"2026-09-01T09:57:22+00:00\" \/>\n<meta property=\"article:modified_time\" content=\"2026-09-01T09:57:25+00:00\" \/>\n<meta property=\"og:image\" content=\"https:\/\/lasentinelle.dz\/wp-content\/uploads\/2026\/09\/gare-khenchela.jpg\" \/>\n\t<meta property=\"og:image:width\" content=\"960\" \/>\n\t<meta property=\"og:image:height\" content=\"720\" \/>\n\t<meta property=\"og:image:type\" content=\"image\/jpeg\" \/>\n<meta name=\"author\" content=\"admin\" \/>\n<meta name=\"twitter:card\" content=\"summary_large_image\" \/>\n<meta name=\"twitter:label1\" content=\"\u00c9crit par\" \/>\n\t<meta name=\"twitter:data1\" content=\"admin\" \/>\n\t<meta name=\"twitter:label2\" content=\"Dur\u00e9e de lecture estim\u00e9e\" \/>\n\t<meta name=\"twitter:data2\" content=\"4 minutes\" \/>\n<script type=\"application\/ld+json\" class=\"yoast-schema-graph\">{\"@context\":\"https:\\\/\\\/schema.org\",\"@graph\":[{\"@type\":\"Article\",\"@id\":\"https:\\\/\\\/lasentinelle.dz\\\/index.php\\\/2026\\\/09\\\/01\\\/pour-renforcer-le-transport-trois-nouvelles-gares-routieres-en-realisation-a-khenchela\\\/#article\",\"isPartOf\":{\"@id\":\"https:\\\/\\\/lasentinelle.dz\\\/index.php\\\/2026\\\/09\\\/01\\\/pour-renforcer-le-transport-trois-nouvelles-gares-routieres-en-realisation-a-khenchela\\\/\"},\"author\":{\"name\":\"admin\",\"@id\":\"https:\\\/\\\/lasentinelle.dz\\\/#\\\/schema\\\/person\\\/729ee0024f24e0b8c5ec17232f8e8b41\"},\"headline\":\"Pour renforcer le transport\u00a0: Trois nouvelles gares routi\u00e8res en r\u00e9alisation \u00e0 Khenchela\",\"datePublished\":\"2026-09-01T09:57:22+00:00\",\"dateModified\":\"2026-09-01T09:57:25+00:00\",\"mainEntityOfPage\":{\"@id\":\"https:\\\/\\\/lasentinelle.dz\\\/index.php\\\/2026\\\/09\\\/01\\\/pour-renforcer-le-transport-trois-nouvelles-gares-routieres-en-realisation-a-khenchela\\\/\"},\"wordCount\":699,\"commentCount\":0,\"publisher\":{\"@id\":\"https:\\\/\\\/lasentinelle.dz\\\/#organization\"},\"image\":{\"@id\":\"https:\\\/\\\/lasentinelle.dz\\\/index.php\\\/2026\\\/09\\\/01\\\/pour-renforcer-le-transport-trois-nouvelles-gares-routieres-en-realisation-a-khenchela\\\/#primaryimage\"},\"thumbnailUrl\":\"https:\\\/\\\/lasentinelle.dz\\\/wp-content\\\/uploads\\\/2026\\\/09\\\/gare-khenchela.jpg\",\"articleSection\":[\"R\u00e9gions\"],\"inLanguage\":\"fr-FR\",\"potentialAction\":[{\"@type\":\"CommentAction\",\"name\":\"Comment\",\"target\":[\"https:\\\/\\\/lasentinelle.dz\\\/index.php\\\/2026\\\/09\\\/01\\\/pour-renforcer-le-transport-trois-nouvelles-gares-routieres-en-realisation-a-khenchela\\\/#respond\"]}]},{\"@type\":\"WebPage\",\"@id\":\"https:\\\/\\\/lasentinelle.dz\\\/index.php\\\/2026\\\/09\\\/01\\\/pour-renforcer-le-transport-trois-nouvelles-gares-routieres-en-realisation-a-khenchela\\\/\",\"url\":\"https:\\\/\\\/lasentinelle.dz\\\/index.php\\\/2026\\\/09\\\/01\\\/pour-renforcer-le-transport-trois-nouvelles-gares-routieres-en-realisation-a-khenchela\\\/\",\"name\":\"Pour renforcer le transport\u00a0: Trois nouvelles gares routi\u00e8res en r\u00e9alisation \u00e0 Khenchela - La Sentinelle\",\"isPartOf\":{\"@id\":\"https:\\\/\\\/lasentinelle.dz\\\/#website\"},\"primaryImageOfPage\":{\"@id\":\"https:\\\/\\\/lasentinelle.dz\\\/index.php\\\/2026\\\/09\\\/01\\\/pour-renforcer-le-transport-trois-nouvelles-gares-routieres-en-realisation-a-khenchela\\\/#primaryimage\"},\"image\":{\"@id\":\"https:\\\/\\\/lasentinelle.dz\\\/index.php\\\/2026\\\/09\\\/01\\\/pour-renforcer-le-transport-trois-nouvelles-gares-routieres-en-realisation-a-khenchela\\\/#primaryimage\"},\"thumbnailUrl\":\"https:\\\/\\\/lasentinelle.dz\\\/wp-content\\\/uploads\\\/2026\\\/09\\\/gare-khenchela.jpg\",\"datePublished\":\"2026-09-01T09:57:22+00:00\",\"dateModified\":\"2026-09-01T09:57:25+00:00\",\"breadcrumb\":{\"@id\":\"https:\\\/\\\/lasentinelle.dz\\\/index.php\\\/2026\\\/09\\\/01\\\/pour-renforcer-le-transport-trois-nouvelles-gares-routieres-en-realisation-a-khenchela\\\/#breadcrumb\"},\"inLanguage\":\"fr-FR\",\"potentialAction\":[{\"@type\":\"ReadAction\",\"target\":[\"https:\\\/\\\/lasentinelle.dz\\\/index.php\\\/2026\\\/09\\\/01\\\/pour-renforcer-le-transport-trois-nouvelles-gares-routieres-en-realisation-a-khenchela\\\/\"]}]},{\"@type\":\"ImageObject\",\"inLanguage\":\"fr-FR\",\"@id\":\"https:\\\/\\\/lasentinelle.dz\\\/index.php\\\/2026\\\/09\\\/01\\\/pour-renforcer-le-transport-trois-nouvelles-gares-routieres-en-realisation-a-khenchela\\\/#primaryimage\",\"url\":\"https:\\\/\\\/lasentinelle.dz\\\/wp-content\\\/uploads\\\/2026\\\/09\\\/gare-khenchela.jpg\",\"contentUrl\":\"https:\\\/\\\/lasentinelle.dz\\\/wp-content\\\/uploads\\\/2026\\\/09\\\/gare-khenchela.jpg\",\"width\":960,\"height\":720},{\"@type\":\"BreadcrumbList\",\"@id\":\"https:\\\/\\\/lasentinelle.dz\\\/index.php\\\/2026\\\/09\\\/01\\\/pour-renforcer-le-transport-trois-nouvelles-gares-routieres-en-realisation-a-khenchela\\\/#breadcrumb\",\"itemListElement\":[{\"@type\":\"ListItem\",\"position\":1,\"name\":\"Accueil\",\"item\":\"https:\\\/\\\/lasentinelle.dz\\\/\"},{\"@type\":\"ListItem\",\"position\":2,\"name\":\"Pour renforcer le transport\u00a0: Trois nouvelles gares routi\u00e8res en r\u00e9alisation \u00e0 Khenchela\"}]},{\"@type\":\"WebSite\",\"@id\":\"https:\\\/\\\/lasentinelle.dz\\\/#website\",\"url\":\"https:\\\/\\\/lasentinelle.dz\\\/\",\"name\":\"La Sentinelle\",\"description\":\"Quotidien national d&#039;information\",\"publisher\":{\"@id\":\"https:\\\/\\\/lasentinelle.dz\\\/#organization\"},\"potentialAction\":[{\"@type\":\"SearchAction\",\"target\":{\"@type\":\"EntryPoint\",\"urlTemplate\":\"https:\\\/\\\/lasentinelle.dz\\\/?s={search_term_string}\"},\"query-input\":{\"@type\":\"PropertyValueSpecification\",\"valueRequired\":true,\"valueName\":\"search_term_string\"}}],\"inLanguage\":\"fr-FR\"},{\"@type\":\"Organization\",\"@id\":\"https:\\\/\\\/lasentinelle.dz\\\/#organization\",\"name\":\"Quotidien La Sentinelle\",\"url\":\"https:\\\/\\\/lasentinelle.dz\\\/\",\"logo\":{\"@type\":\"ImageObject\",\"inLanguage\":\"fr-FR\",\"@id\":\"https:\\\/\\\/lasentinelle.dz\\\/#\\\/schema\\\/logo\\\/image\\\/\",\"url\":\"https:\\\/\\\/lasentinelle.dz\\\/wp-content\\\/uploads\\\/2021\\\/09\\\/logo-sentinelleSLOGAN-1.png\",\"contentUrl\":\"https:\\\/\\\/lasentinelle.dz\\\/wp-content\\\/uploads\\\/2021\\\/09\\\/logo-sentinelleSLOGAN-1.png\",\"width\":615,\"height\":142,\"caption\":\"Quotidien La Sentinelle\"},\"image\":{\"@id\":\"https:\\\/\\\/lasentinelle.dz\\\/#\\\/schema\\\/logo\\\/image\\\/\"},\"sameAs\":[\"https:\\\/\\\/www.facebook.com\\\/La-Sentinelle-104059864394773\"]},{\"@type\":\"Person\",\"@id\":\"https:\\\/\\\/lasentinelle.dz\\\/#\\\/schema\\\/person\\\/729ee0024f24e0b8c5ec17232f8e8b41\",\"name\":\"admin\",\"image\":{\"@type\":\"ImageObject\",\"inLanguage\":\"fr-FR\",\"@id\":\"https:\\\/\\\/secure.gravatar.com\\\/avatar\\\/4c81fed838786e9b53f540bf46533e750f5d292099ae3b66cfc6fb1982e29df7?s=96&d=mm&r=g\",\"url\":\"https:\\\/\\\/secure.gravatar.com\\\/avatar\\\/4c81fed838786e9b53f540bf46533e750f5d292099ae3b66cfc6fb1982e29df7?s=96&d=mm&r=g\",\"contentUrl\":\"https:\\\/\\\/secure.gravatar.com\\\/avatar\\\/4c81fed838786e9b53f540bf46533e750f5d292099ae3b66cfc6fb1982e29df7?s=96&d=mm&r=g\",\"caption\":\"admin\"},\"description\":\"admin\",\"url\":\"https:\\\/\\\/lasentinelle.dz\\\/author\\\/admin\\\/\"}]}<\/script>\n<!-- \/ Yoast SEO plugin. -->","yoast_head_json":{"title":"Pour renforcer le transport\u00a0: Trois nouvelles gares routi\u00e8res en r\u00e9alisation \u00e0 Khenchela - La Sentinelle","robots":{"index":"index","follow":"follow","max-snippet":"max-snippet:-1","max-image-preview":"max-image-preview:large","max-video-preview":"max-video-preview:-1"},"canonical":"https:\/\/lasentinelle.dz\/index.php\/2026\/09\/01\/pour-renforcer-le-transport-trois-nouvelles-gares-routieres-en-realisation-a-khenchela\/","og_locale":"fr_FR","og_type":"article","og_title":"Pour renforcer le transport\u00a0: Trois nouvelles gares routi\u00e8res en r\u00e9alisation \u00e0 Khenchela - La Sentinelle","og_description":"La wilaya de Khenchela s&rsquo;appr\u00eate \u00e0 renforcer ses infrastructures de transport avec la r\u00e9alisation de trois gares routi\u00e8res dans les","og_url":"https:\/\/lasentinelle.dz\/index.php\/2026\/09\/01\/pour-renforcer-le-transport-trois-nouvelles-gares-routieres-en-realisation-a-khenchela\/","og_site_name":"La Sentinelle","article_publisher":"https:\/\/www.facebook.com\/La-Sentinelle-104059864394773","article_published_time":"2026-09-01T09:57:22+00:00","article_modified_time":"2026-09-01T09:57:25+00:00","og_image":[{"width":960,"height":720,"url":"https:\/\/lasentinelle.dz\/wp-content\/uploads\/2026\/09\/gare-khenchela.jpg","type":"image\/jpeg"}],"author":"admin","twitter_card":"summary_large_image","twitter_misc":{"\u00c9crit par":"admin","Dur\u00e9e de lecture estim\u00e9e":"4 minutes"},"schema":{"@context":"https:\/\/schema.org","@graph":[{"@type":"Article","@id":"https:\/\/lasentinelle.dz\/index.php\/2026\/09\/01\/pour-renforcer-le-transport-trois-nouvelles-gares-routieres-en-realisation-a-khenchela\/#article","isPartOf":{"@id":"https:\/\/lasentinelle.dz\/index.php\/2026\/09\/01\/pour-renforcer-le-transport-trois-nouvelles-gares-routieres-en-realisation-a-khenchela\/"},"author":{"name":"admin","@id":"https:\/\/lasentinelle.dz\/#\/schema\/person\/729ee0024f24e0b8c5ec17232f8e8b41"},"headline":"Pour renforcer le transport\u00a0: Trois nouvelles gares routi\u00e8res en r\u00e9alisation \u00e0 Khenchela","datePublished":"2026-09-01T09:57:22+00:00","dateModified":"2026-09-01T09:57:25+00:00","mainEntityOfPage":{"@id":"https:\/\/lasentinelle.dz\/index.php\/2026\/09\/01\/pour-renforcer-le-transport-trois-nouvelles-gares-routieres-en-realisation-a-khenchela\/"},"wordCount":699,"commentCount":0,"publisher":{"@id":"https:\/\/lasentinelle.dz\/#organization"},"image":{"@id":"https:\/\/lasentinelle.dz\/index.php\/2026\/09\/01\/pour-renforcer-le-transport-trois-nouvelles-gares-routieres-en-realisation-a-khenchela\/#primaryimage"},"thumbnailUrl":"https:\/\/lasentinelle.dz\/wp-content\/uploads\/2026\/09\/gare-khenchela.jpg","articleSection":["R\u00e9gions"],"inLanguage":"fr-FR","potentialAction":[{"@type":"CommentAction","name":"Comment","target":["https:\/\/lasentinelle.dz\/index.php\/2026\/09\/01\/pour-renforcer-le-transport-trois-nouvelles-gares-routieres-en-realisation-a-khenchela\/#respond"]}]},{"@type":"WebPage","@id":"https:\/\/lasentinelle.dz\/index.php\/2026\/09\/01\/pour-renforcer-le-transport-trois-nouvelles-gares-routieres-en-realisation-a-khenchela\/","url":"https:\/\/lasentinelle.dz\/index.php\/2026\/09\/01\/pour-renforcer-le-transport-trois-nouvelles-gares-routieres-en-realisation-a-khenchela\/","name":"Pour renforcer le transport\u00a0: Trois nouvelles gares routi\u00e8res en r\u00e9alisation \u00e0 Khenchela - La Sentinelle","isPartOf":{"@id":"https:\/\/lasentinelle.dz\/#website"},"primaryImageOfPage":{"@id":"https:\/\/lasentinelle.dz\/index.php\/2026\/09\/01\/pour-renforcer-le-transport-trois-nouvelles-gares-routieres-en-realisation-a-khenchela\/#primaryimage"},"image":{"@id":"https:\/\/lasentinelle.dz\/index.php\/2026\/09\/01\/pour-renforcer-le-transport-trois-nouvelles-gares-routieres-en-realisation-a-khenchela\/#primaryimage"},"thumbnailUrl":"https:\/\/lasentinelle.dz\/wp-content\/uploads\/2026\/09\/gare-khenchela.jpg","datePublished":"2026-09-01T09:57:22+00:00","dateModified":"2026-09-01T09:57:25+00:00","breadcrumb":{"@id":"https:\/\/lasentinelle.dz\/index.php\/2026\/09\/01\/pour-renforcer-le-transport-trois-nouvelles-gares-routieres-en-realisation-a-khenchela\/#breadcrumb"},"inLanguage":"fr-FR","potentialAction":[{"@type":"ReadAction","target":["https:\/\/lasentinelle.dz\/index.php\/2026\/09\/01\/pour-renforcer-le-transport-trois-nouvelles-gares-routieres-en-realisation-a-khenchela\/"]}]},{"@type":"ImageObject","inLanguage":"fr-FR","@id":"https:\/\/lasentinelle.dz\/index.php\/2026\/09\/01\/pour-renforcer-le-transport-trois-nouvelles-gares-routieres-en-realisation-a-khenchela\/#primaryimage","url":"https:\/\/lasentinelle.dz\/wp-content\/uploads\/2026\/09\/gare-khenchela.jpg","contentUrl":"https:\/\/lasentinelle.dz\/wp-content\/uploads\/2026\/09\/gare-khenchela.jpg","width":960,"height":720},{"@type":"BreadcrumbList","@id":"https:\/\/lasentinelle.dz\/index.php\/2026\/09\/01\/pour-renforcer-le-transport-trois-nouvelles-gares-routieres-en-realisation-a-khenchela\/#breadcrumb","itemListElement":[{"@type":"ListItem","position":1,"name":"Accueil","item":"https:\/\/lasentinelle.dz\/"},{"@type":"ListItem","position":2,"name":"Pour renforcer le transport\u00a0: Trois nouvelles gares routi\u00e8res en r\u00e9alisation \u00e0 Khenchela"}]},{"@type":"WebSite","@id":"https:\/\/lasentinelle.dz\/#website","url":"https:\/\/lasentinelle.dz\/","name":"La Sentinelle","description":"Quotidien national d&#039;information","publisher":{"@id":"https:\/\/lasentinelle.dz\/#organization"},"potentialAction":[{"@type":"SearchAction","target":{"@type":"EntryPoint","urlTemplate":"https:\/\/lasentinelle.dz\/?s={search_term_string}"},"query-input":{"@type":"PropertyValueSpecification","valueRequired":true,"valueName":"search_term_string"}}],"inLanguage":"fr-FR"},{"@type":"Organization","@id":"https:\/\/lasentinelle.dz\/#organization","name":"Quotidien La Sentinelle","url":"https:\/\/lasentinelle.dz\/","logo":{"@type":"ImageObject","inLanguage":"fr-FR","@id":"https:\/\/lasentinelle.dz\/#\/schema\/logo\/image\/","url":"https:\/\/lasentinelle.dz\/wp-content\/uploads\/2021\/09\/logo-sentinelleSLOGAN-1.png","contentUrl":"https:\/\/lasentinelle.dz\/wp-content\/uploads\/2021\/09\/logo-sentinelleSLOGAN-1.png","width":615,"height":142,"caption":"Quotidien La Sentinelle"},"image":{"@id":"https:\/\/lasentinelle.dz\/#\/schema\/logo\/image\/"},"sameAs":["https:\/\/www.facebook.com\/La-Sentinelle-104059864394773"]},{"@type":"Person","@id":"https:\/\/lasentinelle.dz\/#\/schema\/person\/729ee0024f24e0b8c5ec17232f8e8b41","name":"admin","image":{"@type":"ImageObject","inLanguage":"fr-FR","@id":"https:\/\/secure.gravatar.com\/avatar\/4c81fed838786e9b53f540bf46533e750f5d292099ae3b66cfc6fb1982e29df7?s=96&d=mm&r=g","url":"https:\/\/secure.gravatar.com\/avatar\/4c81fed838786e9b53f540bf46533e750f5d292099ae3b66cfc6fb1982e29df7?s=96&d=mm&r=g","contentUrl":"https:\/\/secure.gravatar.com\/avatar\/4c81fed838786e9b53f540bf46533e750f5d292099ae3b66cfc6fb1982e29df7?s=96&d=mm&r=g","caption":"admin"},"description":"admin","url":"https:\/\/lasentinelle.dz\/author\/admin\/"}]}},"_links":{"self":[{"href":"https:\/\/lasentinelle.dz\/index.php\/wp-json\/wp\/v2\/posts\/94724","targetHints":{"allow":["GET"]}}],"collection":[{"href":"https:\/\/lasentinelle.dz\/index.php\/wp-json\/wp\/v2\/posts"}],"about":[{"href":"https:\/\/lasentinelle.dz\/index.php\/wp-json\/wp\/v2\/types\/post"}],"author":[{"embeddable":true,"href":"https:\/\/lasentinelle.dz\/index.php\/wp-json\/wp\/v2\/users\/6"}],"replies":[{"embeddable":true,"href":"https:\/\/lasentinelle.dz\/index.php\/wp-json\/wp\/v2\/comments?post=94724"}],"version-history":[{"count":1,"href":"https:\/\/lasentinelle.dz\/index.php\/wp-json\/wp\/v2\/posts\/94724\/revisions"}],"predecessor-version":[{"id":94726,"href":"https:\/\/lasentinelle.dz\/index.php\/wp-json\/wp\/v2\/posts\/94724\/revisions\/94726"}],"wp:featuredmedia":[{"embeddable":true,"href":"https:\/\/lasentinelle.dz\/index.php\/wp-json\/wp\/v2\/media\/94725"}],"wp:attachment":[{"href":"https:\/\/lasentinelle.dz\/index.php\/wp-json\/wp\/v2\/media?parent=94724"}],"wp:term":[{"taxonomy":"category","embeddable":true,"href":"https:\/\/lasentinelle.dz\/index.php\/wp-json\/wp\/v2\/categories?post=94724"},{"taxonomy":"post_tag","embeddable":true,"href":"https:\/\/lasentinelle.dz\/index.php\/wp-json\/wp\/v2\/tags?post=94724"}],"curies":[{"name":"wp","href":"https:\/\/api.w.org\/{rel}","templated":true}]}}