{"id":94728,"date":"2026-09-01T10:58:26","date_gmt":"2026-09-01T09:58:26","guid":{"rendered":"https:\/\/lasentinelle.dz\/?p=94728"},"modified":"2026-09-01T10:58:29","modified_gmt":"2026-09-01T09:58:29","slug":"le-gaz-europeen-au-plus-haut-depuis-janvier-2023","status":"publish","type":"post","link":"https:\/\/lasentinelle.dz\/index.php\/2026\/09\/01\/le-gaz-europeen-au-plus-haut-depuis-janvier-2023\/","title":{"rendered":"Le gaz europ\u00e9en au plus haut depuis janvier 2023"},"content":{"rendered":"\n<p class=\"wp-block-paragraph\">Le contrat n\u00e9erlandais TTF, r\u00e9f\u00e9rence du march\u00e9 gazier europ\u00e9en, a franchi lundi la barre des 70 euros le m\u00e9gawattheure, son niveau le plus \u00e9lev\u00e9 depuis janvier 2023, sous l&rsquo;effet des craintes entourant l&rsquo;approvisionnement en gaz naturel liqu\u00e9fi\u00e9 depuis le Golfe. Le contrat portant sur la livraison du mois prochain progressait de plus de 5 % en milieu de journ\u00e9e, une flamb\u00e9e directement li\u00e9e \u00e0 l&rsquo;escalade militaire entre Washington et T\u00e9h\u00e9ran.<\/p>\n\n\n\n<p class=\"wp-block-paragraph\">Dimanche, l&rsquo;arm\u00e9e am\u00e9ricaine a vis\u00e9 des lance-roquettes iraniens \u00e0 proximit\u00e9 du d\u00e9troit d&rsquo;Ormuz, un geste imm\u00e9diatement suivi de tirs de missiles iraniens contre des positions am\u00e9ricaines en Jordanie. Ce point de passage, par lequel s&rsquo;\u00e9coule habituellement pr\u00e8s d&rsquo;un cinqui\u00e8me des \u00e9changes mondiaux de GNL, demeure quasiment paralys\u00e9, mena\u00e7ant d&rsquo;aggraver encore les tensions sur l&rsquo;offre.<\/p>\n\n\n\n<p class=\"wp-block-paragraph\">Ce contexte tombe mal pour le continent, en pleine course pour reconstituer ses r\u00e9serves avant la saison froide. D&rsquo;apr\u00e8s les chiffres de Gas Infrastructure Europe, les capacit\u00e9s de stockage du bloc n&rsquo;atteignaient que 64,7 % de leur capacit\u00e9, un niveau inf\u00e9rieur \u00e0 la moyenne saisonni\u00e8re habituelle. Le co\u00fbt \u00e9lev\u00e9 du gaz a frein\u00e9 le rythme de remplissage dans plusieurs pays, au point que l&rsquo;Allemagne et les Pays-Bas pourraient manquer leurs objectifs respectifs de 70 % et 80 % fix\u00e9s pour le 1er novembre. L&rsquo;\u00e9cart entre les prix d&rsquo;\u00e9t\u00e9 et ceux anticip\u00e9s pour l&rsquo;hiver s&rsquo;est en effet trop resserr\u00e9, parfois m\u00eame invers\u00e9, ce qui prive les fournisseurs de l&rsquo;incitation financi\u00e8re \u00e0 stocker.<\/p>\n\n\n\n<p class=\"wp-block-paragraph\">Un stockage insuffisant n&rsquo;entra\u00eene pas automatiquement une p\u00e9nurie, mais il expose davantage les \u00e9conomies europ\u00e9ennes aux \u00e0-coups des march\u00e9s mondiaux. En Allemagne, la premi\u00e8re puissance industrielle du continent, l&rsquo;inqui\u00e9tude monte. Sebastian Heinermann, qui dirige l&rsquo;association INES repr\u00e9sentant les op\u00e9rateurs de stockage allemands, a confi\u00e9 \u00e0 Euronews Business que des r\u00e9serves trop basses conjugu\u00e9es \u00e0 un hiver rigoureux pourraient emp\u00eacher le pays de satisfaire pleinement sa demande gazi\u00e8re. Il a averti qu&rsquo;un d\u00e9passement du seuil de tol\u00e9rance des industriels forcerait ces derniers \u00e0 r\u00e9duire leur activit\u00e9, avec des cons\u00e9quences \u00e9conomiques potentiellement lourdes.<\/p>\n\n\n\n<p class=\"wp-block-paragraph\">L&rsquo;Italie, pourtant dot\u00e9e de l&rsquo;un des taux de remplissage les plus confortables d&rsquo;Europe, n&rsquo;\u00e9chappe pas non plus aux risques. Selon Reuters, QatarEnergy a averti jeudi son client Edison que la suspension de ses livraisons de GNL, invoqu\u00e9e au titre de la force majeure li\u00e9e au conflit am\u00e9ricano-iranien, \u00e9tait prolong\u00e9e jusqu&rsquo;\u00e0 d\u00e9but novembre. Ce contrat de long terme couvre normalement environ 10 % de la consommation gazi\u00e8re annuelle italienne. Edison affirme avoir s\u00e9curis\u00e9 des solutions de substitution pour honorer ses engagements.<\/p>\n\n\n\n<p class=\"wp-block-paragraph\">Si le Moyen-Orient ne p\u00e8se que marginalement dans les importations gazi\u00e8res directes de l&rsquo;UE, le Qatar repr\u00e9sentant 3,7 % du total en 2025, toute perturbation dans le Golfe se r\u00e9percute sur les prix continentaux. Les analystes redoutent une concurrence accrue entre acheteurs europ\u00e9ens et asiatiques pour les cargaisons disponibles, un ph\u00e9nom\u00e8ne qui pourrait pousser les cours vers 100 euros le m\u00e9gawattheure selon Goldman Sachs. Dans une note relay\u00e9e par Bloomberg, les analystes de la banque Samantha Dart et Laura Cyr estiment que si la normalisation des exportations \u00e9nerg\u00e9tiques moyen-orientales ne s&rsquo;op\u00e8re que graduellement jusqu&rsquo;en 2027, le contrat TTF de d\u00e9cembre 2026 devrait vraisemblablement d\u00e9passer ce seuil.<\/p>\n\n\n\n<p class=\"wp-block-paragraph\">Les march\u00e9s p\u00e9troliers n&rsquo;ont pas \u00e9t\u00e9 \u00e9pargn\u00e9s par cette escalade. Le Brent, r\u00e9f\u00e9rence internationale, a bondi de 3,8 % pour atteindre 91,40 dollars le baril en d\u00e9but de s\u00e9ance lundi, sa plus forte pouss\u00e9e depuis un mois, port\u00e9e par la m\u00eame frappe am\u00e9ricaine contre les positions iraniennes pr\u00e8s d&rsquo;Ormuz.<\/p>\n\n\n\n<p class=\"wp-block-paragraph\">Sabrina Aziouez<\/p>\n","protected":false},"excerpt":{"rendered":"<p>Le contrat n\u00e9erlandais TTF, r\u00e9f\u00e9rence du march\u00e9 gazier europ\u00e9en, a franchi lundi la barre des 70 euros le m\u00e9gawattheure, son<\/p>\n","protected":false},"author":6,"featured_media":48146,"comment_status":"open","ping_status":"closed","sticky":false,"template":"","format":"standard","meta":{"colormag_page_container_layout":"default_layout","colormag_page_sidebar_layout":"default_layout","om_disable_all_campaigns":false,"_monsterinsights_skip_tracking":false,"footnotes":"","_wpscppro_dont_share_socialmedia":false,"_wpscppro_custom_social_share_image":0,"_facebook_share_type":"default","_twitter_share_type":"default","_linkedin_share_type":"default","_pinterest_share_type":"default","_linkedin_share_type_page":"","_instagram_share_type":"default","_medium_share_type":"default","_threads_share_type":"default","_google_business_share_type":"default","_bluesky_share_type":"default","_mastodon_share_type":"default","_selected_social_profile":[],"_wpsp_enable_custom_social_template":false,"_wpsp_social_scheduling":{"enabled":false,"datetime":null,"platforms":[],"status":"template_only","dateOption":"today","timeOption":"now","customDays":"","customHours":"","customDate":"","customTime":"","schedulingType":"absolute"},"_wpsp_active_default_template":true},"categories":[29],"tags":[],"class_list":["post-94728","post","type-post","status-publish","format-standard","has-post-thumbnail","hentry","category-economie"],"aioseo_notices":[],"aioseo_head":"\n\t\t<!-- All in One SEO 5.0.0.1 - aioseo.com -->\n\t<meta name=\"description\" content=\"Le contrat n\u00e9erlandais TTF, r\u00e9f\u00e9rence du march\u00e9 gazier europ\u00e9en, a franchi lundi la barre des 70 euros le m\u00e9gawattheure, son niveau le plus \u00e9lev\u00e9 depuis janvier 2023, sous l&#039;effet des craintes entourant l&#039;approvisionnement en gaz naturel liqu\u00e9fi\u00e9 depuis le Golfe. Le contrat portant sur la livraison du mois prochain progressait de plus de 5 %\" \/>\n\t<meta name=\"robots\" content=\"max-image-preview:large\" \/>\n\t<meta name=\"author\" content=\"admin\"\/>\n\t<link rel=\"canonical\" href=\"https:\/\/lasentinelle.dz\/index.php\/2026\/09\/01\/le-gaz-europeen-au-plus-haut-depuis-janvier-2023\/\" \/>\n\t<meta name=\"generator\" content=\"All in One SEO (AIOSEO) 5.0.0.1\" \/>\n\t\t<meta property=\"og:locale\" content=\"fr_FR\" \/>\n\t\t<meta property=\"og:site_name\" content=\"La Sentinelle - Quotidien national d&#039;information\" \/>\n\t\t<meta property=\"og:type\" content=\"article\" \/>\n\t\t<meta property=\"og:title\" content=\"Le gaz europ\u00e9en au plus haut depuis janvier 2023 - La Sentinelle\" \/>\n\t\t<meta property=\"og:description\" content=\"Le contrat n\u00e9erlandais TTF, r\u00e9f\u00e9rence du march\u00e9 gazier europ\u00e9en, a franchi lundi la barre des 70 euros le m\u00e9gawattheure, son niveau le plus \u00e9lev\u00e9 depuis janvier 2023, sous l&#039;effet des craintes entourant l&#039;approvisionnement en gaz naturel liqu\u00e9fi\u00e9 depuis le Golfe. Le contrat portant sur la livraison du mois prochain progressait de plus de 5 %\" \/>\n\t\t<meta property=\"og:url\" content=\"https:\/\/lasentinelle.dz\/index.php\/2026\/09\/01\/le-gaz-europeen-au-plus-haut-depuis-janvier-2023\/\" \/>\n\t\t<meta property=\"og:image\" content=\"https:\/\/lasentinelle.dz\/wp-content\/uploads\/2021\/09\/cropped-la-sentinelle-earth-golden-anima-5.gif\" \/>\n\t\t<meta property=\"og:image:secure_url\" content=\"https:\/\/lasentinelle.dz\/wp-content\/uploads\/2021\/09\/cropped-la-sentinelle-earth-golden-anima-5.gif\" \/>\n\t\t<meta property=\"og:image:width\" content=\"450\" \/>\n\t\t<meta property=\"og:image:height\" content=\"213\" \/>\n\t\t<meta property=\"article:published_time\" content=\"2026-09-01T09:58:26+00:00\" \/>\n\t\t<meta property=\"article:modified_time\" content=\"2026-09-01T09:58:29+00:00\" \/>\n\t\t<meta property=\"article:publisher\" content=\"https:\/\/www.facebook.com\/azzedine.lasentinelle.1\" \/>\n\t\t<meta name=\"twitter:card\" content=\"summary_large_image\" \/>\n\t\t<meta name=\"twitter:title\" content=\"Le gaz europ\u00e9en au plus haut depuis janvier 2023 - La Sentinelle\" \/>\n\t\t<meta name=\"twitter:description\" content=\"Le contrat n\u00e9erlandais TTF, r\u00e9f\u00e9rence du march\u00e9 gazier europ\u00e9en, a franchi lundi la barre des 70 euros le m\u00e9gawattheure, son niveau le plus \u00e9lev\u00e9 depuis janvier 2023, sous l&#039;effet des craintes entourant l&#039;approvisionnement en gaz naturel liqu\u00e9fi\u00e9 depuis le Golfe. Le contrat portant sur la livraison du mois prochain progressait de plus de 5 %\" \/>\n\t\t<meta name=\"twitter:image\" content=\"https:\/\/lasentinelle.dz\/wp-content\/uploads\/2021\/09\/cropped-la-sentinelle-earth-golden-anima-5.gif\" \/>\n\t\t<script type=\"application\/ld+json\" class=\"aioseo-schema\">\n\t\t\t{\"@context\":\"https:\\\/\\\/schema.org\",\"@graph\":[{\"@type\":\"BlogPosting\",\"@id\":\"https:\\\/\\\/lasentinelle.dz\\\/index.php\\\/2026\\\/09\\\/01\\\/le-gaz-europeen-au-plus-haut-depuis-janvier-2023\\\/#blogposting\",\"name\":\"Le gaz europ\\u00e9en au plus haut depuis janvier 2023 - La Sentinelle\",\"headline\":\"Le gaz europ\\u00e9en au plus haut depuis janvier 2023\",\"author\":{\"@id\":\"https:\\\/\\\/lasentinelle.dz\\\/author\\\/admin\\\/#author\"},\"publisher\":{\"@id\":\"https:\\\/\\\/lasentinelle.dz\\\/#organization\"},\"image\":{\"@type\":\"ImageObject\",\"url\":\"https:\\\/\\\/lasentinelle.dz\\\/wp-content\\\/uploads\\\/2023\\\/12\\\/GNL.jpg\",\"width\":1919,\"height\":1271},\"datePublished\":\"2026-09-01T10:58:26+01:00\",\"dateModified\":\"2026-09-01T10:58:29+01:00\",\"inLanguage\":\"fr-FR\",\"mainEntityOfPage\":{\"@id\":\"https:\\\/\\\/lasentinelle.dz\\\/index.php\\\/2026\\\/09\\\/01\\\/le-gaz-europeen-au-plus-haut-depuis-janvier-2023\\\/#webpage\"},\"isPartOf\":{\"@id\":\"https:\\\/\\\/lasentinelle.dz\\\/index.php\\\/2026\\\/09\\\/01\\\/le-gaz-europeen-au-plus-haut-depuis-janvier-2023\\\/#webpage\"},\"articleSection\":\"\\u00c9conomie\"},{\"@type\":\"BreadcrumbList\",\"@id\":\"https:\\\/\\\/lasentinelle.dz\\\/index.php\\\/2026\\\/09\\\/01\\\/le-gaz-europeen-au-plus-haut-depuis-janvier-2023\\\/#breadcrumblist\",\"itemListElement\":[{\"@type\":\"ListItem\",\"@id\":\"https:\\\/\\\/lasentinelle.dz#listItem\",\"position\":1,\"name\":\"Home\",\"item\":\"https:\\\/\\\/lasentinelle.dz\",\"nextItem\":{\"@type\":\"ListItem\",\"@id\":\"https:\\\/\\\/lasentinelle.dz\\\/index.php\\\/category\\\/economie\\\/#listItem\",\"name\":\"\\u00c9conomie\"}},{\"@type\":\"ListItem\",\"@id\":\"https:\\\/\\\/lasentinelle.dz\\\/index.php\\\/category\\\/economie\\\/#listItem\",\"position\":2,\"name\":\"\\u00c9conomie\",\"item\":\"https:\\\/\\\/lasentinelle.dz\\\/index.php\\\/category\\\/economie\\\/\",\"nextItem\":{\"@type\":\"ListItem\",\"@id\":\"https:\\\/\\\/lasentinelle.dz\\\/index.php\\\/2026\\\/09\\\/01\\\/le-gaz-europeen-au-plus-haut-depuis-janvier-2023\\\/#listItem\",\"name\":\"Le gaz europ\\u00e9en au plus haut depuis janvier 2023\"},\"previousItem\":{\"@type\":\"ListItem\",\"@id\":\"https:\\\/\\\/lasentinelle.dz#listItem\",\"name\":\"Home\"}},{\"@type\":\"ListItem\",\"@id\":\"https:\\\/\\\/lasentinelle.dz\\\/index.php\\\/2026\\\/09\\\/01\\\/le-gaz-europeen-au-plus-haut-depuis-janvier-2023\\\/#listItem\",\"position\":3,\"name\":\"Le gaz europ\\u00e9en au plus haut depuis janvier 2023\",\"previousItem\":{\"@type\":\"ListItem\",\"@id\":\"https:\\\/\\\/lasentinelle.dz\\\/index.php\\\/category\\\/economie\\\/#listItem\",\"name\":\"\\u00c9conomie\"}}]},{\"@type\":\"Organization\",\"@id\":\"https:\\\/\\\/lasentinelle.dz\\\/#organization\",\"name\":\"La Sentinelle La Sentinelle\",\"description\":\"Quotidien national d'information\",\"url\":\"https:\\\/\\\/lasentinelle.dz\\\/\",\"logo\":{\"@type\":\"ImageObject\",\"url\":\"https:\\\/\\\/lasentinelle.dz\\\/wp-content\\\/uploads\\\/2021\\\/09\\\/cropped-la-sentinelle-earth-golden-anima-5.gif\",\"@id\":\"https:\\\/\\\/lasentinelle.dz\\\/index.php\\\/2026\\\/09\\\/01\\\/le-gaz-europeen-au-plus-haut-depuis-janvier-2023\\\/#organizationLogo\",\"width\":450,\"height\":213},\"image\":{\"@id\":\"https:\\\/\\\/lasentinelle.dz\\\/index.php\\\/2026\\\/09\\\/01\\\/le-gaz-europeen-au-plus-haut-depuis-janvier-2023\\\/#organizationLogo\"},\"sameAs\":[\"https:\\\/\\\/www.facebook.com\\\/azzedine.lasentinelle.1\"]},{\"@type\":\"Person\",\"@id\":\"https:\\\/\\\/lasentinelle.dz\\\/author\\\/admin\\\/#author\",\"url\":\"https:\\\/\\\/lasentinelle.dz\\\/author\\\/admin\\\/\",\"name\":\"admin\",\"image\":{\"@type\":\"ImageObject\",\"@id\":\"https:\\\/\\\/lasentinelle.dz\\\/index.php\\\/2026\\\/09\\\/01\\\/le-gaz-europeen-au-plus-haut-depuis-janvier-2023\\\/#authorImage\",\"url\":\"https:\\\/\\\/secure.gravatar.com\\\/avatar\\\/4c81fed838786e9b53f540bf46533e750f5d292099ae3b66cfc6fb1982e29df7?s=96&d=mm&r=g\",\"width\":96,\"height\":96,\"caption\":\"admin\"}},{\"@type\":\"WebPage\",\"@id\":\"https:\\\/\\\/lasentinelle.dz\\\/index.php\\\/2026\\\/09\\\/01\\\/le-gaz-europeen-au-plus-haut-depuis-janvier-2023\\\/#webpage\",\"url\":\"https:\\\/\\\/lasentinelle.dz\\\/index.php\\\/2026\\\/09\\\/01\\\/le-gaz-europeen-au-plus-haut-depuis-janvier-2023\\\/\",\"name\":\"Le gaz europ\\u00e9en au plus haut depuis janvier 2023 - La Sentinelle\",\"description\":\"Le contrat n\\u00e9erlandais TTF, r\\u00e9f\\u00e9rence du march\\u00e9 gazier europ\\u00e9en, a franchi lundi la barre des 70 euros le m\\u00e9gawattheure, son niveau le plus \\u00e9lev\\u00e9 depuis janvier 2023, sous l'effet des craintes entourant l'approvisionnement en gaz naturel liqu\\u00e9fi\\u00e9 depuis le Golfe. Le contrat portant sur la livraison du mois prochain progressait de plus de 5 %\",\"inLanguage\":\"fr-FR\",\"isPartOf\":{\"@id\":\"https:\\\/\\\/lasentinelle.dz\\\/#website\"},\"breadcrumb\":{\"@id\":\"https:\\\/\\\/lasentinelle.dz\\\/index.php\\\/2026\\\/09\\\/01\\\/le-gaz-europeen-au-plus-haut-depuis-janvier-2023\\\/#breadcrumblist\"},\"author\":{\"@id\":\"https:\\\/\\\/lasentinelle.dz\\\/author\\\/admin\\\/#author\"},\"creator\":{\"@id\":\"https:\\\/\\\/lasentinelle.dz\\\/author\\\/admin\\\/#author\"},\"image\":{\"@type\":\"ImageObject\",\"url\":\"https:\\\/\\\/lasentinelle.dz\\\/wp-content\\\/uploads\\\/2023\\\/12\\\/GNL.jpg\",\"@id\":\"https:\\\/\\\/lasentinelle.dz\\\/index.php\\\/2026\\\/09\\\/01\\\/le-gaz-europeen-au-plus-haut-depuis-janvier-2023\\\/#mainImage\",\"width\":1919,\"height\":1271},\"primaryImageOfPage\":{\"@id\":\"https:\\\/\\\/lasentinelle.dz\\\/index.php\\\/2026\\\/09\\\/01\\\/le-gaz-europeen-au-plus-haut-depuis-janvier-2023\\\/#mainImage\"},\"datePublished\":\"2026-09-01T10:58:26+01:00\",\"dateModified\":\"2026-09-01T10:58:29+01:00\"},{\"@type\":\"WebSite\",\"@id\":\"https:\\\/\\\/lasentinelle.dz\\\/#website\",\"url\":\"https:\\\/\\\/lasentinelle.dz\\\/\",\"name\":\"La Sentinelle\",\"description\":\"Quotidien national d'information\",\"inLanguage\":\"fr-FR\",\"publisher\":{\"@id\":\"https:\\\/\\\/lasentinelle.dz\\\/#organization\"}}]}\n\t\t<\/script>\n\t\t<!-- All in One SEO -->\n\n","aioseo_head_json":{"title":"Le gaz europ\u00e9en au plus haut depuis janvier 2023 - La Sentinelle","description":"Le contrat n\u00e9erlandais TTF, r\u00e9f\u00e9rence du march\u00e9 gazier europ\u00e9en, a franchi lundi la barre des 70 euros le m\u00e9gawattheure, son niveau le plus \u00e9lev\u00e9 depuis janvier 2023, sous l'effet des craintes entourant l'approvisionnement en gaz naturel liqu\u00e9fi\u00e9 depuis le Golfe. Le contrat portant sur la livraison du mois prochain progressait de plus de 5 %","canonical_url":"https:\/\/lasentinelle.dz\/index.php\/2026\/09\/01\/le-gaz-europeen-au-plus-haut-depuis-janvier-2023\/","robots":"max-image-preview:large","keywords":"","webmasterTools":{"miscellaneous":""},"schema":{"@context":"https:\/\/schema.org","@graph":[{"@type":"BlogPosting","@id":"https:\/\/lasentinelle.dz\/index.php\/2026\/09\/01\/le-gaz-europeen-au-plus-haut-depuis-janvier-2023\/#blogposting","name":"Le gaz europ\u00e9en au plus haut depuis janvier 2023 - La Sentinelle","headline":"Le gaz europ\u00e9en au plus haut depuis janvier 2023","author":{"@id":"https:\/\/lasentinelle.dz\/author\/admin\/#author"},"publisher":{"@id":"https:\/\/lasentinelle.dz\/#organization"},"image":{"@type":"ImageObject","url":"https:\/\/lasentinelle.dz\/wp-content\/uploads\/2023\/12\/GNL.jpg","width":1919,"height":1271},"datePublished":"2026-09-01T10:58:26+01:00","dateModified":"2026-09-01T10:58:29+01:00","inLanguage":"fr-FR","mainEntityOfPage":{"@id":"https:\/\/lasentinelle.dz\/index.php\/2026\/09\/01\/le-gaz-europeen-au-plus-haut-depuis-janvier-2023\/#webpage"},"isPartOf":{"@id":"https:\/\/lasentinelle.dz\/index.php\/2026\/09\/01\/le-gaz-europeen-au-plus-haut-depuis-janvier-2023\/#webpage"},"articleSection":"\u00c9conomie"},{"@type":"BreadcrumbList","@id":"https:\/\/lasentinelle.dz\/index.php\/2026\/09\/01\/le-gaz-europeen-au-plus-haut-depuis-janvier-2023\/#breadcrumblist","itemListElement":[{"@type":"ListItem","@id":"https:\/\/lasentinelle.dz#listItem","position":1,"name":"Home","item":"https:\/\/lasentinelle.dz","nextItem":{"@type":"ListItem","@id":"https:\/\/lasentinelle.dz\/index.php\/category\/economie\/#listItem","name":"\u00c9conomie"}},{"@type":"ListItem","@id":"https:\/\/lasentinelle.dz\/index.php\/category\/economie\/#listItem","position":2,"name":"\u00c9conomie","item":"https:\/\/lasentinelle.dz\/index.php\/category\/economie\/","nextItem":{"@type":"ListItem","@id":"https:\/\/lasentinelle.dz\/index.php\/2026\/09\/01\/le-gaz-europeen-au-plus-haut-depuis-janvier-2023\/#listItem","name":"Le gaz europ\u00e9en au plus haut depuis janvier 2023"},"previousItem":{"@type":"ListItem","@id":"https:\/\/lasentinelle.dz#listItem","name":"Home"}},{"@type":"ListItem","@id":"https:\/\/lasentinelle.dz\/index.php\/2026\/09\/01\/le-gaz-europeen-au-plus-haut-depuis-janvier-2023\/#listItem","position":3,"name":"Le gaz europ\u00e9en au plus haut depuis janvier 2023","previousItem":{"@type":"ListItem","@id":"https:\/\/lasentinelle.dz\/index.php\/category\/economie\/#listItem","name":"\u00c9conomie"}}]},{"@type":"Organization","@id":"https:\/\/lasentinelle.dz\/#organization","name":"La Sentinelle La Sentinelle","description":"Quotidien national d'information","url":"https:\/\/lasentinelle.dz\/","logo":{"@type":"ImageObject","url":"https:\/\/lasentinelle.dz\/wp-content\/uploads\/2021\/09\/cropped-la-sentinelle-earth-golden-anima-5.gif","@id":"https:\/\/lasentinelle.dz\/index.php\/2026\/09\/01\/le-gaz-europeen-au-plus-haut-depuis-janvier-2023\/#organizationLogo","width":450,"height":213},"image":{"@id":"https:\/\/lasentinelle.dz\/index.php\/2026\/09\/01\/le-gaz-europeen-au-plus-haut-depuis-janvier-2023\/#organizationLogo"},"sameAs":["https:\/\/www.facebook.com\/azzedine.lasentinelle.1"]},{"@type":"Person","@id":"https:\/\/lasentinelle.dz\/author\/admin\/#author","url":"https:\/\/lasentinelle.dz\/author\/admin\/","name":"admin","image":{"@type":"ImageObject","@id":"https:\/\/lasentinelle.dz\/index.php\/2026\/09\/01\/le-gaz-europeen-au-plus-haut-depuis-janvier-2023\/#authorImage","url":"https:\/\/secure.gravatar.com\/avatar\/4c81fed838786e9b53f540bf46533e750f5d292099ae3b66cfc6fb1982e29df7?s=96&d=mm&r=g","width":96,"height":96,"caption":"admin"}},{"@type":"WebPage","@id":"https:\/\/lasentinelle.dz\/index.php\/2026\/09\/01\/le-gaz-europeen-au-plus-haut-depuis-janvier-2023\/#webpage","url":"https:\/\/lasentinelle.dz\/index.php\/2026\/09\/01\/le-gaz-europeen-au-plus-haut-depuis-janvier-2023\/","name":"Le gaz europ\u00e9en au plus haut depuis janvier 2023 - La Sentinelle","description":"Le contrat n\u00e9erlandais TTF, r\u00e9f\u00e9rence du march\u00e9 gazier europ\u00e9en, a franchi lundi la barre des 70 euros le m\u00e9gawattheure, son niveau le plus \u00e9lev\u00e9 depuis janvier 2023, sous l'effet des craintes entourant l'approvisionnement en gaz naturel liqu\u00e9fi\u00e9 depuis le Golfe. Le contrat portant sur la livraison du mois prochain progressait de plus de 5 %","inLanguage":"fr-FR","isPartOf":{"@id":"https:\/\/lasentinelle.dz\/#website"},"breadcrumb":{"@id":"https:\/\/lasentinelle.dz\/index.php\/2026\/09\/01\/le-gaz-europeen-au-plus-haut-depuis-janvier-2023\/#breadcrumblist"},"author":{"@id":"https:\/\/lasentinelle.dz\/author\/admin\/#author"},"creator":{"@id":"https:\/\/lasentinelle.dz\/author\/admin\/#author"},"image":{"@type":"ImageObject","url":"https:\/\/lasentinelle.dz\/wp-content\/uploads\/2023\/12\/GNL.jpg","@id":"https:\/\/lasentinelle.dz\/index.php\/2026\/09\/01\/le-gaz-europeen-au-plus-haut-depuis-janvier-2023\/#mainImage","width":1919,"height":1271},"primaryImageOfPage":{"@id":"https:\/\/lasentinelle.dz\/index.php\/2026\/09\/01\/le-gaz-europeen-au-plus-haut-depuis-janvier-2023\/#mainImage"},"datePublished":"2026-09-01T10:58:26+01:00","dateModified":"2026-09-01T10:58:29+01:00"},{"@type":"WebSite","@id":"https:\/\/lasentinelle.dz\/#website","url":"https:\/\/lasentinelle.dz\/","name":"La Sentinelle","description":"Quotidien national d'information","inLanguage":"fr-FR","publisher":{"@id":"https:\/\/lasentinelle.dz\/#organization"}}]},"og:locale":"fr_FR","og:site_name":"La Sentinelle - Quotidien national d'information","og:type":"article","og:title":"Le gaz europ\u00e9en au plus haut depuis janvier 2023 - La Sentinelle","og:description":"Le contrat n\u00e9erlandais TTF, r\u00e9f\u00e9rence du march\u00e9 gazier europ\u00e9en, a franchi lundi la barre des 70 euros le m\u00e9gawattheure, son niveau le plus \u00e9lev\u00e9 depuis janvier 2023, sous l'effet des craintes entourant l'approvisionnement en gaz naturel liqu\u00e9fi\u00e9 depuis le Golfe. Le contrat portant sur la livraison du mois prochain progressait de plus de 5 %","og:url":"https:\/\/lasentinelle.dz\/index.php\/2026\/09\/01\/le-gaz-europeen-au-plus-haut-depuis-janvier-2023\/","og:image":"https:\/\/lasentinelle.dz\/wp-content\/uploads\/2021\/09\/cropped-la-sentinelle-earth-golden-anima-5.gif","og:image:secure_url":"https:\/\/lasentinelle.dz\/wp-content\/uploads\/2021\/09\/cropped-la-sentinelle-earth-golden-anima-5.gif","og:image:width":450,"og:image:height":213,"article:published_time":"2026-09-01T09:58:26+00:00","article:modified_time":"2026-09-01T09:58:29+00:00","article:publisher":"https:\/\/www.facebook.com\/azzedine.lasentinelle.1","twitter:card":"summary_large_image","twitter:title":"Le gaz europ\u00e9en au plus haut depuis janvier 2023 - La Sentinelle","twitter:description":"Le contrat n\u00e9erlandais TTF, r\u00e9f\u00e9rence du march\u00e9 gazier europ\u00e9en, a franchi lundi la barre des 70 euros le m\u00e9gawattheure, son niveau le plus \u00e9lev\u00e9 depuis janvier 2023, sous l'effet des craintes entourant l'approvisionnement en gaz naturel liqu\u00e9fi\u00e9 depuis le Golfe. Le contrat portant sur la livraison du mois prochain progressait de plus de 5 %","twitter:image":"https:\/\/lasentinelle.dz\/wp-content\/uploads\/2021\/09\/cropped-la-sentinelle-earth-golden-anima-5.gif"},"aioseo_meta_data":{"post_id":"94728","title":null,"description":null,"keywords":null,"keyphrases":{"focus":{"keyphrase":"","score":0,"analysis":{"keyphraseInTitle":{"score":0,"maxScore":9,"error":1}}},"additional":[]},"primary_term":null,"canonical_url":null,"og_title":null,"og_description":null,"og_object_type":"default","og_image_type":"default","og_image_url":null,"og_image_width":null,"og_image_height":null,"og_image_custom_url":null,"og_image_custom_fields":null,"og_video":"","og_custom_url":null,"og_article_section":null,"og_article_tags":null,"twitter_use_og":false,"twitter_card":"default","twitter_image_type":"default","twitter_image_url":null,"twitter_image_custom_url":null,"twitter_image_custom_fields":null,"twitter_title":null,"twitter_description":null,"schema":{"blockGraphs":[],"customGraphs":[],"default":{"data":{"Article":[],"Course":[],"Dataset":[],"FAQPage":[],"Movie":[],"Person":[],"Product":[],"ProductReview":[],"Car":[],"Recipe":[],"Service":[],"SoftwareApplication":[],"WebPage":[]},"graphName":"BlogPosting","isEnabled":true},"graphs":[]},"schema_type":"default","schema_type_options":null,"pillar_content":false,"robots_default":true,"robots_noindex":false,"robots_noarchive":false,"robots_nosnippet":false,"robots_nofollow":false,"robots_noimageindex":false,"robots_noodp":false,"robots_notranslate":false,"robots_max_snippet":"-1","robots_max_videopreview":"-1","robots_max_imagepreview":"large","priority":null,"frequency":"default","local_seo":null,"breadcrumb_settings":null,"limit_modified_date":false,"ai":{"faqs":[],"keyPoints":[],"schemas":[],"titles":[],"descriptions":[],"socialPosts":{"email":{"subject":"","preview":"","content":""},"linkedin":[],"twitter":[],"facebook":[],"instagram":[]}},"created":"2026-09-01 09:58:29","updated":"2026-09-01 11:06:29","focus_keyword":null,"additional_keywords":null,"truseo_locale":null,"seo_analyzer_scan_date":null},"aioseo_breadcrumb":"<div class=\"aioseo-breadcrumbs\"><span class=\"aioseo-breadcrumb\">\n\t\t\t<a href=\"https:\/\/lasentinelle.dz\" title=\"Home\">Home<\/a>\n\t\t<\/span><span class=\"aioseo-breadcrumb-separator\">&raquo;<\/span><span class=\"aioseo-breadcrumb\">\n\t\t\t<a href=\"https:\/\/lasentinelle.dz\/index.php\/category\/economie\/\" title=\"\u00c9conomie\">\u00c9conomie<\/a>\n\t\t<\/span><span class=\"aioseo-breadcrumb-separator\">&raquo;<\/span><span class=\"aioseo-breadcrumb\">\n\t\t\tLe gaz europ\u00e9en au plus haut depuis janvier 2023\n\t\t<\/span><\/div>","aioseo_breadcrumb_json":[{"label":"Home","link":"https:\/\/lasentinelle.dz"},{"label":"\u00c9conomie","link":"https:\/\/lasentinelle.dz\/index.php\/category\/economie\/"},{"label":"Le gaz europ\u00e9en au plus haut depuis janvier 2023","link":"https:\/\/lasentinelle.dz\/index.php\/2026\/09\/01\/le-gaz-europeen-au-plus-haut-depuis-janvier-2023\/"}],"yoast_head":"<!-- This site is optimized with the Yoast SEO plugin v28.3 - https:\/\/yoast.com\/product\/yoast-seo-wordpress\/ -->\n<title>Le gaz europ\u00e9en au plus haut depuis janvier 2023 - La Sentinelle<\/title>\n<meta name=\"robots\" content=\"index, follow, max-snippet:-1, max-image-preview:large, max-video-preview:-1\" \/>\n<link rel=\"canonical\" href=\"https:\/\/lasentinelle.dz\/index.php\/2026\/09\/01\/le-gaz-europeen-au-plus-haut-depuis-janvier-2023\/\" \/>\n<meta property=\"og:locale\" content=\"fr_FR\" \/>\n<meta property=\"og:type\" content=\"article\" \/>\n<meta property=\"og:title\" content=\"Le gaz europ\u00e9en au plus haut depuis janvier 2023 - La Sentinelle\" \/>\n<meta property=\"og:description\" content=\"Le contrat n\u00e9erlandais TTF, r\u00e9f\u00e9rence du march\u00e9 gazier europ\u00e9en, a franchi lundi la barre des 70 euros le m\u00e9gawattheure, son\" \/>\n<meta property=\"og:url\" content=\"https:\/\/lasentinelle.dz\/index.php\/2026\/09\/01\/le-gaz-europeen-au-plus-haut-depuis-janvier-2023\/\" \/>\n<meta property=\"og:site_name\" content=\"La Sentinelle\" \/>\n<meta property=\"article:publisher\" content=\"https:\/\/www.facebook.com\/La-Sentinelle-104059864394773\" \/>\n<meta property=\"article:published_time\" content=\"2026-09-01T09:58:26+00:00\" \/>\n<meta property=\"article:modified_time\" content=\"2026-09-01T09:58:29+00:00\" \/>\n<meta property=\"og:image\" content=\"https:\/\/lasentinelle.dz\/wp-content\/uploads\/2023\/12\/GNL.jpg\" \/>\n\t<meta property=\"og:image:width\" content=\"1919\" \/>\n\t<meta property=\"og:image:height\" content=\"1271\" \/>\n\t<meta property=\"og:image:type\" content=\"image\/jpeg\" \/>\n<meta name=\"author\" content=\"admin\" \/>\n<meta name=\"twitter:card\" content=\"summary_large_image\" \/>\n<meta name=\"twitter:label1\" content=\"\u00c9crit par\" \/>\n\t<meta name=\"twitter:data1\" content=\"admin\" \/>\n\t<meta name=\"twitter:label2\" content=\"Dur\u00e9e de lecture estim\u00e9e\" \/>\n\t<meta name=\"twitter:data2\" content=\"4 minutes\" \/>\n<script type=\"application\/ld+json\" class=\"yoast-schema-graph\">{\"@context\":\"https:\\\/\\\/schema.org\",\"@graph\":[{\"@type\":\"Article\",\"@id\":\"https:\\\/\\\/lasentinelle.dz\\\/index.php\\\/2026\\\/09\\\/01\\\/le-gaz-europeen-au-plus-haut-depuis-janvier-2023\\\/#article\",\"isPartOf\":{\"@id\":\"https:\\\/\\\/lasentinelle.dz\\\/index.php\\\/2026\\\/09\\\/01\\\/le-gaz-europeen-au-plus-haut-depuis-janvier-2023\\\/\"},\"author\":{\"name\":\"admin\",\"@id\":\"https:\\\/\\\/lasentinelle.dz\\\/#\\\/schema\\\/person\\\/729ee0024f24e0b8c5ec17232f8e8b41\"},\"headline\":\"Le gaz europ\u00e9en au plus haut depuis janvier 2023\",\"datePublished\":\"2026-09-01T09:58:26+00:00\",\"dateModified\":\"2026-09-01T09:58:29+00:00\",\"mainEntityOfPage\":{\"@id\":\"https:\\\/\\\/lasentinelle.dz\\\/index.php\\\/2026\\\/09\\\/01\\\/le-gaz-europeen-au-plus-haut-depuis-janvier-2023\\\/\"},\"wordCount\":652,\"commentCount\":0,\"publisher\":{\"@id\":\"https:\\\/\\\/lasentinelle.dz\\\/#organization\"},\"image\":{\"@id\":\"https:\\\/\\\/lasentinelle.dz\\\/index.php\\\/2026\\\/09\\\/01\\\/le-gaz-europeen-au-plus-haut-depuis-janvier-2023\\\/#primaryimage\"},\"thumbnailUrl\":\"https:\\\/\\\/lasentinelle.dz\\\/wp-content\\\/uploads\\\/2023\\\/12\\\/GNL.jpg\",\"articleSection\":[\"\u00c9conomie\"],\"inLanguage\":\"fr-FR\",\"potentialAction\":[{\"@type\":\"CommentAction\",\"name\":\"Comment\",\"target\":[\"https:\\\/\\\/lasentinelle.dz\\\/index.php\\\/2026\\\/09\\\/01\\\/le-gaz-europeen-au-plus-haut-depuis-janvier-2023\\\/#respond\"]}]},{\"@type\":\"WebPage\",\"@id\":\"https:\\\/\\\/lasentinelle.dz\\\/index.php\\\/2026\\\/09\\\/01\\\/le-gaz-europeen-au-plus-haut-depuis-janvier-2023\\\/\",\"url\":\"https:\\\/\\\/lasentinelle.dz\\\/index.php\\\/2026\\\/09\\\/01\\\/le-gaz-europeen-au-plus-haut-depuis-janvier-2023\\\/\",\"name\":\"Le gaz europ\u00e9en au plus haut depuis janvier 2023 - La Sentinelle\",\"isPartOf\":{\"@id\":\"https:\\\/\\\/lasentinelle.dz\\\/#website\"},\"primaryImageOfPage\":{\"@id\":\"https:\\\/\\\/lasentinelle.dz\\\/index.php\\\/2026\\\/09\\\/01\\\/le-gaz-europeen-au-plus-haut-depuis-janvier-2023\\\/#primaryimage\"},\"image\":{\"@id\":\"https:\\\/\\\/lasentinelle.dz\\\/index.php\\\/2026\\\/09\\\/01\\\/le-gaz-europeen-au-plus-haut-depuis-janvier-2023\\\/#primaryimage\"},\"thumbnailUrl\":\"https:\\\/\\\/lasentinelle.dz\\\/wp-content\\\/uploads\\\/2023\\\/12\\\/GNL.jpg\",\"datePublished\":\"2026-09-01T09:58:26+00:00\",\"dateModified\":\"2026-09-01T09:58:29+00:00\",\"breadcrumb\":{\"@id\":\"https:\\\/\\\/lasentinelle.dz\\\/index.php\\\/2026\\\/09\\\/01\\\/le-gaz-europeen-au-plus-haut-depuis-janvier-2023\\\/#breadcrumb\"},\"inLanguage\":\"fr-FR\",\"potentialAction\":[{\"@type\":\"ReadAction\",\"target\":[\"https:\\\/\\\/lasentinelle.dz\\\/index.php\\\/2026\\\/09\\\/01\\\/le-gaz-europeen-au-plus-haut-depuis-janvier-2023\\\/\"]}]},{\"@type\":\"ImageObject\",\"inLanguage\":\"fr-FR\",\"@id\":\"https:\\\/\\\/lasentinelle.dz\\\/index.php\\\/2026\\\/09\\\/01\\\/le-gaz-europeen-au-plus-haut-depuis-janvier-2023\\\/#primaryimage\",\"url\":\"https:\\\/\\\/lasentinelle.dz\\\/wp-content\\\/uploads\\\/2023\\\/12\\\/GNL.jpg\",\"contentUrl\":\"https:\\\/\\\/lasentinelle.dz\\\/wp-content\\\/uploads\\\/2023\\\/12\\\/GNL.jpg\",\"width\":1919,\"height\":1271},{\"@type\":\"BreadcrumbList\",\"@id\":\"https:\\\/\\\/lasentinelle.dz\\\/index.php\\\/2026\\\/09\\\/01\\\/le-gaz-europeen-au-plus-haut-depuis-janvier-2023\\\/#breadcrumb\",\"itemListElement\":[{\"@type\":\"ListItem\",\"position\":1,\"name\":\"Accueil\",\"item\":\"https:\\\/\\\/lasentinelle.dz\\\/\"},{\"@type\":\"ListItem\",\"position\":2,\"name\":\"Le gaz europ\u00e9en au plus haut depuis janvier 2023\"}]},{\"@type\":\"WebSite\",\"@id\":\"https:\\\/\\\/lasentinelle.dz\\\/#website\",\"url\":\"https:\\\/\\\/lasentinelle.dz\\\/\",\"name\":\"La Sentinelle\",\"description\":\"Quotidien national d&#039;information\",\"publisher\":{\"@id\":\"https:\\\/\\\/lasentinelle.dz\\\/#organization\"},\"potentialAction\":[{\"@type\":\"SearchAction\",\"target\":{\"@type\":\"EntryPoint\",\"urlTemplate\":\"https:\\\/\\\/lasentinelle.dz\\\/?s={search_term_string}\"},\"query-input\":{\"@type\":\"PropertyValueSpecification\",\"valueRequired\":true,\"valueName\":\"search_term_string\"}}],\"inLanguage\":\"fr-FR\"},{\"@type\":\"Organization\",\"@id\":\"https:\\\/\\\/lasentinelle.dz\\\/#organization\",\"name\":\"Quotidien La Sentinelle\",\"url\":\"https:\\\/\\\/lasentinelle.dz\\\/\",\"logo\":{\"@type\":\"ImageObject\",\"inLanguage\":\"fr-FR\",\"@id\":\"https:\\\/\\\/lasentinelle.dz\\\/#\\\/schema\\\/logo\\\/image\\\/\",\"url\":\"https:\\\/\\\/lasentinelle.dz\\\/wp-content\\\/uploads\\\/2021\\\/09\\\/logo-sentinelleSLOGAN-1.png\",\"contentUrl\":\"https:\\\/\\\/lasentinelle.dz\\\/wp-content\\\/uploads\\\/2021\\\/09\\\/logo-sentinelleSLOGAN-1.png\",\"width\":615,\"height\":142,\"caption\":\"Quotidien La Sentinelle\"},\"image\":{\"@id\":\"https:\\\/\\\/lasentinelle.dz\\\/#\\\/schema\\\/logo\\\/image\\\/\"},\"sameAs\":[\"https:\\\/\\\/www.facebook.com\\\/La-Sentinelle-104059864394773\"]},{\"@type\":\"Person\",\"@id\":\"https:\\\/\\\/lasentinelle.dz\\\/#\\\/schema\\\/person\\\/729ee0024f24e0b8c5ec17232f8e8b41\",\"name\":\"admin\",\"image\":{\"@type\":\"ImageObject\",\"inLanguage\":\"fr-FR\",\"@id\":\"https:\\\/\\\/secure.gravatar.com\\\/avatar\\\/4c81fed838786e9b53f540bf46533e750f5d292099ae3b66cfc6fb1982e29df7?s=96&d=mm&r=g\",\"url\":\"https:\\\/\\\/secure.gravatar.com\\\/avatar\\\/4c81fed838786e9b53f540bf46533e750f5d292099ae3b66cfc6fb1982e29df7?s=96&d=mm&r=g\",\"contentUrl\":\"https:\\\/\\\/secure.gravatar.com\\\/avatar\\\/4c81fed838786e9b53f540bf46533e750f5d292099ae3b66cfc6fb1982e29df7?s=96&d=mm&r=g\",\"caption\":\"admin\"},\"description\":\"admin\",\"url\":\"https:\\\/\\\/lasentinelle.dz\\\/author\\\/admin\\\/\"}]}<\/script>\n<!-- \/ Yoast SEO plugin. -->","yoast_head_json":{"title":"Le gaz europ\u00e9en au plus haut depuis janvier 2023 - La Sentinelle","robots":{"index":"index","follow":"follow","max-snippet":"max-snippet:-1","max-image-preview":"max-image-preview:large","max-video-preview":"max-video-preview:-1"},"canonical":"https:\/\/lasentinelle.dz\/index.php\/2026\/09\/01\/le-gaz-europeen-au-plus-haut-depuis-janvier-2023\/","og_locale":"fr_FR","og_type":"article","og_title":"Le gaz europ\u00e9en au plus haut depuis janvier 2023 - La Sentinelle","og_description":"Le contrat n\u00e9erlandais TTF, r\u00e9f\u00e9rence du march\u00e9 gazier europ\u00e9en, a franchi lundi la barre des 70 euros le m\u00e9gawattheure, son","og_url":"https:\/\/lasentinelle.dz\/index.php\/2026\/09\/01\/le-gaz-europeen-au-plus-haut-depuis-janvier-2023\/","og_site_name":"La Sentinelle","article_publisher":"https:\/\/www.facebook.com\/La-Sentinelle-104059864394773","article_published_time":"2026-09-01T09:58:26+00:00","article_modified_time":"2026-09-01T09:58:29+00:00","og_image":[{"width":1919,"height":1271,"url":"https:\/\/lasentinelle.dz\/wp-content\/uploads\/2023\/12\/GNL.jpg","type":"image\/jpeg"}],"author":"admin","twitter_card":"summary_large_image","twitter_misc":{"\u00c9crit par":"admin","Dur\u00e9e de lecture estim\u00e9e":"4 minutes"},"schema":{"@context":"https:\/\/schema.org","@graph":[{"@type":"Article","@id":"https:\/\/lasentinelle.dz\/index.php\/2026\/09\/01\/le-gaz-europeen-au-plus-haut-depuis-janvier-2023\/#article","isPartOf":{"@id":"https:\/\/lasentinelle.dz\/index.php\/2026\/09\/01\/le-gaz-europeen-au-plus-haut-depuis-janvier-2023\/"},"author":{"name":"admin","@id":"https:\/\/lasentinelle.dz\/#\/schema\/person\/729ee0024f24e0b8c5ec17232f8e8b41"},"headline":"Le gaz europ\u00e9en au plus haut depuis janvier 2023","datePublished":"2026-09-01T09:58:26+00:00","dateModified":"2026-09-01T09:58:29+00:00","mainEntityOfPage":{"@id":"https:\/\/lasentinelle.dz\/index.php\/2026\/09\/01\/le-gaz-europeen-au-plus-haut-depuis-janvier-2023\/"},"wordCount":652,"commentCount":0,"publisher":{"@id":"https:\/\/lasentinelle.dz\/#organization"},"image":{"@id":"https:\/\/lasentinelle.dz\/index.php\/2026\/09\/01\/le-gaz-europeen-au-plus-haut-depuis-janvier-2023\/#primaryimage"},"thumbnailUrl":"https:\/\/lasentinelle.dz\/wp-content\/uploads\/2023\/12\/GNL.jpg","articleSection":["\u00c9conomie"],"inLanguage":"fr-FR","potentialAction":[{"@type":"CommentAction","name":"Comment","target":["https:\/\/lasentinelle.dz\/index.php\/2026\/09\/01\/le-gaz-europeen-au-plus-haut-depuis-janvier-2023\/#respond"]}]},{"@type":"WebPage","@id":"https:\/\/lasentinelle.dz\/index.php\/2026\/09\/01\/le-gaz-europeen-au-plus-haut-depuis-janvier-2023\/","url":"https:\/\/lasentinelle.dz\/index.php\/2026\/09\/01\/le-gaz-europeen-au-plus-haut-depuis-janvier-2023\/","name":"Le gaz europ\u00e9en au plus haut depuis janvier 2023 - La Sentinelle","isPartOf":{"@id":"https:\/\/lasentinelle.dz\/#website"},"primaryImageOfPage":{"@id":"https:\/\/lasentinelle.dz\/index.php\/2026\/09\/01\/le-gaz-europeen-au-plus-haut-depuis-janvier-2023\/#primaryimage"},"image":{"@id":"https:\/\/lasentinelle.dz\/index.php\/2026\/09\/01\/le-gaz-europeen-au-plus-haut-depuis-janvier-2023\/#primaryimage"},"thumbnailUrl":"https:\/\/lasentinelle.dz\/wp-content\/uploads\/2023\/12\/GNL.jpg","datePublished":"2026-09-01T09:58:26+00:00","dateModified":"2026-09-01T09:58:29+00:00","breadcrumb":{"@id":"https:\/\/lasentinelle.dz\/index.php\/2026\/09\/01\/le-gaz-europeen-au-plus-haut-depuis-janvier-2023\/#breadcrumb"},"inLanguage":"fr-FR","potentialAction":[{"@type":"ReadAction","target":["https:\/\/lasentinelle.dz\/index.php\/2026\/09\/01\/le-gaz-europeen-au-plus-haut-depuis-janvier-2023\/"]}]},{"@type":"ImageObject","inLanguage":"fr-FR","@id":"https:\/\/lasentinelle.dz\/index.php\/2026\/09\/01\/le-gaz-europeen-au-plus-haut-depuis-janvier-2023\/#primaryimage","url":"https:\/\/lasentinelle.dz\/wp-content\/uploads\/2023\/12\/GNL.jpg","contentUrl":"https:\/\/lasentinelle.dz\/wp-content\/uploads\/2023\/12\/GNL.jpg","width":1919,"height":1271},{"@type":"BreadcrumbList","@id":"https:\/\/lasentinelle.dz\/index.php\/2026\/09\/01\/le-gaz-europeen-au-plus-haut-depuis-janvier-2023\/#breadcrumb","itemListElement":[{"@type":"ListItem","position":1,"name":"Accueil","item":"https:\/\/lasentinelle.dz\/"},{"@type":"ListItem","position":2,"name":"Le gaz europ\u00e9en au plus haut depuis janvier 2023"}]},{"@type":"WebSite","@id":"https:\/\/lasentinelle.dz\/#website","url":"https:\/\/lasentinelle.dz\/","name":"La Sentinelle","description":"Quotidien national d&#039;information","publisher":{"@id":"https:\/\/lasentinelle.dz\/#organization"},"potentialAction":[{"@type":"SearchAction","target":{"@type":"EntryPoint","urlTemplate":"https:\/\/lasentinelle.dz\/?s={search_term_string}"},"query-input":{"@type":"PropertyValueSpecification","valueRequired":true,"valueName":"search_term_string"}}],"inLanguage":"fr-FR"},{"@type":"Organization","@id":"https:\/\/lasentinelle.dz\/#organization","name":"Quotidien La Sentinelle","url":"https:\/\/lasentinelle.dz\/","logo":{"@type":"ImageObject","inLanguage":"fr-FR","@id":"https:\/\/lasentinelle.dz\/#\/schema\/logo\/image\/","url":"https:\/\/lasentinelle.dz\/wp-content\/uploads\/2021\/09\/logo-sentinelleSLOGAN-1.png","contentUrl":"https:\/\/lasentinelle.dz\/wp-content\/uploads\/2021\/09\/logo-sentinelleSLOGAN-1.png","width":615,"height":142,"caption":"Quotidien La Sentinelle"},"image":{"@id":"https:\/\/lasentinelle.dz\/#\/schema\/logo\/image\/"},"sameAs":["https:\/\/www.facebook.com\/La-Sentinelle-104059864394773"]},{"@type":"Person","@id":"https:\/\/lasentinelle.dz\/#\/schema\/person\/729ee0024f24e0b8c5ec17232f8e8b41","name":"admin","image":{"@type":"ImageObject","inLanguage":"fr-FR","@id":"https:\/\/secure.gravatar.com\/avatar\/4c81fed838786e9b53f540bf46533e750f5d292099ae3b66cfc6fb1982e29df7?s=96&d=mm&r=g","url":"https:\/\/secure.gravatar.com\/avatar\/4c81fed838786e9b53f540bf46533e750f5d292099ae3b66cfc6fb1982e29df7?s=96&d=mm&r=g","contentUrl":"https:\/\/secure.gravatar.com\/avatar\/4c81fed838786e9b53f540bf46533e750f5d292099ae3b66cfc6fb1982e29df7?s=96&d=mm&r=g","caption":"admin"},"description":"admin","url":"https:\/\/lasentinelle.dz\/author\/admin\/"}]}},"_links":{"self":[{"href":"https:\/\/lasentinelle.dz\/index.php\/wp-json\/wp\/v2\/posts\/94728","targetHints":{"allow":["GET"]}}],"collection":[{"href":"https:\/\/lasentinelle.dz\/index.php\/wp-json\/wp\/v2\/posts"}],"about":[{"href":"https:\/\/lasentinelle.dz\/index.php\/wp-json\/wp\/v2\/types\/post"}],"author":[{"embeddable":true,"href":"https:\/\/lasentinelle.dz\/index.php\/wp-json\/wp\/v2\/users\/6"}],"replies":[{"embeddable":true,"href":"https:\/\/lasentinelle.dz\/index.php\/wp-json\/wp\/v2\/comments?post=94728"}],"version-history":[{"count":1,"href":"https:\/\/lasentinelle.dz\/index.php\/wp-json\/wp\/v2\/posts\/94728\/revisions"}],"predecessor-version":[{"id":94729,"href":"https:\/\/lasentinelle.dz\/index.php\/wp-json\/wp\/v2\/posts\/94728\/revisions\/94729"}],"wp:featuredmedia":[{"embeddable":true,"href":"https:\/\/lasentinelle.dz\/index.php\/wp-json\/wp\/v2\/media\/48146"}],"wp:attachment":[{"href":"https:\/\/lasentinelle.dz\/index.php\/wp-json\/wp\/v2\/media?parent=94728"}],"wp:term":[{"taxonomy":"category","embeddable":true,"href":"https:\/\/lasentinelle.dz\/index.php\/wp-json\/wp\/v2\/categories?post=94728"},{"taxonomy":"post_tag","embeddable":true,"href":"https:\/\/lasentinelle.dz\/index.php\/wp-json\/wp\/v2\/tags?post=94728"}],"curies":[{"name":"wp","href":"https:\/\/api.w.org\/{rel}","templated":true}]}}