{"id":94730,"date":"2026-09-01T10:59:47","date_gmt":"2026-09-01T09:59:47","guid":{"rendered":"https:\/\/lasentinelle.dz\/?p=94730"},"modified":"2026-09-01T10:59:50","modified_gmt":"2026-09-01T09:59:50","slug":"programmes-previsionnels-dimportation-le-ministere-du-commerce-exterieur-recadre-un-producteur-deau-minerale","status":"publish","type":"post","link":"https:\/\/lasentinelle.dz\/index.php\/2026\/09\/01\/programmes-previsionnels-dimportation-le-ministere-du-commerce-exterieur-recadre-un-producteur-deau-minerale\/","title":{"rendered":"Programmes pr\u00e9visionnels d\u2019importation\u00a0: Le minist\u00e8re du Commerce ext\u00e9rieur recadre un producteur d\u2019eau min\u00e9rale"},"content":{"rendered":"\n<p class=\"wp-block-paragraph\">Le minist\u00e8re du Commerce ext\u00e9rieur et de la Promotion des exportations a r\u00e9agi lundi \u00e0 une pol\u00e9mique n\u00e9e d&rsquo;une vid\u00e9o diffus\u00e9e sur les r\u00e9seaux sociaux par le g\u00e9rant d&rsquo;une entreprise priv\u00e9e sp\u00e9cialis\u00e9e dans la production d&rsquo;eau min\u00e9rale, Ben Belat. Ce dernier affirmait subir un \u00ab\u00a0retard dans l&rsquo;obtention du visa du programme pr\u00e9visionnel d&rsquo;importation de pi\u00e8ces de rechange pour le deuxi\u00e8me semestre de l&rsquo;ann\u00e9e 2026\u00a0\u00bb. Dans un communiqu\u00e9, le d\u00e9partement minist\u00e9riel a rejet\u00e9 \u00ab\u00a0cat\u00e9goriquement les all\u00e9gations et informations erron\u00e9es contenues dans cette vid\u00e9o, qui ne correspondent pas aux donn\u00e9es officielles enregistr\u00e9es aupr\u00e8s de ses services\u00a0\u00bb. Il a averti qu&rsquo;il \u00ab\u00a0se r\u00e9serve le droit d&rsquo;engager les poursuites judiciaires qu&rsquo;il juge n\u00e9cessaires contre toute partie susceptible de porter atteinte \u00e0 la r\u00e9putation du minist\u00e8re ou de diffuser des informations de nature \u00e0 induire l&rsquo;opinion publique en erreur\u00a0\u00bb. Le minist\u00e8re assure que le dossier de l&rsquo;op\u00e9rateur \u00ab\u00a0n&rsquo;a \u00e9t\u00e9 ni rejet\u00e9 ni gel\u00e9\u00a0\u00bb. Ses services lui auraient demand\u00e9, le 20 ao\u00fbt, de \u00ab\u00a0modifier son programme pr\u00e9visionnel au vu de la nature et du volume de la demande\u00a0\u00bb. Jusqu&rsquo;\u00e0 la publication du communiqu\u00e9, l&rsquo;entreprise \u00ab\u00a0n&rsquo;a pas r\u00e9pondu \u00e0 la demande de modification, ce qui a emp\u00each\u00e9 la finalisation de l&rsquo;\u00e9tude du dossier et l&rsquo;octroi du visa\u00a0\u00bb.<\/p>\n\n\n\n<p class=\"wp-block-paragraph\">Le programme litigieux porte sur 709 positions tarifaires pour un total de 10.522 pi\u00e8ces de rechange. Le minist\u00e8re rappelle que la m\u00eame entreprise avait d\u00e9j\u00e0 obtenu, le 29 janvier 2026, un visa pour 300 pi\u00e8ces au titre du premier semestre 2026, ainsi que 5.695 pi\u00e8ces dans le cadre du programme du second semestre 2025, vis\u00e9 le 2 ao\u00fbt 2025. En l&rsquo;espace de douze mois \u00e0 peine, l&rsquo;entreprise aura donc sollicit\u00e9 l&rsquo;importation de 16.517 pi\u00e8ces de rechange au total, un volume qui \u00ab\u00a0exige, sur le plan technique, de v\u00e9rifier l&rsquo;ad\u00e9quation de ces besoins avec la taille de l&rsquo;unit\u00e9 de production, la nature de ses \u00e9quipements et sa capacit\u00e9 de production effective\u00a0\u00bb.<\/p>\n\n\n\n<p class=\"wp-block-paragraph\">La comparaison avec d&rsquo;autres op\u00e9rateurs du secteur donne la mesure de l&rsquo;\u00e9cart. Selon le minist\u00e8re, certaines entreprises disposant de plus de quatre lignes de production demandent des quantit\u00e9s de pi\u00e8ces de rechange qui \u00ab\u00a0ne d\u00e9passent pas le quart de la quantit\u00e9 demand\u00e9e\u00a0\u00bb par Ben Belat, alors m\u00eame qu&rsquo;elles affichent des capacit\u00e9s de production sup\u00e9rieures. Les donn\u00e9es techniques enregistr\u00e9es \u00ab\u00a0ne refl\u00e8tent pas l&rsquo;existence d&rsquo;une unit\u00e9 de production dont la taille et les capacit\u00e9s d&rsquo;exploitation justifieraient, en apparence, ce volume \u00e9lev\u00e9 de demandes\u00a0\u00bb, ce qui a conduit \u00e0 soumettre le programme \u00e0 un examen approfondi plut\u00f4t qu&rsquo;\u00e0 un rejet. Le minist\u00e8re insiste sur une distinction qu&rsquo;il juge essentielle. Demander la r\u00e9vision d&rsquo;un programme d&rsquo;importation ne revient pas \u00e0 bloquer l&rsquo;activit\u00e9 d&rsquo;une entreprise. La d\u00e9marche s&rsquo;inscrit dans une logique plus large de ma\u00eetrise et de rationalisation des importations, pr\u00e9sent\u00e9e comme un levier de pr\u00e9servation des \u00e9quilibres financiers du pays. Le contr\u00f4le des programmes pr\u00e9visionnels doit permettre aux pouvoirs publics de v\u00e9rifier que les importations d\u00e9clar\u00e9es correspondent r\u00e9ellement aux besoins de l&rsquo;outil de production, et non de freiner sans motif l&rsquo;activit\u00e9 productive.<\/p>\n\n\n\n<p class=\"wp-block-paragraph\">Le d\u00e9partement minist\u00e9riel annonce qu&rsquo;il apportera d&rsquo;autres pr\u00e9cisions sur des dossiers similaires de demandes de visa, en s&rsquo;appuyant sur les donn\u00e9es et documents enregistr\u00e9s via sa plateforme num\u00e9rique, dans un souci affich\u00e9 de transparence. Le cas Ben Belat illustre ainsi une probl\u00e9matique plus vaste, celle d&rsquo;un \u00e9quilibre \u00e0 trouver entre les besoins r\u00e9els des entreprises et la n\u00e9cessit\u00e9 d&rsquo;\u00e9viter que les programmes d&rsquo;importation ne d\u00e9passent les n\u00e9cessit\u00e9s effectives de la production nationale. Pour le d\u00e9partement du Commerce ext\u00e9rieur, la r\u00e9ponse passe par un contr\u00f4le document\u00e9, une \u00e9valuation technique des demandes et une vigilance constante sur les flux d\u2019importation, dans l\u2019objectif affich\u00e9 de pr\u00e9server les int\u00e9r\u00eats et les ressources de l\u2019\u00e9conomie nationale.<\/p>\n\n\n\n<p class=\"wp-block-paragraph\">Sofia Chahine<\/p>\n","protected":false},"excerpt":{"rendered":"<p>Le minist\u00e8re du Commerce ext\u00e9rieur et de la Promotion des exportations a r\u00e9agi lundi \u00e0 une pol\u00e9mique n\u00e9e d&rsquo;une vid\u00e9o<\/p>\n","protected":false},"author":6,"featured_media":81648,"comment_status":"open","ping_status":"closed","sticky":false,"template":"","format":"standard","meta":{"colormag_page_container_layout":"default_layout","colormag_page_sidebar_layout":"default_layout","om_disable_all_campaigns":false,"_monsterinsights_skip_tracking":false,"footnotes":"","_wpscppro_dont_share_socialmedia":false,"_wpscppro_custom_social_share_image":0,"_facebook_share_type":"default","_twitter_share_type":"default","_linkedin_share_type":"default","_pinterest_share_type":"default","_linkedin_share_type_page":"","_instagram_share_type":"default","_medium_share_type":"default","_threads_share_type":"default","_google_business_share_type":"default","_bluesky_share_type":"default","_mastodon_share_type":"default","_selected_social_profile":[],"_wpsp_enable_custom_social_template":false,"_wpsp_social_scheduling":{"enabled":false,"datetime":null,"platforms":[],"status":"template_only","dateOption":"today","timeOption":"now","customDays":"","customHours":"","customDate":"","customTime":"","schedulingType":"absolute"},"_wpsp_active_default_template":true},"categories":[29],"tags":[],"class_list":["post-94730","post","type-post","status-publish","format-standard","has-post-thumbnail","hentry","category-economie"],"aioseo_notices":[],"aioseo_head":"\n\t\t<!-- All in One SEO 5.0.0.1 - aioseo.com -->\n\t<meta name=\"description\" content=\"Le minist\u00e8re du Commerce ext\u00e9rieur et de la Promotion des exportations a r\u00e9agi lundi \u00e0 une pol\u00e9mique n\u00e9e d&#039;une vid\u00e9o diffus\u00e9e sur les r\u00e9seaux sociaux par le g\u00e9rant d&#039;une entreprise priv\u00e9e sp\u00e9cialis\u00e9e dans la production d&#039;eau min\u00e9rale, Ben Belat. Ce dernier affirmait subir un &quot;retard dans l&#039;obtention du visa du programme pr\u00e9visionnel d&#039;importation de pi\u00e8ces\" \/>\n\t<meta name=\"robots\" content=\"max-image-preview:large\" \/>\n\t<meta name=\"author\" content=\"admin\"\/>\n\t<link rel=\"canonical\" href=\"https:\/\/lasentinelle.dz\/index.php\/2026\/09\/01\/programmes-previsionnels-dimportation-le-ministere-du-commerce-exterieur-recadre-un-producteur-deau-minerale\/\" \/>\n\t<meta name=\"generator\" content=\"All in One SEO (AIOSEO) 5.0.0.1\" \/>\n\t\t<meta property=\"og:locale\" content=\"fr_FR\" \/>\n\t\t<meta property=\"og:site_name\" content=\"La Sentinelle - Quotidien national d&#039;information\" \/>\n\t\t<meta property=\"og:type\" content=\"article\" \/>\n\t\t<meta property=\"og:title\" content=\"Programmes pr\u00e9visionnels d\u2019importation : Le minist\u00e8re du Commerce ext\u00e9rieur recadre un producteur d\u2019eau min\u00e9rale - La Sentinelle\" \/>\n\t\t<meta property=\"og:description\" content=\"Le minist\u00e8re du Commerce ext\u00e9rieur et de la Promotion des exportations a r\u00e9agi lundi \u00e0 une pol\u00e9mique n\u00e9e d&#039;une vid\u00e9o diffus\u00e9e sur les r\u00e9seaux sociaux par le g\u00e9rant d&#039;une entreprise priv\u00e9e sp\u00e9cialis\u00e9e dans la production d&#039;eau min\u00e9rale, Ben Belat. Ce dernier affirmait subir un &quot;retard dans l&#039;obtention du visa du programme pr\u00e9visionnel d&#039;importation de pi\u00e8ces\" \/>\n\t\t<meta property=\"og:url\" content=\"https:\/\/lasentinelle.dz\/index.php\/2026\/09\/01\/programmes-previsionnels-dimportation-le-ministere-du-commerce-exterieur-recadre-un-producteur-deau-minerale\/\" \/>\n\t\t<meta property=\"og:image\" content=\"https:\/\/lasentinelle.dz\/wp-content\/uploads\/2021\/09\/cropped-la-sentinelle-earth-golden-anima-5.gif\" \/>\n\t\t<meta property=\"og:image:secure_url\" content=\"https:\/\/lasentinelle.dz\/wp-content\/uploads\/2021\/09\/cropped-la-sentinelle-earth-golden-anima-5.gif\" \/>\n\t\t<meta property=\"og:image:width\" content=\"450\" \/>\n\t\t<meta property=\"og:image:height\" content=\"213\" \/>\n\t\t<meta property=\"article:published_time\" content=\"2026-09-01T09:59:47+00:00\" \/>\n\t\t<meta property=\"article:modified_time\" content=\"2026-09-01T09:59:50+00:00\" \/>\n\t\t<meta property=\"article:publisher\" content=\"https:\/\/www.facebook.com\/azzedine.lasentinelle.1\" \/>\n\t\t<meta name=\"twitter:card\" content=\"summary_large_image\" \/>\n\t\t<meta name=\"twitter:title\" content=\"Programmes pr\u00e9visionnels d\u2019importation : Le minist\u00e8re du Commerce ext\u00e9rieur recadre un producteur d\u2019eau min\u00e9rale - La Sentinelle\" \/>\n\t\t<meta name=\"twitter:description\" content=\"Le minist\u00e8re du Commerce ext\u00e9rieur et de la Promotion des exportations a r\u00e9agi lundi \u00e0 une pol\u00e9mique n\u00e9e d&#039;une vid\u00e9o diffus\u00e9e sur les r\u00e9seaux sociaux par le g\u00e9rant d&#039;une entreprise priv\u00e9e sp\u00e9cialis\u00e9e dans la production d&#039;eau min\u00e9rale, Ben Belat. Ce dernier affirmait subir un &quot;retard dans l&#039;obtention du visa du programme pr\u00e9visionnel d&#039;importation de pi\u00e8ces\" \/>\n\t\t<meta name=\"twitter:image\" content=\"https:\/\/lasentinelle.dz\/wp-content\/uploads\/2021\/09\/cropped-la-sentinelle-earth-golden-anima-5.gif\" \/>\n\t\t<script type=\"application\/ld+json\" class=\"aioseo-schema\">\n\t\t\t{\"@context\":\"https:\\\/\\\/schema.org\",\"@graph\":[{\"@type\":\"BlogPosting\",\"@id\":\"https:\\\/\\\/lasentinelle.dz\\\/index.php\\\/2026\\\/09\\\/01\\\/programmes-previsionnels-dimportation-le-ministere-du-commerce-exterieur-recadre-un-producteur-deau-minerale\\\/#blogposting\",\"name\":\"Programmes pr\\u00e9visionnels d\\u2019importation : Le minist\\u00e8re du Commerce ext\\u00e9rieur recadre un producteur d\\u2019eau min\\u00e9rale - La Sentinelle\",\"headline\":\"Programmes pr\\u00e9visionnels d\\u2019importation\\u00a0: Le minist\\u00e8re du Commerce ext\\u00e9rieur recadre un producteur d\\u2019eau min\\u00e9rale\",\"author\":{\"@id\":\"https:\\\/\\\/lasentinelle.dz\\\/author\\\/admin\\\/#author\"},\"publisher\":{\"@id\":\"https:\\\/\\\/lasentinelle.dz\\\/#organization\"},\"image\":{\"@type\":\"ImageObject\",\"url\":\"https:\\\/\\\/lasentinelle.dz\\\/wp-content\\\/uploads\\\/2026\\\/02\\\/ministere-commerce-exterieur.jpg\",\"width\":2048,\"height\":1152},\"datePublished\":\"2026-09-01T10:59:47+01:00\",\"dateModified\":\"2026-09-01T10:59:50+01:00\",\"inLanguage\":\"fr-FR\",\"mainEntityOfPage\":{\"@id\":\"https:\\\/\\\/lasentinelle.dz\\\/index.php\\\/2026\\\/09\\\/01\\\/programmes-previsionnels-dimportation-le-ministere-du-commerce-exterieur-recadre-un-producteur-deau-minerale\\\/#webpage\"},\"isPartOf\":{\"@id\":\"https:\\\/\\\/lasentinelle.dz\\\/index.php\\\/2026\\\/09\\\/01\\\/programmes-previsionnels-dimportation-le-ministere-du-commerce-exterieur-recadre-un-producteur-deau-minerale\\\/#webpage\"},\"articleSection\":\"\\u00c9conomie\"},{\"@type\":\"BreadcrumbList\",\"@id\":\"https:\\\/\\\/lasentinelle.dz\\\/index.php\\\/2026\\\/09\\\/01\\\/programmes-previsionnels-dimportation-le-ministere-du-commerce-exterieur-recadre-un-producteur-deau-minerale\\\/#breadcrumblist\",\"itemListElement\":[{\"@type\":\"ListItem\",\"@id\":\"https:\\\/\\\/lasentinelle.dz#listItem\",\"position\":1,\"name\":\"Home\",\"item\":\"https:\\\/\\\/lasentinelle.dz\",\"nextItem\":{\"@type\":\"ListItem\",\"@id\":\"https:\\\/\\\/lasentinelle.dz\\\/index.php\\\/category\\\/economie\\\/#listItem\",\"name\":\"\\u00c9conomie\"}},{\"@type\":\"ListItem\",\"@id\":\"https:\\\/\\\/lasentinelle.dz\\\/index.php\\\/category\\\/economie\\\/#listItem\",\"position\":2,\"name\":\"\\u00c9conomie\",\"item\":\"https:\\\/\\\/lasentinelle.dz\\\/index.php\\\/category\\\/economie\\\/\",\"nextItem\":{\"@type\":\"ListItem\",\"@id\":\"https:\\\/\\\/lasentinelle.dz\\\/index.php\\\/2026\\\/09\\\/01\\\/programmes-previsionnels-dimportation-le-ministere-du-commerce-exterieur-recadre-un-producteur-deau-minerale\\\/#listItem\",\"name\":\"Programmes pr\\u00e9visionnels d\\u2019importation\\u00a0: Le minist\\u00e8re du Commerce ext\\u00e9rieur recadre un producteur d\\u2019eau min\\u00e9rale\"},\"previousItem\":{\"@type\":\"ListItem\",\"@id\":\"https:\\\/\\\/lasentinelle.dz#listItem\",\"name\":\"Home\"}},{\"@type\":\"ListItem\",\"@id\":\"https:\\\/\\\/lasentinelle.dz\\\/index.php\\\/2026\\\/09\\\/01\\\/programmes-previsionnels-dimportation-le-ministere-du-commerce-exterieur-recadre-un-producteur-deau-minerale\\\/#listItem\",\"position\":3,\"name\":\"Programmes pr\\u00e9visionnels d\\u2019importation\\u00a0: Le minist\\u00e8re du Commerce ext\\u00e9rieur recadre un producteur d\\u2019eau min\\u00e9rale\",\"previousItem\":{\"@type\":\"ListItem\",\"@id\":\"https:\\\/\\\/lasentinelle.dz\\\/index.php\\\/category\\\/economie\\\/#listItem\",\"name\":\"\\u00c9conomie\"}}]},{\"@type\":\"Organization\",\"@id\":\"https:\\\/\\\/lasentinelle.dz\\\/#organization\",\"name\":\"La Sentinelle La Sentinelle\",\"description\":\"Quotidien national d'information\",\"url\":\"https:\\\/\\\/lasentinelle.dz\\\/\",\"logo\":{\"@type\":\"ImageObject\",\"url\":\"https:\\\/\\\/lasentinelle.dz\\\/wp-content\\\/uploads\\\/2021\\\/09\\\/cropped-la-sentinelle-earth-golden-anima-5.gif\",\"@id\":\"https:\\\/\\\/lasentinelle.dz\\\/index.php\\\/2026\\\/09\\\/01\\\/programmes-previsionnels-dimportation-le-ministere-du-commerce-exterieur-recadre-un-producteur-deau-minerale\\\/#organizationLogo\",\"width\":450,\"height\":213},\"image\":{\"@id\":\"https:\\\/\\\/lasentinelle.dz\\\/index.php\\\/2026\\\/09\\\/01\\\/programmes-previsionnels-dimportation-le-ministere-du-commerce-exterieur-recadre-un-producteur-deau-minerale\\\/#organizationLogo\"},\"sameAs\":[\"https:\\\/\\\/www.facebook.com\\\/azzedine.lasentinelle.1\"]},{\"@type\":\"Person\",\"@id\":\"https:\\\/\\\/lasentinelle.dz\\\/author\\\/admin\\\/#author\",\"url\":\"https:\\\/\\\/lasentinelle.dz\\\/author\\\/admin\\\/\",\"name\":\"admin\",\"image\":{\"@type\":\"ImageObject\",\"@id\":\"https:\\\/\\\/lasentinelle.dz\\\/index.php\\\/2026\\\/09\\\/01\\\/programmes-previsionnels-dimportation-le-ministere-du-commerce-exterieur-recadre-un-producteur-deau-minerale\\\/#authorImage\",\"url\":\"https:\\\/\\\/secure.gravatar.com\\\/avatar\\\/4c81fed838786e9b53f540bf46533e750f5d292099ae3b66cfc6fb1982e29df7?s=96&d=mm&r=g\",\"width\":96,\"height\":96,\"caption\":\"admin\"}},{\"@type\":\"WebPage\",\"@id\":\"https:\\\/\\\/lasentinelle.dz\\\/index.php\\\/2026\\\/09\\\/01\\\/programmes-previsionnels-dimportation-le-ministere-du-commerce-exterieur-recadre-un-producteur-deau-minerale\\\/#webpage\",\"url\":\"https:\\\/\\\/lasentinelle.dz\\\/index.php\\\/2026\\\/09\\\/01\\\/programmes-previsionnels-dimportation-le-ministere-du-commerce-exterieur-recadre-un-producteur-deau-minerale\\\/\",\"name\":\"Programmes pr\\u00e9visionnels d\\u2019importation : Le minist\\u00e8re du Commerce ext\\u00e9rieur recadre un producteur d\\u2019eau min\\u00e9rale - La Sentinelle\",\"description\":\"Le minist\\u00e8re du Commerce ext\\u00e9rieur et de la Promotion des exportations a r\\u00e9agi lundi \\u00e0 une pol\\u00e9mique n\\u00e9e d'une vid\\u00e9o diffus\\u00e9e sur les r\\u00e9seaux sociaux par le g\\u00e9rant d'une entreprise priv\\u00e9e sp\\u00e9cialis\\u00e9e dans la production d'eau min\\u00e9rale, Ben Belat. Ce dernier affirmait subir un \\\"retard dans l'obtention du visa du programme pr\\u00e9visionnel d'importation de pi\\u00e8ces\",\"inLanguage\":\"fr-FR\",\"isPartOf\":{\"@id\":\"https:\\\/\\\/lasentinelle.dz\\\/#website\"},\"breadcrumb\":{\"@id\":\"https:\\\/\\\/lasentinelle.dz\\\/index.php\\\/2026\\\/09\\\/01\\\/programmes-previsionnels-dimportation-le-ministere-du-commerce-exterieur-recadre-un-producteur-deau-minerale\\\/#breadcrumblist\"},\"author\":{\"@id\":\"https:\\\/\\\/lasentinelle.dz\\\/author\\\/admin\\\/#author\"},\"creator\":{\"@id\":\"https:\\\/\\\/lasentinelle.dz\\\/author\\\/admin\\\/#author\"},\"image\":{\"@type\":\"ImageObject\",\"url\":\"https:\\\/\\\/lasentinelle.dz\\\/wp-content\\\/uploads\\\/2026\\\/02\\\/ministere-commerce-exterieur.jpg\",\"@id\":\"https:\\\/\\\/lasentinelle.dz\\\/index.php\\\/2026\\\/09\\\/01\\\/programmes-previsionnels-dimportation-le-ministere-du-commerce-exterieur-recadre-un-producteur-deau-minerale\\\/#mainImage\",\"width\":2048,\"height\":1152},\"primaryImageOfPage\":{\"@id\":\"https:\\\/\\\/lasentinelle.dz\\\/index.php\\\/2026\\\/09\\\/01\\\/programmes-previsionnels-dimportation-le-ministere-du-commerce-exterieur-recadre-un-producteur-deau-minerale\\\/#mainImage\"},\"datePublished\":\"2026-09-01T10:59:47+01:00\",\"dateModified\":\"2026-09-01T10:59:50+01:00\"},{\"@type\":\"WebSite\",\"@id\":\"https:\\\/\\\/lasentinelle.dz\\\/#website\",\"url\":\"https:\\\/\\\/lasentinelle.dz\\\/\",\"name\":\"La Sentinelle\",\"description\":\"Quotidien national d'information\",\"inLanguage\":\"fr-FR\",\"publisher\":{\"@id\":\"https:\\\/\\\/lasentinelle.dz\\\/#organization\"}}]}\n\t\t<\/script>\n\t\t<!-- All in One SEO -->\n\n","aioseo_head_json":{"title":"Programmes pr\u00e9visionnels d\u2019importation : Le minist\u00e8re du Commerce ext\u00e9rieur recadre un producteur d\u2019eau min\u00e9rale - La Sentinelle","description":"Le minist\u00e8re du Commerce ext\u00e9rieur et de la Promotion des exportations a r\u00e9agi lundi \u00e0 une pol\u00e9mique n\u00e9e d'une vid\u00e9o diffus\u00e9e sur les r\u00e9seaux sociaux par le g\u00e9rant d'une entreprise priv\u00e9e sp\u00e9cialis\u00e9e dans la production d'eau min\u00e9rale, Ben Belat. Ce dernier affirmait subir un \"retard dans l'obtention du visa du programme pr\u00e9visionnel d'importation de pi\u00e8ces","canonical_url":"https:\/\/lasentinelle.dz\/index.php\/2026\/09\/01\/programmes-previsionnels-dimportation-le-ministere-du-commerce-exterieur-recadre-un-producteur-deau-minerale\/","robots":"max-image-preview:large","keywords":"","webmasterTools":{"miscellaneous":""},"schema":{"@context":"https:\/\/schema.org","@graph":[{"@type":"BlogPosting","@id":"https:\/\/lasentinelle.dz\/index.php\/2026\/09\/01\/programmes-previsionnels-dimportation-le-ministere-du-commerce-exterieur-recadre-un-producteur-deau-minerale\/#blogposting","name":"Programmes pr\u00e9visionnels d\u2019importation : Le minist\u00e8re du Commerce ext\u00e9rieur recadre un producteur d\u2019eau min\u00e9rale - La Sentinelle","headline":"Programmes pr\u00e9visionnels d\u2019importation\u00a0: Le minist\u00e8re du Commerce ext\u00e9rieur recadre un producteur d\u2019eau min\u00e9rale","author":{"@id":"https:\/\/lasentinelle.dz\/author\/admin\/#author"},"publisher":{"@id":"https:\/\/lasentinelle.dz\/#organization"},"image":{"@type":"ImageObject","url":"https:\/\/lasentinelle.dz\/wp-content\/uploads\/2026\/02\/ministere-commerce-exterieur.jpg","width":2048,"height":1152},"datePublished":"2026-09-01T10:59:47+01:00","dateModified":"2026-09-01T10:59:50+01:00","inLanguage":"fr-FR","mainEntityOfPage":{"@id":"https:\/\/lasentinelle.dz\/index.php\/2026\/09\/01\/programmes-previsionnels-dimportation-le-ministere-du-commerce-exterieur-recadre-un-producteur-deau-minerale\/#webpage"},"isPartOf":{"@id":"https:\/\/lasentinelle.dz\/index.php\/2026\/09\/01\/programmes-previsionnels-dimportation-le-ministere-du-commerce-exterieur-recadre-un-producteur-deau-minerale\/#webpage"},"articleSection":"\u00c9conomie"},{"@type":"BreadcrumbList","@id":"https:\/\/lasentinelle.dz\/index.php\/2026\/09\/01\/programmes-previsionnels-dimportation-le-ministere-du-commerce-exterieur-recadre-un-producteur-deau-minerale\/#breadcrumblist","itemListElement":[{"@type":"ListItem","@id":"https:\/\/lasentinelle.dz#listItem","position":1,"name":"Home","item":"https:\/\/lasentinelle.dz","nextItem":{"@type":"ListItem","@id":"https:\/\/lasentinelle.dz\/index.php\/category\/economie\/#listItem","name":"\u00c9conomie"}},{"@type":"ListItem","@id":"https:\/\/lasentinelle.dz\/index.php\/category\/economie\/#listItem","position":2,"name":"\u00c9conomie","item":"https:\/\/lasentinelle.dz\/index.php\/category\/economie\/","nextItem":{"@type":"ListItem","@id":"https:\/\/lasentinelle.dz\/index.php\/2026\/09\/01\/programmes-previsionnels-dimportation-le-ministere-du-commerce-exterieur-recadre-un-producteur-deau-minerale\/#listItem","name":"Programmes pr\u00e9visionnels d\u2019importation\u00a0: Le minist\u00e8re du Commerce ext\u00e9rieur recadre un producteur d\u2019eau min\u00e9rale"},"previousItem":{"@type":"ListItem","@id":"https:\/\/lasentinelle.dz#listItem","name":"Home"}},{"@type":"ListItem","@id":"https:\/\/lasentinelle.dz\/index.php\/2026\/09\/01\/programmes-previsionnels-dimportation-le-ministere-du-commerce-exterieur-recadre-un-producteur-deau-minerale\/#listItem","position":3,"name":"Programmes pr\u00e9visionnels d\u2019importation\u00a0: Le minist\u00e8re du Commerce ext\u00e9rieur recadre un producteur d\u2019eau min\u00e9rale","previousItem":{"@type":"ListItem","@id":"https:\/\/lasentinelle.dz\/index.php\/category\/economie\/#listItem","name":"\u00c9conomie"}}]},{"@type":"Organization","@id":"https:\/\/lasentinelle.dz\/#organization","name":"La Sentinelle La Sentinelle","description":"Quotidien national d'information","url":"https:\/\/lasentinelle.dz\/","logo":{"@type":"ImageObject","url":"https:\/\/lasentinelle.dz\/wp-content\/uploads\/2021\/09\/cropped-la-sentinelle-earth-golden-anima-5.gif","@id":"https:\/\/lasentinelle.dz\/index.php\/2026\/09\/01\/programmes-previsionnels-dimportation-le-ministere-du-commerce-exterieur-recadre-un-producteur-deau-minerale\/#organizationLogo","width":450,"height":213},"image":{"@id":"https:\/\/lasentinelle.dz\/index.php\/2026\/09\/01\/programmes-previsionnels-dimportation-le-ministere-du-commerce-exterieur-recadre-un-producteur-deau-minerale\/#organizationLogo"},"sameAs":["https:\/\/www.facebook.com\/azzedine.lasentinelle.1"]},{"@type":"Person","@id":"https:\/\/lasentinelle.dz\/author\/admin\/#author","url":"https:\/\/lasentinelle.dz\/author\/admin\/","name":"admin","image":{"@type":"ImageObject","@id":"https:\/\/lasentinelle.dz\/index.php\/2026\/09\/01\/programmes-previsionnels-dimportation-le-ministere-du-commerce-exterieur-recadre-un-producteur-deau-minerale\/#authorImage","url":"https:\/\/secure.gravatar.com\/avatar\/4c81fed838786e9b53f540bf46533e750f5d292099ae3b66cfc6fb1982e29df7?s=96&d=mm&r=g","width":96,"height":96,"caption":"admin"}},{"@type":"WebPage","@id":"https:\/\/lasentinelle.dz\/index.php\/2026\/09\/01\/programmes-previsionnels-dimportation-le-ministere-du-commerce-exterieur-recadre-un-producteur-deau-minerale\/#webpage","url":"https:\/\/lasentinelle.dz\/index.php\/2026\/09\/01\/programmes-previsionnels-dimportation-le-ministere-du-commerce-exterieur-recadre-un-producteur-deau-minerale\/","name":"Programmes pr\u00e9visionnels d\u2019importation : Le minist\u00e8re du Commerce ext\u00e9rieur recadre un producteur d\u2019eau min\u00e9rale - La Sentinelle","description":"Le minist\u00e8re du Commerce ext\u00e9rieur et de la Promotion des exportations a r\u00e9agi lundi \u00e0 une pol\u00e9mique n\u00e9e d'une vid\u00e9o diffus\u00e9e sur les r\u00e9seaux sociaux par le g\u00e9rant d'une entreprise priv\u00e9e sp\u00e9cialis\u00e9e dans la production d'eau min\u00e9rale, Ben Belat. Ce dernier affirmait subir un \"retard dans l'obtention du visa du programme pr\u00e9visionnel d'importation de pi\u00e8ces","inLanguage":"fr-FR","isPartOf":{"@id":"https:\/\/lasentinelle.dz\/#website"},"breadcrumb":{"@id":"https:\/\/lasentinelle.dz\/index.php\/2026\/09\/01\/programmes-previsionnels-dimportation-le-ministere-du-commerce-exterieur-recadre-un-producteur-deau-minerale\/#breadcrumblist"},"author":{"@id":"https:\/\/lasentinelle.dz\/author\/admin\/#author"},"creator":{"@id":"https:\/\/lasentinelle.dz\/author\/admin\/#author"},"image":{"@type":"ImageObject","url":"https:\/\/lasentinelle.dz\/wp-content\/uploads\/2026\/02\/ministere-commerce-exterieur.jpg","@id":"https:\/\/lasentinelle.dz\/index.php\/2026\/09\/01\/programmes-previsionnels-dimportation-le-ministere-du-commerce-exterieur-recadre-un-producteur-deau-minerale\/#mainImage","width":2048,"height":1152},"primaryImageOfPage":{"@id":"https:\/\/lasentinelle.dz\/index.php\/2026\/09\/01\/programmes-previsionnels-dimportation-le-ministere-du-commerce-exterieur-recadre-un-producteur-deau-minerale\/#mainImage"},"datePublished":"2026-09-01T10:59:47+01:00","dateModified":"2026-09-01T10:59:50+01:00"},{"@type":"WebSite","@id":"https:\/\/lasentinelle.dz\/#website","url":"https:\/\/lasentinelle.dz\/","name":"La Sentinelle","description":"Quotidien national d'information","inLanguage":"fr-FR","publisher":{"@id":"https:\/\/lasentinelle.dz\/#organization"}}]},"og:locale":"fr_FR","og:site_name":"La Sentinelle - Quotidien national d'information","og:type":"article","og:title":"Programmes pr\u00e9visionnels d\u2019importation : Le minist\u00e8re du Commerce ext\u00e9rieur recadre un producteur d\u2019eau min\u00e9rale - La Sentinelle","og:description":"Le minist\u00e8re du Commerce ext\u00e9rieur et de la Promotion des exportations a r\u00e9agi lundi \u00e0 une pol\u00e9mique n\u00e9e d'une vid\u00e9o diffus\u00e9e sur les r\u00e9seaux sociaux par le g\u00e9rant d'une entreprise priv\u00e9e sp\u00e9cialis\u00e9e dans la production d'eau min\u00e9rale, Ben Belat. Ce dernier affirmait subir un &quot;retard dans l'obtention du visa du programme pr\u00e9visionnel d'importation de pi\u00e8ces","og:url":"https:\/\/lasentinelle.dz\/index.php\/2026\/09\/01\/programmes-previsionnels-dimportation-le-ministere-du-commerce-exterieur-recadre-un-producteur-deau-minerale\/","og:image":"https:\/\/lasentinelle.dz\/wp-content\/uploads\/2021\/09\/cropped-la-sentinelle-earth-golden-anima-5.gif","og:image:secure_url":"https:\/\/lasentinelle.dz\/wp-content\/uploads\/2021\/09\/cropped-la-sentinelle-earth-golden-anima-5.gif","og:image:width":450,"og:image:height":213,"article:published_time":"2026-09-01T09:59:47+00:00","article:modified_time":"2026-09-01T09:59:50+00:00","article:publisher":"https:\/\/www.facebook.com\/azzedine.lasentinelle.1","twitter:card":"summary_large_image","twitter:title":"Programmes pr\u00e9visionnels d\u2019importation : Le minist\u00e8re du Commerce ext\u00e9rieur recadre un producteur d\u2019eau min\u00e9rale - La Sentinelle","twitter:description":"Le minist\u00e8re du Commerce ext\u00e9rieur et de la Promotion des exportations a r\u00e9agi lundi \u00e0 une pol\u00e9mique n\u00e9e d'une vid\u00e9o diffus\u00e9e sur les r\u00e9seaux sociaux par le g\u00e9rant d'une entreprise priv\u00e9e sp\u00e9cialis\u00e9e dans la production d'eau min\u00e9rale, Ben Belat. Ce dernier affirmait subir un &quot;retard dans l'obtention du visa du programme pr\u00e9visionnel d'importation de pi\u00e8ces","twitter:image":"https:\/\/lasentinelle.dz\/wp-content\/uploads\/2021\/09\/cropped-la-sentinelle-earth-golden-anima-5.gif"},"aioseo_meta_data":{"post_id":"94730","title":null,"description":null,"keywords":null,"keyphrases":{"focus":{"keyphrase":"","score":0,"analysis":{"keyphraseInTitle":{"score":0,"maxScore":9,"error":1}}},"additional":[]},"primary_term":null,"canonical_url":null,"og_title":null,"og_description":null,"og_object_type":"default","og_image_type":"default","og_image_url":null,"og_image_width":null,"og_image_height":null,"og_image_custom_url":null,"og_image_custom_fields":null,"og_video":"","og_custom_url":null,"og_article_section":null,"og_article_tags":null,"twitter_use_og":false,"twitter_card":"default","twitter_image_type":"default","twitter_image_url":null,"twitter_image_custom_url":null,"twitter_image_custom_fields":null,"twitter_title":null,"twitter_description":null,"schema":{"blockGraphs":[],"customGraphs":[],"default":{"data":{"Article":[],"Course":[],"Dataset":[],"FAQPage":[],"Movie":[],"Person":[],"Product":[],"ProductReview":[],"Car":[],"Recipe":[],"Service":[],"SoftwareApplication":[],"WebPage":[]},"graphName":"BlogPosting","isEnabled":true},"graphs":[]},"schema_type":"default","schema_type_options":null,"pillar_content":false,"robots_default":true,"robots_noindex":false,"robots_noarchive":false,"robots_nosnippet":false,"robots_nofollow":false,"robots_noimageindex":false,"robots_noodp":false,"robots_notranslate":false,"robots_max_snippet":"-1","robots_max_videopreview":"-1","robots_max_imagepreview":"large","priority":null,"frequency":"default","local_seo":null,"breadcrumb_settings":null,"limit_modified_date":false,"ai":{"faqs":[],"keyPoints":[],"schemas":[],"titles":[],"descriptions":[],"socialPosts":{"email":{"subject":"","preview":"","content":""},"linkedin":[],"twitter":[],"facebook":[],"instagram":[]}},"created":"2026-09-01 09:59:51","updated":"2026-09-01 11:06:29","focus_keyword":null,"additional_keywords":null,"truseo_locale":null,"seo_analyzer_scan_date":null},"aioseo_breadcrumb":"<div class=\"aioseo-breadcrumbs\"><span class=\"aioseo-breadcrumb\">\n\t\t\t<a href=\"https:\/\/lasentinelle.dz\" title=\"Home\">Home<\/a>\n\t\t<\/span><span class=\"aioseo-breadcrumb-separator\">&raquo;<\/span><span class=\"aioseo-breadcrumb\">\n\t\t\t<a href=\"https:\/\/lasentinelle.dz\/index.php\/category\/economie\/\" title=\"\u00c9conomie\">\u00c9conomie<\/a>\n\t\t<\/span><span class=\"aioseo-breadcrumb-separator\">&raquo;<\/span><span class=\"aioseo-breadcrumb\">\n\t\t\tProgrammes pr\u00e9visionnels d\u2019importation : Le minist\u00e8re du Commerce ext\u00e9rieur recadre un producteur d\u2019eau min\u00e9rale\n\t\t<\/span><\/div>","aioseo_breadcrumb_json":[{"label":"Home","link":"https:\/\/lasentinelle.dz"},{"label":"\u00c9conomie","link":"https:\/\/lasentinelle.dz\/index.php\/category\/economie\/"},{"label":"Programmes pr\u00e9visionnels d\u2019importation\u00a0: Le minist\u00e8re du Commerce ext\u00e9rieur recadre un producteur d\u2019eau min\u00e9rale","link":"https:\/\/lasentinelle.dz\/index.php\/2026\/09\/01\/programmes-previsionnels-dimportation-le-ministere-du-commerce-exterieur-recadre-un-producteur-deau-minerale\/"}],"yoast_head":"<!-- This site is optimized with the Yoast SEO plugin v28.3 - https:\/\/yoast.com\/product\/yoast-seo-wordpress\/ -->\n<title>Programmes pr\u00e9visionnels d\u2019importation\u00a0: Le minist\u00e8re du Commerce ext\u00e9rieur recadre un producteur d\u2019eau min\u00e9rale - La Sentinelle<\/title>\n<meta name=\"robots\" content=\"index, follow, max-snippet:-1, max-image-preview:large, max-video-preview:-1\" \/>\n<link rel=\"canonical\" href=\"https:\/\/lasentinelle.dz\/index.php\/2026\/09\/01\/programmes-previsionnels-dimportation-le-ministere-du-commerce-exterieur-recadre-un-producteur-deau-minerale\/\" \/>\n<meta property=\"og:locale\" content=\"fr_FR\" \/>\n<meta property=\"og:type\" content=\"article\" \/>\n<meta property=\"og:title\" content=\"Programmes pr\u00e9visionnels d\u2019importation\u00a0: Le minist\u00e8re du Commerce ext\u00e9rieur recadre un producteur d\u2019eau min\u00e9rale - La Sentinelle\" \/>\n<meta property=\"og:description\" content=\"Le minist\u00e8re du Commerce ext\u00e9rieur et de la Promotion des exportations a r\u00e9agi lundi \u00e0 une pol\u00e9mique n\u00e9e d&rsquo;une vid\u00e9o\" \/>\n<meta property=\"og:url\" content=\"https:\/\/lasentinelle.dz\/index.php\/2026\/09\/01\/programmes-previsionnels-dimportation-le-ministere-du-commerce-exterieur-recadre-un-producteur-deau-minerale\/\" \/>\n<meta property=\"og:site_name\" content=\"La Sentinelle\" \/>\n<meta property=\"article:publisher\" content=\"https:\/\/www.facebook.com\/La-Sentinelle-104059864394773\" \/>\n<meta property=\"article:published_time\" content=\"2026-09-01T09:59:47+00:00\" \/>\n<meta property=\"article:modified_time\" content=\"2026-09-01T09:59:50+00:00\" \/>\n<meta property=\"og:image\" content=\"https:\/\/lasentinelle.dz\/wp-content\/uploads\/2026\/02\/ministere-commerce-exterieur.jpg\" \/>\n\t<meta property=\"og:image:width\" content=\"2048\" \/>\n\t<meta property=\"og:image:height\" content=\"1152\" \/>\n\t<meta property=\"og:image:type\" content=\"image\/jpeg\" \/>\n<meta name=\"author\" content=\"admin\" \/>\n<meta name=\"twitter:card\" content=\"summary_large_image\" \/>\n<meta name=\"twitter:label1\" content=\"\u00c9crit par\" \/>\n\t<meta name=\"twitter:data1\" content=\"admin\" \/>\n\t<meta name=\"twitter:label2\" content=\"Dur\u00e9e de lecture estim\u00e9e\" \/>\n\t<meta name=\"twitter:data2\" content=\"4 minutes\" \/>\n<script type=\"application\/ld+json\" class=\"yoast-schema-graph\">{\"@context\":\"https:\\\/\\\/schema.org\",\"@graph\":[{\"@type\":\"Article\",\"@id\":\"https:\\\/\\\/lasentinelle.dz\\\/index.php\\\/2026\\\/09\\\/01\\\/programmes-previsionnels-dimportation-le-ministere-du-commerce-exterieur-recadre-un-producteur-deau-minerale\\\/#article\",\"isPartOf\":{\"@id\":\"https:\\\/\\\/lasentinelle.dz\\\/index.php\\\/2026\\\/09\\\/01\\\/programmes-previsionnels-dimportation-le-ministere-du-commerce-exterieur-recadre-un-producteur-deau-minerale\\\/\"},\"author\":{\"name\":\"admin\",\"@id\":\"https:\\\/\\\/lasentinelle.dz\\\/#\\\/schema\\\/person\\\/729ee0024f24e0b8c5ec17232f8e8b41\"},\"headline\":\"Programmes pr\u00e9visionnels d\u2019importation\u00a0: Le minist\u00e8re du Commerce ext\u00e9rieur recadre un producteur d\u2019eau min\u00e9rale\",\"datePublished\":\"2026-09-01T09:59:47+00:00\",\"dateModified\":\"2026-09-01T09:59:50+00:00\",\"mainEntityOfPage\":{\"@id\":\"https:\\\/\\\/lasentinelle.dz\\\/index.php\\\/2026\\\/09\\\/01\\\/programmes-previsionnels-dimportation-le-ministere-du-commerce-exterieur-recadre-un-producteur-deau-minerale\\\/\"},\"wordCount\":734,\"commentCount\":0,\"publisher\":{\"@id\":\"https:\\\/\\\/lasentinelle.dz\\\/#organization\"},\"image\":{\"@id\":\"https:\\\/\\\/lasentinelle.dz\\\/index.php\\\/2026\\\/09\\\/01\\\/programmes-previsionnels-dimportation-le-ministere-du-commerce-exterieur-recadre-un-producteur-deau-minerale\\\/#primaryimage\"},\"thumbnailUrl\":\"https:\\\/\\\/lasentinelle.dz\\\/wp-content\\\/uploads\\\/2026\\\/02\\\/ministere-commerce-exterieur.jpg\",\"articleSection\":[\"\u00c9conomie\"],\"inLanguage\":\"fr-FR\",\"potentialAction\":[{\"@type\":\"CommentAction\",\"name\":\"Comment\",\"target\":[\"https:\\\/\\\/lasentinelle.dz\\\/index.php\\\/2026\\\/09\\\/01\\\/programmes-previsionnels-dimportation-le-ministere-du-commerce-exterieur-recadre-un-producteur-deau-minerale\\\/#respond\"]}]},{\"@type\":\"WebPage\",\"@id\":\"https:\\\/\\\/lasentinelle.dz\\\/index.php\\\/2026\\\/09\\\/01\\\/programmes-previsionnels-dimportation-le-ministere-du-commerce-exterieur-recadre-un-producteur-deau-minerale\\\/\",\"url\":\"https:\\\/\\\/lasentinelle.dz\\\/index.php\\\/2026\\\/09\\\/01\\\/programmes-previsionnels-dimportation-le-ministere-du-commerce-exterieur-recadre-un-producteur-deau-minerale\\\/\",\"name\":\"Programmes pr\u00e9visionnels d\u2019importation\u00a0: Le minist\u00e8re du Commerce ext\u00e9rieur recadre un producteur d\u2019eau min\u00e9rale - La Sentinelle\",\"isPartOf\":{\"@id\":\"https:\\\/\\\/lasentinelle.dz\\\/#website\"},\"primaryImageOfPage\":{\"@id\":\"https:\\\/\\\/lasentinelle.dz\\\/index.php\\\/2026\\\/09\\\/01\\\/programmes-previsionnels-dimportation-le-ministere-du-commerce-exterieur-recadre-un-producteur-deau-minerale\\\/#primaryimage\"},\"image\":{\"@id\":\"https:\\\/\\\/lasentinelle.dz\\\/index.php\\\/2026\\\/09\\\/01\\\/programmes-previsionnels-dimportation-le-ministere-du-commerce-exterieur-recadre-un-producteur-deau-minerale\\\/#primaryimage\"},\"thumbnailUrl\":\"https:\\\/\\\/lasentinelle.dz\\\/wp-content\\\/uploads\\\/2026\\\/02\\\/ministere-commerce-exterieur.jpg\",\"datePublished\":\"2026-09-01T09:59:47+00:00\",\"dateModified\":\"2026-09-01T09:59:50+00:00\",\"breadcrumb\":{\"@id\":\"https:\\\/\\\/lasentinelle.dz\\\/index.php\\\/2026\\\/09\\\/01\\\/programmes-previsionnels-dimportation-le-ministere-du-commerce-exterieur-recadre-un-producteur-deau-minerale\\\/#breadcrumb\"},\"inLanguage\":\"fr-FR\",\"potentialAction\":[{\"@type\":\"ReadAction\",\"target\":[\"https:\\\/\\\/lasentinelle.dz\\\/index.php\\\/2026\\\/09\\\/01\\\/programmes-previsionnels-dimportation-le-ministere-du-commerce-exterieur-recadre-un-producteur-deau-minerale\\\/\"]}]},{\"@type\":\"ImageObject\",\"inLanguage\":\"fr-FR\",\"@id\":\"https:\\\/\\\/lasentinelle.dz\\\/index.php\\\/2026\\\/09\\\/01\\\/programmes-previsionnels-dimportation-le-ministere-du-commerce-exterieur-recadre-un-producteur-deau-minerale\\\/#primaryimage\",\"url\":\"https:\\\/\\\/lasentinelle.dz\\\/wp-content\\\/uploads\\\/2026\\\/02\\\/ministere-commerce-exterieur.jpg\",\"contentUrl\":\"https:\\\/\\\/lasentinelle.dz\\\/wp-content\\\/uploads\\\/2026\\\/02\\\/ministere-commerce-exterieur.jpg\",\"width\":2048,\"height\":1152},{\"@type\":\"BreadcrumbList\",\"@id\":\"https:\\\/\\\/lasentinelle.dz\\\/index.php\\\/2026\\\/09\\\/01\\\/programmes-previsionnels-dimportation-le-ministere-du-commerce-exterieur-recadre-un-producteur-deau-minerale\\\/#breadcrumb\",\"itemListElement\":[{\"@type\":\"ListItem\",\"position\":1,\"name\":\"Accueil\",\"item\":\"https:\\\/\\\/lasentinelle.dz\\\/\"},{\"@type\":\"ListItem\",\"position\":2,\"name\":\"Programmes pr\u00e9visionnels d\u2019importation\u00a0: Le minist\u00e8re du Commerce ext\u00e9rieur recadre un producteur d\u2019eau min\u00e9rale\"}]},{\"@type\":\"WebSite\",\"@id\":\"https:\\\/\\\/lasentinelle.dz\\\/#website\",\"url\":\"https:\\\/\\\/lasentinelle.dz\\\/\",\"name\":\"La Sentinelle\",\"description\":\"Quotidien national d&#039;information\",\"publisher\":{\"@id\":\"https:\\\/\\\/lasentinelle.dz\\\/#organization\"},\"potentialAction\":[{\"@type\":\"SearchAction\",\"target\":{\"@type\":\"EntryPoint\",\"urlTemplate\":\"https:\\\/\\\/lasentinelle.dz\\\/?s={search_term_string}\"},\"query-input\":{\"@type\":\"PropertyValueSpecification\",\"valueRequired\":true,\"valueName\":\"search_term_string\"}}],\"inLanguage\":\"fr-FR\"},{\"@type\":\"Organization\",\"@id\":\"https:\\\/\\\/lasentinelle.dz\\\/#organization\",\"name\":\"Quotidien La Sentinelle\",\"url\":\"https:\\\/\\\/lasentinelle.dz\\\/\",\"logo\":{\"@type\":\"ImageObject\",\"inLanguage\":\"fr-FR\",\"@id\":\"https:\\\/\\\/lasentinelle.dz\\\/#\\\/schema\\\/logo\\\/image\\\/\",\"url\":\"https:\\\/\\\/lasentinelle.dz\\\/wp-content\\\/uploads\\\/2021\\\/09\\\/logo-sentinelleSLOGAN-1.png\",\"contentUrl\":\"https:\\\/\\\/lasentinelle.dz\\\/wp-content\\\/uploads\\\/2021\\\/09\\\/logo-sentinelleSLOGAN-1.png\",\"width\":615,\"height\":142,\"caption\":\"Quotidien La Sentinelle\"},\"image\":{\"@id\":\"https:\\\/\\\/lasentinelle.dz\\\/#\\\/schema\\\/logo\\\/image\\\/\"},\"sameAs\":[\"https:\\\/\\\/www.facebook.com\\\/La-Sentinelle-104059864394773\"]},{\"@type\":\"Person\",\"@id\":\"https:\\\/\\\/lasentinelle.dz\\\/#\\\/schema\\\/person\\\/729ee0024f24e0b8c5ec17232f8e8b41\",\"name\":\"admin\",\"image\":{\"@type\":\"ImageObject\",\"inLanguage\":\"fr-FR\",\"@id\":\"https:\\\/\\\/secure.gravatar.com\\\/avatar\\\/4c81fed838786e9b53f540bf46533e750f5d292099ae3b66cfc6fb1982e29df7?s=96&d=mm&r=g\",\"url\":\"https:\\\/\\\/secure.gravatar.com\\\/avatar\\\/4c81fed838786e9b53f540bf46533e750f5d292099ae3b66cfc6fb1982e29df7?s=96&d=mm&r=g\",\"contentUrl\":\"https:\\\/\\\/secure.gravatar.com\\\/avatar\\\/4c81fed838786e9b53f540bf46533e750f5d292099ae3b66cfc6fb1982e29df7?s=96&d=mm&r=g\",\"caption\":\"admin\"},\"description\":\"admin\",\"url\":\"https:\\\/\\\/lasentinelle.dz\\\/author\\\/admin\\\/\"}]}<\/script>\n<!-- \/ Yoast SEO plugin. -->","yoast_head_json":{"title":"Programmes pr\u00e9visionnels d\u2019importation\u00a0: Le minist\u00e8re du Commerce ext\u00e9rieur recadre un producteur d\u2019eau min\u00e9rale - La Sentinelle","robots":{"index":"index","follow":"follow","max-snippet":"max-snippet:-1","max-image-preview":"max-image-preview:large","max-video-preview":"max-video-preview:-1"},"canonical":"https:\/\/lasentinelle.dz\/index.php\/2026\/09\/01\/programmes-previsionnels-dimportation-le-ministere-du-commerce-exterieur-recadre-un-producteur-deau-minerale\/","og_locale":"fr_FR","og_type":"article","og_title":"Programmes pr\u00e9visionnels d\u2019importation\u00a0: Le minist\u00e8re du Commerce ext\u00e9rieur recadre un producteur d\u2019eau min\u00e9rale - La Sentinelle","og_description":"Le minist\u00e8re du Commerce ext\u00e9rieur et de la Promotion des exportations a r\u00e9agi lundi \u00e0 une pol\u00e9mique n\u00e9e d&rsquo;une vid\u00e9o","og_url":"https:\/\/lasentinelle.dz\/index.php\/2026\/09\/01\/programmes-previsionnels-dimportation-le-ministere-du-commerce-exterieur-recadre-un-producteur-deau-minerale\/","og_site_name":"La Sentinelle","article_publisher":"https:\/\/www.facebook.com\/La-Sentinelle-104059864394773","article_published_time":"2026-09-01T09:59:47+00:00","article_modified_time":"2026-09-01T09:59:50+00:00","og_image":[{"width":2048,"height":1152,"url":"https:\/\/lasentinelle.dz\/wp-content\/uploads\/2026\/02\/ministere-commerce-exterieur.jpg","type":"image\/jpeg"}],"author":"admin","twitter_card":"summary_large_image","twitter_misc":{"\u00c9crit par":"admin","Dur\u00e9e de lecture estim\u00e9e":"4 minutes"},"schema":{"@context":"https:\/\/schema.org","@graph":[{"@type":"Article","@id":"https:\/\/lasentinelle.dz\/index.php\/2026\/09\/01\/programmes-previsionnels-dimportation-le-ministere-du-commerce-exterieur-recadre-un-producteur-deau-minerale\/#article","isPartOf":{"@id":"https:\/\/lasentinelle.dz\/index.php\/2026\/09\/01\/programmes-previsionnels-dimportation-le-ministere-du-commerce-exterieur-recadre-un-producteur-deau-minerale\/"},"author":{"name":"admin","@id":"https:\/\/lasentinelle.dz\/#\/schema\/person\/729ee0024f24e0b8c5ec17232f8e8b41"},"headline":"Programmes pr\u00e9visionnels d\u2019importation\u00a0: Le minist\u00e8re du Commerce ext\u00e9rieur recadre un producteur d\u2019eau min\u00e9rale","datePublished":"2026-09-01T09:59:47+00:00","dateModified":"2026-09-01T09:59:50+00:00","mainEntityOfPage":{"@id":"https:\/\/lasentinelle.dz\/index.php\/2026\/09\/01\/programmes-previsionnels-dimportation-le-ministere-du-commerce-exterieur-recadre-un-producteur-deau-minerale\/"},"wordCount":734,"commentCount":0,"publisher":{"@id":"https:\/\/lasentinelle.dz\/#organization"},"image":{"@id":"https:\/\/lasentinelle.dz\/index.php\/2026\/09\/01\/programmes-previsionnels-dimportation-le-ministere-du-commerce-exterieur-recadre-un-producteur-deau-minerale\/#primaryimage"},"thumbnailUrl":"https:\/\/lasentinelle.dz\/wp-content\/uploads\/2026\/02\/ministere-commerce-exterieur.jpg","articleSection":["\u00c9conomie"],"inLanguage":"fr-FR","potentialAction":[{"@type":"CommentAction","name":"Comment","target":["https:\/\/lasentinelle.dz\/index.php\/2026\/09\/01\/programmes-previsionnels-dimportation-le-ministere-du-commerce-exterieur-recadre-un-producteur-deau-minerale\/#respond"]}]},{"@type":"WebPage","@id":"https:\/\/lasentinelle.dz\/index.php\/2026\/09\/01\/programmes-previsionnels-dimportation-le-ministere-du-commerce-exterieur-recadre-un-producteur-deau-minerale\/","url":"https:\/\/lasentinelle.dz\/index.php\/2026\/09\/01\/programmes-previsionnels-dimportation-le-ministere-du-commerce-exterieur-recadre-un-producteur-deau-minerale\/","name":"Programmes pr\u00e9visionnels d\u2019importation\u00a0: Le minist\u00e8re du Commerce ext\u00e9rieur recadre un producteur d\u2019eau min\u00e9rale - La Sentinelle","isPartOf":{"@id":"https:\/\/lasentinelle.dz\/#website"},"primaryImageOfPage":{"@id":"https:\/\/lasentinelle.dz\/index.php\/2026\/09\/01\/programmes-previsionnels-dimportation-le-ministere-du-commerce-exterieur-recadre-un-producteur-deau-minerale\/#primaryimage"},"image":{"@id":"https:\/\/lasentinelle.dz\/index.php\/2026\/09\/01\/programmes-previsionnels-dimportation-le-ministere-du-commerce-exterieur-recadre-un-producteur-deau-minerale\/#primaryimage"},"thumbnailUrl":"https:\/\/lasentinelle.dz\/wp-content\/uploads\/2026\/02\/ministere-commerce-exterieur.jpg","datePublished":"2026-09-01T09:59:47+00:00","dateModified":"2026-09-01T09:59:50+00:00","breadcrumb":{"@id":"https:\/\/lasentinelle.dz\/index.php\/2026\/09\/01\/programmes-previsionnels-dimportation-le-ministere-du-commerce-exterieur-recadre-un-producteur-deau-minerale\/#breadcrumb"},"inLanguage":"fr-FR","potentialAction":[{"@type":"ReadAction","target":["https:\/\/lasentinelle.dz\/index.php\/2026\/09\/01\/programmes-previsionnels-dimportation-le-ministere-du-commerce-exterieur-recadre-un-producteur-deau-minerale\/"]}]},{"@type":"ImageObject","inLanguage":"fr-FR","@id":"https:\/\/lasentinelle.dz\/index.php\/2026\/09\/01\/programmes-previsionnels-dimportation-le-ministere-du-commerce-exterieur-recadre-un-producteur-deau-minerale\/#primaryimage","url":"https:\/\/lasentinelle.dz\/wp-content\/uploads\/2026\/02\/ministere-commerce-exterieur.jpg","contentUrl":"https:\/\/lasentinelle.dz\/wp-content\/uploads\/2026\/02\/ministere-commerce-exterieur.jpg","width":2048,"height":1152},{"@type":"BreadcrumbList","@id":"https:\/\/lasentinelle.dz\/index.php\/2026\/09\/01\/programmes-previsionnels-dimportation-le-ministere-du-commerce-exterieur-recadre-un-producteur-deau-minerale\/#breadcrumb","itemListElement":[{"@type":"ListItem","position":1,"name":"Accueil","item":"https:\/\/lasentinelle.dz\/"},{"@type":"ListItem","position":2,"name":"Programmes pr\u00e9visionnels d\u2019importation\u00a0: Le minist\u00e8re du Commerce ext\u00e9rieur recadre un producteur d\u2019eau min\u00e9rale"}]},{"@type":"WebSite","@id":"https:\/\/lasentinelle.dz\/#website","url":"https:\/\/lasentinelle.dz\/","name":"La Sentinelle","description":"Quotidien national d&#039;information","publisher":{"@id":"https:\/\/lasentinelle.dz\/#organization"},"potentialAction":[{"@type":"SearchAction","target":{"@type":"EntryPoint","urlTemplate":"https:\/\/lasentinelle.dz\/?s={search_term_string}"},"query-input":{"@type":"PropertyValueSpecification","valueRequired":true,"valueName":"search_term_string"}}],"inLanguage":"fr-FR"},{"@type":"Organization","@id":"https:\/\/lasentinelle.dz\/#organization","name":"Quotidien La Sentinelle","url":"https:\/\/lasentinelle.dz\/","logo":{"@type":"ImageObject","inLanguage":"fr-FR","@id":"https:\/\/lasentinelle.dz\/#\/schema\/logo\/image\/","url":"https:\/\/lasentinelle.dz\/wp-content\/uploads\/2021\/09\/logo-sentinelleSLOGAN-1.png","contentUrl":"https:\/\/lasentinelle.dz\/wp-content\/uploads\/2021\/09\/logo-sentinelleSLOGAN-1.png","width":615,"height":142,"caption":"Quotidien La Sentinelle"},"image":{"@id":"https:\/\/lasentinelle.dz\/#\/schema\/logo\/image\/"},"sameAs":["https:\/\/www.facebook.com\/La-Sentinelle-104059864394773"]},{"@type":"Person","@id":"https:\/\/lasentinelle.dz\/#\/schema\/person\/729ee0024f24e0b8c5ec17232f8e8b41","name":"admin","image":{"@type":"ImageObject","inLanguage":"fr-FR","@id":"https:\/\/secure.gravatar.com\/avatar\/4c81fed838786e9b53f540bf46533e750f5d292099ae3b66cfc6fb1982e29df7?s=96&d=mm&r=g","url":"https:\/\/secure.gravatar.com\/avatar\/4c81fed838786e9b53f540bf46533e750f5d292099ae3b66cfc6fb1982e29df7?s=96&d=mm&r=g","contentUrl":"https:\/\/secure.gravatar.com\/avatar\/4c81fed838786e9b53f540bf46533e750f5d292099ae3b66cfc6fb1982e29df7?s=96&d=mm&r=g","caption":"admin"},"description":"admin","url":"https:\/\/lasentinelle.dz\/author\/admin\/"}]}},"_links":{"self":[{"href":"https:\/\/lasentinelle.dz\/index.php\/wp-json\/wp\/v2\/posts\/94730","targetHints":{"allow":["GET"]}}],"collection":[{"href":"https:\/\/lasentinelle.dz\/index.php\/wp-json\/wp\/v2\/posts"}],"about":[{"href":"https:\/\/lasentinelle.dz\/index.php\/wp-json\/wp\/v2\/types\/post"}],"author":[{"embeddable":true,"href":"https:\/\/lasentinelle.dz\/index.php\/wp-json\/wp\/v2\/users\/6"}],"replies":[{"embeddable":true,"href":"https:\/\/lasentinelle.dz\/index.php\/wp-json\/wp\/v2\/comments?post=94730"}],"version-history":[{"count":1,"href":"https:\/\/lasentinelle.dz\/index.php\/wp-json\/wp\/v2\/posts\/94730\/revisions"}],"predecessor-version":[{"id":94731,"href":"https:\/\/lasentinelle.dz\/index.php\/wp-json\/wp\/v2\/posts\/94730\/revisions\/94731"}],"wp:featuredmedia":[{"embeddable":true,"href":"https:\/\/lasentinelle.dz\/index.php\/wp-json\/wp\/v2\/media\/81648"}],"wp:attachment":[{"href":"https:\/\/lasentinelle.dz\/index.php\/wp-json\/wp\/v2\/media?parent=94730"}],"wp:term":[{"taxonomy":"category","embeddable":true,"href":"https:\/\/lasentinelle.dz\/index.php\/wp-json\/wp\/v2\/categories?post=94730"},{"taxonomy":"post_tag","embeddable":true,"href":"https:\/\/lasentinelle.dz\/index.php\/wp-json\/wp\/v2\/tags?post=94730"}],"curies":[{"name":"wp","href":"https:\/\/api.w.org\/{rel}","templated":true}]}}