{"id":94733,"date":"2026-09-01T11:00:43","date_gmt":"2026-09-01T10:00:43","guid":{"rendered":"https:\/\/lasentinelle.dz\/?p=94733"},"modified":"2026-09-01T11:00:52","modified_gmt":"2026-09-01T10:00:52","slug":"ligne-ferroviaire-laghouat-ghardaia-el-meniaa-djellaoui-accelere-la-cadence","status":"publish","type":"post","link":"https:\/\/lasentinelle.dz\/index.php\/2026\/09\/01\/ligne-ferroviaire-laghouat-ghardaia-el-meniaa-djellaoui-accelere-la-cadence\/","title":{"rendered":"Ligne ferroviaire Laghouat-Gharda\u00efa-El Meniaa\u00a0: Djellaoui acc\u00e9l\u00e8re la cadence"},"content":{"rendered":"\n<p class=\"wp-block-paragraph\">Le gouvernement resserre le calendrier de la dorsale transsaharienne ferroviaire \u00e0 un mois du lancement des travaux.<\/p>\n\n\n\n<p class=\"wp-block-paragraph\">Le ministre des Travaux publics et des Infrastructures de base Abdelkader Djellaoui a r\u00e9uni dimanche au si\u00e8ge de son d\u00e9partement la haute commission interminist\u00e9rielle charg\u00e9e de suivre le financement et la r\u00e9alisation de la ligne ferroviaire Laghouat-Gharda\u00efa-El Meniaa. Selon un communiqu\u00e9 diffus\u00e9 lundi, le ministre s&rsquo;est f\u00e9licit\u00e9 de l&rsquo;\u00e9tat d&rsquo;avancement des pr\u00e9paratifs sur le terrain, jugeant que les r\u00e9sultats atteints permettaient de r\u00e9unir les conditions n\u00e9cessaires au lancement du projet dans les d\u00e9lais impartis. Le document pr\u00e9cise que la rencontre a r\u00e9uni les repr\u00e9sentants du minist\u00e8re des Travaux publics et de l&rsquo;Agence nationale d&rsquo;\u00e9tudes et de suivi de la r\u00e9alisation des investissements ferroviaires, ceux du minist\u00e8re des Finances via la Direction g\u00e9n\u00e9rale du budget et la Direction g\u00e9n\u00e9rale du domaine national, ainsi que des d\u00e9l\u00e9gu\u00e9s des minist\u00e8res de l&rsquo;Int\u00e9rieur et des Collectivit\u00e9s locales, des Transports, de l&rsquo;Agriculture, de la Poste et des T\u00e9l\u00e9communications, de l&rsquo;Energie, de l&rsquo;Hydraulique et de l&rsquo;Industrie. Les directeurs g\u00e9n\u00e9raux de la Soci\u00e9t\u00e9 nationale des transports ferroviaires et de la Caisse nationale d&rsquo;\u00e9quipement pour le d\u00e9veloppement ont \u00e9galement pris part aux travaux.<\/p>\n\n\n\n<p class=\"wp-block-paragraph\">L&rsquo;ordre du jour a port\u00e9 sur le suivi des pr\u00e9paratifs de lancement et sur les mesures \u00e0 prendre pour lever les obstacles \u00e9ventuels au niveau des tron\u00e7ons Ouargla-El Meniaa et El Meniaa-In Salah-Tamanrasset. Le communiqu\u00e9 indique que la r\u00e9union a aussi servi \u00e0 examiner les moyens de renforcer la coordination entre les intervenants, autorit\u00e9s locales comprises, afin de garantir l&rsquo;ach\u00e8vement des d\u00e9marches requises et le d\u00e9marrage effectif du chantier. \u00ab R\u00e9unir les conditions n\u00e9cessaires au lancement de la r\u00e9alisation du projet dans les d\u00e9lais impartis \u00bb, a insist\u00e9 le minist\u00e8re dans son texte, formule qui traduit l&rsquo;urgence d\u00e9sormais affich\u00e9e par l&rsquo;ex\u00e9cutif.<\/p>\n\n\n\n<p class=\"wp-block-paragraph\">Ce coup d&rsquo;acc\u00e9l\u00e9rateur s&rsquo;explique par une \u00e9ch\u00e9ance fix\u00e9e au plus haut niveau de l&rsquo;Etat. Lors d&rsquo;un Conseil des ministres tenu au printemps, le pr\u00e9sident Abdelmadjid Tebboune a exig\u00e9 que les travaux du tron\u00e7on Laghouat-Gharda\u00efa-El Meniaa d\u00e9marrent au plus tard en septembre 2026, \u00e0 travers trois chantiers men\u00e9s simultan\u00e9ment. Un responsable du minist\u00e8re de l&rsquo;Int\u00e9rieur, des Collectivit\u00e9s locales et des Transports avait confirm\u00e9 en juin, en marge du Salon international de l&rsquo;industrie et des infrastructures ferroviaires \u00e0 Oran, que les \u00e9tudes techniques \u00e9taient achev\u00e9es \u00e0 cent pour cent et que les travaux seraient confi\u00e9s \u00e0 des entreprises et une main-d&rsquo;\u0153uvre alg\u00e9riennes, pour un d\u00e9lai contractuel de vingt-quatre mois.<\/p>\n\n\n\n<p class=\"wp-block-paragraph\">Long de 495 kilom\u00e8tres, ce premier maillon de la future ligne Alger-Tamanrasset est scind\u00e9 en deux lots. Le tron\u00e7on Laghouat-Gharda\u00efa, sur 265 kilom\u00e8tres, doit accueillir cinq gares, vingt et un viaducs, un tunnel et cinquante-cinq ouvrages hydrauliques, pour un co\u00fbt \u00e9valu\u00e9 \u00e0 environ 1,4 milliard de dollars. Le second lot, entre Gharda\u00efa et El Meniaa, s&rsquo;\u00e9tend sur 230 kilom\u00e8tres et pr\u00e9voit trois gares, six viaducs et trente-cinq autres ouvrages, pour pr\u00e8s de 1,2 milliard de dollars. L&rsquo;ensemble du tron\u00e7on est estim\u00e9 \u00e0 quelque 2,8 milliards de dollars.<\/p>\n\n\n\n<p class=\"wp-block-paragraph\">Sur le plan des financements, la Banque africaine de d\u00e9veloppement avait approuv\u00e9 d\u00e8s d\u00e9cembre 2025 un pr\u00eat de 747,32 millions d&rsquo;euros destin\u00e9 \u00e0 la premi\u00e8re tranche du projet. Le 13 juillet dernier, son conseil d&rsquo;administration a valid\u00e9 \u00e0 Abidjan une seconde enveloppe de 878,09 millions de dollars, cette fois consacr\u00e9e \u00e0 la section Gharda\u00efa-El Meniaa et \u00e0 des am\u00e9nagements connexes. Ce financement s&rsquo;inscrit dans le document de strat\u00e9gie pays 2025-2030 de l&rsquo;institution panafricaine pour l&rsquo;Alg\u00e9rie.<\/p>\n\n\n\n<p class=\"wp-block-paragraph\">La vice-pr\u00e9sidente principale de la BAD, Marie-Laure Akin-Olugbade, avait qualifi\u00e9 fin mai la contribution de la Banque au premier tron\u00e7on de plus grand projet jamais financ\u00e9 par l&rsquo;institution en Alg\u00e9rie, rappelant que la voie transsaharienne comptait parmi les interventions les plus transformatrices de son portefeuille. La ligne doit traverser six wilayas, d&rsquo;Alger \u00e0 In Salah, et vise \u00e0 d\u00e9senclaver le grand Sud, \u00e0 rapprocher les bassins de production des march\u00e9s et \u00e0 renforcer l&rsquo;int\u00e9gration r\u00e9gionale le long du corridor. Elle est \u00e9galement centrale pour les projets d\u2019int\u00e9gration \u00e9conomique dans la r\u00e9gion sah\u00e9lo-saharienne.<\/p>\n\n\n\n<p class=\"wp-block-paragraph\">Amar Malki<\/p>\n","protected":false},"excerpt":{"rendered":"<p>Le gouvernement resserre le calendrier de la dorsale transsaharienne ferroviaire \u00e0 un mois du lancement des travaux. Le ministre des<\/p>\n","protected":false},"author":6,"featured_media":94734,"comment_status":"open","ping_status":"closed","sticky":false,"template":"","format":"standard","meta":{"colormag_page_container_layout":"default_layout","colormag_page_sidebar_layout":"default_layout","om_disable_all_campaigns":false,"_monsterinsights_skip_tracking":false,"footnotes":"","_wpscppro_dont_share_socialmedia":false,"_wpscppro_custom_social_share_image":0,"_facebook_share_type":"default","_twitter_share_type":"default","_linkedin_share_type":"default","_pinterest_share_type":"default","_linkedin_share_type_page":"","_instagram_share_type":"default","_medium_share_type":"default","_threads_share_type":"default","_google_business_share_type":"default","_bluesky_share_type":"default","_mastodon_share_type":"default","_selected_social_profile":[],"_wpsp_enable_custom_social_template":false,"_wpsp_social_scheduling":{"enabled":false,"datetime":null,"platforms":[],"status":"template_only","dateOption":"today","timeOption":"now","customDays":"","customHours":"","customDate":"","customTime":"","schedulingType":"absolute"},"_wpsp_active_default_template":true},"categories":[52,29],"tags":[],"class_list":["post-94733","post","type-post","status-publish","format-standard","has-post-thumbnail","hentry","category-a-la-une","category-economie"],"aioseo_notices":[],"aioseo_head":"\n\t\t<!-- All in One SEO 5.0.0.1 - aioseo.com -->\n\t<meta name=\"description\" content=\"Le gouvernement resserre le calendrier de la dorsale transsaharienne ferroviaire \u00e0 un mois du lancement des travaux. Le ministre des Travaux publics et des Infrastructures de base Abdelkader Djellaoui a r\u00e9uni dimanche au si\u00e8ge de son d\u00e9partement la haute commission interminist\u00e9rielle charg\u00e9e de suivre le financement et la r\u00e9alisation de la ligne ferroviaire Laghouat-Gharda\u00efa-El Meniaa.\" \/>\n\t<meta name=\"robots\" content=\"max-image-preview:large\" \/>\n\t<meta name=\"author\" content=\"admin\"\/>\n\t<link rel=\"canonical\" href=\"https:\/\/lasentinelle.dz\/index.php\/2026\/09\/01\/ligne-ferroviaire-laghouat-ghardaia-el-meniaa-djellaoui-accelere-la-cadence\/\" \/>\n\t<meta name=\"generator\" content=\"All in One SEO (AIOSEO) 5.0.0.1\" \/>\n\t\t<meta property=\"og:locale\" content=\"fr_FR\" \/>\n\t\t<meta property=\"og:site_name\" content=\"La Sentinelle - Quotidien national d&#039;information\" \/>\n\t\t<meta property=\"og:type\" content=\"article\" \/>\n\t\t<meta property=\"og:title\" content=\"Ligne ferroviaire Laghouat-Gharda\u00efa-El Meniaa : Djellaoui acc\u00e9l\u00e8re la cadence - La Sentinelle\" \/>\n\t\t<meta property=\"og:description\" content=\"Le gouvernement resserre le calendrier de la dorsale transsaharienne ferroviaire \u00e0 un mois du lancement des travaux. Le ministre des Travaux publics et des Infrastructures de base Abdelkader Djellaoui a r\u00e9uni dimanche au si\u00e8ge de son d\u00e9partement la haute commission interminist\u00e9rielle charg\u00e9e de suivre le financement et la r\u00e9alisation de la ligne ferroviaire Laghouat-Gharda\u00efa-El Meniaa.\" \/>\n\t\t<meta property=\"og:url\" content=\"https:\/\/lasentinelle.dz\/index.php\/2026\/09\/01\/ligne-ferroviaire-laghouat-ghardaia-el-meniaa-djellaoui-accelere-la-cadence\/\" \/>\n\t\t<meta property=\"og:image\" content=\"https:\/\/lasentinelle.dz\/wp-content\/uploads\/2021\/09\/cropped-la-sentinelle-earth-golden-anima-5.gif\" \/>\n\t\t<meta property=\"og:image:secure_url\" content=\"https:\/\/lasentinelle.dz\/wp-content\/uploads\/2021\/09\/cropped-la-sentinelle-earth-golden-anima-5.gif\" \/>\n\t\t<meta property=\"og:image:width\" content=\"450\" \/>\n\t\t<meta property=\"og:image:height\" content=\"213\" \/>\n\t\t<meta property=\"article:published_time\" content=\"2026-09-01T10:00:43+00:00\" \/>\n\t\t<meta property=\"article:modified_time\" content=\"2026-09-01T10:00:52+00:00\" \/>\n\t\t<meta property=\"article:publisher\" content=\"https:\/\/www.facebook.com\/azzedine.lasentinelle.1\" \/>\n\t\t<meta name=\"twitter:card\" content=\"summary_large_image\" \/>\n\t\t<meta name=\"twitter:title\" content=\"Ligne ferroviaire Laghouat-Gharda\u00efa-El Meniaa : Djellaoui acc\u00e9l\u00e8re la cadence - La Sentinelle\" \/>\n\t\t<meta name=\"twitter:description\" content=\"Le gouvernement resserre le calendrier de la dorsale transsaharienne ferroviaire \u00e0 un mois du lancement des travaux. Le ministre des Travaux publics et des Infrastructures de base Abdelkader Djellaoui a r\u00e9uni dimanche au si\u00e8ge de son d\u00e9partement la haute commission interminist\u00e9rielle charg\u00e9e de suivre le financement et la r\u00e9alisation de la ligne ferroviaire Laghouat-Gharda\u00efa-El Meniaa.\" \/>\n\t\t<meta name=\"twitter:image\" content=\"https:\/\/lasentinelle.dz\/wp-content\/uploads\/2021\/09\/cropped-la-sentinelle-earth-golden-anima-5.gif\" \/>\n\t\t<script type=\"application\/ld+json\" class=\"aioseo-schema\">\n\t\t\t{\"@context\":\"https:\\\/\\\/schema.org\",\"@graph\":[{\"@type\":\"BlogPosting\",\"@id\":\"https:\\\/\\\/lasentinelle.dz\\\/index.php\\\/2026\\\/09\\\/01\\\/ligne-ferroviaire-laghouat-ghardaia-el-meniaa-djellaoui-accelere-la-cadence\\\/#blogposting\",\"name\":\"Ligne ferroviaire Laghouat-Gharda\\u00efa-El Meniaa : Djellaoui acc\\u00e9l\\u00e8re la cadence - La Sentinelle\",\"headline\":\"Ligne ferroviaire Laghouat-Gharda\\u00efa-El Meniaa\\u00a0: Djellaoui acc\\u00e9l\\u00e8re la cadence\",\"author\":{\"@id\":\"https:\\\/\\\/lasentinelle.dz\\\/author\\\/admin\\\/#author\"},\"publisher\":{\"@id\":\"https:\\\/\\\/lasentinelle.dz\\\/#organization\"},\"image\":{\"@type\":\"ImageObject\",\"url\":\"https:\\\/\\\/lasentinelle.dz\\\/wp-content\\\/uploads\\\/2026\\\/09\\\/djellaoui.jpeg\",\"width\":2048,\"height\":1095},\"datePublished\":\"2026-09-01T11:00:43+01:00\",\"dateModified\":\"2026-09-01T11:00:52+01:00\",\"inLanguage\":\"fr-FR\",\"mainEntityOfPage\":{\"@id\":\"https:\\\/\\\/lasentinelle.dz\\\/index.php\\\/2026\\\/09\\\/01\\\/ligne-ferroviaire-laghouat-ghardaia-el-meniaa-djellaoui-accelere-la-cadence\\\/#webpage\"},\"isPartOf\":{\"@id\":\"https:\\\/\\\/lasentinelle.dz\\\/index.php\\\/2026\\\/09\\\/01\\\/ligne-ferroviaire-laghouat-ghardaia-el-meniaa-djellaoui-accelere-la-cadence\\\/#webpage\"},\"articleSection\":\"\\u00c0 la Une, \\u00c9conomie\"},{\"@type\":\"BreadcrumbList\",\"@id\":\"https:\\\/\\\/lasentinelle.dz\\\/index.php\\\/2026\\\/09\\\/01\\\/ligne-ferroviaire-laghouat-ghardaia-el-meniaa-djellaoui-accelere-la-cadence\\\/#breadcrumblist\",\"itemListElement\":[{\"@type\":\"ListItem\",\"@id\":\"https:\\\/\\\/lasentinelle.dz#listItem\",\"position\":1,\"name\":\"Home\",\"item\":\"https:\\\/\\\/lasentinelle.dz\",\"nextItem\":{\"@type\":\"ListItem\",\"@id\":\"https:\\\/\\\/lasentinelle.dz\\\/index.php\\\/category\\\/economie\\\/#listItem\",\"name\":\"\\u00c9conomie\"}},{\"@type\":\"ListItem\",\"@id\":\"https:\\\/\\\/lasentinelle.dz\\\/index.php\\\/category\\\/economie\\\/#listItem\",\"position\":2,\"name\":\"\\u00c9conomie\",\"item\":\"https:\\\/\\\/lasentinelle.dz\\\/index.php\\\/category\\\/economie\\\/\",\"nextItem\":{\"@type\":\"ListItem\",\"@id\":\"https:\\\/\\\/lasentinelle.dz\\\/index.php\\\/2026\\\/09\\\/01\\\/ligne-ferroviaire-laghouat-ghardaia-el-meniaa-djellaoui-accelere-la-cadence\\\/#listItem\",\"name\":\"Ligne ferroviaire Laghouat-Gharda\\u00efa-El Meniaa\\u00a0: Djellaoui acc\\u00e9l\\u00e8re la cadence\"},\"previousItem\":{\"@type\":\"ListItem\",\"@id\":\"https:\\\/\\\/lasentinelle.dz#listItem\",\"name\":\"Home\"}},{\"@type\":\"ListItem\",\"@id\":\"https:\\\/\\\/lasentinelle.dz\\\/index.php\\\/2026\\\/09\\\/01\\\/ligne-ferroviaire-laghouat-ghardaia-el-meniaa-djellaoui-accelere-la-cadence\\\/#listItem\",\"position\":3,\"name\":\"Ligne ferroviaire Laghouat-Gharda\\u00efa-El Meniaa\\u00a0: Djellaoui acc\\u00e9l\\u00e8re la cadence\",\"previousItem\":{\"@type\":\"ListItem\",\"@id\":\"https:\\\/\\\/lasentinelle.dz\\\/index.php\\\/category\\\/economie\\\/#listItem\",\"name\":\"\\u00c9conomie\"}}]},{\"@type\":\"Organization\",\"@id\":\"https:\\\/\\\/lasentinelle.dz\\\/#organization\",\"name\":\"La Sentinelle La Sentinelle\",\"description\":\"Quotidien national d'information\",\"url\":\"https:\\\/\\\/lasentinelle.dz\\\/\",\"logo\":{\"@type\":\"ImageObject\",\"url\":\"https:\\\/\\\/lasentinelle.dz\\\/wp-content\\\/uploads\\\/2021\\\/09\\\/cropped-la-sentinelle-earth-golden-anima-5.gif\",\"@id\":\"https:\\\/\\\/lasentinelle.dz\\\/index.php\\\/2026\\\/09\\\/01\\\/ligne-ferroviaire-laghouat-ghardaia-el-meniaa-djellaoui-accelere-la-cadence\\\/#organizationLogo\",\"width\":450,\"height\":213},\"image\":{\"@id\":\"https:\\\/\\\/lasentinelle.dz\\\/index.php\\\/2026\\\/09\\\/01\\\/ligne-ferroviaire-laghouat-ghardaia-el-meniaa-djellaoui-accelere-la-cadence\\\/#organizationLogo\"},\"sameAs\":[\"https:\\\/\\\/www.facebook.com\\\/azzedine.lasentinelle.1\"]},{\"@type\":\"Person\",\"@id\":\"https:\\\/\\\/lasentinelle.dz\\\/author\\\/admin\\\/#author\",\"url\":\"https:\\\/\\\/lasentinelle.dz\\\/author\\\/admin\\\/\",\"name\":\"admin\",\"image\":{\"@type\":\"ImageObject\",\"@id\":\"https:\\\/\\\/lasentinelle.dz\\\/index.php\\\/2026\\\/09\\\/01\\\/ligne-ferroviaire-laghouat-ghardaia-el-meniaa-djellaoui-accelere-la-cadence\\\/#authorImage\",\"url\":\"https:\\\/\\\/secure.gravatar.com\\\/avatar\\\/4c81fed838786e9b53f540bf46533e750f5d292099ae3b66cfc6fb1982e29df7?s=96&d=mm&r=g\",\"width\":96,\"height\":96,\"caption\":\"admin\"}},{\"@type\":\"WebPage\",\"@id\":\"https:\\\/\\\/lasentinelle.dz\\\/index.php\\\/2026\\\/09\\\/01\\\/ligne-ferroviaire-laghouat-ghardaia-el-meniaa-djellaoui-accelere-la-cadence\\\/#webpage\",\"url\":\"https:\\\/\\\/lasentinelle.dz\\\/index.php\\\/2026\\\/09\\\/01\\\/ligne-ferroviaire-laghouat-ghardaia-el-meniaa-djellaoui-accelere-la-cadence\\\/\",\"name\":\"Ligne ferroviaire Laghouat-Gharda\\u00efa-El Meniaa : Djellaoui acc\\u00e9l\\u00e8re la cadence - La Sentinelle\",\"description\":\"Le gouvernement resserre le calendrier de la dorsale transsaharienne ferroviaire \\u00e0 un mois du lancement des travaux. Le ministre des Travaux publics et des Infrastructures de base Abdelkader Djellaoui a r\\u00e9uni dimanche au si\\u00e8ge de son d\\u00e9partement la haute commission interminist\\u00e9rielle charg\\u00e9e de suivre le financement et la r\\u00e9alisation de la ligne ferroviaire Laghouat-Gharda\\u00efa-El Meniaa.\",\"inLanguage\":\"fr-FR\",\"isPartOf\":{\"@id\":\"https:\\\/\\\/lasentinelle.dz\\\/#website\"},\"breadcrumb\":{\"@id\":\"https:\\\/\\\/lasentinelle.dz\\\/index.php\\\/2026\\\/09\\\/01\\\/ligne-ferroviaire-laghouat-ghardaia-el-meniaa-djellaoui-accelere-la-cadence\\\/#breadcrumblist\"},\"author\":{\"@id\":\"https:\\\/\\\/lasentinelle.dz\\\/author\\\/admin\\\/#author\"},\"creator\":{\"@id\":\"https:\\\/\\\/lasentinelle.dz\\\/author\\\/admin\\\/#author\"},\"image\":{\"@type\":\"ImageObject\",\"url\":\"https:\\\/\\\/lasentinelle.dz\\\/wp-content\\\/uploads\\\/2026\\\/09\\\/djellaoui.jpeg\",\"@id\":\"https:\\\/\\\/lasentinelle.dz\\\/index.php\\\/2026\\\/09\\\/01\\\/ligne-ferroviaire-laghouat-ghardaia-el-meniaa-djellaoui-accelere-la-cadence\\\/#mainImage\",\"width\":2048,\"height\":1095},\"primaryImageOfPage\":{\"@id\":\"https:\\\/\\\/lasentinelle.dz\\\/index.php\\\/2026\\\/09\\\/01\\\/ligne-ferroviaire-laghouat-ghardaia-el-meniaa-djellaoui-accelere-la-cadence\\\/#mainImage\"},\"datePublished\":\"2026-09-01T11:00:43+01:00\",\"dateModified\":\"2026-09-01T11:00:52+01:00\"},{\"@type\":\"WebSite\",\"@id\":\"https:\\\/\\\/lasentinelle.dz\\\/#website\",\"url\":\"https:\\\/\\\/lasentinelle.dz\\\/\",\"name\":\"La Sentinelle\",\"description\":\"Quotidien national d'information\",\"inLanguage\":\"fr-FR\",\"publisher\":{\"@id\":\"https:\\\/\\\/lasentinelle.dz\\\/#organization\"}}]}\n\t\t<\/script>\n\t\t<!-- All in One SEO -->\n\n","aioseo_head_json":{"title":"Ligne ferroviaire Laghouat-Gharda\u00efa-El Meniaa : Djellaoui acc\u00e9l\u00e8re la cadence - La Sentinelle","description":"Le gouvernement resserre le calendrier de la dorsale transsaharienne ferroviaire \u00e0 un mois du lancement des travaux. Le ministre des Travaux publics et des Infrastructures de base Abdelkader Djellaoui a r\u00e9uni dimanche au si\u00e8ge de son d\u00e9partement la haute commission interminist\u00e9rielle charg\u00e9e de suivre le financement et la r\u00e9alisation de la ligne ferroviaire Laghouat-Gharda\u00efa-El Meniaa.","canonical_url":"https:\/\/lasentinelle.dz\/index.php\/2026\/09\/01\/ligne-ferroviaire-laghouat-ghardaia-el-meniaa-djellaoui-accelere-la-cadence\/","robots":"max-image-preview:large","keywords":"","webmasterTools":{"miscellaneous":""},"schema":{"@context":"https:\/\/schema.org","@graph":[{"@type":"BlogPosting","@id":"https:\/\/lasentinelle.dz\/index.php\/2026\/09\/01\/ligne-ferroviaire-laghouat-ghardaia-el-meniaa-djellaoui-accelere-la-cadence\/#blogposting","name":"Ligne ferroviaire Laghouat-Gharda\u00efa-El Meniaa : Djellaoui acc\u00e9l\u00e8re la cadence - La Sentinelle","headline":"Ligne ferroviaire Laghouat-Gharda\u00efa-El Meniaa\u00a0: Djellaoui acc\u00e9l\u00e8re la cadence","author":{"@id":"https:\/\/lasentinelle.dz\/author\/admin\/#author"},"publisher":{"@id":"https:\/\/lasentinelle.dz\/#organization"},"image":{"@type":"ImageObject","url":"https:\/\/lasentinelle.dz\/wp-content\/uploads\/2026\/09\/djellaoui.jpeg","width":2048,"height":1095},"datePublished":"2026-09-01T11:00:43+01:00","dateModified":"2026-09-01T11:00:52+01:00","inLanguage":"fr-FR","mainEntityOfPage":{"@id":"https:\/\/lasentinelle.dz\/index.php\/2026\/09\/01\/ligne-ferroviaire-laghouat-ghardaia-el-meniaa-djellaoui-accelere-la-cadence\/#webpage"},"isPartOf":{"@id":"https:\/\/lasentinelle.dz\/index.php\/2026\/09\/01\/ligne-ferroviaire-laghouat-ghardaia-el-meniaa-djellaoui-accelere-la-cadence\/#webpage"},"articleSection":"\u00c0 la Une, \u00c9conomie"},{"@type":"BreadcrumbList","@id":"https:\/\/lasentinelle.dz\/index.php\/2026\/09\/01\/ligne-ferroviaire-laghouat-ghardaia-el-meniaa-djellaoui-accelere-la-cadence\/#breadcrumblist","itemListElement":[{"@type":"ListItem","@id":"https:\/\/lasentinelle.dz#listItem","position":1,"name":"Home","item":"https:\/\/lasentinelle.dz","nextItem":{"@type":"ListItem","@id":"https:\/\/lasentinelle.dz\/index.php\/category\/economie\/#listItem","name":"\u00c9conomie"}},{"@type":"ListItem","@id":"https:\/\/lasentinelle.dz\/index.php\/category\/economie\/#listItem","position":2,"name":"\u00c9conomie","item":"https:\/\/lasentinelle.dz\/index.php\/category\/economie\/","nextItem":{"@type":"ListItem","@id":"https:\/\/lasentinelle.dz\/index.php\/2026\/09\/01\/ligne-ferroviaire-laghouat-ghardaia-el-meniaa-djellaoui-accelere-la-cadence\/#listItem","name":"Ligne ferroviaire Laghouat-Gharda\u00efa-El Meniaa\u00a0: Djellaoui acc\u00e9l\u00e8re la cadence"},"previousItem":{"@type":"ListItem","@id":"https:\/\/lasentinelle.dz#listItem","name":"Home"}},{"@type":"ListItem","@id":"https:\/\/lasentinelle.dz\/index.php\/2026\/09\/01\/ligne-ferroviaire-laghouat-ghardaia-el-meniaa-djellaoui-accelere-la-cadence\/#listItem","position":3,"name":"Ligne ferroviaire Laghouat-Gharda\u00efa-El Meniaa\u00a0: Djellaoui acc\u00e9l\u00e8re la cadence","previousItem":{"@type":"ListItem","@id":"https:\/\/lasentinelle.dz\/index.php\/category\/economie\/#listItem","name":"\u00c9conomie"}}]},{"@type":"Organization","@id":"https:\/\/lasentinelle.dz\/#organization","name":"La Sentinelle La Sentinelle","description":"Quotidien national d'information","url":"https:\/\/lasentinelle.dz\/","logo":{"@type":"ImageObject","url":"https:\/\/lasentinelle.dz\/wp-content\/uploads\/2021\/09\/cropped-la-sentinelle-earth-golden-anima-5.gif","@id":"https:\/\/lasentinelle.dz\/index.php\/2026\/09\/01\/ligne-ferroviaire-laghouat-ghardaia-el-meniaa-djellaoui-accelere-la-cadence\/#organizationLogo","width":450,"height":213},"image":{"@id":"https:\/\/lasentinelle.dz\/index.php\/2026\/09\/01\/ligne-ferroviaire-laghouat-ghardaia-el-meniaa-djellaoui-accelere-la-cadence\/#organizationLogo"},"sameAs":["https:\/\/www.facebook.com\/azzedine.lasentinelle.1"]},{"@type":"Person","@id":"https:\/\/lasentinelle.dz\/author\/admin\/#author","url":"https:\/\/lasentinelle.dz\/author\/admin\/","name":"admin","image":{"@type":"ImageObject","@id":"https:\/\/lasentinelle.dz\/index.php\/2026\/09\/01\/ligne-ferroviaire-laghouat-ghardaia-el-meniaa-djellaoui-accelere-la-cadence\/#authorImage","url":"https:\/\/secure.gravatar.com\/avatar\/4c81fed838786e9b53f540bf46533e750f5d292099ae3b66cfc6fb1982e29df7?s=96&d=mm&r=g","width":96,"height":96,"caption":"admin"}},{"@type":"WebPage","@id":"https:\/\/lasentinelle.dz\/index.php\/2026\/09\/01\/ligne-ferroviaire-laghouat-ghardaia-el-meniaa-djellaoui-accelere-la-cadence\/#webpage","url":"https:\/\/lasentinelle.dz\/index.php\/2026\/09\/01\/ligne-ferroviaire-laghouat-ghardaia-el-meniaa-djellaoui-accelere-la-cadence\/","name":"Ligne ferroviaire Laghouat-Gharda\u00efa-El Meniaa : Djellaoui acc\u00e9l\u00e8re la cadence - La Sentinelle","description":"Le gouvernement resserre le calendrier de la dorsale transsaharienne ferroviaire \u00e0 un mois du lancement des travaux. Le ministre des Travaux publics et des Infrastructures de base Abdelkader Djellaoui a r\u00e9uni dimanche au si\u00e8ge de son d\u00e9partement la haute commission interminist\u00e9rielle charg\u00e9e de suivre le financement et la r\u00e9alisation de la ligne ferroviaire Laghouat-Gharda\u00efa-El Meniaa.","inLanguage":"fr-FR","isPartOf":{"@id":"https:\/\/lasentinelle.dz\/#website"},"breadcrumb":{"@id":"https:\/\/lasentinelle.dz\/index.php\/2026\/09\/01\/ligne-ferroviaire-laghouat-ghardaia-el-meniaa-djellaoui-accelere-la-cadence\/#breadcrumblist"},"author":{"@id":"https:\/\/lasentinelle.dz\/author\/admin\/#author"},"creator":{"@id":"https:\/\/lasentinelle.dz\/author\/admin\/#author"},"image":{"@type":"ImageObject","url":"https:\/\/lasentinelle.dz\/wp-content\/uploads\/2026\/09\/djellaoui.jpeg","@id":"https:\/\/lasentinelle.dz\/index.php\/2026\/09\/01\/ligne-ferroviaire-laghouat-ghardaia-el-meniaa-djellaoui-accelere-la-cadence\/#mainImage","width":2048,"height":1095},"primaryImageOfPage":{"@id":"https:\/\/lasentinelle.dz\/index.php\/2026\/09\/01\/ligne-ferroviaire-laghouat-ghardaia-el-meniaa-djellaoui-accelere-la-cadence\/#mainImage"},"datePublished":"2026-09-01T11:00:43+01:00","dateModified":"2026-09-01T11:00:52+01:00"},{"@type":"WebSite","@id":"https:\/\/lasentinelle.dz\/#website","url":"https:\/\/lasentinelle.dz\/","name":"La Sentinelle","description":"Quotidien national d'information","inLanguage":"fr-FR","publisher":{"@id":"https:\/\/lasentinelle.dz\/#organization"}}]},"og:locale":"fr_FR","og:site_name":"La Sentinelle - Quotidien national d'information","og:type":"article","og:title":"Ligne ferroviaire Laghouat-Gharda\u00efa-El Meniaa : Djellaoui acc\u00e9l\u00e8re la cadence - La Sentinelle","og:description":"Le gouvernement resserre le calendrier de la dorsale transsaharienne ferroviaire \u00e0 un mois du lancement des travaux. Le ministre des Travaux publics et des Infrastructures de base Abdelkader Djellaoui a r\u00e9uni dimanche au si\u00e8ge de son d\u00e9partement la haute commission interminist\u00e9rielle charg\u00e9e de suivre le financement et la r\u00e9alisation de la ligne ferroviaire Laghouat-Gharda\u00efa-El Meniaa.","og:url":"https:\/\/lasentinelle.dz\/index.php\/2026\/09\/01\/ligne-ferroviaire-laghouat-ghardaia-el-meniaa-djellaoui-accelere-la-cadence\/","og:image":"https:\/\/lasentinelle.dz\/wp-content\/uploads\/2021\/09\/cropped-la-sentinelle-earth-golden-anima-5.gif","og:image:secure_url":"https:\/\/lasentinelle.dz\/wp-content\/uploads\/2021\/09\/cropped-la-sentinelle-earth-golden-anima-5.gif","og:image:width":450,"og:image:height":213,"article:published_time":"2026-09-01T10:00:43+00:00","article:modified_time":"2026-09-01T10:00:52+00:00","article:publisher":"https:\/\/www.facebook.com\/azzedine.lasentinelle.1","twitter:card":"summary_large_image","twitter:title":"Ligne ferroviaire Laghouat-Gharda\u00efa-El Meniaa : Djellaoui acc\u00e9l\u00e8re la cadence - La Sentinelle","twitter:description":"Le gouvernement resserre le calendrier de la dorsale transsaharienne ferroviaire \u00e0 un mois du lancement des travaux. Le ministre des Travaux publics et des Infrastructures de base Abdelkader Djellaoui a r\u00e9uni dimanche au si\u00e8ge de son d\u00e9partement la haute commission interminist\u00e9rielle charg\u00e9e de suivre le financement et la r\u00e9alisation de la ligne ferroviaire Laghouat-Gharda\u00efa-El Meniaa.","twitter:image":"https:\/\/lasentinelle.dz\/wp-content\/uploads\/2021\/09\/cropped-la-sentinelle-earth-golden-anima-5.gif"},"aioseo_meta_data":{"post_id":"94733","title":null,"description":null,"keywords":null,"keyphrases":{"focus":{"keyphrase":"","score":0,"analysis":{"keyphraseInTitle":{"score":0,"maxScore":9,"error":1}}},"additional":[]},"primary_term":null,"canonical_url":null,"og_title":null,"og_description":null,"og_object_type":"default","og_image_type":"default","og_image_url":null,"og_image_width":null,"og_image_height":null,"og_image_custom_url":null,"og_image_custom_fields":null,"og_video":"","og_custom_url":null,"og_article_section":null,"og_article_tags":null,"twitter_use_og":false,"twitter_card":"default","twitter_image_type":"default","twitter_image_url":null,"twitter_image_custom_url":null,"twitter_image_custom_fields":null,"twitter_title":null,"twitter_description":null,"schema":{"blockGraphs":[],"customGraphs":[],"default":{"data":{"Article":[],"Course":[],"Dataset":[],"FAQPage":[],"Movie":[],"Person":[],"Product":[],"ProductReview":[],"Car":[],"Recipe":[],"Service":[],"SoftwareApplication":[],"WebPage":[]},"graphName":"BlogPosting","isEnabled":true},"graphs":[]},"schema_type":"default","schema_type_options":null,"pillar_content":false,"robots_default":true,"robots_noindex":false,"robots_noarchive":false,"robots_nosnippet":false,"robots_nofollow":false,"robots_noimageindex":false,"robots_noodp":false,"robots_notranslate":false,"robots_max_snippet":"-1","robots_max_videopreview":"-1","robots_max_imagepreview":"large","priority":null,"frequency":"default","local_seo":null,"breadcrumb_settings":null,"limit_modified_date":false,"ai":{"faqs":[],"keyPoints":[],"schemas":[],"titles":[],"descriptions":[],"socialPosts":{"email":{"subject":"","preview":"","content":""},"linkedin":[],"twitter":[],"facebook":[],"instagram":[]}},"created":"2026-09-01 10:00:52","updated":"2026-09-01 11:06:29","focus_keyword":null,"additional_keywords":null,"truseo_locale":null,"seo_analyzer_scan_date":null},"aioseo_breadcrumb":"<div class=\"aioseo-breadcrumbs\"><span class=\"aioseo-breadcrumb\">\n\t\t\t<a href=\"https:\/\/lasentinelle.dz\" title=\"Home\">Home<\/a>\n\t\t<\/span><span class=\"aioseo-breadcrumb-separator\">&raquo;<\/span><span class=\"aioseo-breadcrumb\">\n\t\t\t<a href=\"https:\/\/lasentinelle.dz\/index.php\/category\/economie\/\" title=\"\u00c9conomie\">\u00c9conomie<\/a>\n\t\t<\/span><span class=\"aioseo-breadcrumb-separator\">&raquo;<\/span><span class=\"aioseo-breadcrumb\">\n\t\t\tLigne ferroviaire Laghouat-Gharda\u00efa-El Meniaa : Djellaoui acc\u00e9l\u00e8re la cadence\n\t\t<\/span><\/div>","aioseo_breadcrumb_json":[{"label":"Home","link":"https:\/\/lasentinelle.dz"},{"label":"\u00c9conomie","link":"https:\/\/lasentinelle.dz\/index.php\/category\/economie\/"},{"label":"Ligne ferroviaire Laghouat-Gharda\u00efa-El Meniaa\u00a0: Djellaoui acc\u00e9l\u00e8re la cadence","link":"https:\/\/lasentinelle.dz\/index.php\/2026\/09\/01\/ligne-ferroviaire-laghouat-ghardaia-el-meniaa-djellaoui-accelere-la-cadence\/"}],"yoast_head":"<!-- This site is optimized with the Yoast SEO plugin v28.3 - https:\/\/yoast.com\/product\/yoast-seo-wordpress\/ -->\n<title>Ligne ferroviaire Laghouat-Gharda\u00efa-El Meniaa\u00a0: Djellaoui acc\u00e9l\u00e8re la cadence - La Sentinelle<\/title>\n<meta name=\"robots\" content=\"index, follow, max-snippet:-1, max-image-preview:large, max-video-preview:-1\" \/>\n<link rel=\"canonical\" href=\"https:\/\/lasentinelle.dz\/index.php\/2026\/09\/01\/ligne-ferroviaire-laghouat-ghardaia-el-meniaa-djellaoui-accelere-la-cadence\/\" \/>\n<meta property=\"og:locale\" content=\"fr_FR\" \/>\n<meta property=\"og:type\" content=\"article\" \/>\n<meta property=\"og:title\" content=\"Ligne ferroviaire Laghouat-Gharda\u00efa-El Meniaa\u00a0: Djellaoui acc\u00e9l\u00e8re la cadence - La Sentinelle\" \/>\n<meta property=\"og:description\" content=\"Le gouvernement resserre le calendrier de la dorsale transsaharienne ferroviaire \u00e0 un mois du lancement des travaux. Le ministre des\" \/>\n<meta property=\"og:url\" content=\"https:\/\/lasentinelle.dz\/index.php\/2026\/09\/01\/ligne-ferroviaire-laghouat-ghardaia-el-meniaa-djellaoui-accelere-la-cadence\/\" \/>\n<meta property=\"og:site_name\" content=\"La Sentinelle\" \/>\n<meta property=\"article:publisher\" content=\"https:\/\/www.facebook.com\/La-Sentinelle-104059864394773\" \/>\n<meta property=\"article:published_time\" content=\"2026-09-01T10:00:43+00:00\" \/>\n<meta property=\"article:modified_time\" content=\"2026-09-01T10:00:52+00:00\" \/>\n<meta property=\"og:image\" content=\"https:\/\/lasentinelle.dz\/wp-content\/uploads\/2026\/09\/djellaoui.jpeg\" \/>\n\t<meta property=\"og:image:width\" content=\"2048\" \/>\n\t<meta property=\"og:image:height\" content=\"1095\" \/>\n\t<meta property=\"og:image:type\" content=\"image\/jpeg\" \/>\n<meta name=\"author\" content=\"admin\" \/>\n<meta name=\"twitter:card\" content=\"summary_large_image\" \/>\n<meta name=\"twitter:label1\" content=\"\u00c9crit par\" \/>\n\t<meta name=\"twitter:data1\" content=\"admin\" \/>\n\t<meta name=\"twitter:label2\" content=\"Dur\u00e9e de lecture estim\u00e9e\" \/>\n\t<meta name=\"twitter:data2\" content=\"4 minutes\" \/>\n<script type=\"application\/ld+json\" class=\"yoast-schema-graph\">{\"@context\":\"https:\\\/\\\/schema.org\",\"@graph\":[{\"@type\":\"Article\",\"@id\":\"https:\\\/\\\/lasentinelle.dz\\\/index.php\\\/2026\\\/09\\\/01\\\/ligne-ferroviaire-laghouat-ghardaia-el-meniaa-djellaoui-accelere-la-cadence\\\/#article\",\"isPartOf\":{\"@id\":\"https:\\\/\\\/lasentinelle.dz\\\/index.php\\\/2026\\\/09\\\/01\\\/ligne-ferroviaire-laghouat-ghardaia-el-meniaa-djellaoui-accelere-la-cadence\\\/\"},\"author\":{\"name\":\"admin\",\"@id\":\"https:\\\/\\\/lasentinelle.dz\\\/#\\\/schema\\\/person\\\/729ee0024f24e0b8c5ec17232f8e8b41\"},\"headline\":\"Ligne ferroviaire Laghouat-Gharda\u00efa-El Meniaa\u00a0: Djellaoui acc\u00e9l\u00e8re la cadence\",\"datePublished\":\"2026-09-01T10:00:43+00:00\",\"dateModified\":\"2026-09-01T10:00:52+00:00\",\"mainEntityOfPage\":{\"@id\":\"https:\\\/\\\/lasentinelle.dz\\\/index.php\\\/2026\\\/09\\\/01\\\/ligne-ferroviaire-laghouat-ghardaia-el-meniaa-djellaoui-accelere-la-cadence\\\/\"},\"wordCount\":767,\"commentCount\":0,\"publisher\":{\"@id\":\"https:\\\/\\\/lasentinelle.dz\\\/#organization\"},\"image\":{\"@id\":\"https:\\\/\\\/lasentinelle.dz\\\/index.php\\\/2026\\\/09\\\/01\\\/ligne-ferroviaire-laghouat-ghardaia-el-meniaa-djellaoui-accelere-la-cadence\\\/#primaryimage\"},\"thumbnailUrl\":\"https:\\\/\\\/lasentinelle.dz\\\/wp-content\\\/uploads\\\/2026\\\/09\\\/djellaoui.jpeg\",\"articleSection\":[\"\u00c0 la Une\",\"\u00c9conomie\"],\"inLanguage\":\"fr-FR\",\"potentialAction\":[{\"@type\":\"CommentAction\",\"name\":\"Comment\",\"target\":[\"https:\\\/\\\/lasentinelle.dz\\\/index.php\\\/2026\\\/09\\\/01\\\/ligne-ferroviaire-laghouat-ghardaia-el-meniaa-djellaoui-accelere-la-cadence\\\/#respond\"]}]},{\"@type\":\"WebPage\",\"@id\":\"https:\\\/\\\/lasentinelle.dz\\\/index.php\\\/2026\\\/09\\\/01\\\/ligne-ferroviaire-laghouat-ghardaia-el-meniaa-djellaoui-accelere-la-cadence\\\/\",\"url\":\"https:\\\/\\\/lasentinelle.dz\\\/index.php\\\/2026\\\/09\\\/01\\\/ligne-ferroviaire-laghouat-ghardaia-el-meniaa-djellaoui-accelere-la-cadence\\\/\",\"name\":\"Ligne ferroviaire Laghouat-Gharda\u00efa-El Meniaa\u00a0: Djellaoui acc\u00e9l\u00e8re la cadence - La Sentinelle\",\"isPartOf\":{\"@id\":\"https:\\\/\\\/lasentinelle.dz\\\/#website\"},\"primaryImageOfPage\":{\"@id\":\"https:\\\/\\\/lasentinelle.dz\\\/index.php\\\/2026\\\/09\\\/01\\\/ligne-ferroviaire-laghouat-ghardaia-el-meniaa-djellaoui-accelere-la-cadence\\\/#primaryimage\"},\"image\":{\"@id\":\"https:\\\/\\\/lasentinelle.dz\\\/index.php\\\/2026\\\/09\\\/01\\\/ligne-ferroviaire-laghouat-ghardaia-el-meniaa-djellaoui-accelere-la-cadence\\\/#primaryimage\"},\"thumbnailUrl\":\"https:\\\/\\\/lasentinelle.dz\\\/wp-content\\\/uploads\\\/2026\\\/09\\\/djellaoui.jpeg\",\"datePublished\":\"2026-09-01T10:00:43+00:00\",\"dateModified\":\"2026-09-01T10:00:52+00:00\",\"breadcrumb\":{\"@id\":\"https:\\\/\\\/lasentinelle.dz\\\/index.php\\\/2026\\\/09\\\/01\\\/ligne-ferroviaire-laghouat-ghardaia-el-meniaa-djellaoui-accelere-la-cadence\\\/#breadcrumb\"},\"inLanguage\":\"fr-FR\",\"potentialAction\":[{\"@type\":\"ReadAction\",\"target\":[\"https:\\\/\\\/lasentinelle.dz\\\/index.php\\\/2026\\\/09\\\/01\\\/ligne-ferroviaire-laghouat-ghardaia-el-meniaa-djellaoui-accelere-la-cadence\\\/\"]}]},{\"@type\":\"ImageObject\",\"inLanguage\":\"fr-FR\",\"@id\":\"https:\\\/\\\/lasentinelle.dz\\\/index.php\\\/2026\\\/09\\\/01\\\/ligne-ferroviaire-laghouat-ghardaia-el-meniaa-djellaoui-accelere-la-cadence\\\/#primaryimage\",\"url\":\"https:\\\/\\\/lasentinelle.dz\\\/wp-content\\\/uploads\\\/2026\\\/09\\\/djellaoui.jpeg\",\"contentUrl\":\"https:\\\/\\\/lasentinelle.dz\\\/wp-content\\\/uploads\\\/2026\\\/09\\\/djellaoui.jpeg\",\"width\":2048,\"height\":1095},{\"@type\":\"BreadcrumbList\",\"@id\":\"https:\\\/\\\/lasentinelle.dz\\\/index.php\\\/2026\\\/09\\\/01\\\/ligne-ferroviaire-laghouat-ghardaia-el-meniaa-djellaoui-accelere-la-cadence\\\/#breadcrumb\",\"itemListElement\":[{\"@type\":\"ListItem\",\"position\":1,\"name\":\"Accueil\",\"item\":\"https:\\\/\\\/lasentinelle.dz\\\/\"},{\"@type\":\"ListItem\",\"position\":2,\"name\":\"Ligne ferroviaire Laghouat-Gharda\u00efa-El Meniaa\u00a0: Djellaoui acc\u00e9l\u00e8re la cadence\"}]},{\"@type\":\"WebSite\",\"@id\":\"https:\\\/\\\/lasentinelle.dz\\\/#website\",\"url\":\"https:\\\/\\\/lasentinelle.dz\\\/\",\"name\":\"La Sentinelle\",\"description\":\"Quotidien national d&#039;information\",\"publisher\":{\"@id\":\"https:\\\/\\\/lasentinelle.dz\\\/#organization\"},\"potentialAction\":[{\"@type\":\"SearchAction\",\"target\":{\"@type\":\"EntryPoint\",\"urlTemplate\":\"https:\\\/\\\/lasentinelle.dz\\\/?s={search_term_string}\"},\"query-input\":{\"@type\":\"PropertyValueSpecification\",\"valueRequired\":true,\"valueName\":\"search_term_string\"}}],\"inLanguage\":\"fr-FR\"},{\"@type\":\"Organization\",\"@id\":\"https:\\\/\\\/lasentinelle.dz\\\/#organization\",\"name\":\"Quotidien La Sentinelle\",\"url\":\"https:\\\/\\\/lasentinelle.dz\\\/\",\"logo\":{\"@type\":\"ImageObject\",\"inLanguage\":\"fr-FR\",\"@id\":\"https:\\\/\\\/lasentinelle.dz\\\/#\\\/schema\\\/logo\\\/image\\\/\",\"url\":\"https:\\\/\\\/lasentinelle.dz\\\/wp-content\\\/uploads\\\/2021\\\/09\\\/logo-sentinelleSLOGAN-1.png\",\"contentUrl\":\"https:\\\/\\\/lasentinelle.dz\\\/wp-content\\\/uploads\\\/2021\\\/09\\\/logo-sentinelleSLOGAN-1.png\",\"width\":615,\"height\":142,\"caption\":\"Quotidien La Sentinelle\"},\"image\":{\"@id\":\"https:\\\/\\\/lasentinelle.dz\\\/#\\\/schema\\\/logo\\\/image\\\/\"},\"sameAs\":[\"https:\\\/\\\/www.facebook.com\\\/La-Sentinelle-104059864394773\"]},{\"@type\":\"Person\",\"@id\":\"https:\\\/\\\/lasentinelle.dz\\\/#\\\/schema\\\/person\\\/729ee0024f24e0b8c5ec17232f8e8b41\",\"name\":\"admin\",\"image\":{\"@type\":\"ImageObject\",\"inLanguage\":\"fr-FR\",\"@id\":\"https:\\\/\\\/secure.gravatar.com\\\/avatar\\\/4c81fed838786e9b53f540bf46533e750f5d292099ae3b66cfc6fb1982e29df7?s=96&d=mm&r=g\",\"url\":\"https:\\\/\\\/secure.gravatar.com\\\/avatar\\\/4c81fed838786e9b53f540bf46533e750f5d292099ae3b66cfc6fb1982e29df7?s=96&d=mm&r=g\",\"contentUrl\":\"https:\\\/\\\/secure.gravatar.com\\\/avatar\\\/4c81fed838786e9b53f540bf46533e750f5d292099ae3b66cfc6fb1982e29df7?s=96&d=mm&r=g\",\"caption\":\"admin\"},\"description\":\"admin\",\"url\":\"https:\\\/\\\/lasentinelle.dz\\\/author\\\/admin\\\/\"}]}<\/script>\n<!-- \/ Yoast SEO plugin. -->","yoast_head_json":{"title":"Ligne ferroviaire Laghouat-Gharda\u00efa-El Meniaa\u00a0: Djellaoui acc\u00e9l\u00e8re la cadence - La Sentinelle","robots":{"index":"index","follow":"follow","max-snippet":"max-snippet:-1","max-image-preview":"max-image-preview:large","max-video-preview":"max-video-preview:-1"},"canonical":"https:\/\/lasentinelle.dz\/index.php\/2026\/09\/01\/ligne-ferroviaire-laghouat-ghardaia-el-meniaa-djellaoui-accelere-la-cadence\/","og_locale":"fr_FR","og_type":"article","og_title":"Ligne ferroviaire Laghouat-Gharda\u00efa-El Meniaa\u00a0: Djellaoui acc\u00e9l\u00e8re la cadence - La Sentinelle","og_description":"Le gouvernement resserre le calendrier de la dorsale transsaharienne ferroviaire \u00e0 un mois du lancement des travaux. Le ministre des","og_url":"https:\/\/lasentinelle.dz\/index.php\/2026\/09\/01\/ligne-ferroviaire-laghouat-ghardaia-el-meniaa-djellaoui-accelere-la-cadence\/","og_site_name":"La Sentinelle","article_publisher":"https:\/\/www.facebook.com\/La-Sentinelle-104059864394773","article_published_time":"2026-09-01T10:00:43+00:00","article_modified_time":"2026-09-01T10:00:52+00:00","og_image":[{"width":2048,"height":1095,"url":"https:\/\/lasentinelle.dz\/wp-content\/uploads\/2026\/09\/djellaoui.jpeg","type":"image\/jpeg"}],"author":"admin","twitter_card":"summary_large_image","twitter_misc":{"\u00c9crit par":"admin","Dur\u00e9e de lecture estim\u00e9e":"4 minutes"},"schema":{"@context":"https:\/\/schema.org","@graph":[{"@type":"Article","@id":"https:\/\/lasentinelle.dz\/index.php\/2026\/09\/01\/ligne-ferroviaire-laghouat-ghardaia-el-meniaa-djellaoui-accelere-la-cadence\/#article","isPartOf":{"@id":"https:\/\/lasentinelle.dz\/index.php\/2026\/09\/01\/ligne-ferroviaire-laghouat-ghardaia-el-meniaa-djellaoui-accelere-la-cadence\/"},"author":{"name":"admin","@id":"https:\/\/lasentinelle.dz\/#\/schema\/person\/729ee0024f24e0b8c5ec17232f8e8b41"},"headline":"Ligne ferroviaire Laghouat-Gharda\u00efa-El Meniaa\u00a0: Djellaoui acc\u00e9l\u00e8re la cadence","datePublished":"2026-09-01T10:00:43+00:00","dateModified":"2026-09-01T10:00:52+00:00","mainEntityOfPage":{"@id":"https:\/\/lasentinelle.dz\/index.php\/2026\/09\/01\/ligne-ferroviaire-laghouat-ghardaia-el-meniaa-djellaoui-accelere-la-cadence\/"},"wordCount":767,"commentCount":0,"publisher":{"@id":"https:\/\/lasentinelle.dz\/#organization"},"image":{"@id":"https:\/\/lasentinelle.dz\/index.php\/2026\/09\/01\/ligne-ferroviaire-laghouat-ghardaia-el-meniaa-djellaoui-accelere-la-cadence\/#primaryimage"},"thumbnailUrl":"https:\/\/lasentinelle.dz\/wp-content\/uploads\/2026\/09\/djellaoui.jpeg","articleSection":["\u00c0 la Une","\u00c9conomie"],"inLanguage":"fr-FR","potentialAction":[{"@type":"CommentAction","name":"Comment","target":["https:\/\/lasentinelle.dz\/index.php\/2026\/09\/01\/ligne-ferroviaire-laghouat-ghardaia-el-meniaa-djellaoui-accelere-la-cadence\/#respond"]}]},{"@type":"WebPage","@id":"https:\/\/lasentinelle.dz\/index.php\/2026\/09\/01\/ligne-ferroviaire-laghouat-ghardaia-el-meniaa-djellaoui-accelere-la-cadence\/","url":"https:\/\/lasentinelle.dz\/index.php\/2026\/09\/01\/ligne-ferroviaire-laghouat-ghardaia-el-meniaa-djellaoui-accelere-la-cadence\/","name":"Ligne ferroviaire Laghouat-Gharda\u00efa-El Meniaa\u00a0: Djellaoui acc\u00e9l\u00e8re la cadence - La Sentinelle","isPartOf":{"@id":"https:\/\/lasentinelle.dz\/#website"},"primaryImageOfPage":{"@id":"https:\/\/lasentinelle.dz\/index.php\/2026\/09\/01\/ligne-ferroviaire-laghouat-ghardaia-el-meniaa-djellaoui-accelere-la-cadence\/#primaryimage"},"image":{"@id":"https:\/\/lasentinelle.dz\/index.php\/2026\/09\/01\/ligne-ferroviaire-laghouat-ghardaia-el-meniaa-djellaoui-accelere-la-cadence\/#primaryimage"},"thumbnailUrl":"https:\/\/lasentinelle.dz\/wp-content\/uploads\/2026\/09\/djellaoui.jpeg","datePublished":"2026-09-01T10:00:43+00:00","dateModified":"2026-09-01T10:00:52+00:00","breadcrumb":{"@id":"https:\/\/lasentinelle.dz\/index.php\/2026\/09\/01\/ligne-ferroviaire-laghouat-ghardaia-el-meniaa-djellaoui-accelere-la-cadence\/#breadcrumb"},"inLanguage":"fr-FR","potentialAction":[{"@type":"ReadAction","target":["https:\/\/lasentinelle.dz\/index.php\/2026\/09\/01\/ligne-ferroviaire-laghouat-ghardaia-el-meniaa-djellaoui-accelere-la-cadence\/"]}]},{"@type":"ImageObject","inLanguage":"fr-FR","@id":"https:\/\/lasentinelle.dz\/index.php\/2026\/09\/01\/ligne-ferroviaire-laghouat-ghardaia-el-meniaa-djellaoui-accelere-la-cadence\/#primaryimage","url":"https:\/\/lasentinelle.dz\/wp-content\/uploads\/2026\/09\/djellaoui.jpeg","contentUrl":"https:\/\/lasentinelle.dz\/wp-content\/uploads\/2026\/09\/djellaoui.jpeg","width":2048,"height":1095},{"@type":"BreadcrumbList","@id":"https:\/\/lasentinelle.dz\/index.php\/2026\/09\/01\/ligne-ferroviaire-laghouat-ghardaia-el-meniaa-djellaoui-accelere-la-cadence\/#breadcrumb","itemListElement":[{"@type":"ListItem","position":1,"name":"Accueil","item":"https:\/\/lasentinelle.dz\/"},{"@type":"ListItem","position":2,"name":"Ligne ferroviaire Laghouat-Gharda\u00efa-El Meniaa\u00a0: Djellaoui acc\u00e9l\u00e8re la cadence"}]},{"@type":"WebSite","@id":"https:\/\/lasentinelle.dz\/#website","url":"https:\/\/lasentinelle.dz\/","name":"La Sentinelle","description":"Quotidien national d&#039;information","publisher":{"@id":"https:\/\/lasentinelle.dz\/#organization"},"potentialAction":[{"@type":"SearchAction","target":{"@type":"EntryPoint","urlTemplate":"https:\/\/lasentinelle.dz\/?s={search_term_string}"},"query-input":{"@type":"PropertyValueSpecification","valueRequired":true,"valueName":"search_term_string"}}],"inLanguage":"fr-FR"},{"@type":"Organization","@id":"https:\/\/lasentinelle.dz\/#organization","name":"Quotidien La Sentinelle","url":"https:\/\/lasentinelle.dz\/","logo":{"@type":"ImageObject","inLanguage":"fr-FR","@id":"https:\/\/lasentinelle.dz\/#\/schema\/logo\/image\/","url":"https:\/\/lasentinelle.dz\/wp-content\/uploads\/2021\/09\/logo-sentinelleSLOGAN-1.png","contentUrl":"https:\/\/lasentinelle.dz\/wp-content\/uploads\/2021\/09\/logo-sentinelleSLOGAN-1.png","width":615,"height":142,"caption":"Quotidien La Sentinelle"},"image":{"@id":"https:\/\/lasentinelle.dz\/#\/schema\/logo\/image\/"},"sameAs":["https:\/\/www.facebook.com\/La-Sentinelle-104059864394773"]},{"@type":"Person","@id":"https:\/\/lasentinelle.dz\/#\/schema\/person\/729ee0024f24e0b8c5ec17232f8e8b41","name":"admin","image":{"@type":"ImageObject","inLanguage":"fr-FR","@id":"https:\/\/secure.gravatar.com\/avatar\/4c81fed838786e9b53f540bf46533e750f5d292099ae3b66cfc6fb1982e29df7?s=96&d=mm&r=g","url":"https:\/\/secure.gravatar.com\/avatar\/4c81fed838786e9b53f540bf46533e750f5d292099ae3b66cfc6fb1982e29df7?s=96&d=mm&r=g","contentUrl":"https:\/\/secure.gravatar.com\/avatar\/4c81fed838786e9b53f540bf46533e750f5d292099ae3b66cfc6fb1982e29df7?s=96&d=mm&r=g","caption":"admin"},"description":"admin","url":"https:\/\/lasentinelle.dz\/author\/admin\/"}]}},"_links":{"self":[{"href":"https:\/\/lasentinelle.dz\/index.php\/wp-json\/wp\/v2\/posts\/94733","targetHints":{"allow":["GET"]}}],"collection":[{"href":"https:\/\/lasentinelle.dz\/index.php\/wp-json\/wp\/v2\/posts"}],"about":[{"href":"https:\/\/lasentinelle.dz\/index.php\/wp-json\/wp\/v2\/types\/post"}],"author":[{"embeddable":true,"href":"https:\/\/lasentinelle.dz\/index.php\/wp-json\/wp\/v2\/users\/6"}],"replies":[{"embeddable":true,"href":"https:\/\/lasentinelle.dz\/index.php\/wp-json\/wp\/v2\/comments?post=94733"}],"version-history":[{"count":1,"href":"https:\/\/lasentinelle.dz\/index.php\/wp-json\/wp\/v2\/posts\/94733\/revisions"}],"predecessor-version":[{"id":94735,"href":"https:\/\/lasentinelle.dz\/index.php\/wp-json\/wp\/v2\/posts\/94733\/revisions\/94735"}],"wp:featuredmedia":[{"embeddable":true,"href":"https:\/\/lasentinelle.dz\/index.php\/wp-json\/wp\/v2\/media\/94734"}],"wp:attachment":[{"href":"https:\/\/lasentinelle.dz\/index.php\/wp-json\/wp\/v2\/media?parent=94733"}],"wp:term":[{"taxonomy":"category","embeddable":true,"href":"https:\/\/lasentinelle.dz\/index.php\/wp-json\/wp\/v2\/categories?post=94733"},{"taxonomy":"post_tag","embeddable":true,"href":"https:\/\/lasentinelle.dz\/index.php\/wp-json\/wp\/v2\/tags?post=94733"}],"curies":[{"name":"wp","href":"https:\/\/api.w.org\/{rel}","templated":true}]}}