{"id":94736,"date":"2026-09-01T11:04:07","date_gmt":"2026-09-01T10:04:07","guid":{"rendered":"https:\/\/lasentinelle.dz\/?p=94736"},"modified":"2026-09-01T11:04:12","modified_gmt":"2026-09-01T10:04:12","slug":"electricite-et-energies-renouvelables-lalgerie-et-le-senegal-actent-un-rapprochement-strategique","status":"publish","type":"post","link":"https:\/\/lasentinelle.dz\/index.php\/2026\/09\/01\/electricite-et-energies-renouvelables-lalgerie-et-le-senegal-actent-un-rapprochement-strategique\/","title":{"rendered":"\u00c9lectricit\u00e9 et \u00e9nergies renouvelables\u00a0: L&rsquo;Alg\u00e9rie et le S\u00e9n\u00e9gal actent un rapprochement strat\u00e9gique\u00a0"},"content":{"rendered":"\n<p class=\"wp-block-paragraph\">Le ministre de l&rsquo;Energie et des Energies renouvelables, Mourad Adjal, s&rsquo;est entretenu lundi par visioconf\u00e9rence avec son homologue s\u00e9n\u00e9galais, le Hadji Abdourahmane Diouf, ministre de l&rsquo;Energie et du P\u00e9trole, pour examiner les voies de renforcement et d&rsquo;\u00e9largissement de la coop\u00e9ration bilat\u00e9rale dans les domaines de l&rsquo;\u00e9nergie, de l&rsquo;\u00e9lectricit\u00e9 et des \u00e9nergies renouvelables, a indiqu\u00e9 un communiqu\u00e9 du minist\u00e8re. Selon le document, les deux parties ont pass\u00e9 en revue lors de cet \u00e9change l&rsquo;\u00e9tat de la coop\u00e9ration existante entre les deux pays et les perspectives de son d\u00e9veloppement, notamment \u00e0 travers l&rsquo;intensification des \u00e9changes d&rsquo;expertises, d&rsquo;exp\u00e9riences, de formation et de transfert de technologie, en plus de l&rsquo;examen des moyens de concr\u00e9tiser des projets pratiques et tangibles dans le secteur de l&rsquo;\u00e9nergie. Les discussions ont \u00e9galement port\u00e9 sur le renforcement de la coop\u00e9ration entre les institutions et organismes actifs dans le secteur, en particulier dans la fabrication d&rsquo;\u00e9quipements \u00e9nerg\u00e9tiques, de fa\u00e7on \u00e0 appuyer les capacit\u00e9s nationales du S\u00e9n\u00e9gal et \u00e0 d\u00e9velopper son infrastructure \u00e9nerg\u00e9tique. Dans ce cadre, le communiqu\u00e9 pr\u00e9cise que M. Adjal a affirm\u00e9 \u00ab la disposition de l&rsquo;Alg\u00e9rie \u00e0 partager son exp\u00e9rience avec la partie s\u00e9n\u00e9galaise et \u00e0 poursuivre l&rsquo;accompagnement du S\u00e9n\u00e9gal dans la concr\u00e9tisation de ses projets \u00e9nerg\u00e9tiques \u00bb, tandis que le ministre s\u00e9n\u00e9galais a exprim\u00e9 la disposition de son pays \u00e0 d\u00e9velopper le partenariat avec l&rsquo;Alg\u00e9rie et \u00e0 tirer profit de son expertise et de ses capacit\u00e9s dans les domaines de l&rsquo;\u00e9nergie et de l&rsquo;\u00e9lectricit\u00e9. Les deux ministres se sont accord\u00e9s, dans la perspective de traduire les r\u00e9sultats de cet entretien en actes concrets, sur la tenue d&rsquo;une rencontre \u00e0 Alger d\u00e9but octobre prochain en vue de la signature d&rsquo;une convention de coop\u00e9ration entre le groupe Sonelgaz et la soci\u00e9t\u00e9 s\u00e9n\u00e9galaise d&rsquo;\u00e9lectricit\u00e9 Senelec, destin\u00e9e \u00e0 \u00e9largir les champs de coop\u00e9ration et l&rsquo;\u00e9change d&rsquo;expertises dans le domaine de l&rsquo;\u00e9lectricit\u00e9 et de l&rsquo;\u00e9nergie. Une seconde rencontre est pr\u00e9vue au S\u00e9n\u00e9gal le 3 d\u00e9cembre prochain, pour la signature d&rsquo;un accord intergouvernemental alg\u00e9ro-s\u00e9n\u00e9galais visant \u00e0 d\u00e9velopper les cadres de la coop\u00e9ration bilat\u00e9rale dans les domaines de l&rsquo;\u00e9nergie et des renouvelables. Ces accords, souligne le communiqu\u00e9, \u00ab ouvriraient de nouvelles perspectives \u00e0 un partenariat alg\u00e9ro-s\u00e9n\u00e9galais plus global et plus durable, renfor\u00e7ant la coop\u00e9ration \u00e9nerg\u00e9tique et l&rsquo;int\u00e9gration entre pays africains \u00bb.<\/p>\n\n\n\n<p class=\"wp-block-paragraph\">Cette d\u00e9marche s&rsquo;inscrit dans la continuit\u00e9 de l&rsquo;offensive engag\u00e9e par Sonelgaz sur le continent, port\u00e9e depuis plusieurs mois par sa filiale d\u00e9di\u00e9e \u00e0 l&rsquo;international. Le groupe public a multipli\u00e9 les partenariats avec pr\u00e8s de 18 pays africains, entre exportation d&rsquo;\u00e9quipements \u00e9lectriques, ing\u00e9nierie, maintenance, formation et production ou transport d&rsquo;\u00e9lectricit\u00e9. Au Niger, une \u00e9quipe technique a \u00e9t\u00e9 d\u00e9p\u00each\u00e9e \u00e0 Niamey en vue de la construction d&rsquo;une centrale destin\u00e9e \u00e0 Nigelec, tandis qu&rsquo;un accord a \u00e9t\u00e9 conclu avec la C\u00f4te d&rsquo;Ivoire pour capter un march\u00e9 en pleine expansion. Sonelgaz a par ailleurs sign\u00e9 des conventions avec le West African Power Pool et la Communaut\u00e9 \u00e9conomique des Etats de l&rsquo;Afrique de l&rsquo;Ouest pour le transport de l&rsquo;\u00e9lectricit\u00e9 et la gestion coordonn\u00e9e des syst\u00e8mes \u00e9lectriques r\u00e9gionaux. Le rapprochement avec Dakar confirme ainsi la volont\u00e9 d&rsquo;Alger de faire de la diplomatie \u00e9nerg\u00e9tique un levier de son influence au Sahel et en Afrique de l&rsquo;Ouest, dans un contexte o\u00f9 le S\u00e9n\u00e9gal, appel\u00e9 \u00e0 pr\u00e9sider la Commission de la CEDEAO \u00e0 partir de 2026, cherche \u00e0 diversifier ses partenaires pour d\u00e9velopper ses infrastructures \u00e9lectriques.<\/p>\n\n\n\n<p class=\"wp-block-paragraph\">Amar Malki<\/p>\n","protected":false},"excerpt":{"rendered":"<p>Le ministre de l&rsquo;Energie et des Energies renouvelables, Mourad Adjal, s&rsquo;est entretenu lundi par visioconf\u00e9rence avec son homologue s\u00e9n\u00e9galais, le<\/p>\n","protected":false},"author":6,"featured_media":94737,"comment_status":"open","ping_status":"closed","sticky":false,"template":"","format":"standard","meta":{"colormag_page_container_layout":"default_layout","colormag_page_sidebar_layout":"default_layout","om_disable_all_campaigns":false,"_monsterinsights_skip_tracking":false,"footnotes":"","_wpscppro_dont_share_socialmedia":false,"_wpscppro_custom_social_share_image":0,"_facebook_share_type":"default","_twitter_share_type":"default","_linkedin_share_type":"default","_pinterest_share_type":"default","_linkedin_share_type_page":"","_instagram_share_type":"default","_medium_share_type":"default","_threads_share_type":"default","_google_business_share_type":"default","_bluesky_share_type":"default","_mastodon_share_type":"default","_selected_social_profile":[],"_wpsp_enable_custom_social_template":false,"_wpsp_social_scheduling":{"enabled":false,"datetime":null,"platforms":[],"status":"template_only","dateOption":"today","timeOption":"now","customDays":"","customHours":"","customDate":"","customTime":"","schedulingType":"absolute"},"_wpsp_active_default_template":true},"categories":[29],"tags":[],"class_list":["post-94736","post","type-post","status-publish","format-standard","has-post-thumbnail","hentry","category-economie"],"aioseo_notices":[],"aioseo_head":"\n\t\t<!-- All in One SEO 5.0.0.1 - aioseo.com -->\n\t<meta name=\"description\" content=\"Le ministre de l&#039;Energie et des Energies renouvelables, Mourad Adjal, s&#039;est entretenu lundi par visioconf\u00e9rence avec son homologue s\u00e9n\u00e9galais, le Hadji Abdourahmane Diouf, ministre de l&#039;Energie et du P\u00e9trole, pour examiner les voies de renforcement et d&#039;\u00e9largissement de la coop\u00e9ration bilat\u00e9rale dans les domaines de l&#039;\u00e9nergie, de l&#039;\u00e9lectricit\u00e9 et des \u00e9nergies renouvelables, a indiqu\u00e9 un\" \/>\n\t<meta name=\"robots\" content=\"max-image-preview:large\" \/>\n\t<meta name=\"author\" content=\"admin\"\/>\n\t<link rel=\"canonical\" href=\"https:\/\/lasentinelle.dz\/index.php\/2026\/09\/01\/electricite-et-energies-renouvelables-lalgerie-et-le-senegal-actent-un-rapprochement-strategique\/\" \/>\n\t<meta name=\"generator\" content=\"All in One SEO (AIOSEO) 5.0.0.1\" \/>\n\t\t<meta property=\"og:locale\" content=\"fr_FR\" \/>\n\t\t<meta property=\"og:site_name\" content=\"La Sentinelle - Quotidien national d&#039;information\" \/>\n\t\t<meta property=\"og:type\" content=\"article\" \/>\n\t\t<meta property=\"og:title\" content=\"\u00c9lectricit\u00e9 et \u00e9nergies renouvelables : L\u2019Alg\u00e9rie et le S\u00e9n\u00e9gal actent un rapprochement strat\u00e9gique - La Sentinelle\" \/>\n\t\t<meta property=\"og:description\" content=\"Le ministre de l&#039;Energie et des Energies renouvelables, Mourad Adjal, s&#039;est entretenu lundi par visioconf\u00e9rence avec son homologue s\u00e9n\u00e9galais, le Hadji Abdourahmane Diouf, ministre de l&#039;Energie et du P\u00e9trole, pour examiner les voies de renforcement et d&#039;\u00e9largissement de la coop\u00e9ration bilat\u00e9rale dans les domaines de l&#039;\u00e9nergie, de l&#039;\u00e9lectricit\u00e9 et des \u00e9nergies renouvelables, a indiqu\u00e9 un\" \/>\n\t\t<meta property=\"og:url\" content=\"https:\/\/lasentinelle.dz\/index.php\/2026\/09\/01\/electricite-et-energies-renouvelables-lalgerie-et-le-senegal-actent-un-rapprochement-strategique\/\" \/>\n\t\t<meta property=\"og:image\" content=\"https:\/\/lasentinelle.dz\/wp-content\/uploads\/2021\/09\/cropped-la-sentinelle-earth-golden-anima-5.gif\" \/>\n\t\t<meta property=\"og:image:secure_url\" content=\"https:\/\/lasentinelle.dz\/wp-content\/uploads\/2021\/09\/cropped-la-sentinelle-earth-golden-anima-5.gif\" \/>\n\t\t<meta property=\"og:image:width\" content=\"450\" \/>\n\t\t<meta property=\"og:image:height\" content=\"213\" \/>\n\t\t<meta property=\"article:published_time\" content=\"2026-09-01T10:04:07+00:00\" \/>\n\t\t<meta property=\"article:modified_time\" content=\"2026-09-01T10:04:12+00:00\" \/>\n\t\t<meta property=\"article:publisher\" content=\"https:\/\/www.facebook.com\/azzedine.lasentinelle.1\" \/>\n\t\t<meta name=\"twitter:card\" content=\"summary_large_image\" \/>\n\t\t<meta name=\"twitter:title\" content=\"\u00c9lectricit\u00e9 et \u00e9nergies renouvelables : L\u2019Alg\u00e9rie et le S\u00e9n\u00e9gal actent un rapprochement strat\u00e9gique - La Sentinelle\" \/>\n\t\t<meta name=\"twitter:description\" content=\"Le ministre de l&#039;Energie et des Energies renouvelables, Mourad Adjal, s&#039;est entretenu lundi par visioconf\u00e9rence avec son homologue s\u00e9n\u00e9galais, le Hadji Abdourahmane Diouf, ministre de l&#039;Energie et du P\u00e9trole, pour examiner les voies de renforcement et d&#039;\u00e9largissement de la coop\u00e9ration bilat\u00e9rale dans les domaines de l&#039;\u00e9nergie, de l&#039;\u00e9lectricit\u00e9 et des \u00e9nergies renouvelables, a indiqu\u00e9 un\" \/>\n\t\t<meta name=\"twitter:image\" content=\"https:\/\/lasentinelle.dz\/wp-content\/uploads\/2021\/09\/cropped-la-sentinelle-earth-golden-anima-5.gif\" \/>\n\t\t<script type=\"application\/ld+json\" class=\"aioseo-schema\">\n\t\t\t{\"@context\":\"https:\\\/\\\/schema.org\",\"@graph\":[{\"@type\":\"BlogPosting\",\"@id\":\"https:\\\/\\\/lasentinelle.dz\\\/index.php\\\/2026\\\/09\\\/01\\\/electricite-et-energies-renouvelables-lalgerie-et-le-senegal-actent-un-rapprochement-strategique\\\/#blogposting\",\"name\":\"\\u00c9lectricit\\u00e9 et \\u00e9nergies renouvelables : L\\u2019Alg\\u00e9rie et le S\\u00e9n\\u00e9gal actent un rapprochement strat\\u00e9gique - La Sentinelle\",\"headline\":\"\\u00c9lectricit\\u00e9 et \\u00e9nergies renouvelables\\u00a0: L&rsquo;Alg\\u00e9rie et le S\\u00e9n\\u00e9gal actent un rapprochement strat\\u00e9gique\\u00a0\",\"author\":{\"@id\":\"https:\\\/\\\/lasentinelle.dz\\\/author\\\/admin\\\/#author\"},\"publisher\":{\"@id\":\"https:\\\/\\\/lasentinelle.dz\\\/#organization\"},\"image\":{\"@type\":\"ImageObject\",\"url\":\"https:\\\/\\\/lasentinelle.dz\\\/wp-content\\\/uploads\\\/2026\\\/09\\\/789654009_1588756639699384_4538744172053474201_n.webp\",\"width\":900,\"height\":675},\"datePublished\":\"2026-09-01T11:04:07+01:00\",\"dateModified\":\"2026-09-01T11:04:12+01:00\",\"inLanguage\":\"fr-FR\",\"mainEntityOfPage\":{\"@id\":\"https:\\\/\\\/lasentinelle.dz\\\/index.php\\\/2026\\\/09\\\/01\\\/electricite-et-energies-renouvelables-lalgerie-et-le-senegal-actent-un-rapprochement-strategique\\\/#webpage\"},\"isPartOf\":{\"@id\":\"https:\\\/\\\/lasentinelle.dz\\\/index.php\\\/2026\\\/09\\\/01\\\/electricite-et-energies-renouvelables-lalgerie-et-le-senegal-actent-un-rapprochement-strategique\\\/#webpage\"},\"articleSection\":\"\\u00c9conomie\"},{\"@type\":\"BreadcrumbList\",\"@id\":\"https:\\\/\\\/lasentinelle.dz\\\/index.php\\\/2026\\\/09\\\/01\\\/electricite-et-energies-renouvelables-lalgerie-et-le-senegal-actent-un-rapprochement-strategique\\\/#breadcrumblist\",\"itemListElement\":[{\"@type\":\"ListItem\",\"@id\":\"https:\\\/\\\/lasentinelle.dz#listItem\",\"position\":1,\"name\":\"Home\",\"item\":\"https:\\\/\\\/lasentinelle.dz\",\"nextItem\":{\"@type\":\"ListItem\",\"@id\":\"https:\\\/\\\/lasentinelle.dz\\\/index.php\\\/category\\\/economie\\\/#listItem\",\"name\":\"\\u00c9conomie\"}},{\"@type\":\"ListItem\",\"@id\":\"https:\\\/\\\/lasentinelle.dz\\\/index.php\\\/category\\\/economie\\\/#listItem\",\"position\":2,\"name\":\"\\u00c9conomie\",\"item\":\"https:\\\/\\\/lasentinelle.dz\\\/index.php\\\/category\\\/economie\\\/\",\"nextItem\":{\"@type\":\"ListItem\",\"@id\":\"https:\\\/\\\/lasentinelle.dz\\\/index.php\\\/2026\\\/09\\\/01\\\/electricite-et-energies-renouvelables-lalgerie-et-le-senegal-actent-un-rapprochement-strategique\\\/#listItem\",\"name\":\"\\u00c9lectricit\\u00e9 et \\u00e9nergies renouvelables\\u00a0: L&rsquo;Alg\\u00e9rie et le S\\u00e9n\\u00e9gal actent un rapprochement strat\\u00e9gique\\u00a0\"},\"previousItem\":{\"@type\":\"ListItem\",\"@id\":\"https:\\\/\\\/lasentinelle.dz#listItem\",\"name\":\"Home\"}},{\"@type\":\"ListItem\",\"@id\":\"https:\\\/\\\/lasentinelle.dz\\\/index.php\\\/2026\\\/09\\\/01\\\/electricite-et-energies-renouvelables-lalgerie-et-le-senegal-actent-un-rapprochement-strategique\\\/#listItem\",\"position\":3,\"name\":\"\\u00c9lectricit\\u00e9 et \\u00e9nergies renouvelables\\u00a0: L&rsquo;Alg\\u00e9rie et le S\\u00e9n\\u00e9gal actent un rapprochement strat\\u00e9gique\\u00a0\",\"previousItem\":{\"@type\":\"ListItem\",\"@id\":\"https:\\\/\\\/lasentinelle.dz\\\/index.php\\\/category\\\/economie\\\/#listItem\",\"name\":\"\\u00c9conomie\"}}]},{\"@type\":\"Organization\",\"@id\":\"https:\\\/\\\/lasentinelle.dz\\\/#organization\",\"name\":\"La Sentinelle La Sentinelle\",\"description\":\"Quotidien national d'information\",\"url\":\"https:\\\/\\\/lasentinelle.dz\\\/\",\"logo\":{\"@type\":\"ImageObject\",\"url\":\"https:\\\/\\\/lasentinelle.dz\\\/wp-content\\\/uploads\\\/2021\\\/09\\\/cropped-la-sentinelle-earth-golden-anima-5.gif\",\"@id\":\"https:\\\/\\\/lasentinelle.dz\\\/index.php\\\/2026\\\/09\\\/01\\\/electricite-et-energies-renouvelables-lalgerie-et-le-senegal-actent-un-rapprochement-strategique\\\/#organizationLogo\",\"width\":450,\"height\":213},\"image\":{\"@id\":\"https:\\\/\\\/lasentinelle.dz\\\/index.php\\\/2026\\\/09\\\/01\\\/electricite-et-energies-renouvelables-lalgerie-et-le-senegal-actent-un-rapprochement-strategique\\\/#organizationLogo\"},\"sameAs\":[\"https:\\\/\\\/www.facebook.com\\\/azzedine.lasentinelle.1\"]},{\"@type\":\"Person\",\"@id\":\"https:\\\/\\\/lasentinelle.dz\\\/author\\\/admin\\\/#author\",\"url\":\"https:\\\/\\\/lasentinelle.dz\\\/author\\\/admin\\\/\",\"name\":\"admin\",\"image\":{\"@type\":\"ImageObject\",\"@id\":\"https:\\\/\\\/lasentinelle.dz\\\/index.php\\\/2026\\\/09\\\/01\\\/electricite-et-energies-renouvelables-lalgerie-et-le-senegal-actent-un-rapprochement-strategique\\\/#authorImage\",\"url\":\"https:\\\/\\\/secure.gravatar.com\\\/avatar\\\/4c81fed838786e9b53f540bf46533e750f5d292099ae3b66cfc6fb1982e29df7?s=96&d=mm&r=g\",\"width\":96,\"height\":96,\"caption\":\"admin\"}},{\"@type\":\"WebPage\",\"@id\":\"https:\\\/\\\/lasentinelle.dz\\\/index.php\\\/2026\\\/09\\\/01\\\/electricite-et-energies-renouvelables-lalgerie-et-le-senegal-actent-un-rapprochement-strategique\\\/#webpage\",\"url\":\"https:\\\/\\\/lasentinelle.dz\\\/index.php\\\/2026\\\/09\\\/01\\\/electricite-et-energies-renouvelables-lalgerie-et-le-senegal-actent-un-rapprochement-strategique\\\/\",\"name\":\"\\u00c9lectricit\\u00e9 et \\u00e9nergies renouvelables : L\\u2019Alg\\u00e9rie et le S\\u00e9n\\u00e9gal actent un rapprochement strat\\u00e9gique - La Sentinelle\",\"description\":\"Le ministre de l'Energie et des Energies renouvelables, Mourad Adjal, s'est entretenu lundi par visioconf\\u00e9rence avec son homologue s\\u00e9n\\u00e9galais, le Hadji Abdourahmane Diouf, ministre de l'Energie et du P\\u00e9trole, pour examiner les voies de renforcement et d'\\u00e9largissement de la coop\\u00e9ration bilat\\u00e9rale dans les domaines de l'\\u00e9nergie, de l'\\u00e9lectricit\\u00e9 et des \\u00e9nergies renouvelables, a indiqu\\u00e9 un\",\"inLanguage\":\"fr-FR\",\"isPartOf\":{\"@id\":\"https:\\\/\\\/lasentinelle.dz\\\/#website\"},\"breadcrumb\":{\"@id\":\"https:\\\/\\\/lasentinelle.dz\\\/index.php\\\/2026\\\/09\\\/01\\\/electricite-et-energies-renouvelables-lalgerie-et-le-senegal-actent-un-rapprochement-strategique\\\/#breadcrumblist\"},\"author\":{\"@id\":\"https:\\\/\\\/lasentinelle.dz\\\/author\\\/admin\\\/#author\"},\"creator\":{\"@id\":\"https:\\\/\\\/lasentinelle.dz\\\/author\\\/admin\\\/#author\"},\"image\":{\"@type\":\"ImageObject\",\"url\":\"https:\\\/\\\/lasentinelle.dz\\\/wp-content\\\/uploads\\\/2026\\\/09\\\/789654009_1588756639699384_4538744172053474201_n.webp\",\"@id\":\"https:\\\/\\\/lasentinelle.dz\\\/index.php\\\/2026\\\/09\\\/01\\\/electricite-et-energies-renouvelables-lalgerie-et-le-senegal-actent-un-rapprochement-strategique\\\/#mainImage\",\"width\":900,\"height\":675},\"primaryImageOfPage\":{\"@id\":\"https:\\\/\\\/lasentinelle.dz\\\/index.php\\\/2026\\\/09\\\/01\\\/electricite-et-energies-renouvelables-lalgerie-et-le-senegal-actent-un-rapprochement-strategique\\\/#mainImage\"},\"datePublished\":\"2026-09-01T11:04:07+01:00\",\"dateModified\":\"2026-09-01T11:04:12+01:00\"},{\"@type\":\"WebSite\",\"@id\":\"https:\\\/\\\/lasentinelle.dz\\\/#website\",\"url\":\"https:\\\/\\\/lasentinelle.dz\\\/\",\"name\":\"La Sentinelle\",\"description\":\"Quotidien national d'information\",\"inLanguage\":\"fr-FR\",\"publisher\":{\"@id\":\"https:\\\/\\\/lasentinelle.dz\\\/#organization\"}}]}\n\t\t<\/script>\n\t\t<!-- All in One SEO -->\n\n","aioseo_head_json":{"title":"\u00c9lectricit\u00e9 et \u00e9nergies renouvelables : L\u2019Alg\u00e9rie et le S\u00e9n\u00e9gal actent un rapprochement strat\u00e9gique - La Sentinelle","description":"Le ministre de l'Energie et des Energies renouvelables, Mourad Adjal, s'est entretenu lundi par visioconf\u00e9rence avec son homologue s\u00e9n\u00e9galais, le Hadji Abdourahmane Diouf, ministre de l'Energie et du P\u00e9trole, pour examiner les voies de renforcement et d'\u00e9largissement de la coop\u00e9ration bilat\u00e9rale dans les domaines de l'\u00e9nergie, de l'\u00e9lectricit\u00e9 et des \u00e9nergies renouvelables, a indiqu\u00e9 un","canonical_url":"https:\/\/lasentinelle.dz\/index.php\/2026\/09\/01\/electricite-et-energies-renouvelables-lalgerie-et-le-senegal-actent-un-rapprochement-strategique\/","robots":"max-image-preview:large","keywords":"","webmasterTools":{"miscellaneous":""},"schema":{"@context":"https:\/\/schema.org","@graph":[{"@type":"BlogPosting","@id":"https:\/\/lasentinelle.dz\/index.php\/2026\/09\/01\/electricite-et-energies-renouvelables-lalgerie-et-le-senegal-actent-un-rapprochement-strategique\/#blogposting","name":"\u00c9lectricit\u00e9 et \u00e9nergies renouvelables : L\u2019Alg\u00e9rie et le S\u00e9n\u00e9gal actent un rapprochement strat\u00e9gique - La Sentinelle","headline":"\u00c9lectricit\u00e9 et \u00e9nergies renouvelables\u00a0: L&rsquo;Alg\u00e9rie et le S\u00e9n\u00e9gal actent un rapprochement strat\u00e9gique\u00a0","author":{"@id":"https:\/\/lasentinelle.dz\/author\/admin\/#author"},"publisher":{"@id":"https:\/\/lasentinelle.dz\/#organization"},"image":{"@type":"ImageObject","url":"https:\/\/lasentinelle.dz\/wp-content\/uploads\/2026\/09\/789654009_1588756639699384_4538744172053474201_n.webp","width":900,"height":675},"datePublished":"2026-09-01T11:04:07+01:00","dateModified":"2026-09-01T11:04:12+01:00","inLanguage":"fr-FR","mainEntityOfPage":{"@id":"https:\/\/lasentinelle.dz\/index.php\/2026\/09\/01\/electricite-et-energies-renouvelables-lalgerie-et-le-senegal-actent-un-rapprochement-strategique\/#webpage"},"isPartOf":{"@id":"https:\/\/lasentinelle.dz\/index.php\/2026\/09\/01\/electricite-et-energies-renouvelables-lalgerie-et-le-senegal-actent-un-rapprochement-strategique\/#webpage"},"articleSection":"\u00c9conomie"},{"@type":"BreadcrumbList","@id":"https:\/\/lasentinelle.dz\/index.php\/2026\/09\/01\/electricite-et-energies-renouvelables-lalgerie-et-le-senegal-actent-un-rapprochement-strategique\/#breadcrumblist","itemListElement":[{"@type":"ListItem","@id":"https:\/\/lasentinelle.dz#listItem","position":1,"name":"Home","item":"https:\/\/lasentinelle.dz","nextItem":{"@type":"ListItem","@id":"https:\/\/lasentinelle.dz\/index.php\/category\/economie\/#listItem","name":"\u00c9conomie"}},{"@type":"ListItem","@id":"https:\/\/lasentinelle.dz\/index.php\/category\/economie\/#listItem","position":2,"name":"\u00c9conomie","item":"https:\/\/lasentinelle.dz\/index.php\/category\/economie\/","nextItem":{"@type":"ListItem","@id":"https:\/\/lasentinelle.dz\/index.php\/2026\/09\/01\/electricite-et-energies-renouvelables-lalgerie-et-le-senegal-actent-un-rapprochement-strategique\/#listItem","name":"\u00c9lectricit\u00e9 et \u00e9nergies renouvelables\u00a0: L&rsquo;Alg\u00e9rie et le S\u00e9n\u00e9gal actent un rapprochement strat\u00e9gique\u00a0"},"previousItem":{"@type":"ListItem","@id":"https:\/\/lasentinelle.dz#listItem","name":"Home"}},{"@type":"ListItem","@id":"https:\/\/lasentinelle.dz\/index.php\/2026\/09\/01\/electricite-et-energies-renouvelables-lalgerie-et-le-senegal-actent-un-rapprochement-strategique\/#listItem","position":3,"name":"\u00c9lectricit\u00e9 et \u00e9nergies renouvelables\u00a0: L&rsquo;Alg\u00e9rie et le S\u00e9n\u00e9gal actent un rapprochement strat\u00e9gique\u00a0","previousItem":{"@type":"ListItem","@id":"https:\/\/lasentinelle.dz\/index.php\/category\/economie\/#listItem","name":"\u00c9conomie"}}]},{"@type":"Organization","@id":"https:\/\/lasentinelle.dz\/#organization","name":"La Sentinelle La Sentinelle","description":"Quotidien national d'information","url":"https:\/\/lasentinelle.dz\/","logo":{"@type":"ImageObject","url":"https:\/\/lasentinelle.dz\/wp-content\/uploads\/2021\/09\/cropped-la-sentinelle-earth-golden-anima-5.gif","@id":"https:\/\/lasentinelle.dz\/index.php\/2026\/09\/01\/electricite-et-energies-renouvelables-lalgerie-et-le-senegal-actent-un-rapprochement-strategique\/#organizationLogo","width":450,"height":213},"image":{"@id":"https:\/\/lasentinelle.dz\/index.php\/2026\/09\/01\/electricite-et-energies-renouvelables-lalgerie-et-le-senegal-actent-un-rapprochement-strategique\/#organizationLogo"},"sameAs":["https:\/\/www.facebook.com\/azzedine.lasentinelle.1"]},{"@type":"Person","@id":"https:\/\/lasentinelle.dz\/author\/admin\/#author","url":"https:\/\/lasentinelle.dz\/author\/admin\/","name":"admin","image":{"@type":"ImageObject","@id":"https:\/\/lasentinelle.dz\/index.php\/2026\/09\/01\/electricite-et-energies-renouvelables-lalgerie-et-le-senegal-actent-un-rapprochement-strategique\/#authorImage","url":"https:\/\/secure.gravatar.com\/avatar\/4c81fed838786e9b53f540bf46533e750f5d292099ae3b66cfc6fb1982e29df7?s=96&d=mm&r=g","width":96,"height":96,"caption":"admin"}},{"@type":"WebPage","@id":"https:\/\/lasentinelle.dz\/index.php\/2026\/09\/01\/electricite-et-energies-renouvelables-lalgerie-et-le-senegal-actent-un-rapprochement-strategique\/#webpage","url":"https:\/\/lasentinelle.dz\/index.php\/2026\/09\/01\/electricite-et-energies-renouvelables-lalgerie-et-le-senegal-actent-un-rapprochement-strategique\/","name":"\u00c9lectricit\u00e9 et \u00e9nergies renouvelables : L\u2019Alg\u00e9rie et le S\u00e9n\u00e9gal actent un rapprochement strat\u00e9gique - La Sentinelle","description":"Le ministre de l'Energie et des Energies renouvelables, Mourad Adjal, s'est entretenu lundi par visioconf\u00e9rence avec son homologue s\u00e9n\u00e9galais, le Hadji Abdourahmane Diouf, ministre de l'Energie et du P\u00e9trole, pour examiner les voies de renforcement et d'\u00e9largissement de la coop\u00e9ration bilat\u00e9rale dans les domaines de l'\u00e9nergie, de l'\u00e9lectricit\u00e9 et des \u00e9nergies renouvelables, a indiqu\u00e9 un","inLanguage":"fr-FR","isPartOf":{"@id":"https:\/\/lasentinelle.dz\/#website"},"breadcrumb":{"@id":"https:\/\/lasentinelle.dz\/index.php\/2026\/09\/01\/electricite-et-energies-renouvelables-lalgerie-et-le-senegal-actent-un-rapprochement-strategique\/#breadcrumblist"},"author":{"@id":"https:\/\/lasentinelle.dz\/author\/admin\/#author"},"creator":{"@id":"https:\/\/lasentinelle.dz\/author\/admin\/#author"},"image":{"@type":"ImageObject","url":"https:\/\/lasentinelle.dz\/wp-content\/uploads\/2026\/09\/789654009_1588756639699384_4538744172053474201_n.webp","@id":"https:\/\/lasentinelle.dz\/index.php\/2026\/09\/01\/electricite-et-energies-renouvelables-lalgerie-et-le-senegal-actent-un-rapprochement-strategique\/#mainImage","width":900,"height":675},"primaryImageOfPage":{"@id":"https:\/\/lasentinelle.dz\/index.php\/2026\/09\/01\/electricite-et-energies-renouvelables-lalgerie-et-le-senegal-actent-un-rapprochement-strategique\/#mainImage"},"datePublished":"2026-09-01T11:04:07+01:00","dateModified":"2026-09-01T11:04:12+01:00"},{"@type":"WebSite","@id":"https:\/\/lasentinelle.dz\/#website","url":"https:\/\/lasentinelle.dz\/","name":"La Sentinelle","description":"Quotidien national d'information","inLanguage":"fr-FR","publisher":{"@id":"https:\/\/lasentinelle.dz\/#organization"}}]},"og:locale":"fr_FR","og:site_name":"La Sentinelle - Quotidien national d'information","og:type":"article","og:title":"\u00c9lectricit\u00e9 et \u00e9nergies renouvelables : L\u2019Alg\u00e9rie et le S\u00e9n\u00e9gal actent un rapprochement strat\u00e9gique - La Sentinelle","og:description":"Le ministre de l'Energie et des Energies renouvelables, Mourad Adjal, s'est entretenu lundi par visioconf\u00e9rence avec son homologue s\u00e9n\u00e9galais, le Hadji Abdourahmane Diouf, ministre de l'Energie et du P\u00e9trole, pour examiner les voies de renforcement et d'\u00e9largissement de la coop\u00e9ration bilat\u00e9rale dans les domaines de l'\u00e9nergie, de l'\u00e9lectricit\u00e9 et des \u00e9nergies renouvelables, a indiqu\u00e9 un","og:url":"https:\/\/lasentinelle.dz\/index.php\/2026\/09\/01\/electricite-et-energies-renouvelables-lalgerie-et-le-senegal-actent-un-rapprochement-strategique\/","og:image":"https:\/\/lasentinelle.dz\/wp-content\/uploads\/2021\/09\/cropped-la-sentinelle-earth-golden-anima-5.gif","og:image:secure_url":"https:\/\/lasentinelle.dz\/wp-content\/uploads\/2021\/09\/cropped-la-sentinelle-earth-golden-anima-5.gif","og:image:width":450,"og:image:height":213,"article:published_time":"2026-09-01T10:04:07+00:00","article:modified_time":"2026-09-01T10:04:12+00:00","article:publisher":"https:\/\/www.facebook.com\/azzedine.lasentinelle.1","twitter:card":"summary_large_image","twitter:title":"\u00c9lectricit\u00e9 et \u00e9nergies renouvelables : L\u2019Alg\u00e9rie et le S\u00e9n\u00e9gal actent un rapprochement strat\u00e9gique - La Sentinelle","twitter:description":"Le ministre de l'Energie et des Energies renouvelables, Mourad Adjal, s'est entretenu lundi par visioconf\u00e9rence avec son homologue s\u00e9n\u00e9galais, le Hadji Abdourahmane Diouf, ministre de l'Energie et du P\u00e9trole, pour examiner les voies de renforcement et d'\u00e9largissement de la coop\u00e9ration bilat\u00e9rale dans les domaines de l'\u00e9nergie, de l'\u00e9lectricit\u00e9 et des \u00e9nergies renouvelables, a indiqu\u00e9 un","twitter:image":"https:\/\/lasentinelle.dz\/wp-content\/uploads\/2021\/09\/cropped-la-sentinelle-earth-golden-anima-5.gif"},"aioseo_meta_data":{"post_id":"94736","title":null,"description":null,"keywords":null,"keyphrases":{"focus":{"keyphrase":"","score":0,"analysis":{"keyphraseInTitle":{"score":0,"maxScore":9,"error":1}}},"additional":[]},"primary_term":null,"canonical_url":null,"og_title":null,"og_description":null,"og_object_type":"default","og_image_type":"default","og_image_url":null,"og_image_width":null,"og_image_height":null,"og_image_custom_url":null,"og_image_custom_fields":null,"og_video":"","og_custom_url":null,"og_article_section":null,"og_article_tags":null,"twitter_use_og":false,"twitter_card":"default","twitter_image_type":"default","twitter_image_url":null,"twitter_image_custom_url":null,"twitter_image_custom_fields":null,"twitter_title":null,"twitter_description":null,"schema":{"blockGraphs":[],"customGraphs":[],"default":{"data":{"Article":[],"Course":[],"Dataset":[],"FAQPage":[],"Movie":[],"Person":[],"Product":[],"ProductReview":[],"Car":[],"Recipe":[],"Service":[],"SoftwareApplication":[],"WebPage":[]},"graphName":"BlogPosting","isEnabled":true},"graphs":[]},"schema_type":"default","schema_type_options":null,"pillar_content":false,"robots_default":true,"robots_noindex":false,"robots_noarchive":false,"robots_nosnippet":false,"robots_nofollow":false,"robots_noimageindex":false,"robots_noodp":false,"robots_notranslate":false,"robots_max_snippet":"-1","robots_max_videopreview":"-1","robots_max_imagepreview":"large","priority":null,"frequency":"default","local_seo":null,"breadcrumb_settings":null,"limit_modified_date":false,"ai":{"faqs":[],"keyPoints":[],"schemas":[],"titles":[],"descriptions":[],"socialPosts":{"email":{"subject":"","preview":"","content":""},"linkedin":[],"twitter":[],"facebook":[],"instagram":[]}},"created":"2026-09-01 10:04:13","updated":"2026-09-01 11:06:29","focus_keyword":null,"additional_keywords":null,"truseo_locale":null,"seo_analyzer_scan_date":null},"aioseo_breadcrumb":"<div class=\"aioseo-breadcrumbs\"><span class=\"aioseo-breadcrumb\">\n\t\t\t<a href=\"https:\/\/lasentinelle.dz\" title=\"Home\">Home<\/a>\n\t\t<\/span><span class=\"aioseo-breadcrumb-separator\">&raquo;<\/span><span class=\"aioseo-breadcrumb\">\n\t\t\t<a href=\"https:\/\/lasentinelle.dz\/index.php\/category\/economie\/\" title=\"\u00c9conomie\">\u00c9conomie<\/a>\n\t\t<\/span><span class=\"aioseo-breadcrumb-separator\">&raquo;<\/span><span class=\"aioseo-breadcrumb\">\n\t\t\t\u00c9lectricit\u00e9 et \u00e9nergies renouvelables : L\u2019Alg\u00e9rie et le S\u00e9n\u00e9gal actent un rapprochement strat\u00e9gique \n\t\t<\/span><\/div>","aioseo_breadcrumb_json":[{"label":"Home","link":"https:\/\/lasentinelle.dz"},{"label":"\u00c9conomie","link":"https:\/\/lasentinelle.dz\/index.php\/category\/economie\/"},{"label":"\u00c9lectricit\u00e9 et \u00e9nergies renouvelables\u00a0: L&rsquo;Alg\u00e9rie et le S\u00e9n\u00e9gal actent un rapprochement strat\u00e9gique\u00a0","link":"https:\/\/lasentinelle.dz\/index.php\/2026\/09\/01\/electricite-et-energies-renouvelables-lalgerie-et-le-senegal-actent-un-rapprochement-strategique\/"}],"yoast_head":"<!-- This site is optimized with the Yoast SEO plugin v28.3 - https:\/\/yoast.com\/product\/yoast-seo-wordpress\/ -->\n<title>\u00c9lectricit\u00e9 et \u00e9nergies renouvelables\u00a0: L&rsquo;Alg\u00e9rie et le S\u00e9n\u00e9gal actent un rapprochement strat\u00e9gique\u00a0 - La Sentinelle<\/title>\n<meta name=\"robots\" content=\"index, follow, max-snippet:-1, max-image-preview:large, max-video-preview:-1\" \/>\n<link rel=\"canonical\" href=\"https:\/\/lasentinelle.dz\/index.php\/2026\/09\/01\/electricite-et-energies-renouvelables-lalgerie-et-le-senegal-actent-un-rapprochement-strategique\/\" \/>\n<meta property=\"og:locale\" content=\"fr_FR\" \/>\n<meta property=\"og:type\" content=\"article\" \/>\n<meta property=\"og:title\" content=\"\u00c9lectricit\u00e9 et \u00e9nergies renouvelables\u00a0: L&rsquo;Alg\u00e9rie et le S\u00e9n\u00e9gal actent un rapprochement strat\u00e9gique\u00a0 - La Sentinelle\" \/>\n<meta property=\"og:description\" content=\"Le ministre de l&rsquo;Energie et des Energies renouvelables, Mourad Adjal, s&rsquo;est entretenu lundi par visioconf\u00e9rence avec son homologue s\u00e9n\u00e9galais, le\" \/>\n<meta property=\"og:url\" content=\"https:\/\/lasentinelle.dz\/index.php\/2026\/09\/01\/electricite-et-energies-renouvelables-lalgerie-et-le-senegal-actent-un-rapprochement-strategique\/\" \/>\n<meta property=\"og:site_name\" content=\"La Sentinelle\" \/>\n<meta property=\"article:publisher\" content=\"https:\/\/www.facebook.com\/La-Sentinelle-104059864394773\" \/>\n<meta property=\"article:published_time\" content=\"2026-09-01T10:04:07+00:00\" \/>\n<meta property=\"article:modified_time\" content=\"2026-09-01T10:04:12+00:00\" \/>\n<meta property=\"og:image\" content=\"https:\/\/lasentinelle.dz\/wp-content\/uploads\/2026\/09\/789654009_1588756639699384_4538744172053474201_n.webp\" \/>\n\t<meta property=\"og:image:width\" content=\"900\" \/>\n\t<meta property=\"og:image:height\" content=\"675\" \/>\n\t<meta property=\"og:image:type\" content=\"image\/webp\" \/>\n<meta name=\"author\" content=\"admin\" \/>\n<meta name=\"twitter:card\" content=\"summary_large_image\" \/>\n<meta name=\"twitter:label1\" content=\"\u00c9crit par\" \/>\n\t<meta name=\"twitter:data1\" content=\"admin\" \/>\n\t<meta name=\"twitter:label2\" content=\"Dur\u00e9e de lecture estim\u00e9e\" \/>\n\t<meta name=\"twitter:data2\" content=\"3 minutes\" \/>\n<script type=\"application\/ld+json\" class=\"yoast-schema-graph\">{\"@context\":\"https:\\\/\\\/schema.org\",\"@graph\":[{\"@type\":\"Article\",\"@id\":\"https:\\\/\\\/lasentinelle.dz\\\/index.php\\\/2026\\\/09\\\/01\\\/electricite-et-energies-renouvelables-lalgerie-et-le-senegal-actent-un-rapprochement-strategique\\\/#article\",\"isPartOf\":{\"@id\":\"https:\\\/\\\/lasentinelle.dz\\\/index.php\\\/2026\\\/09\\\/01\\\/electricite-et-energies-renouvelables-lalgerie-et-le-senegal-actent-un-rapprochement-strategique\\\/\"},\"author\":{\"name\":\"admin\",\"@id\":\"https:\\\/\\\/lasentinelle.dz\\\/#\\\/schema\\\/person\\\/729ee0024f24e0b8c5ec17232f8e8b41\"},\"headline\":\"\u00c9lectricit\u00e9 et \u00e9nergies renouvelables\u00a0: L&rsquo;Alg\u00e9rie et le S\u00e9n\u00e9gal actent un rapprochement strat\u00e9gique\u00a0\",\"datePublished\":\"2026-09-01T10:04:07+00:00\",\"dateModified\":\"2026-09-01T10:04:12+00:00\",\"mainEntityOfPage\":{\"@id\":\"https:\\\/\\\/lasentinelle.dz\\\/index.php\\\/2026\\\/09\\\/01\\\/electricite-et-energies-renouvelables-lalgerie-et-le-senegal-actent-un-rapprochement-strategique\\\/\"},\"wordCount\":660,\"commentCount\":0,\"publisher\":{\"@id\":\"https:\\\/\\\/lasentinelle.dz\\\/#organization\"},\"image\":{\"@id\":\"https:\\\/\\\/lasentinelle.dz\\\/index.php\\\/2026\\\/09\\\/01\\\/electricite-et-energies-renouvelables-lalgerie-et-le-senegal-actent-un-rapprochement-strategique\\\/#primaryimage\"},\"thumbnailUrl\":\"https:\\\/\\\/lasentinelle.dz\\\/wp-content\\\/uploads\\\/2026\\\/09\\\/789654009_1588756639699384_4538744172053474201_n.webp\",\"articleSection\":[\"\u00c9conomie\"],\"inLanguage\":\"fr-FR\",\"potentialAction\":[{\"@type\":\"CommentAction\",\"name\":\"Comment\",\"target\":[\"https:\\\/\\\/lasentinelle.dz\\\/index.php\\\/2026\\\/09\\\/01\\\/electricite-et-energies-renouvelables-lalgerie-et-le-senegal-actent-un-rapprochement-strategique\\\/#respond\"]}]},{\"@type\":\"WebPage\",\"@id\":\"https:\\\/\\\/lasentinelle.dz\\\/index.php\\\/2026\\\/09\\\/01\\\/electricite-et-energies-renouvelables-lalgerie-et-le-senegal-actent-un-rapprochement-strategique\\\/\",\"url\":\"https:\\\/\\\/lasentinelle.dz\\\/index.php\\\/2026\\\/09\\\/01\\\/electricite-et-energies-renouvelables-lalgerie-et-le-senegal-actent-un-rapprochement-strategique\\\/\",\"name\":\"\u00c9lectricit\u00e9 et \u00e9nergies renouvelables\u00a0: L&rsquo;Alg\u00e9rie et le S\u00e9n\u00e9gal actent un rapprochement strat\u00e9gique\u00a0 - La Sentinelle\",\"isPartOf\":{\"@id\":\"https:\\\/\\\/lasentinelle.dz\\\/#website\"},\"primaryImageOfPage\":{\"@id\":\"https:\\\/\\\/lasentinelle.dz\\\/index.php\\\/2026\\\/09\\\/01\\\/electricite-et-energies-renouvelables-lalgerie-et-le-senegal-actent-un-rapprochement-strategique\\\/#primaryimage\"},\"image\":{\"@id\":\"https:\\\/\\\/lasentinelle.dz\\\/index.php\\\/2026\\\/09\\\/01\\\/electricite-et-energies-renouvelables-lalgerie-et-le-senegal-actent-un-rapprochement-strategique\\\/#primaryimage\"},\"thumbnailUrl\":\"https:\\\/\\\/lasentinelle.dz\\\/wp-content\\\/uploads\\\/2026\\\/09\\\/789654009_1588756639699384_4538744172053474201_n.webp\",\"datePublished\":\"2026-09-01T10:04:07+00:00\",\"dateModified\":\"2026-09-01T10:04:12+00:00\",\"breadcrumb\":{\"@id\":\"https:\\\/\\\/lasentinelle.dz\\\/index.php\\\/2026\\\/09\\\/01\\\/electricite-et-energies-renouvelables-lalgerie-et-le-senegal-actent-un-rapprochement-strategique\\\/#breadcrumb\"},\"inLanguage\":\"fr-FR\",\"potentialAction\":[{\"@type\":\"ReadAction\",\"target\":[\"https:\\\/\\\/lasentinelle.dz\\\/index.php\\\/2026\\\/09\\\/01\\\/electricite-et-energies-renouvelables-lalgerie-et-le-senegal-actent-un-rapprochement-strategique\\\/\"]}]},{\"@type\":\"ImageObject\",\"inLanguage\":\"fr-FR\",\"@id\":\"https:\\\/\\\/lasentinelle.dz\\\/index.php\\\/2026\\\/09\\\/01\\\/electricite-et-energies-renouvelables-lalgerie-et-le-senegal-actent-un-rapprochement-strategique\\\/#primaryimage\",\"url\":\"https:\\\/\\\/lasentinelle.dz\\\/wp-content\\\/uploads\\\/2026\\\/09\\\/789654009_1588756639699384_4538744172053474201_n.webp\",\"contentUrl\":\"https:\\\/\\\/lasentinelle.dz\\\/wp-content\\\/uploads\\\/2026\\\/09\\\/789654009_1588756639699384_4538744172053474201_n.webp\",\"width\":900,\"height\":675},{\"@type\":\"BreadcrumbList\",\"@id\":\"https:\\\/\\\/lasentinelle.dz\\\/index.php\\\/2026\\\/09\\\/01\\\/electricite-et-energies-renouvelables-lalgerie-et-le-senegal-actent-un-rapprochement-strategique\\\/#breadcrumb\",\"itemListElement\":[{\"@type\":\"ListItem\",\"position\":1,\"name\":\"Accueil\",\"item\":\"https:\\\/\\\/lasentinelle.dz\\\/\"},{\"@type\":\"ListItem\",\"position\":2,\"name\":\"\u00c9lectricit\u00e9 et \u00e9nergies renouvelables\u00a0: L&rsquo;Alg\u00e9rie et le S\u00e9n\u00e9gal actent un rapprochement strat\u00e9gique\u00a0\"}]},{\"@type\":\"WebSite\",\"@id\":\"https:\\\/\\\/lasentinelle.dz\\\/#website\",\"url\":\"https:\\\/\\\/lasentinelle.dz\\\/\",\"name\":\"La Sentinelle\",\"description\":\"Quotidien national d&#039;information\",\"publisher\":{\"@id\":\"https:\\\/\\\/lasentinelle.dz\\\/#organization\"},\"potentialAction\":[{\"@type\":\"SearchAction\",\"target\":{\"@type\":\"EntryPoint\",\"urlTemplate\":\"https:\\\/\\\/lasentinelle.dz\\\/?s={search_term_string}\"},\"query-input\":{\"@type\":\"PropertyValueSpecification\",\"valueRequired\":true,\"valueName\":\"search_term_string\"}}],\"inLanguage\":\"fr-FR\"},{\"@type\":\"Organization\",\"@id\":\"https:\\\/\\\/lasentinelle.dz\\\/#organization\",\"name\":\"Quotidien La Sentinelle\",\"url\":\"https:\\\/\\\/lasentinelle.dz\\\/\",\"logo\":{\"@type\":\"ImageObject\",\"inLanguage\":\"fr-FR\",\"@id\":\"https:\\\/\\\/lasentinelle.dz\\\/#\\\/schema\\\/logo\\\/image\\\/\",\"url\":\"https:\\\/\\\/lasentinelle.dz\\\/wp-content\\\/uploads\\\/2021\\\/09\\\/logo-sentinelleSLOGAN-1.png\",\"contentUrl\":\"https:\\\/\\\/lasentinelle.dz\\\/wp-content\\\/uploads\\\/2021\\\/09\\\/logo-sentinelleSLOGAN-1.png\",\"width\":615,\"height\":142,\"caption\":\"Quotidien La Sentinelle\"},\"image\":{\"@id\":\"https:\\\/\\\/lasentinelle.dz\\\/#\\\/schema\\\/logo\\\/image\\\/\"},\"sameAs\":[\"https:\\\/\\\/www.facebook.com\\\/La-Sentinelle-104059864394773\"]},{\"@type\":\"Person\",\"@id\":\"https:\\\/\\\/lasentinelle.dz\\\/#\\\/schema\\\/person\\\/729ee0024f24e0b8c5ec17232f8e8b41\",\"name\":\"admin\",\"image\":{\"@type\":\"ImageObject\",\"inLanguage\":\"fr-FR\",\"@id\":\"https:\\\/\\\/secure.gravatar.com\\\/avatar\\\/4c81fed838786e9b53f540bf46533e750f5d292099ae3b66cfc6fb1982e29df7?s=96&d=mm&r=g\",\"url\":\"https:\\\/\\\/secure.gravatar.com\\\/avatar\\\/4c81fed838786e9b53f540bf46533e750f5d292099ae3b66cfc6fb1982e29df7?s=96&d=mm&r=g\",\"contentUrl\":\"https:\\\/\\\/secure.gravatar.com\\\/avatar\\\/4c81fed838786e9b53f540bf46533e750f5d292099ae3b66cfc6fb1982e29df7?s=96&d=mm&r=g\",\"caption\":\"admin\"},\"description\":\"admin\",\"url\":\"https:\\\/\\\/lasentinelle.dz\\\/author\\\/admin\\\/\"}]}<\/script>\n<!-- \/ Yoast SEO plugin. -->","yoast_head_json":{"title":"\u00c9lectricit\u00e9 et \u00e9nergies renouvelables\u00a0: L&rsquo;Alg\u00e9rie et le S\u00e9n\u00e9gal actent un rapprochement strat\u00e9gique\u00a0 - La Sentinelle","robots":{"index":"index","follow":"follow","max-snippet":"max-snippet:-1","max-image-preview":"max-image-preview:large","max-video-preview":"max-video-preview:-1"},"canonical":"https:\/\/lasentinelle.dz\/index.php\/2026\/09\/01\/electricite-et-energies-renouvelables-lalgerie-et-le-senegal-actent-un-rapprochement-strategique\/","og_locale":"fr_FR","og_type":"article","og_title":"\u00c9lectricit\u00e9 et \u00e9nergies renouvelables\u00a0: L&rsquo;Alg\u00e9rie et le S\u00e9n\u00e9gal actent un rapprochement strat\u00e9gique\u00a0 - La Sentinelle","og_description":"Le ministre de l&rsquo;Energie et des Energies renouvelables, Mourad Adjal, s&rsquo;est entretenu lundi par visioconf\u00e9rence avec son homologue s\u00e9n\u00e9galais, le","og_url":"https:\/\/lasentinelle.dz\/index.php\/2026\/09\/01\/electricite-et-energies-renouvelables-lalgerie-et-le-senegal-actent-un-rapprochement-strategique\/","og_site_name":"La Sentinelle","article_publisher":"https:\/\/www.facebook.com\/La-Sentinelle-104059864394773","article_published_time":"2026-09-01T10:04:07+00:00","article_modified_time":"2026-09-01T10:04:12+00:00","og_image":[{"width":900,"height":675,"url":"https:\/\/lasentinelle.dz\/wp-content\/uploads\/2026\/09\/789654009_1588756639699384_4538744172053474201_n.webp","type":"image\/webp"}],"author":"admin","twitter_card":"summary_large_image","twitter_misc":{"\u00c9crit par":"admin","Dur\u00e9e de lecture estim\u00e9e":"3 minutes"},"schema":{"@context":"https:\/\/schema.org","@graph":[{"@type":"Article","@id":"https:\/\/lasentinelle.dz\/index.php\/2026\/09\/01\/electricite-et-energies-renouvelables-lalgerie-et-le-senegal-actent-un-rapprochement-strategique\/#article","isPartOf":{"@id":"https:\/\/lasentinelle.dz\/index.php\/2026\/09\/01\/electricite-et-energies-renouvelables-lalgerie-et-le-senegal-actent-un-rapprochement-strategique\/"},"author":{"name":"admin","@id":"https:\/\/lasentinelle.dz\/#\/schema\/person\/729ee0024f24e0b8c5ec17232f8e8b41"},"headline":"\u00c9lectricit\u00e9 et \u00e9nergies renouvelables\u00a0: L&rsquo;Alg\u00e9rie et le S\u00e9n\u00e9gal actent un rapprochement strat\u00e9gique\u00a0","datePublished":"2026-09-01T10:04:07+00:00","dateModified":"2026-09-01T10:04:12+00:00","mainEntityOfPage":{"@id":"https:\/\/lasentinelle.dz\/index.php\/2026\/09\/01\/electricite-et-energies-renouvelables-lalgerie-et-le-senegal-actent-un-rapprochement-strategique\/"},"wordCount":660,"commentCount":0,"publisher":{"@id":"https:\/\/lasentinelle.dz\/#organization"},"image":{"@id":"https:\/\/lasentinelle.dz\/index.php\/2026\/09\/01\/electricite-et-energies-renouvelables-lalgerie-et-le-senegal-actent-un-rapprochement-strategique\/#primaryimage"},"thumbnailUrl":"https:\/\/lasentinelle.dz\/wp-content\/uploads\/2026\/09\/789654009_1588756639699384_4538744172053474201_n.webp","articleSection":["\u00c9conomie"],"inLanguage":"fr-FR","potentialAction":[{"@type":"CommentAction","name":"Comment","target":["https:\/\/lasentinelle.dz\/index.php\/2026\/09\/01\/electricite-et-energies-renouvelables-lalgerie-et-le-senegal-actent-un-rapprochement-strategique\/#respond"]}]},{"@type":"WebPage","@id":"https:\/\/lasentinelle.dz\/index.php\/2026\/09\/01\/electricite-et-energies-renouvelables-lalgerie-et-le-senegal-actent-un-rapprochement-strategique\/","url":"https:\/\/lasentinelle.dz\/index.php\/2026\/09\/01\/electricite-et-energies-renouvelables-lalgerie-et-le-senegal-actent-un-rapprochement-strategique\/","name":"\u00c9lectricit\u00e9 et \u00e9nergies renouvelables\u00a0: L&rsquo;Alg\u00e9rie et le S\u00e9n\u00e9gal actent un rapprochement strat\u00e9gique\u00a0 - La Sentinelle","isPartOf":{"@id":"https:\/\/lasentinelle.dz\/#website"},"primaryImageOfPage":{"@id":"https:\/\/lasentinelle.dz\/index.php\/2026\/09\/01\/electricite-et-energies-renouvelables-lalgerie-et-le-senegal-actent-un-rapprochement-strategique\/#primaryimage"},"image":{"@id":"https:\/\/lasentinelle.dz\/index.php\/2026\/09\/01\/electricite-et-energies-renouvelables-lalgerie-et-le-senegal-actent-un-rapprochement-strategique\/#primaryimage"},"thumbnailUrl":"https:\/\/lasentinelle.dz\/wp-content\/uploads\/2026\/09\/789654009_1588756639699384_4538744172053474201_n.webp","datePublished":"2026-09-01T10:04:07+00:00","dateModified":"2026-09-01T10:04:12+00:00","breadcrumb":{"@id":"https:\/\/lasentinelle.dz\/index.php\/2026\/09\/01\/electricite-et-energies-renouvelables-lalgerie-et-le-senegal-actent-un-rapprochement-strategique\/#breadcrumb"},"inLanguage":"fr-FR","potentialAction":[{"@type":"ReadAction","target":["https:\/\/lasentinelle.dz\/index.php\/2026\/09\/01\/electricite-et-energies-renouvelables-lalgerie-et-le-senegal-actent-un-rapprochement-strategique\/"]}]},{"@type":"ImageObject","inLanguage":"fr-FR","@id":"https:\/\/lasentinelle.dz\/index.php\/2026\/09\/01\/electricite-et-energies-renouvelables-lalgerie-et-le-senegal-actent-un-rapprochement-strategique\/#primaryimage","url":"https:\/\/lasentinelle.dz\/wp-content\/uploads\/2026\/09\/789654009_1588756639699384_4538744172053474201_n.webp","contentUrl":"https:\/\/lasentinelle.dz\/wp-content\/uploads\/2026\/09\/789654009_1588756639699384_4538744172053474201_n.webp","width":900,"height":675},{"@type":"BreadcrumbList","@id":"https:\/\/lasentinelle.dz\/index.php\/2026\/09\/01\/electricite-et-energies-renouvelables-lalgerie-et-le-senegal-actent-un-rapprochement-strategique\/#breadcrumb","itemListElement":[{"@type":"ListItem","position":1,"name":"Accueil","item":"https:\/\/lasentinelle.dz\/"},{"@type":"ListItem","position":2,"name":"\u00c9lectricit\u00e9 et \u00e9nergies renouvelables\u00a0: L&rsquo;Alg\u00e9rie et le S\u00e9n\u00e9gal actent un rapprochement strat\u00e9gique\u00a0"}]},{"@type":"WebSite","@id":"https:\/\/lasentinelle.dz\/#website","url":"https:\/\/lasentinelle.dz\/","name":"La Sentinelle","description":"Quotidien national d&#039;information","publisher":{"@id":"https:\/\/lasentinelle.dz\/#organization"},"potentialAction":[{"@type":"SearchAction","target":{"@type":"EntryPoint","urlTemplate":"https:\/\/lasentinelle.dz\/?s={search_term_string}"},"query-input":{"@type":"PropertyValueSpecification","valueRequired":true,"valueName":"search_term_string"}}],"inLanguage":"fr-FR"},{"@type":"Organization","@id":"https:\/\/lasentinelle.dz\/#organization","name":"Quotidien La Sentinelle","url":"https:\/\/lasentinelle.dz\/","logo":{"@type":"ImageObject","inLanguage":"fr-FR","@id":"https:\/\/lasentinelle.dz\/#\/schema\/logo\/image\/","url":"https:\/\/lasentinelle.dz\/wp-content\/uploads\/2021\/09\/logo-sentinelleSLOGAN-1.png","contentUrl":"https:\/\/lasentinelle.dz\/wp-content\/uploads\/2021\/09\/logo-sentinelleSLOGAN-1.png","width":615,"height":142,"caption":"Quotidien La Sentinelle"},"image":{"@id":"https:\/\/lasentinelle.dz\/#\/schema\/logo\/image\/"},"sameAs":["https:\/\/www.facebook.com\/La-Sentinelle-104059864394773"]},{"@type":"Person","@id":"https:\/\/lasentinelle.dz\/#\/schema\/person\/729ee0024f24e0b8c5ec17232f8e8b41","name":"admin","image":{"@type":"ImageObject","inLanguage":"fr-FR","@id":"https:\/\/secure.gravatar.com\/avatar\/4c81fed838786e9b53f540bf46533e750f5d292099ae3b66cfc6fb1982e29df7?s=96&d=mm&r=g","url":"https:\/\/secure.gravatar.com\/avatar\/4c81fed838786e9b53f540bf46533e750f5d292099ae3b66cfc6fb1982e29df7?s=96&d=mm&r=g","contentUrl":"https:\/\/secure.gravatar.com\/avatar\/4c81fed838786e9b53f540bf46533e750f5d292099ae3b66cfc6fb1982e29df7?s=96&d=mm&r=g","caption":"admin"},"description":"admin","url":"https:\/\/lasentinelle.dz\/author\/admin\/"}]}},"_links":{"self":[{"href":"https:\/\/lasentinelle.dz\/index.php\/wp-json\/wp\/v2\/posts\/94736","targetHints":{"allow":["GET"]}}],"collection":[{"href":"https:\/\/lasentinelle.dz\/index.php\/wp-json\/wp\/v2\/posts"}],"about":[{"href":"https:\/\/lasentinelle.dz\/index.php\/wp-json\/wp\/v2\/types\/post"}],"author":[{"embeddable":true,"href":"https:\/\/lasentinelle.dz\/index.php\/wp-json\/wp\/v2\/users\/6"}],"replies":[{"embeddable":true,"href":"https:\/\/lasentinelle.dz\/index.php\/wp-json\/wp\/v2\/comments?post=94736"}],"version-history":[{"count":2,"href":"https:\/\/lasentinelle.dz\/index.php\/wp-json\/wp\/v2\/posts\/94736\/revisions"}],"predecessor-version":[{"id":94739,"href":"https:\/\/lasentinelle.dz\/index.php\/wp-json\/wp\/v2\/posts\/94736\/revisions\/94739"}],"wp:featuredmedia":[{"embeddable":true,"href":"https:\/\/lasentinelle.dz\/index.php\/wp-json\/wp\/v2\/media\/94737"}],"wp:attachment":[{"href":"https:\/\/lasentinelle.dz\/index.php\/wp-json\/wp\/v2\/media?parent=94736"}],"wp:term":[{"taxonomy":"category","embeddable":true,"href":"https:\/\/lasentinelle.dz\/index.php\/wp-json\/wp\/v2\/categories?post=94736"},{"taxonomy":"post_tag","embeddable":true,"href":"https:\/\/lasentinelle.dz\/index.php\/wp-json\/wp\/v2\/tags?post=94736"}],"curies":[{"name":"wp","href":"https:\/\/api.w.org\/{rel}","templated":true}]}}