{"id":94743,"date":"2026-09-01T11:06:07","date_gmt":"2026-09-01T10:06:07","guid":{"rendered":"https:\/\/lasentinelle.dz\/?p=94743"},"modified":"2026-09-01T11:06:12","modified_gmt":"2026-09-01T10:06:12","slug":"visite-du-ministre-allemand-des-affaires-etrangeres-a-alger-lalgerie-partenaire-strategique-incontournable-pour-berlin","status":"publish","type":"post","link":"https:\/\/lasentinelle.dz\/index.php\/2026\/09\/01\/visite-du-ministre-allemand-des-affaires-etrangeres-a-alger-lalgerie-partenaire-strategique-incontournable-pour-berlin\/","title":{"rendered":"Visite du ministre allemand des Affaires \u00e9trang\u00e8res \u00e0 Alger\u00a0: L&rsquo;Alg\u00e9rie, partenaire strat\u00e9gique incontournable pour Berlin"},"content":{"rendered":"\n<p class=\"wp-block-paragraph\">L&rsquo;Alg\u00e9rie occupera une place grandissante dans la strat\u00e9gie \u00e9nerg\u00e9tique de l&rsquo;Allemagne, port\u00e9e par son potentiel dans l&rsquo;hydrog\u00e8ne vert et son statut de fournisseur cl\u00e9 de gaz pour l&rsquo;Union europ\u00e9enne. C&rsquo;est le message central d\u00e9livr\u00e9 par le chef de la diplomatie allemande, Johann Wadephul, avant son d\u00e9part pour une tourn\u00e9e nord-africaine qui le conduit ce lundi \u00e0 Tunis puis \u00e0 Alger, accompagn\u00e9 d&rsquo;une d\u00e9l\u00e9gation d&rsquo;hommes d&rsquo;affaires.<\/p>\n\n\n\n<p class=\"wp-block-paragraph\">Dans une d\u00e9claration diffus\u00e9e par le minist\u00e8re allemand des Affaires \u00e9trang\u00e8res peu avant son d\u00e9part de Berlin, le ministre a pr\u00e9sent\u00e9 l&rsquo;Alg\u00e9rie comme l&rsquo;un des principaux fournisseurs de gaz de l&rsquo;Union europ\u00e9enne, un r\u00f4le appel\u00e9 selon lui \u00e0 prendre encore plus de poids dans les ann\u00e9es \u00e0 venir compte tenu des capacit\u00e9s du pays en mati\u00e8re de production d&rsquo;hydrog\u00e8ne vert. Il a rappel\u00e9 que Berlin et Alger avaient convenu, en juillet dernier, d&rsquo;approfondir sensiblement leur partenariat autour de la s\u00e9curisation des approvisionnements \u00e9nerg\u00e9tiques, de la transformation du secteur de l&rsquo;\u00e9nergie et de l&rsquo;ouverture de nouveaux chantiers de coop\u00e9ration \u00e9conomique. Cet accord avait \u00e9t\u00e9 scell\u00e9 lors du Forum \u00e9conomique alg\u00e9ro-allemand organis\u00e9 \u00e0 Berlin le 17 juillet 2026.<\/p>\n\n\n\n<p class=\"wp-block-paragraph\">Le ministre a par ailleurs justifi\u00e9 l&rsquo;ampleur de sa d\u00e9l\u00e9gation par l&rsquo;importance qu&rsquo;il accorde \u00e0 cette visite, expliquant avoir invit\u00e9 des repr\u00e9sentants du patronat allemand \u00e0 l&rsquo;accompagner pour prendre part \u00e0 des discussions \u00e9conomiques aussi bien \u00e0 Tunis qu&rsquo;\u00e0 Alger.<\/p>\n\n\n\n<p class=\"wp-block-paragraph\">Face aux bouleversements internationaux et \u00e0 la mont\u00e9e des incertitudes, Wadephul a jug\u00e9 indispensable pour l&rsquo;Allemagne et pour l&rsquo;Europe dans son ensemble de resserrer les liens avec leurs voisins d&rsquo;Afrique du Nord, pr\u00e9cisant que Berlin partage avec Alger et Tunis l&rsquo;objectif d&rsquo;une stabilit\u00e9 durable dans la r\u00e9gion du Sahel. \u00ab Nous travaillerons ensemble \u00e0 saisir les opportunit\u00e9s de renforcement de la coop\u00e9ration. Depuis la prise de fonctions du nouveau gouvernement, nous avons intensifi\u00e9 les \u00e9changes entre nos pays, et j&rsquo;ai eu r\u00e9cemment l&rsquo;occasion de recevoir \u00e0 Berlin mon homologue tunisien Mohamed Ali Nafti et mon homologue alg\u00e9rien Ahmed Attaf \u00bb, a d\u00e9clar\u00e9 le chef de la diplomatie allemande.<\/p>\n\n\n\n<p class=\"wp-block-paragraph\">Il a ajout\u00e9 que ce d\u00e9placement \u00e0 Tunis et \u00e0 Alger prolongerait ce dialogue rapproch\u00e9, insistant sur le fait que son pays partage avec les deux Etats maghr\u00e9bins des int\u00e9r\u00eats \u00e9conomiques et s\u00e9curitaires de premier plan, en particulier dans le champ de la coop\u00e9ration \u00e9conomique. \u00ab Nous pouvons ensemble faire de la M\u00e9diterran\u00e9e un espace de force entre nos deux continents \u00bb, a-t-il affirm\u00e9.<\/p>\n\n\n\n<p class=\"wp-block-paragraph\">Cette visite s&rsquo;inscrit dans une dynamique d\u00e9j\u00e0 largement engag\u00e9e sur le terrain. Le corridor SoutH2, infrastructure de 3 300 kilom\u00e8tres actuellement en construction pour relier l&rsquo;Alg\u00e9rie \u00e0 l&rsquo;Allemagne via la Tunisie, l&rsquo;Italie et l&rsquo;Autriche, doit \u00e0 terme acheminer plusieurs millions de tonnes d&rsquo;hydrog\u00e8ne vert par an vers l&rsquo;Europe. Le groupe gazier allemand VNG a par ailleurs annonc\u00e9 vouloir investir jusqu&rsquo;\u00e0 5 milliards d&rsquo;euros sur dix ans dans l&rsquo;hydrog\u00e8ne et le biogaz, avec l&rsquo;Alg\u00e9rie comme partenaire privil\u00e9gi\u00e9, prolongeant les discussions engag\u00e9es avec Sonatrach. Un protocole d&rsquo;accord a \u00e9galement \u00e9t\u00e9 sign\u00e9 entre les deux pays pour l&rsquo;\u00e9tude d&rsquo;une centrale solaire destin\u00e9e \u00e0 produire de l&rsquo;hydrog\u00e8ne et de l&rsquo;ammoniac vert \u00e0 exporter vers l&rsquo;Allemagne, pr\u00e9sent\u00e9e par le ministre alg\u00e9rien de l&rsquo;\u00c9nergie Mohamed Arkab comme un projet pionnier dans le pays.<\/p>\n\n\n\n<p class=\"wp-block-paragraph\">Cette s\u00e9quence diplomatique fait suite \u00e0 la visite du pr\u00e9sident de la R\u00e9publique, Abdelmadjid Tebboune, en Allemagne au mois de juillet dernier, qui avait confirm\u00e9 la volont\u00e9 commune des deux capitales de donner un nouvel \u00e9lan \u00e0 leur partenariat. Une d\u00e9l\u00e9gation d&rsquo;entreprises allemandes sp\u00e9cialis\u00e9es dans l&rsquo;hydrog\u00e8ne vert, le Power-to-X et le stockage \u00e9nerg\u00e9tique doit d&rsquo;ailleurs se rendre en Alg\u00e9rie du 21 au 25 septembre prochain, signe que la la visite de Johann Wadephul devrait rapidement se traduire par des projets industriels concrets sur le terrain.<\/p>\n\n\n\n<p class=\"wp-block-paragraph\">Samir Benisid<\/p>\n","protected":false},"excerpt":{"rendered":"<p>L&rsquo;Alg\u00e9rie occupera une place grandissante dans la strat\u00e9gie \u00e9nerg\u00e9tique de l&rsquo;Allemagne, port\u00e9e par son potentiel dans l&rsquo;hydrog\u00e8ne vert et son<\/p>\n","protected":false},"author":6,"featured_media":94744,"comment_status":"open","ping_status":"closed","sticky":false,"template":"","format":"standard","meta":{"colormag_page_container_layout":"default_layout","colormag_page_sidebar_layout":"default_layout","om_disable_all_campaigns":false,"_monsterinsights_skip_tracking":false,"footnotes":"","_wpscppro_dont_share_socialmedia":false,"_wpscppro_custom_social_share_image":0,"_facebook_share_type":"default","_twitter_share_type":"default","_linkedin_share_type":"default","_pinterest_share_type":"default","_linkedin_share_type_page":"","_instagram_share_type":"default","_medium_share_type":"default","_threads_share_type":"default","_google_business_share_type":"default","_bluesky_share_type":"default","_mastodon_share_type":"default","_selected_social_profile":[],"_wpsp_enable_custom_social_template":false,"_wpsp_social_scheduling":{"enabled":false,"datetime":null,"platforms":[],"status":"template_only","dateOption":"today","timeOption":"now","customDays":"","customHours":"","customDate":"","customTime":"","schedulingType":"absolute"},"_wpsp_active_default_template":true},"categories":[52,27],"tags":[],"class_list":["post-94743","post","type-post","status-publish","format-standard","has-post-thumbnail","hentry","category-a-la-une","category-actualite"],"aioseo_notices":[],"aioseo_head":"\n\t\t<!-- All in One SEO 5.0.0.1 - aioseo.com -->\n\t<meta name=\"description\" content=\"L&#039;Alg\u00e9rie occupera une place grandissante dans la strat\u00e9gie \u00e9nerg\u00e9tique de l&#039;Allemagne, port\u00e9e par son potentiel dans l&#039;hydrog\u00e8ne vert et son statut de fournisseur cl\u00e9 de gaz pour l&#039;Union europ\u00e9enne. C&#039;est le message central d\u00e9livr\u00e9 par le chef de la diplomatie allemande, Johann Wadephul, avant son d\u00e9part pour une tourn\u00e9e nord-africaine qui le conduit ce lundi\" \/>\n\t<meta name=\"robots\" content=\"max-image-preview:large\" \/>\n\t<meta name=\"author\" content=\"admin\"\/>\n\t<link rel=\"canonical\" href=\"https:\/\/lasentinelle.dz\/index.php\/2026\/09\/01\/visite-du-ministre-allemand-des-affaires-etrangeres-a-alger-lalgerie-partenaire-strategique-incontournable-pour-berlin\/\" \/>\n\t<meta name=\"generator\" content=\"All in One SEO (AIOSEO) 5.0.0.1\" \/>\n\t\t<meta property=\"og:locale\" content=\"fr_FR\" \/>\n\t\t<meta property=\"og:site_name\" content=\"La Sentinelle - Quotidien national d&#039;information\" \/>\n\t\t<meta property=\"og:type\" content=\"article\" \/>\n\t\t<meta property=\"og:title\" content=\"Visite du ministre allemand des Affaires \u00e9trang\u00e8res \u00e0 Alger : L\u2019Alg\u00e9rie, partenaire strat\u00e9gique incontournable pour Berlin - La Sentinelle\" \/>\n\t\t<meta property=\"og:description\" content=\"L&#039;Alg\u00e9rie occupera une place grandissante dans la strat\u00e9gie \u00e9nerg\u00e9tique de l&#039;Allemagne, port\u00e9e par son potentiel dans l&#039;hydrog\u00e8ne vert et son statut de fournisseur cl\u00e9 de gaz pour l&#039;Union europ\u00e9enne. C&#039;est le message central d\u00e9livr\u00e9 par le chef de la diplomatie allemande, Johann Wadephul, avant son d\u00e9part pour une tourn\u00e9e nord-africaine qui le conduit ce lundi\" \/>\n\t\t<meta property=\"og:url\" content=\"https:\/\/lasentinelle.dz\/index.php\/2026\/09\/01\/visite-du-ministre-allemand-des-affaires-etrangeres-a-alger-lalgerie-partenaire-strategique-incontournable-pour-berlin\/\" \/>\n\t\t<meta property=\"og:image\" content=\"https:\/\/lasentinelle.dz\/wp-content\/uploads\/2021\/09\/cropped-la-sentinelle-earth-golden-anima-5.gif\" \/>\n\t\t<meta property=\"og:image:secure_url\" content=\"https:\/\/lasentinelle.dz\/wp-content\/uploads\/2021\/09\/cropped-la-sentinelle-earth-golden-anima-5.gif\" \/>\n\t\t<meta property=\"og:image:width\" content=\"450\" \/>\n\t\t<meta property=\"og:image:height\" content=\"213\" \/>\n\t\t<meta property=\"article:published_time\" content=\"2026-09-01T10:06:07+00:00\" \/>\n\t\t<meta property=\"article:modified_time\" content=\"2026-09-01T10:06:12+00:00\" \/>\n\t\t<meta property=\"article:publisher\" content=\"https:\/\/www.facebook.com\/azzedine.lasentinelle.1\" \/>\n\t\t<meta name=\"twitter:card\" content=\"summary_large_image\" \/>\n\t\t<meta name=\"twitter:title\" content=\"Visite du ministre allemand des Affaires \u00e9trang\u00e8res \u00e0 Alger : L\u2019Alg\u00e9rie, partenaire strat\u00e9gique incontournable pour Berlin - La Sentinelle\" \/>\n\t\t<meta name=\"twitter:description\" content=\"L&#039;Alg\u00e9rie occupera une place grandissante dans la strat\u00e9gie \u00e9nerg\u00e9tique de l&#039;Allemagne, port\u00e9e par son potentiel dans l&#039;hydrog\u00e8ne vert et son statut de fournisseur cl\u00e9 de gaz pour l&#039;Union europ\u00e9enne. C&#039;est le message central d\u00e9livr\u00e9 par le chef de la diplomatie allemande, Johann Wadephul, avant son d\u00e9part pour une tourn\u00e9e nord-africaine qui le conduit ce lundi\" \/>\n\t\t<meta name=\"twitter:image\" content=\"https:\/\/lasentinelle.dz\/wp-content\/uploads\/2021\/09\/cropped-la-sentinelle-earth-golden-anima-5.gif\" \/>\n\t\t<script type=\"application\/ld+json\" class=\"aioseo-schema\">\n\t\t\t{\"@context\":\"https:\\\/\\\/schema.org\",\"@graph\":[{\"@type\":\"BlogPosting\",\"@id\":\"https:\\\/\\\/lasentinelle.dz\\\/index.php\\\/2026\\\/09\\\/01\\\/visite-du-ministre-allemand-des-affaires-etrangeres-a-alger-lalgerie-partenaire-strategique-incontournable-pour-berlin\\\/#blogposting\",\"name\":\"Visite du ministre allemand des Affaires \\u00e9trang\\u00e8res \\u00e0 Alger : L\\u2019Alg\\u00e9rie, partenaire strat\\u00e9gique incontournable pour Berlin - La Sentinelle\",\"headline\":\"Visite du ministre allemand des Affaires \\u00e9trang\\u00e8res \\u00e0 Alger\\u00a0: L&rsquo;Alg\\u00e9rie, partenaire strat\\u00e9gique incontournable pour Berlin\",\"author\":{\"@id\":\"https:\\\/\\\/lasentinelle.dz\\\/author\\\/admin\\\/#author\"},\"publisher\":{\"@id\":\"https:\\\/\\\/lasentinelle.dz\\\/#organization\"},\"image\":{\"@type\":\"ImageObject\",\"url\":\"https:\\\/\\\/lasentinelle.dz\\\/wp-content\\\/uploads\\\/2026\\\/09\\\/Johann-Wadephul-scaled.jpg\",\"width\":2560,\"height\":1600},\"datePublished\":\"2026-09-01T11:06:07+01:00\",\"dateModified\":\"2026-09-01T11:06:12+01:00\",\"inLanguage\":\"fr-FR\",\"mainEntityOfPage\":{\"@id\":\"https:\\\/\\\/lasentinelle.dz\\\/index.php\\\/2026\\\/09\\\/01\\\/visite-du-ministre-allemand-des-affaires-etrangeres-a-alger-lalgerie-partenaire-strategique-incontournable-pour-berlin\\\/#webpage\"},\"isPartOf\":{\"@id\":\"https:\\\/\\\/lasentinelle.dz\\\/index.php\\\/2026\\\/09\\\/01\\\/visite-du-ministre-allemand-des-affaires-etrangeres-a-alger-lalgerie-partenaire-strategique-incontournable-pour-berlin\\\/#webpage\"},\"articleSection\":\"\\u00c0 la Une, Actualit\\u00e9\"},{\"@type\":\"BreadcrumbList\",\"@id\":\"https:\\\/\\\/lasentinelle.dz\\\/index.php\\\/2026\\\/09\\\/01\\\/visite-du-ministre-allemand-des-affaires-etrangeres-a-alger-lalgerie-partenaire-strategique-incontournable-pour-berlin\\\/#breadcrumblist\",\"itemListElement\":[{\"@type\":\"ListItem\",\"@id\":\"https:\\\/\\\/lasentinelle.dz#listItem\",\"position\":1,\"name\":\"Home\",\"item\":\"https:\\\/\\\/lasentinelle.dz\",\"nextItem\":{\"@type\":\"ListItem\",\"@id\":\"https:\\\/\\\/lasentinelle.dz\\\/index.php\\\/category\\\/actualite\\\/#listItem\",\"name\":\"Actualit\\u00e9\"}},{\"@type\":\"ListItem\",\"@id\":\"https:\\\/\\\/lasentinelle.dz\\\/index.php\\\/category\\\/actualite\\\/#listItem\",\"position\":2,\"name\":\"Actualit\\u00e9\",\"item\":\"https:\\\/\\\/lasentinelle.dz\\\/index.php\\\/category\\\/actualite\\\/\",\"nextItem\":{\"@type\":\"ListItem\",\"@id\":\"https:\\\/\\\/lasentinelle.dz\\\/index.php\\\/2026\\\/09\\\/01\\\/visite-du-ministre-allemand-des-affaires-etrangeres-a-alger-lalgerie-partenaire-strategique-incontournable-pour-berlin\\\/#listItem\",\"name\":\"Visite du ministre allemand des Affaires \\u00e9trang\\u00e8res \\u00e0 Alger\\u00a0: L&rsquo;Alg\\u00e9rie, partenaire strat\\u00e9gique incontournable pour Berlin\"},\"previousItem\":{\"@type\":\"ListItem\",\"@id\":\"https:\\\/\\\/lasentinelle.dz#listItem\",\"name\":\"Home\"}},{\"@type\":\"ListItem\",\"@id\":\"https:\\\/\\\/lasentinelle.dz\\\/index.php\\\/2026\\\/09\\\/01\\\/visite-du-ministre-allemand-des-affaires-etrangeres-a-alger-lalgerie-partenaire-strategique-incontournable-pour-berlin\\\/#listItem\",\"position\":3,\"name\":\"Visite du ministre allemand des Affaires \\u00e9trang\\u00e8res \\u00e0 Alger\\u00a0: L&rsquo;Alg\\u00e9rie, partenaire strat\\u00e9gique incontournable pour Berlin\",\"previousItem\":{\"@type\":\"ListItem\",\"@id\":\"https:\\\/\\\/lasentinelle.dz\\\/index.php\\\/category\\\/actualite\\\/#listItem\",\"name\":\"Actualit\\u00e9\"}}]},{\"@type\":\"Organization\",\"@id\":\"https:\\\/\\\/lasentinelle.dz\\\/#organization\",\"name\":\"La Sentinelle La Sentinelle\",\"description\":\"Quotidien national d'information\",\"url\":\"https:\\\/\\\/lasentinelle.dz\\\/\",\"logo\":{\"@type\":\"ImageObject\",\"url\":\"https:\\\/\\\/lasentinelle.dz\\\/wp-content\\\/uploads\\\/2021\\\/09\\\/cropped-la-sentinelle-earth-golden-anima-5.gif\",\"@id\":\"https:\\\/\\\/lasentinelle.dz\\\/index.php\\\/2026\\\/09\\\/01\\\/visite-du-ministre-allemand-des-affaires-etrangeres-a-alger-lalgerie-partenaire-strategique-incontournable-pour-berlin\\\/#organizationLogo\",\"width\":450,\"height\":213},\"image\":{\"@id\":\"https:\\\/\\\/lasentinelle.dz\\\/index.php\\\/2026\\\/09\\\/01\\\/visite-du-ministre-allemand-des-affaires-etrangeres-a-alger-lalgerie-partenaire-strategique-incontournable-pour-berlin\\\/#organizationLogo\"},\"sameAs\":[\"https:\\\/\\\/www.facebook.com\\\/azzedine.lasentinelle.1\"]},{\"@type\":\"Person\",\"@id\":\"https:\\\/\\\/lasentinelle.dz\\\/author\\\/admin\\\/#author\",\"url\":\"https:\\\/\\\/lasentinelle.dz\\\/author\\\/admin\\\/\",\"name\":\"admin\",\"image\":{\"@type\":\"ImageObject\",\"@id\":\"https:\\\/\\\/lasentinelle.dz\\\/index.php\\\/2026\\\/09\\\/01\\\/visite-du-ministre-allemand-des-affaires-etrangeres-a-alger-lalgerie-partenaire-strategique-incontournable-pour-berlin\\\/#authorImage\",\"url\":\"https:\\\/\\\/secure.gravatar.com\\\/avatar\\\/4c81fed838786e9b53f540bf46533e750f5d292099ae3b66cfc6fb1982e29df7?s=96&d=mm&r=g\",\"width\":96,\"height\":96,\"caption\":\"admin\"}},{\"@type\":\"WebPage\",\"@id\":\"https:\\\/\\\/lasentinelle.dz\\\/index.php\\\/2026\\\/09\\\/01\\\/visite-du-ministre-allemand-des-affaires-etrangeres-a-alger-lalgerie-partenaire-strategique-incontournable-pour-berlin\\\/#webpage\",\"url\":\"https:\\\/\\\/lasentinelle.dz\\\/index.php\\\/2026\\\/09\\\/01\\\/visite-du-ministre-allemand-des-affaires-etrangeres-a-alger-lalgerie-partenaire-strategique-incontournable-pour-berlin\\\/\",\"name\":\"Visite du ministre allemand des Affaires \\u00e9trang\\u00e8res \\u00e0 Alger : L\\u2019Alg\\u00e9rie, partenaire strat\\u00e9gique incontournable pour Berlin - La Sentinelle\",\"description\":\"L'Alg\\u00e9rie occupera une place grandissante dans la strat\\u00e9gie \\u00e9nerg\\u00e9tique de l'Allemagne, port\\u00e9e par son potentiel dans l'hydrog\\u00e8ne vert et son statut de fournisseur cl\\u00e9 de gaz pour l'Union europ\\u00e9enne. C'est le message central d\\u00e9livr\\u00e9 par le chef de la diplomatie allemande, Johann Wadephul, avant son d\\u00e9part pour une tourn\\u00e9e nord-africaine qui le conduit ce lundi\",\"inLanguage\":\"fr-FR\",\"isPartOf\":{\"@id\":\"https:\\\/\\\/lasentinelle.dz\\\/#website\"},\"breadcrumb\":{\"@id\":\"https:\\\/\\\/lasentinelle.dz\\\/index.php\\\/2026\\\/09\\\/01\\\/visite-du-ministre-allemand-des-affaires-etrangeres-a-alger-lalgerie-partenaire-strategique-incontournable-pour-berlin\\\/#breadcrumblist\"},\"author\":{\"@id\":\"https:\\\/\\\/lasentinelle.dz\\\/author\\\/admin\\\/#author\"},\"creator\":{\"@id\":\"https:\\\/\\\/lasentinelle.dz\\\/author\\\/admin\\\/#author\"},\"image\":{\"@type\":\"ImageObject\",\"url\":\"https:\\\/\\\/lasentinelle.dz\\\/wp-content\\\/uploads\\\/2026\\\/09\\\/Johann-Wadephul-scaled.jpg\",\"@id\":\"https:\\\/\\\/lasentinelle.dz\\\/index.php\\\/2026\\\/09\\\/01\\\/visite-du-ministre-allemand-des-affaires-etrangeres-a-alger-lalgerie-partenaire-strategique-incontournable-pour-berlin\\\/#mainImage\",\"width\":2560,\"height\":1600},\"primaryImageOfPage\":{\"@id\":\"https:\\\/\\\/lasentinelle.dz\\\/index.php\\\/2026\\\/09\\\/01\\\/visite-du-ministre-allemand-des-affaires-etrangeres-a-alger-lalgerie-partenaire-strategique-incontournable-pour-berlin\\\/#mainImage\"},\"datePublished\":\"2026-09-01T11:06:07+01:00\",\"dateModified\":\"2026-09-01T11:06:12+01:00\"},{\"@type\":\"WebSite\",\"@id\":\"https:\\\/\\\/lasentinelle.dz\\\/#website\",\"url\":\"https:\\\/\\\/lasentinelle.dz\\\/\",\"name\":\"La Sentinelle\",\"description\":\"Quotidien national d'information\",\"inLanguage\":\"fr-FR\",\"publisher\":{\"@id\":\"https:\\\/\\\/lasentinelle.dz\\\/#organization\"}}]}\n\t\t<\/script>\n\t\t<!-- All in One SEO -->\n\n","aioseo_head_json":{"title":"Visite du ministre allemand des Affaires \u00e9trang\u00e8res \u00e0 Alger : L\u2019Alg\u00e9rie, partenaire strat\u00e9gique incontournable pour Berlin - La Sentinelle","description":"L'Alg\u00e9rie occupera une place grandissante dans la strat\u00e9gie \u00e9nerg\u00e9tique de l'Allemagne, port\u00e9e par son potentiel dans l'hydrog\u00e8ne vert et son statut de fournisseur cl\u00e9 de gaz pour l'Union europ\u00e9enne. C'est le message central d\u00e9livr\u00e9 par le chef de la diplomatie allemande, Johann Wadephul, avant son d\u00e9part pour une tourn\u00e9e nord-africaine qui le conduit ce lundi","canonical_url":"https:\/\/lasentinelle.dz\/index.php\/2026\/09\/01\/visite-du-ministre-allemand-des-affaires-etrangeres-a-alger-lalgerie-partenaire-strategique-incontournable-pour-berlin\/","robots":"max-image-preview:large","keywords":"","webmasterTools":{"miscellaneous":""},"schema":{"@context":"https:\/\/schema.org","@graph":[{"@type":"BlogPosting","@id":"https:\/\/lasentinelle.dz\/index.php\/2026\/09\/01\/visite-du-ministre-allemand-des-affaires-etrangeres-a-alger-lalgerie-partenaire-strategique-incontournable-pour-berlin\/#blogposting","name":"Visite du ministre allemand des Affaires \u00e9trang\u00e8res \u00e0 Alger : L\u2019Alg\u00e9rie, partenaire strat\u00e9gique incontournable pour Berlin - La Sentinelle","headline":"Visite du ministre allemand des Affaires \u00e9trang\u00e8res \u00e0 Alger\u00a0: L&rsquo;Alg\u00e9rie, partenaire strat\u00e9gique incontournable pour Berlin","author":{"@id":"https:\/\/lasentinelle.dz\/author\/admin\/#author"},"publisher":{"@id":"https:\/\/lasentinelle.dz\/#organization"},"image":{"@type":"ImageObject","url":"https:\/\/lasentinelle.dz\/wp-content\/uploads\/2026\/09\/Johann-Wadephul-scaled.jpg","width":2560,"height":1600},"datePublished":"2026-09-01T11:06:07+01:00","dateModified":"2026-09-01T11:06:12+01:00","inLanguage":"fr-FR","mainEntityOfPage":{"@id":"https:\/\/lasentinelle.dz\/index.php\/2026\/09\/01\/visite-du-ministre-allemand-des-affaires-etrangeres-a-alger-lalgerie-partenaire-strategique-incontournable-pour-berlin\/#webpage"},"isPartOf":{"@id":"https:\/\/lasentinelle.dz\/index.php\/2026\/09\/01\/visite-du-ministre-allemand-des-affaires-etrangeres-a-alger-lalgerie-partenaire-strategique-incontournable-pour-berlin\/#webpage"},"articleSection":"\u00c0 la Une, Actualit\u00e9"},{"@type":"BreadcrumbList","@id":"https:\/\/lasentinelle.dz\/index.php\/2026\/09\/01\/visite-du-ministre-allemand-des-affaires-etrangeres-a-alger-lalgerie-partenaire-strategique-incontournable-pour-berlin\/#breadcrumblist","itemListElement":[{"@type":"ListItem","@id":"https:\/\/lasentinelle.dz#listItem","position":1,"name":"Home","item":"https:\/\/lasentinelle.dz","nextItem":{"@type":"ListItem","@id":"https:\/\/lasentinelle.dz\/index.php\/category\/actualite\/#listItem","name":"Actualit\u00e9"}},{"@type":"ListItem","@id":"https:\/\/lasentinelle.dz\/index.php\/category\/actualite\/#listItem","position":2,"name":"Actualit\u00e9","item":"https:\/\/lasentinelle.dz\/index.php\/category\/actualite\/","nextItem":{"@type":"ListItem","@id":"https:\/\/lasentinelle.dz\/index.php\/2026\/09\/01\/visite-du-ministre-allemand-des-affaires-etrangeres-a-alger-lalgerie-partenaire-strategique-incontournable-pour-berlin\/#listItem","name":"Visite du ministre allemand des Affaires \u00e9trang\u00e8res \u00e0 Alger\u00a0: L&rsquo;Alg\u00e9rie, partenaire strat\u00e9gique incontournable pour Berlin"},"previousItem":{"@type":"ListItem","@id":"https:\/\/lasentinelle.dz#listItem","name":"Home"}},{"@type":"ListItem","@id":"https:\/\/lasentinelle.dz\/index.php\/2026\/09\/01\/visite-du-ministre-allemand-des-affaires-etrangeres-a-alger-lalgerie-partenaire-strategique-incontournable-pour-berlin\/#listItem","position":3,"name":"Visite du ministre allemand des Affaires \u00e9trang\u00e8res \u00e0 Alger\u00a0: L&rsquo;Alg\u00e9rie, partenaire strat\u00e9gique incontournable pour Berlin","previousItem":{"@type":"ListItem","@id":"https:\/\/lasentinelle.dz\/index.php\/category\/actualite\/#listItem","name":"Actualit\u00e9"}}]},{"@type":"Organization","@id":"https:\/\/lasentinelle.dz\/#organization","name":"La Sentinelle La Sentinelle","description":"Quotidien national d'information","url":"https:\/\/lasentinelle.dz\/","logo":{"@type":"ImageObject","url":"https:\/\/lasentinelle.dz\/wp-content\/uploads\/2021\/09\/cropped-la-sentinelle-earth-golden-anima-5.gif","@id":"https:\/\/lasentinelle.dz\/index.php\/2026\/09\/01\/visite-du-ministre-allemand-des-affaires-etrangeres-a-alger-lalgerie-partenaire-strategique-incontournable-pour-berlin\/#organizationLogo","width":450,"height":213},"image":{"@id":"https:\/\/lasentinelle.dz\/index.php\/2026\/09\/01\/visite-du-ministre-allemand-des-affaires-etrangeres-a-alger-lalgerie-partenaire-strategique-incontournable-pour-berlin\/#organizationLogo"},"sameAs":["https:\/\/www.facebook.com\/azzedine.lasentinelle.1"]},{"@type":"Person","@id":"https:\/\/lasentinelle.dz\/author\/admin\/#author","url":"https:\/\/lasentinelle.dz\/author\/admin\/","name":"admin","image":{"@type":"ImageObject","@id":"https:\/\/lasentinelle.dz\/index.php\/2026\/09\/01\/visite-du-ministre-allemand-des-affaires-etrangeres-a-alger-lalgerie-partenaire-strategique-incontournable-pour-berlin\/#authorImage","url":"https:\/\/secure.gravatar.com\/avatar\/4c81fed838786e9b53f540bf46533e750f5d292099ae3b66cfc6fb1982e29df7?s=96&d=mm&r=g","width":96,"height":96,"caption":"admin"}},{"@type":"WebPage","@id":"https:\/\/lasentinelle.dz\/index.php\/2026\/09\/01\/visite-du-ministre-allemand-des-affaires-etrangeres-a-alger-lalgerie-partenaire-strategique-incontournable-pour-berlin\/#webpage","url":"https:\/\/lasentinelle.dz\/index.php\/2026\/09\/01\/visite-du-ministre-allemand-des-affaires-etrangeres-a-alger-lalgerie-partenaire-strategique-incontournable-pour-berlin\/","name":"Visite du ministre allemand des Affaires \u00e9trang\u00e8res \u00e0 Alger : L\u2019Alg\u00e9rie, partenaire strat\u00e9gique incontournable pour Berlin - La Sentinelle","description":"L'Alg\u00e9rie occupera une place grandissante dans la strat\u00e9gie \u00e9nerg\u00e9tique de l'Allemagne, port\u00e9e par son potentiel dans l'hydrog\u00e8ne vert et son statut de fournisseur cl\u00e9 de gaz pour l'Union europ\u00e9enne. C'est le message central d\u00e9livr\u00e9 par le chef de la diplomatie allemande, Johann Wadephul, avant son d\u00e9part pour une tourn\u00e9e nord-africaine qui le conduit ce lundi","inLanguage":"fr-FR","isPartOf":{"@id":"https:\/\/lasentinelle.dz\/#website"},"breadcrumb":{"@id":"https:\/\/lasentinelle.dz\/index.php\/2026\/09\/01\/visite-du-ministre-allemand-des-affaires-etrangeres-a-alger-lalgerie-partenaire-strategique-incontournable-pour-berlin\/#breadcrumblist"},"author":{"@id":"https:\/\/lasentinelle.dz\/author\/admin\/#author"},"creator":{"@id":"https:\/\/lasentinelle.dz\/author\/admin\/#author"},"image":{"@type":"ImageObject","url":"https:\/\/lasentinelle.dz\/wp-content\/uploads\/2026\/09\/Johann-Wadephul-scaled.jpg","@id":"https:\/\/lasentinelle.dz\/index.php\/2026\/09\/01\/visite-du-ministre-allemand-des-affaires-etrangeres-a-alger-lalgerie-partenaire-strategique-incontournable-pour-berlin\/#mainImage","width":2560,"height":1600},"primaryImageOfPage":{"@id":"https:\/\/lasentinelle.dz\/index.php\/2026\/09\/01\/visite-du-ministre-allemand-des-affaires-etrangeres-a-alger-lalgerie-partenaire-strategique-incontournable-pour-berlin\/#mainImage"},"datePublished":"2026-09-01T11:06:07+01:00","dateModified":"2026-09-01T11:06:12+01:00"},{"@type":"WebSite","@id":"https:\/\/lasentinelle.dz\/#website","url":"https:\/\/lasentinelle.dz\/","name":"La Sentinelle","description":"Quotidien national d'information","inLanguage":"fr-FR","publisher":{"@id":"https:\/\/lasentinelle.dz\/#organization"}}]},"og:locale":"fr_FR","og:site_name":"La Sentinelle - Quotidien national d'information","og:type":"article","og:title":"Visite du ministre allemand des Affaires \u00e9trang\u00e8res \u00e0 Alger : L\u2019Alg\u00e9rie, partenaire strat\u00e9gique incontournable pour Berlin - La Sentinelle","og:description":"L'Alg\u00e9rie occupera une place grandissante dans la strat\u00e9gie \u00e9nerg\u00e9tique de l'Allemagne, port\u00e9e par son potentiel dans l'hydrog\u00e8ne vert et son statut de fournisseur cl\u00e9 de gaz pour l'Union europ\u00e9enne. C'est le message central d\u00e9livr\u00e9 par le chef de la diplomatie allemande, Johann Wadephul, avant son d\u00e9part pour une tourn\u00e9e nord-africaine qui le conduit ce lundi","og:url":"https:\/\/lasentinelle.dz\/index.php\/2026\/09\/01\/visite-du-ministre-allemand-des-affaires-etrangeres-a-alger-lalgerie-partenaire-strategique-incontournable-pour-berlin\/","og:image":"https:\/\/lasentinelle.dz\/wp-content\/uploads\/2021\/09\/cropped-la-sentinelle-earth-golden-anima-5.gif","og:image:secure_url":"https:\/\/lasentinelle.dz\/wp-content\/uploads\/2021\/09\/cropped-la-sentinelle-earth-golden-anima-5.gif","og:image:width":450,"og:image:height":213,"article:published_time":"2026-09-01T10:06:07+00:00","article:modified_time":"2026-09-01T10:06:12+00:00","article:publisher":"https:\/\/www.facebook.com\/azzedine.lasentinelle.1","twitter:card":"summary_large_image","twitter:title":"Visite du ministre allemand des Affaires \u00e9trang\u00e8res \u00e0 Alger : L\u2019Alg\u00e9rie, partenaire strat\u00e9gique incontournable pour Berlin - La Sentinelle","twitter:description":"L'Alg\u00e9rie occupera une place grandissante dans la strat\u00e9gie \u00e9nerg\u00e9tique de l'Allemagne, port\u00e9e par son potentiel dans l'hydrog\u00e8ne vert et son statut de fournisseur cl\u00e9 de gaz pour l'Union europ\u00e9enne. C'est le message central d\u00e9livr\u00e9 par le chef de la diplomatie allemande, Johann Wadephul, avant son d\u00e9part pour une tourn\u00e9e nord-africaine qui le conduit ce lundi","twitter:image":"https:\/\/lasentinelle.dz\/wp-content\/uploads\/2021\/09\/cropped-la-sentinelle-earth-golden-anima-5.gif"},"aioseo_meta_data":{"post_id":"94743","title":null,"description":null,"keywords":null,"keyphrases":{"focus":{"keyphrase":"","score":0,"analysis":{"keyphraseInTitle":{"score":0,"maxScore":9,"error":1}}},"additional":[]},"primary_term":null,"canonical_url":null,"og_title":null,"og_description":null,"og_object_type":"default","og_image_type":"default","og_image_url":null,"og_image_width":null,"og_image_height":null,"og_image_custom_url":null,"og_image_custom_fields":null,"og_video":"","og_custom_url":null,"og_article_section":null,"og_article_tags":null,"twitter_use_og":false,"twitter_card":"default","twitter_image_type":"default","twitter_image_url":null,"twitter_image_custom_url":null,"twitter_image_custom_fields":null,"twitter_title":null,"twitter_description":null,"schema":{"blockGraphs":[],"customGraphs":[],"default":{"data":{"Article":[],"Course":[],"Dataset":[],"FAQPage":[],"Movie":[],"Person":[],"Product":[],"ProductReview":[],"Car":[],"Recipe":[],"Service":[],"SoftwareApplication":[],"WebPage":[]},"graphName":"BlogPosting","isEnabled":true},"graphs":[]},"schema_type":"default","schema_type_options":null,"pillar_content":false,"robots_default":true,"robots_noindex":false,"robots_noarchive":false,"robots_nosnippet":false,"robots_nofollow":false,"robots_noimageindex":false,"robots_noodp":false,"robots_notranslate":false,"robots_max_snippet":"-1","robots_max_videopreview":"-1","robots_max_imagepreview":"large","priority":null,"frequency":"default","local_seo":null,"breadcrumb_settings":null,"limit_modified_date":false,"ai":{"faqs":[],"keyPoints":[],"schemas":[],"titles":[],"descriptions":[],"socialPosts":{"email":{"subject":"","preview":"","content":""},"linkedin":[],"twitter":[],"facebook":[],"instagram":[]}},"created":"2026-09-01 10:06:14","updated":"2026-09-01 11:06:30","focus_keyword":null,"additional_keywords":null,"truseo_locale":null,"seo_analyzer_scan_date":null},"aioseo_breadcrumb":"<div class=\"aioseo-breadcrumbs\"><span class=\"aioseo-breadcrumb\">\n\t\t\t<a href=\"https:\/\/lasentinelle.dz\" title=\"Home\">Home<\/a>\n\t\t<\/span><span class=\"aioseo-breadcrumb-separator\">&raquo;<\/span><span class=\"aioseo-breadcrumb\">\n\t\t\t<a href=\"https:\/\/lasentinelle.dz\/index.php\/category\/actualite\/\" title=\"Actualit\u00e9\">Actualit\u00e9<\/a>\n\t\t<\/span><span class=\"aioseo-breadcrumb-separator\">&raquo;<\/span><span class=\"aioseo-breadcrumb\">\n\t\t\tVisite du ministre allemand des Affaires \u00e9trang\u00e8res \u00e0 Alger : L\u2019Alg\u00e9rie, partenaire strat\u00e9gique incontournable pour Berlin\n\t\t<\/span><\/div>","aioseo_breadcrumb_json":[{"label":"Home","link":"https:\/\/lasentinelle.dz"},{"label":"Actualit\u00e9","link":"https:\/\/lasentinelle.dz\/index.php\/category\/actualite\/"},{"label":"Visite du ministre allemand des Affaires \u00e9trang\u00e8res \u00e0 Alger\u00a0: L&rsquo;Alg\u00e9rie, partenaire strat\u00e9gique incontournable pour Berlin","link":"https:\/\/lasentinelle.dz\/index.php\/2026\/09\/01\/visite-du-ministre-allemand-des-affaires-etrangeres-a-alger-lalgerie-partenaire-strategique-incontournable-pour-berlin\/"}],"yoast_head":"<!-- This site is optimized with the Yoast SEO plugin v28.3 - https:\/\/yoast.com\/product\/yoast-seo-wordpress\/ -->\n<title>Visite du ministre allemand des Affaires \u00e9trang\u00e8res \u00e0 Alger\u00a0: L&rsquo;Alg\u00e9rie, partenaire strat\u00e9gique incontournable pour Berlin - La Sentinelle<\/title>\n<meta name=\"robots\" content=\"index, follow, max-snippet:-1, max-image-preview:large, max-video-preview:-1\" \/>\n<link rel=\"canonical\" href=\"https:\/\/lasentinelle.dz\/index.php\/2026\/09\/01\/visite-du-ministre-allemand-des-affaires-etrangeres-a-alger-lalgerie-partenaire-strategique-incontournable-pour-berlin\/\" \/>\n<meta property=\"og:locale\" content=\"fr_FR\" \/>\n<meta property=\"og:type\" content=\"article\" \/>\n<meta property=\"og:title\" content=\"Visite du ministre allemand des Affaires \u00e9trang\u00e8res \u00e0 Alger\u00a0: L&rsquo;Alg\u00e9rie, partenaire strat\u00e9gique incontournable pour Berlin - La Sentinelle\" \/>\n<meta property=\"og:description\" content=\"L&rsquo;Alg\u00e9rie occupera une place grandissante dans la strat\u00e9gie \u00e9nerg\u00e9tique de l&rsquo;Allemagne, port\u00e9e par son potentiel dans l&rsquo;hydrog\u00e8ne vert et son\" \/>\n<meta property=\"og:url\" content=\"https:\/\/lasentinelle.dz\/index.php\/2026\/09\/01\/visite-du-ministre-allemand-des-affaires-etrangeres-a-alger-lalgerie-partenaire-strategique-incontournable-pour-berlin\/\" \/>\n<meta property=\"og:site_name\" content=\"La Sentinelle\" \/>\n<meta property=\"article:publisher\" content=\"https:\/\/www.facebook.com\/La-Sentinelle-104059864394773\" \/>\n<meta property=\"article:published_time\" content=\"2026-09-01T10:06:07+00:00\" \/>\n<meta property=\"article:modified_time\" content=\"2026-09-01T10:06:12+00:00\" \/>\n<meta property=\"og:image\" content=\"https:\/\/lasentinelle.dz\/wp-content\/uploads\/2026\/09\/Johann-Wadephul-scaled.jpg\" \/>\n\t<meta property=\"og:image:width\" content=\"2560\" \/>\n\t<meta property=\"og:image:height\" content=\"1600\" \/>\n\t<meta property=\"og:image:type\" content=\"image\/jpeg\" \/>\n<meta name=\"author\" content=\"admin\" \/>\n<meta name=\"twitter:card\" content=\"summary_large_image\" \/>\n<meta name=\"twitter:label1\" content=\"\u00c9crit par\" \/>\n\t<meta name=\"twitter:data1\" content=\"admin\" \/>\n\t<meta name=\"twitter:label2\" content=\"Dur\u00e9e de lecture estim\u00e9e\" \/>\n\t<meta name=\"twitter:data2\" content=\"4 minutes\" \/>\n<script type=\"application\/ld+json\" class=\"yoast-schema-graph\">{\"@context\":\"https:\\\/\\\/schema.org\",\"@graph\":[{\"@type\":\"Article\",\"@id\":\"https:\\\/\\\/lasentinelle.dz\\\/index.php\\\/2026\\\/09\\\/01\\\/visite-du-ministre-allemand-des-affaires-etrangeres-a-alger-lalgerie-partenaire-strategique-incontournable-pour-berlin\\\/#article\",\"isPartOf\":{\"@id\":\"https:\\\/\\\/lasentinelle.dz\\\/index.php\\\/2026\\\/09\\\/01\\\/visite-du-ministre-allemand-des-affaires-etrangeres-a-alger-lalgerie-partenaire-strategique-incontournable-pour-berlin\\\/\"},\"author\":{\"name\":\"admin\",\"@id\":\"https:\\\/\\\/lasentinelle.dz\\\/#\\\/schema\\\/person\\\/729ee0024f24e0b8c5ec17232f8e8b41\"},\"headline\":\"Visite du ministre allemand des Affaires \u00e9trang\u00e8res \u00e0 Alger\u00a0: L&rsquo;Alg\u00e9rie, partenaire strat\u00e9gique incontournable pour Berlin\",\"datePublished\":\"2026-09-01T10:06:07+00:00\",\"dateModified\":\"2026-09-01T10:06:12+00:00\",\"mainEntityOfPage\":{\"@id\":\"https:\\\/\\\/lasentinelle.dz\\\/index.php\\\/2026\\\/09\\\/01\\\/visite-du-ministre-allemand-des-affaires-etrangeres-a-alger-lalgerie-partenaire-strategique-incontournable-pour-berlin\\\/\"},\"wordCount\":712,\"commentCount\":0,\"publisher\":{\"@id\":\"https:\\\/\\\/lasentinelle.dz\\\/#organization\"},\"image\":{\"@id\":\"https:\\\/\\\/lasentinelle.dz\\\/index.php\\\/2026\\\/09\\\/01\\\/visite-du-ministre-allemand-des-affaires-etrangeres-a-alger-lalgerie-partenaire-strategique-incontournable-pour-berlin\\\/#primaryimage\"},\"thumbnailUrl\":\"https:\\\/\\\/lasentinelle.dz\\\/wp-content\\\/uploads\\\/2026\\\/09\\\/Johann-Wadephul-scaled.jpg\",\"articleSection\":[\"\u00c0 la Une\",\"Actualit\u00e9\"],\"inLanguage\":\"fr-FR\",\"potentialAction\":[{\"@type\":\"CommentAction\",\"name\":\"Comment\",\"target\":[\"https:\\\/\\\/lasentinelle.dz\\\/index.php\\\/2026\\\/09\\\/01\\\/visite-du-ministre-allemand-des-affaires-etrangeres-a-alger-lalgerie-partenaire-strategique-incontournable-pour-berlin\\\/#respond\"]}]},{\"@type\":\"WebPage\",\"@id\":\"https:\\\/\\\/lasentinelle.dz\\\/index.php\\\/2026\\\/09\\\/01\\\/visite-du-ministre-allemand-des-affaires-etrangeres-a-alger-lalgerie-partenaire-strategique-incontournable-pour-berlin\\\/\",\"url\":\"https:\\\/\\\/lasentinelle.dz\\\/index.php\\\/2026\\\/09\\\/01\\\/visite-du-ministre-allemand-des-affaires-etrangeres-a-alger-lalgerie-partenaire-strategique-incontournable-pour-berlin\\\/\",\"name\":\"Visite du ministre allemand des Affaires \u00e9trang\u00e8res \u00e0 Alger\u00a0: L&rsquo;Alg\u00e9rie, partenaire strat\u00e9gique incontournable pour Berlin - La Sentinelle\",\"isPartOf\":{\"@id\":\"https:\\\/\\\/lasentinelle.dz\\\/#website\"},\"primaryImageOfPage\":{\"@id\":\"https:\\\/\\\/lasentinelle.dz\\\/index.php\\\/2026\\\/09\\\/01\\\/visite-du-ministre-allemand-des-affaires-etrangeres-a-alger-lalgerie-partenaire-strategique-incontournable-pour-berlin\\\/#primaryimage\"},\"image\":{\"@id\":\"https:\\\/\\\/lasentinelle.dz\\\/index.php\\\/2026\\\/09\\\/01\\\/visite-du-ministre-allemand-des-affaires-etrangeres-a-alger-lalgerie-partenaire-strategique-incontournable-pour-berlin\\\/#primaryimage\"},\"thumbnailUrl\":\"https:\\\/\\\/lasentinelle.dz\\\/wp-content\\\/uploads\\\/2026\\\/09\\\/Johann-Wadephul-scaled.jpg\",\"datePublished\":\"2026-09-01T10:06:07+00:00\",\"dateModified\":\"2026-09-01T10:06:12+00:00\",\"breadcrumb\":{\"@id\":\"https:\\\/\\\/lasentinelle.dz\\\/index.php\\\/2026\\\/09\\\/01\\\/visite-du-ministre-allemand-des-affaires-etrangeres-a-alger-lalgerie-partenaire-strategique-incontournable-pour-berlin\\\/#breadcrumb\"},\"inLanguage\":\"fr-FR\",\"potentialAction\":[{\"@type\":\"ReadAction\",\"target\":[\"https:\\\/\\\/lasentinelle.dz\\\/index.php\\\/2026\\\/09\\\/01\\\/visite-du-ministre-allemand-des-affaires-etrangeres-a-alger-lalgerie-partenaire-strategique-incontournable-pour-berlin\\\/\"]}]},{\"@type\":\"ImageObject\",\"inLanguage\":\"fr-FR\",\"@id\":\"https:\\\/\\\/lasentinelle.dz\\\/index.php\\\/2026\\\/09\\\/01\\\/visite-du-ministre-allemand-des-affaires-etrangeres-a-alger-lalgerie-partenaire-strategique-incontournable-pour-berlin\\\/#primaryimage\",\"url\":\"https:\\\/\\\/lasentinelle.dz\\\/wp-content\\\/uploads\\\/2026\\\/09\\\/Johann-Wadephul-scaled.jpg\",\"contentUrl\":\"https:\\\/\\\/lasentinelle.dz\\\/wp-content\\\/uploads\\\/2026\\\/09\\\/Johann-Wadephul-scaled.jpg\",\"width\":2560,\"height\":1600},{\"@type\":\"BreadcrumbList\",\"@id\":\"https:\\\/\\\/lasentinelle.dz\\\/index.php\\\/2026\\\/09\\\/01\\\/visite-du-ministre-allemand-des-affaires-etrangeres-a-alger-lalgerie-partenaire-strategique-incontournable-pour-berlin\\\/#breadcrumb\",\"itemListElement\":[{\"@type\":\"ListItem\",\"position\":1,\"name\":\"Accueil\",\"item\":\"https:\\\/\\\/lasentinelle.dz\\\/\"},{\"@type\":\"ListItem\",\"position\":2,\"name\":\"Visite du ministre allemand des Affaires \u00e9trang\u00e8res \u00e0 Alger\u00a0: L&rsquo;Alg\u00e9rie, partenaire strat\u00e9gique incontournable pour Berlin\"}]},{\"@type\":\"WebSite\",\"@id\":\"https:\\\/\\\/lasentinelle.dz\\\/#website\",\"url\":\"https:\\\/\\\/lasentinelle.dz\\\/\",\"name\":\"La Sentinelle\",\"description\":\"Quotidien national d&#039;information\",\"publisher\":{\"@id\":\"https:\\\/\\\/lasentinelle.dz\\\/#organization\"},\"potentialAction\":[{\"@type\":\"SearchAction\",\"target\":{\"@type\":\"EntryPoint\",\"urlTemplate\":\"https:\\\/\\\/lasentinelle.dz\\\/?s={search_term_string}\"},\"query-input\":{\"@type\":\"PropertyValueSpecification\",\"valueRequired\":true,\"valueName\":\"search_term_string\"}}],\"inLanguage\":\"fr-FR\"},{\"@type\":\"Organization\",\"@id\":\"https:\\\/\\\/lasentinelle.dz\\\/#organization\",\"name\":\"Quotidien La Sentinelle\",\"url\":\"https:\\\/\\\/lasentinelle.dz\\\/\",\"logo\":{\"@type\":\"ImageObject\",\"inLanguage\":\"fr-FR\",\"@id\":\"https:\\\/\\\/lasentinelle.dz\\\/#\\\/schema\\\/logo\\\/image\\\/\",\"url\":\"https:\\\/\\\/lasentinelle.dz\\\/wp-content\\\/uploads\\\/2021\\\/09\\\/logo-sentinelleSLOGAN-1.png\",\"contentUrl\":\"https:\\\/\\\/lasentinelle.dz\\\/wp-content\\\/uploads\\\/2021\\\/09\\\/logo-sentinelleSLOGAN-1.png\",\"width\":615,\"height\":142,\"caption\":\"Quotidien La Sentinelle\"},\"image\":{\"@id\":\"https:\\\/\\\/lasentinelle.dz\\\/#\\\/schema\\\/logo\\\/image\\\/\"},\"sameAs\":[\"https:\\\/\\\/www.facebook.com\\\/La-Sentinelle-104059864394773\"]},{\"@type\":\"Person\",\"@id\":\"https:\\\/\\\/lasentinelle.dz\\\/#\\\/schema\\\/person\\\/729ee0024f24e0b8c5ec17232f8e8b41\",\"name\":\"admin\",\"image\":{\"@type\":\"ImageObject\",\"inLanguage\":\"fr-FR\",\"@id\":\"https:\\\/\\\/secure.gravatar.com\\\/avatar\\\/4c81fed838786e9b53f540bf46533e750f5d292099ae3b66cfc6fb1982e29df7?s=96&d=mm&r=g\",\"url\":\"https:\\\/\\\/secure.gravatar.com\\\/avatar\\\/4c81fed838786e9b53f540bf46533e750f5d292099ae3b66cfc6fb1982e29df7?s=96&d=mm&r=g\",\"contentUrl\":\"https:\\\/\\\/secure.gravatar.com\\\/avatar\\\/4c81fed838786e9b53f540bf46533e750f5d292099ae3b66cfc6fb1982e29df7?s=96&d=mm&r=g\",\"caption\":\"admin\"},\"description\":\"admin\",\"url\":\"https:\\\/\\\/lasentinelle.dz\\\/author\\\/admin\\\/\"}]}<\/script>\n<!-- \/ Yoast SEO plugin. -->","yoast_head_json":{"title":"Visite du ministre allemand des Affaires \u00e9trang\u00e8res \u00e0 Alger\u00a0: L&rsquo;Alg\u00e9rie, partenaire strat\u00e9gique incontournable pour Berlin - La Sentinelle","robots":{"index":"index","follow":"follow","max-snippet":"max-snippet:-1","max-image-preview":"max-image-preview:large","max-video-preview":"max-video-preview:-1"},"canonical":"https:\/\/lasentinelle.dz\/index.php\/2026\/09\/01\/visite-du-ministre-allemand-des-affaires-etrangeres-a-alger-lalgerie-partenaire-strategique-incontournable-pour-berlin\/","og_locale":"fr_FR","og_type":"article","og_title":"Visite du ministre allemand des Affaires \u00e9trang\u00e8res \u00e0 Alger\u00a0: L&rsquo;Alg\u00e9rie, partenaire strat\u00e9gique incontournable pour Berlin - La Sentinelle","og_description":"L&rsquo;Alg\u00e9rie occupera une place grandissante dans la strat\u00e9gie \u00e9nerg\u00e9tique de l&rsquo;Allemagne, port\u00e9e par son potentiel dans l&rsquo;hydrog\u00e8ne vert et son","og_url":"https:\/\/lasentinelle.dz\/index.php\/2026\/09\/01\/visite-du-ministre-allemand-des-affaires-etrangeres-a-alger-lalgerie-partenaire-strategique-incontournable-pour-berlin\/","og_site_name":"La Sentinelle","article_publisher":"https:\/\/www.facebook.com\/La-Sentinelle-104059864394773","article_published_time":"2026-09-01T10:06:07+00:00","article_modified_time":"2026-09-01T10:06:12+00:00","og_image":[{"width":2560,"height":1600,"url":"https:\/\/lasentinelle.dz\/wp-content\/uploads\/2026\/09\/Johann-Wadephul-scaled.jpg","type":"image\/jpeg"}],"author":"admin","twitter_card":"summary_large_image","twitter_misc":{"\u00c9crit par":"admin","Dur\u00e9e de lecture estim\u00e9e":"4 minutes"},"schema":{"@context":"https:\/\/schema.org","@graph":[{"@type":"Article","@id":"https:\/\/lasentinelle.dz\/index.php\/2026\/09\/01\/visite-du-ministre-allemand-des-affaires-etrangeres-a-alger-lalgerie-partenaire-strategique-incontournable-pour-berlin\/#article","isPartOf":{"@id":"https:\/\/lasentinelle.dz\/index.php\/2026\/09\/01\/visite-du-ministre-allemand-des-affaires-etrangeres-a-alger-lalgerie-partenaire-strategique-incontournable-pour-berlin\/"},"author":{"name":"admin","@id":"https:\/\/lasentinelle.dz\/#\/schema\/person\/729ee0024f24e0b8c5ec17232f8e8b41"},"headline":"Visite du ministre allemand des Affaires \u00e9trang\u00e8res \u00e0 Alger\u00a0: L&rsquo;Alg\u00e9rie, partenaire strat\u00e9gique incontournable pour Berlin","datePublished":"2026-09-01T10:06:07+00:00","dateModified":"2026-09-01T10:06:12+00:00","mainEntityOfPage":{"@id":"https:\/\/lasentinelle.dz\/index.php\/2026\/09\/01\/visite-du-ministre-allemand-des-affaires-etrangeres-a-alger-lalgerie-partenaire-strategique-incontournable-pour-berlin\/"},"wordCount":712,"commentCount":0,"publisher":{"@id":"https:\/\/lasentinelle.dz\/#organization"},"image":{"@id":"https:\/\/lasentinelle.dz\/index.php\/2026\/09\/01\/visite-du-ministre-allemand-des-affaires-etrangeres-a-alger-lalgerie-partenaire-strategique-incontournable-pour-berlin\/#primaryimage"},"thumbnailUrl":"https:\/\/lasentinelle.dz\/wp-content\/uploads\/2026\/09\/Johann-Wadephul-scaled.jpg","articleSection":["\u00c0 la Une","Actualit\u00e9"],"inLanguage":"fr-FR","potentialAction":[{"@type":"CommentAction","name":"Comment","target":["https:\/\/lasentinelle.dz\/index.php\/2026\/09\/01\/visite-du-ministre-allemand-des-affaires-etrangeres-a-alger-lalgerie-partenaire-strategique-incontournable-pour-berlin\/#respond"]}]},{"@type":"WebPage","@id":"https:\/\/lasentinelle.dz\/index.php\/2026\/09\/01\/visite-du-ministre-allemand-des-affaires-etrangeres-a-alger-lalgerie-partenaire-strategique-incontournable-pour-berlin\/","url":"https:\/\/lasentinelle.dz\/index.php\/2026\/09\/01\/visite-du-ministre-allemand-des-affaires-etrangeres-a-alger-lalgerie-partenaire-strategique-incontournable-pour-berlin\/","name":"Visite du ministre allemand des Affaires \u00e9trang\u00e8res \u00e0 Alger\u00a0: L&rsquo;Alg\u00e9rie, partenaire strat\u00e9gique incontournable pour Berlin - La Sentinelle","isPartOf":{"@id":"https:\/\/lasentinelle.dz\/#website"},"primaryImageOfPage":{"@id":"https:\/\/lasentinelle.dz\/index.php\/2026\/09\/01\/visite-du-ministre-allemand-des-affaires-etrangeres-a-alger-lalgerie-partenaire-strategique-incontournable-pour-berlin\/#primaryimage"},"image":{"@id":"https:\/\/lasentinelle.dz\/index.php\/2026\/09\/01\/visite-du-ministre-allemand-des-affaires-etrangeres-a-alger-lalgerie-partenaire-strategique-incontournable-pour-berlin\/#primaryimage"},"thumbnailUrl":"https:\/\/lasentinelle.dz\/wp-content\/uploads\/2026\/09\/Johann-Wadephul-scaled.jpg","datePublished":"2026-09-01T10:06:07+00:00","dateModified":"2026-09-01T10:06:12+00:00","breadcrumb":{"@id":"https:\/\/lasentinelle.dz\/index.php\/2026\/09\/01\/visite-du-ministre-allemand-des-affaires-etrangeres-a-alger-lalgerie-partenaire-strategique-incontournable-pour-berlin\/#breadcrumb"},"inLanguage":"fr-FR","potentialAction":[{"@type":"ReadAction","target":["https:\/\/lasentinelle.dz\/index.php\/2026\/09\/01\/visite-du-ministre-allemand-des-affaires-etrangeres-a-alger-lalgerie-partenaire-strategique-incontournable-pour-berlin\/"]}]},{"@type":"ImageObject","inLanguage":"fr-FR","@id":"https:\/\/lasentinelle.dz\/index.php\/2026\/09\/01\/visite-du-ministre-allemand-des-affaires-etrangeres-a-alger-lalgerie-partenaire-strategique-incontournable-pour-berlin\/#primaryimage","url":"https:\/\/lasentinelle.dz\/wp-content\/uploads\/2026\/09\/Johann-Wadephul-scaled.jpg","contentUrl":"https:\/\/lasentinelle.dz\/wp-content\/uploads\/2026\/09\/Johann-Wadephul-scaled.jpg","width":2560,"height":1600},{"@type":"BreadcrumbList","@id":"https:\/\/lasentinelle.dz\/index.php\/2026\/09\/01\/visite-du-ministre-allemand-des-affaires-etrangeres-a-alger-lalgerie-partenaire-strategique-incontournable-pour-berlin\/#breadcrumb","itemListElement":[{"@type":"ListItem","position":1,"name":"Accueil","item":"https:\/\/lasentinelle.dz\/"},{"@type":"ListItem","position":2,"name":"Visite du ministre allemand des Affaires \u00e9trang\u00e8res \u00e0 Alger\u00a0: L&rsquo;Alg\u00e9rie, partenaire strat\u00e9gique incontournable pour Berlin"}]},{"@type":"WebSite","@id":"https:\/\/lasentinelle.dz\/#website","url":"https:\/\/lasentinelle.dz\/","name":"La Sentinelle","description":"Quotidien national d&#039;information","publisher":{"@id":"https:\/\/lasentinelle.dz\/#organization"},"potentialAction":[{"@type":"SearchAction","target":{"@type":"EntryPoint","urlTemplate":"https:\/\/lasentinelle.dz\/?s={search_term_string}"},"query-input":{"@type":"PropertyValueSpecification","valueRequired":true,"valueName":"search_term_string"}}],"inLanguage":"fr-FR"},{"@type":"Organization","@id":"https:\/\/lasentinelle.dz\/#organization","name":"Quotidien La Sentinelle","url":"https:\/\/lasentinelle.dz\/","logo":{"@type":"ImageObject","inLanguage":"fr-FR","@id":"https:\/\/lasentinelle.dz\/#\/schema\/logo\/image\/","url":"https:\/\/lasentinelle.dz\/wp-content\/uploads\/2021\/09\/logo-sentinelleSLOGAN-1.png","contentUrl":"https:\/\/lasentinelle.dz\/wp-content\/uploads\/2021\/09\/logo-sentinelleSLOGAN-1.png","width":615,"height":142,"caption":"Quotidien La Sentinelle"},"image":{"@id":"https:\/\/lasentinelle.dz\/#\/schema\/logo\/image\/"},"sameAs":["https:\/\/www.facebook.com\/La-Sentinelle-104059864394773"]},{"@type":"Person","@id":"https:\/\/lasentinelle.dz\/#\/schema\/person\/729ee0024f24e0b8c5ec17232f8e8b41","name":"admin","image":{"@type":"ImageObject","inLanguage":"fr-FR","@id":"https:\/\/secure.gravatar.com\/avatar\/4c81fed838786e9b53f540bf46533e750f5d292099ae3b66cfc6fb1982e29df7?s=96&d=mm&r=g","url":"https:\/\/secure.gravatar.com\/avatar\/4c81fed838786e9b53f540bf46533e750f5d292099ae3b66cfc6fb1982e29df7?s=96&d=mm&r=g","contentUrl":"https:\/\/secure.gravatar.com\/avatar\/4c81fed838786e9b53f540bf46533e750f5d292099ae3b66cfc6fb1982e29df7?s=96&d=mm&r=g","caption":"admin"},"description":"admin","url":"https:\/\/lasentinelle.dz\/author\/admin\/"}]}},"_links":{"self":[{"href":"https:\/\/lasentinelle.dz\/index.php\/wp-json\/wp\/v2\/posts\/94743","targetHints":{"allow":["GET"]}}],"collection":[{"href":"https:\/\/lasentinelle.dz\/index.php\/wp-json\/wp\/v2\/posts"}],"about":[{"href":"https:\/\/lasentinelle.dz\/index.php\/wp-json\/wp\/v2\/types\/post"}],"author":[{"embeddable":true,"href":"https:\/\/lasentinelle.dz\/index.php\/wp-json\/wp\/v2\/users\/6"}],"replies":[{"embeddable":true,"href":"https:\/\/lasentinelle.dz\/index.php\/wp-json\/wp\/v2\/comments?post=94743"}],"version-history":[{"count":2,"href":"https:\/\/lasentinelle.dz\/index.php\/wp-json\/wp\/v2\/posts\/94743\/revisions"}],"predecessor-version":[{"id":94746,"href":"https:\/\/lasentinelle.dz\/index.php\/wp-json\/wp\/v2\/posts\/94743\/revisions\/94746"}],"wp:featuredmedia":[{"embeddable":true,"href":"https:\/\/lasentinelle.dz\/index.php\/wp-json\/wp\/v2\/media\/94744"}],"wp:attachment":[{"href":"https:\/\/lasentinelle.dz\/index.php\/wp-json\/wp\/v2\/media?parent=94743"}],"wp:term":[{"taxonomy":"category","embeddable":true,"href":"https:\/\/lasentinelle.dz\/index.php\/wp-json\/wp\/v2\/categories?post=94743"},{"taxonomy":"post_tag","embeddable":true,"href":"https:\/\/lasentinelle.dz\/index.php\/wp-json\/wp\/v2\/tags?post=94743"}],"curies":[{"name":"wp","href":"https:\/\/api.w.org\/{rel}","templated":true}]}}