{"id":94752,"date":"2026-09-01T11:10:26","date_gmt":"2026-09-01T10:10:26","guid":{"rendered":"https:\/\/lasentinelle.dz\/?p=94752"},"modified":"2026-09-01T11:10:29","modified_gmt":"2026-09-01T10:10:29","slug":"a-jijel-les-decisions-presidentielles-redonnent-espoir-aux-sinistres-des-incendies","status":"publish","type":"post","link":"https:\/\/lasentinelle.dz\/index.php\/2026\/09\/01\/a-jijel-les-decisions-presidentielles-redonnent-espoir-aux-sinistres-des-incendies\/","title":{"rendered":"\u00c0 Jijel, les d\u00e9cisions pr\u00e9sidentielles redonnent espoir aux sinistr\u00e9s des incendies"},"content":{"rendered":"\n<p class=\"wp-block-paragraph\">Les d\u00e9cisions prises dimanche par le pr\u00e9sident de la R\u00e9publique, Abdelmadjid Tebboune, en faveur des victimes des incendies ayant ravag\u00e9 plusieurs wilayas de l&rsquo;Est et du Centre, suscitent une large adh\u00e9sion \u00e0 Jijel, o\u00f9 agriculteurs, apiculteurs et citoyens saluent un plan de prise en charge qu&rsquo;ils jugent \u00e0 la hauteur de l&rsquo;\u00e9preuve travers\u00e9e, tandis que les \u00e9quipes de terrain multiplient les efforts pour r\u00e9tablir l&rsquo;eau et l&rsquo;\u00e9lectricit\u00e9 dans les zones sinistr\u00e9es. Le membre du conseil interprofessionnel de la fili\u00e8re ol\u00e9icole de la wilaya, Boucenna Mohamed a ainsi indiqu\u00e9 \u00e0 l\u2019APS, ces d\u00e9cisions \u00ab ont raviv\u00e9 l&rsquo;espoir des agriculteurs op\u00e9rant dans cette fili\u00e8re qui a \u00e9t\u00e9 gravement touch\u00e9e par les incendies \u00bb. Il estime que l&rsquo;indemnisation pr\u00e9vue et l&rsquo;aide au reboisement des terres \u00ab contribueront au retour progressif \u00e0 la vie normale \u00bb. Un sentiment partag\u00e9 par le pr\u00e9sident de l&rsquo;association des apiculteurs de Jijel, Ali La\u00efredj, pour qui ces mesures \u00ab nous ont r\u00e9jouis et redonn\u00e9 espoir, d&rsquo;autant que beaucoup de villageois et de hameaux d\u00e9pendent de l&rsquo;apiculture qui repr\u00e9sente leur seule source de revenu \u00bb. Il y voit un levier pour \u00ab encourager les habitants \u00e0 retourner dans leurs villages et \u00e0 reprendre leurs activit\u00e9s, comme auparavant \u00bb. Sur le terrain, les t\u00e9moignages des sinistr\u00e9s recueillis par l\u2019APS refl\u00e8tent l&rsquo;ampleur des pertes. Nourredine, agriculteur de la commune de Chahna durement touch\u00e9e, juge que la d\u00e9cision pr\u00e9sidentielle d&rsquo;indemniser les sinistr\u00e9s \u00ab aura un grand impact et permettra un retour rapide \u00e0 la vie normale dans la r\u00e9gion \u00bb. Toufik, de la commune de Djema\u00e2 Beni Habibi, dit avoir \u00e9t\u00e9 \u00ab choqu\u00e9 par les incendies qui ont tout d\u00e9truit \u00bb, apr\u00e8s avoir perdu sa ferme et son b\u00e9tail, son unique source de revenus. Il assure toutefois que \u00ab les d\u00e9cisions courageuses du pr\u00e9sident de la R\u00e9publique nous ont redonn\u00e9 espoir et nous encouragent \u00e0 reprendre nos activit\u00e9s dans les plus brefs d\u00e9lais \u00bb. A Ouled Rabah, Ahmed y voit quant \u00e0 lui le reflet du \u00ab soutien que l&rsquo;Etat apporte aux citoyens lorsque ceux-ci ont \u00e0 traverser de dures \u00e9preuves \u00bb, souhaitant que le recensement des sinistr\u00e9s soit \u00ab acc\u00e9l\u00e9r\u00e9 et finalis\u00e9 en vue d&rsquo;un retour rapide \u00e0 la vie normale \u00bb.<\/p>\n\n\n\n<p class=\"wp-block-paragraph\">Ces t\u00e9moignages font \u00e9cho \u00e0 une mobilisation d\u00e9j\u00e0 \u00e0 l&rsquo;\u0153uvre sur le terrain depuis le d\u00e9clenchement des incendies, entre d\u00e9ploiement des moyens anti-feux, \u00e9vacuations et mise en place de cellules de crise. Le r\u00e9tablissement de l&rsquo;eau potable et de l&rsquo;\u00e9lectricit\u00e9, dont d\u00e9pendent une bonne partie des habitants pour leurs activit\u00e9s d&rsquo;\u00e9levage et d&rsquo;agriculture, mobilise en particulier les \u00e9quipes de l&rsquo;Alg\u00e9rienne des eaux et de Sonelgaz. Le charg\u00e9 de communication de l&rsquo;unit\u00e9 locale de l&rsquo;ADE, Mezoued Allal, a indiqu\u00e9 que des \u00e9quipes venues en renfort de plusieurs wilayas travaillent \u00ab en continu \u00bb pour r\u00e9parer les r\u00e9seaux de transport et de distribution dans les communes de Bordj T&rsquo;har, Ouled Rabah et Chahna, tandis qu&rsquo;un programme de camions-citernes assure quotidiennement l&rsquo;approvisionnement en eau potable des habitants.<\/p>\n\n\n\n<p class=\"wp-block-paragraph\">Lyna Larbi<\/p>\n","protected":false},"excerpt":{"rendered":"<p>Les d\u00e9cisions prises dimanche par le pr\u00e9sident de la R\u00e9publique, Abdelmadjid Tebboune, en faveur des victimes des incendies ayant ravag\u00e9<\/p>\n","protected":false},"author":6,"featured_media":0,"comment_status":"open","ping_status":"closed","sticky":false,"template":"","format":"standard","meta":{"colormag_page_container_layout":"default_layout","colormag_page_sidebar_layout":"default_layout","om_disable_all_campaigns":false,"_monsterinsights_skip_tracking":false,"footnotes":"","_wpscppro_dont_share_socialmedia":false,"_wpscppro_custom_social_share_image":0,"_facebook_share_type":"default","_twitter_share_type":"default","_linkedin_share_type":"default","_pinterest_share_type":"default","_linkedin_share_type_page":"","_instagram_share_type":"default","_medium_share_type":"default","_threads_share_type":"default","_google_business_share_type":"default","_bluesky_share_type":"default","_mastodon_share_type":"default","_selected_social_profile":[],"_wpsp_enable_custom_social_template":false,"_wpsp_social_scheduling":{"enabled":false,"datetime":null,"platforms":[],"status":"template_only","dateOption":"today","timeOption":"now","customDays":"","customHours":"","customDate":"","customTime":"","schedulingType":"absolute"},"_wpsp_active_default_template":true},"categories":[27],"tags":[],"class_list":["post-94752","post","type-post","status-publish","format-standard","hentry","category-actualite"],"aioseo_notices":[],"aioseo_head":"\n\t\t<!-- All in One SEO 5.0.0.1 - aioseo.com -->\n\t<meta name=\"description\" content=\"Les d\u00e9cisions prises dimanche par le pr\u00e9sident de la R\u00e9publique, Abdelmadjid Tebboune, en faveur des victimes des incendies ayant ravag\u00e9 plusieurs wilayas de l&#039;Est et du Centre, suscitent une large adh\u00e9sion \u00e0 Jijel, o\u00f9 agriculteurs, apiculteurs et citoyens saluent un plan de prise en charge qu&#039;ils jugent \u00e0 la hauteur de l&#039;\u00e9preuve travers\u00e9e, tandis que\" \/>\n\t<meta name=\"robots\" content=\"max-image-preview:large\" \/>\n\t<meta name=\"author\" content=\"admin\"\/>\n\t<link rel=\"canonical\" href=\"https:\/\/lasentinelle.dz\/index.php\/2026\/09\/01\/a-jijel-les-decisions-presidentielles-redonnent-espoir-aux-sinistres-des-incendies\/\" \/>\n\t<meta name=\"generator\" content=\"All in One SEO (AIOSEO) 5.0.0.1\" \/>\n\t\t<meta property=\"og:locale\" content=\"fr_FR\" \/>\n\t\t<meta property=\"og:site_name\" content=\"La Sentinelle - Quotidien national d&#039;information\" \/>\n\t\t<meta property=\"og:type\" content=\"article\" \/>\n\t\t<meta property=\"og:title\" content=\"\u00c0 Jijel, les d\u00e9cisions pr\u00e9sidentielles redonnent espoir aux sinistr\u00e9s des incendies - La Sentinelle\" \/>\n\t\t<meta property=\"og:description\" content=\"Les d\u00e9cisions prises dimanche par le pr\u00e9sident de la R\u00e9publique, Abdelmadjid Tebboune, en faveur des victimes des incendies ayant ravag\u00e9 plusieurs wilayas de l&#039;Est et du Centre, suscitent une large adh\u00e9sion \u00e0 Jijel, o\u00f9 agriculteurs, apiculteurs et citoyens saluent un plan de prise en charge qu&#039;ils jugent \u00e0 la hauteur de l&#039;\u00e9preuve travers\u00e9e, tandis que\" \/>\n\t\t<meta property=\"og:url\" content=\"https:\/\/lasentinelle.dz\/index.php\/2026\/09\/01\/a-jijel-les-decisions-presidentielles-redonnent-espoir-aux-sinistres-des-incendies\/\" \/>\n\t\t<meta property=\"og:image\" content=\"https:\/\/lasentinelle.dz\/wp-content\/uploads\/2021\/09\/cropped-la-sentinelle-earth-golden-anima-5.gif\" \/>\n\t\t<meta property=\"og:image:secure_url\" content=\"https:\/\/lasentinelle.dz\/wp-content\/uploads\/2021\/09\/cropped-la-sentinelle-earth-golden-anima-5.gif\" \/>\n\t\t<meta property=\"og:image:width\" content=\"450\" \/>\n\t\t<meta property=\"og:image:height\" content=\"213\" \/>\n\t\t<meta property=\"article:published_time\" content=\"2026-09-01T10:10:26+00:00\" \/>\n\t\t<meta property=\"article:modified_time\" content=\"2026-09-01T10:10:29+00:00\" \/>\n\t\t<meta property=\"article:publisher\" content=\"https:\/\/www.facebook.com\/azzedine.lasentinelle.1\" \/>\n\t\t<meta name=\"twitter:card\" content=\"summary_large_image\" \/>\n\t\t<meta name=\"twitter:title\" content=\"\u00c0 Jijel, les d\u00e9cisions pr\u00e9sidentielles redonnent espoir aux sinistr\u00e9s des incendies - La Sentinelle\" \/>\n\t\t<meta name=\"twitter:description\" content=\"Les d\u00e9cisions prises dimanche par le pr\u00e9sident de la R\u00e9publique, Abdelmadjid Tebboune, en faveur des victimes des incendies ayant ravag\u00e9 plusieurs wilayas de l&#039;Est et du Centre, suscitent une large adh\u00e9sion \u00e0 Jijel, o\u00f9 agriculteurs, apiculteurs et citoyens saluent un plan de prise en charge qu&#039;ils jugent \u00e0 la hauteur de l&#039;\u00e9preuve travers\u00e9e, tandis que\" \/>\n\t\t<meta name=\"twitter:image\" content=\"https:\/\/lasentinelle.dz\/wp-content\/uploads\/2021\/09\/cropped-la-sentinelle-earth-golden-anima-5.gif\" \/>\n\t\t<script type=\"application\/ld+json\" class=\"aioseo-schema\">\n\t\t\t{\"@context\":\"https:\\\/\\\/schema.org\",\"@graph\":[{\"@type\":\"BlogPosting\",\"@id\":\"https:\\\/\\\/lasentinelle.dz\\\/index.php\\\/2026\\\/09\\\/01\\\/a-jijel-les-decisions-presidentielles-redonnent-espoir-aux-sinistres-des-incendies\\\/#blogposting\",\"name\":\"\\u00c0 Jijel, les d\\u00e9cisions pr\\u00e9sidentielles redonnent espoir aux sinistr\\u00e9s des incendies - La Sentinelle\",\"headline\":\"\\u00c0 Jijel, les d\\u00e9cisions pr\\u00e9sidentielles redonnent espoir aux sinistr\\u00e9s des incendies\",\"author\":{\"@id\":\"https:\\\/\\\/lasentinelle.dz\\\/author\\\/admin\\\/#author\"},\"publisher\":{\"@id\":\"https:\\\/\\\/lasentinelle.dz\\\/#organization\"},\"image\":{\"@type\":\"ImageObject\",\"url\":\"https:\\\/\\\/lasentinelle.dz\\\/wp-content\\\/uploads\\\/2021\\\/09\\\/cropped-la-sentinelle-earth-golden-anima-5.gif\",\"@id\":\"https:\\\/\\\/lasentinelle.dz\\\/#articleImage\",\"width\":450,\"height\":213},\"datePublished\":\"2026-09-01T11:10:26+01:00\",\"dateModified\":\"2026-09-01T11:10:29+01:00\",\"inLanguage\":\"fr-FR\",\"mainEntityOfPage\":{\"@id\":\"https:\\\/\\\/lasentinelle.dz\\\/index.php\\\/2026\\\/09\\\/01\\\/a-jijel-les-decisions-presidentielles-redonnent-espoir-aux-sinistres-des-incendies\\\/#webpage\"},\"isPartOf\":{\"@id\":\"https:\\\/\\\/lasentinelle.dz\\\/index.php\\\/2026\\\/09\\\/01\\\/a-jijel-les-decisions-presidentielles-redonnent-espoir-aux-sinistres-des-incendies\\\/#webpage\"},\"articleSection\":\"Actualit\\u00e9\"},{\"@type\":\"BreadcrumbList\",\"@id\":\"https:\\\/\\\/lasentinelle.dz\\\/index.php\\\/2026\\\/09\\\/01\\\/a-jijel-les-decisions-presidentielles-redonnent-espoir-aux-sinistres-des-incendies\\\/#breadcrumblist\",\"itemListElement\":[{\"@type\":\"ListItem\",\"@id\":\"https:\\\/\\\/lasentinelle.dz#listItem\",\"position\":1,\"name\":\"Home\",\"item\":\"https:\\\/\\\/lasentinelle.dz\",\"nextItem\":{\"@type\":\"ListItem\",\"@id\":\"https:\\\/\\\/lasentinelle.dz\\\/index.php\\\/category\\\/actualite\\\/#listItem\",\"name\":\"Actualit\\u00e9\"}},{\"@type\":\"ListItem\",\"@id\":\"https:\\\/\\\/lasentinelle.dz\\\/index.php\\\/category\\\/actualite\\\/#listItem\",\"position\":2,\"name\":\"Actualit\\u00e9\",\"item\":\"https:\\\/\\\/lasentinelle.dz\\\/index.php\\\/category\\\/actualite\\\/\",\"nextItem\":{\"@type\":\"ListItem\",\"@id\":\"https:\\\/\\\/lasentinelle.dz\\\/index.php\\\/2026\\\/09\\\/01\\\/a-jijel-les-decisions-presidentielles-redonnent-espoir-aux-sinistres-des-incendies\\\/#listItem\",\"name\":\"\\u00c0 Jijel, les d\\u00e9cisions pr\\u00e9sidentielles redonnent espoir aux sinistr\\u00e9s des incendies\"},\"previousItem\":{\"@type\":\"ListItem\",\"@id\":\"https:\\\/\\\/lasentinelle.dz#listItem\",\"name\":\"Home\"}},{\"@type\":\"ListItem\",\"@id\":\"https:\\\/\\\/lasentinelle.dz\\\/index.php\\\/2026\\\/09\\\/01\\\/a-jijel-les-decisions-presidentielles-redonnent-espoir-aux-sinistres-des-incendies\\\/#listItem\",\"position\":3,\"name\":\"\\u00c0 Jijel, les d\\u00e9cisions pr\\u00e9sidentielles redonnent espoir aux sinistr\\u00e9s des incendies\",\"previousItem\":{\"@type\":\"ListItem\",\"@id\":\"https:\\\/\\\/lasentinelle.dz\\\/index.php\\\/category\\\/actualite\\\/#listItem\",\"name\":\"Actualit\\u00e9\"}}]},{\"@type\":\"Organization\",\"@id\":\"https:\\\/\\\/lasentinelle.dz\\\/#organization\",\"name\":\"La Sentinelle La Sentinelle\",\"description\":\"Quotidien national d'information\",\"url\":\"https:\\\/\\\/lasentinelle.dz\\\/\",\"logo\":{\"@type\":\"ImageObject\",\"url\":\"https:\\\/\\\/lasentinelle.dz\\\/wp-content\\\/uploads\\\/2021\\\/09\\\/cropped-la-sentinelle-earth-golden-anima-5.gif\",\"@id\":\"https:\\\/\\\/lasentinelle.dz\\\/index.php\\\/2026\\\/09\\\/01\\\/a-jijel-les-decisions-presidentielles-redonnent-espoir-aux-sinistres-des-incendies\\\/#organizationLogo\",\"width\":450,\"height\":213},\"image\":{\"@id\":\"https:\\\/\\\/lasentinelle.dz\\\/index.php\\\/2026\\\/09\\\/01\\\/a-jijel-les-decisions-presidentielles-redonnent-espoir-aux-sinistres-des-incendies\\\/#organizationLogo\"},\"sameAs\":[\"https:\\\/\\\/www.facebook.com\\\/azzedine.lasentinelle.1\"]},{\"@type\":\"Person\",\"@id\":\"https:\\\/\\\/lasentinelle.dz\\\/author\\\/admin\\\/#author\",\"url\":\"https:\\\/\\\/lasentinelle.dz\\\/author\\\/admin\\\/\",\"name\":\"admin\",\"image\":{\"@type\":\"ImageObject\",\"@id\":\"https:\\\/\\\/lasentinelle.dz\\\/index.php\\\/2026\\\/09\\\/01\\\/a-jijel-les-decisions-presidentielles-redonnent-espoir-aux-sinistres-des-incendies\\\/#authorImage\",\"url\":\"https:\\\/\\\/secure.gravatar.com\\\/avatar\\\/4c81fed838786e9b53f540bf46533e750f5d292099ae3b66cfc6fb1982e29df7?s=96&d=mm&r=g\",\"width\":96,\"height\":96,\"caption\":\"admin\"}},{\"@type\":\"WebPage\",\"@id\":\"https:\\\/\\\/lasentinelle.dz\\\/index.php\\\/2026\\\/09\\\/01\\\/a-jijel-les-decisions-presidentielles-redonnent-espoir-aux-sinistres-des-incendies\\\/#webpage\",\"url\":\"https:\\\/\\\/lasentinelle.dz\\\/index.php\\\/2026\\\/09\\\/01\\\/a-jijel-les-decisions-presidentielles-redonnent-espoir-aux-sinistres-des-incendies\\\/\",\"name\":\"\\u00c0 Jijel, les d\\u00e9cisions pr\\u00e9sidentielles redonnent espoir aux sinistr\\u00e9s des incendies - La Sentinelle\",\"description\":\"Les d\\u00e9cisions prises dimanche par le pr\\u00e9sident de la R\\u00e9publique, Abdelmadjid Tebboune, en faveur des victimes des incendies ayant ravag\\u00e9 plusieurs wilayas de l'Est et du Centre, suscitent une large adh\\u00e9sion \\u00e0 Jijel, o\\u00f9 agriculteurs, apiculteurs et citoyens saluent un plan de prise en charge qu'ils jugent \\u00e0 la hauteur de l'\\u00e9preuve travers\\u00e9e, tandis que\",\"inLanguage\":\"fr-FR\",\"isPartOf\":{\"@id\":\"https:\\\/\\\/lasentinelle.dz\\\/#website\"},\"breadcrumb\":{\"@id\":\"https:\\\/\\\/lasentinelle.dz\\\/index.php\\\/2026\\\/09\\\/01\\\/a-jijel-les-decisions-presidentielles-redonnent-espoir-aux-sinistres-des-incendies\\\/#breadcrumblist\"},\"author\":{\"@id\":\"https:\\\/\\\/lasentinelle.dz\\\/author\\\/admin\\\/#author\"},\"creator\":{\"@id\":\"https:\\\/\\\/lasentinelle.dz\\\/author\\\/admin\\\/#author\"},\"datePublished\":\"2026-09-01T11:10:26+01:00\",\"dateModified\":\"2026-09-01T11:10:29+01:00\"},{\"@type\":\"WebSite\",\"@id\":\"https:\\\/\\\/lasentinelle.dz\\\/#website\",\"url\":\"https:\\\/\\\/lasentinelle.dz\\\/\",\"name\":\"La Sentinelle\",\"description\":\"Quotidien national d'information\",\"inLanguage\":\"fr-FR\",\"publisher\":{\"@id\":\"https:\\\/\\\/lasentinelle.dz\\\/#organization\"}}]}\n\t\t<\/script>\n\t\t<!-- All in One SEO -->\n\n","aioseo_head_json":{"title":"\u00c0 Jijel, les d\u00e9cisions pr\u00e9sidentielles redonnent espoir aux sinistr\u00e9s des incendies - La Sentinelle","description":"Les d\u00e9cisions prises dimanche par le pr\u00e9sident de la R\u00e9publique, Abdelmadjid Tebboune, en faveur des victimes des incendies ayant ravag\u00e9 plusieurs wilayas de l'Est et du Centre, suscitent une large adh\u00e9sion \u00e0 Jijel, o\u00f9 agriculteurs, apiculteurs et citoyens saluent un plan de prise en charge qu'ils jugent \u00e0 la hauteur de l'\u00e9preuve travers\u00e9e, tandis que","canonical_url":"https:\/\/lasentinelle.dz\/index.php\/2026\/09\/01\/a-jijel-les-decisions-presidentielles-redonnent-espoir-aux-sinistres-des-incendies\/","robots":"max-image-preview:large","keywords":"","webmasterTools":{"miscellaneous":""},"schema":{"@context":"https:\/\/schema.org","@graph":[{"@type":"BlogPosting","@id":"https:\/\/lasentinelle.dz\/index.php\/2026\/09\/01\/a-jijel-les-decisions-presidentielles-redonnent-espoir-aux-sinistres-des-incendies\/#blogposting","name":"\u00c0 Jijel, les d\u00e9cisions pr\u00e9sidentielles redonnent espoir aux sinistr\u00e9s des incendies - La Sentinelle","headline":"\u00c0 Jijel, les d\u00e9cisions pr\u00e9sidentielles redonnent espoir aux sinistr\u00e9s des incendies","author":{"@id":"https:\/\/lasentinelle.dz\/author\/admin\/#author"},"publisher":{"@id":"https:\/\/lasentinelle.dz\/#organization"},"image":{"@type":"ImageObject","url":"https:\/\/lasentinelle.dz\/wp-content\/uploads\/2021\/09\/cropped-la-sentinelle-earth-golden-anima-5.gif","@id":"https:\/\/lasentinelle.dz\/#articleImage","width":450,"height":213},"datePublished":"2026-09-01T11:10:26+01:00","dateModified":"2026-09-01T11:10:29+01:00","inLanguage":"fr-FR","mainEntityOfPage":{"@id":"https:\/\/lasentinelle.dz\/index.php\/2026\/09\/01\/a-jijel-les-decisions-presidentielles-redonnent-espoir-aux-sinistres-des-incendies\/#webpage"},"isPartOf":{"@id":"https:\/\/lasentinelle.dz\/index.php\/2026\/09\/01\/a-jijel-les-decisions-presidentielles-redonnent-espoir-aux-sinistres-des-incendies\/#webpage"},"articleSection":"Actualit\u00e9"},{"@type":"BreadcrumbList","@id":"https:\/\/lasentinelle.dz\/index.php\/2026\/09\/01\/a-jijel-les-decisions-presidentielles-redonnent-espoir-aux-sinistres-des-incendies\/#breadcrumblist","itemListElement":[{"@type":"ListItem","@id":"https:\/\/lasentinelle.dz#listItem","position":1,"name":"Home","item":"https:\/\/lasentinelle.dz","nextItem":{"@type":"ListItem","@id":"https:\/\/lasentinelle.dz\/index.php\/category\/actualite\/#listItem","name":"Actualit\u00e9"}},{"@type":"ListItem","@id":"https:\/\/lasentinelle.dz\/index.php\/category\/actualite\/#listItem","position":2,"name":"Actualit\u00e9","item":"https:\/\/lasentinelle.dz\/index.php\/category\/actualite\/","nextItem":{"@type":"ListItem","@id":"https:\/\/lasentinelle.dz\/index.php\/2026\/09\/01\/a-jijel-les-decisions-presidentielles-redonnent-espoir-aux-sinistres-des-incendies\/#listItem","name":"\u00c0 Jijel, les d\u00e9cisions pr\u00e9sidentielles redonnent espoir aux sinistr\u00e9s des incendies"},"previousItem":{"@type":"ListItem","@id":"https:\/\/lasentinelle.dz#listItem","name":"Home"}},{"@type":"ListItem","@id":"https:\/\/lasentinelle.dz\/index.php\/2026\/09\/01\/a-jijel-les-decisions-presidentielles-redonnent-espoir-aux-sinistres-des-incendies\/#listItem","position":3,"name":"\u00c0 Jijel, les d\u00e9cisions pr\u00e9sidentielles redonnent espoir aux sinistr\u00e9s des incendies","previousItem":{"@type":"ListItem","@id":"https:\/\/lasentinelle.dz\/index.php\/category\/actualite\/#listItem","name":"Actualit\u00e9"}}]},{"@type":"Organization","@id":"https:\/\/lasentinelle.dz\/#organization","name":"La Sentinelle La Sentinelle","description":"Quotidien national d'information","url":"https:\/\/lasentinelle.dz\/","logo":{"@type":"ImageObject","url":"https:\/\/lasentinelle.dz\/wp-content\/uploads\/2021\/09\/cropped-la-sentinelle-earth-golden-anima-5.gif","@id":"https:\/\/lasentinelle.dz\/index.php\/2026\/09\/01\/a-jijel-les-decisions-presidentielles-redonnent-espoir-aux-sinistres-des-incendies\/#organizationLogo","width":450,"height":213},"image":{"@id":"https:\/\/lasentinelle.dz\/index.php\/2026\/09\/01\/a-jijel-les-decisions-presidentielles-redonnent-espoir-aux-sinistres-des-incendies\/#organizationLogo"},"sameAs":["https:\/\/www.facebook.com\/azzedine.lasentinelle.1"]},{"@type":"Person","@id":"https:\/\/lasentinelle.dz\/author\/admin\/#author","url":"https:\/\/lasentinelle.dz\/author\/admin\/","name":"admin","image":{"@type":"ImageObject","@id":"https:\/\/lasentinelle.dz\/index.php\/2026\/09\/01\/a-jijel-les-decisions-presidentielles-redonnent-espoir-aux-sinistres-des-incendies\/#authorImage","url":"https:\/\/secure.gravatar.com\/avatar\/4c81fed838786e9b53f540bf46533e750f5d292099ae3b66cfc6fb1982e29df7?s=96&d=mm&r=g","width":96,"height":96,"caption":"admin"}},{"@type":"WebPage","@id":"https:\/\/lasentinelle.dz\/index.php\/2026\/09\/01\/a-jijel-les-decisions-presidentielles-redonnent-espoir-aux-sinistres-des-incendies\/#webpage","url":"https:\/\/lasentinelle.dz\/index.php\/2026\/09\/01\/a-jijel-les-decisions-presidentielles-redonnent-espoir-aux-sinistres-des-incendies\/","name":"\u00c0 Jijel, les d\u00e9cisions pr\u00e9sidentielles redonnent espoir aux sinistr\u00e9s des incendies - La Sentinelle","description":"Les d\u00e9cisions prises dimanche par le pr\u00e9sident de la R\u00e9publique, Abdelmadjid Tebboune, en faveur des victimes des incendies ayant ravag\u00e9 plusieurs wilayas de l'Est et du Centre, suscitent une large adh\u00e9sion \u00e0 Jijel, o\u00f9 agriculteurs, apiculteurs et citoyens saluent un plan de prise en charge qu'ils jugent \u00e0 la hauteur de l'\u00e9preuve travers\u00e9e, tandis que","inLanguage":"fr-FR","isPartOf":{"@id":"https:\/\/lasentinelle.dz\/#website"},"breadcrumb":{"@id":"https:\/\/lasentinelle.dz\/index.php\/2026\/09\/01\/a-jijel-les-decisions-presidentielles-redonnent-espoir-aux-sinistres-des-incendies\/#breadcrumblist"},"author":{"@id":"https:\/\/lasentinelle.dz\/author\/admin\/#author"},"creator":{"@id":"https:\/\/lasentinelle.dz\/author\/admin\/#author"},"datePublished":"2026-09-01T11:10:26+01:00","dateModified":"2026-09-01T11:10:29+01:00"},{"@type":"WebSite","@id":"https:\/\/lasentinelle.dz\/#website","url":"https:\/\/lasentinelle.dz\/","name":"La Sentinelle","description":"Quotidien national d'information","inLanguage":"fr-FR","publisher":{"@id":"https:\/\/lasentinelle.dz\/#organization"}}]},"og:locale":"fr_FR","og:site_name":"La Sentinelle - Quotidien national d'information","og:type":"article","og:title":"\u00c0 Jijel, les d\u00e9cisions pr\u00e9sidentielles redonnent espoir aux sinistr\u00e9s des incendies - La Sentinelle","og:description":"Les d\u00e9cisions prises dimanche par le pr\u00e9sident de la R\u00e9publique, Abdelmadjid Tebboune, en faveur des victimes des incendies ayant ravag\u00e9 plusieurs wilayas de l'Est et du Centre, suscitent une large adh\u00e9sion \u00e0 Jijel, o\u00f9 agriculteurs, apiculteurs et citoyens saluent un plan de prise en charge qu'ils jugent \u00e0 la hauteur de l'\u00e9preuve travers\u00e9e, tandis que","og:url":"https:\/\/lasentinelle.dz\/index.php\/2026\/09\/01\/a-jijel-les-decisions-presidentielles-redonnent-espoir-aux-sinistres-des-incendies\/","og:image":"https:\/\/lasentinelle.dz\/wp-content\/uploads\/2021\/09\/cropped-la-sentinelle-earth-golden-anima-5.gif","og:image:secure_url":"https:\/\/lasentinelle.dz\/wp-content\/uploads\/2021\/09\/cropped-la-sentinelle-earth-golden-anima-5.gif","og:image:width":450,"og:image:height":213,"article:published_time":"2026-09-01T10:10:26+00:00","article:modified_time":"2026-09-01T10:10:29+00:00","article:publisher":"https:\/\/www.facebook.com\/azzedine.lasentinelle.1","twitter:card":"summary_large_image","twitter:title":"\u00c0 Jijel, les d\u00e9cisions pr\u00e9sidentielles redonnent espoir aux sinistr\u00e9s des incendies - La Sentinelle","twitter:description":"Les d\u00e9cisions prises dimanche par le pr\u00e9sident de la R\u00e9publique, Abdelmadjid Tebboune, en faveur des victimes des incendies ayant ravag\u00e9 plusieurs wilayas de l'Est et du Centre, suscitent une large adh\u00e9sion \u00e0 Jijel, o\u00f9 agriculteurs, apiculteurs et citoyens saluent un plan de prise en charge qu'ils jugent \u00e0 la hauteur de l'\u00e9preuve travers\u00e9e, tandis que","twitter:image":"https:\/\/lasentinelle.dz\/wp-content\/uploads\/2021\/09\/cropped-la-sentinelle-earth-golden-anima-5.gif"},"aioseo_meta_data":{"post_id":"94752","title":null,"description":null,"keywords":null,"keyphrases":{"focus":{"keyphrase":"","score":0,"analysis":{"keyphraseInTitle":{"score":0,"maxScore":9,"error":1}}},"additional":[]},"primary_term":null,"canonical_url":null,"og_title":null,"og_description":null,"og_object_type":"default","og_image_type":"default","og_image_url":null,"og_image_width":null,"og_image_height":null,"og_image_custom_url":null,"og_image_custom_fields":null,"og_video":"","og_custom_url":null,"og_article_section":null,"og_article_tags":null,"twitter_use_og":false,"twitter_card":"default","twitter_image_type":"default","twitter_image_url":null,"twitter_image_custom_url":null,"twitter_image_custom_fields":null,"twitter_title":null,"twitter_description":null,"schema":{"blockGraphs":[],"customGraphs":[],"default":{"data":{"Article":[],"Course":[],"Dataset":[],"FAQPage":[],"Movie":[],"Person":[],"Product":[],"ProductReview":[],"Car":[],"Recipe":[],"Service":[],"SoftwareApplication":[],"WebPage":[]},"graphName":"BlogPosting","isEnabled":true},"graphs":[]},"schema_type":"default","schema_type_options":null,"pillar_content":false,"robots_default":true,"robots_noindex":false,"robots_noarchive":false,"robots_nosnippet":false,"robots_nofollow":false,"robots_noimageindex":false,"robots_noodp":false,"robots_notranslate":false,"robots_max_snippet":"-1","robots_max_videopreview":"-1","robots_max_imagepreview":"large","priority":null,"frequency":"default","local_seo":null,"breadcrumb_settings":null,"limit_modified_date":false,"ai":{"faqs":[],"keyPoints":[],"schemas":[],"titles":[],"descriptions":[],"socialPosts":{"email":{"subject":"","preview":"","content":""},"linkedin":[],"twitter":[],"facebook":[],"instagram":[]}},"created":"2026-09-01 10:10:30","updated":"2026-09-01 11:06:30","focus_keyword":null,"additional_keywords":null,"truseo_locale":null,"seo_analyzer_scan_date":null},"aioseo_breadcrumb":"<div class=\"aioseo-breadcrumbs\"><span class=\"aioseo-breadcrumb\">\n\t\t\t<a href=\"https:\/\/lasentinelle.dz\" title=\"Home\">Home<\/a>\n\t\t<\/span><span class=\"aioseo-breadcrumb-separator\">&raquo;<\/span><span class=\"aioseo-breadcrumb\">\n\t\t\t<a href=\"https:\/\/lasentinelle.dz\/index.php\/category\/actualite\/\" title=\"Actualit\u00e9\">Actualit\u00e9<\/a>\n\t\t<\/span><span class=\"aioseo-breadcrumb-separator\">&raquo;<\/span><span class=\"aioseo-breadcrumb\">\n\t\t\t\u00c0 Jijel, les d\u00e9cisions pr\u00e9sidentielles redonnent espoir aux sinistr\u00e9s des incendies\n\t\t<\/span><\/div>","aioseo_breadcrumb_json":[{"label":"Home","link":"https:\/\/lasentinelle.dz"},{"label":"Actualit\u00e9","link":"https:\/\/lasentinelle.dz\/index.php\/category\/actualite\/"},{"label":"\u00c0 Jijel, les d\u00e9cisions pr\u00e9sidentielles redonnent espoir aux sinistr\u00e9s des incendies","link":"https:\/\/lasentinelle.dz\/index.php\/2026\/09\/01\/a-jijel-les-decisions-presidentielles-redonnent-espoir-aux-sinistres-des-incendies\/"}],"yoast_head":"<!-- This site is optimized with the Yoast SEO plugin v28.3 - https:\/\/yoast.com\/product\/yoast-seo-wordpress\/ -->\n<title>\u00c0 Jijel, les d\u00e9cisions pr\u00e9sidentielles redonnent espoir aux sinistr\u00e9s des incendies - La Sentinelle<\/title>\n<meta name=\"robots\" content=\"index, follow, max-snippet:-1, max-image-preview:large, max-video-preview:-1\" \/>\n<link rel=\"canonical\" href=\"https:\/\/lasentinelle.dz\/index.php\/2026\/09\/01\/a-jijel-les-decisions-presidentielles-redonnent-espoir-aux-sinistres-des-incendies\/\" \/>\n<meta property=\"og:locale\" content=\"fr_FR\" \/>\n<meta property=\"og:type\" content=\"article\" \/>\n<meta property=\"og:title\" content=\"\u00c0 Jijel, les d\u00e9cisions pr\u00e9sidentielles redonnent espoir aux sinistr\u00e9s des incendies - La Sentinelle\" \/>\n<meta property=\"og:description\" content=\"Les d\u00e9cisions prises dimanche par le pr\u00e9sident de la R\u00e9publique, Abdelmadjid Tebboune, en faveur des victimes des incendies ayant ravag\u00e9\" \/>\n<meta property=\"og:url\" content=\"https:\/\/lasentinelle.dz\/index.php\/2026\/09\/01\/a-jijel-les-decisions-presidentielles-redonnent-espoir-aux-sinistres-des-incendies\/\" \/>\n<meta property=\"og:site_name\" content=\"La Sentinelle\" \/>\n<meta property=\"article:publisher\" content=\"https:\/\/www.facebook.com\/La-Sentinelle-104059864394773\" \/>\n<meta property=\"article:published_time\" content=\"2026-09-01T10:10:26+00:00\" \/>\n<meta property=\"article:modified_time\" content=\"2026-09-01T10:10:29+00:00\" \/>\n<meta name=\"author\" content=\"admin\" \/>\n<meta name=\"twitter:card\" content=\"summary_large_image\" \/>\n<meta name=\"twitter:label1\" content=\"\u00c9crit par\" \/>\n\t<meta name=\"twitter:data1\" content=\"admin\" \/>\n\t<meta name=\"twitter:label2\" content=\"Dur\u00e9e de lecture estim\u00e9e\" \/>\n\t<meta name=\"twitter:data2\" content=\"3 minutes\" \/>\n<script type=\"application\/ld+json\" class=\"yoast-schema-graph\">{\"@context\":\"https:\\\/\\\/schema.org\",\"@graph\":[{\"@type\":\"Article\",\"@id\":\"https:\\\/\\\/lasentinelle.dz\\\/index.php\\\/2026\\\/09\\\/01\\\/a-jijel-les-decisions-presidentielles-redonnent-espoir-aux-sinistres-des-incendies\\\/#article\",\"isPartOf\":{\"@id\":\"https:\\\/\\\/lasentinelle.dz\\\/index.php\\\/2026\\\/09\\\/01\\\/a-jijel-les-decisions-presidentielles-redonnent-espoir-aux-sinistres-des-incendies\\\/\"},\"author\":{\"name\":\"admin\",\"@id\":\"https:\\\/\\\/lasentinelle.dz\\\/#\\\/schema\\\/person\\\/729ee0024f24e0b8c5ec17232f8e8b41\"},\"headline\":\"\u00c0 Jijel, les d\u00e9cisions pr\u00e9sidentielles redonnent espoir aux sinistr\u00e9s des incendies\",\"datePublished\":\"2026-09-01T10:10:26+00:00\",\"dateModified\":\"2026-09-01T10:10:29+00:00\",\"mainEntityOfPage\":{\"@id\":\"https:\\\/\\\/lasentinelle.dz\\\/index.php\\\/2026\\\/09\\\/01\\\/a-jijel-les-decisions-presidentielles-redonnent-espoir-aux-sinistres-des-incendies\\\/\"},\"wordCount\":544,\"commentCount\":0,\"publisher\":{\"@id\":\"https:\\\/\\\/lasentinelle.dz\\\/#organization\"},\"articleSection\":[\"Actualit\u00e9\"],\"inLanguage\":\"fr-FR\",\"potentialAction\":[{\"@type\":\"CommentAction\",\"name\":\"Comment\",\"target\":[\"https:\\\/\\\/lasentinelle.dz\\\/index.php\\\/2026\\\/09\\\/01\\\/a-jijel-les-decisions-presidentielles-redonnent-espoir-aux-sinistres-des-incendies\\\/#respond\"]}]},{\"@type\":\"WebPage\",\"@id\":\"https:\\\/\\\/lasentinelle.dz\\\/index.php\\\/2026\\\/09\\\/01\\\/a-jijel-les-decisions-presidentielles-redonnent-espoir-aux-sinistres-des-incendies\\\/\",\"url\":\"https:\\\/\\\/lasentinelle.dz\\\/index.php\\\/2026\\\/09\\\/01\\\/a-jijel-les-decisions-presidentielles-redonnent-espoir-aux-sinistres-des-incendies\\\/\",\"name\":\"\u00c0 Jijel, les d\u00e9cisions pr\u00e9sidentielles redonnent espoir aux sinistr\u00e9s des incendies - La Sentinelle\",\"isPartOf\":{\"@id\":\"https:\\\/\\\/lasentinelle.dz\\\/#website\"},\"datePublished\":\"2026-09-01T10:10:26+00:00\",\"dateModified\":\"2026-09-01T10:10:29+00:00\",\"breadcrumb\":{\"@id\":\"https:\\\/\\\/lasentinelle.dz\\\/index.php\\\/2026\\\/09\\\/01\\\/a-jijel-les-decisions-presidentielles-redonnent-espoir-aux-sinistres-des-incendies\\\/#breadcrumb\"},\"inLanguage\":\"fr-FR\",\"potentialAction\":[{\"@type\":\"ReadAction\",\"target\":[\"https:\\\/\\\/lasentinelle.dz\\\/index.php\\\/2026\\\/09\\\/01\\\/a-jijel-les-decisions-presidentielles-redonnent-espoir-aux-sinistres-des-incendies\\\/\"]}]},{\"@type\":\"BreadcrumbList\",\"@id\":\"https:\\\/\\\/lasentinelle.dz\\\/index.php\\\/2026\\\/09\\\/01\\\/a-jijel-les-decisions-presidentielles-redonnent-espoir-aux-sinistres-des-incendies\\\/#breadcrumb\",\"itemListElement\":[{\"@type\":\"ListItem\",\"position\":1,\"name\":\"Accueil\",\"item\":\"https:\\\/\\\/lasentinelle.dz\\\/\"},{\"@type\":\"ListItem\",\"position\":2,\"name\":\"\u00c0 Jijel, les d\u00e9cisions pr\u00e9sidentielles redonnent espoir aux sinistr\u00e9s des incendies\"}]},{\"@type\":\"WebSite\",\"@id\":\"https:\\\/\\\/lasentinelle.dz\\\/#website\",\"url\":\"https:\\\/\\\/lasentinelle.dz\\\/\",\"name\":\"La Sentinelle\",\"description\":\"Quotidien national d&#039;information\",\"publisher\":{\"@id\":\"https:\\\/\\\/lasentinelle.dz\\\/#organization\"},\"potentialAction\":[{\"@type\":\"SearchAction\",\"target\":{\"@type\":\"EntryPoint\",\"urlTemplate\":\"https:\\\/\\\/lasentinelle.dz\\\/?s={search_term_string}\"},\"query-input\":{\"@type\":\"PropertyValueSpecification\",\"valueRequired\":true,\"valueName\":\"search_term_string\"}}],\"inLanguage\":\"fr-FR\"},{\"@type\":\"Organization\",\"@id\":\"https:\\\/\\\/lasentinelle.dz\\\/#organization\",\"name\":\"Quotidien La Sentinelle\",\"url\":\"https:\\\/\\\/lasentinelle.dz\\\/\",\"logo\":{\"@type\":\"ImageObject\",\"inLanguage\":\"fr-FR\",\"@id\":\"https:\\\/\\\/lasentinelle.dz\\\/#\\\/schema\\\/logo\\\/image\\\/\",\"url\":\"https:\\\/\\\/lasentinelle.dz\\\/wp-content\\\/uploads\\\/2021\\\/09\\\/logo-sentinelleSLOGAN-1.png\",\"contentUrl\":\"https:\\\/\\\/lasentinelle.dz\\\/wp-content\\\/uploads\\\/2021\\\/09\\\/logo-sentinelleSLOGAN-1.png\",\"width\":615,\"height\":142,\"caption\":\"Quotidien La Sentinelle\"},\"image\":{\"@id\":\"https:\\\/\\\/lasentinelle.dz\\\/#\\\/schema\\\/logo\\\/image\\\/\"},\"sameAs\":[\"https:\\\/\\\/www.facebook.com\\\/La-Sentinelle-104059864394773\"]},{\"@type\":\"Person\",\"@id\":\"https:\\\/\\\/lasentinelle.dz\\\/#\\\/schema\\\/person\\\/729ee0024f24e0b8c5ec17232f8e8b41\",\"name\":\"admin\",\"image\":{\"@type\":\"ImageObject\",\"inLanguage\":\"fr-FR\",\"@id\":\"https:\\\/\\\/secure.gravatar.com\\\/avatar\\\/4c81fed838786e9b53f540bf46533e750f5d292099ae3b66cfc6fb1982e29df7?s=96&d=mm&r=g\",\"url\":\"https:\\\/\\\/secure.gravatar.com\\\/avatar\\\/4c81fed838786e9b53f540bf46533e750f5d292099ae3b66cfc6fb1982e29df7?s=96&d=mm&r=g\",\"contentUrl\":\"https:\\\/\\\/secure.gravatar.com\\\/avatar\\\/4c81fed838786e9b53f540bf46533e750f5d292099ae3b66cfc6fb1982e29df7?s=96&d=mm&r=g\",\"caption\":\"admin\"},\"description\":\"admin\",\"url\":\"https:\\\/\\\/lasentinelle.dz\\\/author\\\/admin\\\/\"}]}<\/script>\n<!-- \/ Yoast SEO plugin. -->","yoast_head_json":{"title":"\u00c0 Jijel, les d\u00e9cisions pr\u00e9sidentielles redonnent espoir aux sinistr\u00e9s des incendies - La Sentinelle","robots":{"index":"index","follow":"follow","max-snippet":"max-snippet:-1","max-image-preview":"max-image-preview:large","max-video-preview":"max-video-preview:-1"},"canonical":"https:\/\/lasentinelle.dz\/index.php\/2026\/09\/01\/a-jijel-les-decisions-presidentielles-redonnent-espoir-aux-sinistres-des-incendies\/","og_locale":"fr_FR","og_type":"article","og_title":"\u00c0 Jijel, les d\u00e9cisions pr\u00e9sidentielles redonnent espoir aux sinistr\u00e9s des incendies - La Sentinelle","og_description":"Les d\u00e9cisions prises dimanche par le pr\u00e9sident de la R\u00e9publique, Abdelmadjid Tebboune, en faveur des victimes des incendies ayant ravag\u00e9","og_url":"https:\/\/lasentinelle.dz\/index.php\/2026\/09\/01\/a-jijel-les-decisions-presidentielles-redonnent-espoir-aux-sinistres-des-incendies\/","og_site_name":"La Sentinelle","article_publisher":"https:\/\/www.facebook.com\/La-Sentinelle-104059864394773","article_published_time":"2026-09-01T10:10:26+00:00","article_modified_time":"2026-09-01T10:10:29+00:00","author":"admin","twitter_card":"summary_large_image","twitter_misc":{"\u00c9crit par":"admin","Dur\u00e9e de lecture estim\u00e9e":"3 minutes"},"schema":{"@context":"https:\/\/schema.org","@graph":[{"@type":"Article","@id":"https:\/\/lasentinelle.dz\/index.php\/2026\/09\/01\/a-jijel-les-decisions-presidentielles-redonnent-espoir-aux-sinistres-des-incendies\/#article","isPartOf":{"@id":"https:\/\/lasentinelle.dz\/index.php\/2026\/09\/01\/a-jijel-les-decisions-presidentielles-redonnent-espoir-aux-sinistres-des-incendies\/"},"author":{"name":"admin","@id":"https:\/\/lasentinelle.dz\/#\/schema\/person\/729ee0024f24e0b8c5ec17232f8e8b41"},"headline":"\u00c0 Jijel, les d\u00e9cisions pr\u00e9sidentielles redonnent espoir aux sinistr\u00e9s des incendies","datePublished":"2026-09-01T10:10:26+00:00","dateModified":"2026-09-01T10:10:29+00:00","mainEntityOfPage":{"@id":"https:\/\/lasentinelle.dz\/index.php\/2026\/09\/01\/a-jijel-les-decisions-presidentielles-redonnent-espoir-aux-sinistres-des-incendies\/"},"wordCount":544,"commentCount":0,"publisher":{"@id":"https:\/\/lasentinelle.dz\/#organization"},"articleSection":["Actualit\u00e9"],"inLanguage":"fr-FR","potentialAction":[{"@type":"CommentAction","name":"Comment","target":["https:\/\/lasentinelle.dz\/index.php\/2026\/09\/01\/a-jijel-les-decisions-presidentielles-redonnent-espoir-aux-sinistres-des-incendies\/#respond"]}]},{"@type":"WebPage","@id":"https:\/\/lasentinelle.dz\/index.php\/2026\/09\/01\/a-jijel-les-decisions-presidentielles-redonnent-espoir-aux-sinistres-des-incendies\/","url":"https:\/\/lasentinelle.dz\/index.php\/2026\/09\/01\/a-jijel-les-decisions-presidentielles-redonnent-espoir-aux-sinistres-des-incendies\/","name":"\u00c0 Jijel, les d\u00e9cisions pr\u00e9sidentielles redonnent espoir aux sinistr\u00e9s des incendies - La Sentinelle","isPartOf":{"@id":"https:\/\/lasentinelle.dz\/#website"},"datePublished":"2026-09-01T10:10:26+00:00","dateModified":"2026-09-01T10:10:29+00:00","breadcrumb":{"@id":"https:\/\/lasentinelle.dz\/index.php\/2026\/09\/01\/a-jijel-les-decisions-presidentielles-redonnent-espoir-aux-sinistres-des-incendies\/#breadcrumb"},"inLanguage":"fr-FR","potentialAction":[{"@type":"ReadAction","target":["https:\/\/lasentinelle.dz\/index.php\/2026\/09\/01\/a-jijel-les-decisions-presidentielles-redonnent-espoir-aux-sinistres-des-incendies\/"]}]},{"@type":"BreadcrumbList","@id":"https:\/\/lasentinelle.dz\/index.php\/2026\/09\/01\/a-jijel-les-decisions-presidentielles-redonnent-espoir-aux-sinistres-des-incendies\/#breadcrumb","itemListElement":[{"@type":"ListItem","position":1,"name":"Accueil","item":"https:\/\/lasentinelle.dz\/"},{"@type":"ListItem","position":2,"name":"\u00c0 Jijel, les d\u00e9cisions pr\u00e9sidentielles redonnent espoir aux sinistr\u00e9s des incendies"}]},{"@type":"WebSite","@id":"https:\/\/lasentinelle.dz\/#website","url":"https:\/\/lasentinelle.dz\/","name":"La Sentinelle","description":"Quotidien national d&#039;information","publisher":{"@id":"https:\/\/lasentinelle.dz\/#organization"},"potentialAction":[{"@type":"SearchAction","target":{"@type":"EntryPoint","urlTemplate":"https:\/\/lasentinelle.dz\/?s={search_term_string}"},"query-input":{"@type":"PropertyValueSpecification","valueRequired":true,"valueName":"search_term_string"}}],"inLanguage":"fr-FR"},{"@type":"Organization","@id":"https:\/\/lasentinelle.dz\/#organization","name":"Quotidien La Sentinelle","url":"https:\/\/lasentinelle.dz\/","logo":{"@type":"ImageObject","inLanguage":"fr-FR","@id":"https:\/\/lasentinelle.dz\/#\/schema\/logo\/image\/","url":"https:\/\/lasentinelle.dz\/wp-content\/uploads\/2021\/09\/logo-sentinelleSLOGAN-1.png","contentUrl":"https:\/\/lasentinelle.dz\/wp-content\/uploads\/2021\/09\/logo-sentinelleSLOGAN-1.png","width":615,"height":142,"caption":"Quotidien La Sentinelle"},"image":{"@id":"https:\/\/lasentinelle.dz\/#\/schema\/logo\/image\/"},"sameAs":["https:\/\/www.facebook.com\/La-Sentinelle-104059864394773"]},{"@type":"Person","@id":"https:\/\/lasentinelle.dz\/#\/schema\/person\/729ee0024f24e0b8c5ec17232f8e8b41","name":"admin","image":{"@type":"ImageObject","inLanguage":"fr-FR","@id":"https:\/\/secure.gravatar.com\/avatar\/4c81fed838786e9b53f540bf46533e750f5d292099ae3b66cfc6fb1982e29df7?s=96&d=mm&r=g","url":"https:\/\/secure.gravatar.com\/avatar\/4c81fed838786e9b53f540bf46533e750f5d292099ae3b66cfc6fb1982e29df7?s=96&d=mm&r=g","contentUrl":"https:\/\/secure.gravatar.com\/avatar\/4c81fed838786e9b53f540bf46533e750f5d292099ae3b66cfc6fb1982e29df7?s=96&d=mm&r=g","caption":"admin"},"description":"admin","url":"https:\/\/lasentinelle.dz\/author\/admin\/"}]}},"_links":{"self":[{"href":"https:\/\/lasentinelle.dz\/index.php\/wp-json\/wp\/v2\/posts\/94752","targetHints":{"allow":["GET"]}}],"collection":[{"href":"https:\/\/lasentinelle.dz\/index.php\/wp-json\/wp\/v2\/posts"}],"about":[{"href":"https:\/\/lasentinelle.dz\/index.php\/wp-json\/wp\/v2\/types\/post"}],"author":[{"embeddable":true,"href":"https:\/\/lasentinelle.dz\/index.php\/wp-json\/wp\/v2\/users\/6"}],"replies":[{"embeddable":true,"href":"https:\/\/lasentinelle.dz\/index.php\/wp-json\/wp\/v2\/comments?post=94752"}],"version-history":[{"count":1,"href":"https:\/\/lasentinelle.dz\/index.php\/wp-json\/wp\/v2\/posts\/94752\/revisions"}],"predecessor-version":[{"id":94753,"href":"https:\/\/lasentinelle.dz\/index.php\/wp-json\/wp\/v2\/posts\/94752\/revisions\/94753"}],"wp:attachment":[{"href":"https:\/\/lasentinelle.dz\/index.php\/wp-json\/wp\/v2\/media?parent=94752"}],"wp:term":[{"taxonomy":"category","embeddable":true,"href":"https:\/\/lasentinelle.dz\/index.php\/wp-json\/wp\/v2\/categories?post=94752"},{"taxonomy":"post_tag","embeddable":true,"href":"https:\/\/lasentinelle.dz\/index.php\/wp-json\/wp\/v2\/tags?post=94752"}],"curies":[{"name":"wp","href":"https:\/\/api.w.org\/{rel}","templated":true}]}}