{"id":94754,"date":"2026-09-01T11:11:17","date_gmt":"2026-09-01T10:11:17","guid":{"rendered":"https:\/\/lasentinelle.dz\/?p=94754"},"modified":"2026-09-01T11:11:19","modified_gmt":"2026-09-01T10:11:19","slug":"lexecutif-en-ordre-de-bataille","status":"publish","type":"post","link":"https:\/\/lasentinelle.dz\/index.php\/2026\/09\/01\/lexecutif-en-ordre-de-bataille\/","title":{"rendered":"L&rsquo;Ex\u00e9cutif en ordre de bataille"},"content":{"rendered":"\n<p class=\"wp-block-paragraph\">Tous les incendies d\u00e9clar\u00e9s entre le 26 et le 30 ao\u00fbt dans plusieurs wilayas du pays ont \u00e9t\u00e9 totalement circonscrits, ouvrant la voie \u00e0 une mobilisation g\u00e9n\u00e9rale de l&rsquo;appareil gouvernemental pour la prise en charge des sinistr\u00e9s et la r\u00e9habilitation des zones touch\u00e9es, en ex\u00e9cution des directives donn\u00e9es dimanche par le pr\u00e9sident de la R\u00e9publique, Abdelmadjid Tebboune. Le ministre de l&rsquo;Int\u00e9rieur, des Collectivit\u00e9s locales et des Transports, Sa\u00efd Sayoud, a ainsi pr\u00e9sid\u00e9 lundi une r\u00e9union de coordination avec les walis pour suivre l&rsquo;application de ces directives. Il a salu\u00e9 \u00ab les grands efforts d\u00e9ploy\u00e9s par Messieurs les walis et les diff\u00e9rents services locaux durant ces circonstances exceptionnelles \u00bb, avant d&rsquo;insister sur \u00ab la n\u00e9cessit\u00e9 de poursuivre le travail au m\u00eame rythme, de renforcer la proximit\u00e9 avec les citoyens et de r\u00e9pondre \u00e0 leurs pr\u00e9occupations \u00bb. Le ministre a donn\u00e9 des instructions sur \u00ab l&rsquo;imp\u00e9ratif d&rsquo;acc\u00e9l\u00e9rer le recensement des d\u00e9g\u00e2ts et l&rsquo;\u00e9valuation pr\u00e9cise des besoins, tout en entamant les proc\u00e9dures d&rsquo;indemnisation, de r\u00e9habilitation des logements et des zones touch\u00e9es, et en simplifiant les proc\u00e9dures administratives \u00bb. Il a \u00e9galement appel\u00e9 \u00e0 \u00ab accorder une importance particuli\u00e8re \u00e0 l&rsquo;aspect humain et social, en accompagnant les familles sinistr\u00e9es et en \u00e9tant \u00e0 l&rsquo;\u00e9coute de leurs pr\u00e9occupations \u00bb, insistant sur la mobilisation de tous les moyens n\u00e9cessaires pour le r\u00e9tablissement de l&rsquo;eau, de l&rsquo;\u00e9lectricit\u00e9, du gaz, des t\u00e9l\u00e9communications et du r\u00e9seau routier.<\/p>\n\n\n\n<p class=\"wp-block-paragraph\">Le volet sanitaire n&rsquo;est pas en reste. La cellule de crise de la Pharmacie centrale des h\u00f4pitaux, pr\u00e9sid\u00e9e par son directeur g\u00e9n\u00e9ral Sabri Djerroud, s&rsquo;est r\u00e9unie dimanche pour suivre l&rsquo;approvisionnement des \u00e9tablissements de sant\u00e9 de l&rsquo;Est et du Centre du pays en produits pharmaceutiques et dispositifs m\u00e9dicaux. Cette rencontre, selon un communiqu\u00e9 de la PCH, a permis \u00ab d&rsquo;\u00e9valuer la situation de l&rsquo;approvisionnement, de suivre les demandes urgentes et d&rsquo;ajuster les m\u00e9canismes d&rsquo;intervention et de distribution \u00bb. M. Djerroud a insist\u00e9 sur \u00ab la n\u00e9cessit\u00e9 d&rsquo;assurer une coordination imm\u00e9diate et continue entre la cellule de crise, les annexes et les \u00e9tablissements de sant\u00e9 \u00bb. Le minist\u00e8re de la Sant\u00e9 a de son c\u00f4t\u00e9 d\u00e9p\u00each\u00e9 dimanche une clinique m\u00e9dicale mobile vers Jijel, sur instruction du ministre Mohamed Seddik Ait Messaoudene. La sous-directrice au minist\u00e8re, Bensemmane Radia, a indiqu\u00e9 que cette structure est \u00ab \u00e9quip\u00e9e de l&rsquo;ensemble des moyens et fournitures m\u00e9dicales et encadr\u00e9e par des \u00e9quipes m\u00e9dicales et param\u00e9dicales \u00bb, pr\u00e9cisant que deux autres cliniques mobiles seraient d\u00e9ploy\u00e9es d\u00e8s lundi.<\/p>\n\n\n\n<p class=\"wp-block-paragraph\">Sur le terrain des infrastructures, la direction de la distribution de l&rsquo;\u00e9lectricit\u00e9 et du gaz de Sonelgaz \u00e0 Skikda a annonc\u00e9 la r\u00e9paration de plus de 35 km de r\u00e9seau \u00e9lectrique endommag\u00e9, touchant des communes comme Oum Toub, Filfila ou Azzaba. Son directeur local, Abdelouahad Hemaz, a pr\u00e9cis\u00e9 que 13 \u00e9quipes d&rsquo;intervention avaient \u00e9t\u00e9 d\u00e9ploy\u00e9es, appuy\u00e9es par 18 entreprises agr\u00e9\u00e9es.<\/p>\n\n\n\n<p class=\"wp-block-paragraph\">Le secteur de l&rsquo;Habitat s&rsquo;est \u00e9galement mis en branle. Le ministre Mohamed Tarek Belaribi a pr\u00e9sid\u00e9 lundi une r\u00e9union de coordination au cours de laquelle il a ordonn\u00e9 la mobilisation, sous 72 heures, des ing\u00e9nieurs du CTC des autres wilayas pour renforcer les constats techniques sur le terrain. Il a charg\u00e9 les directeurs de l&rsquo;habitat d&rsquo;\u00e9tablir les d\u00e9cisions d&rsquo;octroi d&rsquo;aides financi\u00e8res aux familles sinistr\u00e9es, tandis que la Banque nationale de l&rsquo;habitat a \u00e9t\u00e9 charg\u00e9e de proc\u00e9der \u00e0 leur versement. Une nouvelle r\u00e9union d&rsquo;\u00e9valuation est pr\u00e9vue dans les 72 heures pour faire le point sur l&rsquo;avancement des op\u00e9rations de r\u00e9habilitation.<\/p>\n\n\n\n<p class=\"wp-block-paragraph\">Massinissa Ra\u00efs<\/p>\n","protected":false},"excerpt":{"rendered":"<p>Tous les incendies d\u00e9clar\u00e9s entre le 26 et le 30 ao\u00fbt dans plusieurs wilayas du pays ont \u00e9t\u00e9 totalement circonscrits,<\/p>\n","protected":false},"author":6,"featured_media":94755,"comment_status":"open","ping_status":"closed","sticky":false,"template":"","format":"standard","meta":{"colormag_page_container_layout":"default_layout","colormag_page_sidebar_layout":"default_layout","om_disable_all_campaigns":false,"_monsterinsights_skip_tracking":false,"footnotes":"","_wpscppro_dont_share_socialmedia":false,"_wpscppro_custom_social_share_image":0,"_facebook_share_type":"default","_twitter_share_type":"default","_linkedin_share_type":"default","_pinterest_share_type":"default","_linkedin_share_type_page":"","_instagram_share_type":"default","_medium_share_type":"default","_threads_share_type":"default","_google_business_share_type":"default","_bluesky_share_type":"default","_mastodon_share_type":"default","_selected_social_profile":[],"_wpsp_enable_custom_social_template":false,"_wpsp_social_scheduling":{"enabled":false,"datetime":null,"platforms":[],"status":"template_only","dateOption":"today","timeOption":"now","customDays":"","customHours":"","customDate":"","customTime":"","schedulingType":"absolute"},"_wpsp_active_default_template":true},"categories":[27],"tags":[],"class_list":["post-94754","post","type-post","status-publish","format-standard","has-post-thumbnail","hentry","category-actualite"],"aioseo_notices":[],"aioseo_head":"\n\t\t<!-- All in One SEO 5.0.0.1 - aioseo.com -->\n\t<meta name=\"description\" content=\"Tous les incendies d\u00e9clar\u00e9s entre le 26 et le 30 ao\u00fbt dans plusieurs wilayas du pays ont \u00e9t\u00e9 totalement circonscrits, ouvrant la voie \u00e0 une mobilisation g\u00e9n\u00e9rale de l&#039;appareil gouvernemental pour la prise en charge des sinistr\u00e9s et la r\u00e9habilitation des zones touch\u00e9es, en ex\u00e9cution des directives donn\u00e9es dimanche par le pr\u00e9sident de la R\u00e9publique,\" \/>\n\t<meta name=\"robots\" content=\"max-image-preview:large\" \/>\n\t<meta name=\"author\" content=\"admin\"\/>\n\t<link rel=\"canonical\" href=\"https:\/\/lasentinelle.dz\/index.php\/2026\/09\/01\/lexecutif-en-ordre-de-bataille\/\" \/>\n\t<meta name=\"generator\" content=\"All in One SEO (AIOSEO) 5.0.0.1\" \/>\n\t\t<meta property=\"og:locale\" content=\"fr_FR\" \/>\n\t\t<meta property=\"og:site_name\" content=\"La Sentinelle - Quotidien national d&#039;information\" \/>\n\t\t<meta property=\"og:type\" content=\"article\" \/>\n\t\t<meta property=\"og:title\" content=\"L\u2019Ex\u00e9cutif en ordre de bataille - La Sentinelle\" \/>\n\t\t<meta property=\"og:description\" content=\"Tous les incendies d\u00e9clar\u00e9s entre le 26 et le 30 ao\u00fbt dans plusieurs wilayas du pays ont \u00e9t\u00e9 totalement circonscrits, ouvrant la voie \u00e0 une mobilisation g\u00e9n\u00e9rale de l&#039;appareil gouvernemental pour la prise en charge des sinistr\u00e9s et la r\u00e9habilitation des zones touch\u00e9es, en ex\u00e9cution des directives donn\u00e9es dimanche par le pr\u00e9sident de la R\u00e9publique,\" \/>\n\t\t<meta property=\"og:url\" content=\"https:\/\/lasentinelle.dz\/index.php\/2026\/09\/01\/lexecutif-en-ordre-de-bataille\/\" \/>\n\t\t<meta property=\"og:image\" content=\"https:\/\/lasentinelle.dz\/wp-content\/uploads\/2021\/09\/cropped-la-sentinelle-earth-golden-anima-5.gif\" \/>\n\t\t<meta property=\"og:image:secure_url\" content=\"https:\/\/lasentinelle.dz\/wp-content\/uploads\/2021\/09\/cropped-la-sentinelle-earth-golden-anima-5.gif\" \/>\n\t\t<meta property=\"og:image:width\" content=\"450\" \/>\n\t\t<meta property=\"og:image:height\" content=\"213\" \/>\n\t\t<meta property=\"article:published_time\" content=\"2026-09-01T10:11:17+00:00\" \/>\n\t\t<meta property=\"article:modified_time\" content=\"2026-09-01T10:11:19+00:00\" \/>\n\t\t<meta property=\"article:publisher\" content=\"https:\/\/www.facebook.com\/azzedine.lasentinelle.1\" \/>\n\t\t<meta name=\"twitter:card\" content=\"summary_large_image\" \/>\n\t\t<meta name=\"twitter:title\" content=\"L\u2019Ex\u00e9cutif en ordre de bataille - La Sentinelle\" \/>\n\t\t<meta name=\"twitter:description\" content=\"Tous les incendies d\u00e9clar\u00e9s entre le 26 et le 30 ao\u00fbt dans plusieurs wilayas du pays ont \u00e9t\u00e9 totalement circonscrits, ouvrant la voie \u00e0 une mobilisation g\u00e9n\u00e9rale de l&#039;appareil gouvernemental pour la prise en charge des sinistr\u00e9s et la r\u00e9habilitation des zones touch\u00e9es, en ex\u00e9cution des directives donn\u00e9es dimanche par le pr\u00e9sident de la R\u00e9publique,\" \/>\n\t\t<meta name=\"twitter:image\" content=\"https:\/\/lasentinelle.dz\/wp-content\/uploads\/2021\/09\/cropped-la-sentinelle-earth-golden-anima-5.gif\" \/>\n\t\t<script type=\"application\/ld+json\" class=\"aioseo-schema\">\n\t\t\t{\"@context\":\"https:\\\/\\\/schema.org\",\"@graph\":[{\"@type\":\"BlogPosting\",\"@id\":\"https:\\\/\\\/lasentinelle.dz\\\/index.php\\\/2026\\\/09\\\/01\\\/lexecutif-en-ordre-de-bataille\\\/#blogposting\",\"name\":\"L\\u2019Ex\\u00e9cutif en ordre de bataille - La Sentinelle\",\"headline\":\"L&rsquo;Ex\\u00e9cutif en ordre de bataille\",\"author\":{\"@id\":\"https:\\\/\\\/lasentinelle.dz\\\/author\\\/admin\\\/#author\"},\"publisher\":{\"@id\":\"https:\\\/\\\/lasentinelle.dz\\\/#organization\"},\"image\":{\"@type\":\"ImageObject\",\"url\":\"https:\\\/\\\/lasentinelle.dz\\\/wp-content\\\/uploads\\\/2026\\\/09\\\/788743994_1569295051907206_4705315859153140823_n.jpg\",\"width\":1080,\"height\":720},\"datePublished\":\"2026-09-01T11:11:17+01:00\",\"dateModified\":\"2026-09-01T11:11:19+01:00\",\"inLanguage\":\"fr-FR\",\"mainEntityOfPage\":{\"@id\":\"https:\\\/\\\/lasentinelle.dz\\\/index.php\\\/2026\\\/09\\\/01\\\/lexecutif-en-ordre-de-bataille\\\/#webpage\"},\"isPartOf\":{\"@id\":\"https:\\\/\\\/lasentinelle.dz\\\/index.php\\\/2026\\\/09\\\/01\\\/lexecutif-en-ordre-de-bataille\\\/#webpage\"},\"articleSection\":\"Actualit\\u00e9\"},{\"@type\":\"BreadcrumbList\",\"@id\":\"https:\\\/\\\/lasentinelle.dz\\\/index.php\\\/2026\\\/09\\\/01\\\/lexecutif-en-ordre-de-bataille\\\/#breadcrumblist\",\"itemListElement\":[{\"@type\":\"ListItem\",\"@id\":\"https:\\\/\\\/lasentinelle.dz#listItem\",\"position\":1,\"name\":\"Home\",\"item\":\"https:\\\/\\\/lasentinelle.dz\",\"nextItem\":{\"@type\":\"ListItem\",\"@id\":\"https:\\\/\\\/lasentinelle.dz\\\/index.php\\\/category\\\/actualite\\\/#listItem\",\"name\":\"Actualit\\u00e9\"}},{\"@type\":\"ListItem\",\"@id\":\"https:\\\/\\\/lasentinelle.dz\\\/index.php\\\/category\\\/actualite\\\/#listItem\",\"position\":2,\"name\":\"Actualit\\u00e9\",\"item\":\"https:\\\/\\\/lasentinelle.dz\\\/index.php\\\/category\\\/actualite\\\/\",\"nextItem\":{\"@type\":\"ListItem\",\"@id\":\"https:\\\/\\\/lasentinelle.dz\\\/index.php\\\/2026\\\/09\\\/01\\\/lexecutif-en-ordre-de-bataille\\\/#listItem\",\"name\":\"L&rsquo;Ex\\u00e9cutif en ordre de bataille\"},\"previousItem\":{\"@type\":\"ListItem\",\"@id\":\"https:\\\/\\\/lasentinelle.dz#listItem\",\"name\":\"Home\"}},{\"@type\":\"ListItem\",\"@id\":\"https:\\\/\\\/lasentinelle.dz\\\/index.php\\\/2026\\\/09\\\/01\\\/lexecutif-en-ordre-de-bataille\\\/#listItem\",\"position\":3,\"name\":\"L&rsquo;Ex\\u00e9cutif en ordre de bataille\",\"previousItem\":{\"@type\":\"ListItem\",\"@id\":\"https:\\\/\\\/lasentinelle.dz\\\/index.php\\\/category\\\/actualite\\\/#listItem\",\"name\":\"Actualit\\u00e9\"}}]},{\"@type\":\"Organization\",\"@id\":\"https:\\\/\\\/lasentinelle.dz\\\/#organization\",\"name\":\"La Sentinelle La Sentinelle\",\"description\":\"Quotidien national d'information\",\"url\":\"https:\\\/\\\/lasentinelle.dz\\\/\",\"logo\":{\"@type\":\"ImageObject\",\"url\":\"https:\\\/\\\/lasentinelle.dz\\\/wp-content\\\/uploads\\\/2021\\\/09\\\/cropped-la-sentinelle-earth-golden-anima-5.gif\",\"@id\":\"https:\\\/\\\/lasentinelle.dz\\\/index.php\\\/2026\\\/09\\\/01\\\/lexecutif-en-ordre-de-bataille\\\/#organizationLogo\",\"width\":450,\"height\":213},\"image\":{\"@id\":\"https:\\\/\\\/lasentinelle.dz\\\/index.php\\\/2026\\\/09\\\/01\\\/lexecutif-en-ordre-de-bataille\\\/#organizationLogo\"},\"sameAs\":[\"https:\\\/\\\/www.facebook.com\\\/azzedine.lasentinelle.1\"]},{\"@type\":\"Person\",\"@id\":\"https:\\\/\\\/lasentinelle.dz\\\/author\\\/admin\\\/#author\",\"url\":\"https:\\\/\\\/lasentinelle.dz\\\/author\\\/admin\\\/\",\"name\":\"admin\",\"image\":{\"@type\":\"ImageObject\",\"@id\":\"https:\\\/\\\/lasentinelle.dz\\\/index.php\\\/2026\\\/09\\\/01\\\/lexecutif-en-ordre-de-bataille\\\/#authorImage\",\"url\":\"https:\\\/\\\/secure.gravatar.com\\\/avatar\\\/4c81fed838786e9b53f540bf46533e750f5d292099ae3b66cfc6fb1982e29df7?s=96&d=mm&r=g\",\"width\":96,\"height\":96,\"caption\":\"admin\"}},{\"@type\":\"WebPage\",\"@id\":\"https:\\\/\\\/lasentinelle.dz\\\/index.php\\\/2026\\\/09\\\/01\\\/lexecutif-en-ordre-de-bataille\\\/#webpage\",\"url\":\"https:\\\/\\\/lasentinelle.dz\\\/index.php\\\/2026\\\/09\\\/01\\\/lexecutif-en-ordre-de-bataille\\\/\",\"name\":\"L\\u2019Ex\\u00e9cutif en ordre de bataille - La Sentinelle\",\"description\":\"Tous les incendies d\\u00e9clar\\u00e9s entre le 26 et le 30 ao\\u00fbt dans plusieurs wilayas du pays ont \\u00e9t\\u00e9 totalement circonscrits, ouvrant la voie \\u00e0 une mobilisation g\\u00e9n\\u00e9rale de l'appareil gouvernemental pour la prise en charge des sinistr\\u00e9s et la r\\u00e9habilitation des zones touch\\u00e9es, en ex\\u00e9cution des directives donn\\u00e9es dimanche par le pr\\u00e9sident de la R\\u00e9publique,\",\"inLanguage\":\"fr-FR\",\"isPartOf\":{\"@id\":\"https:\\\/\\\/lasentinelle.dz\\\/#website\"},\"breadcrumb\":{\"@id\":\"https:\\\/\\\/lasentinelle.dz\\\/index.php\\\/2026\\\/09\\\/01\\\/lexecutif-en-ordre-de-bataille\\\/#breadcrumblist\"},\"author\":{\"@id\":\"https:\\\/\\\/lasentinelle.dz\\\/author\\\/admin\\\/#author\"},\"creator\":{\"@id\":\"https:\\\/\\\/lasentinelle.dz\\\/author\\\/admin\\\/#author\"},\"image\":{\"@type\":\"ImageObject\",\"url\":\"https:\\\/\\\/lasentinelle.dz\\\/wp-content\\\/uploads\\\/2026\\\/09\\\/788743994_1569295051907206_4705315859153140823_n.jpg\",\"@id\":\"https:\\\/\\\/lasentinelle.dz\\\/index.php\\\/2026\\\/09\\\/01\\\/lexecutif-en-ordre-de-bataille\\\/#mainImage\",\"width\":1080,\"height\":720},\"primaryImageOfPage\":{\"@id\":\"https:\\\/\\\/lasentinelle.dz\\\/index.php\\\/2026\\\/09\\\/01\\\/lexecutif-en-ordre-de-bataille\\\/#mainImage\"},\"datePublished\":\"2026-09-01T11:11:17+01:00\",\"dateModified\":\"2026-09-01T11:11:19+01:00\"},{\"@type\":\"WebSite\",\"@id\":\"https:\\\/\\\/lasentinelle.dz\\\/#website\",\"url\":\"https:\\\/\\\/lasentinelle.dz\\\/\",\"name\":\"La Sentinelle\",\"description\":\"Quotidien national d'information\",\"inLanguage\":\"fr-FR\",\"publisher\":{\"@id\":\"https:\\\/\\\/lasentinelle.dz\\\/#organization\"}}]}\n\t\t<\/script>\n\t\t<!-- All in One SEO -->\n\n","aioseo_head_json":{"title":"L\u2019Ex\u00e9cutif en ordre de bataille - La Sentinelle","description":"Tous les incendies d\u00e9clar\u00e9s entre le 26 et le 30 ao\u00fbt dans plusieurs wilayas du pays ont \u00e9t\u00e9 totalement circonscrits, ouvrant la voie \u00e0 une mobilisation g\u00e9n\u00e9rale de l'appareil gouvernemental pour la prise en charge des sinistr\u00e9s et la r\u00e9habilitation des zones touch\u00e9es, en ex\u00e9cution des directives donn\u00e9es dimanche par le pr\u00e9sident de la R\u00e9publique,","canonical_url":"https:\/\/lasentinelle.dz\/index.php\/2026\/09\/01\/lexecutif-en-ordre-de-bataille\/","robots":"max-image-preview:large","keywords":"","webmasterTools":{"miscellaneous":""},"schema":{"@context":"https:\/\/schema.org","@graph":[{"@type":"BlogPosting","@id":"https:\/\/lasentinelle.dz\/index.php\/2026\/09\/01\/lexecutif-en-ordre-de-bataille\/#blogposting","name":"L\u2019Ex\u00e9cutif en ordre de bataille - La Sentinelle","headline":"L&rsquo;Ex\u00e9cutif en ordre de bataille","author":{"@id":"https:\/\/lasentinelle.dz\/author\/admin\/#author"},"publisher":{"@id":"https:\/\/lasentinelle.dz\/#organization"},"image":{"@type":"ImageObject","url":"https:\/\/lasentinelle.dz\/wp-content\/uploads\/2026\/09\/788743994_1569295051907206_4705315859153140823_n.jpg","width":1080,"height":720},"datePublished":"2026-09-01T11:11:17+01:00","dateModified":"2026-09-01T11:11:19+01:00","inLanguage":"fr-FR","mainEntityOfPage":{"@id":"https:\/\/lasentinelle.dz\/index.php\/2026\/09\/01\/lexecutif-en-ordre-de-bataille\/#webpage"},"isPartOf":{"@id":"https:\/\/lasentinelle.dz\/index.php\/2026\/09\/01\/lexecutif-en-ordre-de-bataille\/#webpage"},"articleSection":"Actualit\u00e9"},{"@type":"BreadcrumbList","@id":"https:\/\/lasentinelle.dz\/index.php\/2026\/09\/01\/lexecutif-en-ordre-de-bataille\/#breadcrumblist","itemListElement":[{"@type":"ListItem","@id":"https:\/\/lasentinelle.dz#listItem","position":1,"name":"Home","item":"https:\/\/lasentinelle.dz","nextItem":{"@type":"ListItem","@id":"https:\/\/lasentinelle.dz\/index.php\/category\/actualite\/#listItem","name":"Actualit\u00e9"}},{"@type":"ListItem","@id":"https:\/\/lasentinelle.dz\/index.php\/category\/actualite\/#listItem","position":2,"name":"Actualit\u00e9","item":"https:\/\/lasentinelle.dz\/index.php\/category\/actualite\/","nextItem":{"@type":"ListItem","@id":"https:\/\/lasentinelle.dz\/index.php\/2026\/09\/01\/lexecutif-en-ordre-de-bataille\/#listItem","name":"L&rsquo;Ex\u00e9cutif en ordre de bataille"},"previousItem":{"@type":"ListItem","@id":"https:\/\/lasentinelle.dz#listItem","name":"Home"}},{"@type":"ListItem","@id":"https:\/\/lasentinelle.dz\/index.php\/2026\/09\/01\/lexecutif-en-ordre-de-bataille\/#listItem","position":3,"name":"L&rsquo;Ex\u00e9cutif en ordre de bataille","previousItem":{"@type":"ListItem","@id":"https:\/\/lasentinelle.dz\/index.php\/category\/actualite\/#listItem","name":"Actualit\u00e9"}}]},{"@type":"Organization","@id":"https:\/\/lasentinelle.dz\/#organization","name":"La Sentinelle La Sentinelle","description":"Quotidien national d'information","url":"https:\/\/lasentinelle.dz\/","logo":{"@type":"ImageObject","url":"https:\/\/lasentinelle.dz\/wp-content\/uploads\/2021\/09\/cropped-la-sentinelle-earth-golden-anima-5.gif","@id":"https:\/\/lasentinelle.dz\/index.php\/2026\/09\/01\/lexecutif-en-ordre-de-bataille\/#organizationLogo","width":450,"height":213},"image":{"@id":"https:\/\/lasentinelle.dz\/index.php\/2026\/09\/01\/lexecutif-en-ordre-de-bataille\/#organizationLogo"},"sameAs":["https:\/\/www.facebook.com\/azzedine.lasentinelle.1"]},{"@type":"Person","@id":"https:\/\/lasentinelle.dz\/author\/admin\/#author","url":"https:\/\/lasentinelle.dz\/author\/admin\/","name":"admin","image":{"@type":"ImageObject","@id":"https:\/\/lasentinelle.dz\/index.php\/2026\/09\/01\/lexecutif-en-ordre-de-bataille\/#authorImage","url":"https:\/\/secure.gravatar.com\/avatar\/4c81fed838786e9b53f540bf46533e750f5d292099ae3b66cfc6fb1982e29df7?s=96&d=mm&r=g","width":96,"height":96,"caption":"admin"}},{"@type":"WebPage","@id":"https:\/\/lasentinelle.dz\/index.php\/2026\/09\/01\/lexecutif-en-ordre-de-bataille\/#webpage","url":"https:\/\/lasentinelle.dz\/index.php\/2026\/09\/01\/lexecutif-en-ordre-de-bataille\/","name":"L\u2019Ex\u00e9cutif en ordre de bataille - La Sentinelle","description":"Tous les incendies d\u00e9clar\u00e9s entre le 26 et le 30 ao\u00fbt dans plusieurs wilayas du pays ont \u00e9t\u00e9 totalement circonscrits, ouvrant la voie \u00e0 une mobilisation g\u00e9n\u00e9rale de l'appareil gouvernemental pour la prise en charge des sinistr\u00e9s et la r\u00e9habilitation des zones touch\u00e9es, en ex\u00e9cution des directives donn\u00e9es dimanche par le pr\u00e9sident de la R\u00e9publique,","inLanguage":"fr-FR","isPartOf":{"@id":"https:\/\/lasentinelle.dz\/#website"},"breadcrumb":{"@id":"https:\/\/lasentinelle.dz\/index.php\/2026\/09\/01\/lexecutif-en-ordre-de-bataille\/#breadcrumblist"},"author":{"@id":"https:\/\/lasentinelle.dz\/author\/admin\/#author"},"creator":{"@id":"https:\/\/lasentinelle.dz\/author\/admin\/#author"},"image":{"@type":"ImageObject","url":"https:\/\/lasentinelle.dz\/wp-content\/uploads\/2026\/09\/788743994_1569295051907206_4705315859153140823_n.jpg","@id":"https:\/\/lasentinelle.dz\/index.php\/2026\/09\/01\/lexecutif-en-ordre-de-bataille\/#mainImage","width":1080,"height":720},"primaryImageOfPage":{"@id":"https:\/\/lasentinelle.dz\/index.php\/2026\/09\/01\/lexecutif-en-ordre-de-bataille\/#mainImage"},"datePublished":"2026-09-01T11:11:17+01:00","dateModified":"2026-09-01T11:11:19+01:00"},{"@type":"WebSite","@id":"https:\/\/lasentinelle.dz\/#website","url":"https:\/\/lasentinelle.dz\/","name":"La Sentinelle","description":"Quotidien national d'information","inLanguage":"fr-FR","publisher":{"@id":"https:\/\/lasentinelle.dz\/#organization"}}]},"og:locale":"fr_FR","og:site_name":"La Sentinelle - Quotidien national d'information","og:type":"article","og:title":"L\u2019Ex\u00e9cutif en ordre de bataille - La Sentinelle","og:description":"Tous les incendies d\u00e9clar\u00e9s entre le 26 et le 30 ao\u00fbt dans plusieurs wilayas du pays ont \u00e9t\u00e9 totalement circonscrits, ouvrant la voie \u00e0 une mobilisation g\u00e9n\u00e9rale de l'appareil gouvernemental pour la prise en charge des sinistr\u00e9s et la r\u00e9habilitation des zones touch\u00e9es, en ex\u00e9cution des directives donn\u00e9es dimanche par le pr\u00e9sident de la R\u00e9publique,","og:url":"https:\/\/lasentinelle.dz\/index.php\/2026\/09\/01\/lexecutif-en-ordre-de-bataille\/","og:image":"https:\/\/lasentinelle.dz\/wp-content\/uploads\/2021\/09\/cropped-la-sentinelle-earth-golden-anima-5.gif","og:image:secure_url":"https:\/\/lasentinelle.dz\/wp-content\/uploads\/2021\/09\/cropped-la-sentinelle-earth-golden-anima-5.gif","og:image:width":450,"og:image:height":213,"article:published_time":"2026-09-01T10:11:17+00:00","article:modified_time":"2026-09-01T10:11:19+00:00","article:publisher":"https:\/\/www.facebook.com\/azzedine.lasentinelle.1","twitter:card":"summary_large_image","twitter:title":"L\u2019Ex\u00e9cutif en ordre de bataille - La Sentinelle","twitter:description":"Tous les incendies d\u00e9clar\u00e9s entre le 26 et le 30 ao\u00fbt dans plusieurs wilayas du pays ont \u00e9t\u00e9 totalement circonscrits, ouvrant la voie \u00e0 une mobilisation g\u00e9n\u00e9rale de l'appareil gouvernemental pour la prise en charge des sinistr\u00e9s et la r\u00e9habilitation des zones touch\u00e9es, en ex\u00e9cution des directives donn\u00e9es dimanche par le pr\u00e9sident de la R\u00e9publique,","twitter:image":"https:\/\/lasentinelle.dz\/wp-content\/uploads\/2021\/09\/cropped-la-sentinelle-earth-golden-anima-5.gif"},"aioseo_meta_data":{"post_id":"94754","title":null,"description":null,"keywords":null,"keyphrases":{"focus":{"keyphrase":"","score":0,"analysis":{"keyphraseInTitle":{"score":0,"maxScore":9,"error":1}}},"additional":[]},"primary_term":null,"canonical_url":null,"og_title":null,"og_description":null,"og_object_type":"default","og_image_type":"default","og_image_url":null,"og_image_width":null,"og_image_height":null,"og_image_custom_url":null,"og_image_custom_fields":null,"og_video":"","og_custom_url":null,"og_article_section":null,"og_article_tags":null,"twitter_use_og":false,"twitter_card":"default","twitter_image_type":"default","twitter_image_url":null,"twitter_image_custom_url":null,"twitter_image_custom_fields":null,"twitter_title":null,"twitter_description":null,"schema":{"blockGraphs":[],"customGraphs":[],"default":{"data":{"Article":[],"Course":[],"Dataset":[],"FAQPage":[],"Movie":[],"Person":[],"Product":[],"ProductReview":[],"Car":[],"Recipe":[],"Service":[],"SoftwareApplication":[],"WebPage":[]},"graphName":"BlogPosting","isEnabled":true},"graphs":[]},"schema_type":"default","schema_type_options":null,"pillar_content":false,"robots_default":true,"robots_noindex":false,"robots_noarchive":false,"robots_nosnippet":false,"robots_nofollow":false,"robots_noimageindex":false,"robots_noodp":false,"robots_notranslate":false,"robots_max_snippet":"-1","robots_max_videopreview":"-1","robots_max_imagepreview":"large","priority":null,"frequency":"default","local_seo":null,"breadcrumb_settings":null,"limit_modified_date":false,"ai":{"faqs":[],"keyPoints":[],"schemas":[],"titles":[],"descriptions":[],"socialPosts":{"email":{"subject":"","preview":"","content":""},"linkedin":[],"twitter":[],"facebook":[],"instagram":[]}},"created":"2026-09-01 10:11:20","updated":"2026-09-01 11:12:25","focus_keyword":null,"additional_keywords":null,"truseo_locale":null,"seo_analyzer_scan_date":null},"aioseo_breadcrumb":"<div class=\"aioseo-breadcrumbs\"><span class=\"aioseo-breadcrumb\">\n\t\t\t<a href=\"https:\/\/lasentinelle.dz\" title=\"Home\">Home<\/a>\n\t\t<\/span><span class=\"aioseo-breadcrumb-separator\">&raquo;<\/span><span class=\"aioseo-breadcrumb\">\n\t\t\t<a href=\"https:\/\/lasentinelle.dz\/index.php\/category\/actualite\/\" title=\"Actualit\u00e9\">Actualit\u00e9<\/a>\n\t\t<\/span><span class=\"aioseo-breadcrumb-separator\">&raquo;<\/span><span class=\"aioseo-breadcrumb\">\n\t\t\tL\u2019Ex\u00e9cutif en ordre de bataille\n\t\t<\/span><\/div>","aioseo_breadcrumb_json":[{"label":"Home","link":"https:\/\/lasentinelle.dz"},{"label":"Actualit\u00e9","link":"https:\/\/lasentinelle.dz\/index.php\/category\/actualite\/"},{"label":"L&rsquo;Ex\u00e9cutif en ordre de bataille","link":"https:\/\/lasentinelle.dz\/index.php\/2026\/09\/01\/lexecutif-en-ordre-de-bataille\/"}],"yoast_head":"<!-- This site is optimized with the Yoast SEO plugin v28.3 - https:\/\/yoast.com\/product\/yoast-seo-wordpress\/ -->\n<title>L&rsquo;Ex\u00e9cutif en ordre de bataille - La Sentinelle<\/title>\n<meta name=\"robots\" content=\"index, follow, max-snippet:-1, max-image-preview:large, max-video-preview:-1\" \/>\n<link rel=\"canonical\" href=\"https:\/\/lasentinelle.dz\/index.php\/2026\/09\/01\/lexecutif-en-ordre-de-bataille\/\" \/>\n<meta property=\"og:locale\" content=\"fr_FR\" \/>\n<meta property=\"og:type\" content=\"article\" \/>\n<meta property=\"og:title\" content=\"L&rsquo;Ex\u00e9cutif en ordre de bataille - La Sentinelle\" \/>\n<meta property=\"og:description\" content=\"Tous les incendies d\u00e9clar\u00e9s entre le 26 et le 30 ao\u00fbt dans plusieurs wilayas du pays ont \u00e9t\u00e9 totalement circonscrits,\" \/>\n<meta property=\"og:url\" content=\"https:\/\/lasentinelle.dz\/index.php\/2026\/09\/01\/lexecutif-en-ordre-de-bataille\/\" \/>\n<meta property=\"og:site_name\" content=\"La Sentinelle\" \/>\n<meta property=\"article:publisher\" content=\"https:\/\/www.facebook.com\/La-Sentinelle-104059864394773\" \/>\n<meta property=\"article:published_time\" content=\"2026-09-01T10:11:17+00:00\" \/>\n<meta property=\"article:modified_time\" content=\"2026-09-01T10:11:19+00:00\" \/>\n<meta property=\"og:image\" content=\"https:\/\/lasentinelle.dz\/wp-content\/uploads\/2026\/09\/788743994_1569295051907206_4705315859153140823_n.jpg\" \/>\n\t<meta property=\"og:image:width\" content=\"1080\" \/>\n\t<meta property=\"og:image:height\" content=\"720\" \/>\n\t<meta property=\"og:image:type\" content=\"image\/jpeg\" \/>\n<meta name=\"author\" content=\"admin\" \/>\n<meta name=\"twitter:card\" content=\"summary_large_image\" \/>\n<meta name=\"twitter:label1\" content=\"\u00c9crit par\" \/>\n\t<meta name=\"twitter:data1\" content=\"admin\" \/>\n\t<meta name=\"twitter:label2\" content=\"Dur\u00e9e de lecture estim\u00e9e\" \/>\n\t<meta name=\"twitter:data2\" content=\"3 minutes\" \/>\n<script type=\"application\/ld+json\" class=\"yoast-schema-graph\">{\"@context\":\"https:\\\/\\\/schema.org\",\"@graph\":[{\"@type\":\"Article\",\"@id\":\"https:\\\/\\\/lasentinelle.dz\\\/index.php\\\/2026\\\/09\\\/01\\\/lexecutif-en-ordre-de-bataille\\\/#article\",\"isPartOf\":{\"@id\":\"https:\\\/\\\/lasentinelle.dz\\\/index.php\\\/2026\\\/09\\\/01\\\/lexecutif-en-ordre-de-bataille\\\/\"},\"author\":{\"name\":\"admin\",\"@id\":\"https:\\\/\\\/lasentinelle.dz\\\/#\\\/schema\\\/person\\\/729ee0024f24e0b8c5ec17232f8e8b41\"},\"headline\":\"L&rsquo;Ex\u00e9cutif en ordre de bataille\",\"datePublished\":\"2026-09-01T10:11:17+00:00\",\"dateModified\":\"2026-09-01T10:11:19+00:00\",\"mainEntityOfPage\":{\"@id\":\"https:\\\/\\\/lasentinelle.dz\\\/index.php\\\/2026\\\/09\\\/01\\\/lexecutif-en-ordre-de-bataille\\\/\"},\"wordCount\":658,\"commentCount\":0,\"publisher\":{\"@id\":\"https:\\\/\\\/lasentinelle.dz\\\/#organization\"},\"image\":{\"@id\":\"https:\\\/\\\/lasentinelle.dz\\\/index.php\\\/2026\\\/09\\\/01\\\/lexecutif-en-ordre-de-bataille\\\/#primaryimage\"},\"thumbnailUrl\":\"https:\\\/\\\/lasentinelle.dz\\\/wp-content\\\/uploads\\\/2026\\\/09\\\/788743994_1569295051907206_4705315859153140823_n.jpg\",\"articleSection\":[\"Actualit\u00e9\"],\"inLanguage\":\"fr-FR\",\"potentialAction\":[{\"@type\":\"CommentAction\",\"name\":\"Comment\",\"target\":[\"https:\\\/\\\/lasentinelle.dz\\\/index.php\\\/2026\\\/09\\\/01\\\/lexecutif-en-ordre-de-bataille\\\/#respond\"]}]},{\"@type\":\"WebPage\",\"@id\":\"https:\\\/\\\/lasentinelle.dz\\\/index.php\\\/2026\\\/09\\\/01\\\/lexecutif-en-ordre-de-bataille\\\/\",\"url\":\"https:\\\/\\\/lasentinelle.dz\\\/index.php\\\/2026\\\/09\\\/01\\\/lexecutif-en-ordre-de-bataille\\\/\",\"name\":\"L&rsquo;Ex\u00e9cutif en ordre de bataille - La Sentinelle\",\"isPartOf\":{\"@id\":\"https:\\\/\\\/lasentinelle.dz\\\/#website\"},\"primaryImageOfPage\":{\"@id\":\"https:\\\/\\\/lasentinelle.dz\\\/index.php\\\/2026\\\/09\\\/01\\\/lexecutif-en-ordre-de-bataille\\\/#primaryimage\"},\"image\":{\"@id\":\"https:\\\/\\\/lasentinelle.dz\\\/index.php\\\/2026\\\/09\\\/01\\\/lexecutif-en-ordre-de-bataille\\\/#primaryimage\"},\"thumbnailUrl\":\"https:\\\/\\\/lasentinelle.dz\\\/wp-content\\\/uploads\\\/2026\\\/09\\\/788743994_1569295051907206_4705315859153140823_n.jpg\",\"datePublished\":\"2026-09-01T10:11:17+00:00\",\"dateModified\":\"2026-09-01T10:11:19+00:00\",\"breadcrumb\":{\"@id\":\"https:\\\/\\\/lasentinelle.dz\\\/index.php\\\/2026\\\/09\\\/01\\\/lexecutif-en-ordre-de-bataille\\\/#breadcrumb\"},\"inLanguage\":\"fr-FR\",\"potentialAction\":[{\"@type\":\"ReadAction\",\"target\":[\"https:\\\/\\\/lasentinelle.dz\\\/index.php\\\/2026\\\/09\\\/01\\\/lexecutif-en-ordre-de-bataille\\\/\"]}]},{\"@type\":\"ImageObject\",\"inLanguage\":\"fr-FR\",\"@id\":\"https:\\\/\\\/lasentinelle.dz\\\/index.php\\\/2026\\\/09\\\/01\\\/lexecutif-en-ordre-de-bataille\\\/#primaryimage\",\"url\":\"https:\\\/\\\/lasentinelle.dz\\\/wp-content\\\/uploads\\\/2026\\\/09\\\/788743994_1569295051907206_4705315859153140823_n.jpg\",\"contentUrl\":\"https:\\\/\\\/lasentinelle.dz\\\/wp-content\\\/uploads\\\/2026\\\/09\\\/788743994_1569295051907206_4705315859153140823_n.jpg\",\"width\":1080,\"height\":720},{\"@type\":\"BreadcrumbList\",\"@id\":\"https:\\\/\\\/lasentinelle.dz\\\/index.php\\\/2026\\\/09\\\/01\\\/lexecutif-en-ordre-de-bataille\\\/#breadcrumb\",\"itemListElement\":[{\"@type\":\"ListItem\",\"position\":1,\"name\":\"Accueil\",\"item\":\"https:\\\/\\\/lasentinelle.dz\\\/\"},{\"@type\":\"ListItem\",\"position\":2,\"name\":\"L&rsquo;Ex\u00e9cutif en ordre de bataille\"}]},{\"@type\":\"WebSite\",\"@id\":\"https:\\\/\\\/lasentinelle.dz\\\/#website\",\"url\":\"https:\\\/\\\/lasentinelle.dz\\\/\",\"name\":\"La Sentinelle\",\"description\":\"Quotidien national d&#039;information\",\"publisher\":{\"@id\":\"https:\\\/\\\/lasentinelle.dz\\\/#organization\"},\"potentialAction\":[{\"@type\":\"SearchAction\",\"target\":{\"@type\":\"EntryPoint\",\"urlTemplate\":\"https:\\\/\\\/lasentinelle.dz\\\/?s={search_term_string}\"},\"query-input\":{\"@type\":\"PropertyValueSpecification\",\"valueRequired\":true,\"valueName\":\"search_term_string\"}}],\"inLanguage\":\"fr-FR\"},{\"@type\":\"Organization\",\"@id\":\"https:\\\/\\\/lasentinelle.dz\\\/#organization\",\"name\":\"Quotidien La Sentinelle\",\"url\":\"https:\\\/\\\/lasentinelle.dz\\\/\",\"logo\":{\"@type\":\"ImageObject\",\"inLanguage\":\"fr-FR\",\"@id\":\"https:\\\/\\\/lasentinelle.dz\\\/#\\\/schema\\\/logo\\\/image\\\/\",\"url\":\"https:\\\/\\\/lasentinelle.dz\\\/wp-content\\\/uploads\\\/2021\\\/09\\\/logo-sentinelleSLOGAN-1.png\",\"contentUrl\":\"https:\\\/\\\/lasentinelle.dz\\\/wp-content\\\/uploads\\\/2021\\\/09\\\/logo-sentinelleSLOGAN-1.png\",\"width\":615,\"height\":142,\"caption\":\"Quotidien La Sentinelle\"},\"image\":{\"@id\":\"https:\\\/\\\/lasentinelle.dz\\\/#\\\/schema\\\/logo\\\/image\\\/\"},\"sameAs\":[\"https:\\\/\\\/www.facebook.com\\\/La-Sentinelle-104059864394773\"]},{\"@type\":\"Person\",\"@id\":\"https:\\\/\\\/lasentinelle.dz\\\/#\\\/schema\\\/person\\\/729ee0024f24e0b8c5ec17232f8e8b41\",\"name\":\"admin\",\"image\":{\"@type\":\"ImageObject\",\"inLanguage\":\"fr-FR\",\"@id\":\"https:\\\/\\\/secure.gravatar.com\\\/avatar\\\/4c81fed838786e9b53f540bf46533e750f5d292099ae3b66cfc6fb1982e29df7?s=96&d=mm&r=g\",\"url\":\"https:\\\/\\\/secure.gravatar.com\\\/avatar\\\/4c81fed838786e9b53f540bf46533e750f5d292099ae3b66cfc6fb1982e29df7?s=96&d=mm&r=g\",\"contentUrl\":\"https:\\\/\\\/secure.gravatar.com\\\/avatar\\\/4c81fed838786e9b53f540bf46533e750f5d292099ae3b66cfc6fb1982e29df7?s=96&d=mm&r=g\",\"caption\":\"admin\"},\"description\":\"admin\",\"url\":\"https:\\\/\\\/lasentinelle.dz\\\/author\\\/admin\\\/\"}]}<\/script>\n<!-- \/ Yoast SEO plugin. -->","yoast_head_json":{"title":"L&rsquo;Ex\u00e9cutif en ordre de bataille - La Sentinelle","robots":{"index":"index","follow":"follow","max-snippet":"max-snippet:-1","max-image-preview":"max-image-preview:large","max-video-preview":"max-video-preview:-1"},"canonical":"https:\/\/lasentinelle.dz\/index.php\/2026\/09\/01\/lexecutif-en-ordre-de-bataille\/","og_locale":"fr_FR","og_type":"article","og_title":"L&rsquo;Ex\u00e9cutif en ordre de bataille - La Sentinelle","og_description":"Tous les incendies d\u00e9clar\u00e9s entre le 26 et le 30 ao\u00fbt dans plusieurs wilayas du pays ont \u00e9t\u00e9 totalement circonscrits,","og_url":"https:\/\/lasentinelle.dz\/index.php\/2026\/09\/01\/lexecutif-en-ordre-de-bataille\/","og_site_name":"La Sentinelle","article_publisher":"https:\/\/www.facebook.com\/La-Sentinelle-104059864394773","article_published_time":"2026-09-01T10:11:17+00:00","article_modified_time":"2026-09-01T10:11:19+00:00","og_image":[{"width":1080,"height":720,"url":"https:\/\/lasentinelle.dz\/wp-content\/uploads\/2026\/09\/788743994_1569295051907206_4705315859153140823_n.jpg","type":"image\/jpeg"}],"author":"admin","twitter_card":"summary_large_image","twitter_misc":{"\u00c9crit par":"admin","Dur\u00e9e de lecture estim\u00e9e":"3 minutes"},"schema":{"@context":"https:\/\/schema.org","@graph":[{"@type":"Article","@id":"https:\/\/lasentinelle.dz\/index.php\/2026\/09\/01\/lexecutif-en-ordre-de-bataille\/#article","isPartOf":{"@id":"https:\/\/lasentinelle.dz\/index.php\/2026\/09\/01\/lexecutif-en-ordre-de-bataille\/"},"author":{"name":"admin","@id":"https:\/\/lasentinelle.dz\/#\/schema\/person\/729ee0024f24e0b8c5ec17232f8e8b41"},"headline":"L&rsquo;Ex\u00e9cutif en ordre de bataille","datePublished":"2026-09-01T10:11:17+00:00","dateModified":"2026-09-01T10:11:19+00:00","mainEntityOfPage":{"@id":"https:\/\/lasentinelle.dz\/index.php\/2026\/09\/01\/lexecutif-en-ordre-de-bataille\/"},"wordCount":658,"commentCount":0,"publisher":{"@id":"https:\/\/lasentinelle.dz\/#organization"},"image":{"@id":"https:\/\/lasentinelle.dz\/index.php\/2026\/09\/01\/lexecutif-en-ordre-de-bataille\/#primaryimage"},"thumbnailUrl":"https:\/\/lasentinelle.dz\/wp-content\/uploads\/2026\/09\/788743994_1569295051907206_4705315859153140823_n.jpg","articleSection":["Actualit\u00e9"],"inLanguage":"fr-FR","potentialAction":[{"@type":"CommentAction","name":"Comment","target":["https:\/\/lasentinelle.dz\/index.php\/2026\/09\/01\/lexecutif-en-ordre-de-bataille\/#respond"]}]},{"@type":"WebPage","@id":"https:\/\/lasentinelle.dz\/index.php\/2026\/09\/01\/lexecutif-en-ordre-de-bataille\/","url":"https:\/\/lasentinelle.dz\/index.php\/2026\/09\/01\/lexecutif-en-ordre-de-bataille\/","name":"L&rsquo;Ex\u00e9cutif en ordre de bataille - La Sentinelle","isPartOf":{"@id":"https:\/\/lasentinelle.dz\/#website"},"primaryImageOfPage":{"@id":"https:\/\/lasentinelle.dz\/index.php\/2026\/09\/01\/lexecutif-en-ordre-de-bataille\/#primaryimage"},"image":{"@id":"https:\/\/lasentinelle.dz\/index.php\/2026\/09\/01\/lexecutif-en-ordre-de-bataille\/#primaryimage"},"thumbnailUrl":"https:\/\/lasentinelle.dz\/wp-content\/uploads\/2026\/09\/788743994_1569295051907206_4705315859153140823_n.jpg","datePublished":"2026-09-01T10:11:17+00:00","dateModified":"2026-09-01T10:11:19+00:00","breadcrumb":{"@id":"https:\/\/lasentinelle.dz\/index.php\/2026\/09\/01\/lexecutif-en-ordre-de-bataille\/#breadcrumb"},"inLanguage":"fr-FR","potentialAction":[{"@type":"ReadAction","target":["https:\/\/lasentinelle.dz\/index.php\/2026\/09\/01\/lexecutif-en-ordre-de-bataille\/"]}]},{"@type":"ImageObject","inLanguage":"fr-FR","@id":"https:\/\/lasentinelle.dz\/index.php\/2026\/09\/01\/lexecutif-en-ordre-de-bataille\/#primaryimage","url":"https:\/\/lasentinelle.dz\/wp-content\/uploads\/2026\/09\/788743994_1569295051907206_4705315859153140823_n.jpg","contentUrl":"https:\/\/lasentinelle.dz\/wp-content\/uploads\/2026\/09\/788743994_1569295051907206_4705315859153140823_n.jpg","width":1080,"height":720},{"@type":"BreadcrumbList","@id":"https:\/\/lasentinelle.dz\/index.php\/2026\/09\/01\/lexecutif-en-ordre-de-bataille\/#breadcrumb","itemListElement":[{"@type":"ListItem","position":1,"name":"Accueil","item":"https:\/\/lasentinelle.dz\/"},{"@type":"ListItem","position":2,"name":"L&rsquo;Ex\u00e9cutif en ordre de bataille"}]},{"@type":"WebSite","@id":"https:\/\/lasentinelle.dz\/#website","url":"https:\/\/lasentinelle.dz\/","name":"La Sentinelle","description":"Quotidien national d&#039;information","publisher":{"@id":"https:\/\/lasentinelle.dz\/#organization"},"potentialAction":[{"@type":"SearchAction","target":{"@type":"EntryPoint","urlTemplate":"https:\/\/lasentinelle.dz\/?s={search_term_string}"},"query-input":{"@type":"PropertyValueSpecification","valueRequired":true,"valueName":"search_term_string"}}],"inLanguage":"fr-FR"},{"@type":"Organization","@id":"https:\/\/lasentinelle.dz\/#organization","name":"Quotidien La Sentinelle","url":"https:\/\/lasentinelle.dz\/","logo":{"@type":"ImageObject","inLanguage":"fr-FR","@id":"https:\/\/lasentinelle.dz\/#\/schema\/logo\/image\/","url":"https:\/\/lasentinelle.dz\/wp-content\/uploads\/2021\/09\/logo-sentinelleSLOGAN-1.png","contentUrl":"https:\/\/lasentinelle.dz\/wp-content\/uploads\/2021\/09\/logo-sentinelleSLOGAN-1.png","width":615,"height":142,"caption":"Quotidien La Sentinelle"},"image":{"@id":"https:\/\/lasentinelle.dz\/#\/schema\/logo\/image\/"},"sameAs":["https:\/\/www.facebook.com\/La-Sentinelle-104059864394773"]},{"@type":"Person","@id":"https:\/\/lasentinelle.dz\/#\/schema\/person\/729ee0024f24e0b8c5ec17232f8e8b41","name":"admin","image":{"@type":"ImageObject","inLanguage":"fr-FR","@id":"https:\/\/secure.gravatar.com\/avatar\/4c81fed838786e9b53f540bf46533e750f5d292099ae3b66cfc6fb1982e29df7?s=96&d=mm&r=g","url":"https:\/\/secure.gravatar.com\/avatar\/4c81fed838786e9b53f540bf46533e750f5d292099ae3b66cfc6fb1982e29df7?s=96&d=mm&r=g","contentUrl":"https:\/\/secure.gravatar.com\/avatar\/4c81fed838786e9b53f540bf46533e750f5d292099ae3b66cfc6fb1982e29df7?s=96&d=mm&r=g","caption":"admin"},"description":"admin","url":"https:\/\/lasentinelle.dz\/author\/admin\/"}]}},"_links":{"self":[{"href":"https:\/\/lasentinelle.dz\/index.php\/wp-json\/wp\/v2\/posts\/94754","targetHints":{"allow":["GET"]}}],"collection":[{"href":"https:\/\/lasentinelle.dz\/index.php\/wp-json\/wp\/v2\/posts"}],"about":[{"href":"https:\/\/lasentinelle.dz\/index.php\/wp-json\/wp\/v2\/types\/post"}],"author":[{"embeddable":true,"href":"https:\/\/lasentinelle.dz\/index.php\/wp-json\/wp\/v2\/users\/6"}],"replies":[{"embeddable":true,"href":"https:\/\/lasentinelle.dz\/index.php\/wp-json\/wp\/v2\/comments?post=94754"}],"version-history":[{"count":2,"href":"https:\/\/lasentinelle.dz\/index.php\/wp-json\/wp\/v2\/posts\/94754\/revisions"}],"predecessor-version":[{"id":94757,"href":"https:\/\/lasentinelle.dz\/index.php\/wp-json\/wp\/v2\/posts\/94754\/revisions\/94757"}],"wp:featuredmedia":[{"embeddable":true,"href":"https:\/\/lasentinelle.dz\/index.php\/wp-json\/wp\/v2\/media\/94755"}],"wp:attachment":[{"href":"https:\/\/lasentinelle.dz\/index.php\/wp-json\/wp\/v2\/media?parent=94754"}],"wp:term":[{"taxonomy":"category","embeddable":true,"href":"https:\/\/lasentinelle.dz\/index.php\/wp-json\/wp\/v2\/categories?post=94754"},{"taxonomy":"post_tag","embeddable":true,"href":"https:\/\/lasentinelle.dz\/index.php\/wp-json\/wp\/v2\/tags?post=94754"}],"curies":[{"name":"wp","href":"https:\/\/api.w.org\/{rel}","templated":true}]}}