{"id":9476,"date":"2021-09-29T00:05:00","date_gmt":"2021-09-28T23:05:00","guid":{"rendered":"https:\/\/lasentinelle.dz\/?p=9476"},"modified":"2021-09-28T20:47:03","modified_gmt":"2021-09-28T19:47:03","slug":"le-president-tebboune-dit-non-aux-modeles-economiques-importes-mette-fin-a-lalienation-economique","status":"publish","type":"post","link":"https:\/\/lasentinelle.dz\/index.php\/2021\/09\/29\/le-president-tebboune-dit-non-aux-modeles-economiques-importes-mette-fin-a-lalienation-economique\/","title":{"rendered":"Le Pr\u00e9sident Tebboune dit non aux mod\u00e8les \u00e9conomiques import\u00e9s : Mettre fin \u00e0 l\u2019ali\u00e9nation \u00e9conomique !"},"content":{"rendered":"\n<p>Le pr\u00e9sident de la R\u00e9publique mise sur un mod\u00e8le \u00e9conomique renouvel\u00e9e, qui prend en compte les potentialit\u00e9s et les sp\u00e9cificit\u00e9s de l\u2019Alg\u00e9rie sur les plans politique, \u00e9conomique et social.<\/p>\n\n\n\n<p>Abdelmadjid Tebboune souhaite mettre fin \u00e0 l\u2019ali\u00e9nation de l\u2019\u00e9conomie nationale que ce soit dans son fonctionnement, mais aussi et surtout dans la conception et la vision de l\u2019\u00e9conomie. Il met ainsi le cap sur les r\u00e9formes et refuse d\u00e9sormais que l\u2019on s\u2019appuie sur des mod\u00e8les \u00e9conomiques import\u00e9s. C\u2019est dans ce contexte que le Conseil national \u00e9conomique, social et environnemental (CNESE) est appel\u00e9 \u00e0 jouer un r\u00f4le pivot.<\/p>\n\n\n\n<p>Le Pr\u00e9sident de la R\u00e9publique a appel\u00e9, hier, \u00e0 Alger les membres du CNESE \u00e0 concevoir des recommandations socio\u00e9conomiques et environnementales nationales et in\u00e9dites. Autrement dit, le Pr\u00e9sident Tebboune compte redonner \u00e0 cette institution consultative sa place d\u2019antan \u00abd\u2019organe important d\u2019aide \u00e0 la d\u00e9cision \u00e9conomique\u00bb. Une image qui rappelle le CNES du temps de feu Mohamed Salah Mentouri lorsqu\u2019il constituait un v\u00e9ritable \u00ablaboratoire d\u2019analyses et d\u2019\u00e9tudes des politiques socio-\u00e9conomiques du gouvernement et une force de proposition incontestable reconnu par la qualit\u00e9 de ces expertises et recommandations\u00bb. Intervenant lors de la c\u00e9r\u00e9monie d&rsquo;installation des membres du CNESE, le premier magistrat du pays a insist\u00e9 notamment sur le r\u00f4le important du Conseil, appelant au passage \u00abses membres \u00e0 formuler des recommandations nationales in\u00e9dites sur toutes questions d&rsquo;ordre \u00e9conomique, social ou environnemental, et de recourir aux comp\u00e9tences alg\u00e9riennes pour relancer l&rsquo;\u00e9conomie nationale\u00bb. Ces orientations \u00e9conomiques changent, selon lui, d&rsquo;un pays \u00e0 l&rsquo;autre, malgr\u00e9 l&rsquo;existence de d\u00e9nominateurs communs, expliquant dans la foul\u00e9e que \u00ables sciences \u00e9conomiques figurent parmi les sciences humaines et sont donc li\u00e9es \u00e0 l&rsquo;homme, aux civilisations, aux comportements, \u00e0 la formation, aux modes de travail et \u00e0 la consommation. C&rsquo;est pourquoi, il n&rsquo;est pas possible d&rsquo;imposer une orientation \u00e9conomique \u00e0 un pays\u00bb. Citant \u00e0 titre indicatif certaines exp\u00e9riences \u00e9conomiques de pays europ\u00e9ens, comme la Gr\u00e8ce, l&rsquo;Italie et l&rsquo;Allemagne, le Pr\u00e9sident de la R\u00e9publique a affirm\u00e9 que \u00abrien n&rsquo;oblige d&rsquo;imposer des id\u00e9es import\u00e9es&#8230; il faudra, pour ce faire, compter sur des comp\u00e9tences alg\u00e9riennes, au fait de la situation, en mesure de l&rsquo;analyser et d&rsquo;y trouver des solutions\u00bb. Ceci dit, le Pr\u00e9sident Tebboune n\u2019est pas favorable \u00e0 l\u2019importation de mod\u00e8les \u00e9conomiques cl\u00e9s en main tel que r\u00e9clam\u00e9 par certains experts ou \u00e9conomistes car chaque pays poss\u00e8de ces sp\u00e9cificit\u00e9s \u00e9conomiques, sociales, culturelles et politiques. Plus explicite,&nbsp; Abdelmadjid Tebboune a soulign\u00e9 l&rsquo;importance des questions environnementales dans le d\u00e9veloppement durable, d&rsquo;o\u00f9 la n\u00e9cessit\u00e9 de les placer parmi les priorit\u00e9s dans chaque plan ou programme de d\u00e9veloppement. L\u2019installation des membres du CNESE marque ainsi le lancement de la seconde phase des r\u00e9formes promises par le pr\u00e9sident de la R\u00e9publique, qui apr\u00e8s les r\u00e9formes politiques compte se pencher sur les chantiers \u00e9conomiques et sociaux. Le pr\u00e9sident Tebboune saluera d\u2019ailleurs \u00able r\u00f4le du CNESE, constitutionnalis\u00e9 \u00e0 la faveur de la r\u00e9vision de la Constitution de novembre 2020 avec l&rsquo;int\u00e9gration de la dimension environnementale, et qui se veut un espace de concertation qui permet de cristalliser des outils scientifiques pour consacrer un nouveau mod\u00e8le \u00e9conomique et proposer des recommandations susceptibles de pr\u00e9server et de valoriser les acquis sociaux\u00bb. Le Chef de l&rsquo;Etat a rappel\u00e9, dans ce cadre, son attachement \u00e0 \u00abla diversification de la composante du Conseil pour repr\u00e9senter les diff\u00e9rentes r\u00e9gions du pays et inclure la Communaut\u00e9 alg\u00e9rienne \u00e0 l&rsquo;\u00e9tranger, suivant les normes scientifiques acquises, en int\u00e9grant les comp\u00e9tences parmi les femmes et les jeunes de mani\u00e8re \u00e0 appuyer le capital humain, et ce \u00e0 travers la proposition de solutions et de recommandations pour promouvoir les politiques publiques\u00bb. D\u2019ailleurs, il a mis en avant le r\u00f4le sensible du CNESE en mati\u00e8re \u00abde d\u00e9bat et de cristallisation des nombreuses id\u00e9es, outre les recommandations et orientations du gouvernement pour \u00ab\u00a0garantir une meilleure gestion, sans aucun conflit institutionnel\u00bb. Par ailleurs, l\u2019installation des membres du conseil s&rsquo;inscrit dans le cadre de la r\u00e9forme globale des institutions politiques du pays entam\u00e9e par la Constitution adopt\u00e9e le 1er novembre 2020, l&rsquo;Assembl\u00e9e populaire nationale (APN) et le CNESE, en passant par l&rsquo;Observatoire de la soci\u00e9t\u00e9 civile, la Cour constitutionnelle, le Conseil sup\u00e9rieur de la jeunesse ainsi que toutes les institutions de l&rsquo;Alg\u00e9rie nouvelle, a ajout\u00e9 le Pr\u00e9sident de la R\u00e9publique.<\/p>\n\n\n\n<p><strong>Fai\u00e7al Bedjaoui<\/strong><\/p>\n","protected":false},"excerpt":{"rendered":"<p>Le pr\u00e9sident de la R\u00e9publique mise sur un mod\u00e8le \u00e9conomique renouvel\u00e9e, qui prend en compte les potentialit\u00e9s et les sp\u00e9cificit\u00e9s<\/p>\n","protected":false},"author":3,"featured_media":9478,"comment_status":"open","ping_status":"closed","sticky":false,"template":"","format":"standard","meta":{"colormag_page_container_layout":"default_layout","colormag_page_sidebar_layout":"default_layout","om_disable_all_campaigns":false,"_monsterinsights_skip_tracking":false,"_monsterinsights_sitenote_active":false,"_monsterinsights_sitenote_note":"","_monsterinsights_sitenote_category":0,"footnotes":"","_wpscppro_dont_share_socialmedia":false,"_wpscppro_custom_social_share_image":0,"_facebook_share_type":"","_twitter_share_type":"","_linkedin_share_type":"","_pinterest_share_type":"","_linkedin_share_type_page":"","_instagram_share_type":"","_medium_share_type":"","_threads_share_type":"","_google_business_share_type":"","_selected_social_profile":[],"_wpsp_enable_custom_social_template":false,"_wpsp_social_scheduling":{"enabled":false,"datetime":null,"platforms":[],"status":"template_only","dateOption":"today","timeOption":"now","customDays":"","customHours":"","customDate":"","customTime":"","schedulingType":"absolute"},"_wpsp_active_default_template":true},"categories":[52,29],"tags":[],"class_list":["post-9476","post","type-post","status-publish","format-standard","has-post-thumbnail","hentry","category-a-la-une","category-economie"],"aioseo_notices":[],"yoast_head":"<!-- This site is optimized with the Yoast SEO plugin v27.5 - https:\/\/yoast.com\/product\/yoast-seo-wordpress\/ -->\n<title>Le Pr\u00e9sident Tebboune dit non aux mod\u00e8les \u00e9conomiques import\u00e9s : Mettre fin \u00e0 l\u2019ali\u00e9nation \u00e9conomique ! - La Sentinelle<\/title>\n<meta name=\"robots\" content=\"index, follow, max-snippet:-1, max-image-preview:large, max-video-preview:-1\" \/>\n<link rel=\"canonical\" href=\"https:\/\/lasentinelle.dz\/index.php\/2021\/09\/29\/le-president-tebboune-dit-non-aux-modeles-economiques-importes-mette-fin-a-lalienation-economique\/\" \/>\n<meta property=\"og:locale\" content=\"fr_FR\" \/>\n<meta property=\"og:type\" content=\"article\" \/>\n<meta property=\"og:title\" content=\"Le Pr\u00e9sident Tebboune dit non aux mod\u00e8les \u00e9conomiques import\u00e9s : Mettre fin \u00e0 l\u2019ali\u00e9nation \u00e9conomique ! - La Sentinelle\" \/>\n<meta property=\"og:description\" content=\"Le pr\u00e9sident de la R\u00e9publique mise sur un mod\u00e8le \u00e9conomique renouvel\u00e9e, qui prend en compte les potentialit\u00e9s et les sp\u00e9cificit\u00e9s\" \/>\n<meta property=\"og:url\" content=\"https:\/\/lasentinelle.dz\/index.php\/2021\/09\/29\/le-president-tebboune-dit-non-aux-modeles-economiques-importes-mette-fin-a-lalienation-economique\/\" \/>\n<meta property=\"og:site_name\" content=\"La Sentinelle\" \/>\n<meta property=\"article:publisher\" content=\"https:\/\/www.facebook.com\/La-Sentinelle-104059864394773\" \/>\n<meta property=\"article:published_time\" content=\"2021-09-28T23:05:00+00:00\" \/>\n<meta property=\"og:image\" content=\"https:\/\/lasentinelle.dz\/wp-content\/uploads\/2021\/09\/tebboune-cnes.jpeg\" \/>\n\t<meta property=\"og:image:width\" content=\"1600\" \/>\n\t<meta property=\"og:image:height\" content=\"1067\" \/>\n\t<meta property=\"og:image:type\" content=\"image\/jpeg\" \/>\n<meta name=\"author\" content=\"La Sentinelle\" \/>\n<meta name=\"twitter:card\" content=\"summary_large_image\" \/>\n<meta name=\"twitter:label1\" content=\"\u00c9crit par\" \/>\n\t<meta name=\"twitter:data1\" content=\"La Sentinelle\" \/>\n\t<meta name=\"twitter:label2\" content=\"Dur\u00e9e de lecture estim\u00e9e\" \/>\n\t<meta name=\"twitter:data2\" content=\"4 minutes\" \/>\n<script type=\"application\/ld+json\" class=\"yoast-schema-graph\">{\"@context\":\"https:\\\/\\\/schema.org\",\"@graph\":[{\"@type\":\"Article\",\"@id\":\"https:\\\/\\\/lasentinelle.dz\\\/index.php\\\/2021\\\/09\\\/29\\\/le-president-tebboune-dit-non-aux-modeles-economiques-importes-mette-fin-a-lalienation-economique\\\/#article\",\"isPartOf\":{\"@id\":\"https:\\\/\\\/lasentinelle.dz\\\/index.php\\\/2021\\\/09\\\/29\\\/le-president-tebboune-dit-non-aux-modeles-economiques-importes-mette-fin-a-lalienation-economique\\\/\"},\"author\":{\"name\":\"La Sentinelle\",\"@id\":\"https:\\\/\\\/lasentinelle.dz\\\/#\\\/schema\\\/person\\\/d865044e22e70a75174ce8bcad3acfb3\"},\"headline\":\"Le Pr\u00e9sident Tebboune dit non aux mod\u00e8les \u00e9conomiques import\u00e9s : Mettre fin \u00e0 l\u2019ali\u00e9nation \u00e9conomique !\",\"datePublished\":\"2021-09-28T23:05:00+00:00\",\"mainEntityOfPage\":{\"@id\":\"https:\\\/\\\/lasentinelle.dz\\\/index.php\\\/2021\\\/09\\\/29\\\/le-president-tebboune-dit-non-aux-modeles-economiques-importes-mette-fin-a-lalienation-economique\\\/\"},\"wordCount\":817,\"commentCount\":0,\"publisher\":{\"@id\":\"https:\\\/\\\/lasentinelle.dz\\\/#organization\"},\"image\":{\"@id\":\"https:\\\/\\\/lasentinelle.dz\\\/index.php\\\/2021\\\/09\\\/29\\\/le-president-tebboune-dit-non-aux-modeles-economiques-importes-mette-fin-a-lalienation-economique\\\/#primaryimage\"},\"thumbnailUrl\":\"https:\\\/\\\/lasentinelle.dz\\\/wp-content\\\/uploads\\\/2021\\\/09\\\/tebboune-cnes.jpeg\",\"articleSection\":[\"\u00c0 la Une\",\"\u00c9conomie\"],\"inLanguage\":\"fr-FR\",\"potentialAction\":[{\"@type\":\"CommentAction\",\"name\":\"Comment\",\"target\":[\"https:\\\/\\\/lasentinelle.dz\\\/index.php\\\/2021\\\/09\\\/29\\\/le-president-tebboune-dit-non-aux-modeles-economiques-importes-mette-fin-a-lalienation-economique\\\/#respond\"]}]},{\"@type\":\"WebPage\",\"@id\":\"https:\\\/\\\/lasentinelle.dz\\\/index.php\\\/2021\\\/09\\\/29\\\/le-president-tebboune-dit-non-aux-modeles-economiques-importes-mette-fin-a-lalienation-economique\\\/\",\"url\":\"https:\\\/\\\/lasentinelle.dz\\\/index.php\\\/2021\\\/09\\\/29\\\/le-president-tebboune-dit-non-aux-modeles-economiques-importes-mette-fin-a-lalienation-economique\\\/\",\"name\":\"Le Pr\u00e9sident Tebboune dit non aux mod\u00e8les \u00e9conomiques import\u00e9s : Mettre fin \u00e0 l\u2019ali\u00e9nation \u00e9conomique ! - La Sentinelle\",\"isPartOf\":{\"@id\":\"https:\\\/\\\/lasentinelle.dz\\\/#website\"},\"primaryImageOfPage\":{\"@id\":\"https:\\\/\\\/lasentinelle.dz\\\/index.php\\\/2021\\\/09\\\/29\\\/le-president-tebboune-dit-non-aux-modeles-economiques-importes-mette-fin-a-lalienation-economique\\\/#primaryimage\"},\"image\":{\"@id\":\"https:\\\/\\\/lasentinelle.dz\\\/index.php\\\/2021\\\/09\\\/29\\\/le-president-tebboune-dit-non-aux-modeles-economiques-importes-mette-fin-a-lalienation-economique\\\/#primaryimage\"},\"thumbnailUrl\":\"https:\\\/\\\/lasentinelle.dz\\\/wp-content\\\/uploads\\\/2021\\\/09\\\/tebboune-cnes.jpeg\",\"datePublished\":\"2021-09-28T23:05:00+00:00\",\"breadcrumb\":{\"@id\":\"https:\\\/\\\/lasentinelle.dz\\\/index.php\\\/2021\\\/09\\\/29\\\/le-president-tebboune-dit-non-aux-modeles-economiques-importes-mette-fin-a-lalienation-economique\\\/#breadcrumb\"},\"inLanguage\":\"fr-FR\",\"potentialAction\":[{\"@type\":\"ReadAction\",\"target\":[\"https:\\\/\\\/lasentinelle.dz\\\/index.php\\\/2021\\\/09\\\/29\\\/le-president-tebboune-dit-non-aux-modeles-economiques-importes-mette-fin-a-lalienation-economique\\\/\"]}]},{\"@type\":\"ImageObject\",\"inLanguage\":\"fr-FR\",\"@id\":\"https:\\\/\\\/lasentinelle.dz\\\/index.php\\\/2021\\\/09\\\/29\\\/le-president-tebboune-dit-non-aux-modeles-economiques-importes-mette-fin-a-lalienation-economique\\\/#primaryimage\",\"url\":\"https:\\\/\\\/lasentinelle.dz\\\/wp-content\\\/uploads\\\/2021\\\/09\\\/tebboune-cnes.jpeg\",\"contentUrl\":\"https:\\\/\\\/lasentinelle.dz\\\/wp-content\\\/uploads\\\/2021\\\/09\\\/tebboune-cnes.jpeg\",\"width\":1600,\"height\":1067},{\"@type\":\"BreadcrumbList\",\"@id\":\"https:\\\/\\\/lasentinelle.dz\\\/index.php\\\/2021\\\/09\\\/29\\\/le-president-tebboune-dit-non-aux-modeles-economiques-importes-mette-fin-a-lalienation-economique\\\/#breadcrumb\",\"itemListElement\":[{\"@type\":\"ListItem\",\"position\":1,\"name\":\"Accueil\",\"item\":\"https:\\\/\\\/lasentinelle.dz\\\/\"},{\"@type\":\"ListItem\",\"position\":2,\"name\":\"Le Pr\u00e9sident Tebboune dit non aux mod\u00e8les \u00e9conomiques import\u00e9s : Mettre fin \u00e0 l\u2019ali\u00e9nation \u00e9conomique !\"}]},{\"@type\":\"WebSite\",\"@id\":\"https:\\\/\\\/lasentinelle.dz\\\/#website\",\"url\":\"https:\\\/\\\/lasentinelle.dz\\\/\",\"name\":\"La Sentinelle\",\"description\":\"Quotidien national d&#039;information\",\"publisher\":{\"@id\":\"https:\\\/\\\/lasentinelle.dz\\\/#organization\"},\"potentialAction\":[{\"@type\":\"SearchAction\",\"target\":{\"@type\":\"EntryPoint\",\"urlTemplate\":\"https:\\\/\\\/lasentinelle.dz\\\/?s={search_term_string}\"},\"query-input\":{\"@type\":\"PropertyValueSpecification\",\"valueRequired\":true,\"valueName\":\"search_term_string\"}}],\"inLanguage\":\"fr-FR\"},{\"@type\":\"Organization\",\"@id\":\"https:\\\/\\\/lasentinelle.dz\\\/#organization\",\"name\":\"Quotidien La Sentinelle\",\"url\":\"https:\\\/\\\/lasentinelle.dz\\\/\",\"logo\":{\"@type\":\"ImageObject\",\"inLanguage\":\"fr-FR\",\"@id\":\"https:\\\/\\\/lasentinelle.dz\\\/#\\\/schema\\\/logo\\\/image\\\/\",\"url\":\"https:\\\/\\\/lasentinelle.dz\\\/wp-content\\\/uploads\\\/2021\\\/09\\\/logo-sentinelleSLOGAN-1.png\",\"contentUrl\":\"https:\\\/\\\/lasentinelle.dz\\\/wp-content\\\/uploads\\\/2021\\\/09\\\/logo-sentinelleSLOGAN-1.png\",\"width\":615,\"height\":142,\"caption\":\"Quotidien La Sentinelle\"},\"image\":{\"@id\":\"https:\\\/\\\/lasentinelle.dz\\\/#\\\/schema\\\/logo\\\/image\\\/\"},\"sameAs\":[\"https:\\\/\\\/www.facebook.com\\\/La-Sentinelle-104059864394773\"]},{\"@type\":\"Person\",\"@id\":\"https:\\\/\\\/lasentinelle.dz\\\/#\\\/schema\\\/person\\\/d865044e22e70a75174ce8bcad3acfb3\",\"name\":\"La Sentinelle\",\"image\":{\"@type\":\"ImageObject\",\"inLanguage\":\"fr-FR\",\"@id\":\"https:\\\/\\\/secure.gravatar.com\\\/avatar\\\/57de8e5d4b15d43fb361a71fbb36338450fe67865b528a43dd10ef7c51a20392?s=96&d=mm&r=g\",\"url\":\"https:\\\/\\\/secure.gravatar.com\\\/avatar\\\/57de8e5d4b15d43fb361a71fbb36338450fe67865b528a43dd10ef7c51a20392?s=96&d=mm&r=g\",\"contentUrl\":\"https:\\\/\\\/secure.gravatar.com\\\/avatar\\\/57de8e5d4b15d43fb361a71fbb36338450fe67865b528a43dd10ef7c51a20392?s=96&d=mm&r=g\",\"caption\":\"La Sentinelle\"},\"sameAs\":[\"http:\\\/\\\/www.lasentinelle.dz\"],\"url\":\"https:\\\/\\\/lasentinelle.dz\\\/author\\\/redaction\\\/\"}]}<\/script>\n<!-- \/ Yoast SEO plugin. -->","yoast_head_json":{"title":"Le Pr\u00e9sident Tebboune dit non aux mod\u00e8les \u00e9conomiques import\u00e9s : Mettre fin \u00e0 l\u2019ali\u00e9nation \u00e9conomique ! - La Sentinelle","robots":{"index":"index","follow":"follow","max-snippet":"max-snippet:-1","max-image-preview":"max-image-preview:large","max-video-preview":"max-video-preview:-1"},"canonical":"https:\/\/lasentinelle.dz\/index.php\/2021\/09\/29\/le-president-tebboune-dit-non-aux-modeles-economiques-importes-mette-fin-a-lalienation-economique\/","og_locale":"fr_FR","og_type":"article","og_title":"Le Pr\u00e9sident Tebboune dit non aux mod\u00e8les \u00e9conomiques import\u00e9s : Mettre fin \u00e0 l\u2019ali\u00e9nation \u00e9conomique ! - La Sentinelle","og_description":"Le pr\u00e9sident de la R\u00e9publique mise sur un mod\u00e8le \u00e9conomique renouvel\u00e9e, qui prend en compte les potentialit\u00e9s et les sp\u00e9cificit\u00e9s","og_url":"https:\/\/lasentinelle.dz\/index.php\/2021\/09\/29\/le-president-tebboune-dit-non-aux-modeles-economiques-importes-mette-fin-a-lalienation-economique\/","og_site_name":"La Sentinelle","article_publisher":"https:\/\/www.facebook.com\/La-Sentinelle-104059864394773","article_published_time":"2021-09-28T23:05:00+00:00","og_image":[{"width":1600,"height":1067,"url":"https:\/\/lasentinelle.dz\/wp-content\/uploads\/2021\/09\/tebboune-cnes.jpeg","type":"image\/jpeg"}],"author":"La Sentinelle","twitter_card":"summary_large_image","twitter_misc":{"\u00c9crit par":"La Sentinelle","Dur\u00e9e de lecture estim\u00e9e":"4 minutes"},"schema":{"@context":"https:\/\/schema.org","@graph":[{"@type":"Article","@id":"https:\/\/lasentinelle.dz\/index.php\/2021\/09\/29\/le-president-tebboune-dit-non-aux-modeles-economiques-importes-mette-fin-a-lalienation-economique\/#article","isPartOf":{"@id":"https:\/\/lasentinelle.dz\/index.php\/2021\/09\/29\/le-president-tebboune-dit-non-aux-modeles-economiques-importes-mette-fin-a-lalienation-economique\/"},"author":{"name":"La Sentinelle","@id":"https:\/\/lasentinelle.dz\/#\/schema\/person\/d865044e22e70a75174ce8bcad3acfb3"},"headline":"Le Pr\u00e9sident Tebboune dit non aux mod\u00e8les \u00e9conomiques import\u00e9s : Mettre fin \u00e0 l\u2019ali\u00e9nation \u00e9conomique !","datePublished":"2021-09-28T23:05:00+00:00","mainEntityOfPage":{"@id":"https:\/\/lasentinelle.dz\/index.php\/2021\/09\/29\/le-president-tebboune-dit-non-aux-modeles-economiques-importes-mette-fin-a-lalienation-economique\/"},"wordCount":817,"commentCount":0,"publisher":{"@id":"https:\/\/lasentinelle.dz\/#organization"},"image":{"@id":"https:\/\/lasentinelle.dz\/index.php\/2021\/09\/29\/le-president-tebboune-dit-non-aux-modeles-economiques-importes-mette-fin-a-lalienation-economique\/#primaryimage"},"thumbnailUrl":"https:\/\/lasentinelle.dz\/wp-content\/uploads\/2021\/09\/tebboune-cnes.jpeg","articleSection":["\u00c0 la Une","\u00c9conomie"],"inLanguage":"fr-FR","potentialAction":[{"@type":"CommentAction","name":"Comment","target":["https:\/\/lasentinelle.dz\/index.php\/2021\/09\/29\/le-president-tebboune-dit-non-aux-modeles-economiques-importes-mette-fin-a-lalienation-economique\/#respond"]}]},{"@type":"WebPage","@id":"https:\/\/lasentinelle.dz\/index.php\/2021\/09\/29\/le-president-tebboune-dit-non-aux-modeles-economiques-importes-mette-fin-a-lalienation-economique\/","url":"https:\/\/lasentinelle.dz\/index.php\/2021\/09\/29\/le-president-tebboune-dit-non-aux-modeles-economiques-importes-mette-fin-a-lalienation-economique\/","name":"Le Pr\u00e9sident Tebboune dit non aux mod\u00e8les \u00e9conomiques import\u00e9s : Mettre fin \u00e0 l\u2019ali\u00e9nation \u00e9conomique ! - La Sentinelle","isPartOf":{"@id":"https:\/\/lasentinelle.dz\/#website"},"primaryImageOfPage":{"@id":"https:\/\/lasentinelle.dz\/index.php\/2021\/09\/29\/le-president-tebboune-dit-non-aux-modeles-economiques-importes-mette-fin-a-lalienation-economique\/#primaryimage"},"image":{"@id":"https:\/\/lasentinelle.dz\/index.php\/2021\/09\/29\/le-president-tebboune-dit-non-aux-modeles-economiques-importes-mette-fin-a-lalienation-economique\/#primaryimage"},"thumbnailUrl":"https:\/\/lasentinelle.dz\/wp-content\/uploads\/2021\/09\/tebboune-cnes.jpeg","datePublished":"2021-09-28T23:05:00+00:00","breadcrumb":{"@id":"https:\/\/lasentinelle.dz\/index.php\/2021\/09\/29\/le-president-tebboune-dit-non-aux-modeles-economiques-importes-mette-fin-a-lalienation-economique\/#breadcrumb"},"inLanguage":"fr-FR","potentialAction":[{"@type":"ReadAction","target":["https:\/\/lasentinelle.dz\/index.php\/2021\/09\/29\/le-president-tebboune-dit-non-aux-modeles-economiques-importes-mette-fin-a-lalienation-economique\/"]}]},{"@type":"ImageObject","inLanguage":"fr-FR","@id":"https:\/\/lasentinelle.dz\/index.php\/2021\/09\/29\/le-president-tebboune-dit-non-aux-modeles-economiques-importes-mette-fin-a-lalienation-economique\/#primaryimage","url":"https:\/\/lasentinelle.dz\/wp-content\/uploads\/2021\/09\/tebboune-cnes.jpeg","contentUrl":"https:\/\/lasentinelle.dz\/wp-content\/uploads\/2021\/09\/tebboune-cnes.jpeg","width":1600,"height":1067},{"@type":"BreadcrumbList","@id":"https:\/\/lasentinelle.dz\/index.php\/2021\/09\/29\/le-president-tebboune-dit-non-aux-modeles-economiques-importes-mette-fin-a-lalienation-economique\/#breadcrumb","itemListElement":[{"@type":"ListItem","position":1,"name":"Accueil","item":"https:\/\/lasentinelle.dz\/"},{"@type":"ListItem","position":2,"name":"Le Pr\u00e9sident Tebboune dit non aux mod\u00e8les \u00e9conomiques import\u00e9s : Mettre fin \u00e0 l\u2019ali\u00e9nation \u00e9conomique !"}]},{"@type":"WebSite","@id":"https:\/\/lasentinelle.dz\/#website","url":"https:\/\/lasentinelle.dz\/","name":"La Sentinelle","description":"Quotidien national d&#039;information","publisher":{"@id":"https:\/\/lasentinelle.dz\/#organization"},"potentialAction":[{"@type":"SearchAction","target":{"@type":"EntryPoint","urlTemplate":"https:\/\/lasentinelle.dz\/?s={search_term_string}"},"query-input":{"@type":"PropertyValueSpecification","valueRequired":true,"valueName":"search_term_string"}}],"inLanguage":"fr-FR"},{"@type":"Organization","@id":"https:\/\/lasentinelle.dz\/#organization","name":"Quotidien La Sentinelle","url":"https:\/\/lasentinelle.dz\/","logo":{"@type":"ImageObject","inLanguage":"fr-FR","@id":"https:\/\/lasentinelle.dz\/#\/schema\/logo\/image\/","url":"https:\/\/lasentinelle.dz\/wp-content\/uploads\/2021\/09\/logo-sentinelleSLOGAN-1.png","contentUrl":"https:\/\/lasentinelle.dz\/wp-content\/uploads\/2021\/09\/logo-sentinelleSLOGAN-1.png","width":615,"height":142,"caption":"Quotidien La Sentinelle"},"image":{"@id":"https:\/\/lasentinelle.dz\/#\/schema\/logo\/image\/"},"sameAs":["https:\/\/www.facebook.com\/La-Sentinelle-104059864394773"]},{"@type":"Person","@id":"https:\/\/lasentinelle.dz\/#\/schema\/person\/d865044e22e70a75174ce8bcad3acfb3","name":"La Sentinelle","image":{"@type":"ImageObject","inLanguage":"fr-FR","@id":"https:\/\/secure.gravatar.com\/avatar\/57de8e5d4b15d43fb361a71fbb36338450fe67865b528a43dd10ef7c51a20392?s=96&d=mm&r=g","url":"https:\/\/secure.gravatar.com\/avatar\/57de8e5d4b15d43fb361a71fbb36338450fe67865b528a43dd10ef7c51a20392?s=96&d=mm&r=g","contentUrl":"https:\/\/secure.gravatar.com\/avatar\/57de8e5d4b15d43fb361a71fbb36338450fe67865b528a43dd10ef7c51a20392?s=96&d=mm&r=g","caption":"La Sentinelle"},"sameAs":["http:\/\/www.lasentinelle.dz"],"url":"https:\/\/lasentinelle.dz\/author\/redaction\/"}]}},"_links":{"self":[{"href":"https:\/\/lasentinelle.dz\/index.php\/wp-json\/wp\/v2\/posts\/9476","targetHints":{"allow":["GET"]}}],"collection":[{"href":"https:\/\/lasentinelle.dz\/index.php\/wp-json\/wp\/v2\/posts"}],"about":[{"href":"https:\/\/lasentinelle.dz\/index.php\/wp-json\/wp\/v2\/types\/post"}],"author":[{"embeddable":true,"href":"https:\/\/lasentinelle.dz\/index.php\/wp-json\/wp\/v2\/users\/3"}],"replies":[{"embeddable":true,"href":"https:\/\/lasentinelle.dz\/index.php\/wp-json\/wp\/v2\/comments?post=9476"}],"version-history":[{"count":2,"href":"https:\/\/lasentinelle.dz\/index.php\/wp-json\/wp\/v2\/posts\/9476\/revisions"}],"predecessor-version":[{"id":9487,"href":"https:\/\/lasentinelle.dz\/index.php\/wp-json\/wp\/v2\/posts\/9476\/revisions\/9487"}],"wp:featuredmedia":[{"embeddable":true,"href":"https:\/\/lasentinelle.dz\/index.php\/wp-json\/wp\/v2\/media\/9478"}],"wp:attachment":[{"href":"https:\/\/lasentinelle.dz\/index.php\/wp-json\/wp\/v2\/media?parent=9476"}],"wp:term":[{"taxonomy":"category","embeddable":true,"href":"https:\/\/lasentinelle.dz\/index.php\/wp-json\/wp\/v2\/categories?post=9476"},{"taxonomy":"post_tag","embeddable":true,"href":"https:\/\/lasentinelle.dz\/index.php\/wp-json\/wp\/v2\/tags?post=9476"}],"curies":[{"name":"wp","href":"https:\/\/api.w.org\/{rel}","templated":true}]}}