{"id":94761,"date":"2026-09-01T11:14:01","date_gmt":"2026-09-01T10:14:01","guid":{"rendered":"https:\/\/lasentinelle.dz\/?p=94761"},"modified":"2026-09-01T11:14:04","modified_gmt":"2026-09-01T10:14:04","slug":"ghrieb-letat-a-les-moyens-dassumer-une-prise-en-charge-a-100","status":"publish","type":"post","link":"https:\/\/lasentinelle.dz\/index.php\/2026\/09\/01\/ghrieb-letat-a-les-moyens-dassumer-une-prise-en-charge-a-100\/","title":{"rendered":"Ghrieb\u00a0: \u00ab\u00a0L&rsquo;Etat a les moyens d\u2019assumer une prise en charge \u00e0 100%\u00bb"},"content":{"rendered":"\n<p class=\"wp-block-paragraph\">M\u00eame un clou d\u00e9truit sera indemnis\u00e9. C&rsquo;est en ces termes que le Premier ministre, Sifi Ghrieb, a r\u00e9sum\u00e9 lundi la philosophie du plan d&rsquo;urgence d\u00e9clench\u00e9 au lendemain des incendies qui ont ravag\u00e9 plusieurs wilayas du centre et de l&rsquo;est du pays, lors d&rsquo;une r\u00e9union par visioconf\u00e9rence tenue en pr\u00e9sence des ministres concern\u00e9s et avec la participation de l&rsquo;ensemble des walis. Une formule reprise du propos pr\u00e9sident de la R\u00e9publique, Abdelmadjid Tebboune, lors de la r\u00e9union tenue la veille et consacr\u00e9e au traitement des cons\u00e9quences de ces feux, selon un communiqu\u00e9 des services du Premier ministre.<\/p>\n\n\n\n<p class=\"wp-block-paragraph\">La rencontre s&rsquo;est ouverte par une minute de silence observ\u00e9e \u00e0 la m\u00e9moire des victimes, avant que ne soient rappel\u00e9es les d\u00e9cisions pr\u00e9sidentielles et les m\u00e9canismes devant permettre leur concr\u00e9tisation sur le terrain dans les d\u00e9lais fix\u00e9s. Ghrieb a d&#8217;embl\u00e9e situ\u00e9 sa d\u00e9marche dans la continuit\u00e9 directe des orientations donn\u00e9es par le chef de l&rsquo;Etat, pr\u00e9cisant devant les participants que la r\u00e9union visait \u00e0 mettre les derni\u00e8res retouches \u00e0 une feuille de route claire, aux \u00e9ch\u00e9ances pr\u00e9cises, pour \u00eatre v\u00e9ritablement aux c\u00f4t\u00e9s des citoyens sinistr\u00e9s par ces derniers incendies. Le Premier ministre a ensuite \u00e9gren\u00e9 une s\u00e9rie d&rsquo;instructions pr\u00e9cises, dont plusieurs ne figurent pas dans le communiqu\u00e9 officiel mais qu&rsquo;il a d\u00e9taill\u00e9es lui-m\u00eame devant les ministres et les walis. Premier chantier, la r\u00e9vision du cadre b\u00e2ti dans les zones \u00e0 risque. Le chef de l\u2019Ex\u00e9cutif a annonc\u00e9 l&rsquo;ouverture, dans un d\u00e9lai d&rsquo;une semaine, d&rsquo;un groupe de travail r\u00e9unissant des experts et charg\u00e9 de pr\u00e9parer un texte de loi fixant les normes de construction applicables \u00e0 l&rsquo;habitat en zones foresti\u00e8res, afin de prot\u00e9ger les citoyens du risque incendie. Le minist\u00e8re de l&rsquo;Habitat pilotera ce chantier en coordination avec l&rsquo;Int\u00e9rieur et les For\u00eats, les conclusions des travaux devant \u00eatre remises sous un mois.<\/p>\n\n\n\n<p class=\"wp-block-paragraph\">Deuxi\u00e8me point, la culture du signalement pr\u00e9coce. Ghrieb a instruit les walis de transmettre syst\u00e9matiquement aux services de s\u00e9curit\u00e9 les informations remont\u00e9es par les citoyens, chargeant le ministre de l&rsquo;Int\u00e9rieur, en coordination avec la Justice et les services de s\u00e9curit\u00e9 comp\u00e9tents, de fluidifier ce circuit d&rsquo;alerte et d&rsquo;inciter la population \u00e0 signaler sans d\u00e9lai tout d\u00e9part de feu ou toute catastrophe.<\/p>\n\n\n\n<p class=\"wp-block-paragraph\">Sur le r\u00e9tablissement des services essentiels, le communiqu\u00e9 des services du Premier ministre confirme que les mesures engag\u00e9es par les diff\u00e9rents secteurs pour effacer les effets mat\u00e9riels des incendies ont \u00e9t\u00e9 pr\u00e9sent\u00e9es lors de la r\u00e9union, notamment l&rsquo;ach\u00e8vement de la r\u00e9habilitation des r\u00e9seaux vitaux pour l&rsquo;approvisionnement des citoyens des zones sinistr\u00e9es en eau, en gaz et en \u00e9lectricit\u00e9, ainsi que le r\u00e9tablissement du r\u00e9seau de t\u00e9l\u00e9communications. Dans son intervention, Ghrieb a fix\u00e9 \u00e0 cette op\u00e9ration une \u00e9ch\u00e9ance ferme, le samedi 5 septembre au plus tard, pour le r\u00e9tablissement complet de l&rsquo;eau, de l&rsquo;\u00e9lectricit\u00e9, des lignes t\u00e9l\u00e9phoniques ainsi que la r\u00e9ouverture des routes et pistes dans les zones touch\u00e9es, une mission confi\u00e9e conjointement aux ministres des Ressources en eau, de l&rsquo;Energie et des Travaux publics, somm\u00e9s de veiller au respect scrupuleux des d\u00e9lais fix\u00e9s par la pr\u00e9sidence de la R\u00e9publique.<\/p>\n\n\n\n<p class=\"wp-block-paragraph\">Vient ensuite le volet indemnisation, pr\u00e9sent\u00e9 comme la priorit\u00e9 des priorit\u00e9s. Le communiqu\u00e9 officiel \u00e9voque le parach\u00e8vement des op\u00e9rations de recensement et d&rsquo;\u00e9valuation des pertes, quelle que soit leur nature, habitations, meubles, appareils \u00e9lectrom\u00e9nagers, cultures, arbres fruitiers, ruches, cheptel ovin, caprin et bovin, volailles, afin d&rsquo;entamer d\u00e8s la semaine prochaine l&rsquo;indemnisation des sinistr\u00e9s, couvrant l&rsquo;ensemble des dommages, quelle que soit leur ampleur, en application des instructions du pr\u00e9sident de la R\u00e9publique. Ghrieb a repris ce point avec une insistance particuli\u00e8re dans son intervention, demandant la mise en place de commissions charg\u00e9es d&rsquo;\u00e9valuer, de recenser et de chiffrer l&rsquo;int\u00e9gralit\u00e9 des pertes en vue d&rsquo;une prise en charge \u00e0 hauteur de 100% par l&rsquo;Etat, avant le 15 septembre prochain. \u00ab L&rsquo;Etat dispose de tous les moyens mat\u00e9riels, humains et logistiques pour assumer seul l&rsquo;ensemble de ces charges \u00bb, a-t-il martel\u00e9, avant de charger le ministre de l&rsquo;Int\u00e9rieur de superviser l&rsquo;ach\u00e8vement du recensement dans les zones touch\u00e9es avant samedi prochain, tout en autorisant les walis en manque d&rsquo;effectifs \u00e0 solliciter l&rsquo;appui de l&rsquo;arm\u00e9e et des autres institutions de l&rsquo;Etat.<\/p>\n\n\n\n<p class=\"wp-block-paragraph\">R\u00e9habiliter les logements endommag\u00e9s<\/p>\n\n\n\n<p class=\"wp-block-paragraph\">Sur la reconstruction, le Premier ministre a charg\u00e9 le ministre de l&rsquo;Habitat, en coordination avec les walis, de trouver une formule contractuelle avec des entreprises de r\u00e9alisation pour r\u00e9habiliter et restituer les logements endommag\u00e9s \u00e0 leurs propri\u00e9taires dans des d\u00e9lais fix\u00e9s. Une liste restreinte d&rsquo;entreprises s\u00e9rieuses doit \u00eatre \u00e9tablie au niveau de chaque wilaya pour prendre en charge, en priorit\u00e9, les infrastructures vitales \u00e9galement touch\u00e9es par les flammes, notamment les \u00e9coles.<\/p>\n\n\n\n<p class=\"wp-block-paragraph\">Aussi en application des instructions du Pr\u00e9sident Tebboune, Ghrieb a \u00e9voqu\u00e9 un volet r\u00e9pressif, chargeant le ministre de la Justice, en coordination avec le secr\u00e9tariat g\u00e9n\u00e9ral du gouvernement, de pr\u00e9parer un texte instaurant la peine de mort avec ex\u00e9cution pour toute personne reconnue coupable d&rsquo;incendie volontaire, un projet de loi devant \u00eatre examin\u00e9 en Conseil des ministres avant sa transmission au Parlement.<\/p>\n\n\n\n<p class=\"wp-block-paragraph\">Sur la solidarit\u00e9 nationale, le Premier ministre a demand\u00e9 une tra\u00e7abilit\u00e9 compl\u00e8te des dons et convois destin\u00e9s aux wilayas sinistr\u00e9es, chaque wali exp\u00e9diteur devant se coordonner directement avec son homologue destinataire, saluant au passage l&rsquo;\u00e9lan de solidarit\u00e9 des Alg\u00e9riens, de l&rsquo;int\u00e9rieur comme de la diaspora, et r\u00e9affirmant que l&rsquo;Etat mobilisera tous ses moyens mat\u00e9riels, humains et logistiques pour la prise en charge totale des sinistr\u00e9s.<\/p>\n\n\n\n<p class=\"wp-block-paragraph\">Les repr\u00e9sentants des wilayas ont, pour leur part, expos\u00e9 l&rsquo;\u00e9tat d&rsquo;avancement des op\u00e9rations engag\u00e9es sur le terrain. Le Premier ministre leur a demand\u00e9 de faire preuve de souplesse et d&rsquo;efficacit\u00e9 dans la prise en charge des pr\u00e9occupations des citoyens sinistr\u00e9s, en privil\u00e9giant la proximit\u00e9 et l&rsquo;action de terrain, et en s&rsquo;\u00e9cartant de toute forme de bureaucratie, en particulier lors de la reconstitution des documents et dossiers administratifs d\u00e9truits dans les incendies, une exigence qui fait \u00e9cho aux critiques r\u00e9currentes formul\u00e9es par les populations sinistr\u00e9es, souvent confront\u00e9es \u00e0 la lenteur des proc\u00e9dures dans ce type de situations d&rsquo;urgence.<\/p>\n\n\n\n<p class=\"wp-block-paragraph\">Au terme de la r\u00e9union, Sifi Ghrieb a r\u00e9affirm\u00e9 que \u00ab l&rsquo;Etat et toutes ses institutions, aux niveaux central et local, ne m\u00e9nageront aucun effort, resteront pleinement mobilis\u00e9s pour \u00eatre aux c\u00f4t\u00e9s des citoyens, conform\u00e9ment aux instructions de Monsieur le pr\u00e9sident de la R\u00e9publique, et \u0153uvreront \u00e0 r\u00e9parer tous les d\u00e9g\u00e2ts et \u00e0 permettre le retour de la situation \u00e0 la normale dans les d\u00e9lais impartis \u00bb, conclut le communiqu\u00e9.<\/p>\n\n\n\n<p class=\"wp-block-paragraph\">Chokri Hafed<\/p>\n","protected":false},"excerpt":{"rendered":"<p>M\u00eame un clou d\u00e9truit sera indemnis\u00e9. C&rsquo;est en ces termes que le Premier ministre, Sifi Ghrieb, a r\u00e9sum\u00e9 lundi la<\/p>\n","protected":false},"author":6,"featured_media":94762,"comment_status":"open","ping_status":"closed","sticky":false,"template":"","format":"standard","meta":{"colormag_page_container_layout":"default_layout","colormag_page_sidebar_layout":"default_layout","om_disable_all_campaigns":false,"_monsterinsights_skip_tracking":false,"footnotes":"","_wpscppro_dont_share_socialmedia":false,"_wpscppro_custom_social_share_image":0,"_facebook_share_type":"default","_twitter_share_type":"default","_linkedin_share_type":"default","_pinterest_share_type":"default","_linkedin_share_type_page":"","_instagram_share_type":"default","_medium_share_type":"default","_threads_share_type":"default","_google_business_share_type":"default","_bluesky_share_type":"default","_mastodon_share_type":"default","_selected_social_profile":[],"_wpsp_enable_custom_social_template":false,"_wpsp_social_scheduling":{"enabled":false,"datetime":null,"platforms":[],"status":"template_only","dateOption":"today","timeOption":"now","customDays":"","customHours":"","customDate":"","customTime":"","schedulingType":"absolute"},"_wpsp_active_default_template":true},"categories":[52,27],"tags":[],"class_list":["post-94761","post","type-post","status-publish","format-standard","has-post-thumbnail","hentry","category-a-la-une","category-actualite"],"aioseo_notices":[],"aioseo_head":"\n\t\t<!-- All in One SEO 5.0.0.1 - aioseo.com -->\n\t<meta name=\"description\" content=\"M\u00eame un clou d\u00e9truit sera indemnis\u00e9. C&#039;est en ces termes que le Premier ministre, Sifi Ghrieb, a r\u00e9sum\u00e9 lundi la philosophie du plan d&#039;urgence d\u00e9clench\u00e9 au lendemain des incendies qui ont ravag\u00e9 plusieurs wilayas du centre et de l&#039;est du pays, lors d&#039;une r\u00e9union par visioconf\u00e9rence tenue en pr\u00e9sence des ministres concern\u00e9s et avec la\" \/>\n\t<meta name=\"robots\" content=\"max-image-preview:large\" \/>\n\t<meta name=\"author\" content=\"admin\"\/>\n\t<link rel=\"canonical\" href=\"https:\/\/lasentinelle.dz\/index.php\/2026\/09\/01\/ghrieb-letat-a-les-moyens-dassumer-une-prise-en-charge-a-100\/\" \/>\n\t<meta name=\"generator\" content=\"All in One SEO (AIOSEO) 5.0.0.1\" \/>\n\t\t<meta property=\"og:locale\" content=\"fr_FR\" \/>\n\t\t<meta property=\"og:site_name\" content=\"La Sentinelle - Quotidien national d&#039;information\" \/>\n\t\t<meta property=\"og:type\" content=\"article\" \/>\n\t\t<meta property=\"og:title\" content=\"Ghrieb : \u00ab L\u2019Etat a les moyens d\u2019assumer une prise en charge \u00e0 100%\u00bb - La Sentinelle\" \/>\n\t\t<meta property=\"og:description\" content=\"M\u00eame un clou d\u00e9truit sera indemnis\u00e9. C&#039;est en ces termes que le Premier ministre, Sifi Ghrieb, a r\u00e9sum\u00e9 lundi la philosophie du plan d&#039;urgence d\u00e9clench\u00e9 au lendemain des incendies qui ont ravag\u00e9 plusieurs wilayas du centre et de l&#039;est du pays, lors d&#039;une r\u00e9union par visioconf\u00e9rence tenue en pr\u00e9sence des ministres concern\u00e9s et avec la\" \/>\n\t\t<meta property=\"og:url\" content=\"https:\/\/lasentinelle.dz\/index.php\/2026\/09\/01\/ghrieb-letat-a-les-moyens-dassumer-une-prise-en-charge-a-100\/\" \/>\n\t\t<meta property=\"og:image\" content=\"https:\/\/lasentinelle.dz\/wp-content\/uploads\/2021\/09\/cropped-la-sentinelle-earth-golden-anima-5.gif\" \/>\n\t\t<meta property=\"og:image:secure_url\" content=\"https:\/\/lasentinelle.dz\/wp-content\/uploads\/2021\/09\/cropped-la-sentinelle-earth-golden-anima-5.gif\" \/>\n\t\t<meta property=\"og:image:width\" content=\"450\" \/>\n\t\t<meta property=\"og:image:height\" content=\"213\" \/>\n\t\t<meta property=\"article:published_time\" content=\"2026-09-01T10:14:01+00:00\" \/>\n\t\t<meta property=\"article:modified_time\" content=\"2026-09-01T10:14:04+00:00\" \/>\n\t\t<meta property=\"article:publisher\" content=\"https:\/\/www.facebook.com\/azzedine.lasentinelle.1\" \/>\n\t\t<meta name=\"twitter:card\" content=\"summary_large_image\" \/>\n\t\t<meta name=\"twitter:title\" content=\"Ghrieb : \u00ab L\u2019Etat a les moyens d\u2019assumer une prise en charge \u00e0 100%\u00bb - La Sentinelle\" \/>\n\t\t<meta name=\"twitter:description\" content=\"M\u00eame un clou d\u00e9truit sera indemnis\u00e9. C&#039;est en ces termes que le Premier ministre, Sifi Ghrieb, a r\u00e9sum\u00e9 lundi la philosophie du plan d&#039;urgence d\u00e9clench\u00e9 au lendemain des incendies qui ont ravag\u00e9 plusieurs wilayas du centre et de l&#039;est du pays, lors d&#039;une r\u00e9union par visioconf\u00e9rence tenue en pr\u00e9sence des ministres concern\u00e9s et avec la\" \/>\n\t\t<meta name=\"twitter:image\" content=\"https:\/\/lasentinelle.dz\/wp-content\/uploads\/2021\/09\/cropped-la-sentinelle-earth-golden-anima-5.gif\" \/>\n\t\t<script type=\"application\/ld+json\" class=\"aioseo-schema\">\n\t\t\t{\"@context\":\"https:\\\/\\\/schema.org\",\"@graph\":[{\"@type\":\"BlogPosting\",\"@id\":\"https:\\\/\\\/lasentinelle.dz\\\/index.php\\\/2026\\\/09\\\/01\\\/ghrieb-letat-a-les-moyens-dassumer-une-prise-en-charge-a-100\\\/#blogposting\",\"name\":\"Ghrieb : \\u00ab L\\u2019Etat a les moyens d\\u2019assumer une prise en charge \\u00e0 100%\\u00bb - La Sentinelle\",\"headline\":\"Ghrieb\\u00a0: \\u00ab\\u00a0L&rsquo;Etat a les moyens d\\u2019assumer une prise en charge \\u00e0 100%\\u00bb\",\"author\":{\"@id\":\"https:\\\/\\\/lasentinelle.dz\\\/author\\\/admin\\\/#author\"},\"publisher\":{\"@id\":\"https:\\\/\\\/lasentinelle.dz\\\/#organization\"},\"image\":{\"@type\":\"ImageObject\",\"url\":\"https:\\\/\\\/lasentinelle.dz\\\/wp-content\\\/uploads\\\/2026\\\/09\\\/Ghrieb.jpeg\",\"width\":1440,\"height\":1008},\"datePublished\":\"2026-09-01T11:14:01+01:00\",\"dateModified\":\"2026-09-01T11:14:04+01:00\",\"inLanguage\":\"fr-FR\",\"mainEntityOfPage\":{\"@id\":\"https:\\\/\\\/lasentinelle.dz\\\/index.php\\\/2026\\\/09\\\/01\\\/ghrieb-letat-a-les-moyens-dassumer-une-prise-en-charge-a-100\\\/#webpage\"},\"isPartOf\":{\"@id\":\"https:\\\/\\\/lasentinelle.dz\\\/index.php\\\/2026\\\/09\\\/01\\\/ghrieb-letat-a-les-moyens-dassumer-une-prise-en-charge-a-100\\\/#webpage\"},\"articleSection\":\"\\u00c0 la Une, Actualit\\u00e9\"},{\"@type\":\"BreadcrumbList\",\"@id\":\"https:\\\/\\\/lasentinelle.dz\\\/index.php\\\/2026\\\/09\\\/01\\\/ghrieb-letat-a-les-moyens-dassumer-une-prise-en-charge-a-100\\\/#breadcrumblist\",\"itemListElement\":[{\"@type\":\"ListItem\",\"@id\":\"https:\\\/\\\/lasentinelle.dz#listItem\",\"position\":1,\"name\":\"Home\",\"item\":\"https:\\\/\\\/lasentinelle.dz\",\"nextItem\":{\"@type\":\"ListItem\",\"@id\":\"https:\\\/\\\/lasentinelle.dz\\\/index.php\\\/category\\\/actualite\\\/#listItem\",\"name\":\"Actualit\\u00e9\"}},{\"@type\":\"ListItem\",\"@id\":\"https:\\\/\\\/lasentinelle.dz\\\/index.php\\\/category\\\/actualite\\\/#listItem\",\"position\":2,\"name\":\"Actualit\\u00e9\",\"item\":\"https:\\\/\\\/lasentinelle.dz\\\/index.php\\\/category\\\/actualite\\\/\",\"nextItem\":{\"@type\":\"ListItem\",\"@id\":\"https:\\\/\\\/lasentinelle.dz\\\/index.php\\\/2026\\\/09\\\/01\\\/ghrieb-letat-a-les-moyens-dassumer-une-prise-en-charge-a-100\\\/#listItem\",\"name\":\"Ghrieb\\u00a0: \\u00ab\\u00a0L&rsquo;Etat a les moyens d\\u2019assumer une prise en charge \\u00e0 100%\\u00bb\"},\"previousItem\":{\"@type\":\"ListItem\",\"@id\":\"https:\\\/\\\/lasentinelle.dz#listItem\",\"name\":\"Home\"}},{\"@type\":\"ListItem\",\"@id\":\"https:\\\/\\\/lasentinelle.dz\\\/index.php\\\/2026\\\/09\\\/01\\\/ghrieb-letat-a-les-moyens-dassumer-une-prise-en-charge-a-100\\\/#listItem\",\"position\":3,\"name\":\"Ghrieb\\u00a0: \\u00ab\\u00a0L&rsquo;Etat a les moyens d\\u2019assumer une prise en charge \\u00e0 100%\\u00bb\",\"previousItem\":{\"@type\":\"ListItem\",\"@id\":\"https:\\\/\\\/lasentinelle.dz\\\/index.php\\\/category\\\/actualite\\\/#listItem\",\"name\":\"Actualit\\u00e9\"}}]},{\"@type\":\"Organization\",\"@id\":\"https:\\\/\\\/lasentinelle.dz\\\/#organization\",\"name\":\"La Sentinelle La Sentinelle\",\"description\":\"Quotidien national d'information\",\"url\":\"https:\\\/\\\/lasentinelle.dz\\\/\",\"logo\":{\"@type\":\"ImageObject\",\"url\":\"https:\\\/\\\/lasentinelle.dz\\\/wp-content\\\/uploads\\\/2021\\\/09\\\/cropped-la-sentinelle-earth-golden-anima-5.gif\",\"@id\":\"https:\\\/\\\/lasentinelle.dz\\\/index.php\\\/2026\\\/09\\\/01\\\/ghrieb-letat-a-les-moyens-dassumer-une-prise-en-charge-a-100\\\/#organizationLogo\",\"width\":450,\"height\":213},\"image\":{\"@id\":\"https:\\\/\\\/lasentinelle.dz\\\/index.php\\\/2026\\\/09\\\/01\\\/ghrieb-letat-a-les-moyens-dassumer-une-prise-en-charge-a-100\\\/#organizationLogo\"},\"sameAs\":[\"https:\\\/\\\/www.facebook.com\\\/azzedine.lasentinelle.1\"]},{\"@type\":\"Person\",\"@id\":\"https:\\\/\\\/lasentinelle.dz\\\/author\\\/admin\\\/#author\",\"url\":\"https:\\\/\\\/lasentinelle.dz\\\/author\\\/admin\\\/\",\"name\":\"admin\",\"image\":{\"@type\":\"ImageObject\",\"@id\":\"https:\\\/\\\/lasentinelle.dz\\\/index.php\\\/2026\\\/09\\\/01\\\/ghrieb-letat-a-les-moyens-dassumer-une-prise-en-charge-a-100\\\/#authorImage\",\"url\":\"https:\\\/\\\/secure.gravatar.com\\\/avatar\\\/4c81fed838786e9b53f540bf46533e750f5d292099ae3b66cfc6fb1982e29df7?s=96&d=mm&r=g\",\"width\":96,\"height\":96,\"caption\":\"admin\"}},{\"@type\":\"WebPage\",\"@id\":\"https:\\\/\\\/lasentinelle.dz\\\/index.php\\\/2026\\\/09\\\/01\\\/ghrieb-letat-a-les-moyens-dassumer-une-prise-en-charge-a-100\\\/#webpage\",\"url\":\"https:\\\/\\\/lasentinelle.dz\\\/index.php\\\/2026\\\/09\\\/01\\\/ghrieb-letat-a-les-moyens-dassumer-une-prise-en-charge-a-100\\\/\",\"name\":\"Ghrieb : \\u00ab L\\u2019Etat a les moyens d\\u2019assumer une prise en charge \\u00e0 100%\\u00bb - La Sentinelle\",\"description\":\"M\\u00eame un clou d\\u00e9truit sera indemnis\\u00e9. C'est en ces termes que le Premier ministre, Sifi Ghrieb, a r\\u00e9sum\\u00e9 lundi la philosophie du plan d'urgence d\\u00e9clench\\u00e9 au lendemain des incendies qui ont ravag\\u00e9 plusieurs wilayas du centre et de l'est du pays, lors d'une r\\u00e9union par visioconf\\u00e9rence tenue en pr\\u00e9sence des ministres concern\\u00e9s et avec la\",\"inLanguage\":\"fr-FR\",\"isPartOf\":{\"@id\":\"https:\\\/\\\/lasentinelle.dz\\\/#website\"},\"breadcrumb\":{\"@id\":\"https:\\\/\\\/lasentinelle.dz\\\/index.php\\\/2026\\\/09\\\/01\\\/ghrieb-letat-a-les-moyens-dassumer-une-prise-en-charge-a-100\\\/#breadcrumblist\"},\"author\":{\"@id\":\"https:\\\/\\\/lasentinelle.dz\\\/author\\\/admin\\\/#author\"},\"creator\":{\"@id\":\"https:\\\/\\\/lasentinelle.dz\\\/author\\\/admin\\\/#author\"},\"image\":{\"@type\":\"ImageObject\",\"url\":\"https:\\\/\\\/lasentinelle.dz\\\/wp-content\\\/uploads\\\/2026\\\/09\\\/Ghrieb.jpeg\",\"@id\":\"https:\\\/\\\/lasentinelle.dz\\\/index.php\\\/2026\\\/09\\\/01\\\/ghrieb-letat-a-les-moyens-dassumer-une-prise-en-charge-a-100\\\/#mainImage\",\"width\":1440,\"height\":1008},\"primaryImageOfPage\":{\"@id\":\"https:\\\/\\\/lasentinelle.dz\\\/index.php\\\/2026\\\/09\\\/01\\\/ghrieb-letat-a-les-moyens-dassumer-une-prise-en-charge-a-100\\\/#mainImage\"},\"datePublished\":\"2026-09-01T11:14:01+01:00\",\"dateModified\":\"2026-09-01T11:14:04+01:00\"},{\"@type\":\"WebSite\",\"@id\":\"https:\\\/\\\/lasentinelle.dz\\\/#website\",\"url\":\"https:\\\/\\\/lasentinelle.dz\\\/\",\"name\":\"La Sentinelle\",\"description\":\"Quotidien national d'information\",\"inLanguage\":\"fr-FR\",\"publisher\":{\"@id\":\"https:\\\/\\\/lasentinelle.dz\\\/#organization\"}}]}\n\t\t<\/script>\n\t\t<!-- All in One SEO -->\n\n","aioseo_head_json":{"title":"Ghrieb : \u00ab L\u2019Etat a les moyens d\u2019assumer une prise en charge \u00e0 100%\u00bb - La Sentinelle","description":"M\u00eame un clou d\u00e9truit sera indemnis\u00e9. C'est en ces termes que le Premier ministre, Sifi Ghrieb, a r\u00e9sum\u00e9 lundi la philosophie du plan d'urgence d\u00e9clench\u00e9 au lendemain des incendies qui ont ravag\u00e9 plusieurs wilayas du centre et de l'est du pays, lors d'une r\u00e9union par visioconf\u00e9rence tenue en pr\u00e9sence des ministres concern\u00e9s et avec la","canonical_url":"https:\/\/lasentinelle.dz\/index.php\/2026\/09\/01\/ghrieb-letat-a-les-moyens-dassumer-une-prise-en-charge-a-100\/","robots":"max-image-preview:large","keywords":"","webmasterTools":{"miscellaneous":""},"schema":{"@context":"https:\/\/schema.org","@graph":[{"@type":"BlogPosting","@id":"https:\/\/lasentinelle.dz\/index.php\/2026\/09\/01\/ghrieb-letat-a-les-moyens-dassumer-une-prise-en-charge-a-100\/#blogposting","name":"Ghrieb : \u00ab L\u2019Etat a les moyens d\u2019assumer une prise en charge \u00e0 100%\u00bb - La Sentinelle","headline":"Ghrieb\u00a0: \u00ab\u00a0L&rsquo;Etat a les moyens d\u2019assumer une prise en charge \u00e0 100%\u00bb","author":{"@id":"https:\/\/lasentinelle.dz\/author\/admin\/#author"},"publisher":{"@id":"https:\/\/lasentinelle.dz\/#organization"},"image":{"@type":"ImageObject","url":"https:\/\/lasentinelle.dz\/wp-content\/uploads\/2026\/09\/Ghrieb.jpeg","width":1440,"height":1008},"datePublished":"2026-09-01T11:14:01+01:00","dateModified":"2026-09-01T11:14:04+01:00","inLanguage":"fr-FR","mainEntityOfPage":{"@id":"https:\/\/lasentinelle.dz\/index.php\/2026\/09\/01\/ghrieb-letat-a-les-moyens-dassumer-une-prise-en-charge-a-100\/#webpage"},"isPartOf":{"@id":"https:\/\/lasentinelle.dz\/index.php\/2026\/09\/01\/ghrieb-letat-a-les-moyens-dassumer-une-prise-en-charge-a-100\/#webpage"},"articleSection":"\u00c0 la Une, Actualit\u00e9"},{"@type":"BreadcrumbList","@id":"https:\/\/lasentinelle.dz\/index.php\/2026\/09\/01\/ghrieb-letat-a-les-moyens-dassumer-une-prise-en-charge-a-100\/#breadcrumblist","itemListElement":[{"@type":"ListItem","@id":"https:\/\/lasentinelle.dz#listItem","position":1,"name":"Home","item":"https:\/\/lasentinelle.dz","nextItem":{"@type":"ListItem","@id":"https:\/\/lasentinelle.dz\/index.php\/category\/actualite\/#listItem","name":"Actualit\u00e9"}},{"@type":"ListItem","@id":"https:\/\/lasentinelle.dz\/index.php\/category\/actualite\/#listItem","position":2,"name":"Actualit\u00e9","item":"https:\/\/lasentinelle.dz\/index.php\/category\/actualite\/","nextItem":{"@type":"ListItem","@id":"https:\/\/lasentinelle.dz\/index.php\/2026\/09\/01\/ghrieb-letat-a-les-moyens-dassumer-une-prise-en-charge-a-100\/#listItem","name":"Ghrieb\u00a0: \u00ab\u00a0L&rsquo;Etat a les moyens d\u2019assumer une prise en charge \u00e0 100%\u00bb"},"previousItem":{"@type":"ListItem","@id":"https:\/\/lasentinelle.dz#listItem","name":"Home"}},{"@type":"ListItem","@id":"https:\/\/lasentinelle.dz\/index.php\/2026\/09\/01\/ghrieb-letat-a-les-moyens-dassumer-une-prise-en-charge-a-100\/#listItem","position":3,"name":"Ghrieb\u00a0: \u00ab\u00a0L&rsquo;Etat a les moyens d\u2019assumer une prise en charge \u00e0 100%\u00bb","previousItem":{"@type":"ListItem","@id":"https:\/\/lasentinelle.dz\/index.php\/category\/actualite\/#listItem","name":"Actualit\u00e9"}}]},{"@type":"Organization","@id":"https:\/\/lasentinelle.dz\/#organization","name":"La Sentinelle La Sentinelle","description":"Quotidien national d'information","url":"https:\/\/lasentinelle.dz\/","logo":{"@type":"ImageObject","url":"https:\/\/lasentinelle.dz\/wp-content\/uploads\/2021\/09\/cropped-la-sentinelle-earth-golden-anima-5.gif","@id":"https:\/\/lasentinelle.dz\/index.php\/2026\/09\/01\/ghrieb-letat-a-les-moyens-dassumer-une-prise-en-charge-a-100\/#organizationLogo","width":450,"height":213},"image":{"@id":"https:\/\/lasentinelle.dz\/index.php\/2026\/09\/01\/ghrieb-letat-a-les-moyens-dassumer-une-prise-en-charge-a-100\/#organizationLogo"},"sameAs":["https:\/\/www.facebook.com\/azzedine.lasentinelle.1"]},{"@type":"Person","@id":"https:\/\/lasentinelle.dz\/author\/admin\/#author","url":"https:\/\/lasentinelle.dz\/author\/admin\/","name":"admin","image":{"@type":"ImageObject","@id":"https:\/\/lasentinelle.dz\/index.php\/2026\/09\/01\/ghrieb-letat-a-les-moyens-dassumer-une-prise-en-charge-a-100\/#authorImage","url":"https:\/\/secure.gravatar.com\/avatar\/4c81fed838786e9b53f540bf46533e750f5d292099ae3b66cfc6fb1982e29df7?s=96&d=mm&r=g","width":96,"height":96,"caption":"admin"}},{"@type":"WebPage","@id":"https:\/\/lasentinelle.dz\/index.php\/2026\/09\/01\/ghrieb-letat-a-les-moyens-dassumer-une-prise-en-charge-a-100\/#webpage","url":"https:\/\/lasentinelle.dz\/index.php\/2026\/09\/01\/ghrieb-letat-a-les-moyens-dassumer-une-prise-en-charge-a-100\/","name":"Ghrieb : \u00ab L\u2019Etat a les moyens d\u2019assumer une prise en charge \u00e0 100%\u00bb - La Sentinelle","description":"M\u00eame un clou d\u00e9truit sera indemnis\u00e9. C'est en ces termes que le Premier ministre, Sifi Ghrieb, a r\u00e9sum\u00e9 lundi la philosophie du plan d'urgence d\u00e9clench\u00e9 au lendemain des incendies qui ont ravag\u00e9 plusieurs wilayas du centre et de l'est du pays, lors d'une r\u00e9union par visioconf\u00e9rence tenue en pr\u00e9sence des ministres concern\u00e9s et avec la","inLanguage":"fr-FR","isPartOf":{"@id":"https:\/\/lasentinelle.dz\/#website"},"breadcrumb":{"@id":"https:\/\/lasentinelle.dz\/index.php\/2026\/09\/01\/ghrieb-letat-a-les-moyens-dassumer-une-prise-en-charge-a-100\/#breadcrumblist"},"author":{"@id":"https:\/\/lasentinelle.dz\/author\/admin\/#author"},"creator":{"@id":"https:\/\/lasentinelle.dz\/author\/admin\/#author"},"image":{"@type":"ImageObject","url":"https:\/\/lasentinelle.dz\/wp-content\/uploads\/2026\/09\/Ghrieb.jpeg","@id":"https:\/\/lasentinelle.dz\/index.php\/2026\/09\/01\/ghrieb-letat-a-les-moyens-dassumer-une-prise-en-charge-a-100\/#mainImage","width":1440,"height":1008},"primaryImageOfPage":{"@id":"https:\/\/lasentinelle.dz\/index.php\/2026\/09\/01\/ghrieb-letat-a-les-moyens-dassumer-une-prise-en-charge-a-100\/#mainImage"},"datePublished":"2026-09-01T11:14:01+01:00","dateModified":"2026-09-01T11:14:04+01:00"},{"@type":"WebSite","@id":"https:\/\/lasentinelle.dz\/#website","url":"https:\/\/lasentinelle.dz\/","name":"La Sentinelle","description":"Quotidien national d'information","inLanguage":"fr-FR","publisher":{"@id":"https:\/\/lasentinelle.dz\/#organization"}}]},"og:locale":"fr_FR","og:site_name":"La Sentinelle - Quotidien national d'information","og:type":"article","og:title":"Ghrieb : \u00ab L\u2019Etat a les moyens d\u2019assumer une prise en charge \u00e0 100%\u00bb - La Sentinelle","og:description":"M\u00eame un clou d\u00e9truit sera indemnis\u00e9. C'est en ces termes que le Premier ministre, Sifi Ghrieb, a r\u00e9sum\u00e9 lundi la philosophie du plan d'urgence d\u00e9clench\u00e9 au lendemain des incendies qui ont ravag\u00e9 plusieurs wilayas du centre et de l'est du pays, lors d'une r\u00e9union par visioconf\u00e9rence tenue en pr\u00e9sence des ministres concern\u00e9s et avec la","og:url":"https:\/\/lasentinelle.dz\/index.php\/2026\/09\/01\/ghrieb-letat-a-les-moyens-dassumer-une-prise-en-charge-a-100\/","og:image":"https:\/\/lasentinelle.dz\/wp-content\/uploads\/2021\/09\/cropped-la-sentinelle-earth-golden-anima-5.gif","og:image:secure_url":"https:\/\/lasentinelle.dz\/wp-content\/uploads\/2021\/09\/cropped-la-sentinelle-earth-golden-anima-5.gif","og:image:width":450,"og:image:height":213,"article:published_time":"2026-09-01T10:14:01+00:00","article:modified_time":"2026-09-01T10:14:04+00:00","article:publisher":"https:\/\/www.facebook.com\/azzedine.lasentinelle.1","twitter:card":"summary_large_image","twitter:title":"Ghrieb : \u00ab L\u2019Etat a les moyens d\u2019assumer une prise en charge \u00e0 100%\u00bb - La Sentinelle","twitter:description":"M\u00eame un clou d\u00e9truit sera indemnis\u00e9. C'est en ces termes que le Premier ministre, Sifi Ghrieb, a r\u00e9sum\u00e9 lundi la philosophie du plan d'urgence d\u00e9clench\u00e9 au lendemain des incendies qui ont ravag\u00e9 plusieurs wilayas du centre et de l'est du pays, lors d'une r\u00e9union par visioconf\u00e9rence tenue en pr\u00e9sence des ministres concern\u00e9s et avec la","twitter:image":"https:\/\/lasentinelle.dz\/wp-content\/uploads\/2021\/09\/cropped-la-sentinelle-earth-golden-anima-5.gif"},"aioseo_meta_data":{"post_id":"94761","title":null,"description":null,"keywords":null,"keyphrases":{"focus":{"keyphrase":"","score":0,"analysis":{"keyphraseInTitle":{"score":0,"maxScore":9,"error":1}}},"additional":[]},"primary_term":null,"canonical_url":null,"og_title":null,"og_description":null,"og_object_type":"default","og_image_type":"default","og_image_url":null,"og_image_width":null,"og_image_height":null,"og_image_custom_url":null,"og_image_custom_fields":null,"og_video":"","og_custom_url":null,"og_article_section":null,"og_article_tags":null,"twitter_use_og":false,"twitter_card":"default","twitter_image_type":"default","twitter_image_url":null,"twitter_image_custom_url":null,"twitter_image_custom_fields":null,"twitter_title":null,"twitter_description":null,"schema":{"blockGraphs":[],"customGraphs":[],"default":{"data":{"Article":[],"Course":[],"Dataset":[],"FAQPage":[],"Movie":[],"Person":[],"Product":[],"ProductReview":[],"Car":[],"Recipe":[],"Service":[],"SoftwareApplication":[],"WebPage":[]},"graphName":"BlogPosting","isEnabled":true},"graphs":[]},"schema_type":"default","schema_type_options":null,"pillar_content":false,"robots_default":true,"robots_noindex":false,"robots_noarchive":false,"robots_nosnippet":false,"robots_nofollow":false,"robots_noimageindex":false,"robots_noodp":false,"robots_notranslate":false,"robots_max_snippet":"-1","robots_max_videopreview":"-1","robots_max_imagepreview":"large","priority":null,"frequency":"default","local_seo":null,"breadcrumb_settings":null,"limit_modified_date":false,"ai":{"faqs":[],"keyPoints":[],"schemas":[],"titles":[],"descriptions":[],"socialPosts":{"email":{"subject":"","preview":"","content":""},"linkedin":[],"twitter":[],"facebook":[],"instagram":[]}},"created":"2026-09-01 10:14:04","updated":"2026-09-01 11:12:25","focus_keyword":null,"additional_keywords":null,"truseo_locale":null,"seo_analyzer_scan_date":null},"aioseo_breadcrumb":"<div class=\"aioseo-breadcrumbs\"><span class=\"aioseo-breadcrumb\">\n\t\t\t<a href=\"https:\/\/lasentinelle.dz\" title=\"Home\">Home<\/a>\n\t\t<\/span><span class=\"aioseo-breadcrumb-separator\">&raquo;<\/span><span class=\"aioseo-breadcrumb\">\n\t\t\t<a href=\"https:\/\/lasentinelle.dz\/index.php\/category\/actualite\/\" title=\"Actualit\u00e9\">Actualit\u00e9<\/a>\n\t\t<\/span><span class=\"aioseo-breadcrumb-separator\">&raquo;<\/span><span class=\"aioseo-breadcrumb\">\n\t\t\tGhrieb : \u00ab L\u2019Etat a les moyens d\u2019assumer une prise en charge \u00e0 100%\u00bb\n\t\t<\/span><\/div>","aioseo_breadcrumb_json":[{"label":"Home","link":"https:\/\/lasentinelle.dz"},{"label":"Actualit\u00e9","link":"https:\/\/lasentinelle.dz\/index.php\/category\/actualite\/"},{"label":"Ghrieb\u00a0: \u00ab\u00a0L&rsquo;Etat a les moyens d\u2019assumer une prise en charge \u00e0 100%\u00bb","link":"https:\/\/lasentinelle.dz\/index.php\/2026\/09\/01\/ghrieb-letat-a-les-moyens-dassumer-une-prise-en-charge-a-100\/"}],"yoast_head":"<!-- This site is optimized with the Yoast SEO plugin v28.3 - https:\/\/yoast.com\/product\/yoast-seo-wordpress\/ -->\n<title>Ghrieb\u00a0: \u00ab\u00a0L&rsquo;Etat a les moyens d\u2019assumer une prise en charge \u00e0 100%\u00bb - La Sentinelle<\/title>\n<meta name=\"robots\" content=\"index, follow, max-snippet:-1, max-image-preview:large, max-video-preview:-1\" \/>\n<link rel=\"canonical\" href=\"https:\/\/lasentinelle.dz\/index.php\/2026\/09\/01\/ghrieb-letat-a-les-moyens-dassumer-une-prise-en-charge-a-100\/\" \/>\n<meta property=\"og:locale\" content=\"fr_FR\" \/>\n<meta property=\"og:type\" content=\"article\" \/>\n<meta property=\"og:title\" content=\"Ghrieb\u00a0: \u00ab\u00a0L&rsquo;Etat a les moyens d\u2019assumer une prise en charge \u00e0 100%\u00bb - La Sentinelle\" \/>\n<meta property=\"og:description\" content=\"M\u00eame un clou d\u00e9truit sera indemnis\u00e9. C&rsquo;est en ces termes que le Premier ministre, Sifi Ghrieb, a r\u00e9sum\u00e9 lundi la\" \/>\n<meta property=\"og:url\" content=\"https:\/\/lasentinelle.dz\/index.php\/2026\/09\/01\/ghrieb-letat-a-les-moyens-dassumer-une-prise-en-charge-a-100\/\" \/>\n<meta property=\"og:site_name\" content=\"La Sentinelle\" \/>\n<meta property=\"article:publisher\" content=\"https:\/\/www.facebook.com\/La-Sentinelle-104059864394773\" \/>\n<meta property=\"article:published_time\" content=\"2026-09-01T10:14:01+00:00\" \/>\n<meta property=\"article:modified_time\" content=\"2026-09-01T10:14:04+00:00\" \/>\n<meta property=\"og:image\" content=\"https:\/\/lasentinelle.dz\/wp-content\/uploads\/2026\/09\/Ghrieb.jpeg\" \/>\n\t<meta property=\"og:image:width\" content=\"1440\" \/>\n\t<meta property=\"og:image:height\" content=\"1008\" \/>\n\t<meta property=\"og:image:type\" content=\"image\/jpeg\" \/>\n<meta name=\"author\" content=\"admin\" \/>\n<meta name=\"twitter:card\" content=\"summary_large_image\" \/>\n<meta name=\"twitter:label1\" content=\"\u00c9crit par\" \/>\n\t<meta name=\"twitter:data1\" content=\"admin\" \/>\n\t<meta name=\"twitter:label2\" content=\"Dur\u00e9e de lecture estim\u00e9e\" \/>\n\t<meta name=\"twitter:data2\" content=\"6 minutes\" \/>\n<script type=\"application\/ld+json\" class=\"yoast-schema-graph\">{\"@context\":\"https:\\\/\\\/schema.org\",\"@graph\":[{\"@type\":\"Article\",\"@id\":\"https:\\\/\\\/lasentinelle.dz\\\/index.php\\\/2026\\\/09\\\/01\\\/ghrieb-letat-a-les-moyens-dassumer-une-prise-en-charge-a-100\\\/#article\",\"isPartOf\":{\"@id\":\"https:\\\/\\\/lasentinelle.dz\\\/index.php\\\/2026\\\/09\\\/01\\\/ghrieb-letat-a-les-moyens-dassumer-une-prise-en-charge-a-100\\\/\"},\"author\":{\"name\":\"admin\",\"@id\":\"https:\\\/\\\/lasentinelle.dz\\\/#\\\/schema\\\/person\\\/729ee0024f24e0b8c5ec17232f8e8b41\"},\"headline\":\"Ghrieb\u00a0: \u00ab\u00a0L&rsquo;Etat a les moyens d\u2019assumer une prise en charge \u00e0 100%\u00bb\",\"datePublished\":\"2026-09-01T10:14:01+00:00\",\"dateModified\":\"2026-09-01T10:14:04+00:00\",\"mainEntityOfPage\":{\"@id\":\"https:\\\/\\\/lasentinelle.dz\\\/index.php\\\/2026\\\/09\\\/01\\\/ghrieb-letat-a-les-moyens-dassumer-une-prise-en-charge-a-100\\\/\"},\"wordCount\":1246,\"commentCount\":0,\"publisher\":{\"@id\":\"https:\\\/\\\/lasentinelle.dz\\\/#organization\"},\"image\":{\"@id\":\"https:\\\/\\\/lasentinelle.dz\\\/index.php\\\/2026\\\/09\\\/01\\\/ghrieb-letat-a-les-moyens-dassumer-une-prise-en-charge-a-100\\\/#primaryimage\"},\"thumbnailUrl\":\"https:\\\/\\\/lasentinelle.dz\\\/wp-content\\\/uploads\\\/2026\\\/09\\\/Ghrieb.jpeg\",\"articleSection\":[\"\u00c0 la Une\",\"Actualit\u00e9\"],\"inLanguage\":\"fr-FR\",\"potentialAction\":[{\"@type\":\"CommentAction\",\"name\":\"Comment\",\"target\":[\"https:\\\/\\\/lasentinelle.dz\\\/index.php\\\/2026\\\/09\\\/01\\\/ghrieb-letat-a-les-moyens-dassumer-une-prise-en-charge-a-100\\\/#respond\"]}]},{\"@type\":\"WebPage\",\"@id\":\"https:\\\/\\\/lasentinelle.dz\\\/index.php\\\/2026\\\/09\\\/01\\\/ghrieb-letat-a-les-moyens-dassumer-une-prise-en-charge-a-100\\\/\",\"url\":\"https:\\\/\\\/lasentinelle.dz\\\/index.php\\\/2026\\\/09\\\/01\\\/ghrieb-letat-a-les-moyens-dassumer-une-prise-en-charge-a-100\\\/\",\"name\":\"Ghrieb\u00a0: \u00ab\u00a0L&rsquo;Etat a les moyens d\u2019assumer une prise en charge \u00e0 100%\u00bb - La Sentinelle\",\"isPartOf\":{\"@id\":\"https:\\\/\\\/lasentinelle.dz\\\/#website\"},\"primaryImageOfPage\":{\"@id\":\"https:\\\/\\\/lasentinelle.dz\\\/index.php\\\/2026\\\/09\\\/01\\\/ghrieb-letat-a-les-moyens-dassumer-une-prise-en-charge-a-100\\\/#primaryimage\"},\"image\":{\"@id\":\"https:\\\/\\\/lasentinelle.dz\\\/index.php\\\/2026\\\/09\\\/01\\\/ghrieb-letat-a-les-moyens-dassumer-une-prise-en-charge-a-100\\\/#primaryimage\"},\"thumbnailUrl\":\"https:\\\/\\\/lasentinelle.dz\\\/wp-content\\\/uploads\\\/2026\\\/09\\\/Ghrieb.jpeg\",\"datePublished\":\"2026-09-01T10:14:01+00:00\",\"dateModified\":\"2026-09-01T10:14:04+00:00\",\"breadcrumb\":{\"@id\":\"https:\\\/\\\/lasentinelle.dz\\\/index.php\\\/2026\\\/09\\\/01\\\/ghrieb-letat-a-les-moyens-dassumer-une-prise-en-charge-a-100\\\/#breadcrumb\"},\"inLanguage\":\"fr-FR\",\"potentialAction\":[{\"@type\":\"ReadAction\",\"target\":[\"https:\\\/\\\/lasentinelle.dz\\\/index.php\\\/2026\\\/09\\\/01\\\/ghrieb-letat-a-les-moyens-dassumer-une-prise-en-charge-a-100\\\/\"]}]},{\"@type\":\"ImageObject\",\"inLanguage\":\"fr-FR\",\"@id\":\"https:\\\/\\\/lasentinelle.dz\\\/index.php\\\/2026\\\/09\\\/01\\\/ghrieb-letat-a-les-moyens-dassumer-une-prise-en-charge-a-100\\\/#primaryimage\",\"url\":\"https:\\\/\\\/lasentinelle.dz\\\/wp-content\\\/uploads\\\/2026\\\/09\\\/Ghrieb.jpeg\",\"contentUrl\":\"https:\\\/\\\/lasentinelle.dz\\\/wp-content\\\/uploads\\\/2026\\\/09\\\/Ghrieb.jpeg\",\"width\":1440,\"height\":1008},{\"@type\":\"BreadcrumbList\",\"@id\":\"https:\\\/\\\/lasentinelle.dz\\\/index.php\\\/2026\\\/09\\\/01\\\/ghrieb-letat-a-les-moyens-dassumer-une-prise-en-charge-a-100\\\/#breadcrumb\",\"itemListElement\":[{\"@type\":\"ListItem\",\"position\":1,\"name\":\"Accueil\",\"item\":\"https:\\\/\\\/lasentinelle.dz\\\/\"},{\"@type\":\"ListItem\",\"position\":2,\"name\":\"Ghrieb\u00a0: \u00ab\u00a0L&rsquo;Etat a les moyens d\u2019assumer une prise en charge \u00e0 100%\u00bb\"}]},{\"@type\":\"WebSite\",\"@id\":\"https:\\\/\\\/lasentinelle.dz\\\/#website\",\"url\":\"https:\\\/\\\/lasentinelle.dz\\\/\",\"name\":\"La Sentinelle\",\"description\":\"Quotidien national d&#039;information\",\"publisher\":{\"@id\":\"https:\\\/\\\/lasentinelle.dz\\\/#organization\"},\"potentialAction\":[{\"@type\":\"SearchAction\",\"target\":{\"@type\":\"EntryPoint\",\"urlTemplate\":\"https:\\\/\\\/lasentinelle.dz\\\/?s={search_term_string}\"},\"query-input\":{\"@type\":\"PropertyValueSpecification\",\"valueRequired\":true,\"valueName\":\"search_term_string\"}}],\"inLanguage\":\"fr-FR\"},{\"@type\":\"Organization\",\"@id\":\"https:\\\/\\\/lasentinelle.dz\\\/#organization\",\"name\":\"Quotidien La Sentinelle\",\"url\":\"https:\\\/\\\/lasentinelle.dz\\\/\",\"logo\":{\"@type\":\"ImageObject\",\"inLanguage\":\"fr-FR\",\"@id\":\"https:\\\/\\\/lasentinelle.dz\\\/#\\\/schema\\\/logo\\\/image\\\/\",\"url\":\"https:\\\/\\\/lasentinelle.dz\\\/wp-content\\\/uploads\\\/2021\\\/09\\\/logo-sentinelleSLOGAN-1.png\",\"contentUrl\":\"https:\\\/\\\/lasentinelle.dz\\\/wp-content\\\/uploads\\\/2021\\\/09\\\/logo-sentinelleSLOGAN-1.png\",\"width\":615,\"height\":142,\"caption\":\"Quotidien La Sentinelle\"},\"image\":{\"@id\":\"https:\\\/\\\/lasentinelle.dz\\\/#\\\/schema\\\/logo\\\/image\\\/\"},\"sameAs\":[\"https:\\\/\\\/www.facebook.com\\\/La-Sentinelle-104059864394773\"]},{\"@type\":\"Person\",\"@id\":\"https:\\\/\\\/lasentinelle.dz\\\/#\\\/schema\\\/person\\\/729ee0024f24e0b8c5ec17232f8e8b41\",\"name\":\"admin\",\"image\":{\"@type\":\"ImageObject\",\"inLanguage\":\"fr-FR\",\"@id\":\"https:\\\/\\\/secure.gravatar.com\\\/avatar\\\/4c81fed838786e9b53f540bf46533e750f5d292099ae3b66cfc6fb1982e29df7?s=96&d=mm&r=g\",\"url\":\"https:\\\/\\\/secure.gravatar.com\\\/avatar\\\/4c81fed838786e9b53f540bf46533e750f5d292099ae3b66cfc6fb1982e29df7?s=96&d=mm&r=g\",\"contentUrl\":\"https:\\\/\\\/secure.gravatar.com\\\/avatar\\\/4c81fed838786e9b53f540bf46533e750f5d292099ae3b66cfc6fb1982e29df7?s=96&d=mm&r=g\",\"caption\":\"admin\"},\"description\":\"admin\",\"url\":\"https:\\\/\\\/lasentinelle.dz\\\/author\\\/admin\\\/\"}]}<\/script>\n<!-- \/ Yoast SEO plugin. -->","yoast_head_json":{"title":"Ghrieb\u00a0: \u00ab\u00a0L&rsquo;Etat a les moyens d\u2019assumer une prise en charge \u00e0 100%\u00bb - La Sentinelle","robots":{"index":"index","follow":"follow","max-snippet":"max-snippet:-1","max-image-preview":"max-image-preview:large","max-video-preview":"max-video-preview:-1"},"canonical":"https:\/\/lasentinelle.dz\/index.php\/2026\/09\/01\/ghrieb-letat-a-les-moyens-dassumer-une-prise-en-charge-a-100\/","og_locale":"fr_FR","og_type":"article","og_title":"Ghrieb\u00a0: \u00ab\u00a0L&rsquo;Etat a les moyens d\u2019assumer une prise en charge \u00e0 100%\u00bb - La Sentinelle","og_description":"M\u00eame un clou d\u00e9truit sera indemnis\u00e9. C&rsquo;est en ces termes que le Premier ministre, Sifi Ghrieb, a r\u00e9sum\u00e9 lundi la","og_url":"https:\/\/lasentinelle.dz\/index.php\/2026\/09\/01\/ghrieb-letat-a-les-moyens-dassumer-une-prise-en-charge-a-100\/","og_site_name":"La Sentinelle","article_publisher":"https:\/\/www.facebook.com\/La-Sentinelle-104059864394773","article_published_time":"2026-09-01T10:14:01+00:00","article_modified_time":"2026-09-01T10:14:04+00:00","og_image":[{"width":1440,"height":1008,"url":"https:\/\/lasentinelle.dz\/wp-content\/uploads\/2026\/09\/Ghrieb.jpeg","type":"image\/jpeg"}],"author":"admin","twitter_card":"summary_large_image","twitter_misc":{"\u00c9crit par":"admin","Dur\u00e9e de lecture estim\u00e9e":"6 minutes"},"schema":{"@context":"https:\/\/schema.org","@graph":[{"@type":"Article","@id":"https:\/\/lasentinelle.dz\/index.php\/2026\/09\/01\/ghrieb-letat-a-les-moyens-dassumer-une-prise-en-charge-a-100\/#article","isPartOf":{"@id":"https:\/\/lasentinelle.dz\/index.php\/2026\/09\/01\/ghrieb-letat-a-les-moyens-dassumer-une-prise-en-charge-a-100\/"},"author":{"name":"admin","@id":"https:\/\/lasentinelle.dz\/#\/schema\/person\/729ee0024f24e0b8c5ec17232f8e8b41"},"headline":"Ghrieb\u00a0: \u00ab\u00a0L&rsquo;Etat a les moyens d\u2019assumer une prise en charge \u00e0 100%\u00bb","datePublished":"2026-09-01T10:14:01+00:00","dateModified":"2026-09-01T10:14:04+00:00","mainEntityOfPage":{"@id":"https:\/\/lasentinelle.dz\/index.php\/2026\/09\/01\/ghrieb-letat-a-les-moyens-dassumer-une-prise-en-charge-a-100\/"},"wordCount":1246,"commentCount":0,"publisher":{"@id":"https:\/\/lasentinelle.dz\/#organization"},"image":{"@id":"https:\/\/lasentinelle.dz\/index.php\/2026\/09\/01\/ghrieb-letat-a-les-moyens-dassumer-une-prise-en-charge-a-100\/#primaryimage"},"thumbnailUrl":"https:\/\/lasentinelle.dz\/wp-content\/uploads\/2026\/09\/Ghrieb.jpeg","articleSection":["\u00c0 la Une","Actualit\u00e9"],"inLanguage":"fr-FR","potentialAction":[{"@type":"CommentAction","name":"Comment","target":["https:\/\/lasentinelle.dz\/index.php\/2026\/09\/01\/ghrieb-letat-a-les-moyens-dassumer-une-prise-en-charge-a-100\/#respond"]}]},{"@type":"WebPage","@id":"https:\/\/lasentinelle.dz\/index.php\/2026\/09\/01\/ghrieb-letat-a-les-moyens-dassumer-une-prise-en-charge-a-100\/","url":"https:\/\/lasentinelle.dz\/index.php\/2026\/09\/01\/ghrieb-letat-a-les-moyens-dassumer-une-prise-en-charge-a-100\/","name":"Ghrieb\u00a0: \u00ab\u00a0L&rsquo;Etat a les moyens d\u2019assumer une prise en charge \u00e0 100%\u00bb - La Sentinelle","isPartOf":{"@id":"https:\/\/lasentinelle.dz\/#website"},"primaryImageOfPage":{"@id":"https:\/\/lasentinelle.dz\/index.php\/2026\/09\/01\/ghrieb-letat-a-les-moyens-dassumer-une-prise-en-charge-a-100\/#primaryimage"},"image":{"@id":"https:\/\/lasentinelle.dz\/index.php\/2026\/09\/01\/ghrieb-letat-a-les-moyens-dassumer-une-prise-en-charge-a-100\/#primaryimage"},"thumbnailUrl":"https:\/\/lasentinelle.dz\/wp-content\/uploads\/2026\/09\/Ghrieb.jpeg","datePublished":"2026-09-01T10:14:01+00:00","dateModified":"2026-09-01T10:14:04+00:00","breadcrumb":{"@id":"https:\/\/lasentinelle.dz\/index.php\/2026\/09\/01\/ghrieb-letat-a-les-moyens-dassumer-une-prise-en-charge-a-100\/#breadcrumb"},"inLanguage":"fr-FR","potentialAction":[{"@type":"ReadAction","target":["https:\/\/lasentinelle.dz\/index.php\/2026\/09\/01\/ghrieb-letat-a-les-moyens-dassumer-une-prise-en-charge-a-100\/"]}]},{"@type":"ImageObject","inLanguage":"fr-FR","@id":"https:\/\/lasentinelle.dz\/index.php\/2026\/09\/01\/ghrieb-letat-a-les-moyens-dassumer-une-prise-en-charge-a-100\/#primaryimage","url":"https:\/\/lasentinelle.dz\/wp-content\/uploads\/2026\/09\/Ghrieb.jpeg","contentUrl":"https:\/\/lasentinelle.dz\/wp-content\/uploads\/2026\/09\/Ghrieb.jpeg","width":1440,"height":1008},{"@type":"BreadcrumbList","@id":"https:\/\/lasentinelle.dz\/index.php\/2026\/09\/01\/ghrieb-letat-a-les-moyens-dassumer-une-prise-en-charge-a-100\/#breadcrumb","itemListElement":[{"@type":"ListItem","position":1,"name":"Accueil","item":"https:\/\/lasentinelle.dz\/"},{"@type":"ListItem","position":2,"name":"Ghrieb\u00a0: \u00ab\u00a0L&rsquo;Etat a les moyens d\u2019assumer une prise en charge \u00e0 100%\u00bb"}]},{"@type":"WebSite","@id":"https:\/\/lasentinelle.dz\/#website","url":"https:\/\/lasentinelle.dz\/","name":"La Sentinelle","description":"Quotidien national d&#039;information","publisher":{"@id":"https:\/\/lasentinelle.dz\/#organization"},"potentialAction":[{"@type":"SearchAction","target":{"@type":"EntryPoint","urlTemplate":"https:\/\/lasentinelle.dz\/?s={search_term_string}"},"query-input":{"@type":"PropertyValueSpecification","valueRequired":true,"valueName":"search_term_string"}}],"inLanguage":"fr-FR"},{"@type":"Organization","@id":"https:\/\/lasentinelle.dz\/#organization","name":"Quotidien La Sentinelle","url":"https:\/\/lasentinelle.dz\/","logo":{"@type":"ImageObject","inLanguage":"fr-FR","@id":"https:\/\/lasentinelle.dz\/#\/schema\/logo\/image\/","url":"https:\/\/lasentinelle.dz\/wp-content\/uploads\/2021\/09\/logo-sentinelleSLOGAN-1.png","contentUrl":"https:\/\/lasentinelle.dz\/wp-content\/uploads\/2021\/09\/logo-sentinelleSLOGAN-1.png","width":615,"height":142,"caption":"Quotidien La Sentinelle"},"image":{"@id":"https:\/\/lasentinelle.dz\/#\/schema\/logo\/image\/"},"sameAs":["https:\/\/www.facebook.com\/La-Sentinelle-104059864394773"]},{"@type":"Person","@id":"https:\/\/lasentinelle.dz\/#\/schema\/person\/729ee0024f24e0b8c5ec17232f8e8b41","name":"admin","image":{"@type":"ImageObject","inLanguage":"fr-FR","@id":"https:\/\/secure.gravatar.com\/avatar\/4c81fed838786e9b53f540bf46533e750f5d292099ae3b66cfc6fb1982e29df7?s=96&d=mm&r=g","url":"https:\/\/secure.gravatar.com\/avatar\/4c81fed838786e9b53f540bf46533e750f5d292099ae3b66cfc6fb1982e29df7?s=96&d=mm&r=g","contentUrl":"https:\/\/secure.gravatar.com\/avatar\/4c81fed838786e9b53f540bf46533e750f5d292099ae3b66cfc6fb1982e29df7?s=96&d=mm&r=g","caption":"admin"},"description":"admin","url":"https:\/\/lasentinelle.dz\/author\/admin\/"}]}},"_links":{"self":[{"href":"https:\/\/lasentinelle.dz\/index.php\/wp-json\/wp\/v2\/posts\/94761","targetHints":{"allow":["GET"]}}],"collection":[{"href":"https:\/\/lasentinelle.dz\/index.php\/wp-json\/wp\/v2\/posts"}],"about":[{"href":"https:\/\/lasentinelle.dz\/index.php\/wp-json\/wp\/v2\/types\/post"}],"author":[{"embeddable":true,"href":"https:\/\/lasentinelle.dz\/index.php\/wp-json\/wp\/v2\/users\/6"}],"replies":[{"embeddable":true,"href":"https:\/\/lasentinelle.dz\/index.php\/wp-json\/wp\/v2\/comments?post=94761"}],"version-history":[{"count":2,"href":"https:\/\/lasentinelle.dz\/index.php\/wp-json\/wp\/v2\/posts\/94761\/revisions"}],"predecessor-version":[{"id":94764,"href":"https:\/\/lasentinelle.dz\/index.php\/wp-json\/wp\/v2\/posts\/94761\/revisions\/94764"}],"wp:featuredmedia":[{"embeddable":true,"href":"https:\/\/lasentinelle.dz\/index.php\/wp-json\/wp\/v2\/media\/94762"}],"wp:attachment":[{"href":"https:\/\/lasentinelle.dz\/index.php\/wp-json\/wp\/v2\/media?parent=94761"}],"wp:term":[{"taxonomy":"category","embeddable":true,"href":"https:\/\/lasentinelle.dz\/index.php\/wp-json\/wp\/v2\/categories?post=94761"},{"taxonomy":"post_tag","embeddable":true,"href":"https:\/\/lasentinelle.dz\/index.php\/wp-json\/wp\/v2\/tags?post=94761"}],"curies":[{"name":"wp","href":"https:\/\/api.w.org\/{rel}","templated":true}]}}