{"id":94765,"date":"2026-09-01T11:14:58","date_gmt":"2026-09-01T10:14:58","guid":{"rendered":"https:\/\/lasentinelle.dz\/?p=94765"},"modified":"2026-09-01T11:15:06","modified_gmt":"2026-09-01T10:15:06","slug":"le-president-tebboune-prend-des-mesures-fermes-apres-les-incendies-place-a-la-reconstruction","status":"publish","type":"post","link":"https:\/\/lasentinelle.dz\/index.php\/2026\/09\/01\/le-president-tebboune-prend-des-mesures-fermes-apres-les-incendies-place-a-la-reconstruction\/","title":{"rendered":"Le pr\u00e9sident Tebboune prend des mesures fermes apr\u00e8s les incendies\u00a0: Place \u00e0 la reconstruction"},"content":{"rendered":"\n<p class=\"wp-block-paragraph\">Au lendemain des incendies qui ont endeuill\u00e9 plusieurs wilayas de l&rsquo;est et du centre du pays, l&rsquo;Alg\u00e9rie a choisi de r\u00e9pondre par l\u2019unit\u00e9, la solidarit\u00e9 et par la reconstruction et la r\u00e9paration rapide de ce qui a \u00e9t\u00e9 d\u00e9truit par les flammes. Indemnisation int\u00e9grale des sinistr\u00e9s, relogement imm\u00e9diat, r\u00e9seaux vitaux r\u00e9tablis avant le 5 septembre, nouvelles normes de construction en zones foresti\u00e8res, le pr\u00e9sident Abdelmadjid Tebboune a fix\u00e9 un cap pr\u00e9cis et des d\u00e9lais serr\u00e9s, port\u00e9 par un message de r\u00e9silience assum\u00e9, celui d&rsquo;un pays qui, une fois encore, entend se relever de l&rsquo;\u00e9preuve pour repartir de l&rsquo;avant.<\/p>\n\n\n\n<p class=\"wp-block-paragraph\">Reconstruire vite, indemniser sans exception et remettre l&rsquo;Alg\u00e9rie debout. C&rsquo;est le fil conducteur de la r\u00e9union pr\u00e9sid\u00e9e dimanche par Abdelmadjid Tebboune au si\u00e8ge de la Pr\u00e9sidence de la R\u00e9publique, consacr\u00e9e \u00e0 la prise en charge des cons\u00e9quences des incendies qui ont frapp\u00e9 plusieurs wilayas de l&rsquo;est et du centre du pays. &nbsp;Au-del\u00e0 de l&rsquo;\u00e9motion et des annonces s\u00e9curitaires qui ont suivi, c&rsquo;est un plan de reconstruction d&rsquo;ensemble que le chef de l&rsquo;Etat a mis sur la table, avec des \u00e9ch\u00e9ances resserr\u00e9es et un principe simple, celui d&rsquo;une prise en charge totale, sans distinction de nature ni d&rsquo;ampleur des pertes.<\/p>\n\n\n\n<p class=\"wp-block-paragraph\">Sur l&rsquo;indemnisation, pr\u00e9cis\u00e9ment, le pr\u00e9sident a voulu couper court \u00e0 toute ambigu\u00eft\u00e9. Il a annonc\u00e9 la mise en place de commissions charg\u00e9es du recensement et de l&rsquo;inventaire des d\u00e9g\u00e2ts pour d\u00e9terminer l&rsquo;ampleur exacte des pertes, ordonnant \u00e0 l&rsquo;ensemble des secteurs de redoubler d&rsquo;efforts et de mobiliser tous les moyens n\u00e9cessaires afin de garantir le bon d\u00e9roulement de cette \u00e9valuation. Il a pr\u00e9cis\u00e9 que le minist\u00e8re des Finances travaillait d\u00e9j\u00e0 \u00e0 fixer les modalit\u00e9s de la formule d&rsquo;indemnisation, s&rsquo;engageant \u00e0 ce que les sinistr\u00e9s soient couverts pour tout ce qu&rsquo;ils ont perdu, quelle que soit la nature de ces pertes, habitations, biens, cultures ou cheptel. Un engagement que le Premier ministre, Sifi Ghrieb, a traduit d\u00e8s le lendemain en \u00e9ch\u00e9ance ferme, fixant au 15 septembre l&rsquo;ach\u00e8vement de cette op\u00e9ration et martelant devant les walis que l&rsquo;Etat dispose de tous les moyens mat\u00e9riels, humains et logistiques pour assumer seul l&rsquo;ensemble de ces charges.<\/p>\n\n\n\n<p class=\"wp-block-paragraph\">Le relogement constitue le second pilier de ce dispositif. Le pr\u00e9sident a enjoint au ministre de l&rsquo;Habitat, de l&rsquo;Urbanisme, de la Ville et de l&rsquo;Am\u00e9nagement du territoire de prendre, en coordination avec les walis, toutes les mesures n\u00e9cessaires pour entamer imm\u00e9diatement l&rsquo;op\u00e9ration de relogement des sinistr\u00e9s, afin de permettre un retour \u00e0 la vie normale dans les meilleurs d\u00e9lais. Il a \u00e9galement ordonn\u00e9 que des \u00e9tudes sp\u00e9cifiques soient men\u00e9es par des experts sur les normes de r\u00e9alisation des logements en zones foresti\u00e8res, pour mieux prot\u00e9ger les citoyens contre de futurs d\u00e9parts de feu, une orientation reprise d\u00e8s le lendemain par le gouvernement \u00e0 travers l&rsquo;ouverture d&rsquo;un groupe de travail charg\u00e9 de pr\u00e9parer un texte de loi sur ces nouvelles normes de construction.<\/p>\n\n\n\n<p class=\"wp-block-paragraph\">Sur le r\u00e9tablissement des services essentiels, le pr\u00e9sident a fix\u00e9 un cap pr\u00e9cis, au plus tard samedi prochain, la r\u00e9paration des r\u00e9seaux d&rsquo;eau potable, de gaz et d&rsquo;\u00e9lectricit\u00e9, ainsi que du r\u00e9seau de t\u00e9l\u00e9communications, sera prise en charge, afin de garantir le retour des citoyens \u00e0 leurs logements en tout confort et s\u00e9curit\u00e9. Une \u00e9ch\u00e9ance que les ministres des Ressources en eau, de l&rsquo;Energie et des Travaux publics ont \u00e9t\u00e9 somm\u00e9s de respecter scrupuleusement, selon les instructions relay\u00e9es lors de la r\u00e9union gouvernementale du lendemain.<\/p>\n\n\n\n<p class=\"wp-block-paragraph\">C&rsquo;est cependant dans le registre du sursaut national que le message pr\u00e9sidentiel prend tout son relief. Face \u00e0 des feux dont il a lui-m\u00eame relev\u00e9 le caract\u00e8re suspect, notamment ceux d\u00e9clench\u00e9s \u00e0 une heure du matin et propag\u00e9s rapidement en l&rsquo;absence de vent, Tebboune a choisi de ne pas s&rsquo;arr\u00eater au constat. \u00ab Il est vrai que nous sommes \u00e9prouv\u00e9s par la perte de nos concitoyennes et concitoyens, mais cela ne nous d\u00e9couragera pas \u00bb, a-t-il affirm\u00e9, avant d&rsquo;ajouter que quiconque pense que l&rsquo;Alg\u00e9rie \u00e9chouera se trompe, elle qui est connue pour ses sacrifices et que nul ne peut faire plier. Il a ainsi soulign\u00e9 que l\u2019Alg\u00e9rie \u00ab&nbsp;est un Phoenix qui rena\u00eet de ses cendres&nbsp;\u00bb. Une mani\u00e8re, pour le chef de l&rsquo;Etat, de poser la reconstruction moins comme une simple r\u00e9paration mat\u00e9rielle que la traduction de la capacit\u00e9 du pays \u00e0 se redresser apr\u00e8s l&rsquo;\u00e9preuve, dans la continuit\u00e9 d&rsquo;une histoire nationale marqu\u00e9e par les sacrifices et les rel\u00e8vements successifs.<\/p>\n\n\n\n<p class=\"wp-block-paragraph\">Le pr\u00e9sident a d&rsquo;ailleurs \u00e9largi cette lecture au-del\u00e0 du seul dossier des incendies, soulignant que l&rsquo;enjeu est d\u00e9sormais de faire face \u00e0 tous ceux qui tentent d&rsquo;affaiblir l&rsquo;Alg\u00e9rie et de porter atteinte \u00e0 son unit\u00e9, avant d&rsquo;assurer que le pays est capable de surmonter toutes les \u00e9preuves et les circonstances. Un discours de r\u00e9silience qui a trouv\u00e9 un prolongement concret d\u00e8s le lendemain, lorsque le Premier ministre a salu\u00e9 l&rsquo;\u00e9lan de solidarit\u00e9 des Alg\u00e9riens, de l&rsquo;int\u00e9rieur comme de la diaspora, mobilis\u00e9s en soutien aux wilayas sinistr\u00e9es.<\/p>\n\n\n\n<p class=\"wp-block-paragraph\">C&rsquo;est enfin sur le terrain judiciaire que le chef de l&rsquo;Etat a voulu marquer les esprits, en ordonnant au ministre de la Justice de modifier le Code p\u00e9nal avant le 15 septembre afin de r\u00e9instaurer la peine de mort, avec ex\u00e9cution, contre les individus impliqu\u00e9s dans des incendies volontaires, apr\u00e8s \u00e9puisement de toutes les voies de recours garanties par la loi. Le texte doit \u00eatre soumis au gouvernement d\u00e8s cette semaine avant sa transmission \u00e0 l&rsquo;Assembl\u00e9e populaire nationale. \u00ab Celui qui pense que la loi ne sera pas appliqu\u00e9e doit savoir que la soci\u00e9t\u00e9 et la justice lui demanderont des comptes \u00bb, a averti le pr\u00e9sident, qui a r\u00e9v\u00e9l\u00e9 que des arrestations avaient d\u00e9j\u00e0 eu lieu parmi les personnes soup\u00e7onn\u00e9es d&rsquo;avoir d\u00e9clench\u00e9 ces feux.<\/p>\n\n\n\n<p class=\"wp-block-paragraph\">Hocine Fadheli<\/p>\n","protected":false},"excerpt":{"rendered":"<p>Au lendemain des incendies qui ont endeuill\u00e9 plusieurs wilayas de l&rsquo;est et du centre du pays, l&rsquo;Alg\u00e9rie a choisi de<\/p>\n","protected":false},"author":6,"featured_media":94766,"comment_status":"open","ping_status":"closed","sticky":false,"template":"","format":"standard","meta":{"colormag_page_container_layout":"default_layout","colormag_page_sidebar_layout":"default_layout","om_disable_all_campaigns":false,"_monsterinsights_skip_tracking":false,"footnotes":"","_wpscppro_dont_share_socialmedia":false,"_wpscppro_custom_social_share_image":0,"_facebook_share_type":"default","_twitter_share_type":"default","_linkedin_share_type":"default","_pinterest_share_type":"default","_linkedin_share_type_page":"","_instagram_share_type":"default","_medium_share_type":"default","_threads_share_type":"default","_google_business_share_type":"default","_bluesky_share_type":"default","_mastodon_share_type":"default","_selected_social_profile":[],"_wpsp_enable_custom_social_template":false,"_wpsp_social_scheduling":{"enabled":false,"datetime":null,"platforms":[],"status":"template_only","dateOption":"today","timeOption":"now","customDays":"","customHours":"","customDate":"","customTime":"","schedulingType":"absolute"},"_wpsp_active_default_template":true},"categories":[52,27],"tags":[],"class_list":["post-94765","post","type-post","status-publish","format-standard","has-post-thumbnail","hentry","category-a-la-une","category-actualite"],"aioseo_notices":[],"aioseo_head":"\n\t\t<!-- All in One SEO 5.0.0.1 - aioseo.com -->\n\t<meta name=\"description\" content=\"Au lendemain des incendies qui ont endeuill\u00e9 plusieurs wilayas de l&#039;est et du centre du pays, l&#039;Alg\u00e9rie a choisi de r\u00e9pondre par l\u2019unit\u00e9, la solidarit\u00e9 et par la reconstruction et la r\u00e9paration rapide de ce qui a \u00e9t\u00e9 d\u00e9truit par les flammes. Indemnisation int\u00e9grale des sinistr\u00e9s, relogement imm\u00e9diat, r\u00e9seaux vitaux r\u00e9tablis avant le 5 septembre,\" \/>\n\t<meta name=\"robots\" content=\"max-image-preview:large\" \/>\n\t<meta name=\"author\" content=\"admin\"\/>\n\t<link rel=\"canonical\" href=\"https:\/\/lasentinelle.dz\/index.php\/2026\/09\/01\/le-president-tebboune-prend-des-mesures-fermes-apres-les-incendies-place-a-la-reconstruction\/\" \/>\n\t<meta name=\"generator\" content=\"All in One SEO (AIOSEO) 5.0.0.1\" \/>\n\t\t<meta property=\"og:locale\" content=\"fr_FR\" \/>\n\t\t<meta property=\"og:site_name\" content=\"La Sentinelle - Quotidien national d&#039;information\" \/>\n\t\t<meta property=\"og:type\" content=\"article\" \/>\n\t\t<meta property=\"og:title\" content=\"Le pr\u00e9sident Tebboune prend des mesures fermes apr\u00e8s les incendies : Place \u00e0 la reconstruction - La Sentinelle\" \/>\n\t\t<meta property=\"og:description\" content=\"Au lendemain des incendies qui ont endeuill\u00e9 plusieurs wilayas de l&#039;est et du centre du pays, l&#039;Alg\u00e9rie a choisi de r\u00e9pondre par l\u2019unit\u00e9, la solidarit\u00e9 et par la reconstruction et la r\u00e9paration rapide de ce qui a \u00e9t\u00e9 d\u00e9truit par les flammes. Indemnisation int\u00e9grale des sinistr\u00e9s, relogement imm\u00e9diat, r\u00e9seaux vitaux r\u00e9tablis avant le 5 septembre,\" \/>\n\t\t<meta property=\"og:url\" content=\"https:\/\/lasentinelle.dz\/index.php\/2026\/09\/01\/le-president-tebboune-prend-des-mesures-fermes-apres-les-incendies-place-a-la-reconstruction\/\" \/>\n\t\t<meta property=\"og:image\" content=\"https:\/\/lasentinelle.dz\/wp-content\/uploads\/2021\/09\/cropped-la-sentinelle-earth-golden-anima-5.gif\" \/>\n\t\t<meta property=\"og:image:secure_url\" content=\"https:\/\/lasentinelle.dz\/wp-content\/uploads\/2021\/09\/cropped-la-sentinelle-earth-golden-anima-5.gif\" \/>\n\t\t<meta property=\"og:image:width\" content=\"450\" \/>\n\t\t<meta property=\"og:image:height\" content=\"213\" \/>\n\t\t<meta property=\"article:published_time\" content=\"2026-09-01T10:14:58+00:00\" \/>\n\t\t<meta property=\"article:modified_time\" content=\"2026-09-01T10:15:06+00:00\" \/>\n\t\t<meta property=\"article:publisher\" content=\"https:\/\/www.facebook.com\/azzedine.lasentinelle.1\" \/>\n\t\t<meta name=\"twitter:card\" content=\"summary_large_image\" \/>\n\t\t<meta name=\"twitter:title\" content=\"Le pr\u00e9sident Tebboune prend des mesures fermes apr\u00e8s les incendies : Place \u00e0 la reconstruction - La Sentinelle\" \/>\n\t\t<meta name=\"twitter:description\" content=\"Au lendemain des incendies qui ont endeuill\u00e9 plusieurs wilayas de l&#039;est et du centre du pays, l&#039;Alg\u00e9rie a choisi de r\u00e9pondre par l\u2019unit\u00e9, la solidarit\u00e9 et par la reconstruction et la r\u00e9paration rapide de ce qui a \u00e9t\u00e9 d\u00e9truit par les flammes. Indemnisation int\u00e9grale des sinistr\u00e9s, relogement imm\u00e9diat, r\u00e9seaux vitaux r\u00e9tablis avant le 5 septembre,\" \/>\n\t\t<meta name=\"twitter:image\" content=\"https:\/\/lasentinelle.dz\/wp-content\/uploads\/2021\/09\/cropped-la-sentinelle-earth-golden-anima-5.gif\" \/>\n\t\t<script type=\"application\/ld+json\" class=\"aioseo-schema\">\n\t\t\t{\"@context\":\"https:\\\/\\\/schema.org\",\"@graph\":[{\"@type\":\"BlogPosting\",\"@id\":\"https:\\\/\\\/lasentinelle.dz\\\/index.php\\\/2026\\\/09\\\/01\\\/le-president-tebboune-prend-des-mesures-fermes-apres-les-incendies-place-a-la-reconstruction\\\/#blogposting\",\"name\":\"Le pr\\u00e9sident Tebboune prend des mesures fermes apr\\u00e8s les incendies : Place \\u00e0 la reconstruction - La Sentinelle\",\"headline\":\"Le pr\\u00e9sident Tebboune prend des mesures fermes apr\\u00e8s les incendies\\u00a0: Place \\u00e0 la reconstruction\",\"author\":{\"@id\":\"https:\\\/\\\/lasentinelle.dz\\\/author\\\/admin\\\/#author\"},\"publisher\":{\"@id\":\"https:\\\/\\\/lasentinelle.dz\\\/#organization\"},\"image\":{\"@type\":\"ImageObject\",\"url\":\"https:\\\/\\\/lasentinelle.dz\\\/wp-content\\\/uploads\\\/2026\\\/09\\\/conseil.jpg\",\"width\":1280,\"height\":853},\"datePublished\":\"2026-09-01T11:14:58+01:00\",\"dateModified\":\"2026-09-01T11:15:06+01:00\",\"inLanguage\":\"fr-FR\",\"mainEntityOfPage\":{\"@id\":\"https:\\\/\\\/lasentinelle.dz\\\/index.php\\\/2026\\\/09\\\/01\\\/le-president-tebboune-prend-des-mesures-fermes-apres-les-incendies-place-a-la-reconstruction\\\/#webpage\"},\"isPartOf\":{\"@id\":\"https:\\\/\\\/lasentinelle.dz\\\/index.php\\\/2026\\\/09\\\/01\\\/le-president-tebboune-prend-des-mesures-fermes-apres-les-incendies-place-a-la-reconstruction\\\/#webpage\"},\"articleSection\":\"\\u00c0 la Une, Actualit\\u00e9\"},{\"@type\":\"BreadcrumbList\",\"@id\":\"https:\\\/\\\/lasentinelle.dz\\\/index.php\\\/2026\\\/09\\\/01\\\/le-president-tebboune-prend-des-mesures-fermes-apres-les-incendies-place-a-la-reconstruction\\\/#breadcrumblist\",\"itemListElement\":[{\"@type\":\"ListItem\",\"@id\":\"https:\\\/\\\/lasentinelle.dz#listItem\",\"position\":1,\"name\":\"Home\",\"item\":\"https:\\\/\\\/lasentinelle.dz\",\"nextItem\":{\"@type\":\"ListItem\",\"@id\":\"https:\\\/\\\/lasentinelle.dz\\\/index.php\\\/category\\\/actualite\\\/#listItem\",\"name\":\"Actualit\\u00e9\"}},{\"@type\":\"ListItem\",\"@id\":\"https:\\\/\\\/lasentinelle.dz\\\/index.php\\\/category\\\/actualite\\\/#listItem\",\"position\":2,\"name\":\"Actualit\\u00e9\",\"item\":\"https:\\\/\\\/lasentinelle.dz\\\/index.php\\\/category\\\/actualite\\\/\",\"nextItem\":{\"@type\":\"ListItem\",\"@id\":\"https:\\\/\\\/lasentinelle.dz\\\/index.php\\\/2026\\\/09\\\/01\\\/le-president-tebboune-prend-des-mesures-fermes-apres-les-incendies-place-a-la-reconstruction\\\/#listItem\",\"name\":\"Le pr\\u00e9sident Tebboune prend des mesures fermes apr\\u00e8s les incendies\\u00a0: Place \\u00e0 la reconstruction\"},\"previousItem\":{\"@type\":\"ListItem\",\"@id\":\"https:\\\/\\\/lasentinelle.dz#listItem\",\"name\":\"Home\"}},{\"@type\":\"ListItem\",\"@id\":\"https:\\\/\\\/lasentinelle.dz\\\/index.php\\\/2026\\\/09\\\/01\\\/le-president-tebboune-prend-des-mesures-fermes-apres-les-incendies-place-a-la-reconstruction\\\/#listItem\",\"position\":3,\"name\":\"Le pr\\u00e9sident Tebboune prend des mesures fermes apr\\u00e8s les incendies\\u00a0: Place \\u00e0 la reconstruction\",\"previousItem\":{\"@type\":\"ListItem\",\"@id\":\"https:\\\/\\\/lasentinelle.dz\\\/index.php\\\/category\\\/actualite\\\/#listItem\",\"name\":\"Actualit\\u00e9\"}}]},{\"@type\":\"Organization\",\"@id\":\"https:\\\/\\\/lasentinelle.dz\\\/#organization\",\"name\":\"La Sentinelle La Sentinelle\",\"description\":\"Quotidien national d'information\",\"url\":\"https:\\\/\\\/lasentinelle.dz\\\/\",\"logo\":{\"@type\":\"ImageObject\",\"url\":\"https:\\\/\\\/lasentinelle.dz\\\/wp-content\\\/uploads\\\/2021\\\/09\\\/cropped-la-sentinelle-earth-golden-anima-5.gif\",\"@id\":\"https:\\\/\\\/lasentinelle.dz\\\/index.php\\\/2026\\\/09\\\/01\\\/le-president-tebboune-prend-des-mesures-fermes-apres-les-incendies-place-a-la-reconstruction\\\/#organizationLogo\",\"width\":450,\"height\":213},\"image\":{\"@id\":\"https:\\\/\\\/lasentinelle.dz\\\/index.php\\\/2026\\\/09\\\/01\\\/le-president-tebboune-prend-des-mesures-fermes-apres-les-incendies-place-a-la-reconstruction\\\/#organizationLogo\"},\"sameAs\":[\"https:\\\/\\\/www.facebook.com\\\/azzedine.lasentinelle.1\"]},{\"@type\":\"Person\",\"@id\":\"https:\\\/\\\/lasentinelle.dz\\\/author\\\/admin\\\/#author\",\"url\":\"https:\\\/\\\/lasentinelle.dz\\\/author\\\/admin\\\/\",\"name\":\"admin\",\"image\":{\"@type\":\"ImageObject\",\"@id\":\"https:\\\/\\\/lasentinelle.dz\\\/index.php\\\/2026\\\/09\\\/01\\\/le-president-tebboune-prend-des-mesures-fermes-apres-les-incendies-place-a-la-reconstruction\\\/#authorImage\",\"url\":\"https:\\\/\\\/secure.gravatar.com\\\/avatar\\\/4c81fed838786e9b53f540bf46533e750f5d292099ae3b66cfc6fb1982e29df7?s=96&d=mm&r=g\",\"width\":96,\"height\":96,\"caption\":\"admin\"}},{\"@type\":\"WebPage\",\"@id\":\"https:\\\/\\\/lasentinelle.dz\\\/index.php\\\/2026\\\/09\\\/01\\\/le-president-tebboune-prend-des-mesures-fermes-apres-les-incendies-place-a-la-reconstruction\\\/#webpage\",\"url\":\"https:\\\/\\\/lasentinelle.dz\\\/index.php\\\/2026\\\/09\\\/01\\\/le-president-tebboune-prend-des-mesures-fermes-apres-les-incendies-place-a-la-reconstruction\\\/\",\"name\":\"Le pr\\u00e9sident Tebboune prend des mesures fermes apr\\u00e8s les incendies : Place \\u00e0 la reconstruction - La Sentinelle\",\"description\":\"Au lendemain des incendies qui ont endeuill\\u00e9 plusieurs wilayas de l'est et du centre du pays, l'Alg\\u00e9rie a choisi de r\\u00e9pondre par l\\u2019unit\\u00e9, la solidarit\\u00e9 et par la reconstruction et la r\\u00e9paration rapide de ce qui a \\u00e9t\\u00e9 d\\u00e9truit par les flammes. Indemnisation int\\u00e9grale des sinistr\\u00e9s, relogement imm\\u00e9diat, r\\u00e9seaux vitaux r\\u00e9tablis avant le 5 septembre,\",\"inLanguage\":\"fr-FR\",\"isPartOf\":{\"@id\":\"https:\\\/\\\/lasentinelle.dz\\\/#website\"},\"breadcrumb\":{\"@id\":\"https:\\\/\\\/lasentinelle.dz\\\/index.php\\\/2026\\\/09\\\/01\\\/le-president-tebboune-prend-des-mesures-fermes-apres-les-incendies-place-a-la-reconstruction\\\/#breadcrumblist\"},\"author\":{\"@id\":\"https:\\\/\\\/lasentinelle.dz\\\/author\\\/admin\\\/#author\"},\"creator\":{\"@id\":\"https:\\\/\\\/lasentinelle.dz\\\/author\\\/admin\\\/#author\"},\"image\":{\"@type\":\"ImageObject\",\"url\":\"https:\\\/\\\/lasentinelle.dz\\\/wp-content\\\/uploads\\\/2026\\\/09\\\/conseil.jpg\",\"@id\":\"https:\\\/\\\/lasentinelle.dz\\\/index.php\\\/2026\\\/09\\\/01\\\/le-president-tebboune-prend-des-mesures-fermes-apres-les-incendies-place-a-la-reconstruction\\\/#mainImage\",\"width\":1280,\"height\":853},\"primaryImageOfPage\":{\"@id\":\"https:\\\/\\\/lasentinelle.dz\\\/index.php\\\/2026\\\/09\\\/01\\\/le-president-tebboune-prend-des-mesures-fermes-apres-les-incendies-place-a-la-reconstruction\\\/#mainImage\"},\"datePublished\":\"2026-09-01T11:14:58+01:00\",\"dateModified\":\"2026-09-01T11:15:06+01:00\"},{\"@type\":\"WebSite\",\"@id\":\"https:\\\/\\\/lasentinelle.dz\\\/#website\",\"url\":\"https:\\\/\\\/lasentinelle.dz\\\/\",\"name\":\"La Sentinelle\",\"description\":\"Quotidien national d'information\",\"inLanguage\":\"fr-FR\",\"publisher\":{\"@id\":\"https:\\\/\\\/lasentinelle.dz\\\/#organization\"}}]}\n\t\t<\/script>\n\t\t<!-- All in One SEO -->\n\n","aioseo_head_json":{"title":"Le pr\u00e9sident Tebboune prend des mesures fermes apr\u00e8s les incendies : Place \u00e0 la reconstruction - La Sentinelle","description":"Au lendemain des incendies qui ont endeuill\u00e9 plusieurs wilayas de l'est et du centre du pays, l'Alg\u00e9rie a choisi de r\u00e9pondre par l\u2019unit\u00e9, la solidarit\u00e9 et par la reconstruction et la r\u00e9paration rapide de ce qui a \u00e9t\u00e9 d\u00e9truit par les flammes. Indemnisation int\u00e9grale des sinistr\u00e9s, relogement imm\u00e9diat, r\u00e9seaux vitaux r\u00e9tablis avant le 5 septembre,","canonical_url":"https:\/\/lasentinelle.dz\/index.php\/2026\/09\/01\/le-president-tebboune-prend-des-mesures-fermes-apres-les-incendies-place-a-la-reconstruction\/","robots":"max-image-preview:large","keywords":"","webmasterTools":{"miscellaneous":""},"schema":{"@context":"https:\/\/schema.org","@graph":[{"@type":"BlogPosting","@id":"https:\/\/lasentinelle.dz\/index.php\/2026\/09\/01\/le-president-tebboune-prend-des-mesures-fermes-apres-les-incendies-place-a-la-reconstruction\/#blogposting","name":"Le pr\u00e9sident Tebboune prend des mesures fermes apr\u00e8s les incendies : Place \u00e0 la reconstruction - La Sentinelle","headline":"Le pr\u00e9sident Tebboune prend des mesures fermes apr\u00e8s les incendies\u00a0: Place \u00e0 la reconstruction","author":{"@id":"https:\/\/lasentinelle.dz\/author\/admin\/#author"},"publisher":{"@id":"https:\/\/lasentinelle.dz\/#organization"},"image":{"@type":"ImageObject","url":"https:\/\/lasentinelle.dz\/wp-content\/uploads\/2026\/09\/conseil.jpg","width":1280,"height":853},"datePublished":"2026-09-01T11:14:58+01:00","dateModified":"2026-09-01T11:15:06+01:00","inLanguage":"fr-FR","mainEntityOfPage":{"@id":"https:\/\/lasentinelle.dz\/index.php\/2026\/09\/01\/le-president-tebboune-prend-des-mesures-fermes-apres-les-incendies-place-a-la-reconstruction\/#webpage"},"isPartOf":{"@id":"https:\/\/lasentinelle.dz\/index.php\/2026\/09\/01\/le-president-tebboune-prend-des-mesures-fermes-apres-les-incendies-place-a-la-reconstruction\/#webpage"},"articleSection":"\u00c0 la Une, Actualit\u00e9"},{"@type":"BreadcrumbList","@id":"https:\/\/lasentinelle.dz\/index.php\/2026\/09\/01\/le-president-tebboune-prend-des-mesures-fermes-apres-les-incendies-place-a-la-reconstruction\/#breadcrumblist","itemListElement":[{"@type":"ListItem","@id":"https:\/\/lasentinelle.dz#listItem","position":1,"name":"Home","item":"https:\/\/lasentinelle.dz","nextItem":{"@type":"ListItem","@id":"https:\/\/lasentinelle.dz\/index.php\/category\/actualite\/#listItem","name":"Actualit\u00e9"}},{"@type":"ListItem","@id":"https:\/\/lasentinelle.dz\/index.php\/category\/actualite\/#listItem","position":2,"name":"Actualit\u00e9","item":"https:\/\/lasentinelle.dz\/index.php\/category\/actualite\/","nextItem":{"@type":"ListItem","@id":"https:\/\/lasentinelle.dz\/index.php\/2026\/09\/01\/le-president-tebboune-prend-des-mesures-fermes-apres-les-incendies-place-a-la-reconstruction\/#listItem","name":"Le pr\u00e9sident Tebboune prend des mesures fermes apr\u00e8s les incendies\u00a0: Place \u00e0 la reconstruction"},"previousItem":{"@type":"ListItem","@id":"https:\/\/lasentinelle.dz#listItem","name":"Home"}},{"@type":"ListItem","@id":"https:\/\/lasentinelle.dz\/index.php\/2026\/09\/01\/le-president-tebboune-prend-des-mesures-fermes-apres-les-incendies-place-a-la-reconstruction\/#listItem","position":3,"name":"Le pr\u00e9sident Tebboune prend des mesures fermes apr\u00e8s les incendies\u00a0: Place \u00e0 la reconstruction","previousItem":{"@type":"ListItem","@id":"https:\/\/lasentinelle.dz\/index.php\/category\/actualite\/#listItem","name":"Actualit\u00e9"}}]},{"@type":"Organization","@id":"https:\/\/lasentinelle.dz\/#organization","name":"La Sentinelle La Sentinelle","description":"Quotidien national d'information","url":"https:\/\/lasentinelle.dz\/","logo":{"@type":"ImageObject","url":"https:\/\/lasentinelle.dz\/wp-content\/uploads\/2021\/09\/cropped-la-sentinelle-earth-golden-anima-5.gif","@id":"https:\/\/lasentinelle.dz\/index.php\/2026\/09\/01\/le-president-tebboune-prend-des-mesures-fermes-apres-les-incendies-place-a-la-reconstruction\/#organizationLogo","width":450,"height":213},"image":{"@id":"https:\/\/lasentinelle.dz\/index.php\/2026\/09\/01\/le-president-tebboune-prend-des-mesures-fermes-apres-les-incendies-place-a-la-reconstruction\/#organizationLogo"},"sameAs":["https:\/\/www.facebook.com\/azzedine.lasentinelle.1"]},{"@type":"Person","@id":"https:\/\/lasentinelle.dz\/author\/admin\/#author","url":"https:\/\/lasentinelle.dz\/author\/admin\/","name":"admin","image":{"@type":"ImageObject","@id":"https:\/\/lasentinelle.dz\/index.php\/2026\/09\/01\/le-president-tebboune-prend-des-mesures-fermes-apres-les-incendies-place-a-la-reconstruction\/#authorImage","url":"https:\/\/secure.gravatar.com\/avatar\/4c81fed838786e9b53f540bf46533e750f5d292099ae3b66cfc6fb1982e29df7?s=96&d=mm&r=g","width":96,"height":96,"caption":"admin"}},{"@type":"WebPage","@id":"https:\/\/lasentinelle.dz\/index.php\/2026\/09\/01\/le-president-tebboune-prend-des-mesures-fermes-apres-les-incendies-place-a-la-reconstruction\/#webpage","url":"https:\/\/lasentinelle.dz\/index.php\/2026\/09\/01\/le-president-tebboune-prend-des-mesures-fermes-apres-les-incendies-place-a-la-reconstruction\/","name":"Le pr\u00e9sident Tebboune prend des mesures fermes apr\u00e8s les incendies : Place \u00e0 la reconstruction - La Sentinelle","description":"Au lendemain des incendies qui ont endeuill\u00e9 plusieurs wilayas de l'est et du centre du pays, l'Alg\u00e9rie a choisi de r\u00e9pondre par l\u2019unit\u00e9, la solidarit\u00e9 et par la reconstruction et la r\u00e9paration rapide de ce qui a \u00e9t\u00e9 d\u00e9truit par les flammes. Indemnisation int\u00e9grale des sinistr\u00e9s, relogement imm\u00e9diat, r\u00e9seaux vitaux r\u00e9tablis avant le 5 septembre,","inLanguage":"fr-FR","isPartOf":{"@id":"https:\/\/lasentinelle.dz\/#website"},"breadcrumb":{"@id":"https:\/\/lasentinelle.dz\/index.php\/2026\/09\/01\/le-president-tebboune-prend-des-mesures-fermes-apres-les-incendies-place-a-la-reconstruction\/#breadcrumblist"},"author":{"@id":"https:\/\/lasentinelle.dz\/author\/admin\/#author"},"creator":{"@id":"https:\/\/lasentinelle.dz\/author\/admin\/#author"},"image":{"@type":"ImageObject","url":"https:\/\/lasentinelle.dz\/wp-content\/uploads\/2026\/09\/conseil.jpg","@id":"https:\/\/lasentinelle.dz\/index.php\/2026\/09\/01\/le-president-tebboune-prend-des-mesures-fermes-apres-les-incendies-place-a-la-reconstruction\/#mainImage","width":1280,"height":853},"primaryImageOfPage":{"@id":"https:\/\/lasentinelle.dz\/index.php\/2026\/09\/01\/le-president-tebboune-prend-des-mesures-fermes-apres-les-incendies-place-a-la-reconstruction\/#mainImage"},"datePublished":"2026-09-01T11:14:58+01:00","dateModified":"2026-09-01T11:15:06+01:00"},{"@type":"WebSite","@id":"https:\/\/lasentinelle.dz\/#website","url":"https:\/\/lasentinelle.dz\/","name":"La Sentinelle","description":"Quotidien national d'information","inLanguage":"fr-FR","publisher":{"@id":"https:\/\/lasentinelle.dz\/#organization"}}]},"og:locale":"fr_FR","og:site_name":"La Sentinelle - Quotidien national d'information","og:type":"article","og:title":"Le pr\u00e9sident Tebboune prend des mesures fermes apr\u00e8s les incendies : Place \u00e0 la reconstruction - La Sentinelle","og:description":"Au lendemain des incendies qui ont endeuill\u00e9 plusieurs wilayas de l'est et du centre du pays, l'Alg\u00e9rie a choisi de r\u00e9pondre par l\u2019unit\u00e9, la solidarit\u00e9 et par la reconstruction et la r\u00e9paration rapide de ce qui a \u00e9t\u00e9 d\u00e9truit par les flammes. Indemnisation int\u00e9grale des sinistr\u00e9s, relogement imm\u00e9diat, r\u00e9seaux vitaux r\u00e9tablis avant le 5 septembre,","og:url":"https:\/\/lasentinelle.dz\/index.php\/2026\/09\/01\/le-president-tebboune-prend-des-mesures-fermes-apres-les-incendies-place-a-la-reconstruction\/","og:image":"https:\/\/lasentinelle.dz\/wp-content\/uploads\/2021\/09\/cropped-la-sentinelle-earth-golden-anima-5.gif","og:image:secure_url":"https:\/\/lasentinelle.dz\/wp-content\/uploads\/2021\/09\/cropped-la-sentinelle-earth-golden-anima-5.gif","og:image:width":450,"og:image:height":213,"article:published_time":"2026-09-01T10:14:58+00:00","article:modified_time":"2026-09-01T10:15:06+00:00","article:publisher":"https:\/\/www.facebook.com\/azzedine.lasentinelle.1","twitter:card":"summary_large_image","twitter:title":"Le pr\u00e9sident Tebboune prend des mesures fermes apr\u00e8s les incendies : Place \u00e0 la reconstruction - La Sentinelle","twitter:description":"Au lendemain des incendies qui ont endeuill\u00e9 plusieurs wilayas de l'est et du centre du pays, l'Alg\u00e9rie a choisi de r\u00e9pondre par l\u2019unit\u00e9, la solidarit\u00e9 et par la reconstruction et la r\u00e9paration rapide de ce qui a \u00e9t\u00e9 d\u00e9truit par les flammes. Indemnisation int\u00e9grale des sinistr\u00e9s, relogement imm\u00e9diat, r\u00e9seaux vitaux r\u00e9tablis avant le 5 septembre,","twitter:image":"https:\/\/lasentinelle.dz\/wp-content\/uploads\/2021\/09\/cropped-la-sentinelle-earth-golden-anima-5.gif"},"aioseo_meta_data":{"post_id":"94765","title":null,"description":null,"keywords":null,"keyphrases":{"focus":{"keyphrase":"","score":0,"analysis":{"keyphraseInTitle":{"score":0,"maxScore":9,"error":1}}},"additional":[]},"primary_term":null,"canonical_url":null,"og_title":null,"og_description":null,"og_object_type":"default","og_image_type":"default","og_image_url":null,"og_image_width":null,"og_image_height":null,"og_image_custom_url":null,"og_image_custom_fields":null,"og_video":"","og_custom_url":null,"og_article_section":null,"og_article_tags":null,"twitter_use_og":false,"twitter_card":"default","twitter_image_type":"default","twitter_image_url":null,"twitter_image_custom_url":null,"twitter_image_custom_fields":null,"twitter_title":null,"twitter_description":null,"schema":{"blockGraphs":[],"customGraphs":[],"default":{"data":{"Article":[],"Course":[],"Dataset":[],"FAQPage":[],"Movie":[],"Person":[],"Product":[],"ProductReview":[],"Car":[],"Recipe":[],"Service":[],"SoftwareApplication":[],"WebPage":[]},"graphName":"BlogPosting","isEnabled":true},"graphs":[]},"schema_type":"default","schema_type_options":null,"pillar_content":false,"robots_default":true,"robots_noindex":false,"robots_noarchive":false,"robots_nosnippet":false,"robots_nofollow":false,"robots_noimageindex":false,"robots_noodp":false,"robots_notranslate":false,"robots_max_snippet":"-1","robots_max_videopreview":"-1","robots_max_imagepreview":"large","priority":null,"frequency":"default","local_seo":null,"breadcrumb_settings":null,"limit_modified_date":false,"ai":{"faqs":[],"keyPoints":[],"schemas":[],"titles":[],"descriptions":[],"socialPosts":{"email":{"subject":"","preview":"","content":""},"linkedin":[],"twitter":[],"facebook":[],"instagram":[]}},"created":"2026-09-01 10:15:09","updated":"2026-09-01 11:12:26","focus_keyword":null,"additional_keywords":null,"truseo_locale":null,"seo_analyzer_scan_date":null},"aioseo_breadcrumb":"<div class=\"aioseo-breadcrumbs\"><span class=\"aioseo-breadcrumb\">\n\t\t\t<a href=\"https:\/\/lasentinelle.dz\" title=\"Home\">Home<\/a>\n\t\t<\/span><span class=\"aioseo-breadcrumb-separator\">&raquo;<\/span><span class=\"aioseo-breadcrumb\">\n\t\t\t<a href=\"https:\/\/lasentinelle.dz\/index.php\/category\/actualite\/\" title=\"Actualit\u00e9\">Actualit\u00e9<\/a>\n\t\t<\/span><span class=\"aioseo-breadcrumb-separator\">&raquo;<\/span><span class=\"aioseo-breadcrumb\">\n\t\t\tLe pr\u00e9sident Tebboune prend des mesures fermes apr\u00e8s les incendies : Place \u00e0 la reconstruction\n\t\t<\/span><\/div>","aioseo_breadcrumb_json":[{"label":"Home","link":"https:\/\/lasentinelle.dz"},{"label":"Actualit\u00e9","link":"https:\/\/lasentinelle.dz\/index.php\/category\/actualite\/"},{"label":"Le pr\u00e9sident Tebboune prend des mesures fermes apr\u00e8s les incendies\u00a0: Place \u00e0 la reconstruction","link":"https:\/\/lasentinelle.dz\/index.php\/2026\/09\/01\/le-president-tebboune-prend-des-mesures-fermes-apres-les-incendies-place-a-la-reconstruction\/"}],"yoast_head":"<!-- This site is optimized with the Yoast SEO plugin v28.3 - https:\/\/yoast.com\/product\/yoast-seo-wordpress\/ -->\n<title>Le pr\u00e9sident Tebboune prend des mesures fermes apr\u00e8s les incendies\u00a0: Place \u00e0 la reconstruction - La Sentinelle<\/title>\n<meta name=\"robots\" content=\"index, follow, max-snippet:-1, max-image-preview:large, max-video-preview:-1\" \/>\n<link rel=\"canonical\" href=\"https:\/\/lasentinelle.dz\/index.php\/2026\/09\/01\/le-president-tebboune-prend-des-mesures-fermes-apres-les-incendies-place-a-la-reconstruction\/\" \/>\n<meta property=\"og:locale\" content=\"fr_FR\" \/>\n<meta property=\"og:type\" content=\"article\" \/>\n<meta property=\"og:title\" content=\"Le pr\u00e9sident Tebboune prend des mesures fermes apr\u00e8s les incendies\u00a0: Place \u00e0 la reconstruction - La Sentinelle\" \/>\n<meta property=\"og:description\" content=\"Au lendemain des incendies qui ont endeuill\u00e9 plusieurs wilayas de l&rsquo;est et du centre du pays, l&rsquo;Alg\u00e9rie a choisi de\" \/>\n<meta property=\"og:url\" content=\"https:\/\/lasentinelle.dz\/index.php\/2026\/09\/01\/le-president-tebboune-prend-des-mesures-fermes-apres-les-incendies-place-a-la-reconstruction\/\" \/>\n<meta property=\"og:site_name\" content=\"La Sentinelle\" \/>\n<meta property=\"article:publisher\" content=\"https:\/\/www.facebook.com\/La-Sentinelle-104059864394773\" \/>\n<meta property=\"article:published_time\" content=\"2026-09-01T10:14:58+00:00\" \/>\n<meta property=\"article:modified_time\" content=\"2026-09-01T10:15:06+00:00\" \/>\n<meta property=\"og:image\" content=\"https:\/\/lasentinelle.dz\/wp-content\/uploads\/2026\/09\/conseil.jpg\" \/>\n\t<meta property=\"og:image:width\" content=\"1280\" \/>\n\t<meta property=\"og:image:height\" content=\"853\" \/>\n\t<meta property=\"og:image:type\" content=\"image\/jpeg\" \/>\n<meta name=\"author\" content=\"admin\" \/>\n<meta name=\"twitter:card\" content=\"summary_large_image\" \/>\n<meta name=\"twitter:label1\" content=\"\u00c9crit par\" \/>\n\t<meta name=\"twitter:data1\" content=\"admin\" \/>\n\t<meta name=\"twitter:label2\" content=\"Dur\u00e9e de lecture estim\u00e9e\" \/>\n\t<meta name=\"twitter:data2\" content=\"5 minutes\" \/>\n<script type=\"application\/ld+json\" class=\"yoast-schema-graph\">{\"@context\":\"https:\\\/\\\/schema.org\",\"@graph\":[{\"@type\":\"Article\",\"@id\":\"https:\\\/\\\/lasentinelle.dz\\\/index.php\\\/2026\\\/09\\\/01\\\/le-president-tebboune-prend-des-mesures-fermes-apres-les-incendies-place-a-la-reconstruction\\\/#article\",\"isPartOf\":{\"@id\":\"https:\\\/\\\/lasentinelle.dz\\\/index.php\\\/2026\\\/09\\\/01\\\/le-president-tebboune-prend-des-mesures-fermes-apres-les-incendies-place-a-la-reconstruction\\\/\"},\"author\":{\"name\":\"admin\",\"@id\":\"https:\\\/\\\/lasentinelle.dz\\\/#\\\/schema\\\/person\\\/729ee0024f24e0b8c5ec17232f8e8b41\"},\"headline\":\"Le pr\u00e9sident Tebboune prend des mesures fermes apr\u00e8s les incendies\u00a0: Place \u00e0 la reconstruction\",\"datePublished\":\"2026-09-01T10:14:58+00:00\",\"dateModified\":\"2026-09-01T10:15:06+00:00\",\"mainEntityOfPage\":{\"@id\":\"https:\\\/\\\/lasentinelle.dz\\\/index.php\\\/2026\\\/09\\\/01\\\/le-president-tebboune-prend-des-mesures-fermes-apres-les-incendies-place-a-la-reconstruction\\\/\"},\"wordCount\":1096,\"commentCount\":0,\"publisher\":{\"@id\":\"https:\\\/\\\/lasentinelle.dz\\\/#organization\"},\"image\":{\"@id\":\"https:\\\/\\\/lasentinelle.dz\\\/index.php\\\/2026\\\/09\\\/01\\\/le-president-tebboune-prend-des-mesures-fermes-apres-les-incendies-place-a-la-reconstruction\\\/#primaryimage\"},\"thumbnailUrl\":\"https:\\\/\\\/lasentinelle.dz\\\/wp-content\\\/uploads\\\/2026\\\/09\\\/conseil.jpg\",\"articleSection\":[\"\u00c0 la Une\",\"Actualit\u00e9\"],\"inLanguage\":\"fr-FR\",\"potentialAction\":[{\"@type\":\"CommentAction\",\"name\":\"Comment\",\"target\":[\"https:\\\/\\\/lasentinelle.dz\\\/index.php\\\/2026\\\/09\\\/01\\\/le-president-tebboune-prend-des-mesures-fermes-apres-les-incendies-place-a-la-reconstruction\\\/#respond\"]}]},{\"@type\":\"WebPage\",\"@id\":\"https:\\\/\\\/lasentinelle.dz\\\/index.php\\\/2026\\\/09\\\/01\\\/le-president-tebboune-prend-des-mesures-fermes-apres-les-incendies-place-a-la-reconstruction\\\/\",\"url\":\"https:\\\/\\\/lasentinelle.dz\\\/index.php\\\/2026\\\/09\\\/01\\\/le-president-tebboune-prend-des-mesures-fermes-apres-les-incendies-place-a-la-reconstruction\\\/\",\"name\":\"Le pr\u00e9sident Tebboune prend des mesures fermes apr\u00e8s les incendies\u00a0: Place \u00e0 la reconstruction - La Sentinelle\",\"isPartOf\":{\"@id\":\"https:\\\/\\\/lasentinelle.dz\\\/#website\"},\"primaryImageOfPage\":{\"@id\":\"https:\\\/\\\/lasentinelle.dz\\\/index.php\\\/2026\\\/09\\\/01\\\/le-president-tebboune-prend-des-mesures-fermes-apres-les-incendies-place-a-la-reconstruction\\\/#primaryimage\"},\"image\":{\"@id\":\"https:\\\/\\\/lasentinelle.dz\\\/index.php\\\/2026\\\/09\\\/01\\\/le-president-tebboune-prend-des-mesures-fermes-apres-les-incendies-place-a-la-reconstruction\\\/#primaryimage\"},\"thumbnailUrl\":\"https:\\\/\\\/lasentinelle.dz\\\/wp-content\\\/uploads\\\/2026\\\/09\\\/conseil.jpg\",\"datePublished\":\"2026-09-01T10:14:58+00:00\",\"dateModified\":\"2026-09-01T10:15:06+00:00\",\"breadcrumb\":{\"@id\":\"https:\\\/\\\/lasentinelle.dz\\\/index.php\\\/2026\\\/09\\\/01\\\/le-president-tebboune-prend-des-mesures-fermes-apres-les-incendies-place-a-la-reconstruction\\\/#breadcrumb\"},\"inLanguage\":\"fr-FR\",\"potentialAction\":[{\"@type\":\"ReadAction\",\"target\":[\"https:\\\/\\\/lasentinelle.dz\\\/index.php\\\/2026\\\/09\\\/01\\\/le-president-tebboune-prend-des-mesures-fermes-apres-les-incendies-place-a-la-reconstruction\\\/\"]}]},{\"@type\":\"ImageObject\",\"inLanguage\":\"fr-FR\",\"@id\":\"https:\\\/\\\/lasentinelle.dz\\\/index.php\\\/2026\\\/09\\\/01\\\/le-president-tebboune-prend-des-mesures-fermes-apres-les-incendies-place-a-la-reconstruction\\\/#primaryimage\",\"url\":\"https:\\\/\\\/lasentinelle.dz\\\/wp-content\\\/uploads\\\/2026\\\/09\\\/conseil.jpg\",\"contentUrl\":\"https:\\\/\\\/lasentinelle.dz\\\/wp-content\\\/uploads\\\/2026\\\/09\\\/conseil.jpg\",\"width\":1280,\"height\":853},{\"@type\":\"BreadcrumbList\",\"@id\":\"https:\\\/\\\/lasentinelle.dz\\\/index.php\\\/2026\\\/09\\\/01\\\/le-president-tebboune-prend-des-mesures-fermes-apres-les-incendies-place-a-la-reconstruction\\\/#breadcrumb\",\"itemListElement\":[{\"@type\":\"ListItem\",\"position\":1,\"name\":\"Accueil\",\"item\":\"https:\\\/\\\/lasentinelle.dz\\\/\"},{\"@type\":\"ListItem\",\"position\":2,\"name\":\"Le pr\u00e9sident Tebboune prend des mesures fermes apr\u00e8s les incendies\u00a0: Place \u00e0 la reconstruction\"}]},{\"@type\":\"WebSite\",\"@id\":\"https:\\\/\\\/lasentinelle.dz\\\/#website\",\"url\":\"https:\\\/\\\/lasentinelle.dz\\\/\",\"name\":\"La Sentinelle\",\"description\":\"Quotidien national d&#039;information\",\"publisher\":{\"@id\":\"https:\\\/\\\/lasentinelle.dz\\\/#organization\"},\"potentialAction\":[{\"@type\":\"SearchAction\",\"target\":{\"@type\":\"EntryPoint\",\"urlTemplate\":\"https:\\\/\\\/lasentinelle.dz\\\/?s={search_term_string}\"},\"query-input\":{\"@type\":\"PropertyValueSpecification\",\"valueRequired\":true,\"valueName\":\"search_term_string\"}}],\"inLanguage\":\"fr-FR\"},{\"@type\":\"Organization\",\"@id\":\"https:\\\/\\\/lasentinelle.dz\\\/#organization\",\"name\":\"Quotidien La Sentinelle\",\"url\":\"https:\\\/\\\/lasentinelle.dz\\\/\",\"logo\":{\"@type\":\"ImageObject\",\"inLanguage\":\"fr-FR\",\"@id\":\"https:\\\/\\\/lasentinelle.dz\\\/#\\\/schema\\\/logo\\\/image\\\/\",\"url\":\"https:\\\/\\\/lasentinelle.dz\\\/wp-content\\\/uploads\\\/2021\\\/09\\\/logo-sentinelleSLOGAN-1.png\",\"contentUrl\":\"https:\\\/\\\/lasentinelle.dz\\\/wp-content\\\/uploads\\\/2021\\\/09\\\/logo-sentinelleSLOGAN-1.png\",\"width\":615,\"height\":142,\"caption\":\"Quotidien La Sentinelle\"},\"image\":{\"@id\":\"https:\\\/\\\/lasentinelle.dz\\\/#\\\/schema\\\/logo\\\/image\\\/\"},\"sameAs\":[\"https:\\\/\\\/www.facebook.com\\\/La-Sentinelle-104059864394773\"]},{\"@type\":\"Person\",\"@id\":\"https:\\\/\\\/lasentinelle.dz\\\/#\\\/schema\\\/person\\\/729ee0024f24e0b8c5ec17232f8e8b41\",\"name\":\"admin\",\"image\":{\"@type\":\"ImageObject\",\"inLanguage\":\"fr-FR\",\"@id\":\"https:\\\/\\\/secure.gravatar.com\\\/avatar\\\/4c81fed838786e9b53f540bf46533e750f5d292099ae3b66cfc6fb1982e29df7?s=96&d=mm&r=g\",\"url\":\"https:\\\/\\\/secure.gravatar.com\\\/avatar\\\/4c81fed838786e9b53f540bf46533e750f5d292099ae3b66cfc6fb1982e29df7?s=96&d=mm&r=g\",\"contentUrl\":\"https:\\\/\\\/secure.gravatar.com\\\/avatar\\\/4c81fed838786e9b53f540bf46533e750f5d292099ae3b66cfc6fb1982e29df7?s=96&d=mm&r=g\",\"caption\":\"admin\"},\"description\":\"admin\",\"url\":\"https:\\\/\\\/lasentinelle.dz\\\/author\\\/admin\\\/\"}]}<\/script>\n<!-- \/ Yoast SEO plugin. -->","yoast_head_json":{"title":"Le pr\u00e9sident Tebboune prend des mesures fermes apr\u00e8s les incendies\u00a0: Place \u00e0 la reconstruction - La Sentinelle","robots":{"index":"index","follow":"follow","max-snippet":"max-snippet:-1","max-image-preview":"max-image-preview:large","max-video-preview":"max-video-preview:-1"},"canonical":"https:\/\/lasentinelle.dz\/index.php\/2026\/09\/01\/le-president-tebboune-prend-des-mesures-fermes-apres-les-incendies-place-a-la-reconstruction\/","og_locale":"fr_FR","og_type":"article","og_title":"Le pr\u00e9sident Tebboune prend des mesures fermes apr\u00e8s les incendies\u00a0: Place \u00e0 la reconstruction - La Sentinelle","og_description":"Au lendemain des incendies qui ont endeuill\u00e9 plusieurs wilayas de l&rsquo;est et du centre du pays, l&rsquo;Alg\u00e9rie a choisi de","og_url":"https:\/\/lasentinelle.dz\/index.php\/2026\/09\/01\/le-president-tebboune-prend-des-mesures-fermes-apres-les-incendies-place-a-la-reconstruction\/","og_site_name":"La Sentinelle","article_publisher":"https:\/\/www.facebook.com\/La-Sentinelle-104059864394773","article_published_time":"2026-09-01T10:14:58+00:00","article_modified_time":"2026-09-01T10:15:06+00:00","og_image":[{"width":1280,"height":853,"url":"https:\/\/lasentinelle.dz\/wp-content\/uploads\/2026\/09\/conseil.jpg","type":"image\/jpeg"}],"author":"admin","twitter_card":"summary_large_image","twitter_misc":{"\u00c9crit par":"admin","Dur\u00e9e de lecture estim\u00e9e":"5 minutes"},"schema":{"@context":"https:\/\/schema.org","@graph":[{"@type":"Article","@id":"https:\/\/lasentinelle.dz\/index.php\/2026\/09\/01\/le-president-tebboune-prend-des-mesures-fermes-apres-les-incendies-place-a-la-reconstruction\/#article","isPartOf":{"@id":"https:\/\/lasentinelle.dz\/index.php\/2026\/09\/01\/le-president-tebboune-prend-des-mesures-fermes-apres-les-incendies-place-a-la-reconstruction\/"},"author":{"name":"admin","@id":"https:\/\/lasentinelle.dz\/#\/schema\/person\/729ee0024f24e0b8c5ec17232f8e8b41"},"headline":"Le pr\u00e9sident Tebboune prend des mesures fermes apr\u00e8s les incendies\u00a0: Place \u00e0 la reconstruction","datePublished":"2026-09-01T10:14:58+00:00","dateModified":"2026-09-01T10:15:06+00:00","mainEntityOfPage":{"@id":"https:\/\/lasentinelle.dz\/index.php\/2026\/09\/01\/le-president-tebboune-prend-des-mesures-fermes-apres-les-incendies-place-a-la-reconstruction\/"},"wordCount":1096,"commentCount":0,"publisher":{"@id":"https:\/\/lasentinelle.dz\/#organization"},"image":{"@id":"https:\/\/lasentinelle.dz\/index.php\/2026\/09\/01\/le-president-tebboune-prend-des-mesures-fermes-apres-les-incendies-place-a-la-reconstruction\/#primaryimage"},"thumbnailUrl":"https:\/\/lasentinelle.dz\/wp-content\/uploads\/2026\/09\/conseil.jpg","articleSection":["\u00c0 la Une","Actualit\u00e9"],"inLanguage":"fr-FR","potentialAction":[{"@type":"CommentAction","name":"Comment","target":["https:\/\/lasentinelle.dz\/index.php\/2026\/09\/01\/le-president-tebboune-prend-des-mesures-fermes-apres-les-incendies-place-a-la-reconstruction\/#respond"]}]},{"@type":"WebPage","@id":"https:\/\/lasentinelle.dz\/index.php\/2026\/09\/01\/le-president-tebboune-prend-des-mesures-fermes-apres-les-incendies-place-a-la-reconstruction\/","url":"https:\/\/lasentinelle.dz\/index.php\/2026\/09\/01\/le-president-tebboune-prend-des-mesures-fermes-apres-les-incendies-place-a-la-reconstruction\/","name":"Le pr\u00e9sident Tebboune prend des mesures fermes apr\u00e8s les incendies\u00a0: Place \u00e0 la reconstruction - La Sentinelle","isPartOf":{"@id":"https:\/\/lasentinelle.dz\/#website"},"primaryImageOfPage":{"@id":"https:\/\/lasentinelle.dz\/index.php\/2026\/09\/01\/le-president-tebboune-prend-des-mesures-fermes-apres-les-incendies-place-a-la-reconstruction\/#primaryimage"},"image":{"@id":"https:\/\/lasentinelle.dz\/index.php\/2026\/09\/01\/le-president-tebboune-prend-des-mesures-fermes-apres-les-incendies-place-a-la-reconstruction\/#primaryimage"},"thumbnailUrl":"https:\/\/lasentinelle.dz\/wp-content\/uploads\/2026\/09\/conseil.jpg","datePublished":"2026-09-01T10:14:58+00:00","dateModified":"2026-09-01T10:15:06+00:00","breadcrumb":{"@id":"https:\/\/lasentinelle.dz\/index.php\/2026\/09\/01\/le-president-tebboune-prend-des-mesures-fermes-apres-les-incendies-place-a-la-reconstruction\/#breadcrumb"},"inLanguage":"fr-FR","potentialAction":[{"@type":"ReadAction","target":["https:\/\/lasentinelle.dz\/index.php\/2026\/09\/01\/le-president-tebboune-prend-des-mesures-fermes-apres-les-incendies-place-a-la-reconstruction\/"]}]},{"@type":"ImageObject","inLanguage":"fr-FR","@id":"https:\/\/lasentinelle.dz\/index.php\/2026\/09\/01\/le-president-tebboune-prend-des-mesures-fermes-apres-les-incendies-place-a-la-reconstruction\/#primaryimage","url":"https:\/\/lasentinelle.dz\/wp-content\/uploads\/2026\/09\/conseil.jpg","contentUrl":"https:\/\/lasentinelle.dz\/wp-content\/uploads\/2026\/09\/conseil.jpg","width":1280,"height":853},{"@type":"BreadcrumbList","@id":"https:\/\/lasentinelle.dz\/index.php\/2026\/09\/01\/le-president-tebboune-prend-des-mesures-fermes-apres-les-incendies-place-a-la-reconstruction\/#breadcrumb","itemListElement":[{"@type":"ListItem","position":1,"name":"Accueil","item":"https:\/\/lasentinelle.dz\/"},{"@type":"ListItem","position":2,"name":"Le pr\u00e9sident Tebboune prend des mesures fermes apr\u00e8s les incendies\u00a0: Place \u00e0 la reconstruction"}]},{"@type":"WebSite","@id":"https:\/\/lasentinelle.dz\/#website","url":"https:\/\/lasentinelle.dz\/","name":"La Sentinelle","description":"Quotidien national d&#039;information","publisher":{"@id":"https:\/\/lasentinelle.dz\/#organization"},"potentialAction":[{"@type":"SearchAction","target":{"@type":"EntryPoint","urlTemplate":"https:\/\/lasentinelle.dz\/?s={search_term_string}"},"query-input":{"@type":"PropertyValueSpecification","valueRequired":true,"valueName":"search_term_string"}}],"inLanguage":"fr-FR"},{"@type":"Organization","@id":"https:\/\/lasentinelle.dz\/#organization","name":"Quotidien La Sentinelle","url":"https:\/\/lasentinelle.dz\/","logo":{"@type":"ImageObject","inLanguage":"fr-FR","@id":"https:\/\/lasentinelle.dz\/#\/schema\/logo\/image\/","url":"https:\/\/lasentinelle.dz\/wp-content\/uploads\/2021\/09\/logo-sentinelleSLOGAN-1.png","contentUrl":"https:\/\/lasentinelle.dz\/wp-content\/uploads\/2021\/09\/logo-sentinelleSLOGAN-1.png","width":615,"height":142,"caption":"Quotidien La Sentinelle"},"image":{"@id":"https:\/\/lasentinelle.dz\/#\/schema\/logo\/image\/"},"sameAs":["https:\/\/www.facebook.com\/La-Sentinelle-104059864394773"]},{"@type":"Person","@id":"https:\/\/lasentinelle.dz\/#\/schema\/person\/729ee0024f24e0b8c5ec17232f8e8b41","name":"admin","image":{"@type":"ImageObject","inLanguage":"fr-FR","@id":"https:\/\/secure.gravatar.com\/avatar\/4c81fed838786e9b53f540bf46533e750f5d292099ae3b66cfc6fb1982e29df7?s=96&d=mm&r=g","url":"https:\/\/secure.gravatar.com\/avatar\/4c81fed838786e9b53f540bf46533e750f5d292099ae3b66cfc6fb1982e29df7?s=96&d=mm&r=g","contentUrl":"https:\/\/secure.gravatar.com\/avatar\/4c81fed838786e9b53f540bf46533e750f5d292099ae3b66cfc6fb1982e29df7?s=96&d=mm&r=g","caption":"admin"},"description":"admin","url":"https:\/\/lasentinelle.dz\/author\/admin\/"}]}},"_links":{"self":[{"href":"https:\/\/lasentinelle.dz\/index.php\/wp-json\/wp\/v2\/posts\/94765","targetHints":{"allow":["GET"]}}],"collection":[{"href":"https:\/\/lasentinelle.dz\/index.php\/wp-json\/wp\/v2\/posts"}],"about":[{"href":"https:\/\/lasentinelle.dz\/index.php\/wp-json\/wp\/v2\/types\/post"}],"author":[{"embeddable":true,"href":"https:\/\/lasentinelle.dz\/index.php\/wp-json\/wp\/v2\/users\/6"}],"replies":[{"embeddable":true,"href":"https:\/\/lasentinelle.dz\/index.php\/wp-json\/wp\/v2\/comments?post=94765"}],"version-history":[{"count":1,"href":"https:\/\/lasentinelle.dz\/index.php\/wp-json\/wp\/v2\/posts\/94765\/revisions"}],"predecessor-version":[{"id":94767,"href":"https:\/\/lasentinelle.dz\/index.php\/wp-json\/wp\/v2\/posts\/94765\/revisions\/94767"}],"wp:featuredmedia":[{"embeddable":true,"href":"https:\/\/lasentinelle.dz\/index.php\/wp-json\/wp\/v2\/media\/94766"}],"wp:attachment":[{"href":"https:\/\/lasentinelle.dz\/index.php\/wp-json\/wp\/v2\/media?parent=94765"}],"wp:term":[{"taxonomy":"category","embeddable":true,"href":"https:\/\/lasentinelle.dz\/index.php\/wp-json\/wp\/v2\/categories?post=94765"},{"taxonomy":"post_tag","embeddable":true,"href":"https:\/\/lasentinelle.dz\/index.php\/wp-json\/wp\/v2\/tags?post=94765"}],"curies":[{"name":"wp","href":"https:\/\/api.w.org\/{rel}","templated":true}]}}