{"id":94770,"date":"2026-09-02T11:07:53","date_gmt":"2026-09-02T10:07:53","guid":{"rendered":"https:\/\/lasentinelle.dz\/?p=94770"},"modified":"2026-09-02T11:07:56","modified_gmt":"2026-09-02T10:07:56","slug":"baddari-preside-une-reunion-de-travail-conjointe-avec-le-secteur-de-la-culture-et-des-arts","status":"publish","type":"post","link":"https:\/\/lasentinelle.dz\/index.php\/2026\/09\/02\/baddari-preside-une-reunion-de-travail-conjointe-avec-le-secteur-de-la-culture-et-des-arts\/","title":{"rendered":"Baddari\u00a0pr\u00e9side une r\u00e9union de travail conjointe avec le secteur de la Culture et des Arts"},"content":{"rendered":"\n<p class=\"wp-block-paragraph\">Le ministre de l&rsquo;Enseignement sup\u00e9rieur et de la Recherche scientifique, Kamel&nbsp;Baddari, a pr\u00e9sid\u00e9, mardi, une r\u00e9union de travail conjointe avec le secteur de la Culture et des Arts, consacr\u00e9e \u00e0 l&rsquo;int\u00e9gration des cinq \u00e9coles et instituts relevant de ce dernier au syst\u00e8me int\u00e9gr\u00e9 \u00ab\u00a0Progres\u00a0\u00bb, indique un communiqu\u00e9 du minist\u00e8re. Cette r\u00e9union, tenue en pr\u00e9sence de cadres des deux minist\u00e8res, vise \u00e0 \u00ab\u00a0examiner les m\u00e9canismes op\u00e9rationnels et techniques li\u00e9s \u00e0 l&rsquo;int\u00e9gration des cinq \u00e9coles et instituts relevant du secteur de la Culture et des Arts dans au le syst\u00e8me int\u00e9gr\u00e9 +Progres+, afin de leur permettre de b\u00e9n\u00e9ficier des \u0153uvres universitaires\u00a0\u00bb, pr\u00e9cise le communiqu\u00e9. Cette d\u00e9marche intervient car ces \u00e9tablissements sont plac\u00e9s sous la tutelle p\u00e9dagogique du minist\u00e8re de l&rsquo;Enseignement sup\u00e9rieur et de la Recherche scientifique, a rappel\u00e9 le communiqu\u00e9.<\/p>\n\n\n\n<p class=\"wp-block-paragraph\">APS<\/p>\n","protected":false},"excerpt":{"rendered":"<p>Le ministre de l&rsquo;Enseignement sup\u00e9rieur et de la Recherche scientifique, Kamel&nbsp;Baddari, a pr\u00e9sid\u00e9, mardi, une r\u00e9union de travail conjointe avec<\/p>\n","protected":false},"author":6,"featured_media":55360,"comment_status":"open","ping_status":"closed","sticky":false,"template":"","format":"standard","meta":{"colormag_page_container_layout":"default_layout","colormag_page_sidebar_layout":"default_layout","om_disable_all_campaigns":false,"_monsterinsights_skip_tracking":false,"footnotes":"","_wpscppro_dont_share_socialmedia":false,"_wpscppro_custom_social_share_image":0,"_facebook_share_type":"default","_twitter_share_type":"default","_linkedin_share_type":"default","_pinterest_share_type":"default","_linkedin_share_type_page":"","_instagram_share_type":"default","_medium_share_type":"default","_threads_share_type":"default","_google_business_share_type":"default","_bluesky_share_type":"default","_mastodon_share_type":"default","_selected_social_profile":[],"_wpsp_enable_custom_social_template":false,"_wpsp_social_scheduling":{"enabled":false,"datetime":null,"platforms":[],"status":"template_only","dateOption":"today","timeOption":"now","customDays":"","customHours":"","customDate":"","customTime":"","schedulingType":"absolute"},"_wpsp_active_default_template":true},"categories":[27],"tags":[],"class_list":["post-94770","post","type-post","status-publish","format-standard","has-post-thumbnail","hentry","category-actualite"],"aioseo_notices":[],"aioseo_head":"\n\t\t<!-- All in One SEO 5.0.0.1 - aioseo.com -->\n\t<meta name=\"description\" content=\"Le ministre de l&#039;Enseignement sup\u00e9rieur et de la Recherche scientifique, Kamel Baddari, a pr\u00e9sid\u00e9, mardi, une r\u00e9union de travail conjointe avec le secteur de la Culture et des Arts, consacr\u00e9e \u00e0 l&#039;int\u00e9gration des cinq \u00e9coles et instituts relevant de ce dernier au syst\u00e8me int\u00e9gr\u00e9 &quot;Progres&quot;, indique un communiqu\u00e9 du minist\u00e8re. Cette r\u00e9union, tenue en pr\u00e9sence de\" \/>\n\t<meta name=\"robots\" content=\"max-image-preview:large\" \/>\n\t<meta name=\"author\" content=\"admin\"\/>\n\t<link rel=\"canonical\" href=\"https:\/\/lasentinelle.dz\/index.php\/2026\/09\/02\/baddari-preside-une-reunion-de-travail-conjointe-avec-le-secteur-de-la-culture-et-des-arts\/\" \/>\n\t<meta name=\"generator\" content=\"All in One SEO (AIOSEO) 5.0.0.1\" \/>\n\t\t<meta property=\"og:locale\" content=\"fr_FR\" \/>\n\t\t<meta property=\"og:site_name\" content=\"La Sentinelle - Quotidien national d&#039;information\" \/>\n\t\t<meta property=\"og:type\" content=\"article\" \/>\n\t\t<meta property=\"og:title\" content=\"Baddari pr\u00e9side une r\u00e9union de travail conjointe avec le secteur de la Culture et des Arts - La Sentinelle\" \/>\n\t\t<meta property=\"og:description\" content=\"Le ministre de l&#039;Enseignement sup\u00e9rieur et de la Recherche scientifique, Kamel Baddari, a pr\u00e9sid\u00e9, mardi, une r\u00e9union de travail conjointe avec le secteur de la Culture et des Arts, consacr\u00e9e \u00e0 l&#039;int\u00e9gration des cinq \u00e9coles et instituts relevant de ce dernier au syst\u00e8me int\u00e9gr\u00e9 &quot;Progres&quot;, indique un communiqu\u00e9 du minist\u00e8re. Cette r\u00e9union, tenue en pr\u00e9sence de\" \/>\n\t\t<meta property=\"og:url\" content=\"https:\/\/lasentinelle.dz\/index.php\/2026\/09\/02\/baddari-preside-une-reunion-de-travail-conjointe-avec-le-secteur-de-la-culture-et-des-arts\/\" \/>\n\t\t<meta property=\"og:image\" content=\"https:\/\/lasentinelle.dz\/wp-content\/uploads\/2021\/09\/cropped-la-sentinelle-earth-golden-anima-5.gif\" \/>\n\t\t<meta property=\"og:image:secure_url\" content=\"https:\/\/lasentinelle.dz\/wp-content\/uploads\/2021\/09\/cropped-la-sentinelle-earth-golden-anima-5.gif\" \/>\n\t\t<meta property=\"og:image:width\" content=\"450\" \/>\n\t\t<meta property=\"og:image:height\" content=\"213\" \/>\n\t\t<meta property=\"article:published_time\" content=\"2026-09-02T10:07:53+00:00\" \/>\n\t\t<meta property=\"article:modified_time\" content=\"2026-09-02T10:07:56+00:00\" \/>\n\t\t<meta property=\"article:publisher\" content=\"https:\/\/www.facebook.com\/azzedine.lasentinelle.1\" \/>\n\t\t<meta name=\"twitter:card\" content=\"summary_large_image\" \/>\n\t\t<meta name=\"twitter:title\" content=\"Baddari pr\u00e9side une r\u00e9union de travail conjointe avec le secteur de la Culture et des Arts - La Sentinelle\" \/>\n\t\t<meta name=\"twitter:description\" content=\"Le ministre de l&#039;Enseignement sup\u00e9rieur et de la Recherche scientifique, Kamel Baddari, a pr\u00e9sid\u00e9, mardi, une r\u00e9union de travail conjointe avec le secteur de la Culture et des Arts, consacr\u00e9e \u00e0 l&#039;int\u00e9gration des cinq \u00e9coles et instituts relevant de ce dernier au syst\u00e8me int\u00e9gr\u00e9 &quot;Progres&quot;, indique un communiqu\u00e9 du minist\u00e8re. Cette r\u00e9union, tenue en pr\u00e9sence de\" \/>\n\t\t<meta name=\"twitter:image\" content=\"https:\/\/lasentinelle.dz\/wp-content\/uploads\/2021\/09\/cropped-la-sentinelle-earth-golden-anima-5.gif\" \/>\n\t\t<script type=\"application\/ld+json\" class=\"aioseo-schema\">\n\t\t\t{\"@context\":\"https:\\\/\\\/schema.org\",\"@graph\":[{\"@type\":\"BlogPosting\",\"@id\":\"https:\\\/\\\/lasentinelle.dz\\\/index.php\\\/2026\\\/09\\\/02\\\/baddari-preside-une-reunion-de-travail-conjointe-avec-le-secteur-de-la-culture-et-des-arts\\\/#blogposting\",\"name\":\"Baddari pr\\u00e9side une r\\u00e9union de travail conjointe avec le secteur de la Culture et des Arts - La Sentinelle\",\"headline\":\"Baddari\\u00a0pr\\u00e9side une r\\u00e9union de travail conjointe avec le secteur de la Culture et des Arts\",\"author\":{\"@id\":\"https:\\\/\\\/lasentinelle.dz\\\/author\\\/admin\\\/#author\"},\"publisher\":{\"@id\":\"https:\\\/\\\/lasentinelle.dz\\\/#organization\"},\"image\":{\"@type\":\"ImageObject\",\"url\":\"https:\\\/\\\/lasentinelle.dz\\\/wp-content\\\/uploads\\\/2024\\\/08\\\/baddari.jpg\",\"width\":1236,\"height\":1105},\"datePublished\":\"2026-09-02T11:07:53+01:00\",\"dateModified\":\"2026-09-02T11:07:56+01:00\",\"inLanguage\":\"fr-FR\",\"mainEntityOfPage\":{\"@id\":\"https:\\\/\\\/lasentinelle.dz\\\/index.php\\\/2026\\\/09\\\/02\\\/baddari-preside-une-reunion-de-travail-conjointe-avec-le-secteur-de-la-culture-et-des-arts\\\/#webpage\"},\"isPartOf\":{\"@id\":\"https:\\\/\\\/lasentinelle.dz\\\/index.php\\\/2026\\\/09\\\/02\\\/baddari-preside-une-reunion-de-travail-conjointe-avec-le-secteur-de-la-culture-et-des-arts\\\/#webpage\"},\"articleSection\":\"Actualit\\u00e9\"},{\"@type\":\"BreadcrumbList\",\"@id\":\"https:\\\/\\\/lasentinelle.dz\\\/index.php\\\/2026\\\/09\\\/02\\\/baddari-preside-une-reunion-de-travail-conjointe-avec-le-secteur-de-la-culture-et-des-arts\\\/#breadcrumblist\",\"itemListElement\":[{\"@type\":\"ListItem\",\"@id\":\"https:\\\/\\\/lasentinelle.dz#listItem\",\"position\":1,\"name\":\"Home\",\"item\":\"https:\\\/\\\/lasentinelle.dz\",\"nextItem\":{\"@type\":\"ListItem\",\"@id\":\"https:\\\/\\\/lasentinelle.dz\\\/index.php\\\/category\\\/actualite\\\/#listItem\",\"name\":\"Actualit\\u00e9\"}},{\"@type\":\"ListItem\",\"@id\":\"https:\\\/\\\/lasentinelle.dz\\\/index.php\\\/category\\\/actualite\\\/#listItem\",\"position\":2,\"name\":\"Actualit\\u00e9\",\"item\":\"https:\\\/\\\/lasentinelle.dz\\\/index.php\\\/category\\\/actualite\\\/\",\"nextItem\":{\"@type\":\"ListItem\",\"@id\":\"https:\\\/\\\/lasentinelle.dz\\\/index.php\\\/2026\\\/09\\\/02\\\/baddari-preside-une-reunion-de-travail-conjointe-avec-le-secteur-de-la-culture-et-des-arts\\\/#listItem\",\"name\":\"Baddari\\u00a0pr\\u00e9side une r\\u00e9union de travail conjointe avec le secteur de la Culture et des Arts\"},\"previousItem\":{\"@type\":\"ListItem\",\"@id\":\"https:\\\/\\\/lasentinelle.dz#listItem\",\"name\":\"Home\"}},{\"@type\":\"ListItem\",\"@id\":\"https:\\\/\\\/lasentinelle.dz\\\/index.php\\\/2026\\\/09\\\/02\\\/baddari-preside-une-reunion-de-travail-conjointe-avec-le-secteur-de-la-culture-et-des-arts\\\/#listItem\",\"position\":3,\"name\":\"Baddari\\u00a0pr\\u00e9side une r\\u00e9union de travail conjointe avec le secteur de la Culture et des Arts\",\"previousItem\":{\"@type\":\"ListItem\",\"@id\":\"https:\\\/\\\/lasentinelle.dz\\\/index.php\\\/category\\\/actualite\\\/#listItem\",\"name\":\"Actualit\\u00e9\"}}]},{\"@type\":\"Organization\",\"@id\":\"https:\\\/\\\/lasentinelle.dz\\\/#organization\",\"name\":\"La Sentinelle La Sentinelle\",\"description\":\"Quotidien national d'information\",\"url\":\"https:\\\/\\\/lasentinelle.dz\\\/\",\"logo\":{\"@type\":\"ImageObject\",\"url\":\"https:\\\/\\\/lasentinelle.dz\\\/wp-content\\\/uploads\\\/2021\\\/09\\\/cropped-la-sentinelle-earth-golden-anima-5.gif\",\"@id\":\"https:\\\/\\\/lasentinelle.dz\\\/index.php\\\/2026\\\/09\\\/02\\\/baddari-preside-une-reunion-de-travail-conjointe-avec-le-secteur-de-la-culture-et-des-arts\\\/#organizationLogo\",\"width\":450,\"height\":213},\"image\":{\"@id\":\"https:\\\/\\\/lasentinelle.dz\\\/index.php\\\/2026\\\/09\\\/02\\\/baddari-preside-une-reunion-de-travail-conjointe-avec-le-secteur-de-la-culture-et-des-arts\\\/#organizationLogo\"},\"sameAs\":[\"https:\\\/\\\/www.facebook.com\\\/azzedine.lasentinelle.1\"]},{\"@type\":\"Person\",\"@id\":\"https:\\\/\\\/lasentinelle.dz\\\/author\\\/admin\\\/#author\",\"url\":\"https:\\\/\\\/lasentinelle.dz\\\/author\\\/admin\\\/\",\"name\":\"admin\",\"image\":{\"@type\":\"ImageObject\",\"@id\":\"https:\\\/\\\/lasentinelle.dz\\\/index.php\\\/2026\\\/09\\\/02\\\/baddari-preside-une-reunion-de-travail-conjointe-avec-le-secteur-de-la-culture-et-des-arts\\\/#authorImage\",\"url\":\"https:\\\/\\\/secure.gravatar.com\\\/avatar\\\/4c81fed838786e9b53f540bf46533e750f5d292099ae3b66cfc6fb1982e29df7?s=96&d=mm&r=g\",\"width\":96,\"height\":96,\"caption\":\"admin\"}},{\"@type\":\"WebPage\",\"@id\":\"https:\\\/\\\/lasentinelle.dz\\\/index.php\\\/2026\\\/09\\\/02\\\/baddari-preside-une-reunion-de-travail-conjointe-avec-le-secteur-de-la-culture-et-des-arts\\\/#webpage\",\"url\":\"https:\\\/\\\/lasentinelle.dz\\\/index.php\\\/2026\\\/09\\\/02\\\/baddari-preside-une-reunion-de-travail-conjointe-avec-le-secteur-de-la-culture-et-des-arts\\\/\",\"name\":\"Baddari pr\\u00e9side une r\\u00e9union de travail conjointe avec le secteur de la Culture et des Arts - La Sentinelle\",\"description\":\"Le ministre de l'Enseignement sup\\u00e9rieur et de la Recherche scientifique, Kamel Baddari, a pr\\u00e9sid\\u00e9, mardi, une r\\u00e9union de travail conjointe avec le secteur de la Culture et des Arts, consacr\\u00e9e \\u00e0 l'int\\u00e9gration des cinq \\u00e9coles et instituts relevant de ce dernier au syst\\u00e8me int\\u00e9gr\\u00e9 \\\"Progres\\\", indique un communiqu\\u00e9 du minist\\u00e8re. Cette r\\u00e9union, tenue en pr\\u00e9sence de\",\"inLanguage\":\"fr-FR\",\"isPartOf\":{\"@id\":\"https:\\\/\\\/lasentinelle.dz\\\/#website\"},\"breadcrumb\":{\"@id\":\"https:\\\/\\\/lasentinelle.dz\\\/index.php\\\/2026\\\/09\\\/02\\\/baddari-preside-une-reunion-de-travail-conjointe-avec-le-secteur-de-la-culture-et-des-arts\\\/#breadcrumblist\"},\"author\":{\"@id\":\"https:\\\/\\\/lasentinelle.dz\\\/author\\\/admin\\\/#author\"},\"creator\":{\"@id\":\"https:\\\/\\\/lasentinelle.dz\\\/author\\\/admin\\\/#author\"},\"image\":{\"@type\":\"ImageObject\",\"url\":\"https:\\\/\\\/lasentinelle.dz\\\/wp-content\\\/uploads\\\/2024\\\/08\\\/baddari.jpg\",\"@id\":\"https:\\\/\\\/lasentinelle.dz\\\/index.php\\\/2026\\\/09\\\/02\\\/baddari-preside-une-reunion-de-travail-conjointe-avec-le-secteur-de-la-culture-et-des-arts\\\/#mainImage\",\"width\":1236,\"height\":1105},\"primaryImageOfPage\":{\"@id\":\"https:\\\/\\\/lasentinelle.dz\\\/index.php\\\/2026\\\/09\\\/02\\\/baddari-preside-une-reunion-de-travail-conjointe-avec-le-secteur-de-la-culture-et-des-arts\\\/#mainImage\"},\"datePublished\":\"2026-09-02T11:07:53+01:00\",\"dateModified\":\"2026-09-02T11:07:56+01:00\"},{\"@type\":\"WebSite\",\"@id\":\"https:\\\/\\\/lasentinelle.dz\\\/#website\",\"url\":\"https:\\\/\\\/lasentinelle.dz\\\/\",\"name\":\"La Sentinelle\",\"description\":\"Quotidien national d'information\",\"inLanguage\":\"fr-FR\",\"publisher\":{\"@id\":\"https:\\\/\\\/lasentinelle.dz\\\/#organization\"}}]}\n\t\t<\/script>\n\t\t<!-- All in One SEO -->\n\n","aioseo_head_json":{"title":"Baddari pr\u00e9side une r\u00e9union de travail conjointe avec le secteur de la Culture et des Arts - La Sentinelle","description":"Le ministre de l'Enseignement sup\u00e9rieur et de la Recherche scientifique, Kamel Baddari, a pr\u00e9sid\u00e9, mardi, une r\u00e9union de travail conjointe avec le secteur de la Culture et des Arts, consacr\u00e9e \u00e0 l'int\u00e9gration des cinq \u00e9coles et instituts relevant de ce dernier au syst\u00e8me int\u00e9gr\u00e9 \"Progres\", indique un communiqu\u00e9 du minist\u00e8re. Cette r\u00e9union, tenue en pr\u00e9sence de","canonical_url":"https:\/\/lasentinelle.dz\/index.php\/2026\/09\/02\/baddari-preside-une-reunion-de-travail-conjointe-avec-le-secteur-de-la-culture-et-des-arts\/","robots":"max-image-preview:large","keywords":"","webmasterTools":{"miscellaneous":""},"schema":{"@context":"https:\/\/schema.org","@graph":[{"@type":"BlogPosting","@id":"https:\/\/lasentinelle.dz\/index.php\/2026\/09\/02\/baddari-preside-une-reunion-de-travail-conjointe-avec-le-secteur-de-la-culture-et-des-arts\/#blogposting","name":"Baddari pr\u00e9side une r\u00e9union de travail conjointe avec le secteur de la Culture et des Arts - La Sentinelle","headline":"Baddari\u00a0pr\u00e9side une r\u00e9union de travail conjointe avec le secteur de la Culture et des Arts","author":{"@id":"https:\/\/lasentinelle.dz\/author\/admin\/#author"},"publisher":{"@id":"https:\/\/lasentinelle.dz\/#organization"},"image":{"@type":"ImageObject","url":"https:\/\/lasentinelle.dz\/wp-content\/uploads\/2024\/08\/baddari.jpg","width":1236,"height":1105},"datePublished":"2026-09-02T11:07:53+01:00","dateModified":"2026-09-02T11:07:56+01:00","inLanguage":"fr-FR","mainEntityOfPage":{"@id":"https:\/\/lasentinelle.dz\/index.php\/2026\/09\/02\/baddari-preside-une-reunion-de-travail-conjointe-avec-le-secteur-de-la-culture-et-des-arts\/#webpage"},"isPartOf":{"@id":"https:\/\/lasentinelle.dz\/index.php\/2026\/09\/02\/baddari-preside-une-reunion-de-travail-conjointe-avec-le-secteur-de-la-culture-et-des-arts\/#webpage"},"articleSection":"Actualit\u00e9"},{"@type":"BreadcrumbList","@id":"https:\/\/lasentinelle.dz\/index.php\/2026\/09\/02\/baddari-preside-une-reunion-de-travail-conjointe-avec-le-secteur-de-la-culture-et-des-arts\/#breadcrumblist","itemListElement":[{"@type":"ListItem","@id":"https:\/\/lasentinelle.dz#listItem","position":1,"name":"Home","item":"https:\/\/lasentinelle.dz","nextItem":{"@type":"ListItem","@id":"https:\/\/lasentinelle.dz\/index.php\/category\/actualite\/#listItem","name":"Actualit\u00e9"}},{"@type":"ListItem","@id":"https:\/\/lasentinelle.dz\/index.php\/category\/actualite\/#listItem","position":2,"name":"Actualit\u00e9","item":"https:\/\/lasentinelle.dz\/index.php\/category\/actualite\/","nextItem":{"@type":"ListItem","@id":"https:\/\/lasentinelle.dz\/index.php\/2026\/09\/02\/baddari-preside-une-reunion-de-travail-conjointe-avec-le-secteur-de-la-culture-et-des-arts\/#listItem","name":"Baddari\u00a0pr\u00e9side une r\u00e9union de travail conjointe avec le secteur de la Culture et des Arts"},"previousItem":{"@type":"ListItem","@id":"https:\/\/lasentinelle.dz#listItem","name":"Home"}},{"@type":"ListItem","@id":"https:\/\/lasentinelle.dz\/index.php\/2026\/09\/02\/baddari-preside-une-reunion-de-travail-conjointe-avec-le-secteur-de-la-culture-et-des-arts\/#listItem","position":3,"name":"Baddari\u00a0pr\u00e9side une r\u00e9union de travail conjointe avec le secteur de la Culture et des Arts","previousItem":{"@type":"ListItem","@id":"https:\/\/lasentinelle.dz\/index.php\/category\/actualite\/#listItem","name":"Actualit\u00e9"}}]},{"@type":"Organization","@id":"https:\/\/lasentinelle.dz\/#organization","name":"La Sentinelle La Sentinelle","description":"Quotidien national d'information","url":"https:\/\/lasentinelle.dz\/","logo":{"@type":"ImageObject","url":"https:\/\/lasentinelle.dz\/wp-content\/uploads\/2021\/09\/cropped-la-sentinelle-earth-golden-anima-5.gif","@id":"https:\/\/lasentinelle.dz\/index.php\/2026\/09\/02\/baddari-preside-une-reunion-de-travail-conjointe-avec-le-secteur-de-la-culture-et-des-arts\/#organizationLogo","width":450,"height":213},"image":{"@id":"https:\/\/lasentinelle.dz\/index.php\/2026\/09\/02\/baddari-preside-une-reunion-de-travail-conjointe-avec-le-secteur-de-la-culture-et-des-arts\/#organizationLogo"},"sameAs":["https:\/\/www.facebook.com\/azzedine.lasentinelle.1"]},{"@type":"Person","@id":"https:\/\/lasentinelle.dz\/author\/admin\/#author","url":"https:\/\/lasentinelle.dz\/author\/admin\/","name":"admin","image":{"@type":"ImageObject","@id":"https:\/\/lasentinelle.dz\/index.php\/2026\/09\/02\/baddari-preside-une-reunion-de-travail-conjointe-avec-le-secteur-de-la-culture-et-des-arts\/#authorImage","url":"https:\/\/secure.gravatar.com\/avatar\/4c81fed838786e9b53f540bf46533e750f5d292099ae3b66cfc6fb1982e29df7?s=96&d=mm&r=g","width":96,"height":96,"caption":"admin"}},{"@type":"WebPage","@id":"https:\/\/lasentinelle.dz\/index.php\/2026\/09\/02\/baddari-preside-une-reunion-de-travail-conjointe-avec-le-secteur-de-la-culture-et-des-arts\/#webpage","url":"https:\/\/lasentinelle.dz\/index.php\/2026\/09\/02\/baddari-preside-une-reunion-de-travail-conjointe-avec-le-secteur-de-la-culture-et-des-arts\/","name":"Baddari pr\u00e9side une r\u00e9union de travail conjointe avec le secteur de la Culture et des Arts - La Sentinelle","description":"Le ministre de l'Enseignement sup\u00e9rieur et de la Recherche scientifique, Kamel Baddari, a pr\u00e9sid\u00e9, mardi, une r\u00e9union de travail conjointe avec le secteur de la Culture et des Arts, consacr\u00e9e \u00e0 l'int\u00e9gration des cinq \u00e9coles et instituts relevant de ce dernier au syst\u00e8me int\u00e9gr\u00e9 \"Progres\", indique un communiqu\u00e9 du minist\u00e8re. Cette r\u00e9union, tenue en pr\u00e9sence de","inLanguage":"fr-FR","isPartOf":{"@id":"https:\/\/lasentinelle.dz\/#website"},"breadcrumb":{"@id":"https:\/\/lasentinelle.dz\/index.php\/2026\/09\/02\/baddari-preside-une-reunion-de-travail-conjointe-avec-le-secteur-de-la-culture-et-des-arts\/#breadcrumblist"},"author":{"@id":"https:\/\/lasentinelle.dz\/author\/admin\/#author"},"creator":{"@id":"https:\/\/lasentinelle.dz\/author\/admin\/#author"},"image":{"@type":"ImageObject","url":"https:\/\/lasentinelle.dz\/wp-content\/uploads\/2024\/08\/baddari.jpg","@id":"https:\/\/lasentinelle.dz\/index.php\/2026\/09\/02\/baddari-preside-une-reunion-de-travail-conjointe-avec-le-secteur-de-la-culture-et-des-arts\/#mainImage","width":1236,"height":1105},"primaryImageOfPage":{"@id":"https:\/\/lasentinelle.dz\/index.php\/2026\/09\/02\/baddari-preside-une-reunion-de-travail-conjointe-avec-le-secteur-de-la-culture-et-des-arts\/#mainImage"},"datePublished":"2026-09-02T11:07:53+01:00","dateModified":"2026-09-02T11:07:56+01:00"},{"@type":"WebSite","@id":"https:\/\/lasentinelle.dz\/#website","url":"https:\/\/lasentinelle.dz\/","name":"La Sentinelle","description":"Quotidien national d'information","inLanguage":"fr-FR","publisher":{"@id":"https:\/\/lasentinelle.dz\/#organization"}}]},"og:locale":"fr_FR","og:site_name":"La Sentinelle - Quotidien national d'information","og:type":"article","og:title":"Baddari pr\u00e9side une r\u00e9union de travail conjointe avec le secteur de la Culture et des Arts - La Sentinelle","og:description":"Le ministre de l'Enseignement sup\u00e9rieur et de la Recherche scientifique, Kamel Baddari, a pr\u00e9sid\u00e9, mardi, une r\u00e9union de travail conjointe avec le secteur de la Culture et des Arts, consacr\u00e9e \u00e0 l'int\u00e9gration des cinq \u00e9coles et instituts relevant de ce dernier au syst\u00e8me int\u00e9gr\u00e9 &quot;Progres&quot;, indique un communiqu\u00e9 du minist\u00e8re. Cette r\u00e9union, tenue en pr\u00e9sence de","og:url":"https:\/\/lasentinelle.dz\/index.php\/2026\/09\/02\/baddari-preside-une-reunion-de-travail-conjointe-avec-le-secteur-de-la-culture-et-des-arts\/","og:image":"https:\/\/lasentinelle.dz\/wp-content\/uploads\/2021\/09\/cropped-la-sentinelle-earth-golden-anima-5.gif","og:image:secure_url":"https:\/\/lasentinelle.dz\/wp-content\/uploads\/2021\/09\/cropped-la-sentinelle-earth-golden-anima-5.gif","og:image:width":450,"og:image:height":213,"article:published_time":"2026-09-02T10:07:53+00:00","article:modified_time":"2026-09-02T10:07:56+00:00","article:publisher":"https:\/\/www.facebook.com\/azzedine.lasentinelle.1","twitter:card":"summary_large_image","twitter:title":"Baddari pr\u00e9side une r\u00e9union de travail conjointe avec le secteur de la Culture et des Arts - La Sentinelle","twitter:description":"Le ministre de l'Enseignement sup\u00e9rieur et de la Recherche scientifique, Kamel Baddari, a pr\u00e9sid\u00e9, mardi, une r\u00e9union de travail conjointe avec le secteur de la Culture et des Arts, consacr\u00e9e \u00e0 l'int\u00e9gration des cinq \u00e9coles et instituts relevant de ce dernier au syst\u00e8me int\u00e9gr\u00e9 &quot;Progres&quot;, indique un communiqu\u00e9 du minist\u00e8re. Cette r\u00e9union, tenue en pr\u00e9sence de","twitter:image":"https:\/\/lasentinelle.dz\/wp-content\/uploads\/2021\/09\/cropped-la-sentinelle-earth-golden-anima-5.gif"},"aioseo_meta_data":{"post_id":"94770","title":null,"description":null,"keywords":null,"keyphrases":{"focus":{"keyphrase":"","score":0,"analysis":{"keyphraseInTitle":{"score":0,"maxScore":9,"error":1}}},"additional":[]},"primary_term":null,"canonical_url":null,"og_title":null,"og_description":null,"og_object_type":"default","og_image_type":"default","og_image_url":null,"og_image_width":null,"og_image_height":null,"og_image_custom_url":null,"og_image_custom_fields":null,"og_video":"","og_custom_url":null,"og_article_section":null,"og_article_tags":null,"twitter_use_og":false,"twitter_card":"default","twitter_image_type":"default","twitter_image_url":null,"twitter_image_custom_url":null,"twitter_image_custom_fields":null,"twitter_title":null,"twitter_description":null,"schema":{"blockGraphs":[],"customGraphs":[],"default":{"data":{"Article":[],"Course":[],"Dataset":[],"FAQPage":[],"Movie":[],"Person":[],"Product":[],"ProductReview":[],"Car":[],"Recipe":[],"Service":[],"SoftwareApplication":[],"WebPage":[]},"graphName":"BlogPosting","isEnabled":true},"graphs":[]},"schema_type":"default","schema_type_options":null,"pillar_content":false,"robots_default":true,"robots_noindex":false,"robots_noarchive":false,"robots_nosnippet":false,"robots_nofollow":false,"robots_noimageindex":false,"robots_noodp":false,"robots_notranslate":false,"robots_max_snippet":"-1","robots_max_videopreview":"-1","robots_max_imagepreview":"large","priority":null,"frequency":"default","local_seo":null,"breadcrumb_settings":null,"limit_modified_date":false,"ai":{"faqs":[],"keyPoints":[],"schemas":[],"titles":[],"descriptions":[],"socialPosts":{"email":{"subject":"","preview":"","content":""},"linkedin":[],"twitter":[],"facebook":[],"instagram":[]}},"created":"2026-09-02 10:07:57","updated":"2026-09-02 11:03:24","focus_keyword":null,"additional_keywords":null,"truseo_locale":null,"seo_analyzer_scan_date":null},"aioseo_breadcrumb":"<div class=\"aioseo-breadcrumbs\"><span class=\"aioseo-breadcrumb\">\n\t\t\t<a href=\"https:\/\/lasentinelle.dz\" title=\"Home\">Home<\/a>\n\t\t<\/span><span class=\"aioseo-breadcrumb-separator\">&raquo;<\/span><span class=\"aioseo-breadcrumb\">\n\t\t\t<a href=\"https:\/\/lasentinelle.dz\/index.php\/category\/actualite\/\" title=\"Actualit\u00e9\">Actualit\u00e9<\/a>\n\t\t<\/span><span class=\"aioseo-breadcrumb-separator\">&raquo;<\/span><span class=\"aioseo-breadcrumb\">\n\t\t\tBaddari pr\u00e9side une r\u00e9union de travail conjointe avec le secteur de la Culture et des Arts\n\t\t<\/span><\/div>","aioseo_breadcrumb_json":[{"label":"Home","link":"https:\/\/lasentinelle.dz"},{"label":"Actualit\u00e9","link":"https:\/\/lasentinelle.dz\/index.php\/category\/actualite\/"},{"label":"Baddari\u00a0pr\u00e9side une r\u00e9union de travail conjointe avec le secteur de la Culture et des Arts","link":"https:\/\/lasentinelle.dz\/index.php\/2026\/09\/02\/baddari-preside-une-reunion-de-travail-conjointe-avec-le-secteur-de-la-culture-et-des-arts\/"}],"yoast_head":"<!-- This site is optimized with the Yoast SEO plugin v28.4 - https:\/\/yoast.com\/product\/yoast-seo-wordpress\/ -->\n<title>Baddari\u00a0pr\u00e9side une r\u00e9union de travail conjointe avec le secteur de la Culture et des Arts - La Sentinelle<\/title>\n<meta name=\"robots\" content=\"index, follow, max-snippet:-1, max-image-preview:large, max-video-preview:-1\" \/>\n<link rel=\"canonical\" href=\"https:\/\/lasentinelle.dz\/index.php\/2026\/09\/02\/baddari-preside-une-reunion-de-travail-conjointe-avec-le-secteur-de-la-culture-et-des-arts\/\" \/>\n<meta property=\"og:locale\" content=\"fr_FR\" \/>\n<meta property=\"og:type\" content=\"article\" \/>\n<meta property=\"og:title\" content=\"Baddari\u00a0pr\u00e9side une r\u00e9union de travail conjointe avec le secteur de la Culture et des Arts - La Sentinelle\" \/>\n<meta property=\"og:description\" content=\"Le ministre de l&rsquo;Enseignement sup\u00e9rieur et de la Recherche scientifique, Kamel&nbsp;Baddari, a pr\u00e9sid\u00e9, mardi, une r\u00e9union de travail conjointe avec\" \/>\n<meta property=\"og:url\" content=\"https:\/\/lasentinelle.dz\/index.php\/2026\/09\/02\/baddari-preside-une-reunion-de-travail-conjointe-avec-le-secteur-de-la-culture-et-des-arts\/\" \/>\n<meta property=\"og:site_name\" content=\"La Sentinelle\" \/>\n<meta property=\"article:publisher\" content=\"https:\/\/www.facebook.com\/La-Sentinelle-104059864394773\" \/>\n<meta property=\"article:published_time\" content=\"2026-09-02T10:07:53+00:00\" \/>\n<meta property=\"article:modified_time\" content=\"2026-09-02T10:07:56+00:00\" \/>\n<meta property=\"og:image\" content=\"https:\/\/lasentinelle.dz\/wp-content\/uploads\/2024\/08\/baddari.jpg\" \/>\n\t<meta property=\"og:image:width\" content=\"1236\" \/>\n\t<meta property=\"og:image:height\" content=\"1105\" \/>\n\t<meta property=\"og:image:type\" content=\"image\/jpeg\" \/>\n<meta name=\"author\" content=\"admin\" \/>\n<meta name=\"twitter:card\" content=\"summary_large_image\" \/>\n<meta name=\"twitter:label1\" content=\"\u00c9crit par\" \/>\n\t<meta name=\"twitter:data1\" content=\"admin\" \/>\n\t<meta name=\"twitter:label2\" content=\"Dur\u00e9e de lecture estim\u00e9e\" \/>\n\t<meta name=\"twitter:data2\" content=\"1 minute\" \/>\n<script type=\"application\/ld+json\" class=\"yoast-schema-graph\">{\"@context\":\"https:\\\/\\\/schema.org\",\"@graph\":[{\"@type\":\"Article\",\"@id\":\"https:\\\/\\\/lasentinelle.dz\\\/index.php\\\/2026\\\/09\\\/02\\\/baddari-preside-une-reunion-de-travail-conjointe-avec-le-secteur-de-la-culture-et-des-arts\\\/#article\",\"isPartOf\":{\"@id\":\"https:\\\/\\\/lasentinelle.dz\\\/index.php\\\/2026\\\/09\\\/02\\\/baddari-preside-une-reunion-de-travail-conjointe-avec-le-secteur-de-la-culture-et-des-arts\\\/\"},\"author\":{\"name\":\"admin\",\"@id\":\"https:\\\/\\\/lasentinelle.dz\\\/#\\\/schema\\\/person\\\/729ee0024f24e0b8c5ec17232f8e8b41\"},\"headline\":\"Baddari\u00a0pr\u00e9side une r\u00e9union de travail conjointe avec le secteur de la Culture et des Arts\",\"datePublished\":\"2026-09-02T10:07:53+00:00\",\"dateModified\":\"2026-09-02T10:07:56+00:00\",\"mainEntityOfPage\":{\"@id\":\"https:\\\/\\\/lasentinelle.dz\\\/index.php\\\/2026\\\/09\\\/02\\\/baddari-preside-une-reunion-de-travail-conjointe-avec-le-secteur-de-la-culture-et-des-arts\\\/\"},\"wordCount\":175,\"commentCount\":0,\"publisher\":{\"@id\":\"https:\\\/\\\/lasentinelle.dz\\\/#organization\"},\"image\":{\"@id\":\"https:\\\/\\\/lasentinelle.dz\\\/index.php\\\/2026\\\/09\\\/02\\\/baddari-preside-une-reunion-de-travail-conjointe-avec-le-secteur-de-la-culture-et-des-arts\\\/#primaryimage\"},\"thumbnailUrl\":\"https:\\\/\\\/lasentinelle.dz\\\/wp-content\\\/uploads\\\/2024\\\/08\\\/baddari.jpg\",\"articleSection\":[\"Actualit\u00e9\"],\"inLanguage\":\"fr-FR\",\"potentialAction\":[{\"@type\":\"CommentAction\",\"name\":\"Comment\",\"target\":[\"https:\\\/\\\/lasentinelle.dz\\\/index.php\\\/2026\\\/09\\\/02\\\/baddari-preside-une-reunion-de-travail-conjointe-avec-le-secteur-de-la-culture-et-des-arts\\\/#respond\"]}]},{\"@type\":\"WebPage\",\"@id\":\"https:\\\/\\\/lasentinelle.dz\\\/index.php\\\/2026\\\/09\\\/02\\\/baddari-preside-une-reunion-de-travail-conjointe-avec-le-secteur-de-la-culture-et-des-arts\\\/\",\"url\":\"https:\\\/\\\/lasentinelle.dz\\\/index.php\\\/2026\\\/09\\\/02\\\/baddari-preside-une-reunion-de-travail-conjointe-avec-le-secteur-de-la-culture-et-des-arts\\\/\",\"name\":\"Baddari\u00a0pr\u00e9side une r\u00e9union de travail conjointe avec le secteur de la Culture et des Arts - La Sentinelle\",\"isPartOf\":{\"@id\":\"https:\\\/\\\/lasentinelle.dz\\\/#website\"},\"primaryImageOfPage\":{\"@id\":\"https:\\\/\\\/lasentinelle.dz\\\/index.php\\\/2026\\\/09\\\/02\\\/baddari-preside-une-reunion-de-travail-conjointe-avec-le-secteur-de-la-culture-et-des-arts\\\/#primaryimage\"},\"image\":{\"@id\":\"https:\\\/\\\/lasentinelle.dz\\\/index.php\\\/2026\\\/09\\\/02\\\/baddari-preside-une-reunion-de-travail-conjointe-avec-le-secteur-de-la-culture-et-des-arts\\\/#primaryimage\"},\"thumbnailUrl\":\"https:\\\/\\\/lasentinelle.dz\\\/wp-content\\\/uploads\\\/2024\\\/08\\\/baddari.jpg\",\"datePublished\":\"2026-09-02T10:07:53+00:00\",\"dateModified\":\"2026-09-02T10:07:56+00:00\",\"breadcrumb\":{\"@id\":\"https:\\\/\\\/lasentinelle.dz\\\/index.php\\\/2026\\\/09\\\/02\\\/baddari-preside-une-reunion-de-travail-conjointe-avec-le-secteur-de-la-culture-et-des-arts\\\/#breadcrumb\"},\"inLanguage\":\"fr-FR\",\"potentialAction\":[{\"@type\":\"ReadAction\",\"target\":[\"https:\\\/\\\/lasentinelle.dz\\\/index.php\\\/2026\\\/09\\\/02\\\/baddari-preside-une-reunion-de-travail-conjointe-avec-le-secteur-de-la-culture-et-des-arts\\\/\"]}]},{\"@type\":\"ImageObject\",\"inLanguage\":\"fr-FR\",\"@id\":\"https:\\\/\\\/lasentinelle.dz\\\/index.php\\\/2026\\\/09\\\/02\\\/baddari-preside-une-reunion-de-travail-conjointe-avec-le-secteur-de-la-culture-et-des-arts\\\/#primaryimage\",\"url\":\"https:\\\/\\\/lasentinelle.dz\\\/wp-content\\\/uploads\\\/2024\\\/08\\\/baddari.jpg\",\"contentUrl\":\"https:\\\/\\\/lasentinelle.dz\\\/wp-content\\\/uploads\\\/2024\\\/08\\\/baddari.jpg\",\"width\":1236,\"height\":1105},{\"@type\":\"BreadcrumbList\",\"@id\":\"https:\\\/\\\/lasentinelle.dz\\\/index.php\\\/2026\\\/09\\\/02\\\/baddari-preside-une-reunion-de-travail-conjointe-avec-le-secteur-de-la-culture-et-des-arts\\\/#breadcrumb\",\"itemListElement\":[{\"@type\":\"ListItem\",\"position\":1,\"name\":\"Accueil\",\"item\":\"https:\\\/\\\/lasentinelle.dz\\\/\"},{\"@type\":\"ListItem\",\"position\":2,\"name\":\"Baddari\u00a0pr\u00e9side une r\u00e9union de travail conjointe avec le secteur de la Culture et des Arts\"}]},{\"@type\":\"WebSite\",\"@id\":\"https:\\\/\\\/lasentinelle.dz\\\/#website\",\"url\":\"https:\\\/\\\/lasentinelle.dz\\\/\",\"name\":\"La Sentinelle\",\"description\":\"Quotidien national d&#039;information\",\"publisher\":{\"@id\":\"https:\\\/\\\/lasentinelle.dz\\\/#organization\"},\"potentialAction\":[{\"@type\":\"SearchAction\",\"target\":{\"@type\":\"EntryPoint\",\"urlTemplate\":\"https:\\\/\\\/lasentinelle.dz\\\/?s={search_term_string}\"},\"query-input\":{\"@type\":\"PropertyValueSpecification\",\"valueRequired\":true,\"valueName\":\"search_term_string\"}}],\"inLanguage\":\"fr-FR\"},{\"@type\":\"Organization\",\"@id\":\"https:\\\/\\\/lasentinelle.dz\\\/#organization\",\"name\":\"Quotidien La Sentinelle\",\"url\":\"https:\\\/\\\/lasentinelle.dz\\\/\",\"logo\":{\"@type\":\"ImageObject\",\"inLanguage\":\"fr-FR\",\"@id\":\"https:\\\/\\\/lasentinelle.dz\\\/#\\\/schema\\\/logo\\\/image\\\/\",\"url\":\"https:\\\/\\\/lasentinelle.dz\\\/wp-content\\\/uploads\\\/2021\\\/09\\\/logo-sentinelleSLOGAN-1.png\",\"contentUrl\":\"https:\\\/\\\/lasentinelle.dz\\\/wp-content\\\/uploads\\\/2021\\\/09\\\/logo-sentinelleSLOGAN-1.png\",\"width\":615,\"height\":142,\"caption\":\"Quotidien La Sentinelle\"},\"image\":{\"@id\":\"https:\\\/\\\/lasentinelle.dz\\\/#\\\/schema\\\/logo\\\/image\\\/\"},\"sameAs\":[\"https:\\\/\\\/www.facebook.com\\\/La-Sentinelle-104059864394773\"]},{\"@type\":\"Person\",\"@id\":\"https:\\\/\\\/lasentinelle.dz\\\/#\\\/schema\\\/person\\\/729ee0024f24e0b8c5ec17232f8e8b41\",\"name\":\"admin\",\"image\":{\"@type\":\"ImageObject\",\"inLanguage\":\"fr-FR\",\"@id\":\"https:\\\/\\\/secure.gravatar.com\\\/avatar\\\/4c81fed838786e9b53f540bf46533e750f5d292099ae3b66cfc6fb1982e29df7?s=96&d=mm&r=g\",\"url\":\"https:\\\/\\\/secure.gravatar.com\\\/avatar\\\/4c81fed838786e9b53f540bf46533e750f5d292099ae3b66cfc6fb1982e29df7?s=96&d=mm&r=g\",\"contentUrl\":\"https:\\\/\\\/secure.gravatar.com\\\/avatar\\\/4c81fed838786e9b53f540bf46533e750f5d292099ae3b66cfc6fb1982e29df7?s=96&d=mm&r=g\",\"caption\":\"admin\"},\"description\":\"admin\",\"url\":\"https:\\\/\\\/lasentinelle.dz\\\/author\\\/admin\\\/\"}]}<\/script>\n<!-- \/ Yoast SEO plugin. -->","yoast_head_json":{"title":"Baddari\u00a0pr\u00e9side une r\u00e9union de travail conjointe avec le secteur de la Culture et des Arts - La Sentinelle","robots":{"index":"index","follow":"follow","max-snippet":"max-snippet:-1","max-image-preview":"max-image-preview:large","max-video-preview":"max-video-preview:-1"},"canonical":"https:\/\/lasentinelle.dz\/index.php\/2026\/09\/02\/baddari-preside-une-reunion-de-travail-conjointe-avec-le-secteur-de-la-culture-et-des-arts\/","og_locale":"fr_FR","og_type":"article","og_title":"Baddari\u00a0pr\u00e9side une r\u00e9union de travail conjointe avec le secteur de la Culture et des Arts - La Sentinelle","og_description":"Le ministre de l&rsquo;Enseignement sup\u00e9rieur et de la Recherche scientifique, Kamel&nbsp;Baddari, a pr\u00e9sid\u00e9, mardi, une r\u00e9union de travail conjointe avec","og_url":"https:\/\/lasentinelle.dz\/index.php\/2026\/09\/02\/baddari-preside-une-reunion-de-travail-conjointe-avec-le-secteur-de-la-culture-et-des-arts\/","og_site_name":"La Sentinelle","article_publisher":"https:\/\/www.facebook.com\/La-Sentinelle-104059864394773","article_published_time":"2026-09-02T10:07:53+00:00","article_modified_time":"2026-09-02T10:07:56+00:00","og_image":[{"width":1236,"height":1105,"url":"https:\/\/lasentinelle.dz\/wp-content\/uploads\/2024\/08\/baddari.jpg","type":"image\/jpeg"}],"author":"admin","twitter_card":"summary_large_image","twitter_misc":{"\u00c9crit par":"admin","Dur\u00e9e de lecture estim\u00e9e":"1 minute"},"schema":{"@context":"https:\/\/schema.org","@graph":[{"@type":"Article","@id":"https:\/\/lasentinelle.dz\/index.php\/2026\/09\/02\/baddari-preside-une-reunion-de-travail-conjointe-avec-le-secteur-de-la-culture-et-des-arts\/#article","isPartOf":{"@id":"https:\/\/lasentinelle.dz\/index.php\/2026\/09\/02\/baddari-preside-une-reunion-de-travail-conjointe-avec-le-secteur-de-la-culture-et-des-arts\/"},"author":{"name":"admin","@id":"https:\/\/lasentinelle.dz\/#\/schema\/person\/729ee0024f24e0b8c5ec17232f8e8b41"},"headline":"Baddari\u00a0pr\u00e9side une r\u00e9union de travail conjointe avec le secteur de la Culture et des Arts","datePublished":"2026-09-02T10:07:53+00:00","dateModified":"2026-09-02T10:07:56+00:00","mainEntityOfPage":{"@id":"https:\/\/lasentinelle.dz\/index.php\/2026\/09\/02\/baddari-preside-une-reunion-de-travail-conjointe-avec-le-secteur-de-la-culture-et-des-arts\/"},"wordCount":175,"commentCount":0,"publisher":{"@id":"https:\/\/lasentinelle.dz\/#organization"},"image":{"@id":"https:\/\/lasentinelle.dz\/index.php\/2026\/09\/02\/baddari-preside-une-reunion-de-travail-conjointe-avec-le-secteur-de-la-culture-et-des-arts\/#primaryimage"},"thumbnailUrl":"https:\/\/lasentinelle.dz\/wp-content\/uploads\/2024\/08\/baddari.jpg","articleSection":["Actualit\u00e9"],"inLanguage":"fr-FR","potentialAction":[{"@type":"CommentAction","name":"Comment","target":["https:\/\/lasentinelle.dz\/index.php\/2026\/09\/02\/baddari-preside-une-reunion-de-travail-conjointe-avec-le-secteur-de-la-culture-et-des-arts\/#respond"]}]},{"@type":"WebPage","@id":"https:\/\/lasentinelle.dz\/index.php\/2026\/09\/02\/baddari-preside-une-reunion-de-travail-conjointe-avec-le-secteur-de-la-culture-et-des-arts\/","url":"https:\/\/lasentinelle.dz\/index.php\/2026\/09\/02\/baddari-preside-une-reunion-de-travail-conjointe-avec-le-secteur-de-la-culture-et-des-arts\/","name":"Baddari\u00a0pr\u00e9side une r\u00e9union de travail conjointe avec le secteur de la Culture et des Arts - La Sentinelle","isPartOf":{"@id":"https:\/\/lasentinelle.dz\/#website"},"primaryImageOfPage":{"@id":"https:\/\/lasentinelle.dz\/index.php\/2026\/09\/02\/baddari-preside-une-reunion-de-travail-conjointe-avec-le-secteur-de-la-culture-et-des-arts\/#primaryimage"},"image":{"@id":"https:\/\/lasentinelle.dz\/index.php\/2026\/09\/02\/baddari-preside-une-reunion-de-travail-conjointe-avec-le-secteur-de-la-culture-et-des-arts\/#primaryimage"},"thumbnailUrl":"https:\/\/lasentinelle.dz\/wp-content\/uploads\/2024\/08\/baddari.jpg","datePublished":"2026-09-02T10:07:53+00:00","dateModified":"2026-09-02T10:07:56+00:00","breadcrumb":{"@id":"https:\/\/lasentinelle.dz\/index.php\/2026\/09\/02\/baddari-preside-une-reunion-de-travail-conjointe-avec-le-secteur-de-la-culture-et-des-arts\/#breadcrumb"},"inLanguage":"fr-FR","potentialAction":[{"@type":"ReadAction","target":["https:\/\/lasentinelle.dz\/index.php\/2026\/09\/02\/baddari-preside-une-reunion-de-travail-conjointe-avec-le-secteur-de-la-culture-et-des-arts\/"]}]},{"@type":"ImageObject","inLanguage":"fr-FR","@id":"https:\/\/lasentinelle.dz\/index.php\/2026\/09\/02\/baddari-preside-une-reunion-de-travail-conjointe-avec-le-secteur-de-la-culture-et-des-arts\/#primaryimage","url":"https:\/\/lasentinelle.dz\/wp-content\/uploads\/2024\/08\/baddari.jpg","contentUrl":"https:\/\/lasentinelle.dz\/wp-content\/uploads\/2024\/08\/baddari.jpg","width":1236,"height":1105},{"@type":"BreadcrumbList","@id":"https:\/\/lasentinelle.dz\/index.php\/2026\/09\/02\/baddari-preside-une-reunion-de-travail-conjointe-avec-le-secteur-de-la-culture-et-des-arts\/#breadcrumb","itemListElement":[{"@type":"ListItem","position":1,"name":"Accueil","item":"https:\/\/lasentinelle.dz\/"},{"@type":"ListItem","position":2,"name":"Baddari\u00a0pr\u00e9side une r\u00e9union de travail conjointe avec le secteur de la Culture et des Arts"}]},{"@type":"WebSite","@id":"https:\/\/lasentinelle.dz\/#website","url":"https:\/\/lasentinelle.dz\/","name":"La Sentinelle","description":"Quotidien national d&#039;information","publisher":{"@id":"https:\/\/lasentinelle.dz\/#organization"},"potentialAction":[{"@type":"SearchAction","target":{"@type":"EntryPoint","urlTemplate":"https:\/\/lasentinelle.dz\/?s={search_term_string}"},"query-input":{"@type":"PropertyValueSpecification","valueRequired":true,"valueName":"search_term_string"}}],"inLanguage":"fr-FR"},{"@type":"Organization","@id":"https:\/\/lasentinelle.dz\/#organization","name":"Quotidien La Sentinelle","url":"https:\/\/lasentinelle.dz\/","logo":{"@type":"ImageObject","inLanguage":"fr-FR","@id":"https:\/\/lasentinelle.dz\/#\/schema\/logo\/image\/","url":"https:\/\/lasentinelle.dz\/wp-content\/uploads\/2021\/09\/logo-sentinelleSLOGAN-1.png","contentUrl":"https:\/\/lasentinelle.dz\/wp-content\/uploads\/2021\/09\/logo-sentinelleSLOGAN-1.png","width":615,"height":142,"caption":"Quotidien La Sentinelle"},"image":{"@id":"https:\/\/lasentinelle.dz\/#\/schema\/logo\/image\/"},"sameAs":["https:\/\/www.facebook.com\/La-Sentinelle-104059864394773"]},{"@type":"Person","@id":"https:\/\/lasentinelle.dz\/#\/schema\/person\/729ee0024f24e0b8c5ec17232f8e8b41","name":"admin","image":{"@type":"ImageObject","inLanguage":"fr-FR","@id":"https:\/\/secure.gravatar.com\/avatar\/4c81fed838786e9b53f540bf46533e750f5d292099ae3b66cfc6fb1982e29df7?s=96&d=mm&r=g","url":"https:\/\/secure.gravatar.com\/avatar\/4c81fed838786e9b53f540bf46533e750f5d292099ae3b66cfc6fb1982e29df7?s=96&d=mm&r=g","contentUrl":"https:\/\/secure.gravatar.com\/avatar\/4c81fed838786e9b53f540bf46533e750f5d292099ae3b66cfc6fb1982e29df7?s=96&d=mm&r=g","caption":"admin"},"description":"admin","url":"https:\/\/lasentinelle.dz\/author\/admin\/"}]}},"_links":{"self":[{"href":"https:\/\/lasentinelle.dz\/index.php\/wp-json\/wp\/v2\/posts\/94770","targetHints":{"allow":["GET"]}}],"collection":[{"href":"https:\/\/lasentinelle.dz\/index.php\/wp-json\/wp\/v2\/posts"}],"about":[{"href":"https:\/\/lasentinelle.dz\/index.php\/wp-json\/wp\/v2\/types\/post"}],"author":[{"embeddable":true,"href":"https:\/\/lasentinelle.dz\/index.php\/wp-json\/wp\/v2\/users\/6"}],"replies":[{"embeddable":true,"href":"https:\/\/lasentinelle.dz\/index.php\/wp-json\/wp\/v2\/comments?post=94770"}],"version-history":[{"count":1,"href":"https:\/\/lasentinelle.dz\/index.php\/wp-json\/wp\/v2\/posts\/94770\/revisions"}],"predecessor-version":[{"id":94771,"href":"https:\/\/lasentinelle.dz\/index.php\/wp-json\/wp\/v2\/posts\/94770\/revisions\/94771"}],"wp:featuredmedia":[{"embeddable":true,"href":"https:\/\/lasentinelle.dz\/index.php\/wp-json\/wp\/v2\/media\/55360"}],"wp:attachment":[{"href":"https:\/\/lasentinelle.dz\/index.php\/wp-json\/wp\/v2\/media?parent=94770"}],"wp:term":[{"taxonomy":"category","embeddable":true,"href":"https:\/\/lasentinelle.dz\/index.php\/wp-json\/wp\/v2\/categories?post=94770"},{"taxonomy":"post_tag","embeddable":true,"href":"https:\/\/lasentinelle.dz\/index.php\/wp-json\/wp\/v2\/tags?post=94770"}],"curies":[{"name":"wp","href":"https:\/\/api.w.org\/{rel}","templated":true}]}}