{"id":94774,"date":"2026-09-02T11:12:47","date_gmt":"2026-09-02T10:12:47","guid":{"rendered":"https:\/\/lasentinelle.dz\/?p=94774"},"modified":"2026-09-02T11:12:51","modified_gmt":"2026-09-02T10:12:51","slug":"a-lapproche-de-lautomne-les-collectivites-locales-anticipent","status":"publish","type":"post","link":"https:\/\/lasentinelle.dz\/index.php\/2026\/09\/02\/a-lapproche-de-lautomne-les-collectivites-locales-anticipent\/","title":{"rendered":"\u00c0 l\u2019approche de l\u2019automne\u00a0: Les collectivit\u00e9s locales anticipent"},"content":{"rendered":"\n<p class=\"wp-block-paragraph\">Les autorit\u00e9s locales poursuivent la mise en \u0153uvre d&rsquo;un ensemble de mesures pr\u00e9ventives et anticipatives au niveau local, en pr\u00e9vision des perturbations m\u00e9t\u00e9orologiques attendues avec la fin de l&rsquo;\u00e9t\u00e9 et l&rsquo;entr\u00e9e dans l&rsquo;automne, a indiqu\u00e9 mardi un communiqu\u00e9 du minist\u00e8re de l&rsquo;Int\u00e9rieur, des Collectivit\u00e9s locales et des Transports. Ces mesures s&rsquo;inscrivent, pr\u00e9cise le document, \u00ab en ex\u00e9cution des instructions du ministre de l&rsquo;Int\u00e9rieur, des Collectivit\u00e9s locales et des Transports, M. Sa\u00efd Sa\u00efoud, visant \u00e0 renforcer les actions pr\u00e9ventives et \u00e0 \u00e9lever le niveau de disponibilit\u00e9 \u00bb. Dans ce cadre, ajoute le communiqu\u00e9, \u00ab les autorit\u00e9s locales tiennent des r\u00e9unions de coordination avec la participation des diff\u00e9rents services et instances concern\u00e9s, pour \u00e9valuer le niveau de disponibilit\u00e9, examiner la situation des points sensibles et arr\u00eater les plans d&rsquo;intervention en pr\u00e9vision de toute perturbation m\u00e9t\u00e9orologique \u00e9ventuelle \u00bb. Le minist\u00e8re fait \u00e9galement \u00e9tat de la poursuite des \u00ab op\u00e9rations de nettoyage et d&rsquo;entretien des exutoires d&rsquo;\u00e9vacuation des eaux pluviales, des avaloirs, des r\u00e9seaux d&rsquo;assainissement, des oueds et des cours d&rsquo;eau, parall\u00e8lement au traitement des insuffisances constat\u00e9es et \u00e0 la lev\u00e9e des diff\u00e9rents obstacles \u00bb. S&rsquo;y ajoute, selon la m\u00eame source, \u00ab la mobilisation et la r\u00e9quisition des moyens humains et mat\u00e9riels ainsi que le renforcement de la coordination entre les diff\u00e9rents services, de mani\u00e8re \u00e0 garantir la rapidit\u00e9 et l&rsquo;efficacit\u00e9 de l&rsquo;intervention en cas d&rsquo;enregistrement de tout incident \u00bb.<\/p>\n\n\n\n<p class=\"wp-block-paragraph\">Le minist\u00e8re a par ailleurs soulign\u00e9 que ces mesures \u00ab s&rsquo;inscrivent dans le cadre du renforcement de l&rsquo;action pr\u00e9ventive et anticipative et de l&rsquo;\u00e9l\u00e9vation du niveau de disponibilit\u00e9 sur le terrain, de nature \u00e0 contribuer \u00e0 la protection des citoyens et de leurs biens et \u00e0 limiter les r\u00e9percussions des \u00e9ventuelles perturbations m\u00e9t\u00e9orologiques \u00bb.<\/p>\n\n\n\n<p class=\"wp-block-paragraph\">Cette mobilisation intervient \u00e0 un moment charni\u00e8re de l&rsquo;ann\u00e9e, marqu\u00e9 par la transition entre la saison estivale et l&rsquo;automne, p\u00e9riode traditionnellement propice \u00e0 un retour des pr\u00e9cipitations apr\u00e8s plusieurs mois de s\u00e9cheresse et de chaleur intense. Elle survient \u00e9galement quelques semaines apr\u00e8s les feux de for\u00eat qui ont touch\u00e9 plusieurs wilayas de l&rsquo;Est et du Centre du pays fin ao\u00fbt, des sinistres qui ont fragilis\u00e9 certains couverts v\u00e9g\u00e9taux et bassins versants, rendant d&rsquo;autant plus n\u00e9cessaire l&rsquo;anticipation des risques d&rsquo;inondation et de crues dans les zones concern\u00e9es. Les services m\u00e9t\u00e9orologiques nationaux annoncent pour leur part des temp\u00e9ratures encore proches des normales saisonni\u00e8res sur la majeure partie du territoire au cours des prochains jours, avec des pluies annonc\u00e9es sur certaines wilayas, avant une \u00e9volution progressive attendue avec l&rsquo;avanc\u00e9e du mois de septembre.<\/p>\n\n\n\n<p class=\"wp-block-paragraph\">Lyna Larbi<\/p>\n","protected":false},"excerpt":{"rendered":"<p>Les autorit\u00e9s locales poursuivent la mise en \u0153uvre d&rsquo;un ensemble de mesures pr\u00e9ventives et anticipatives au niveau local, en pr\u00e9vision<\/p>\n","protected":false},"author":6,"featured_media":94775,"comment_status":"open","ping_status":"closed","sticky":false,"template":"","format":"standard","meta":{"colormag_page_container_layout":"default_layout","colormag_page_sidebar_layout":"default_layout","om_disable_all_campaigns":false,"_monsterinsights_skip_tracking":false,"footnotes":"","_wpscppro_dont_share_socialmedia":false,"_wpscppro_custom_social_share_image":0,"_facebook_share_type":"default","_twitter_share_type":"default","_linkedin_share_type":"default","_pinterest_share_type":"default","_linkedin_share_type_page":"","_instagram_share_type":"default","_medium_share_type":"default","_threads_share_type":"default","_google_business_share_type":"default","_bluesky_share_type":"default","_mastodon_share_type":"default","_selected_social_profile":[],"_wpsp_enable_custom_social_template":false,"_wpsp_social_scheduling":{"enabled":false,"datetime":null,"platforms":[],"status":"template_only","dateOption":"today","timeOption":"now","customDays":"","customHours":"","customDate":"","customTime":"","schedulingType":"absolute"},"_wpsp_active_default_template":true},"categories":[27],"tags":[],"class_list":["post-94774","post","type-post","status-publish","format-standard","has-post-thumbnail","hentry","category-actualite"],"aioseo_notices":[],"aioseo_head":"\n\t\t<!-- All in One SEO 5.0.0.1 - aioseo.com -->\n\t<meta name=\"description\" content=\"Les autorit\u00e9s locales poursuivent la mise en \u0153uvre d&#039;un ensemble de mesures pr\u00e9ventives et anticipatives au niveau local, en pr\u00e9vision des perturbations m\u00e9t\u00e9orologiques attendues avec la fin de l&#039;\u00e9t\u00e9 et l&#039;entr\u00e9e dans l&#039;automne, a indiqu\u00e9 mardi un communiqu\u00e9 du minist\u00e8re de l&#039;Int\u00e9rieur, des Collectivit\u00e9s locales et des Transports. Ces mesures s&#039;inscrivent, pr\u00e9cise le document, \u00ab\" \/>\n\t<meta name=\"robots\" content=\"max-image-preview:large\" \/>\n\t<meta name=\"author\" content=\"admin\"\/>\n\t<link rel=\"canonical\" href=\"https:\/\/lasentinelle.dz\/index.php\/2026\/09\/02\/a-lapproche-de-lautomne-les-collectivites-locales-anticipent\/\" \/>\n\t<meta name=\"generator\" content=\"All in One SEO (AIOSEO) 5.0.0.1\" \/>\n\t\t<meta property=\"og:locale\" content=\"fr_FR\" \/>\n\t\t<meta property=\"og:site_name\" content=\"La Sentinelle - Quotidien national d&#039;information\" \/>\n\t\t<meta property=\"og:type\" content=\"article\" \/>\n\t\t<meta property=\"og:title\" content=\"\u00c0 l\u2019approche de l\u2019automne : Les collectivit\u00e9s locales anticipent - La Sentinelle\" \/>\n\t\t<meta property=\"og:description\" content=\"Les autorit\u00e9s locales poursuivent la mise en \u0153uvre d&#039;un ensemble de mesures pr\u00e9ventives et anticipatives au niveau local, en pr\u00e9vision des perturbations m\u00e9t\u00e9orologiques attendues avec la fin de l&#039;\u00e9t\u00e9 et l&#039;entr\u00e9e dans l&#039;automne, a indiqu\u00e9 mardi un communiqu\u00e9 du minist\u00e8re de l&#039;Int\u00e9rieur, des Collectivit\u00e9s locales et des Transports. Ces mesures s&#039;inscrivent, pr\u00e9cise le document, \u00ab\" \/>\n\t\t<meta property=\"og:url\" content=\"https:\/\/lasentinelle.dz\/index.php\/2026\/09\/02\/a-lapproche-de-lautomne-les-collectivites-locales-anticipent\/\" \/>\n\t\t<meta property=\"og:image\" content=\"https:\/\/lasentinelle.dz\/wp-content\/uploads\/2021\/09\/cropped-la-sentinelle-earth-golden-anima-5.gif\" \/>\n\t\t<meta property=\"og:image:secure_url\" content=\"https:\/\/lasentinelle.dz\/wp-content\/uploads\/2021\/09\/cropped-la-sentinelle-earth-golden-anima-5.gif\" \/>\n\t\t<meta property=\"og:image:width\" content=\"450\" \/>\n\t\t<meta property=\"og:image:height\" content=\"213\" \/>\n\t\t<meta property=\"article:published_time\" content=\"2026-09-02T10:12:47+00:00\" \/>\n\t\t<meta property=\"article:modified_time\" content=\"2026-09-02T10:12:51+00:00\" \/>\n\t\t<meta property=\"article:publisher\" content=\"https:\/\/www.facebook.com\/azzedine.lasentinelle.1\" \/>\n\t\t<meta name=\"twitter:card\" content=\"summary_large_image\" \/>\n\t\t<meta name=\"twitter:title\" content=\"\u00c0 l\u2019approche de l\u2019automne : Les collectivit\u00e9s locales anticipent - La Sentinelle\" \/>\n\t\t<meta name=\"twitter:description\" content=\"Les autorit\u00e9s locales poursuivent la mise en \u0153uvre d&#039;un ensemble de mesures pr\u00e9ventives et anticipatives au niveau local, en pr\u00e9vision des perturbations m\u00e9t\u00e9orologiques attendues avec la fin de l&#039;\u00e9t\u00e9 et l&#039;entr\u00e9e dans l&#039;automne, a indiqu\u00e9 mardi un communiqu\u00e9 du minist\u00e8re de l&#039;Int\u00e9rieur, des Collectivit\u00e9s locales et des Transports. Ces mesures s&#039;inscrivent, pr\u00e9cise le document, \u00ab\" \/>\n\t\t<meta name=\"twitter:image\" content=\"https:\/\/lasentinelle.dz\/wp-content\/uploads\/2021\/09\/cropped-la-sentinelle-earth-golden-anima-5.gif\" \/>\n\t\t<script type=\"application\/ld+json\" class=\"aioseo-schema\">\n\t\t\t{\"@context\":\"https:\\\/\\\/schema.org\",\"@graph\":[{\"@type\":\"BlogPosting\",\"@id\":\"https:\\\/\\\/lasentinelle.dz\\\/index.php\\\/2026\\\/09\\\/02\\\/a-lapproche-de-lautomne-les-collectivites-locales-anticipent\\\/#blogposting\",\"name\":\"\\u00c0 l\\u2019approche de l\\u2019automne : Les collectivit\\u00e9s locales anticipent - La Sentinelle\",\"headline\":\"\\u00c0 l\\u2019approche de l\\u2019automne\\u00a0: Les collectivit\\u00e9s locales anticipent\",\"author\":{\"@id\":\"https:\\\/\\\/lasentinelle.dz\\\/author\\\/admin\\\/#author\"},\"publisher\":{\"@id\":\"https:\\\/\\\/lasentinelle.dz\\\/#organization\"},\"image\":{\"@type\":\"ImageObject\",\"url\":\"https:\\\/\\\/lasentinelle.dz\\\/wp-content\\\/uploads\\\/2026\\\/09\\\/curage.jpeg\",\"width\":1020,\"height\":459},\"datePublished\":\"2026-09-02T11:12:47+01:00\",\"dateModified\":\"2026-09-02T11:12:51+01:00\",\"inLanguage\":\"fr-FR\",\"mainEntityOfPage\":{\"@id\":\"https:\\\/\\\/lasentinelle.dz\\\/index.php\\\/2026\\\/09\\\/02\\\/a-lapproche-de-lautomne-les-collectivites-locales-anticipent\\\/#webpage\"},\"isPartOf\":{\"@id\":\"https:\\\/\\\/lasentinelle.dz\\\/index.php\\\/2026\\\/09\\\/02\\\/a-lapproche-de-lautomne-les-collectivites-locales-anticipent\\\/#webpage\"},\"articleSection\":\"Actualit\\u00e9\"},{\"@type\":\"BreadcrumbList\",\"@id\":\"https:\\\/\\\/lasentinelle.dz\\\/index.php\\\/2026\\\/09\\\/02\\\/a-lapproche-de-lautomne-les-collectivites-locales-anticipent\\\/#breadcrumblist\",\"itemListElement\":[{\"@type\":\"ListItem\",\"@id\":\"https:\\\/\\\/lasentinelle.dz#listItem\",\"position\":1,\"name\":\"Home\",\"item\":\"https:\\\/\\\/lasentinelle.dz\",\"nextItem\":{\"@type\":\"ListItem\",\"@id\":\"https:\\\/\\\/lasentinelle.dz\\\/index.php\\\/category\\\/actualite\\\/#listItem\",\"name\":\"Actualit\\u00e9\"}},{\"@type\":\"ListItem\",\"@id\":\"https:\\\/\\\/lasentinelle.dz\\\/index.php\\\/category\\\/actualite\\\/#listItem\",\"position\":2,\"name\":\"Actualit\\u00e9\",\"item\":\"https:\\\/\\\/lasentinelle.dz\\\/index.php\\\/category\\\/actualite\\\/\",\"nextItem\":{\"@type\":\"ListItem\",\"@id\":\"https:\\\/\\\/lasentinelle.dz\\\/index.php\\\/2026\\\/09\\\/02\\\/a-lapproche-de-lautomne-les-collectivites-locales-anticipent\\\/#listItem\",\"name\":\"\\u00c0 l\\u2019approche de l\\u2019automne\\u00a0: Les collectivit\\u00e9s locales anticipent\"},\"previousItem\":{\"@type\":\"ListItem\",\"@id\":\"https:\\\/\\\/lasentinelle.dz#listItem\",\"name\":\"Home\"}},{\"@type\":\"ListItem\",\"@id\":\"https:\\\/\\\/lasentinelle.dz\\\/index.php\\\/2026\\\/09\\\/02\\\/a-lapproche-de-lautomne-les-collectivites-locales-anticipent\\\/#listItem\",\"position\":3,\"name\":\"\\u00c0 l\\u2019approche de l\\u2019automne\\u00a0: Les collectivit\\u00e9s locales anticipent\",\"previousItem\":{\"@type\":\"ListItem\",\"@id\":\"https:\\\/\\\/lasentinelle.dz\\\/index.php\\\/category\\\/actualite\\\/#listItem\",\"name\":\"Actualit\\u00e9\"}}]},{\"@type\":\"Organization\",\"@id\":\"https:\\\/\\\/lasentinelle.dz\\\/#organization\",\"name\":\"La Sentinelle La Sentinelle\",\"description\":\"Quotidien national d'information\",\"url\":\"https:\\\/\\\/lasentinelle.dz\\\/\",\"logo\":{\"@type\":\"ImageObject\",\"url\":\"https:\\\/\\\/lasentinelle.dz\\\/wp-content\\\/uploads\\\/2021\\\/09\\\/cropped-la-sentinelle-earth-golden-anima-5.gif\",\"@id\":\"https:\\\/\\\/lasentinelle.dz\\\/index.php\\\/2026\\\/09\\\/02\\\/a-lapproche-de-lautomne-les-collectivites-locales-anticipent\\\/#organizationLogo\",\"width\":450,\"height\":213},\"image\":{\"@id\":\"https:\\\/\\\/lasentinelle.dz\\\/index.php\\\/2026\\\/09\\\/02\\\/a-lapproche-de-lautomne-les-collectivites-locales-anticipent\\\/#organizationLogo\"},\"sameAs\":[\"https:\\\/\\\/www.facebook.com\\\/azzedine.lasentinelle.1\"]},{\"@type\":\"Person\",\"@id\":\"https:\\\/\\\/lasentinelle.dz\\\/author\\\/admin\\\/#author\",\"url\":\"https:\\\/\\\/lasentinelle.dz\\\/author\\\/admin\\\/\",\"name\":\"admin\",\"image\":{\"@type\":\"ImageObject\",\"@id\":\"https:\\\/\\\/lasentinelle.dz\\\/index.php\\\/2026\\\/09\\\/02\\\/a-lapproche-de-lautomne-les-collectivites-locales-anticipent\\\/#authorImage\",\"url\":\"https:\\\/\\\/secure.gravatar.com\\\/avatar\\\/4c81fed838786e9b53f540bf46533e750f5d292099ae3b66cfc6fb1982e29df7?s=96&d=mm&r=g\",\"width\":96,\"height\":96,\"caption\":\"admin\"}},{\"@type\":\"WebPage\",\"@id\":\"https:\\\/\\\/lasentinelle.dz\\\/index.php\\\/2026\\\/09\\\/02\\\/a-lapproche-de-lautomne-les-collectivites-locales-anticipent\\\/#webpage\",\"url\":\"https:\\\/\\\/lasentinelle.dz\\\/index.php\\\/2026\\\/09\\\/02\\\/a-lapproche-de-lautomne-les-collectivites-locales-anticipent\\\/\",\"name\":\"\\u00c0 l\\u2019approche de l\\u2019automne : Les collectivit\\u00e9s locales anticipent - La Sentinelle\",\"description\":\"Les autorit\\u00e9s locales poursuivent la mise en \\u0153uvre d'un ensemble de mesures pr\\u00e9ventives et anticipatives au niveau local, en pr\\u00e9vision des perturbations m\\u00e9t\\u00e9orologiques attendues avec la fin de l'\\u00e9t\\u00e9 et l'entr\\u00e9e dans l'automne, a indiqu\\u00e9 mardi un communiqu\\u00e9 du minist\\u00e8re de l'Int\\u00e9rieur, des Collectivit\\u00e9s locales et des Transports. Ces mesures s'inscrivent, pr\\u00e9cise le document, \\u00ab\",\"inLanguage\":\"fr-FR\",\"isPartOf\":{\"@id\":\"https:\\\/\\\/lasentinelle.dz\\\/#website\"},\"breadcrumb\":{\"@id\":\"https:\\\/\\\/lasentinelle.dz\\\/index.php\\\/2026\\\/09\\\/02\\\/a-lapproche-de-lautomne-les-collectivites-locales-anticipent\\\/#breadcrumblist\"},\"author\":{\"@id\":\"https:\\\/\\\/lasentinelle.dz\\\/author\\\/admin\\\/#author\"},\"creator\":{\"@id\":\"https:\\\/\\\/lasentinelle.dz\\\/author\\\/admin\\\/#author\"},\"image\":{\"@type\":\"ImageObject\",\"url\":\"https:\\\/\\\/lasentinelle.dz\\\/wp-content\\\/uploads\\\/2026\\\/09\\\/curage.jpeg\",\"@id\":\"https:\\\/\\\/lasentinelle.dz\\\/index.php\\\/2026\\\/09\\\/02\\\/a-lapproche-de-lautomne-les-collectivites-locales-anticipent\\\/#mainImage\",\"width\":1020,\"height\":459},\"primaryImageOfPage\":{\"@id\":\"https:\\\/\\\/lasentinelle.dz\\\/index.php\\\/2026\\\/09\\\/02\\\/a-lapproche-de-lautomne-les-collectivites-locales-anticipent\\\/#mainImage\"},\"datePublished\":\"2026-09-02T11:12:47+01:00\",\"dateModified\":\"2026-09-02T11:12:51+01:00\"},{\"@type\":\"WebSite\",\"@id\":\"https:\\\/\\\/lasentinelle.dz\\\/#website\",\"url\":\"https:\\\/\\\/lasentinelle.dz\\\/\",\"name\":\"La Sentinelle\",\"description\":\"Quotidien national d'information\",\"inLanguage\":\"fr-FR\",\"publisher\":{\"@id\":\"https:\\\/\\\/lasentinelle.dz\\\/#organization\"}}]}\n\t\t<\/script>\n\t\t<!-- All in One SEO -->\n\n","aioseo_head_json":{"title":"\u00c0 l\u2019approche de l\u2019automne : Les collectivit\u00e9s locales anticipent - La Sentinelle","description":"Les autorit\u00e9s locales poursuivent la mise en \u0153uvre d'un ensemble de mesures pr\u00e9ventives et anticipatives au niveau local, en pr\u00e9vision des perturbations m\u00e9t\u00e9orologiques attendues avec la fin de l'\u00e9t\u00e9 et l'entr\u00e9e dans l'automne, a indiqu\u00e9 mardi un communiqu\u00e9 du minist\u00e8re de l'Int\u00e9rieur, des Collectivit\u00e9s locales et des Transports. Ces mesures s'inscrivent, pr\u00e9cise le document, \u00ab","canonical_url":"https:\/\/lasentinelle.dz\/index.php\/2026\/09\/02\/a-lapproche-de-lautomne-les-collectivites-locales-anticipent\/","robots":"max-image-preview:large","keywords":"","webmasterTools":{"miscellaneous":""},"schema":{"@context":"https:\/\/schema.org","@graph":[{"@type":"BlogPosting","@id":"https:\/\/lasentinelle.dz\/index.php\/2026\/09\/02\/a-lapproche-de-lautomne-les-collectivites-locales-anticipent\/#blogposting","name":"\u00c0 l\u2019approche de l\u2019automne : Les collectivit\u00e9s locales anticipent - La Sentinelle","headline":"\u00c0 l\u2019approche de l\u2019automne\u00a0: Les collectivit\u00e9s locales anticipent","author":{"@id":"https:\/\/lasentinelle.dz\/author\/admin\/#author"},"publisher":{"@id":"https:\/\/lasentinelle.dz\/#organization"},"image":{"@type":"ImageObject","url":"https:\/\/lasentinelle.dz\/wp-content\/uploads\/2026\/09\/curage.jpeg","width":1020,"height":459},"datePublished":"2026-09-02T11:12:47+01:00","dateModified":"2026-09-02T11:12:51+01:00","inLanguage":"fr-FR","mainEntityOfPage":{"@id":"https:\/\/lasentinelle.dz\/index.php\/2026\/09\/02\/a-lapproche-de-lautomne-les-collectivites-locales-anticipent\/#webpage"},"isPartOf":{"@id":"https:\/\/lasentinelle.dz\/index.php\/2026\/09\/02\/a-lapproche-de-lautomne-les-collectivites-locales-anticipent\/#webpage"},"articleSection":"Actualit\u00e9"},{"@type":"BreadcrumbList","@id":"https:\/\/lasentinelle.dz\/index.php\/2026\/09\/02\/a-lapproche-de-lautomne-les-collectivites-locales-anticipent\/#breadcrumblist","itemListElement":[{"@type":"ListItem","@id":"https:\/\/lasentinelle.dz#listItem","position":1,"name":"Home","item":"https:\/\/lasentinelle.dz","nextItem":{"@type":"ListItem","@id":"https:\/\/lasentinelle.dz\/index.php\/category\/actualite\/#listItem","name":"Actualit\u00e9"}},{"@type":"ListItem","@id":"https:\/\/lasentinelle.dz\/index.php\/category\/actualite\/#listItem","position":2,"name":"Actualit\u00e9","item":"https:\/\/lasentinelle.dz\/index.php\/category\/actualite\/","nextItem":{"@type":"ListItem","@id":"https:\/\/lasentinelle.dz\/index.php\/2026\/09\/02\/a-lapproche-de-lautomne-les-collectivites-locales-anticipent\/#listItem","name":"\u00c0 l\u2019approche de l\u2019automne\u00a0: Les collectivit\u00e9s locales anticipent"},"previousItem":{"@type":"ListItem","@id":"https:\/\/lasentinelle.dz#listItem","name":"Home"}},{"@type":"ListItem","@id":"https:\/\/lasentinelle.dz\/index.php\/2026\/09\/02\/a-lapproche-de-lautomne-les-collectivites-locales-anticipent\/#listItem","position":3,"name":"\u00c0 l\u2019approche de l\u2019automne\u00a0: Les collectivit\u00e9s locales anticipent","previousItem":{"@type":"ListItem","@id":"https:\/\/lasentinelle.dz\/index.php\/category\/actualite\/#listItem","name":"Actualit\u00e9"}}]},{"@type":"Organization","@id":"https:\/\/lasentinelle.dz\/#organization","name":"La Sentinelle La Sentinelle","description":"Quotidien national d'information","url":"https:\/\/lasentinelle.dz\/","logo":{"@type":"ImageObject","url":"https:\/\/lasentinelle.dz\/wp-content\/uploads\/2021\/09\/cropped-la-sentinelle-earth-golden-anima-5.gif","@id":"https:\/\/lasentinelle.dz\/index.php\/2026\/09\/02\/a-lapproche-de-lautomne-les-collectivites-locales-anticipent\/#organizationLogo","width":450,"height":213},"image":{"@id":"https:\/\/lasentinelle.dz\/index.php\/2026\/09\/02\/a-lapproche-de-lautomne-les-collectivites-locales-anticipent\/#organizationLogo"},"sameAs":["https:\/\/www.facebook.com\/azzedine.lasentinelle.1"]},{"@type":"Person","@id":"https:\/\/lasentinelle.dz\/author\/admin\/#author","url":"https:\/\/lasentinelle.dz\/author\/admin\/","name":"admin","image":{"@type":"ImageObject","@id":"https:\/\/lasentinelle.dz\/index.php\/2026\/09\/02\/a-lapproche-de-lautomne-les-collectivites-locales-anticipent\/#authorImage","url":"https:\/\/secure.gravatar.com\/avatar\/4c81fed838786e9b53f540bf46533e750f5d292099ae3b66cfc6fb1982e29df7?s=96&d=mm&r=g","width":96,"height":96,"caption":"admin"}},{"@type":"WebPage","@id":"https:\/\/lasentinelle.dz\/index.php\/2026\/09\/02\/a-lapproche-de-lautomne-les-collectivites-locales-anticipent\/#webpage","url":"https:\/\/lasentinelle.dz\/index.php\/2026\/09\/02\/a-lapproche-de-lautomne-les-collectivites-locales-anticipent\/","name":"\u00c0 l\u2019approche de l\u2019automne : Les collectivit\u00e9s locales anticipent - La Sentinelle","description":"Les autorit\u00e9s locales poursuivent la mise en \u0153uvre d'un ensemble de mesures pr\u00e9ventives et anticipatives au niveau local, en pr\u00e9vision des perturbations m\u00e9t\u00e9orologiques attendues avec la fin de l'\u00e9t\u00e9 et l'entr\u00e9e dans l'automne, a indiqu\u00e9 mardi un communiqu\u00e9 du minist\u00e8re de l'Int\u00e9rieur, des Collectivit\u00e9s locales et des Transports. Ces mesures s'inscrivent, pr\u00e9cise le document, \u00ab","inLanguage":"fr-FR","isPartOf":{"@id":"https:\/\/lasentinelle.dz\/#website"},"breadcrumb":{"@id":"https:\/\/lasentinelle.dz\/index.php\/2026\/09\/02\/a-lapproche-de-lautomne-les-collectivites-locales-anticipent\/#breadcrumblist"},"author":{"@id":"https:\/\/lasentinelle.dz\/author\/admin\/#author"},"creator":{"@id":"https:\/\/lasentinelle.dz\/author\/admin\/#author"},"image":{"@type":"ImageObject","url":"https:\/\/lasentinelle.dz\/wp-content\/uploads\/2026\/09\/curage.jpeg","@id":"https:\/\/lasentinelle.dz\/index.php\/2026\/09\/02\/a-lapproche-de-lautomne-les-collectivites-locales-anticipent\/#mainImage","width":1020,"height":459},"primaryImageOfPage":{"@id":"https:\/\/lasentinelle.dz\/index.php\/2026\/09\/02\/a-lapproche-de-lautomne-les-collectivites-locales-anticipent\/#mainImage"},"datePublished":"2026-09-02T11:12:47+01:00","dateModified":"2026-09-02T11:12:51+01:00"},{"@type":"WebSite","@id":"https:\/\/lasentinelle.dz\/#website","url":"https:\/\/lasentinelle.dz\/","name":"La Sentinelle","description":"Quotidien national d'information","inLanguage":"fr-FR","publisher":{"@id":"https:\/\/lasentinelle.dz\/#organization"}}]},"og:locale":"fr_FR","og:site_name":"La Sentinelle - Quotidien national d'information","og:type":"article","og:title":"\u00c0 l\u2019approche de l\u2019automne : Les collectivit\u00e9s locales anticipent - La Sentinelle","og:description":"Les autorit\u00e9s locales poursuivent la mise en \u0153uvre d'un ensemble de mesures pr\u00e9ventives et anticipatives au niveau local, en pr\u00e9vision des perturbations m\u00e9t\u00e9orologiques attendues avec la fin de l'\u00e9t\u00e9 et l'entr\u00e9e dans l'automne, a indiqu\u00e9 mardi un communiqu\u00e9 du minist\u00e8re de l'Int\u00e9rieur, des Collectivit\u00e9s locales et des Transports. Ces mesures s'inscrivent, pr\u00e9cise le document, \u00ab","og:url":"https:\/\/lasentinelle.dz\/index.php\/2026\/09\/02\/a-lapproche-de-lautomne-les-collectivites-locales-anticipent\/","og:image":"https:\/\/lasentinelle.dz\/wp-content\/uploads\/2021\/09\/cropped-la-sentinelle-earth-golden-anima-5.gif","og:image:secure_url":"https:\/\/lasentinelle.dz\/wp-content\/uploads\/2021\/09\/cropped-la-sentinelle-earth-golden-anima-5.gif","og:image:width":450,"og:image:height":213,"article:published_time":"2026-09-02T10:12:47+00:00","article:modified_time":"2026-09-02T10:12:51+00:00","article:publisher":"https:\/\/www.facebook.com\/azzedine.lasentinelle.1","twitter:card":"summary_large_image","twitter:title":"\u00c0 l\u2019approche de l\u2019automne : Les collectivit\u00e9s locales anticipent - La Sentinelle","twitter:description":"Les autorit\u00e9s locales poursuivent la mise en \u0153uvre d'un ensemble de mesures pr\u00e9ventives et anticipatives au niveau local, en pr\u00e9vision des perturbations m\u00e9t\u00e9orologiques attendues avec la fin de l'\u00e9t\u00e9 et l'entr\u00e9e dans l'automne, a indiqu\u00e9 mardi un communiqu\u00e9 du minist\u00e8re de l'Int\u00e9rieur, des Collectivit\u00e9s locales et des Transports. Ces mesures s'inscrivent, pr\u00e9cise le document, \u00ab","twitter:image":"https:\/\/lasentinelle.dz\/wp-content\/uploads\/2021\/09\/cropped-la-sentinelle-earth-golden-anima-5.gif"},"aioseo_meta_data":{"post_id":"94774","title":null,"description":null,"keywords":null,"keyphrases":{"focus":{"keyphrase":"","score":0,"analysis":{"keyphraseInTitle":{"score":0,"maxScore":9,"error":1}}},"additional":[]},"primary_term":null,"canonical_url":null,"og_title":null,"og_description":null,"og_object_type":"default","og_image_type":"default","og_image_url":null,"og_image_width":null,"og_image_height":null,"og_image_custom_url":null,"og_image_custom_fields":null,"og_video":"","og_custom_url":null,"og_article_section":null,"og_article_tags":null,"twitter_use_og":false,"twitter_card":"default","twitter_image_type":"default","twitter_image_url":null,"twitter_image_custom_url":null,"twitter_image_custom_fields":null,"twitter_title":null,"twitter_description":null,"schema":{"blockGraphs":[],"customGraphs":[],"default":{"data":{"Article":[],"Course":[],"Dataset":[],"FAQPage":[],"Movie":[],"Person":[],"Product":[],"ProductReview":[],"Car":[],"Recipe":[],"Service":[],"SoftwareApplication":[],"WebPage":[]},"graphName":"BlogPosting","isEnabled":true},"graphs":[]},"schema_type":"default","schema_type_options":null,"pillar_content":false,"robots_default":true,"robots_noindex":false,"robots_noarchive":false,"robots_nosnippet":false,"robots_nofollow":false,"robots_noimageindex":false,"robots_noodp":false,"robots_notranslate":false,"robots_max_snippet":"-1","robots_max_videopreview":"-1","robots_max_imagepreview":"large","priority":null,"frequency":"default","local_seo":null,"breadcrumb_settings":null,"limit_modified_date":false,"ai":{"faqs":[],"keyPoints":[],"schemas":[],"titles":[],"descriptions":[],"socialPosts":{"email":{"subject":"","preview":"","content":""},"linkedin":[],"twitter":[],"facebook":[],"instagram":[]}},"created":"2026-09-02 10:12:51","updated":"2026-09-02 11:04:27","focus_keyword":null,"additional_keywords":null,"truseo_locale":null,"seo_analyzer_scan_date":null},"aioseo_breadcrumb":"<div class=\"aioseo-breadcrumbs\"><span class=\"aioseo-breadcrumb\">\n\t\t\t<a href=\"https:\/\/lasentinelle.dz\" title=\"Home\">Home<\/a>\n\t\t<\/span><span class=\"aioseo-breadcrumb-separator\">&raquo;<\/span><span class=\"aioseo-breadcrumb\">\n\t\t\t<a href=\"https:\/\/lasentinelle.dz\/index.php\/category\/actualite\/\" title=\"Actualit\u00e9\">Actualit\u00e9<\/a>\n\t\t<\/span><span class=\"aioseo-breadcrumb-separator\">&raquo;<\/span><span class=\"aioseo-breadcrumb\">\n\t\t\t\u00c0 l\u2019approche de l\u2019automne : Les collectivit\u00e9s locales anticipent\n\t\t<\/span><\/div>","aioseo_breadcrumb_json":[{"label":"Home","link":"https:\/\/lasentinelle.dz"},{"label":"Actualit\u00e9","link":"https:\/\/lasentinelle.dz\/index.php\/category\/actualite\/"},{"label":"\u00c0 l\u2019approche de l\u2019automne\u00a0: Les collectivit\u00e9s locales anticipent","link":"https:\/\/lasentinelle.dz\/index.php\/2026\/09\/02\/a-lapproche-de-lautomne-les-collectivites-locales-anticipent\/"}],"yoast_head":"<!-- This site is optimized with the Yoast SEO plugin v28.4 - https:\/\/yoast.com\/product\/yoast-seo-wordpress\/ -->\n<title>\u00c0 l\u2019approche de l\u2019automne\u00a0: Les collectivit\u00e9s locales anticipent - La Sentinelle<\/title>\n<meta name=\"robots\" content=\"index, follow, max-snippet:-1, max-image-preview:large, max-video-preview:-1\" \/>\n<link rel=\"canonical\" href=\"https:\/\/lasentinelle.dz\/index.php\/2026\/09\/02\/a-lapproche-de-lautomne-les-collectivites-locales-anticipent\/\" \/>\n<meta property=\"og:locale\" content=\"fr_FR\" \/>\n<meta property=\"og:type\" content=\"article\" \/>\n<meta property=\"og:title\" content=\"\u00c0 l\u2019approche de l\u2019automne\u00a0: Les collectivit\u00e9s locales anticipent - La Sentinelle\" \/>\n<meta property=\"og:description\" content=\"Les autorit\u00e9s locales poursuivent la mise en \u0153uvre d&rsquo;un ensemble de mesures pr\u00e9ventives et anticipatives au niveau local, en pr\u00e9vision\" \/>\n<meta property=\"og:url\" content=\"https:\/\/lasentinelle.dz\/index.php\/2026\/09\/02\/a-lapproche-de-lautomne-les-collectivites-locales-anticipent\/\" \/>\n<meta property=\"og:site_name\" content=\"La Sentinelle\" \/>\n<meta property=\"article:publisher\" content=\"https:\/\/www.facebook.com\/La-Sentinelle-104059864394773\" \/>\n<meta property=\"article:published_time\" content=\"2026-09-02T10:12:47+00:00\" \/>\n<meta property=\"article:modified_time\" content=\"2026-09-02T10:12:51+00:00\" \/>\n<meta property=\"og:image\" content=\"https:\/\/lasentinelle.dz\/wp-content\/uploads\/2026\/09\/curage.jpeg\" \/>\n\t<meta property=\"og:image:width\" content=\"1020\" \/>\n\t<meta property=\"og:image:height\" content=\"459\" \/>\n\t<meta property=\"og:image:type\" content=\"image\/jpeg\" \/>\n<meta name=\"author\" content=\"admin\" \/>\n<meta name=\"twitter:card\" content=\"summary_large_image\" \/>\n<meta name=\"twitter:label1\" content=\"\u00c9crit par\" \/>\n\t<meta name=\"twitter:data1\" content=\"admin\" \/>\n\t<meta name=\"twitter:label2\" content=\"Dur\u00e9e de lecture estim\u00e9e\" \/>\n\t<meta name=\"twitter:data2\" content=\"3 minutes\" \/>\n<script type=\"application\/ld+json\" class=\"yoast-schema-graph\">{\"@context\":\"https:\\\/\\\/schema.org\",\"@graph\":[{\"@type\":\"Article\",\"@id\":\"https:\\\/\\\/lasentinelle.dz\\\/index.php\\\/2026\\\/09\\\/02\\\/a-lapproche-de-lautomne-les-collectivites-locales-anticipent\\\/#article\",\"isPartOf\":{\"@id\":\"https:\\\/\\\/lasentinelle.dz\\\/index.php\\\/2026\\\/09\\\/02\\\/a-lapproche-de-lautomne-les-collectivites-locales-anticipent\\\/\"},\"author\":{\"name\":\"admin\",\"@id\":\"https:\\\/\\\/lasentinelle.dz\\\/#\\\/schema\\\/person\\\/729ee0024f24e0b8c5ec17232f8e8b41\"},\"headline\":\"\u00c0 l\u2019approche de l\u2019automne\u00a0: Les collectivit\u00e9s locales anticipent\",\"datePublished\":\"2026-09-02T10:12:47+00:00\",\"dateModified\":\"2026-09-02T10:12:51+00:00\",\"mainEntityOfPage\":{\"@id\":\"https:\\\/\\\/lasentinelle.dz\\\/index.php\\\/2026\\\/09\\\/02\\\/a-lapproche-de-lautomne-les-collectivites-locales-anticipent\\\/\"},\"wordCount\":490,\"commentCount\":0,\"publisher\":{\"@id\":\"https:\\\/\\\/lasentinelle.dz\\\/#organization\"},\"image\":{\"@id\":\"https:\\\/\\\/lasentinelle.dz\\\/index.php\\\/2026\\\/09\\\/02\\\/a-lapproche-de-lautomne-les-collectivites-locales-anticipent\\\/#primaryimage\"},\"thumbnailUrl\":\"https:\\\/\\\/lasentinelle.dz\\\/wp-content\\\/uploads\\\/2026\\\/09\\\/curage.jpeg\",\"articleSection\":[\"Actualit\u00e9\"],\"inLanguage\":\"fr-FR\",\"potentialAction\":[{\"@type\":\"CommentAction\",\"name\":\"Comment\",\"target\":[\"https:\\\/\\\/lasentinelle.dz\\\/index.php\\\/2026\\\/09\\\/02\\\/a-lapproche-de-lautomne-les-collectivites-locales-anticipent\\\/#respond\"]}]},{\"@type\":\"WebPage\",\"@id\":\"https:\\\/\\\/lasentinelle.dz\\\/index.php\\\/2026\\\/09\\\/02\\\/a-lapproche-de-lautomne-les-collectivites-locales-anticipent\\\/\",\"url\":\"https:\\\/\\\/lasentinelle.dz\\\/index.php\\\/2026\\\/09\\\/02\\\/a-lapproche-de-lautomne-les-collectivites-locales-anticipent\\\/\",\"name\":\"\u00c0 l\u2019approche de l\u2019automne\u00a0: Les collectivit\u00e9s locales anticipent - La Sentinelle\",\"isPartOf\":{\"@id\":\"https:\\\/\\\/lasentinelle.dz\\\/#website\"},\"primaryImageOfPage\":{\"@id\":\"https:\\\/\\\/lasentinelle.dz\\\/index.php\\\/2026\\\/09\\\/02\\\/a-lapproche-de-lautomne-les-collectivites-locales-anticipent\\\/#primaryimage\"},\"image\":{\"@id\":\"https:\\\/\\\/lasentinelle.dz\\\/index.php\\\/2026\\\/09\\\/02\\\/a-lapproche-de-lautomne-les-collectivites-locales-anticipent\\\/#primaryimage\"},\"thumbnailUrl\":\"https:\\\/\\\/lasentinelle.dz\\\/wp-content\\\/uploads\\\/2026\\\/09\\\/curage.jpeg\",\"datePublished\":\"2026-09-02T10:12:47+00:00\",\"dateModified\":\"2026-09-02T10:12:51+00:00\",\"breadcrumb\":{\"@id\":\"https:\\\/\\\/lasentinelle.dz\\\/index.php\\\/2026\\\/09\\\/02\\\/a-lapproche-de-lautomne-les-collectivites-locales-anticipent\\\/#breadcrumb\"},\"inLanguage\":\"fr-FR\",\"potentialAction\":[{\"@type\":\"ReadAction\",\"target\":[\"https:\\\/\\\/lasentinelle.dz\\\/index.php\\\/2026\\\/09\\\/02\\\/a-lapproche-de-lautomne-les-collectivites-locales-anticipent\\\/\"]}]},{\"@type\":\"ImageObject\",\"inLanguage\":\"fr-FR\",\"@id\":\"https:\\\/\\\/lasentinelle.dz\\\/index.php\\\/2026\\\/09\\\/02\\\/a-lapproche-de-lautomne-les-collectivites-locales-anticipent\\\/#primaryimage\",\"url\":\"https:\\\/\\\/lasentinelle.dz\\\/wp-content\\\/uploads\\\/2026\\\/09\\\/curage.jpeg\",\"contentUrl\":\"https:\\\/\\\/lasentinelle.dz\\\/wp-content\\\/uploads\\\/2026\\\/09\\\/curage.jpeg\",\"width\":1020,\"height\":459},{\"@type\":\"BreadcrumbList\",\"@id\":\"https:\\\/\\\/lasentinelle.dz\\\/index.php\\\/2026\\\/09\\\/02\\\/a-lapproche-de-lautomne-les-collectivites-locales-anticipent\\\/#breadcrumb\",\"itemListElement\":[{\"@type\":\"ListItem\",\"position\":1,\"name\":\"Accueil\",\"item\":\"https:\\\/\\\/lasentinelle.dz\\\/\"},{\"@type\":\"ListItem\",\"position\":2,\"name\":\"\u00c0 l\u2019approche de l\u2019automne\u00a0: Les collectivit\u00e9s locales anticipent\"}]},{\"@type\":\"WebSite\",\"@id\":\"https:\\\/\\\/lasentinelle.dz\\\/#website\",\"url\":\"https:\\\/\\\/lasentinelle.dz\\\/\",\"name\":\"La Sentinelle\",\"description\":\"Quotidien national d&#039;information\",\"publisher\":{\"@id\":\"https:\\\/\\\/lasentinelle.dz\\\/#organization\"},\"potentialAction\":[{\"@type\":\"SearchAction\",\"target\":{\"@type\":\"EntryPoint\",\"urlTemplate\":\"https:\\\/\\\/lasentinelle.dz\\\/?s={search_term_string}\"},\"query-input\":{\"@type\":\"PropertyValueSpecification\",\"valueRequired\":true,\"valueName\":\"search_term_string\"}}],\"inLanguage\":\"fr-FR\"},{\"@type\":\"Organization\",\"@id\":\"https:\\\/\\\/lasentinelle.dz\\\/#organization\",\"name\":\"Quotidien La Sentinelle\",\"url\":\"https:\\\/\\\/lasentinelle.dz\\\/\",\"logo\":{\"@type\":\"ImageObject\",\"inLanguage\":\"fr-FR\",\"@id\":\"https:\\\/\\\/lasentinelle.dz\\\/#\\\/schema\\\/logo\\\/image\\\/\",\"url\":\"https:\\\/\\\/lasentinelle.dz\\\/wp-content\\\/uploads\\\/2021\\\/09\\\/logo-sentinelleSLOGAN-1.png\",\"contentUrl\":\"https:\\\/\\\/lasentinelle.dz\\\/wp-content\\\/uploads\\\/2021\\\/09\\\/logo-sentinelleSLOGAN-1.png\",\"width\":615,\"height\":142,\"caption\":\"Quotidien La Sentinelle\"},\"image\":{\"@id\":\"https:\\\/\\\/lasentinelle.dz\\\/#\\\/schema\\\/logo\\\/image\\\/\"},\"sameAs\":[\"https:\\\/\\\/www.facebook.com\\\/La-Sentinelle-104059864394773\"]},{\"@type\":\"Person\",\"@id\":\"https:\\\/\\\/lasentinelle.dz\\\/#\\\/schema\\\/person\\\/729ee0024f24e0b8c5ec17232f8e8b41\",\"name\":\"admin\",\"image\":{\"@type\":\"ImageObject\",\"inLanguage\":\"fr-FR\",\"@id\":\"https:\\\/\\\/secure.gravatar.com\\\/avatar\\\/4c81fed838786e9b53f540bf46533e750f5d292099ae3b66cfc6fb1982e29df7?s=96&d=mm&r=g\",\"url\":\"https:\\\/\\\/secure.gravatar.com\\\/avatar\\\/4c81fed838786e9b53f540bf46533e750f5d292099ae3b66cfc6fb1982e29df7?s=96&d=mm&r=g\",\"contentUrl\":\"https:\\\/\\\/secure.gravatar.com\\\/avatar\\\/4c81fed838786e9b53f540bf46533e750f5d292099ae3b66cfc6fb1982e29df7?s=96&d=mm&r=g\",\"caption\":\"admin\"},\"description\":\"admin\",\"url\":\"https:\\\/\\\/lasentinelle.dz\\\/author\\\/admin\\\/\"}]}<\/script>\n<!-- \/ Yoast SEO plugin. -->","yoast_head_json":{"title":"\u00c0 l\u2019approche de l\u2019automne\u00a0: Les collectivit\u00e9s locales anticipent - La Sentinelle","robots":{"index":"index","follow":"follow","max-snippet":"max-snippet:-1","max-image-preview":"max-image-preview:large","max-video-preview":"max-video-preview:-1"},"canonical":"https:\/\/lasentinelle.dz\/index.php\/2026\/09\/02\/a-lapproche-de-lautomne-les-collectivites-locales-anticipent\/","og_locale":"fr_FR","og_type":"article","og_title":"\u00c0 l\u2019approche de l\u2019automne\u00a0: Les collectivit\u00e9s locales anticipent - La Sentinelle","og_description":"Les autorit\u00e9s locales poursuivent la mise en \u0153uvre d&rsquo;un ensemble de mesures pr\u00e9ventives et anticipatives au niveau local, en pr\u00e9vision","og_url":"https:\/\/lasentinelle.dz\/index.php\/2026\/09\/02\/a-lapproche-de-lautomne-les-collectivites-locales-anticipent\/","og_site_name":"La Sentinelle","article_publisher":"https:\/\/www.facebook.com\/La-Sentinelle-104059864394773","article_published_time":"2026-09-02T10:12:47+00:00","article_modified_time":"2026-09-02T10:12:51+00:00","og_image":[{"width":1020,"height":459,"url":"https:\/\/lasentinelle.dz\/wp-content\/uploads\/2026\/09\/curage.jpeg","type":"image\/jpeg"}],"author":"admin","twitter_card":"summary_large_image","twitter_misc":{"\u00c9crit par":"admin","Dur\u00e9e de lecture estim\u00e9e":"3 minutes"},"schema":{"@context":"https:\/\/schema.org","@graph":[{"@type":"Article","@id":"https:\/\/lasentinelle.dz\/index.php\/2026\/09\/02\/a-lapproche-de-lautomne-les-collectivites-locales-anticipent\/#article","isPartOf":{"@id":"https:\/\/lasentinelle.dz\/index.php\/2026\/09\/02\/a-lapproche-de-lautomne-les-collectivites-locales-anticipent\/"},"author":{"name":"admin","@id":"https:\/\/lasentinelle.dz\/#\/schema\/person\/729ee0024f24e0b8c5ec17232f8e8b41"},"headline":"\u00c0 l\u2019approche de l\u2019automne\u00a0: Les collectivit\u00e9s locales anticipent","datePublished":"2026-09-02T10:12:47+00:00","dateModified":"2026-09-02T10:12:51+00:00","mainEntityOfPage":{"@id":"https:\/\/lasentinelle.dz\/index.php\/2026\/09\/02\/a-lapproche-de-lautomne-les-collectivites-locales-anticipent\/"},"wordCount":490,"commentCount":0,"publisher":{"@id":"https:\/\/lasentinelle.dz\/#organization"},"image":{"@id":"https:\/\/lasentinelle.dz\/index.php\/2026\/09\/02\/a-lapproche-de-lautomne-les-collectivites-locales-anticipent\/#primaryimage"},"thumbnailUrl":"https:\/\/lasentinelle.dz\/wp-content\/uploads\/2026\/09\/curage.jpeg","articleSection":["Actualit\u00e9"],"inLanguage":"fr-FR","potentialAction":[{"@type":"CommentAction","name":"Comment","target":["https:\/\/lasentinelle.dz\/index.php\/2026\/09\/02\/a-lapproche-de-lautomne-les-collectivites-locales-anticipent\/#respond"]}]},{"@type":"WebPage","@id":"https:\/\/lasentinelle.dz\/index.php\/2026\/09\/02\/a-lapproche-de-lautomne-les-collectivites-locales-anticipent\/","url":"https:\/\/lasentinelle.dz\/index.php\/2026\/09\/02\/a-lapproche-de-lautomne-les-collectivites-locales-anticipent\/","name":"\u00c0 l\u2019approche de l\u2019automne\u00a0: Les collectivit\u00e9s locales anticipent - La Sentinelle","isPartOf":{"@id":"https:\/\/lasentinelle.dz\/#website"},"primaryImageOfPage":{"@id":"https:\/\/lasentinelle.dz\/index.php\/2026\/09\/02\/a-lapproche-de-lautomne-les-collectivites-locales-anticipent\/#primaryimage"},"image":{"@id":"https:\/\/lasentinelle.dz\/index.php\/2026\/09\/02\/a-lapproche-de-lautomne-les-collectivites-locales-anticipent\/#primaryimage"},"thumbnailUrl":"https:\/\/lasentinelle.dz\/wp-content\/uploads\/2026\/09\/curage.jpeg","datePublished":"2026-09-02T10:12:47+00:00","dateModified":"2026-09-02T10:12:51+00:00","breadcrumb":{"@id":"https:\/\/lasentinelle.dz\/index.php\/2026\/09\/02\/a-lapproche-de-lautomne-les-collectivites-locales-anticipent\/#breadcrumb"},"inLanguage":"fr-FR","potentialAction":[{"@type":"ReadAction","target":["https:\/\/lasentinelle.dz\/index.php\/2026\/09\/02\/a-lapproche-de-lautomne-les-collectivites-locales-anticipent\/"]}]},{"@type":"ImageObject","inLanguage":"fr-FR","@id":"https:\/\/lasentinelle.dz\/index.php\/2026\/09\/02\/a-lapproche-de-lautomne-les-collectivites-locales-anticipent\/#primaryimage","url":"https:\/\/lasentinelle.dz\/wp-content\/uploads\/2026\/09\/curage.jpeg","contentUrl":"https:\/\/lasentinelle.dz\/wp-content\/uploads\/2026\/09\/curage.jpeg","width":1020,"height":459},{"@type":"BreadcrumbList","@id":"https:\/\/lasentinelle.dz\/index.php\/2026\/09\/02\/a-lapproche-de-lautomne-les-collectivites-locales-anticipent\/#breadcrumb","itemListElement":[{"@type":"ListItem","position":1,"name":"Accueil","item":"https:\/\/lasentinelle.dz\/"},{"@type":"ListItem","position":2,"name":"\u00c0 l\u2019approche de l\u2019automne\u00a0: Les collectivit\u00e9s locales anticipent"}]},{"@type":"WebSite","@id":"https:\/\/lasentinelle.dz\/#website","url":"https:\/\/lasentinelle.dz\/","name":"La Sentinelle","description":"Quotidien national d&#039;information","publisher":{"@id":"https:\/\/lasentinelle.dz\/#organization"},"potentialAction":[{"@type":"SearchAction","target":{"@type":"EntryPoint","urlTemplate":"https:\/\/lasentinelle.dz\/?s={search_term_string}"},"query-input":{"@type":"PropertyValueSpecification","valueRequired":true,"valueName":"search_term_string"}}],"inLanguage":"fr-FR"},{"@type":"Organization","@id":"https:\/\/lasentinelle.dz\/#organization","name":"Quotidien La Sentinelle","url":"https:\/\/lasentinelle.dz\/","logo":{"@type":"ImageObject","inLanguage":"fr-FR","@id":"https:\/\/lasentinelle.dz\/#\/schema\/logo\/image\/","url":"https:\/\/lasentinelle.dz\/wp-content\/uploads\/2021\/09\/logo-sentinelleSLOGAN-1.png","contentUrl":"https:\/\/lasentinelle.dz\/wp-content\/uploads\/2021\/09\/logo-sentinelleSLOGAN-1.png","width":615,"height":142,"caption":"Quotidien La Sentinelle"},"image":{"@id":"https:\/\/lasentinelle.dz\/#\/schema\/logo\/image\/"},"sameAs":["https:\/\/www.facebook.com\/La-Sentinelle-104059864394773"]},{"@type":"Person","@id":"https:\/\/lasentinelle.dz\/#\/schema\/person\/729ee0024f24e0b8c5ec17232f8e8b41","name":"admin","image":{"@type":"ImageObject","inLanguage":"fr-FR","@id":"https:\/\/secure.gravatar.com\/avatar\/4c81fed838786e9b53f540bf46533e750f5d292099ae3b66cfc6fb1982e29df7?s=96&d=mm&r=g","url":"https:\/\/secure.gravatar.com\/avatar\/4c81fed838786e9b53f540bf46533e750f5d292099ae3b66cfc6fb1982e29df7?s=96&d=mm&r=g","contentUrl":"https:\/\/secure.gravatar.com\/avatar\/4c81fed838786e9b53f540bf46533e750f5d292099ae3b66cfc6fb1982e29df7?s=96&d=mm&r=g","caption":"admin"},"description":"admin","url":"https:\/\/lasentinelle.dz\/author\/admin\/"}]}},"_links":{"self":[{"href":"https:\/\/lasentinelle.dz\/index.php\/wp-json\/wp\/v2\/posts\/94774","targetHints":{"allow":["GET"]}}],"collection":[{"href":"https:\/\/lasentinelle.dz\/index.php\/wp-json\/wp\/v2\/posts"}],"about":[{"href":"https:\/\/lasentinelle.dz\/index.php\/wp-json\/wp\/v2\/types\/post"}],"author":[{"embeddable":true,"href":"https:\/\/lasentinelle.dz\/index.php\/wp-json\/wp\/v2\/users\/6"}],"replies":[{"embeddable":true,"href":"https:\/\/lasentinelle.dz\/index.php\/wp-json\/wp\/v2\/comments?post=94774"}],"version-history":[{"count":1,"href":"https:\/\/lasentinelle.dz\/index.php\/wp-json\/wp\/v2\/posts\/94774\/revisions"}],"predecessor-version":[{"id":94776,"href":"https:\/\/lasentinelle.dz\/index.php\/wp-json\/wp\/v2\/posts\/94774\/revisions\/94776"}],"wp:featuredmedia":[{"embeddable":true,"href":"https:\/\/lasentinelle.dz\/index.php\/wp-json\/wp\/v2\/media\/94775"}],"wp:attachment":[{"href":"https:\/\/lasentinelle.dz\/index.php\/wp-json\/wp\/v2\/media?parent=94774"}],"wp:term":[{"taxonomy":"category","embeddable":true,"href":"https:\/\/lasentinelle.dz\/index.php\/wp-json\/wp\/v2\/categories?post=94774"},{"taxonomy":"post_tag","embeddable":true,"href":"https:\/\/lasentinelle.dz\/index.php\/wp-json\/wp\/v2\/tags?post=94774"}],"curies":[{"name":"wp","href":"https:\/\/api.w.org\/{rel}","templated":true}]}}