{"id":94777,"date":"2026-09-02T11:16:14","date_gmt":"2026-09-02T10:16:14","guid":{"rendered":"https:\/\/lasentinelle.dz\/?p=94777"},"modified":"2026-09-02T11:16:20","modified_gmt":"2026-09-02T10:16:20","slug":"ligue-1-mobilis-lolympique-akbou-retrouve-le-stade-des-martyrs","status":"publish","type":"post","link":"https:\/\/lasentinelle.dz\/index.php\/2026\/09\/02\/ligue-1-mobilis-lolympique-akbou-retrouve-le-stade-des-martyrs\/","title":{"rendered":"Ligue 1 Mobilis\u00a0: L&rsquo;Olympique Akbou retrouve le stade des Martyrs"},"content":{"rendered":"\n<p class=\"wp-block-paragraph\">L&rsquo;Olympique Akbou, pensionnaire de Ligue 1 Mobilis de&nbsp;football a retrouv\u00e9 le stade des Martyrs, son antre tant attendu, \u00e0 l&rsquo;occasion de sa toute premi\u00e8re s\u00e9ance d&rsquo;entra\u00eenement sur la pelouse de cette enceinte effectu\u00e9e dimanche, dans une ambiance marqu\u00e9e par une forte pr\u00e9sence des supporters, a indiqu\u00e9 le club de la Soummam. Tr\u00e8s attendue par les amoureux du club, cette s\u00e9ance a constitu\u00e9 un moment symbolique dans l&rsquo;histoire de l&rsquo;Olympique Akbou, avec une ambiance particuli\u00e8re entre les joueurs, les dirigeants et le public, selon la m\u00eame source. Avant le d\u00e9but de l&rsquo;entra\u00eenement, une minute de silence a \u00e9t\u00e9 observ\u00e9e \u00e0 la m\u00e9moire des victimes des incendies, en signe de solidarit\u00e9 avec les familles touch\u00e9es par cette \u00e9preuve. Ce retour au stade des Martyrs, empreint de fiert\u00e9 et d&rsquo;\u00e9motion, marque ainsi une nouvelle \u00e9tape dans l&rsquo;histoire des \u00a0\u00bb Lions de la Soummam\u00a0\u00bb et illustre une nouvelle fois l&rsquo;attachement du club \u00e0 ses supporters et \u00e0 la ville d&rsquo;Akbou, souligne le communique du club. Pour rappel, le stade des Martyrs d&rsquo;Akbou a \u00e9t\u00e9 officiellement homologu\u00e9 pour accueillir les comp\u00e9titions officielles le 26 ao\u00fbt, une d\u00e9cision qui constitue une excellente nouvelle pour l&rsquo;Olympique Akbou et ses supporters. L&rsquo;Olympique Akbou entamera la nouvelle saison en d\u00e9placement face au nouveau promu la JS El Biar, jeudi 3 septembre 2026, pour le compte de la premi\u00e8re journ\u00e9e du championnat de Ligue 1 Mobilis.<\/p>\n\n\n\n<p class=\"wp-block-paragraph\">APS<\/p>\n\n\n\n<p class=\"wp-block-paragraph\"><\/p>\n","protected":false},"excerpt":{"rendered":"<p>L&rsquo;Olympique Akbou, pensionnaire de Ligue 1 Mobilis de&nbsp;football a retrouv\u00e9 le stade des Martyrs, son antre tant attendu, \u00e0 l&rsquo;occasion<\/p>\n","protected":false},"author":6,"featured_media":94778,"comment_status":"open","ping_status":"closed","sticky":false,"template":"","format":"standard","meta":{"colormag_page_container_layout":"default_layout","colormag_page_sidebar_layout":"default_layout","om_disable_all_campaigns":false,"_monsterinsights_skip_tracking":false,"footnotes":"","_wpscppro_dont_share_socialmedia":false,"_wpscppro_custom_social_share_image":0,"_facebook_share_type":"default","_twitter_share_type":"default","_linkedin_share_type":"default","_pinterest_share_type":"default","_linkedin_share_type_page":"","_instagram_share_type":"default","_medium_share_type":"default","_threads_share_type":"default","_google_business_share_type":"default","_bluesky_share_type":"default","_mastodon_share_type":"default","_selected_social_profile":[],"_wpsp_enable_custom_social_template":false,"_wpsp_social_scheduling":{"enabled":false,"datetime":null,"platforms":[],"status":"template_only","dateOption":"today","timeOption":"now","customDays":"","customHours":"","customDate":"","customTime":"","schedulingType":"absolute"},"_wpsp_active_default_template":true},"categories":[33],"tags":[],"class_list":["post-94777","post","type-post","status-publish","format-standard","has-post-thumbnail","hentry","category-sports"],"aioseo_notices":[],"aioseo_head":"\n\t\t<!-- All in One SEO 5.0.0.1 - aioseo.com -->\n\t<meta name=\"description\" content=\"L&#039;Olympique Akbou, pensionnaire de Ligue 1 Mobilis de football a retrouv\u00e9 le stade des Martyrs, son antre tant attendu, \u00e0 l&#039;occasion de sa toute premi\u00e8re s\u00e9ance d&#039;entra\u00eenement sur la pelouse de cette enceinte effectu\u00e9e dimanche, dans une ambiance marqu\u00e9e par une forte pr\u00e9sence des supporters, a indiqu\u00e9 le club de la Soummam. Tr\u00e8s attendue par les\" \/>\n\t<meta name=\"robots\" content=\"max-image-preview:large\" \/>\n\t<meta name=\"author\" content=\"admin\"\/>\n\t<link rel=\"canonical\" href=\"https:\/\/lasentinelle.dz\/index.php\/2026\/09\/02\/ligue-1-mobilis-lolympique-akbou-retrouve-le-stade-des-martyrs\/\" \/>\n\t<meta name=\"generator\" content=\"All in One SEO (AIOSEO) 5.0.0.1\" \/>\n\t\t<meta property=\"og:locale\" content=\"fr_FR\" \/>\n\t\t<meta property=\"og:site_name\" content=\"La Sentinelle - Quotidien national d&#039;information\" \/>\n\t\t<meta property=\"og:type\" content=\"article\" \/>\n\t\t<meta property=\"og:title\" content=\"Ligue 1 Mobilis : L\u2019Olympique Akbou retrouve le stade des Martyrs - La Sentinelle\" \/>\n\t\t<meta property=\"og:description\" content=\"L&#039;Olympique Akbou, pensionnaire de Ligue 1 Mobilis de football a retrouv\u00e9 le stade des Martyrs, son antre tant attendu, \u00e0 l&#039;occasion de sa toute premi\u00e8re s\u00e9ance d&#039;entra\u00eenement sur la pelouse de cette enceinte effectu\u00e9e dimanche, dans une ambiance marqu\u00e9e par une forte pr\u00e9sence des supporters, a indiqu\u00e9 le club de la Soummam. Tr\u00e8s attendue par les\" \/>\n\t\t<meta property=\"og:url\" content=\"https:\/\/lasentinelle.dz\/index.php\/2026\/09\/02\/ligue-1-mobilis-lolympique-akbou-retrouve-le-stade-des-martyrs\/\" \/>\n\t\t<meta property=\"og:image\" content=\"https:\/\/lasentinelle.dz\/wp-content\/uploads\/2021\/09\/cropped-la-sentinelle-earth-golden-anima-5.gif\" \/>\n\t\t<meta property=\"og:image:secure_url\" content=\"https:\/\/lasentinelle.dz\/wp-content\/uploads\/2021\/09\/cropped-la-sentinelle-earth-golden-anima-5.gif\" \/>\n\t\t<meta property=\"og:image:width\" content=\"450\" \/>\n\t\t<meta property=\"og:image:height\" content=\"213\" \/>\n\t\t<meta property=\"article:published_time\" content=\"2026-09-02T10:16:14+00:00\" \/>\n\t\t<meta property=\"article:modified_time\" content=\"2026-09-02T10:16:20+00:00\" \/>\n\t\t<meta property=\"article:publisher\" content=\"https:\/\/www.facebook.com\/azzedine.lasentinelle.1\" \/>\n\t\t<meta name=\"twitter:card\" content=\"summary_large_image\" \/>\n\t\t<meta name=\"twitter:title\" content=\"Ligue 1 Mobilis : L\u2019Olympique Akbou retrouve le stade des Martyrs - La Sentinelle\" \/>\n\t\t<meta name=\"twitter:description\" content=\"L&#039;Olympique Akbou, pensionnaire de Ligue 1 Mobilis de football a retrouv\u00e9 le stade des Martyrs, son antre tant attendu, \u00e0 l&#039;occasion de sa toute premi\u00e8re s\u00e9ance d&#039;entra\u00eenement sur la pelouse de cette enceinte effectu\u00e9e dimanche, dans une ambiance marqu\u00e9e par une forte pr\u00e9sence des supporters, a indiqu\u00e9 le club de la Soummam. Tr\u00e8s attendue par les\" \/>\n\t\t<meta name=\"twitter:image\" content=\"https:\/\/lasentinelle.dz\/wp-content\/uploads\/2021\/09\/cropped-la-sentinelle-earth-golden-anima-5.gif\" \/>\n\t\t<script type=\"application\/ld+json\" class=\"aioseo-schema\">\n\t\t\t{\"@context\":\"https:\\\/\\\/schema.org\",\"@graph\":[{\"@type\":\"BlogPosting\",\"@id\":\"https:\\\/\\\/lasentinelle.dz\\\/index.php\\\/2026\\\/09\\\/02\\\/ligue-1-mobilis-lolympique-akbou-retrouve-le-stade-des-martyrs\\\/#blogposting\",\"name\":\"Ligue 1 Mobilis : L\\u2019Olympique Akbou retrouve le stade des Martyrs - La Sentinelle\",\"headline\":\"Ligue 1 Mobilis\\u00a0: L&rsquo;Olympique Akbou retrouve le stade des Martyrs\",\"author\":{\"@id\":\"https:\\\/\\\/lasentinelle.dz\\\/author\\\/admin\\\/#author\"},\"publisher\":{\"@id\":\"https:\\\/\\\/lasentinelle.dz\\\/#organization\"},\"image\":{\"@type\":\"ImageObject\",\"url\":\"https:\\\/\\\/lasentinelle.dz\\\/wp-content\\\/uploads\\\/2026\\\/09\\\/stade-des-martyrs.jpg\",\"width\":544,\"height\":470},\"datePublished\":\"2026-09-02T11:16:14+01:00\",\"dateModified\":\"2026-09-02T11:16:20+01:00\",\"inLanguage\":\"fr-FR\",\"mainEntityOfPage\":{\"@id\":\"https:\\\/\\\/lasentinelle.dz\\\/index.php\\\/2026\\\/09\\\/02\\\/ligue-1-mobilis-lolympique-akbou-retrouve-le-stade-des-martyrs\\\/#webpage\"},\"isPartOf\":{\"@id\":\"https:\\\/\\\/lasentinelle.dz\\\/index.php\\\/2026\\\/09\\\/02\\\/ligue-1-mobilis-lolympique-akbou-retrouve-le-stade-des-martyrs\\\/#webpage\"},\"articleSection\":\"Sports\"},{\"@type\":\"BreadcrumbList\",\"@id\":\"https:\\\/\\\/lasentinelle.dz\\\/index.php\\\/2026\\\/09\\\/02\\\/ligue-1-mobilis-lolympique-akbou-retrouve-le-stade-des-martyrs\\\/#breadcrumblist\",\"itemListElement\":[{\"@type\":\"ListItem\",\"@id\":\"https:\\\/\\\/lasentinelle.dz#listItem\",\"position\":1,\"name\":\"Home\",\"item\":\"https:\\\/\\\/lasentinelle.dz\",\"nextItem\":{\"@type\":\"ListItem\",\"@id\":\"https:\\\/\\\/lasentinelle.dz\\\/index.php\\\/category\\\/sports\\\/#listItem\",\"name\":\"Sports\"}},{\"@type\":\"ListItem\",\"@id\":\"https:\\\/\\\/lasentinelle.dz\\\/index.php\\\/category\\\/sports\\\/#listItem\",\"position\":2,\"name\":\"Sports\",\"item\":\"https:\\\/\\\/lasentinelle.dz\\\/index.php\\\/category\\\/sports\\\/\",\"nextItem\":{\"@type\":\"ListItem\",\"@id\":\"https:\\\/\\\/lasentinelle.dz\\\/index.php\\\/2026\\\/09\\\/02\\\/ligue-1-mobilis-lolympique-akbou-retrouve-le-stade-des-martyrs\\\/#listItem\",\"name\":\"Ligue 1 Mobilis\\u00a0: L&rsquo;Olympique Akbou retrouve le stade des Martyrs\"},\"previousItem\":{\"@type\":\"ListItem\",\"@id\":\"https:\\\/\\\/lasentinelle.dz#listItem\",\"name\":\"Home\"}},{\"@type\":\"ListItem\",\"@id\":\"https:\\\/\\\/lasentinelle.dz\\\/index.php\\\/2026\\\/09\\\/02\\\/ligue-1-mobilis-lolympique-akbou-retrouve-le-stade-des-martyrs\\\/#listItem\",\"position\":3,\"name\":\"Ligue 1 Mobilis\\u00a0: L&rsquo;Olympique Akbou retrouve le stade des Martyrs\",\"previousItem\":{\"@type\":\"ListItem\",\"@id\":\"https:\\\/\\\/lasentinelle.dz\\\/index.php\\\/category\\\/sports\\\/#listItem\",\"name\":\"Sports\"}}]},{\"@type\":\"Organization\",\"@id\":\"https:\\\/\\\/lasentinelle.dz\\\/#organization\",\"name\":\"La Sentinelle La Sentinelle\",\"description\":\"Quotidien national d'information\",\"url\":\"https:\\\/\\\/lasentinelle.dz\\\/\",\"logo\":{\"@type\":\"ImageObject\",\"url\":\"https:\\\/\\\/lasentinelle.dz\\\/wp-content\\\/uploads\\\/2021\\\/09\\\/cropped-la-sentinelle-earth-golden-anima-5.gif\",\"@id\":\"https:\\\/\\\/lasentinelle.dz\\\/index.php\\\/2026\\\/09\\\/02\\\/ligue-1-mobilis-lolympique-akbou-retrouve-le-stade-des-martyrs\\\/#organizationLogo\",\"width\":450,\"height\":213},\"image\":{\"@id\":\"https:\\\/\\\/lasentinelle.dz\\\/index.php\\\/2026\\\/09\\\/02\\\/ligue-1-mobilis-lolympique-akbou-retrouve-le-stade-des-martyrs\\\/#organizationLogo\"},\"sameAs\":[\"https:\\\/\\\/www.facebook.com\\\/azzedine.lasentinelle.1\"]},{\"@type\":\"Person\",\"@id\":\"https:\\\/\\\/lasentinelle.dz\\\/author\\\/admin\\\/#author\",\"url\":\"https:\\\/\\\/lasentinelle.dz\\\/author\\\/admin\\\/\",\"name\":\"admin\",\"image\":{\"@type\":\"ImageObject\",\"@id\":\"https:\\\/\\\/lasentinelle.dz\\\/index.php\\\/2026\\\/09\\\/02\\\/ligue-1-mobilis-lolympique-akbou-retrouve-le-stade-des-martyrs\\\/#authorImage\",\"url\":\"https:\\\/\\\/secure.gravatar.com\\\/avatar\\\/4c81fed838786e9b53f540bf46533e750f5d292099ae3b66cfc6fb1982e29df7?s=96&d=mm&r=g\",\"width\":96,\"height\":96,\"caption\":\"admin\"}},{\"@type\":\"WebPage\",\"@id\":\"https:\\\/\\\/lasentinelle.dz\\\/index.php\\\/2026\\\/09\\\/02\\\/ligue-1-mobilis-lolympique-akbou-retrouve-le-stade-des-martyrs\\\/#webpage\",\"url\":\"https:\\\/\\\/lasentinelle.dz\\\/index.php\\\/2026\\\/09\\\/02\\\/ligue-1-mobilis-lolympique-akbou-retrouve-le-stade-des-martyrs\\\/\",\"name\":\"Ligue 1 Mobilis : L\\u2019Olympique Akbou retrouve le stade des Martyrs - La Sentinelle\",\"description\":\"L'Olympique Akbou, pensionnaire de Ligue 1 Mobilis de football a retrouv\\u00e9 le stade des Martyrs, son antre tant attendu, \\u00e0 l'occasion de sa toute premi\\u00e8re s\\u00e9ance d'entra\\u00eenement sur la pelouse de cette enceinte effectu\\u00e9e dimanche, dans une ambiance marqu\\u00e9e par une forte pr\\u00e9sence des supporters, a indiqu\\u00e9 le club de la Soummam. Tr\\u00e8s attendue par les\",\"inLanguage\":\"fr-FR\",\"isPartOf\":{\"@id\":\"https:\\\/\\\/lasentinelle.dz\\\/#website\"},\"breadcrumb\":{\"@id\":\"https:\\\/\\\/lasentinelle.dz\\\/index.php\\\/2026\\\/09\\\/02\\\/ligue-1-mobilis-lolympique-akbou-retrouve-le-stade-des-martyrs\\\/#breadcrumblist\"},\"author\":{\"@id\":\"https:\\\/\\\/lasentinelle.dz\\\/author\\\/admin\\\/#author\"},\"creator\":{\"@id\":\"https:\\\/\\\/lasentinelle.dz\\\/author\\\/admin\\\/#author\"},\"image\":{\"@type\":\"ImageObject\",\"url\":\"https:\\\/\\\/lasentinelle.dz\\\/wp-content\\\/uploads\\\/2026\\\/09\\\/stade-des-martyrs.jpg\",\"@id\":\"https:\\\/\\\/lasentinelle.dz\\\/index.php\\\/2026\\\/09\\\/02\\\/ligue-1-mobilis-lolympique-akbou-retrouve-le-stade-des-martyrs\\\/#mainImage\",\"width\":544,\"height\":470},\"primaryImageOfPage\":{\"@id\":\"https:\\\/\\\/lasentinelle.dz\\\/index.php\\\/2026\\\/09\\\/02\\\/ligue-1-mobilis-lolympique-akbou-retrouve-le-stade-des-martyrs\\\/#mainImage\"},\"datePublished\":\"2026-09-02T11:16:14+01:00\",\"dateModified\":\"2026-09-02T11:16:20+01:00\"},{\"@type\":\"WebSite\",\"@id\":\"https:\\\/\\\/lasentinelle.dz\\\/#website\",\"url\":\"https:\\\/\\\/lasentinelle.dz\\\/\",\"name\":\"La Sentinelle\",\"description\":\"Quotidien national d'information\",\"inLanguage\":\"fr-FR\",\"publisher\":{\"@id\":\"https:\\\/\\\/lasentinelle.dz\\\/#organization\"}}]}\n\t\t<\/script>\n\t\t<!-- All in One SEO -->\n\n","aioseo_head_json":{"title":"Ligue 1 Mobilis : L\u2019Olympique Akbou retrouve le stade des Martyrs - La Sentinelle","description":"L'Olympique Akbou, pensionnaire de Ligue 1 Mobilis de football a retrouv\u00e9 le stade des Martyrs, son antre tant attendu, \u00e0 l'occasion de sa toute premi\u00e8re s\u00e9ance d'entra\u00eenement sur la pelouse de cette enceinte effectu\u00e9e dimanche, dans une ambiance marqu\u00e9e par une forte pr\u00e9sence des supporters, a indiqu\u00e9 le club de la Soummam. Tr\u00e8s attendue par les","canonical_url":"https:\/\/lasentinelle.dz\/index.php\/2026\/09\/02\/ligue-1-mobilis-lolympique-akbou-retrouve-le-stade-des-martyrs\/","robots":"max-image-preview:large","keywords":"","webmasterTools":{"miscellaneous":""},"schema":{"@context":"https:\/\/schema.org","@graph":[{"@type":"BlogPosting","@id":"https:\/\/lasentinelle.dz\/index.php\/2026\/09\/02\/ligue-1-mobilis-lolympique-akbou-retrouve-le-stade-des-martyrs\/#blogposting","name":"Ligue 1 Mobilis : L\u2019Olympique Akbou retrouve le stade des Martyrs - La Sentinelle","headline":"Ligue 1 Mobilis\u00a0: L&rsquo;Olympique Akbou retrouve le stade des Martyrs","author":{"@id":"https:\/\/lasentinelle.dz\/author\/admin\/#author"},"publisher":{"@id":"https:\/\/lasentinelle.dz\/#organization"},"image":{"@type":"ImageObject","url":"https:\/\/lasentinelle.dz\/wp-content\/uploads\/2026\/09\/stade-des-martyrs.jpg","width":544,"height":470},"datePublished":"2026-09-02T11:16:14+01:00","dateModified":"2026-09-02T11:16:20+01:00","inLanguage":"fr-FR","mainEntityOfPage":{"@id":"https:\/\/lasentinelle.dz\/index.php\/2026\/09\/02\/ligue-1-mobilis-lolympique-akbou-retrouve-le-stade-des-martyrs\/#webpage"},"isPartOf":{"@id":"https:\/\/lasentinelle.dz\/index.php\/2026\/09\/02\/ligue-1-mobilis-lolympique-akbou-retrouve-le-stade-des-martyrs\/#webpage"},"articleSection":"Sports"},{"@type":"BreadcrumbList","@id":"https:\/\/lasentinelle.dz\/index.php\/2026\/09\/02\/ligue-1-mobilis-lolympique-akbou-retrouve-le-stade-des-martyrs\/#breadcrumblist","itemListElement":[{"@type":"ListItem","@id":"https:\/\/lasentinelle.dz#listItem","position":1,"name":"Home","item":"https:\/\/lasentinelle.dz","nextItem":{"@type":"ListItem","@id":"https:\/\/lasentinelle.dz\/index.php\/category\/sports\/#listItem","name":"Sports"}},{"@type":"ListItem","@id":"https:\/\/lasentinelle.dz\/index.php\/category\/sports\/#listItem","position":2,"name":"Sports","item":"https:\/\/lasentinelle.dz\/index.php\/category\/sports\/","nextItem":{"@type":"ListItem","@id":"https:\/\/lasentinelle.dz\/index.php\/2026\/09\/02\/ligue-1-mobilis-lolympique-akbou-retrouve-le-stade-des-martyrs\/#listItem","name":"Ligue 1 Mobilis\u00a0: L&rsquo;Olympique Akbou retrouve le stade des Martyrs"},"previousItem":{"@type":"ListItem","@id":"https:\/\/lasentinelle.dz#listItem","name":"Home"}},{"@type":"ListItem","@id":"https:\/\/lasentinelle.dz\/index.php\/2026\/09\/02\/ligue-1-mobilis-lolympique-akbou-retrouve-le-stade-des-martyrs\/#listItem","position":3,"name":"Ligue 1 Mobilis\u00a0: L&rsquo;Olympique Akbou retrouve le stade des Martyrs","previousItem":{"@type":"ListItem","@id":"https:\/\/lasentinelle.dz\/index.php\/category\/sports\/#listItem","name":"Sports"}}]},{"@type":"Organization","@id":"https:\/\/lasentinelle.dz\/#organization","name":"La Sentinelle La Sentinelle","description":"Quotidien national d'information","url":"https:\/\/lasentinelle.dz\/","logo":{"@type":"ImageObject","url":"https:\/\/lasentinelle.dz\/wp-content\/uploads\/2021\/09\/cropped-la-sentinelle-earth-golden-anima-5.gif","@id":"https:\/\/lasentinelle.dz\/index.php\/2026\/09\/02\/ligue-1-mobilis-lolympique-akbou-retrouve-le-stade-des-martyrs\/#organizationLogo","width":450,"height":213},"image":{"@id":"https:\/\/lasentinelle.dz\/index.php\/2026\/09\/02\/ligue-1-mobilis-lolympique-akbou-retrouve-le-stade-des-martyrs\/#organizationLogo"},"sameAs":["https:\/\/www.facebook.com\/azzedine.lasentinelle.1"]},{"@type":"Person","@id":"https:\/\/lasentinelle.dz\/author\/admin\/#author","url":"https:\/\/lasentinelle.dz\/author\/admin\/","name":"admin","image":{"@type":"ImageObject","@id":"https:\/\/lasentinelle.dz\/index.php\/2026\/09\/02\/ligue-1-mobilis-lolympique-akbou-retrouve-le-stade-des-martyrs\/#authorImage","url":"https:\/\/secure.gravatar.com\/avatar\/4c81fed838786e9b53f540bf46533e750f5d292099ae3b66cfc6fb1982e29df7?s=96&d=mm&r=g","width":96,"height":96,"caption":"admin"}},{"@type":"WebPage","@id":"https:\/\/lasentinelle.dz\/index.php\/2026\/09\/02\/ligue-1-mobilis-lolympique-akbou-retrouve-le-stade-des-martyrs\/#webpage","url":"https:\/\/lasentinelle.dz\/index.php\/2026\/09\/02\/ligue-1-mobilis-lolympique-akbou-retrouve-le-stade-des-martyrs\/","name":"Ligue 1 Mobilis : L\u2019Olympique Akbou retrouve le stade des Martyrs - La Sentinelle","description":"L'Olympique Akbou, pensionnaire de Ligue 1 Mobilis de football a retrouv\u00e9 le stade des Martyrs, son antre tant attendu, \u00e0 l'occasion de sa toute premi\u00e8re s\u00e9ance d'entra\u00eenement sur la pelouse de cette enceinte effectu\u00e9e dimanche, dans une ambiance marqu\u00e9e par une forte pr\u00e9sence des supporters, a indiqu\u00e9 le club de la Soummam. Tr\u00e8s attendue par les","inLanguage":"fr-FR","isPartOf":{"@id":"https:\/\/lasentinelle.dz\/#website"},"breadcrumb":{"@id":"https:\/\/lasentinelle.dz\/index.php\/2026\/09\/02\/ligue-1-mobilis-lolympique-akbou-retrouve-le-stade-des-martyrs\/#breadcrumblist"},"author":{"@id":"https:\/\/lasentinelle.dz\/author\/admin\/#author"},"creator":{"@id":"https:\/\/lasentinelle.dz\/author\/admin\/#author"},"image":{"@type":"ImageObject","url":"https:\/\/lasentinelle.dz\/wp-content\/uploads\/2026\/09\/stade-des-martyrs.jpg","@id":"https:\/\/lasentinelle.dz\/index.php\/2026\/09\/02\/ligue-1-mobilis-lolympique-akbou-retrouve-le-stade-des-martyrs\/#mainImage","width":544,"height":470},"primaryImageOfPage":{"@id":"https:\/\/lasentinelle.dz\/index.php\/2026\/09\/02\/ligue-1-mobilis-lolympique-akbou-retrouve-le-stade-des-martyrs\/#mainImage"},"datePublished":"2026-09-02T11:16:14+01:00","dateModified":"2026-09-02T11:16:20+01:00"},{"@type":"WebSite","@id":"https:\/\/lasentinelle.dz\/#website","url":"https:\/\/lasentinelle.dz\/","name":"La Sentinelle","description":"Quotidien national d'information","inLanguage":"fr-FR","publisher":{"@id":"https:\/\/lasentinelle.dz\/#organization"}}]},"og:locale":"fr_FR","og:site_name":"La Sentinelle - Quotidien national d'information","og:type":"article","og:title":"Ligue 1 Mobilis : L\u2019Olympique Akbou retrouve le stade des Martyrs - La Sentinelle","og:description":"L'Olympique Akbou, pensionnaire de Ligue 1 Mobilis de football a retrouv\u00e9 le stade des Martyrs, son antre tant attendu, \u00e0 l'occasion de sa toute premi\u00e8re s\u00e9ance d'entra\u00eenement sur la pelouse de cette enceinte effectu\u00e9e dimanche, dans une ambiance marqu\u00e9e par une forte pr\u00e9sence des supporters, a indiqu\u00e9 le club de la Soummam. Tr\u00e8s attendue par les","og:url":"https:\/\/lasentinelle.dz\/index.php\/2026\/09\/02\/ligue-1-mobilis-lolympique-akbou-retrouve-le-stade-des-martyrs\/","og:image":"https:\/\/lasentinelle.dz\/wp-content\/uploads\/2021\/09\/cropped-la-sentinelle-earth-golden-anima-5.gif","og:image:secure_url":"https:\/\/lasentinelle.dz\/wp-content\/uploads\/2021\/09\/cropped-la-sentinelle-earth-golden-anima-5.gif","og:image:width":450,"og:image:height":213,"article:published_time":"2026-09-02T10:16:14+00:00","article:modified_time":"2026-09-02T10:16:20+00:00","article:publisher":"https:\/\/www.facebook.com\/azzedine.lasentinelle.1","twitter:card":"summary_large_image","twitter:title":"Ligue 1 Mobilis : L\u2019Olympique Akbou retrouve le stade des Martyrs - La Sentinelle","twitter:description":"L'Olympique Akbou, pensionnaire de Ligue 1 Mobilis de football a retrouv\u00e9 le stade des Martyrs, son antre tant attendu, \u00e0 l'occasion de sa toute premi\u00e8re s\u00e9ance d'entra\u00eenement sur la pelouse de cette enceinte effectu\u00e9e dimanche, dans une ambiance marqu\u00e9e par une forte pr\u00e9sence des supporters, a indiqu\u00e9 le club de la Soummam. Tr\u00e8s attendue par les","twitter:image":"https:\/\/lasentinelle.dz\/wp-content\/uploads\/2021\/09\/cropped-la-sentinelle-earth-golden-anima-5.gif"},"aioseo_meta_data":{"post_id":"94777","title":null,"description":null,"keywords":null,"keyphrases":{"focus":{"keyphrase":"","score":0,"analysis":{"keyphraseInTitle":{"score":0,"maxScore":9,"error":1}}},"additional":[]},"primary_term":null,"canonical_url":null,"og_title":null,"og_description":null,"og_object_type":"default","og_image_type":"default","og_image_url":null,"og_image_width":null,"og_image_height":null,"og_image_custom_url":null,"og_image_custom_fields":null,"og_video":"","og_custom_url":null,"og_article_section":null,"og_article_tags":null,"twitter_use_og":false,"twitter_card":"default","twitter_image_type":"default","twitter_image_url":null,"twitter_image_custom_url":null,"twitter_image_custom_fields":null,"twitter_title":null,"twitter_description":null,"schema":{"blockGraphs":[],"customGraphs":[],"default":{"data":{"Article":[],"Course":[],"Dataset":[],"FAQPage":[],"Movie":[],"Person":[],"Product":[],"ProductReview":[],"Car":[],"Recipe":[],"Service":[],"SoftwareApplication":[],"WebPage":[]},"graphName":"BlogPosting","isEnabled":true},"graphs":[]},"schema_type":"default","schema_type_options":null,"pillar_content":false,"robots_default":true,"robots_noindex":false,"robots_noarchive":false,"robots_nosnippet":false,"robots_nofollow":false,"robots_noimageindex":false,"robots_noodp":false,"robots_notranslate":false,"robots_max_snippet":"-1","robots_max_videopreview":"-1","robots_max_imagepreview":"large","priority":null,"frequency":"default","local_seo":null,"breadcrumb_settings":null,"limit_modified_date":false,"ai":{"faqs":[],"keyPoints":[],"schemas":[],"titles":[],"descriptions":[],"socialPosts":{"email":{"subject":"","preview":"","content":""},"linkedin":[],"twitter":[],"facebook":[],"instagram":[]}},"created":"2026-09-02 10:16:21","updated":"2026-09-02 11:04:28","focus_keyword":null,"additional_keywords":null,"truseo_locale":null,"seo_analyzer_scan_date":null},"aioseo_breadcrumb":"<div class=\"aioseo-breadcrumbs\"><span class=\"aioseo-breadcrumb\">\n\t\t\t<a href=\"https:\/\/lasentinelle.dz\" title=\"Home\">Home<\/a>\n\t\t<\/span><span class=\"aioseo-breadcrumb-separator\">&raquo;<\/span><span class=\"aioseo-breadcrumb\">\n\t\t\t<a href=\"https:\/\/lasentinelle.dz\/index.php\/category\/sports\/\" title=\"Sports\">Sports<\/a>\n\t\t<\/span><span class=\"aioseo-breadcrumb-separator\">&raquo;<\/span><span class=\"aioseo-breadcrumb\">\n\t\t\tLigue 1 Mobilis : L\u2019Olympique Akbou retrouve le stade des Martyrs\n\t\t<\/span><\/div>","aioseo_breadcrumb_json":[{"label":"Home","link":"https:\/\/lasentinelle.dz"},{"label":"Sports","link":"https:\/\/lasentinelle.dz\/index.php\/category\/sports\/"},{"label":"Ligue 1 Mobilis\u00a0: L&rsquo;Olympique Akbou retrouve le stade des Martyrs","link":"https:\/\/lasentinelle.dz\/index.php\/2026\/09\/02\/ligue-1-mobilis-lolympique-akbou-retrouve-le-stade-des-martyrs\/"}],"yoast_head":"<!-- This site is optimized with the Yoast SEO plugin v28.4 - https:\/\/yoast.com\/product\/yoast-seo-wordpress\/ -->\n<title>Ligue 1 Mobilis\u00a0: L&rsquo;Olympique Akbou retrouve le stade des Martyrs - La Sentinelle<\/title>\n<meta name=\"robots\" content=\"index, follow, max-snippet:-1, max-image-preview:large, max-video-preview:-1\" \/>\n<link rel=\"canonical\" href=\"https:\/\/lasentinelle.dz\/index.php\/2026\/09\/02\/ligue-1-mobilis-lolympique-akbou-retrouve-le-stade-des-martyrs\/\" \/>\n<meta property=\"og:locale\" content=\"fr_FR\" \/>\n<meta property=\"og:type\" content=\"article\" \/>\n<meta property=\"og:title\" content=\"Ligue 1 Mobilis\u00a0: L&rsquo;Olympique Akbou retrouve le stade des Martyrs - La Sentinelle\" \/>\n<meta property=\"og:description\" content=\"L&rsquo;Olympique Akbou, pensionnaire de Ligue 1 Mobilis de&nbsp;football a retrouv\u00e9 le stade des Martyrs, son antre tant attendu, \u00e0 l&rsquo;occasion\" \/>\n<meta property=\"og:url\" content=\"https:\/\/lasentinelle.dz\/index.php\/2026\/09\/02\/ligue-1-mobilis-lolympique-akbou-retrouve-le-stade-des-martyrs\/\" \/>\n<meta property=\"og:site_name\" content=\"La Sentinelle\" \/>\n<meta property=\"article:publisher\" content=\"https:\/\/www.facebook.com\/La-Sentinelle-104059864394773\" \/>\n<meta property=\"article:published_time\" content=\"2026-09-02T10:16:14+00:00\" \/>\n<meta property=\"article:modified_time\" content=\"2026-09-02T10:16:20+00:00\" \/>\n<meta property=\"og:image\" content=\"https:\/\/lasentinelle.dz\/wp-content\/uploads\/2026\/09\/stade-des-martyrs.jpg\" \/>\n\t<meta property=\"og:image:width\" content=\"544\" \/>\n\t<meta property=\"og:image:height\" content=\"470\" \/>\n\t<meta property=\"og:image:type\" content=\"image\/jpeg\" \/>\n<meta name=\"author\" content=\"admin\" \/>\n<meta name=\"twitter:card\" content=\"summary_large_image\" \/>\n<meta name=\"twitter:label1\" content=\"\u00c9crit par\" \/>\n\t<meta name=\"twitter:data1\" content=\"admin\" \/>\n\t<meta name=\"twitter:label2\" content=\"Dur\u00e9e de lecture estim\u00e9e\" \/>\n\t<meta name=\"twitter:data2\" content=\"2 minutes\" \/>\n<script type=\"application\/ld+json\" class=\"yoast-schema-graph\">{\"@context\":\"https:\\\/\\\/schema.org\",\"@graph\":[{\"@type\":\"Article\",\"@id\":\"https:\\\/\\\/lasentinelle.dz\\\/index.php\\\/2026\\\/09\\\/02\\\/ligue-1-mobilis-lolympique-akbou-retrouve-le-stade-des-martyrs\\\/#article\",\"isPartOf\":{\"@id\":\"https:\\\/\\\/lasentinelle.dz\\\/index.php\\\/2026\\\/09\\\/02\\\/ligue-1-mobilis-lolympique-akbou-retrouve-le-stade-des-martyrs\\\/\"},\"author\":{\"name\":\"admin\",\"@id\":\"https:\\\/\\\/lasentinelle.dz\\\/#\\\/schema\\\/person\\\/729ee0024f24e0b8c5ec17232f8e8b41\"},\"headline\":\"Ligue 1 Mobilis\u00a0: L&rsquo;Olympique Akbou retrouve le stade des Martyrs\",\"datePublished\":\"2026-09-02T10:16:14+00:00\",\"dateModified\":\"2026-09-02T10:16:20+00:00\",\"mainEntityOfPage\":{\"@id\":\"https:\\\/\\\/lasentinelle.dz\\\/index.php\\\/2026\\\/09\\\/02\\\/ligue-1-mobilis-lolympique-akbou-retrouve-le-stade-des-martyrs\\\/\"},\"wordCount\":264,\"commentCount\":0,\"publisher\":{\"@id\":\"https:\\\/\\\/lasentinelle.dz\\\/#organization\"},\"image\":{\"@id\":\"https:\\\/\\\/lasentinelle.dz\\\/index.php\\\/2026\\\/09\\\/02\\\/ligue-1-mobilis-lolympique-akbou-retrouve-le-stade-des-martyrs\\\/#primaryimage\"},\"thumbnailUrl\":\"https:\\\/\\\/lasentinelle.dz\\\/wp-content\\\/uploads\\\/2026\\\/09\\\/stade-des-martyrs.jpg\",\"articleSection\":[\"Sports\"],\"inLanguage\":\"fr-FR\",\"potentialAction\":[{\"@type\":\"CommentAction\",\"name\":\"Comment\",\"target\":[\"https:\\\/\\\/lasentinelle.dz\\\/index.php\\\/2026\\\/09\\\/02\\\/ligue-1-mobilis-lolympique-akbou-retrouve-le-stade-des-martyrs\\\/#respond\"]}]},{\"@type\":\"WebPage\",\"@id\":\"https:\\\/\\\/lasentinelle.dz\\\/index.php\\\/2026\\\/09\\\/02\\\/ligue-1-mobilis-lolympique-akbou-retrouve-le-stade-des-martyrs\\\/\",\"url\":\"https:\\\/\\\/lasentinelle.dz\\\/index.php\\\/2026\\\/09\\\/02\\\/ligue-1-mobilis-lolympique-akbou-retrouve-le-stade-des-martyrs\\\/\",\"name\":\"Ligue 1 Mobilis\u00a0: L&rsquo;Olympique Akbou retrouve le stade des Martyrs - La Sentinelle\",\"isPartOf\":{\"@id\":\"https:\\\/\\\/lasentinelle.dz\\\/#website\"},\"primaryImageOfPage\":{\"@id\":\"https:\\\/\\\/lasentinelle.dz\\\/index.php\\\/2026\\\/09\\\/02\\\/ligue-1-mobilis-lolympique-akbou-retrouve-le-stade-des-martyrs\\\/#primaryimage\"},\"image\":{\"@id\":\"https:\\\/\\\/lasentinelle.dz\\\/index.php\\\/2026\\\/09\\\/02\\\/ligue-1-mobilis-lolympique-akbou-retrouve-le-stade-des-martyrs\\\/#primaryimage\"},\"thumbnailUrl\":\"https:\\\/\\\/lasentinelle.dz\\\/wp-content\\\/uploads\\\/2026\\\/09\\\/stade-des-martyrs.jpg\",\"datePublished\":\"2026-09-02T10:16:14+00:00\",\"dateModified\":\"2026-09-02T10:16:20+00:00\",\"breadcrumb\":{\"@id\":\"https:\\\/\\\/lasentinelle.dz\\\/index.php\\\/2026\\\/09\\\/02\\\/ligue-1-mobilis-lolympique-akbou-retrouve-le-stade-des-martyrs\\\/#breadcrumb\"},\"inLanguage\":\"fr-FR\",\"potentialAction\":[{\"@type\":\"ReadAction\",\"target\":[\"https:\\\/\\\/lasentinelle.dz\\\/index.php\\\/2026\\\/09\\\/02\\\/ligue-1-mobilis-lolympique-akbou-retrouve-le-stade-des-martyrs\\\/\"]}]},{\"@type\":\"ImageObject\",\"inLanguage\":\"fr-FR\",\"@id\":\"https:\\\/\\\/lasentinelle.dz\\\/index.php\\\/2026\\\/09\\\/02\\\/ligue-1-mobilis-lolympique-akbou-retrouve-le-stade-des-martyrs\\\/#primaryimage\",\"url\":\"https:\\\/\\\/lasentinelle.dz\\\/wp-content\\\/uploads\\\/2026\\\/09\\\/stade-des-martyrs.jpg\",\"contentUrl\":\"https:\\\/\\\/lasentinelle.dz\\\/wp-content\\\/uploads\\\/2026\\\/09\\\/stade-des-martyrs.jpg\",\"width\":544,\"height\":470},{\"@type\":\"BreadcrumbList\",\"@id\":\"https:\\\/\\\/lasentinelle.dz\\\/index.php\\\/2026\\\/09\\\/02\\\/ligue-1-mobilis-lolympique-akbou-retrouve-le-stade-des-martyrs\\\/#breadcrumb\",\"itemListElement\":[{\"@type\":\"ListItem\",\"position\":1,\"name\":\"Accueil\",\"item\":\"https:\\\/\\\/lasentinelle.dz\\\/\"},{\"@type\":\"ListItem\",\"position\":2,\"name\":\"Ligue 1 Mobilis\u00a0: L&rsquo;Olympique Akbou retrouve le stade des Martyrs\"}]},{\"@type\":\"WebSite\",\"@id\":\"https:\\\/\\\/lasentinelle.dz\\\/#website\",\"url\":\"https:\\\/\\\/lasentinelle.dz\\\/\",\"name\":\"La Sentinelle\",\"description\":\"Quotidien national d&#039;information\",\"publisher\":{\"@id\":\"https:\\\/\\\/lasentinelle.dz\\\/#organization\"},\"potentialAction\":[{\"@type\":\"SearchAction\",\"target\":{\"@type\":\"EntryPoint\",\"urlTemplate\":\"https:\\\/\\\/lasentinelle.dz\\\/?s={search_term_string}\"},\"query-input\":{\"@type\":\"PropertyValueSpecification\",\"valueRequired\":true,\"valueName\":\"search_term_string\"}}],\"inLanguage\":\"fr-FR\"},{\"@type\":\"Organization\",\"@id\":\"https:\\\/\\\/lasentinelle.dz\\\/#organization\",\"name\":\"Quotidien La Sentinelle\",\"url\":\"https:\\\/\\\/lasentinelle.dz\\\/\",\"logo\":{\"@type\":\"ImageObject\",\"inLanguage\":\"fr-FR\",\"@id\":\"https:\\\/\\\/lasentinelle.dz\\\/#\\\/schema\\\/logo\\\/image\\\/\",\"url\":\"https:\\\/\\\/lasentinelle.dz\\\/wp-content\\\/uploads\\\/2021\\\/09\\\/logo-sentinelleSLOGAN-1.png\",\"contentUrl\":\"https:\\\/\\\/lasentinelle.dz\\\/wp-content\\\/uploads\\\/2021\\\/09\\\/logo-sentinelleSLOGAN-1.png\",\"width\":615,\"height\":142,\"caption\":\"Quotidien La Sentinelle\"},\"image\":{\"@id\":\"https:\\\/\\\/lasentinelle.dz\\\/#\\\/schema\\\/logo\\\/image\\\/\"},\"sameAs\":[\"https:\\\/\\\/www.facebook.com\\\/La-Sentinelle-104059864394773\"]},{\"@type\":\"Person\",\"@id\":\"https:\\\/\\\/lasentinelle.dz\\\/#\\\/schema\\\/person\\\/729ee0024f24e0b8c5ec17232f8e8b41\",\"name\":\"admin\",\"image\":{\"@type\":\"ImageObject\",\"inLanguage\":\"fr-FR\",\"@id\":\"https:\\\/\\\/secure.gravatar.com\\\/avatar\\\/4c81fed838786e9b53f540bf46533e750f5d292099ae3b66cfc6fb1982e29df7?s=96&d=mm&r=g\",\"url\":\"https:\\\/\\\/secure.gravatar.com\\\/avatar\\\/4c81fed838786e9b53f540bf46533e750f5d292099ae3b66cfc6fb1982e29df7?s=96&d=mm&r=g\",\"contentUrl\":\"https:\\\/\\\/secure.gravatar.com\\\/avatar\\\/4c81fed838786e9b53f540bf46533e750f5d292099ae3b66cfc6fb1982e29df7?s=96&d=mm&r=g\",\"caption\":\"admin\"},\"description\":\"admin\",\"url\":\"https:\\\/\\\/lasentinelle.dz\\\/author\\\/admin\\\/\"}]}<\/script>\n<!-- \/ Yoast SEO plugin. -->","yoast_head_json":{"title":"Ligue 1 Mobilis\u00a0: L&rsquo;Olympique Akbou retrouve le stade des Martyrs - La Sentinelle","robots":{"index":"index","follow":"follow","max-snippet":"max-snippet:-1","max-image-preview":"max-image-preview:large","max-video-preview":"max-video-preview:-1"},"canonical":"https:\/\/lasentinelle.dz\/index.php\/2026\/09\/02\/ligue-1-mobilis-lolympique-akbou-retrouve-le-stade-des-martyrs\/","og_locale":"fr_FR","og_type":"article","og_title":"Ligue 1 Mobilis\u00a0: L&rsquo;Olympique Akbou retrouve le stade des Martyrs - La Sentinelle","og_description":"L&rsquo;Olympique Akbou, pensionnaire de Ligue 1 Mobilis de&nbsp;football a retrouv\u00e9 le stade des Martyrs, son antre tant attendu, \u00e0 l&rsquo;occasion","og_url":"https:\/\/lasentinelle.dz\/index.php\/2026\/09\/02\/ligue-1-mobilis-lolympique-akbou-retrouve-le-stade-des-martyrs\/","og_site_name":"La Sentinelle","article_publisher":"https:\/\/www.facebook.com\/La-Sentinelle-104059864394773","article_published_time":"2026-09-02T10:16:14+00:00","article_modified_time":"2026-09-02T10:16:20+00:00","og_image":[{"width":544,"height":470,"url":"https:\/\/lasentinelle.dz\/wp-content\/uploads\/2026\/09\/stade-des-martyrs.jpg","type":"image\/jpeg"}],"author":"admin","twitter_card":"summary_large_image","twitter_misc":{"\u00c9crit par":"admin","Dur\u00e9e de lecture estim\u00e9e":"2 minutes"},"schema":{"@context":"https:\/\/schema.org","@graph":[{"@type":"Article","@id":"https:\/\/lasentinelle.dz\/index.php\/2026\/09\/02\/ligue-1-mobilis-lolympique-akbou-retrouve-le-stade-des-martyrs\/#article","isPartOf":{"@id":"https:\/\/lasentinelle.dz\/index.php\/2026\/09\/02\/ligue-1-mobilis-lolympique-akbou-retrouve-le-stade-des-martyrs\/"},"author":{"name":"admin","@id":"https:\/\/lasentinelle.dz\/#\/schema\/person\/729ee0024f24e0b8c5ec17232f8e8b41"},"headline":"Ligue 1 Mobilis\u00a0: L&rsquo;Olympique Akbou retrouve le stade des Martyrs","datePublished":"2026-09-02T10:16:14+00:00","dateModified":"2026-09-02T10:16:20+00:00","mainEntityOfPage":{"@id":"https:\/\/lasentinelle.dz\/index.php\/2026\/09\/02\/ligue-1-mobilis-lolympique-akbou-retrouve-le-stade-des-martyrs\/"},"wordCount":264,"commentCount":0,"publisher":{"@id":"https:\/\/lasentinelle.dz\/#organization"},"image":{"@id":"https:\/\/lasentinelle.dz\/index.php\/2026\/09\/02\/ligue-1-mobilis-lolympique-akbou-retrouve-le-stade-des-martyrs\/#primaryimage"},"thumbnailUrl":"https:\/\/lasentinelle.dz\/wp-content\/uploads\/2026\/09\/stade-des-martyrs.jpg","articleSection":["Sports"],"inLanguage":"fr-FR","potentialAction":[{"@type":"CommentAction","name":"Comment","target":["https:\/\/lasentinelle.dz\/index.php\/2026\/09\/02\/ligue-1-mobilis-lolympique-akbou-retrouve-le-stade-des-martyrs\/#respond"]}]},{"@type":"WebPage","@id":"https:\/\/lasentinelle.dz\/index.php\/2026\/09\/02\/ligue-1-mobilis-lolympique-akbou-retrouve-le-stade-des-martyrs\/","url":"https:\/\/lasentinelle.dz\/index.php\/2026\/09\/02\/ligue-1-mobilis-lolympique-akbou-retrouve-le-stade-des-martyrs\/","name":"Ligue 1 Mobilis\u00a0: L&rsquo;Olympique Akbou retrouve le stade des Martyrs - La Sentinelle","isPartOf":{"@id":"https:\/\/lasentinelle.dz\/#website"},"primaryImageOfPage":{"@id":"https:\/\/lasentinelle.dz\/index.php\/2026\/09\/02\/ligue-1-mobilis-lolympique-akbou-retrouve-le-stade-des-martyrs\/#primaryimage"},"image":{"@id":"https:\/\/lasentinelle.dz\/index.php\/2026\/09\/02\/ligue-1-mobilis-lolympique-akbou-retrouve-le-stade-des-martyrs\/#primaryimage"},"thumbnailUrl":"https:\/\/lasentinelle.dz\/wp-content\/uploads\/2026\/09\/stade-des-martyrs.jpg","datePublished":"2026-09-02T10:16:14+00:00","dateModified":"2026-09-02T10:16:20+00:00","breadcrumb":{"@id":"https:\/\/lasentinelle.dz\/index.php\/2026\/09\/02\/ligue-1-mobilis-lolympique-akbou-retrouve-le-stade-des-martyrs\/#breadcrumb"},"inLanguage":"fr-FR","potentialAction":[{"@type":"ReadAction","target":["https:\/\/lasentinelle.dz\/index.php\/2026\/09\/02\/ligue-1-mobilis-lolympique-akbou-retrouve-le-stade-des-martyrs\/"]}]},{"@type":"ImageObject","inLanguage":"fr-FR","@id":"https:\/\/lasentinelle.dz\/index.php\/2026\/09\/02\/ligue-1-mobilis-lolympique-akbou-retrouve-le-stade-des-martyrs\/#primaryimage","url":"https:\/\/lasentinelle.dz\/wp-content\/uploads\/2026\/09\/stade-des-martyrs.jpg","contentUrl":"https:\/\/lasentinelle.dz\/wp-content\/uploads\/2026\/09\/stade-des-martyrs.jpg","width":544,"height":470},{"@type":"BreadcrumbList","@id":"https:\/\/lasentinelle.dz\/index.php\/2026\/09\/02\/ligue-1-mobilis-lolympique-akbou-retrouve-le-stade-des-martyrs\/#breadcrumb","itemListElement":[{"@type":"ListItem","position":1,"name":"Accueil","item":"https:\/\/lasentinelle.dz\/"},{"@type":"ListItem","position":2,"name":"Ligue 1 Mobilis\u00a0: L&rsquo;Olympique Akbou retrouve le stade des Martyrs"}]},{"@type":"WebSite","@id":"https:\/\/lasentinelle.dz\/#website","url":"https:\/\/lasentinelle.dz\/","name":"La Sentinelle","description":"Quotidien national d&#039;information","publisher":{"@id":"https:\/\/lasentinelle.dz\/#organization"},"potentialAction":[{"@type":"SearchAction","target":{"@type":"EntryPoint","urlTemplate":"https:\/\/lasentinelle.dz\/?s={search_term_string}"},"query-input":{"@type":"PropertyValueSpecification","valueRequired":true,"valueName":"search_term_string"}}],"inLanguage":"fr-FR"},{"@type":"Organization","@id":"https:\/\/lasentinelle.dz\/#organization","name":"Quotidien La Sentinelle","url":"https:\/\/lasentinelle.dz\/","logo":{"@type":"ImageObject","inLanguage":"fr-FR","@id":"https:\/\/lasentinelle.dz\/#\/schema\/logo\/image\/","url":"https:\/\/lasentinelle.dz\/wp-content\/uploads\/2021\/09\/logo-sentinelleSLOGAN-1.png","contentUrl":"https:\/\/lasentinelle.dz\/wp-content\/uploads\/2021\/09\/logo-sentinelleSLOGAN-1.png","width":615,"height":142,"caption":"Quotidien La Sentinelle"},"image":{"@id":"https:\/\/lasentinelle.dz\/#\/schema\/logo\/image\/"},"sameAs":["https:\/\/www.facebook.com\/La-Sentinelle-104059864394773"]},{"@type":"Person","@id":"https:\/\/lasentinelle.dz\/#\/schema\/person\/729ee0024f24e0b8c5ec17232f8e8b41","name":"admin","image":{"@type":"ImageObject","inLanguage":"fr-FR","@id":"https:\/\/secure.gravatar.com\/avatar\/4c81fed838786e9b53f540bf46533e750f5d292099ae3b66cfc6fb1982e29df7?s=96&d=mm&r=g","url":"https:\/\/secure.gravatar.com\/avatar\/4c81fed838786e9b53f540bf46533e750f5d292099ae3b66cfc6fb1982e29df7?s=96&d=mm&r=g","contentUrl":"https:\/\/secure.gravatar.com\/avatar\/4c81fed838786e9b53f540bf46533e750f5d292099ae3b66cfc6fb1982e29df7?s=96&d=mm&r=g","caption":"admin"},"description":"admin","url":"https:\/\/lasentinelle.dz\/author\/admin\/"}]}},"_links":{"self":[{"href":"https:\/\/lasentinelle.dz\/index.php\/wp-json\/wp\/v2\/posts\/94777","targetHints":{"allow":["GET"]}}],"collection":[{"href":"https:\/\/lasentinelle.dz\/index.php\/wp-json\/wp\/v2\/posts"}],"about":[{"href":"https:\/\/lasentinelle.dz\/index.php\/wp-json\/wp\/v2\/types\/post"}],"author":[{"embeddable":true,"href":"https:\/\/lasentinelle.dz\/index.php\/wp-json\/wp\/v2\/users\/6"}],"replies":[{"embeddable":true,"href":"https:\/\/lasentinelle.dz\/index.php\/wp-json\/wp\/v2\/comments?post=94777"}],"version-history":[{"count":2,"href":"https:\/\/lasentinelle.dz\/index.php\/wp-json\/wp\/v2\/posts\/94777\/revisions"}],"predecessor-version":[{"id":94780,"href":"https:\/\/lasentinelle.dz\/index.php\/wp-json\/wp\/v2\/posts\/94777\/revisions\/94780"}],"wp:featuredmedia":[{"embeddable":true,"href":"https:\/\/lasentinelle.dz\/index.php\/wp-json\/wp\/v2\/media\/94778"}],"wp:attachment":[{"href":"https:\/\/lasentinelle.dz\/index.php\/wp-json\/wp\/v2\/media?parent=94777"}],"wp:term":[{"taxonomy":"category","embeddable":true,"href":"https:\/\/lasentinelle.dz\/index.php\/wp-json\/wp\/v2\/categories?post=94777"},{"taxonomy":"post_tag","embeddable":true,"href":"https:\/\/lasentinelle.dz\/index.php\/wp-json\/wp\/v2\/tags?post=94777"}],"curies":[{"name":"wp","href":"https:\/\/api.w.org\/{rel}","templated":true}]}}