{"id":94781,"date":"2026-09-02T11:18:07","date_gmt":"2026-09-02T10:18:07","guid":{"rendered":"https:\/\/lasentinelle.dz\/?p=94781"},"modified":"2026-09-02T11:18:12","modified_gmt":"2026-09-02T10:18:12","slug":"ligue-des-champions-dafrique-la-js-saoura-a-pied-doeuvre-a-oran","status":"publish","type":"post","link":"https:\/\/lasentinelle.dz\/index.php\/2026\/09\/02\/ligue-des-champions-dafrique-la-js-saoura-a-pied-doeuvre-a-oran\/","title":{"rendered":"Ligue des champions d&rsquo;Afrique\u00a0: La JS Saoura \u00e0 pied d&rsquo;\u0153uvre \u00e0 Oran"},"content":{"rendered":"\n<p class=\"wp-block-paragraph\">La JS Saoura a pris ses quartiers depuis dimanche \u00e0 Oran pour y pr\u00e9parer son entr\u00e9e en lice dans la Ligue des champions d&rsquo;Afrique, une \u00e9ch\u00e9ance qui la verra recevoir vendredi les Guin\u00e9ens de Horoya Conakry pour le compte de la manche aller du premier tour pr\u00e9liminaire, dans ce qui constituera sa toute premi\u00e8re sortie officielle de la saison. Le club de la Saoura \u00e9voluera \u00e0 domicile au stade Miloud-Hadefi, o\u00f9 le coup d&rsquo;envoi sera donn\u00e9 \u00e0 19h00, avec l&rsquo;ambition de forger un avantage suffisant avant de se d\u00e9placer pour la manche retour et d&rsquo;y n\u00e9gocier sa qualification dans des conditions plus favorables. Ce duel continental prend une dimension particuli\u00e8re puisque le report de la premi\u00e8re journ\u00e9e du championnat national, initialement programm\u00e9e le week-end pass\u00e9, en fait de facto le premier examen officiel de la formation b\u00e9chari cette saison, sans le moindre match de rodage en comp\u00e9tition pour se jauger.<\/p>\n\n\n\n<p class=\"wp-block-paragraph\">L&rsquo;\u00e9quipe aborde par ailleurs ce rendez-vous dans un contexte de profond renouvellement, le mercato estival ayant vu partir plusieurs \u00e9l\u00e9ments qui constituaient l&rsquo;ossature du groupe la saison pass\u00e9e. Une donne qui place le staff technique devant l&rsquo;obligation de reb\u00e2tir dans l&rsquo;urgence des automatismes et une coh\u00e9sion collective, \u00e0 quelques jours seulement d&rsquo;une \u00e9ch\u00e9ance \u00e0 enjeu. Le banc de touche a lui-m\u00eame chang\u00e9 de visage durant l&rsquo;intersaison, Abdelkader Amrani ayant quitt\u00e9 ses fonctions pour rejoindre l&rsquo;Olympique Akbou. C&rsquo;est Lotfi Boudra\u00e2 qui a h\u00e9rit\u00e9 du poste, lui qui conna\u00eet d\u00e9j\u00e0 la maison pour avoir d\u00e9j\u00e0 \u00e9t\u00e9 aux commandes de l&rsquo;\u00e9quipe en d\u00e9but de saison derni\u00e8re. Un retour qui s&rsquo;accompagne toutefois d&rsquo;un double d\u00e9fi, celui de reconstruire un effectif remani\u00e9 tout en n\u00e9gociant d&#8217;embl\u00e9e une qualification continentale. Sur le plan logistique, la d\u00e9l\u00e9gation guin\u00e9enne de Horoya Conakry doit atterrir \u00e0 Oran ce mardi, \u00e0 quelques jours de la rencontre, selon des informations communiqu\u00e9es par la direction du club alg\u00e9rien. La JS Saoura, elle, entend s&rsquo;appuyer sur le soutien de son public ainsi que sur l&rsquo;avantage du terrain pour n\u00e9gocier au mieux cette entr\u00e9e en mati\u00e8re dans une comp\u00e9tition qui exigera r\u00e9gularit\u00e9 et solidit\u00e9 sur la dur\u00e9e de la double confrontation.<\/p>\n\n\n\n<p class=\"wp-block-paragraph\">R.S.<\/p>\n\n\n\n<p class=\"wp-block-paragraph\"><strong>Des arbitres tanzaniens pour JS Saoura &#8211; Horoya AC<\/strong><\/p>\n\n\n\n<p class=\"wp-block-paragraph\">La Conf\u00e9d\u00e9ration africaine de football (CAF) a d\u00e9sign\u00e9 un quatuor arbitral tanzanien pour diriger la rencontre entre la JS Saoura (Alg\u00e9rie) et le Horoya AC (Guin\u00e9e), comptant pour le premier tour pr\u00e9liminaire aller de la Ligue des champions de la CAF 2026-2027. Nasir Salum officiera la rencontre en qualit\u00e9 d&rsquo;arbitre central. Il sera assist\u00e9 par Mohamed Mkono et Ally Ramadhani, tandis qu&rsquo;Ahmed Arajiga occupera le r\u00f4le de quatri\u00e8me officiel. La rencontre est programm\u00e9e le vendredi 4 septembre 2026 au stade Miloud Hadefi (Oran). Le coup d&rsquo;envoi sera donn\u00e9 \u00e0 19h00 (heure alg\u00e9rienne). Cette d\u00e9signation offre ainsi aux quatre officiels tanzaniens l&rsquo;occasion de prendre part \u00e0 l&rsquo;une des principales comp\u00e9titions interclubs du continent. Le second repr\u00e9sentant alg\u00e9rien dans cette prestigieuse comp\u00e9tition africaine, le MC Alger (triple champion d&rsquo;Alg\u00e9rie en titre), affrontera en d\u00e9placement la formation nig\u00e9rienne de l&rsquo;ASN Nigelec (Niger) .<\/p>\n\n\n\n<p class=\"wp-block-paragraph\">APS<\/p>\n","protected":false},"excerpt":{"rendered":"<p>La JS Saoura a pris ses quartiers depuis dimanche \u00e0 Oran pour y pr\u00e9parer son entr\u00e9e en lice dans la<\/p>\n","protected":false},"author":6,"featured_media":94782,"comment_status":"open","ping_status":"closed","sticky":false,"template":"","format":"standard","meta":{"colormag_page_container_layout":"default_layout","colormag_page_sidebar_layout":"default_layout","om_disable_all_campaigns":false,"_monsterinsights_skip_tracking":false,"footnotes":"","_wpscppro_dont_share_socialmedia":false,"_wpscppro_custom_social_share_image":0,"_facebook_share_type":"default","_twitter_share_type":"default","_linkedin_share_type":"default","_pinterest_share_type":"default","_linkedin_share_type_page":"","_instagram_share_type":"default","_medium_share_type":"default","_threads_share_type":"default","_google_business_share_type":"default","_bluesky_share_type":"default","_mastodon_share_type":"default","_selected_social_profile":[],"_wpsp_enable_custom_social_template":false,"_wpsp_social_scheduling":{"enabled":false,"datetime":null,"platforms":[],"status":"template_only","dateOption":"today","timeOption":"now","customDays":"","customHours":"","customDate":"","customTime":"","schedulingType":"absolute"},"_wpsp_active_default_template":true},"categories":[33],"tags":[],"class_list":["post-94781","post","type-post","status-publish","format-standard","has-post-thumbnail","hentry","category-sports"],"aioseo_notices":[],"aioseo_head":"\n\t\t<!-- All in One SEO 5.0.0.1 - aioseo.com -->\n\t<meta name=\"description\" content=\"La JS Saoura a pris ses quartiers depuis dimanche \u00e0 Oran pour y pr\u00e9parer son entr\u00e9e en lice dans la Ligue des champions d&#039;Afrique, une \u00e9ch\u00e9ance qui la verra recevoir vendredi les Guin\u00e9ens de Horoya Conakry pour le compte de la manche aller du premier tour pr\u00e9liminaire, dans ce qui constituera sa toute premi\u00e8re sortie\" \/>\n\t<meta name=\"robots\" content=\"max-image-preview:large\" \/>\n\t<meta name=\"author\" content=\"admin\"\/>\n\t<link rel=\"canonical\" href=\"https:\/\/lasentinelle.dz\/index.php\/2026\/09\/02\/ligue-des-champions-dafrique-la-js-saoura-a-pied-doeuvre-a-oran\/\" \/>\n\t<meta name=\"generator\" content=\"All in One SEO (AIOSEO) 5.0.0.1\" \/>\n\t\t<meta property=\"og:locale\" content=\"fr_FR\" \/>\n\t\t<meta property=\"og:site_name\" content=\"La Sentinelle - Quotidien national d&#039;information\" \/>\n\t\t<meta property=\"og:type\" content=\"article\" \/>\n\t\t<meta property=\"og:title\" content=\"Ligue des champions d\u2019Afrique : La JS Saoura \u00e0 pied d\u2019\u0153uvre \u00e0 Oran - La Sentinelle\" \/>\n\t\t<meta property=\"og:description\" content=\"La JS Saoura a pris ses quartiers depuis dimanche \u00e0 Oran pour y pr\u00e9parer son entr\u00e9e en lice dans la Ligue des champions d&#039;Afrique, une \u00e9ch\u00e9ance qui la verra recevoir vendredi les Guin\u00e9ens de Horoya Conakry pour le compte de la manche aller du premier tour pr\u00e9liminaire, dans ce qui constituera sa toute premi\u00e8re sortie\" \/>\n\t\t<meta property=\"og:url\" content=\"https:\/\/lasentinelle.dz\/index.php\/2026\/09\/02\/ligue-des-champions-dafrique-la-js-saoura-a-pied-doeuvre-a-oran\/\" \/>\n\t\t<meta property=\"og:image\" content=\"https:\/\/lasentinelle.dz\/wp-content\/uploads\/2021\/09\/cropped-la-sentinelle-earth-golden-anima-5.gif\" \/>\n\t\t<meta property=\"og:image:secure_url\" content=\"https:\/\/lasentinelle.dz\/wp-content\/uploads\/2021\/09\/cropped-la-sentinelle-earth-golden-anima-5.gif\" \/>\n\t\t<meta property=\"og:image:width\" content=\"450\" \/>\n\t\t<meta property=\"og:image:height\" content=\"213\" \/>\n\t\t<meta property=\"article:published_time\" content=\"2026-09-02T10:18:07+00:00\" \/>\n\t\t<meta property=\"article:modified_time\" content=\"2026-09-02T10:18:12+00:00\" \/>\n\t\t<meta property=\"article:publisher\" content=\"https:\/\/www.facebook.com\/azzedine.lasentinelle.1\" \/>\n\t\t<meta name=\"twitter:card\" content=\"summary_large_image\" \/>\n\t\t<meta name=\"twitter:title\" content=\"Ligue des champions d\u2019Afrique : La JS Saoura \u00e0 pied d\u2019\u0153uvre \u00e0 Oran - La Sentinelle\" \/>\n\t\t<meta name=\"twitter:description\" content=\"La JS Saoura a pris ses quartiers depuis dimanche \u00e0 Oran pour y pr\u00e9parer son entr\u00e9e en lice dans la Ligue des champions d&#039;Afrique, une \u00e9ch\u00e9ance qui la verra recevoir vendredi les Guin\u00e9ens de Horoya Conakry pour le compte de la manche aller du premier tour pr\u00e9liminaire, dans ce qui constituera sa toute premi\u00e8re sortie\" \/>\n\t\t<meta name=\"twitter:image\" content=\"https:\/\/lasentinelle.dz\/wp-content\/uploads\/2021\/09\/cropped-la-sentinelle-earth-golden-anima-5.gif\" \/>\n\t\t<script type=\"application\/ld+json\" class=\"aioseo-schema\">\n\t\t\t{\"@context\":\"https:\\\/\\\/schema.org\",\"@graph\":[{\"@type\":\"BlogPosting\",\"@id\":\"https:\\\/\\\/lasentinelle.dz\\\/index.php\\\/2026\\\/09\\\/02\\\/ligue-des-champions-dafrique-la-js-saoura-a-pied-doeuvre-a-oran\\\/#blogposting\",\"name\":\"Ligue des champions d\\u2019Afrique : La JS Saoura \\u00e0 pied d\\u2019\\u0153uvre \\u00e0 Oran - La Sentinelle\",\"headline\":\"Ligue des champions d&rsquo;Afrique\\u00a0: La JS Saoura \\u00e0 pied d&rsquo;\\u0153uvre \\u00e0 Oran\",\"author\":{\"@id\":\"https:\\\/\\\/lasentinelle.dz\\\/author\\\/admin\\\/#author\"},\"publisher\":{\"@id\":\"https:\\\/\\\/lasentinelle.dz\\\/#organization\"},\"image\":{\"@type\":\"ImageObject\",\"url\":\"https:\\\/\\\/lasentinelle.dz\\\/wp-content\\\/uploads\\\/2026\\\/09\\\/JSS.jpeg\",\"width\":1440,\"height\":1077},\"datePublished\":\"2026-09-02T11:18:07+01:00\",\"dateModified\":\"2026-09-02T11:18:12+01:00\",\"inLanguage\":\"fr-FR\",\"mainEntityOfPage\":{\"@id\":\"https:\\\/\\\/lasentinelle.dz\\\/index.php\\\/2026\\\/09\\\/02\\\/ligue-des-champions-dafrique-la-js-saoura-a-pied-doeuvre-a-oran\\\/#webpage\"},\"isPartOf\":{\"@id\":\"https:\\\/\\\/lasentinelle.dz\\\/index.php\\\/2026\\\/09\\\/02\\\/ligue-des-champions-dafrique-la-js-saoura-a-pied-doeuvre-a-oran\\\/#webpage\"},\"articleSection\":\"Sports\"},{\"@type\":\"BreadcrumbList\",\"@id\":\"https:\\\/\\\/lasentinelle.dz\\\/index.php\\\/2026\\\/09\\\/02\\\/ligue-des-champions-dafrique-la-js-saoura-a-pied-doeuvre-a-oran\\\/#breadcrumblist\",\"itemListElement\":[{\"@type\":\"ListItem\",\"@id\":\"https:\\\/\\\/lasentinelle.dz#listItem\",\"position\":1,\"name\":\"Home\",\"item\":\"https:\\\/\\\/lasentinelle.dz\",\"nextItem\":{\"@type\":\"ListItem\",\"@id\":\"https:\\\/\\\/lasentinelle.dz\\\/index.php\\\/category\\\/sports\\\/#listItem\",\"name\":\"Sports\"}},{\"@type\":\"ListItem\",\"@id\":\"https:\\\/\\\/lasentinelle.dz\\\/index.php\\\/category\\\/sports\\\/#listItem\",\"position\":2,\"name\":\"Sports\",\"item\":\"https:\\\/\\\/lasentinelle.dz\\\/index.php\\\/category\\\/sports\\\/\",\"nextItem\":{\"@type\":\"ListItem\",\"@id\":\"https:\\\/\\\/lasentinelle.dz\\\/index.php\\\/2026\\\/09\\\/02\\\/ligue-des-champions-dafrique-la-js-saoura-a-pied-doeuvre-a-oran\\\/#listItem\",\"name\":\"Ligue des champions d&rsquo;Afrique\\u00a0: La JS Saoura \\u00e0 pied d&rsquo;\\u0153uvre \\u00e0 Oran\"},\"previousItem\":{\"@type\":\"ListItem\",\"@id\":\"https:\\\/\\\/lasentinelle.dz#listItem\",\"name\":\"Home\"}},{\"@type\":\"ListItem\",\"@id\":\"https:\\\/\\\/lasentinelle.dz\\\/index.php\\\/2026\\\/09\\\/02\\\/ligue-des-champions-dafrique-la-js-saoura-a-pied-doeuvre-a-oran\\\/#listItem\",\"position\":3,\"name\":\"Ligue des champions d&rsquo;Afrique\\u00a0: La JS Saoura \\u00e0 pied d&rsquo;\\u0153uvre \\u00e0 Oran\",\"previousItem\":{\"@type\":\"ListItem\",\"@id\":\"https:\\\/\\\/lasentinelle.dz\\\/index.php\\\/category\\\/sports\\\/#listItem\",\"name\":\"Sports\"}}]},{\"@type\":\"Organization\",\"@id\":\"https:\\\/\\\/lasentinelle.dz\\\/#organization\",\"name\":\"La Sentinelle La Sentinelle\",\"description\":\"Quotidien national d'information\",\"url\":\"https:\\\/\\\/lasentinelle.dz\\\/\",\"logo\":{\"@type\":\"ImageObject\",\"url\":\"https:\\\/\\\/lasentinelle.dz\\\/wp-content\\\/uploads\\\/2021\\\/09\\\/cropped-la-sentinelle-earth-golden-anima-5.gif\",\"@id\":\"https:\\\/\\\/lasentinelle.dz\\\/index.php\\\/2026\\\/09\\\/02\\\/ligue-des-champions-dafrique-la-js-saoura-a-pied-doeuvre-a-oran\\\/#organizationLogo\",\"width\":450,\"height\":213},\"image\":{\"@id\":\"https:\\\/\\\/lasentinelle.dz\\\/index.php\\\/2026\\\/09\\\/02\\\/ligue-des-champions-dafrique-la-js-saoura-a-pied-doeuvre-a-oran\\\/#organizationLogo\"},\"sameAs\":[\"https:\\\/\\\/www.facebook.com\\\/azzedine.lasentinelle.1\"]},{\"@type\":\"Person\",\"@id\":\"https:\\\/\\\/lasentinelle.dz\\\/author\\\/admin\\\/#author\",\"url\":\"https:\\\/\\\/lasentinelle.dz\\\/author\\\/admin\\\/\",\"name\":\"admin\",\"image\":{\"@type\":\"ImageObject\",\"@id\":\"https:\\\/\\\/lasentinelle.dz\\\/index.php\\\/2026\\\/09\\\/02\\\/ligue-des-champions-dafrique-la-js-saoura-a-pied-doeuvre-a-oran\\\/#authorImage\",\"url\":\"https:\\\/\\\/secure.gravatar.com\\\/avatar\\\/4c81fed838786e9b53f540bf46533e750f5d292099ae3b66cfc6fb1982e29df7?s=96&d=mm&r=g\",\"width\":96,\"height\":96,\"caption\":\"admin\"}},{\"@type\":\"WebPage\",\"@id\":\"https:\\\/\\\/lasentinelle.dz\\\/index.php\\\/2026\\\/09\\\/02\\\/ligue-des-champions-dafrique-la-js-saoura-a-pied-doeuvre-a-oran\\\/#webpage\",\"url\":\"https:\\\/\\\/lasentinelle.dz\\\/index.php\\\/2026\\\/09\\\/02\\\/ligue-des-champions-dafrique-la-js-saoura-a-pied-doeuvre-a-oran\\\/\",\"name\":\"Ligue des champions d\\u2019Afrique : La JS Saoura \\u00e0 pied d\\u2019\\u0153uvre \\u00e0 Oran - La Sentinelle\",\"description\":\"La JS Saoura a pris ses quartiers depuis dimanche \\u00e0 Oran pour y pr\\u00e9parer son entr\\u00e9e en lice dans la Ligue des champions d'Afrique, une \\u00e9ch\\u00e9ance qui la verra recevoir vendredi les Guin\\u00e9ens de Horoya Conakry pour le compte de la manche aller du premier tour pr\\u00e9liminaire, dans ce qui constituera sa toute premi\\u00e8re sortie\",\"inLanguage\":\"fr-FR\",\"isPartOf\":{\"@id\":\"https:\\\/\\\/lasentinelle.dz\\\/#website\"},\"breadcrumb\":{\"@id\":\"https:\\\/\\\/lasentinelle.dz\\\/index.php\\\/2026\\\/09\\\/02\\\/ligue-des-champions-dafrique-la-js-saoura-a-pied-doeuvre-a-oran\\\/#breadcrumblist\"},\"author\":{\"@id\":\"https:\\\/\\\/lasentinelle.dz\\\/author\\\/admin\\\/#author\"},\"creator\":{\"@id\":\"https:\\\/\\\/lasentinelle.dz\\\/author\\\/admin\\\/#author\"},\"image\":{\"@type\":\"ImageObject\",\"url\":\"https:\\\/\\\/lasentinelle.dz\\\/wp-content\\\/uploads\\\/2026\\\/09\\\/JSS.jpeg\",\"@id\":\"https:\\\/\\\/lasentinelle.dz\\\/index.php\\\/2026\\\/09\\\/02\\\/ligue-des-champions-dafrique-la-js-saoura-a-pied-doeuvre-a-oran\\\/#mainImage\",\"width\":1440,\"height\":1077},\"primaryImageOfPage\":{\"@id\":\"https:\\\/\\\/lasentinelle.dz\\\/index.php\\\/2026\\\/09\\\/02\\\/ligue-des-champions-dafrique-la-js-saoura-a-pied-doeuvre-a-oran\\\/#mainImage\"},\"datePublished\":\"2026-09-02T11:18:07+01:00\",\"dateModified\":\"2026-09-02T11:18:12+01:00\"},{\"@type\":\"WebSite\",\"@id\":\"https:\\\/\\\/lasentinelle.dz\\\/#website\",\"url\":\"https:\\\/\\\/lasentinelle.dz\\\/\",\"name\":\"La Sentinelle\",\"description\":\"Quotidien national d'information\",\"inLanguage\":\"fr-FR\",\"publisher\":{\"@id\":\"https:\\\/\\\/lasentinelle.dz\\\/#organization\"}}]}\n\t\t<\/script>\n\t\t<!-- All in One SEO -->\n\n","aioseo_head_json":{"title":"Ligue des champions d\u2019Afrique : La JS Saoura \u00e0 pied d\u2019\u0153uvre \u00e0 Oran - La Sentinelle","description":"La JS Saoura a pris ses quartiers depuis dimanche \u00e0 Oran pour y pr\u00e9parer son entr\u00e9e en lice dans la Ligue des champions d'Afrique, une \u00e9ch\u00e9ance qui la verra recevoir vendredi les Guin\u00e9ens de Horoya Conakry pour le compte de la manche aller du premier tour pr\u00e9liminaire, dans ce qui constituera sa toute premi\u00e8re sortie","canonical_url":"https:\/\/lasentinelle.dz\/index.php\/2026\/09\/02\/ligue-des-champions-dafrique-la-js-saoura-a-pied-doeuvre-a-oran\/","robots":"max-image-preview:large","keywords":"","webmasterTools":{"miscellaneous":""},"schema":{"@context":"https:\/\/schema.org","@graph":[{"@type":"BlogPosting","@id":"https:\/\/lasentinelle.dz\/index.php\/2026\/09\/02\/ligue-des-champions-dafrique-la-js-saoura-a-pied-doeuvre-a-oran\/#blogposting","name":"Ligue des champions d\u2019Afrique : La JS Saoura \u00e0 pied d\u2019\u0153uvre \u00e0 Oran - La Sentinelle","headline":"Ligue des champions d&rsquo;Afrique\u00a0: La JS Saoura \u00e0 pied d&rsquo;\u0153uvre \u00e0 Oran","author":{"@id":"https:\/\/lasentinelle.dz\/author\/admin\/#author"},"publisher":{"@id":"https:\/\/lasentinelle.dz\/#organization"},"image":{"@type":"ImageObject","url":"https:\/\/lasentinelle.dz\/wp-content\/uploads\/2026\/09\/JSS.jpeg","width":1440,"height":1077},"datePublished":"2026-09-02T11:18:07+01:00","dateModified":"2026-09-02T11:18:12+01:00","inLanguage":"fr-FR","mainEntityOfPage":{"@id":"https:\/\/lasentinelle.dz\/index.php\/2026\/09\/02\/ligue-des-champions-dafrique-la-js-saoura-a-pied-doeuvre-a-oran\/#webpage"},"isPartOf":{"@id":"https:\/\/lasentinelle.dz\/index.php\/2026\/09\/02\/ligue-des-champions-dafrique-la-js-saoura-a-pied-doeuvre-a-oran\/#webpage"},"articleSection":"Sports"},{"@type":"BreadcrumbList","@id":"https:\/\/lasentinelle.dz\/index.php\/2026\/09\/02\/ligue-des-champions-dafrique-la-js-saoura-a-pied-doeuvre-a-oran\/#breadcrumblist","itemListElement":[{"@type":"ListItem","@id":"https:\/\/lasentinelle.dz#listItem","position":1,"name":"Home","item":"https:\/\/lasentinelle.dz","nextItem":{"@type":"ListItem","@id":"https:\/\/lasentinelle.dz\/index.php\/category\/sports\/#listItem","name":"Sports"}},{"@type":"ListItem","@id":"https:\/\/lasentinelle.dz\/index.php\/category\/sports\/#listItem","position":2,"name":"Sports","item":"https:\/\/lasentinelle.dz\/index.php\/category\/sports\/","nextItem":{"@type":"ListItem","@id":"https:\/\/lasentinelle.dz\/index.php\/2026\/09\/02\/ligue-des-champions-dafrique-la-js-saoura-a-pied-doeuvre-a-oran\/#listItem","name":"Ligue des champions d&rsquo;Afrique\u00a0: La JS Saoura \u00e0 pied d&rsquo;\u0153uvre \u00e0 Oran"},"previousItem":{"@type":"ListItem","@id":"https:\/\/lasentinelle.dz#listItem","name":"Home"}},{"@type":"ListItem","@id":"https:\/\/lasentinelle.dz\/index.php\/2026\/09\/02\/ligue-des-champions-dafrique-la-js-saoura-a-pied-doeuvre-a-oran\/#listItem","position":3,"name":"Ligue des champions d&rsquo;Afrique\u00a0: La JS Saoura \u00e0 pied d&rsquo;\u0153uvre \u00e0 Oran","previousItem":{"@type":"ListItem","@id":"https:\/\/lasentinelle.dz\/index.php\/category\/sports\/#listItem","name":"Sports"}}]},{"@type":"Organization","@id":"https:\/\/lasentinelle.dz\/#organization","name":"La Sentinelle La Sentinelle","description":"Quotidien national d'information","url":"https:\/\/lasentinelle.dz\/","logo":{"@type":"ImageObject","url":"https:\/\/lasentinelle.dz\/wp-content\/uploads\/2021\/09\/cropped-la-sentinelle-earth-golden-anima-5.gif","@id":"https:\/\/lasentinelle.dz\/index.php\/2026\/09\/02\/ligue-des-champions-dafrique-la-js-saoura-a-pied-doeuvre-a-oran\/#organizationLogo","width":450,"height":213},"image":{"@id":"https:\/\/lasentinelle.dz\/index.php\/2026\/09\/02\/ligue-des-champions-dafrique-la-js-saoura-a-pied-doeuvre-a-oran\/#organizationLogo"},"sameAs":["https:\/\/www.facebook.com\/azzedine.lasentinelle.1"]},{"@type":"Person","@id":"https:\/\/lasentinelle.dz\/author\/admin\/#author","url":"https:\/\/lasentinelle.dz\/author\/admin\/","name":"admin","image":{"@type":"ImageObject","@id":"https:\/\/lasentinelle.dz\/index.php\/2026\/09\/02\/ligue-des-champions-dafrique-la-js-saoura-a-pied-doeuvre-a-oran\/#authorImage","url":"https:\/\/secure.gravatar.com\/avatar\/4c81fed838786e9b53f540bf46533e750f5d292099ae3b66cfc6fb1982e29df7?s=96&d=mm&r=g","width":96,"height":96,"caption":"admin"}},{"@type":"WebPage","@id":"https:\/\/lasentinelle.dz\/index.php\/2026\/09\/02\/ligue-des-champions-dafrique-la-js-saoura-a-pied-doeuvre-a-oran\/#webpage","url":"https:\/\/lasentinelle.dz\/index.php\/2026\/09\/02\/ligue-des-champions-dafrique-la-js-saoura-a-pied-doeuvre-a-oran\/","name":"Ligue des champions d\u2019Afrique : La JS Saoura \u00e0 pied d\u2019\u0153uvre \u00e0 Oran - La Sentinelle","description":"La JS Saoura a pris ses quartiers depuis dimanche \u00e0 Oran pour y pr\u00e9parer son entr\u00e9e en lice dans la Ligue des champions d'Afrique, une \u00e9ch\u00e9ance qui la verra recevoir vendredi les Guin\u00e9ens de Horoya Conakry pour le compte de la manche aller du premier tour pr\u00e9liminaire, dans ce qui constituera sa toute premi\u00e8re sortie","inLanguage":"fr-FR","isPartOf":{"@id":"https:\/\/lasentinelle.dz\/#website"},"breadcrumb":{"@id":"https:\/\/lasentinelle.dz\/index.php\/2026\/09\/02\/ligue-des-champions-dafrique-la-js-saoura-a-pied-doeuvre-a-oran\/#breadcrumblist"},"author":{"@id":"https:\/\/lasentinelle.dz\/author\/admin\/#author"},"creator":{"@id":"https:\/\/lasentinelle.dz\/author\/admin\/#author"},"image":{"@type":"ImageObject","url":"https:\/\/lasentinelle.dz\/wp-content\/uploads\/2026\/09\/JSS.jpeg","@id":"https:\/\/lasentinelle.dz\/index.php\/2026\/09\/02\/ligue-des-champions-dafrique-la-js-saoura-a-pied-doeuvre-a-oran\/#mainImage","width":1440,"height":1077},"primaryImageOfPage":{"@id":"https:\/\/lasentinelle.dz\/index.php\/2026\/09\/02\/ligue-des-champions-dafrique-la-js-saoura-a-pied-doeuvre-a-oran\/#mainImage"},"datePublished":"2026-09-02T11:18:07+01:00","dateModified":"2026-09-02T11:18:12+01:00"},{"@type":"WebSite","@id":"https:\/\/lasentinelle.dz\/#website","url":"https:\/\/lasentinelle.dz\/","name":"La Sentinelle","description":"Quotidien national d'information","inLanguage":"fr-FR","publisher":{"@id":"https:\/\/lasentinelle.dz\/#organization"}}]},"og:locale":"fr_FR","og:site_name":"La Sentinelle - Quotidien national d'information","og:type":"article","og:title":"Ligue des champions d\u2019Afrique : La JS Saoura \u00e0 pied d\u2019\u0153uvre \u00e0 Oran - La Sentinelle","og:description":"La JS Saoura a pris ses quartiers depuis dimanche \u00e0 Oran pour y pr\u00e9parer son entr\u00e9e en lice dans la Ligue des champions d'Afrique, une \u00e9ch\u00e9ance qui la verra recevoir vendredi les Guin\u00e9ens de Horoya Conakry pour le compte de la manche aller du premier tour pr\u00e9liminaire, dans ce qui constituera sa toute premi\u00e8re sortie","og:url":"https:\/\/lasentinelle.dz\/index.php\/2026\/09\/02\/ligue-des-champions-dafrique-la-js-saoura-a-pied-doeuvre-a-oran\/","og:image":"https:\/\/lasentinelle.dz\/wp-content\/uploads\/2021\/09\/cropped-la-sentinelle-earth-golden-anima-5.gif","og:image:secure_url":"https:\/\/lasentinelle.dz\/wp-content\/uploads\/2021\/09\/cropped-la-sentinelle-earth-golden-anima-5.gif","og:image:width":450,"og:image:height":213,"article:published_time":"2026-09-02T10:18:07+00:00","article:modified_time":"2026-09-02T10:18:12+00:00","article:publisher":"https:\/\/www.facebook.com\/azzedine.lasentinelle.1","twitter:card":"summary_large_image","twitter:title":"Ligue des champions d\u2019Afrique : La JS Saoura \u00e0 pied d\u2019\u0153uvre \u00e0 Oran - La Sentinelle","twitter:description":"La JS Saoura a pris ses quartiers depuis dimanche \u00e0 Oran pour y pr\u00e9parer son entr\u00e9e en lice dans la Ligue des champions d'Afrique, une \u00e9ch\u00e9ance qui la verra recevoir vendredi les Guin\u00e9ens de Horoya Conakry pour le compte de la manche aller du premier tour pr\u00e9liminaire, dans ce qui constituera sa toute premi\u00e8re sortie","twitter:image":"https:\/\/lasentinelle.dz\/wp-content\/uploads\/2021\/09\/cropped-la-sentinelle-earth-golden-anima-5.gif"},"aioseo_meta_data":{"post_id":"94781","title":null,"description":null,"keywords":null,"keyphrases":{"focus":{"keyphrase":"","score":0,"analysis":{"keyphraseInTitle":{"score":0,"maxScore":9,"error":1}}},"additional":[]},"primary_term":null,"canonical_url":null,"og_title":null,"og_description":null,"og_object_type":"default","og_image_type":"default","og_image_url":null,"og_image_width":null,"og_image_height":null,"og_image_custom_url":null,"og_image_custom_fields":null,"og_video":"","og_custom_url":null,"og_article_section":null,"og_article_tags":null,"twitter_use_og":false,"twitter_card":"default","twitter_image_type":"default","twitter_image_url":null,"twitter_image_custom_url":null,"twitter_image_custom_fields":null,"twitter_title":null,"twitter_description":null,"schema":{"blockGraphs":[],"customGraphs":[],"default":{"data":{"Article":[],"Course":[],"Dataset":[],"FAQPage":[],"Movie":[],"Person":[],"Product":[],"ProductReview":[],"Car":[],"Recipe":[],"Service":[],"SoftwareApplication":[],"WebPage":[]},"graphName":"BlogPosting","isEnabled":true},"graphs":[]},"schema_type":"default","schema_type_options":null,"pillar_content":false,"robots_default":true,"robots_noindex":false,"robots_noarchive":false,"robots_nosnippet":false,"robots_nofollow":false,"robots_noimageindex":false,"robots_noodp":false,"robots_notranslate":false,"robots_max_snippet":"-1","robots_max_videopreview":"-1","robots_max_imagepreview":"large","priority":null,"frequency":"default","local_seo":null,"breadcrumb_settings":null,"limit_modified_date":false,"ai":{"faqs":[],"keyPoints":[],"schemas":[],"titles":[],"descriptions":[],"socialPosts":{"email":{"subject":"","preview":"","content":""},"linkedin":[],"twitter":[],"facebook":[],"instagram":[]}},"created":"2026-09-02 10:18:12","updated":"2026-09-02 11:04:28","focus_keyword":null,"additional_keywords":null,"truseo_locale":null,"seo_analyzer_scan_date":null},"aioseo_breadcrumb":"<div class=\"aioseo-breadcrumbs\"><span class=\"aioseo-breadcrumb\">\n\t\t\t<a href=\"https:\/\/lasentinelle.dz\" title=\"Home\">Home<\/a>\n\t\t<\/span><span class=\"aioseo-breadcrumb-separator\">&raquo;<\/span><span class=\"aioseo-breadcrumb\">\n\t\t\t<a href=\"https:\/\/lasentinelle.dz\/index.php\/category\/sports\/\" title=\"Sports\">Sports<\/a>\n\t\t<\/span><span class=\"aioseo-breadcrumb-separator\">&raquo;<\/span><span class=\"aioseo-breadcrumb\">\n\t\t\tLigue des champions d\u2019Afrique : La JS Saoura \u00e0 pied d\u2019\u0153uvre \u00e0 Oran\n\t\t<\/span><\/div>","aioseo_breadcrumb_json":[{"label":"Home","link":"https:\/\/lasentinelle.dz"},{"label":"Sports","link":"https:\/\/lasentinelle.dz\/index.php\/category\/sports\/"},{"label":"Ligue des champions d&rsquo;Afrique\u00a0: La JS Saoura \u00e0 pied d&rsquo;\u0153uvre \u00e0 Oran","link":"https:\/\/lasentinelle.dz\/index.php\/2026\/09\/02\/ligue-des-champions-dafrique-la-js-saoura-a-pied-doeuvre-a-oran\/"}],"yoast_head":"<!-- This site is optimized with the Yoast SEO plugin v28.4 - https:\/\/yoast.com\/product\/yoast-seo-wordpress\/ -->\n<title>Ligue des champions d&rsquo;Afrique\u00a0: La JS Saoura \u00e0 pied d&rsquo;\u0153uvre \u00e0 Oran - La Sentinelle<\/title>\n<meta name=\"robots\" content=\"index, follow, max-snippet:-1, max-image-preview:large, max-video-preview:-1\" \/>\n<link rel=\"canonical\" href=\"https:\/\/lasentinelle.dz\/index.php\/2026\/09\/02\/ligue-des-champions-dafrique-la-js-saoura-a-pied-doeuvre-a-oran\/\" \/>\n<meta property=\"og:locale\" content=\"fr_FR\" \/>\n<meta property=\"og:type\" content=\"article\" \/>\n<meta property=\"og:title\" content=\"Ligue des champions d&rsquo;Afrique\u00a0: La JS Saoura \u00e0 pied d&rsquo;\u0153uvre \u00e0 Oran - La Sentinelle\" \/>\n<meta property=\"og:description\" content=\"La JS Saoura a pris ses quartiers depuis dimanche \u00e0 Oran pour y pr\u00e9parer son entr\u00e9e en lice dans la\" \/>\n<meta property=\"og:url\" content=\"https:\/\/lasentinelle.dz\/index.php\/2026\/09\/02\/ligue-des-champions-dafrique-la-js-saoura-a-pied-doeuvre-a-oran\/\" \/>\n<meta property=\"og:site_name\" content=\"La Sentinelle\" \/>\n<meta property=\"article:publisher\" content=\"https:\/\/www.facebook.com\/La-Sentinelle-104059864394773\" \/>\n<meta property=\"article:published_time\" content=\"2026-09-02T10:18:07+00:00\" \/>\n<meta property=\"article:modified_time\" content=\"2026-09-02T10:18:12+00:00\" \/>\n<meta property=\"og:image\" content=\"https:\/\/lasentinelle.dz\/wp-content\/uploads\/2026\/09\/JSS.jpeg\" \/>\n\t<meta property=\"og:image:width\" content=\"1440\" \/>\n\t<meta property=\"og:image:height\" content=\"1077\" \/>\n\t<meta property=\"og:image:type\" content=\"image\/jpeg\" \/>\n<meta name=\"author\" content=\"admin\" \/>\n<meta name=\"twitter:card\" content=\"summary_large_image\" \/>\n<meta name=\"twitter:label1\" content=\"\u00c9crit par\" \/>\n\t<meta name=\"twitter:data1\" content=\"admin\" \/>\n\t<meta name=\"twitter:label2\" content=\"Dur\u00e9e de lecture estim\u00e9e\" \/>\n\t<meta name=\"twitter:data2\" content=\"3 minutes\" \/>\n<script type=\"application\/ld+json\" class=\"yoast-schema-graph\">{\"@context\":\"https:\\\/\\\/schema.org\",\"@graph\":[{\"@type\":\"Article\",\"@id\":\"https:\\\/\\\/lasentinelle.dz\\\/index.php\\\/2026\\\/09\\\/02\\\/ligue-des-champions-dafrique-la-js-saoura-a-pied-doeuvre-a-oran\\\/#article\",\"isPartOf\":{\"@id\":\"https:\\\/\\\/lasentinelle.dz\\\/index.php\\\/2026\\\/09\\\/02\\\/ligue-des-champions-dafrique-la-js-saoura-a-pied-doeuvre-a-oran\\\/\"},\"author\":{\"name\":\"admin\",\"@id\":\"https:\\\/\\\/lasentinelle.dz\\\/#\\\/schema\\\/person\\\/729ee0024f24e0b8c5ec17232f8e8b41\"},\"headline\":\"Ligue des champions d&rsquo;Afrique\u00a0: La JS Saoura \u00e0 pied d&rsquo;\u0153uvre \u00e0 Oran\",\"datePublished\":\"2026-09-02T10:18:07+00:00\",\"dateModified\":\"2026-09-02T10:18:12+00:00\",\"mainEntityOfPage\":{\"@id\":\"https:\\\/\\\/lasentinelle.dz\\\/index.php\\\/2026\\\/09\\\/02\\\/ligue-des-champions-dafrique-la-js-saoura-a-pied-doeuvre-a-oran\\\/\"},\"wordCount\":584,\"commentCount\":0,\"publisher\":{\"@id\":\"https:\\\/\\\/lasentinelle.dz\\\/#organization\"},\"image\":{\"@id\":\"https:\\\/\\\/lasentinelle.dz\\\/index.php\\\/2026\\\/09\\\/02\\\/ligue-des-champions-dafrique-la-js-saoura-a-pied-doeuvre-a-oran\\\/#primaryimage\"},\"thumbnailUrl\":\"https:\\\/\\\/lasentinelle.dz\\\/wp-content\\\/uploads\\\/2026\\\/09\\\/JSS.jpeg\",\"articleSection\":[\"Sports\"],\"inLanguage\":\"fr-FR\",\"potentialAction\":[{\"@type\":\"CommentAction\",\"name\":\"Comment\",\"target\":[\"https:\\\/\\\/lasentinelle.dz\\\/index.php\\\/2026\\\/09\\\/02\\\/ligue-des-champions-dafrique-la-js-saoura-a-pied-doeuvre-a-oran\\\/#respond\"]}]},{\"@type\":\"WebPage\",\"@id\":\"https:\\\/\\\/lasentinelle.dz\\\/index.php\\\/2026\\\/09\\\/02\\\/ligue-des-champions-dafrique-la-js-saoura-a-pied-doeuvre-a-oran\\\/\",\"url\":\"https:\\\/\\\/lasentinelle.dz\\\/index.php\\\/2026\\\/09\\\/02\\\/ligue-des-champions-dafrique-la-js-saoura-a-pied-doeuvre-a-oran\\\/\",\"name\":\"Ligue des champions d&rsquo;Afrique\u00a0: La JS Saoura \u00e0 pied d&rsquo;\u0153uvre \u00e0 Oran - La Sentinelle\",\"isPartOf\":{\"@id\":\"https:\\\/\\\/lasentinelle.dz\\\/#website\"},\"primaryImageOfPage\":{\"@id\":\"https:\\\/\\\/lasentinelle.dz\\\/index.php\\\/2026\\\/09\\\/02\\\/ligue-des-champions-dafrique-la-js-saoura-a-pied-doeuvre-a-oran\\\/#primaryimage\"},\"image\":{\"@id\":\"https:\\\/\\\/lasentinelle.dz\\\/index.php\\\/2026\\\/09\\\/02\\\/ligue-des-champions-dafrique-la-js-saoura-a-pied-doeuvre-a-oran\\\/#primaryimage\"},\"thumbnailUrl\":\"https:\\\/\\\/lasentinelle.dz\\\/wp-content\\\/uploads\\\/2026\\\/09\\\/JSS.jpeg\",\"datePublished\":\"2026-09-02T10:18:07+00:00\",\"dateModified\":\"2026-09-02T10:18:12+00:00\",\"breadcrumb\":{\"@id\":\"https:\\\/\\\/lasentinelle.dz\\\/index.php\\\/2026\\\/09\\\/02\\\/ligue-des-champions-dafrique-la-js-saoura-a-pied-doeuvre-a-oran\\\/#breadcrumb\"},\"inLanguage\":\"fr-FR\",\"potentialAction\":[{\"@type\":\"ReadAction\",\"target\":[\"https:\\\/\\\/lasentinelle.dz\\\/index.php\\\/2026\\\/09\\\/02\\\/ligue-des-champions-dafrique-la-js-saoura-a-pied-doeuvre-a-oran\\\/\"]}]},{\"@type\":\"ImageObject\",\"inLanguage\":\"fr-FR\",\"@id\":\"https:\\\/\\\/lasentinelle.dz\\\/index.php\\\/2026\\\/09\\\/02\\\/ligue-des-champions-dafrique-la-js-saoura-a-pied-doeuvre-a-oran\\\/#primaryimage\",\"url\":\"https:\\\/\\\/lasentinelle.dz\\\/wp-content\\\/uploads\\\/2026\\\/09\\\/JSS.jpeg\",\"contentUrl\":\"https:\\\/\\\/lasentinelle.dz\\\/wp-content\\\/uploads\\\/2026\\\/09\\\/JSS.jpeg\",\"width\":1440,\"height\":1077},{\"@type\":\"BreadcrumbList\",\"@id\":\"https:\\\/\\\/lasentinelle.dz\\\/index.php\\\/2026\\\/09\\\/02\\\/ligue-des-champions-dafrique-la-js-saoura-a-pied-doeuvre-a-oran\\\/#breadcrumb\",\"itemListElement\":[{\"@type\":\"ListItem\",\"position\":1,\"name\":\"Accueil\",\"item\":\"https:\\\/\\\/lasentinelle.dz\\\/\"},{\"@type\":\"ListItem\",\"position\":2,\"name\":\"Ligue des champions d&rsquo;Afrique\u00a0: La JS Saoura \u00e0 pied d&rsquo;\u0153uvre \u00e0 Oran\"}]},{\"@type\":\"WebSite\",\"@id\":\"https:\\\/\\\/lasentinelle.dz\\\/#website\",\"url\":\"https:\\\/\\\/lasentinelle.dz\\\/\",\"name\":\"La Sentinelle\",\"description\":\"Quotidien national d&#039;information\",\"publisher\":{\"@id\":\"https:\\\/\\\/lasentinelle.dz\\\/#organization\"},\"potentialAction\":[{\"@type\":\"SearchAction\",\"target\":{\"@type\":\"EntryPoint\",\"urlTemplate\":\"https:\\\/\\\/lasentinelle.dz\\\/?s={search_term_string}\"},\"query-input\":{\"@type\":\"PropertyValueSpecification\",\"valueRequired\":true,\"valueName\":\"search_term_string\"}}],\"inLanguage\":\"fr-FR\"},{\"@type\":\"Organization\",\"@id\":\"https:\\\/\\\/lasentinelle.dz\\\/#organization\",\"name\":\"Quotidien La Sentinelle\",\"url\":\"https:\\\/\\\/lasentinelle.dz\\\/\",\"logo\":{\"@type\":\"ImageObject\",\"inLanguage\":\"fr-FR\",\"@id\":\"https:\\\/\\\/lasentinelle.dz\\\/#\\\/schema\\\/logo\\\/image\\\/\",\"url\":\"https:\\\/\\\/lasentinelle.dz\\\/wp-content\\\/uploads\\\/2021\\\/09\\\/logo-sentinelleSLOGAN-1.png\",\"contentUrl\":\"https:\\\/\\\/lasentinelle.dz\\\/wp-content\\\/uploads\\\/2021\\\/09\\\/logo-sentinelleSLOGAN-1.png\",\"width\":615,\"height\":142,\"caption\":\"Quotidien La Sentinelle\"},\"image\":{\"@id\":\"https:\\\/\\\/lasentinelle.dz\\\/#\\\/schema\\\/logo\\\/image\\\/\"},\"sameAs\":[\"https:\\\/\\\/www.facebook.com\\\/La-Sentinelle-104059864394773\"]},{\"@type\":\"Person\",\"@id\":\"https:\\\/\\\/lasentinelle.dz\\\/#\\\/schema\\\/person\\\/729ee0024f24e0b8c5ec17232f8e8b41\",\"name\":\"admin\",\"image\":{\"@type\":\"ImageObject\",\"inLanguage\":\"fr-FR\",\"@id\":\"https:\\\/\\\/secure.gravatar.com\\\/avatar\\\/4c81fed838786e9b53f540bf46533e750f5d292099ae3b66cfc6fb1982e29df7?s=96&d=mm&r=g\",\"url\":\"https:\\\/\\\/secure.gravatar.com\\\/avatar\\\/4c81fed838786e9b53f540bf46533e750f5d292099ae3b66cfc6fb1982e29df7?s=96&d=mm&r=g\",\"contentUrl\":\"https:\\\/\\\/secure.gravatar.com\\\/avatar\\\/4c81fed838786e9b53f540bf46533e750f5d292099ae3b66cfc6fb1982e29df7?s=96&d=mm&r=g\",\"caption\":\"admin\"},\"description\":\"admin\",\"url\":\"https:\\\/\\\/lasentinelle.dz\\\/author\\\/admin\\\/\"}]}<\/script>\n<!-- \/ Yoast SEO plugin. -->","yoast_head_json":{"title":"Ligue des champions d&rsquo;Afrique\u00a0: La JS Saoura \u00e0 pied d&rsquo;\u0153uvre \u00e0 Oran - La Sentinelle","robots":{"index":"index","follow":"follow","max-snippet":"max-snippet:-1","max-image-preview":"max-image-preview:large","max-video-preview":"max-video-preview:-1"},"canonical":"https:\/\/lasentinelle.dz\/index.php\/2026\/09\/02\/ligue-des-champions-dafrique-la-js-saoura-a-pied-doeuvre-a-oran\/","og_locale":"fr_FR","og_type":"article","og_title":"Ligue des champions d&rsquo;Afrique\u00a0: La JS Saoura \u00e0 pied d&rsquo;\u0153uvre \u00e0 Oran - La Sentinelle","og_description":"La JS Saoura a pris ses quartiers depuis dimanche \u00e0 Oran pour y pr\u00e9parer son entr\u00e9e en lice dans la","og_url":"https:\/\/lasentinelle.dz\/index.php\/2026\/09\/02\/ligue-des-champions-dafrique-la-js-saoura-a-pied-doeuvre-a-oran\/","og_site_name":"La Sentinelle","article_publisher":"https:\/\/www.facebook.com\/La-Sentinelle-104059864394773","article_published_time":"2026-09-02T10:18:07+00:00","article_modified_time":"2026-09-02T10:18:12+00:00","og_image":[{"width":1440,"height":1077,"url":"https:\/\/lasentinelle.dz\/wp-content\/uploads\/2026\/09\/JSS.jpeg","type":"image\/jpeg"}],"author":"admin","twitter_card":"summary_large_image","twitter_misc":{"\u00c9crit par":"admin","Dur\u00e9e de lecture estim\u00e9e":"3 minutes"},"schema":{"@context":"https:\/\/schema.org","@graph":[{"@type":"Article","@id":"https:\/\/lasentinelle.dz\/index.php\/2026\/09\/02\/ligue-des-champions-dafrique-la-js-saoura-a-pied-doeuvre-a-oran\/#article","isPartOf":{"@id":"https:\/\/lasentinelle.dz\/index.php\/2026\/09\/02\/ligue-des-champions-dafrique-la-js-saoura-a-pied-doeuvre-a-oran\/"},"author":{"name":"admin","@id":"https:\/\/lasentinelle.dz\/#\/schema\/person\/729ee0024f24e0b8c5ec17232f8e8b41"},"headline":"Ligue des champions d&rsquo;Afrique\u00a0: La JS Saoura \u00e0 pied d&rsquo;\u0153uvre \u00e0 Oran","datePublished":"2026-09-02T10:18:07+00:00","dateModified":"2026-09-02T10:18:12+00:00","mainEntityOfPage":{"@id":"https:\/\/lasentinelle.dz\/index.php\/2026\/09\/02\/ligue-des-champions-dafrique-la-js-saoura-a-pied-doeuvre-a-oran\/"},"wordCount":584,"commentCount":0,"publisher":{"@id":"https:\/\/lasentinelle.dz\/#organization"},"image":{"@id":"https:\/\/lasentinelle.dz\/index.php\/2026\/09\/02\/ligue-des-champions-dafrique-la-js-saoura-a-pied-doeuvre-a-oran\/#primaryimage"},"thumbnailUrl":"https:\/\/lasentinelle.dz\/wp-content\/uploads\/2026\/09\/JSS.jpeg","articleSection":["Sports"],"inLanguage":"fr-FR","potentialAction":[{"@type":"CommentAction","name":"Comment","target":["https:\/\/lasentinelle.dz\/index.php\/2026\/09\/02\/ligue-des-champions-dafrique-la-js-saoura-a-pied-doeuvre-a-oran\/#respond"]}]},{"@type":"WebPage","@id":"https:\/\/lasentinelle.dz\/index.php\/2026\/09\/02\/ligue-des-champions-dafrique-la-js-saoura-a-pied-doeuvre-a-oran\/","url":"https:\/\/lasentinelle.dz\/index.php\/2026\/09\/02\/ligue-des-champions-dafrique-la-js-saoura-a-pied-doeuvre-a-oran\/","name":"Ligue des champions d&rsquo;Afrique\u00a0: La JS Saoura \u00e0 pied d&rsquo;\u0153uvre \u00e0 Oran - La Sentinelle","isPartOf":{"@id":"https:\/\/lasentinelle.dz\/#website"},"primaryImageOfPage":{"@id":"https:\/\/lasentinelle.dz\/index.php\/2026\/09\/02\/ligue-des-champions-dafrique-la-js-saoura-a-pied-doeuvre-a-oran\/#primaryimage"},"image":{"@id":"https:\/\/lasentinelle.dz\/index.php\/2026\/09\/02\/ligue-des-champions-dafrique-la-js-saoura-a-pied-doeuvre-a-oran\/#primaryimage"},"thumbnailUrl":"https:\/\/lasentinelle.dz\/wp-content\/uploads\/2026\/09\/JSS.jpeg","datePublished":"2026-09-02T10:18:07+00:00","dateModified":"2026-09-02T10:18:12+00:00","breadcrumb":{"@id":"https:\/\/lasentinelle.dz\/index.php\/2026\/09\/02\/ligue-des-champions-dafrique-la-js-saoura-a-pied-doeuvre-a-oran\/#breadcrumb"},"inLanguage":"fr-FR","potentialAction":[{"@type":"ReadAction","target":["https:\/\/lasentinelle.dz\/index.php\/2026\/09\/02\/ligue-des-champions-dafrique-la-js-saoura-a-pied-doeuvre-a-oran\/"]}]},{"@type":"ImageObject","inLanguage":"fr-FR","@id":"https:\/\/lasentinelle.dz\/index.php\/2026\/09\/02\/ligue-des-champions-dafrique-la-js-saoura-a-pied-doeuvre-a-oran\/#primaryimage","url":"https:\/\/lasentinelle.dz\/wp-content\/uploads\/2026\/09\/JSS.jpeg","contentUrl":"https:\/\/lasentinelle.dz\/wp-content\/uploads\/2026\/09\/JSS.jpeg","width":1440,"height":1077},{"@type":"BreadcrumbList","@id":"https:\/\/lasentinelle.dz\/index.php\/2026\/09\/02\/ligue-des-champions-dafrique-la-js-saoura-a-pied-doeuvre-a-oran\/#breadcrumb","itemListElement":[{"@type":"ListItem","position":1,"name":"Accueil","item":"https:\/\/lasentinelle.dz\/"},{"@type":"ListItem","position":2,"name":"Ligue des champions d&rsquo;Afrique\u00a0: La JS Saoura \u00e0 pied d&rsquo;\u0153uvre \u00e0 Oran"}]},{"@type":"WebSite","@id":"https:\/\/lasentinelle.dz\/#website","url":"https:\/\/lasentinelle.dz\/","name":"La Sentinelle","description":"Quotidien national d&#039;information","publisher":{"@id":"https:\/\/lasentinelle.dz\/#organization"},"potentialAction":[{"@type":"SearchAction","target":{"@type":"EntryPoint","urlTemplate":"https:\/\/lasentinelle.dz\/?s={search_term_string}"},"query-input":{"@type":"PropertyValueSpecification","valueRequired":true,"valueName":"search_term_string"}}],"inLanguage":"fr-FR"},{"@type":"Organization","@id":"https:\/\/lasentinelle.dz\/#organization","name":"Quotidien La Sentinelle","url":"https:\/\/lasentinelle.dz\/","logo":{"@type":"ImageObject","inLanguage":"fr-FR","@id":"https:\/\/lasentinelle.dz\/#\/schema\/logo\/image\/","url":"https:\/\/lasentinelle.dz\/wp-content\/uploads\/2021\/09\/logo-sentinelleSLOGAN-1.png","contentUrl":"https:\/\/lasentinelle.dz\/wp-content\/uploads\/2021\/09\/logo-sentinelleSLOGAN-1.png","width":615,"height":142,"caption":"Quotidien La Sentinelle"},"image":{"@id":"https:\/\/lasentinelle.dz\/#\/schema\/logo\/image\/"},"sameAs":["https:\/\/www.facebook.com\/La-Sentinelle-104059864394773"]},{"@type":"Person","@id":"https:\/\/lasentinelle.dz\/#\/schema\/person\/729ee0024f24e0b8c5ec17232f8e8b41","name":"admin","image":{"@type":"ImageObject","inLanguage":"fr-FR","@id":"https:\/\/secure.gravatar.com\/avatar\/4c81fed838786e9b53f540bf46533e750f5d292099ae3b66cfc6fb1982e29df7?s=96&d=mm&r=g","url":"https:\/\/secure.gravatar.com\/avatar\/4c81fed838786e9b53f540bf46533e750f5d292099ae3b66cfc6fb1982e29df7?s=96&d=mm&r=g","contentUrl":"https:\/\/secure.gravatar.com\/avatar\/4c81fed838786e9b53f540bf46533e750f5d292099ae3b66cfc6fb1982e29df7?s=96&d=mm&r=g","caption":"admin"},"description":"admin","url":"https:\/\/lasentinelle.dz\/author\/admin\/"}]}},"_links":{"self":[{"href":"https:\/\/lasentinelle.dz\/index.php\/wp-json\/wp\/v2\/posts\/94781","targetHints":{"allow":["GET"]}}],"collection":[{"href":"https:\/\/lasentinelle.dz\/index.php\/wp-json\/wp\/v2\/posts"}],"about":[{"href":"https:\/\/lasentinelle.dz\/index.php\/wp-json\/wp\/v2\/types\/post"}],"author":[{"embeddable":true,"href":"https:\/\/lasentinelle.dz\/index.php\/wp-json\/wp\/v2\/users\/6"}],"replies":[{"embeddable":true,"href":"https:\/\/lasentinelle.dz\/index.php\/wp-json\/wp\/v2\/comments?post=94781"}],"version-history":[{"count":2,"href":"https:\/\/lasentinelle.dz\/index.php\/wp-json\/wp\/v2\/posts\/94781\/revisions"}],"predecessor-version":[{"id":94784,"href":"https:\/\/lasentinelle.dz\/index.php\/wp-json\/wp\/v2\/posts\/94781\/revisions\/94784"}],"wp:featuredmedia":[{"embeddable":true,"href":"https:\/\/lasentinelle.dz\/index.php\/wp-json\/wp\/v2\/media\/94782"}],"wp:attachment":[{"href":"https:\/\/lasentinelle.dz\/index.php\/wp-json\/wp\/v2\/media?parent=94781"}],"wp:term":[{"taxonomy":"category","embeddable":true,"href":"https:\/\/lasentinelle.dz\/index.php\/wp-json\/wp\/v2\/categories?post=94781"},{"taxonomy":"post_tag","embeddable":true,"href":"https:\/\/lasentinelle.dz\/index.php\/wp-json\/wp\/v2\/tags?post=94781"}],"curies":[{"name":"wp","href":"https:\/\/api.w.org\/{rel}","templated":true}]}}