{"id":94785,"date":"2026-09-02T11:19:25","date_gmt":"2026-09-02T10:19:25","guid":{"rendered":"https:\/\/lasentinelle.dz\/?p=94785"},"modified":"2026-09-02T11:19:28","modified_gmt":"2026-09-02T10:19:28","slug":"transferts-amoura-relance-sa-carriere-a-nice","status":"publish","type":"post","link":"https:\/\/lasentinelle.dz\/index.php\/2026\/09\/02\/transferts-amoura-relance-sa-carriere-a-nice\/","title":{"rendered":"Transferts\u00a0: Amoura relance sa carri\u00e8re \u00e0 Nice"},"content":{"rendered":"\n<p class=\"wp-block-paragraph\">L&rsquo;international alg\u00e9rien Mohamed Amine Amoura s&rsquo;est officiellement engag\u00e9, lundi, en faveur de l&rsquo;OGC Nice, sous la forme d&rsquo;un pr\u00eat assorti d&rsquo;une option d&rsquo;achat \u00e9valu\u00e9e \u00e0 20 millions d&rsquo;euros, en provenance du VfL Wolfsburg.<\/p>\n\n\n\n<p class=\"wp-block-paragraph\">Convoit\u00e9 apr\u00e8s la rel\u00e9gation de Wolfsburg en deuxi\u00e8me division allemande \u00e0 l&rsquo;issue de l&rsquo;exercice 2025-2026, l&rsquo;attaquant de 26 ans, auteur de 18 buts et 13 passes d\u00e9cisives en 64 matches sous le maillot des Loups, retrouve ainsi la Ligue 1 qu&rsquo;il avait quitt\u00e9e il y a deux ans. Portant d\u00e9sormais le num\u00e9ro 9 du Gym, l&rsquo;ancien S\u00e9tifien a justifi\u00e9 son choix par sa connaissance du championnat fran\u00e7ais et du club ni\u00e7ois, o\u00f9 plusieurs de ses proches ont \u00e9volu\u00e9 par le pass\u00e9, tout en saluant l&rsquo;ambition affich\u00e9e par les dirigeants et le staff technique. Le pr\u00e9sident du club azur\u00e9en, Maurice Cohen, a de son c\u00f4t\u00e9 salu\u00e9 une signature de poids, \u00e9voquant un secteur offensif remodel\u00e9 gr\u00e2ce \u00e0 l&rsquo;arriv\u00e9e d&rsquo;Amoura et de plusieurs autres recrues.<\/p>\n\n\n\n<p class=\"wp-block-paragraph\">Quelques heures \u00e0 peine apr\u00e8s cette officialisation, l&rsquo;OGC Nice s&rsquo;activait d\u00e9j\u00e0 sur un second dossier alg\u00e9rien, celui d&rsquo;Abdelhak Ben Idder. Form\u00e9 au Paradou AC et international U23, le jeune d\u00e9fenseur de 19 ans, seulement auteur d&rsquo;une saison pleine en Ligue 1 alg\u00e9rienne, est annonc\u00e9 tout proche d&rsquo;un transfert estim\u00e9 \u00e0 un million d&rsquo;euros, assorti d&rsquo;un pourcentage \u00e0 la revente pour le club alg\u00e9rois. La finalisation de l&rsquo;op\u00e9ration d\u00e9pendrait toutefois de la capacit\u00e9 du joueur \u00e0 obtenir son visa avant la fermeture du march\u00e9 fran\u00e7ais, pr\u00e9vue ce mardi en fin de soir\u00e9e.<\/p>\n\n\n\n<p class=\"wp-block-paragraph\"><strong>Belghali file en Serie A<\/strong><\/p>\n\n\n\n<p class=\"wp-block-paragraph\">Longtemps courtis\u00e9 sans qu&rsquo;aucun club ne se d\u00e9cide \u00e0 passer \u00e0 l&rsquo;action, le lat\u00e9ral droit Rafik Belghali a finalement trouv\u00e9 une porte de sortie du c\u00f4t\u00e9 de l&rsquo;Italie. L&rsquo;international alg\u00e9rien de 24 ans s&rsquo;est engag\u00e9 avec le Torino, fra\u00eechement promu en Serie A apr\u00e8s la rel\u00e9gation de son ancien club, V\u00e9rone. Les modalit\u00e9s exactes du transfert restent encore floues, entre pr\u00eat payant et transfert d\u00e9finitif \u00e9valu\u00e9 autour de 7 millions d&rsquo;euros, alors que d&rsquo;autres formations, dont Hull City en Premier League, s&rsquo;\u00e9taient \u00e9galement positionn\u00e9es sur le joueur. Autre dossier suivi de pr\u00e8s en cette fin de mercato, celui de Far\u00e8s Cha\u00efbi. Selon des informations relay\u00e9es par la presse allemande, le milieu offensif de l&rsquo;Eintracht Francfort se rapprocherait d&rsquo;un accord avec Crystal Palace, int\u00e9ress\u00e9 par son profil polyvalent depuis plusieurs semaines. Arriv\u00e9 en Bundesliga en provenance de Toulouse, l&rsquo;international alg\u00e9rien de 23 ans, capable d&rsquo;\u00e9voluer meneur de jeu, ailier ou milieu offensif, n&rsquo;a pas toujours confirm\u00e9 les attentes plac\u00e9es en lui en Allemagne, mais conserve une cote certaine outre-Manche.<\/p>\n\n\n\n<p class=\"wp-block-paragraph\">Moncef D.<\/p>\n","protected":false},"excerpt":{"rendered":"<p>L&rsquo;international alg\u00e9rien Mohamed Amine Amoura s&rsquo;est officiellement engag\u00e9, lundi, en faveur de l&rsquo;OGC Nice, sous la forme d&rsquo;un pr\u00eat assorti<\/p>\n","protected":false},"author":6,"featured_media":94786,"comment_status":"open","ping_status":"closed","sticky":false,"template":"","format":"standard","meta":{"colormag_page_container_layout":"default_layout","colormag_page_sidebar_layout":"default_layout","om_disable_all_campaigns":false,"_monsterinsights_skip_tracking":false,"footnotes":"","_wpscppro_dont_share_socialmedia":false,"_wpscppro_custom_social_share_image":0,"_facebook_share_type":"default","_twitter_share_type":"default","_linkedin_share_type":"default","_pinterest_share_type":"default","_linkedin_share_type_page":"","_instagram_share_type":"default","_medium_share_type":"default","_threads_share_type":"default","_google_business_share_type":"default","_bluesky_share_type":"default","_mastodon_share_type":"default","_selected_social_profile":[],"_wpsp_enable_custom_social_template":false,"_wpsp_social_scheduling":{"enabled":false,"datetime":null,"platforms":[],"status":"template_only","dateOption":"today","timeOption":"now","customDays":"","customHours":"","customDate":"","customTime":"","schedulingType":"absolute"},"_wpsp_active_default_template":true},"categories":[33],"tags":[],"class_list":["post-94785","post","type-post","status-publish","format-standard","has-post-thumbnail","hentry","category-sports"],"aioseo_notices":[],"aioseo_head":"\n\t\t<!-- All in One SEO 5.0.0.1 - aioseo.com -->\n\t<meta name=\"description\" content=\"L&#039;international alg\u00e9rien Mohamed Amine Amoura s&#039;est officiellement engag\u00e9, lundi, en faveur de l&#039;OGC Nice, sous la forme d&#039;un pr\u00eat assorti d&#039;une option d&#039;achat \u00e9valu\u00e9e \u00e0 20 millions d&#039;euros, en provenance du VfL Wolfsburg. Convoit\u00e9 apr\u00e8s la rel\u00e9gation de Wolfsburg en deuxi\u00e8me division allemande \u00e0 l&#039;issue de l&#039;exercice 2025-2026, l&#039;attaquant de 26 ans, auteur de 18\" \/>\n\t<meta name=\"robots\" content=\"max-image-preview:large\" \/>\n\t<meta name=\"author\" content=\"admin\"\/>\n\t<link rel=\"canonical\" href=\"https:\/\/lasentinelle.dz\/index.php\/2026\/09\/02\/transferts-amoura-relance-sa-carriere-a-nice\/\" \/>\n\t<meta name=\"generator\" content=\"All in One SEO (AIOSEO) 5.0.0.1\" \/>\n\t\t<meta property=\"og:locale\" content=\"fr_FR\" \/>\n\t\t<meta property=\"og:site_name\" content=\"La Sentinelle - Quotidien national d&#039;information\" \/>\n\t\t<meta property=\"og:type\" content=\"article\" \/>\n\t\t<meta property=\"og:title\" content=\"Transferts : Amoura relance sa carri\u00e8re \u00e0 Nice - La Sentinelle\" \/>\n\t\t<meta property=\"og:description\" content=\"L&#039;international alg\u00e9rien Mohamed Amine Amoura s&#039;est officiellement engag\u00e9, lundi, en faveur de l&#039;OGC Nice, sous la forme d&#039;un pr\u00eat assorti d&#039;une option d&#039;achat \u00e9valu\u00e9e \u00e0 20 millions d&#039;euros, en provenance du VfL Wolfsburg. Convoit\u00e9 apr\u00e8s la rel\u00e9gation de Wolfsburg en deuxi\u00e8me division allemande \u00e0 l&#039;issue de l&#039;exercice 2025-2026, l&#039;attaquant de 26 ans, auteur de 18\" \/>\n\t\t<meta property=\"og:url\" content=\"https:\/\/lasentinelle.dz\/index.php\/2026\/09\/02\/transferts-amoura-relance-sa-carriere-a-nice\/\" \/>\n\t\t<meta property=\"og:image\" content=\"https:\/\/lasentinelle.dz\/wp-content\/uploads\/2021\/09\/cropped-la-sentinelle-earth-golden-anima-5.gif\" \/>\n\t\t<meta property=\"og:image:secure_url\" content=\"https:\/\/lasentinelle.dz\/wp-content\/uploads\/2021\/09\/cropped-la-sentinelle-earth-golden-anima-5.gif\" \/>\n\t\t<meta property=\"og:image:width\" content=\"450\" \/>\n\t\t<meta property=\"og:image:height\" content=\"213\" \/>\n\t\t<meta property=\"article:published_time\" content=\"2026-09-02T10:19:25+00:00\" \/>\n\t\t<meta property=\"article:modified_time\" content=\"2026-09-02T10:19:28+00:00\" \/>\n\t\t<meta property=\"article:publisher\" content=\"https:\/\/www.facebook.com\/azzedine.lasentinelle.1\" \/>\n\t\t<meta name=\"twitter:card\" content=\"summary_large_image\" \/>\n\t\t<meta name=\"twitter:title\" content=\"Transferts : Amoura relance sa carri\u00e8re \u00e0 Nice - La Sentinelle\" \/>\n\t\t<meta name=\"twitter:description\" content=\"L&#039;international alg\u00e9rien Mohamed Amine Amoura s&#039;est officiellement engag\u00e9, lundi, en faveur de l&#039;OGC Nice, sous la forme d&#039;un pr\u00eat assorti d&#039;une option d&#039;achat \u00e9valu\u00e9e \u00e0 20 millions d&#039;euros, en provenance du VfL Wolfsburg. Convoit\u00e9 apr\u00e8s la rel\u00e9gation de Wolfsburg en deuxi\u00e8me division allemande \u00e0 l&#039;issue de l&#039;exercice 2025-2026, l&#039;attaquant de 26 ans, auteur de 18\" \/>\n\t\t<meta name=\"twitter:image\" content=\"https:\/\/lasentinelle.dz\/wp-content\/uploads\/2021\/09\/cropped-la-sentinelle-earth-golden-anima-5.gif\" \/>\n\t\t<script type=\"application\/ld+json\" class=\"aioseo-schema\">\n\t\t\t{\"@context\":\"https:\\\/\\\/schema.org\",\"@graph\":[{\"@type\":\"BlogPosting\",\"@id\":\"https:\\\/\\\/lasentinelle.dz\\\/index.php\\\/2026\\\/09\\\/02\\\/transferts-amoura-relance-sa-carriere-a-nice\\\/#blogposting\",\"name\":\"Transferts : Amoura relance sa carri\\u00e8re \\u00e0 Nice - La Sentinelle\",\"headline\":\"Transferts\\u00a0: Amoura relance sa carri\\u00e8re \\u00e0 Nice\",\"author\":{\"@id\":\"https:\\\/\\\/lasentinelle.dz\\\/author\\\/admin\\\/#author\"},\"publisher\":{\"@id\":\"https:\\\/\\\/lasentinelle.dz\\\/#organization\"},\"image\":{\"@type\":\"ImageObject\",\"url\":\"https:\\\/\\\/lasentinelle.dz\\\/wp-content\\\/uploads\\\/2026\\\/09\\\/amoura.jpg\",\"width\":1200,\"height\":801},\"datePublished\":\"2026-09-02T11:19:25+01:00\",\"dateModified\":\"2026-09-02T11:19:28+01:00\",\"inLanguage\":\"fr-FR\",\"mainEntityOfPage\":{\"@id\":\"https:\\\/\\\/lasentinelle.dz\\\/index.php\\\/2026\\\/09\\\/02\\\/transferts-amoura-relance-sa-carriere-a-nice\\\/#webpage\"},\"isPartOf\":{\"@id\":\"https:\\\/\\\/lasentinelle.dz\\\/index.php\\\/2026\\\/09\\\/02\\\/transferts-amoura-relance-sa-carriere-a-nice\\\/#webpage\"},\"articleSection\":\"Sports\"},{\"@type\":\"BreadcrumbList\",\"@id\":\"https:\\\/\\\/lasentinelle.dz\\\/index.php\\\/2026\\\/09\\\/02\\\/transferts-amoura-relance-sa-carriere-a-nice\\\/#breadcrumblist\",\"itemListElement\":[{\"@type\":\"ListItem\",\"@id\":\"https:\\\/\\\/lasentinelle.dz#listItem\",\"position\":1,\"name\":\"Home\",\"item\":\"https:\\\/\\\/lasentinelle.dz\",\"nextItem\":{\"@type\":\"ListItem\",\"@id\":\"https:\\\/\\\/lasentinelle.dz\\\/index.php\\\/category\\\/sports\\\/#listItem\",\"name\":\"Sports\"}},{\"@type\":\"ListItem\",\"@id\":\"https:\\\/\\\/lasentinelle.dz\\\/index.php\\\/category\\\/sports\\\/#listItem\",\"position\":2,\"name\":\"Sports\",\"item\":\"https:\\\/\\\/lasentinelle.dz\\\/index.php\\\/category\\\/sports\\\/\",\"nextItem\":{\"@type\":\"ListItem\",\"@id\":\"https:\\\/\\\/lasentinelle.dz\\\/index.php\\\/2026\\\/09\\\/02\\\/transferts-amoura-relance-sa-carriere-a-nice\\\/#listItem\",\"name\":\"Transferts\\u00a0: Amoura relance sa carri\\u00e8re \\u00e0 Nice\"},\"previousItem\":{\"@type\":\"ListItem\",\"@id\":\"https:\\\/\\\/lasentinelle.dz#listItem\",\"name\":\"Home\"}},{\"@type\":\"ListItem\",\"@id\":\"https:\\\/\\\/lasentinelle.dz\\\/index.php\\\/2026\\\/09\\\/02\\\/transferts-amoura-relance-sa-carriere-a-nice\\\/#listItem\",\"position\":3,\"name\":\"Transferts\\u00a0: Amoura relance sa carri\\u00e8re \\u00e0 Nice\",\"previousItem\":{\"@type\":\"ListItem\",\"@id\":\"https:\\\/\\\/lasentinelle.dz\\\/index.php\\\/category\\\/sports\\\/#listItem\",\"name\":\"Sports\"}}]},{\"@type\":\"Organization\",\"@id\":\"https:\\\/\\\/lasentinelle.dz\\\/#organization\",\"name\":\"La Sentinelle La Sentinelle\",\"description\":\"Quotidien national d'information\",\"url\":\"https:\\\/\\\/lasentinelle.dz\\\/\",\"logo\":{\"@type\":\"ImageObject\",\"url\":\"https:\\\/\\\/lasentinelle.dz\\\/wp-content\\\/uploads\\\/2021\\\/09\\\/cropped-la-sentinelle-earth-golden-anima-5.gif\",\"@id\":\"https:\\\/\\\/lasentinelle.dz\\\/index.php\\\/2026\\\/09\\\/02\\\/transferts-amoura-relance-sa-carriere-a-nice\\\/#organizationLogo\",\"width\":450,\"height\":213},\"image\":{\"@id\":\"https:\\\/\\\/lasentinelle.dz\\\/index.php\\\/2026\\\/09\\\/02\\\/transferts-amoura-relance-sa-carriere-a-nice\\\/#organizationLogo\"},\"sameAs\":[\"https:\\\/\\\/www.facebook.com\\\/azzedine.lasentinelle.1\"]},{\"@type\":\"Person\",\"@id\":\"https:\\\/\\\/lasentinelle.dz\\\/author\\\/admin\\\/#author\",\"url\":\"https:\\\/\\\/lasentinelle.dz\\\/author\\\/admin\\\/\",\"name\":\"admin\",\"image\":{\"@type\":\"ImageObject\",\"@id\":\"https:\\\/\\\/lasentinelle.dz\\\/index.php\\\/2026\\\/09\\\/02\\\/transferts-amoura-relance-sa-carriere-a-nice\\\/#authorImage\",\"url\":\"https:\\\/\\\/secure.gravatar.com\\\/avatar\\\/4c81fed838786e9b53f540bf46533e750f5d292099ae3b66cfc6fb1982e29df7?s=96&d=mm&r=g\",\"width\":96,\"height\":96,\"caption\":\"admin\"}},{\"@type\":\"WebPage\",\"@id\":\"https:\\\/\\\/lasentinelle.dz\\\/index.php\\\/2026\\\/09\\\/02\\\/transferts-amoura-relance-sa-carriere-a-nice\\\/#webpage\",\"url\":\"https:\\\/\\\/lasentinelle.dz\\\/index.php\\\/2026\\\/09\\\/02\\\/transferts-amoura-relance-sa-carriere-a-nice\\\/\",\"name\":\"Transferts : Amoura relance sa carri\\u00e8re \\u00e0 Nice - La Sentinelle\",\"description\":\"L'international alg\\u00e9rien Mohamed Amine Amoura s'est officiellement engag\\u00e9, lundi, en faveur de l'OGC Nice, sous la forme d'un pr\\u00eat assorti d'une option d'achat \\u00e9valu\\u00e9e \\u00e0 20 millions d'euros, en provenance du VfL Wolfsburg. Convoit\\u00e9 apr\\u00e8s la rel\\u00e9gation de Wolfsburg en deuxi\\u00e8me division allemande \\u00e0 l'issue de l'exercice 2025-2026, l'attaquant de 26 ans, auteur de 18\",\"inLanguage\":\"fr-FR\",\"isPartOf\":{\"@id\":\"https:\\\/\\\/lasentinelle.dz\\\/#website\"},\"breadcrumb\":{\"@id\":\"https:\\\/\\\/lasentinelle.dz\\\/index.php\\\/2026\\\/09\\\/02\\\/transferts-amoura-relance-sa-carriere-a-nice\\\/#breadcrumblist\"},\"author\":{\"@id\":\"https:\\\/\\\/lasentinelle.dz\\\/author\\\/admin\\\/#author\"},\"creator\":{\"@id\":\"https:\\\/\\\/lasentinelle.dz\\\/author\\\/admin\\\/#author\"},\"image\":{\"@type\":\"ImageObject\",\"url\":\"https:\\\/\\\/lasentinelle.dz\\\/wp-content\\\/uploads\\\/2026\\\/09\\\/amoura.jpg\",\"@id\":\"https:\\\/\\\/lasentinelle.dz\\\/index.php\\\/2026\\\/09\\\/02\\\/transferts-amoura-relance-sa-carriere-a-nice\\\/#mainImage\",\"width\":1200,\"height\":801},\"primaryImageOfPage\":{\"@id\":\"https:\\\/\\\/lasentinelle.dz\\\/index.php\\\/2026\\\/09\\\/02\\\/transferts-amoura-relance-sa-carriere-a-nice\\\/#mainImage\"},\"datePublished\":\"2026-09-02T11:19:25+01:00\",\"dateModified\":\"2026-09-02T11:19:28+01:00\"},{\"@type\":\"WebSite\",\"@id\":\"https:\\\/\\\/lasentinelle.dz\\\/#website\",\"url\":\"https:\\\/\\\/lasentinelle.dz\\\/\",\"name\":\"La Sentinelle\",\"description\":\"Quotidien national d'information\",\"inLanguage\":\"fr-FR\",\"publisher\":{\"@id\":\"https:\\\/\\\/lasentinelle.dz\\\/#organization\"}}]}\n\t\t<\/script>\n\t\t<!-- All in One SEO -->\n\n","aioseo_head_json":{"title":"Transferts : Amoura relance sa carri\u00e8re \u00e0 Nice - La Sentinelle","description":"L'international alg\u00e9rien Mohamed Amine Amoura s'est officiellement engag\u00e9, lundi, en faveur de l'OGC Nice, sous la forme d'un pr\u00eat assorti d'une option d'achat \u00e9valu\u00e9e \u00e0 20 millions d'euros, en provenance du VfL Wolfsburg. Convoit\u00e9 apr\u00e8s la rel\u00e9gation de Wolfsburg en deuxi\u00e8me division allemande \u00e0 l'issue de l'exercice 2025-2026, l'attaquant de 26 ans, auteur de 18","canonical_url":"https:\/\/lasentinelle.dz\/index.php\/2026\/09\/02\/transferts-amoura-relance-sa-carriere-a-nice\/","robots":"max-image-preview:large","keywords":"","webmasterTools":{"miscellaneous":""},"schema":{"@context":"https:\/\/schema.org","@graph":[{"@type":"BlogPosting","@id":"https:\/\/lasentinelle.dz\/index.php\/2026\/09\/02\/transferts-amoura-relance-sa-carriere-a-nice\/#blogposting","name":"Transferts : Amoura relance sa carri\u00e8re \u00e0 Nice - La Sentinelle","headline":"Transferts\u00a0: Amoura relance sa carri\u00e8re \u00e0 Nice","author":{"@id":"https:\/\/lasentinelle.dz\/author\/admin\/#author"},"publisher":{"@id":"https:\/\/lasentinelle.dz\/#organization"},"image":{"@type":"ImageObject","url":"https:\/\/lasentinelle.dz\/wp-content\/uploads\/2026\/09\/amoura.jpg","width":1200,"height":801},"datePublished":"2026-09-02T11:19:25+01:00","dateModified":"2026-09-02T11:19:28+01:00","inLanguage":"fr-FR","mainEntityOfPage":{"@id":"https:\/\/lasentinelle.dz\/index.php\/2026\/09\/02\/transferts-amoura-relance-sa-carriere-a-nice\/#webpage"},"isPartOf":{"@id":"https:\/\/lasentinelle.dz\/index.php\/2026\/09\/02\/transferts-amoura-relance-sa-carriere-a-nice\/#webpage"},"articleSection":"Sports"},{"@type":"BreadcrumbList","@id":"https:\/\/lasentinelle.dz\/index.php\/2026\/09\/02\/transferts-amoura-relance-sa-carriere-a-nice\/#breadcrumblist","itemListElement":[{"@type":"ListItem","@id":"https:\/\/lasentinelle.dz#listItem","position":1,"name":"Home","item":"https:\/\/lasentinelle.dz","nextItem":{"@type":"ListItem","@id":"https:\/\/lasentinelle.dz\/index.php\/category\/sports\/#listItem","name":"Sports"}},{"@type":"ListItem","@id":"https:\/\/lasentinelle.dz\/index.php\/category\/sports\/#listItem","position":2,"name":"Sports","item":"https:\/\/lasentinelle.dz\/index.php\/category\/sports\/","nextItem":{"@type":"ListItem","@id":"https:\/\/lasentinelle.dz\/index.php\/2026\/09\/02\/transferts-amoura-relance-sa-carriere-a-nice\/#listItem","name":"Transferts\u00a0: Amoura relance sa carri\u00e8re \u00e0 Nice"},"previousItem":{"@type":"ListItem","@id":"https:\/\/lasentinelle.dz#listItem","name":"Home"}},{"@type":"ListItem","@id":"https:\/\/lasentinelle.dz\/index.php\/2026\/09\/02\/transferts-amoura-relance-sa-carriere-a-nice\/#listItem","position":3,"name":"Transferts\u00a0: Amoura relance sa carri\u00e8re \u00e0 Nice","previousItem":{"@type":"ListItem","@id":"https:\/\/lasentinelle.dz\/index.php\/category\/sports\/#listItem","name":"Sports"}}]},{"@type":"Organization","@id":"https:\/\/lasentinelle.dz\/#organization","name":"La Sentinelle La Sentinelle","description":"Quotidien national d'information","url":"https:\/\/lasentinelle.dz\/","logo":{"@type":"ImageObject","url":"https:\/\/lasentinelle.dz\/wp-content\/uploads\/2021\/09\/cropped-la-sentinelle-earth-golden-anima-5.gif","@id":"https:\/\/lasentinelle.dz\/index.php\/2026\/09\/02\/transferts-amoura-relance-sa-carriere-a-nice\/#organizationLogo","width":450,"height":213},"image":{"@id":"https:\/\/lasentinelle.dz\/index.php\/2026\/09\/02\/transferts-amoura-relance-sa-carriere-a-nice\/#organizationLogo"},"sameAs":["https:\/\/www.facebook.com\/azzedine.lasentinelle.1"]},{"@type":"Person","@id":"https:\/\/lasentinelle.dz\/author\/admin\/#author","url":"https:\/\/lasentinelle.dz\/author\/admin\/","name":"admin","image":{"@type":"ImageObject","@id":"https:\/\/lasentinelle.dz\/index.php\/2026\/09\/02\/transferts-amoura-relance-sa-carriere-a-nice\/#authorImage","url":"https:\/\/secure.gravatar.com\/avatar\/4c81fed838786e9b53f540bf46533e750f5d292099ae3b66cfc6fb1982e29df7?s=96&d=mm&r=g","width":96,"height":96,"caption":"admin"}},{"@type":"WebPage","@id":"https:\/\/lasentinelle.dz\/index.php\/2026\/09\/02\/transferts-amoura-relance-sa-carriere-a-nice\/#webpage","url":"https:\/\/lasentinelle.dz\/index.php\/2026\/09\/02\/transferts-amoura-relance-sa-carriere-a-nice\/","name":"Transferts : Amoura relance sa carri\u00e8re \u00e0 Nice - La Sentinelle","description":"L'international alg\u00e9rien Mohamed Amine Amoura s'est officiellement engag\u00e9, lundi, en faveur de l'OGC Nice, sous la forme d'un pr\u00eat assorti d'une option d'achat \u00e9valu\u00e9e \u00e0 20 millions d'euros, en provenance du VfL Wolfsburg. Convoit\u00e9 apr\u00e8s la rel\u00e9gation de Wolfsburg en deuxi\u00e8me division allemande \u00e0 l'issue de l'exercice 2025-2026, l'attaquant de 26 ans, auteur de 18","inLanguage":"fr-FR","isPartOf":{"@id":"https:\/\/lasentinelle.dz\/#website"},"breadcrumb":{"@id":"https:\/\/lasentinelle.dz\/index.php\/2026\/09\/02\/transferts-amoura-relance-sa-carriere-a-nice\/#breadcrumblist"},"author":{"@id":"https:\/\/lasentinelle.dz\/author\/admin\/#author"},"creator":{"@id":"https:\/\/lasentinelle.dz\/author\/admin\/#author"},"image":{"@type":"ImageObject","url":"https:\/\/lasentinelle.dz\/wp-content\/uploads\/2026\/09\/amoura.jpg","@id":"https:\/\/lasentinelle.dz\/index.php\/2026\/09\/02\/transferts-amoura-relance-sa-carriere-a-nice\/#mainImage","width":1200,"height":801},"primaryImageOfPage":{"@id":"https:\/\/lasentinelle.dz\/index.php\/2026\/09\/02\/transferts-amoura-relance-sa-carriere-a-nice\/#mainImage"},"datePublished":"2026-09-02T11:19:25+01:00","dateModified":"2026-09-02T11:19:28+01:00"},{"@type":"WebSite","@id":"https:\/\/lasentinelle.dz\/#website","url":"https:\/\/lasentinelle.dz\/","name":"La Sentinelle","description":"Quotidien national d'information","inLanguage":"fr-FR","publisher":{"@id":"https:\/\/lasentinelle.dz\/#organization"}}]},"og:locale":"fr_FR","og:site_name":"La Sentinelle - Quotidien national d'information","og:type":"article","og:title":"Transferts : Amoura relance sa carri\u00e8re \u00e0 Nice - La Sentinelle","og:description":"L'international alg\u00e9rien Mohamed Amine Amoura s'est officiellement engag\u00e9, lundi, en faveur de l'OGC Nice, sous la forme d'un pr\u00eat assorti d'une option d'achat \u00e9valu\u00e9e \u00e0 20 millions d'euros, en provenance du VfL Wolfsburg. Convoit\u00e9 apr\u00e8s la rel\u00e9gation de Wolfsburg en deuxi\u00e8me division allemande \u00e0 l'issue de l'exercice 2025-2026, l'attaquant de 26 ans, auteur de 18","og:url":"https:\/\/lasentinelle.dz\/index.php\/2026\/09\/02\/transferts-amoura-relance-sa-carriere-a-nice\/","og:image":"https:\/\/lasentinelle.dz\/wp-content\/uploads\/2021\/09\/cropped-la-sentinelle-earth-golden-anima-5.gif","og:image:secure_url":"https:\/\/lasentinelle.dz\/wp-content\/uploads\/2021\/09\/cropped-la-sentinelle-earth-golden-anima-5.gif","og:image:width":450,"og:image:height":213,"article:published_time":"2026-09-02T10:19:25+00:00","article:modified_time":"2026-09-02T10:19:28+00:00","article:publisher":"https:\/\/www.facebook.com\/azzedine.lasentinelle.1","twitter:card":"summary_large_image","twitter:title":"Transferts : Amoura relance sa carri\u00e8re \u00e0 Nice - La Sentinelle","twitter:description":"L'international alg\u00e9rien Mohamed Amine Amoura s'est officiellement engag\u00e9, lundi, en faveur de l'OGC Nice, sous la forme d'un pr\u00eat assorti d'une option d'achat \u00e9valu\u00e9e \u00e0 20 millions d'euros, en provenance du VfL Wolfsburg. Convoit\u00e9 apr\u00e8s la rel\u00e9gation de Wolfsburg en deuxi\u00e8me division allemande \u00e0 l'issue de l'exercice 2025-2026, l'attaquant de 26 ans, auteur de 18","twitter:image":"https:\/\/lasentinelle.dz\/wp-content\/uploads\/2021\/09\/cropped-la-sentinelle-earth-golden-anima-5.gif"},"aioseo_meta_data":{"post_id":"94785","title":null,"description":null,"keywords":null,"keyphrases":{"focus":{"keyphrase":"","score":0,"analysis":{"keyphraseInTitle":{"score":0,"maxScore":9,"error":1}}},"additional":[]},"primary_term":null,"canonical_url":null,"og_title":null,"og_description":null,"og_object_type":"default","og_image_type":"default","og_image_url":null,"og_image_width":null,"og_image_height":null,"og_image_custom_url":null,"og_image_custom_fields":null,"og_video":"","og_custom_url":null,"og_article_section":null,"og_article_tags":null,"twitter_use_og":false,"twitter_card":"default","twitter_image_type":"default","twitter_image_url":null,"twitter_image_custom_url":null,"twitter_image_custom_fields":null,"twitter_title":null,"twitter_description":null,"schema":{"blockGraphs":[],"customGraphs":[],"default":{"data":{"Article":[],"Course":[],"Dataset":[],"FAQPage":[],"Movie":[],"Person":[],"Product":[],"ProductReview":[],"Car":[],"Recipe":[],"Service":[],"SoftwareApplication":[],"WebPage":[]},"graphName":"BlogPosting","isEnabled":true},"graphs":[]},"schema_type":"default","schema_type_options":null,"pillar_content":false,"robots_default":true,"robots_noindex":false,"robots_noarchive":false,"robots_nosnippet":false,"robots_nofollow":false,"robots_noimageindex":false,"robots_noodp":false,"robots_notranslate":false,"robots_max_snippet":"-1","robots_max_videopreview":"-1","robots_max_imagepreview":"large","priority":null,"frequency":"default","local_seo":null,"breadcrumb_settings":null,"limit_modified_date":false,"ai":{"faqs":[],"keyPoints":[],"schemas":[],"titles":[],"descriptions":[],"socialPosts":{"email":{"subject":"","preview":"","content":""},"linkedin":[],"twitter":[],"facebook":[],"instagram":[]}},"created":"2026-09-02 10:19:29","updated":"2026-09-02 11:04:28","focus_keyword":null,"additional_keywords":null,"truseo_locale":null,"seo_analyzer_scan_date":null},"aioseo_breadcrumb":"<div class=\"aioseo-breadcrumbs\"><span class=\"aioseo-breadcrumb\">\n\t\t\t<a href=\"https:\/\/lasentinelle.dz\" title=\"Home\">Home<\/a>\n\t\t<\/span><span class=\"aioseo-breadcrumb-separator\">&raquo;<\/span><span class=\"aioseo-breadcrumb\">\n\t\t\t<a href=\"https:\/\/lasentinelle.dz\/index.php\/category\/sports\/\" title=\"Sports\">Sports<\/a>\n\t\t<\/span><span class=\"aioseo-breadcrumb-separator\">&raquo;<\/span><span class=\"aioseo-breadcrumb\">\n\t\t\tTransferts : Amoura relance sa carri\u00e8re \u00e0 Nice\n\t\t<\/span><\/div>","aioseo_breadcrumb_json":[{"label":"Home","link":"https:\/\/lasentinelle.dz"},{"label":"Sports","link":"https:\/\/lasentinelle.dz\/index.php\/category\/sports\/"},{"label":"Transferts\u00a0: Amoura relance sa carri\u00e8re \u00e0 Nice","link":"https:\/\/lasentinelle.dz\/index.php\/2026\/09\/02\/transferts-amoura-relance-sa-carriere-a-nice\/"}],"yoast_head":"<!-- This site is optimized with the Yoast SEO plugin v28.4 - https:\/\/yoast.com\/product\/yoast-seo-wordpress\/ -->\n<title>Transferts\u00a0: Amoura relance sa carri\u00e8re \u00e0 Nice - La Sentinelle<\/title>\n<meta name=\"robots\" content=\"index, follow, max-snippet:-1, max-image-preview:large, max-video-preview:-1\" \/>\n<link rel=\"canonical\" href=\"https:\/\/lasentinelle.dz\/index.php\/2026\/09\/02\/transferts-amoura-relance-sa-carriere-a-nice\/\" \/>\n<meta property=\"og:locale\" content=\"fr_FR\" \/>\n<meta property=\"og:type\" content=\"article\" \/>\n<meta property=\"og:title\" content=\"Transferts\u00a0: Amoura relance sa carri\u00e8re \u00e0 Nice - La Sentinelle\" \/>\n<meta property=\"og:description\" content=\"L&rsquo;international alg\u00e9rien Mohamed Amine Amoura s&rsquo;est officiellement engag\u00e9, lundi, en faveur de l&rsquo;OGC Nice, sous la forme d&rsquo;un pr\u00eat assorti\" \/>\n<meta property=\"og:url\" content=\"https:\/\/lasentinelle.dz\/index.php\/2026\/09\/02\/transferts-amoura-relance-sa-carriere-a-nice\/\" \/>\n<meta property=\"og:site_name\" content=\"La Sentinelle\" \/>\n<meta property=\"article:publisher\" content=\"https:\/\/www.facebook.com\/La-Sentinelle-104059864394773\" \/>\n<meta property=\"article:published_time\" content=\"2026-09-02T10:19:25+00:00\" \/>\n<meta property=\"article:modified_time\" content=\"2026-09-02T10:19:28+00:00\" \/>\n<meta property=\"og:image\" content=\"https:\/\/lasentinelle.dz\/wp-content\/uploads\/2026\/09\/amoura.jpg\" \/>\n\t<meta property=\"og:image:width\" content=\"1200\" \/>\n\t<meta property=\"og:image:height\" content=\"801\" \/>\n\t<meta property=\"og:image:type\" content=\"image\/jpeg\" \/>\n<meta name=\"author\" content=\"admin\" \/>\n<meta name=\"twitter:card\" content=\"summary_large_image\" \/>\n<meta name=\"twitter:label1\" content=\"\u00c9crit par\" \/>\n\t<meta name=\"twitter:data1\" content=\"admin\" \/>\n\t<meta name=\"twitter:label2\" content=\"Dur\u00e9e de lecture estim\u00e9e\" \/>\n\t<meta name=\"twitter:data2\" content=\"3 minutes\" \/>\n<script type=\"application\/ld+json\" class=\"yoast-schema-graph\">{\"@context\":\"https:\\\/\\\/schema.org\",\"@graph\":[{\"@type\":\"Article\",\"@id\":\"https:\\\/\\\/lasentinelle.dz\\\/index.php\\\/2026\\\/09\\\/02\\\/transferts-amoura-relance-sa-carriere-a-nice\\\/#article\",\"isPartOf\":{\"@id\":\"https:\\\/\\\/lasentinelle.dz\\\/index.php\\\/2026\\\/09\\\/02\\\/transferts-amoura-relance-sa-carriere-a-nice\\\/\"},\"author\":{\"name\":\"admin\",\"@id\":\"https:\\\/\\\/lasentinelle.dz\\\/#\\\/schema\\\/person\\\/729ee0024f24e0b8c5ec17232f8e8b41\"},\"headline\":\"Transferts\u00a0: Amoura relance sa carri\u00e8re \u00e0 Nice\",\"datePublished\":\"2026-09-02T10:19:25+00:00\",\"dateModified\":\"2026-09-02T10:19:28+00:00\",\"mainEntityOfPage\":{\"@id\":\"https:\\\/\\\/lasentinelle.dz\\\/index.php\\\/2026\\\/09\\\/02\\\/transferts-amoura-relance-sa-carriere-a-nice\\\/\"},\"wordCount\":493,\"commentCount\":0,\"publisher\":{\"@id\":\"https:\\\/\\\/lasentinelle.dz\\\/#organization\"},\"image\":{\"@id\":\"https:\\\/\\\/lasentinelle.dz\\\/index.php\\\/2026\\\/09\\\/02\\\/transferts-amoura-relance-sa-carriere-a-nice\\\/#primaryimage\"},\"thumbnailUrl\":\"https:\\\/\\\/lasentinelle.dz\\\/wp-content\\\/uploads\\\/2026\\\/09\\\/amoura.jpg\",\"articleSection\":[\"Sports\"],\"inLanguage\":\"fr-FR\",\"potentialAction\":[{\"@type\":\"CommentAction\",\"name\":\"Comment\",\"target\":[\"https:\\\/\\\/lasentinelle.dz\\\/index.php\\\/2026\\\/09\\\/02\\\/transferts-amoura-relance-sa-carriere-a-nice\\\/#respond\"]}]},{\"@type\":\"WebPage\",\"@id\":\"https:\\\/\\\/lasentinelle.dz\\\/index.php\\\/2026\\\/09\\\/02\\\/transferts-amoura-relance-sa-carriere-a-nice\\\/\",\"url\":\"https:\\\/\\\/lasentinelle.dz\\\/index.php\\\/2026\\\/09\\\/02\\\/transferts-amoura-relance-sa-carriere-a-nice\\\/\",\"name\":\"Transferts\u00a0: Amoura relance sa carri\u00e8re \u00e0 Nice - La Sentinelle\",\"isPartOf\":{\"@id\":\"https:\\\/\\\/lasentinelle.dz\\\/#website\"},\"primaryImageOfPage\":{\"@id\":\"https:\\\/\\\/lasentinelle.dz\\\/index.php\\\/2026\\\/09\\\/02\\\/transferts-amoura-relance-sa-carriere-a-nice\\\/#primaryimage\"},\"image\":{\"@id\":\"https:\\\/\\\/lasentinelle.dz\\\/index.php\\\/2026\\\/09\\\/02\\\/transferts-amoura-relance-sa-carriere-a-nice\\\/#primaryimage\"},\"thumbnailUrl\":\"https:\\\/\\\/lasentinelle.dz\\\/wp-content\\\/uploads\\\/2026\\\/09\\\/amoura.jpg\",\"datePublished\":\"2026-09-02T10:19:25+00:00\",\"dateModified\":\"2026-09-02T10:19:28+00:00\",\"breadcrumb\":{\"@id\":\"https:\\\/\\\/lasentinelle.dz\\\/index.php\\\/2026\\\/09\\\/02\\\/transferts-amoura-relance-sa-carriere-a-nice\\\/#breadcrumb\"},\"inLanguage\":\"fr-FR\",\"potentialAction\":[{\"@type\":\"ReadAction\",\"target\":[\"https:\\\/\\\/lasentinelle.dz\\\/index.php\\\/2026\\\/09\\\/02\\\/transferts-amoura-relance-sa-carriere-a-nice\\\/\"]}]},{\"@type\":\"ImageObject\",\"inLanguage\":\"fr-FR\",\"@id\":\"https:\\\/\\\/lasentinelle.dz\\\/index.php\\\/2026\\\/09\\\/02\\\/transferts-amoura-relance-sa-carriere-a-nice\\\/#primaryimage\",\"url\":\"https:\\\/\\\/lasentinelle.dz\\\/wp-content\\\/uploads\\\/2026\\\/09\\\/amoura.jpg\",\"contentUrl\":\"https:\\\/\\\/lasentinelle.dz\\\/wp-content\\\/uploads\\\/2026\\\/09\\\/amoura.jpg\",\"width\":1200,\"height\":801},{\"@type\":\"BreadcrumbList\",\"@id\":\"https:\\\/\\\/lasentinelle.dz\\\/index.php\\\/2026\\\/09\\\/02\\\/transferts-amoura-relance-sa-carriere-a-nice\\\/#breadcrumb\",\"itemListElement\":[{\"@type\":\"ListItem\",\"position\":1,\"name\":\"Accueil\",\"item\":\"https:\\\/\\\/lasentinelle.dz\\\/\"},{\"@type\":\"ListItem\",\"position\":2,\"name\":\"Transferts\u00a0: Amoura relance sa carri\u00e8re \u00e0 Nice\"}]},{\"@type\":\"WebSite\",\"@id\":\"https:\\\/\\\/lasentinelle.dz\\\/#website\",\"url\":\"https:\\\/\\\/lasentinelle.dz\\\/\",\"name\":\"La Sentinelle\",\"description\":\"Quotidien national d&#039;information\",\"publisher\":{\"@id\":\"https:\\\/\\\/lasentinelle.dz\\\/#organization\"},\"potentialAction\":[{\"@type\":\"SearchAction\",\"target\":{\"@type\":\"EntryPoint\",\"urlTemplate\":\"https:\\\/\\\/lasentinelle.dz\\\/?s={search_term_string}\"},\"query-input\":{\"@type\":\"PropertyValueSpecification\",\"valueRequired\":true,\"valueName\":\"search_term_string\"}}],\"inLanguage\":\"fr-FR\"},{\"@type\":\"Organization\",\"@id\":\"https:\\\/\\\/lasentinelle.dz\\\/#organization\",\"name\":\"Quotidien La Sentinelle\",\"url\":\"https:\\\/\\\/lasentinelle.dz\\\/\",\"logo\":{\"@type\":\"ImageObject\",\"inLanguage\":\"fr-FR\",\"@id\":\"https:\\\/\\\/lasentinelle.dz\\\/#\\\/schema\\\/logo\\\/image\\\/\",\"url\":\"https:\\\/\\\/lasentinelle.dz\\\/wp-content\\\/uploads\\\/2021\\\/09\\\/logo-sentinelleSLOGAN-1.png\",\"contentUrl\":\"https:\\\/\\\/lasentinelle.dz\\\/wp-content\\\/uploads\\\/2021\\\/09\\\/logo-sentinelleSLOGAN-1.png\",\"width\":615,\"height\":142,\"caption\":\"Quotidien La Sentinelle\"},\"image\":{\"@id\":\"https:\\\/\\\/lasentinelle.dz\\\/#\\\/schema\\\/logo\\\/image\\\/\"},\"sameAs\":[\"https:\\\/\\\/www.facebook.com\\\/La-Sentinelle-104059864394773\"]},{\"@type\":\"Person\",\"@id\":\"https:\\\/\\\/lasentinelle.dz\\\/#\\\/schema\\\/person\\\/729ee0024f24e0b8c5ec17232f8e8b41\",\"name\":\"admin\",\"image\":{\"@type\":\"ImageObject\",\"inLanguage\":\"fr-FR\",\"@id\":\"https:\\\/\\\/secure.gravatar.com\\\/avatar\\\/4c81fed838786e9b53f540bf46533e750f5d292099ae3b66cfc6fb1982e29df7?s=96&d=mm&r=g\",\"url\":\"https:\\\/\\\/secure.gravatar.com\\\/avatar\\\/4c81fed838786e9b53f540bf46533e750f5d292099ae3b66cfc6fb1982e29df7?s=96&d=mm&r=g\",\"contentUrl\":\"https:\\\/\\\/secure.gravatar.com\\\/avatar\\\/4c81fed838786e9b53f540bf46533e750f5d292099ae3b66cfc6fb1982e29df7?s=96&d=mm&r=g\",\"caption\":\"admin\"},\"description\":\"admin\",\"url\":\"https:\\\/\\\/lasentinelle.dz\\\/author\\\/admin\\\/\"}]}<\/script>\n<!-- \/ Yoast SEO plugin. -->","yoast_head_json":{"title":"Transferts\u00a0: Amoura relance sa carri\u00e8re \u00e0 Nice - La Sentinelle","robots":{"index":"index","follow":"follow","max-snippet":"max-snippet:-1","max-image-preview":"max-image-preview:large","max-video-preview":"max-video-preview:-1"},"canonical":"https:\/\/lasentinelle.dz\/index.php\/2026\/09\/02\/transferts-amoura-relance-sa-carriere-a-nice\/","og_locale":"fr_FR","og_type":"article","og_title":"Transferts\u00a0: Amoura relance sa carri\u00e8re \u00e0 Nice - La Sentinelle","og_description":"L&rsquo;international alg\u00e9rien Mohamed Amine Amoura s&rsquo;est officiellement engag\u00e9, lundi, en faveur de l&rsquo;OGC Nice, sous la forme d&rsquo;un pr\u00eat assorti","og_url":"https:\/\/lasentinelle.dz\/index.php\/2026\/09\/02\/transferts-amoura-relance-sa-carriere-a-nice\/","og_site_name":"La Sentinelle","article_publisher":"https:\/\/www.facebook.com\/La-Sentinelle-104059864394773","article_published_time":"2026-09-02T10:19:25+00:00","article_modified_time":"2026-09-02T10:19:28+00:00","og_image":[{"width":1200,"height":801,"url":"https:\/\/lasentinelle.dz\/wp-content\/uploads\/2026\/09\/amoura.jpg","type":"image\/jpeg"}],"author":"admin","twitter_card":"summary_large_image","twitter_misc":{"\u00c9crit par":"admin","Dur\u00e9e de lecture estim\u00e9e":"3 minutes"},"schema":{"@context":"https:\/\/schema.org","@graph":[{"@type":"Article","@id":"https:\/\/lasentinelle.dz\/index.php\/2026\/09\/02\/transferts-amoura-relance-sa-carriere-a-nice\/#article","isPartOf":{"@id":"https:\/\/lasentinelle.dz\/index.php\/2026\/09\/02\/transferts-amoura-relance-sa-carriere-a-nice\/"},"author":{"name":"admin","@id":"https:\/\/lasentinelle.dz\/#\/schema\/person\/729ee0024f24e0b8c5ec17232f8e8b41"},"headline":"Transferts\u00a0: Amoura relance sa carri\u00e8re \u00e0 Nice","datePublished":"2026-09-02T10:19:25+00:00","dateModified":"2026-09-02T10:19:28+00:00","mainEntityOfPage":{"@id":"https:\/\/lasentinelle.dz\/index.php\/2026\/09\/02\/transferts-amoura-relance-sa-carriere-a-nice\/"},"wordCount":493,"commentCount":0,"publisher":{"@id":"https:\/\/lasentinelle.dz\/#organization"},"image":{"@id":"https:\/\/lasentinelle.dz\/index.php\/2026\/09\/02\/transferts-amoura-relance-sa-carriere-a-nice\/#primaryimage"},"thumbnailUrl":"https:\/\/lasentinelle.dz\/wp-content\/uploads\/2026\/09\/amoura.jpg","articleSection":["Sports"],"inLanguage":"fr-FR","potentialAction":[{"@type":"CommentAction","name":"Comment","target":["https:\/\/lasentinelle.dz\/index.php\/2026\/09\/02\/transferts-amoura-relance-sa-carriere-a-nice\/#respond"]}]},{"@type":"WebPage","@id":"https:\/\/lasentinelle.dz\/index.php\/2026\/09\/02\/transferts-amoura-relance-sa-carriere-a-nice\/","url":"https:\/\/lasentinelle.dz\/index.php\/2026\/09\/02\/transferts-amoura-relance-sa-carriere-a-nice\/","name":"Transferts\u00a0: Amoura relance sa carri\u00e8re \u00e0 Nice - La Sentinelle","isPartOf":{"@id":"https:\/\/lasentinelle.dz\/#website"},"primaryImageOfPage":{"@id":"https:\/\/lasentinelle.dz\/index.php\/2026\/09\/02\/transferts-amoura-relance-sa-carriere-a-nice\/#primaryimage"},"image":{"@id":"https:\/\/lasentinelle.dz\/index.php\/2026\/09\/02\/transferts-amoura-relance-sa-carriere-a-nice\/#primaryimage"},"thumbnailUrl":"https:\/\/lasentinelle.dz\/wp-content\/uploads\/2026\/09\/amoura.jpg","datePublished":"2026-09-02T10:19:25+00:00","dateModified":"2026-09-02T10:19:28+00:00","breadcrumb":{"@id":"https:\/\/lasentinelle.dz\/index.php\/2026\/09\/02\/transferts-amoura-relance-sa-carriere-a-nice\/#breadcrumb"},"inLanguage":"fr-FR","potentialAction":[{"@type":"ReadAction","target":["https:\/\/lasentinelle.dz\/index.php\/2026\/09\/02\/transferts-amoura-relance-sa-carriere-a-nice\/"]}]},{"@type":"ImageObject","inLanguage":"fr-FR","@id":"https:\/\/lasentinelle.dz\/index.php\/2026\/09\/02\/transferts-amoura-relance-sa-carriere-a-nice\/#primaryimage","url":"https:\/\/lasentinelle.dz\/wp-content\/uploads\/2026\/09\/amoura.jpg","contentUrl":"https:\/\/lasentinelle.dz\/wp-content\/uploads\/2026\/09\/amoura.jpg","width":1200,"height":801},{"@type":"BreadcrumbList","@id":"https:\/\/lasentinelle.dz\/index.php\/2026\/09\/02\/transferts-amoura-relance-sa-carriere-a-nice\/#breadcrumb","itemListElement":[{"@type":"ListItem","position":1,"name":"Accueil","item":"https:\/\/lasentinelle.dz\/"},{"@type":"ListItem","position":2,"name":"Transferts\u00a0: Amoura relance sa carri\u00e8re \u00e0 Nice"}]},{"@type":"WebSite","@id":"https:\/\/lasentinelle.dz\/#website","url":"https:\/\/lasentinelle.dz\/","name":"La Sentinelle","description":"Quotidien national d&#039;information","publisher":{"@id":"https:\/\/lasentinelle.dz\/#organization"},"potentialAction":[{"@type":"SearchAction","target":{"@type":"EntryPoint","urlTemplate":"https:\/\/lasentinelle.dz\/?s={search_term_string}"},"query-input":{"@type":"PropertyValueSpecification","valueRequired":true,"valueName":"search_term_string"}}],"inLanguage":"fr-FR"},{"@type":"Organization","@id":"https:\/\/lasentinelle.dz\/#organization","name":"Quotidien La Sentinelle","url":"https:\/\/lasentinelle.dz\/","logo":{"@type":"ImageObject","inLanguage":"fr-FR","@id":"https:\/\/lasentinelle.dz\/#\/schema\/logo\/image\/","url":"https:\/\/lasentinelle.dz\/wp-content\/uploads\/2021\/09\/logo-sentinelleSLOGAN-1.png","contentUrl":"https:\/\/lasentinelle.dz\/wp-content\/uploads\/2021\/09\/logo-sentinelleSLOGAN-1.png","width":615,"height":142,"caption":"Quotidien La Sentinelle"},"image":{"@id":"https:\/\/lasentinelle.dz\/#\/schema\/logo\/image\/"},"sameAs":["https:\/\/www.facebook.com\/La-Sentinelle-104059864394773"]},{"@type":"Person","@id":"https:\/\/lasentinelle.dz\/#\/schema\/person\/729ee0024f24e0b8c5ec17232f8e8b41","name":"admin","image":{"@type":"ImageObject","inLanguage":"fr-FR","@id":"https:\/\/secure.gravatar.com\/avatar\/4c81fed838786e9b53f540bf46533e750f5d292099ae3b66cfc6fb1982e29df7?s=96&d=mm&r=g","url":"https:\/\/secure.gravatar.com\/avatar\/4c81fed838786e9b53f540bf46533e750f5d292099ae3b66cfc6fb1982e29df7?s=96&d=mm&r=g","contentUrl":"https:\/\/secure.gravatar.com\/avatar\/4c81fed838786e9b53f540bf46533e750f5d292099ae3b66cfc6fb1982e29df7?s=96&d=mm&r=g","caption":"admin"},"description":"admin","url":"https:\/\/lasentinelle.dz\/author\/admin\/"}]}},"_links":{"self":[{"href":"https:\/\/lasentinelle.dz\/index.php\/wp-json\/wp\/v2\/posts\/94785","targetHints":{"allow":["GET"]}}],"collection":[{"href":"https:\/\/lasentinelle.dz\/index.php\/wp-json\/wp\/v2\/posts"}],"about":[{"href":"https:\/\/lasentinelle.dz\/index.php\/wp-json\/wp\/v2\/types\/post"}],"author":[{"embeddable":true,"href":"https:\/\/lasentinelle.dz\/index.php\/wp-json\/wp\/v2\/users\/6"}],"replies":[{"embeddable":true,"href":"https:\/\/lasentinelle.dz\/index.php\/wp-json\/wp\/v2\/comments?post=94785"}],"version-history":[{"count":1,"href":"https:\/\/lasentinelle.dz\/index.php\/wp-json\/wp\/v2\/posts\/94785\/revisions"}],"predecessor-version":[{"id":94787,"href":"https:\/\/lasentinelle.dz\/index.php\/wp-json\/wp\/v2\/posts\/94785\/revisions\/94787"}],"wp:featuredmedia":[{"embeddable":true,"href":"https:\/\/lasentinelle.dz\/index.php\/wp-json\/wp\/v2\/media\/94786"}],"wp:attachment":[{"href":"https:\/\/lasentinelle.dz\/index.php\/wp-json\/wp\/v2\/media?parent=94785"}],"wp:term":[{"taxonomy":"category","embeddable":true,"href":"https:\/\/lasentinelle.dz\/index.php\/wp-json\/wp\/v2\/categories?post=94785"},{"taxonomy":"post_tag","embeddable":true,"href":"https:\/\/lasentinelle.dz\/index.php\/wp-json\/wp\/v2\/tags?post=94785"}],"curies":[{"name":"wp","href":"https:\/\/api.w.org\/{rel}","templated":true}]}}