{"id":94788,"date":"2026-09-02T11:23:07","date_gmt":"2026-09-02T10:23:07","guid":{"rendered":"https:\/\/lasentinelle.dz\/?p=94788"},"modified":"2026-09-02T11:23:14","modified_gmt":"2026-09-02T10:23:14","slug":"ils-dedient-leurs-medailles-au-peuple-algerien-des-champions-fiers-de-porter-les-couleurs-nationales","status":"publish","type":"post","link":"https:\/\/lasentinelle.dz\/index.php\/2026\/09\/02\/ils-dedient-leurs-medailles-au-peuple-algerien-des-champions-fiers-de-porter-les-couleurs-nationales\/","title":{"rendered":"Ils d\u00e9dient leurs m\u00e9dailles au peuple alg\u00e9rien\u00a0: Des champions fiers de porter les couleurs nationales"},"content":{"rendered":"\n<p class=\"wp-block-paragraph\">Sacr\u00e9s en l&rsquo;espace de deux jours aux Jeux m\u00e9diterran\u00e9ens de Tarente, le demi-fondeur Djamel Sedjati et les jeunes footballeurs alg\u00e9riens ont livr\u00e9 des t\u00e9moignages empreints de fiert\u00e9 et d&rsquo;\u00e9motion, d\u00e9diant leurs m\u00e9dailles d&rsquo;or au peuple alg\u00e9rien tout en ayant une pens\u00e9e pour les victimes des incendies ayant r\u00e9cemment endeuill\u00e9 plusieurs r\u00e9gions du pays. Couronn\u00e9 lundi sur 800 m\u00e8tres, Djamel Sedjati n&rsquo;a pas cach\u00e9 sa joie tout en soulignant l&rsquo;importance de cette cons\u00e9cration pour la suite de sa saison. \u00ab Dieu merci pour cette importante victoire, qui en plus de la m\u00e9daille d&rsquo;or me redonne le moral en me mettant dans d&rsquo;excellentes dispositions psychologiques avant la finale de la Ligue de Diamant, pr\u00e9vue \u00e0 la fin de la semaine prochaine en Belgique \u00bb, a-t-il confi\u00e9 \u00e0 l&rsquo;issue de sa course. Avant de clore son intervention, le champion a tenu \u00e0 adresser un message de solidarit\u00e9 aux familles touch\u00e9es par les feux de for\u00eat. \u00ab Je tiens \u00e0 pr\u00e9senter mes sinc\u00e8res condol\u00e9ances aux personnes qui ont perdu des proches dans les derniers incendies qui ont touch\u00e9 plusieurs wilayas de l&rsquo;Est et du Centre du pays. Nous sommes de tout c\u0153ur avec eux \u00bb, a-t-il ajout\u00e9.<\/p>\n\n\n\n<p class=\"wp-block-paragraph\">Le pr\u00e9sident de la F\u00e9d\u00e9ration alg\u00e9rienne d&rsquo;athl\u00e9tisme, Farid Bouka\u00efs, a lui aussi tenu \u00e0 saluer la performance de son champion, qu&rsquo;il pla\u00e7ait parmi les grands favoris avant m\u00eame le d\u00e9part de la finale. \u00ab Sedjati fait partie actuellement des meilleurs coureurs au monde sur 800 m\u00e8tres. On \u00e9tait donc tr\u00e8s optimistes, pour ne pas dire enti\u00e8rement convaincus de sa capacit\u00e9 \u00e0 d\u00e9crocher la m\u00e9daille d&rsquo;or \u00bb, a-t-il affirm\u00e9. Le dirigeant a n\u00e9anmoins exprim\u00e9 sa d\u00e9ception concernant Slimane Moula, contraint de se contenter de la cinqui\u00e8me place. \u00ab On s&rsquo;attendait m\u00eame \u00e0 ce que Slimane Moula soit sur le podium. Malheureusement, il n&rsquo;a pas bien r\u00e9cup\u00e9r\u00e9 apr\u00e8s la grosse course d&rsquo;hier. Il semblait nettement amoindri et c&rsquo;est ce qui a fait qu&rsquo;il termine finalement cinqui\u00e8me \u00bb, a-t-il expliqu\u00e9, avant de saluer le bilan global de la d\u00e9l\u00e9gation alg\u00e9rienne. \u00ab Je consid\u00e8re que l&rsquo;athl\u00e9tisme alg\u00e9rien a plus ou moins r\u00e9ussi ses d\u00e9buts dans ces JM, surtout si on tient compte de la m\u00e9daille de bronze de Tarek Hocine au saut en longueur, avec en prime un nouveau record personnel pour lui. Jusque-l\u00e0, Hocine tournait autour de 7,84 m\u00e8tres, mais il s&rsquo;est surpass\u00e9 \u00e0 Tarente en r\u00e9ussissant 8,02 m\u00e8tres d\u00e8s son premier essai, ce qui est une tr\u00e8s bonne chose \u00bb, a-t-il pr\u00e9cis\u00e9, formulant lui aussi ses condol\u00e9ances aux familles endeuill\u00e9es de l&rsquo;Est et du Centre du pays.<\/p>\n\n\n\n<p class=\"wp-block-paragraph\">Une fiert\u00e9 tout aussi vive animait la s\u00e9lection alg\u00e9rienne de football des moins de 21 ans, sacr\u00e9e championne m\u00e9diterran\u00e9enne apr\u00e8s sa victoire face \u00e0 la Tunisie, un premier titre \u00e0 ce niveau depuis 1975. Le gardien de but Mohammed El Koubi a d\u00e9di\u00e9 cette cons\u00e9cration aux sinistr\u00e9s des incendies. \u00ab Tout d&rsquo;abord, nous pr\u00e9sentons nos condol\u00e9ances \u00e0 nous-m\u00eames ainsi qu&rsquo;aux familles des victimes des incendies. Ces \u00e9v\u00e9nements douloureux qu&rsquo;a v\u00e9cus notre pays ces derniers jours nous ont donn\u00e9 davantage de force et de d\u00e9termination pour d\u00e9crocher ce titre \u00bb, a-t-il d\u00e9clar\u00e9, rendant \u00e9galement hommage \u00e0 l&rsquo;encadrement de la s\u00e9lection. \u00ab Cette m\u00e9daille d&rsquo;or est le fruit de la volont\u00e9 de Dieu et des efforts du staff technique et m\u00e9dical, qui nous a \u00e9norm\u00e9ment soutenus tout au long de la comp\u00e9tition. Nous les en remercions \u00bb, a-t-il poursuivi.<\/p>\n\n\n\n<p class=\"wp-block-paragraph\">Le d\u00e9fenseur Ilyes Mehdid Daniel a, pour sa part, mis en avant l&rsquo;intensit\u00e9 du parcours accompli par les Verts durant cette comp\u00e9tition. \u00ab Ce sacre n&rsquo;a pas \u00e9t\u00e9 facile, notamment parce que nous avons disput\u00e9 cinq matches en seulement neuf jours, ce qui a consid\u00e9rablement compliqu\u00e9 notre t\u00e2che \u00bb, a-t-il rappel\u00e9, avant d&rsquo;insister sur l&rsquo;engagement pris envers les Alg\u00e9riens. \u00ab Dieu merci, comme nous l&rsquo;avions promis au peuple alg\u00e9rien avant le d\u00e9but des Jeux, nous avons tenu notre promesse en remportant la m\u00e9daille d&rsquo;or \u00bb, s&rsquo;est-il r\u00e9joui. Le joueur a conclu son intervention sur une note empreinte de fiert\u00e9 nationale. \u00ab Nous rentrerons au pays avec cette m\u00e9daille, avec beaucoup de fiert\u00e9 et d&rsquo;honneur \u00bb, a-t-il d\u00e9clar\u00e9.<\/p>\n\n\n\n<p class=\"wp-block-paragraph\">M.D.<\/p>\n","protected":false},"excerpt":{"rendered":"<p>Sacr\u00e9s en l&rsquo;espace de deux jours aux Jeux m\u00e9diterran\u00e9ens de Tarente, le demi-fondeur Djamel Sedjati et les jeunes footballeurs alg\u00e9riens<\/p>\n","protected":false},"author":6,"featured_media":94789,"comment_status":"open","ping_status":"closed","sticky":false,"template":"","format":"standard","meta":{"colormag_page_container_layout":"default_layout","colormag_page_sidebar_layout":"default_layout","om_disable_all_campaigns":false,"_monsterinsights_skip_tracking":false,"footnotes":"","_wpscppro_dont_share_socialmedia":false,"_wpscppro_custom_social_share_image":0,"_facebook_share_type":"default","_twitter_share_type":"default","_linkedin_share_type":"default","_pinterest_share_type":"default","_linkedin_share_type_page":"","_instagram_share_type":"default","_medium_share_type":"default","_threads_share_type":"default","_google_business_share_type":"default","_bluesky_share_type":"default","_mastodon_share_type":"default","_selected_social_profile":[],"_wpsp_enable_custom_social_template":false,"_wpsp_social_scheduling":{"enabled":false,"datetime":null,"platforms":[],"status":"template_only","dateOption":"today","timeOption":"now","customDays":"","customHours":"","customDate":"","customTime":"","schedulingType":"absolute"},"_wpsp_active_default_template":true},"categories":[33],"tags":[],"class_list":["post-94788","post","type-post","status-publish","format-standard","has-post-thumbnail","hentry","category-sports"],"aioseo_notices":[],"aioseo_head":"\n\t\t<!-- All in One SEO 5.0.0.1 - aioseo.com -->\n\t<meta name=\"description\" content=\"Sacr\u00e9s en l&#039;espace de deux jours aux Jeux m\u00e9diterran\u00e9ens de Tarente, le demi-fondeur Djamel Sedjati et les jeunes footballeurs alg\u00e9riens ont livr\u00e9 des t\u00e9moignages empreints de fiert\u00e9 et d&#039;\u00e9motion, d\u00e9diant leurs m\u00e9dailles d&#039;or au peuple alg\u00e9rien tout en ayant une pens\u00e9e pour les victimes des incendies ayant r\u00e9cemment endeuill\u00e9 plusieurs r\u00e9gions du pays. Couronn\u00e9 lundi\" \/>\n\t<meta name=\"robots\" content=\"max-image-preview:large\" \/>\n\t<meta name=\"author\" content=\"admin\"\/>\n\t<link rel=\"canonical\" href=\"https:\/\/lasentinelle.dz\/index.php\/2026\/09\/02\/ils-dedient-leurs-medailles-au-peuple-algerien-des-champions-fiers-de-porter-les-couleurs-nationales\/\" \/>\n\t<meta name=\"generator\" content=\"All in One SEO (AIOSEO) 5.0.0.1\" \/>\n\t\t<meta property=\"og:locale\" content=\"fr_FR\" \/>\n\t\t<meta property=\"og:site_name\" content=\"La Sentinelle - Quotidien national d&#039;information\" \/>\n\t\t<meta property=\"og:type\" content=\"article\" \/>\n\t\t<meta property=\"og:title\" content=\"Ils d\u00e9dient leurs m\u00e9dailles au peuple alg\u00e9rien : Des champions fiers de porter les couleurs nationales - La Sentinelle\" \/>\n\t\t<meta property=\"og:description\" content=\"Sacr\u00e9s en l&#039;espace de deux jours aux Jeux m\u00e9diterran\u00e9ens de Tarente, le demi-fondeur Djamel Sedjati et les jeunes footballeurs alg\u00e9riens ont livr\u00e9 des t\u00e9moignages empreints de fiert\u00e9 et d&#039;\u00e9motion, d\u00e9diant leurs m\u00e9dailles d&#039;or au peuple alg\u00e9rien tout en ayant une pens\u00e9e pour les victimes des incendies ayant r\u00e9cemment endeuill\u00e9 plusieurs r\u00e9gions du pays. Couronn\u00e9 lundi\" \/>\n\t\t<meta property=\"og:url\" content=\"https:\/\/lasentinelle.dz\/index.php\/2026\/09\/02\/ils-dedient-leurs-medailles-au-peuple-algerien-des-champions-fiers-de-porter-les-couleurs-nationales\/\" \/>\n\t\t<meta property=\"og:image\" content=\"https:\/\/lasentinelle.dz\/wp-content\/uploads\/2021\/09\/cropped-la-sentinelle-earth-golden-anima-5.gif\" \/>\n\t\t<meta property=\"og:image:secure_url\" content=\"https:\/\/lasentinelle.dz\/wp-content\/uploads\/2021\/09\/cropped-la-sentinelle-earth-golden-anima-5.gif\" \/>\n\t\t<meta property=\"og:image:width\" content=\"450\" \/>\n\t\t<meta property=\"og:image:height\" content=\"213\" \/>\n\t\t<meta property=\"article:published_time\" content=\"2026-09-02T10:23:07+00:00\" \/>\n\t\t<meta property=\"article:modified_time\" content=\"2026-09-02T10:23:14+00:00\" \/>\n\t\t<meta property=\"article:publisher\" content=\"https:\/\/www.facebook.com\/azzedine.lasentinelle.1\" \/>\n\t\t<meta name=\"twitter:card\" content=\"summary_large_image\" \/>\n\t\t<meta name=\"twitter:title\" content=\"Ils d\u00e9dient leurs m\u00e9dailles au peuple alg\u00e9rien : Des champions fiers de porter les couleurs nationales - La Sentinelle\" \/>\n\t\t<meta name=\"twitter:description\" content=\"Sacr\u00e9s en l&#039;espace de deux jours aux Jeux m\u00e9diterran\u00e9ens de Tarente, le demi-fondeur Djamel Sedjati et les jeunes footballeurs alg\u00e9riens ont livr\u00e9 des t\u00e9moignages empreints de fiert\u00e9 et d&#039;\u00e9motion, d\u00e9diant leurs m\u00e9dailles d&#039;or au peuple alg\u00e9rien tout en ayant une pens\u00e9e pour les victimes des incendies ayant r\u00e9cemment endeuill\u00e9 plusieurs r\u00e9gions du pays. Couronn\u00e9 lundi\" \/>\n\t\t<meta name=\"twitter:image\" content=\"https:\/\/lasentinelle.dz\/wp-content\/uploads\/2021\/09\/cropped-la-sentinelle-earth-golden-anima-5.gif\" \/>\n\t\t<script type=\"application\/ld+json\" class=\"aioseo-schema\">\n\t\t\t{\"@context\":\"https:\\\/\\\/schema.org\",\"@graph\":[{\"@type\":\"BlogPosting\",\"@id\":\"https:\\\/\\\/lasentinelle.dz\\\/index.php\\\/2026\\\/09\\\/02\\\/ils-dedient-leurs-medailles-au-peuple-algerien-des-champions-fiers-de-porter-les-couleurs-nationales\\\/#blogposting\",\"name\":\"Ils d\\u00e9dient leurs m\\u00e9dailles au peuple alg\\u00e9rien : Des champions fiers de porter les couleurs nationales - La Sentinelle\",\"headline\":\"Ils d\\u00e9dient leurs m\\u00e9dailles au peuple alg\\u00e9rien\\u00a0: Des champions fiers de porter les couleurs nationales\",\"author\":{\"@id\":\"https:\\\/\\\/lasentinelle.dz\\\/author\\\/admin\\\/#author\"},\"publisher\":{\"@id\":\"https:\\\/\\\/lasentinelle.dz\\\/#organization\"},\"image\":{\"@type\":\"ImageObject\",\"url\":\"https:\\\/\\\/lasentinelle.dz\\\/wp-content\\\/uploads\\\/2026\\\/09\\\/sedjati-1.jpeg\",\"width\":2048,\"height\":1365},\"datePublished\":\"2026-09-02T11:23:07+01:00\",\"dateModified\":\"2026-09-02T11:23:14+01:00\",\"inLanguage\":\"fr-FR\",\"mainEntityOfPage\":{\"@id\":\"https:\\\/\\\/lasentinelle.dz\\\/index.php\\\/2026\\\/09\\\/02\\\/ils-dedient-leurs-medailles-au-peuple-algerien-des-champions-fiers-de-porter-les-couleurs-nationales\\\/#webpage\"},\"isPartOf\":{\"@id\":\"https:\\\/\\\/lasentinelle.dz\\\/index.php\\\/2026\\\/09\\\/02\\\/ils-dedient-leurs-medailles-au-peuple-algerien-des-champions-fiers-de-porter-les-couleurs-nationales\\\/#webpage\"},\"articleSection\":\"Sports\"},{\"@type\":\"BreadcrumbList\",\"@id\":\"https:\\\/\\\/lasentinelle.dz\\\/index.php\\\/2026\\\/09\\\/02\\\/ils-dedient-leurs-medailles-au-peuple-algerien-des-champions-fiers-de-porter-les-couleurs-nationales\\\/#breadcrumblist\",\"itemListElement\":[{\"@type\":\"ListItem\",\"@id\":\"https:\\\/\\\/lasentinelle.dz#listItem\",\"position\":1,\"name\":\"Home\",\"item\":\"https:\\\/\\\/lasentinelle.dz\",\"nextItem\":{\"@type\":\"ListItem\",\"@id\":\"https:\\\/\\\/lasentinelle.dz\\\/index.php\\\/category\\\/sports\\\/#listItem\",\"name\":\"Sports\"}},{\"@type\":\"ListItem\",\"@id\":\"https:\\\/\\\/lasentinelle.dz\\\/index.php\\\/category\\\/sports\\\/#listItem\",\"position\":2,\"name\":\"Sports\",\"item\":\"https:\\\/\\\/lasentinelle.dz\\\/index.php\\\/category\\\/sports\\\/\",\"nextItem\":{\"@type\":\"ListItem\",\"@id\":\"https:\\\/\\\/lasentinelle.dz\\\/index.php\\\/2026\\\/09\\\/02\\\/ils-dedient-leurs-medailles-au-peuple-algerien-des-champions-fiers-de-porter-les-couleurs-nationales\\\/#listItem\",\"name\":\"Ils d\\u00e9dient leurs m\\u00e9dailles au peuple alg\\u00e9rien\\u00a0: Des champions fiers de porter les couleurs nationales\"},\"previousItem\":{\"@type\":\"ListItem\",\"@id\":\"https:\\\/\\\/lasentinelle.dz#listItem\",\"name\":\"Home\"}},{\"@type\":\"ListItem\",\"@id\":\"https:\\\/\\\/lasentinelle.dz\\\/index.php\\\/2026\\\/09\\\/02\\\/ils-dedient-leurs-medailles-au-peuple-algerien-des-champions-fiers-de-porter-les-couleurs-nationales\\\/#listItem\",\"position\":3,\"name\":\"Ils d\\u00e9dient leurs m\\u00e9dailles au peuple alg\\u00e9rien\\u00a0: Des champions fiers de porter les couleurs nationales\",\"previousItem\":{\"@type\":\"ListItem\",\"@id\":\"https:\\\/\\\/lasentinelle.dz\\\/index.php\\\/category\\\/sports\\\/#listItem\",\"name\":\"Sports\"}}]},{\"@type\":\"Organization\",\"@id\":\"https:\\\/\\\/lasentinelle.dz\\\/#organization\",\"name\":\"La Sentinelle La Sentinelle\",\"description\":\"Quotidien national d'information\",\"url\":\"https:\\\/\\\/lasentinelle.dz\\\/\",\"logo\":{\"@type\":\"ImageObject\",\"url\":\"https:\\\/\\\/lasentinelle.dz\\\/wp-content\\\/uploads\\\/2021\\\/09\\\/cropped-la-sentinelle-earth-golden-anima-5.gif\",\"@id\":\"https:\\\/\\\/lasentinelle.dz\\\/index.php\\\/2026\\\/09\\\/02\\\/ils-dedient-leurs-medailles-au-peuple-algerien-des-champions-fiers-de-porter-les-couleurs-nationales\\\/#organizationLogo\",\"width\":450,\"height\":213},\"image\":{\"@id\":\"https:\\\/\\\/lasentinelle.dz\\\/index.php\\\/2026\\\/09\\\/02\\\/ils-dedient-leurs-medailles-au-peuple-algerien-des-champions-fiers-de-porter-les-couleurs-nationales\\\/#organizationLogo\"},\"sameAs\":[\"https:\\\/\\\/www.facebook.com\\\/azzedine.lasentinelle.1\"]},{\"@type\":\"Person\",\"@id\":\"https:\\\/\\\/lasentinelle.dz\\\/author\\\/admin\\\/#author\",\"url\":\"https:\\\/\\\/lasentinelle.dz\\\/author\\\/admin\\\/\",\"name\":\"admin\",\"image\":{\"@type\":\"ImageObject\",\"@id\":\"https:\\\/\\\/lasentinelle.dz\\\/index.php\\\/2026\\\/09\\\/02\\\/ils-dedient-leurs-medailles-au-peuple-algerien-des-champions-fiers-de-porter-les-couleurs-nationales\\\/#authorImage\",\"url\":\"https:\\\/\\\/secure.gravatar.com\\\/avatar\\\/4c81fed838786e9b53f540bf46533e750f5d292099ae3b66cfc6fb1982e29df7?s=96&d=mm&r=g\",\"width\":96,\"height\":96,\"caption\":\"admin\"}},{\"@type\":\"WebPage\",\"@id\":\"https:\\\/\\\/lasentinelle.dz\\\/index.php\\\/2026\\\/09\\\/02\\\/ils-dedient-leurs-medailles-au-peuple-algerien-des-champions-fiers-de-porter-les-couleurs-nationales\\\/#webpage\",\"url\":\"https:\\\/\\\/lasentinelle.dz\\\/index.php\\\/2026\\\/09\\\/02\\\/ils-dedient-leurs-medailles-au-peuple-algerien-des-champions-fiers-de-porter-les-couleurs-nationales\\\/\",\"name\":\"Ils d\\u00e9dient leurs m\\u00e9dailles au peuple alg\\u00e9rien : Des champions fiers de porter les couleurs nationales - La Sentinelle\",\"description\":\"Sacr\\u00e9s en l'espace de deux jours aux Jeux m\\u00e9diterran\\u00e9ens de Tarente, le demi-fondeur Djamel Sedjati et les jeunes footballeurs alg\\u00e9riens ont livr\\u00e9 des t\\u00e9moignages empreints de fiert\\u00e9 et d'\\u00e9motion, d\\u00e9diant leurs m\\u00e9dailles d'or au peuple alg\\u00e9rien tout en ayant une pens\\u00e9e pour les victimes des incendies ayant r\\u00e9cemment endeuill\\u00e9 plusieurs r\\u00e9gions du pays. Couronn\\u00e9 lundi\",\"inLanguage\":\"fr-FR\",\"isPartOf\":{\"@id\":\"https:\\\/\\\/lasentinelle.dz\\\/#website\"},\"breadcrumb\":{\"@id\":\"https:\\\/\\\/lasentinelle.dz\\\/index.php\\\/2026\\\/09\\\/02\\\/ils-dedient-leurs-medailles-au-peuple-algerien-des-champions-fiers-de-porter-les-couleurs-nationales\\\/#breadcrumblist\"},\"author\":{\"@id\":\"https:\\\/\\\/lasentinelle.dz\\\/author\\\/admin\\\/#author\"},\"creator\":{\"@id\":\"https:\\\/\\\/lasentinelle.dz\\\/author\\\/admin\\\/#author\"},\"image\":{\"@type\":\"ImageObject\",\"url\":\"https:\\\/\\\/lasentinelle.dz\\\/wp-content\\\/uploads\\\/2026\\\/09\\\/sedjati-1.jpeg\",\"@id\":\"https:\\\/\\\/lasentinelle.dz\\\/index.php\\\/2026\\\/09\\\/02\\\/ils-dedient-leurs-medailles-au-peuple-algerien-des-champions-fiers-de-porter-les-couleurs-nationales\\\/#mainImage\",\"width\":2048,\"height\":1365},\"primaryImageOfPage\":{\"@id\":\"https:\\\/\\\/lasentinelle.dz\\\/index.php\\\/2026\\\/09\\\/02\\\/ils-dedient-leurs-medailles-au-peuple-algerien-des-champions-fiers-de-porter-les-couleurs-nationales\\\/#mainImage\"},\"datePublished\":\"2026-09-02T11:23:07+01:00\",\"dateModified\":\"2026-09-02T11:23:14+01:00\"},{\"@type\":\"WebSite\",\"@id\":\"https:\\\/\\\/lasentinelle.dz\\\/#website\",\"url\":\"https:\\\/\\\/lasentinelle.dz\\\/\",\"name\":\"La Sentinelle\",\"description\":\"Quotidien national d'information\",\"inLanguage\":\"fr-FR\",\"publisher\":{\"@id\":\"https:\\\/\\\/lasentinelle.dz\\\/#organization\"}}]}\n\t\t<\/script>\n\t\t<!-- All in One SEO -->\n\n","aioseo_head_json":{"title":"Ils d\u00e9dient leurs m\u00e9dailles au peuple alg\u00e9rien : Des champions fiers de porter les couleurs nationales - La Sentinelle","description":"Sacr\u00e9s en l'espace de deux jours aux Jeux m\u00e9diterran\u00e9ens de Tarente, le demi-fondeur Djamel Sedjati et les jeunes footballeurs alg\u00e9riens ont livr\u00e9 des t\u00e9moignages empreints de fiert\u00e9 et d'\u00e9motion, d\u00e9diant leurs m\u00e9dailles d'or au peuple alg\u00e9rien tout en ayant une pens\u00e9e pour les victimes des incendies ayant r\u00e9cemment endeuill\u00e9 plusieurs r\u00e9gions du pays. Couronn\u00e9 lundi","canonical_url":"https:\/\/lasentinelle.dz\/index.php\/2026\/09\/02\/ils-dedient-leurs-medailles-au-peuple-algerien-des-champions-fiers-de-porter-les-couleurs-nationales\/","robots":"max-image-preview:large","keywords":"","webmasterTools":{"miscellaneous":""},"schema":{"@context":"https:\/\/schema.org","@graph":[{"@type":"BlogPosting","@id":"https:\/\/lasentinelle.dz\/index.php\/2026\/09\/02\/ils-dedient-leurs-medailles-au-peuple-algerien-des-champions-fiers-de-porter-les-couleurs-nationales\/#blogposting","name":"Ils d\u00e9dient leurs m\u00e9dailles au peuple alg\u00e9rien : Des champions fiers de porter les couleurs nationales - La Sentinelle","headline":"Ils d\u00e9dient leurs m\u00e9dailles au peuple alg\u00e9rien\u00a0: Des champions fiers de porter les couleurs nationales","author":{"@id":"https:\/\/lasentinelle.dz\/author\/admin\/#author"},"publisher":{"@id":"https:\/\/lasentinelle.dz\/#organization"},"image":{"@type":"ImageObject","url":"https:\/\/lasentinelle.dz\/wp-content\/uploads\/2026\/09\/sedjati-1.jpeg","width":2048,"height":1365},"datePublished":"2026-09-02T11:23:07+01:00","dateModified":"2026-09-02T11:23:14+01:00","inLanguage":"fr-FR","mainEntityOfPage":{"@id":"https:\/\/lasentinelle.dz\/index.php\/2026\/09\/02\/ils-dedient-leurs-medailles-au-peuple-algerien-des-champions-fiers-de-porter-les-couleurs-nationales\/#webpage"},"isPartOf":{"@id":"https:\/\/lasentinelle.dz\/index.php\/2026\/09\/02\/ils-dedient-leurs-medailles-au-peuple-algerien-des-champions-fiers-de-porter-les-couleurs-nationales\/#webpage"},"articleSection":"Sports"},{"@type":"BreadcrumbList","@id":"https:\/\/lasentinelle.dz\/index.php\/2026\/09\/02\/ils-dedient-leurs-medailles-au-peuple-algerien-des-champions-fiers-de-porter-les-couleurs-nationales\/#breadcrumblist","itemListElement":[{"@type":"ListItem","@id":"https:\/\/lasentinelle.dz#listItem","position":1,"name":"Home","item":"https:\/\/lasentinelle.dz","nextItem":{"@type":"ListItem","@id":"https:\/\/lasentinelle.dz\/index.php\/category\/sports\/#listItem","name":"Sports"}},{"@type":"ListItem","@id":"https:\/\/lasentinelle.dz\/index.php\/category\/sports\/#listItem","position":2,"name":"Sports","item":"https:\/\/lasentinelle.dz\/index.php\/category\/sports\/","nextItem":{"@type":"ListItem","@id":"https:\/\/lasentinelle.dz\/index.php\/2026\/09\/02\/ils-dedient-leurs-medailles-au-peuple-algerien-des-champions-fiers-de-porter-les-couleurs-nationales\/#listItem","name":"Ils d\u00e9dient leurs m\u00e9dailles au peuple alg\u00e9rien\u00a0: Des champions fiers de porter les couleurs nationales"},"previousItem":{"@type":"ListItem","@id":"https:\/\/lasentinelle.dz#listItem","name":"Home"}},{"@type":"ListItem","@id":"https:\/\/lasentinelle.dz\/index.php\/2026\/09\/02\/ils-dedient-leurs-medailles-au-peuple-algerien-des-champions-fiers-de-porter-les-couleurs-nationales\/#listItem","position":3,"name":"Ils d\u00e9dient leurs m\u00e9dailles au peuple alg\u00e9rien\u00a0: Des champions fiers de porter les couleurs nationales","previousItem":{"@type":"ListItem","@id":"https:\/\/lasentinelle.dz\/index.php\/category\/sports\/#listItem","name":"Sports"}}]},{"@type":"Organization","@id":"https:\/\/lasentinelle.dz\/#organization","name":"La Sentinelle La Sentinelle","description":"Quotidien national d'information","url":"https:\/\/lasentinelle.dz\/","logo":{"@type":"ImageObject","url":"https:\/\/lasentinelle.dz\/wp-content\/uploads\/2021\/09\/cropped-la-sentinelle-earth-golden-anima-5.gif","@id":"https:\/\/lasentinelle.dz\/index.php\/2026\/09\/02\/ils-dedient-leurs-medailles-au-peuple-algerien-des-champions-fiers-de-porter-les-couleurs-nationales\/#organizationLogo","width":450,"height":213},"image":{"@id":"https:\/\/lasentinelle.dz\/index.php\/2026\/09\/02\/ils-dedient-leurs-medailles-au-peuple-algerien-des-champions-fiers-de-porter-les-couleurs-nationales\/#organizationLogo"},"sameAs":["https:\/\/www.facebook.com\/azzedine.lasentinelle.1"]},{"@type":"Person","@id":"https:\/\/lasentinelle.dz\/author\/admin\/#author","url":"https:\/\/lasentinelle.dz\/author\/admin\/","name":"admin","image":{"@type":"ImageObject","@id":"https:\/\/lasentinelle.dz\/index.php\/2026\/09\/02\/ils-dedient-leurs-medailles-au-peuple-algerien-des-champions-fiers-de-porter-les-couleurs-nationales\/#authorImage","url":"https:\/\/secure.gravatar.com\/avatar\/4c81fed838786e9b53f540bf46533e750f5d292099ae3b66cfc6fb1982e29df7?s=96&d=mm&r=g","width":96,"height":96,"caption":"admin"}},{"@type":"WebPage","@id":"https:\/\/lasentinelle.dz\/index.php\/2026\/09\/02\/ils-dedient-leurs-medailles-au-peuple-algerien-des-champions-fiers-de-porter-les-couleurs-nationales\/#webpage","url":"https:\/\/lasentinelle.dz\/index.php\/2026\/09\/02\/ils-dedient-leurs-medailles-au-peuple-algerien-des-champions-fiers-de-porter-les-couleurs-nationales\/","name":"Ils d\u00e9dient leurs m\u00e9dailles au peuple alg\u00e9rien : Des champions fiers de porter les couleurs nationales - La Sentinelle","description":"Sacr\u00e9s en l'espace de deux jours aux Jeux m\u00e9diterran\u00e9ens de Tarente, le demi-fondeur Djamel Sedjati et les jeunes footballeurs alg\u00e9riens ont livr\u00e9 des t\u00e9moignages empreints de fiert\u00e9 et d'\u00e9motion, d\u00e9diant leurs m\u00e9dailles d'or au peuple alg\u00e9rien tout en ayant une pens\u00e9e pour les victimes des incendies ayant r\u00e9cemment endeuill\u00e9 plusieurs r\u00e9gions du pays. Couronn\u00e9 lundi","inLanguage":"fr-FR","isPartOf":{"@id":"https:\/\/lasentinelle.dz\/#website"},"breadcrumb":{"@id":"https:\/\/lasentinelle.dz\/index.php\/2026\/09\/02\/ils-dedient-leurs-medailles-au-peuple-algerien-des-champions-fiers-de-porter-les-couleurs-nationales\/#breadcrumblist"},"author":{"@id":"https:\/\/lasentinelle.dz\/author\/admin\/#author"},"creator":{"@id":"https:\/\/lasentinelle.dz\/author\/admin\/#author"},"image":{"@type":"ImageObject","url":"https:\/\/lasentinelle.dz\/wp-content\/uploads\/2026\/09\/sedjati-1.jpeg","@id":"https:\/\/lasentinelle.dz\/index.php\/2026\/09\/02\/ils-dedient-leurs-medailles-au-peuple-algerien-des-champions-fiers-de-porter-les-couleurs-nationales\/#mainImage","width":2048,"height":1365},"primaryImageOfPage":{"@id":"https:\/\/lasentinelle.dz\/index.php\/2026\/09\/02\/ils-dedient-leurs-medailles-au-peuple-algerien-des-champions-fiers-de-porter-les-couleurs-nationales\/#mainImage"},"datePublished":"2026-09-02T11:23:07+01:00","dateModified":"2026-09-02T11:23:14+01:00"},{"@type":"WebSite","@id":"https:\/\/lasentinelle.dz\/#website","url":"https:\/\/lasentinelle.dz\/","name":"La Sentinelle","description":"Quotidien national d'information","inLanguage":"fr-FR","publisher":{"@id":"https:\/\/lasentinelle.dz\/#organization"}}]},"og:locale":"fr_FR","og:site_name":"La Sentinelle - Quotidien national d'information","og:type":"article","og:title":"Ils d\u00e9dient leurs m\u00e9dailles au peuple alg\u00e9rien : Des champions fiers de porter les couleurs nationales - La Sentinelle","og:description":"Sacr\u00e9s en l'espace de deux jours aux Jeux m\u00e9diterran\u00e9ens de Tarente, le demi-fondeur Djamel Sedjati et les jeunes footballeurs alg\u00e9riens ont livr\u00e9 des t\u00e9moignages empreints de fiert\u00e9 et d'\u00e9motion, d\u00e9diant leurs m\u00e9dailles d'or au peuple alg\u00e9rien tout en ayant une pens\u00e9e pour les victimes des incendies ayant r\u00e9cemment endeuill\u00e9 plusieurs r\u00e9gions du pays. Couronn\u00e9 lundi","og:url":"https:\/\/lasentinelle.dz\/index.php\/2026\/09\/02\/ils-dedient-leurs-medailles-au-peuple-algerien-des-champions-fiers-de-porter-les-couleurs-nationales\/","og:image":"https:\/\/lasentinelle.dz\/wp-content\/uploads\/2021\/09\/cropped-la-sentinelle-earth-golden-anima-5.gif","og:image:secure_url":"https:\/\/lasentinelle.dz\/wp-content\/uploads\/2021\/09\/cropped-la-sentinelle-earth-golden-anima-5.gif","og:image:width":450,"og:image:height":213,"article:published_time":"2026-09-02T10:23:07+00:00","article:modified_time":"2026-09-02T10:23:14+00:00","article:publisher":"https:\/\/www.facebook.com\/azzedine.lasentinelle.1","twitter:card":"summary_large_image","twitter:title":"Ils d\u00e9dient leurs m\u00e9dailles au peuple alg\u00e9rien : Des champions fiers de porter les couleurs nationales - La Sentinelle","twitter:description":"Sacr\u00e9s en l'espace de deux jours aux Jeux m\u00e9diterran\u00e9ens de Tarente, le demi-fondeur Djamel Sedjati et les jeunes footballeurs alg\u00e9riens ont livr\u00e9 des t\u00e9moignages empreints de fiert\u00e9 et d'\u00e9motion, d\u00e9diant leurs m\u00e9dailles d'or au peuple alg\u00e9rien tout en ayant une pens\u00e9e pour les victimes des incendies ayant r\u00e9cemment endeuill\u00e9 plusieurs r\u00e9gions du pays. Couronn\u00e9 lundi","twitter:image":"https:\/\/lasentinelle.dz\/wp-content\/uploads\/2021\/09\/cropped-la-sentinelle-earth-golden-anima-5.gif"},"aioseo_meta_data":{"post_id":"94788","title":null,"description":null,"keywords":null,"keyphrases":{"focus":{"keyphrase":"","score":0,"analysis":{"keyphraseInTitle":{"score":0,"maxScore":9,"error":1}}},"additional":[]},"primary_term":null,"canonical_url":null,"og_title":null,"og_description":null,"og_object_type":"default","og_image_type":"default","og_image_url":null,"og_image_width":null,"og_image_height":null,"og_image_custom_url":null,"og_image_custom_fields":null,"og_video":"","og_custom_url":null,"og_article_section":null,"og_article_tags":null,"twitter_use_og":false,"twitter_card":"default","twitter_image_type":"default","twitter_image_url":null,"twitter_image_custom_url":null,"twitter_image_custom_fields":null,"twitter_title":null,"twitter_description":null,"schema":{"blockGraphs":[],"customGraphs":[],"default":{"data":{"Article":[],"Course":[],"Dataset":[],"FAQPage":[],"Movie":[],"Person":[],"Product":[],"ProductReview":[],"Car":[],"Recipe":[],"Service":[],"SoftwareApplication":[],"WebPage":[]},"graphName":"BlogPosting","isEnabled":true},"graphs":[]},"schema_type":"default","schema_type_options":null,"pillar_content":false,"robots_default":true,"robots_noindex":false,"robots_noarchive":false,"robots_nosnippet":false,"robots_nofollow":false,"robots_noimageindex":false,"robots_noodp":false,"robots_notranslate":false,"robots_max_snippet":"-1","robots_max_videopreview":"-1","robots_max_imagepreview":"large","priority":null,"frequency":"default","local_seo":null,"breadcrumb_settings":null,"limit_modified_date":false,"ai":{"faqs":[],"keyPoints":[],"schemas":[],"titles":[],"descriptions":[],"socialPosts":{"email":{"subject":"","preview":"","content":""},"linkedin":[],"twitter":[],"facebook":[],"instagram":[]}},"created":"2026-09-02 10:23:15","updated":"2026-09-02 11:04:29","focus_keyword":null,"additional_keywords":null,"truseo_locale":null,"seo_analyzer_scan_date":null},"aioseo_breadcrumb":"<div class=\"aioseo-breadcrumbs\"><span class=\"aioseo-breadcrumb\">\n\t\t\t<a href=\"https:\/\/lasentinelle.dz\" title=\"Home\">Home<\/a>\n\t\t<\/span><span class=\"aioseo-breadcrumb-separator\">&raquo;<\/span><span class=\"aioseo-breadcrumb\">\n\t\t\t<a href=\"https:\/\/lasentinelle.dz\/index.php\/category\/sports\/\" title=\"Sports\">Sports<\/a>\n\t\t<\/span><span class=\"aioseo-breadcrumb-separator\">&raquo;<\/span><span class=\"aioseo-breadcrumb\">\n\t\t\tIls d\u00e9dient leurs m\u00e9dailles au peuple alg\u00e9rien : Des champions fiers de porter les couleurs nationales\n\t\t<\/span><\/div>","aioseo_breadcrumb_json":[{"label":"Home","link":"https:\/\/lasentinelle.dz"},{"label":"Sports","link":"https:\/\/lasentinelle.dz\/index.php\/category\/sports\/"},{"label":"Ils d\u00e9dient leurs m\u00e9dailles au peuple alg\u00e9rien\u00a0: Des champions fiers de porter les couleurs nationales","link":"https:\/\/lasentinelle.dz\/index.php\/2026\/09\/02\/ils-dedient-leurs-medailles-au-peuple-algerien-des-champions-fiers-de-porter-les-couleurs-nationales\/"}],"yoast_head":"<!-- This site is optimized with the Yoast SEO plugin v28.4 - https:\/\/yoast.com\/product\/yoast-seo-wordpress\/ -->\n<title>Ils d\u00e9dient leurs m\u00e9dailles au peuple alg\u00e9rien\u00a0: Des champions fiers de porter les couleurs nationales - La Sentinelle<\/title>\n<meta name=\"robots\" content=\"index, follow, max-snippet:-1, max-image-preview:large, max-video-preview:-1\" \/>\n<link rel=\"canonical\" href=\"https:\/\/lasentinelle.dz\/index.php\/2026\/09\/02\/ils-dedient-leurs-medailles-au-peuple-algerien-des-champions-fiers-de-porter-les-couleurs-nationales\/\" \/>\n<meta property=\"og:locale\" content=\"fr_FR\" \/>\n<meta property=\"og:type\" content=\"article\" \/>\n<meta property=\"og:title\" content=\"Ils d\u00e9dient leurs m\u00e9dailles au peuple alg\u00e9rien\u00a0: Des champions fiers de porter les couleurs nationales - La Sentinelle\" \/>\n<meta property=\"og:description\" content=\"Sacr\u00e9s en l&rsquo;espace de deux jours aux Jeux m\u00e9diterran\u00e9ens de Tarente, le demi-fondeur Djamel Sedjati et les jeunes footballeurs alg\u00e9riens\" \/>\n<meta property=\"og:url\" content=\"https:\/\/lasentinelle.dz\/index.php\/2026\/09\/02\/ils-dedient-leurs-medailles-au-peuple-algerien-des-champions-fiers-de-porter-les-couleurs-nationales\/\" \/>\n<meta property=\"og:site_name\" content=\"La Sentinelle\" \/>\n<meta property=\"article:publisher\" content=\"https:\/\/www.facebook.com\/La-Sentinelle-104059864394773\" \/>\n<meta property=\"article:published_time\" content=\"2026-09-02T10:23:07+00:00\" \/>\n<meta property=\"article:modified_time\" content=\"2026-09-02T10:23:14+00:00\" \/>\n<meta property=\"og:image\" content=\"https:\/\/lasentinelle.dz\/wp-content\/uploads\/2026\/09\/sedjati-1.jpeg\" \/>\n\t<meta property=\"og:image:width\" content=\"2048\" \/>\n\t<meta property=\"og:image:height\" content=\"1365\" \/>\n\t<meta property=\"og:image:type\" content=\"image\/jpeg\" \/>\n<meta name=\"author\" content=\"admin\" \/>\n<meta name=\"twitter:card\" content=\"summary_large_image\" \/>\n<meta name=\"twitter:label1\" content=\"\u00c9crit par\" \/>\n\t<meta name=\"twitter:data1\" content=\"admin\" \/>\n\t<meta name=\"twitter:label2\" content=\"Dur\u00e9e de lecture estim\u00e9e\" \/>\n\t<meta name=\"twitter:data2\" content=\"4 minutes\" \/>\n<script type=\"application\/ld+json\" class=\"yoast-schema-graph\">{\"@context\":\"https:\\\/\\\/schema.org\",\"@graph\":[{\"@type\":\"Article\",\"@id\":\"https:\\\/\\\/lasentinelle.dz\\\/index.php\\\/2026\\\/09\\\/02\\\/ils-dedient-leurs-medailles-au-peuple-algerien-des-champions-fiers-de-porter-les-couleurs-nationales\\\/#article\",\"isPartOf\":{\"@id\":\"https:\\\/\\\/lasentinelle.dz\\\/index.php\\\/2026\\\/09\\\/02\\\/ils-dedient-leurs-medailles-au-peuple-algerien-des-champions-fiers-de-porter-les-couleurs-nationales\\\/\"},\"author\":{\"name\":\"admin\",\"@id\":\"https:\\\/\\\/lasentinelle.dz\\\/#\\\/schema\\\/person\\\/729ee0024f24e0b8c5ec17232f8e8b41\"},\"headline\":\"Ils d\u00e9dient leurs m\u00e9dailles au peuple alg\u00e9rien\u00a0: Des champions fiers de porter les couleurs nationales\",\"datePublished\":\"2026-09-02T10:23:07+00:00\",\"dateModified\":\"2026-09-02T10:23:14+00:00\",\"mainEntityOfPage\":{\"@id\":\"https:\\\/\\\/lasentinelle.dz\\\/index.php\\\/2026\\\/09\\\/02\\\/ils-dedient-leurs-medailles-au-peuple-algerien-des-champions-fiers-de-porter-les-couleurs-nationales\\\/\"},\"wordCount\":780,\"commentCount\":0,\"publisher\":{\"@id\":\"https:\\\/\\\/lasentinelle.dz\\\/#organization\"},\"image\":{\"@id\":\"https:\\\/\\\/lasentinelle.dz\\\/index.php\\\/2026\\\/09\\\/02\\\/ils-dedient-leurs-medailles-au-peuple-algerien-des-champions-fiers-de-porter-les-couleurs-nationales\\\/#primaryimage\"},\"thumbnailUrl\":\"https:\\\/\\\/lasentinelle.dz\\\/wp-content\\\/uploads\\\/2026\\\/09\\\/sedjati-1.jpeg\",\"articleSection\":[\"Sports\"],\"inLanguage\":\"fr-FR\",\"potentialAction\":[{\"@type\":\"CommentAction\",\"name\":\"Comment\",\"target\":[\"https:\\\/\\\/lasentinelle.dz\\\/index.php\\\/2026\\\/09\\\/02\\\/ils-dedient-leurs-medailles-au-peuple-algerien-des-champions-fiers-de-porter-les-couleurs-nationales\\\/#respond\"]}]},{\"@type\":\"WebPage\",\"@id\":\"https:\\\/\\\/lasentinelle.dz\\\/index.php\\\/2026\\\/09\\\/02\\\/ils-dedient-leurs-medailles-au-peuple-algerien-des-champions-fiers-de-porter-les-couleurs-nationales\\\/\",\"url\":\"https:\\\/\\\/lasentinelle.dz\\\/index.php\\\/2026\\\/09\\\/02\\\/ils-dedient-leurs-medailles-au-peuple-algerien-des-champions-fiers-de-porter-les-couleurs-nationales\\\/\",\"name\":\"Ils d\u00e9dient leurs m\u00e9dailles au peuple alg\u00e9rien\u00a0: Des champions fiers de porter les couleurs nationales - La Sentinelle\",\"isPartOf\":{\"@id\":\"https:\\\/\\\/lasentinelle.dz\\\/#website\"},\"primaryImageOfPage\":{\"@id\":\"https:\\\/\\\/lasentinelle.dz\\\/index.php\\\/2026\\\/09\\\/02\\\/ils-dedient-leurs-medailles-au-peuple-algerien-des-champions-fiers-de-porter-les-couleurs-nationales\\\/#primaryimage\"},\"image\":{\"@id\":\"https:\\\/\\\/lasentinelle.dz\\\/index.php\\\/2026\\\/09\\\/02\\\/ils-dedient-leurs-medailles-au-peuple-algerien-des-champions-fiers-de-porter-les-couleurs-nationales\\\/#primaryimage\"},\"thumbnailUrl\":\"https:\\\/\\\/lasentinelle.dz\\\/wp-content\\\/uploads\\\/2026\\\/09\\\/sedjati-1.jpeg\",\"datePublished\":\"2026-09-02T10:23:07+00:00\",\"dateModified\":\"2026-09-02T10:23:14+00:00\",\"breadcrumb\":{\"@id\":\"https:\\\/\\\/lasentinelle.dz\\\/index.php\\\/2026\\\/09\\\/02\\\/ils-dedient-leurs-medailles-au-peuple-algerien-des-champions-fiers-de-porter-les-couleurs-nationales\\\/#breadcrumb\"},\"inLanguage\":\"fr-FR\",\"potentialAction\":[{\"@type\":\"ReadAction\",\"target\":[\"https:\\\/\\\/lasentinelle.dz\\\/index.php\\\/2026\\\/09\\\/02\\\/ils-dedient-leurs-medailles-au-peuple-algerien-des-champions-fiers-de-porter-les-couleurs-nationales\\\/\"]}]},{\"@type\":\"ImageObject\",\"inLanguage\":\"fr-FR\",\"@id\":\"https:\\\/\\\/lasentinelle.dz\\\/index.php\\\/2026\\\/09\\\/02\\\/ils-dedient-leurs-medailles-au-peuple-algerien-des-champions-fiers-de-porter-les-couleurs-nationales\\\/#primaryimage\",\"url\":\"https:\\\/\\\/lasentinelle.dz\\\/wp-content\\\/uploads\\\/2026\\\/09\\\/sedjati-1.jpeg\",\"contentUrl\":\"https:\\\/\\\/lasentinelle.dz\\\/wp-content\\\/uploads\\\/2026\\\/09\\\/sedjati-1.jpeg\",\"width\":2048,\"height\":1365},{\"@type\":\"BreadcrumbList\",\"@id\":\"https:\\\/\\\/lasentinelle.dz\\\/index.php\\\/2026\\\/09\\\/02\\\/ils-dedient-leurs-medailles-au-peuple-algerien-des-champions-fiers-de-porter-les-couleurs-nationales\\\/#breadcrumb\",\"itemListElement\":[{\"@type\":\"ListItem\",\"position\":1,\"name\":\"Accueil\",\"item\":\"https:\\\/\\\/lasentinelle.dz\\\/\"},{\"@type\":\"ListItem\",\"position\":2,\"name\":\"Ils d\u00e9dient leurs m\u00e9dailles au peuple alg\u00e9rien\u00a0: Des champions fiers de porter les couleurs nationales\"}]},{\"@type\":\"WebSite\",\"@id\":\"https:\\\/\\\/lasentinelle.dz\\\/#website\",\"url\":\"https:\\\/\\\/lasentinelle.dz\\\/\",\"name\":\"La Sentinelle\",\"description\":\"Quotidien national d&#039;information\",\"publisher\":{\"@id\":\"https:\\\/\\\/lasentinelle.dz\\\/#organization\"},\"potentialAction\":[{\"@type\":\"SearchAction\",\"target\":{\"@type\":\"EntryPoint\",\"urlTemplate\":\"https:\\\/\\\/lasentinelle.dz\\\/?s={search_term_string}\"},\"query-input\":{\"@type\":\"PropertyValueSpecification\",\"valueRequired\":true,\"valueName\":\"search_term_string\"}}],\"inLanguage\":\"fr-FR\"},{\"@type\":\"Organization\",\"@id\":\"https:\\\/\\\/lasentinelle.dz\\\/#organization\",\"name\":\"Quotidien La Sentinelle\",\"url\":\"https:\\\/\\\/lasentinelle.dz\\\/\",\"logo\":{\"@type\":\"ImageObject\",\"inLanguage\":\"fr-FR\",\"@id\":\"https:\\\/\\\/lasentinelle.dz\\\/#\\\/schema\\\/logo\\\/image\\\/\",\"url\":\"https:\\\/\\\/lasentinelle.dz\\\/wp-content\\\/uploads\\\/2021\\\/09\\\/logo-sentinelleSLOGAN-1.png\",\"contentUrl\":\"https:\\\/\\\/lasentinelle.dz\\\/wp-content\\\/uploads\\\/2021\\\/09\\\/logo-sentinelleSLOGAN-1.png\",\"width\":615,\"height\":142,\"caption\":\"Quotidien La Sentinelle\"},\"image\":{\"@id\":\"https:\\\/\\\/lasentinelle.dz\\\/#\\\/schema\\\/logo\\\/image\\\/\"},\"sameAs\":[\"https:\\\/\\\/www.facebook.com\\\/La-Sentinelle-104059864394773\"]},{\"@type\":\"Person\",\"@id\":\"https:\\\/\\\/lasentinelle.dz\\\/#\\\/schema\\\/person\\\/729ee0024f24e0b8c5ec17232f8e8b41\",\"name\":\"admin\",\"image\":{\"@type\":\"ImageObject\",\"inLanguage\":\"fr-FR\",\"@id\":\"https:\\\/\\\/secure.gravatar.com\\\/avatar\\\/4c81fed838786e9b53f540bf46533e750f5d292099ae3b66cfc6fb1982e29df7?s=96&d=mm&r=g\",\"url\":\"https:\\\/\\\/secure.gravatar.com\\\/avatar\\\/4c81fed838786e9b53f540bf46533e750f5d292099ae3b66cfc6fb1982e29df7?s=96&d=mm&r=g\",\"contentUrl\":\"https:\\\/\\\/secure.gravatar.com\\\/avatar\\\/4c81fed838786e9b53f540bf46533e750f5d292099ae3b66cfc6fb1982e29df7?s=96&d=mm&r=g\",\"caption\":\"admin\"},\"description\":\"admin\",\"url\":\"https:\\\/\\\/lasentinelle.dz\\\/author\\\/admin\\\/\"}]}<\/script>\n<!-- \/ Yoast SEO plugin. -->","yoast_head_json":{"title":"Ils d\u00e9dient leurs m\u00e9dailles au peuple alg\u00e9rien\u00a0: Des champions fiers de porter les couleurs nationales - La Sentinelle","robots":{"index":"index","follow":"follow","max-snippet":"max-snippet:-1","max-image-preview":"max-image-preview:large","max-video-preview":"max-video-preview:-1"},"canonical":"https:\/\/lasentinelle.dz\/index.php\/2026\/09\/02\/ils-dedient-leurs-medailles-au-peuple-algerien-des-champions-fiers-de-porter-les-couleurs-nationales\/","og_locale":"fr_FR","og_type":"article","og_title":"Ils d\u00e9dient leurs m\u00e9dailles au peuple alg\u00e9rien\u00a0: Des champions fiers de porter les couleurs nationales - La Sentinelle","og_description":"Sacr\u00e9s en l&rsquo;espace de deux jours aux Jeux m\u00e9diterran\u00e9ens de Tarente, le demi-fondeur Djamel Sedjati et les jeunes footballeurs alg\u00e9riens","og_url":"https:\/\/lasentinelle.dz\/index.php\/2026\/09\/02\/ils-dedient-leurs-medailles-au-peuple-algerien-des-champions-fiers-de-porter-les-couleurs-nationales\/","og_site_name":"La Sentinelle","article_publisher":"https:\/\/www.facebook.com\/La-Sentinelle-104059864394773","article_published_time":"2026-09-02T10:23:07+00:00","article_modified_time":"2026-09-02T10:23:14+00:00","og_image":[{"width":2048,"height":1365,"url":"https:\/\/lasentinelle.dz\/wp-content\/uploads\/2026\/09\/sedjati-1.jpeg","type":"image\/jpeg"}],"author":"admin","twitter_card":"summary_large_image","twitter_misc":{"\u00c9crit par":"admin","Dur\u00e9e de lecture estim\u00e9e":"4 minutes"},"schema":{"@context":"https:\/\/schema.org","@graph":[{"@type":"Article","@id":"https:\/\/lasentinelle.dz\/index.php\/2026\/09\/02\/ils-dedient-leurs-medailles-au-peuple-algerien-des-champions-fiers-de-porter-les-couleurs-nationales\/#article","isPartOf":{"@id":"https:\/\/lasentinelle.dz\/index.php\/2026\/09\/02\/ils-dedient-leurs-medailles-au-peuple-algerien-des-champions-fiers-de-porter-les-couleurs-nationales\/"},"author":{"name":"admin","@id":"https:\/\/lasentinelle.dz\/#\/schema\/person\/729ee0024f24e0b8c5ec17232f8e8b41"},"headline":"Ils d\u00e9dient leurs m\u00e9dailles au peuple alg\u00e9rien\u00a0: Des champions fiers de porter les couleurs nationales","datePublished":"2026-09-02T10:23:07+00:00","dateModified":"2026-09-02T10:23:14+00:00","mainEntityOfPage":{"@id":"https:\/\/lasentinelle.dz\/index.php\/2026\/09\/02\/ils-dedient-leurs-medailles-au-peuple-algerien-des-champions-fiers-de-porter-les-couleurs-nationales\/"},"wordCount":780,"commentCount":0,"publisher":{"@id":"https:\/\/lasentinelle.dz\/#organization"},"image":{"@id":"https:\/\/lasentinelle.dz\/index.php\/2026\/09\/02\/ils-dedient-leurs-medailles-au-peuple-algerien-des-champions-fiers-de-porter-les-couleurs-nationales\/#primaryimage"},"thumbnailUrl":"https:\/\/lasentinelle.dz\/wp-content\/uploads\/2026\/09\/sedjati-1.jpeg","articleSection":["Sports"],"inLanguage":"fr-FR","potentialAction":[{"@type":"CommentAction","name":"Comment","target":["https:\/\/lasentinelle.dz\/index.php\/2026\/09\/02\/ils-dedient-leurs-medailles-au-peuple-algerien-des-champions-fiers-de-porter-les-couleurs-nationales\/#respond"]}]},{"@type":"WebPage","@id":"https:\/\/lasentinelle.dz\/index.php\/2026\/09\/02\/ils-dedient-leurs-medailles-au-peuple-algerien-des-champions-fiers-de-porter-les-couleurs-nationales\/","url":"https:\/\/lasentinelle.dz\/index.php\/2026\/09\/02\/ils-dedient-leurs-medailles-au-peuple-algerien-des-champions-fiers-de-porter-les-couleurs-nationales\/","name":"Ils d\u00e9dient leurs m\u00e9dailles au peuple alg\u00e9rien\u00a0: Des champions fiers de porter les couleurs nationales - La Sentinelle","isPartOf":{"@id":"https:\/\/lasentinelle.dz\/#website"},"primaryImageOfPage":{"@id":"https:\/\/lasentinelle.dz\/index.php\/2026\/09\/02\/ils-dedient-leurs-medailles-au-peuple-algerien-des-champions-fiers-de-porter-les-couleurs-nationales\/#primaryimage"},"image":{"@id":"https:\/\/lasentinelle.dz\/index.php\/2026\/09\/02\/ils-dedient-leurs-medailles-au-peuple-algerien-des-champions-fiers-de-porter-les-couleurs-nationales\/#primaryimage"},"thumbnailUrl":"https:\/\/lasentinelle.dz\/wp-content\/uploads\/2026\/09\/sedjati-1.jpeg","datePublished":"2026-09-02T10:23:07+00:00","dateModified":"2026-09-02T10:23:14+00:00","breadcrumb":{"@id":"https:\/\/lasentinelle.dz\/index.php\/2026\/09\/02\/ils-dedient-leurs-medailles-au-peuple-algerien-des-champions-fiers-de-porter-les-couleurs-nationales\/#breadcrumb"},"inLanguage":"fr-FR","potentialAction":[{"@type":"ReadAction","target":["https:\/\/lasentinelle.dz\/index.php\/2026\/09\/02\/ils-dedient-leurs-medailles-au-peuple-algerien-des-champions-fiers-de-porter-les-couleurs-nationales\/"]}]},{"@type":"ImageObject","inLanguage":"fr-FR","@id":"https:\/\/lasentinelle.dz\/index.php\/2026\/09\/02\/ils-dedient-leurs-medailles-au-peuple-algerien-des-champions-fiers-de-porter-les-couleurs-nationales\/#primaryimage","url":"https:\/\/lasentinelle.dz\/wp-content\/uploads\/2026\/09\/sedjati-1.jpeg","contentUrl":"https:\/\/lasentinelle.dz\/wp-content\/uploads\/2026\/09\/sedjati-1.jpeg","width":2048,"height":1365},{"@type":"BreadcrumbList","@id":"https:\/\/lasentinelle.dz\/index.php\/2026\/09\/02\/ils-dedient-leurs-medailles-au-peuple-algerien-des-champions-fiers-de-porter-les-couleurs-nationales\/#breadcrumb","itemListElement":[{"@type":"ListItem","position":1,"name":"Accueil","item":"https:\/\/lasentinelle.dz\/"},{"@type":"ListItem","position":2,"name":"Ils d\u00e9dient leurs m\u00e9dailles au peuple alg\u00e9rien\u00a0: Des champions fiers de porter les couleurs nationales"}]},{"@type":"WebSite","@id":"https:\/\/lasentinelle.dz\/#website","url":"https:\/\/lasentinelle.dz\/","name":"La Sentinelle","description":"Quotidien national d&#039;information","publisher":{"@id":"https:\/\/lasentinelle.dz\/#organization"},"potentialAction":[{"@type":"SearchAction","target":{"@type":"EntryPoint","urlTemplate":"https:\/\/lasentinelle.dz\/?s={search_term_string}"},"query-input":{"@type":"PropertyValueSpecification","valueRequired":true,"valueName":"search_term_string"}}],"inLanguage":"fr-FR"},{"@type":"Organization","@id":"https:\/\/lasentinelle.dz\/#organization","name":"Quotidien La Sentinelle","url":"https:\/\/lasentinelle.dz\/","logo":{"@type":"ImageObject","inLanguage":"fr-FR","@id":"https:\/\/lasentinelle.dz\/#\/schema\/logo\/image\/","url":"https:\/\/lasentinelle.dz\/wp-content\/uploads\/2021\/09\/logo-sentinelleSLOGAN-1.png","contentUrl":"https:\/\/lasentinelle.dz\/wp-content\/uploads\/2021\/09\/logo-sentinelleSLOGAN-1.png","width":615,"height":142,"caption":"Quotidien La Sentinelle"},"image":{"@id":"https:\/\/lasentinelle.dz\/#\/schema\/logo\/image\/"},"sameAs":["https:\/\/www.facebook.com\/La-Sentinelle-104059864394773"]},{"@type":"Person","@id":"https:\/\/lasentinelle.dz\/#\/schema\/person\/729ee0024f24e0b8c5ec17232f8e8b41","name":"admin","image":{"@type":"ImageObject","inLanguage":"fr-FR","@id":"https:\/\/secure.gravatar.com\/avatar\/4c81fed838786e9b53f540bf46533e750f5d292099ae3b66cfc6fb1982e29df7?s=96&d=mm&r=g","url":"https:\/\/secure.gravatar.com\/avatar\/4c81fed838786e9b53f540bf46533e750f5d292099ae3b66cfc6fb1982e29df7?s=96&d=mm&r=g","contentUrl":"https:\/\/secure.gravatar.com\/avatar\/4c81fed838786e9b53f540bf46533e750f5d292099ae3b66cfc6fb1982e29df7?s=96&d=mm&r=g","caption":"admin"},"description":"admin","url":"https:\/\/lasentinelle.dz\/author\/admin\/"}]}},"_links":{"self":[{"href":"https:\/\/lasentinelle.dz\/index.php\/wp-json\/wp\/v2\/posts\/94788","targetHints":{"allow":["GET"]}}],"collection":[{"href":"https:\/\/lasentinelle.dz\/index.php\/wp-json\/wp\/v2\/posts"}],"about":[{"href":"https:\/\/lasentinelle.dz\/index.php\/wp-json\/wp\/v2\/types\/post"}],"author":[{"embeddable":true,"href":"https:\/\/lasentinelle.dz\/index.php\/wp-json\/wp\/v2\/users\/6"}],"replies":[{"embeddable":true,"href":"https:\/\/lasentinelle.dz\/index.php\/wp-json\/wp\/v2\/comments?post=94788"}],"version-history":[{"count":1,"href":"https:\/\/lasentinelle.dz\/index.php\/wp-json\/wp\/v2\/posts\/94788\/revisions"}],"predecessor-version":[{"id":94790,"href":"https:\/\/lasentinelle.dz\/index.php\/wp-json\/wp\/v2\/posts\/94788\/revisions\/94790"}],"wp:featuredmedia":[{"embeddable":true,"href":"https:\/\/lasentinelle.dz\/index.php\/wp-json\/wp\/v2\/media\/94789"}],"wp:attachment":[{"href":"https:\/\/lasentinelle.dz\/index.php\/wp-json\/wp\/v2\/media?parent=94788"}],"wp:term":[{"taxonomy":"category","embeddable":true,"href":"https:\/\/lasentinelle.dz\/index.php\/wp-json\/wp\/v2\/categories?post=94788"},{"taxonomy":"post_tag","embeddable":true,"href":"https:\/\/lasentinelle.dz\/index.php\/wp-json\/wp\/v2\/tags?post=94788"}],"curies":[{"name":"wp","href":"https:\/\/api.w.org\/{rel}","templated":true}]}}