{"id":94792,"date":"2026-09-02T11:24:27","date_gmt":"2026-09-02T10:24:27","guid":{"rendered":"https:\/\/lasentinelle.dz\/?p=94792"},"modified":"2026-09-02T11:24:32","modified_gmt":"2026-09-02T10:24:32","slug":"nemour-dedie-son-titre-aux-victimes-des-incendies","status":"publish","type":"post","link":"https:\/\/lasentinelle.dz\/index.php\/2026\/09\/02\/nemour-dedie-son-titre-aux-victimes-des-incendies\/","title":{"rendered":"Nemour d\u00e9die son titre aux victimes des incendies"},"content":{"rendered":"\n<p class=\"wp-block-paragraph\">Fra\u00eechement sacr\u00e9e championne m\u00e9diterran\u00e9enne du concours g\u00e9n\u00e9ral, la gymnaste alg\u00e9rienne Kaylia Nemour n&rsquo;a pas cach\u00e9 son \u00e9motion, mardi \u00e0 Grottaglie, o\u00f9 se disputent les \u00e9preuves de gymnastique artistique des Jeux m\u00e9diterran\u00e9ens de Tarente-2026, d\u00e9diant son titre aux victimes des r\u00e9cents incendies qu&rsquo;a connus l&rsquo;Alg\u00e9rie. \u00ab\u00a0Je suis tr\u00e8s contente de cette m\u00e9daille d&rsquo;or, que je d\u00e9die au peuple alg\u00e9rien, particuli\u00e8rement aux gens qui ont souffert des derniers incendies. Ce qui leur est arriv\u00e9 me touche de tr\u00e8s pr\u00e8s et je suis de tout c\u0153ur avec eux\u00a0\u00bb, a confi\u00e9 la championne olympique aux envoy\u00e9s sp\u00e9ciaux de l&rsquo;APS, avant de revenir sur sa prestation. \u00ab\u00a0Pendant cette finale, je me suis appliqu\u00e9e \u00e0 corriger les erreurs commises pendant les qualifications et c&rsquo;est ce qui m&rsquo;a permis d&rsquo;aller chercher le maximum\u00a0\u00bb, a-t-elle indiqu\u00e9. Une deuxi\u00e8me m\u00e9daille en l&rsquo;espace de 48 heures pour la gymnaste alg\u00e9rienne, apr\u00e8s le bronze glan\u00e9 par \u00e9quipe dimanche. &nbsp;\u00ab\u00a0J&rsquo;esp\u00e8re rester sur cette bonne dynamique, pour essayer de glaner d&rsquo;autres m\u00e9dailles, lors des finales que je disputerai mercredi\u00a0\u00bb, a-t-elle ajout\u00e9, avant d&rsquo;adresser ses remerciements \u00ab\u00a0au Pr\u00e9sident de la R\u00e9publique et au minist\u00e8re des Sports pour leur soutien ind\u00e9fectible\u00a0\u00bb.<\/p>\n\n\n\n<p class=\"wp-block-paragraph\">\u00c0 ses c\u00f4t\u00e9s, sa co\u00e9quipi\u00e8re et capitaine de la s\u00e9lection nationale, Djenna Laroui, a salu\u00e9 l&rsquo;esprit de groupe qui anime l&rsquo;\u00e9quipe alg\u00e9rienne.\u00a0\u00bbChaque jour que Dieu fait, nous nous surpassons dans le but de b\u00e2tir une \u00e9quipe comp\u00e9titive, capable de bien repr\u00e9senter l&rsquo;Alg\u00e9rie au plus haut niveau\u00a0\u00bb, affirme-t-elle. Sa propre comp\u00e9tition achev\u00e9e, la gymnaste alg\u00e9rienne a assur\u00e9 vouloir soutenir sa co\u00e9quipi\u00e8re jusqu&rsquo;au bout. \u00ab\u00a0En ce qui me concerne, la comp\u00e9tition est d\u00e9j\u00e0 termin\u00e9e, mais je serai la premi\u00e8re supportrice de Kaylia, avec l&rsquo;espoir de la voir glaner d&rsquo;autres m\u00e9dailles ce mercredi\u00a0\u00bb, a-t-elle ajout\u00e9<\/p>\n\n\n\n<p class=\"wp-block-paragraph\">De son c\u00f4t\u00e9, l&rsquo;entra\u00eeneur national Nadia Mass\u00e9 a salu\u00e9 la solidarit\u00e9 et les progr\u00e8s r\u00e9alis\u00e9s par le groupe, saluant en particulier le s\u00e9rieux de Kaylia Nemour. \u00ab\u00a0Ces bons r\u00e9sultats d\u00e9montrent la grande solidarit\u00e9 qui r\u00e8gne au sein du groupe, ainsi que les importants progr\u00e8s r\u00e9alis\u00e9s par la gymnastique alg\u00e9rienne au plus haut niveau\u00a0\u00bb, a-t-elle d\u00e9clar\u00e9. Et de conclure, tourn\u00e9e vers les prochaines \u00e9ch\u00e9ances affirmant que \u00ab\u00a0ces JM constituent une bonne pr\u00e9paration pour elle en pr\u00e9vision des prochains championnats du monde, o\u00f9 nous esp\u00e9rons la voir briller encore.\u00a0\u00bb<\/p>\n\n\n\n<p class=\"wp-block-paragraph\">M.D.<\/p>\n","protected":false},"excerpt":{"rendered":"<p>Fra\u00eechement sacr\u00e9e championne m\u00e9diterran\u00e9enne du concours g\u00e9n\u00e9ral, la gymnaste alg\u00e9rienne Kaylia Nemour n&rsquo;a pas cach\u00e9 son \u00e9motion, mardi \u00e0 Grottaglie,<\/p>\n","protected":false},"author":6,"featured_media":94793,"comment_status":"open","ping_status":"closed","sticky":false,"template":"","format":"standard","meta":{"colormag_page_container_layout":"default_layout","colormag_page_sidebar_layout":"default_layout","om_disable_all_campaigns":false,"_monsterinsights_skip_tracking":false,"footnotes":"","_wpscppro_dont_share_socialmedia":false,"_wpscppro_custom_social_share_image":0,"_facebook_share_type":"default","_twitter_share_type":"default","_linkedin_share_type":"default","_pinterest_share_type":"default","_linkedin_share_type_page":"","_instagram_share_type":"default","_medium_share_type":"default","_threads_share_type":"default","_google_business_share_type":"default","_bluesky_share_type":"default","_mastodon_share_type":"default","_selected_social_profile":[],"_wpsp_enable_custom_social_template":false,"_wpsp_social_scheduling":{"enabled":false,"datetime":null,"platforms":[],"status":"template_only","dateOption":"today","timeOption":"now","customDays":"","customHours":"","customDate":"","customTime":"","schedulingType":"absolute"},"_wpsp_active_default_template":true},"categories":[33],"tags":[],"class_list":["post-94792","post","type-post","status-publish","format-standard","has-post-thumbnail","hentry","category-sports"],"aioseo_notices":[],"aioseo_head":"\n\t\t<!-- All in One SEO 5.0.0.1 - aioseo.com -->\n\t<meta name=\"description\" content=\"Fra\u00eechement sacr\u00e9e championne m\u00e9diterran\u00e9enne du concours g\u00e9n\u00e9ral, la gymnaste alg\u00e9rienne Kaylia Nemour n&#039;a pas cach\u00e9 son \u00e9motion, mardi \u00e0 Grottaglie, o\u00f9 se disputent les \u00e9preuves de gymnastique artistique des Jeux m\u00e9diterran\u00e9ens de Tarente-2026, d\u00e9diant son titre aux victimes des r\u00e9cents incendies qu&#039;a connus l&#039;Alg\u00e9rie. &quot;Je suis tr\u00e8s contente de cette m\u00e9daille d&#039;or, que je d\u00e9die\" \/>\n\t<meta name=\"robots\" content=\"max-image-preview:large\" \/>\n\t<meta name=\"author\" content=\"admin\"\/>\n\t<link rel=\"canonical\" href=\"https:\/\/lasentinelle.dz\/index.php\/2026\/09\/02\/nemour-dedie-son-titre-aux-victimes-des-incendies\/\" \/>\n\t<meta name=\"generator\" content=\"All in One SEO (AIOSEO) 5.0.0.1\" \/>\n\t\t<meta property=\"og:locale\" content=\"fr_FR\" \/>\n\t\t<meta property=\"og:site_name\" content=\"La Sentinelle - Quotidien national d&#039;information\" \/>\n\t\t<meta property=\"og:type\" content=\"article\" \/>\n\t\t<meta property=\"og:title\" content=\"Nemour d\u00e9die son titre aux victimes des incendies - La Sentinelle\" \/>\n\t\t<meta property=\"og:description\" content=\"Fra\u00eechement sacr\u00e9e championne m\u00e9diterran\u00e9enne du concours g\u00e9n\u00e9ral, la gymnaste alg\u00e9rienne Kaylia Nemour n&#039;a pas cach\u00e9 son \u00e9motion, mardi \u00e0 Grottaglie, o\u00f9 se disputent les \u00e9preuves de gymnastique artistique des Jeux m\u00e9diterran\u00e9ens de Tarente-2026, d\u00e9diant son titre aux victimes des r\u00e9cents incendies qu&#039;a connus l&#039;Alg\u00e9rie. &quot;Je suis tr\u00e8s contente de cette m\u00e9daille d&#039;or, que je d\u00e9die\" \/>\n\t\t<meta property=\"og:url\" content=\"https:\/\/lasentinelle.dz\/index.php\/2026\/09\/02\/nemour-dedie-son-titre-aux-victimes-des-incendies\/\" \/>\n\t\t<meta property=\"og:image\" content=\"https:\/\/lasentinelle.dz\/wp-content\/uploads\/2021\/09\/cropped-la-sentinelle-earth-golden-anima-5.gif\" \/>\n\t\t<meta property=\"og:image:secure_url\" content=\"https:\/\/lasentinelle.dz\/wp-content\/uploads\/2021\/09\/cropped-la-sentinelle-earth-golden-anima-5.gif\" \/>\n\t\t<meta property=\"og:image:width\" content=\"450\" \/>\n\t\t<meta property=\"og:image:height\" content=\"213\" \/>\n\t\t<meta property=\"article:published_time\" content=\"2026-09-02T10:24:27+00:00\" \/>\n\t\t<meta property=\"article:modified_time\" content=\"2026-09-02T10:24:32+00:00\" \/>\n\t\t<meta property=\"article:publisher\" content=\"https:\/\/www.facebook.com\/azzedine.lasentinelle.1\" \/>\n\t\t<meta name=\"twitter:card\" content=\"summary_large_image\" \/>\n\t\t<meta name=\"twitter:title\" content=\"Nemour d\u00e9die son titre aux victimes des incendies - La Sentinelle\" \/>\n\t\t<meta name=\"twitter:description\" content=\"Fra\u00eechement sacr\u00e9e championne m\u00e9diterran\u00e9enne du concours g\u00e9n\u00e9ral, la gymnaste alg\u00e9rienne Kaylia Nemour n&#039;a pas cach\u00e9 son \u00e9motion, mardi \u00e0 Grottaglie, o\u00f9 se disputent les \u00e9preuves de gymnastique artistique des Jeux m\u00e9diterran\u00e9ens de Tarente-2026, d\u00e9diant son titre aux victimes des r\u00e9cents incendies qu&#039;a connus l&#039;Alg\u00e9rie. &quot;Je suis tr\u00e8s contente de cette m\u00e9daille d&#039;or, que je d\u00e9die\" \/>\n\t\t<meta name=\"twitter:image\" content=\"https:\/\/lasentinelle.dz\/wp-content\/uploads\/2021\/09\/cropped-la-sentinelle-earth-golden-anima-5.gif\" \/>\n\t\t<script type=\"application\/ld+json\" class=\"aioseo-schema\">\n\t\t\t{\"@context\":\"https:\\\/\\\/schema.org\",\"@graph\":[{\"@type\":\"BlogPosting\",\"@id\":\"https:\\\/\\\/lasentinelle.dz\\\/index.php\\\/2026\\\/09\\\/02\\\/nemour-dedie-son-titre-aux-victimes-des-incendies\\\/#blogposting\",\"name\":\"Nemour d\\u00e9die son titre aux victimes des incendies - La Sentinelle\",\"headline\":\"Nemour d\\u00e9die son titre aux victimes des incendies\",\"author\":{\"@id\":\"https:\\\/\\\/lasentinelle.dz\\\/author\\\/admin\\\/#author\"},\"publisher\":{\"@id\":\"https:\\\/\\\/lasentinelle.dz\\\/#organization\"},\"image\":{\"@type\":\"ImageObject\",\"url\":\"https:\\\/\\\/lasentinelle.dz\\\/wp-content\\\/uploads\\\/2026\\\/09\\\/nemour.jpeg\",\"width\":1440,\"height\":960},\"datePublished\":\"2026-09-02T11:24:27+01:00\",\"dateModified\":\"2026-09-02T11:24:32+01:00\",\"inLanguage\":\"fr-FR\",\"mainEntityOfPage\":{\"@id\":\"https:\\\/\\\/lasentinelle.dz\\\/index.php\\\/2026\\\/09\\\/02\\\/nemour-dedie-son-titre-aux-victimes-des-incendies\\\/#webpage\"},\"isPartOf\":{\"@id\":\"https:\\\/\\\/lasentinelle.dz\\\/index.php\\\/2026\\\/09\\\/02\\\/nemour-dedie-son-titre-aux-victimes-des-incendies\\\/#webpage\"},\"articleSection\":\"Sports\"},{\"@type\":\"BreadcrumbList\",\"@id\":\"https:\\\/\\\/lasentinelle.dz\\\/index.php\\\/2026\\\/09\\\/02\\\/nemour-dedie-son-titre-aux-victimes-des-incendies\\\/#breadcrumblist\",\"itemListElement\":[{\"@type\":\"ListItem\",\"@id\":\"https:\\\/\\\/lasentinelle.dz#listItem\",\"position\":1,\"name\":\"Home\",\"item\":\"https:\\\/\\\/lasentinelle.dz\",\"nextItem\":{\"@type\":\"ListItem\",\"@id\":\"https:\\\/\\\/lasentinelle.dz\\\/index.php\\\/category\\\/sports\\\/#listItem\",\"name\":\"Sports\"}},{\"@type\":\"ListItem\",\"@id\":\"https:\\\/\\\/lasentinelle.dz\\\/index.php\\\/category\\\/sports\\\/#listItem\",\"position\":2,\"name\":\"Sports\",\"item\":\"https:\\\/\\\/lasentinelle.dz\\\/index.php\\\/category\\\/sports\\\/\",\"nextItem\":{\"@type\":\"ListItem\",\"@id\":\"https:\\\/\\\/lasentinelle.dz\\\/index.php\\\/2026\\\/09\\\/02\\\/nemour-dedie-son-titre-aux-victimes-des-incendies\\\/#listItem\",\"name\":\"Nemour d\\u00e9die son titre aux victimes des incendies\"},\"previousItem\":{\"@type\":\"ListItem\",\"@id\":\"https:\\\/\\\/lasentinelle.dz#listItem\",\"name\":\"Home\"}},{\"@type\":\"ListItem\",\"@id\":\"https:\\\/\\\/lasentinelle.dz\\\/index.php\\\/2026\\\/09\\\/02\\\/nemour-dedie-son-titre-aux-victimes-des-incendies\\\/#listItem\",\"position\":3,\"name\":\"Nemour d\\u00e9die son titre aux victimes des incendies\",\"previousItem\":{\"@type\":\"ListItem\",\"@id\":\"https:\\\/\\\/lasentinelle.dz\\\/index.php\\\/category\\\/sports\\\/#listItem\",\"name\":\"Sports\"}}]},{\"@type\":\"Organization\",\"@id\":\"https:\\\/\\\/lasentinelle.dz\\\/#organization\",\"name\":\"La Sentinelle La Sentinelle\",\"description\":\"Quotidien national d'information\",\"url\":\"https:\\\/\\\/lasentinelle.dz\\\/\",\"logo\":{\"@type\":\"ImageObject\",\"url\":\"https:\\\/\\\/lasentinelle.dz\\\/wp-content\\\/uploads\\\/2021\\\/09\\\/cropped-la-sentinelle-earth-golden-anima-5.gif\",\"@id\":\"https:\\\/\\\/lasentinelle.dz\\\/index.php\\\/2026\\\/09\\\/02\\\/nemour-dedie-son-titre-aux-victimes-des-incendies\\\/#organizationLogo\",\"width\":450,\"height\":213},\"image\":{\"@id\":\"https:\\\/\\\/lasentinelle.dz\\\/index.php\\\/2026\\\/09\\\/02\\\/nemour-dedie-son-titre-aux-victimes-des-incendies\\\/#organizationLogo\"},\"sameAs\":[\"https:\\\/\\\/www.facebook.com\\\/azzedine.lasentinelle.1\"]},{\"@type\":\"Person\",\"@id\":\"https:\\\/\\\/lasentinelle.dz\\\/author\\\/admin\\\/#author\",\"url\":\"https:\\\/\\\/lasentinelle.dz\\\/author\\\/admin\\\/\",\"name\":\"admin\",\"image\":{\"@type\":\"ImageObject\",\"@id\":\"https:\\\/\\\/lasentinelle.dz\\\/index.php\\\/2026\\\/09\\\/02\\\/nemour-dedie-son-titre-aux-victimes-des-incendies\\\/#authorImage\",\"url\":\"https:\\\/\\\/secure.gravatar.com\\\/avatar\\\/4c81fed838786e9b53f540bf46533e750f5d292099ae3b66cfc6fb1982e29df7?s=96&d=mm&r=g\",\"width\":96,\"height\":96,\"caption\":\"admin\"}},{\"@type\":\"WebPage\",\"@id\":\"https:\\\/\\\/lasentinelle.dz\\\/index.php\\\/2026\\\/09\\\/02\\\/nemour-dedie-son-titre-aux-victimes-des-incendies\\\/#webpage\",\"url\":\"https:\\\/\\\/lasentinelle.dz\\\/index.php\\\/2026\\\/09\\\/02\\\/nemour-dedie-son-titre-aux-victimes-des-incendies\\\/\",\"name\":\"Nemour d\\u00e9die son titre aux victimes des incendies - La Sentinelle\",\"description\":\"Fra\\u00eechement sacr\\u00e9e championne m\\u00e9diterran\\u00e9enne du concours g\\u00e9n\\u00e9ral, la gymnaste alg\\u00e9rienne Kaylia Nemour n'a pas cach\\u00e9 son \\u00e9motion, mardi \\u00e0 Grottaglie, o\\u00f9 se disputent les \\u00e9preuves de gymnastique artistique des Jeux m\\u00e9diterran\\u00e9ens de Tarente-2026, d\\u00e9diant son titre aux victimes des r\\u00e9cents incendies qu'a connus l'Alg\\u00e9rie. \\\"Je suis tr\\u00e8s contente de cette m\\u00e9daille d'or, que je d\\u00e9die\",\"inLanguage\":\"fr-FR\",\"isPartOf\":{\"@id\":\"https:\\\/\\\/lasentinelle.dz\\\/#website\"},\"breadcrumb\":{\"@id\":\"https:\\\/\\\/lasentinelle.dz\\\/index.php\\\/2026\\\/09\\\/02\\\/nemour-dedie-son-titre-aux-victimes-des-incendies\\\/#breadcrumblist\"},\"author\":{\"@id\":\"https:\\\/\\\/lasentinelle.dz\\\/author\\\/admin\\\/#author\"},\"creator\":{\"@id\":\"https:\\\/\\\/lasentinelle.dz\\\/author\\\/admin\\\/#author\"},\"image\":{\"@type\":\"ImageObject\",\"url\":\"https:\\\/\\\/lasentinelle.dz\\\/wp-content\\\/uploads\\\/2026\\\/09\\\/nemour.jpeg\",\"@id\":\"https:\\\/\\\/lasentinelle.dz\\\/index.php\\\/2026\\\/09\\\/02\\\/nemour-dedie-son-titre-aux-victimes-des-incendies\\\/#mainImage\",\"width\":1440,\"height\":960},\"primaryImageOfPage\":{\"@id\":\"https:\\\/\\\/lasentinelle.dz\\\/index.php\\\/2026\\\/09\\\/02\\\/nemour-dedie-son-titre-aux-victimes-des-incendies\\\/#mainImage\"},\"datePublished\":\"2026-09-02T11:24:27+01:00\",\"dateModified\":\"2026-09-02T11:24:32+01:00\"},{\"@type\":\"WebSite\",\"@id\":\"https:\\\/\\\/lasentinelle.dz\\\/#website\",\"url\":\"https:\\\/\\\/lasentinelle.dz\\\/\",\"name\":\"La Sentinelle\",\"description\":\"Quotidien national d'information\",\"inLanguage\":\"fr-FR\",\"publisher\":{\"@id\":\"https:\\\/\\\/lasentinelle.dz\\\/#organization\"}}]}\n\t\t<\/script>\n\t\t<!-- All in One SEO -->\n\n","aioseo_head_json":{"title":"Nemour d\u00e9die son titre aux victimes des incendies - La Sentinelle","description":"Fra\u00eechement sacr\u00e9e championne m\u00e9diterran\u00e9enne du concours g\u00e9n\u00e9ral, la gymnaste alg\u00e9rienne Kaylia Nemour n'a pas cach\u00e9 son \u00e9motion, mardi \u00e0 Grottaglie, o\u00f9 se disputent les \u00e9preuves de gymnastique artistique des Jeux m\u00e9diterran\u00e9ens de Tarente-2026, d\u00e9diant son titre aux victimes des r\u00e9cents incendies qu'a connus l'Alg\u00e9rie. \"Je suis tr\u00e8s contente de cette m\u00e9daille d'or, que je d\u00e9die","canonical_url":"https:\/\/lasentinelle.dz\/index.php\/2026\/09\/02\/nemour-dedie-son-titre-aux-victimes-des-incendies\/","robots":"max-image-preview:large","keywords":"","webmasterTools":{"miscellaneous":""},"schema":{"@context":"https:\/\/schema.org","@graph":[{"@type":"BlogPosting","@id":"https:\/\/lasentinelle.dz\/index.php\/2026\/09\/02\/nemour-dedie-son-titre-aux-victimes-des-incendies\/#blogposting","name":"Nemour d\u00e9die son titre aux victimes des incendies - La Sentinelle","headline":"Nemour d\u00e9die son titre aux victimes des incendies","author":{"@id":"https:\/\/lasentinelle.dz\/author\/admin\/#author"},"publisher":{"@id":"https:\/\/lasentinelle.dz\/#organization"},"image":{"@type":"ImageObject","url":"https:\/\/lasentinelle.dz\/wp-content\/uploads\/2026\/09\/nemour.jpeg","width":1440,"height":960},"datePublished":"2026-09-02T11:24:27+01:00","dateModified":"2026-09-02T11:24:32+01:00","inLanguage":"fr-FR","mainEntityOfPage":{"@id":"https:\/\/lasentinelle.dz\/index.php\/2026\/09\/02\/nemour-dedie-son-titre-aux-victimes-des-incendies\/#webpage"},"isPartOf":{"@id":"https:\/\/lasentinelle.dz\/index.php\/2026\/09\/02\/nemour-dedie-son-titre-aux-victimes-des-incendies\/#webpage"},"articleSection":"Sports"},{"@type":"BreadcrumbList","@id":"https:\/\/lasentinelle.dz\/index.php\/2026\/09\/02\/nemour-dedie-son-titre-aux-victimes-des-incendies\/#breadcrumblist","itemListElement":[{"@type":"ListItem","@id":"https:\/\/lasentinelle.dz#listItem","position":1,"name":"Home","item":"https:\/\/lasentinelle.dz","nextItem":{"@type":"ListItem","@id":"https:\/\/lasentinelle.dz\/index.php\/category\/sports\/#listItem","name":"Sports"}},{"@type":"ListItem","@id":"https:\/\/lasentinelle.dz\/index.php\/category\/sports\/#listItem","position":2,"name":"Sports","item":"https:\/\/lasentinelle.dz\/index.php\/category\/sports\/","nextItem":{"@type":"ListItem","@id":"https:\/\/lasentinelle.dz\/index.php\/2026\/09\/02\/nemour-dedie-son-titre-aux-victimes-des-incendies\/#listItem","name":"Nemour d\u00e9die son titre aux victimes des incendies"},"previousItem":{"@type":"ListItem","@id":"https:\/\/lasentinelle.dz#listItem","name":"Home"}},{"@type":"ListItem","@id":"https:\/\/lasentinelle.dz\/index.php\/2026\/09\/02\/nemour-dedie-son-titre-aux-victimes-des-incendies\/#listItem","position":3,"name":"Nemour d\u00e9die son titre aux victimes des incendies","previousItem":{"@type":"ListItem","@id":"https:\/\/lasentinelle.dz\/index.php\/category\/sports\/#listItem","name":"Sports"}}]},{"@type":"Organization","@id":"https:\/\/lasentinelle.dz\/#organization","name":"La Sentinelle La Sentinelle","description":"Quotidien national d'information","url":"https:\/\/lasentinelle.dz\/","logo":{"@type":"ImageObject","url":"https:\/\/lasentinelle.dz\/wp-content\/uploads\/2021\/09\/cropped-la-sentinelle-earth-golden-anima-5.gif","@id":"https:\/\/lasentinelle.dz\/index.php\/2026\/09\/02\/nemour-dedie-son-titre-aux-victimes-des-incendies\/#organizationLogo","width":450,"height":213},"image":{"@id":"https:\/\/lasentinelle.dz\/index.php\/2026\/09\/02\/nemour-dedie-son-titre-aux-victimes-des-incendies\/#organizationLogo"},"sameAs":["https:\/\/www.facebook.com\/azzedine.lasentinelle.1"]},{"@type":"Person","@id":"https:\/\/lasentinelle.dz\/author\/admin\/#author","url":"https:\/\/lasentinelle.dz\/author\/admin\/","name":"admin","image":{"@type":"ImageObject","@id":"https:\/\/lasentinelle.dz\/index.php\/2026\/09\/02\/nemour-dedie-son-titre-aux-victimes-des-incendies\/#authorImage","url":"https:\/\/secure.gravatar.com\/avatar\/4c81fed838786e9b53f540bf46533e750f5d292099ae3b66cfc6fb1982e29df7?s=96&d=mm&r=g","width":96,"height":96,"caption":"admin"}},{"@type":"WebPage","@id":"https:\/\/lasentinelle.dz\/index.php\/2026\/09\/02\/nemour-dedie-son-titre-aux-victimes-des-incendies\/#webpage","url":"https:\/\/lasentinelle.dz\/index.php\/2026\/09\/02\/nemour-dedie-son-titre-aux-victimes-des-incendies\/","name":"Nemour d\u00e9die son titre aux victimes des incendies - La Sentinelle","description":"Fra\u00eechement sacr\u00e9e championne m\u00e9diterran\u00e9enne du concours g\u00e9n\u00e9ral, la gymnaste alg\u00e9rienne Kaylia Nemour n'a pas cach\u00e9 son \u00e9motion, mardi \u00e0 Grottaglie, o\u00f9 se disputent les \u00e9preuves de gymnastique artistique des Jeux m\u00e9diterran\u00e9ens de Tarente-2026, d\u00e9diant son titre aux victimes des r\u00e9cents incendies qu'a connus l'Alg\u00e9rie. \"Je suis tr\u00e8s contente de cette m\u00e9daille d'or, que je d\u00e9die","inLanguage":"fr-FR","isPartOf":{"@id":"https:\/\/lasentinelle.dz\/#website"},"breadcrumb":{"@id":"https:\/\/lasentinelle.dz\/index.php\/2026\/09\/02\/nemour-dedie-son-titre-aux-victimes-des-incendies\/#breadcrumblist"},"author":{"@id":"https:\/\/lasentinelle.dz\/author\/admin\/#author"},"creator":{"@id":"https:\/\/lasentinelle.dz\/author\/admin\/#author"},"image":{"@type":"ImageObject","url":"https:\/\/lasentinelle.dz\/wp-content\/uploads\/2026\/09\/nemour.jpeg","@id":"https:\/\/lasentinelle.dz\/index.php\/2026\/09\/02\/nemour-dedie-son-titre-aux-victimes-des-incendies\/#mainImage","width":1440,"height":960},"primaryImageOfPage":{"@id":"https:\/\/lasentinelle.dz\/index.php\/2026\/09\/02\/nemour-dedie-son-titre-aux-victimes-des-incendies\/#mainImage"},"datePublished":"2026-09-02T11:24:27+01:00","dateModified":"2026-09-02T11:24:32+01:00"},{"@type":"WebSite","@id":"https:\/\/lasentinelle.dz\/#website","url":"https:\/\/lasentinelle.dz\/","name":"La Sentinelle","description":"Quotidien national d'information","inLanguage":"fr-FR","publisher":{"@id":"https:\/\/lasentinelle.dz\/#organization"}}]},"og:locale":"fr_FR","og:site_name":"La Sentinelle - Quotidien national d'information","og:type":"article","og:title":"Nemour d\u00e9die son titre aux victimes des incendies - La Sentinelle","og:description":"Fra\u00eechement sacr\u00e9e championne m\u00e9diterran\u00e9enne du concours g\u00e9n\u00e9ral, la gymnaste alg\u00e9rienne Kaylia Nemour n'a pas cach\u00e9 son \u00e9motion, mardi \u00e0 Grottaglie, o\u00f9 se disputent les \u00e9preuves de gymnastique artistique des Jeux m\u00e9diterran\u00e9ens de Tarente-2026, d\u00e9diant son titre aux victimes des r\u00e9cents incendies qu'a connus l'Alg\u00e9rie. &quot;Je suis tr\u00e8s contente de cette m\u00e9daille d'or, que je d\u00e9die","og:url":"https:\/\/lasentinelle.dz\/index.php\/2026\/09\/02\/nemour-dedie-son-titre-aux-victimes-des-incendies\/","og:image":"https:\/\/lasentinelle.dz\/wp-content\/uploads\/2021\/09\/cropped-la-sentinelle-earth-golden-anima-5.gif","og:image:secure_url":"https:\/\/lasentinelle.dz\/wp-content\/uploads\/2021\/09\/cropped-la-sentinelle-earth-golden-anima-5.gif","og:image:width":450,"og:image:height":213,"article:published_time":"2026-09-02T10:24:27+00:00","article:modified_time":"2026-09-02T10:24:32+00:00","article:publisher":"https:\/\/www.facebook.com\/azzedine.lasentinelle.1","twitter:card":"summary_large_image","twitter:title":"Nemour d\u00e9die son titre aux victimes des incendies - La Sentinelle","twitter:description":"Fra\u00eechement sacr\u00e9e championne m\u00e9diterran\u00e9enne du concours g\u00e9n\u00e9ral, la gymnaste alg\u00e9rienne Kaylia Nemour n'a pas cach\u00e9 son \u00e9motion, mardi \u00e0 Grottaglie, o\u00f9 se disputent les \u00e9preuves de gymnastique artistique des Jeux m\u00e9diterran\u00e9ens de Tarente-2026, d\u00e9diant son titre aux victimes des r\u00e9cents incendies qu'a connus l'Alg\u00e9rie. &quot;Je suis tr\u00e8s contente de cette m\u00e9daille d'or, que je d\u00e9die","twitter:image":"https:\/\/lasentinelle.dz\/wp-content\/uploads\/2021\/09\/cropped-la-sentinelle-earth-golden-anima-5.gif"},"aioseo_meta_data":{"post_id":"94792","title":null,"description":null,"keywords":null,"keyphrases":{"focus":{"keyphrase":"","score":0,"analysis":{"keyphraseInTitle":{"score":0,"maxScore":9,"error":1}}},"additional":[]},"primary_term":null,"canonical_url":null,"og_title":null,"og_description":null,"og_object_type":"default","og_image_type":"default","og_image_url":null,"og_image_width":null,"og_image_height":null,"og_image_custom_url":null,"og_image_custom_fields":null,"og_video":"","og_custom_url":null,"og_article_section":null,"og_article_tags":null,"twitter_use_og":false,"twitter_card":"default","twitter_image_type":"default","twitter_image_url":null,"twitter_image_custom_url":null,"twitter_image_custom_fields":null,"twitter_title":null,"twitter_description":null,"schema":{"blockGraphs":[],"customGraphs":[],"default":{"data":{"Article":[],"Course":[],"Dataset":[],"FAQPage":[],"Movie":[],"Person":[],"Product":[],"ProductReview":[],"Car":[],"Recipe":[],"Service":[],"SoftwareApplication":[],"WebPage":[]},"graphName":"BlogPosting","isEnabled":true},"graphs":[]},"schema_type":"default","schema_type_options":null,"pillar_content":false,"robots_default":true,"robots_noindex":false,"robots_noarchive":false,"robots_nosnippet":false,"robots_nofollow":false,"robots_noimageindex":false,"robots_noodp":false,"robots_notranslate":false,"robots_max_snippet":"-1","robots_max_videopreview":"-1","robots_max_imagepreview":"large","priority":null,"frequency":"default","local_seo":null,"breadcrumb_settings":null,"limit_modified_date":false,"ai":{"faqs":[],"keyPoints":[],"schemas":[],"titles":[],"descriptions":[],"socialPosts":{"email":{"subject":"","preview":"","content":""},"linkedin":[],"twitter":[],"facebook":[],"instagram":[]}},"created":"2026-09-02 10:24:32","updated":"2026-09-02 11:04:29","focus_keyword":null,"additional_keywords":null,"truseo_locale":null,"seo_analyzer_scan_date":null},"aioseo_breadcrumb":"<div class=\"aioseo-breadcrumbs\"><span class=\"aioseo-breadcrumb\">\n\t\t\t<a href=\"https:\/\/lasentinelle.dz\" title=\"Home\">Home<\/a>\n\t\t<\/span><span class=\"aioseo-breadcrumb-separator\">&raquo;<\/span><span class=\"aioseo-breadcrumb\">\n\t\t\t<a href=\"https:\/\/lasentinelle.dz\/index.php\/category\/sports\/\" title=\"Sports\">Sports<\/a>\n\t\t<\/span><span class=\"aioseo-breadcrumb-separator\">&raquo;<\/span><span class=\"aioseo-breadcrumb\">\n\t\t\tNemour d\u00e9die son titre aux victimes des incendies\n\t\t<\/span><\/div>","aioseo_breadcrumb_json":[{"label":"Home","link":"https:\/\/lasentinelle.dz"},{"label":"Sports","link":"https:\/\/lasentinelle.dz\/index.php\/category\/sports\/"},{"label":"Nemour d\u00e9die son titre aux victimes des incendies","link":"https:\/\/lasentinelle.dz\/index.php\/2026\/09\/02\/nemour-dedie-son-titre-aux-victimes-des-incendies\/"}],"yoast_head":"<!-- This site is optimized with the Yoast SEO plugin v28.4 - https:\/\/yoast.com\/product\/yoast-seo-wordpress\/ -->\n<title>Nemour d\u00e9die son titre aux victimes des incendies - La Sentinelle<\/title>\n<meta name=\"robots\" content=\"index, follow, max-snippet:-1, max-image-preview:large, max-video-preview:-1\" \/>\n<link rel=\"canonical\" href=\"https:\/\/lasentinelle.dz\/index.php\/2026\/09\/02\/nemour-dedie-son-titre-aux-victimes-des-incendies\/\" \/>\n<meta property=\"og:locale\" content=\"fr_FR\" \/>\n<meta property=\"og:type\" content=\"article\" \/>\n<meta property=\"og:title\" content=\"Nemour d\u00e9die son titre aux victimes des incendies - La Sentinelle\" \/>\n<meta property=\"og:description\" content=\"Fra\u00eechement sacr\u00e9e championne m\u00e9diterran\u00e9enne du concours g\u00e9n\u00e9ral, la gymnaste alg\u00e9rienne Kaylia Nemour n&rsquo;a pas cach\u00e9 son \u00e9motion, mardi \u00e0 Grottaglie,\" \/>\n<meta property=\"og:url\" content=\"https:\/\/lasentinelle.dz\/index.php\/2026\/09\/02\/nemour-dedie-son-titre-aux-victimes-des-incendies\/\" \/>\n<meta property=\"og:site_name\" content=\"La Sentinelle\" \/>\n<meta property=\"article:publisher\" content=\"https:\/\/www.facebook.com\/La-Sentinelle-104059864394773\" \/>\n<meta property=\"article:published_time\" content=\"2026-09-02T10:24:27+00:00\" \/>\n<meta property=\"article:modified_time\" content=\"2026-09-02T10:24:32+00:00\" \/>\n<meta property=\"og:image\" content=\"https:\/\/lasentinelle.dz\/wp-content\/uploads\/2026\/09\/nemour.jpeg\" \/>\n\t<meta property=\"og:image:width\" content=\"1440\" \/>\n\t<meta property=\"og:image:height\" content=\"960\" \/>\n\t<meta property=\"og:image:type\" content=\"image\/jpeg\" \/>\n<meta name=\"author\" content=\"admin\" \/>\n<meta name=\"twitter:card\" content=\"summary_large_image\" \/>\n<meta name=\"twitter:label1\" content=\"\u00c9crit par\" \/>\n\t<meta name=\"twitter:data1\" content=\"admin\" \/>\n\t<meta name=\"twitter:label2\" content=\"Dur\u00e9e de lecture estim\u00e9e\" \/>\n\t<meta name=\"twitter:data2\" content=\"3 minutes\" \/>\n<script type=\"application\/ld+json\" class=\"yoast-schema-graph\">{\"@context\":\"https:\\\/\\\/schema.org\",\"@graph\":[{\"@type\":\"Article\",\"@id\":\"https:\\\/\\\/lasentinelle.dz\\\/index.php\\\/2026\\\/09\\\/02\\\/nemour-dedie-son-titre-aux-victimes-des-incendies\\\/#article\",\"isPartOf\":{\"@id\":\"https:\\\/\\\/lasentinelle.dz\\\/index.php\\\/2026\\\/09\\\/02\\\/nemour-dedie-son-titre-aux-victimes-des-incendies\\\/\"},\"author\":{\"name\":\"admin\",\"@id\":\"https:\\\/\\\/lasentinelle.dz\\\/#\\\/schema\\\/person\\\/729ee0024f24e0b8c5ec17232f8e8b41\"},\"headline\":\"Nemour d\u00e9die son titre aux victimes des incendies\",\"datePublished\":\"2026-09-02T10:24:27+00:00\",\"dateModified\":\"2026-09-02T10:24:32+00:00\",\"mainEntityOfPage\":{\"@id\":\"https:\\\/\\\/lasentinelle.dz\\\/index.php\\\/2026\\\/09\\\/02\\\/nemour-dedie-son-titre-aux-victimes-des-incendies\\\/\"},\"wordCount\":465,\"commentCount\":0,\"publisher\":{\"@id\":\"https:\\\/\\\/lasentinelle.dz\\\/#organization\"},\"image\":{\"@id\":\"https:\\\/\\\/lasentinelle.dz\\\/index.php\\\/2026\\\/09\\\/02\\\/nemour-dedie-son-titre-aux-victimes-des-incendies\\\/#primaryimage\"},\"thumbnailUrl\":\"https:\\\/\\\/lasentinelle.dz\\\/wp-content\\\/uploads\\\/2026\\\/09\\\/nemour.jpeg\",\"articleSection\":[\"Sports\"],\"inLanguage\":\"fr-FR\",\"potentialAction\":[{\"@type\":\"CommentAction\",\"name\":\"Comment\",\"target\":[\"https:\\\/\\\/lasentinelle.dz\\\/index.php\\\/2026\\\/09\\\/02\\\/nemour-dedie-son-titre-aux-victimes-des-incendies\\\/#respond\"]}]},{\"@type\":\"WebPage\",\"@id\":\"https:\\\/\\\/lasentinelle.dz\\\/index.php\\\/2026\\\/09\\\/02\\\/nemour-dedie-son-titre-aux-victimes-des-incendies\\\/\",\"url\":\"https:\\\/\\\/lasentinelle.dz\\\/index.php\\\/2026\\\/09\\\/02\\\/nemour-dedie-son-titre-aux-victimes-des-incendies\\\/\",\"name\":\"Nemour d\u00e9die son titre aux victimes des incendies - La Sentinelle\",\"isPartOf\":{\"@id\":\"https:\\\/\\\/lasentinelle.dz\\\/#website\"},\"primaryImageOfPage\":{\"@id\":\"https:\\\/\\\/lasentinelle.dz\\\/index.php\\\/2026\\\/09\\\/02\\\/nemour-dedie-son-titre-aux-victimes-des-incendies\\\/#primaryimage\"},\"image\":{\"@id\":\"https:\\\/\\\/lasentinelle.dz\\\/index.php\\\/2026\\\/09\\\/02\\\/nemour-dedie-son-titre-aux-victimes-des-incendies\\\/#primaryimage\"},\"thumbnailUrl\":\"https:\\\/\\\/lasentinelle.dz\\\/wp-content\\\/uploads\\\/2026\\\/09\\\/nemour.jpeg\",\"datePublished\":\"2026-09-02T10:24:27+00:00\",\"dateModified\":\"2026-09-02T10:24:32+00:00\",\"breadcrumb\":{\"@id\":\"https:\\\/\\\/lasentinelle.dz\\\/index.php\\\/2026\\\/09\\\/02\\\/nemour-dedie-son-titre-aux-victimes-des-incendies\\\/#breadcrumb\"},\"inLanguage\":\"fr-FR\",\"potentialAction\":[{\"@type\":\"ReadAction\",\"target\":[\"https:\\\/\\\/lasentinelle.dz\\\/index.php\\\/2026\\\/09\\\/02\\\/nemour-dedie-son-titre-aux-victimes-des-incendies\\\/\"]}]},{\"@type\":\"ImageObject\",\"inLanguage\":\"fr-FR\",\"@id\":\"https:\\\/\\\/lasentinelle.dz\\\/index.php\\\/2026\\\/09\\\/02\\\/nemour-dedie-son-titre-aux-victimes-des-incendies\\\/#primaryimage\",\"url\":\"https:\\\/\\\/lasentinelle.dz\\\/wp-content\\\/uploads\\\/2026\\\/09\\\/nemour.jpeg\",\"contentUrl\":\"https:\\\/\\\/lasentinelle.dz\\\/wp-content\\\/uploads\\\/2026\\\/09\\\/nemour.jpeg\",\"width\":1440,\"height\":960},{\"@type\":\"BreadcrumbList\",\"@id\":\"https:\\\/\\\/lasentinelle.dz\\\/index.php\\\/2026\\\/09\\\/02\\\/nemour-dedie-son-titre-aux-victimes-des-incendies\\\/#breadcrumb\",\"itemListElement\":[{\"@type\":\"ListItem\",\"position\":1,\"name\":\"Accueil\",\"item\":\"https:\\\/\\\/lasentinelle.dz\\\/\"},{\"@type\":\"ListItem\",\"position\":2,\"name\":\"Nemour d\u00e9die son titre aux victimes des incendies\"}]},{\"@type\":\"WebSite\",\"@id\":\"https:\\\/\\\/lasentinelle.dz\\\/#website\",\"url\":\"https:\\\/\\\/lasentinelle.dz\\\/\",\"name\":\"La Sentinelle\",\"description\":\"Quotidien national d&#039;information\",\"publisher\":{\"@id\":\"https:\\\/\\\/lasentinelle.dz\\\/#organization\"},\"potentialAction\":[{\"@type\":\"SearchAction\",\"target\":{\"@type\":\"EntryPoint\",\"urlTemplate\":\"https:\\\/\\\/lasentinelle.dz\\\/?s={search_term_string}\"},\"query-input\":{\"@type\":\"PropertyValueSpecification\",\"valueRequired\":true,\"valueName\":\"search_term_string\"}}],\"inLanguage\":\"fr-FR\"},{\"@type\":\"Organization\",\"@id\":\"https:\\\/\\\/lasentinelle.dz\\\/#organization\",\"name\":\"Quotidien La Sentinelle\",\"url\":\"https:\\\/\\\/lasentinelle.dz\\\/\",\"logo\":{\"@type\":\"ImageObject\",\"inLanguage\":\"fr-FR\",\"@id\":\"https:\\\/\\\/lasentinelle.dz\\\/#\\\/schema\\\/logo\\\/image\\\/\",\"url\":\"https:\\\/\\\/lasentinelle.dz\\\/wp-content\\\/uploads\\\/2021\\\/09\\\/logo-sentinelleSLOGAN-1.png\",\"contentUrl\":\"https:\\\/\\\/lasentinelle.dz\\\/wp-content\\\/uploads\\\/2021\\\/09\\\/logo-sentinelleSLOGAN-1.png\",\"width\":615,\"height\":142,\"caption\":\"Quotidien La Sentinelle\"},\"image\":{\"@id\":\"https:\\\/\\\/lasentinelle.dz\\\/#\\\/schema\\\/logo\\\/image\\\/\"},\"sameAs\":[\"https:\\\/\\\/www.facebook.com\\\/La-Sentinelle-104059864394773\"]},{\"@type\":\"Person\",\"@id\":\"https:\\\/\\\/lasentinelle.dz\\\/#\\\/schema\\\/person\\\/729ee0024f24e0b8c5ec17232f8e8b41\",\"name\":\"admin\",\"image\":{\"@type\":\"ImageObject\",\"inLanguage\":\"fr-FR\",\"@id\":\"https:\\\/\\\/secure.gravatar.com\\\/avatar\\\/4c81fed838786e9b53f540bf46533e750f5d292099ae3b66cfc6fb1982e29df7?s=96&d=mm&r=g\",\"url\":\"https:\\\/\\\/secure.gravatar.com\\\/avatar\\\/4c81fed838786e9b53f540bf46533e750f5d292099ae3b66cfc6fb1982e29df7?s=96&d=mm&r=g\",\"contentUrl\":\"https:\\\/\\\/secure.gravatar.com\\\/avatar\\\/4c81fed838786e9b53f540bf46533e750f5d292099ae3b66cfc6fb1982e29df7?s=96&d=mm&r=g\",\"caption\":\"admin\"},\"description\":\"admin\",\"url\":\"https:\\\/\\\/lasentinelle.dz\\\/author\\\/admin\\\/\"}]}<\/script>\n<!-- \/ Yoast SEO plugin. -->","yoast_head_json":{"title":"Nemour d\u00e9die son titre aux victimes des incendies - La Sentinelle","robots":{"index":"index","follow":"follow","max-snippet":"max-snippet:-1","max-image-preview":"max-image-preview:large","max-video-preview":"max-video-preview:-1"},"canonical":"https:\/\/lasentinelle.dz\/index.php\/2026\/09\/02\/nemour-dedie-son-titre-aux-victimes-des-incendies\/","og_locale":"fr_FR","og_type":"article","og_title":"Nemour d\u00e9die son titre aux victimes des incendies - La Sentinelle","og_description":"Fra\u00eechement sacr\u00e9e championne m\u00e9diterran\u00e9enne du concours g\u00e9n\u00e9ral, la gymnaste alg\u00e9rienne Kaylia Nemour n&rsquo;a pas cach\u00e9 son \u00e9motion, mardi \u00e0 Grottaglie,","og_url":"https:\/\/lasentinelle.dz\/index.php\/2026\/09\/02\/nemour-dedie-son-titre-aux-victimes-des-incendies\/","og_site_name":"La Sentinelle","article_publisher":"https:\/\/www.facebook.com\/La-Sentinelle-104059864394773","article_published_time":"2026-09-02T10:24:27+00:00","article_modified_time":"2026-09-02T10:24:32+00:00","og_image":[{"width":1440,"height":960,"url":"https:\/\/lasentinelle.dz\/wp-content\/uploads\/2026\/09\/nemour.jpeg","type":"image\/jpeg"}],"author":"admin","twitter_card":"summary_large_image","twitter_misc":{"\u00c9crit par":"admin","Dur\u00e9e de lecture estim\u00e9e":"3 minutes"},"schema":{"@context":"https:\/\/schema.org","@graph":[{"@type":"Article","@id":"https:\/\/lasentinelle.dz\/index.php\/2026\/09\/02\/nemour-dedie-son-titre-aux-victimes-des-incendies\/#article","isPartOf":{"@id":"https:\/\/lasentinelle.dz\/index.php\/2026\/09\/02\/nemour-dedie-son-titre-aux-victimes-des-incendies\/"},"author":{"name":"admin","@id":"https:\/\/lasentinelle.dz\/#\/schema\/person\/729ee0024f24e0b8c5ec17232f8e8b41"},"headline":"Nemour d\u00e9die son titre aux victimes des incendies","datePublished":"2026-09-02T10:24:27+00:00","dateModified":"2026-09-02T10:24:32+00:00","mainEntityOfPage":{"@id":"https:\/\/lasentinelle.dz\/index.php\/2026\/09\/02\/nemour-dedie-son-titre-aux-victimes-des-incendies\/"},"wordCount":465,"commentCount":0,"publisher":{"@id":"https:\/\/lasentinelle.dz\/#organization"},"image":{"@id":"https:\/\/lasentinelle.dz\/index.php\/2026\/09\/02\/nemour-dedie-son-titre-aux-victimes-des-incendies\/#primaryimage"},"thumbnailUrl":"https:\/\/lasentinelle.dz\/wp-content\/uploads\/2026\/09\/nemour.jpeg","articleSection":["Sports"],"inLanguage":"fr-FR","potentialAction":[{"@type":"CommentAction","name":"Comment","target":["https:\/\/lasentinelle.dz\/index.php\/2026\/09\/02\/nemour-dedie-son-titre-aux-victimes-des-incendies\/#respond"]}]},{"@type":"WebPage","@id":"https:\/\/lasentinelle.dz\/index.php\/2026\/09\/02\/nemour-dedie-son-titre-aux-victimes-des-incendies\/","url":"https:\/\/lasentinelle.dz\/index.php\/2026\/09\/02\/nemour-dedie-son-titre-aux-victimes-des-incendies\/","name":"Nemour d\u00e9die son titre aux victimes des incendies - La Sentinelle","isPartOf":{"@id":"https:\/\/lasentinelle.dz\/#website"},"primaryImageOfPage":{"@id":"https:\/\/lasentinelle.dz\/index.php\/2026\/09\/02\/nemour-dedie-son-titre-aux-victimes-des-incendies\/#primaryimage"},"image":{"@id":"https:\/\/lasentinelle.dz\/index.php\/2026\/09\/02\/nemour-dedie-son-titre-aux-victimes-des-incendies\/#primaryimage"},"thumbnailUrl":"https:\/\/lasentinelle.dz\/wp-content\/uploads\/2026\/09\/nemour.jpeg","datePublished":"2026-09-02T10:24:27+00:00","dateModified":"2026-09-02T10:24:32+00:00","breadcrumb":{"@id":"https:\/\/lasentinelle.dz\/index.php\/2026\/09\/02\/nemour-dedie-son-titre-aux-victimes-des-incendies\/#breadcrumb"},"inLanguage":"fr-FR","potentialAction":[{"@type":"ReadAction","target":["https:\/\/lasentinelle.dz\/index.php\/2026\/09\/02\/nemour-dedie-son-titre-aux-victimes-des-incendies\/"]}]},{"@type":"ImageObject","inLanguage":"fr-FR","@id":"https:\/\/lasentinelle.dz\/index.php\/2026\/09\/02\/nemour-dedie-son-titre-aux-victimes-des-incendies\/#primaryimage","url":"https:\/\/lasentinelle.dz\/wp-content\/uploads\/2026\/09\/nemour.jpeg","contentUrl":"https:\/\/lasentinelle.dz\/wp-content\/uploads\/2026\/09\/nemour.jpeg","width":1440,"height":960},{"@type":"BreadcrumbList","@id":"https:\/\/lasentinelle.dz\/index.php\/2026\/09\/02\/nemour-dedie-son-titre-aux-victimes-des-incendies\/#breadcrumb","itemListElement":[{"@type":"ListItem","position":1,"name":"Accueil","item":"https:\/\/lasentinelle.dz\/"},{"@type":"ListItem","position":2,"name":"Nemour d\u00e9die son titre aux victimes des incendies"}]},{"@type":"WebSite","@id":"https:\/\/lasentinelle.dz\/#website","url":"https:\/\/lasentinelle.dz\/","name":"La Sentinelle","description":"Quotidien national d&#039;information","publisher":{"@id":"https:\/\/lasentinelle.dz\/#organization"},"potentialAction":[{"@type":"SearchAction","target":{"@type":"EntryPoint","urlTemplate":"https:\/\/lasentinelle.dz\/?s={search_term_string}"},"query-input":{"@type":"PropertyValueSpecification","valueRequired":true,"valueName":"search_term_string"}}],"inLanguage":"fr-FR"},{"@type":"Organization","@id":"https:\/\/lasentinelle.dz\/#organization","name":"Quotidien La Sentinelle","url":"https:\/\/lasentinelle.dz\/","logo":{"@type":"ImageObject","inLanguage":"fr-FR","@id":"https:\/\/lasentinelle.dz\/#\/schema\/logo\/image\/","url":"https:\/\/lasentinelle.dz\/wp-content\/uploads\/2021\/09\/logo-sentinelleSLOGAN-1.png","contentUrl":"https:\/\/lasentinelle.dz\/wp-content\/uploads\/2021\/09\/logo-sentinelleSLOGAN-1.png","width":615,"height":142,"caption":"Quotidien La Sentinelle"},"image":{"@id":"https:\/\/lasentinelle.dz\/#\/schema\/logo\/image\/"},"sameAs":["https:\/\/www.facebook.com\/La-Sentinelle-104059864394773"]},{"@type":"Person","@id":"https:\/\/lasentinelle.dz\/#\/schema\/person\/729ee0024f24e0b8c5ec17232f8e8b41","name":"admin","image":{"@type":"ImageObject","inLanguage":"fr-FR","@id":"https:\/\/secure.gravatar.com\/avatar\/4c81fed838786e9b53f540bf46533e750f5d292099ae3b66cfc6fb1982e29df7?s=96&d=mm&r=g","url":"https:\/\/secure.gravatar.com\/avatar\/4c81fed838786e9b53f540bf46533e750f5d292099ae3b66cfc6fb1982e29df7?s=96&d=mm&r=g","contentUrl":"https:\/\/secure.gravatar.com\/avatar\/4c81fed838786e9b53f540bf46533e750f5d292099ae3b66cfc6fb1982e29df7?s=96&d=mm&r=g","caption":"admin"},"description":"admin","url":"https:\/\/lasentinelle.dz\/author\/admin\/"}]}},"_links":{"self":[{"href":"https:\/\/lasentinelle.dz\/index.php\/wp-json\/wp\/v2\/posts\/94792","targetHints":{"allow":["GET"]}}],"collection":[{"href":"https:\/\/lasentinelle.dz\/index.php\/wp-json\/wp\/v2\/posts"}],"about":[{"href":"https:\/\/lasentinelle.dz\/index.php\/wp-json\/wp\/v2\/types\/post"}],"author":[{"embeddable":true,"href":"https:\/\/lasentinelle.dz\/index.php\/wp-json\/wp\/v2\/users\/6"}],"replies":[{"embeddable":true,"href":"https:\/\/lasentinelle.dz\/index.php\/wp-json\/wp\/v2\/comments?post=94792"}],"version-history":[{"count":1,"href":"https:\/\/lasentinelle.dz\/index.php\/wp-json\/wp\/v2\/posts\/94792\/revisions"}],"predecessor-version":[{"id":94794,"href":"https:\/\/lasentinelle.dz\/index.php\/wp-json\/wp\/v2\/posts\/94792\/revisions\/94794"}],"wp:featuredmedia":[{"embeddable":true,"href":"https:\/\/lasentinelle.dz\/index.php\/wp-json\/wp\/v2\/media\/94793"}],"wp:attachment":[{"href":"https:\/\/lasentinelle.dz\/index.php\/wp-json\/wp\/v2\/media?parent=94792"}],"wp:term":[{"taxonomy":"category","embeddable":true,"href":"https:\/\/lasentinelle.dz\/index.php\/wp-json\/wp\/v2\/categories?post=94792"},{"taxonomy":"post_tag","embeddable":true,"href":"https:\/\/lasentinelle.dz\/index.php\/wp-json\/wp\/v2\/tags?post=94792"}],"curies":[{"name":"wp","href":"https:\/\/api.w.org\/{rel}","templated":true}]}}