{"id":94796,"date":"2026-09-02T11:26:31","date_gmt":"2026-09-02T10:26:31","guid":{"rendered":"https:\/\/lasentinelle.dz\/?p=94796"},"modified":"2026-09-02T11:26:34","modified_gmt":"2026-09-02T10:26:34","slug":"jm-tarente-une-journee-en-or-pour-lalgerie","status":"publish","type":"post","link":"https:\/\/lasentinelle.dz\/index.php\/2026\/09\/02\/jm-tarente-une-journee-en-or-pour-lalgerie\/","title":{"rendered":"JM Tarente\u00a0: Une journ\u00e9e en or pour l&rsquo;Alg\u00e9rie"},"content":{"rendered":"\n<p class=\"wp-block-paragraph\">La d\u00e9l\u00e9gation alg\u00e9rienne a v\u00e9cu, mardi \u00e0 Tarente, l&rsquo;une des plus belles journ\u00e9es de son histoire sportive aux Jeux m\u00e9diterran\u00e9ens, avec deux nouvelles m\u00e9dailles d&rsquo;or d\u00e9croch\u00e9es en gymnastique et en karat\u00e9-do, venues s&rsquo;ajouter \u00e0 une m\u00e9daille d&rsquo;argent en aviron. Une razzia qui prolonge l&rsquo;euphorie n\u00e9e la veille, lundi, du sacre du demi-fondeur Djamel Sedjati sur 800 m\u00e8tres et de la moisson de m\u00e9dailles engrang\u00e9e par le handball, le basket 3&#215;3 et le badminton nationaux.<\/p>\n\n\n\n<p class=\"wp-block-paragraph\">La d\u00e9l\u00e9gation alg\u00e9rienne aux Jeux m\u00e9diterran\u00e9ens de Tarente-2026, qui se poursuivent jusqu&rsquo;au 3 septembre dans la ville italienne des Pouilles, a sign\u00e9 mardi l&rsquo;une de ses plus belles performances collectives de la comp\u00e9tition, avec deux titres continentaux glan\u00e9s en l&rsquo;espace de quelques heures et une m\u00e9daille d&rsquo;argent suppl\u00e9mentaire au tableau, confirmant la bonne dynamique enclench\u00e9e depuis l&rsquo;ouverture du rendez-vous m\u00e9diterran\u00e9en.<\/p>\n\n\n\n<p class=\"wp-block-paragraph\">La journ\u00e9e de mardi a d&rsquo;abord souri \u00e0 la gymnaste Kaylia Nemour, d\u00e9j\u00e0 championne olympique, qui a survol\u00e9 le concours g\u00e9n\u00e9ral dames avec un total de 57,750 points, devan\u00e7ant largement l&rsquo;Espagnole Alba Petisco (52,850 pts) et l&rsquo;Italienne Sofia Tonelli, m\u00e9daill\u00e9e de bronze avec 51,650 points. La championne alg\u00e9rienne s&rsquo;est illustr\u00e9e sur les quatre agr\u00e8s, avec notamment 15,650 points aux barres asym\u00e9triques, confirmant sa supr\u00e9matie continentale. Sa compatriote Djenna Laroui a quant \u00e0 elle termin\u00e9 \u00e0 la 7e place, avec un score de 50,600 points.<\/p>\n\n\n\n<p class=\"wp-block-paragraph\">Quelques heures plus tard, c&rsquo;est la karat\u00e9ka Cylia Ouikene qui a offert \u00e0 l&rsquo;Alg\u00e9rie une nouvelle m\u00e9daille d&rsquo;or, dans la cat\u00e9gorie des moins de 50 kg. Apr\u00e8s avoir domin\u00e9 l&rsquo;\u00c9gyptienne Reem Salama (7-6) en demi-finale, la karat\u00e9ka alg\u00e9rienne s&rsquo;est impos\u00e9e en finale face \u00e0 l&rsquo;Italienne Erminia Perfetto sur le score sans appel de 9 \u00e0 3. La m\u00e9daille de bronze de cette cat\u00e9gorie est revenue \u00e0 la Croate Ema Sgardelli.<\/p>\n\n\n\n<p class=\"wp-block-paragraph\">Toujours mardi, l&rsquo;aviron alg\u00e9rien a apport\u00e9 sa pierre \u00e0 l&rsquo;\u00e9difice gr\u00e2ce \u00e0 la rameuse Nihed Benchadli, m\u00e9daill\u00e9e d&rsquo;argent dans l&rsquo;\u00e9preuve du skiff poids l\u00e9ger individuel dames. Qualifi\u00e9e pour la finale \u00ab\u00a0A\u00a0\u00bb d\u00e8s lundi apr\u00e8s avoir remport\u00e9 sa s\u00e9rie en 7 min 53 sec 84, la rameuse alg\u00e9rienne a boucl\u00e9 la finale en 8 min 26 sec 89, s&rsquo;inclinant seulement face \u00e0 la Grecque Zoi Fitsiou, sacr\u00e9e en 8 min 11 sec 67. La Portugaise In\u00eas Leite de Oliveira a compl\u00e9t\u00e9 le podium en 8 min 31 sec 03.<\/p>\n\n\n\n<p class=\"wp-block-paragraph\">Ces performances portent \u00e0 six le nombre de m\u00e9dailles d&rsquo;or d\u00e9croch\u00e9es par l&rsquo;Alg\u00e9rie depuis le d\u00e9but des Jeux m\u00e9diterran\u00e9ens de Tarente, apr\u00e8s celles d&rsquo;Abdelkrim Fergat en lutte gr\u00e9co-romaine, de Dris Messaoud Redouane en judo, de Djamel Sedjati en athl\u00e9tisme et de la s\u00e9lection nationale de football (U-21), auxquelles s&rsquo;ajoutent d\u00e9sormais les sacres de Kaylia Nemour et de Cylia Ouikene.<\/p>\n\n\n\n<p class=\"wp-block-paragraph\">Cette razzia du mardi vient prolonger une journ\u00e9e de lundi d\u00e9j\u00e0 particuli\u00e8rement faste pour le sport alg\u00e9rien. Sur la piste du stade de Tarente, Djamel Sedjati avait sign\u00e9 l&rsquo;un des temps forts de la comp\u00e9tition en conservant son titre m\u00e9diterran\u00e9en du 800 m\u00e8tres, d\u00e9croch\u00e9 quatre ans plus t\u00f4t \u00e0 Oran. Le m\u00e9daill\u00e9 de bronze des Jeux olympiques de Paris-2024 avait sign\u00e9 un chrono de 1:46.00, devan\u00e7ant l&rsquo;Espagnol David Barroso Bravo (1:46.35) et le Croate Marino Bloudek (1:46.58), tandis que son compatriote Slimane Moula avait pris la 5e place en 1:46.72. Le m\u00eame jour, Abdennour Bendjema\u00e2 s&rsquo;\u00e9tait qualifi\u00e9 pour la finale du 400 m\u00e8tres avec un chrono de 45.87 en s\u00e9ries, avant que le lanceur de disque Abdelmoutaleb Yagoub et la fondiste Souad A\u00eft Salem ne prennent part, en soir\u00e9e, aux finales de leurs disciplines respectives.<\/p>\n\n\n\n<p class=\"wp-block-paragraph\">Le handball national avait \u00e9galement contribu\u00e9 \u00e0 cette moisson lundi, en d\u00e9crochant la m\u00e9daille de bronze du tournoi masculin face au Portugal, sur le score de 36 \u00e0 33 apr\u00e8s prolongation, \u00e0 l&rsquo;issue d&rsquo;un match disput\u00e9 o\u00f9 les deux \u00e9quipes \u00e9taient \u00e0 \u00e9galit\u00e9 (30-30) au terme du temps r\u00e9glementaire. Vers\u00e9s dans le groupe B, les handballeurs alg\u00e9riens avaient boucl\u00e9 leur phase de poules avec deux victoires, contre Chypre (33-24) et la Tunisie (33-26), et un match nul face \u00e0 la Gr\u00e8ce (26-26), avant de s&rsquo;incliner en demi-finale devant l&rsquo;\u00c9gypte (25-27).<\/p>\n\n\n\n<p class=\"wp-block-paragraph\">Dans le m\u00eame temps, la s\u00e9lection alg\u00e9rienne de basket-ball 3&#215;3 (messieurs) poursuivait son parcours sans faute en dominant le Portugal (18-17) en quart de finale, se qualifiant ainsi pour le dernier carr\u00e9 du tournoi face \u00e0 l&rsquo;Italie. Invaincue depuis le d\u00e9but de la comp\u00e9tition, l&rsquo;\u00e9quipe nationale avait auparavant boucl\u00e9 sa phase de poules avec trois victoires, devant Chypre (17-12), la Croatie (20-19 apr\u00e8s prolongation) et la Slov\u00e9nie (18-17).<\/p>\n\n\n\n<p class=\"wp-block-paragraph\">Le badminton alg\u00e9rien n&rsquo;\u00e9tait pas en reste, avec la m\u00e9daille d&rsquo;argent d\u00e9croch\u00e9e par la paire Koceila Mammeri &#8211; Youcef Sabri Medel en double messieurs, \u00e0 l&rsquo;issue d&rsquo;une finale tr\u00e8s disput\u00e9e face au tandem turc Bugra Aktas et Emre Sonmez, conclue en deux manches sur le m\u00eame score de 21-19. Les statistiques de la rencontre t\u00e9moignent de l&rsquo;\u00e9quilibre entre les deux formations, les Alg\u00e9riens s&rsquo;\u00e9tant notamment montr\u00e9s \u00e0 la hauteur de leurs adversaires sur les \u00e9changes sans service (21 points partout), avant de c\u00e9der sur les points d\u00e9cisifs marqu\u00e9s au service.<\/p>\n\n\n\n<p class=\"wp-block-paragraph\">La d\u00e9l\u00e9gation alg\u00e9rienne aux Jeux m\u00e9diterran\u00e9ens de Tarente-2026 confirme sa dynamique ascendante \u00e0 l&rsquo;approche de la cl\u00f4ture de la comp\u00e9tition, pr\u00e9vue jeudi, avec un tableau des m\u00e9dailles qui ne cesse de s&rsquo;\u00e9toffer au fil des \u00e9preuves.<\/p>\n\n\n\n<p class=\"wp-block-paragraph\">Moncef Dahleb<\/p>\n","protected":false},"excerpt":{"rendered":"<p>La d\u00e9l\u00e9gation alg\u00e9rienne a v\u00e9cu, mardi \u00e0 Tarente, l&rsquo;une des plus belles journ\u00e9es de son histoire sportive aux Jeux m\u00e9diterran\u00e9ens,<\/p>\n","protected":false},"author":6,"featured_media":94797,"comment_status":"open","ping_status":"closed","sticky":false,"template":"","format":"standard","meta":{"colormag_page_container_layout":"default_layout","colormag_page_sidebar_layout":"default_layout","om_disable_all_campaigns":false,"_monsterinsights_skip_tracking":false,"footnotes":"","_wpscppro_dont_share_socialmedia":false,"_wpscppro_custom_social_share_image":0,"_facebook_share_type":"default","_twitter_share_type":"default","_linkedin_share_type":"default","_pinterest_share_type":"default","_linkedin_share_type_page":"","_instagram_share_type":"default","_medium_share_type":"default","_threads_share_type":"default","_google_business_share_type":"default","_bluesky_share_type":"default","_mastodon_share_type":"default","_selected_social_profile":[],"_wpsp_enable_custom_social_template":false,"_wpsp_social_scheduling":{"enabled":false,"datetime":null,"platforms":[],"status":"template_only","dateOption":"today","timeOption":"now","customDays":"","customHours":"","customDate":"","customTime":"","schedulingType":"absolute"},"_wpsp_active_default_template":true},"categories":[52,33],"tags":[],"class_list":["post-94796","post","type-post","status-publish","format-standard","has-post-thumbnail","hentry","category-a-la-une","category-sports"],"aioseo_notices":[],"aioseo_head":"\n\t\t<!-- All in One SEO 5.0.0.1 - aioseo.com -->\n\t<meta name=\"description\" content=\"La d\u00e9l\u00e9gation alg\u00e9rienne a v\u00e9cu, mardi \u00e0 Tarente, l&#039;une des plus belles journ\u00e9es de son histoire sportive aux Jeux m\u00e9diterran\u00e9ens, avec deux nouvelles m\u00e9dailles d&#039;or d\u00e9croch\u00e9es en gymnastique et en karat\u00e9-do, venues s&#039;ajouter \u00e0 une m\u00e9daille d&#039;argent en aviron. Une razzia qui prolonge l&#039;euphorie n\u00e9e la veille, lundi, du sacre du demi-fondeur Djamel Sedjati sur\" \/>\n\t<meta name=\"robots\" content=\"max-image-preview:large\" \/>\n\t<meta name=\"author\" content=\"admin\"\/>\n\t<link rel=\"canonical\" href=\"https:\/\/lasentinelle.dz\/index.php\/2026\/09\/02\/jm-tarente-une-journee-en-or-pour-lalgerie\/\" \/>\n\t<meta name=\"generator\" content=\"All in One SEO (AIOSEO) 5.0.0.1\" \/>\n\t\t<meta property=\"og:locale\" content=\"fr_FR\" \/>\n\t\t<meta property=\"og:site_name\" content=\"La Sentinelle - Quotidien national d&#039;information\" \/>\n\t\t<meta property=\"og:type\" content=\"article\" \/>\n\t\t<meta property=\"og:title\" content=\"JM Tarente : Une journ\u00e9e en or pour l\u2019Alg\u00e9rie - La Sentinelle\" \/>\n\t\t<meta property=\"og:description\" content=\"La d\u00e9l\u00e9gation alg\u00e9rienne a v\u00e9cu, mardi \u00e0 Tarente, l&#039;une des plus belles journ\u00e9es de son histoire sportive aux Jeux m\u00e9diterran\u00e9ens, avec deux nouvelles m\u00e9dailles d&#039;or d\u00e9croch\u00e9es en gymnastique et en karat\u00e9-do, venues s&#039;ajouter \u00e0 une m\u00e9daille d&#039;argent en aviron. Une razzia qui prolonge l&#039;euphorie n\u00e9e la veille, lundi, du sacre du demi-fondeur Djamel Sedjati sur\" \/>\n\t\t<meta property=\"og:url\" content=\"https:\/\/lasentinelle.dz\/index.php\/2026\/09\/02\/jm-tarente-une-journee-en-or-pour-lalgerie\/\" \/>\n\t\t<meta property=\"og:image\" content=\"https:\/\/lasentinelle.dz\/wp-content\/uploads\/2021\/09\/cropped-la-sentinelle-earth-golden-anima-5.gif\" \/>\n\t\t<meta property=\"og:image:secure_url\" content=\"https:\/\/lasentinelle.dz\/wp-content\/uploads\/2021\/09\/cropped-la-sentinelle-earth-golden-anima-5.gif\" \/>\n\t\t<meta property=\"og:image:width\" content=\"450\" \/>\n\t\t<meta property=\"og:image:height\" content=\"213\" \/>\n\t\t<meta property=\"article:published_time\" content=\"2026-09-02T10:26:31+00:00\" \/>\n\t\t<meta property=\"article:modified_time\" content=\"2026-09-02T10:26:34+00:00\" \/>\n\t\t<meta property=\"article:publisher\" content=\"https:\/\/www.facebook.com\/azzedine.lasentinelle.1\" \/>\n\t\t<meta name=\"twitter:card\" content=\"summary_large_image\" \/>\n\t\t<meta name=\"twitter:title\" content=\"JM Tarente : Une journ\u00e9e en or pour l\u2019Alg\u00e9rie - La Sentinelle\" \/>\n\t\t<meta name=\"twitter:description\" content=\"La d\u00e9l\u00e9gation alg\u00e9rienne a v\u00e9cu, mardi \u00e0 Tarente, l&#039;une des plus belles journ\u00e9es de son histoire sportive aux Jeux m\u00e9diterran\u00e9ens, avec deux nouvelles m\u00e9dailles d&#039;or d\u00e9croch\u00e9es en gymnastique et en karat\u00e9-do, venues s&#039;ajouter \u00e0 une m\u00e9daille d&#039;argent en aviron. Une razzia qui prolonge l&#039;euphorie n\u00e9e la veille, lundi, du sacre du demi-fondeur Djamel Sedjati sur\" \/>\n\t\t<meta name=\"twitter:image\" content=\"https:\/\/lasentinelle.dz\/wp-content\/uploads\/2021\/09\/cropped-la-sentinelle-earth-golden-anima-5.gif\" \/>\n\t\t<script type=\"application\/ld+json\" class=\"aioseo-schema\">\n\t\t\t{\"@context\":\"https:\\\/\\\/schema.org\",\"@graph\":[{\"@type\":\"BlogPosting\",\"@id\":\"https:\\\/\\\/lasentinelle.dz\\\/index.php\\\/2026\\\/09\\\/02\\\/jm-tarente-une-journee-en-or-pour-lalgerie\\\/#blogposting\",\"name\":\"JM Tarente : Une journ\\u00e9e en or pour l\\u2019Alg\\u00e9rie - La Sentinelle\",\"headline\":\"JM Tarente\\u00a0: Une journ\\u00e9e en or pour l&rsquo;Alg\\u00e9rie\",\"author\":{\"@id\":\"https:\\\/\\\/lasentinelle.dz\\\/author\\\/admin\\\/#author\"},\"publisher\":{\"@id\":\"https:\\\/\\\/lasentinelle.dz\\\/#organization\"},\"image\":{\"@type\":\"ImageObject\",\"url\":\"https:\\\/\\\/lasentinelle.dz\\\/wp-content\\\/uploads\\\/2026\\\/09\\\/ouikene.jpg\",\"width\":2048,\"height\":1536},\"datePublished\":\"2026-09-02T11:26:31+01:00\",\"dateModified\":\"2026-09-02T11:26:34+01:00\",\"inLanguage\":\"fr-FR\",\"mainEntityOfPage\":{\"@id\":\"https:\\\/\\\/lasentinelle.dz\\\/index.php\\\/2026\\\/09\\\/02\\\/jm-tarente-une-journee-en-or-pour-lalgerie\\\/#webpage\"},\"isPartOf\":{\"@id\":\"https:\\\/\\\/lasentinelle.dz\\\/index.php\\\/2026\\\/09\\\/02\\\/jm-tarente-une-journee-en-or-pour-lalgerie\\\/#webpage\"},\"articleSection\":\"\\u00c0 la Une, Sports\"},{\"@type\":\"BreadcrumbList\",\"@id\":\"https:\\\/\\\/lasentinelle.dz\\\/index.php\\\/2026\\\/09\\\/02\\\/jm-tarente-une-journee-en-or-pour-lalgerie\\\/#breadcrumblist\",\"itemListElement\":[{\"@type\":\"ListItem\",\"@id\":\"https:\\\/\\\/lasentinelle.dz#listItem\",\"position\":1,\"name\":\"Home\",\"item\":\"https:\\\/\\\/lasentinelle.dz\",\"nextItem\":{\"@type\":\"ListItem\",\"@id\":\"https:\\\/\\\/lasentinelle.dz\\\/index.php\\\/category\\\/sports\\\/#listItem\",\"name\":\"Sports\"}},{\"@type\":\"ListItem\",\"@id\":\"https:\\\/\\\/lasentinelle.dz\\\/index.php\\\/category\\\/sports\\\/#listItem\",\"position\":2,\"name\":\"Sports\",\"item\":\"https:\\\/\\\/lasentinelle.dz\\\/index.php\\\/category\\\/sports\\\/\",\"nextItem\":{\"@type\":\"ListItem\",\"@id\":\"https:\\\/\\\/lasentinelle.dz\\\/index.php\\\/2026\\\/09\\\/02\\\/jm-tarente-une-journee-en-or-pour-lalgerie\\\/#listItem\",\"name\":\"JM Tarente\\u00a0: Une journ\\u00e9e en or pour l&rsquo;Alg\\u00e9rie\"},\"previousItem\":{\"@type\":\"ListItem\",\"@id\":\"https:\\\/\\\/lasentinelle.dz#listItem\",\"name\":\"Home\"}},{\"@type\":\"ListItem\",\"@id\":\"https:\\\/\\\/lasentinelle.dz\\\/index.php\\\/2026\\\/09\\\/02\\\/jm-tarente-une-journee-en-or-pour-lalgerie\\\/#listItem\",\"position\":3,\"name\":\"JM Tarente\\u00a0: Une journ\\u00e9e en or pour l&rsquo;Alg\\u00e9rie\",\"previousItem\":{\"@type\":\"ListItem\",\"@id\":\"https:\\\/\\\/lasentinelle.dz\\\/index.php\\\/category\\\/sports\\\/#listItem\",\"name\":\"Sports\"}}]},{\"@type\":\"Organization\",\"@id\":\"https:\\\/\\\/lasentinelle.dz\\\/#organization\",\"name\":\"La Sentinelle La Sentinelle\",\"description\":\"Quotidien national d'information\",\"url\":\"https:\\\/\\\/lasentinelle.dz\\\/\",\"logo\":{\"@type\":\"ImageObject\",\"url\":\"https:\\\/\\\/lasentinelle.dz\\\/wp-content\\\/uploads\\\/2021\\\/09\\\/cropped-la-sentinelle-earth-golden-anima-5.gif\",\"@id\":\"https:\\\/\\\/lasentinelle.dz\\\/index.php\\\/2026\\\/09\\\/02\\\/jm-tarente-une-journee-en-or-pour-lalgerie\\\/#organizationLogo\",\"width\":450,\"height\":213},\"image\":{\"@id\":\"https:\\\/\\\/lasentinelle.dz\\\/index.php\\\/2026\\\/09\\\/02\\\/jm-tarente-une-journee-en-or-pour-lalgerie\\\/#organizationLogo\"},\"sameAs\":[\"https:\\\/\\\/www.facebook.com\\\/azzedine.lasentinelle.1\"]},{\"@type\":\"Person\",\"@id\":\"https:\\\/\\\/lasentinelle.dz\\\/author\\\/admin\\\/#author\",\"url\":\"https:\\\/\\\/lasentinelle.dz\\\/author\\\/admin\\\/\",\"name\":\"admin\",\"image\":{\"@type\":\"ImageObject\",\"@id\":\"https:\\\/\\\/lasentinelle.dz\\\/index.php\\\/2026\\\/09\\\/02\\\/jm-tarente-une-journee-en-or-pour-lalgerie\\\/#authorImage\",\"url\":\"https:\\\/\\\/secure.gravatar.com\\\/avatar\\\/4c81fed838786e9b53f540bf46533e750f5d292099ae3b66cfc6fb1982e29df7?s=96&d=mm&r=g\",\"width\":96,\"height\":96,\"caption\":\"admin\"}},{\"@type\":\"WebPage\",\"@id\":\"https:\\\/\\\/lasentinelle.dz\\\/index.php\\\/2026\\\/09\\\/02\\\/jm-tarente-une-journee-en-or-pour-lalgerie\\\/#webpage\",\"url\":\"https:\\\/\\\/lasentinelle.dz\\\/index.php\\\/2026\\\/09\\\/02\\\/jm-tarente-une-journee-en-or-pour-lalgerie\\\/\",\"name\":\"JM Tarente : Une journ\\u00e9e en or pour l\\u2019Alg\\u00e9rie - La Sentinelle\",\"description\":\"La d\\u00e9l\\u00e9gation alg\\u00e9rienne a v\\u00e9cu, mardi \\u00e0 Tarente, l'une des plus belles journ\\u00e9es de son histoire sportive aux Jeux m\\u00e9diterran\\u00e9ens, avec deux nouvelles m\\u00e9dailles d'or d\\u00e9croch\\u00e9es en gymnastique et en karat\\u00e9-do, venues s'ajouter \\u00e0 une m\\u00e9daille d'argent en aviron. Une razzia qui prolonge l'euphorie n\\u00e9e la veille, lundi, du sacre du demi-fondeur Djamel Sedjati sur\",\"inLanguage\":\"fr-FR\",\"isPartOf\":{\"@id\":\"https:\\\/\\\/lasentinelle.dz\\\/#website\"},\"breadcrumb\":{\"@id\":\"https:\\\/\\\/lasentinelle.dz\\\/index.php\\\/2026\\\/09\\\/02\\\/jm-tarente-une-journee-en-or-pour-lalgerie\\\/#breadcrumblist\"},\"author\":{\"@id\":\"https:\\\/\\\/lasentinelle.dz\\\/author\\\/admin\\\/#author\"},\"creator\":{\"@id\":\"https:\\\/\\\/lasentinelle.dz\\\/author\\\/admin\\\/#author\"},\"image\":{\"@type\":\"ImageObject\",\"url\":\"https:\\\/\\\/lasentinelle.dz\\\/wp-content\\\/uploads\\\/2026\\\/09\\\/ouikene.jpg\",\"@id\":\"https:\\\/\\\/lasentinelle.dz\\\/index.php\\\/2026\\\/09\\\/02\\\/jm-tarente-une-journee-en-or-pour-lalgerie\\\/#mainImage\",\"width\":2048,\"height\":1536},\"primaryImageOfPage\":{\"@id\":\"https:\\\/\\\/lasentinelle.dz\\\/index.php\\\/2026\\\/09\\\/02\\\/jm-tarente-une-journee-en-or-pour-lalgerie\\\/#mainImage\"},\"datePublished\":\"2026-09-02T11:26:31+01:00\",\"dateModified\":\"2026-09-02T11:26:34+01:00\"},{\"@type\":\"WebSite\",\"@id\":\"https:\\\/\\\/lasentinelle.dz\\\/#website\",\"url\":\"https:\\\/\\\/lasentinelle.dz\\\/\",\"name\":\"La Sentinelle\",\"description\":\"Quotidien national d'information\",\"inLanguage\":\"fr-FR\",\"publisher\":{\"@id\":\"https:\\\/\\\/lasentinelle.dz\\\/#organization\"}}]}\n\t\t<\/script>\n\t\t<!-- All in One SEO -->\n\n","aioseo_head_json":{"title":"JM Tarente : Une journ\u00e9e en or pour l\u2019Alg\u00e9rie - La Sentinelle","description":"La d\u00e9l\u00e9gation alg\u00e9rienne a v\u00e9cu, mardi \u00e0 Tarente, l'une des plus belles journ\u00e9es de son histoire sportive aux Jeux m\u00e9diterran\u00e9ens, avec deux nouvelles m\u00e9dailles d'or d\u00e9croch\u00e9es en gymnastique et en karat\u00e9-do, venues s'ajouter \u00e0 une m\u00e9daille d'argent en aviron. Une razzia qui prolonge l'euphorie n\u00e9e la veille, lundi, du sacre du demi-fondeur Djamel Sedjati sur","canonical_url":"https:\/\/lasentinelle.dz\/index.php\/2026\/09\/02\/jm-tarente-une-journee-en-or-pour-lalgerie\/","robots":"max-image-preview:large","keywords":"","webmasterTools":{"miscellaneous":""},"schema":{"@context":"https:\/\/schema.org","@graph":[{"@type":"BlogPosting","@id":"https:\/\/lasentinelle.dz\/index.php\/2026\/09\/02\/jm-tarente-une-journee-en-or-pour-lalgerie\/#blogposting","name":"JM Tarente : Une journ\u00e9e en or pour l\u2019Alg\u00e9rie - La Sentinelle","headline":"JM Tarente\u00a0: Une journ\u00e9e en or pour l&rsquo;Alg\u00e9rie","author":{"@id":"https:\/\/lasentinelle.dz\/author\/admin\/#author"},"publisher":{"@id":"https:\/\/lasentinelle.dz\/#organization"},"image":{"@type":"ImageObject","url":"https:\/\/lasentinelle.dz\/wp-content\/uploads\/2026\/09\/ouikene.jpg","width":2048,"height":1536},"datePublished":"2026-09-02T11:26:31+01:00","dateModified":"2026-09-02T11:26:34+01:00","inLanguage":"fr-FR","mainEntityOfPage":{"@id":"https:\/\/lasentinelle.dz\/index.php\/2026\/09\/02\/jm-tarente-une-journee-en-or-pour-lalgerie\/#webpage"},"isPartOf":{"@id":"https:\/\/lasentinelle.dz\/index.php\/2026\/09\/02\/jm-tarente-une-journee-en-or-pour-lalgerie\/#webpage"},"articleSection":"\u00c0 la Une, Sports"},{"@type":"BreadcrumbList","@id":"https:\/\/lasentinelle.dz\/index.php\/2026\/09\/02\/jm-tarente-une-journee-en-or-pour-lalgerie\/#breadcrumblist","itemListElement":[{"@type":"ListItem","@id":"https:\/\/lasentinelle.dz#listItem","position":1,"name":"Home","item":"https:\/\/lasentinelle.dz","nextItem":{"@type":"ListItem","@id":"https:\/\/lasentinelle.dz\/index.php\/category\/sports\/#listItem","name":"Sports"}},{"@type":"ListItem","@id":"https:\/\/lasentinelle.dz\/index.php\/category\/sports\/#listItem","position":2,"name":"Sports","item":"https:\/\/lasentinelle.dz\/index.php\/category\/sports\/","nextItem":{"@type":"ListItem","@id":"https:\/\/lasentinelle.dz\/index.php\/2026\/09\/02\/jm-tarente-une-journee-en-or-pour-lalgerie\/#listItem","name":"JM Tarente\u00a0: Une journ\u00e9e en or pour l&rsquo;Alg\u00e9rie"},"previousItem":{"@type":"ListItem","@id":"https:\/\/lasentinelle.dz#listItem","name":"Home"}},{"@type":"ListItem","@id":"https:\/\/lasentinelle.dz\/index.php\/2026\/09\/02\/jm-tarente-une-journee-en-or-pour-lalgerie\/#listItem","position":3,"name":"JM Tarente\u00a0: Une journ\u00e9e en or pour l&rsquo;Alg\u00e9rie","previousItem":{"@type":"ListItem","@id":"https:\/\/lasentinelle.dz\/index.php\/category\/sports\/#listItem","name":"Sports"}}]},{"@type":"Organization","@id":"https:\/\/lasentinelle.dz\/#organization","name":"La Sentinelle La Sentinelle","description":"Quotidien national d'information","url":"https:\/\/lasentinelle.dz\/","logo":{"@type":"ImageObject","url":"https:\/\/lasentinelle.dz\/wp-content\/uploads\/2021\/09\/cropped-la-sentinelle-earth-golden-anima-5.gif","@id":"https:\/\/lasentinelle.dz\/index.php\/2026\/09\/02\/jm-tarente-une-journee-en-or-pour-lalgerie\/#organizationLogo","width":450,"height":213},"image":{"@id":"https:\/\/lasentinelle.dz\/index.php\/2026\/09\/02\/jm-tarente-une-journee-en-or-pour-lalgerie\/#organizationLogo"},"sameAs":["https:\/\/www.facebook.com\/azzedine.lasentinelle.1"]},{"@type":"Person","@id":"https:\/\/lasentinelle.dz\/author\/admin\/#author","url":"https:\/\/lasentinelle.dz\/author\/admin\/","name":"admin","image":{"@type":"ImageObject","@id":"https:\/\/lasentinelle.dz\/index.php\/2026\/09\/02\/jm-tarente-une-journee-en-or-pour-lalgerie\/#authorImage","url":"https:\/\/secure.gravatar.com\/avatar\/4c81fed838786e9b53f540bf46533e750f5d292099ae3b66cfc6fb1982e29df7?s=96&d=mm&r=g","width":96,"height":96,"caption":"admin"}},{"@type":"WebPage","@id":"https:\/\/lasentinelle.dz\/index.php\/2026\/09\/02\/jm-tarente-une-journee-en-or-pour-lalgerie\/#webpage","url":"https:\/\/lasentinelle.dz\/index.php\/2026\/09\/02\/jm-tarente-une-journee-en-or-pour-lalgerie\/","name":"JM Tarente : Une journ\u00e9e en or pour l\u2019Alg\u00e9rie - La Sentinelle","description":"La d\u00e9l\u00e9gation alg\u00e9rienne a v\u00e9cu, mardi \u00e0 Tarente, l'une des plus belles journ\u00e9es de son histoire sportive aux Jeux m\u00e9diterran\u00e9ens, avec deux nouvelles m\u00e9dailles d'or d\u00e9croch\u00e9es en gymnastique et en karat\u00e9-do, venues s'ajouter \u00e0 une m\u00e9daille d'argent en aviron. Une razzia qui prolonge l'euphorie n\u00e9e la veille, lundi, du sacre du demi-fondeur Djamel Sedjati sur","inLanguage":"fr-FR","isPartOf":{"@id":"https:\/\/lasentinelle.dz\/#website"},"breadcrumb":{"@id":"https:\/\/lasentinelle.dz\/index.php\/2026\/09\/02\/jm-tarente-une-journee-en-or-pour-lalgerie\/#breadcrumblist"},"author":{"@id":"https:\/\/lasentinelle.dz\/author\/admin\/#author"},"creator":{"@id":"https:\/\/lasentinelle.dz\/author\/admin\/#author"},"image":{"@type":"ImageObject","url":"https:\/\/lasentinelle.dz\/wp-content\/uploads\/2026\/09\/ouikene.jpg","@id":"https:\/\/lasentinelle.dz\/index.php\/2026\/09\/02\/jm-tarente-une-journee-en-or-pour-lalgerie\/#mainImage","width":2048,"height":1536},"primaryImageOfPage":{"@id":"https:\/\/lasentinelle.dz\/index.php\/2026\/09\/02\/jm-tarente-une-journee-en-or-pour-lalgerie\/#mainImage"},"datePublished":"2026-09-02T11:26:31+01:00","dateModified":"2026-09-02T11:26:34+01:00"},{"@type":"WebSite","@id":"https:\/\/lasentinelle.dz\/#website","url":"https:\/\/lasentinelle.dz\/","name":"La Sentinelle","description":"Quotidien national d'information","inLanguage":"fr-FR","publisher":{"@id":"https:\/\/lasentinelle.dz\/#organization"}}]},"og:locale":"fr_FR","og:site_name":"La Sentinelle - Quotidien national d'information","og:type":"article","og:title":"JM Tarente : Une journ\u00e9e en or pour l\u2019Alg\u00e9rie - La Sentinelle","og:description":"La d\u00e9l\u00e9gation alg\u00e9rienne a v\u00e9cu, mardi \u00e0 Tarente, l'une des plus belles journ\u00e9es de son histoire sportive aux Jeux m\u00e9diterran\u00e9ens, avec deux nouvelles m\u00e9dailles d'or d\u00e9croch\u00e9es en gymnastique et en karat\u00e9-do, venues s'ajouter \u00e0 une m\u00e9daille d'argent en aviron. Une razzia qui prolonge l'euphorie n\u00e9e la veille, lundi, du sacre du demi-fondeur Djamel Sedjati sur","og:url":"https:\/\/lasentinelle.dz\/index.php\/2026\/09\/02\/jm-tarente-une-journee-en-or-pour-lalgerie\/","og:image":"https:\/\/lasentinelle.dz\/wp-content\/uploads\/2021\/09\/cropped-la-sentinelle-earth-golden-anima-5.gif","og:image:secure_url":"https:\/\/lasentinelle.dz\/wp-content\/uploads\/2021\/09\/cropped-la-sentinelle-earth-golden-anima-5.gif","og:image:width":450,"og:image:height":213,"article:published_time":"2026-09-02T10:26:31+00:00","article:modified_time":"2026-09-02T10:26:34+00:00","article:publisher":"https:\/\/www.facebook.com\/azzedine.lasentinelle.1","twitter:card":"summary_large_image","twitter:title":"JM Tarente : Une journ\u00e9e en or pour l\u2019Alg\u00e9rie - La Sentinelle","twitter:description":"La d\u00e9l\u00e9gation alg\u00e9rienne a v\u00e9cu, mardi \u00e0 Tarente, l'une des plus belles journ\u00e9es de son histoire sportive aux Jeux m\u00e9diterran\u00e9ens, avec deux nouvelles m\u00e9dailles d'or d\u00e9croch\u00e9es en gymnastique et en karat\u00e9-do, venues s'ajouter \u00e0 une m\u00e9daille d'argent en aviron. Une razzia qui prolonge l'euphorie n\u00e9e la veille, lundi, du sacre du demi-fondeur Djamel Sedjati sur","twitter:image":"https:\/\/lasentinelle.dz\/wp-content\/uploads\/2021\/09\/cropped-la-sentinelle-earth-golden-anima-5.gif"},"aioseo_meta_data":{"post_id":"94796","title":null,"description":null,"keywords":null,"keyphrases":{"focus":{"keyphrase":"","score":0,"analysis":{"keyphraseInTitle":{"score":0,"maxScore":9,"error":1}}},"additional":[]},"primary_term":null,"canonical_url":null,"og_title":null,"og_description":null,"og_object_type":"default","og_image_type":"default","og_image_url":null,"og_image_width":null,"og_image_height":null,"og_image_custom_url":null,"og_image_custom_fields":null,"og_video":"","og_custom_url":null,"og_article_section":null,"og_article_tags":null,"twitter_use_og":false,"twitter_card":"default","twitter_image_type":"default","twitter_image_url":null,"twitter_image_custom_url":null,"twitter_image_custom_fields":null,"twitter_title":null,"twitter_description":null,"schema":{"blockGraphs":[],"customGraphs":[],"default":{"data":{"Article":[],"Course":[],"Dataset":[],"FAQPage":[],"Movie":[],"Person":[],"Product":[],"ProductReview":[],"Car":[],"Recipe":[],"Service":[],"SoftwareApplication":[],"WebPage":[]},"graphName":"BlogPosting","isEnabled":true},"graphs":[]},"schema_type":"default","schema_type_options":null,"pillar_content":false,"robots_default":true,"robots_noindex":false,"robots_noarchive":false,"robots_nosnippet":false,"robots_nofollow":false,"robots_noimageindex":false,"robots_noodp":false,"robots_notranslate":false,"robots_max_snippet":"-1","robots_max_videopreview":"-1","robots_max_imagepreview":"large","priority":null,"frequency":"default","local_seo":null,"breadcrumb_settings":null,"limit_modified_date":false,"ai":{"faqs":[],"keyPoints":[],"schemas":[],"titles":[],"descriptions":[],"socialPosts":{"email":{"subject":"","preview":"","content":""},"linkedin":[],"twitter":[],"facebook":[],"instagram":[]}},"created":"2026-09-02 10:26:34","updated":"2026-09-02 11:04:29","focus_keyword":null,"additional_keywords":null,"truseo_locale":null,"seo_analyzer_scan_date":null},"aioseo_breadcrumb":"<div class=\"aioseo-breadcrumbs\"><span class=\"aioseo-breadcrumb\">\n\t\t\t<a href=\"https:\/\/lasentinelle.dz\" title=\"Home\">Home<\/a>\n\t\t<\/span><span class=\"aioseo-breadcrumb-separator\">&raquo;<\/span><span class=\"aioseo-breadcrumb\">\n\t\t\t<a href=\"https:\/\/lasentinelle.dz\/index.php\/category\/sports\/\" title=\"Sports\">Sports<\/a>\n\t\t<\/span><span class=\"aioseo-breadcrumb-separator\">&raquo;<\/span><span class=\"aioseo-breadcrumb\">\n\t\t\tJM Tarente : Une journ\u00e9e en or pour l\u2019Alg\u00e9rie\n\t\t<\/span><\/div>","aioseo_breadcrumb_json":[{"label":"Home","link":"https:\/\/lasentinelle.dz"},{"label":"Sports","link":"https:\/\/lasentinelle.dz\/index.php\/category\/sports\/"},{"label":"JM Tarente\u00a0: Une journ\u00e9e en or pour l&rsquo;Alg\u00e9rie","link":"https:\/\/lasentinelle.dz\/index.php\/2026\/09\/02\/jm-tarente-une-journee-en-or-pour-lalgerie\/"}],"yoast_head":"<!-- This site is optimized with the Yoast SEO plugin v28.4 - https:\/\/yoast.com\/product\/yoast-seo-wordpress\/ -->\n<title>JM Tarente\u00a0: Une journ\u00e9e en or pour l&rsquo;Alg\u00e9rie - La Sentinelle<\/title>\n<meta name=\"robots\" content=\"index, follow, max-snippet:-1, max-image-preview:large, max-video-preview:-1\" \/>\n<link rel=\"canonical\" href=\"https:\/\/lasentinelle.dz\/index.php\/2026\/09\/02\/jm-tarente-une-journee-en-or-pour-lalgerie\/\" \/>\n<meta property=\"og:locale\" content=\"fr_FR\" \/>\n<meta property=\"og:type\" content=\"article\" \/>\n<meta property=\"og:title\" content=\"JM Tarente\u00a0: Une journ\u00e9e en or pour l&rsquo;Alg\u00e9rie - La Sentinelle\" \/>\n<meta property=\"og:description\" content=\"La d\u00e9l\u00e9gation alg\u00e9rienne a v\u00e9cu, mardi \u00e0 Tarente, l&rsquo;une des plus belles journ\u00e9es de son histoire sportive aux Jeux m\u00e9diterran\u00e9ens,\" \/>\n<meta property=\"og:url\" content=\"https:\/\/lasentinelle.dz\/index.php\/2026\/09\/02\/jm-tarente-une-journee-en-or-pour-lalgerie\/\" \/>\n<meta property=\"og:site_name\" content=\"La Sentinelle\" \/>\n<meta property=\"article:publisher\" content=\"https:\/\/www.facebook.com\/La-Sentinelle-104059864394773\" \/>\n<meta property=\"article:published_time\" content=\"2026-09-02T10:26:31+00:00\" \/>\n<meta property=\"article:modified_time\" content=\"2026-09-02T10:26:34+00:00\" \/>\n<meta property=\"og:image\" content=\"https:\/\/lasentinelle.dz\/wp-content\/uploads\/2026\/09\/ouikene.jpg\" \/>\n\t<meta property=\"og:image:width\" content=\"2048\" \/>\n\t<meta property=\"og:image:height\" content=\"1536\" \/>\n\t<meta property=\"og:image:type\" content=\"image\/jpeg\" \/>\n<meta name=\"author\" content=\"admin\" \/>\n<meta name=\"twitter:card\" content=\"summary_large_image\" \/>\n<meta name=\"twitter:label1\" content=\"\u00c9crit par\" \/>\n\t<meta name=\"twitter:data1\" content=\"admin\" \/>\n\t<meta name=\"twitter:label2\" content=\"Dur\u00e9e de lecture estim\u00e9e\" \/>\n\t<meta name=\"twitter:data2\" content=\"5 minutes\" \/>\n<script type=\"application\/ld+json\" class=\"yoast-schema-graph\">{\"@context\":\"https:\\\/\\\/schema.org\",\"@graph\":[{\"@type\":\"Article\",\"@id\":\"https:\\\/\\\/lasentinelle.dz\\\/index.php\\\/2026\\\/09\\\/02\\\/jm-tarente-une-journee-en-or-pour-lalgerie\\\/#article\",\"isPartOf\":{\"@id\":\"https:\\\/\\\/lasentinelle.dz\\\/index.php\\\/2026\\\/09\\\/02\\\/jm-tarente-une-journee-en-or-pour-lalgerie\\\/\"},\"author\":{\"name\":\"admin\",\"@id\":\"https:\\\/\\\/lasentinelle.dz\\\/#\\\/schema\\\/person\\\/729ee0024f24e0b8c5ec17232f8e8b41\"},\"headline\":\"JM Tarente\u00a0: Une journ\u00e9e en or pour l&rsquo;Alg\u00e9rie\",\"datePublished\":\"2026-09-02T10:26:31+00:00\",\"dateModified\":\"2026-09-02T10:26:34+00:00\",\"mainEntityOfPage\":{\"@id\":\"https:\\\/\\\/lasentinelle.dz\\\/index.php\\\/2026\\\/09\\\/02\\\/jm-tarente-une-journee-en-or-pour-lalgerie\\\/\"},\"wordCount\":987,\"commentCount\":0,\"publisher\":{\"@id\":\"https:\\\/\\\/lasentinelle.dz\\\/#organization\"},\"image\":{\"@id\":\"https:\\\/\\\/lasentinelle.dz\\\/index.php\\\/2026\\\/09\\\/02\\\/jm-tarente-une-journee-en-or-pour-lalgerie\\\/#primaryimage\"},\"thumbnailUrl\":\"https:\\\/\\\/lasentinelle.dz\\\/wp-content\\\/uploads\\\/2026\\\/09\\\/ouikene.jpg\",\"articleSection\":[\"\u00c0 la Une\",\"Sports\"],\"inLanguage\":\"fr-FR\",\"potentialAction\":[{\"@type\":\"CommentAction\",\"name\":\"Comment\",\"target\":[\"https:\\\/\\\/lasentinelle.dz\\\/index.php\\\/2026\\\/09\\\/02\\\/jm-tarente-une-journee-en-or-pour-lalgerie\\\/#respond\"]}]},{\"@type\":\"WebPage\",\"@id\":\"https:\\\/\\\/lasentinelle.dz\\\/index.php\\\/2026\\\/09\\\/02\\\/jm-tarente-une-journee-en-or-pour-lalgerie\\\/\",\"url\":\"https:\\\/\\\/lasentinelle.dz\\\/index.php\\\/2026\\\/09\\\/02\\\/jm-tarente-une-journee-en-or-pour-lalgerie\\\/\",\"name\":\"JM Tarente\u00a0: Une journ\u00e9e en or pour l&rsquo;Alg\u00e9rie - La Sentinelle\",\"isPartOf\":{\"@id\":\"https:\\\/\\\/lasentinelle.dz\\\/#website\"},\"primaryImageOfPage\":{\"@id\":\"https:\\\/\\\/lasentinelle.dz\\\/index.php\\\/2026\\\/09\\\/02\\\/jm-tarente-une-journee-en-or-pour-lalgerie\\\/#primaryimage\"},\"image\":{\"@id\":\"https:\\\/\\\/lasentinelle.dz\\\/index.php\\\/2026\\\/09\\\/02\\\/jm-tarente-une-journee-en-or-pour-lalgerie\\\/#primaryimage\"},\"thumbnailUrl\":\"https:\\\/\\\/lasentinelle.dz\\\/wp-content\\\/uploads\\\/2026\\\/09\\\/ouikene.jpg\",\"datePublished\":\"2026-09-02T10:26:31+00:00\",\"dateModified\":\"2026-09-02T10:26:34+00:00\",\"breadcrumb\":{\"@id\":\"https:\\\/\\\/lasentinelle.dz\\\/index.php\\\/2026\\\/09\\\/02\\\/jm-tarente-une-journee-en-or-pour-lalgerie\\\/#breadcrumb\"},\"inLanguage\":\"fr-FR\",\"potentialAction\":[{\"@type\":\"ReadAction\",\"target\":[\"https:\\\/\\\/lasentinelle.dz\\\/index.php\\\/2026\\\/09\\\/02\\\/jm-tarente-une-journee-en-or-pour-lalgerie\\\/\"]}]},{\"@type\":\"ImageObject\",\"inLanguage\":\"fr-FR\",\"@id\":\"https:\\\/\\\/lasentinelle.dz\\\/index.php\\\/2026\\\/09\\\/02\\\/jm-tarente-une-journee-en-or-pour-lalgerie\\\/#primaryimage\",\"url\":\"https:\\\/\\\/lasentinelle.dz\\\/wp-content\\\/uploads\\\/2026\\\/09\\\/ouikene.jpg\",\"contentUrl\":\"https:\\\/\\\/lasentinelle.dz\\\/wp-content\\\/uploads\\\/2026\\\/09\\\/ouikene.jpg\",\"width\":2048,\"height\":1536},{\"@type\":\"BreadcrumbList\",\"@id\":\"https:\\\/\\\/lasentinelle.dz\\\/index.php\\\/2026\\\/09\\\/02\\\/jm-tarente-une-journee-en-or-pour-lalgerie\\\/#breadcrumb\",\"itemListElement\":[{\"@type\":\"ListItem\",\"position\":1,\"name\":\"Accueil\",\"item\":\"https:\\\/\\\/lasentinelle.dz\\\/\"},{\"@type\":\"ListItem\",\"position\":2,\"name\":\"JM Tarente\u00a0: Une journ\u00e9e en or pour l&rsquo;Alg\u00e9rie\"}]},{\"@type\":\"WebSite\",\"@id\":\"https:\\\/\\\/lasentinelle.dz\\\/#website\",\"url\":\"https:\\\/\\\/lasentinelle.dz\\\/\",\"name\":\"La Sentinelle\",\"description\":\"Quotidien national d&#039;information\",\"publisher\":{\"@id\":\"https:\\\/\\\/lasentinelle.dz\\\/#organization\"},\"potentialAction\":[{\"@type\":\"SearchAction\",\"target\":{\"@type\":\"EntryPoint\",\"urlTemplate\":\"https:\\\/\\\/lasentinelle.dz\\\/?s={search_term_string}\"},\"query-input\":{\"@type\":\"PropertyValueSpecification\",\"valueRequired\":true,\"valueName\":\"search_term_string\"}}],\"inLanguage\":\"fr-FR\"},{\"@type\":\"Organization\",\"@id\":\"https:\\\/\\\/lasentinelle.dz\\\/#organization\",\"name\":\"Quotidien La Sentinelle\",\"url\":\"https:\\\/\\\/lasentinelle.dz\\\/\",\"logo\":{\"@type\":\"ImageObject\",\"inLanguage\":\"fr-FR\",\"@id\":\"https:\\\/\\\/lasentinelle.dz\\\/#\\\/schema\\\/logo\\\/image\\\/\",\"url\":\"https:\\\/\\\/lasentinelle.dz\\\/wp-content\\\/uploads\\\/2021\\\/09\\\/logo-sentinelleSLOGAN-1.png\",\"contentUrl\":\"https:\\\/\\\/lasentinelle.dz\\\/wp-content\\\/uploads\\\/2021\\\/09\\\/logo-sentinelleSLOGAN-1.png\",\"width\":615,\"height\":142,\"caption\":\"Quotidien La Sentinelle\"},\"image\":{\"@id\":\"https:\\\/\\\/lasentinelle.dz\\\/#\\\/schema\\\/logo\\\/image\\\/\"},\"sameAs\":[\"https:\\\/\\\/www.facebook.com\\\/La-Sentinelle-104059864394773\"]},{\"@type\":\"Person\",\"@id\":\"https:\\\/\\\/lasentinelle.dz\\\/#\\\/schema\\\/person\\\/729ee0024f24e0b8c5ec17232f8e8b41\",\"name\":\"admin\",\"image\":{\"@type\":\"ImageObject\",\"inLanguage\":\"fr-FR\",\"@id\":\"https:\\\/\\\/secure.gravatar.com\\\/avatar\\\/4c81fed838786e9b53f540bf46533e750f5d292099ae3b66cfc6fb1982e29df7?s=96&d=mm&r=g\",\"url\":\"https:\\\/\\\/secure.gravatar.com\\\/avatar\\\/4c81fed838786e9b53f540bf46533e750f5d292099ae3b66cfc6fb1982e29df7?s=96&d=mm&r=g\",\"contentUrl\":\"https:\\\/\\\/secure.gravatar.com\\\/avatar\\\/4c81fed838786e9b53f540bf46533e750f5d292099ae3b66cfc6fb1982e29df7?s=96&d=mm&r=g\",\"caption\":\"admin\"},\"description\":\"admin\",\"url\":\"https:\\\/\\\/lasentinelle.dz\\\/author\\\/admin\\\/\"}]}<\/script>\n<!-- \/ Yoast SEO plugin. -->","yoast_head_json":{"title":"JM Tarente\u00a0: Une journ\u00e9e en or pour l&rsquo;Alg\u00e9rie - La Sentinelle","robots":{"index":"index","follow":"follow","max-snippet":"max-snippet:-1","max-image-preview":"max-image-preview:large","max-video-preview":"max-video-preview:-1"},"canonical":"https:\/\/lasentinelle.dz\/index.php\/2026\/09\/02\/jm-tarente-une-journee-en-or-pour-lalgerie\/","og_locale":"fr_FR","og_type":"article","og_title":"JM Tarente\u00a0: Une journ\u00e9e en or pour l&rsquo;Alg\u00e9rie - La Sentinelle","og_description":"La d\u00e9l\u00e9gation alg\u00e9rienne a v\u00e9cu, mardi \u00e0 Tarente, l&rsquo;une des plus belles journ\u00e9es de son histoire sportive aux Jeux m\u00e9diterran\u00e9ens,","og_url":"https:\/\/lasentinelle.dz\/index.php\/2026\/09\/02\/jm-tarente-une-journee-en-or-pour-lalgerie\/","og_site_name":"La Sentinelle","article_publisher":"https:\/\/www.facebook.com\/La-Sentinelle-104059864394773","article_published_time":"2026-09-02T10:26:31+00:00","article_modified_time":"2026-09-02T10:26:34+00:00","og_image":[{"width":2048,"height":1536,"url":"https:\/\/lasentinelle.dz\/wp-content\/uploads\/2026\/09\/ouikene.jpg","type":"image\/jpeg"}],"author":"admin","twitter_card":"summary_large_image","twitter_misc":{"\u00c9crit par":"admin","Dur\u00e9e de lecture estim\u00e9e":"5 minutes"},"schema":{"@context":"https:\/\/schema.org","@graph":[{"@type":"Article","@id":"https:\/\/lasentinelle.dz\/index.php\/2026\/09\/02\/jm-tarente-une-journee-en-or-pour-lalgerie\/#article","isPartOf":{"@id":"https:\/\/lasentinelle.dz\/index.php\/2026\/09\/02\/jm-tarente-une-journee-en-or-pour-lalgerie\/"},"author":{"name":"admin","@id":"https:\/\/lasentinelle.dz\/#\/schema\/person\/729ee0024f24e0b8c5ec17232f8e8b41"},"headline":"JM Tarente\u00a0: Une journ\u00e9e en or pour l&rsquo;Alg\u00e9rie","datePublished":"2026-09-02T10:26:31+00:00","dateModified":"2026-09-02T10:26:34+00:00","mainEntityOfPage":{"@id":"https:\/\/lasentinelle.dz\/index.php\/2026\/09\/02\/jm-tarente-une-journee-en-or-pour-lalgerie\/"},"wordCount":987,"commentCount":0,"publisher":{"@id":"https:\/\/lasentinelle.dz\/#organization"},"image":{"@id":"https:\/\/lasentinelle.dz\/index.php\/2026\/09\/02\/jm-tarente-une-journee-en-or-pour-lalgerie\/#primaryimage"},"thumbnailUrl":"https:\/\/lasentinelle.dz\/wp-content\/uploads\/2026\/09\/ouikene.jpg","articleSection":["\u00c0 la Une","Sports"],"inLanguage":"fr-FR","potentialAction":[{"@type":"CommentAction","name":"Comment","target":["https:\/\/lasentinelle.dz\/index.php\/2026\/09\/02\/jm-tarente-une-journee-en-or-pour-lalgerie\/#respond"]}]},{"@type":"WebPage","@id":"https:\/\/lasentinelle.dz\/index.php\/2026\/09\/02\/jm-tarente-une-journee-en-or-pour-lalgerie\/","url":"https:\/\/lasentinelle.dz\/index.php\/2026\/09\/02\/jm-tarente-une-journee-en-or-pour-lalgerie\/","name":"JM Tarente\u00a0: Une journ\u00e9e en or pour l&rsquo;Alg\u00e9rie - La Sentinelle","isPartOf":{"@id":"https:\/\/lasentinelle.dz\/#website"},"primaryImageOfPage":{"@id":"https:\/\/lasentinelle.dz\/index.php\/2026\/09\/02\/jm-tarente-une-journee-en-or-pour-lalgerie\/#primaryimage"},"image":{"@id":"https:\/\/lasentinelle.dz\/index.php\/2026\/09\/02\/jm-tarente-une-journee-en-or-pour-lalgerie\/#primaryimage"},"thumbnailUrl":"https:\/\/lasentinelle.dz\/wp-content\/uploads\/2026\/09\/ouikene.jpg","datePublished":"2026-09-02T10:26:31+00:00","dateModified":"2026-09-02T10:26:34+00:00","breadcrumb":{"@id":"https:\/\/lasentinelle.dz\/index.php\/2026\/09\/02\/jm-tarente-une-journee-en-or-pour-lalgerie\/#breadcrumb"},"inLanguage":"fr-FR","potentialAction":[{"@type":"ReadAction","target":["https:\/\/lasentinelle.dz\/index.php\/2026\/09\/02\/jm-tarente-une-journee-en-or-pour-lalgerie\/"]}]},{"@type":"ImageObject","inLanguage":"fr-FR","@id":"https:\/\/lasentinelle.dz\/index.php\/2026\/09\/02\/jm-tarente-une-journee-en-or-pour-lalgerie\/#primaryimage","url":"https:\/\/lasentinelle.dz\/wp-content\/uploads\/2026\/09\/ouikene.jpg","contentUrl":"https:\/\/lasentinelle.dz\/wp-content\/uploads\/2026\/09\/ouikene.jpg","width":2048,"height":1536},{"@type":"BreadcrumbList","@id":"https:\/\/lasentinelle.dz\/index.php\/2026\/09\/02\/jm-tarente-une-journee-en-or-pour-lalgerie\/#breadcrumb","itemListElement":[{"@type":"ListItem","position":1,"name":"Accueil","item":"https:\/\/lasentinelle.dz\/"},{"@type":"ListItem","position":2,"name":"JM Tarente\u00a0: Une journ\u00e9e en or pour l&rsquo;Alg\u00e9rie"}]},{"@type":"WebSite","@id":"https:\/\/lasentinelle.dz\/#website","url":"https:\/\/lasentinelle.dz\/","name":"La Sentinelle","description":"Quotidien national d&#039;information","publisher":{"@id":"https:\/\/lasentinelle.dz\/#organization"},"potentialAction":[{"@type":"SearchAction","target":{"@type":"EntryPoint","urlTemplate":"https:\/\/lasentinelle.dz\/?s={search_term_string}"},"query-input":{"@type":"PropertyValueSpecification","valueRequired":true,"valueName":"search_term_string"}}],"inLanguage":"fr-FR"},{"@type":"Organization","@id":"https:\/\/lasentinelle.dz\/#organization","name":"Quotidien La Sentinelle","url":"https:\/\/lasentinelle.dz\/","logo":{"@type":"ImageObject","inLanguage":"fr-FR","@id":"https:\/\/lasentinelle.dz\/#\/schema\/logo\/image\/","url":"https:\/\/lasentinelle.dz\/wp-content\/uploads\/2021\/09\/logo-sentinelleSLOGAN-1.png","contentUrl":"https:\/\/lasentinelle.dz\/wp-content\/uploads\/2021\/09\/logo-sentinelleSLOGAN-1.png","width":615,"height":142,"caption":"Quotidien La Sentinelle"},"image":{"@id":"https:\/\/lasentinelle.dz\/#\/schema\/logo\/image\/"},"sameAs":["https:\/\/www.facebook.com\/La-Sentinelle-104059864394773"]},{"@type":"Person","@id":"https:\/\/lasentinelle.dz\/#\/schema\/person\/729ee0024f24e0b8c5ec17232f8e8b41","name":"admin","image":{"@type":"ImageObject","inLanguage":"fr-FR","@id":"https:\/\/secure.gravatar.com\/avatar\/4c81fed838786e9b53f540bf46533e750f5d292099ae3b66cfc6fb1982e29df7?s=96&d=mm&r=g","url":"https:\/\/secure.gravatar.com\/avatar\/4c81fed838786e9b53f540bf46533e750f5d292099ae3b66cfc6fb1982e29df7?s=96&d=mm&r=g","contentUrl":"https:\/\/secure.gravatar.com\/avatar\/4c81fed838786e9b53f540bf46533e750f5d292099ae3b66cfc6fb1982e29df7?s=96&d=mm&r=g","caption":"admin"},"description":"admin","url":"https:\/\/lasentinelle.dz\/author\/admin\/"}]}},"_links":{"self":[{"href":"https:\/\/lasentinelle.dz\/index.php\/wp-json\/wp\/v2\/posts\/94796","targetHints":{"allow":["GET"]}}],"collection":[{"href":"https:\/\/lasentinelle.dz\/index.php\/wp-json\/wp\/v2\/posts"}],"about":[{"href":"https:\/\/lasentinelle.dz\/index.php\/wp-json\/wp\/v2\/types\/post"}],"author":[{"embeddable":true,"href":"https:\/\/lasentinelle.dz\/index.php\/wp-json\/wp\/v2\/users\/6"}],"replies":[{"embeddable":true,"href":"https:\/\/lasentinelle.dz\/index.php\/wp-json\/wp\/v2\/comments?post=94796"}],"version-history":[{"count":2,"href":"https:\/\/lasentinelle.dz\/index.php\/wp-json\/wp\/v2\/posts\/94796\/revisions"}],"predecessor-version":[{"id":94799,"href":"https:\/\/lasentinelle.dz\/index.php\/wp-json\/wp\/v2\/posts\/94796\/revisions\/94799"}],"wp:featuredmedia":[{"embeddable":true,"href":"https:\/\/lasentinelle.dz\/index.php\/wp-json\/wp\/v2\/media\/94797"}],"wp:attachment":[{"href":"https:\/\/lasentinelle.dz\/index.php\/wp-json\/wp\/v2\/media?parent=94796"}],"wp:term":[{"taxonomy":"category","embeddable":true,"href":"https:\/\/lasentinelle.dz\/index.php\/wp-json\/wp\/v2\/categories?post=94796"},{"taxonomy":"post_tag","embeddable":true,"href":"https:\/\/lasentinelle.dz\/index.php\/wp-json\/wp\/v2\/tags?post=94796"}],"curies":[{"name":"wp","href":"https:\/\/api.w.org\/{rel}","templated":true}]}}