{"id":94804,"date":"2026-09-02T12:01:19","date_gmt":"2026-09-02T11:01:19","guid":{"rendered":"https:\/\/lasentinelle.dz\/?p=94804"},"modified":"2026-09-02T12:01:21","modified_gmt":"2026-09-02T11:01:21","slug":"palestine-occupee-lonu-reclame-larret-des-frappes-israeliennes-a-ghaza-et-de-la-violence-des-colons-en-cisjordanie-occupee","status":"publish","type":"post","link":"https:\/\/lasentinelle.dz\/index.php\/2026\/09\/02\/palestine-occupee-lonu-reclame-larret-des-frappes-israeliennes-a-ghaza-et-de-la-violence-des-colons-en-cisjordanie-occupee\/","title":{"rendered":"Palestine occup\u00e9e\u00a0: L&rsquo;ONU r\u00e9clame l&rsquo;arr\u00eat des frappes isra\u00e9liennes \u00e0 Ghaza et de la violence des colons en Cisjordanie occup\u00e9e"},"content":{"rendered":"\n<p class=\"wp-block-paragraph\">Le secr\u00e9taire g\u00e9n\u00e9ral de l&rsquo;Organisation des Nations unies, Antonio Guterres, a exig\u00e9 mardi la cessation des frappes isra\u00e9liennes dans la bande de Ghaza ainsi que celle des exactions commises par les colons en Cisjordanie occup\u00e9e, une d\u00e9claration prononc\u00e9e devant le sommet de l&rsquo;Organisation de coop\u00e9ration de Shanghai et intervenue alors que le bilan de l&rsquo;agression g\u00e9nocidaire sioniste contre l&rsquo;enclave palestinienne continue de s&rsquo;alourdir de jour en jour. Le chef de l&rsquo;ONU a affirm\u00e9 que le cessez-le-feu \u00e0 Ghaza devait \u00eatre pleinement respect\u00e9 et a demand\u00e9 la lev\u00e9e imm\u00e9diate de tous les obstacles entravant l&rsquo;acheminement de l&rsquo;aide humanitaire vers une population exsangue apr\u00e8s pr\u00e8s de trois ann\u00e9es de guerre. Il a \u00e9galement d\u00e9nonc\u00e9 les attaques r\u00e9p\u00e9t\u00e9es des colons ainsi que l&rsquo;expansion continue des colonies en Cisjordanie occup\u00e9e, deux ph\u00e9nom\u00e8nes qu&rsquo;il a jug\u00e9s incompatibles avec toute perspective de paix durable. Antonio Guterres a rappel\u00e9 qu&rsquo;une paix v\u00e9ritable dans la r\u00e9gion ne pouvait reposer que sur une solution \u00e0 deux \u00c9tats, permettant \u00e0 Isra\u00ebl et \u00e0 la Palestine de coexister en tant qu&rsquo;\u00c9tats souverains et ind\u00e9pendants, avant d&rsquo;appeler l&rsquo;ensemble des parties \u00e0 la plus grande retenue et au respect scrupuleux du droit international.<\/p>\n\n\n\n<p class=\"wp-block-paragraph\">Cet appel intervient alors que l&rsquo;agression sioniste se poursuit sur le terrain. Des tirs et des frappes a\u00e9riennes ont co\u00fbt\u00e9 la vie mardi \u00e0 au moins quatre Palestiniens, dont trois enfants, selon les autorit\u00e9s sanitaires de Ghaza. Des t\u00e9moins ont fait \u00e9tat d&rsquo;un bombardement d&rsquo;une intensit\u00e9 inhabituelle pr\u00e8s du quartier de Katiba, \u00e0 l&rsquo;ouest de la ville de Ghaza, une zone o\u00f9 s&rsquo;entassent de nombreuses familles d\u00e9plac\u00e9es, tandis qu&rsquo;une autre frappe a vis\u00e9 le centre de l&rsquo;enclave, pr\u00e8s de Deir al Balah, tuant une fillette.<\/p>\n\n\n\n<p class=\"wp-block-paragraph\">L&rsquo;ONU s&rsquo;est dite pour sa part vivement pr\u00e9occup\u00e9e par la persistance des pertes civiles caus\u00e9es par les op\u00e9rations militaires de l&rsquo;arm\u00e9e d&rsquo;occupation. Le porte-parole de l&rsquo;organisation, St\u00e9phane Dujarric, a indiqu\u00e9 que des installations du complexe hospitalier Al Aqsa, \u00e0 Deir al Balah, avaient \u00e9t\u00e9 endommag\u00e9es lors de l&rsquo;une des frappes du week-end, insistant sur l&rsquo;obligation de prot\u00e9ger les civils et les infrastructures sanitaires plut\u00f4t que d&rsquo;en faire des cibles. Il a par ailleurs averti que le manque de financements, les restrictions impos\u00e9es \u00e0 l&rsquo;entr\u00e9e des mat\u00e9riaux ainsi que les p\u00e9nuries de carburant et d&rsquo;engins lourds compliquaient les pr\u00e9paratifs de l&rsquo;ONU face \u00e0 la saison des pluies qui s&rsquo;annonce \u00e0 Ghaza. En Cisjordanie occup\u00e9e, les \u00e9quipes onusiennes ont recens\u00e9 une nouvelle vague de violences des colons faite d&rsquo;agressions, de vandalisme, d&rsquo;incendies et de vols, une douzaine de Palestiniens ayant \u00e9t\u00e9 bless\u00e9s en trois jours dans les environs de Ramallah, o\u00f9 la circulation des habitants et des ambulances a \u00e9t\u00e9 entrav\u00e9e.<\/p>\n\n\n\n<p class=\"wp-block-paragraph\">Sur le terrain, le bilan humain de l&rsquo;agression g\u00e9nocidaire sioniste contre Ghaza, engag\u00e9e depuis le 7 octobre 2023, s&rsquo;est \u00e9tabli mardi \u00e0 73 462 martyrs et 174 509 bless\u00e9s, selon les autorit\u00e9s sanitaires palestiniennes, qui pr\u00e9cisent que 1 326 Palestiniens ont p\u00e9ri et 4 398 autres ont \u00e9t\u00e9 bless\u00e9s depuis l&rsquo;entr\u00e9e en vigueur du cessez-le-feu le 10 octobre dernier. De nombreuses victimes demeureraient encore sous les d\u00e9combres, hors de port\u00e9e des \u00e9quipes de secours.<\/p>\n\n\n\n<p class=\"wp-block-paragraph\">L.S.<\/p>\n","protected":false},"excerpt":{"rendered":"<p>Le secr\u00e9taire g\u00e9n\u00e9ral de l&rsquo;Organisation des Nations unies, Antonio Guterres, a exig\u00e9 mardi la cessation des frappes isra\u00e9liennes dans la<\/p>\n","protected":false},"author":6,"featured_media":25320,"comment_status":"open","ping_status":"closed","sticky":false,"template":"","format":"standard","meta":{"colormag_page_container_layout":"default_layout","colormag_page_sidebar_layout":"default_layout","om_disable_all_campaigns":false,"_monsterinsights_skip_tracking":false,"footnotes":"","_wpscppro_dont_share_socialmedia":false,"_wpscppro_custom_social_share_image":0,"_facebook_share_type":"default","_twitter_share_type":"default","_linkedin_share_type":"default","_pinterest_share_type":"default","_linkedin_share_type_page":"","_instagram_share_type":"default","_medium_share_type":"default","_threads_share_type":"default","_google_business_share_type":"default","_bluesky_share_type":"default","_mastodon_share_type":"default","_selected_social_profile":[],"_wpsp_enable_custom_social_template":false,"_wpsp_social_scheduling":{"enabled":false,"datetime":null,"platforms":[],"status":"template_only","dateOption":"today","timeOption":"now","customDays":"","customHours":"","customDate":"","customTime":"","schedulingType":"absolute"},"_wpsp_active_default_template":true},"categories":[37],"tags":[],"class_list":["post-94804","post","type-post","status-publish","format-standard","has-post-thumbnail","hentry","category-monde"],"aioseo_notices":[],"aioseo_head":"\n\t\t<!-- All in One SEO 5.0.0.1 - aioseo.com -->\n\t<meta name=\"description\" content=\"Le secr\u00e9taire g\u00e9n\u00e9ral de l&#039;Organisation des Nations unies, Antonio Guterres, a exig\u00e9 mardi la cessation des frappes isra\u00e9liennes dans la bande de Ghaza ainsi que celle des exactions commises par les colons en Cisjordanie occup\u00e9e, une d\u00e9claration prononc\u00e9e devant le sommet de l&#039;Organisation de coop\u00e9ration de Shanghai et intervenue alors que le bilan de l&#039;agression\" \/>\n\t<meta name=\"robots\" content=\"max-image-preview:large\" \/>\n\t<meta name=\"author\" content=\"admin\"\/>\n\t<link rel=\"canonical\" href=\"https:\/\/lasentinelle.dz\/index.php\/2026\/09\/02\/palestine-occupee-lonu-reclame-larret-des-frappes-israeliennes-a-ghaza-et-de-la-violence-des-colons-en-cisjordanie-occupee\/\" \/>\n\t<meta name=\"generator\" content=\"All in One SEO (AIOSEO) 5.0.0.1\" \/>\n\t\t<meta property=\"og:locale\" content=\"fr_FR\" \/>\n\t\t<meta property=\"og:site_name\" content=\"La Sentinelle - Quotidien national d&#039;information\" \/>\n\t\t<meta property=\"og:type\" content=\"article\" \/>\n\t\t<meta property=\"og:title\" content=\"Palestine occup\u00e9e : L\u2019ONU r\u00e9clame l\u2019arr\u00eat des frappes isra\u00e9liennes \u00e0 Ghaza et de la violence des colons en Cisjordanie occup\u00e9e - La Sentinelle\" \/>\n\t\t<meta property=\"og:description\" content=\"Le secr\u00e9taire g\u00e9n\u00e9ral de l&#039;Organisation des Nations unies, Antonio Guterres, a exig\u00e9 mardi la cessation des frappes isra\u00e9liennes dans la bande de Ghaza ainsi que celle des exactions commises par les colons en Cisjordanie occup\u00e9e, une d\u00e9claration prononc\u00e9e devant le sommet de l&#039;Organisation de coop\u00e9ration de Shanghai et intervenue alors que le bilan de l&#039;agression\" \/>\n\t\t<meta property=\"og:url\" content=\"https:\/\/lasentinelle.dz\/index.php\/2026\/09\/02\/palestine-occupee-lonu-reclame-larret-des-frappes-israeliennes-a-ghaza-et-de-la-violence-des-colons-en-cisjordanie-occupee\/\" \/>\n\t\t<meta property=\"og:image\" content=\"https:\/\/lasentinelle.dz\/wp-content\/uploads\/2021\/09\/cropped-la-sentinelle-earth-golden-anima-5.gif\" \/>\n\t\t<meta property=\"og:image:secure_url\" content=\"https:\/\/lasentinelle.dz\/wp-content\/uploads\/2021\/09\/cropped-la-sentinelle-earth-golden-anima-5.gif\" \/>\n\t\t<meta property=\"og:image:width\" content=\"450\" \/>\n\t\t<meta property=\"og:image:height\" content=\"213\" \/>\n\t\t<meta property=\"article:published_time\" content=\"2026-09-02T11:01:19+00:00\" \/>\n\t\t<meta property=\"article:modified_time\" content=\"2026-09-02T11:01:21+00:00\" \/>\n\t\t<meta property=\"article:publisher\" content=\"https:\/\/www.facebook.com\/azzedine.lasentinelle.1\" \/>\n\t\t<meta name=\"twitter:card\" content=\"summary_large_image\" \/>\n\t\t<meta name=\"twitter:title\" content=\"Palestine occup\u00e9e : L\u2019ONU r\u00e9clame l\u2019arr\u00eat des frappes isra\u00e9liennes \u00e0 Ghaza et de la violence des colons en Cisjordanie occup\u00e9e - La Sentinelle\" \/>\n\t\t<meta name=\"twitter:description\" content=\"Le secr\u00e9taire g\u00e9n\u00e9ral de l&#039;Organisation des Nations unies, Antonio Guterres, a exig\u00e9 mardi la cessation des frappes isra\u00e9liennes dans la bande de Ghaza ainsi que celle des exactions commises par les colons en Cisjordanie occup\u00e9e, une d\u00e9claration prononc\u00e9e devant le sommet de l&#039;Organisation de coop\u00e9ration de Shanghai et intervenue alors que le bilan de l&#039;agression\" \/>\n\t\t<meta name=\"twitter:image\" content=\"https:\/\/lasentinelle.dz\/wp-content\/uploads\/2021\/09\/cropped-la-sentinelle-earth-golden-anima-5.gif\" \/>\n\t\t<script type=\"application\/ld+json\" class=\"aioseo-schema\">\n\t\t\t{\"@context\":\"https:\\\/\\\/schema.org\",\"@graph\":[{\"@type\":\"BlogPosting\",\"@id\":\"https:\\\/\\\/lasentinelle.dz\\\/index.php\\\/2026\\\/09\\\/02\\\/palestine-occupee-lonu-reclame-larret-des-frappes-israeliennes-a-ghaza-et-de-la-violence-des-colons-en-cisjordanie-occupee\\\/#blogposting\",\"name\":\"Palestine occup\\u00e9e : L\\u2019ONU r\\u00e9clame l\\u2019arr\\u00eat des frappes isra\\u00e9liennes \\u00e0 Ghaza et de la violence des colons en Cisjordanie occup\\u00e9e - La Sentinelle\",\"headline\":\"Palestine occup\\u00e9e\\u00a0: L&rsquo;ONU r\\u00e9clame l&rsquo;arr\\u00eat des frappes isra\\u00e9liennes \\u00e0 Ghaza et de la violence des colons en Cisjordanie occup\\u00e9e\",\"author\":{\"@id\":\"https:\\\/\\\/lasentinelle.dz\\\/author\\\/admin\\\/#author\"},\"publisher\":{\"@id\":\"https:\\\/\\\/lasentinelle.dz\\\/#organization\"},\"image\":{\"@type\":\"ImageObject\",\"url\":\"https:\\\/\\\/lasentinelle.dz\\\/wp-content\\\/uploads\\\/2022\\\/08\\\/chalenges-tn-Antonio-Guterres-le-neuvieme-Secretaire-general-de-l-Organisation-des-Nations-Unies-696x403-1.jpg\",\"width\":696,\"height\":403},\"datePublished\":\"2026-09-02T12:01:19+01:00\",\"dateModified\":\"2026-09-02T12:01:21+01:00\",\"inLanguage\":\"fr-FR\",\"mainEntityOfPage\":{\"@id\":\"https:\\\/\\\/lasentinelle.dz\\\/index.php\\\/2026\\\/09\\\/02\\\/palestine-occupee-lonu-reclame-larret-des-frappes-israeliennes-a-ghaza-et-de-la-violence-des-colons-en-cisjordanie-occupee\\\/#webpage\"},\"isPartOf\":{\"@id\":\"https:\\\/\\\/lasentinelle.dz\\\/index.php\\\/2026\\\/09\\\/02\\\/palestine-occupee-lonu-reclame-larret-des-frappes-israeliennes-a-ghaza-et-de-la-violence-des-colons-en-cisjordanie-occupee\\\/#webpage\"},\"articleSection\":\"Monde\"},{\"@type\":\"BreadcrumbList\",\"@id\":\"https:\\\/\\\/lasentinelle.dz\\\/index.php\\\/2026\\\/09\\\/02\\\/palestine-occupee-lonu-reclame-larret-des-frappes-israeliennes-a-ghaza-et-de-la-violence-des-colons-en-cisjordanie-occupee\\\/#breadcrumblist\",\"itemListElement\":[{\"@type\":\"ListItem\",\"@id\":\"https:\\\/\\\/lasentinelle.dz#listItem\",\"position\":1,\"name\":\"Home\",\"item\":\"https:\\\/\\\/lasentinelle.dz\",\"nextItem\":{\"@type\":\"ListItem\",\"@id\":\"https:\\\/\\\/lasentinelle.dz\\\/index.php\\\/category\\\/monde\\\/#listItem\",\"name\":\"Monde\"}},{\"@type\":\"ListItem\",\"@id\":\"https:\\\/\\\/lasentinelle.dz\\\/index.php\\\/category\\\/monde\\\/#listItem\",\"position\":2,\"name\":\"Monde\",\"item\":\"https:\\\/\\\/lasentinelle.dz\\\/index.php\\\/category\\\/monde\\\/\",\"nextItem\":{\"@type\":\"ListItem\",\"@id\":\"https:\\\/\\\/lasentinelle.dz\\\/index.php\\\/2026\\\/09\\\/02\\\/palestine-occupee-lonu-reclame-larret-des-frappes-israeliennes-a-ghaza-et-de-la-violence-des-colons-en-cisjordanie-occupee\\\/#listItem\",\"name\":\"Palestine occup\\u00e9e\\u00a0: L&rsquo;ONU r\\u00e9clame l&rsquo;arr\\u00eat des frappes isra\\u00e9liennes \\u00e0 Ghaza et de la violence des colons en Cisjordanie occup\\u00e9e\"},\"previousItem\":{\"@type\":\"ListItem\",\"@id\":\"https:\\\/\\\/lasentinelle.dz#listItem\",\"name\":\"Home\"}},{\"@type\":\"ListItem\",\"@id\":\"https:\\\/\\\/lasentinelle.dz\\\/index.php\\\/2026\\\/09\\\/02\\\/palestine-occupee-lonu-reclame-larret-des-frappes-israeliennes-a-ghaza-et-de-la-violence-des-colons-en-cisjordanie-occupee\\\/#listItem\",\"position\":3,\"name\":\"Palestine occup\\u00e9e\\u00a0: L&rsquo;ONU r\\u00e9clame l&rsquo;arr\\u00eat des frappes isra\\u00e9liennes \\u00e0 Ghaza et de la violence des colons en Cisjordanie occup\\u00e9e\",\"previousItem\":{\"@type\":\"ListItem\",\"@id\":\"https:\\\/\\\/lasentinelle.dz\\\/index.php\\\/category\\\/monde\\\/#listItem\",\"name\":\"Monde\"}}]},{\"@type\":\"Organization\",\"@id\":\"https:\\\/\\\/lasentinelle.dz\\\/#organization\",\"name\":\"La Sentinelle La Sentinelle\",\"description\":\"Quotidien national d'information\",\"url\":\"https:\\\/\\\/lasentinelle.dz\\\/\",\"logo\":{\"@type\":\"ImageObject\",\"url\":\"https:\\\/\\\/lasentinelle.dz\\\/wp-content\\\/uploads\\\/2021\\\/09\\\/cropped-la-sentinelle-earth-golden-anima-5.gif\",\"@id\":\"https:\\\/\\\/lasentinelle.dz\\\/index.php\\\/2026\\\/09\\\/02\\\/palestine-occupee-lonu-reclame-larret-des-frappes-israeliennes-a-ghaza-et-de-la-violence-des-colons-en-cisjordanie-occupee\\\/#organizationLogo\",\"width\":450,\"height\":213},\"image\":{\"@id\":\"https:\\\/\\\/lasentinelle.dz\\\/index.php\\\/2026\\\/09\\\/02\\\/palestine-occupee-lonu-reclame-larret-des-frappes-israeliennes-a-ghaza-et-de-la-violence-des-colons-en-cisjordanie-occupee\\\/#organizationLogo\"},\"sameAs\":[\"https:\\\/\\\/www.facebook.com\\\/azzedine.lasentinelle.1\"]},{\"@type\":\"Person\",\"@id\":\"https:\\\/\\\/lasentinelle.dz\\\/author\\\/admin\\\/#author\",\"url\":\"https:\\\/\\\/lasentinelle.dz\\\/author\\\/admin\\\/\",\"name\":\"admin\",\"image\":{\"@type\":\"ImageObject\",\"@id\":\"https:\\\/\\\/lasentinelle.dz\\\/index.php\\\/2026\\\/09\\\/02\\\/palestine-occupee-lonu-reclame-larret-des-frappes-israeliennes-a-ghaza-et-de-la-violence-des-colons-en-cisjordanie-occupee\\\/#authorImage\",\"url\":\"https:\\\/\\\/secure.gravatar.com\\\/avatar\\\/4c81fed838786e9b53f540bf46533e750f5d292099ae3b66cfc6fb1982e29df7?s=96&d=mm&r=g\",\"width\":96,\"height\":96,\"caption\":\"admin\"}},{\"@type\":\"WebPage\",\"@id\":\"https:\\\/\\\/lasentinelle.dz\\\/index.php\\\/2026\\\/09\\\/02\\\/palestine-occupee-lonu-reclame-larret-des-frappes-israeliennes-a-ghaza-et-de-la-violence-des-colons-en-cisjordanie-occupee\\\/#webpage\",\"url\":\"https:\\\/\\\/lasentinelle.dz\\\/index.php\\\/2026\\\/09\\\/02\\\/palestine-occupee-lonu-reclame-larret-des-frappes-israeliennes-a-ghaza-et-de-la-violence-des-colons-en-cisjordanie-occupee\\\/\",\"name\":\"Palestine occup\\u00e9e : L\\u2019ONU r\\u00e9clame l\\u2019arr\\u00eat des frappes isra\\u00e9liennes \\u00e0 Ghaza et de la violence des colons en Cisjordanie occup\\u00e9e - La Sentinelle\",\"description\":\"Le secr\\u00e9taire g\\u00e9n\\u00e9ral de l'Organisation des Nations unies, Antonio Guterres, a exig\\u00e9 mardi la cessation des frappes isra\\u00e9liennes dans la bande de Ghaza ainsi que celle des exactions commises par les colons en Cisjordanie occup\\u00e9e, une d\\u00e9claration prononc\\u00e9e devant le sommet de l'Organisation de coop\\u00e9ration de Shanghai et intervenue alors que le bilan de l'agression\",\"inLanguage\":\"fr-FR\",\"isPartOf\":{\"@id\":\"https:\\\/\\\/lasentinelle.dz\\\/#website\"},\"breadcrumb\":{\"@id\":\"https:\\\/\\\/lasentinelle.dz\\\/index.php\\\/2026\\\/09\\\/02\\\/palestine-occupee-lonu-reclame-larret-des-frappes-israeliennes-a-ghaza-et-de-la-violence-des-colons-en-cisjordanie-occupee\\\/#breadcrumblist\"},\"author\":{\"@id\":\"https:\\\/\\\/lasentinelle.dz\\\/author\\\/admin\\\/#author\"},\"creator\":{\"@id\":\"https:\\\/\\\/lasentinelle.dz\\\/author\\\/admin\\\/#author\"},\"image\":{\"@type\":\"ImageObject\",\"url\":\"https:\\\/\\\/lasentinelle.dz\\\/wp-content\\\/uploads\\\/2022\\\/08\\\/chalenges-tn-Antonio-Guterres-le-neuvieme-Secretaire-general-de-l-Organisation-des-Nations-Unies-696x403-1.jpg\",\"@id\":\"https:\\\/\\\/lasentinelle.dz\\\/index.php\\\/2026\\\/09\\\/02\\\/palestine-occupee-lonu-reclame-larret-des-frappes-israeliennes-a-ghaza-et-de-la-violence-des-colons-en-cisjordanie-occupee\\\/#mainImage\",\"width\":696,\"height\":403},\"primaryImageOfPage\":{\"@id\":\"https:\\\/\\\/lasentinelle.dz\\\/index.php\\\/2026\\\/09\\\/02\\\/palestine-occupee-lonu-reclame-larret-des-frappes-israeliennes-a-ghaza-et-de-la-violence-des-colons-en-cisjordanie-occupee\\\/#mainImage\"},\"datePublished\":\"2026-09-02T12:01:19+01:00\",\"dateModified\":\"2026-09-02T12:01:21+01:00\"},{\"@type\":\"WebSite\",\"@id\":\"https:\\\/\\\/lasentinelle.dz\\\/#website\",\"url\":\"https:\\\/\\\/lasentinelle.dz\\\/\",\"name\":\"La Sentinelle\",\"description\":\"Quotidien national d'information\",\"inLanguage\":\"fr-FR\",\"publisher\":{\"@id\":\"https:\\\/\\\/lasentinelle.dz\\\/#organization\"}}]}\n\t\t<\/script>\n\t\t<!-- All in One SEO -->\n\n","aioseo_head_json":{"title":"Palestine occup\u00e9e : L\u2019ONU r\u00e9clame l\u2019arr\u00eat des frappes isra\u00e9liennes \u00e0 Ghaza et de la violence des colons en Cisjordanie occup\u00e9e - La Sentinelle","description":"Le secr\u00e9taire g\u00e9n\u00e9ral de l'Organisation des Nations unies, Antonio Guterres, a exig\u00e9 mardi la cessation des frappes isra\u00e9liennes dans la bande de Ghaza ainsi que celle des exactions commises par les colons en Cisjordanie occup\u00e9e, une d\u00e9claration prononc\u00e9e devant le sommet de l'Organisation de coop\u00e9ration de Shanghai et intervenue alors que le bilan de l'agression","canonical_url":"https:\/\/lasentinelle.dz\/index.php\/2026\/09\/02\/palestine-occupee-lonu-reclame-larret-des-frappes-israeliennes-a-ghaza-et-de-la-violence-des-colons-en-cisjordanie-occupee\/","robots":"max-image-preview:large","keywords":"","webmasterTools":{"miscellaneous":""},"schema":{"@context":"https:\/\/schema.org","@graph":[{"@type":"BlogPosting","@id":"https:\/\/lasentinelle.dz\/index.php\/2026\/09\/02\/palestine-occupee-lonu-reclame-larret-des-frappes-israeliennes-a-ghaza-et-de-la-violence-des-colons-en-cisjordanie-occupee\/#blogposting","name":"Palestine occup\u00e9e : L\u2019ONU r\u00e9clame l\u2019arr\u00eat des frappes isra\u00e9liennes \u00e0 Ghaza et de la violence des colons en Cisjordanie occup\u00e9e - La Sentinelle","headline":"Palestine occup\u00e9e\u00a0: L&rsquo;ONU r\u00e9clame l&rsquo;arr\u00eat des frappes isra\u00e9liennes \u00e0 Ghaza et de la violence des colons en Cisjordanie occup\u00e9e","author":{"@id":"https:\/\/lasentinelle.dz\/author\/admin\/#author"},"publisher":{"@id":"https:\/\/lasentinelle.dz\/#organization"},"image":{"@type":"ImageObject","url":"https:\/\/lasentinelle.dz\/wp-content\/uploads\/2022\/08\/chalenges-tn-Antonio-Guterres-le-neuvieme-Secretaire-general-de-l-Organisation-des-Nations-Unies-696x403-1.jpg","width":696,"height":403},"datePublished":"2026-09-02T12:01:19+01:00","dateModified":"2026-09-02T12:01:21+01:00","inLanguage":"fr-FR","mainEntityOfPage":{"@id":"https:\/\/lasentinelle.dz\/index.php\/2026\/09\/02\/palestine-occupee-lonu-reclame-larret-des-frappes-israeliennes-a-ghaza-et-de-la-violence-des-colons-en-cisjordanie-occupee\/#webpage"},"isPartOf":{"@id":"https:\/\/lasentinelle.dz\/index.php\/2026\/09\/02\/palestine-occupee-lonu-reclame-larret-des-frappes-israeliennes-a-ghaza-et-de-la-violence-des-colons-en-cisjordanie-occupee\/#webpage"},"articleSection":"Monde"},{"@type":"BreadcrumbList","@id":"https:\/\/lasentinelle.dz\/index.php\/2026\/09\/02\/palestine-occupee-lonu-reclame-larret-des-frappes-israeliennes-a-ghaza-et-de-la-violence-des-colons-en-cisjordanie-occupee\/#breadcrumblist","itemListElement":[{"@type":"ListItem","@id":"https:\/\/lasentinelle.dz#listItem","position":1,"name":"Home","item":"https:\/\/lasentinelle.dz","nextItem":{"@type":"ListItem","@id":"https:\/\/lasentinelle.dz\/index.php\/category\/monde\/#listItem","name":"Monde"}},{"@type":"ListItem","@id":"https:\/\/lasentinelle.dz\/index.php\/category\/monde\/#listItem","position":2,"name":"Monde","item":"https:\/\/lasentinelle.dz\/index.php\/category\/monde\/","nextItem":{"@type":"ListItem","@id":"https:\/\/lasentinelle.dz\/index.php\/2026\/09\/02\/palestine-occupee-lonu-reclame-larret-des-frappes-israeliennes-a-ghaza-et-de-la-violence-des-colons-en-cisjordanie-occupee\/#listItem","name":"Palestine occup\u00e9e\u00a0: L&rsquo;ONU r\u00e9clame l&rsquo;arr\u00eat des frappes isra\u00e9liennes \u00e0 Ghaza et de la violence des colons en Cisjordanie occup\u00e9e"},"previousItem":{"@type":"ListItem","@id":"https:\/\/lasentinelle.dz#listItem","name":"Home"}},{"@type":"ListItem","@id":"https:\/\/lasentinelle.dz\/index.php\/2026\/09\/02\/palestine-occupee-lonu-reclame-larret-des-frappes-israeliennes-a-ghaza-et-de-la-violence-des-colons-en-cisjordanie-occupee\/#listItem","position":3,"name":"Palestine occup\u00e9e\u00a0: L&rsquo;ONU r\u00e9clame l&rsquo;arr\u00eat des frappes isra\u00e9liennes \u00e0 Ghaza et de la violence des colons en Cisjordanie occup\u00e9e","previousItem":{"@type":"ListItem","@id":"https:\/\/lasentinelle.dz\/index.php\/category\/monde\/#listItem","name":"Monde"}}]},{"@type":"Organization","@id":"https:\/\/lasentinelle.dz\/#organization","name":"La Sentinelle La Sentinelle","description":"Quotidien national d'information","url":"https:\/\/lasentinelle.dz\/","logo":{"@type":"ImageObject","url":"https:\/\/lasentinelle.dz\/wp-content\/uploads\/2021\/09\/cropped-la-sentinelle-earth-golden-anima-5.gif","@id":"https:\/\/lasentinelle.dz\/index.php\/2026\/09\/02\/palestine-occupee-lonu-reclame-larret-des-frappes-israeliennes-a-ghaza-et-de-la-violence-des-colons-en-cisjordanie-occupee\/#organizationLogo","width":450,"height":213},"image":{"@id":"https:\/\/lasentinelle.dz\/index.php\/2026\/09\/02\/palestine-occupee-lonu-reclame-larret-des-frappes-israeliennes-a-ghaza-et-de-la-violence-des-colons-en-cisjordanie-occupee\/#organizationLogo"},"sameAs":["https:\/\/www.facebook.com\/azzedine.lasentinelle.1"]},{"@type":"Person","@id":"https:\/\/lasentinelle.dz\/author\/admin\/#author","url":"https:\/\/lasentinelle.dz\/author\/admin\/","name":"admin","image":{"@type":"ImageObject","@id":"https:\/\/lasentinelle.dz\/index.php\/2026\/09\/02\/palestine-occupee-lonu-reclame-larret-des-frappes-israeliennes-a-ghaza-et-de-la-violence-des-colons-en-cisjordanie-occupee\/#authorImage","url":"https:\/\/secure.gravatar.com\/avatar\/4c81fed838786e9b53f540bf46533e750f5d292099ae3b66cfc6fb1982e29df7?s=96&d=mm&r=g","width":96,"height":96,"caption":"admin"}},{"@type":"WebPage","@id":"https:\/\/lasentinelle.dz\/index.php\/2026\/09\/02\/palestine-occupee-lonu-reclame-larret-des-frappes-israeliennes-a-ghaza-et-de-la-violence-des-colons-en-cisjordanie-occupee\/#webpage","url":"https:\/\/lasentinelle.dz\/index.php\/2026\/09\/02\/palestine-occupee-lonu-reclame-larret-des-frappes-israeliennes-a-ghaza-et-de-la-violence-des-colons-en-cisjordanie-occupee\/","name":"Palestine occup\u00e9e : L\u2019ONU r\u00e9clame l\u2019arr\u00eat des frappes isra\u00e9liennes \u00e0 Ghaza et de la violence des colons en Cisjordanie occup\u00e9e - La Sentinelle","description":"Le secr\u00e9taire g\u00e9n\u00e9ral de l'Organisation des Nations unies, Antonio Guterres, a exig\u00e9 mardi la cessation des frappes isra\u00e9liennes dans la bande de Ghaza ainsi que celle des exactions commises par les colons en Cisjordanie occup\u00e9e, une d\u00e9claration prononc\u00e9e devant le sommet de l'Organisation de coop\u00e9ration de Shanghai et intervenue alors que le bilan de l'agression","inLanguage":"fr-FR","isPartOf":{"@id":"https:\/\/lasentinelle.dz\/#website"},"breadcrumb":{"@id":"https:\/\/lasentinelle.dz\/index.php\/2026\/09\/02\/palestine-occupee-lonu-reclame-larret-des-frappes-israeliennes-a-ghaza-et-de-la-violence-des-colons-en-cisjordanie-occupee\/#breadcrumblist"},"author":{"@id":"https:\/\/lasentinelle.dz\/author\/admin\/#author"},"creator":{"@id":"https:\/\/lasentinelle.dz\/author\/admin\/#author"},"image":{"@type":"ImageObject","url":"https:\/\/lasentinelle.dz\/wp-content\/uploads\/2022\/08\/chalenges-tn-Antonio-Guterres-le-neuvieme-Secretaire-general-de-l-Organisation-des-Nations-Unies-696x403-1.jpg","@id":"https:\/\/lasentinelle.dz\/index.php\/2026\/09\/02\/palestine-occupee-lonu-reclame-larret-des-frappes-israeliennes-a-ghaza-et-de-la-violence-des-colons-en-cisjordanie-occupee\/#mainImage","width":696,"height":403},"primaryImageOfPage":{"@id":"https:\/\/lasentinelle.dz\/index.php\/2026\/09\/02\/palestine-occupee-lonu-reclame-larret-des-frappes-israeliennes-a-ghaza-et-de-la-violence-des-colons-en-cisjordanie-occupee\/#mainImage"},"datePublished":"2026-09-02T12:01:19+01:00","dateModified":"2026-09-02T12:01:21+01:00"},{"@type":"WebSite","@id":"https:\/\/lasentinelle.dz\/#website","url":"https:\/\/lasentinelle.dz\/","name":"La Sentinelle","description":"Quotidien national d'information","inLanguage":"fr-FR","publisher":{"@id":"https:\/\/lasentinelle.dz\/#organization"}}]},"og:locale":"fr_FR","og:site_name":"La Sentinelle - Quotidien national d'information","og:type":"article","og:title":"Palestine occup\u00e9e : L\u2019ONU r\u00e9clame l\u2019arr\u00eat des frappes isra\u00e9liennes \u00e0 Ghaza et de la violence des colons en Cisjordanie occup\u00e9e - La Sentinelle","og:description":"Le secr\u00e9taire g\u00e9n\u00e9ral de l'Organisation des Nations unies, Antonio Guterres, a exig\u00e9 mardi la cessation des frappes isra\u00e9liennes dans la bande de Ghaza ainsi que celle des exactions commises par les colons en Cisjordanie occup\u00e9e, une d\u00e9claration prononc\u00e9e devant le sommet de l'Organisation de coop\u00e9ration de Shanghai et intervenue alors que le bilan de l'agression","og:url":"https:\/\/lasentinelle.dz\/index.php\/2026\/09\/02\/palestine-occupee-lonu-reclame-larret-des-frappes-israeliennes-a-ghaza-et-de-la-violence-des-colons-en-cisjordanie-occupee\/","og:image":"https:\/\/lasentinelle.dz\/wp-content\/uploads\/2021\/09\/cropped-la-sentinelle-earth-golden-anima-5.gif","og:image:secure_url":"https:\/\/lasentinelle.dz\/wp-content\/uploads\/2021\/09\/cropped-la-sentinelle-earth-golden-anima-5.gif","og:image:width":450,"og:image:height":213,"article:published_time":"2026-09-02T11:01:19+00:00","article:modified_time":"2026-09-02T11:01:21+00:00","article:publisher":"https:\/\/www.facebook.com\/azzedine.lasentinelle.1","twitter:card":"summary_large_image","twitter:title":"Palestine occup\u00e9e : L\u2019ONU r\u00e9clame l\u2019arr\u00eat des frappes isra\u00e9liennes \u00e0 Ghaza et de la violence des colons en Cisjordanie occup\u00e9e - La Sentinelle","twitter:description":"Le secr\u00e9taire g\u00e9n\u00e9ral de l'Organisation des Nations unies, Antonio Guterres, a exig\u00e9 mardi la cessation des frappes isra\u00e9liennes dans la bande de Ghaza ainsi que celle des exactions commises par les colons en Cisjordanie occup\u00e9e, une d\u00e9claration prononc\u00e9e devant le sommet de l'Organisation de coop\u00e9ration de Shanghai et intervenue alors que le bilan de l'agression","twitter:image":"https:\/\/lasentinelle.dz\/wp-content\/uploads\/2021\/09\/cropped-la-sentinelle-earth-golden-anima-5.gif"},"aioseo_meta_data":{"post_id":"94804","title":null,"description":null,"keywords":null,"keyphrases":{"focus":{"keyphrase":"","score":0,"analysis":{"keyphraseInTitle":{"score":0,"maxScore":9,"error":1}}},"additional":[]},"primary_term":null,"canonical_url":null,"og_title":null,"og_description":null,"og_object_type":"default","og_image_type":"default","og_image_url":null,"og_image_width":null,"og_image_height":null,"og_image_custom_url":null,"og_image_custom_fields":null,"og_video":"","og_custom_url":null,"og_article_section":null,"og_article_tags":null,"twitter_use_og":false,"twitter_card":"default","twitter_image_type":"default","twitter_image_url":null,"twitter_image_custom_url":null,"twitter_image_custom_fields":null,"twitter_title":null,"twitter_description":null,"schema":{"blockGraphs":[],"customGraphs":[],"default":{"data":{"Article":[],"Course":[],"Dataset":[],"FAQPage":[],"Movie":[],"Person":[],"Product":[],"ProductReview":[],"Car":[],"Recipe":[],"Service":[],"SoftwareApplication":[],"WebPage":[]},"graphName":"BlogPosting","isEnabled":true},"graphs":[]},"schema_type":"default","schema_type_options":null,"pillar_content":false,"robots_default":true,"robots_noindex":false,"robots_noarchive":false,"robots_nosnippet":false,"robots_nofollow":false,"robots_noimageindex":false,"robots_noodp":false,"robots_notranslate":false,"robots_max_snippet":"-1","robots_max_videopreview":"-1","robots_max_imagepreview":"large","priority":null,"frequency":"default","local_seo":null,"breadcrumb_settings":null,"limit_modified_date":false,"ai":{"faqs":[],"keyPoints":[],"schemas":[],"titles":[],"descriptions":[],"socialPosts":{"email":{"subject":"","preview":"","content":""},"linkedin":[],"twitter":[],"facebook":[],"instagram":[]}},"created":"2026-09-02 11:01:22","updated":"2026-09-02 11:04:30","focus_keyword":null,"additional_keywords":null,"truseo_locale":null,"seo_analyzer_scan_date":null},"aioseo_breadcrumb":"<div class=\"aioseo-breadcrumbs\"><span class=\"aioseo-breadcrumb\">\n\t\t\t<a href=\"https:\/\/lasentinelle.dz\" title=\"Home\">Home<\/a>\n\t\t<\/span><span class=\"aioseo-breadcrumb-separator\">&raquo;<\/span><span class=\"aioseo-breadcrumb\">\n\t\t\t<a href=\"https:\/\/lasentinelle.dz\/index.php\/category\/monde\/\" title=\"Monde\">Monde<\/a>\n\t\t<\/span><span class=\"aioseo-breadcrumb-separator\">&raquo;<\/span><span class=\"aioseo-breadcrumb\">\n\t\t\tPalestine occup\u00e9e : L\u2019ONU r\u00e9clame l\u2019arr\u00eat des frappes isra\u00e9liennes \u00e0 Ghaza et de la violence des colons en Cisjordanie occup\u00e9e\n\t\t<\/span><\/div>","aioseo_breadcrumb_json":[{"label":"Home","link":"https:\/\/lasentinelle.dz"},{"label":"Monde","link":"https:\/\/lasentinelle.dz\/index.php\/category\/monde\/"},{"label":"Palestine occup\u00e9e\u00a0: L&rsquo;ONU r\u00e9clame l&rsquo;arr\u00eat des frappes isra\u00e9liennes \u00e0 Ghaza et de la violence des colons en Cisjordanie occup\u00e9e","link":"https:\/\/lasentinelle.dz\/index.php\/2026\/09\/02\/palestine-occupee-lonu-reclame-larret-des-frappes-israeliennes-a-ghaza-et-de-la-violence-des-colons-en-cisjordanie-occupee\/"}],"yoast_head":"<!-- This site is optimized with the Yoast SEO plugin v28.4 - https:\/\/yoast.com\/product\/yoast-seo-wordpress\/ -->\n<title>Palestine occup\u00e9e\u00a0: L&rsquo;ONU r\u00e9clame l&rsquo;arr\u00eat des frappes isra\u00e9liennes \u00e0 Ghaza et de la violence des colons en Cisjordanie occup\u00e9e - La Sentinelle<\/title>\n<meta name=\"robots\" content=\"index, follow, max-snippet:-1, max-image-preview:large, max-video-preview:-1\" \/>\n<link rel=\"canonical\" href=\"https:\/\/lasentinelle.dz\/index.php\/2026\/09\/02\/palestine-occupee-lonu-reclame-larret-des-frappes-israeliennes-a-ghaza-et-de-la-violence-des-colons-en-cisjordanie-occupee\/\" \/>\n<meta property=\"og:locale\" content=\"fr_FR\" \/>\n<meta property=\"og:type\" content=\"article\" \/>\n<meta property=\"og:title\" content=\"Palestine occup\u00e9e\u00a0: L&rsquo;ONU r\u00e9clame l&rsquo;arr\u00eat des frappes isra\u00e9liennes \u00e0 Ghaza et de la violence des colons en Cisjordanie occup\u00e9e - La Sentinelle\" \/>\n<meta property=\"og:description\" content=\"Le secr\u00e9taire g\u00e9n\u00e9ral de l&rsquo;Organisation des Nations unies, Antonio Guterres, a exig\u00e9 mardi la cessation des frappes isra\u00e9liennes dans la\" \/>\n<meta property=\"og:url\" content=\"https:\/\/lasentinelle.dz\/index.php\/2026\/09\/02\/palestine-occupee-lonu-reclame-larret-des-frappes-israeliennes-a-ghaza-et-de-la-violence-des-colons-en-cisjordanie-occupee\/\" \/>\n<meta property=\"og:site_name\" content=\"La Sentinelle\" \/>\n<meta property=\"article:publisher\" content=\"https:\/\/www.facebook.com\/La-Sentinelle-104059864394773\" \/>\n<meta property=\"article:published_time\" content=\"2026-09-02T11:01:19+00:00\" \/>\n<meta property=\"article:modified_time\" content=\"2026-09-02T11:01:21+00:00\" \/>\n<meta property=\"og:image\" content=\"https:\/\/lasentinelle.dz\/wp-content\/uploads\/2022\/08\/chalenges-tn-Antonio-Guterres-le-neuvieme-Secretaire-general-de-l-Organisation-des-Nations-Unies-696x403-1.jpg\" \/>\n\t<meta property=\"og:image:width\" content=\"696\" \/>\n\t<meta property=\"og:image:height\" content=\"403\" \/>\n\t<meta property=\"og:image:type\" content=\"image\/jpeg\" \/>\n<meta name=\"author\" content=\"admin\" \/>\n<meta name=\"twitter:card\" content=\"summary_large_image\" \/>\n<meta name=\"twitter:label1\" content=\"\u00c9crit par\" \/>\n\t<meta name=\"twitter:data1\" content=\"admin\" \/>\n\t<meta name=\"twitter:label2\" content=\"Dur\u00e9e de lecture estim\u00e9e\" \/>\n\t<meta name=\"twitter:data2\" content=\"3 minutes\" \/>\n<script type=\"application\/ld+json\" class=\"yoast-schema-graph\">{\"@context\":\"https:\\\/\\\/schema.org\",\"@graph\":[{\"@type\":\"Article\",\"@id\":\"https:\\\/\\\/lasentinelle.dz\\\/index.php\\\/2026\\\/09\\\/02\\\/palestine-occupee-lonu-reclame-larret-des-frappes-israeliennes-a-ghaza-et-de-la-violence-des-colons-en-cisjordanie-occupee\\\/#article\",\"isPartOf\":{\"@id\":\"https:\\\/\\\/lasentinelle.dz\\\/index.php\\\/2026\\\/09\\\/02\\\/palestine-occupee-lonu-reclame-larret-des-frappes-israeliennes-a-ghaza-et-de-la-violence-des-colons-en-cisjordanie-occupee\\\/\"},\"author\":{\"name\":\"admin\",\"@id\":\"https:\\\/\\\/lasentinelle.dz\\\/#\\\/schema\\\/person\\\/729ee0024f24e0b8c5ec17232f8e8b41\"},\"headline\":\"Palestine occup\u00e9e\u00a0: L&rsquo;ONU r\u00e9clame l&rsquo;arr\u00eat des frappes isra\u00e9liennes \u00e0 Ghaza et de la violence des colons en Cisjordanie occup\u00e9e\",\"datePublished\":\"2026-09-02T11:01:19+00:00\",\"dateModified\":\"2026-09-02T11:01:21+00:00\",\"mainEntityOfPage\":{\"@id\":\"https:\\\/\\\/lasentinelle.dz\\\/index.php\\\/2026\\\/09\\\/02\\\/palestine-occupee-lonu-reclame-larret-des-frappes-israeliennes-a-ghaza-et-de-la-violence-des-colons-en-cisjordanie-occupee\\\/\"},\"wordCount\":613,\"commentCount\":0,\"publisher\":{\"@id\":\"https:\\\/\\\/lasentinelle.dz\\\/#organization\"},\"image\":{\"@id\":\"https:\\\/\\\/lasentinelle.dz\\\/index.php\\\/2026\\\/09\\\/02\\\/palestine-occupee-lonu-reclame-larret-des-frappes-israeliennes-a-ghaza-et-de-la-violence-des-colons-en-cisjordanie-occupee\\\/#primaryimage\"},\"thumbnailUrl\":\"https:\\\/\\\/lasentinelle.dz\\\/wp-content\\\/uploads\\\/2022\\\/08\\\/chalenges-tn-Antonio-Guterres-le-neuvieme-Secretaire-general-de-l-Organisation-des-Nations-Unies-696x403-1.jpg\",\"articleSection\":[\"Monde\"],\"inLanguage\":\"fr-FR\",\"potentialAction\":[{\"@type\":\"CommentAction\",\"name\":\"Comment\",\"target\":[\"https:\\\/\\\/lasentinelle.dz\\\/index.php\\\/2026\\\/09\\\/02\\\/palestine-occupee-lonu-reclame-larret-des-frappes-israeliennes-a-ghaza-et-de-la-violence-des-colons-en-cisjordanie-occupee\\\/#respond\"]}]},{\"@type\":\"WebPage\",\"@id\":\"https:\\\/\\\/lasentinelle.dz\\\/index.php\\\/2026\\\/09\\\/02\\\/palestine-occupee-lonu-reclame-larret-des-frappes-israeliennes-a-ghaza-et-de-la-violence-des-colons-en-cisjordanie-occupee\\\/\",\"url\":\"https:\\\/\\\/lasentinelle.dz\\\/index.php\\\/2026\\\/09\\\/02\\\/palestine-occupee-lonu-reclame-larret-des-frappes-israeliennes-a-ghaza-et-de-la-violence-des-colons-en-cisjordanie-occupee\\\/\",\"name\":\"Palestine occup\u00e9e\u00a0: L&rsquo;ONU r\u00e9clame l&rsquo;arr\u00eat des frappes isra\u00e9liennes \u00e0 Ghaza et de la violence des colons en Cisjordanie occup\u00e9e - La Sentinelle\",\"isPartOf\":{\"@id\":\"https:\\\/\\\/lasentinelle.dz\\\/#website\"},\"primaryImageOfPage\":{\"@id\":\"https:\\\/\\\/lasentinelle.dz\\\/index.php\\\/2026\\\/09\\\/02\\\/palestine-occupee-lonu-reclame-larret-des-frappes-israeliennes-a-ghaza-et-de-la-violence-des-colons-en-cisjordanie-occupee\\\/#primaryimage\"},\"image\":{\"@id\":\"https:\\\/\\\/lasentinelle.dz\\\/index.php\\\/2026\\\/09\\\/02\\\/palestine-occupee-lonu-reclame-larret-des-frappes-israeliennes-a-ghaza-et-de-la-violence-des-colons-en-cisjordanie-occupee\\\/#primaryimage\"},\"thumbnailUrl\":\"https:\\\/\\\/lasentinelle.dz\\\/wp-content\\\/uploads\\\/2022\\\/08\\\/chalenges-tn-Antonio-Guterres-le-neuvieme-Secretaire-general-de-l-Organisation-des-Nations-Unies-696x403-1.jpg\",\"datePublished\":\"2026-09-02T11:01:19+00:00\",\"dateModified\":\"2026-09-02T11:01:21+00:00\",\"breadcrumb\":{\"@id\":\"https:\\\/\\\/lasentinelle.dz\\\/index.php\\\/2026\\\/09\\\/02\\\/palestine-occupee-lonu-reclame-larret-des-frappes-israeliennes-a-ghaza-et-de-la-violence-des-colons-en-cisjordanie-occupee\\\/#breadcrumb\"},\"inLanguage\":\"fr-FR\",\"potentialAction\":[{\"@type\":\"ReadAction\",\"target\":[\"https:\\\/\\\/lasentinelle.dz\\\/index.php\\\/2026\\\/09\\\/02\\\/palestine-occupee-lonu-reclame-larret-des-frappes-israeliennes-a-ghaza-et-de-la-violence-des-colons-en-cisjordanie-occupee\\\/\"]}]},{\"@type\":\"ImageObject\",\"inLanguage\":\"fr-FR\",\"@id\":\"https:\\\/\\\/lasentinelle.dz\\\/index.php\\\/2026\\\/09\\\/02\\\/palestine-occupee-lonu-reclame-larret-des-frappes-israeliennes-a-ghaza-et-de-la-violence-des-colons-en-cisjordanie-occupee\\\/#primaryimage\",\"url\":\"https:\\\/\\\/lasentinelle.dz\\\/wp-content\\\/uploads\\\/2022\\\/08\\\/chalenges-tn-Antonio-Guterres-le-neuvieme-Secretaire-general-de-l-Organisation-des-Nations-Unies-696x403-1.jpg\",\"contentUrl\":\"https:\\\/\\\/lasentinelle.dz\\\/wp-content\\\/uploads\\\/2022\\\/08\\\/chalenges-tn-Antonio-Guterres-le-neuvieme-Secretaire-general-de-l-Organisation-des-Nations-Unies-696x403-1.jpg\",\"width\":696,\"height\":403},{\"@type\":\"BreadcrumbList\",\"@id\":\"https:\\\/\\\/lasentinelle.dz\\\/index.php\\\/2026\\\/09\\\/02\\\/palestine-occupee-lonu-reclame-larret-des-frappes-israeliennes-a-ghaza-et-de-la-violence-des-colons-en-cisjordanie-occupee\\\/#breadcrumb\",\"itemListElement\":[{\"@type\":\"ListItem\",\"position\":1,\"name\":\"Accueil\",\"item\":\"https:\\\/\\\/lasentinelle.dz\\\/\"},{\"@type\":\"ListItem\",\"position\":2,\"name\":\"Palestine occup\u00e9e\u00a0: L&rsquo;ONU r\u00e9clame l&rsquo;arr\u00eat des frappes isra\u00e9liennes \u00e0 Ghaza et de la violence des colons en Cisjordanie occup\u00e9e\"}]},{\"@type\":\"WebSite\",\"@id\":\"https:\\\/\\\/lasentinelle.dz\\\/#website\",\"url\":\"https:\\\/\\\/lasentinelle.dz\\\/\",\"name\":\"La Sentinelle\",\"description\":\"Quotidien national d&#039;information\",\"publisher\":{\"@id\":\"https:\\\/\\\/lasentinelle.dz\\\/#organization\"},\"potentialAction\":[{\"@type\":\"SearchAction\",\"target\":{\"@type\":\"EntryPoint\",\"urlTemplate\":\"https:\\\/\\\/lasentinelle.dz\\\/?s={search_term_string}\"},\"query-input\":{\"@type\":\"PropertyValueSpecification\",\"valueRequired\":true,\"valueName\":\"search_term_string\"}}],\"inLanguage\":\"fr-FR\"},{\"@type\":\"Organization\",\"@id\":\"https:\\\/\\\/lasentinelle.dz\\\/#organization\",\"name\":\"Quotidien La Sentinelle\",\"url\":\"https:\\\/\\\/lasentinelle.dz\\\/\",\"logo\":{\"@type\":\"ImageObject\",\"inLanguage\":\"fr-FR\",\"@id\":\"https:\\\/\\\/lasentinelle.dz\\\/#\\\/schema\\\/logo\\\/image\\\/\",\"url\":\"https:\\\/\\\/lasentinelle.dz\\\/wp-content\\\/uploads\\\/2021\\\/09\\\/logo-sentinelleSLOGAN-1.png\",\"contentUrl\":\"https:\\\/\\\/lasentinelle.dz\\\/wp-content\\\/uploads\\\/2021\\\/09\\\/logo-sentinelleSLOGAN-1.png\",\"width\":615,\"height\":142,\"caption\":\"Quotidien La Sentinelle\"},\"image\":{\"@id\":\"https:\\\/\\\/lasentinelle.dz\\\/#\\\/schema\\\/logo\\\/image\\\/\"},\"sameAs\":[\"https:\\\/\\\/www.facebook.com\\\/La-Sentinelle-104059864394773\"]},{\"@type\":\"Person\",\"@id\":\"https:\\\/\\\/lasentinelle.dz\\\/#\\\/schema\\\/person\\\/729ee0024f24e0b8c5ec17232f8e8b41\",\"name\":\"admin\",\"image\":{\"@type\":\"ImageObject\",\"inLanguage\":\"fr-FR\",\"@id\":\"https:\\\/\\\/secure.gravatar.com\\\/avatar\\\/4c81fed838786e9b53f540bf46533e750f5d292099ae3b66cfc6fb1982e29df7?s=96&d=mm&r=g\",\"url\":\"https:\\\/\\\/secure.gravatar.com\\\/avatar\\\/4c81fed838786e9b53f540bf46533e750f5d292099ae3b66cfc6fb1982e29df7?s=96&d=mm&r=g\",\"contentUrl\":\"https:\\\/\\\/secure.gravatar.com\\\/avatar\\\/4c81fed838786e9b53f540bf46533e750f5d292099ae3b66cfc6fb1982e29df7?s=96&d=mm&r=g\",\"caption\":\"admin\"},\"description\":\"admin\",\"url\":\"https:\\\/\\\/lasentinelle.dz\\\/author\\\/admin\\\/\"}]}<\/script>\n<!-- \/ Yoast SEO plugin. -->","yoast_head_json":{"title":"Palestine occup\u00e9e\u00a0: L&rsquo;ONU r\u00e9clame l&rsquo;arr\u00eat des frappes isra\u00e9liennes \u00e0 Ghaza et de la violence des colons en Cisjordanie occup\u00e9e - La Sentinelle","robots":{"index":"index","follow":"follow","max-snippet":"max-snippet:-1","max-image-preview":"max-image-preview:large","max-video-preview":"max-video-preview:-1"},"canonical":"https:\/\/lasentinelle.dz\/index.php\/2026\/09\/02\/palestine-occupee-lonu-reclame-larret-des-frappes-israeliennes-a-ghaza-et-de-la-violence-des-colons-en-cisjordanie-occupee\/","og_locale":"fr_FR","og_type":"article","og_title":"Palestine occup\u00e9e\u00a0: L&rsquo;ONU r\u00e9clame l&rsquo;arr\u00eat des frappes isra\u00e9liennes \u00e0 Ghaza et de la violence des colons en Cisjordanie occup\u00e9e - La Sentinelle","og_description":"Le secr\u00e9taire g\u00e9n\u00e9ral de l&rsquo;Organisation des Nations unies, Antonio Guterres, a exig\u00e9 mardi la cessation des frappes isra\u00e9liennes dans la","og_url":"https:\/\/lasentinelle.dz\/index.php\/2026\/09\/02\/palestine-occupee-lonu-reclame-larret-des-frappes-israeliennes-a-ghaza-et-de-la-violence-des-colons-en-cisjordanie-occupee\/","og_site_name":"La Sentinelle","article_publisher":"https:\/\/www.facebook.com\/La-Sentinelle-104059864394773","article_published_time":"2026-09-02T11:01:19+00:00","article_modified_time":"2026-09-02T11:01:21+00:00","og_image":[{"width":696,"height":403,"url":"https:\/\/lasentinelle.dz\/wp-content\/uploads\/2022\/08\/chalenges-tn-Antonio-Guterres-le-neuvieme-Secretaire-general-de-l-Organisation-des-Nations-Unies-696x403-1.jpg","type":"image\/jpeg"}],"author":"admin","twitter_card":"summary_large_image","twitter_misc":{"\u00c9crit par":"admin","Dur\u00e9e de lecture estim\u00e9e":"3 minutes"},"schema":{"@context":"https:\/\/schema.org","@graph":[{"@type":"Article","@id":"https:\/\/lasentinelle.dz\/index.php\/2026\/09\/02\/palestine-occupee-lonu-reclame-larret-des-frappes-israeliennes-a-ghaza-et-de-la-violence-des-colons-en-cisjordanie-occupee\/#article","isPartOf":{"@id":"https:\/\/lasentinelle.dz\/index.php\/2026\/09\/02\/palestine-occupee-lonu-reclame-larret-des-frappes-israeliennes-a-ghaza-et-de-la-violence-des-colons-en-cisjordanie-occupee\/"},"author":{"name":"admin","@id":"https:\/\/lasentinelle.dz\/#\/schema\/person\/729ee0024f24e0b8c5ec17232f8e8b41"},"headline":"Palestine occup\u00e9e\u00a0: L&rsquo;ONU r\u00e9clame l&rsquo;arr\u00eat des frappes isra\u00e9liennes \u00e0 Ghaza et de la violence des colons en Cisjordanie occup\u00e9e","datePublished":"2026-09-02T11:01:19+00:00","dateModified":"2026-09-02T11:01:21+00:00","mainEntityOfPage":{"@id":"https:\/\/lasentinelle.dz\/index.php\/2026\/09\/02\/palestine-occupee-lonu-reclame-larret-des-frappes-israeliennes-a-ghaza-et-de-la-violence-des-colons-en-cisjordanie-occupee\/"},"wordCount":613,"commentCount":0,"publisher":{"@id":"https:\/\/lasentinelle.dz\/#organization"},"image":{"@id":"https:\/\/lasentinelle.dz\/index.php\/2026\/09\/02\/palestine-occupee-lonu-reclame-larret-des-frappes-israeliennes-a-ghaza-et-de-la-violence-des-colons-en-cisjordanie-occupee\/#primaryimage"},"thumbnailUrl":"https:\/\/lasentinelle.dz\/wp-content\/uploads\/2022\/08\/chalenges-tn-Antonio-Guterres-le-neuvieme-Secretaire-general-de-l-Organisation-des-Nations-Unies-696x403-1.jpg","articleSection":["Monde"],"inLanguage":"fr-FR","potentialAction":[{"@type":"CommentAction","name":"Comment","target":["https:\/\/lasentinelle.dz\/index.php\/2026\/09\/02\/palestine-occupee-lonu-reclame-larret-des-frappes-israeliennes-a-ghaza-et-de-la-violence-des-colons-en-cisjordanie-occupee\/#respond"]}]},{"@type":"WebPage","@id":"https:\/\/lasentinelle.dz\/index.php\/2026\/09\/02\/palestine-occupee-lonu-reclame-larret-des-frappes-israeliennes-a-ghaza-et-de-la-violence-des-colons-en-cisjordanie-occupee\/","url":"https:\/\/lasentinelle.dz\/index.php\/2026\/09\/02\/palestine-occupee-lonu-reclame-larret-des-frappes-israeliennes-a-ghaza-et-de-la-violence-des-colons-en-cisjordanie-occupee\/","name":"Palestine occup\u00e9e\u00a0: L&rsquo;ONU r\u00e9clame l&rsquo;arr\u00eat des frappes isra\u00e9liennes \u00e0 Ghaza et de la violence des colons en Cisjordanie occup\u00e9e - La Sentinelle","isPartOf":{"@id":"https:\/\/lasentinelle.dz\/#website"},"primaryImageOfPage":{"@id":"https:\/\/lasentinelle.dz\/index.php\/2026\/09\/02\/palestine-occupee-lonu-reclame-larret-des-frappes-israeliennes-a-ghaza-et-de-la-violence-des-colons-en-cisjordanie-occupee\/#primaryimage"},"image":{"@id":"https:\/\/lasentinelle.dz\/index.php\/2026\/09\/02\/palestine-occupee-lonu-reclame-larret-des-frappes-israeliennes-a-ghaza-et-de-la-violence-des-colons-en-cisjordanie-occupee\/#primaryimage"},"thumbnailUrl":"https:\/\/lasentinelle.dz\/wp-content\/uploads\/2022\/08\/chalenges-tn-Antonio-Guterres-le-neuvieme-Secretaire-general-de-l-Organisation-des-Nations-Unies-696x403-1.jpg","datePublished":"2026-09-02T11:01:19+00:00","dateModified":"2026-09-02T11:01:21+00:00","breadcrumb":{"@id":"https:\/\/lasentinelle.dz\/index.php\/2026\/09\/02\/palestine-occupee-lonu-reclame-larret-des-frappes-israeliennes-a-ghaza-et-de-la-violence-des-colons-en-cisjordanie-occupee\/#breadcrumb"},"inLanguage":"fr-FR","potentialAction":[{"@type":"ReadAction","target":["https:\/\/lasentinelle.dz\/index.php\/2026\/09\/02\/palestine-occupee-lonu-reclame-larret-des-frappes-israeliennes-a-ghaza-et-de-la-violence-des-colons-en-cisjordanie-occupee\/"]}]},{"@type":"ImageObject","inLanguage":"fr-FR","@id":"https:\/\/lasentinelle.dz\/index.php\/2026\/09\/02\/palestine-occupee-lonu-reclame-larret-des-frappes-israeliennes-a-ghaza-et-de-la-violence-des-colons-en-cisjordanie-occupee\/#primaryimage","url":"https:\/\/lasentinelle.dz\/wp-content\/uploads\/2022\/08\/chalenges-tn-Antonio-Guterres-le-neuvieme-Secretaire-general-de-l-Organisation-des-Nations-Unies-696x403-1.jpg","contentUrl":"https:\/\/lasentinelle.dz\/wp-content\/uploads\/2022\/08\/chalenges-tn-Antonio-Guterres-le-neuvieme-Secretaire-general-de-l-Organisation-des-Nations-Unies-696x403-1.jpg","width":696,"height":403},{"@type":"BreadcrumbList","@id":"https:\/\/lasentinelle.dz\/index.php\/2026\/09\/02\/palestine-occupee-lonu-reclame-larret-des-frappes-israeliennes-a-ghaza-et-de-la-violence-des-colons-en-cisjordanie-occupee\/#breadcrumb","itemListElement":[{"@type":"ListItem","position":1,"name":"Accueil","item":"https:\/\/lasentinelle.dz\/"},{"@type":"ListItem","position":2,"name":"Palestine occup\u00e9e\u00a0: L&rsquo;ONU r\u00e9clame l&rsquo;arr\u00eat des frappes isra\u00e9liennes \u00e0 Ghaza et de la violence des colons en Cisjordanie occup\u00e9e"}]},{"@type":"WebSite","@id":"https:\/\/lasentinelle.dz\/#website","url":"https:\/\/lasentinelle.dz\/","name":"La Sentinelle","description":"Quotidien national d&#039;information","publisher":{"@id":"https:\/\/lasentinelle.dz\/#organization"},"potentialAction":[{"@type":"SearchAction","target":{"@type":"EntryPoint","urlTemplate":"https:\/\/lasentinelle.dz\/?s={search_term_string}"},"query-input":{"@type":"PropertyValueSpecification","valueRequired":true,"valueName":"search_term_string"}}],"inLanguage":"fr-FR"},{"@type":"Organization","@id":"https:\/\/lasentinelle.dz\/#organization","name":"Quotidien La Sentinelle","url":"https:\/\/lasentinelle.dz\/","logo":{"@type":"ImageObject","inLanguage":"fr-FR","@id":"https:\/\/lasentinelle.dz\/#\/schema\/logo\/image\/","url":"https:\/\/lasentinelle.dz\/wp-content\/uploads\/2021\/09\/logo-sentinelleSLOGAN-1.png","contentUrl":"https:\/\/lasentinelle.dz\/wp-content\/uploads\/2021\/09\/logo-sentinelleSLOGAN-1.png","width":615,"height":142,"caption":"Quotidien La Sentinelle"},"image":{"@id":"https:\/\/lasentinelle.dz\/#\/schema\/logo\/image\/"},"sameAs":["https:\/\/www.facebook.com\/La-Sentinelle-104059864394773"]},{"@type":"Person","@id":"https:\/\/lasentinelle.dz\/#\/schema\/person\/729ee0024f24e0b8c5ec17232f8e8b41","name":"admin","image":{"@type":"ImageObject","inLanguage":"fr-FR","@id":"https:\/\/secure.gravatar.com\/avatar\/4c81fed838786e9b53f540bf46533e750f5d292099ae3b66cfc6fb1982e29df7?s=96&d=mm&r=g","url":"https:\/\/secure.gravatar.com\/avatar\/4c81fed838786e9b53f540bf46533e750f5d292099ae3b66cfc6fb1982e29df7?s=96&d=mm&r=g","contentUrl":"https:\/\/secure.gravatar.com\/avatar\/4c81fed838786e9b53f540bf46533e750f5d292099ae3b66cfc6fb1982e29df7?s=96&d=mm&r=g","caption":"admin"},"description":"admin","url":"https:\/\/lasentinelle.dz\/author\/admin\/"}]}},"_links":{"self":[{"href":"https:\/\/lasentinelle.dz\/index.php\/wp-json\/wp\/v2\/posts\/94804","targetHints":{"allow":["GET"]}}],"collection":[{"href":"https:\/\/lasentinelle.dz\/index.php\/wp-json\/wp\/v2\/posts"}],"about":[{"href":"https:\/\/lasentinelle.dz\/index.php\/wp-json\/wp\/v2\/types\/post"}],"author":[{"embeddable":true,"href":"https:\/\/lasentinelle.dz\/index.php\/wp-json\/wp\/v2\/users\/6"}],"replies":[{"embeddable":true,"href":"https:\/\/lasentinelle.dz\/index.php\/wp-json\/wp\/v2\/comments?post=94804"}],"version-history":[{"count":2,"href":"https:\/\/lasentinelle.dz\/index.php\/wp-json\/wp\/v2\/posts\/94804\/revisions"}],"predecessor-version":[{"id":94806,"href":"https:\/\/lasentinelle.dz\/index.php\/wp-json\/wp\/v2\/posts\/94804\/revisions\/94806"}],"wp:featuredmedia":[{"embeddable":true,"href":"https:\/\/lasentinelle.dz\/index.php\/wp-json\/wp\/v2\/media\/25320"}],"wp:attachment":[{"href":"https:\/\/lasentinelle.dz\/index.php\/wp-json\/wp\/v2\/media?parent=94804"}],"wp:term":[{"taxonomy":"category","embeddable":true,"href":"https:\/\/lasentinelle.dz\/index.php\/wp-json\/wp\/v2\/categories?post=94804"},{"taxonomy":"post_tag","embeddable":true,"href":"https:\/\/lasentinelle.dz\/index.php\/wp-json\/wp\/v2\/tags?post=94804"}],"curies":[{"name":"wp","href":"https:\/\/api.w.org\/{rel}","templated":true}]}}