{"id":94812,"date":"2026-09-02T12:04:36","date_gmt":"2026-09-02T11:04:36","guid":{"rendered":"https:\/\/lasentinelle.dz\/?p=94812"},"modified":"2026-09-02T12:04:40","modified_gmt":"2026-09-02T11:04:40","slug":"liran-exige-geste-reciproque-de-washington-teheran-ouvre-la-porte-au-dialogue","status":"publish","type":"post","link":"https:\/\/lasentinelle.dz\/index.php\/2026\/09\/02\/liran-exige-geste-reciproque-de-washington-teheran-ouvre-la-porte-au-dialogue\/","title":{"rendered":"L\u2019Iran exige geste r\u00e9ciproque de Washington\u00a0: T\u00e9h\u00e9ran ouvre la porte au dialogue"},"content":{"rendered":"\n<p class=\"wp-block-paragraph\">Le pr\u00e9sident iranien Massoud Pezeshkian a affirm\u00e9 ce mardi que la R\u00e9publique islamique reprendrait \u00ab imm\u00e9diatement \u00bb ses engagements pr\u00e9vus par le m\u00e9morandum d&rsquo;entente sign\u00e9 en juin dernier avec les \u00c9tats-Unis, \u00e0 condition que Washington fasse de m\u00eame. Cette d\u00e9claration, prononc\u00e9e en marge du sommet de l&rsquo;Organisation de coop\u00e9ration de Shanghai \u00e0 Bichkek, au Kirghizistan, intervient alors que les tensions entre les deux pays connaissent une nouvelle escalade.<\/p>\n\n\n\n<p class=\"wp-block-paragraph\">Selon un communiqu\u00e9 de la pr\u00e9sidence iranienne, Massoud Pezeshkian a d\u00e9clar\u00e9 \u00ab j&rsquo;annonce clairement que si les \u00c9tats-Unis reviennent \u00e0 leurs engagements pr\u00e9vus par le m\u00e9morandum d&rsquo;entente, la R\u00e9publique islamique d&rsquo;Iran prendra imm\u00e9diatement des mesures similaires \u00bb. Cette prise de position se veut une r\u00e9ponse directe \u00e0 l&rsquo;impasse dans laquelle se trouvent les deux capitales depuis plusieurs semaines. Les propos du chef de l&rsquo;\u00c9tat iranien surviennent apr\u00e8s la reprise d&rsquo;op\u00e9rations militaires entre T\u00e9h\u00e9ran et Washington et une mont\u00e9e des tensions cons\u00e9cutive \u00e0 l&rsquo;imposition, par les \u00c9tats-Unis, d&rsquo;un blocus \u00e9conomique visant l&rsquo;Iran. Washington a \u00e9galement brandi la menace de sanctions secondaires hebdomadaires, apr\u00e8s l&rsquo;enlisement du processus de n\u00e9gociation entre les deux parties, un processus que le m\u00e9morandum sign\u00e9 \u00e0 Islamabad en juin dernier devait justement faciliter.<\/p>\n\n\n\n<p class=\"wp-block-paragraph\">Le d\u00e9troit d&rsquo;Ormuz, voie maritime strat\u00e9gique par laquelle transite une part consid\u00e9rable du commerce p\u00e9trolier mondial, demeure au c\u0153ur du diff\u00e9rend entre les deux pays. T\u00e9h\u00e9ran maintient la fermeture de ce couloir maritime, tout en affirmant sa disposition \u00e0 revenir sur cette d\u00e9cision d\u00e8s lors que Washington respecterait, de son c\u00f4t\u00e9, les termes de l&rsquo;accord.<\/p>\n\n\n\n<p class=\"wp-block-paragraph\">Le chef de la diplomatie iranienne, Abbas Araghchi, avait tenu des propos similaires la veille, estimant que la sortie de crise \u00ab est claire et simple \u00bb. Il avait ajout\u00e9 que les \u00c9tats-Unis devaient \u00ab honorer leurs engagements et se conformer \u00e0 ce qui a \u00e9t\u00e9 sign\u00e9 dans le m\u00e9morandum d&rsquo;entente \u00bb, pr\u00e9cisant qu&rsquo;une fois cette condition remplie, \u00ab les choses reviendraient \u00e0 la normale \u00bb.<\/p>\n\n\n\n<p class=\"wp-block-paragraph\">En marge du m\u00eame sommet, le ministre pakistanais des Affaires \u00e9trang\u00e8res, Ishaq Dar, s&rsquo;est entretenu avec son homologue iranien Abbas Araghchi. Les deux responsables ont soulign\u00e9 l&rsquo;importance de maintenir le dialogue entre les parties concern\u00e9es, selon un communiqu\u00e9 du minist\u00e8re pakistanais des Affaires \u00e9trang\u00e8res. Ishaq Dar a insist\u00e9 sur le r\u00f4le central du dialogue et de la diplomatie dans la consolidation de la paix r\u00e9gionale. Il a pr\u00e9cis\u00e9 que la mise en \u0153uvre, par Washington et T\u00e9h\u00e9ran, du m\u00e9morandum conclu \u00e0 Islamabad restait \u00e0 ses yeux \u00ab la seule voie possible \u00bb pour avancer vers un r\u00e8glement durable de la crise.<\/p>\n\n\n\n<p class=\"wp-block-paragraph\">Du c\u00f4t\u00e9 des Nations unies, le secr\u00e9taire g\u00e9n\u00e9ral Ant\u00f3nio Guterres a appel\u00e9 toutes les parties \u00e0 la plus grande retenue apr\u00e8s la reprise des hostilit\u00e9s le week-end dernier. Son porte-parole, St\u00e9phane Dujarric, a qualifi\u00e9 cette escalade d&rsquo;\u00ab extr\u00eamement regrettable \u00bb et indiqu\u00e9 que Guterres encourageait la reprise des canaux diplomatiques pour restaurer la stabilit\u00e9 dans la r\u00e9gion.<\/p>\n\n\n\n<p class=\"wp-block-paragraph\">Sur le terrain, la tension reste palpable. L&rsquo;Organisation britannique du commerce maritime a rapport\u00e9 qu&rsquo;un p\u00e9trolier avait \u00e9t\u00e9 touch\u00e9 par trois objets non identifi\u00e9s alors qu&rsquo;il quittait le d\u00e9troit d&rsquo;Ormuz, \u00e0 une trentaine de kilom\u00e8tres \u00e0 l&rsquo;est de la localit\u00e9 omanaise de Khasab. Aucun bless\u00e9 ni pollution n&rsquo;ont \u00e9t\u00e9 signal\u00e9s dans l&rsquo;imm\u00e9diat. Une soci\u00e9t\u00e9 de s\u00e9curit\u00e9 maritime a identifi\u00e9 le navire comme \u00e9tant le Senegal Prosperity, battant pavillon lib\u00e9rien, pr\u00e9cisant que la coque, la salle des machines et les syst\u00e8mes de communication avaient \u00e9t\u00e9 endommag\u00e9s.<\/p>\n\n\n\n<p class=\"wp-block-paragraph\">Du c\u00f4t\u00e9 de Washington, la position affich\u00e9e ces derni\u00e8res semaines oscille entre fermet\u00e9 et promesse d&rsquo;accord rapide. Le pr\u00e9sident am\u00e9ricain Donald Trump a r\u00e9p\u00e9t\u00e9 \u00e0 plusieurs reprises qu&rsquo;un nouvel arrangement avec T\u00e9h\u00e9ran restait selon lui \u00ab imminent \u00bb, tout en maintenant la pression militaire et en rappelant que les forces am\u00e9ricaines demeuraient pr\u00eates \u00e0 reprendre les frappes si la situation dans le d\u00e9troit d&rsquo;Ormuz ne se d\u00e9bloquait pas. La Maison Blanche continue de faire de la r\u00e9ouverture pleine et enti\u00e8re de cette voie maritime, ainsi que de la question du programme nucl\u00e9aire iranien, la condition centrale de tout retour durable au m\u00e9morandum sign\u00e9 en juin.<\/p>\n\n\n\n<p class=\"wp-block-paragraph\">Lyes Sa\u00efdi<\/p>\n","protected":false},"excerpt":{"rendered":"<p>Le pr\u00e9sident iranien Massoud Pezeshkian a affirm\u00e9 ce mardi que la R\u00e9publique islamique reprendrait \u00ab imm\u00e9diatement \u00bb ses engagements pr\u00e9vus<\/p>\n","protected":false},"author":6,"featured_media":80933,"comment_status":"open","ping_status":"closed","sticky":false,"template":"","format":"standard","meta":{"colormag_page_container_layout":"default_layout","colormag_page_sidebar_layout":"default_layout","om_disable_all_campaigns":false,"_monsterinsights_skip_tracking":false,"footnotes":"","_wpscppro_dont_share_socialmedia":false,"_wpscppro_custom_social_share_image":0,"_facebook_share_type":"default","_twitter_share_type":"default","_linkedin_share_type":"default","_pinterest_share_type":"default","_linkedin_share_type_page":"","_instagram_share_type":"default","_medium_share_type":"default","_threads_share_type":"default","_google_business_share_type":"default","_bluesky_share_type":"default","_mastodon_share_type":"default","_selected_social_profile":[],"_wpsp_enable_custom_social_template":false,"_wpsp_social_scheduling":{"enabled":false,"datetime":null,"platforms":[],"status":"template_only","dateOption":"today","timeOption":"now","customDays":"","customHours":"","customDate":"","customTime":"","schedulingType":"absolute"},"_wpsp_active_default_template":true},"categories":[37],"tags":[],"class_list":["post-94812","post","type-post","status-publish","format-standard","has-post-thumbnail","hentry","category-monde"],"aioseo_notices":[],"aioseo_head":"\n\t\t<!-- All in One SEO 5.0.0.1 - aioseo.com -->\n\t<meta name=\"description\" content=\"Le pr\u00e9sident iranien Massoud Pezeshkian a affirm\u00e9 ce mardi que la R\u00e9publique islamique reprendrait \u00ab imm\u00e9diatement \u00bb ses engagements pr\u00e9vus par le m\u00e9morandum d&#039;entente sign\u00e9 en juin dernier avec les \u00c9tats-Unis, \u00e0 condition que Washington fasse de m\u00eame. Cette d\u00e9claration, prononc\u00e9e en marge du sommet de l&#039;Organisation de coop\u00e9ration de Shanghai \u00e0 Bichkek, au Kirghizistan,\" \/>\n\t<meta name=\"robots\" content=\"max-image-preview:large\" \/>\n\t<meta name=\"author\" content=\"admin\"\/>\n\t<link rel=\"canonical\" href=\"https:\/\/lasentinelle.dz\/index.php\/2026\/09\/02\/liran-exige-geste-reciproque-de-washington-teheran-ouvre-la-porte-au-dialogue\/\" \/>\n\t<meta name=\"generator\" content=\"All in One SEO (AIOSEO) 5.0.0.1\" \/>\n\t\t<meta property=\"og:locale\" content=\"fr_FR\" \/>\n\t\t<meta property=\"og:site_name\" content=\"La Sentinelle - Quotidien national d&#039;information\" \/>\n\t\t<meta property=\"og:type\" content=\"article\" \/>\n\t\t<meta property=\"og:title\" content=\"L\u2019Iran exige geste r\u00e9ciproque de Washington : T\u00e9h\u00e9ran ouvre la porte au dialogue - La Sentinelle\" \/>\n\t\t<meta property=\"og:description\" content=\"Le pr\u00e9sident iranien Massoud Pezeshkian a affirm\u00e9 ce mardi que la R\u00e9publique islamique reprendrait \u00ab imm\u00e9diatement \u00bb ses engagements pr\u00e9vus par le m\u00e9morandum d&#039;entente sign\u00e9 en juin dernier avec les \u00c9tats-Unis, \u00e0 condition que Washington fasse de m\u00eame. Cette d\u00e9claration, prononc\u00e9e en marge du sommet de l&#039;Organisation de coop\u00e9ration de Shanghai \u00e0 Bichkek, au Kirghizistan,\" \/>\n\t\t<meta property=\"og:url\" content=\"https:\/\/lasentinelle.dz\/index.php\/2026\/09\/02\/liran-exige-geste-reciproque-de-washington-teheran-ouvre-la-porte-au-dialogue\/\" \/>\n\t\t<meta property=\"og:image\" content=\"https:\/\/lasentinelle.dz\/wp-content\/uploads\/2021\/09\/cropped-la-sentinelle-earth-golden-anima-5.gif\" \/>\n\t\t<meta property=\"og:image:secure_url\" content=\"https:\/\/lasentinelle.dz\/wp-content\/uploads\/2021\/09\/cropped-la-sentinelle-earth-golden-anima-5.gif\" \/>\n\t\t<meta property=\"og:image:width\" content=\"450\" \/>\n\t\t<meta property=\"og:image:height\" content=\"213\" \/>\n\t\t<meta property=\"article:published_time\" content=\"2026-09-02T11:04:36+00:00\" \/>\n\t\t<meta property=\"article:modified_time\" content=\"2026-09-02T11:04:40+00:00\" \/>\n\t\t<meta property=\"article:publisher\" content=\"https:\/\/www.facebook.com\/azzedine.lasentinelle.1\" \/>\n\t\t<meta name=\"twitter:card\" content=\"summary_large_image\" \/>\n\t\t<meta name=\"twitter:title\" content=\"L\u2019Iran exige geste r\u00e9ciproque de Washington : T\u00e9h\u00e9ran ouvre la porte au dialogue - La Sentinelle\" \/>\n\t\t<meta name=\"twitter:description\" content=\"Le pr\u00e9sident iranien Massoud Pezeshkian a affirm\u00e9 ce mardi que la R\u00e9publique islamique reprendrait \u00ab imm\u00e9diatement \u00bb ses engagements pr\u00e9vus par le m\u00e9morandum d&#039;entente sign\u00e9 en juin dernier avec les \u00c9tats-Unis, \u00e0 condition que Washington fasse de m\u00eame. Cette d\u00e9claration, prononc\u00e9e en marge du sommet de l&#039;Organisation de coop\u00e9ration de Shanghai \u00e0 Bichkek, au Kirghizistan,\" \/>\n\t\t<meta name=\"twitter:image\" content=\"https:\/\/lasentinelle.dz\/wp-content\/uploads\/2021\/09\/cropped-la-sentinelle-earth-golden-anima-5.gif\" \/>\n\t\t<script type=\"application\/ld+json\" class=\"aioseo-schema\">\n\t\t\t{\"@context\":\"https:\\\/\\\/schema.org\",\"@graph\":[{\"@type\":\"BlogPosting\",\"@id\":\"https:\\\/\\\/lasentinelle.dz\\\/index.php\\\/2026\\\/09\\\/02\\\/liran-exige-geste-reciproque-de-washington-teheran-ouvre-la-porte-au-dialogue\\\/#blogposting\",\"name\":\"L\\u2019Iran exige geste r\\u00e9ciproque de Washington : T\\u00e9h\\u00e9ran ouvre la porte au dialogue - La Sentinelle\",\"headline\":\"L\\u2019Iran exige geste r\\u00e9ciproque de Washington\\u00a0: T\\u00e9h\\u00e9ran ouvre la porte au dialogue\",\"author\":{\"@id\":\"https:\\\/\\\/lasentinelle.dz\\\/author\\\/admin\\\/#author\"},\"publisher\":{\"@id\":\"https:\\\/\\\/lasentinelle.dz\\\/#organization\"},\"image\":{\"@type\":\"ImageObject\",\"url\":\"https:\\\/\\\/lasentinelle.dz\\\/wp-content\\\/uploads\\\/2026\\\/02\\\/massoud-pezzshkian.jpeg\",\"width\":1200,\"height\":630},\"datePublished\":\"2026-09-02T12:04:36+01:00\",\"dateModified\":\"2026-09-02T12:04:40+01:00\",\"inLanguage\":\"fr-FR\",\"mainEntityOfPage\":{\"@id\":\"https:\\\/\\\/lasentinelle.dz\\\/index.php\\\/2026\\\/09\\\/02\\\/liran-exige-geste-reciproque-de-washington-teheran-ouvre-la-porte-au-dialogue\\\/#webpage\"},\"isPartOf\":{\"@id\":\"https:\\\/\\\/lasentinelle.dz\\\/index.php\\\/2026\\\/09\\\/02\\\/liran-exige-geste-reciproque-de-washington-teheran-ouvre-la-porte-au-dialogue\\\/#webpage\"},\"articleSection\":\"Monde\"},{\"@type\":\"BreadcrumbList\",\"@id\":\"https:\\\/\\\/lasentinelle.dz\\\/index.php\\\/2026\\\/09\\\/02\\\/liran-exige-geste-reciproque-de-washington-teheran-ouvre-la-porte-au-dialogue\\\/#breadcrumblist\",\"itemListElement\":[{\"@type\":\"ListItem\",\"@id\":\"https:\\\/\\\/lasentinelle.dz#listItem\",\"position\":1,\"name\":\"Home\",\"item\":\"https:\\\/\\\/lasentinelle.dz\",\"nextItem\":{\"@type\":\"ListItem\",\"@id\":\"https:\\\/\\\/lasentinelle.dz\\\/index.php\\\/category\\\/monde\\\/#listItem\",\"name\":\"Monde\"}},{\"@type\":\"ListItem\",\"@id\":\"https:\\\/\\\/lasentinelle.dz\\\/index.php\\\/category\\\/monde\\\/#listItem\",\"position\":2,\"name\":\"Monde\",\"item\":\"https:\\\/\\\/lasentinelle.dz\\\/index.php\\\/category\\\/monde\\\/\",\"nextItem\":{\"@type\":\"ListItem\",\"@id\":\"https:\\\/\\\/lasentinelle.dz\\\/index.php\\\/2026\\\/09\\\/02\\\/liran-exige-geste-reciproque-de-washington-teheran-ouvre-la-porte-au-dialogue\\\/#listItem\",\"name\":\"L\\u2019Iran exige geste r\\u00e9ciproque de Washington\\u00a0: T\\u00e9h\\u00e9ran ouvre la porte au dialogue\"},\"previousItem\":{\"@type\":\"ListItem\",\"@id\":\"https:\\\/\\\/lasentinelle.dz#listItem\",\"name\":\"Home\"}},{\"@type\":\"ListItem\",\"@id\":\"https:\\\/\\\/lasentinelle.dz\\\/index.php\\\/2026\\\/09\\\/02\\\/liran-exige-geste-reciproque-de-washington-teheran-ouvre-la-porte-au-dialogue\\\/#listItem\",\"position\":3,\"name\":\"L\\u2019Iran exige geste r\\u00e9ciproque de Washington\\u00a0: T\\u00e9h\\u00e9ran ouvre la porte au dialogue\",\"previousItem\":{\"@type\":\"ListItem\",\"@id\":\"https:\\\/\\\/lasentinelle.dz\\\/index.php\\\/category\\\/monde\\\/#listItem\",\"name\":\"Monde\"}}]},{\"@type\":\"Organization\",\"@id\":\"https:\\\/\\\/lasentinelle.dz\\\/#organization\",\"name\":\"La Sentinelle La Sentinelle\",\"description\":\"Quotidien national d'information\",\"url\":\"https:\\\/\\\/lasentinelle.dz\\\/\",\"logo\":{\"@type\":\"ImageObject\",\"url\":\"https:\\\/\\\/lasentinelle.dz\\\/wp-content\\\/uploads\\\/2021\\\/09\\\/cropped-la-sentinelle-earth-golden-anima-5.gif\",\"@id\":\"https:\\\/\\\/lasentinelle.dz\\\/index.php\\\/2026\\\/09\\\/02\\\/liran-exige-geste-reciproque-de-washington-teheran-ouvre-la-porte-au-dialogue\\\/#organizationLogo\",\"width\":450,\"height\":213},\"image\":{\"@id\":\"https:\\\/\\\/lasentinelle.dz\\\/index.php\\\/2026\\\/09\\\/02\\\/liran-exige-geste-reciproque-de-washington-teheran-ouvre-la-porte-au-dialogue\\\/#organizationLogo\"},\"sameAs\":[\"https:\\\/\\\/www.facebook.com\\\/azzedine.lasentinelle.1\"]},{\"@type\":\"Person\",\"@id\":\"https:\\\/\\\/lasentinelle.dz\\\/author\\\/admin\\\/#author\",\"url\":\"https:\\\/\\\/lasentinelle.dz\\\/author\\\/admin\\\/\",\"name\":\"admin\",\"image\":{\"@type\":\"ImageObject\",\"@id\":\"https:\\\/\\\/lasentinelle.dz\\\/index.php\\\/2026\\\/09\\\/02\\\/liran-exige-geste-reciproque-de-washington-teheran-ouvre-la-porte-au-dialogue\\\/#authorImage\",\"url\":\"https:\\\/\\\/secure.gravatar.com\\\/avatar\\\/4c81fed838786e9b53f540bf46533e750f5d292099ae3b66cfc6fb1982e29df7?s=96&d=mm&r=g\",\"width\":96,\"height\":96,\"caption\":\"admin\"}},{\"@type\":\"WebPage\",\"@id\":\"https:\\\/\\\/lasentinelle.dz\\\/index.php\\\/2026\\\/09\\\/02\\\/liran-exige-geste-reciproque-de-washington-teheran-ouvre-la-porte-au-dialogue\\\/#webpage\",\"url\":\"https:\\\/\\\/lasentinelle.dz\\\/index.php\\\/2026\\\/09\\\/02\\\/liran-exige-geste-reciproque-de-washington-teheran-ouvre-la-porte-au-dialogue\\\/\",\"name\":\"L\\u2019Iran exige geste r\\u00e9ciproque de Washington : T\\u00e9h\\u00e9ran ouvre la porte au dialogue - La Sentinelle\",\"description\":\"Le pr\\u00e9sident iranien Massoud Pezeshkian a affirm\\u00e9 ce mardi que la R\\u00e9publique islamique reprendrait \\u00ab imm\\u00e9diatement \\u00bb ses engagements pr\\u00e9vus par le m\\u00e9morandum d'entente sign\\u00e9 en juin dernier avec les \\u00c9tats-Unis, \\u00e0 condition que Washington fasse de m\\u00eame. Cette d\\u00e9claration, prononc\\u00e9e en marge du sommet de l'Organisation de coop\\u00e9ration de Shanghai \\u00e0 Bichkek, au Kirghizistan,\",\"inLanguage\":\"fr-FR\",\"isPartOf\":{\"@id\":\"https:\\\/\\\/lasentinelle.dz\\\/#website\"},\"breadcrumb\":{\"@id\":\"https:\\\/\\\/lasentinelle.dz\\\/index.php\\\/2026\\\/09\\\/02\\\/liran-exige-geste-reciproque-de-washington-teheran-ouvre-la-porte-au-dialogue\\\/#breadcrumblist\"},\"author\":{\"@id\":\"https:\\\/\\\/lasentinelle.dz\\\/author\\\/admin\\\/#author\"},\"creator\":{\"@id\":\"https:\\\/\\\/lasentinelle.dz\\\/author\\\/admin\\\/#author\"},\"image\":{\"@type\":\"ImageObject\",\"url\":\"https:\\\/\\\/lasentinelle.dz\\\/wp-content\\\/uploads\\\/2026\\\/02\\\/massoud-pezzshkian.jpeg\",\"@id\":\"https:\\\/\\\/lasentinelle.dz\\\/index.php\\\/2026\\\/09\\\/02\\\/liran-exige-geste-reciproque-de-washington-teheran-ouvre-la-porte-au-dialogue\\\/#mainImage\",\"width\":1200,\"height\":630},\"primaryImageOfPage\":{\"@id\":\"https:\\\/\\\/lasentinelle.dz\\\/index.php\\\/2026\\\/09\\\/02\\\/liran-exige-geste-reciproque-de-washington-teheran-ouvre-la-porte-au-dialogue\\\/#mainImage\"},\"datePublished\":\"2026-09-02T12:04:36+01:00\",\"dateModified\":\"2026-09-02T12:04:40+01:00\"},{\"@type\":\"WebSite\",\"@id\":\"https:\\\/\\\/lasentinelle.dz\\\/#website\",\"url\":\"https:\\\/\\\/lasentinelle.dz\\\/\",\"name\":\"La Sentinelle\",\"description\":\"Quotidien national d'information\",\"inLanguage\":\"fr-FR\",\"publisher\":{\"@id\":\"https:\\\/\\\/lasentinelle.dz\\\/#organization\"}}]}\n\t\t<\/script>\n\t\t<!-- All in One SEO -->\n\n","aioseo_head_json":{"title":"L\u2019Iran exige geste r\u00e9ciproque de Washington : T\u00e9h\u00e9ran ouvre la porte au dialogue - La Sentinelle","description":"Le pr\u00e9sident iranien Massoud Pezeshkian a affirm\u00e9 ce mardi que la R\u00e9publique islamique reprendrait \u00ab imm\u00e9diatement \u00bb ses engagements pr\u00e9vus par le m\u00e9morandum d'entente sign\u00e9 en juin dernier avec les \u00c9tats-Unis, \u00e0 condition que Washington fasse de m\u00eame. Cette d\u00e9claration, prononc\u00e9e en marge du sommet de l'Organisation de coop\u00e9ration de Shanghai \u00e0 Bichkek, au Kirghizistan,","canonical_url":"https:\/\/lasentinelle.dz\/index.php\/2026\/09\/02\/liran-exige-geste-reciproque-de-washington-teheran-ouvre-la-porte-au-dialogue\/","robots":"max-image-preview:large","keywords":"","webmasterTools":{"miscellaneous":""},"schema":{"@context":"https:\/\/schema.org","@graph":[{"@type":"BlogPosting","@id":"https:\/\/lasentinelle.dz\/index.php\/2026\/09\/02\/liran-exige-geste-reciproque-de-washington-teheran-ouvre-la-porte-au-dialogue\/#blogposting","name":"L\u2019Iran exige geste r\u00e9ciproque de Washington : T\u00e9h\u00e9ran ouvre la porte au dialogue - La Sentinelle","headline":"L\u2019Iran exige geste r\u00e9ciproque de Washington\u00a0: T\u00e9h\u00e9ran ouvre la porte au dialogue","author":{"@id":"https:\/\/lasentinelle.dz\/author\/admin\/#author"},"publisher":{"@id":"https:\/\/lasentinelle.dz\/#organization"},"image":{"@type":"ImageObject","url":"https:\/\/lasentinelle.dz\/wp-content\/uploads\/2026\/02\/massoud-pezzshkian.jpeg","width":1200,"height":630},"datePublished":"2026-09-02T12:04:36+01:00","dateModified":"2026-09-02T12:04:40+01:00","inLanguage":"fr-FR","mainEntityOfPage":{"@id":"https:\/\/lasentinelle.dz\/index.php\/2026\/09\/02\/liran-exige-geste-reciproque-de-washington-teheran-ouvre-la-porte-au-dialogue\/#webpage"},"isPartOf":{"@id":"https:\/\/lasentinelle.dz\/index.php\/2026\/09\/02\/liran-exige-geste-reciproque-de-washington-teheran-ouvre-la-porte-au-dialogue\/#webpage"},"articleSection":"Monde"},{"@type":"BreadcrumbList","@id":"https:\/\/lasentinelle.dz\/index.php\/2026\/09\/02\/liran-exige-geste-reciproque-de-washington-teheran-ouvre-la-porte-au-dialogue\/#breadcrumblist","itemListElement":[{"@type":"ListItem","@id":"https:\/\/lasentinelle.dz#listItem","position":1,"name":"Home","item":"https:\/\/lasentinelle.dz","nextItem":{"@type":"ListItem","@id":"https:\/\/lasentinelle.dz\/index.php\/category\/monde\/#listItem","name":"Monde"}},{"@type":"ListItem","@id":"https:\/\/lasentinelle.dz\/index.php\/category\/monde\/#listItem","position":2,"name":"Monde","item":"https:\/\/lasentinelle.dz\/index.php\/category\/monde\/","nextItem":{"@type":"ListItem","@id":"https:\/\/lasentinelle.dz\/index.php\/2026\/09\/02\/liran-exige-geste-reciproque-de-washington-teheran-ouvre-la-porte-au-dialogue\/#listItem","name":"L\u2019Iran exige geste r\u00e9ciproque de Washington\u00a0: T\u00e9h\u00e9ran ouvre la porte au dialogue"},"previousItem":{"@type":"ListItem","@id":"https:\/\/lasentinelle.dz#listItem","name":"Home"}},{"@type":"ListItem","@id":"https:\/\/lasentinelle.dz\/index.php\/2026\/09\/02\/liran-exige-geste-reciproque-de-washington-teheran-ouvre-la-porte-au-dialogue\/#listItem","position":3,"name":"L\u2019Iran exige geste r\u00e9ciproque de Washington\u00a0: T\u00e9h\u00e9ran ouvre la porte au dialogue","previousItem":{"@type":"ListItem","@id":"https:\/\/lasentinelle.dz\/index.php\/category\/monde\/#listItem","name":"Monde"}}]},{"@type":"Organization","@id":"https:\/\/lasentinelle.dz\/#organization","name":"La Sentinelle La Sentinelle","description":"Quotidien national d'information","url":"https:\/\/lasentinelle.dz\/","logo":{"@type":"ImageObject","url":"https:\/\/lasentinelle.dz\/wp-content\/uploads\/2021\/09\/cropped-la-sentinelle-earth-golden-anima-5.gif","@id":"https:\/\/lasentinelle.dz\/index.php\/2026\/09\/02\/liran-exige-geste-reciproque-de-washington-teheran-ouvre-la-porte-au-dialogue\/#organizationLogo","width":450,"height":213},"image":{"@id":"https:\/\/lasentinelle.dz\/index.php\/2026\/09\/02\/liran-exige-geste-reciproque-de-washington-teheran-ouvre-la-porte-au-dialogue\/#organizationLogo"},"sameAs":["https:\/\/www.facebook.com\/azzedine.lasentinelle.1"]},{"@type":"Person","@id":"https:\/\/lasentinelle.dz\/author\/admin\/#author","url":"https:\/\/lasentinelle.dz\/author\/admin\/","name":"admin","image":{"@type":"ImageObject","@id":"https:\/\/lasentinelle.dz\/index.php\/2026\/09\/02\/liran-exige-geste-reciproque-de-washington-teheran-ouvre-la-porte-au-dialogue\/#authorImage","url":"https:\/\/secure.gravatar.com\/avatar\/4c81fed838786e9b53f540bf46533e750f5d292099ae3b66cfc6fb1982e29df7?s=96&d=mm&r=g","width":96,"height":96,"caption":"admin"}},{"@type":"WebPage","@id":"https:\/\/lasentinelle.dz\/index.php\/2026\/09\/02\/liran-exige-geste-reciproque-de-washington-teheran-ouvre-la-porte-au-dialogue\/#webpage","url":"https:\/\/lasentinelle.dz\/index.php\/2026\/09\/02\/liran-exige-geste-reciproque-de-washington-teheran-ouvre-la-porte-au-dialogue\/","name":"L\u2019Iran exige geste r\u00e9ciproque de Washington : T\u00e9h\u00e9ran ouvre la porte au dialogue - La Sentinelle","description":"Le pr\u00e9sident iranien Massoud Pezeshkian a affirm\u00e9 ce mardi que la R\u00e9publique islamique reprendrait \u00ab imm\u00e9diatement \u00bb ses engagements pr\u00e9vus par le m\u00e9morandum d'entente sign\u00e9 en juin dernier avec les \u00c9tats-Unis, \u00e0 condition que Washington fasse de m\u00eame. Cette d\u00e9claration, prononc\u00e9e en marge du sommet de l'Organisation de coop\u00e9ration de Shanghai \u00e0 Bichkek, au Kirghizistan,","inLanguage":"fr-FR","isPartOf":{"@id":"https:\/\/lasentinelle.dz\/#website"},"breadcrumb":{"@id":"https:\/\/lasentinelle.dz\/index.php\/2026\/09\/02\/liran-exige-geste-reciproque-de-washington-teheran-ouvre-la-porte-au-dialogue\/#breadcrumblist"},"author":{"@id":"https:\/\/lasentinelle.dz\/author\/admin\/#author"},"creator":{"@id":"https:\/\/lasentinelle.dz\/author\/admin\/#author"},"image":{"@type":"ImageObject","url":"https:\/\/lasentinelle.dz\/wp-content\/uploads\/2026\/02\/massoud-pezzshkian.jpeg","@id":"https:\/\/lasentinelle.dz\/index.php\/2026\/09\/02\/liran-exige-geste-reciproque-de-washington-teheran-ouvre-la-porte-au-dialogue\/#mainImage","width":1200,"height":630},"primaryImageOfPage":{"@id":"https:\/\/lasentinelle.dz\/index.php\/2026\/09\/02\/liran-exige-geste-reciproque-de-washington-teheran-ouvre-la-porte-au-dialogue\/#mainImage"},"datePublished":"2026-09-02T12:04:36+01:00","dateModified":"2026-09-02T12:04:40+01:00"},{"@type":"WebSite","@id":"https:\/\/lasentinelle.dz\/#website","url":"https:\/\/lasentinelle.dz\/","name":"La Sentinelle","description":"Quotidien national d'information","inLanguage":"fr-FR","publisher":{"@id":"https:\/\/lasentinelle.dz\/#organization"}}]},"og:locale":"fr_FR","og:site_name":"La Sentinelle - Quotidien national d'information","og:type":"article","og:title":"L\u2019Iran exige geste r\u00e9ciproque de Washington : T\u00e9h\u00e9ran ouvre la porte au dialogue - La Sentinelle","og:description":"Le pr\u00e9sident iranien Massoud Pezeshkian a affirm\u00e9 ce mardi que la R\u00e9publique islamique reprendrait \u00ab imm\u00e9diatement \u00bb ses engagements pr\u00e9vus par le m\u00e9morandum d'entente sign\u00e9 en juin dernier avec les \u00c9tats-Unis, \u00e0 condition que Washington fasse de m\u00eame. Cette d\u00e9claration, prononc\u00e9e en marge du sommet de l'Organisation de coop\u00e9ration de Shanghai \u00e0 Bichkek, au Kirghizistan,","og:url":"https:\/\/lasentinelle.dz\/index.php\/2026\/09\/02\/liran-exige-geste-reciproque-de-washington-teheran-ouvre-la-porte-au-dialogue\/","og:image":"https:\/\/lasentinelle.dz\/wp-content\/uploads\/2021\/09\/cropped-la-sentinelle-earth-golden-anima-5.gif","og:image:secure_url":"https:\/\/lasentinelle.dz\/wp-content\/uploads\/2021\/09\/cropped-la-sentinelle-earth-golden-anima-5.gif","og:image:width":450,"og:image:height":213,"article:published_time":"2026-09-02T11:04:36+00:00","article:modified_time":"2026-09-02T11:04:40+00:00","article:publisher":"https:\/\/www.facebook.com\/azzedine.lasentinelle.1","twitter:card":"summary_large_image","twitter:title":"L\u2019Iran exige geste r\u00e9ciproque de Washington : T\u00e9h\u00e9ran ouvre la porte au dialogue - La Sentinelle","twitter:description":"Le pr\u00e9sident iranien Massoud Pezeshkian a affirm\u00e9 ce mardi que la R\u00e9publique islamique reprendrait \u00ab imm\u00e9diatement \u00bb ses engagements pr\u00e9vus par le m\u00e9morandum d'entente sign\u00e9 en juin dernier avec les \u00c9tats-Unis, \u00e0 condition que Washington fasse de m\u00eame. Cette d\u00e9claration, prononc\u00e9e en marge du sommet de l'Organisation de coop\u00e9ration de Shanghai \u00e0 Bichkek, au Kirghizistan,","twitter:image":"https:\/\/lasentinelle.dz\/wp-content\/uploads\/2021\/09\/cropped-la-sentinelle-earth-golden-anima-5.gif"},"aioseo_meta_data":{"post_id":"94812","title":null,"description":null,"keywords":null,"keyphrases":{"focus":{"keyphrase":"","score":0,"analysis":{"keyphraseInTitle":{"score":0,"maxScore":9,"error":1}}},"additional":[]},"primary_term":null,"canonical_url":null,"og_title":null,"og_description":null,"og_object_type":"default","og_image_type":"default","og_image_url":null,"og_image_width":null,"og_image_height":null,"og_image_custom_url":null,"og_image_custom_fields":null,"og_video":"","og_custom_url":null,"og_article_section":null,"og_article_tags":null,"twitter_use_og":false,"twitter_card":"default","twitter_image_type":"default","twitter_image_url":null,"twitter_image_custom_url":null,"twitter_image_custom_fields":null,"twitter_title":null,"twitter_description":null,"schema":{"blockGraphs":[],"customGraphs":[],"default":{"data":{"Article":[],"Course":[],"Dataset":[],"FAQPage":[],"Movie":[],"Person":[],"Product":[],"ProductReview":[],"Car":[],"Recipe":[],"Service":[],"SoftwareApplication":[],"WebPage":[]},"graphName":"BlogPosting","isEnabled":true},"graphs":[]},"schema_type":"default","schema_type_options":null,"pillar_content":false,"robots_default":true,"robots_noindex":false,"robots_noarchive":false,"robots_nosnippet":false,"robots_nofollow":false,"robots_noimageindex":false,"robots_noodp":false,"robots_notranslate":false,"robots_max_snippet":"-1","robots_max_videopreview":"-1","robots_max_imagepreview":"large","priority":null,"frequency":"default","local_seo":null,"breadcrumb_settings":null,"limit_modified_date":false,"ai":{"faqs":[],"keyPoints":[],"schemas":[],"titles":[],"descriptions":[],"socialPosts":{"email":{"subject":"","preview":"","content":""},"linkedin":[],"twitter":[],"facebook":[],"instagram":[]}},"created":"2026-09-02 11:04:40","updated":"2026-09-02 11:06:39","focus_keyword":null,"additional_keywords":null,"truseo_locale":null,"seo_analyzer_scan_date":null},"aioseo_breadcrumb":"<div class=\"aioseo-breadcrumbs\"><span class=\"aioseo-breadcrumb\">\n\t\t\t<a href=\"https:\/\/lasentinelle.dz\" title=\"Home\">Home<\/a>\n\t\t<\/span><span class=\"aioseo-breadcrumb-separator\">&raquo;<\/span><span class=\"aioseo-breadcrumb\">\n\t\t\t<a href=\"https:\/\/lasentinelle.dz\/index.php\/category\/monde\/\" title=\"Monde\">Monde<\/a>\n\t\t<\/span><span class=\"aioseo-breadcrumb-separator\">&raquo;<\/span><span class=\"aioseo-breadcrumb\">\n\t\t\tL\u2019Iran exige geste r\u00e9ciproque de Washington : T\u00e9h\u00e9ran ouvre la porte au dialogue\n\t\t<\/span><\/div>","aioseo_breadcrumb_json":[{"label":"Home","link":"https:\/\/lasentinelle.dz"},{"label":"Monde","link":"https:\/\/lasentinelle.dz\/index.php\/category\/monde\/"},{"label":"L\u2019Iran exige geste r\u00e9ciproque de Washington\u00a0: T\u00e9h\u00e9ran ouvre la porte au dialogue","link":"https:\/\/lasentinelle.dz\/index.php\/2026\/09\/02\/liran-exige-geste-reciproque-de-washington-teheran-ouvre-la-porte-au-dialogue\/"}],"yoast_head":"<!-- This site is optimized with the Yoast SEO plugin v28.4 - https:\/\/yoast.com\/product\/yoast-seo-wordpress\/ -->\n<title>L\u2019Iran exige geste r\u00e9ciproque de Washington\u00a0: T\u00e9h\u00e9ran ouvre la porte au dialogue - La Sentinelle<\/title>\n<meta name=\"robots\" content=\"index, follow, max-snippet:-1, max-image-preview:large, max-video-preview:-1\" \/>\n<link rel=\"canonical\" href=\"https:\/\/lasentinelle.dz\/index.php\/2026\/09\/02\/liran-exige-geste-reciproque-de-washington-teheran-ouvre-la-porte-au-dialogue\/\" \/>\n<meta property=\"og:locale\" content=\"fr_FR\" \/>\n<meta property=\"og:type\" content=\"article\" \/>\n<meta property=\"og:title\" content=\"L\u2019Iran exige geste r\u00e9ciproque de Washington\u00a0: T\u00e9h\u00e9ran ouvre la porte au dialogue - La Sentinelle\" \/>\n<meta property=\"og:description\" content=\"Le pr\u00e9sident iranien Massoud Pezeshkian a affirm\u00e9 ce mardi que la R\u00e9publique islamique reprendrait \u00ab imm\u00e9diatement \u00bb ses engagements pr\u00e9vus\" \/>\n<meta property=\"og:url\" content=\"https:\/\/lasentinelle.dz\/index.php\/2026\/09\/02\/liran-exige-geste-reciproque-de-washington-teheran-ouvre-la-porte-au-dialogue\/\" \/>\n<meta property=\"og:site_name\" content=\"La Sentinelle\" \/>\n<meta property=\"article:publisher\" content=\"https:\/\/www.facebook.com\/La-Sentinelle-104059864394773\" \/>\n<meta property=\"article:published_time\" content=\"2026-09-02T11:04:36+00:00\" \/>\n<meta property=\"article:modified_time\" content=\"2026-09-02T11:04:40+00:00\" \/>\n<meta property=\"og:image\" content=\"https:\/\/lasentinelle.dz\/wp-content\/uploads\/2026\/02\/massoud-pezzshkian.jpeg\" \/>\n\t<meta property=\"og:image:width\" content=\"1200\" \/>\n\t<meta property=\"og:image:height\" content=\"630\" \/>\n\t<meta property=\"og:image:type\" content=\"image\/jpeg\" \/>\n<meta name=\"author\" content=\"admin\" \/>\n<meta name=\"twitter:card\" content=\"summary_large_image\" \/>\n<meta name=\"twitter:label1\" content=\"\u00c9crit par\" \/>\n\t<meta name=\"twitter:data1\" content=\"admin\" \/>\n\t<meta name=\"twitter:label2\" content=\"Dur\u00e9e de lecture estim\u00e9e\" \/>\n\t<meta name=\"twitter:data2\" content=\"4 minutes\" \/>\n<script type=\"application\/ld+json\" class=\"yoast-schema-graph\">{\"@context\":\"https:\\\/\\\/schema.org\",\"@graph\":[{\"@type\":\"Article\",\"@id\":\"https:\\\/\\\/lasentinelle.dz\\\/index.php\\\/2026\\\/09\\\/02\\\/liran-exige-geste-reciproque-de-washington-teheran-ouvre-la-porte-au-dialogue\\\/#article\",\"isPartOf\":{\"@id\":\"https:\\\/\\\/lasentinelle.dz\\\/index.php\\\/2026\\\/09\\\/02\\\/liran-exige-geste-reciproque-de-washington-teheran-ouvre-la-porte-au-dialogue\\\/\"},\"author\":{\"name\":\"admin\",\"@id\":\"https:\\\/\\\/lasentinelle.dz\\\/#\\\/schema\\\/person\\\/729ee0024f24e0b8c5ec17232f8e8b41\"},\"headline\":\"L\u2019Iran exige geste r\u00e9ciproque de Washington\u00a0: T\u00e9h\u00e9ran ouvre la porte au dialogue\",\"datePublished\":\"2026-09-02T11:04:36+00:00\",\"dateModified\":\"2026-09-02T11:04:40+00:00\",\"mainEntityOfPage\":{\"@id\":\"https:\\\/\\\/lasentinelle.dz\\\/index.php\\\/2026\\\/09\\\/02\\\/liran-exige-geste-reciproque-de-washington-teheran-ouvre-la-porte-au-dialogue\\\/\"},\"wordCount\":767,\"commentCount\":0,\"publisher\":{\"@id\":\"https:\\\/\\\/lasentinelle.dz\\\/#organization\"},\"image\":{\"@id\":\"https:\\\/\\\/lasentinelle.dz\\\/index.php\\\/2026\\\/09\\\/02\\\/liran-exige-geste-reciproque-de-washington-teheran-ouvre-la-porte-au-dialogue\\\/#primaryimage\"},\"thumbnailUrl\":\"https:\\\/\\\/lasentinelle.dz\\\/wp-content\\\/uploads\\\/2026\\\/02\\\/massoud-pezzshkian.jpeg\",\"articleSection\":[\"Monde\"],\"inLanguage\":\"fr-FR\",\"potentialAction\":[{\"@type\":\"CommentAction\",\"name\":\"Comment\",\"target\":[\"https:\\\/\\\/lasentinelle.dz\\\/index.php\\\/2026\\\/09\\\/02\\\/liran-exige-geste-reciproque-de-washington-teheran-ouvre-la-porte-au-dialogue\\\/#respond\"]}]},{\"@type\":\"WebPage\",\"@id\":\"https:\\\/\\\/lasentinelle.dz\\\/index.php\\\/2026\\\/09\\\/02\\\/liran-exige-geste-reciproque-de-washington-teheran-ouvre-la-porte-au-dialogue\\\/\",\"url\":\"https:\\\/\\\/lasentinelle.dz\\\/index.php\\\/2026\\\/09\\\/02\\\/liran-exige-geste-reciproque-de-washington-teheran-ouvre-la-porte-au-dialogue\\\/\",\"name\":\"L\u2019Iran exige geste r\u00e9ciproque de Washington\u00a0: T\u00e9h\u00e9ran ouvre la porte au dialogue - La Sentinelle\",\"isPartOf\":{\"@id\":\"https:\\\/\\\/lasentinelle.dz\\\/#website\"},\"primaryImageOfPage\":{\"@id\":\"https:\\\/\\\/lasentinelle.dz\\\/index.php\\\/2026\\\/09\\\/02\\\/liran-exige-geste-reciproque-de-washington-teheran-ouvre-la-porte-au-dialogue\\\/#primaryimage\"},\"image\":{\"@id\":\"https:\\\/\\\/lasentinelle.dz\\\/index.php\\\/2026\\\/09\\\/02\\\/liran-exige-geste-reciproque-de-washington-teheran-ouvre-la-porte-au-dialogue\\\/#primaryimage\"},\"thumbnailUrl\":\"https:\\\/\\\/lasentinelle.dz\\\/wp-content\\\/uploads\\\/2026\\\/02\\\/massoud-pezzshkian.jpeg\",\"datePublished\":\"2026-09-02T11:04:36+00:00\",\"dateModified\":\"2026-09-02T11:04:40+00:00\",\"breadcrumb\":{\"@id\":\"https:\\\/\\\/lasentinelle.dz\\\/index.php\\\/2026\\\/09\\\/02\\\/liran-exige-geste-reciproque-de-washington-teheran-ouvre-la-porte-au-dialogue\\\/#breadcrumb\"},\"inLanguage\":\"fr-FR\",\"potentialAction\":[{\"@type\":\"ReadAction\",\"target\":[\"https:\\\/\\\/lasentinelle.dz\\\/index.php\\\/2026\\\/09\\\/02\\\/liran-exige-geste-reciproque-de-washington-teheran-ouvre-la-porte-au-dialogue\\\/\"]}]},{\"@type\":\"ImageObject\",\"inLanguage\":\"fr-FR\",\"@id\":\"https:\\\/\\\/lasentinelle.dz\\\/index.php\\\/2026\\\/09\\\/02\\\/liran-exige-geste-reciproque-de-washington-teheran-ouvre-la-porte-au-dialogue\\\/#primaryimage\",\"url\":\"https:\\\/\\\/lasentinelle.dz\\\/wp-content\\\/uploads\\\/2026\\\/02\\\/massoud-pezzshkian.jpeg\",\"contentUrl\":\"https:\\\/\\\/lasentinelle.dz\\\/wp-content\\\/uploads\\\/2026\\\/02\\\/massoud-pezzshkian.jpeg\",\"width\":1200,\"height\":630},{\"@type\":\"BreadcrumbList\",\"@id\":\"https:\\\/\\\/lasentinelle.dz\\\/index.php\\\/2026\\\/09\\\/02\\\/liran-exige-geste-reciproque-de-washington-teheran-ouvre-la-porte-au-dialogue\\\/#breadcrumb\",\"itemListElement\":[{\"@type\":\"ListItem\",\"position\":1,\"name\":\"Accueil\",\"item\":\"https:\\\/\\\/lasentinelle.dz\\\/\"},{\"@type\":\"ListItem\",\"position\":2,\"name\":\"L\u2019Iran exige geste r\u00e9ciproque de Washington\u00a0: T\u00e9h\u00e9ran ouvre la porte au dialogue\"}]},{\"@type\":\"WebSite\",\"@id\":\"https:\\\/\\\/lasentinelle.dz\\\/#website\",\"url\":\"https:\\\/\\\/lasentinelle.dz\\\/\",\"name\":\"La Sentinelle\",\"description\":\"Quotidien national d&#039;information\",\"publisher\":{\"@id\":\"https:\\\/\\\/lasentinelle.dz\\\/#organization\"},\"potentialAction\":[{\"@type\":\"SearchAction\",\"target\":{\"@type\":\"EntryPoint\",\"urlTemplate\":\"https:\\\/\\\/lasentinelle.dz\\\/?s={search_term_string}\"},\"query-input\":{\"@type\":\"PropertyValueSpecification\",\"valueRequired\":true,\"valueName\":\"search_term_string\"}}],\"inLanguage\":\"fr-FR\"},{\"@type\":\"Organization\",\"@id\":\"https:\\\/\\\/lasentinelle.dz\\\/#organization\",\"name\":\"Quotidien La Sentinelle\",\"url\":\"https:\\\/\\\/lasentinelle.dz\\\/\",\"logo\":{\"@type\":\"ImageObject\",\"inLanguage\":\"fr-FR\",\"@id\":\"https:\\\/\\\/lasentinelle.dz\\\/#\\\/schema\\\/logo\\\/image\\\/\",\"url\":\"https:\\\/\\\/lasentinelle.dz\\\/wp-content\\\/uploads\\\/2021\\\/09\\\/logo-sentinelleSLOGAN-1.png\",\"contentUrl\":\"https:\\\/\\\/lasentinelle.dz\\\/wp-content\\\/uploads\\\/2021\\\/09\\\/logo-sentinelleSLOGAN-1.png\",\"width\":615,\"height\":142,\"caption\":\"Quotidien La Sentinelle\"},\"image\":{\"@id\":\"https:\\\/\\\/lasentinelle.dz\\\/#\\\/schema\\\/logo\\\/image\\\/\"},\"sameAs\":[\"https:\\\/\\\/www.facebook.com\\\/La-Sentinelle-104059864394773\"]},{\"@type\":\"Person\",\"@id\":\"https:\\\/\\\/lasentinelle.dz\\\/#\\\/schema\\\/person\\\/729ee0024f24e0b8c5ec17232f8e8b41\",\"name\":\"admin\",\"image\":{\"@type\":\"ImageObject\",\"inLanguage\":\"fr-FR\",\"@id\":\"https:\\\/\\\/secure.gravatar.com\\\/avatar\\\/4c81fed838786e9b53f540bf46533e750f5d292099ae3b66cfc6fb1982e29df7?s=96&d=mm&r=g\",\"url\":\"https:\\\/\\\/secure.gravatar.com\\\/avatar\\\/4c81fed838786e9b53f540bf46533e750f5d292099ae3b66cfc6fb1982e29df7?s=96&d=mm&r=g\",\"contentUrl\":\"https:\\\/\\\/secure.gravatar.com\\\/avatar\\\/4c81fed838786e9b53f540bf46533e750f5d292099ae3b66cfc6fb1982e29df7?s=96&d=mm&r=g\",\"caption\":\"admin\"},\"description\":\"admin\",\"url\":\"https:\\\/\\\/lasentinelle.dz\\\/author\\\/admin\\\/\"}]}<\/script>\n<!-- \/ Yoast SEO plugin. -->","yoast_head_json":{"title":"L\u2019Iran exige geste r\u00e9ciproque de Washington\u00a0: T\u00e9h\u00e9ran ouvre la porte au dialogue - La Sentinelle","robots":{"index":"index","follow":"follow","max-snippet":"max-snippet:-1","max-image-preview":"max-image-preview:large","max-video-preview":"max-video-preview:-1"},"canonical":"https:\/\/lasentinelle.dz\/index.php\/2026\/09\/02\/liran-exige-geste-reciproque-de-washington-teheran-ouvre-la-porte-au-dialogue\/","og_locale":"fr_FR","og_type":"article","og_title":"L\u2019Iran exige geste r\u00e9ciproque de Washington\u00a0: T\u00e9h\u00e9ran ouvre la porte au dialogue - La Sentinelle","og_description":"Le pr\u00e9sident iranien Massoud Pezeshkian a affirm\u00e9 ce mardi que la R\u00e9publique islamique reprendrait \u00ab imm\u00e9diatement \u00bb ses engagements pr\u00e9vus","og_url":"https:\/\/lasentinelle.dz\/index.php\/2026\/09\/02\/liran-exige-geste-reciproque-de-washington-teheran-ouvre-la-porte-au-dialogue\/","og_site_name":"La Sentinelle","article_publisher":"https:\/\/www.facebook.com\/La-Sentinelle-104059864394773","article_published_time":"2026-09-02T11:04:36+00:00","article_modified_time":"2026-09-02T11:04:40+00:00","og_image":[{"width":1200,"height":630,"url":"https:\/\/lasentinelle.dz\/wp-content\/uploads\/2026\/02\/massoud-pezzshkian.jpeg","type":"image\/jpeg"}],"author":"admin","twitter_card":"summary_large_image","twitter_misc":{"\u00c9crit par":"admin","Dur\u00e9e de lecture estim\u00e9e":"4 minutes"},"schema":{"@context":"https:\/\/schema.org","@graph":[{"@type":"Article","@id":"https:\/\/lasentinelle.dz\/index.php\/2026\/09\/02\/liran-exige-geste-reciproque-de-washington-teheran-ouvre-la-porte-au-dialogue\/#article","isPartOf":{"@id":"https:\/\/lasentinelle.dz\/index.php\/2026\/09\/02\/liran-exige-geste-reciproque-de-washington-teheran-ouvre-la-porte-au-dialogue\/"},"author":{"name":"admin","@id":"https:\/\/lasentinelle.dz\/#\/schema\/person\/729ee0024f24e0b8c5ec17232f8e8b41"},"headline":"L\u2019Iran exige geste r\u00e9ciproque de Washington\u00a0: T\u00e9h\u00e9ran ouvre la porte au dialogue","datePublished":"2026-09-02T11:04:36+00:00","dateModified":"2026-09-02T11:04:40+00:00","mainEntityOfPage":{"@id":"https:\/\/lasentinelle.dz\/index.php\/2026\/09\/02\/liran-exige-geste-reciproque-de-washington-teheran-ouvre-la-porte-au-dialogue\/"},"wordCount":767,"commentCount":0,"publisher":{"@id":"https:\/\/lasentinelle.dz\/#organization"},"image":{"@id":"https:\/\/lasentinelle.dz\/index.php\/2026\/09\/02\/liran-exige-geste-reciproque-de-washington-teheran-ouvre-la-porte-au-dialogue\/#primaryimage"},"thumbnailUrl":"https:\/\/lasentinelle.dz\/wp-content\/uploads\/2026\/02\/massoud-pezzshkian.jpeg","articleSection":["Monde"],"inLanguage":"fr-FR","potentialAction":[{"@type":"CommentAction","name":"Comment","target":["https:\/\/lasentinelle.dz\/index.php\/2026\/09\/02\/liran-exige-geste-reciproque-de-washington-teheran-ouvre-la-porte-au-dialogue\/#respond"]}]},{"@type":"WebPage","@id":"https:\/\/lasentinelle.dz\/index.php\/2026\/09\/02\/liran-exige-geste-reciproque-de-washington-teheran-ouvre-la-porte-au-dialogue\/","url":"https:\/\/lasentinelle.dz\/index.php\/2026\/09\/02\/liran-exige-geste-reciproque-de-washington-teheran-ouvre-la-porte-au-dialogue\/","name":"L\u2019Iran exige geste r\u00e9ciproque de Washington\u00a0: T\u00e9h\u00e9ran ouvre la porte au dialogue - La Sentinelle","isPartOf":{"@id":"https:\/\/lasentinelle.dz\/#website"},"primaryImageOfPage":{"@id":"https:\/\/lasentinelle.dz\/index.php\/2026\/09\/02\/liran-exige-geste-reciproque-de-washington-teheran-ouvre-la-porte-au-dialogue\/#primaryimage"},"image":{"@id":"https:\/\/lasentinelle.dz\/index.php\/2026\/09\/02\/liran-exige-geste-reciproque-de-washington-teheran-ouvre-la-porte-au-dialogue\/#primaryimage"},"thumbnailUrl":"https:\/\/lasentinelle.dz\/wp-content\/uploads\/2026\/02\/massoud-pezzshkian.jpeg","datePublished":"2026-09-02T11:04:36+00:00","dateModified":"2026-09-02T11:04:40+00:00","breadcrumb":{"@id":"https:\/\/lasentinelle.dz\/index.php\/2026\/09\/02\/liran-exige-geste-reciproque-de-washington-teheran-ouvre-la-porte-au-dialogue\/#breadcrumb"},"inLanguage":"fr-FR","potentialAction":[{"@type":"ReadAction","target":["https:\/\/lasentinelle.dz\/index.php\/2026\/09\/02\/liran-exige-geste-reciproque-de-washington-teheran-ouvre-la-porte-au-dialogue\/"]}]},{"@type":"ImageObject","inLanguage":"fr-FR","@id":"https:\/\/lasentinelle.dz\/index.php\/2026\/09\/02\/liran-exige-geste-reciproque-de-washington-teheran-ouvre-la-porte-au-dialogue\/#primaryimage","url":"https:\/\/lasentinelle.dz\/wp-content\/uploads\/2026\/02\/massoud-pezzshkian.jpeg","contentUrl":"https:\/\/lasentinelle.dz\/wp-content\/uploads\/2026\/02\/massoud-pezzshkian.jpeg","width":1200,"height":630},{"@type":"BreadcrumbList","@id":"https:\/\/lasentinelle.dz\/index.php\/2026\/09\/02\/liran-exige-geste-reciproque-de-washington-teheran-ouvre-la-porte-au-dialogue\/#breadcrumb","itemListElement":[{"@type":"ListItem","position":1,"name":"Accueil","item":"https:\/\/lasentinelle.dz\/"},{"@type":"ListItem","position":2,"name":"L\u2019Iran exige geste r\u00e9ciproque de Washington\u00a0: T\u00e9h\u00e9ran ouvre la porte au dialogue"}]},{"@type":"WebSite","@id":"https:\/\/lasentinelle.dz\/#website","url":"https:\/\/lasentinelle.dz\/","name":"La Sentinelle","description":"Quotidien national d&#039;information","publisher":{"@id":"https:\/\/lasentinelle.dz\/#organization"},"potentialAction":[{"@type":"SearchAction","target":{"@type":"EntryPoint","urlTemplate":"https:\/\/lasentinelle.dz\/?s={search_term_string}"},"query-input":{"@type":"PropertyValueSpecification","valueRequired":true,"valueName":"search_term_string"}}],"inLanguage":"fr-FR"},{"@type":"Organization","@id":"https:\/\/lasentinelle.dz\/#organization","name":"Quotidien La Sentinelle","url":"https:\/\/lasentinelle.dz\/","logo":{"@type":"ImageObject","inLanguage":"fr-FR","@id":"https:\/\/lasentinelle.dz\/#\/schema\/logo\/image\/","url":"https:\/\/lasentinelle.dz\/wp-content\/uploads\/2021\/09\/logo-sentinelleSLOGAN-1.png","contentUrl":"https:\/\/lasentinelle.dz\/wp-content\/uploads\/2021\/09\/logo-sentinelleSLOGAN-1.png","width":615,"height":142,"caption":"Quotidien La Sentinelle"},"image":{"@id":"https:\/\/lasentinelle.dz\/#\/schema\/logo\/image\/"},"sameAs":["https:\/\/www.facebook.com\/La-Sentinelle-104059864394773"]},{"@type":"Person","@id":"https:\/\/lasentinelle.dz\/#\/schema\/person\/729ee0024f24e0b8c5ec17232f8e8b41","name":"admin","image":{"@type":"ImageObject","inLanguage":"fr-FR","@id":"https:\/\/secure.gravatar.com\/avatar\/4c81fed838786e9b53f540bf46533e750f5d292099ae3b66cfc6fb1982e29df7?s=96&d=mm&r=g","url":"https:\/\/secure.gravatar.com\/avatar\/4c81fed838786e9b53f540bf46533e750f5d292099ae3b66cfc6fb1982e29df7?s=96&d=mm&r=g","contentUrl":"https:\/\/secure.gravatar.com\/avatar\/4c81fed838786e9b53f540bf46533e750f5d292099ae3b66cfc6fb1982e29df7?s=96&d=mm&r=g","caption":"admin"},"description":"admin","url":"https:\/\/lasentinelle.dz\/author\/admin\/"}]}},"_links":{"self":[{"href":"https:\/\/lasentinelle.dz\/index.php\/wp-json\/wp\/v2\/posts\/94812","targetHints":{"allow":["GET"]}}],"collection":[{"href":"https:\/\/lasentinelle.dz\/index.php\/wp-json\/wp\/v2\/posts"}],"about":[{"href":"https:\/\/lasentinelle.dz\/index.php\/wp-json\/wp\/v2\/types\/post"}],"author":[{"embeddable":true,"href":"https:\/\/lasentinelle.dz\/index.php\/wp-json\/wp\/v2\/users\/6"}],"replies":[{"embeddable":true,"href":"https:\/\/lasentinelle.dz\/index.php\/wp-json\/wp\/v2\/comments?post=94812"}],"version-history":[{"count":1,"href":"https:\/\/lasentinelle.dz\/index.php\/wp-json\/wp\/v2\/posts\/94812\/revisions"}],"predecessor-version":[{"id":94813,"href":"https:\/\/lasentinelle.dz\/index.php\/wp-json\/wp\/v2\/posts\/94812\/revisions\/94813"}],"wp:featuredmedia":[{"embeddable":true,"href":"https:\/\/lasentinelle.dz\/index.php\/wp-json\/wp\/v2\/media\/80933"}],"wp:attachment":[{"href":"https:\/\/lasentinelle.dz\/index.php\/wp-json\/wp\/v2\/media?parent=94812"}],"wp:term":[{"taxonomy":"category","embeddable":true,"href":"https:\/\/lasentinelle.dz\/index.php\/wp-json\/wp\/v2\/categories?post=94812"},{"taxonomy":"post_tag","embeddable":true,"href":"https:\/\/lasentinelle.dz\/index.php\/wp-json\/wp\/v2\/tags?post=94812"}],"curies":[{"name":"wp","href":"https:\/\/api.w.org\/{rel}","templated":true}]}}