{"id":94818,"date":"2026-09-02T12:08:22","date_gmt":"2026-09-02T11:08:22","guid":{"rendered":"https:\/\/lasentinelle.dz\/?p=94818"},"modified":"2026-09-02T12:08:25","modified_gmt":"2026-09-02T11:08:25","slug":"rentree-scolaire-et-risques-dinondations-deux-priorites-pour-une-rentree-sociale-sans-imprevus","status":"publish","type":"post","link":"https:\/\/lasentinelle.dz\/index.php\/2026\/09\/02\/rentree-scolaire-et-risques-dinondations-deux-priorites-pour-une-rentree-sociale-sans-imprevus\/","title":{"rendered":"Rentr\u00e9e scolaire et risques d&rsquo;inondations\u00a0: Deux priorit\u00e9s pour une rentr\u00e9e sociale sans impr\u00e9vus"},"content":{"rendered":"\n<p class=\"wp-block-paragraph\">\u00c0 Oum El Bouaghi, la rentr\u00e9e sociale se pr\u00e9pare d\u00e9j\u00e0 sur plusieurs fronts. Les autorit\u00e9s locales entendent notamment assurer un d\u00e9marrage dans de bonnes conditions de l&rsquo;ann\u00e9e universitaire 2026-2027, tout en anticipant les \u00e9ventuels \u00e9pisodes pluvieux susceptibles d&rsquo;affecter certaines zones de la wilaya. Deux pr\u00e9occupations qui traduisent, au niveau local, une m\u00eame volont\u00e9 : agir en amont plut\u00f4t que d&rsquo;attendre l&rsquo;apparition des difficult\u00e9s. Le volet universitaire a constitu\u00e9 l&rsquo;un des principaux dossiers examin\u00e9s. L&rsquo;Universit\u00e9 Larbi Ben M&rsquo;hidi s&rsquo;appr\u00eate \u00e0 accueillir quelque 4 800 nouveaux bacheliers, r\u00e9partis entre les diff\u00e9rentes facult\u00e9s et structures de formation. Parmi ces nouveaux \u00e9tudiants figurent notamment 92 inscrits en m\u00e9decine, 252 en sciences et techniques des activit\u00e9s physiques et sportives (STAPS) et 484 au niveau de l&rsquo;Institut technologique d&rsquo;A\u00efn M&rsquo;lila. Le p\u00f4le technologique d&rsquo;A\u00efn Be\u00efda devrait, pour sa part, accueillir 300 nouveaux \u00e9tudiants. L&rsquo;\u00c9cole normale sup\u00e9rieure n&rsquo;est pas en reste, avec 237 futurs enseignants attendus, dont 34 dans la nouvelle fili\u00e8re de langue russe ouverte \u00e0 l&rsquo;occasion de cette rentr\u00e9e. Ces chiffres donnent une id\u00e9e de l&rsquo;ampleur de l&rsquo;effort de pr\u00e9paration n\u00e9cessaire, aussi bien sur le plan p\u00e9dagogique qu&rsquo;en mati\u00e8re d&rsquo;accueil, d&rsquo;h\u00e9bergement, de restauration, de transport et de conditions de vie des \u00e9tudiants au sein des campus universitaires. La pr\u00e9paration ne rel\u00e8ve d&rsquo;ailleurs pas uniquement de l&rsquo;administration universitaire. Elle n\u00e9cessite une coordination avec les diff\u00e9rents services de la wilaya afin d&rsquo;assurer la disponibilit\u00e9 des infrastructures et des prestations indispensables \u00e0 l&rsquo;accueil des nouveaux \u00e9tudiants. Les structures universitaires ont d\u00e9j\u00e0 engag\u00e9 plusieurs op\u00e9rations pr\u00e9paratoires en pr\u00e9vision de cette \u00e9ch\u00e9ance, alors que les inscriptions et diff\u00e9rentes d\u00e9marches li\u00e9es \u00e0 l&rsquo;ann\u00e9e 2026-2027 se poursuivent. En parall\u00e8le, l&rsquo;ex\u00e9cutif a plac\u00e9 la pr\u00e9vention des risques li\u00e9s aux intemp\u00e9ries parmi ses priorit\u00e9s. Le choix d&rsquo;agir avant l&rsquo;arriv\u00e9e des premi\u00e8res fortes pluies automnales r\u00e9pond \u00e0 une logique de pr\u00e9vention destin\u00e9e \u00e0 r\u00e9duire les risques de ruissellement, de crues et d&rsquo;inondations. Les services concern\u00e9s ont ainsi \u00e9t\u00e9 instruits d&rsquo;acc\u00e9l\u00e9rer le curage des avaloirs, le d\u00e9bouchage des canaux d&rsquo;\u00e9vacuation des eaux pluviales et l&rsquo;entretien des r\u00e9seaux d&rsquo;assainissement. Le chef de l&rsquo;ex\u00e9cutif a \u00e9galement insist\u00e9 sur la mobilisation des moyens humains et mat\u00e9riels des communes et sur la n\u00e9cessit\u00e9 d&rsquo;un suivi rigoureux des op\u00e9rations engag\u00e9es. L&rsquo;objectif est d&rsquo;identifier et de traiter suffisamment t\u00f4t les points susceptibles de provoquer des accumulations d&rsquo;eau ou de perturber la circulation lors des \u00e9pisodes pluvieux. Cette d\u00e9marche pr\u00e9ventive rev\u00eat une importance particuli\u00e8re dans une wilaya des Hauts-Plateaux r\u00e9guli\u00e8rement expos\u00e9e \u00e0 des conditions m\u00e9t\u00e9orologiques parfois difficiles. Des \u00e9pisodes pr\u00e9c\u00e9dents ont d\u00e9j\u00e0 n\u00e9cessit\u00e9 la mobilisation des services concern\u00e9s, notamment sur le r\u00e9seau routier, o\u00f9 des chutes de neige et des intemp\u00e9ries avaient affect\u00e9 certains axes de la wilaya.<\/p>\n\n\n\n<p class=\"wp-block-paragraph\">Z.M.<\/p>\n","protected":false},"excerpt":{"rendered":"<p>\u00c0 Oum El Bouaghi, la rentr\u00e9e sociale se pr\u00e9pare d\u00e9j\u00e0 sur plusieurs fronts. Les autorit\u00e9s locales entendent notamment assurer un<\/p>\n","protected":false},"author":6,"featured_media":93249,"comment_status":"open","ping_status":"closed","sticky":false,"template":"","format":"standard","meta":{"colormag_page_container_layout":"default_layout","colormag_page_sidebar_layout":"default_layout","om_disable_all_campaigns":false,"_monsterinsights_skip_tracking":false,"footnotes":"","_wpscppro_dont_share_socialmedia":false,"_wpscppro_custom_social_share_image":0,"_facebook_share_type":"default","_twitter_share_type":"default","_linkedin_share_type":"default","_pinterest_share_type":"default","_linkedin_share_type_page":"","_instagram_share_type":"default","_medium_share_type":"default","_threads_share_type":"default","_google_business_share_type":"default","_bluesky_share_type":"default","_mastodon_share_type":"default","_selected_social_profile":[],"_wpsp_enable_custom_social_template":false,"_wpsp_social_scheduling":{"enabled":false,"datetime":null,"platforms":[],"status":"template_only","dateOption":"today","timeOption":"now","customDays":"","customHours":"","customDate":"","customTime":"","schedulingType":"absolute"},"_wpsp_active_default_template":true},"categories":[31],"tags":[],"class_list":["post-94818","post","type-post","status-publish","format-standard","has-post-thumbnail","hentry","category-regions"],"aioseo_notices":[],"aioseo_head":"\n\t\t<!-- All in One SEO 5.0.0.1 - aioseo.com -->\n\t<meta name=\"description\" content=\"\u00c0 Oum El Bouaghi, la rentr\u00e9e sociale se pr\u00e9pare d\u00e9j\u00e0 sur plusieurs fronts. Les autorit\u00e9s locales entendent notamment assurer un d\u00e9marrage dans de bonnes conditions de l&#039;ann\u00e9e universitaire 2026-2027, tout en anticipant les \u00e9ventuels \u00e9pisodes pluvieux susceptibles d&#039;affecter certaines zones de la wilaya. Deux pr\u00e9occupations qui traduisent, au niveau local, une m\u00eame volont\u00e9 : agir\" \/>\n\t<meta name=\"robots\" content=\"max-image-preview:large\" \/>\n\t<meta name=\"author\" content=\"admin\"\/>\n\t<link rel=\"canonical\" href=\"https:\/\/lasentinelle.dz\/index.php\/2026\/09\/02\/rentree-scolaire-et-risques-dinondations-deux-priorites-pour-une-rentree-sociale-sans-imprevus\/\" \/>\n\t<meta name=\"generator\" content=\"All in One SEO (AIOSEO) 5.0.0.1\" \/>\n\t\t<meta property=\"og:locale\" content=\"fr_FR\" \/>\n\t\t<meta property=\"og:site_name\" content=\"La Sentinelle - Quotidien national d&#039;information\" \/>\n\t\t<meta property=\"og:type\" content=\"article\" \/>\n\t\t<meta property=\"og:title\" content=\"Rentr\u00e9e scolaire et risques d\u2019inondations : Deux priorit\u00e9s pour une rentr\u00e9e sociale sans impr\u00e9vus - La Sentinelle\" \/>\n\t\t<meta property=\"og:description\" content=\"\u00c0 Oum El Bouaghi, la rentr\u00e9e sociale se pr\u00e9pare d\u00e9j\u00e0 sur plusieurs fronts. Les autorit\u00e9s locales entendent notamment assurer un d\u00e9marrage dans de bonnes conditions de l&#039;ann\u00e9e universitaire 2026-2027, tout en anticipant les \u00e9ventuels \u00e9pisodes pluvieux susceptibles d&#039;affecter certaines zones de la wilaya. Deux pr\u00e9occupations qui traduisent, au niveau local, une m\u00eame volont\u00e9 : agir\" \/>\n\t\t<meta property=\"og:url\" content=\"https:\/\/lasentinelle.dz\/index.php\/2026\/09\/02\/rentree-scolaire-et-risques-dinondations-deux-priorites-pour-une-rentree-sociale-sans-imprevus\/\" \/>\n\t\t<meta property=\"og:image\" content=\"https:\/\/lasentinelle.dz\/wp-content\/uploads\/2021\/09\/cropped-la-sentinelle-earth-golden-anima-5.gif\" \/>\n\t\t<meta property=\"og:image:secure_url\" content=\"https:\/\/lasentinelle.dz\/wp-content\/uploads\/2021\/09\/cropped-la-sentinelle-earth-golden-anima-5.gif\" \/>\n\t\t<meta property=\"og:image:width\" content=\"450\" \/>\n\t\t<meta property=\"og:image:height\" content=\"213\" \/>\n\t\t<meta property=\"article:published_time\" content=\"2026-09-02T11:08:22+00:00\" \/>\n\t\t<meta property=\"article:modified_time\" content=\"2026-09-02T11:08:25+00:00\" \/>\n\t\t<meta property=\"article:publisher\" content=\"https:\/\/www.facebook.com\/azzedine.lasentinelle.1\" \/>\n\t\t<meta name=\"twitter:card\" content=\"summary_large_image\" \/>\n\t\t<meta name=\"twitter:title\" content=\"Rentr\u00e9e scolaire et risques d\u2019inondations : Deux priorit\u00e9s pour une rentr\u00e9e sociale sans impr\u00e9vus - La Sentinelle\" \/>\n\t\t<meta name=\"twitter:description\" content=\"\u00c0 Oum El Bouaghi, la rentr\u00e9e sociale se pr\u00e9pare d\u00e9j\u00e0 sur plusieurs fronts. Les autorit\u00e9s locales entendent notamment assurer un d\u00e9marrage dans de bonnes conditions de l&#039;ann\u00e9e universitaire 2026-2027, tout en anticipant les \u00e9ventuels \u00e9pisodes pluvieux susceptibles d&#039;affecter certaines zones de la wilaya. Deux pr\u00e9occupations qui traduisent, au niveau local, une m\u00eame volont\u00e9 : agir\" \/>\n\t\t<meta name=\"twitter:image\" content=\"https:\/\/lasentinelle.dz\/wp-content\/uploads\/2021\/09\/cropped-la-sentinelle-earth-golden-anima-5.gif\" \/>\n\t\t<script type=\"application\/ld+json\" class=\"aioseo-schema\">\n\t\t\t{\"@context\":\"https:\\\/\\\/schema.org\",\"@graph\":[{\"@type\":\"BlogPosting\",\"@id\":\"https:\\\/\\\/lasentinelle.dz\\\/index.php\\\/2026\\\/09\\\/02\\\/rentree-scolaire-et-risques-dinondations-deux-priorites-pour-une-rentree-sociale-sans-imprevus\\\/#blogposting\",\"name\":\"Rentr\\u00e9e scolaire et risques d\\u2019inondations : Deux priorit\\u00e9s pour une rentr\\u00e9e sociale sans impr\\u00e9vus - La Sentinelle\",\"headline\":\"Rentr\\u00e9e scolaire et risques d&rsquo;inondations\\u00a0: Deux priorit\\u00e9s pour une rentr\\u00e9e sociale sans impr\\u00e9vus\",\"author\":{\"@id\":\"https:\\\/\\\/lasentinelle.dz\\\/author\\\/admin\\\/#author\"},\"publisher\":{\"@id\":\"https:\\\/\\\/lasentinelle.dz\\\/#organization\"},\"image\":{\"@type\":\"ImageObject\",\"url\":\"https:\\\/\\\/lasentinelle.dz\\\/wp-content\\\/uploads\\\/2026\\\/08\\\/ecole.jpg\",\"width\":1020,\"height\":765},\"datePublished\":\"2026-09-02T12:08:22+01:00\",\"dateModified\":\"2026-09-02T12:08:25+01:00\",\"inLanguage\":\"fr-FR\",\"mainEntityOfPage\":{\"@id\":\"https:\\\/\\\/lasentinelle.dz\\\/index.php\\\/2026\\\/09\\\/02\\\/rentree-scolaire-et-risques-dinondations-deux-priorites-pour-une-rentree-sociale-sans-imprevus\\\/#webpage\"},\"isPartOf\":{\"@id\":\"https:\\\/\\\/lasentinelle.dz\\\/index.php\\\/2026\\\/09\\\/02\\\/rentree-scolaire-et-risques-dinondations-deux-priorites-pour-une-rentree-sociale-sans-imprevus\\\/#webpage\"},\"articleSection\":\"R\\u00e9gions\"},{\"@type\":\"BreadcrumbList\",\"@id\":\"https:\\\/\\\/lasentinelle.dz\\\/index.php\\\/2026\\\/09\\\/02\\\/rentree-scolaire-et-risques-dinondations-deux-priorites-pour-une-rentree-sociale-sans-imprevus\\\/#breadcrumblist\",\"itemListElement\":[{\"@type\":\"ListItem\",\"@id\":\"https:\\\/\\\/lasentinelle.dz#listItem\",\"position\":1,\"name\":\"Home\",\"item\":\"https:\\\/\\\/lasentinelle.dz\",\"nextItem\":{\"@type\":\"ListItem\",\"@id\":\"https:\\\/\\\/lasentinelle.dz\\\/index.php\\\/category\\\/regions\\\/#listItem\",\"name\":\"R\\u00e9gions\"}},{\"@type\":\"ListItem\",\"@id\":\"https:\\\/\\\/lasentinelle.dz\\\/index.php\\\/category\\\/regions\\\/#listItem\",\"position\":2,\"name\":\"R\\u00e9gions\",\"item\":\"https:\\\/\\\/lasentinelle.dz\\\/index.php\\\/category\\\/regions\\\/\",\"nextItem\":{\"@type\":\"ListItem\",\"@id\":\"https:\\\/\\\/lasentinelle.dz\\\/index.php\\\/2026\\\/09\\\/02\\\/rentree-scolaire-et-risques-dinondations-deux-priorites-pour-une-rentree-sociale-sans-imprevus\\\/#listItem\",\"name\":\"Rentr\\u00e9e scolaire et risques d&rsquo;inondations\\u00a0: Deux priorit\\u00e9s pour une rentr\\u00e9e sociale sans impr\\u00e9vus\"},\"previousItem\":{\"@type\":\"ListItem\",\"@id\":\"https:\\\/\\\/lasentinelle.dz#listItem\",\"name\":\"Home\"}},{\"@type\":\"ListItem\",\"@id\":\"https:\\\/\\\/lasentinelle.dz\\\/index.php\\\/2026\\\/09\\\/02\\\/rentree-scolaire-et-risques-dinondations-deux-priorites-pour-une-rentree-sociale-sans-imprevus\\\/#listItem\",\"position\":3,\"name\":\"Rentr\\u00e9e scolaire et risques d&rsquo;inondations\\u00a0: Deux priorit\\u00e9s pour une rentr\\u00e9e sociale sans impr\\u00e9vus\",\"previousItem\":{\"@type\":\"ListItem\",\"@id\":\"https:\\\/\\\/lasentinelle.dz\\\/index.php\\\/category\\\/regions\\\/#listItem\",\"name\":\"R\\u00e9gions\"}}]},{\"@type\":\"Organization\",\"@id\":\"https:\\\/\\\/lasentinelle.dz\\\/#organization\",\"name\":\"La Sentinelle La Sentinelle\",\"description\":\"Quotidien national d'information\",\"url\":\"https:\\\/\\\/lasentinelle.dz\\\/\",\"logo\":{\"@type\":\"ImageObject\",\"url\":\"https:\\\/\\\/lasentinelle.dz\\\/wp-content\\\/uploads\\\/2021\\\/09\\\/cropped-la-sentinelle-earth-golden-anima-5.gif\",\"@id\":\"https:\\\/\\\/lasentinelle.dz\\\/index.php\\\/2026\\\/09\\\/02\\\/rentree-scolaire-et-risques-dinondations-deux-priorites-pour-une-rentree-sociale-sans-imprevus\\\/#organizationLogo\",\"width\":450,\"height\":213},\"image\":{\"@id\":\"https:\\\/\\\/lasentinelle.dz\\\/index.php\\\/2026\\\/09\\\/02\\\/rentree-scolaire-et-risques-dinondations-deux-priorites-pour-une-rentree-sociale-sans-imprevus\\\/#organizationLogo\"},\"sameAs\":[\"https:\\\/\\\/www.facebook.com\\\/azzedine.lasentinelle.1\"]},{\"@type\":\"Person\",\"@id\":\"https:\\\/\\\/lasentinelle.dz\\\/author\\\/admin\\\/#author\",\"url\":\"https:\\\/\\\/lasentinelle.dz\\\/author\\\/admin\\\/\",\"name\":\"admin\",\"image\":{\"@type\":\"ImageObject\",\"@id\":\"https:\\\/\\\/lasentinelle.dz\\\/index.php\\\/2026\\\/09\\\/02\\\/rentree-scolaire-et-risques-dinondations-deux-priorites-pour-une-rentree-sociale-sans-imprevus\\\/#authorImage\",\"url\":\"https:\\\/\\\/secure.gravatar.com\\\/avatar\\\/4c81fed838786e9b53f540bf46533e750f5d292099ae3b66cfc6fb1982e29df7?s=96&d=mm&r=g\",\"width\":96,\"height\":96,\"caption\":\"admin\"}},{\"@type\":\"WebPage\",\"@id\":\"https:\\\/\\\/lasentinelle.dz\\\/index.php\\\/2026\\\/09\\\/02\\\/rentree-scolaire-et-risques-dinondations-deux-priorites-pour-une-rentree-sociale-sans-imprevus\\\/#webpage\",\"url\":\"https:\\\/\\\/lasentinelle.dz\\\/index.php\\\/2026\\\/09\\\/02\\\/rentree-scolaire-et-risques-dinondations-deux-priorites-pour-une-rentree-sociale-sans-imprevus\\\/\",\"name\":\"Rentr\\u00e9e scolaire et risques d\\u2019inondations : Deux priorit\\u00e9s pour une rentr\\u00e9e sociale sans impr\\u00e9vus - La Sentinelle\",\"description\":\"\\u00c0 Oum El Bouaghi, la rentr\\u00e9e sociale se pr\\u00e9pare d\\u00e9j\\u00e0 sur plusieurs fronts. Les autorit\\u00e9s locales entendent notamment assurer un d\\u00e9marrage dans de bonnes conditions de l'ann\\u00e9e universitaire 2026-2027, tout en anticipant les \\u00e9ventuels \\u00e9pisodes pluvieux susceptibles d'affecter certaines zones de la wilaya. Deux pr\\u00e9occupations qui traduisent, au niveau local, une m\\u00eame volont\\u00e9 : agir\",\"inLanguage\":\"fr-FR\",\"isPartOf\":{\"@id\":\"https:\\\/\\\/lasentinelle.dz\\\/#website\"},\"breadcrumb\":{\"@id\":\"https:\\\/\\\/lasentinelle.dz\\\/index.php\\\/2026\\\/09\\\/02\\\/rentree-scolaire-et-risques-dinondations-deux-priorites-pour-une-rentree-sociale-sans-imprevus\\\/#breadcrumblist\"},\"author\":{\"@id\":\"https:\\\/\\\/lasentinelle.dz\\\/author\\\/admin\\\/#author\"},\"creator\":{\"@id\":\"https:\\\/\\\/lasentinelle.dz\\\/author\\\/admin\\\/#author\"},\"image\":{\"@type\":\"ImageObject\",\"url\":\"https:\\\/\\\/lasentinelle.dz\\\/wp-content\\\/uploads\\\/2026\\\/08\\\/ecole.jpg\",\"@id\":\"https:\\\/\\\/lasentinelle.dz\\\/index.php\\\/2026\\\/09\\\/02\\\/rentree-scolaire-et-risques-dinondations-deux-priorites-pour-une-rentree-sociale-sans-imprevus\\\/#mainImage\",\"width\":1020,\"height\":765},\"primaryImageOfPage\":{\"@id\":\"https:\\\/\\\/lasentinelle.dz\\\/index.php\\\/2026\\\/09\\\/02\\\/rentree-scolaire-et-risques-dinondations-deux-priorites-pour-une-rentree-sociale-sans-imprevus\\\/#mainImage\"},\"datePublished\":\"2026-09-02T12:08:22+01:00\",\"dateModified\":\"2026-09-02T12:08:25+01:00\"},{\"@type\":\"WebSite\",\"@id\":\"https:\\\/\\\/lasentinelle.dz\\\/#website\",\"url\":\"https:\\\/\\\/lasentinelle.dz\\\/\",\"name\":\"La Sentinelle\",\"description\":\"Quotidien national d'information\",\"inLanguage\":\"fr-FR\",\"publisher\":{\"@id\":\"https:\\\/\\\/lasentinelle.dz\\\/#organization\"}}]}\n\t\t<\/script>\n\t\t<!-- All in One SEO -->\n\n","aioseo_head_json":{"title":"Rentr\u00e9e scolaire et risques d\u2019inondations : Deux priorit\u00e9s pour une rentr\u00e9e sociale sans impr\u00e9vus - La Sentinelle","description":"\u00c0 Oum El Bouaghi, la rentr\u00e9e sociale se pr\u00e9pare d\u00e9j\u00e0 sur plusieurs fronts. Les autorit\u00e9s locales entendent notamment assurer un d\u00e9marrage dans de bonnes conditions de l'ann\u00e9e universitaire 2026-2027, tout en anticipant les \u00e9ventuels \u00e9pisodes pluvieux susceptibles d'affecter certaines zones de la wilaya. Deux pr\u00e9occupations qui traduisent, au niveau local, une m\u00eame volont\u00e9 : agir","canonical_url":"https:\/\/lasentinelle.dz\/index.php\/2026\/09\/02\/rentree-scolaire-et-risques-dinondations-deux-priorites-pour-une-rentree-sociale-sans-imprevus\/","robots":"max-image-preview:large","keywords":"","webmasterTools":{"miscellaneous":""},"schema":{"@context":"https:\/\/schema.org","@graph":[{"@type":"BlogPosting","@id":"https:\/\/lasentinelle.dz\/index.php\/2026\/09\/02\/rentree-scolaire-et-risques-dinondations-deux-priorites-pour-une-rentree-sociale-sans-imprevus\/#blogposting","name":"Rentr\u00e9e scolaire et risques d\u2019inondations : Deux priorit\u00e9s pour une rentr\u00e9e sociale sans impr\u00e9vus - La Sentinelle","headline":"Rentr\u00e9e scolaire et risques d&rsquo;inondations\u00a0: Deux priorit\u00e9s pour une rentr\u00e9e sociale sans impr\u00e9vus","author":{"@id":"https:\/\/lasentinelle.dz\/author\/admin\/#author"},"publisher":{"@id":"https:\/\/lasentinelle.dz\/#organization"},"image":{"@type":"ImageObject","url":"https:\/\/lasentinelle.dz\/wp-content\/uploads\/2026\/08\/ecole.jpg","width":1020,"height":765},"datePublished":"2026-09-02T12:08:22+01:00","dateModified":"2026-09-02T12:08:25+01:00","inLanguage":"fr-FR","mainEntityOfPage":{"@id":"https:\/\/lasentinelle.dz\/index.php\/2026\/09\/02\/rentree-scolaire-et-risques-dinondations-deux-priorites-pour-une-rentree-sociale-sans-imprevus\/#webpage"},"isPartOf":{"@id":"https:\/\/lasentinelle.dz\/index.php\/2026\/09\/02\/rentree-scolaire-et-risques-dinondations-deux-priorites-pour-une-rentree-sociale-sans-imprevus\/#webpage"},"articleSection":"R\u00e9gions"},{"@type":"BreadcrumbList","@id":"https:\/\/lasentinelle.dz\/index.php\/2026\/09\/02\/rentree-scolaire-et-risques-dinondations-deux-priorites-pour-une-rentree-sociale-sans-imprevus\/#breadcrumblist","itemListElement":[{"@type":"ListItem","@id":"https:\/\/lasentinelle.dz#listItem","position":1,"name":"Home","item":"https:\/\/lasentinelle.dz","nextItem":{"@type":"ListItem","@id":"https:\/\/lasentinelle.dz\/index.php\/category\/regions\/#listItem","name":"R\u00e9gions"}},{"@type":"ListItem","@id":"https:\/\/lasentinelle.dz\/index.php\/category\/regions\/#listItem","position":2,"name":"R\u00e9gions","item":"https:\/\/lasentinelle.dz\/index.php\/category\/regions\/","nextItem":{"@type":"ListItem","@id":"https:\/\/lasentinelle.dz\/index.php\/2026\/09\/02\/rentree-scolaire-et-risques-dinondations-deux-priorites-pour-une-rentree-sociale-sans-imprevus\/#listItem","name":"Rentr\u00e9e scolaire et risques d&rsquo;inondations\u00a0: Deux priorit\u00e9s pour une rentr\u00e9e sociale sans impr\u00e9vus"},"previousItem":{"@type":"ListItem","@id":"https:\/\/lasentinelle.dz#listItem","name":"Home"}},{"@type":"ListItem","@id":"https:\/\/lasentinelle.dz\/index.php\/2026\/09\/02\/rentree-scolaire-et-risques-dinondations-deux-priorites-pour-une-rentree-sociale-sans-imprevus\/#listItem","position":3,"name":"Rentr\u00e9e scolaire et risques d&rsquo;inondations\u00a0: Deux priorit\u00e9s pour une rentr\u00e9e sociale sans impr\u00e9vus","previousItem":{"@type":"ListItem","@id":"https:\/\/lasentinelle.dz\/index.php\/category\/regions\/#listItem","name":"R\u00e9gions"}}]},{"@type":"Organization","@id":"https:\/\/lasentinelle.dz\/#organization","name":"La Sentinelle La Sentinelle","description":"Quotidien national d'information","url":"https:\/\/lasentinelle.dz\/","logo":{"@type":"ImageObject","url":"https:\/\/lasentinelle.dz\/wp-content\/uploads\/2021\/09\/cropped-la-sentinelle-earth-golden-anima-5.gif","@id":"https:\/\/lasentinelle.dz\/index.php\/2026\/09\/02\/rentree-scolaire-et-risques-dinondations-deux-priorites-pour-une-rentree-sociale-sans-imprevus\/#organizationLogo","width":450,"height":213},"image":{"@id":"https:\/\/lasentinelle.dz\/index.php\/2026\/09\/02\/rentree-scolaire-et-risques-dinondations-deux-priorites-pour-une-rentree-sociale-sans-imprevus\/#organizationLogo"},"sameAs":["https:\/\/www.facebook.com\/azzedine.lasentinelle.1"]},{"@type":"Person","@id":"https:\/\/lasentinelle.dz\/author\/admin\/#author","url":"https:\/\/lasentinelle.dz\/author\/admin\/","name":"admin","image":{"@type":"ImageObject","@id":"https:\/\/lasentinelle.dz\/index.php\/2026\/09\/02\/rentree-scolaire-et-risques-dinondations-deux-priorites-pour-une-rentree-sociale-sans-imprevus\/#authorImage","url":"https:\/\/secure.gravatar.com\/avatar\/4c81fed838786e9b53f540bf46533e750f5d292099ae3b66cfc6fb1982e29df7?s=96&d=mm&r=g","width":96,"height":96,"caption":"admin"}},{"@type":"WebPage","@id":"https:\/\/lasentinelle.dz\/index.php\/2026\/09\/02\/rentree-scolaire-et-risques-dinondations-deux-priorites-pour-une-rentree-sociale-sans-imprevus\/#webpage","url":"https:\/\/lasentinelle.dz\/index.php\/2026\/09\/02\/rentree-scolaire-et-risques-dinondations-deux-priorites-pour-une-rentree-sociale-sans-imprevus\/","name":"Rentr\u00e9e scolaire et risques d\u2019inondations : Deux priorit\u00e9s pour une rentr\u00e9e sociale sans impr\u00e9vus - La Sentinelle","description":"\u00c0 Oum El Bouaghi, la rentr\u00e9e sociale se pr\u00e9pare d\u00e9j\u00e0 sur plusieurs fronts. Les autorit\u00e9s locales entendent notamment assurer un d\u00e9marrage dans de bonnes conditions de l'ann\u00e9e universitaire 2026-2027, tout en anticipant les \u00e9ventuels \u00e9pisodes pluvieux susceptibles d'affecter certaines zones de la wilaya. Deux pr\u00e9occupations qui traduisent, au niveau local, une m\u00eame volont\u00e9 : agir","inLanguage":"fr-FR","isPartOf":{"@id":"https:\/\/lasentinelle.dz\/#website"},"breadcrumb":{"@id":"https:\/\/lasentinelle.dz\/index.php\/2026\/09\/02\/rentree-scolaire-et-risques-dinondations-deux-priorites-pour-une-rentree-sociale-sans-imprevus\/#breadcrumblist"},"author":{"@id":"https:\/\/lasentinelle.dz\/author\/admin\/#author"},"creator":{"@id":"https:\/\/lasentinelle.dz\/author\/admin\/#author"},"image":{"@type":"ImageObject","url":"https:\/\/lasentinelle.dz\/wp-content\/uploads\/2026\/08\/ecole.jpg","@id":"https:\/\/lasentinelle.dz\/index.php\/2026\/09\/02\/rentree-scolaire-et-risques-dinondations-deux-priorites-pour-une-rentree-sociale-sans-imprevus\/#mainImage","width":1020,"height":765},"primaryImageOfPage":{"@id":"https:\/\/lasentinelle.dz\/index.php\/2026\/09\/02\/rentree-scolaire-et-risques-dinondations-deux-priorites-pour-une-rentree-sociale-sans-imprevus\/#mainImage"},"datePublished":"2026-09-02T12:08:22+01:00","dateModified":"2026-09-02T12:08:25+01:00"},{"@type":"WebSite","@id":"https:\/\/lasentinelle.dz\/#website","url":"https:\/\/lasentinelle.dz\/","name":"La Sentinelle","description":"Quotidien national d'information","inLanguage":"fr-FR","publisher":{"@id":"https:\/\/lasentinelle.dz\/#organization"}}]},"og:locale":"fr_FR","og:site_name":"La Sentinelle - Quotidien national d'information","og:type":"article","og:title":"Rentr\u00e9e scolaire et risques d\u2019inondations : Deux priorit\u00e9s pour une rentr\u00e9e sociale sans impr\u00e9vus - La Sentinelle","og:description":"\u00c0 Oum El Bouaghi, la rentr\u00e9e sociale se pr\u00e9pare d\u00e9j\u00e0 sur plusieurs fronts. Les autorit\u00e9s locales entendent notamment assurer un d\u00e9marrage dans de bonnes conditions de l'ann\u00e9e universitaire 2026-2027, tout en anticipant les \u00e9ventuels \u00e9pisodes pluvieux susceptibles d'affecter certaines zones de la wilaya. Deux pr\u00e9occupations qui traduisent, au niveau local, une m\u00eame volont\u00e9 : agir","og:url":"https:\/\/lasentinelle.dz\/index.php\/2026\/09\/02\/rentree-scolaire-et-risques-dinondations-deux-priorites-pour-une-rentree-sociale-sans-imprevus\/","og:image":"https:\/\/lasentinelle.dz\/wp-content\/uploads\/2021\/09\/cropped-la-sentinelle-earth-golden-anima-5.gif","og:image:secure_url":"https:\/\/lasentinelle.dz\/wp-content\/uploads\/2021\/09\/cropped-la-sentinelle-earth-golden-anima-5.gif","og:image:width":450,"og:image:height":213,"article:published_time":"2026-09-02T11:08:22+00:00","article:modified_time":"2026-09-02T11:08:25+00:00","article:publisher":"https:\/\/www.facebook.com\/azzedine.lasentinelle.1","twitter:card":"summary_large_image","twitter:title":"Rentr\u00e9e scolaire et risques d\u2019inondations : Deux priorit\u00e9s pour une rentr\u00e9e sociale sans impr\u00e9vus - La Sentinelle","twitter:description":"\u00c0 Oum El Bouaghi, la rentr\u00e9e sociale se pr\u00e9pare d\u00e9j\u00e0 sur plusieurs fronts. Les autorit\u00e9s locales entendent notamment assurer un d\u00e9marrage dans de bonnes conditions de l'ann\u00e9e universitaire 2026-2027, tout en anticipant les \u00e9ventuels \u00e9pisodes pluvieux susceptibles d'affecter certaines zones de la wilaya. Deux pr\u00e9occupations qui traduisent, au niveau local, une m\u00eame volont\u00e9 : agir","twitter:image":"https:\/\/lasentinelle.dz\/wp-content\/uploads\/2021\/09\/cropped-la-sentinelle-earth-golden-anima-5.gif"},"aioseo_meta_data":{"post_id":"94818","title":null,"description":null,"keywords":null,"keyphrases":{"focus":{"keyphrase":"","score":0,"analysis":{"keyphraseInTitle":{"score":0,"maxScore":9,"error":1}}},"additional":[]},"primary_term":null,"canonical_url":null,"og_title":null,"og_description":null,"og_object_type":"default","og_image_type":"default","og_image_url":null,"og_image_width":null,"og_image_height":null,"og_image_custom_url":null,"og_image_custom_fields":null,"og_video":"","og_custom_url":null,"og_article_section":null,"og_article_tags":null,"twitter_use_og":false,"twitter_card":"default","twitter_image_type":"default","twitter_image_url":null,"twitter_image_custom_url":null,"twitter_image_custom_fields":null,"twitter_title":null,"twitter_description":null,"schema":{"blockGraphs":[],"customGraphs":[],"default":{"data":{"Article":[],"Course":[],"Dataset":[],"FAQPage":[],"Movie":[],"Person":[],"Product":[],"ProductReview":[],"Car":[],"Recipe":[],"Service":[],"SoftwareApplication":[],"WebPage":[]},"graphName":"BlogPosting","isEnabled":true},"graphs":[]},"schema_type":"default","schema_type_options":null,"pillar_content":false,"robots_default":true,"robots_noindex":false,"robots_noarchive":false,"robots_nosnippet":false,"robots_nofollow":false,"robots_noimageindex":false,"robots_noodp":false,"robots_notranslate":false,"robots_max_snippet":"-1","robots_max_videopreview":"-1","robots_max_imagepreview":"large","priority":null,"frequency":"default","local_seo":null,"breadcrumb_settings":null,"limit_modified_date":false,"ai":{"faqs":[],"keyPoints":[],"schemas":[],"titles":[],"descriptions":[],"socialPosts":{"email":{"subject":"","preview":"","content":""},"linkedin":[],"twitter":[],"facebook":[],"instagram":[]}},"created":"2026-09-02 11:08:25","updated":"2026-09-02 11:09:17","focus_keyword":null,"additional_keywords":null,"truseo_locale":null,"seo_analyzer_scan_date":null},"aioseo_breadcrumb":"<div class=\"aioseo-breadcrumbs\"><span class=\"aioseo-breadcrumb\">\n\t\t\t<a href=\"https:\/\/lasentinelle.dz\" title=\"Home\">Home<\/a>\n\t\t<\/span><span class=\"aioseo-breadcrumb-separator\">&raquo;<\/span><span class=\"aioseo-breadcrumb\">\n\t\t\t<a href=\"https:\/\/lasentinelle.dz\/index.php\/category\/regions\/\" title=\"R\u00e9gions\">R\u00e9gions<\/a>\n\t\t<\/span><span class=\"aioseo-breadcrumb-separator\">&raquo;<\/span><span class=\"aioseo-breadcrumb\">\n\t\t\tRentr\u00e9e scolaire et risques d\u2019inondations : Deux priorit\u00e9s pour une rentr\u00e9e sociale sans impr\u00e9vus\n\t\t<\/span><\/div>","aioseo_breadcrumb_json":[{"label":"Home","link":"https:\/\/lasentinelle.dz"},{"label":"R\u00e9gions","link":"https:\/\/lasentinelle.dz\/index.php\/category\/regions\/"},{"label":"Rentr\u00e9e scolaire et risques d&rsquo;inondations\u00a0: Deux priorit\u00e9s pour une rentr\u00e9e sociale sans impr\u00e9vus","link":"https:\/\/lasentinelle.dz\/index.php\/2026\/09\/02\/rentree-scolaire-et-risques-dinondations-deux-priorites-pour-une-rentree-sociale-sans-imprevus\/"}],"yoast_head":"<!-- This site is optimized with the Yoast SEO plugin v28.4 - https:\/\/yoast.com\/product\/yoast-seo-wordpress\/ -->\n<title>Rentr\u00e9e scolaire et risques d&rsquo;inondations\u00a0: Deux priorit\u00e9s pour une rentr\u00e9e sociale sans impr\u00e9vus - La Sentinelle<\/title>\n<meta name=\"robots\" content=\"index, follow, max-snippet:-1, max-image-preview:large, max-video-preview:-1\" \/>\n<link rel=\"canonical\" href=\"https:\/\/lasentinelle.dz\/index.php\/2026\/09\/02\/rentree-scolaire-et-risques-dinondations-deux-priorites-pour-une-rentree-sociale-sans-imprevus\/\" \/>\n<meta property=\"og:locale\" content=\"fr_FR\" \/>\n<meta property=\"og:type\" content=\"article\" \/>\n<meta property=\"og:title\" content=\"Rentr\u00e9e scolaire et risques d&rsquo;inondations\u00a0: Deux priorit\u00e9s pour une rentr\u00e9e sociale sans impr\u00e9vus - La Sentinelle\" \/>\n<meta property=\"og:description\" content=\"\u00c0 Oum El Bouaghi, la rentr\u00e9e sociale se pr\u00e9pare d\u00e9j\u00e0 sur plusieurs fronts. Les autorit\u00e9s locales entendent notamment assurer un\" \/>\n<meta property=\"og:url\" content=\"https:\/\/lasentinelle.dz\/index.php\/2026\/09\/02\/rentree-scolaire-et-risques-dinondations-deux-priorites-pour-une-rentree-sociale-sans-imprevus\/\" \/>\n<meta property=\"og:site_name\" content=\"La Sentinelle\" \/>\n<meta property=\"article:publisher\" content=\"https:\/\/www.facebook.com\/La-Sentinelle-104059864394773\" \/>\n<meta property=\"article:published_time\" content=\"2026-09-02T11:08:22+00:00\" \/>\n<meta property=\"article:modified_time\" content=\"2026-09-02T11:08:25+00:00\" \/>\n<meta property=\"og:image\" content=\"https:\/\/lasentinelle.dz\/wp-content\/uploads\/2026\/08\/ecole.jpg\" \/>\n\t<meta property=\"og:image:width\" content=\"1020\" \/>\n\t<meta property=\"og:image:height\" content=\"765\" \/>\n\t<meta property=\"og:image:type\" content=\"image\/jpeg\" \/>\n<meta name=\"author\" content=\"admin\" \/>\n<meta name=\"twitter:card\" content=\"summary_large_image\" \/>\n<meta name=\"twitter:label1\" content=\"\u00c9crit par\" \/>\n\t<meta name=\"twitter:data1\" content=\"admin\" \/>\n\t<meta name=\"twitter:label2\" content=\"Dur\u00e9e de lecture estim\u00e9e\" \/>\n\t<meta name=\"twitter:data2\" content=\"3 minutes\" \/>\n<script type=\"application\/ld+json\" class=\"yoast-schema-graph\">{\"@context\":\"https:\\\/\\\/schema.org\",\"@graph\":[{\"@type\":\"Article\",\"@id\":\"https:\\\/\\\/lasentinelle.dz\\\/index.php\\\/2026\\\/09\\\/02\\\/rentree-scolaire-et-risques-dinondations-deux-priorites-pour-une-rentree-sociale-sans-imprevus\\\/#article\",\"isPartOf\":{\"@id\":\"https:\\\/\\\/lasentinelle.dz\\\/index.php\\\/2026\\\/09\\\/02\\\/rentree-scolaire-et-risques-dinondations-deux-priorites-pour-une-rentree-sociale-sans-imprevus\\\/\"},\"author\":{\"name\":\"admin\",\"@id\":\"https:\\\/\\\/lasentinelle.dz\\\/#\\\/schema\\\/person\\\/729ee0024f24e0b8c5ec17232f8e8b41\"},\"headline\":\"Rentr\u00e9e scolaire et risques d&rsquo;inondations\u00a0: Deux priorit\u00e9s pour une rentr\u00e9e sociale sans impr\u00e9vus\",\"datePublished\":\"2026-09-02T11:08:22+00:00\",\"dateModified\":\"2026-09-02T11:08:25+00:00\",\"mainEntityOfPage\":{\"@id\":\"https:\\\/\\\/lasentinelle.dz\\\/index.php\\\/2026\\\/09\\\/02\\\/rentree-scolaire-et-risques-dinondations-deux-priorites-pour-une-rentree-sociale-sans-imprevus\\\/\"},\"wordCount\":559,\"commentCount\":0,\"publisher\":{\"@id\":\"https:\\\/\\\/lasentinelle.dz\\\/#organization\"},\"image\":{\"@id\":\"https:\\\/\\\/lasentinelle.dz\\\/index.php\\\/2026\\\/09\\\/02\\\/rentree-scolaire-et-risques-dinondations-deux-priorites-pour-une-rentree-sociale-sans-imprevus\\\/#primaryimage\"},\"thumbnailUrl\":\"https:\\\/\\\/lasentinelle.dz\\\/wp-content\\\/uploads\\\/2026\\\/08\\\/ecole.jpg\",\"articleSection\":[\"R\u00e9gions\"],\"inLanguage\":\"fr-FR\",\"potentialAction\":[{\"@type\":\"CommentAction\",\"name\":\"Comment\",\"target\":[\"https:\\\/\\\/lasentinelle.dz\\\/index.php\\\/2026\\\/09\\\/02\\\/rentree-scolaire-et-risques-dinondations-deux-priorites-pour-une-rentree-sociale-sans-imprevus\\\/#respond\"]}]},{\"@type\":\"WebPage\",\"@id\":\"https:\\\/\\\/lasentinelle.dz\\\/index.php\\\/2026\\\/09\\\/02\\\/rentree-scolaire-et-risques-dinondations-deux-priorites-pour-une-rentree-sociale-sans-imprevus\\\/\",\"url\":\"https:\\\/\\\/lasentinelle.dz\\\/index.php\\\/2026\\\/09\\\/02\\\/rentree-scolaire-et-risques-dinondations-deux-priorites-pour-une-rentree-sociale-sans-imprevus\\\/\",\"name\":\"Rentr\u00e9e scolaire et risques d&rsquo;inondations\u00a0: Deux priorit\u00e9s pour une rentr\u00e9e sociale sans impr\u00e9vus - La Sentinelle\",\"isPartOf\":{\"@id\":\"https:\\\/\\\/lasentinelle.dz\\\/#website\"},\"primaryImageOfPage\":{\"@id\":\"https:\\\/\\\/lasentinelle.dz\\\/index.php\\\/2026\\\/09\\\/02\\\/rentree-scolaire-et-risques-dinondations-deux-priorites-pour-une-rentree-sociale-sans-imprevus\\\/#primaryimage\"},\"image\":{\"@id\":\"https:\\\/\\\/lasentinelle.dz\\\/index.php\\\/2026\\\/09\\\/02\\\/rentree-scolaire-et-risques-dinondations-deux-priorites-pour-une-rentree-sociale-sans-imprevus\\\/#primaryimage\"},\"thumbnailUrl\":\"https:\\\/\\\/lasentinelle.dz\\\/wp-content\\\/uploads\\\/2026\\\/08\\\/ecole.jpg\",\"datePublished\":\"2026-09-02T11:08:22+00:00\",\"dateModified\":\"2026-09-02T11:08:25+00:00\",\"breadcrumb\":{\"@id\":\"https:\\\/\\\/lasentinelle.dz\\\/index.php\\\/2026\\\/09\\\/02\\\/rentree-scolaire-et-risques-dinondations-deux-priorites-pour-une-rentree-sociale-sans-imprevus\\\/#breadcrumb\"},\"inLanguage\":\"fr-FR\",\"potentialAction\":[{\"@type\":\"ReadAction\",\"target\":[\"https:\\\/\\\/lasentinelle.dz\\\/index.php\\\/2026\\\/09\\\/02\\\/rentree-scolaire-et-risques-dinondations-deux-priorites-pour-une-rentree-sociale-sans-imprevus\\\/\"]}]},{\"@type\":\"ImageObject\",\"inLanguage\":\"fr-FR\",\"@id\":\"https:\\\/\\\/lasentinelle.dz\\\/index.php\\\/2026\\\/09\\\/02\\\/rentree-scolaire-et-risques-dinondations-deux-priorites-pour-une-rentree-sociale-sans-imprevus\\\/#primaryimage\",\"url\":\"https:\\\/\\\/lasentinelle.dz\\\/wp-content\\\/uploads\\\/2026\\\/08\\\/ecole.jpg\",\"contentUrl\":\"https:\\\/\\\/lasentinelle.dz\\\/wp-content\\\/uploads\\\/2026\\\/08\\\/ecole.jpg\",\"width\":1020,\"height\":765},{\"@type\":\"BreadcrumbList\",\"@id\":\"https:\\\/\\\/lasentinelle.dz\\\/index.php\\\/2026\\\/09\\\/02\\\/rentree-scolaire-et-risques-dinondations-deux-priorites-pour-une-rentree-sociale-sans-imprevus\\\/#breadcrumb\",\"itemListElement\":[{\"@type\":\"ListItem\",\"position\":1,\"name\":\"Accueil\",\"item\":\"https:\\\/\\\/lasentinelle.dz\\\/\"},{\"@type\":\"ListItem\",\"position\":2,\"name\":\"Rentr\u00e9e scolaire et risques d&rsquo;inondations\u00a0: Deux priorit\u00e9s pour une rentr\u00e9e sociale sans impr\u00e9vus\"}]},{\"@type\":\"WebSite\",\"@id\":\"https:\\\/\\\/lasentinelle.dz\\\/#website\",\"url\":\"https:\\\/\\\/lasentinelle.dz\\\/\",\"name\":\"La Sentinelle\",\"description\":\"Quotidien national d&#039;information\",\"publisher\":{\"@id\":\"https:\\\/\\\/lasentinelle.dz\\\/#organization\"},\"potentialAction\":[{\"@type\":\"SearchAction\",\"target\":{\"@type\":\"EntryPoint\",\"urlTemplate\":\"https:\\\/\\\/lasentinelle.dz\\\/?s={search_term_string}\"},\"query-input\":{\"@type\":\"PropertyValueSpecification\",\"valueRequired\":true,\"valueName\":\"search_term_string\"}}],\"inLanguage\":\"fr-FR\"},{\"@type\":\"Organization\",\"@id\":\"https:\\\/\\\/lasentinelle.dz\\\/#organization\",\"name\":\"Quotidien La Sentinelle\",\"url\":\"https:\\\/\\\/lasentinelle.dz\\\/\",\"logo\":{\"@type\":\"ImageObject\",\"inLanguage\":\"fr-FR\",\"@id\":\"https:\\\/\\\/lasentinelle.dz\\\/#\\\/schema\\\/logo\\\/image\\\/\",\"url\":\"https:\\\/\\\/lasentinelle.dz\\\/wp-content\\\/uploads\\\/2021\\\/09\\\/logo-sentinelleSLOGAN-1.png\",\"contentUrl\":\"https:\\\/\\\/lasentinelle.dz\\\/wp-content\\\/uploads\\\/2021\\\/09\\\/logo-sentinelleSLOGAN-1.png\",\"width\":615,\"height\":142,\"caption\":\"Quotidien La Sentinelle\"},\"image\":{\"@id\":\"https:\\\/\\\/lasentinelle.dz\\\/#\\\/schema\\\/logo\\\/image\\\/\"},\"sameAs\":[\"https:\\\/\\\/www.facebook.com\\\/La-Sentinelle-104059864394773\"]},{\"@type\":\"Person\",\"@id\":\"https:\\\/\\\/lasentinelle.dz\\\/#\\\/schema\\\/person\\\/729ee0024f24e0b8c5ec17232f8e8b41\",\"name\":\"admin\",\"image\":{\"@type\":\"ImageObject\",\"inLanguage\":\"fr-FR\",\"@id\":\"https:\\\/\\\/secure.gravatar.com\\\/avatar\\\/4c81fed838786e9b53f540bf46533e750f5d292099ae3b66cfc6fb1982e29df7?s=96&d=mm&r=g\",\"url\":\"https:\\\/\\\/secure.gravatar.com\\\/avatar\\\/4c81fed838786e9b53f540bf46533e750f5d292099ae3b66cfc6fb1982e29df7?s=96&d=mm&r=g\",\"contentUrl\":\"https:\\\/\\\/secure.gravatar.com\\\/avatar\\\/4c81fed838786e9b53f540bf46533e750f5d292099ae3b66cfc6fb1982e29df7?s=96&d=mm&r=g\",\"caption\":\"admin\"},\"description\":\"admin\",\"url\":\"https:\\\/\\\/lasentinelle.dz\\\/author\\\/admin\\\/\"}]}<\/script>\n<!-- \/ Yoast SEO plugin. -->","yoast_head_json":{"title":"Rentr\u00e9e scolaire et risques d&rsquo;inondations\u00a0: Deux priorit\u00e9s pour une rentr\u00e9e sociale sans impr\u00e9vus - La Sentinelle","robots":{"index":"index","follow":"follow","max-snippet":"max-snippet:-1","max-image-preview":"max-image-preview:large","max-video-preview":"max-video-preview:-1"},"canonical":"https:\/\/lasentinelle.dz\/index.php\/2026\/09\/02\/rentree-scolaire-et-risques-dinondations-deux-priorites-pour-une-rentree-sociale-sans-imprevus\/","og_locale":"fr_FR","og_type":"article","og_title":"Rentr\u00e9e scolaire et risques d&rsquo;inondations\u00a0: Deux priorit\u00e9s pour une rentr\u00e9e sociale sans impr\u00e9vus - La Sentinelle","og_description":"\u00c0 Oum El Bouaghi, la rentr\u00e9e sociale se pr\u00e9pare d\u00e9j\u00e0 sur plusieurs fronts. Les autorit\u00e9s locales entendent notamment assurer un","og_url":"https:\/\/lasentinelle.dz\/index.php\/2026\/09\/02\/rentree-scolaire-et-risques-dinondations-deux-priorites-pour-une-rentree-sociale-sans-imprevus\/","og_site_name":"La Sentinelle","article_publisher":"https:\/\/www.facebook.com\/La-Sentinelle-104059864394773","article_published_time":"2026-09-02T11:08:22+00:00","article_modified_time":"2026-09-02T11:08:25+00:00","og_image":[{"width":1020,"height":765,"url":"https:\/\/lasentinelle.dz\/wp-content\/uploads\/2026\/08\/ecole.jpg","type":"image\/jpeg"}],"author":"admin","twitter_card":"summary_large_image","twitter_misc":{"\u00c9crit par":"admin","Dur\u00e9e de lecture estim\u00e9e":"3 minutes"},"schema":{"@context":"https:\/\/schema.org","@graph":[{"@type":"Article","@id":"https:\/\/lasentinelle.dz\/index.php\/2026\/09\/02\/rentree-scolaire-et-risques-dinondations-deux-priorites-pour-une-rentree-sociale-sans-imprevus\/#article","isPartOf":{"@id":"https:\/\/lasentinelle.dz\/index.php\/2026\/09\/02\/rentree-scolaire-et-risques-dinondations-deux-priorites-pour-une-rentree-sociale-sans-imprevus\/"},"author":{"name":"admin","@id":"https:\/\/lasentinelle.dz\/#\/schema\/person\/729ee0024f24e0b8c5ec17232f8e8b41"},"headline":"Rentr\u00e9e scolaire et risques d&rsquo;inondations\u00a0: Deux priorit\u00e9s pour une rentr\u00e9e sociale sans impr\u00e9vus","datePublished":"2026-09-02T11:08:22+00:00","dateModified":"2026-09-02T11:08:25+00:00","mainEntityOfPage":{"@id":"https:\/\/lasentinelle.dz\/index.php\/2026\/09\/02\/rentree-scolaire-et-risques-dinondations-deux-priorites-pour-une-rentree-sociale-sans-imprevus\/"},"wordCount":559,"commentCount":0,"publisher":{"@id":"https:\/\/lasentinelle.dz\/#organization"},"image":{"@id":"https:\/\/lasentinelle.dz\/index.php\/2026\/09\/02\/rentree-scolaire-et-risques-dinondations-deux-priorites-pour-une-rentree-sociale-sans-imprevus\/#primaryimage"},"thumbnailUrl":"https:\/\/lasentinelle.dz\/wp-content\/uploads\/2026\/08\/ecole.jpg","articleSection":["R\u00e9gions"],"inLanguage":"fr-FR","potentialAction":[{"@type":"CommentAction","name":"Comment","target":["https:\/\/lasentinelle.dz\/index.php\/2026\/09\/02\/rentree-scolaire-et-risques-dinondations-deux-priorites-pour-une-rentree-sociale-sans-imprevus\/#respond"]}]},{"@type":"WebPage","@id":"https:\/\/lasentinelle.dz\/index.php\/2026\/09\/02\/rentree-scolaire-et-risques-dinondations-deux-priorites-pour-une-rentree-sociale-sans-imprevus\/","url":"https:\/\/lasentinelle.dz\/index.php\/2026\/09\/02\/rentree-scolaire-et-risques-dinondations-deux-priorites-pour-une-rentree-sociale-sans-imprevus\/","name":"Rentr\u00e9e scolaire et risques d&rsquo;inondations\u00a0: Deux priorit\u00e9s pour une rentr\u00e9e sociale sans impr\u00e9vus - La Sentinelle","isPartOf":{"@id":"https:\/\/lasentinelle.dz\/#website"},"primaryImageOfPage":{"@id":"https:\/\/lasentinelle.dz\/index.php\/2026\/09\/02\/rentree-scolaire-et-risques-dinondations-deux-priorites-pour-une-rentree-sociale-sans-imprevus\/#primaryimage"},"image":{"@id":"https:\/\/lasentinelle.dz\/index.php\/2026\/09\/02\/rentree-scolaire-et-risques-dinondations-deux-priorites-pour-une-rentree-sociale-sans-imprevus\/#primaryimage"},"thumbnailUrl":"https:\/\/lasentinelle.dz\/wp-content\/uploads\/2026\/08\/ecole.jpg","datePublished":"2026-09-02T11:08:22+00:00","dateModified":"2026-09-02T11:08:25+00:00","breadcrumb":{"@id":"https:\/\/lasentinelle.dz\/index.php\/2026\/09\/02\/rentree-scolaire-et-risques-dinondations-deux-priorites-pour-une-rentree-sociale-sans-imprevus\/#breadcrumb"},"inLanguage":"fr-FR","potentialAction":[{"@type":"ReadAction","target":["https:\/\/lasentinelle.dz\/index.php\/2026\/09\/02\/rentree-scolaire-et-risques-dinondations-deux-priorites-pour-une-rentree-sociale-sans-imprevus\/"]}]},{"@type":"ImageObject","inLanguage":"fr-FR","@id":"https:\/\/lasentinelle.dz\/index.php\/2026\/09\/02\/rentree-scolaire-et-risques-dinondations-deux-priorites-pour-une-rentree-sociale-sans-imprevus\/#primaryimage","url":"https:\/\/lasentinelle.dz\/wp-content\/uploads\/2026\/08\/ecole.jpg","contentUrl":"https:\/\/lasentinelle.dz\/wp-content\/uploads\/2026\/08\/ecole.jpg","width":1020,"height":765},{"@type":"BreadcrumbList","@id":"https:\/\/lasentinelle.dz\/index.php\/2026\/09\/02\/rentree-scolaire-et-risques-dinondations-deux-priorites-pour-une-rentree-sociale-sans-imprevus\/#breadcrumb","itemListElement":[{"@type":"ListItem","position":1,"name":"Accueil","item":"https:\/\/lasentinelle.dz\/"},{"@type":"ListItem","position":2,"name":"Rentr\u00e9e scolaire et risques d&rsquo;inondations\u00a0: Deux priorit\u00e9s pour une rentr\u00e9e sociale sans impr\u00e9vus"}]},{"@type":"WebSite","@id":"https:\/\/lasentinelle.dz\/#website","url":"https:\/\/lasentinelle.dz\/","name":"La Sentinelle","description":"Quotidien national d&#039;information","publisher":{"@id":"https:\/\/lasentinelle.dz\/#organization"},"potentialAction":[{"@type":"SearchAction","target":{"@type":"EntryPoint","urlTemplate":"https:\/\/lasentinelle.dz\/?s={search_term_string}"},"query-input":{"@type":"PropertyValueSpecification","valueRequired":true,"valueName":"search_term_string"}}],"inLanguage":"fr-FR"},{"@type":"Organization","@id":"https:\/\/lasentinelle.dz\/#organization","name":"Quotidien La Sentinelle","url":"https:\/\/lasentinelle.dz\/","logo":{"@type":"ImageObject","inLanguage":"fr-FR","@id":"https:\/\/lasentinelle.dz\/#\/schema\/logo\/image\/","url":"https:\/\/lasentinelle.dz\/wp-content\/uploads\/2021\/09\/logo-sentinelleSLOGAN-1.png","contentUrl":"https:\/\/lasentinelle.dz\/wp-content\/uploads\/2021\/09\/logo-sentinelleSLOGAN-1.png","width":615,"height":142,"caption":"Quotidien La Sentinelle"},"image":{"@id":"https:\/\/lasentinelle.dz\/#\/schema\/logo\/image\/"},"sameAs":["https:\/\/www.facebook.com\/La-Sentinelle-104059864394773"]},{"@type":"Person","@id":"https:\/\/lasentinelle.dz\/#\/schema\/person\/729ee0024f24e0b8c5ec17232f8e8b41","name":"admin","image":{"@type":"ImageObject","inLanguage":"fr-FR","@id":"https:\/\/secure.gravatar.com\/avatar\/4c81fed838786e9b53f540bf46533e750f5d292099ae3b66cfc6fb1982e29df7?s=96&d=mm&r=g","url":"https:\/\/secure.gravatar.com\/avatar\/4c81fed838786e9b53f540bf46533e750f5d292099ae3b66cfc6fb1982e29df7?s=96&d=mm&r=g","contentUrl":"https:\/\/secure.gravatar.com\/avatar\/4c81fed838786e9b53f540bf46533e750f5d292099ae3b66cfc6fb1982e29df7?s=96&d=mm&r=g","caption":"admin"},"description":"admin","url":"https:\/\/lasentinelle.dz\/author\/admin\/"}]}},"_links":{"self":[{"href":"https:\/\/lasentinelle.dz\/index.php\/wp-json\/wp\/v2\/posts\/94818","targetHints":{"allow":["GET"]}}],"collection":[{"href":"https:\/\/lasentinelle.dz\/index.php\/wp-json\/wp\/v2\/posts"}],"about":[{"href":"https:\/\/lasentinelle.dz\/index.php\/wp-json\/wp\/v2\/types\/post"}],"author":[{"embeddable":true,"href":"https:\/\/lasentinelle.dz\/index.php\/wp-json\/wp\/v2\/users\/6"}],"replies":[{"embeddable":true,"href":"https:\/\/lasentinelle.dz\/index.php\/wp-json\/wp\/v2\/comments?post=94818"}],"version-history":[{"count":2,"href":"https:\/\/lasentinelle.dz\/index.php\/wp-json\/wp\/v2\/posts\/94818\/revisions"}],"predecessor-version":[{"id":94820,"href":"https:\/\/lasentinelle.dz\/index.php\/wp-json\/wp\/v2\/posts\/94818\/revisions\/94820"}],"wp:featuredmedia":[{"embeddable":true,"href":"https:\/\/lasentinelle.dz\/index.php\/wp-json\/wp\/v2\/media\/93249"}],"wp:attachment":[{"href":"https:\/\/lasentinelle.dz\/index.php\/wp-json\/wp\/v2\/media?parent=94818"}],"wp:term":[{"taxonomy":"category","embeddable":true,"href":"https:\/\/lasentinelle.dz\/index.php\/wp-json\/wp\/v2\/categories?post=94818"},{"taxonomy":"post_tag","embeddable":true,"href":"https:\/\/lasentinelle.dz\/index.php\/wp-json\/wp\/v2\/tags?post=94818"}],"curies":[{"name":"wp","href":"https:\/\/api.w.org\/{rel}","templated":true}]}}