{"id":94824,"date":"2026-09-02T12:21:25","date_gmt":"2026-09-02T11:21:25","guid":{"rendered":"https:\/\/lasentinelle.dz\/?p=94824"},"modified":"2026-09-02T12:21:29","modified_gmt":"2026-09-02T11:21:29","slug":"apres-la-demolition-et-des-mois-dattente-les-118-familles-del-gantra-enfin-relogees","status":"publish","type":"post","link":"https:\/\/lasentinelle.dz\/index.php\/2026\/09\/02\/apres-la-demolition-et-des-mois-dattente-les-118-familles-del-gantra-enfin-relogees\/","title":{"rendered":"Apr\u00e8s la d\u00e9molition et des mois d&rsquo;attente\u00a0: Les 118 familles d&rsquo;El Gantra enfin relog\u00e9es"},"content":{"rendered":"\n<p class=\"wp-block-paragraph\">L&rsquo;OPGI d&rsquo;Annaba entame aujourd&rsquo;hui l&rsquo;op\u00e9ration de r\u00e9gularisation administrative et financi\u00e8re des b\u00e9n\u00e9ficiaires des 160 logements publics locatifs r\u00e9alis\u00e9s au p\u00f4le urbain Amirat El Bahi, \u00e0 El Gantra. Pour les 118 familles relog\u00e9es apr\u00e8s la d\u00e9molition de leurs anciennes habitations, cette d\u00e9marche constitue une \u00e9tape d\u00e9cisive avant l&rsquo;entr\u00e9e effective dans leurs nouveaux logements, \u00e0 quelques jours de la rentr\u00e9e scolaire. En effet, apr\u00e8s plusieurs mois d&rsquo;attente, le dossier des familles concern\u00e9es par la d\u00e9molition de leurs anciennes habitations \u00e0 El Gantra entre dans sa phase finale. La direction g\u00e9n\u00e9rale de l&rsquo;Office de promotion et de gestion immobili\u00e8re (OPGI) d&rsquo;Annaba a annonc\u00e9 le lancement, \u00e0 partir d&rsquo;aujourd&rsquo;hui mardi 1er septembre, d&rsquo;une op\u00e9ration de r\u00e9gularisation de la situation administrative et financi\u00e8re des b\u00e9n\u00e9ficiaires des logements publics locatifs (LPL) r\u00e9alis\u00e9s sur l&rsquo;assiette destin\u00e9e au programme des 700 lgts du p\u00f4le urbain Amirat El Bahi, dans la commune de Sidi Amar. La premi\u00e8re \u00e9tape concerne la cit\u00e9 des 160 lgts d&rsquo;El Gantra, pr\u00e9cis\u00e9ment les entr\u00e9es 02, 04, 05, 06 et 07. Les b\u00e9n\u00e9ficiaires sont appel\u00e9s \u00e0 se rapprocher des services de l&rsquo;OPGI munis des pi\u00e8ces administratives exig\u00e9es, notamment les extraits de naissance du b\u00e9n\u00e9ficiaire et de son \u00e9pouse, le livret de famille, une copie conforme de la carte nationale d&rsquo;identit\u00e9, deux photographies d&rsquo;identit\u00e9 ainsi que des timbres fiscaux d&rsquo;une valeur de 80 dinars. Le montant des frais de r\u00e9gularisation pour les logements concern\u00e9s est fix\u00e9 \u00e0 7,9 millions de centimes, avec la possibilit\u00e9 d&rsquo;effectuer le paiement par carte interbancaire (CIB), ce qui devrait faciliter l&rsquo;accomplissement de cette derni\u00e8re formalit\u00e9 administrative. Derri\u00e8re cette op\u00e9ration se trouve toutefois une situation sociale qui a n\u00e9cessit\u00e9 une intervention particuli\u00e8re des autorit\u00e9s locales. Les 118 familles concern\u00e9es avaient vu leurs anciennes habitations d\u00e9molies dans le cadre de la r\u00e9alisation du programme des 700 unit\u00e9s d&rsquo;El Gantra. Elles se sont ainsi retrouv\u00e9es, pendant plusieurs mois, dans l&rsquo;attente d&rsquo;une solution de relogement, alors m\u00eame que leurs anciennes habitations avaient \u00e9t\u00e9 lib\u00e9r\u00e9es pour permettre la concr\u00e9tisation d&rsquo;un programme immobilier plus important. La solution a finalement \u00e9t\u00e9 trouv\u00e9e \u00e0 travers la mobilisation d&rsquo;une partie du quota des 160 LPL r\u00e9alis\u00e9s \u00e0 El Gantra au profit du programme de r\u00e9sorption de l&rsquo;habitat pr\u00e9caire (RHP) \u00e0 Sidi Amar. Les familles concern\u00e9es ont \u00e9t\u00e9 soumises \u00e0 un tirage au sort et disposent d\u00e9sormais de d\u00e9cisions d&rsquo;attribution, ouvrant la voie \u00e0 leur relogement dans des conditions plus d\u00e9centes. Cette d\u00e9marche s&rsquo;inscrit dans la logique des politiques publiques de r\u00e9sorption de l&rsquo;habitat pr\u00e9caire, qui visent non seulement \u00e0 remplacer les habitations pr\u00e9caires par des logements d\u00e9cents, mais \u00e9galement \u00e0 am\u00e9liorer progressivement l&rsquo;int\u00e9gration urbaine des quartiers concern\u00e9s. Les orientations nationales dans le domaine du logement mettent notamment l&rsquo;accent sur la r\u00e9sorption de l&rsquo;habitat insalubre, l&rsquo;am\u00e9lioration des services de base et l&rsquo;int\u00e9gration des quartiers concern\u00e9s au tissu urbain. Dans le cas d&rsquo;El Gantra, l&rsquo;enjeu est \u00e9galement li\u00e9 au foncier urbain. La d\u00e9molition des anciennes constructions a permis de lib\u00e9rer une assiette destin\u00e9e \u00e0 un programme de 700 lgts, tandis qu&rsquo;une partie des unit\u00e9s nouvellement r\u00e9alis\u00e9es a \u00e9t\u00e9 r\u00e9orient\u00e9e afin de r\u00e9pondre \u00e0 une urgence sociale. Cette articulation entre d\u00e9veloppement urbain et prise en charge des familles d\u00e9plac\u00e9es illustre la n\u00e9cessit\u00e9 d&rsquo;accompagner les grands programmes de construction par des solutions concr\u00e8tes pour les populations directement affect\u00e9es par les op\u00e9rations d&rsquo;am\u00e9nagement. L&rsquo;intervention du chef de la da\u00efra d&rsquo;El Hadjar aupr\u00e8s des autorit\u00e9s de wilaya a notamment contribu\u00e9 \u00e0 la recherche d&rsquo;une solution pour ces familles, aboutissant \u00e0 la r\u00e9servation et au transfert d&rsquo;une partie du quota des 160 LPL au profit du programme d&rsquo;\u00e9radication de l&rsquo;habitat pr\u00e9caire. La prochaine \u00e9tape est d\u00e9sormais clairement identifi\u00e9e : transformer les d\u00e9cisions d&rsquo;attribution en relogements effectifs. Le calendrier donne une dimension suppl\u00e9mentaire \u00e0 l&rsquo;op\u00e9ration. \u00c0 quelques jours de la rentr\u00e9e scolaire, la r\u00e9gularisation engag\u00e9e par l&rsquo;OPGI doit permettre de d\u00e9bloquer les derni\u00e8res formalit\u00e9s avant l&rsquo;installation des familles dans leurs nouveaux appartements. Au-del\u00e0 des proc\u00e9dures administratives et financi\u00e8res, c&rsquo;est donc une longue attente qui devrait prendre fin.<\/p>\n\n\n\n<p class=\"wp-block-paragraph\">S.C.<\/p>\n","protected":false},"excerpt":{"rendered":"<p>L&rsquo;OPGI d&rsquo;Annaba entame aujourd&rsquo;hui l&rsquo;op\u00e9ration de r\u00e9gularisation administrative et financi\u00e8re des b\u00e9n\u00e9ficiaires des 160 logements publics locatifs r\u00e9alis\u00e9s au p\u00f4le<\/p>\n","protected":false},"author":6,"featured_media":47484,"comment_status":"open","ping_status":"closed","sticky":false,"template":"","format":"standard","meta":{"colormag_page_container_layout":"default_layout","colormag_page_sidebar_layout":"default_layout","om_disable_all_campaigns":false,"_monsterinsights_skip_tracking":false,"footnotes":"","_wpscppro_dont_share_socialmedia":false,"_wpscppro_custom_social_share_image":0,"_facebook_share_type":"default","_twitter_share_type":"default","_linkedin_share_type":"default","_pinterest_share_type":"default","_linkedin_share_type_page":"","_instagram_share_type":"default","_medium_share_type":"default","_threads_share_type":"default","_google_business_share_type":"default","_bluesky_share_type":"default","_mastodon_share_type":"default","_selected_social_profile":[],"_wpsp_enable_custom_social_template":false,"_wpsp_social_scheduling":{"enabled":false,"datetime":null,"platforms":[],"status":"template_only","dateOption":"today","timeOption":"now","customDays":"","customHours":"","customDate":"","customTime":"","schedulingType":"absolute"},"_wpsp_active_default_template":true},"categories":[31],"tags":[],"class_list":["post-94824","post","type-post","status-publish","format-standard","has-post-thumbnail","hentry","category-regions"],"aioseo_notices":[],"aioseo_head":"\n\t\t<!-- All in One SEO 5.0.0.1 - aioseo.com -->\n\t<meta name=\"description\" content=\"L&#039;OPGI d&#039;Annaba entame aujourd&#039;hui l&#039;op\u00e9ration de r\u00e9gularisation administrative et financi\u00e8re des b\u00e9n\u00e9ficiaires des 160 logements publics locatifs r\u00e9alis\u00e9s au p\u00f4le urbain Amirat El Bahi, \u00e0 El Gantra. Pour les 118 familles relog\u00e9es apr\u00e8s la d\u00e9molition de leurs anciennes habitations, cette d\u00e9marche constitue une \u00e9tape d\u00e9cisive avant l&#039;entr\u00e9e effective dans leurs nouveaux logements, \u00e0 quelques jours\" \/>\n\t<meta name=\"robots\" content=\"max-image-preview:large\" \/>\n\t<meta name=\"author\" content=\"admin\"\/>\n\t<link rel=\"canonical\" href=\"https:\/\/lasentinelle.dz\/index.php\/2026\/09\/02\/apres-la-demolition-et-des-mois-dattente-les-118-familles-del-gantra-enfin-relogees\/\" \/>\n\t<meta name=\"generator\" content=\"All in One SEO (AIOSEO) 5.0.0.1\" \/>\n\t\t<meta property=\"og:locale\" content=\"fr_FR\" \/>\n\t\t<meta property=\"og:site_name\" content=\"La Sentinelle - Quotidien national d&#039;information\" \/>\n\t\t<meta property=\"og:type\" content=\"article\" \/>\n\t\t<meta property=\"og:title\" content=\"Apr\u00e8s la d\u00e9molition et des mois d\u2019attente : Les 118 familles d\u2019El Gantra enfin relog\u00e9es - La Sentinelle\" \/>\n\t\t<meta property=\"og:description\" content=\"L&#039;OPGI d&#039;Annaba entame aujourd&#039;hui l&#039;op\u00e9ration de r\u00e9gularisation administrative et financi\u00e8re des b\u00e9n\u00e9ficiaires des 160 logements publics locatifs r\u00e9alis\u00e9s au p\u00f4le urbain Amirat El Bahi, \u00e0 El Gantra. Pour les 118 familles relog\u00e9es apr\u00e8s la d\u00e9molition de leurs anciennes habitations, cette d\u00e9marche constitue une \u00e9tape d\u00e9cisive avant l&#039;entr\u00e9e effective dans leurs nouveaux logements, \u00e0 quelques jours\" \/>\n\t\t<meta property=\"og:url\" content=\"https:\/\/lasentinelle.dz\/index.php\/2026\/09\/02\/apres-la-demolition-et-des-mois-dattente-les-118-familles-del-gantra-enfin-relogees\/\" \/>\n\t\t<meta property=\"og:image\" content=\"https:\/\/lasentinelle.dz\/wp-content\/uploads\/2021\/09\/cropped-la-sentinelle-earth-golden-anima-5.gif\" \/>\n\t\t<meta property=\"og:image:secure_url\" content=\"https:\/\/lasentinelle.dz\/wp-content\/uploads\/2021\/09\/cropped-la-sentinelle-earth-golden-anima-5.gif\" \/>\n\t\t<meta property=\"og:image:width\" content=\"450\" \/>\n\t\t<meta property=\"og:image:height\" content=\"213\" \/>\n\t\t<meta property=\"article:published_time\" content=\"2026-09-02T11:21:25+00:00\" \/>\n\t\t<meta property=\"article:modified_time\" content=\"2026-09-02T11:21:29+00:00\" \/>\n\t\t<meta property=\"article:publisher\" content=\"https:\/\/www.facebook.com\/azzedine.lasentinelle.1\" \/>\n\t\t<meta name=\"twitter:card\" content=\"summary_large_image\" \/>\n\t\t<meta name=\"twitter:title\" content=\"Apr\u00e8s la d\u00e9molition et des mois d\u2019attente : Les 118 familles d\u2019El Gantra enfin relog\u00e9es - La Sentinelle\" \/>\n\t\t<meta name=\"twitter:description\" content=\"L&#039;OPGI d&#039;Annaba entame aujourd&#039;hui l&#039;op\u00e9ration de r\u00e9gularisation administrative et financi\u00e8re des b\u00e9n\u00e9ficiaires des 160 logements publics locatifs r\u00e9alis\u00e9s au p\u00f4le urbain Amirat El Bahi, \u00e0 El Gantra. Pour les 118 familles relog\u00e9es apr\u00e8s la d\u00e9molition de leurs anciennes habitations, cette d\u00e9marche constitue une \u00e9tape d\u00e9cisive avant l&#039;entr\u00e9e effective dans leurs nouveaux logements, \u00e0 quelques jours\" \/>\n\t\t<meta name=\"twitter:image\" content=\"https:\/\/lasentinelle.dz\/wp-content\/uploads\/2021\/09\/cropped-la-sentinelle-earth-golden-anima-5.gif\" \/>\n\t\t<script type=\"application\/ld+json\" class=\"aioseo-schema\">\n\t\t\t{\"@context\":\"https:\\\/\\\/schema.org\",\"@graph\":[{\"@type\":\"BlogPosting\",\"@id\":\"https:\\\/\\\/lasentinelle.dz\\\/index.php\\\/2026\\\/09\\\/02\\\/apres-la-demolition-et-des-mois-dattente-les-118-familles-del-gantra-enfin-relogees\\\/#blogposting\",\"name\":\"Apr\\u00e8s la d\\u00e9molition et des mois d\\u2019attente : Les 118 familles d\\u2019El Gantra enfin relog\\u00e9es - La Sentinelle\",\"headline\":\"Apr\\u00e8s la d\\u00e9molition et des mois d&rsquo;attente\\u00a0: Les 118 familles d&rsquo;El Gantra enfin relog\\u00e9es\",\"author\":{\"@id\":\"https:\\\/\\\/lasentinelle.dz\\\/author\\\/admin\\\/#author\"},\"publisher\":{\"@id\":\"https:\\\/\\\/lasentinelle.dz\\\/#organization\"},\"image\":{\"@type\":\"ImageObject\",\"url\":\"https:\\\/\\\/lasentinelle.dz\\\/wp-content\\\/uploads\\\/2023\\\/11\\\/relogement.jpeg\",\"width\":512,\"height\":276},\"datePublished\":\"2026-09-02T12:21:25+01:00\",\"dateModified\":\"2026-09-02T12:21:29+01:00\",\"inLanguage\":\"fr-FR\",\"mainEntityOfPage\":{\"@id\":\"https:\\\/\\\/lasentinelle.dz\\\/index.php\\\/2026\\\/09\\\/02\\\/apres-la-demolition-et-des-mois-dattente-les-118-familles-del-gantra-enfin-relogees\\\/#webpage\"},\"isPartOf\":{\"@id\":\"https:\\\/\\\/lasentinelle.dz\\\/index.php\\\/2026\\\/09\\\/02\\\/apres-la-demolition-et-des-mois-dattente-les-118-familles-del-gantra-enfin-relogees\\\/#webpage\"},\"articleSection\":\"R\\u00e9gions\"},{\"@type\":\"BreadcrumbList\",\"@id\":\"https:\\\/\\\/lasentinelle.dz\\\/index.php\\\/2026\\\/09\\\/02\\\/apres-la-demolition-et-des-mois-dattente-les-118-familles-del-gantra-enfin-relogees\\\/#breadcrumblist\",\"itemListElement\":[{\"@type\":\"ListItem\",\"@id\":\"https:\\\/\\\/lasentinelle.dz#listItem\",\"position\":1,\"name\":\"Home\",\"item\":\"https:\\\/\\\/lasentinelle.dz\",\"nextItem\":{\"@type\":\"ListItem\",\"@id\":\"https:\\\/\\\/lasentinelle.dz\\\/index.php\\\/category\\\/regions\\\/#listItem\",\"name\":\"R\\u00e9gions\"}},{\"@type\":\"ListItem\",\"@id\":\"https:\\\/\\\/lasentinelle.dz\\\/index.php\\\/category\\\/regions\\\/#listItem\",\"position\":2,\"name\":\"R\\u00e9gions\",\"item\":\"https:\\\/\\\/lasentinelle.dz\\\/index.php\\\/category\\\/regions\\\/\",\"nextItem\":{\"@type\":\"ListItem\",\"@id\":\"https:\\\/\\\/lasentinelle.dz\\\/index.php\\\/2026\\\/09\\\/02\\\/apres-la-demolition-et-des-mois-dattente-les-118-familles-del-gantra-enfin-relogees\\\/#listItem\",\"name\":\"Apr\\u00e8s la d\\u00e9molition et des mois d&rsquo;attente\\u00a0: Les 118 familles d&rsquo;El Gantra enfin relog\\u00e9es\"},\"previousItem\":{\"@type\":\"ListItem\",\"@id\":\"https:\\\/\\\/lasentinelle.dz#listItem\",\"name\":\"Home\"}},{\"@type\":\"ListItem\",\"@id\":\"https:\\\/\\\/lasentinelle.dz\\\/index.php\\\/2026\\\/09\\\/02\\\/apres-la-demolition-et-des-mois-dattente-les-118-familles-del-gantra-enfin-relogees\\\/#listItem\",\"position\":3,\"name\":\"Apr\\u00e8s la d\\u00e9molition et des mois d&rsquo;attente\\u00a0: Les 118 familles d&rsquo;El Gantra enfin relog\\u00e9es\",\"previousItem\":{\"@type\":\"ListItem\",\"@id\":\"https:\\\/\\\/lasentinelle.dz\\\/index.php\\\/category\\\/regions\\\/#listItem\",\"name\":\"R\\u00e9gions\"}}]},{\"@type\":\"Organization\",\"@id\":\"https:\\\/\\\/lasentinelle.dz\\\/#organization\",\"name\":\"La Sentinelle La Sentinelle\",\"description\":\"Quotidien national d'information\",\"url\":\"https:\\\/\\\/lasentinelle.dz\\\/\",\"logo\":{\"@type\":\"ImageObject\",\"url\":\"https:\\\/\\\/lasentinelle.dz\\\/wp-content\\\/uploads\\\/2021\\\/09\\\/cropped-la-sentinelle-earth-golden-anima-5.gif\",\"@id\":\"https:\\\/\\\/lasentinelle.dz\\\/index.php\\\/2026\\\/09\\\/02\\\/apres-la-demolition-et-des-mois-dattente-les-118-familles-del-gantra-enfin-relogees\\\/#organizationLogo\",\"width\":450,\"height\":213},\"image\":{\"@id\":\"https:\\\/\\\/lasentinelle.dz\\\/index.php\\\/2026\\\/09\\\/02\\\/apres-la-demolition-et-des-mois-dattente-les-118-familles-del-gantra-enfin-relogees\\\/#organizationLogo\"},\"sameAs\":[\"https:\\\/\\\/www.facebook.com\\\/azzedine.lasentinelle.1\"]},{\"@type\":\"Person\",\"@id\":\"https:\\\/\\\/lasentinelle.dz\\\/author\\\/admin\\\/#author\",\"url\":\"https:\\\/\\\/lasentinelle.dz\\\/author\\\/admin\\\/\",\"name\":\"admin\",\"image\":{\"@type\":\"ImageObject\",\"@id\":\"https:\\\/\\\/lasentinelle.dz\\\/index.php\\\/2026\\\/09\\\/02\\\/apres-la-demolition-et-des-mois-dattente-les-118-familles-del-gantra-enfin-relogees\\\/#authorImage\",\"url\":\"https:\\\/\\\/secure.gravatar.com\\\/avatar\\\/4c81fed838786e9b53f540bf46533e750f5d292099ae3b66cfc6fb1982e29df7?s=96&d=mm&r=g\",\"width\":96,\"height\":96,\"caption\":\"admin\"}},{\"@type\":\"WebPage\",\"@id\":\"https:\\\/\\\/lasentinelle.dz\\\/index.php\\\/2026\\\/09\\\/02\\\/apres-la-demolition-et-des-mois-dattente-les-118-familles-del-gantra-enfin-relogees\\\/#webpage\",\"url\":\"https:\\\/\\\/lasentinelle.dz\\\/index.php\\\/2026\\\/09\\\/02\\\/apres-la-demolition-et-des-mois-dattente-les-118-familles-del-gantra-enfin-relogees\\\/\",\"name\":\"Apr\\u00e8s la d\\u00e9molition et des mois d\\u2019attente : Les 118 familles d\\u2019El Gantra enfin relog\\u00e9es - La Sentinelle\",\"description\":\"L'OPGI d'Annaba entame aujourd'hui l'op\\u00e9ration de r\\u00e9gularisation administrative et financi\\u00e8re des b\\u00e9n\\u00e9ficiaires des 160 logements publics locatifs r\\u00e9alis\\u00e9s au p\\u00f4le urbain Amirat El Bahi, \\u00e0 El Gantra. Pour les 118 familles relog\\u00e9es apr\\u00e8s la d\\u00e9molition de leurs anciennes habitations, cette d\\u00e9marche constitue une \\u00e9tape d\\u00e9cisive avant l'entr\\u00e9e effective dans leurs nouveaux logements, \\u00e0 quelques jours\",\"inLanguage\":\"fr-FR\",\"isPartOf\":{\"@id\":\"https:\\\/\\\/lasentinelle.dz\\\/#website\"},\"breadcrumb\":{\"@id\":\"https:\\\/\\\/lasentinelle.dz\\\/index.php\\\/2026\\\/09\\\/02\\\/apres-la-demolition-et-des-mois-dattente-les-118-familles-del-gantra-enfin-relogees\\\/#breadcrumblist\"},\"author\":{\"@id\":\"https:\\\/\\\/lasentinelle.dz\\\/author\\\/admin\\\/#author\"},\"creator\":{\"@id\":\"https:\\\/\\\/lasentinelle.dz\\\/author\\\/admin\\\/#author\"},\"image\":{\"@type\":\"ImageObject\",\"url\":\"https:\\\/\\\/lasentinelle.dz\\\/wp-content\\\/uploads\\\/2023\\\/11\\\/relogement.jpeg\",\"@id\":\"https:\\\/\\\/lasentinelle.dz\\\/index.php\\\/2026\\\/09\\\/02\\\/apres-la-demolition-et-des-mois-dattente-les-118-familles-del-gantra-enfin-relogees\\\/#mainImage\",\"width\":512,\"height\":276},\"primaryImageOfPage\":{\"@id\":\"https:\\\/\\\/lasentinelle.dz\\\/index.php\\\/2026\\\/09\\\/02\\\/apres-la-demolition-et-des-mois-dattente-les-118-familles-del-gantra-enfin-relogees\\\/#mainImage\"},\"datePublished\":\"2026-09-02T12:21:25+01:00\",\"dateModified\":\"2026-09-02T12:21:29+01:00\"},{\"@type\":\"WebSite\",\"@id\":\"https:\\\/\\\/lasentinelle.dz\\\/#website\",\"url\":\"https:\\\/\\\/lasentinelle.dz\\\/\",\"name\":\"La Sentinelle\",\"description\":\"Quotidien national d'information\",\"inLanguage\":\"fr-FR\",\"publisher\":{\"@id\":\"https:\\\/\\\/lasentinelle.dz\\\/#organization\"}}]}\n\t\t<\/script>\n\t\t<!-- All in One SEO -->\n\n","aioseo_head_json":{"title":"Apr\u00e8s la d\u00e9molition et des mois d\u2019attente : Les 118 familles d\u2019El Gantra enfin relog\u00e9es - La Sentinelle","description":"L'OPGI d'Annaba entame aujourd'hui l'op\u00e9ration de r\u00e9gularisation administrative et financi\u00e8re des b\u00e9n\u00e9ficiaires des 160 logements publics locatifs r\u00e9alis\u00e9s au p\u00f4le urbain Amirat El Bahi, \u00e0 El Gantra. Pour les 118 familles relog\u00e9es apr\u00e8s la d\u00e9molition de leurs anciennes habitations, cette d\u00e9marche constitue une \u00e9tape d\u00e9cisive avant l'entr\u00e9e effective dans leurs nouveaux logements, \u00e0 quelques jours","canonical_url":"https:\/\/lasentinelle.dz\/index.php\/2026\/09\/02\/apres-la-demolition-et-des-mois-dattente-les-118-familles-del-gantra-enfin-relogees\/","robots":"max-image-preview:large","keywords":"","webmasterTools":{"miscellaneous":""},"schema":{"@context":"https:\/\/schema.org","@graph":[{"@type":"BlogPosting","@id":"https:\/\/lasentinelle.dz\/index.php\/2026\/09\/02\/apres-la-demolition-et-des-mois-dattente-les-118-familles-del-gantra-enfin-relogees\/#blogposting","name":"Apr\u00e8s la d\u00e9molition et des mois d\u2019attente : Les 118 familles d\u2019El Gantra enfin relog\u00e9es - La Sentinelle","headline":"Apr\u00e8s la d\u00e9molition et des mois d&rsquo;attente\u00a0: Les 118 familles d&rsquo;El Gantra enfin relog\u00e9es","author":{"@id":"https:\/\/lasentinelle.dz\/author\/admin\/#author"},"publisher":{"@id":"https:\/\/lasentinelle.dz\/#organization"},"image":{"@type":"ImageObject","url":"https:\/\/lasentinelle.dz\/wp-content\/uploads\/2023\/11\/relogement.jpeg","width":512,"height":276},"datePublished":"2026-09-02T12:21:25+01:00","dateModified":"2026-09-02T12:21:29+01:00","inLanguage":"fr-FR","mainEntityOfPage":{"@id":"https:\/\/lasentinelle.dz\/index.php\/2026\/09\/02\/apres-la-demolition-et-des-mois-dattente-les-118-familles-del-gantra-enfin-relogees\/#webpage"},"isPartOf":{"@id":"https:\/\/lasentinelle.dz\/index.php\/2026\/09\/02\/apres-la-demolition-et-des-mois-dattente-les-118-familles-del-gantra-enfin-relogees\/#webpage"},"articleSection":"R\u00e9gions"},{"@type":"BreadcrumbList","@id":"https:\/\/lasentinelle.dz\/index.php\/2026\/09\/02\/apres-la-demolition-et-des-mois-dattente-les-118-familles-del-gantra-enfin-relogees\/#breadcrumblist","itemListElement":[{"@type":"ListItem","@id":"https:\/\/lasentinelle.dz#listItem","position":1,"name":"Home","item":"https:\/\/lasentinelle.dz","nextItem":{"@type":"ListItem","@id":"https:\/\/lasentinelle.dz\/index.php\/category\/regions\/#listItem","name":"R\u00e9gions"}},{"@type":"ListItem","@id":"https:\/\/lasentinelle.dz\/index.php\/category\/regions\/#listItem","position":2,"name":"R\u00e9gions","item":"https:\/\/lasentinelle.dz\/index.php\/category\/regions\/","nextItem":{"@type":"ListItem","@id":"https:\/\/lasentinelle.dz\/index.php\/2026\/09\/02\/apres-la-demolition-et-des-mois-dattente-les-118-familles-del-gantra-enfin-relogees\/#listItem","name":"Apr\u00e8s la d\u00e9molition et des mois d&rsquo;attente\u00a0: Les 118 familles d&rsquo;El Gantra enfin relog\u00e9es"},"previousItem":{"@type":"ListItem","@id":"https:\/\/lasentinelle.dz#listItem","name":"Home"}},{"@type":"ListItem","@id":"https:\/\/lasentinelle.dz\/index.php\/2026\/09\/02\/apres-la-demolition-et-des-mois-dattente-les-118-familles-del-gantra-enfin-relogees\/#listItem","position":3,"name":"Apr\u00e8s la d\u00e9molition et des mois d&rsquo;attente\u00a0: Les 118 familles d&rsquo;El Gantra enfin relog\u00e9es","previousItem":{"@type":"ListItem","@id":"https:\/\/lasentinelle.dz\/index.php\/category\/regions\/#listItem","name":"R\u00e9gions"}}]},{"@type":"Organization","@id":"https:\/\/lasentinelle.dz\/#organization","name":"La Sentinelle La Sentinelle","description":"Quotidien national d'information","url":"https:\/\/lasentinelle.dz\/","logo":{"@type":"ImageObject","url":"https:\/\/lasentinelle.dz\/wp-content\/uploads\/2021\/09\/cropped-la-sentinelle-earth-golden-anima-5.gif","@id":"https:\/\/lasentinelle.dz\/index.php\/2026\/09\/02\/apres-la-demolition-et-des-mois-dattente-les-118-familles-del-gantra-enfin-relogees\/#organizationLogo","width":450,"height":213},"image":{"@id":"https:\/\/lasentinelle.dz\/index.php\/2026\/09\/02\/apres-la-demolition-et-des-mois-dattente-les-118-familles-del-gantra-enfin-relogees\/#organizationLogo"},"sameAs":["https:\/\/www.facebook.com\/azzedine.lasentinelle.1"]},{"@type":"Person","@id":"https:\/\/lasentinelle.dz\/author\/admin\/#author","url":"https:\/\/lasentinelle.dz\/author\/admin\/","name":"admin","image":{"@type":"ImageObject","@id":"https:\/\/lasentinelle.dz\/index.php\/2026\/09\/02\/apres-la-demolition-et-des-mois-dattente-les-118-familles-del-gantra-enfin-relogees\/#authorImage","url":"https:\/\/secure.gravatar.com\/avatar\/4c81fed838786e9b53f540bf46533e750f5d292099ae3b66cfc6fb1982e29df7?s=96&d=mm&r=g","width":96,"height":96,"caption":"admin"}},{"@type":"WebPage","@id":"https:\/\/lasentinelle.dz\/index.php\/2026\/09\/02\/apres-la-demolition-et-des-mois-dattente-les-118-familles-del-gantra-enfin-relogees\/#webpage","url":"https:\/\/lasentinelle.dz\/index.php\/2026\/09\/02\/apres-la-demolition-et-des-mois-dattente-les-118-familles-del-gantra-enfin-relogees\/","name":"Apr\u00e8s la d\u00e9molition et des mois d\u2019attente : Les 118 familles d\u2019El Gantra enfin relog\u00e9es - La Sentinelle","description":"L'OPGI d'Annaba entame aujourd'hui l'op\u00e9ration de r\u00e9gularisation administrative et financi\u00e8re des b\u00e9n\u00e9ficiaires des 160 logements publics locatifs r\u00e9alis\u00e9s au p\u00f4le urbain Amirat El Bahi, \u00e0 El Gantra. Pour les 118 familles relog\u00e9es apr\u00e8s la d\u00e9molition de leurs anciennes habitations, cette d\u00e9marche constitue une \u00e9tape d\u00e9cisive avant l'entr\u00e9e effective dans leurs nouveaux logements, \u00e0 quelques jours","inLanguage":"fr-FR","isPartOf":{"@id":"https:\/\/lasentinelle.dz\/#website"},"breadcrumb":{"@id":"https:\/\/lasentinelle.dz\/index.php\/2026\/09\/02\/apres-la-demolition-et-des-mois-dattente-les-118-familles-del-gantra-enfin-relogees\/#breadcrumblist"},"author":{"@id":"https:\/\/lasentinelle.dz\/author\/admin\/#author"},"creator":{"@id":"https:\/\/lasentinelle.dz\/author\/admin\/#author"},"image":{"@type":"ImageObject","url":"https:\/\/lasentinelle.dz\/wp-content\/uploads\/2023\/11\/relogement.jpeg","@id":"https:\/\/lasentinelle.dz\/index.php\/2026\/09\/02\/apres-la-demolition-et-des-mois-dattente-les-118-familles-del-gantra-enfin-relogees\/#mainImage","width":512,"height":276},"primaryImageOfPage":{"@id":"https:\/\/lasentinelle.dz\/index.php\/2026\/09\/02\/apres-la-demolition-et-des-mois-dattente-les-118-familles-del-gantra-enfin-relogees\/#mainImage"},"datePublished":"2026-09-02T12:21:25+01:00","dateModified":"2026-09-02T12:21:29+01:00"},{"@type":"WebSite","@id":"https:\/\/lasentinelle.dz\/#website","url":"https:\/\/lasentinelle.dz\/","name":"La Sentinelle","description":"Quotidien national d'information","inLanguage":"fr-FR","publisher":{"@id":"https:\/\/lasentinelle.dz\/#organization"}}]},"og:locale":"fr_FR","og:site_name":"La Sentinelle - Quotidien national d'information","og:type":"article","og:title":"Apr\u00e8s la d\u00e9molition et des mois d\u2019attente : Les 118 familles d\u2019El Gantra enfin relog\u00e9es - La Sentinelle","og:description":"L'OPGI d'Annaba entame aujourd'hui l'op\u00e9ration de r\u00e9gularisation administrative et financi\u00e8re des b\u00e9n\u00e9ficiaires des 160 logements publics locatifs r\u00e9alis\u00e9s au p\u00f4le urbain Amirat El Bahi, \u00e0 El Gantra. Pour les 118 familles relog\u00e9es apr\u00e8s la d\u00e9molition de leurs anciennes habitations, cette d\u00e9marche constitue une \u00e9tape d\u00e9cisive avant l'entr\u00e9e effective dans leurs nouveaux logements, \u00e0 quelques jours","og:url":"https:\/\/lasentinelle.dz\/index.php\/2026\/09\/02\/apres-la-demolition-et-des-mois-dattente-les-118-familles-del-gantra-enfin-relogees\/","og:image":"https:\/\/lasentinelle.dz\/wp-content\/uploads\/2021\/09\/cropped-la-sentinelle-earth-golden-anima-5.gif","og:image:secure_url":"https:\/\/lasentinelle.dz\/wp-content\/uploads\/2021\/09\/cropped-la-sentinelle-earth-golden-anima-5.gif","og:image:width":450,"og:image:height":213,"article:published_time":"2026-09-02T11:21:25+00:00","article:modified_time":"2026-09-02T11:21:29+00:00","article:publisher":"https:\/\/www.facebook.com\/azzedine.lasentinelle.1","twitter:card":"summary_large_image","twitter:title":"Apr\u00e8s la d\u00e9molition et des mois d\u2019attente : Les 118 familles d\u2019El Gantra enfin relog\u00e9es - La Sentinelle","twitter:description":"L'OPGI d'Annaba entame aujourd'hui l'op\u00e9ration de r\u00e9gularisation administrative et financi\u00e8re des b\u00e9n\u00e9ficiaires des 160 logements publics locatifs r\u00e9alis\u00e9s au p\u00f4le urbain Amirat El Bahi, \u00e0 El Gantra. Pour les 118 familles relog\u00e9es apr\u00e8s la d\u00e9molition de leurs anciennes habitations, cette d\u00e9marche constitue une \u00e9tape d\u00e9cisive avant l'entr\u00e9e effective dans leurs nouveaux logements, \u00e0 quelques jours","twitter:image":"https:\/\/lasentinelle.dz\/wp-content\/uploads\/2021\/09\/cropped-la-sentinelle-earth-golden-anima-5.gif"},"aioseo_meta_data":{"post_id":"94824","title":null,"description":null,"keywords":null,"keyphrases":{"focus":{"keyphrase":"","score":0,"analysis":{"keyphraseInTitle":{"score":0,"maxScore":9,"error":1}}},"additional":[]},"primary_term":null,"canonical_url":null,"og_title":null,"og_description":null,"og_object_type":"default","og_image_type":"default","og_image_url":null,"og_image_width":null,"og_image_height":null,"og_image_custom_url":null,"og_image_custom_fields":null,"og_video":"","og_custom_url":null,"og_article_section":null,"og_article_tags":null,"twitter_use_og":false,"twitter_card":"default","twitter_image_type":"default","twitter_image_url":null,"twitter_image_custom_url":null,"twitter_image_custom_fields":null,"twitter_title":null,"twitter_description":null,"schema":{"blockGraphs":[],"customGraphs":[],"default":{"data":{"Article":[],"Course":[],"Dataset":[],"FAQPage":[],"Movie":[],"Person":[],"Product":[],"ProductReview":[],"Car":[],"Recipe":[],"Service":[],"SoftwareApplication":[],"WebPage":[]},"graphName":"BlogPosting","isEnabled":true},"graphs":[]},"schema_type":"default","schema_type_options":null,"pillar_content":false,"robots_default":true,"robots_noindex":false,"robots_noarchive":false,"robots_nosnippet":false,"robots_nofollow":false,"robots_noimageindex":false,"robots_noodp":false,"robots_notranslate":false,"robots_max_snippet":"-1","robots_max_videopreview":"-1","robots_max_imagepreview":"large","priority":null,"frequency":"default","local_seo":null,"breadcrumb_settings":null,"limit_modified_date":false,"ai":{"faqs":[],"keyPoints":[],"schemas":[],"titles":[],"descriptions":[],"socialPosts":{"email":{"subject":"","preview":"","content":""},"linkedin":[],"twitter":[],"facebook":[],"instagram":[]}},"created":"2026-09-02 11:21:29","updated":"2026-09-02 12:31:43","focus_keyword":null,"additional_keywords":null,"truseo_locale":null,"seo_analyzer_scan_date":null},"aioseo_breadcrumb":"<div class=\"aioseo-breadcrumbs\"><span class=\"aioseo-breadcrumb\">\n\t\t\t<a href=\"https:\/\/lasentinelle.dz\" title=\"Home\">Home<\/a>\n\t\t<\/span><span class=\"aioseo-breadcrumb-separator\">&raquo;<\/span><span class=\"aioseo-breadcrumb\">\n\t\t\t<a href=\"https:\/\/lasentinelle.dz\/index.php\/category\/regions\/\" title=\"R\u00e9gions\">R\u00e9gions<\/a>\n\t\t<\/span><span class=\"aioseo-breadcrumb-separator\">&raquo;<\/span><span class=\"aioseo-breadcrumb\">\n\t\t\tApr\u00e8s la d\u00e9molition et des mois d\u2019attente : Les 118 familles d\u2019El Gantra enfin relog\u00e9es\n\t\t<\/span><\/div>","aioseo_breadcrumb_json":[{"label":"Home","link":"https:\/\/lasentinelle.dz"},{"label":"R\u00e9gions","link":"https:\/\/lasentinelle.dz\/index.php\/category\/regions\/"},{"label":"Apr\u00e8s la d\u00e9molition et des mois d&rsquo;attente\u00a0: Les 118 familles d&rsquo;El Gantra enfin relog\u00e9es","link":"https:\/\/lasentinelle.dz\/index.php\/2026\/09\/02\/apres-la-demolition-et-des-mois-dattente-les-118-familles-del-gantra-enfin-relogees\/"}],"yoast_head":"<!-- This site is optimized with the Yoast SEO plugin v28.4 - https:\/\/yoast.com\/product\/yoast-seo-wordpress\/ -->\n<title>Apr\u00e8s la d\u00e9molition et des mois d&rsquo;attente\u00a0: Les 118 familles d&rsquo;El Gantra enfin relog\u00e9es - La Sentinelle<\/title>\n<meta name=\"robots\" content=\"index, follow, max-snippet:-1, max-image-preview:large, max-video-preview:-1\" \/>\n<link rel=\"canonical\" href=\"https:\/\/lasentinelle.dz\/index.php\/2026\/09\/02\/apres-la-demolition-et-des-mois-dattente-les-118-familles-del-gantra-enfin-relogees\/\" \/>\n<meta property=\"og:locale\" content=\"fr_FR\" \/>\n<meta property=\"og:type\" content=\"article\" \/>\n<meta property=\"og:title\" content=\"Apr\u00e8s la d\u00e9molition et des mois d&rsquo;attente\u00a0: Les 118 familles d&rsquo;El Gantra enfin relog\u00e9es - La Sentinelle\" \/>\n<meta property=\"og:description\" content=\"L&rsquo;OPGI d&rsquo;Annaba entame aujourd&rsquo;hui l&rsquo;op\u00e9ration de r\u00e9gularisation administrative et financi\u00e8re des b\u00e9n\u00e9ficiaires des 160 logements publics locatifs r\u00e9alis\u00e9s au p\u00f4le\" \/>\n<meta property=\"og:url\" content=\"https:\/\/lasentinelle.dz\/index.php\/2026\/09\/02\/apres-la-demolition-et-des-mois-dattente-les-118-familles-del-gantra-enfin-relogees\/\" \/>\n<meta property=\"og:site_name\" content=\"La Sentinelle\" \/>\n<meta property=\"article:publisher\" content=\"https:\/\/www.facebook.com\/La-Sentinelle-104059864394773\" \/>\n<meta property=\"article:published_time\" content=\"2026-09-02T11:21:25+00:00\" \/>\n<meta property=\"article:modified_time\" content=\"2026-09-02T11:21:29+00:00\" \/>\n<meta property=\"og:image\" content=\"https:\/\/lasentinelle.dz\/wp-content\/uploads\/2023\/11\/relogement.jpeg\" \/>\n\t<meta property=\"og:image:width\" content=\"512\" \/>\n\t<meta property=\"og:image:height\" content=\"276\" \/>\n\t<meta property=\"og:image:type\" content=\"image\/jpeg\" \/>\n<meta name=\"author\" content=\"admin\" \/>\n<meta name=\"twitter:card\" content=\"summary_large_image\" \/>\n<meta name=\"twitter:label1\" content=\"\u00c9crit par\" \/>\n\t<meta name=\"twitter:data1\" content=\"admin\" \/>\n\t<meta name=\"twitter:label2\" content=\"Dur\u00e9e de lecture estim\u00e9e\" \/>\n\t<meta name=\"twitter:data2\" content=\"4 minutes\" \/>\n<script type=\"application\/ld+json\" class=\"yoast-schema-graph\">{\"@context\":\"https:\\\/\\\/schema.org\",\"@graph\":[{\"@type\":\"Article\",\"@id\":\"https:\\\/\\\/lasentinelle.dz\\\/index.php\\\/2026\\\/09\\\/02\\\/apres-la-demolition-et-des-mois-dattente-les-118-familles-del-gantra-enfin-relogees\\\/#article\",\"isPartOf\":{\"@id\":\"https:\\\/\\\/lasentinelle.dz\\\/index.php\\\/2026\\\/09\\\/02\\\/apres-la-demolition-et-des-mois-dattente-les-118-familles-del-gantra-enfin-relogees\\\/\"},\"author\":{\"name\":\"admin\",\"@id\":\"https:\\\/\\\/lasentinelle.dz\\\/#\\\/schema\\\/person\\\/729ee0024f24e0b8c5ec17232f8e8b41\"},\"headline\":\"Apr\u00e8s la d\u00e9molition et des mois d&rsquo;attente\u00a0: Les 118 familles d&rsquo;El Gantra enfin relog\u00e9es\",\"datePublished\":\"2026-09-02T11:21:25+00:00\",\"dateModified\":\"2026-09-02T11:21:29+00:00\",\"mainEntityOfPage\":{\"@id\":\"https:\\\/\\\/lasentinelle.dz\\\/index.php\\\/2026\\\/09\\\/02\\\/apres-la-demolition-et-des-mois-dattente-les-118-familles-del-gantra-enfin-relogees\\\/\"},\"wordCount\":798,\"commentCount\":0,\"publisher\":{\"@id\":\"https:\\\/\\\/lasentinelle.dz\\\/#organization\"},\"image\":{\"@id\":\"https:\\\/\\\/lasentinelle.dz\\\/index.php\\\/2026\\\/09\\\/02\\\/apres-la-demolition-et-des-mois-dattente-les-118-familles-del-gantra-enfin-relogees\\\/#primaryimage\"},\"thumbnailUrl\":\"https:\\\/\\\/lasentinelle.dz\\\/wp-content\\\/uploads\\\/2023\\\/11\\\/relogement.jpeg\",\"articleSection\":[\"R\u00e9gions\"],\"inLanguage\":\"fr-FR\",\"potentialAction\":[{\"@type\":\"CommentAction\",\"name\":\"Comment\",\"target\":[\"https:\\\/\\\/lasentinelle.dz\\\/index.php\\\/2026\\\/09\\\/02\\\/apres-la-demolition-et-des-mois-dattente-les-118-familles-del-gantra-enfin-relogees\\\/#respond\"]}]},{\"@type\":\"WebPage\",\"@id\":\"https:\\\/\\\/lasentinelle.dz\\\/index.php\\\/2026\\\/09\\\/02\\\/apres-la-demolition-et-des-mois-dattente-les-118-familles-del-gantra-enfin-relogees\\\/\",\"url\":\"https:\\\/\\\/lasentinelle.dz\\\/index.php\\\/2026\\\/09\\\/02\\\/apres-la-demolition-et-des-mois-dattente-les-118-familles-del-gantra-enfin-relogees\\\/\",\"name\":\"Apr\u00e8s la d\u00e9molition et des mois d&rsquo;attente\u00a0: Les 118 familles d&rsquo;El Gantra enfin relog\u00e9es - La Sentinelle\",\"isPartOf\":{\"@id\":\"https:\\\/\\\/lasentinelle.dz\\\/#website\"},\"primaryImageOfPage\":{\"@id\":\"https:\\\/\\\/lasentinelle.dz\\\/index.php\\\/2026\\\/09\\\/02\\\/apres-la-demolition-et-des-mois-dattente-les-118-familles-del-gantra-enfin-relogees\\\/#primaryimage\"},\"image\":{\"@id\":\"https:\\\/\\\/lasentinelle.dz\\\/index.php\\\/2026\\\/09\\\/02\\\/apres-la-demolition-et-des-mois-dattente-les-118-familles-del-gantra-enfin-relogees\\\/#primaryimage\"},\"thumbnailUrl\":\"https:\\\/\\\/lasentinelle.dz\\\/wp-content\\\/uploads\\\/2023\\\/11\\\/relogement.jpeg\",\"datePublished\":\"2026-09-02T11:21:25+00:00\",\"dateModified\":\"2026-09-02T11:21:29+00:00\",\"breadcrumb\":{\"@id\":\"https:\\\/\\\/lasentinelle.dz\\\/index.php\\\/2026\\\/09\\\/02\\\/apres-la-demolition-et-des-mois-dattente-les-118-familles-del-gantra-enfin-relogees\\\/#breadcrumb\"},\"inLanguage\":\"fr-FR\",\"potentialAction\":[{\"@type\":\"ReadAction\",\"target\":[\"https:\\\/\\\/lasentinelle.dz\\\/index.php\\\/2026\\\/09\\\/02\\\/apres-la-demolition-et-des-mois-dattente-les-118-familles-del-gantra-enfin-relogees\\\/\"]}]},{\"@type\":\"ImageObject\",\"inLanguage\":\"fr-FR\",\"@id\":\"https:\\\/\\\/lasentinelle.dz\\\/index.php\\\/2026\\\/09\\\/02\\\/apres-la-demolition-et-des-mois-dattente-les-118-familles-del-gantra-enfin-relogees\\\/#primaryimage\",\"url\":\"https:\\\/\\\/lasentinelle.dz\\\/wp-content\\\/uploads\\\/2023\\\/11\\\/relogement.jpeg\",\"contentUrl\":\"https:\\\/\\\/lasentinelle.dz\\\/wp-content\\\/uploads\\\/2023\\\/11\\\/relogement.jpeg\",\"width\":512,\"height\":276},{\"@type\":\"BreadcrumbList\",\"@id\":\"https:\\\/\\\/lasentinelle.dz\\\/index.php\\\/2026\\\/09\\\/02\\\/apres-la-demolition-et-des-mois-dattente-les-118-familles-del-gantra-enfin-relogees\\\/#breadcrumb\",\"itemListElement\":[{\"@type\":\"ListItem\",\"position\":1,\"name\":\"Accueil\",\"item\":\"https:\\\/\\\/lasentinelle.dz\\\/\"},{\"@type\":\"ListItem\",\"position\":2,\"name\":\"Apr\u00e8s la d\u00e9molition et des mois d&rsquo;attente\u00a0: Les 118 familles d&rsquo;El Gantra enfin relog\u00e9es\"}]},{\"@type\":\"WebSite\",\"@id\":\"https:\\\/\\\/lasentinelle.dz\\\/#website\",\"url\":\"https:\\\/\\\/lasentinelle.dz\\\/\",\"name\":\"La Sentinelle\",\"description\":\"Quotidien national d&#039;information\",\"publisher\":{\"@id\":\"https:\\\/\\\/lasentinelle.dz\\\/#organization\"},\"potentialAction\":[{\"@type\":\"SearchAction\",\"target\":{\"@type\":\"EntryPoint\",\"urlTemplate\":\"https:\\\/\\\/lasentinelle.dz\\\/?s={search_term_string}\"},\"query-input\":{\"@type\":\"PropertyValueSpecification\",\"valueRequired\":true,\"valueName\":\"search_term_string\"}}],\"inLanguage\":\"fr-FR\"},{\"@type\":\"Organization\",\"@id\":\"https:\\\/\\\/lasentinelle.dz\\\/#organization\",\"name\":\"Quotidien La Sentinelle\",\"url\":\"https:\\\/\\\/lasentinelle.dz\\\/\",\"logo\":{\"@type\":\"ImageObject\",\"inLanguage\":\"fr-FR\",\"@id\":\"https:\\\/\\\/lasentinelle.dz\\\/#\\\/schema\\\/logo\\\/image\\\/\",\"url\":\"https:\\\/\\\/lasentinelle.dz\\\/wp-content\\\/uploads\\\/2021\\\/09\\\/logo-sentinelleSLOGAN-1.png\",\"contentUrl\":\"https:\\\/\\\/lasentinelle.dz\\\/wp-content\\\/uploads\\\/2021\\\/09\\\/logo-sentinelleSLOGAN-1.png\",\"width\":615,\"height\":142,\"caption\":\"Quotidien La Sentinelle\"},\"image\":{\"@id\":\"https:\\\/\\\/lasentinelle.dz\\\/#\\\/schema\\\/logo\\\/image\\\/\"},\"sameAs\":[\"https:\\\/\\\/www.facebook.com\\\/La-Sentinelle-104059864394773\"]},{\"@type\":\"Person\",\"@id\":\"https:\\\/\\\/lasentinelle.dz\\\/#\\\/schema\\\/person\\\/729ee0024f24e0b8c5ec17232f8e8b41\",\"name\":\"admin\",\"image\":{\"@type\":\"ImageObject\",\"inLanguage\":\"fr-FR\",\"@id\":\"https:\\\/\\\/secure.gravatar.com\\\/avatar\\\/4c81fed838786e9b53f540bf46533e750f5d292099ae3b66cfc6fb1982e29df7?s=96&d=mm&r=g\",\"url\":\"https:\\\/\\\/secure.gravatar.com\\\/avatar\\\/4c81fed838786e9b53f540bf46533e750f5d292099ae3b66cfc6fb1982e29df7?s=96&d=mm&r=g\",\"contentUrl\":\"https:\\\/\\\/secure.gravatar.com\\\/avatar\\\/4c81fed838786e9b53f540bf46533e750f5d292099ae3b66cfc6fb1982e29df7?s=96&d=mm&r=g\",\"caption\":\"admin\"},\"description\":\"admin\",\"url\":\"https:\\\/\\\/lasentinelle.dz\\\/author\\\/admin\\\/\"}]}<\/script>\n<!-- \/ Yoast SEO plugin. -->","yoast_head_json":{"title":"Apr\u00e8s la d\u00e9molition et des mois d&rsquo;attente\u00a0: Les 118 familles d&rsquo;El Gantra enfin relog\u00e9es - La Sentinelle","robots":{"index":"index","follow":"follow","max-snippet":"max-snippet:-1","max-image-preview":"max-image-preview:large","max-video-preview":"max-video-preview:-1"},"canonical":"https:\/\/lasentinelle.dz\/index.php\/2026\/09\/02\/apres-la-demolition-et-des-mois-dattente-les-118-familles-del-gantra-enfin-relogees\/","og_locale":"fr_FR","og_type":"article","og_title":"Apr\u00e8s la d\u00e9molition et des mois d&rsquo;attente\u00a0: Les 118 familles d&rsquo;El Gantra enfin relog\u00e9es - La Sentinelle","og_description":"L&rsquo;OPGI d&rsquo;Annaba entame aujourd&rsquo;hui l&rsquo;op\u00e9ration de r\u00e9gularisation administrative et financi\u00e8re des b\u00e9n\u00e9ficiaires des 160 logements publics locatifs r\u00e9alis\u00e9s au p\u00f4le","og_url":"https:\/\/lasentinelle.dz\/index.php\/2026\/09\/02\/apres-la-demolition-et-des-mois-dattente-les-118-familles-del-gantra-enfin-relogees\/","og_site_name":"La Sentinelle","article_publisher":"https:\/\/www.facebook.com\/La-Sentinelle-104059864394773","article_published_time":"2026-09-02T11:21:25+00:00","article_modified_time":"2026-09-02T11:21:29+00:00","og_image":[{"width":512,"height":276,"url":"https:\/\/lasentinelle.dz\/wp-content\/uploads\/2023\/11\/relogement.jpeg","type":"image\/jpeg"}],"author":"admin","twitter_card":"summary_large_image","twitter_misc":{"\u00c9crit par":"admin","Dur\u00e9e de lecture estim\u00e9e":"4 minutes"},"schema":{"@context":"https:\/\/schema.org","@graph":[{"@type":"Article","@id":"https:\/\/lasentinelle.dz\/index.php\/2026\/09\/02\/apres-la-demolition-et-des-mois-dattente-les-118-familles-del-gantra-enfin-relogees\/#article","isPartOf":{"@id":"https:\/\/lasentinelle.dz\/index.php\/2026\/09\/02\/apres-la-demolition-et-des-mois-dattente-les-118-familles-del-gantra-enfin-relogees\/"},"author":{"name":"admin","@id":"https:\/\/lasentinelle.dz\/#\/schema\/person\/729ee0024f24e0b8c5ec17232f8e8b41"},"headline":"Apr\u00e8s la d\u00e9molition et des mois d&rsquo;attente\u00a0: Les 118 familles d&rsquo;El Gantra enfin relog\u00e9es","datePublished":"2026-09-02T11:21:25+00:00","dateModified":"2026-09-02T11:21:29+00:00","mainEntityOfPage":{"@id":"https:\/\/lasentinelle.dz\/index.php\/2026\/09\/02\/apres-la-demolition-et-des-mois-dattente-les-118-familles-del-gantra-enfin-relogees\/"},"wordCount":798,"commentCount":0,"publisher":{"@id":"https:\/\/lasentinelle.dz\/#organization"},"image":{"@id":"https:\/\/lasentinelle.dz\/index.php\/2026\/09\/02\/apres-la-demolition-et-des-mois-dattente-les-118-familles-del-gantra-enfin-relogees\/#primaryimage"},"thumbnailUrl":"https:\/\/lasentinelle.dz\/wp-content\/uploads\/2023\/11\/relogement.jpeg","articleSection":["R\u00e9gions"],"inLanguage":"fr-FR","potentialAction":[{"@type":"CommentAction","name":"Comment","target":["https:\/\/lasentinelle.dz\/index.php\/2026\/09\/02\/apres-la-demolition-et-des-mois-dattente-les-118-familles-del-gantra-enfin-relogees\/#respond"]}]},{"@type":"WebPage","@id":"https:\/\/lasentinelle.dz\/index.php\/2026\/09\/02\/apres-la-demolition-et-des-mois-dattente-les-118-familles-del-gantra-enfin-relogees\/","url":"https:\/\/lasentinelle.dz\/index.php\/2026\/09\/02\/apres-la-demolition-et-des-mois-dattente-les-118-familles-del-gantra-enfin-relogees\/","name":"Apr\u00e8s la d\u00e9molition et des mois d&rsquo;attente\u00a0: Les 118 familles d&rsquo;El Gantra enfin relog\u00e9es - La Sentinelle","isPartOf":{"@id":"https:\/\/lasentinelle.dz\/#website"},"primaryImageOfPage":{"@id":"https:\/\/lasentinelle.dz\/index.php\/2026\/09\/02\/apres-la-demolition-et-des-mois-dattente-les-118-familles-del-gantra-enfin-relogees\/#primaryimage"},"image":{"@id":"https:\/\/lasentinelle.dz\/index.php\/2026\/09\/02\/apres-la-demolition-et-des-mois-dattente-les-118-familles-del-gantra-enfin-relogees\/#primaryimage"},"thumbnailUrl":"https:\/\/lasentinelle.dz\/wp-content\/uploads\/2023\/11\/relogement.jpeg","datePublished":"2026-09-02T11:21:25+00:00","dateModified":"2026-09-02T11:21:29+00:00","breadcrumb":{"@id":"https:\/\/lasentinelle.dz\/index.php\/2026\/09\/02\/apres-la-demolition-et-des-mois-dattente-les-118-familles-del-gantra-enfin-relogees\/#breadcrumb"},"inLanguage":"fr-FR","potentialAction":[{"@type":"ReadAction","target":["https:\/\/lasentinelle.dz\/index.php\/2026\/09\/02\/apres-la-demolition-et-des-mois-dattente-les-118-familles-del-gantra-enfin-relogees\/"]}]},{"@type":"ImageObject","inLanguage":"fr-FR","@id":"https:\/\/lasentinelle.dz\/index.php\/2026\/09\/02\/apres-la-demolition-et-des-mois-dattente-les-118-familles-del-gantra-enfin-relogees\/#primaryimage","url":"https:\/\/lasentinelle.dz\/wp-content\/uploads\/2023\/11\/relogement.jpeg","contentUrl":"https:\/\/lasentinelle.dz\/wp-content\/uploads\/2023\/11\/relogement.jpeg","width":512,"height":276},{"@type":"BreadcrumbList","@id":"https:\/\/lasentinelle.dz\/index.php\/2026\/09\/02\/apres-la-demolition-et-des-mois-dattente-les-118-familles-del-gantra-enfin-relogees\/#breadcrumb","itemListElement":[{"@type":"ListItem","position":1,"name":"Accueil","item":"https:\/\/lasentinelle.dz\/"},{"@type":"ListItem","position":2,"name":"Apr\u00e8s la d\u00e9molition et des mois d&rsquo;attente\u00a0: Les 118 familles d&rsquo;El Gantra enfin relog\u00e9es"}]},{"@type":"WebSite","@id":"https:\/\/lasentinelle.dz\/#website","url":"https:\/\/lasentinelle.dz\/","name":"La Sentinelle","description":"Quotidien national d&#039;information","publisher":{"@id":"https:\/\/lasentinelle.dz\/#organization"},"potentialAction":[{"@type":"SearchAction","target":{"@type":"EntryPoint","urlTemplate":"https:\/\/lasentinelle.dz\/?s={search_term_string}"},"query-input":{"@type":"PropertyValueSpecification","valueRequired":true,"valueName":"search_term_string"}}],"inLanguage":"fr-FR"},{"@type":"Organization","@id":"https:\/\/lasentinelle.dz\/#organization","name":"Quotidien La Sentinelle","url":"https:\/\/lasentinelle.dz\/","logo":{"@type":"ImageObject","inLanguage":"fr-FR","@id":"https:\/\/lasentinelle.dz\/#\/schema\/logo\/image\/","url":"https:\/\/lasentinelle.dz\/wp-content\/uploads\/2021\/09\/logo-sentinelleSLOGAN-1.png","contentUrl":"https:\/\/lasentinelle.dz\/wp-content\/uploads\/2021\/09\/logo-sentinelleSLOGAN-1.png","width":615,"height":142,"caption":"Quotidien La Sentinelle"},"image":{"@id":"https:\/\/lasentinelle.dz\/#\/schema\/logo\/image\/"},"sameAs":["https:\/\/www.facebook.com\/La-Sentinelle-104059864394773"]},{"@type":"Person","@id":"https:\/\/lasentinelle.dz\/#\/schema\/person\/729ee0024f24e0b8c5ec17232f8e8b41","name":"admin","image":{"@type":"ImageObject","inLanguage":"fr-FR","@id":"https:\/\/secure.gravatar.com\/avatar\/4c81fed838786e9b53f540bf46533e750f5d292099ae3b66cfc6fb1982e29df7?s=96&d=mm&r=g","url":"https:\/\/secure.gravatar.com\/avatar\/4c81fed838786e9b53f540bf46533e750f5d292099ae3b66cfc6fb1982e29df7?s=96&d=mm&r=g","contentUrl":"https:\/\/secure.gravatar.com\/avatar\/4c81fed838786e9b53f540bf46533e750f5d292099ae3b66cfc6fb1982e29df7?s=96&d=mm&r=g","caption":"admin"},"description":"admin","url":"https:\/\/lasentinelle.dz\/author\/admin\/"}]}},"_links":{"self":[{"href":"https:\/\/lasentinelle.dz\/index.php\/wp-json\/wp\/v2\/posts\/94824","targetHints":{"allow":["GET"]}}],"collection":[{"href":"https:\/\/lasentinelle.dz\/index.php\/wp-json\/wp\/v2\/posts"}],"about":[{"href":"https:\/\/lasentinelle.dz\/index.php\/wp-json\/wp\/v2\/types\/post"}],"author":[{"embeddable":true,"href":"https:\/\/lasentinelle.dz\/index.php\/wp-json\/wp\/v2\/users\/6"}],"replies":[{"embeddable":true,"href":"https:\/\/lasentinelle.dz\/index.php\/wp-json\/wp\/v2\/comments?post=94824"}],"version-history":[{"count":2,"href":"https:\/\/lasentinelle.dz\/index.php\/wp-json\/wp\/v2\/posts\/94824\/revisions"}],"predecessor-version":[{"id":94826,"href":"https:\/\/lasentinelle.dz\/index.php\/wp-json\/wp\/v2\/posts\/94824\/revisions\/94826"}],"wp:featuredmedia":[{"embeddable":true,"href":"https:\/\/lasentinelle.dz\/index.php\/wp-json\/wp\/v2\/media\/47484"}],"wp:attachment":[{"href":"https:\/\/lasentinelle.dz\/index.php\/wp-json\/wp\/v2\/media?parent=94824"}],"wp:term":[{"taxonomy":"category","embeddable":true,"href":"https:\/\/lasentinelle.dz\/index.php\/wp-json\/wp\/v2\/categories?post=94824"},{"taxonomy":"post_tag","embeddable":true,"href":"https:\/\/lasentinelle.dz\/index.php\/wp-json\/wp\/v2\/tags?post=94824"}],"curies":[{"name":"wp","href":"https:\/\/api.w.org\/{rel}","templated":true}]}}