{"id":94827,"date":"2026-09-02T12:24:19","date_gmt":"2026-09-02T11:24:19","guid":{"rendered":"https:\/\/lasentinelle.dz\/?p=94827"},"modified":"2026-09-02T12:24:23","modified_gmt":"2026-09-02T11:24:23","slug":"annaba-un-nouveau-complexe-hotelier-sur-les-hauteurs-de-la-ville","status":"publish","type":"post","link":"https:\/\/lasentinelle.dz\/index.php\/2026\/09\/02\/annaba-un-nouveau-complexe-hotelier-sur-les-hauteurs-de-la-ville\/","title":{"rendered":"Annaba\u00a0: Un nouveau complexe h\u00f4telier sur les hauteurs de la ville"},"content":{"rendered":"\n<p class=\"wp-block-paragraph\">Le parc h\u00f4telier d&rsquo;Annaba poursuit son d\u00e9veloppement avec l&rsquo;arriv\u00e9e de nouveaux \u00e9tablissements destin\u00e9s \u00e0 renforcer les capacit\u00e9s d&rsquo;accueil de la wilaya. \u00c0 Sidi A\u00efssa, un complexe dont les travaux sont presque achev\u00e9s devrait entrer en exploitation en 2027, alors que 14 projets h\u00f4teliers et touristiques sont actuellement en cours de r\u00e9alisation.<\/p>\n\n\n\n<p class=\"wp-block-paragraph\">L&rsquo;offre h\u00f4teli\u00e8re \u00e0 Annaba continue de se renforcer au rythme de la dynamique touristique que conna\u00eet cette wilaya, touristique par excellence. Le nouveau projet implant\u00e9 \u00e0 Sidi A\u00efssa devrait ainsi rejoindre prochainement le parc h\u00f4telier local. Il s&rsquo;agit d&rsquo;un complexe touristique comprenant un h\u00f4tel de 186 chambres, dont la r\u00e9alisation est aujourd&rsquo;hui \u00e0 un stade avanc\u00e9. Le projet a fait r\u00e9cemment l&rsquo;objet d&rsquo;une visite de terrain de repr\u00e9sentants du guichet unique d\u00e9centralis\u00e9 de l&rsquo;Agence alg\u00e9rienne de promotion de l&rsquo;investissement (AAPI) d&rsquo;Annaba, dans le cadre de l&rsquo;accompagnement des investisseurs et de l&rsquo;examen d&rsquo;une demande de prorogation des d\u00e9lais de r\u00e9alisation et de b\u00e9n\u00e9fice des avantages.<\/p>\n\n\n\n<p class=\"wp-block-paragraph\">La visite a permis de constater que l&rsquo;essentiel des travaux est achev\u00e9 et que le projet ne n\u00e9cessite d\u00e9sormais que les derni\u00e8res finitions ainsi que la mise en place des \u00e9quipements n\u00e9cessaires \u00e0 son exploitation. Outre ses 186 chambres, le complexe disposera d&rsquo;espaces de d\u00e9tente et de loisirs et devrait g\u00e9n\u00e9rer plus de 200 emplois. Le guichet unique devrait accompagner l&rsquo;investisseur pour permettre la finalisation du projet et son entr\u00e9e en service au cours de l&rsquo;exercice 2027. Cette nouvelle infrastructure vient conforter une \u00e9volution d\u00e9j\u00e0 engag\u00e9e dans le parc h\u00f4telier annabi. Avec le lancement de la saison estivale 2026, quatre nouveaux h\u00f4tels ont int\u00e9gr\u00e9 le parc, apportant une capacit\u00e9 suppl\u00e9mentaire de 584 lits et permettant la cr\u00e9ation de 175 emplois. Le nombre d&rsquo;\u00e9tablissements h\u00f4teliers en exploitation dans la wilaya a ainsi atteint 51 h\u00f4tels. Cette progression accompagne l&rsquo;ambition de faire d&rsquo;Annaba une destination touristique davantage structur\u00e9e, notamment gr\u00e2ce \u00e0 son littoral, \u00e0 son patrimoine et \u00e0 ses sites naturels. La hausse des capacit\u00e9s d&rsquo;h\u00e9bergement appara\u00eet d&rsquo;autant plus n\u00e9cessaire que la wilaya conna\u00eet une importante affluence durant la saison estivale et cherche \u00e0 d\u00e9velopper une activit\u00e9 touristique moins concentr\u00e9e sur les seuls mois d&rsquo;\u00e9t\u00e9.<\/p>\n\n\n\n<p class=\"wp-block-paragraph\">Les services de la direction du tourisme et de l&rsquo;artisanat suivent, dans ce contexte, plusieurs investissements en cours et multiplient les sorties de terrain afin d&rsquo;accompagner les porteurs de projets, d&rsquo;identifier les contraintes et d&rsquo;inciter les investisseurs \u00e0 acc\u00e9l\u00e9rer les travaux. Selon les donn\u00e9es pr\u00e9sent\u00e9es aux services de la wilaya, 14 h\u00f4tels et projets touristiques sont actuellement en cours de r\u00e9alisation, devant apporter \u00e0 terme environ 1 100 lits suppl\u00e9mentaires. Certains chantiers affichent d\u00e9j\u00e0 des taux d&rsquo;avancement proches de 90 %. Le d\u00e9veloppement du secteur reste toutefois confront\u00e9 \u00e0 plusieurs projets \u00e0 l&rsquo;arr\u00eat. La wilaya fait \u00e9tat de 35 projets touristiques bloqu\u00e9s, dont une partie n&rsquo;a pas encore d\u00e9marr\u00e9, tandis que d&rsquo;autres affichent des taux d&rsquo;avancement compris entre 40 et 60 %. Les autorit\u00e9s locales ont engag\u00e9 des d\u00e9marches pour lever les contraintes administratives et les r\u00e9serves identifi\u00e9es. Pour plusieurs op\u00e9rations, les difficult\u00e9s demeurent n\u00e9anmoins li\u00e9es principalement au financement bancaire. Parall\u00e8lement, la wilaya poursuit la r\u00e9cup\u00e9ration des assiettes fonci\u00e8res attribu\u00e9es \u00e0 des investisseurs n&rsquo;ayant pas engag\u00e9 les travaux, afin de les r\u00e9orienter vers des projets susceptibles d&rsquo;\u00eatre concr\u00e9tis\u00e9s. Cette d\u00e9marche accompagne les efforts visant \u00e0 rendre les zones d&rsquo;expansion touristique (ZET) plus attractives pour les investisseurs. \u00c0 Oued Bakrat 2, dans la commune de Sera\u00efdi, plusieurs projets touristiques et de services sont notamment appel\u00e9s \u00e0 b\u00e9n\u00e9ficier de l&rsquo;am\u00e9lioration de l&rsquo;accessibilit\u00e9, avec en particulier la r\u00e9alisation de la nouvelle liaison c\u00f4ti\u00e8re Ras El Hamra-Djenen El Bey, longue de 8 km. Cette infrastructure devrait faciliter l&rsquo;acc\u00e8s \u00e0 cette zone aux paysages remarquables et favoriser l&rsquo;implantation de structures de loisirs, de d\u00e9tente et d&rsquo;h\u00e9bergement. Les autorit\u00e9s misent \u00e9galement sur la r\u00e9vision des plans d&rsquo;am\u00e9nagement touristique et sur la r\u00e9alisation des r\u00e9seaux n\u00e9cessaires dans les zones d&rsquo;expansion. \u00c0 Oued Bakrat 2 comme dans la zone du Golfe Ouest \u00e0 Cheta\u00efbi, l&rsquo;objectif est de r\u00e9gler progressivement les contraintes fonci\u00e8res, administratives et techniques qui ont longtemps frein\u00e9 l&rsquo;investissement. Dans la commune de Cheta\u00efbi, justement, des travaux d&rsquo;am\u00e9nagement sont engag\u00e9s pour pr\u00e9parer la zone \u00e0 accueillir des projets touristiques. Ils portent notamment sur l&rsquo;ouverture de voies, l&rsquo;\u00e9vacuation des eaux et la r\u00e9alisation des r\u00e9seaux d&rsquo;\u00e9nergie et d&rsquo;alimentation en eau. Une mise \u00e0 niveau attendue pour une r\u00e9gion qui attire chaque \u00e9t\u00e9 un nombre important d&rsquo;estivants mais demeure encore faiblement dot\u00e9e en infrastructures h\u00f4teli\u00e8res.<\/p>\n\n\n\n<p class=\"wp-block-paragraph\">Sofia Chahine<\/p>\n","protected":false},"excerpt":{"rendered":"<p>Le parc h\u00f4telier d&rsquo;Annaba poursuit son d\u00e9veloppement avec l&rsquo;arriv\u00e9e de nouveaux \u00e9tablissements destin\u00e9s \u00e0 renforcer les capacit\u00e9s d&rsquo;accueil de la<\/p>\n","protected":false},"author":6,"featured_media":94828,"comment_status":"open","ping_status":"closed","sticky":false,"template":"","format":"standard","meta":{"colormag_page_container_layout":"default_layout","colormag_page_sidebar_layout":"default_layout","om_disable_all_campaigns":false,"_monsterinsights_skip_tracking":false,"footnotes":"","_wpscppro_dont_share_socialmedia":false,"_wpscppro_custom_social_share_image":0,"_facebook_share_type":"default","_twitter_share_type":"default","_linkedin_share_type":"default","_pinterest_share_type":"default","_linkedin_share_type_page":"","_instagram_share_type":"default","_medium_share_type":"default","_threads_share_type":"default","_google_business_share_type":"default","_bluesky_share_type":"default","_mastodon_share_type":"default","_selected_social_profile":[],"_wpsp_enable_custom_social_template":false,"_wpsp_social_scheduling":{"enabled":false,"datetime":null,"platforms":[],"status":"template_only","dateOption":"today","timeOption":"now","customDays":"","customHours":"","customDate":"","customTime":"","schedulingType":"absolute"},"_wpsp_active_default_template":true},"categories":[31],"tags":[],"class_list":["post-94827","post","type-post","status-publish","format-standard","has-post-thumbnail","hentry","category-regions"],"aioseo_notices":[],"aioseo_head":"\n\t\t<!-- All in One SEO 5.0.0.1 - aioseo.com -->\n\t<meta name=\"description\" content=\"Le parc h\u00f4telier d&#039;Annaba poursuit son d\u00e9veloppement avec l&#039;arriv\u00e9e de nouveaux \u00e9tablissements destin\u00e9s \u00e0 renforcer les capacit\u00e9s d&#039;accueil de la wilaya. \u00c0 Sidi A\u00efssa, un complexe dont les travaux sont presque achev\u00e9s devrait entrer en exploitation en 2027, alors que 14 projets h\u00f4teliers et touristiques sont actuellement en cours de r\u00e9alisation. L&#039;offre h\u00f4teli\u00e8re \u00e0 Annaba\" \/>\n\t<meta name=\"robots\" content=\"max-image-preview:large\" \/>\n\t<meta name=\"author\" content=\"admin\"\/>\n\t<link rel=\"canonical\" href=\"https:\/\/lasentinelle.dz\/index.php\/2026\/09\/02\/annaba-un-nouveau-complexe-hotelier-sur-les-hauteurs-de-la-ville\/\" \/>\n\t<meta name=\"generator\" content=\"All in One SEO (AIOSEO) 5.0.0.1\" \/>\n\t\t<meta property=\"og:locale\" content=\"fr_FR\" \/>\n\t\t<meta property=\"og:site_name\" content=\"La Sentinelle - Quotidien national d&#039;information\" \/>\n\t\t<meta property=\"og:type\" content=\"article\" \/>\n\t\t<meta property=\"og:title\" content=\"Annaba : Un nouveau complexe h\u00f4telier sur les hauteurs de la ville - La Sentinelle\" \/>\n\t\t<meta property=\"og:description\" content=\"Le parc h\u00f4telier d&#039;Annaba poursuit son d\u00e9veloppement avec l&#039;arriv\u00e9e de nouveaux \u00e9tablissements destin\u00e9s \u00e0 renforcer les capacit\u00e9s d&#039;accueil de la wilaya. \u00c0 Sidi A\u00efssa, un complexe dont les travaux sont presque achev\u00e9s devrait entrer en exploitation en 2027, alors que 14 projets h\u00f4teliers et touristiques sont actuellement en cours de r\u00e9alisation. L&#039;offre h\u00f4teli\u00e8re \u00e0 Annaba\" \/>\n\t\t<meta property=\"og:url\" content=\"https:\/\/lasentinelle.dz\/index.php\/2026\/09\/02\/annaba-un-nouveau-complexe-hotelier-sur-les-hauteurs-de-la-ville\/\" \/>\n\t\t<meta property=\"og:image\" content=\"https:\/\/lasentinelle.dz\/wp-content\/uploads\/2021\/09\/cropped-la-sentinelle-earth-golden-anima-5.gif\" \/>\n\t\t<meta property=\"og:image:secure_url\" content=\"https:\/\/lasentinelle.dz\/wp-content\/uploads\/2021\/09\/cropped-la-sentinelle-earth-golden-anima-5.gif\" \/>\n\t\t<meta property=\"og:image:width\" content=\"450\" \/>\n\t\t<meta property=\"og:image:height\" content=\"213\" \/>\n\t\t<meta property=\"article:published_time\" content=\"2026-09-02T11:24:19+00:00\" \/>\n\t\t<meta property=\"article:modified_time\" content=\"2026-09-02T11:24:23+00:00\" \/>\n\t\t<meta property=\"article:publisher\" content=\"https:\/\/www.facebook.com\/azzedine.lasentinelle.1\" \/>\n\t\t<meta name=\"twitter:card\" content=\"summary_large_image\" \/>\n\t\t<meta name=\"twitter:title\" content=\"Annaba : Un nouveau complexe h\u00f4telier sur les hauteurs de la ville - La Sentinelle\" \/>\n\t\t<meta name=\"twitter:description\" content=\"Le parc h\u00f4telier d&#039;Annaba poursuit son d\u00e9veloppement avec l&#039;arriv\u00e9e de nouveaux \u00e9tablissements destin\u00e9s \u00e0 renforcer les capacit\u00e9s d&#039;accueil de la wilaya. \u00c0 Sidi A\u00efssa, un complexe dont les travaux sont presque achev\u00e9s devrait entrer en exploitation en 2027, alors que 14 projets h\u00f4teliers et touristiques sont actuellement en cours de r\u00e9alisation. L&#039;offre h\u00f4teli\u00e8re \u00e0 Annaba\" \/>\n\t\t<meta name=\"twitter:image\" content=\"https:\/\/lasentinelle.dz\/wp-content\/uploads\/2021\/09\/cropped-la-sentinelle-earth-golden-anima-5.gif\" \/>\n\t\t<script type=\"application\/ld+json\" class=\"aioseo-schema\">\n\t\t\t{\"@context\":\"https:\\\/\\\/schema.org\",\"@graph\":[{\"@type\":\"BlogPosting\",\"@id\":\"https:\\\/\\\/lasentinelle.dz\\\/index.php\\\/2026\\\/09\\\/02\\\/annaba-un-nouveau-complexe-hotelier-sur-les-hauteurs-de-la-ville\\\/#blogposting\",\"name\":\"Annaba : Un nouveau complexe h\\u00f4telier sur les hauteurs de la ville - La Sentinelle\",\"headline\":\"Annaba\\u00a0: Un nouveau complexe h\\u00f4telier sur les hauteurs de la ville\",\"author\":{\"@id\":\"https:\\\/\\\/lasentinelle.dz\\\/author\\\/admin\\\/#author\"},\"publisher\":{\"@id\":\"https:\\\/\\\/lasentinelle.dz\\\/#organization\"},\"image\":{\"@type\":\"ImageObject\",\"url\":\"https:\\\/\\\/lasentinelle.dz\\\/wp-content\\\/uploads\\\/2026\\\/09\\\/Hotels-Annaba.webp\",\"width\":800,\"height\":450},\"datePublished\":\"2026-09-02T12:24:19+01:00\",\"dateModified\":\"2026-09-02T12:24:23+01:00\",\"inLanguage\":\"fr-FR\",\"mainEntityOfPage\":{\"@id\":\"https:\\\/\\\/lasentinelle.dz\\\/index.php\\\/2026\\\/09\\\/02\\\/annaba-un-nouveau-complexe-hotelier-sur-les-hauteurs-de-la-ville\\\/#webpage\"},\"isPartOf\":{\"@id\":\"https:\\\/\\\/lasentinelle.dz\\\/index.php\\\/2026\\\/09\\\/02\\\/annaba-un-nouveau-complexe-hotelier-sur-les-hauteurs-de-la-ville\\\/#webpage\"},\"articleSection\":\"R\\u00e9gions\"},{\"@type\":\"BreadcrumbList\",\"@id\":\"https:\\\/\\\/lasentinelle.dz\\\/index.php\\\/2026\\\/09\\\/02\\\/annaba-un-nouveau-complexe-hotelier-sur-les-hauteurs-de-la-ville\\\/#breadcrumblist\",\"itemListElement\":[{\"@type\":\"ListItem\",\"@id\":\"https:\\\/\\\/lasentinelle.dz#listItem\",\"position\":1,\"name\":\"Home\",\"item\":\"https:\\\/\\\/lasentinelle.dz\",\"nextItem\":{\"@type\":\"ListItem\",\"@id\":\"https:\\\/\\\/lasentinelle.dz\\\/index.php\\\/category\\\/regions\\\/#listItem\",\"name\":\"R\\u00e9gions\"}},{\"@type\":\"ListItem\",\"@id\":\"https:\\\/\\\/lasentinelle.dz\\\/index.php\\\/category\\\/regions\\\/#listItem\",\"position\":2,\"name\":\"R\\u00e9gions\",\"item\":\"https:\\\/\\\/lasentinelle.dz\\\/index.php\\\/category\\\/regions\\\/\",\"nextItem\":{\"@type\":\"ListItem\",\"@id\":\"https:\\\/\\\/lasentinelle.dz\\\/index.php\\\/2026\\\/09\\\/02\\\/annaba-un-nouveau-complexe-hotelier-sur-les-hauteurs-de-la-ville\\\/#listItem\",\"name\":\"Annaba\\u00a0: Un nouveau complexe h\\u00f4telier sur les hauteurs de la ville\"},\"previousItem\":{\"@type\":\"ListItem\",\"@id\":\"https:\\\/\\\/lasentinelle.dz#listItem\",\"name\":\"Home\"}},{\"@type\":\"ListItem\",\"@id\":\"https:\\\/\\\/lasentinelle.dz\\\/index.php\\\/2026\\\/09\\\/02\\\/annaba-un-nouveau-complexe-hotelier-sur-les-hauteurs-de-la-ville\\\/#listItem\",\"position\":3,\"name\":\"Annaba\\u00a0: Un nouveau complexe h\\u00f4telier sur les hauteurs de la ville\",\"previousItem\":{\"@type\":\"ListItem\",\"@id\":\"https:\\\/\\\/lasentinelle.dz\\\/index.php\\\/category\\\/regions\\\/#listItem\",\"name\":\"R\\u00e9gions\"}}]},{\"@type\":\"Organization\",\"@id\":\"https:\\\/\\\/lasentinelle.dz\\\/#organization\",\"name\":\"La Sentinelle La Sentinelle\",\"description\":\"Quotidien national d'information\",\"url\":\"https:\\\/\\\/lasentinelle.dz\\\/\",\"logo\":{\"@type\":\"ImageObject\",\"url\":\"https:\\\/\\\/lasentinelle.dz\\\/wp-content\\\/uploads\\\/2021\\\/09\\\/cropped-la-sentinelle-earth-golden-anima-5.gif\",\"@id\":\"https:\\\/\\\/lasentinelle.dz\\\/index.php\\\/2026\\\/09\\\/02\\\/annaba-un-nouveau-complexe-hotelier-sur-les-hauteurs-de-la-ville\\\/#organizationLogo\",\"width\":450,\"height\":213},\"image\":{\"@id\":\"https:\\\/\\\/lasentinelle.dz\\\/index.php\\\/2026\\\/09\\\/02\\\/annaba-un-nouveau-complexe-hotelier-sur-les-hauteurs-de-la-ville\\\/#organizationLogo\"},\"sameAs\":[\"https:\\\/\\\/www.facebook.com\\\/azzedine.lasentinelle.1\"]},{\"@type\":\"Person\",\"@id\":\"https:\\\/\\\/lasentinelle.dz\\\/author\\\/admin\\\/#author\",\"url\":\"https:\\\/\\\/lasentinelle.dz\\\/author\\\/admin\\\/\",\"name\":\"admin\",\"image\":{\"@type\":\"ImageObject\",\"@id\":\"https:\\\/\\\/lasentinelle.dz\\\/index.php\\\/2026\\\/09\\\/02\\\/annaba-un-nouveau-complexe-hotelier-sur-les-hauteurs-de-la-ville\\\/#authorImage\",\"url\":\"https:\\\/\\\/secure.gravatar.com\\\/avatar\\\/4c81fed838786e9b53f540bf46533e750f5d292099ae3b66cfc6fb1982e29df7?s=96&d=mm&r=g\",\"width\":96,\"height\":96,\"caption\":\"admin\"}},{\"@type\":\"WebPage\",\"@id\":\"https:\\\/\\\/lasentinelle.dz\\\/index.php\\\/2026\\\/09\\\/02\\\/annaba-un-nouveau-complexe-hotelier-sur-les-hauteurs-de-la-ville\\\/#webpage\",\"url\":\"https:\\\/\\\/lasentinelle.dz\\\/index.php\\\/2026\\\/09\\\/02\\\/annaba-un-nouveau-complexe-hotelier-sur-les-hauteurs-de-la-ville\\\/\",\"name\":\"Annaba : Un nouveau complexe h\\u00f4telier sur les hauteurs de la ville - La Sentinelle\",\"description\":\"Le parc h\\u00f4telier d'Annaba poursuit son d\\u00e9veloppement avec l'arriv\\u00e9e de nouveaux \\u00e9tablissements destin\\u00e9s \\u00e0 renforcer les capacit\\u00e9s d'accueil de la wilaya. \\u00c0 Sidi A\\u00efssa, un complexe dont les travaux sont presque achev\\u00e9s devrait entrer en exploitation en 2027, alors que 14 projets h\\u00f4teliers et touristiques sont actuellement en cours de r\\u00e9alisation. L'offre h\\u00f4teli\\u00e8re \\u00e0 Annaba\",\"inLanguage\":\"fr-FR\",\"isPartOf\":{\"@id\":\"https:\\\/\\\/lasentinelle.dz\\\/#website\"},\"breadcrumb\":{\"@id\":\"https:\\\/\\\/lasentinelle.dz\\\/index.php\\\/2026\\\/09\\\/02\\\/annaba-un-nouveau-complexe-hotelier-sur-les-hauteurs-de-la-ville\\\/#breadcrumblist\"},\"author\":{\"@id\":\"https:\\\/\\\/lasentinelle.dz\\\/author\\\/admin\\\/#author\"},\"creator\":{\"@id\":\"https:\\\/\\\/lasentinelle.dz\\\/author\\\/admin\\\/#author\"},\"image\":{\"@type\":\"ImageObject\",\"url\":\"https:\\\/\\\/lasentinelle.dz\\\/wp-content\\\/uploads\\\/2026\\\/09\\\/Hotels-Annaba.webp\",\"@id\":\"https:\\\/\\\/lasentinelle.dz\\\/index.php\\\/2026\\\/09\\\/02\\\/annaba-un-nouveau-complexe-hotelier-sur-les-hauteurs-de-la-ville\\\/#mainImage\",\"width\":800,\"height\":450},\"primaryImageOfPage\":{\"@id\":\"https:\\\/\\\/lasentinelle.dz\\\/index.php\\\/2026\\\/09\\\/02\\\/annaba-un-nouveau-complexe-hotelier-sur-les-hauteurs-de-la-ville\\\/#mainImage\"},\"datePublished\":\"2026-09-02T12:24:19+01:00\",\"dateModified\":\"2026-09-02T12:24:23+01:00\"},{\"@type\":\"WebSite\",\"@id\":\"https:\\\/\\\/lasentinelle.dz\\\/#website\",\"url\":\"https:\\\/\\\/lasentinelle.dz\\\/\",\"name\":\"La Sentinelle\",\"description\":\"Quotidien national d'information\",\"inLanguage\":\"fr-FR\",\"publisher\":{\"@id\":\"https:\\\/\\\/lasentinelle.dz\\\/#organization\"}}]}\n\t\t<\/script>\n\t\t<!-- All in One SEO -->\n\n","aioseo_head_json":{"title":"Annaba : Un nouveau complexe h\u00f4telier sur les hauteurs de la ville - La Sentinelle","description":"Le parc h\u00f4telier d'Annaba poursuit son d\u00e9veloppement avec l'arriv\u00e9e de nouveaux \u00e9tablissements destin\u00e9s \u00e0 renforcer les capacit\u00e9s d'accueil de la wilaya. \u00c0 Sidi A\u00efssa, un complexe dont les travaux sont presque achev\u00e9s devrait entrer en exploitation en 2027, alors que 14 projets h\u00f4teliers et touristiques sont actuellement en cours de r\u00e9alisation. L'offre h\u00f4teli\u00e8re \u00e0 Annaba","canonical_url":"https:\/\/lasentinelle.dz\/index.php\/2026\/09\/02\/annaba-un-nouveau-complexe-hotelier-sur-les-hauteurs-de-la-ville\/","robots":"max-image-preview:large","keywords":"","webmasterTools":{"miscellaneous":""},"schema":{"@context":"https:\/\/schema.org","@graph":[{"@type":"BlogPosting","@id":"https:\/\/lasentinelle.dz\/index.php\/2026\/09\/02\/annaba-un-nouveau-complexe-hotelier-sur-les-hauteurs-de-la-ville\/#blogposting","name":"Annaba : Un nouveau complexe h\u00f4telier sur les hauteurs de la ville - La Sentinelle","headline":"Annaba\u00a0: Un nouveau complexe h\u00f4telier sur les hauteurs de la ville","author":{"@id":"https:\/\/lasentinelle.dz\/author\/admin\/#author"},"publisher":{"@id":"https:\/\/lasentinelle.dz\/#organization"},"image":{"@type":"ImageObject","url":"https:\/\/lasentinelle.dz\/wp-content\/uploads\/2026\/09\/Hotels-Annaba.webp","width":800,"height":450},"datePublished":"2026-09-02T12:24:19+01:00","dateModified":"2026-09-02T12:24:23+01:00","inLanguage":"fr-FR","mainEntityOfPage":{"@id":"https:\/\/lasentinelle.dz\/index.php\/2026\/09\/02\/annaba-un-nouveau-complexe-hotelier-sur-les-hauteurs-de-la-ville\/#webpage"},"isPartOf":{"@id":"https:\/\/lasentinelle.dz\/index.php\/2026\/09\/02\/annaba-un-nouveau-complexe-hotelier-sur-les-hauteurs-de-la-ville\/#webpage"},"articleSection":"R\u00e9gions"},{"@type":"BreadcrumbList","@id":"https:\/\/lasentinelle.dz\/index.php\/2026\/09\/02\/annaba-un-nouveau-complexe-hotelier-sur-les-hauteurs-de-la-ville\/#breadcrumblist","itemListElement":[{"@type":"ListItem","@id":"https:\/\/lasentinelle.dz#listItem","position":1,"name":"Home","item":"https:\/\/lasentinelle.dz","nextItem":{"@type":"ListItem","@id":"https:\/\/lasentinelle.dz\/index.php\/category\/regions\/#listItem","name":"R\u00e9gions"}},{"@type":"ListItem","@id":"https:\/\/lasentinelle.dz\/index.php\/category\/regions\/#listItem","position":2,"name":"R\u00e9gions","item":"https:\/\/lasentinelle.dz\/index.php\/category\/regions\/","nextItem":{"@type":"ListItem","@id":"https:\/\/lasentinelle.dz\/index.php\/2026\/09\/02\/annaba-un-nouveau-complexe-hotelier-sur-les-hauteurs-de-la-ville\/#listItem","name":"Annaba\u00a0: Un nouveau complexe h\u00f4telier sur les hauteurs de la ville"},"previousItem":{"@type":"ListItem","@id":"https:\/\/lasentinelle.dz#listItem","name":"Home"}},{"@type":"ListItem","@id":"https:\/\/lasentinelle.dz\/index.php\/2026\/09\/02\/annaba-un-nouveau-complexe-hotelier-sur-les-hauteurs-de-la-ville\/#listItem","position":3,"name":"Annaba\u00a0: Un nouveau complexe h\u00f4telier sur les hauteurs de la ville","previousItem":{"@type":"ListItem","@id":"https:\/\/lasentinelle.dz\/index.php\/category\/regions\/#listItem","name":"R\u00e9gions"}}]},{"@type":"Organization","@id":"https:\/\/lasentinelle.dz\/#organization","name":"La Sentinelle La Sentinelle","description":"Quotidien national d'information","url":"https:\/\/lasentinelle.dz\/","logo":{"@type":"ImageObject","url":"https:\/\/lasentinelle.dz\/wp-content\/uploads\/2021\/09\/cropped-la-sentinelle-earth-golden-anima-5.gif","@id":"https:\/\/lasentinelle.dz\/index.php\/2026\/09\/02\/annaba-un-nouveau-complexe-hotelier-sur-les-hauteurs-de-la-ville\/#organizationLogo","width":450,"height":213},"image":{"@id":"https:\/\/lasentinelle.dz\/index.php\/2026\/09\/02\/annaba-un-nouveau-complexe-hotelier-sur-les-hauteurs-de-la-ville\/#organizationLogo"},"sameAs":["https:\/\/www.facebook.com\/azzedine.lasentinelle.1"]},{"@type":"Person","@id":"https:\/\/lasentinelle.dz\/author\/admin\/#author","url":"https:\/\/lasentinelle.dz\/author\/admin\/","name":"admin","image":{"@type":"ImageObject","@id":"https:\/\/lasentinelle.dz\/index.php\/2026\/09\/02\/annaba-un-nouveau-complexe-hotelier-sur-les-hauteurs-de-la-ville\/#authorImage","url":"https:\/\/secure.gravatar.com\/avatar\/4c81fed838786e9b53f540bf46533e750f5d292099ae3b66cfc6fb1982e29df7?s=96&d=mm&r=g","width":96,"height":96,"caption":"admin"}},{"@type":"WebPage","@id":"https:\/\/lasentinelle.dz\/index.php\/2026\/09\/02\/annaba-un-nouveau-complexe-hotelier-sur-les-hauteurs-de-la-ville\/#webpage","url":"https:\/\/lasentinelle.dz\/index.php\/2026\/09\/02\/annaba-un-nouveau-complexe-hotelier-sur-les-hauteurs-de-la-ville\/","name":"Annaba : Un nouveau complexe h\u00f4telier sur les hauteurs de la ville - La Sentinelle","description":"Le parc h\u00f4telier d'Annaba poursuit son d\u00e9veloppement avec l'arriv\u00e9e de nouveaux \u00e9tablissements destin\u00e9s \u00e0 renforcer les capacit\u00e9s d'accueil de la wilaya. \u00c0 Sidi A\u00efssa, un complexe dont les travaux sont presque achev\u00e9s devrait entrer en exploitation en 2027, alors que 14 projets h\u00f4teliers et touristiques sont actuellement en cours de r\u00e9alisation. L'offre h\u00f4teli\u00e8re \u00e0 Annaba","inLanguage":"fr-FR","isPartOf":{"@id":"https:\/\/lasentinelle.dz\/#website"},"breadcrumb":{"@id":"https:\/\/lasentinelle.dz\/index.php\/2026\/09\/02\/annaba-un-nouveau-complexe-hotelier-sur-les-hauteurs-de-la-ville\/#breadcrumblist"},"author":{"@id":"https:\/\/lasentinelle.dz\/author\/admin\/#author"},"creator":{"@id":"https:\/\/lasentinelle.dz\/author\/admin\/#author"},"image":{"@type":"ImageObject","url":"https:\/\/lasentinelle.dz\/wp-content\/uploads\/2026\/09\/Hotels-Annaba.webp","@id":"https:\/\/lasentinelle.dz\/index.php\/2026\/09\/02\/annaba-un-nouveau-complexe-hotelier-sur-les-hauteurs-de-la-ville\/#mainImage","width":800,"height":450},"primaryImageOfPage":{"@id":"https:\/\/lasentinelle.dz\/index.php\/2026\/09\/02\/annaba-un-nouveau-complexe-hotelier-sur-les-hauteurs-de-la-ville\/#mainImage"},"datePublished":"2026-09-02T12:24:19+01:00","dateModified":"2026-09-02T12:24:23+01:00"},{"@type":"WebSite","@id":"https:\/\/lasentinelle.dz\/#website","url":"https:\/\/lasentinelle.dz\/","name":"La Sentinelle","description":"Quotidien national d'information","inLanguage":"fr-FR","publisher":{"@id":"https:\/\/lasentinelle.dz\/#organization"}}]},"og:locale":"fr_FR","og:site_name":"La Sentinelle - Quotidien national d'information","og:type":"article","og:title":"Annaba : Un nouveau complexe h\u00f4telier sur les hauteurs de la ville - La Sentinelle","og:description":"Le parc h\u00f4telier d'Annaba poursuit son d\u00e9veloppement avec l'arriv\u00e9e de nouveaux \u00e9tablissements destin\u00e9s \u00e0 renforcer les capacit\u00e9s d'accueil de la wilaya. \u00c0 Sidi A\u00efssa, un complexe dont les travaux sont presque achev\u00e9s devrait entrer en exploitation en 2027, alors que 14 projets h\u00f4teliers et touristiques sont actuellement en cours de r\u00e9alisation. L'offre h\u00f4teli\u00e8re \u00e0 Annaba","og:url":"https:\/\/lasentinelle.dz\/index.php\/2026\/09\/02\/annaba-un-nouveau-complexe-hotelier-sur-les-hauteurs-de-la-ville\/","og:image":"https:\/\/lasentinelle.dz\/wp-content\/uploads\/2021\/09\/cropped-la-sentinelle-earth-golden-anima-5.gif","og:image:secure_url":"https:\/\/lasentinelle.dz\/wp-content\/uploads\/2021\/09\/cropped-la-sentinelle-earth-golden-anima-5.gif","og:image:width":450,"og:image:height":213,"article:published_time":"2026-09-02T11:24:19+00:00","article:modified_time":"2026-09-02T11:24:23+00:00","article:publisher":"https:\/\/www.facebook.com\/azzedine.lasentinelle.1","twitter:card":"summary_large_image","twitter:title":"Annaba : Un nouveau complexe h\u00f4telier sur les hauteurs de la ville - La Sentinelle","twitter:description":"Le parc h\u00f4telier d'Annaba poursuit son d\u00e9veloppement avec l'arriv\u00e9e de nouveaux \u00e9tablissements destin\u00e9s \u00e0 renforcer les capacit\u00e9s d'accueil de la wilaya. \u00c0 Sidi A\u00efssa, un complexe dont les travaux sont presque achev\u00e9s devrait entrer en exploitation en 2027, alors que 14 projets h\u00f4teliers et touristiques sont actuellement en cours de r\u00e9alisation. L'offre h\u00f4teli\u00e8re \u00e0 Annaba","twitter:image":"https:\/\/lasentinelle.dz\/wp-content\/uploads\/2021\/09\/cropped-la-sentinelle-earth-golden-anima-5.gif"},"aioseo_meta_data":{"post_id":"94827","title":null,"description":null,"keywords":null,"keyphrases":{"focus":{"keyphrase":"","score":0,"analysis":{"keyphraseInTitle":{"score":0,"maxScore":9,"error":1}}},"additional":[]},"primary_term":null,"canonical_url":null,"og_title":null,"og_description":null,"og_object_type":"default","og_image_type":"default","og_image_url":null,"og_image_width":null,"og_image_height":null,"og_image_custom_url":null,"og_image_custom_fields":null,"og_video":"","og_custom_url":null,"og_article_section":null,"og_article_tags":null,"twitter_use_og":false,"twitter_card":"default","twitter_image_type":"default","twitter_image_url":null,"twitter_image_custom_url":null,"twitter_image_custom_fields":null,"twitter_title":null,"twitter_description":null,"schema":{"blockGraphs":[],"customGraphs":[],"default":{"data":{"Article":[],"Course":[],"Dataset":[],"FAQPage":[],"Movie":[],"Person":[],"Product":[],"ProductReview":[],"Car":[],"Recipe":[],"Service":[],"SoftwareApplication":[],"WebPage":[]},"graphName":"BlogPosting","isEnabled":true},"graphs":[]},"schema_type":"default","schema_type_options":null,"pillar_content":false,"robots_default":true,"robots_noindex":false,"robots_noarchive":false,"robots_nosnippet":false,"robots_nofollow":false,"robots_noimageindex":false,"robots_noodp":false,"robots_notranslate":false,"robots_max_snippet":"-1","robots_max_videopreview":"-1","robots_max_imagepreview":"large","priority":null,"frequency":"default","local_seo":null,"breadcrumb_settings":null,"limit_modified_date":false,"ai":{"faqs":[],"keyPoints":[],"schemas":[],"titles":[],"descriptions":[],"socialPosts":{"email":{"subject":"","preview":"","content":""},"linkedin":[],"twitter":[],"facebook":[],"instagram":[]}},"created":"2026-09-02 11:24:23","updated":"2026-09-02 12:31:43","focus_keyword":null,"additional_keywords":null,"truseo_locale":null,"seo_analyzer_scan_date":null},"aioseo_breadcrumb":"<div class=\"aioseo-breadcrumbs\"><span class=\"aioseo-breadcrumb\">\n\t\t\t<a href=\"https:\/\/lasentinelle.dz\" title=\"Home\">Home<\/a>\n\t\t<\/span><span class=\"aioseo-breadcrumb-separator\">&raquo;<\/span><span class=\"aioseo-breadcrumb\">\n\t\t\t<a href=\"https:\/\/lasentinelle.dz\/index.php\/category\/regions\/\" title=\"R\u00e9gions\">R\u00e9gions<\/a>\n\t\t<\/span><span class=\"aioseo-breadcrumb-separator\">&raquo;<\/span><span class=\"aioseo-breadcrumb\">\n\t\t\tAnnaba : Un nouveau complexe h\u00f4telier sur les hauteurs de la ville\n\t\t<\/span><\/div>","aioseo_breadcrumb_json":[{"label":"Home","link":"https:\/\/lasentinelle.dz"},{"label":"R\u00e9gions","link":"https:\/\/lasentinelle.dz\/index.php\/category\/regions\/"},{"label":"Annaba\u00a0: Un nouveau complexe h\u00f4telier sur les hauteurs de la ville","link":"https:\/\/lasentinelle.dz\/index.php\/2026\/09\/02\/annaba-un-nouveau-complexe-hotelier-sur-les-hauteurs-de-la-ville\/"}],"yoast_head":"<!-- This site is optimized with the Yoast SEO plugin v28.4 - https:\/\/yoast.com\/product\/yoast-seo-wordpress\/ -->\n<title>Annaba\u00a0: Un nouveau complexe h\u00f4telier sur les hauteurs de la ville - La Sentinelle<\/title>\n<meta name=\"robots\" content=\"index, follow, max-snippet:-1, max-image-preview:large, max-video-preview:-1\" \/>\n<link rel=\"canonical\" href=\"https:\/\/lasentinelle.dz\/index.php\/2026\/09\/02\/annaba-un-nouveau-complexe-hotelier-sur-les-hauteurs-de-la-ville\/\" \/>\n<meta property=\"og:locale\" content=\"fr_FR\" \/>\n<meta property=\"og:type\" content=\"article\" \/>\n<meta property=\"og:title\" content=\"Annaba\u00a0: Un nouveau complexe h\u00f4telier sur les hauteurs de la ville - La Sentinelle\" \/>\n<meta property=\"og:description\" content=\"Le parc h\u00f4telier d&rsquo;Annaba poursuit son d\u00e9veloppement avec l&rsquo;arriv\u00e9e de nouveaux \u00e9tablissements destin\u00e9s \u00e0 renforcer les capacit\u00e9s d&rsquo;accueil de la\" \/>\n<meta property=\"og:url\" content=\"https:\/\/lasentinelle.dz\/index.php\/2026\/09\/02\/annaba-un-nouveau-complexe-hotelier-sur-les-hauteurs-de-la-ville\/\" \/>\n<meta property=\"og:site_name\" content=\"La Sentinelle\" \/>\n<meta property=\"article:publisher\" content=\"https:\/\/www.facebook.com\/La-Sentinelle-104059864394773\" \/>\n<meta property=\"article:published_time\" content=\"2026-09-02T11:24:19+00:00\" \/>\n<meta property=\"article:modified_time\" content=\"2026-09-02T11:24:23+00:00\" \/>\n<meta property=\"og:image\" content=\"https:\/\/lasentinelle.dz\/wp-content\/uploads\/2026\/09\/Hotels-Annaba.webp\" \/>\n\t<meta property=\"og:image:width\" content=\"800\" \/>\n\t<meta property=\"og:image:height\" content=\"450\" \/>\n\t<meta property=\"og:image:type\" content=\"image\/webp\" \/>\n<meta name=\"author\" content=\"admin\" \/>\n<meta name=\"twitter:card\" content=\"summary_large_image\" \/>\n<meta name=\"twitter:label1\" content=\"\u00c9crit par\" \/>\n\t<meta name=\"twitter:data1\" content=\"admin\" \/>\n\t<meta name=\"twitter:label2\" content=\"Dur\u00e9e de lecture estim\u00e9e\" \/>\n\t<meta name=\"twitter:data2\" content=\"4 minutes\" \/>\n<script type=\"application\/ld+json\" class=\"yoast-schema-graph\">{\"@context\":\"https:\\\/\\\/schema.org\",\"@graph\":[{\"@type\":\"Article\",\"@id\":\"https:\\\/\\\/lasentinelle.dz\\\/index.php\\\/2026\\\/09\\\/02\\\/annaba-un-nouveau-complexe-hotelier-sur-les-hauteurs-de-la-ville\\\/#article\",\"isPartOf\":{\"@id\":\"https:\\\/\\\/lasentinelle.dz\\\/index.php\\\/2026\\\/09\\\/02\\\/annaba-un-nouveau-complexe-hotelier-sur-les-hauteurs-de-la-ville\\\/\"},\"author\":{\"name\":\"admin\",\"@id\":\"https:\\\/\\\/lasentinelle.dz\\\/#\\\/schema\\\/person\\\/729ee0024f24e0b8c5ec17232f8e8b41\"},\"headline\":\"Annaba\u00a0: Un nouveau complexe h\u00f4telier sur les hauteurs de la ville\",\"datePublished\":\"2026-09-02T11:24:19+00:00\",\"dateModified\":\"2026-09-02T11:24:23+00:00\",\"mainEntityOfPage\":{\"@id\":\"https:\\\/\\\/lasentinelle.dz\\\/index.php\\\/2026\\\/09\\\/02\\\/annaba-un-nouveau-complexe-hotelier-sur-les-hauteurs-de-la-ville\\\/\"},\"wordCount\":855,\"commentCount\":0,\"publisher\":{\"@id\":\"https:\\\/\\\/lasentinelle.dz\\\/#organization\"},\"image\":{\"@id\":\"https:\\\/\\\/lasentinelle.dz\\\/index.php\\\/2026\\\/09\\\/02\\\/annaba-un-nouveau-complexe-hotelier-sur-les-hauteurs-de-la-ville\\\/#primaryimage\"},\"thumbnailUrl\":\"https:\\\/\\\/lasentinelle.dz\\\/wp-content\\\/uploads\\\/2026\\\/09\\\/Hotels-Annaba.webp\",\"articleSection\":[\"R\u00e9gions\"],\"inLanguage\":\"fr-FR\",\"potentialAction\":[{\"@type\":\"CommentAction\",\"name\":\"Comment\",\"target\":[\"https:\\\/\\\/lasentinelle.dz\\\/index.php\\\/2026\\\/09\\\/02\\\/annaba-un-nouveau-complexe-hotelier-sur-les-hauteurs-de-la-ville\\\/#respond\"]}]},{\"@type\":\"WebPage\",\"@id\":\"https:\\\/\\\/lasentinelle.dz\\\/index.php\\\/2026\\\/09\\\/02\\\/annaba-un-nouveau-complexe-hotelier-sur-les-hauteurs-de-la-ville\\\/\",\"url\":\"https:\\\/\\\/lasentinelle.dz\\\/index.php\\\/2026\\\/09\\\/02\\\/annaba-un-nouveau-complexe-hotelier-sur-les-hauteurs-de-la-ville\\\/\",\"name\":\"Annaba\u00a0: Un nouveau complexe h\u00f4telier sur les hauteurs de la ville - La Sentinelle\",\"isPartOf\":{\"@id\":\"https:\\\/\\\/lasentinelle.dz\\\/#website\"},\"primaryImageOfPage\":{\"@id\":\"https:\\\/\\\/lasentinelle.dz\\\/index.php\\\/2026\\\/09\\\/02\\\/annaba-un-nouveau-complexe-hotelier-sur-les-hauteurs-de-la-ville\\\/#primaryimage\"},\"image\":{\"@id\":\"https:\\\/\\\/lasentinelle.dz\\\/index.php\\\/2026\\\/09\\\/02\\\/annaba-un-nouveau-complexe-hotelier-sur-les-hauteurs-de-la-ville\\\/#primaryimage\"},\"thumbnailUrl\":\"https:\\\/\\\/lasentinelle.dz\\\/wp-content\\\/uploads\\\/2026\\\/09\\\/Hotels-Annaba.webp\",\"datePublished\":\"2026-09-02T11:24:19+00:00\",\"dateModified\":\"2026-09-02T11:24:23+00:00\",\"breadcrumb\":{\"@id\":\"https:\\\/\\\/lasentinelle.dz\\\/index.php\\\/2026\\\/09\\\/02\\\/annaba-un-nouveau-complexe-hotelier-sur-les-hauteurs-de-la-ville\\\/#breadcrumb\"},\"inLanguage\":\"fr-FR\",\"potentialAction\":[{\"@type\":\"ReadAction\",\"target\":[\"https:\\\/\\\/lasentinelle.dz\\\/index.php\\\/2026\\\/09\\\/02\\\/annaba-un-nouveau-complexe-hotelier-sur-les-hauteurs-de-la-ville\\\/\"]}]},{\"@type\":\"ImageObject\",\"inLanguage\":\"fr-FR\",\"@id\":\"https:\\\/\\\/lasentinelle.dz\\\/index.php\\\/2026\\\/09\\\/02\\\/annaba-un-nouveau-complexe-hotelier-sur-les-hauteurs-de-la-ville\\\/#primaryimage\",\"url\":\"https:\\\/\\\/lasentinelle.dz\\\/wp-content\\\/uploads\\\/2026\\\/09\\\/Hotels-Annaba.webp\",\"contentUrl\":\"https:\\\/\\\/lasentinelle.dz\\\/wp-content\\\/uploads\\\/2026\\\/09\\\/Hotels-Annaba.webp\",\"width\":800,\"height\":450},{\"@type\":\"BreadcrumbList\",\"@id\":\"https:\\\/\\\/lasentinelle.dz\\\/index.php\\\/2026\\\/09\\\/02\\\/annaba-un-nouveau-complexe-hotelier-sur-les-hauteurs-de-la-ville\\\/#breadcrumb\",\"itemListElement\":[{\"@type\":\"ListItem\",\"position\":1,\"name\":\"Accueil\",\"item\":\"https:\\\/\\\/lasentinelle.dz\\\/\"},{\"@type\":\"ListItem\",\"position\":2,\"name\":\"Annaba\u00a0: Un nouveau complexe h\u00f4telier sur les hauteurs de la ville\"}]},{\"@type\":\"WebSite\",\"@id\":\"https:\\\/\\\/lasentinelle.dz\\\/#website\",\"url\":\"https:\\\/\\\/lasentinelle.dz\\\/\",\"name\":\"La Sentinelle\",\"description\":\"Quotidien national d&#039;information\",\"publisher\":{\"@id\":\"https:\\\/\\\/lasentinelle.dz\\\/#organization\"},\"potentialAction\":[{\"@type\":\"SearchAction\",\"target\":{\"@type\":\"EntryPoint\",\"urlTemplate\":\"https:\\\/\\\/lasentinelle.dz\\\/?s={search_term_string}\"},\"query-input\":{\"@type\":\"PropertyValueSpecification\",\"valueRequired\":true,\"valueName\":\"search_term_string\"}}],\"inLanguage\":\"fr-FR\"},{\"@type\":\"Organization\",\"@id\":\"https:\\\/\\\/lasentinelle.dz\\\/#organization\",\"name\":\"Quotidien La Sentinelle\",\"url\":\"https:\\\/\\\/lasentinelle.dz\\\/\",\"logo\":{\"@type\":\"ImageObject\",\"inLanguage\":\"fr-FR\",\"@id\":\"https:\\\/\\\/lasentinelle.dz\\\/#\\\/schema\\\/logo\\\/image\\\/\",\"url\":\"https:\\\/\\\/lasentinelle.dz\\\/wp-content\\\/uploads\\\/2021\\\/09\\\/logo-sentinelleSLOGAN-1.png\",\"contentUrl\":\"https:\\\/\\\/lasentinelle.dz\\\/wp-content\\\/uploads\\\/2021\\\/09\\\/logo-sentinelleSLOGAN-1.png\",\"width\":615,\"height\":142,\"caption\":\"Quotidien La Sentinelle\"},\"image\":{\"@id\":\"https:\\\/\\\/lasentinelle.dz\\\/#\\\/schema\\\/logo\\\/image\\\/\"},\"sameAs\":[\"https:\\\/\\\/www.facebook.com\\\/La-Sentinelle-104059864394773\"]},{\"@type\":\"Person\",\"@id\":\"https:\\\/\\\/lasentinelle.dz\\\/#\\\/schema\\\/person\\\/729ee0024f24e0b8c5ec17232f8e8b41\",\"name\":\"admin\",\"image\":{\"@type\":\"ImageObject\",\"inLanguage\":\"fr-FR\",\"@id\":\"https:\\\/\\\/secure.gravatar.com\\\/avatar\\\/4c81fed838786e9b53f540bf46533e750f5d292099ae3b66cfc6fb1982e29df7?s=96&d=mm&r=g\",\"url\":\"https:\\\/\\\/secure.gravatar.com\\\/avatar\\\/4c81fed838786e9b53f540bf46533e750f5d292099ae3b66cfc6fb1982e29df7?s=96&d=mm&r=g\",\"contentUrl\":\"https:\\\/\\\/secure.gravatar.com\\\/avatar\\\/4c81fed838786e9b53f540bf46533e750f5d292099ae3b66cfc6fb1982e29df7?s=96&d=mm&r=g\",\"caption\":\"admin\"},\"description\":\"admin\",\"url\":\"https:\\\/\\\/lasentinelle.dz\\\/author\\\/admin\\\/\"}]}<\/script>\n<!-- \/ Yoast SEO plugin. -->","yoast_head_json":{"title":"Annaba\u00a0: Un nouveau complexe h\u00f4telier sur les hauteurs de la ville - La Sentinelle","robots":{"index":"index","follow":"follow","max-snippet":"max-snippet:-1","max-image-preview":"max-image-preview:large","max-video-preview":"max-video-preview:-1"},"canonical":"https:\/\/lasentinelle.dz\/index.php\/2026\/09\/02\/annaba-un-nouveau-complexe-hotelier-sur-les-hauteurs-de-la-ville\/","og_locale":"fr_FR","og_type":"article","og_title":"Annaba\u00a0: Un nouveau complexe h\u00f4telier sur les hauteurs de la ville - La Sentinelle","og_description":"Le parc h\u00f4telier d&rsquo;Annaba poursuit son d\u00e9veloppement avec l&rsquo;arriv\u00e9e de nouveaux \u00e9tablissements destin\u00e9s \u00e0 renforcer les capacit\u00e9s d&rsquo;accueil de la","og_url":"https:\/\/lasentinelle.dz\/index.php\/2026\/09\/02\/annaba-un-nouveau-complexe-hotelier-sur-les-hauteurs-de-la-ville\/","og_site_name":"La Sentinelle","article_publisher":"https:\/\/www.facebook.com\/La-Sentinelle-104059864394773","article_published_time":"2026-09-02T11:24:19+00:00","article_modified_time":"2026-09-02T11:24:23+00:00","og_image":[{"width":800,"height":450,"url":"https:\/\/lasentinelle.dz\/wp-content\/uploads\/2026\/09\/Hotels-Annaba.webp","type":"image\/webp"}],"author":"admin","twitter_card":"summary_large_image","twitter_misc":{"\u00c9crit par":"admin","Dur\u00e9e de lecture estim\u00e9e":"4 minutes"},"schema":{"@context":"https:\/\/schema.org","@graph":[{"@type":"Article","@id":"https:\/\/lasentinelle.dz\/index.php\/2026\/09\/02\/annaba-un-nouveau-complexe-hotelier-sur-les-hauteurs-de-la-ville\/#article","isPartOf":{"@id":"https:\/\/lasentinelle.dz\/index.php\/2026\/09\/02\/annaba-un-nouveau-complexe-hotelier-sur-les-hauteurs-de-la-ville\/"},"author":{"name":"admin","@id":"https:\/\/lasentinelle.dz\/#\/schema\/person\/729ee0024f24e0b8c5ec17232f8e8b41"},"headline":"Annaba\u00a0: Un nouveau complexe h\u00f4telier sur les hauteurs de la ville","datePublished":"2026-09-02T11:24:19+00:00","dateModified":"2026-09-02T11:24:23+00:00","mainEntityOfPage":{"@id":"https:\/\/lasentinelle.dz\/index.php\/2026\/09\/02\/annaba-un-nouveau-complexe-hotelier-sur-les-hauteurs-de-la-ville\/"},"wordCount":855,"commentCount":0,"publisher":{"@id":"https:\/\/lasentinelle.dz\/#organization"},"image":{"@id":"https:\/\/lasentinelle.dz\/index.php\/2026\/09\/02\/annaba-un-nouveau-complexe-hotelier-sur-les-hauteurs-de-la-ville\/#primaryimage"},"thumbnailUrl":"https:\/\/lasentinelle.dz\/wp-content\/uploads\/2026\/09\/Hotels-Annaba.webp","articleSection":["R\u00e9gions"],"inLanguage":"fr-FR","potentialAction":[{"@type":"CommentAction","name":"Comment","target":["https:\/\/lasentinelle.dz\/index.php\/2026\/09\/02\/annaba-un-nouveau-complexe-hotelier-sur-les-hauteurs-de-la-ville\/#respond"]}]},{"@type":"WebPage","@id":"https:\/\/lasentinelle.dz\/index.php\/2026\/09\/02\/annaba-un-nouveau-complexe-hotelier-sur-les-hauteurs-de-la-ville\/","url":"https:\/\/lasentinelle.dz\/index.php\/2026\/09\/02\/annaba-un-nouveau-complexe-hotelier-sur-les-hauteurs-de-la-ville\/","name":"Annaba\u00a0: Un nouveau complexe h\u00f4telier sur les hauteurs de la ville - La Sentinelle","isPartOf":{"@id":"https:\/\/lasentinelle.dz\/#website"},"primaryImageOfPage":{"@id":"https:\/\/lasentinelle.dz\/index.php\/2026\/09\/02\/annaba-un-nouveau-complexe-hotelier-sur-les-hauteurs-de-la-ville\/#primaryimage"},"image":{"@id":"https:\/\/lasentinelle.dz\/index.php\/2026\/09\/02\/annaba-un-nouveau-complexe-hotelier-sur-les-hauteurs-de-la-ville\/#primaryimage"},"thumbnailUrl":"https:\/\/lasentinelle.dz\/wp-content\/uploads\/2026\/09\/Hotels-Annaba.webp","datePublished":"2026-09-02T11:24:19+00:00","dateModified":"2026-09-02T11:24:23+00:00","breadcrumb":{"@id":"https:\/\/lasentinelle.dz\/index.php\/2026\/09\/02\/annaba-un-nouveau-complexe-hotelier-sur-les-hauteurs-de-la-ville\/#breadcrumb"},"inLanguage":"fr-FR","potentialAction":[{"@type":"ReadAction","target":["https:\/\/lasentinelle.dz\/index.php\/2026\/09\/02\/annaba-un-nouveau-complexe-hotelier-sur-les-hauteurs-de-la-ville\/"]}]},{"@type":"ImageObject","inLanguage":"fr-FR","@id":"https:\/\/lasentinelle.dz\/index.php\/2026\/09\/02\/annaba-un-nouveau-complexe-hotelier-sur-les-hauteurs-de-la-ville\/#primaryimage","url":"https:\/\/lasentinelle.dz\/wp-content\/uploads\/2026\/09\/Hotels-Annaba.webp","contentUrl":"https:\/\/lasentinelle.dz\/wp-content\/uploads\/2026\/09\/Hotels-Annaba.webp","width":800,"height":450},{"@type":"BreadcrumbList","@id":"https:\/\/lasentinelle.dz\/index.php\/2026\/09\/02\/annaba-un-nouveau-complexe-hotelier-sur-les-hauteurs-de-la-ville\/#breadcrumb","itemListElement":[{"@type":"ListItem","position":1,"name":"Accueil","item":"https:\/\/lasentinelle.dz\/"},{"@type":"ListItem","position":2,"name":"Annaba\u00a0: Un nouveau complexe h\u00f4telier sur les hauteurs de la ville"}]},{"@type":"WebSite","@id":"https:\/\/lasentinelle.dz\/#website","url":"https:\/\/lasentinelle.dz\/","name":"La Sentinelle","description":"Quotidien national d&#039;information","publisher":{"@id":"https:\/\/lasentinelle.dz\/#organization"},"potentialAction":[{"@type":"SearchAction","target":{"@type":"EntryPoint","urlTemplate":"https:\/\/lasentinelle.dz\/?s={search_term_string}"},"query-input":{"@type":"PropertyValueSpecification","valueRequired":true,"valueName":"search_term_string"}}],"inLanguage":"fr-FR"},{"@type":"Organization","@id":"https:\/\/lasentinelle.dz\/#organization","name":"Quotidien La Sentinelle","url":"https:\/\/lasentinelle.dz\/","logo":{"@type":"ImageObject","inLanguage":"fr-FR","@id":"https:\/\/lasentinelle.dz\/#\/schema\/logo\/image\/","url":"https:\/\/lasentinelle.dz\/wp-content\/uploads\/2021\/09\/logo-sentinelleSLOGAN-1.png","contentUrl":"https:\/\/lasentinelle.dz\/wp-content\/uploads\/2021\/09\/logo-sentinelleSLOGAN-1.png","width":615,"height":142,"caption":"Quotidien La Sentinelle"},"image":{"@id":"https:\/\/lasentinelle.dz\/#\/schema\/logo\/image\/"},"sameAs":["https:\/\/www.facebook.com\/La-Sentinelle-104059864394773"]},{"@type":"Person","@id":"https:\/\/lasentinelle.dz\/#\/schema\/person\/729ee0024f24e0b8c5ec17232f8e8b41","name":"admin","image":{"@type":"ImageObject","inLanguage":"fr-FR","@id":"https:\/\/secure.gravatar.com\/avatar\/4c81fed838786e9b53f540bf46533e750f5d292099ae3b66cfc6fb1982e29df7?s=96&d=mm&r=g","url":"https:\/\/secure.gravatar.com\/avatar\/4c81fed838786e9b53f540bf46533e750f5d292099ae3b66cfc6fb1982e29df7?s=96&d=mm&r=g","contentUrl":"https:\/\/secure.gravatar.com\/avatar\/4c81fed838786e9b53f540bf46533e750f5d292099ae3b66cfc6fb1982e29df7?s=96&d=mm&r=g","caption":"admin"},"description":"admin","url":"https:\/\/lasentinelle.dz\/author\/admin\/"}]}},"_links":{"self":[{"href":"https:\/\/lasentinelle.dz\/index.php\/wp-json\/wp\/v2\/posts\/94827","targetHints":{"allow":["GET"]}}],"collection":[{"href":"https:\/\/lasentinelle.dz\/index.php\/wp-json\/wp\/v2\/posts"}],"about":[{"href":"https:\/\/lasentinelle.dz\/index.php\/wp-json\/wp\/v2\/types\/post"}],"author":[{"embeddable":true,"href":"https:\/\/lasentinelle.dz\/index.php\/wp-json\/wp\/v2\/users\/6"}],"replies":[{"embeddable":true,"href":"https:\/\/lasentinelle.dz\/index.php\/wp-json\/wp\/v2\/comments?post=94827"}],"version-history":[{"count":1,"href":"https:\/\/lasentinelle.dz\/index.php\/wp-json\/wp\/v2\/posts\/94827\/revisions"}],"predecessor-version":[{"id":94829,"href":"https:\/\/lasentinelle.dz\/index.php\/wp-json\/wp\/v2\/posts\/94827\/revisions\/94829"}],"wp:featuredmedia":[{"embeddable":true,"href":"https:\/\/lasentinelle.dz\/index.php\/wp-json\/wp\/v2\/media\/94828"}],"wp:attachment":[{"href":"https:\/\/lasentinelle.dz\/index.php\/wp-json\/wp\/v2\/media?parent=94827"}],"wp:term":[{"taxonomy":"category","embeddable":true,"href":"https:\/\/lasentinelle.dz\/index.php\/wp-json\/wp\/v2\/categories?post=94827"},{"taxonomy":"post_tag","embeddable":true,"href":"https:\/\/lasentinelle.dz\/index.php\/wp-json\/wp\/v2\/tags?post=94827"}],"curies":[{"name":"wp","href":"https:\/\/api.w.org\/{rel}","templated":true}]}}