{"id":94831,"date":"2026-09-02T12:25:45","date_gmt":"2026-09-02T11:25:45","guid":{"rendered":"https:\/\/lasentinelle.dz\/?p=94831"},"modified":"2026-09-02T12:25:48","modified_gmt":"2026-09-02T11:25:48","slug":"petrole-et-gaz-goldman-sachs-craint-un-hiver-sous-tension","status":"publish","type":"post","link":"https:\/\/lasentinelle.dz\/index.php\/2026\/09\/02\/petrole-et-gaz-goldman-sachs-craint-un-hiver-sous-tension\/","title":{"rendered":"P\u00e9trole et gaz\u00a0: Goldman Sachs craint un hiver sous tension"},"content":{"rendered":"\n<p class=\"wp-block-paragraph\">Les march\u00e9s p\u00e9troliers et gaziers mondiaux traversent une p\u00e9riode de forte nervosit\u00e9, entre capacit\u00e9s de raffinage exsangues, embargo russe prolong\u00e9 et regain de tensions militaires au Moyen-Orient, une conjonction de facteurs qui fait craindre une nouvelle flamb\u00e9e des prix des carburants \u00e0 l&rsquo;approche de l&rsquo;hiver dans l&rsquo;h\u00e9misph\u00e8re Nord.<\/p>\n\n\n\n<p class=\"wp-block-paragraph\">Dans une note publi\u00e9e fin ao\u00fbt, la banque am\u00e9ricaine Goldman Sachs a assombri ses perspectives sur l&rsquo;\u00e9tat du raffinage mondial, en r\u00e9visant \u00e0 la hausse, et de fa\u00e7on spectaculaire, ses pr\u00e9visions de marges sur le gazole. Selon ses analystes, le profit tir\u00e9 de la transformation d&rsquo;un baril de brut en diesel devrait d\u00e9sormais atteindre en moyenne 63 dollars aux \u00c9tats-Unis et 49 dollars dans l&rsquo;Union europ\u00e9enne l&rsquo;an prochain, contre des estimations ant\u00e9rieures de respectivement 27 et 19 dollars. En cause, des arr\u00eats de raffineries en hausse de 60% par rapport aux normes saisonni\u00e8res, cons\u00e9quence directe de la multiplication des frappes visant les installations russes et moyen-orientales, dans un contexte o\u00f9 l&rsquo;offre de produits raffin\u00e9s \u00e9tait d\u00e9j\u00e0 structurellement tendue.<\/p>\n\n\n\n<p class=\"wp-block-paragraph\">Cette raret\u00e9 se traduit par un recul des stocks de carburants, alors m\u00eame que la demande mondiale ralentit, un paradoxe qui illustre selon la banque un v\u00e9ritable goulot d&rsquo;\u00e9tranglement industriel plus qu&rsquo;un simple choc de demande. La prolongation, jusqu&rsquo;en septembre, de l&#8217;embargo russe sur les exportations de gazole vient encore resserrer l&rsquo;approvisionnement, tandis que la demande br\u00e9silienne, en forte hausse, et les besoins saisonniers de chauffage attendus dans les prochaines semaines devraient accentuer la pression sur les march\u00e9s.<\/p>\n\n\n\n<p class=\"wp-block-paragraph\">Du c\u00f4t\u00e9 du brut, la situation reste \u00e9galement fragile dans le Golfe. Si les exportations de p\u00e9trole en provenance de la r\u00e9gion ont retrouv\u00e9, selon Goldman Sachs, entre 70% et 80% de leur niveau d&rsquo;avant-guerre, les livraisons de produits raffin\u00e9s plafonnent encore \u00e0 seulement 40% de leurs volumes habituels. La banque \u00e9value d\u00e9sormais les exportations totales du Golfe entre 15 et 16 millions de barils par jour, un chiffre en nette am\u00e9lioration par rapport au point bas de mars, mais toujours inf\u00e9rieur de 7 \u00e0 8 millions de barils par jour aux niveaux d&rsquo;avant-conflit. Un retour \u00e0 la normale supposerait, selon ses experts, une v\u00e9ritable d\u00e9sescalade g\u00e9opolitique, un sc\u00e9nario qui para\u00eet aujourd&rsquo;hui hypoth\u00e9tique.<\/p>\n\n\n\n<p class=\"wp-block-paragraph\">De fait, la reprise des frappes entre Washington et T\u00e9h\u00e9ran, avec des bombardements am\u00e9ricains visant des positions iraniennes pr\u00e8s du d\u00e9troit d&rsquo;Ormuz et des repr\u00e9sailles iraniennes contre des cibles am\u00e9ricaines en Jordanie et aux \u00c9mirats arabes unis, a imm\u00e9diatement fait bondir les cours. Le Brent \u00e9voluait mardi au-dessus des 92 dollars le baril, en hausse de pr\u00e8s de 50% depuis le d\u00e9but de l&rsquo;ann\u00e9e, tandis que le WTI am\u00e9ricain d\u00e9passait les 87 dollars. Les contrats \u00e0 terme sur le gazole europ\u00e9en ont, quant \u00e0 eux, plus que doubl\u00e9 sur la m\u00eame p\u00e9riode.<\/p>\n\n\n\n<p class=\"wp-block-paragraph\">Le march\u00e9 gazier n&rsquo;\u00e9chappe pas \u00e0 cette nervosit\u00e9. Le TTF n\u00e9erlandais progressait \u00e9galement mardi, dans un contexte de r\u00e9serves europ\u00e9ennes historiquement basses pour la saison. Les analystes estiment que l&rsquo;Europe, d\u00e9j\u00e0 en concurrence avec l&rsquo;Asie pour les cargaisons de GNL, devra intensifier ses achats en vue de la sortie programm\u00e9e du gaz russe \u00e0 partir de janvier 2027, un facteur suppl\u00e9mentaire de tension sur les prix \u00e0 l&rsquo;approche de l&rsquo;hiver.<\/p>\n\n\n\n<p class=\"wp-block-paragraph\">Sabrina Aziouez<\/p>\n","protected":false},"excerpt":{"rendered":"<p>Les march\u00e9s p\u00e9troliers et gaziers mondiaux traversent une p\u00e9riode de forte nervosit\u00e9, entre capacit\u00e9s de raffinage exsangues, embargo russe prolong\u00e9<\/p>\n","protected":false},"author":6,"featured_media":84579,"comment_status":"open","ping_status":"closed","sticky":false,"template":"","format":"standard","meta":{"colormag_page_container_layout":"default_layout","colormag_page_sidebar_layout":"default_layout","om_disable_all_campaigns":false,"_monsterinsights_skip_tracking":false,"footnotes":"","_wpscppro_dont_share_socialmedia":false,"_wpscppro_custom_social_share_image":0,"_facebook_share_type":"default","_twitter_share_type":"default","_linkedin_share_type":"default","_pinterest_share_type":"default","_linkedin_share_type_page":"","_instagram_share_type":"default","_medium_share_type":"default","_threads_share_type":"default","_google_business_share_type":"default","_bluesky_share_type":"default","_mastodon_share_type":"default","_selected_social_profile":[],"_wpsp_enable_custom_social_template":false,"_wpsp_social_scheduling":{"enabled":false,"datetime":null,"platforms":[],"status":"template_only","dateOption":"today","timeOption":"now","customDays":"","customHours":"","customDate":"","customTime":"","schedulingType":"absolute"},"_wpsp_active_default_template":true},"categories":[29],"tags":[],"class_list":["post-94831","post","type-post","status-publish","format-standard","has-post-thumbnail","hentry","category-economie"],"aioseo_notices":[],"aioseo_head":"\n\t\t<!-- All in One SEO 5.0.0.1 - aioseo.com -->\n\t<meta name=\"description\" content=\"Les march\u00e9s p\u00e9troliers et gaziers mondiaux traversent une p\u00e9riode de forte nervosit\u00e9, entre capacit\u00e9s de raffinage exsangues, embargo russe prolong\u00e9 et regain de tensions militaires au Moyen-Orient, une conjonction de facteurs qui fait craindre une nouvelle flamb\u00e9e des prix des carburants \u00e0 l&#039;approche de l&#039;hiver dans l&#039;h\u00e9misph\u00e8re Nord. Dans une note publi\u00e9e fin ao\u00fbt, la\" \/>\n\t<meta name=\"robots\" content=\"max-image-preview:large\" \/>\n\t<meta name=\"author\" content=\"admin\"\/>\n\t<link rel=\"canonical\" href=\"https:\/\/lasentinelle.dz\/index.php\/2026\/09\/02\/petrole-et-gaz-goldman-sachs-craint-un-hiver-sous-tension\/\" \/>\n\t<meta name=\"generator\" content=\"All in One SEO (AIOSEO) 5.0.0.1\" \/>\n\t\t<meta property=\"og:locale\" content=\"fr_FR\" \/>\n\t\t<meta property=\"og:site_name\" content=\"La Sentinelle - Quotidien national d&#039;information\" \/>\n\t\t<meta property=\"og:type\" content=\"article\" \/>\n\t\t<meta property=\"og:title\" content=\"P\u00e9trole et gaz : Goldman Sachs craint un hiver sous tension - La Sentinelle\" \/>\n\t\t<meta property=\"og:description\" content=\"Les march\u00e9s p\u00e9troliers et gaziers mondiaux traversent une p\u00e9riode de forte nervosit\u00e9, entre capacit\u00e9s de raffinage exsangues, embargo russe prolong\u00e9 et regain de tensions militaires au Moyen-Orient, une conjonction de facteurs qui fait craindre une nouvelle flamb\u00e9e des prix des carburants \u00e0 l&#039;approche de l&#039;hiver dans l&#039;h\u00e9misph\u00e8re Nord. Dans une note publi\u00e9e fin ao\u00fbt, la\" \/>\n\t\t<meta property=\"og:url\" content=\"https:\/\/lasentinelle.dz\/index.php\/2026\/09\/02\/petrole-et-gaz-goldman-sachs-craint-un-hiver-sous-tension\/\" \/>\n\t\t<meta property=\"og:image\" content=\"https:\/\/lasentinelle.dz\/wp-content\/uploads\/2021\/09\/cropped-la-sentinelle-earth-golden-anima-5.gif\" \/>\n\t\t<meta property=\"og:image:secure_url\" content=\"https:\/\/lasentinelle.dz\/wp-content\/uploads\/2021\/09\/cropped-la-sentinelle-earth-golden-anima-5.gif\" \/>\n\t\t<meta property=\"og:image:width\" content=\"450\" \/>\n\t\t<meta property=\"og:image:height\" content=\"213\" \/>\n\t\t<meta property=\"article:published_time\" content=\"2026-09-02T11:25:45+00:00\" \/>\n\t\t<meta property=\"article:modified_time\" content=\"2026-09-02T11:25:48+00:00\" \/>\n\t\t<meta property=\"article:publisher\" content=\"https:\/\/www.facebook.com\/azzedine.lasentinelle.1\" \/>\n\t\t<meta name=\"twitter:card\" content=\"summary_large_image\" \/>\n\t\t<meta name=\"twitter:title\" content=\"P\u00e9trole et gaz : Goldman Sachs craint un hiver sous tension - La Sentinelle\" \/>\n\t\t<meta name=\"twitter:description\" content=\"Les march\u00e9s p\u00e9troliers et gaziers mondiaux traversent une p\u00e9riode de forte nervosit\u00e9, entre capacit\u00e9s de raffinage exsangues, embargo russe prolong\u00e9 et regain de tensions militaires au Moyen-Orient, une conjonction de facteurs qui fait craindre une nouvelle flamb\u00e9e des prix des carburants \u00e0 l&#039;approche de l&#039;hiver dans l&#039;h\u00e9misph\u00e8re Nord. Dans une note publi\u00e9e fin ao\u00fbt, la\" \/>\n\t\t<meta name=\"twitter:image\" content=\"https:\/\/lasentinelle.dz\/wp-content\/uploads\/2021\/09\/cropped-la-sentinelle-earth-golden-anima-5.gif\" \/>\n\t\t<script type=\"application\/ld+json\" class=\"aioseo-schema\">\n\t\t\t{\"@context\":\"https:\\\/\\\/schema.org\",\"@graph\":[{\"@type\":\"BlogPosting\",\"@id\":\"https:\\\/\\\/lasentinelle.dz\\\/index.php\\\/2026\\\/09\\\/02\\\/petrole-et-gaz-goldman-sachs-craint-un-hiver-sous-tension\\\/#blogposting\",\"name\":\"P\\u00e9trole et gaz : Goldman Sachs craint un hiver sous tension - La Sentinelle\",\"headline\":\"P\\u00e9trole et gaz\\u00a0: Goldman Sachs craint un hiver sous tension\",\"author\":{\"@id\":\"https:\\\/\\\/lasentinelle.dz\\\/author\\\/admin\\\/#author\"},\"publisher\":{\"@id\":\"https:\\\/\\\/lasentinelle.dz\\\/#organization\"},\"image\":{\"@type\":\"ImageObject\",\"url\":\"https:\\\/\\\/lasentinelle.dz\\\/wp-content\\\/uploads\\\/2026\\\/03\\\/petrole-1.jpg\",\"width\":780,\"height\":470},\"datePublished\":\"2026-09-02T12:25:45+01:00\",\"dateModified\":\"2026-09-02T12:25:48+01:00\",\"inLanguage\":\"fr-FR\",\"mainEntityOfPage\":{\"@id\":\"https:\\\/\\\/lasentinelle.dz\\\/index.php\\\/2026\\\/09\\\/02\\\/petrole-et-gaz-goldman-sachs-craint-un-hiver-sous-tension\\\/#webpage\"},\"isPartOf\":{\"@id\":\"https:\\\/\\\/lasentinelle.dz\\\/index.php\\\/2026\\\/09\\\/02\\\/petrole-et-gaz-goldman-sachs-craint-un-hiver-sous-tension\\\/#webpage\"},\"articleSection\":\"\\u00c9conomie\"},{\"@type\":\"BreadcrumbList\",\"@id\":\"https:\\\/\\\/lasentinelle.dz\\\/index.php\\\/2026\\\/09\\\/02\\\/petrole-et-gaz-goldman-sachs-craint-un-hiver-sous-tension\\\/#breadcrumblist\",\"itemListElement\":[{\"@type\":\"ListItem\",\"@id\":\"https:\\\/\\\/lasentinelle.dz#listItem\",\"position\":1,\"name\":\"Home\",\"item\":\"https:\\\/\\\/lasentinelle.dz\",\"nextItem\":{\"@type\":\"ListItem\",\"@id\":\"https:\\\/\\\/lasentinelle.dz\\\/index.php\\\/category\\\/economie\\\/#listItem\",\"name\":\"\\u00c9conomie\"}},{\"@type\":\"ListItem\",\"@id\":\"https:\\\/\\\/lasentinelle.dz\\\/index.php\\\/category\\\/economie\\\/#listItem\",\"position\":2,\"name\":\"\\u00c9conomie\",\"item\":\"https:\\\/\\\/lasentinelle.dz\\\/index.php\\\/category\\\/economie\\\/\",\"nextItem\":{\"@type\":\"ListItem\",\"@id\":\"https:\\\/\\\/lasentinelle.dz\\\/index.php\\\/2026\\\/09\\\/02\\\/petrole-et-gaz-goldman-sachs-craint-un-hiver-sous-tension\\\/#listItem\",\"name\":\"P\\u00e9trole et gaz\\u00a0: Goldman Sachs craint un hiver sous tension\"},\"previousItem\":{\"@type\":\"ListItem\",\"@id\":\"https:\\\/\\\/lasentinelle.dz#listItem\",\"name\":\"Home\"}},{\"@type\":\"ListItem\",\"@id\":\"https:\\\/\\\/lasentinelle.dz\\\/index.php\\\/2026\\\/09\\\/02\\\/petrole-et-gaz-goldman-sachs-craint-un-hiver-sous-tension\\\/#listItem\",\"position\":3,\"name\":\"P\\u00e9trole et gaz\\u00a0: Goldman Sachs craint un hiver sous tension\",\"previousItem\":{\"@type\":\"ListItem\",\"@id\":\"https:\\\/\\\/lasentinelle.dz\\\/index.php\\\/category\\\/economie\\\/#listItem\",\"name\":\"\\u00c9conomie\"}}]},{\"@type\":\"Organization\",\"@id\":\"https:\\\/\\\/lasentinelle.dz\\\/#organization\",\"name\":\"La Sentinelle La Sentinelle\",\"description\":\"Quotidien national d'information\",\"url\":\"https:\\\/\\\/lasentinelle.dz\\\/\",\"logo\":{\"@type\":\"ImageObject\",\"url\":\"https:\\\/\\\/lasentinelle.dz\\\/wp-content\\\/uploads\\\/2021\\\/09\\\/cropped-la-sentinelle-earth-golden-anima-5.gif\",\"@id\":\"https:\\\/\\\/lasentinelle.dz\\\/index.php\\\/2026\\\/09\\\/02\\\/petrole-et-gaz-goldman-sachs-craint-un-hiver-sous-tension\\\/#organizationLogo\",\"width\":450,\"height\":213},\"image\":{\"@id\":\"https:\\\/\\\/lasentinelle.dz\\\/index.php\\\/2026\\\/09\\\/02\\\/petrole-et-gaz-goldman-sachs-craint-un-hiver-sous-tension\\\/#organizationLogo\"},\"sameAs\":[\"https:\\\/\\\/www.facebook.com\\\/azzedine.lasentinelle.1\"]},{\"@type\":\"Person\",\"@id\":\"https:\\\/\\\/lasentinelle.dz\\\/author\\\/admin\\\/#author\",\"url\":\"https:\\\/\\\/lasentinelle.dz\\\/author\\\/admin\\\/\",\"name\":\"admin\",\"image\":{\"@type\":\"ImageObject\",\"@id\":\"https:\\\/\\\/lasentinelle.dz\\\/index.php\\\/2026\\\/09\\\/02\\\/petrole-et-gaz-goldman-sachs-craint-un-hiver-sous-tension\\\/#authorImage\",\"url\":\"https:\\\/\\\/secure.gravatar.com\\\/avatar\\\/4c81fed838786e9b53f540bf46533e750f5d292099ae3b66cfc6fb1982e29df7?s=96&d=mm&r=g\",\"width\":96,\"height\":96,\"caption\":\"admin\"}},{\"@type\":\"WebPage\",\"@id\":\"https:\\\/\\\/lasentinelle.dz\\\/index.php\\\/2026\\\/09\\\/02\\\/petrole-et-gaz-goldman-sachs-craint-un-hiver-sous-tension\\\/#webpage\",\"url\":\"https:\\\/\\\/lasentinelle.dz\\\/index.php\\\/2026\\\/09\\\/02\\\/petrole-et-gaz-goldman-sachs-craint-un-hiver-sous-tension\\\/\",\"name\":\"P\\u00e9trole et gaz : Goldman Sachs craint un hiver sous tension - La Sentinelle\",\"description\":\"Les march\\u00e9s p\\u00e9troliers et gaziers mondiaux traversent une p\\u00e9riode de forte nervosit\\u00e9, entre capacit\\u00e9s de raffinage exsangues, embargo russe prolong\\u00e9 et regain de tensions militaires au Moyen-Orient, une conjonction de facteurs qui fait craindre une nouvelle flamb\\u00e9e des prix des carburants \\u00e0 l'approche de l'hiver dans l'h\\u00e9misph\\u00e8re Nord. Dans une note publi\\u00e9e fin ao\\u00fbt, la\",\"inLanguage\":\"fr-FR\",\"isPartOf\":{\"@id\":\"https:\\\/\\\/lasentinelle.dz\\\/#website\"},\"breadcrumb\":{\"@id\":\"https:\\\/\\\/lasentinelle.dz\\\/index.php\\\/2026\\\/09\\\/02\\\/petrole-et-gaz-goldman-sachs-craint-un-hiver-sous-tension\\\/#breadcrumblist\"},\"author\":{\"@id\":\"https:\\\/\\\/lasentinelle.dz\\\/author\\\/admin\\\/#author\"},\"creator\":{\"@id\":\"https:\\\/\\\/lasentinelle.dz\\\/author\\\/admin\\\/#author\"},\"image\":{\"@type\":\"ImageObject\",\"url\":\"https:\\\/\\\/lasentinelle.dz\\\/wp-content\\\/uploads\\\/2026\\\/03\\\/petrole-1.jpg\",\"@id\":\"https:\\\/\\\/lasentinelle.dz\\\/index.php\\\/2026\\\/09\\\/02\\\/petrole-et-gaz-goldman-sachs-craint-un-hiver-sous-tension\\\/#mainImage\",\"width\":780,\"height\":470},\"primaryImageOfPage\":{\"@id\":\"https:\\\/\\\/lasentinelle.dz\\\/index.php\\\/2026\\\/09\\\/02\\\/petrole-et-gaz-goldman-sachs-craint-un-hiver-sous-tension\\\/#mainImage\"},\"datePublished\":\"2026-09-02T12:25:45+01:00\",\"dateModified\":\"2026-09-02T12:25:48+01:00\"},{\"@type\":\"WebSite\",\"@id\":\"https:\\\/\\\/lasentinelle.dz\\\/#website\",\"url\":\"https:\\\/\\\/lasentinelle.dz\\\/\",\"name\":\"La Sentinelle\",\"description\":\"Quotidien national d'information\",\"inLanguage\":\"fr-FR\",\"publisher\":{\"@id\":\"https:\\\/\\\/lasentinelle.dz\\\/#organization\"}}]}\n\t\t<\/script>\n\t\t<!-- All in One SEO -->\n\n","aioseo_head_json":{"title":"P\u00e9trole et gaz : Goldman Sachs craint un hiver sous tension - La Sentinelle","description":"Les march\u00e9s p\u00e9troliers et gaziers mondiaux traversent une p\u00e9riode de forte nervosit\u00e9, entre capacit\u00e9s de raffinage exsangues, embargo russe prolong\u00e9 et regain de tensions militaires au Moyen-Orient, une conjonction de facteurs qui fait craindre une nouvelle flamb\u00e9e des prix des carburants \u00e0 l'approche de l'hiver dans l'h\u00e9misph\u00e8re Nord. Dans une note publi\u00e9e fin ao\u00fbt, la","canonical_url":"https:\/\/lasentinelle.dz\/index.php\/2026\/09\/02\/petrole-et-gaz-goldman-sachs-craint-un-hiver-sous-tension\/","robots":"max-image-preview:large","keywords":"","webmasterTools":{"miscellaneous":""},"schema":{"@context":"https:\/\/schema.org","@graph":[{"@type":"BlogPosting","@id":"https:\/\/lasentinelle.dz\/index.php\/2026\/09\/02\/petrole-et-gaz-goldman-sachs-craint-un-hiver-sous-tension\/#blogposting","name":"P\u00e9trole et gaz : Goldman Sachs craint un hiver sous tension - La Sentinelle","headline":"P\u00e9trole et gaz\u00a0: Goldman Sachs craint un hiver sous tension","author":{"@id":"https:\/\/lasentinelle.dz\/author\/admin\/#author"},"publisher":{"@id":"https:\/\/lasentinelle.dz\/#organization"},"image":{"@type":"ImageObject","url":"https:\/\/lasentinelle.dz\/wp-content\/uploads\/2026\/03\/petrole-1.jpg","width":780,"height":470},"datePublished":"2026-09-02T12:25:45+01:00","dateModified":"2026-09-02T12:25:48+01:00","inLanguage":"fr-FR","mainEntityOfPage":{"@id":"https:\/\/lasentinelle.dz\/index.php\/2026\/09\/02\/petrole-et-gaz-goldman-sachs-craint-un-hiver-sous-tension\/#webpage"},"isPartOf":{"@id":"https:\/\/lasentinelle.dz\/index.php\/2026\/09\/02\/petrole-et-gaz-goldman-sachs-craint-un-hiver-sous-tension\/#webpage"},"articleSection":"\u00c9conomie"},{"@type":"BreadcrumbList","@id":"https:\/\/lasentinelle.dz\/index.php\/2026\/09\/02\/petrole-et-gaz-goldman-sachs-craint-un-hiver-sous-tension\/#breadcrumblist","itemListElement":[{"@type":"ListItem","@id":"https:\/\/lasentinelle.dz#listItem","position":1,"name":"Home","item":"https:\/\/lasentinelle.dz","nextItem":{"@type":"ListItem","@id":"https:\/\/lasentinelle.dz\/index.php\/category\/economie\/#listItem","name":"\u00c9conomie"}},{"@type":"ListItem","@id":"https:\/\/lasentinelle.dz\/index.php\/category\/economie\/#listItem","position":2,"name":"\u00c9conomie","item":"https:\/\/lasentinelle.dz\/index.php\/category\/economie\/","nextItem":{"@type":"ListItem","@id":"https:\/\/lasentinelle.dz\/index.php\/2026\/09\/02\/petrole-et-gaz-goldman-sachs-craint-un-hiver-sous-tension\/#listItem","name":"P\u00e9trole et gaz\u00a0: Goldman Sachs craint un hiver sous tension"},"previousItem":{"@type":"ListItem","@id":"https:\/\/lasentinelle.dz#listItem","name":"Home"}},{"@type":"ListItem","@id":"https:\/\/lasentinelle.dz\/index.php\/2026\/09\/02\/petrole-et-gaz-goldman-sachs-craint-un-hiver-sous-tension\/#listItem","position":3,"name":"P\u00e9trole et gaz\u00a0: Goldman Sachs craint un hiver sous tension","previousItem":{"@type":"ListItem","@id":"https:\/\/lasentinelle.dz\/index.php\/category\/economie\/#listItem","name":"\u00c9conomie"}}]},{"@type":"Organization","@id":"https:\/\/lasentinelle.dz\/#organization","name":"La Sentinelle La Sentinelle","description":"Quotidien national d'information","url":"https:\/\/lasentinelle.dz\/","logo":{"@type":"ImageObject","url":"https:\/\/lasentinelle.dz\/wp-content\/uploads\/2021\/09\/cropped-la-sentinelle-earth-golden-anima-5.gif","@id":"https:\/\/lasentinelle.dz\/index.php\/2026\/09\/02\/petrole-et-gaz-goldman-sachs-craint-un-hiver-sous-tension\/#organizationLogo","width":450,"height":213},"image":{"@id":"https:\/\/lasentinelle.dz\/index.php\/2026\/09\/02\/petrole-et-gaz-goldman-sachs-craint-un-hiver-sous-tension\/#organizationLogo"},"sameAs":["https:\/\/www.facebook.com\/azzedine.lasentinelle.1"]},{"@type":"Person","@id":"https:\/\/lasentinelle.dz\/author\/admin\/#author","url":"https:\/\/lasentinelle.dz\/author\/admin\/","name":"admin","image":{"@type":"ImageObject","@id":"https:\/\/lasentinelle.dz\/index.php\/2026\/09\/02\/petrole-et-gaz-goldman-sachs-craint-un-hiver-sous-tension\/#authorImage","url":"https:\/\/secure.gravatar.com\/avatar\/4c81fed838786e9b53f540bf46533e750f5d292099ae3b66cfc6fb1982e29df7?s=96&d=mm&r=g","width":96,"height":96,"caption":"admin"}},{"@type":"WebPage","@id":"https:\/\/lasentinelle.dz\/index.php\/2026\/09\/02\/petrole-et-gaz-goldman-sachs-craint-un-hiver-sous-tension\/#webpage","url":"https:\/\/lasentinelle.dz\/index.php\/2026\/09\/02\/petrole-et-gaz-goldman-sachs-craint-un-hiver-sous-tension\/","name":"P\u00e9trole et gaz : Goldman Sachs craint un hiver sous tension - La Sentinelle","description":"Les march\u00e9s p\u00e9troliers et gaziers mondiaux traversent une p\u00e9riode de forte nervosit\u00e9, entre capacit\u00e9s de raffinage exsangues, embargo russe prolong\u00e9 et regain de tensions militaires au Moyen-Orient, une conjonction de facteurs qui fait craindre une nouvelle flamb\u00e9e des prix des carburants \u00e0 l'approche de l'hiver dans l'h\u00e9misph\u00e8re Nord. Dans une note publi\u00e9e fin ao\u00fbt, la","inLanguage":"fr-FR","isPartOf":{"@id":"https:\/\/lasentinelle.dz\/#website"},"breadcrumb":{"@id":"https:\/\/lasentinelle.dz\/index.php\/2026\/09\/02\/petrole-et-gaz-goldman-sachs-craint-un-hiver-sous-tension\/#breadcrumblist"},"author":{"@id":"https:\/\/lasentinelle.dz\/author\/admin\/#author"},"creator":{"@id":"https:\/\/lasentinelle.dz\/author\/admin\/#author"},"image":{"@type":"ImageObject","url":"https:\/\/lasentinelle.dz\/wp-content\/uploads\/2026\/03\/petrole-1.jpg","@id":"https:\/\/lasentinelle.dz\/index.php\/2026\/09\/02\/petrole-et-gaz-goldman-sachs-craint-un-hiver-sous-tension\/#mainImage","width":780,"height":470},"primaryImageOfPage":{"@id":"https:\/\/lasentinelle.dz\/index.php\/2026\/09\/02\/petrole-et-gaz-goldman-sachs-craint-un-hiver-sous-tension\/#mainImage"},"datePublished":"2026-09-02T12:25:45+01:00","dateModified":"2026-09-02T12:25:48+01:00"},{"@type":"WebSite","@id":"https:\/\/lasentinelle.dz\/#website","url":"https:\/\/lasentinelle.dz\/","name":"La Sentinelle","description":"Quotidien national d'information","inLanguage":"fr-FR","publisher":{"@id":"https:\/\/lasentinelle.dz\/#organization"}}]},"og:locale":"fr_FR","og:site_name":"La Sentinelle - Quotidien national d'information","og:type":"article","og:title":"P\u00e9trole et gaz : Goldman Sachs craint un hiver sous tension - La Sentinelle","og:description":"Les march\u00e9s p\u00e9troliers et gaziers mondiaux traversent une p\u00e9riode de forte nervosit\u00e9, entre capacit\u00e9s de raffinage exsangues, embargo russe prolong\u00e9 et regain de tensions militaires au Moyen-Orient, une conjonction de facteurs qui fait craindre une nouvelle flamb\u00e9e des prix des carburants \u00e0 l'approche de l'hiver dans l'h\u00e9misph\u00e8re Nord. Dans une note publi\u00e9e fin ao\u00fbt, la","og:url":"https:\/\/lasentinelle.dz\/index.php\/2026\/09\/02\/petrole-et-gaz-goldman-sachs-craint-un-hiver-sous-tension\/","og:image":"https:\/\/lasentinelle.dz\/wp-content\/uploads\/2021\/09\/cropped-la-sentinelle-earth-golden-anima-5.gif","og:image:secure_url":"https:\/\/lasentinelle.dz\/wp-content\/uploads\/2021\/09\/cropped-la-sentinelle-earth-golden-anima-5.gif","og:image:width":450,"og:image:height":213,"article:published_time":"2026-09-02T11:25:45+00:00","article:modified_time":"2026-09-02T11:25:48+00:00","article:publisher":"https:\/\/www.facebook.com\/azzedine.lasentinelle.1","twitter:card":"summary_large_image","twitter:title":"P\u00e9trole et gaz : Goldman Sachs craint un hiver sous tension - La Sentinelle","twitter:description":"Les march\u00e9s p\u00e9troliers et gaziers mondiaux traversent une p\u00e9riode de forte nervosit\u00e9, entre capacit\u00e9s de raffinage exsangues, embargo russe prolong\u00e9 et regain de tensions militaires au Moyen-Orient, une conjonction de facteurs qui fait craindre une nouvelle flamb\u00e9e des prix des carburants \u00e0 l'approche de l'hiver dans l'h\u00e9misph\u00e8re Nord. Dans une note publi\u00e9e fin ao\u00fbt, la","twitter:image":"https:\/\/lasentinelle.dz\/wp-content\/uploads\/2021\/09\/cropped-la-sentinelle-earth-golden-anima-5.gif"},"aioseo_meta_data":{"post_id":"94831","title":null,"description":null,"keywords":null,"keyphrases":{"focus":{"keyphrase":"","score":0,"analysis":{"keyphraseInTitle":{"score":0,"maxScore":9,"error":1}}},"additional":[]},"primary_term":null,"canonical_url":null,"og_title":null,"og_description":null,"og_object_type":"default","og_image_type":"default","og_image_url":null,"og_image_width":null,"og_image_height":null,"og_image_custom_url":null,"og_image_custom_fields":null,"og_video":"","og_custom_url":null,"og_article_section":null,"og_article_tags":null,"twitter_use_og":false,"twitter_card":"default","twitter_image_type":"default","twitter_image_url":null,"twitter_image_custom_url":null,"twitter_image_custom_fields":null,"twitter_title":null,"twitter_description":null,"schema":{"blockGraphs":[],"customGraphs":[],"default":{"data":{"Article":[],"Course":[],"Dataset":[],"FAQPage":[],"Movie":[],"Person":[],"Product":[],"ProductReview":[],"Car":[],"Recipe":[],"Service":[],"SoftwareApplication":[],"WebPage":[]},"graphName":"BlogPosting","isEnabled":true},"graphs":[]},"schema_type":"default","schema_type_options":null,"pillar_content":false,"robots_default":true,"robots_noindex":false,"robots_noarchive":false,"robots_nosnippet":false,"robots_nofollow":false,"robots_noimageindex":false,"robots_noodp":false,"robots_notranslate":false,"robots_max_snippet":"-1","robots_max_videopreview":"-1","robots_max_imagepreview":"large","priority":null,"frequency":"default","local_seo":null,"breadcrumb_settings":null,"limit_modified_date":false,"ai":{"faqs":[],"keyPoints":[],"schemas":[],"titles":[],"descriptions":[],"socialPosts":{"email":{"subject":"","preview":"","content":""},"linkedin":[],"twitter":[],"facebook":[],"instagram":[]}},"created":"2026-09-02 11:25:53","updated":"2026-09-02 12:31:43","focus_keyword":null,"additional_keywords":null,"truseo_locale":null,"seo_analyzer_scan_date":null},"aioseo_breadcrumb":"<div class=\"aioseo-breadcrumbs\"><span class=\"aioseo-breadcrumb\">\n\t\t\t<a href=\"https:\/\/lasentinelle.dz\" title=\"Home\">Home<\/a>\n\t\t<\/span><span class=\"aioseo-breadcrumb-separator\">&raquo;<\/span><span class=\"aioseo-breadcrumb\">\n\t\t\t<a href=\"https:\/\/lasentinelle.dz\/index.php\/category\/economie\/\" title=\"\u00c9conomie\">\u00c9conomie<\/a>\n\t\t<\/span><span class=\"aioseo-breadcrumb-separator\">&raquo;<\/span><span class=\"aioseo-breadcrumb\">\n\t\t\tP\u00e9trole et gaz : Goldman Sachs craint un hiver sous tension\n\t\t<\/span><\/div>","aioseo_breadcrumb_json":[{"label":"Home","link":"https:\/\/lasentinelle.dz"},{"label":"\u00c9conomie","link":"https:\/\/lasentinelle.dz\/index.php\/category\/economie\/"},{"label":"P\u00e9trole et gaz\u00a0: Goldman Sachs craint un hiver sous tension","link":"https:\/\/lasentinelle.dz\/index.php\/2026\/09\/02\/petrole-et-gaz-goldman-sachs-craint-un-hiver-sous-tension\/"}],"yoast_head":"<!-- This site is optimized with the Yoast SEO plugin v28.4 - https:\/\/yoast.com\/product\/yoast-seo-wordpress\/ -->\n<title>P\u00e9trole et gaz\u00a0: Goldman Sachs craint un hiver sous tension - La Sentinelle<\/title>\n<meta name=\"robots\" content=\"index, follow, max-snippet:-1, max-image-preview:large, max-video-preview:-1\" \/>\n<link rel=\"canonical\" href=\"https:\/\/lasentinelle.dz\/index.php\/2026\/09\/02\/petrole-et-gaz-goldman-sachs-craint-un-hiver-sous-tension\/\" \/>\n<meta property=\"og:locale\" content=\"fr_FR\" \/>\n<meta property=\"og:type\" content=\"article\" \/>\n<meta property=\"og:title\" content=\"P\u00e9trole et gaz\u00a0: Goldman Sachs craint un hiver sous tension - La Sentinelle\" \/>\n<meta property=\"og:description\" content=\"Les march\u00e9s p\u00e9troliers et gaziers mondiaux traversent une p\u00e9riode de forte nervosit\u00e9, entre capacit\u00e9s de raffinage exsangues, embargo russe prolong\u00e9\" \/>\n<meta property=\"og:url\" content=\"https:\/\/lasentinelle.dz\/index.php\/2026\/09\/02\/petrole-et-gaz-goldman-sachs-craint-un-hiver-sous-tension\/\" \/>\n<meta property=\"og:site_name\" content=\"La Sentinelle\" \/>\n<meta property=\"article:publisher\" content=\"https:\/\/www.facebook.com\/La-Sentinelle-104059864394773\" \/>\n<meta property=\"article:published_time\" content=\"2026-09-02T11:25:45+00:00\" \/>\n<meta property=\"article:modified_time\" content=\"2026-09-02T11:25:48+00:00\" \/>\n<meta property=\"og:image\" content=\"https:\/\/lasentinelle.dz\/wp-content\/uploads\/2026\/03\/petrole-1.jpg\" \/>\n\t<meta property=\"og:image:width\" content=\"780\" \/>\n\t<meta property=\"og:image:height\" content=\"470\" \/>\n\t<meta property=\"og:image:type\" content=\"image\/jpeg\" \/>\n<meta name=\"author\" content=\"admin\" \/>\n<meta name=\"twitter:card\" content=\"summary_large_image\" \/>\n<meta name=\"twitter:label1\" content=\"\u00c9crit par\" \/>\n\t<meta name=\"twitter:data1\" content=\"admin\" \/>\n\t<meta name=\"twitter:label2\" content=\"Dur\u00e9e de lecture estim\u00e9e\" \/>\n\t<meta name=\"twitter:data2\" content=\"3 minutes\" \/>\n<script type=\"application\/ld+json\" class=\"yoast-schema-graph\">{\"@context\":\"https:\\\/\\\/schema.org\",\"@graph\":[{\"@type\":\"Article\",\"@id\":\"https:\\\/\\\/lasentinelle.dz\\\/index.php\\\/2026\\\/09\\\/02\\\/petrole-et-gaz-goldman-sachs-craint-un-hiver-sous-tension\\\/#article\",\"isPartOf\":{\"@id\":\"https:\\\/\\\/lasentinelle.dz\\\/index.php\\\/2026\\\/09\\\/02\\\/petrole-et-gaz-goldman-sachs-craint-un-hiver-sous-tension\\\/\"},\"author\":{\"name\":\"admin\",\"@id\":\"https:\\\/\\\/lasentinelle.dz\\\/#\\\/schema\\\/person\\\/729ee0024f24e0b8c5ec17232f8e8b41\"},\"headline\":\"P\u00e9trole et gaz\u00a0: Goldman Sachs craint un hiver sous tension\",\"datePublished\":\"2026-09-02T11:25:45+00:00\",\"dateModified\":\"2026-09-02T11:25:48+00:00\",\"mainEntityOfPage\":{\"@id\":\"https:\\\/\\\/lasentinelle.dz\\\/index.php\\\/2026\\\/09\\\/02\\\/petrole-et-gaz-goldman-sachs-craint-un-hiver-sous-tension\\\/\"},\"wordCount\":589,\"commentCount\":0,\"publisher\":{\"@id\":\"https:\\\/\\\/lasentinelle.dz\\\/#organization\"},\"image\":{\"@id\":\"https:\\\/\\\/lasentinelle.dz\\\/index.php\\\/2026\\\/09\\\/02\\\/petrole-et-gaz-goldman-sachs-craint-un-hiver-sous-tension\\\/#primaryimage\"},\"thumbnailUrl\":\"https:\\\/\\\/lasentinelle.dz\\\/wp-content\\\/uploads\\\/2026\\\/03\\\/petrole-1.jpg\",\"articleSection\":[\"\u00c9conomie\"],\"inLanguage\":\"fr-FR\",\"potentialAction\":[{\"@type\":\"CommentAction\",\"name\":\"Comment\",\"target\":[\"https:\\\/\\\/lasentinelle.dz\\\/index.php\\\/2026\\\/09\\\/02\\\/petrole-et-gaz-goldman-sachs-craint-un-hiver-sous-tension\\\/#respond\"]}]},{\"@type\":\"WebPage\",\"@id\":\"https:\\\/\\\/lasentinelle.dz\\\/index.php\\\/2026\\\/09\\\/02\\\/petrole-et-gaz-goldman-sachs-craint-un-hiver-sous-tension\\\/\",\"url\":\"https:\\\/\\\/lasentinelle.dz\\\/index.php\\\/2026\\\/09\\\/02\\\/petrole-et-gaz-goldman-sachs-craint-un-hiver-sous-tension\\\/\",\"name\":\"P\u00e9trole et gaz\u00a0: Goldman Sachs craint un hiver sous tension - La Sentinelle\",\"isPartOf\":{\"@id\":\"https:\\\/\\\/lasentinelle.dz\\\/#website\"},\"primaryImageOfPage\":{\"@id\":\"https:\\\/\\\/lasentinelle.dz\\\/index.php\\\/2026\\\/09\\\/02\\\/petrole-et-gaz-goldman-sachs-craint-un-hiver-sous-tension\\\/#primaryimage\"},\"image\":{\"@id\":\"https:\\\/\\\/lasentinelle.dz\\\/index.php\\\/2026\\\/09\\\/02\\\/petrole-et-gaz-goldman-sachs-craint-un-hiver-sous-tension\\\/#primaryimage\"},\"thumbnailUrl\":\"https:\\\/\\\/lasentinelle.dz\\\/wp-content\\\/uploads\\\/2026\\\/03\\\/petrole-1.jpg\",\"datePublished\":\"2026-09-02T11:25:45+00:00\",\"dateModified\":\"2026-09-02T11:25:48+00:00\",\"breadcrumb\":{\"@id\":\"https:\\\/\\\/lasentinelle.dz\\\/index.php\\\/2026\\\/09\\\/02\\\/petrole-et-gaz-goldman-sachs-craint-un-hiver-sous-tension\\\/#breadcrumb\"},\"inLanguage\":\"fr-FR\",\"potentialAction\":[{\"@type\":\"ReadAction\",\"target\":[\"https:\\\/\\\/lasentinelle.dz\\\/index.php\\\/2026\\\/09\\\/02\\\/petrole-et-gaz-goldman-sachs-craint-un-hiver-sous-tension\\\/\"]}]},{\"@type\":\"ImageObject\",\"inLanguage\":\"fr-FR\",\"@id\":\"https:\\\/\\\/lasentinelle.dz\\\/index.php\\\/2026\\\/09\\\/02\\\/petrole-et-gaz-goldman-sachs-craint-un-hiver-sous-tension\\\/#primaryimage\",\"url\":\"https:\\\/\\\/lasentinelle.dz\\\/wp-content\\\/uploads\\\/2026\\\/03\\\/petrole-1.jpg\",\"contentUrl\":\"https:\\\/\\\/lasentinelle.dz\\\/wp-content\\\/uploads\\\/2026\\\/03\\\/petrole-1.jpg\",\"width\":780,\"height\":470},{\"@type\":\"BreadcrumbList\",\"@id\":\"https:\\\/\\\/lasentinelle.dz\\\/index.php\\\/2026\\\/09\\\/02\\\/petrole-et-gaz-goldman-sachs-craint-un-hiver-sous-tension\\\/#breadcrumb\",\"itemListElement\":[{\"@type\":\"ListItem\",\"position\":1,\"name\":\"Accueil\",\"item\":\"https:\\\/\\\/lasentinelle.dz\\\/\"},{\"@type\":\"ListItem\",\"position\":2,\"name\":\"P\u00e9trole et gaz\u00a0: Goldman Sachs craint un hiver sous tension\"}]},{\"@type\":\"WebSite\",\"@id\":\"https:\\\/\\\/lasentinelle.dz\\\/#website\",\"url\":\"https:\\\/\\\/lasentinelle.dz\\\/\",\"name\":\"La Sentinelle\",\"description\":\"Quotidien national d&#039;information\",\"publisher\":{\"@id\":\"https:\\\/\\\/lasentinelle.dz\\\/#organization\"},\"potentialAction\":[{\"@type\":\"SearchAction\",\"target\":{\"@type\":\"EntryPoint\",\"urlTemplate\":\"https:\\\/\\\/lasentinelle.dz\\\/?s={search_term_string}\"},\"query-input\":{\"@type\":\"PropertyValueSpecification\",\"valueRequired\":true,\"valueName\":\"search_term_string\"}}],\"inLanguage\":\"fr-FR\"},{\"@type\":\"Organization\",\"@id\":\"https:\\\/\\\/lasentinelle.dz\\\/#organization\",\"name\":\"Quotidien La Sentinelle\",\"url\":\"https:\\\/\\\/lasentinelle.dz\\\/\",\"logo\":{\"@type\":\"ImageObject\",\"inLanguage\":\"fr-FR\",\"@id\":\"https:\\\/\\\/lasentinelle.dz\\\/#\\\/schema\\\/logo\\\/image\\\/\",\"url\":\"https:\\\/\\\/lasentinelle.dz\\\/wp-content\\\/uploads\\\/2021\\\/09\\\/logo-sentinelleSLOGAN-1.png\",\"contentUrl\":\"https:\\\/\\\/lasentinelle.dz\\\/wp-content\\\/uploads\\\/2021\\\/09\\\/logo-sentinelleSLOGAN-1.png\",\"width\":615,\"height\":142,\"caption\":\"Quotidien La Sentinelle\"},\"image\":{\"@id\":\"https:\\\/\\\/lasentinelle.dz\\\/#\\\/schema\\\/logo\\\/image\\\/\"},\"sameAs\":[\"https:\\\/\\\/www.facebook.com\\\/La-Sentinelle-104059864394773\"]},{\"@type\":\"Person\",\"@id\":\"https:\\\/\\\/lasentinelle.dz\\\/#\\\/schema\\\/person\\\/729ee0024f24e0b8c5ec17232f8e8b41\",\"name\":\"admin\",\"image\":{\"@type\":\"ImageObject\",\"inLanguage\":\"fr-FR\",\"@id\":\"https:\\\/\\\/secure.gravatar.com\\\/avatar\\\/4c81fed838786e9b53f540bf46533e750f5d292099ae3b66cfc6fb1982e29df7?s=96&d=mm&r=g\",\"url\":\"https:\\\/\\\/secure.gravatar.com\\\/avatar\\\/4c81fed838786e9b53f540bf46533e750f5d292099ae3b66cfc6fb1982e29df7?s=96&d=mm&r=g\",\"contentUrl\":\"https:\\\/\\\/secure.gravatar.com\\\/avatar\\\/4c81fed838786e9b53f540bf46533e750f5d292099ae3b66cfc6fb1982e29df7?s=96&d=mm&r=g\",\"caption\":\"admin\"},\"description\":\"admin\",\"url\":\"https:\\\/\\\/lasentinelle.dz\\\/author\\\/admin\\\/\"}]}<\/script>\n<!-- \/ Yoast SEO plugin. -->","yoast_head_json":{"title":"P\u00e9trole et gaz\u00a0: Goldman Sachs craint un hiver sous tension - La Sentinelle","robots":{"index":"index","follow":"follow","max-snippet":"max-snippet:-1","max-image-preview":"max-image-preview:large","max-video-preview":"max-video-preview:-1"},"canonical":"https:\/\/lasentinelle.dz\/index.php\/2026\/09\/02\/petrole-et-gaz-goldman-sachs-craint-un-hiver-sous-tension\/","og_locale":"fr_FR","og_type":"article","og_title":"P\u00e9trole et gaz\u00a0: Goldman Sachs craint un hiver sous tension - La Sentinelle","og_description":"Les march\u00e9s p\u00e9troliers et gaziers mondiaux traversent une p\u00e9riode de forte nervosit\u00e9, entre capacit\u00e9s de raffinage exsangues, embargo russe prolong\u00e9","og_url":"https:\/\/lasentinelle.dz\/index.php\/2026\/09\/02\/petrole-et-gaz-goldman-sachs-craint-un-hiver-sous-tension\/","og_site_name":"La Sentinelle","article_publisher":"https:\/\/www.facebook.com\/La-Sentinelle-104059864394773","article_published_time":"2026-09-02T11:25:45+00:00","article_modified_time":"2026-09-02T11:25:48+00:00","og_image":[{"width":780,"height":470,"url":"https:\/\/lasentinelle.dz\/wp-content\/uploads\/2026\/03\/petrole-1.jpg","type":"image\/jpeg"}],"author":"admin","twitter_card":"summary_large_image","twitter_misc":{"\u00c9crit par":"admin","Dur\u00e9e de lecture estim\u00e9e":"3 minutes"},"schema":{"@context":"https:\/\/schema.org","@graph":[{"@type":"Article","@id":"https:\/\/lasentinelle.dz\/index.php\/2026\/09\/02\/petrole-et-gaz-goldman-sachs-craint-un-hiver-sous-tension\/#article","isPartOf":{"@id":"https:\/\/lasentinelle.dz\/index.php\/2026\/09\/02\/petrole-et-gaz-goldman-sachs-craint-un-hiver-sous-tension\/"},"author":{"name":"admin","@id":"https:\/\/lasentinelle.dz\/#\/schema\/person\/729ee0024f24e0b8c5ec17232f8e8b41"},"headline":"P\u00e9trole et gaz\u00a0: Goldman Sachs craint un hiver sous tension","datePublished":"2026-09-02T11:25:45+00:00","dateModified":"2026-09-02T11:25:48+00:00","mainEntityOfPage":{"@id":"https:\/\/lasentinelle.dz\/index.php\/2026\/09\/02\/petrole-et-gaz-goldman-sachs-craint-un-hiver-sous-tension\/"},"wordCount":589,"commentCount":0,"publisher":{"@id":"https:\/\/lasentinelle.dz\/#organization"},"image":{"@id":"https:\/\/lasentinelle.dz\/index.php\/2026\/09\/02\/petrole-et-gaz-goldman-sachs-craint-un-hiver-sous-tension\/#primaryimage"},"thumbnailUrl":"https:\/\/lasentinelle.dz\/wp-content\/uploads\/2026\/03\/petrole-1.jpg","articleSection":["\u00c9conomie"],"inLanguage":"fr-FR","potentialAction":[{"@type":"CommentAction","name":"Comment","target":["https:\/\/lasentinelle.dz\/index.php\/2026\/09\/02\/petrole-et-gaz-goldman-sachs-craint-un-hiver-sous-tension\/#respond"]}]},{"@type":"WebPage","@id":"https:\/\/lasentinelle.dz\/index.php\/2026\/09\/02\/petrole-et-gaz-goldman-sachs-craint-un-hiver-sous-tension\/","url":"https:\/\/lasentinelle.dz\/index.php\/2026\/09\/02\/petrole-et-gaz-goldman-sachs-craint-un-hiver-sous-tension\/","name":"P\u00e9trole et gaz\u00a0: Goldman Sachs craint un hiver sous tension - La Sentinelle","isPartOf":{"@id":"https:\/\/lasentinelle.dz\/#website"},"primaryImageOfPage":{"@id":"https:\/\/lasentinelle.dz\/index.php\/2026\/09\/02\/petrole-et-gaz-goldman-sachs-craint-un-hiver-sous-tension\/#primaryimage"},"image":{"@id":"https:\/\/lasentinelle.dz\/index.php\/2026\/09\/02\/petrole-et-gaz-goldman-sachs-craint-un-hiver-sous-tension\/#primaryimage"},"thumbnailUrl":"https:\/\/lasentinelle.dz\/wp-content\/uploads\/2026\/03\/petrole-1.jpg","datePublished":"2026-09-02T11:25:45+00:00","dateModified":"2026-09-02T11:25:48+00:00","breadcrumb":{"@id":"https:\/\/lasentinelle.dz\/index.php\/2026\/09\/02\/petrole-et-gaz-goldman-sachs-craint-un-hiver-sous-tension\/#breadcrumb"},"inLanguage":"fr-FR","potentialAction":[{"@type":"ReadAction","target":["https:\/\/lasentinelle.dz\/index.php\/2026\/09\/02\/petrole-et-gaz-goldman-sachs-craint-un-hiver-sous-tension\/"]}]},{"@type":"ImageObject","inLanguage":"fr-FR","@id":"https:\/\/lasentinelle.dz\/index.php\/2026\/09\/02\/petrole-et-gaz-goldman-sachs-craint-un-hiver-sous-tension\/#primaryimage","url":"https:\/\/lasentinelle.dz\/wp-content\/uploads\/2026\/03\/petrole-1.jpg","contentUrl":"https:\/\/lasentinelle.dz\/wp-content\/uploads\/2026\/03\/petrole-1.jpg","width":780,"height":470},{"@type":"BreadcrumbList","@id":"https:\/\/lasentinelle.dz\/index.php\/2026\/09\/02\/petrole-et-gaz-goldman-sachs-craint-un-hiver-sous-tension\/#breadcrumb","itemListElement":[{"@type":"ListItem","position":1,"name":"Accueil","item":"https:\/\/lasentinelle.dz\/"},{"@type":"ListItem","position":2,"name":"P\u00e9trole et gaz\u00a0: Goldman Sachs craint un hiver sous tension"}]},{"@type":"WebSite","@id":"https:\/\/lasentinelle.dz\/#website","url":"https:\/\/lasentinelle.dz\/","name":"La Sentinelle","description":"Quotidien national d&#039;information","publisher":{"@id":"https:\/\/lasentinelle.dz\/#organization"},"potentialAction":[{"@type":"SearchAction","target":{"@type":"EntryPoint","urlTemplate":"https:\/\/lasentinelle.dz\/?s={search_term_string}"},"query-input":{"@type":"PropertyValueSpecification","valueRequired":true,"valueName":"search_term_string"}}],"inLanguage":"fr-FR"},{"@type":"Organization","@id":"https:\/\/lasentinelle.dz\/#organization","name":"Quotidien La Sentinelle","url":"https:\/\/lasentinelle.dz\/","logo":{"@type":"ImageObject","inLanguage":"fr-FR","@id":"https:\/\/lasentinelle.dz\/#\/schema\/logo\/image\/","url":"https:\/\/lasentinelle.dz\/wp-content\/uploads\/2021\/09\/logo-sentinelleSLOGAN-1.png","contentUrl":"https:\/\/lasentinelle.dz\/wp-content\/uploads\/2021\/09\/logo-sentinelleSLOGAN-1.png","width":615,"height":142,"caption":"Quotidien La Sentinelle"},"image":{"@id":"https:\/\/lasentinelle.dz\/#\/schema\/logo\/image\/"},"sameAs":["https:\/\/www.facebook.com\/La-Sentinelle-104059864394773"]},{"@type":"Person","@id":"https:\/\/lasentinelle.dz\/#\/schema\/person\/729ee0024f24e0b8c5ec17232f8e8b41","name":"admin","image":{"@type":"ImageObject","inLanguage":"fr-FR","@id":"https:\/\/secure.gravatar.com\/avatar\/4c81fed838786e9b53f540bf46533e750f5d292099ae3b66cfc6fb1982e29df7?s=96&d=mm&r=g","url":"https:\/\/secure.gravatar.com\/avatar\/4c81fed838786e9b53f540bf46533e750f5d292099ae3b66cfc6fb1982e29df7?s=96&d=mm&r=g","contentUrl":"https:\/\/secure.gravatar.com\/avatar\/4c81fed838786e9b53f540bf46533e750f5d292099ae3b66cfc6fb1982e29df7?s=96&d=mm&r=g","caption":"admin"},"description":"admin","url":"https:\/\/lasentinelle.dz\/author\/admin\/"}]}},"_links":{"self":[{"href":"https:\/\/lasentinelle.dz\/index.php\/wp-json\/wp\/v2\/posts\/94831","targetHints":{"allow":["GET"]}}],"collection":[{"href":"https:\/\/lasentinelle.dz\/index.php\/wp-json\/wp\/v2\/posts"}],"about":[{"href":"https:\/\/lasentinelle.dz\/index.php\/wp-json\/wp\/v2\/types\/post"}],"author":[{"embeddable":true,"href":"https:\/\/lasentinelle.dz\/index.php\/wp-json\/wp\/v2\/users\/6"}],"replies":[{"embeddable":true,"href":"https:\/\/lasentinelle.dz\/index.php\/wp-json\/wp\/v2\/comments?post=94831"}],"version-history":[{"count":1,"href":"https:\/\/lasentinelle.dz\/index.php\/wp-json\/wp\/v2\/posts\/94831\/revisions"}],"predecessor-version":[{"id":94832,"href":"https:\/\/lasentinelle.dz\/index.php\/wp-json\/wp\/v2\/posts\/94831\/revisions\/94832"}],"wp:featuredmedia":[{"embeddable":true,"href":"https:\/\/lasentinelle.dz\/index.php\/wp-json\/wp\/v2\/media\/84579"}],"wp:attachment":[{"href":"https:\/\/lasentinelle.dz\/index.php\/wp-json\/wp\/v2\/media?parent=94831"}],"wp:term":[{"taxonomy":"category","embeddable":true,"href":"https:\/\/lasentinelle.dz\/index.php\/wp-json\/wp\/v2\/categories?post=94831"},{"taxonomy":"post_tag","embeddable":true,"href":"https:\/\/lasentinelle.dz\/index.php\/wp-json\/wp\/v2\/tags?post=94831"}],"curies":[{"name":"wp","href":"https:\/\/api.w.org\/{rel}","templated":true}]}}