{"id":94840,"date":"2026-09-02T12:32:19","date_gmt":"2026-09-02T11:32:19","guid":{"rendered":"https:\/\/lasentinelle.dz\/?p=94840"},"modified":"2026-09-02T12:32:22","modified_gmt":"2026-09-02T11:32:22","slug":"declaration-de-production-sur-la-plateforme-du-ministere-de-lindustrie-le-delai-prolonge-au-15-septembre","status":"publish","type":"post","link":"https:\/\/lasentinelle.dz\/index.php\/2026\/09\/02\/declaration-de-production-sur-la-plateforme-du-ministere-de-lindustrie-le-delai-prolonge-au-15-septembre\/","title":{"rendered":"D\u00e9claration de production sur la plateforme du minist\u00e8re de l\u2019Industrie\u00a0: Le d\u00e9lai prolong\u00e9 au 15 septembre"},"content":{"rendered":"\n<p class=\"wp-block-paragraph\">Les entreprises et op\u00e9rateurs \u00e9conomiques concern\u00e9s par la d\u00e9claration de production b\u00e9n\u00e9ficient ainsi d&rsquo;un d\u00e9lai suppl\u00e9mentaire pour finaliser leurs d\u00e9marches, a rapport\u00e9 ce mardi un communiqu\u00e9 du minist\u00e8re de l&rsquo;Industrie. Dans son communiqu\u00e9, le minist\u00e8re de l&rsquo;Industrie a annonc\u00e9 la prorogation, pour une dur\u00e9e de quinze jours, de l&rsquo;op\u00e9ration de d\u00e9claration de production via la plateforme num\u00e9rique \u00ab Production nationale PRODNAT \u00bb. La nouvelle \u00e9ch\u00e9ance est fix\u00e9e au 15 septembre 2026. Cette d\u00e9cision intervient, selon la m\u00eame source, en r\u00e9ponse aux sollicitations de plusieurs op\u00e9rateurs \u00e9conomiques et dans le cadre de l&rsquo;application de l&rsquo;arr\u00eat\u00e9 minist\u00e9riel conjoint du 26 avril 2025, relatif aux modalit\u00e9s de transmission des donn\u00e9es concernant la production, les mati\u00e8res premi\u00e8res et les diff\u00e9rents intrants utilis\u00e9s par les entreprises activant dans le domaine de la production. Le texte encadre \u00e9galement l&rsquo;\u00e9tablissement de rapports li\u00e9s \u00e0 leurs activit\u00e9s. L&rsquo;obligation de d\u00e9claration concerne l&rsquo;ensemble des op\u00e9rateurs \u00e9conomiques, personnes physiques ou morales, relevant des secteurs public et priv\u00e9 et entrant dans le champ d&rsquo;application de cette r\u00e9glementation. \u00c0 travers cette op\u00e9ration, les pouvoirs publics cherchent notamment \u00e0 disposer de donn\u00e9es actualis\u00e9es sur l&rsquo;activit\u00e9 productive nationale, les niveaux de production ainsi que les besoins des entreprises en mati\u00e8res premi\u00e8res et intrants. Ces informations constituent un outil important pour le suivi de l&rsquo;appareil productif et l&rsquo;\u00e9valuation de son \u00e9volution, a-t-on expliqu\u00e9. Le minist\u00e8re de l&rsquo;Industrie a \u00e9galement pr\u00e9cis\u00e9 que l&rsquo;op\u00e9ration de d\u00e9claration de la production au titre du premier semestre 2026 sera cl\u00f4tur\u00e9e \u00e0 l&rsquo;expiration du nouveau d\u00e9lai, soit le 15 septembre prochain. Les op\u00e9rateurs concern\u00e9s sont donc invit\u00e9s \u00e0 mettre \u00e0 profit cette prorogation afin de compl\u00e9ter leurs d\u00e9clarations, d&rsquo;introduire les donn\u00e9es requises et de proc\u00e9der \u00e0 leur actualisation. Pour faciliter l&rsquo;accomplissement de cette d\u00e9marche, des cellules d&rsquo;information et d&rsquo;orientation ont \u00e9t\u00e9 mises en place au niveau des directions de l&rsquo;industrie \u00e0 travers les wilayas, a fait savoir la m\u00eame source. Ces structures sont charg\u00e9es d&rsquo;assurer la coordination de l&rsquo;op\u00e9ration et de r\u00e9pondre aux pr\u00e9occupations et interrogations des op\u00e9rateurs \u00e9conomiques, a ajout\u00e9 ledit communiqu\u00e9. Le d\u00e9partement de l&rsquo;Industrie rappelle, par ailleurs, que tout manquement aux dispositions relatives \u00e0 la d\u00e9claration de production est passible des sanctions pr\u00e9vues par l&rsquo;article 48 de la loi n\u00b018-18 du 27 d\u00e9cembre 2018 portant loi de finances pour 2019. La prorogation accord\u00e9e appara\u00eet ainsi comme une ultime possibilit\u00e9 donn\u00e9e aux op\u00e9rateurs pour r\u00e9gulariser leurs d\u00e9clarations et fiabiliser les donn\u00e9es communiqu\u00e9es \u00e0 travers la plateforme num\u00e9rique. Le minist\u00e8re a appel\u00e9, dans ce contexte, l&rsquo;ensemble des op\u00e9rateurs concern\u00e9s \u00e0 achever leurs d\u00e9marches avant le 15 septembre, date \u00e0 laquelle sera d\u00e9finitivement cl\u00f4tur\u00e9e l&rsquo;op\u00e9ration relative au premier semestre de l&rsquo;exercice en cours, a conclu la m\u00eame source.<\/p>\n\n\n\n<p class=\"wp-block-paragraph\">Sofia Chahine<\/p>\n","protected":false},"excerpt":{"rendered":"<p>Les entreprises et op\u00e9rateurs \u00e9conomiques concern\u00e9s par la d\u00e9claration de production b\u00e9n\u00e9ficient ainsi d&rsquo;un d\u00e9lai suppl\u00e9mentaire pour finaliser leurs d\u00e9marches,<\/p>\n","protected":false},"author":6,"featured_media":66298,"comment_status":"open","ping_status":"closed","sticky":false,"template":"","format":"standard","meta":{"colormag_page_container_layout":"default_layout","colormag_page_sidebar_layout":"default_layout","om_disable_all_campaigns":false,"_monsterinsights_skip_tracking":false,"footnotes":"","_wpscppro_dont_share_socialmedia":false,"_wpscppro_custom_social_share_image":0,"_facebook_share_type":"default","_twitter_share_type":"default","_linkedin_share_type":"default","_pinterest_share_type":"default","_linkedin_share_type_page":"","_instagram_share_type":"default","_medium_share_type":"default","_threads_share_type":"default","_google_business_share_type":"default","_bluesky_share_type":"default","_mastodon_share_type":"default","_selected_social_profile":[],"_wpsp_enable_custom_social_template":false,"_wpsp_social_scheduling":{"enabled":false,"datetime":null,"platforms":[],"status":"template_only","dateOption":"today","timeOption":"now","customDays":"","customHours":"","customDate":"","customTime":"","schedulingType":"absolute"},"_wpsp_active_default_template":true},"categories":[29],"tags":[],"class_list":["post-94840","post","type-post","status-publish","format-standard","has-post-thumbnail","hentry","category-economie"],"aioseo_notices":[],"aioseo_head":"\n\t\t<!-- All in One SEO 5.0.0.1 - aioseo.com -->\n\t<meta name=\"description\" content=\"Les entreprises et op\u00e9rateurs \u00e9conomiques concern\u00e9s par la d\u00e9claration de production b\u00e9n\u00e9ficient ainsi d&#039;un d\u00e9lai suppl\u00e9mentaire pour finaliser leurs d\u00e9marches, a rapport\u00e9 ce mardi un communiqu\u00e9 du minist\u00e8re de l&#039;Industrie. Dans son communiqu\u00e9, le minist\u00e8re de l&#039;Industrie a annonc\u00e9 la prorogation, pour une dur\u00e9e de quinze jours, de l&#039;op\u00e9ration de d\u00e9claration de production via la\" \/>\n\t<meta name=\"robots\" content=\"max-image-preview:large\" \/>\n\t<meta name=\"author\" content=\"admin\"\/>\n\t<link rel=\"canonical\" href=\"https:\/\/lasentinelle.dz\/index.php\/2026\/09\/02\/declaration-de-production-sur-la-plateforme-du-ministere-de-lindustrie-le-delai-prolonge-au-15-septembre\/\" \/>\n\t<meta name=\"generator\" content=\"All in One SEO (AIOSEO) 5.0.0.1\" \/>\n\t\t<meta property=\"og:locale\" content=\"fr_FR\" \/>\n\t\t<meta property=\"og:site_name\" content=\"La Sentinelle - Quotidien national d&#039;information\" \/>\n\t\t<meta property=\"og:type\" content=\"article\" \/>\n\t\t<meta property=\"og:title\" content=\"D\u00e9claration de production sur la plateforme du minist\u00e8re de l\u2019Industrie : Le d\u00e9lai prolong\u00e9 au 15 septembre - La Sentinelle\" \/>\n\t\t<meta property=\"og:description\" content=\"Les entreprises et op\u00e9rateurs \u00e9conomiques concern\u00e9s par la d\u00e9claration de production b\u00e9n\u00e9ficient ainsi d&#039;un d\u00e9lai suppl\u00e9mentaire pour finaliser leurs d\u00e9marches, a rapport\u00e9 ce mardi un communiqu\u00e9 du minist\u00e8re de l&#039;Industrie. Dans son communiqu\u00e9, le minist\u00e8re de l&#039;Industrie a annonc\u00e9 la prorogation, pour une dur\u00e9e de quinze jours, de l&#039;op\u00e9ration de d\u00e9claration de production via la\" \/>\n\t\t<meta property=\"og:url\" content=\"https:\/\/lasentinelle.dz\/index.php\/2026\/09\/02\/declaration-de-production-sur-la-plateforme-du-ministere-de-lindustrie-le-delai-prolonge-au-15-septembre\/\" \/>\n\t\t<meta property=\"og:image\" content=\"https:\/\/lasentinelle.dz\/wp-content\/uploads\/2021\/09\/cropped-la-sentinelle-earth-golden-anima-5.gif\" \/>\n\t\t<meta property=\"og:image:secure_url\" content=\"https:\/\/lasentinelle.dz\/wp-content\/uploads\/2021\/09\/cropped-la-sentinelle-earth-golden-anima-5.gif\" \/>\n\t\t<meta property=\"og:image:width\" content=\"450\" \/>\n\t\t<meta property=\"og:image:height\" content=\"213\" \/>\n\t\t<meta property=\"article:published_time\" content=\"2026-09-02T11:32:19+00:00\" \/>\n\t\t<meta property=\"article:modified_time\" content=\"2026-09-02T11:32:22+00:00\" \/>\n\t\t<meta property=\"article:publisher\" content=\"https:\/\/www.facebook.com\/azzedine.lasentinelle.1\" \/>\n\t\t<meta name=\"twitter:card\" content=\"summary_large_image\" \/>\n\t\t<meta name=\"twitter:title\" content=\"D\u00e9claration de production sur la plateforme du minist\u00e8re de l\u2019Industrie : Le d\u00e9lai prolong\u00e9 au 15 septembre - La Sentinelle\" \/>\n\t\t<meta name=\"twitter:description\" content=\"Les entreprises et op\u00e9rateurs \u00e9conomiques concern\u00e9s par la d\u00e9claration de production b\u00e9n\u00e9ficient ainsi d&#039;un d\u00e9lai suppl\u00e9mentaire pour finaliser leurs d\u00e9marches, a rapport\u00e9 ce mardi un communiqu\u00e9 du minist\u00e8re de l&#039;Industrie. Dans son communiqu\u00e9, le minist\u00e8re de l&#039;Industrie a annonc\u00e9 la prorogation, pour une dur\u00e9e de quinze jours, de l&#039;op\u00e9ration de d\u00e9claration de production via la\" \/>\n\t\t<meta name=\"twitter:image\" content=\"https:\/\/lasentinelle.dz\/wp-content\/uploads\/2021\/09\/cropped-la-sentinelle-earth-golden-anima-5.gif\" \/>\n\t\t<script type=\"application\/ld+json\" class=\"aioseo-schema\">\n\t\t\t{\"@context\":\"https:\\\/\\\/schema.org\",\"@graph\":[{\"@type\":\"BlogPosting\",\"@id\":\"https:\\\/\\\/lasentinelle.dz\\\/index.php\\\/2026\\\/09\\\/02\\\/declaration-de-production-sur-la-plateforme-du-ministere-de-lindustrie-le-delai-prolonge-au-15-septembre\\\/#blogposting\",\"name\":\"D\\u00e9claration de production sur la plateforme du minist\\u00e8re de l\\u2019Industrie : Le d\\u00e9lai prolong\\u00e9 au 15 septembre - La Sentinelle\",\"headline\":\"D\\u00e9claration de production sur la plateforme du minist\\u00e8re de l\\u2019Industrie\\u00a0: Le d\\u00e9lai prolong\\u00e9 au 15 septembre\",\"author\":{\"@id\":\"https:\\\/\\\/lasentinelle.dz\\\/author\\\/admin\\\/#author\"},\"publisher\":{\"@id\":\"https:\\\/\\\/lasentinelle.dz\\\/#organization\"},\"image\":{\"@type\":\"ImageObject\",\"url\":\"https:\\\/\\\/lasentinelle.dz\\\/wp-content\\\/uploads\\\/2025\\\/04\\\/Ministere-de-lindustrie.jpeg\",\"width\":259,\"height\":194},\"datePublished\":\"2026-09-02T12:32:19+01:00\",\"dateModified\":\"2026-09-02T12:32:22+01:00\",\"inLanguage\":\"fr-FR\",\"mainEntityOfPage\":{\"@id\":\"https:\\\/\\\/lasentinelle.dz\\\/index.php\\\/2026\\\/09\\\/02\\\/declaration-de-production-sur-la-plateforme-du-ministere-de-lindustrie-le-delai-prolonge-au-15-septembre\\\/#webpage\"},\"isPartOf\":{\"@id\":\"https:\\\/\\\/lasentinelle.dz\\\/index.php\\\/2026\\\/09\\\/02\\\/declaration-de-production-sur-la-plateforme-du-ministere-de-lindustrie-le-delai-prolonge-au-15-septembre\\\/#webpage\"},\"articleSection\":\"\\u00c9conomie\"},{\"@type\":\"BreadcrumbList\",\"@id\":\"https:\\\/\\\/lasentinelle.dz\\\/index.php\\\/2026\\\/09\\\/02\\\/declaration-de-production-sur-la-plateforme-du-ministere-de-lindustrie-le-delai-prolonge-au-15-septembre\\\/#breadcrumblist\",\"itemListElement\":[{\"@type\":\"ListItem\",\"@id\":\"https:\\\/\\\/lasentinelle.dz#listItem\",\"position\":1,\"name\":\"Home\",\"item\":\"https:\\\/\\\/lasentinelle.dz\",\"nextItem\":{\"@type\":\"ListItem\",\"@id\":\"https:\\\/\\\/lasentinelle.dz\\\/index.php\\\/category\\\/economie\\\/#listItem\",\"name\":\"\\u00c9conomie\"}},{\"@type\":\"ListItem\",\"@id\":\"https:\\\/\\\/lasentinelle.dz\\\/index.php\\\/category\\\/economie\\\/#listItem\",\"position\":2,\"name\":\"\\u00c9conomie\",\"item\":\"https:\\\/\\\/lasentinelle.dz\\\/index.php\\\/category\\\/economie\\\/\",\"nextItem\":{\"@type\":\"ListItem\",\"@id\":\"https:\\\/\\\/lasentinelle.dz\\\/index.php\\\/2026\\\/09\\\/02\\\/declaration-de-production-sur-la-plateforme-du-ministere-de-lindustrie-le-delai-prolonge-au-15-septembre\\\/#listItem\",\"name\":\"D\\u00e9claration de production sur la plateforme du minist\\u00e8re de l\\u2019Industrie\\u00a0: Le d\\u00e9lai prolong\\u00e9 au 15 septembre\"},\"previousItem\":{\"@type\":\"ListItem\",\"@id\":\"https:\\\/\\\/lasentinelle.dz#listItem\",\"name\":\"Home\"}},{\"@type\":\"ListItem\",\"@id\":\"https:\\\/\\\/lasentinelle.dz\\\/index.php\\\/2026\\\/09\\\/02\\\/declaration-de-production-sur-la-plateforme-du-ministere-de-lindustrie-le-delai-prolonge-au-15-septembre\\\/#listItem\",\"position\":3,\"name\":\"D\\u00e9claration de production sur la plateforme du minist\\u00e8re de l\\u2019Industrie\\u00a0: Le d\\u00e9lai prolong\\u00e9 au 15 septembre\",\"previousItem\":{\"@type\":\"ListItem\",\"@id\":\"https:\\\/\\\/lasentinelle.dz\\\/index.php\\\/category\\\/economie\\\/#listItem\",\"name\":\"\\u00c9conomie\"}}]},{\"@type\":\"Organization\",\"@id\":\"https:\\\/\\\/lasentinelle.dz\\\/#organization\",\"name\":\"La Sentinelle La Sentinelle\",\"description\":\"Quotidien national d'information\",\"url\":\"https:\\\/\\\/lasentinelle.dz\\\/\",\"logo\":{\"@type\":\"ImageObject\",\"url\":\"https:\\\/\\\/lasentinelle.dz\\\/wp-content\\\/uploads\\\/2021\\\/09\\\/cropped-la-sentinelle-earth-golden-anima-5.gif\",\"@id\":\"https:\\\/\\\/lasentinelle.dz\\\/index.php\\\/2026\\\/09\\\/02\\\/declaration-de-production-sur-la-plateforme-du-ministere-de-lindustrie-le-delai-prolonge-au-15-septembre\\\/#organizationLogo\",\"width\":450,\"height\":213},\"image\":{\"@id\":\"https:\\\/\\\/lasentinelle.dz\\\/index.php\\\/2026\\\/09\\\/02\\\/declaration-de-production-sur-la-plateforme-du-ministere-de-lindustrie-le-delai-prolonge-au-15-septembre\\\/#organizationLogo\"},\"sameAs\":[\"https:\\\/\\\/www.facebook.com\\\/azzedine.lasentinelle.1\"]},{\"@type\":\"Person\",\"@id\":\"https:\\\/\\\/lasentinelle.dz\\\/author\\\/admin\\\/#author\",\"url\":\"https:\\\/\\\/lasentinelle.dz\\\/author\\\/admin\\\/\",\"name\":\"admin\",\"image\":{\"@type\":\"ImageObject\",\"@id\":\"https:\\\/\\\/lasentinelle.dz\\\/index.php\\\/2026\\\/09\\\/02\\\/declaration-de-production-sur-la-plateforme-du-ministere-de-lindustrie-le-delai-prolonge-au-15-septembre\\\/#authorImage\",\"url\":\"https:\\\/\\\/secure.gravatar.com\\\/avatar\\\/4c81fed838786e9b53f540bf46533e750f5d292099ae3b66cfc6fb1982e29df7?s=96&d=mm&r=g\",\"width\":96,\"height\":96,\"caption\":\"admin\"}},{\"@type\":\"WebPage\",\"@id\":\"https:\\\/\\\/lasentinelle.dz\\\/index.php\\\/2026\\\/09\\\/02\\\/declaration-de-production-sur-la-plateforme-du-ministere-de-lindustrie-le-delai-prolonge-au-15-septembre\\\/#webpage\",\"url\":\"https:\\\/\\\/lasentinelle.dz\\\/index.php\\\/2026\\\/09\\\/02\\\/declaration-de-production-sur-la-plateforme-du-ministere-de-lindustrie-le-delai-prolonge-au-15-septembre\\\/\",\"name\":\"D\\u00e9claration de production sur la plateforme du minist\\u00e8re de l\\u2019Industrie : Le d\\u00e9lai prolong\\u00e9 au 15 septembre - La Sentinelle\",\"description\":\"Les entreprises et op\\u00e9rateurs \\u00e9conomiques concern\\u00e9s par la d\\u00e9claration de production b\\u00e9n\\u00e9ficient ainsi d'un d\\u00e9lai suppl\\u00e9mentaire pour finaliser leurs d\\u00e9marches, a rapport\\u00e9 ce mardi un communiqu\\u00e9 du minist\\u00e8re de l'Industrie. Dans son communiqu\\u00e9, le minist\\u00e8re de l'Industrie a annonc\\u00e9 la prorogation, pour une dur\\u00e9e de quinze jours, de l'op\\u00e9ration de d\\u00e9claration de production via la\",\"inLanguage\":\"fr-FR\",\"isPartOf\":{\"@id\":\"https:\\\/\\\/lasentinelle.dz\\\/#website\"},\"breadcrumb\":{\"@id\":\"https:\\\/\\\/lasentinelle.dz\\\/index.php\\\/2026\\\/09\\\/02\\\/declaration-de-production-sur-la-plateforme-du-ministere-de-lindustrie-le-delai-prolonge-au-15-septembre\\\/#breadcrumblist\"},\"author\":{\"@id\":\"https:\\\/\\\/lasentinelle.dz\\\/author\\\/admin\\\/#author\"},\"creator\":{\"@id\":\"https:\\\/\\\/lasentinelle.dz\\\/author\\\/admin\\\/#author\"},\"image\":{\"@type\":\"ImageObject\",\"url\":\"https:\\\/\\\/lasentinelle.dz\\\/wp-content\\\/uploads\\\/2025\\\/04\\\/Ministere-de-lindustrie.jpeg\",\"@id\":\"https:\\\/\\\/lasentinelle.dz\\\/index.php\\\/2026\\\/09\\\/02\\\/declaration-de-production-sur-la-plateforme-du-ministere-de-lindustrie-le-delai-prolonge-au-15-septembre\\\/#mainImage\",\"width\":259,\"height\":194},\"primaryImageOfPage\":{\"@id\":\"https:\\\/\\\/lasentinelle.dz\\\/index.php\\\/2026\\\/09\\\/02\\\/declaration-de-production-sur-la-plateforme-du-ministere-de-lindustrie-le-delai-prolonge-au-15-septembre\\\/#mainImage\"},\"datePublished\":\"2026-09-02T12:32:19+01:00\",\"dateModified\":\"2026-09-02T12:32:22+01:00\"},{\"@type\":\"WebSite\",\"@id\":\"https:\\\/\\\/lasentinelle.dz\\\/#website\",\"url\":\"https:\\\/\\\/lasentinelle.dz\\\/\",\"name\":\"La Sentinelle\",\"description\":\"Quotidien national d'information\",\"inLanguage\":\"fr-FR\",\"publisher\":{\"@id\":\"https:\\\/\\\/lasentinelle.dz\\\/#organization\"}}]}\n\t\t<\/script>\n\t\t<!-- All in One SEO -->\n\n","aioseo_head_json":{"title":"D\u00e9claration de production sur la plateforme du minist\u00e8re de l\u2019Industrie : Le d\u00e9lai prolong\u00e9 au 15 septembre - La Sentinelle","description":"Les entreprises et op\u00e9rateurs \u00e9conomiques concern\u00e9s par la d\u00e9claration de production b\u00e9n\u00e9ficient ainsi d'un d\u00e9lai suppl\u00e9mentaire pour finaliser leurs d\u00e9marches, a rapport\u00e9 ce mardi un communiqu\u00e9 du minist\u00e8re de l'Industrie. Dans son communiqu\u00e9, le minist\u00e8re de l'Industrie a annonc\u00e9 la prorogation, pour une dur\u00e9e de quinze jours, de l'op\u00e9ration de d\u00e9claration de production via la","canonical_url":"https:\/\/lasentinelle.dz\/index.php\/2026\/09\/02\/declaration-de-production-sur-la-plateforme-du-ministere-de-lindustrie-le-delai-prolonge-au-15-septembre\/","robots":"max-image-preview:large","keywords":"","webmasterTools":{"miscellaneous":""},"schema":{"@context":"https:\/\/schema.org","@graph":[{"@type":"BlogPosting","@id":"https:\/\/lasentinelle.dz\/index.php\/2026\/09\/02\/declaration-de-production-sur-la-plateforme-du-ministere-de-lindustrie-le-delai-prolonge-au-15-septembre\/#blogposting","name":"D\u00e9claration de production sur la plateforme du minist\u00e8re de l\u2019Industrie : Le d\u00e9lai prolong\u00e9 au 15 septembre - La Sentinelle","headline":"D\u00e9claration de production sur la plateforme du minist\u00e8re de l\u2019Industrie\u00a0: Le d\u00e9lai prolong\u00e9 au 15 septembre","author":{"@id":"https:\/\/lasentinelle.dz\/author\/admin\/#author"},"publisher":{"@id":"https:\/\/lasentinelle.dz\/#organization"},"image":{"@type":"ImageObject","url":"https:\/\/lasentinelle.dz\/wp-content\/uploads\/2025\/04\/Ministere-de-lindustrie.jpeg","width":259,"height":194},"datePublished":"2026-09-02T12:32:19+01:00","dateModified":"2026-09-02T12:32:22+01:00","inLanguage":"fr-FR","mainEntityOfPage":{"@id":"https:\/\/lasentinelle.dz\/index.php\/2026\/09\/02\/declaration-de-production-sur-la-plateforme-du-ministere-de-lindustrie-le-delai-prolonge-au-15-septembre\/#webpage"},"isPartOf":{"@id":"https:\/\/lasentinelle.dz\/index.php\/2026\/09\/02\/declaration-de-production-sur-la-plateforme-du-ministere-de-lindustrie-le-delai-prolonge-au-15-septembre\/#webpage"},"articleSection":"\u00c9conomie"},{"@type":"BreadcrumbList","@id":"https:\/\/lasentinelle.dz\/index.php\/2026\/09\/02\/declaration-de-production-sur-la-plateforme-du-ministere-de-lindustrie-le-delai-prolonge-au-15-septembre\/#breadcrumblist","itemListElement":[{"@type":"ListItem","@id":"https:\/\/lasentinelle.dz#listItem","position":1,"name":"Home","item":"https:\/\/lasentinelle.dz","nextItem":{"@type":"ListItem","@id":"https:\/\/lasentinelle.dz\/index.php\/category\/economie\/#listItem","name":"\u00c9conomie"}},{"@type":"ListItem","@id":"https:\/\/lasentinelle.dz\/index.php\/category\/economie\/#listItem","position":2,"name":"\u00c9conomie","item":"https:\/\/lasentinelle.dz\/index.php\/category\/economie\/","nextItem":{"@type":"ListItem","@id":"https:\/\/lasentinelle.dz\/index.php\/2026\/09\/02\/declaration-de-production-sur-la-plateforme-du-ministere-de-lindustrie-le-delai-prolonge-au-15-septembre\/#listItem","name":"D\u00e9claration de production sur la plateforme du minist\u00e8re de l\u2019Industrie\u00a0: Le d\u00e9lai prolong\u00e9 au 15 septembre"},"previousItem":{"@type":"ListItem","@id":"https:\/\/lasentinelle.dz#listItem","name":"Home"}},{"@type":"ListItem","@id":"https:\/\/lasentinelle.dz\/index.php\/2026\/09\/02\/declaration-de-production-sur-la-plateforme-du-ministere-de-lindustrie-le-delai-prolonge-au-15-septembre\/#listItem","position":3,"name":"D\u00e9claration de production sur la plateforme du minist\u00e8re de l\u2019Industrie\u00a0: Le d\u00e9lai prolong\u00e9 au 15 septembre","previousItem":{"@type":"ListItem","@id":"https:\/\/lasentinelle.dz\/index.php\/category\/economie\/#listItem","name":"\u00c9conomie"}}]},{"@type":"Organization","@id":"https:\/\/lasentinelle.dz\/#organization","name":"La Sentinelle La Sentinelle","description":"Quotidien national d'information","url":"https:\/\/lasentinelle.dz\/","logo":{"@type":"ImageObject","url":"https:\/\/lasentinelle.dz\/wp-content\/uploads\/2021\/09\/cropped-la-sentinelle-earth-golden-anima-5.gif","@id":"https:\/\/lasentinelle.dz\/index.php\/2026\/09\/02\/declaration-de-production-sur-la-plateforme-du-ministere-de-lindustrie-le-delai-prolonge-au-15-septembre\/#organizationLogo","width":450,"height":213},"image":{"@id":"https:\/\/lasentinelle.dz\/index.php\/2026\/09\/02\/declaration-de-production-sur-la-plateforme-du-ministere-de-lindustrie-le-delai-prolonge-au-15-septembre\/#organizationLogo"},"sameAs":["https:\/\/www.facebook.com\/azzedine.lasentinelle.1"]},{"@type":"Person","@id":"https:\/\/lasentinelle.dz\/author\/admin\/#author","url":"https:\/\/lasentinelle.dz\/author\/admin\/","name":"admin","image":{"@type":"ImageObject","@id":"https:\/\/lasentinelle.dz\/index.php\/2026\/09\/02\/declaration-de-production-sur-la-plateforme-du-ministere-de-lindustrie-le-delai-prolonge-au-15-septembre\/#authorImage","url":"https:\/\/secure.gravatar.com\/avatar\/4c81fed838786e9b53f540bf46533e750f5d292099ae3b66cfc6fb1982e29df7?s=96&d=mm&r=g","width":96,"height":96,"caption":"admin"}},{"@type":"WebPage","@id":"https:\/\/lasentinelle.dz\/index.php\/2026\/09\/02\/declaration-de-production-sur-la-plateforme-du-ministere-de-lindustrie-le-delai-prolonge-au-15-septembre\/#webpage","url":"https:\/\/lasentinelle.dz\/index.php\/2026\/09\/02\/declaration-de-production-sur-la-plateforme-du-ministere-de-lindustrie-le-delai-prolonge-au-15-septembre\/","name":"D\u00e9claration de production sur la plateforme du minist\u00e8re de l\u2019Industrie : Le d\u00e9lai prolong\u00e9 au 15 septembre - La Sentinelle","description":"Les entreprises et op\u00e9rateurs \u00e9conomiques concern\u00e9s par la d\u00e9claration de production b\u00e9n\u00e9ficient ainsi d'un d\u00e9lai suppl\u00e9mentaire pour finaliser leurs d\u00e9marches, a rapport\u00e9 ce mardi un communiqu\u00e9 du minist\u00e8re de l'Industrie. Dans son communiqu\u00e9, le minist\u00e8re de l'Industrie a annonc\u00e9 la prorogation, pour une dur\u00e9e de quinze jours, de l'op\u00e9ration de d\u00e9claration de production via la","inLanguage":"fr-FR","isPartOf":{"@id":"https:\/\/lasentinelle.dz\/#website"},"breadcrumb":{"@id":"https:\/\/lasentinelle.dz\/index.php\/2026\/09\/02\/declaration-de-production-sur-la-plateforme-du-ministere-de-lindustrie-le-delai-prolonge-au-15-septembre\/#breadcrumblist"},"author":{"@id":"https:\/\/lasentinelle.dz\/author\/admin\/#author"},"creator":{"@id":"https:\/\/lasentinelle.dz\/author\/admin\/#author"},"image":{"@type":"ImageObject","url":"https:\/\/lasentinelle.dz\/wp-content\/uploads\/2025\/04\/Ministere-de-lindustrie.jpeg","@id":"https:\/\/lasentinelle.dz\/index.php\/2026\/09\/02\/declaration-de-production-sur-la-plateforme-du-ministere-de-lindustrie-le-delai-prolonge-au-15-septembre\/#mainImage","width":259,"height":194},"primaryImageOfPage":{"@id":"https:\/\/lasentinelle.dz\/index.php\/2026\/09\/02\/declaration-de-production-sur-la-plateforme-du-ministere-de-lindustrie-le-delai-prolonge-au-15-septembre\/#mainImage"},"datePublished":"2026-09-02T12:32:19+01:00","dateModified":"2026-09-02T12:32:22+01:00"},{"@type":"WebSite","@id":"https:\/\/lasentinelle.dz\/#website","url":"https:\/\/lasentinelle.dz\/","name":"La Sentinelle","description":"Quotidien national d'information","inLanguage":"fr-FR","publisher":{"@id":"https:\/\/lasentinelle.dz\/#organization"}}]},"og:locale":"fr_FR","og:site_name":"La Sentinelle - Quotidien national d'information","og:type":"article","og:title":"D\u00e9claration de production sur la plateforme du minist\u00e8re de l\u2019Industrie : Le d\u00e9lai prolong\u00e9 au 15 septembre - La Sentinelle","og:description":"Les entreprises et op\u00e9rateurs \u00e9conomiques concern\u00e9s par la d\u00e9claration de production b\u00e9n\u00e9ficient ainsi d'un d\u00e9lai suppl\u00e9mentaire pour finaliser leurs d\u00e9marches, a rapport\u00e9 ce mardi un communiqu\u00e9 du minist\u00e8re de l'Industrie. Dans son communiqu\u00e9, le minist\u00e8re de l'Industrie a annonc\u00e9 la prorogation, pour une dur\u00e9e de quinze jours, de l'op\u00e9ration de d\u00e9claration de production via la","og:url":"https:\/\/lasentinelle.dz\/index.php\/2026\/09\/02\/declaration-de-production-sur-la-plateforme-du-ministere-de-lindustrie-le-delai-prolonge-au-15-septembre\/","og:image":"https:\/\/lasentinelle.dz\/wp-content\/uploads\/2021\/09\/cropped-la-sentinelle-earth-golden-anima-5.gif","og:image:secure_url":"https:\/\/lasentinelle.dz\/wp-content\/uploads\/2021\/09\/cropped-la-sentinelle-earth-golden-anima-5.gif","og:image:width":450,"og:image:height":213,"article:published_time":"2026-09-02T11:32:19+00:00","article:modified_time":"2026-09-02T11:32:22+00:00","article:publisher":"https:\/\/www.facebook.com\/azzedine.lasentinelle.1","twitter:card":"summary_large_image","twitter:title":"D\u00e9claration de production sur la plateforme du minist\u00e8re de l\u2019Industrie : Le d\u00e9lai prolong\u00e9 au 15 septembre - La Sentinelle","twitter:description":"Les entreprises et op\u00e9rateurs \u00e9conomiques concern\u00e9s par la d\u00e9claration de production b\u00e9n\u00e9ficient ainsi d'un d\u00e9lai suppl\u00e9mentaire pour finaliser leurs d\u00e9marches, a rapport\u00e9 ce mardi un communiqu\u00e9 du minist\u00e8re de l'Industrie. Dans son communiqu\u00e9, le minist\u00e8re de l'Industrie a annonc\u00e9 la prorogation, pour une dur\u00e9e de quinze jours, de l'op\u00e9ration de d\u00e9claration de production via la","twitter:image":"https:\/\/lasentinelle.dz\/wp-content\/uploads\/2021\/09\/cropped-la-sentinelle-earth-golden-anima-5.gif"},"aioseo_meta_data":{"post_id":"94840","title":null,"description":null,"keywords":null,"keyphrases":{"focus":{"keyphrase":"","score":0,"analysis":{"keyphraseInTitle":{"score":0,"maxScore":9,"error":1}}},"additional":[]},"primary_term":null,"canonical_url":null,"og_title":null,"og_description":null,"og_object_type":"default","og_image_type":"default","og_image_url":null,"og_image_width":null,"og_image_height":null,"og_image_custom_url":null,"og_image_custom_fields":null,"og_video":"","og_custom_url":null,"og_article_section":null,"og_article_tags":null,"twitter_use_og":false,"twitter_card":"default","twitter_image_type":"default","twitter_image_url":null,"twitter_image_custom_url":null,"twitter_image_custom_fields":null,"twitter_title":null,"twitter_description":null,"schema":{"blockGraphs":[],"customGraphs":[],"default":{"data":{"Article":[],"Course":[],"Dataset":[],"FAQPage":[],"Movie":[],"Person":[],"Product":[],"ProductReview":[],"Car":[],"Recipe":[],"Service":[],"SoftwareApplication":[],"WebPage":[]},"graphName":"BlogPosting","isEnabled":true},"graphs":[]},"schema_type":"default","schema_type_options":null,"pillar_content":false,"robots_default":true,"robots_noindex":false,"robots_noarchive":false,"robots_nosnippet":false,"robots_nofollow":false,"robots_noimageindex":false,"robots_noodp":false,"robots_notranslate":false,"robots_max_snippet":"-1","robots_max_videopreview":"-1","robots_max_imagepreview":"large","priority":null,"frequency":"default","local_seo":null,"breadcrumb_settings":null,"limit_modified_date":false,"ai":{"faqs":[],"keyPoints":[],"schemas":[],"titles":[],"descriptions":[],"socialPosts":{"email":{"subject":"","preview":"","content":""},"linkedin":[],"twitter":[],"facebook":[],"instagram":[]}},"created":"2026-09-02 11:32:23","updated":"2026-09-02 12:31:44","focus_keyword":null,"additional_keywords":null,"truseo_locale":null,"seo_analyzer_scan_date":null},"aioseo_breadcrumb":"<div class=\"aioseo-breadcrumbs\"><span class=\"aioseo-breadcrumb\">\n\t\t\t<a href=\"https:\/\/lasentinelle.dz\" title=\"Home\">Home<\/a>\n\t\t<\/span><span class=\"aioseo-breadcrumb-separator\">&raquo;<\/span><span class=\"aioseo-breadcrumb\">\n\t\t\t<a href=\"https:\/\/lasentinelle.dz\/index.php\/category\/economie\/\" title=\"\u00c9conomie\">\u00c9conomie<\/a>\n\t\t<\/span><span class=\"aioseo-breadcrumb-separator\">&raquo;<\/span><span class=\"aioseo-breadcrumb\">\n\t\t\tD\u00e9claration de production sur la plateforme du minist\u00e8re de l\u2019Industrie : Le d\u00e9lai prolong\u00e9 au 15 septembre\n\t\t<\/span><\/div>","aioseo_breadcrumb_json":[{"label":"Home","link":"https:\/\/lasentinelle.dz"},{"label":"\u00c9conomie","link":"https:\/\/lasentinelle.dz\/index.php\/category\/economie\/"},{"label":"D\u00e9claration de production sur la plateforme du minist\u00e8re de l\u2019Industrie\u00a0: Le d\u00e9lai prolong\u00e9 au 15 septembre","link":"https:\/\/lasentinelle.dz\/index.php\/2026\/09\/02\/declaration-de-production-sur-la-plateforme-du-ministere-de-lindustrie-le-delai-prolonge-au-15-septembre\/"}],"yoast_head":"<!-- This site is optimized with the Yoast SEO plugin v28.4 - https:\/\/yoast.com\/product\/yoast-seo-wordpress\/ -->\n<title>D\u00e9claration de production sur la plateforme du minist\u00e8re de l\u2019Industrie\u00a0: Le d\u00e9lai prolong\u00e9 au 15 septembre - La Sentinelle<\/title>\n<meta name=\"robots\" content=\"index, follow, max-snippet:-1, max-image-preview:large, max-video-preview:-1\" \/>\n<link rel=\"canonical\" href=\"https:\/\/lasentinelle.dz\/index.php\/2026\/09\/02\/declaration-de-production-sur-la-plateforme-du-ministere-de-lindustrie-le-delai-prolonge-au-15-septembre\/\" \/>\n<meta property=\"og:locale\" content=\"fr_FR\" \/>\n<meta property=\"og:type\" content=\"article\" \/>\n<meta property=\"og:title\" content=\"D\u00e9claration de production sur la plateforme du minist\u00e8re de l\u2019Industrie\u00a0: Le d\u00e9lai prolong\u00e9 au 15 septembre - La Sentinelle\" \/>\n<meta property=\"og:description\" content=\"Les entreprises et op\u00e9rateurs \u00e9conomiques concern\u00e9s par la d\u00e9claration de production b\u00e9n\u00e9ficient ainsi d&rsquo;un d\u00e9lai suppl\u00e9mentaire pour finaliser leurs d\u00e9marches,\" \/>\n<meta property=\"og:url\" content=\"https:\/\/lasentinelle.dz\/index.php\/2026\/09\/02\/declaration-de-production-sur-la-plateforme-du-ministere-de-lindustrie-le-delai-prolonge-au-15-septembre\/\" \/>\n<meta property=\"og:site_name\" content=\"La Sentinelle\" \/>\n<meta property=\"article:publisher\" content=\"https:\/\/www.facebook.com\/La-Sentinelle-104059864394773\" \/>\n<meta property=\"article:published_time\" content=\"2026-09-02T11:32:19+00:00\" \/>\n<meta property=\"article:modified_time\" content=\"2026-09-02T11:32:22+00:00\" \/>\n<meta property=\"og:image\" content=\"https:\/\/lasentinelle.dz\/wp-content\/uploads\/2025\/04\/Ministere-de-lindustrie.jpeg\" \/>\n\t<meta property=\"og:image:width\" content=\"259\" \/>\n\t<meta property=\"og:image:height\" content=\"194\" \/>\n\t<meta property=\"og:image:type\" content=\"image\/jpeg\" \/>\n<meta name=\"author\" content=\"admin\" \/>\n<meta name=\"twitter:card\" content=\"summary_large_image\" \/>\n<meta name=\"twitter:label1\" content=\"\u00c9crit par\" \/>\n\t<meta name=\"twitter:data1\" content=\"admin\" \/>\n\t<meta name=\"twitter:label2\" content=\"Dur\u00e9e de lecture estim\u00e9e\" \/>\n\t<meta name=\"twitter:data2\" content=\"3 minutes\" \/>\n<script type=\"application\/ld+json\" class=\"yoast-schema-graph\">{\"@context\":\"https:\\\/\\\/schema.org\",\"@graph\":[{\"@type\":\"Article\",\"@id\":\"https:\\\/\\\/lasentinelle.dz\\\/index.php\\\/2026\\\/09\\\/02\\\/declaration-de-production-sur-la-plateforme-du-ministere-de-lindustrie-le-delai-prolonge-au-15-septembre\\\/#article\",\"isPartOf\":{\"@id\":\"https:\\\/\\\/lasentinelle.dz\\\/index.php\\\/2026\\\/09\\\/02\\\/declaration-de-production-sur-la-plateforme-du-ministere-de-lindustrie-le-delai-prolonge-au-15-septembre\\\/\"},\"author\":{\"name\":\"admin\",\"@id\":\"https:\\\/\\\/lasentinelle.dz\\\/#\\\/schema\\\/person\\\/729ee0024f24e0b8c5ec17232f8e8b41\"},\"headline\":\"D\u00e9claration de production sur la plateforme du minist\u00e8re de l\u2019Industrie\u00a0: Le d\u00e9lai prolong\u00e9 au 15 septembre\",\"datePublished\":\"2026-09-02T11:32:19+00:00\",\"dateModified\":\"2026-09-02T11:32:22+00:00\",\"mainEntityOfPage\":{\"@id\":\"https:\\\/\\\/lasentinelle.dz\\\/index.php\\\/2026\\\/09\\\/02\\\/declaration-de-production-sur-la-plateforme-du-ministere-de-lindustrie-le-delai-prolonge-au-15-septembre\\\/\"},\"wordCount\":543,\"commentCount\":0,\"publisher\":{\"@id\":\"https:\\\/\\\/lasentinelle.dz\\\/#organization\"},\"image\":{\"@id\":\"https:\\\/\\\/lasentinelle.dz\\\/index.php\\\/2026\\\/09\\\/02\\\/declaration-de-production-sur-la-plateforme-du-ministere-de-lindustrie-le-delai-prolonge-au-15-septembre\\\/#primaryimage\"},\"thumbnailUrl\":\"https:\\\/\\\/lasentinelle.dz\\\/wp-content\\\/uploads\\\/2025\\\/04\\\/Ministere-de-lindustrie.jpeg\",\"articleSection\":[\"\u00c9conomie\"],\"inLanguage\":\"fr-FR\",\"potentialAction\":[{\"@type\":\"CommentAction\",\"name\":\"Comment\",\"target\":[\"https:\\\/\\\/lasentinelle.dz\\\/index.php\\\/2026\\\/09\\\/02\\\/declaration-de-production-sur-la-plateforme-du-ministere-de-lindustrie-le-delai-prolonge-au-15-septembre\\\/#respond\"]}]},{\"@type\":\"WebPage\",\"@id\":\"https:\\\/\\\/lasentinelle.dz\\\/index.php\\\/2026\\\/09\\\/02\\\/declaration-de-production-sur-la-plateforme-du-ministere-de-lindustrie-le-delai-prolonge-au-15-septembre\\\/\",\"url\":\"https:\\\/\\\/lasentinelle.dz\\\/index.php\\\/2026\\\/09\\\/02\\\/declaration-de-production-sur-la-plateforme-du-ministere-de-lindustrie-le-delai-prolonge-au-15-septembre\\\/\",\"name\":\"D\u00e9claration de production sur la plateforme du minist\u00e8re de l\u2019Industrie\u00a0: Le d\u00e9lai prolong\u00e9 au 15 septembre - La Sentinelle\",\"isPartOf\":{\"@id\":\"https:\\\/\\\/lasentinelle.dz\\\/#website\"},\"primaryImageOfPage\":{\"@id\":\"https:\\\/\\\/lasentinelle.dz\\\/index.php\\\/2026\\\/09\\\/02\\\/declaration-de-production-sur-la-plateforme-du-ministere-de-lindustrie-le-delai-prolonge-au-15-septembre\\\/#primaryimage\"},\"image\":{\"@id\":\"https:\\\/\\\/lasentinelle.dz\\\/index.php\\\/2026\\\/09\\\/02\\\/declaration-de-production-sur-la-plateforme-du-ministere-de-lindustrie-le-delai-prolonge-au-15-septembre\\\/#primaryimage\"},\"thumbnailUrl\":\"https:\\\/\\\/lasentinelle.dz\\\/wp-content\\\/uploads\\\/2025\\\/04\\\/Ministere-de-lindustrie.jpeg\",\"datePublished\":\"2026-09-02T11:32:19+00:00\",\"dateModified\":\"2026-09-02T11:32:22+00:00\",\"breadcrumb\":{\"@id\":\"https:\\\/\\\/lasentinelle.dz\\\/index.php\\\/2026\\\/09\\\/02\\\/declaration-de-production-sur-la-plateforme-du-ministere-de-lindustrie-le-delai-prolonge-au-15-septembre\\\/#breadcrumb\"},\"inLanguage\":\"fr-FR\",\"potentialAction\":[{\"@type\":\"ReadAction\",\"target\":[\"https:\\\/\\\/lasentinelle.dz\\\/index.php\\\/2026\\\/09\\\/02\\\/declaration-de-production-sur-la-plateforme-du-ministere-de-lindustrie-le-delai-prolonge-au-15-septembre\\\/\"]}]},{\"@type\":\"ImageObject\",\"inLanguage\":\"fr-FR\",\"@id\":\"https:\\\/\\\/lasentinelle.dz\\\/index.php\\\/2026\\\/09\\\/02\\\/declaration-de-production-sur-la-plateforme-du-ministere-de-lindustrie-le-delai-prolonge-au-15-septembre\\\/#primaryimage\",\"url\":\"https:\\\/\\\/lasentinelle.dz\\\/wp-content\\\/uploads\\\/2025\\\/04\\\/Ministere-de-lindustrie.jpeg\",\"contentUrl\":\"https:\\\/\\\/lasentinelle.dz\\\/wp-content\\\/uploads\\\/2025\\\/04\\\/Ministere-de-lindustrie.jpeg\",\"width\":259,\"height\":194},{\"@type\":\"BreadcrumbList\",\"@id\":\"https:\\\/\\\/lasentinelle.dz\\\/index.php\\\/2026\\\/09\\\/02\\\/declaration-de-production-sur-la-plateforme-du-ministere-de-lindustrie-le-delai-prolonge-au-15-septembre\\\/#breadcrumb\",\"itemListElement\":[{\"@type\":\"ListItem\",\"position\":1,\"name\":\"Accueil\",\"item\":\"https:\\\/\\\/lasentinelle.dz\\\/\"},{\"@type\":\"ListItem\",\"position\":2,\"name\":\"D\u00e9claration de production sur la plateforme du minist\u00e8re de l\u2019Industrie\u00a0: Le d\u00e9lai prolong\u00e9 au 15 septembre\"}]},{\"@type\":\"WebSite\",\"@id\":\"https:\\\/\\\/lasentinelle.dz\\\/#website\",\"url\":\"https:\\\/\\\/lasentinelle.dz\\\/\",\"name\":\"La Sentinelle\",\"description\":\"Quotidien national d&#039;information\",\"publisher\":{\"@id\":\"https:\\\/\\\/lasentinelle.dz\\\/#organization\"},\"potentialAction\":[{\"@type\":\"SearchAction\",\"target\":{\"@type\":\"EntryPoint\",\"urlTemplate\":\"https:\\\/\\\/lasentinelle.dz\\\/?s={search_term_string}\"},\"query-input\":{\"@type\":\"PropertyValueSpecification\",\"valueRequired\":true,\"valueName\":\"search_term_string\"}}],\"inLanguage\":\"fr-FR\"},{\"@type\":\"Organization\",\"@id\":\"https:\\\/\\\/lasentinelle.dz\\\/#organization\",\"name\":\"Quotidien La Sentinelle\",\"url\":\"https:\\\/\\\/lasentinelle.dz\\\/\",\"logo\":{\"@type\":\"ImageObject\",\"inLanguage\":\"fr-FR\",\"@id\":\"https:\\\/\\\/lasentinelle.dz\\\/#\\\/schema\\\/logo\\\/image\\\/\",\"url\":\"https:\\\/\\\/lasentinelle.dz\\\/wp-content\\\/uploads\\\/2021\\\/09\\\/logo-sentinelleSLOGAN-1.png\",\"contentUrl\":\"https:\\\/\\\/lasentinelle.dz\\\/wp-content\\\/uploads\\\/2021\\\/09\\\/logo-sentinelleSLOGAN-1.png\",\"width\":615,\"height\":142,\"caption\":\"Quotidien La Sentinelle\"},\"image\":{\"@id\":\"https:\\\/\\\/lasentinelle.dz\\\/#\\\/schema\\\/logo\\\/image\\\/\"},\"sameAs\":[\"https:\\\/\\\/www.facebook.com\\\/La-Sentinelle-104059864394773\"]},{\"@type\":\"Person\",\"@id\":\"https:\\\/\\\/lasentinelle.dz\\\/#\\\/schema\\\/person\\\/729ee0024f24e0b8c5ec17232f8e8b41\",\"name\":\"admin\",\"image\":{\"@type\":\"ImageObject\",\"inLanguage\":\"fr-FR\",\"@id\":\"https:\\\/\\\/secure.gravatar.com\\\/avatar\\\/4c81fed838786e9b53f540bf46533e750f5d292099ae3b66cfc6fb1982e29df7?s=96&d=mm&r=g\",\"url\":\"https:\\\/\\\/secure.gravatar.com\\\/avatar\\\/4c81fed838786e9b53f540bf46533e750f5d292099ae3b66cfc6fb1982e29df7?s=96&d=mm&r=g\",\"contentUrl\":\"https:\\\/\\\/secure.gravatar.com\\\/avatar\\\/4c81fed838786e9b53f540bf46533e750f5d292099ae3b66cfc6fb1982e29df7?s=96&d=mm&r=g\",\"caption\":\"admin\"},\"description\":\"admin\",\"url\":\"https:\\\/\\\/lasentinelle.dz\\\/author\\\/admin\\\/\"}]}<\/script>\n<!-- \/ Yoast SEO plugin. -->","yoast_head_json":{"title":"D\u00e9claration de production sur la plateforme du minist\u00e8re de l\u2019Industrie\u00a0: Le d\u00e9lai prolong\u00e9 au 15 septembre - La Sentinelle","robots":{"index":"index","follow":"follow","max-snippet":"max-snippet:-1","max-image-preview":"max-image-preview:large","max-video-preview":"max-video-preview:-1"},"canonical":"https:\/\/lasentinelle.dz\/index.php\/2026\/09\/02\/declaration-de-production-sur-la-plateforme-du-ministere-de-lindustrie-le-delai-prolonge-au-15-septembre\/","og_locale":"fr_FR","og_type":"article","og_title":"D\u00e9claration de production sur la plateforme du minist\u00e8re de l\u2019Industrie\u00a0: Le d\u00e9lai prolong\u00e9 au 15 septembre - La Sentinelle","og_description":"Les entreprises et op\u00e9rateurs \u00e9conomiques concern\u00e9s par la d\u00e9claration de production b\u00e9n\u00e9ficient ainsi d&rsquo;un d\u00e9lai suppl\u00e9mentaire pour finaliser leurs d\u00e9marches,","og_url":"https:\/\/lasentinelle.dz\/index.php\/2026\/09\/02\/declaration-de-production-sur-la-plateforme-du-ministere-de-lindustrie-le-delai-prolonge-au-15-septembre\/","og_site_name":"La Sentinelle","article_publisher":"https:\/\/www.facebook.com\/La-Sentinelle-104059864394773","article_published_time":"2026-09-02T11:32:19+00:00","article_modified_time":"2026-09-02T11:32:22+00:00","og_image":[{"width":259,"height":194,"url":"https:\/\/lasentinelle.dz\/wp-content\/uploads\/2025\/04\/Ministere-de-lindustrie.jpeg","type":"image\/jpeg"}],"author":"admin","twitter_card":"summary_large_image","twitter_misc":{"\u00c9crit par":"admin","Dur\u00e9e de lecture estim\u00e9e":"3 minutes"},"schema":{"@context":"https:\/\/schema.org","@graph":[{"@type":"Article","@id":"https:\/\/lasentinelle.dz\/index.php\/2026\/09\/02\/declaration-de-production-sur-la-plateforme-du-ministere-de-lindustrie-le-delai-prolonge-au-15-septembre\/#article","isPartOf":{"@id":"https:\/\/lasentinelle.dz\/index.php\/2026\/09\/02\/declaration-de-production-sur-la-plateforme-du-ministere-de-lindustrie-le-delai-prolonge-au-15-septembre\/"},"author":{"name":"admin","@id":"https:\/\/lasentinelle.dz\/#\/schema\/person\/729ee0024f24e0b8c5ec17232f8e8b41"},"headline":"D\u00e9claration de production sur la plateforme du minist\u00e8re de l\u2019Industrie\u00a0: Le d\u00e9lai prolong\u00e9 au 15 septembre","datePublished":"2026-09-02T11:32:19+00:00","dateModified":"2026-09-02T11:32:22+00:00","mainEntityOfPage":{"@id":"https:\/\/lasentinelle.dz\/index.php\/2026\/09\/02\/declaration-de-production-sur-la-plateforme-du-ministere-de-lindustrie-le-delai-prolonge-au-15-septembre\/"},"wordCount":543,"commentCount":0,"publisher":{"@id":"https:\/\/lasentinelle.dz\/#organization"},"image":{"@id":"https:\/\/lasentinelle.dz\/index.php\/2026\/09\/02\/declaration-de-production-sur-la-plateforme-du-ministere-de-lindustrie-le-delai-prolonge-au-15-septembre\/#primaryimage"},"thumbnailUrl":"https:\/\/lasentinelle.dz\/wp-content\/uploads\/2025\/04\/Ministere-de-lindustrie.jpeg","articleSection":["\u00c9conomie"],"inLanguage":"fr-FR","potentialAction":[{"@type":"CommentAction","name":"Comment","target":["https:\/\/lasentinelle.dz\/index.php\/2026\/09\/02\/declaration-de-production-sur-la-plateforme-du-ministere-de-lindustrie-le-delai-prolonge-au-15-septembre\/#respond"]}]},{"@type":"WebPage","@id":"https:\/\/lasentinelle.dz\/index.php\/2026\/09\/02\/declaration-de-production-sur-la-plateforme-du-ministere-de-lindustrie-le-delai-prolonge-au-15-septembre\/","url":"https:\/\/lasentinelle.dz\/index.php\/2026\/09\/02\/declaration-de-production-sur-la-plateforme-du-ministere-de-lindustrie-le-delai-prolonge-au-15-septembre\/","name":"D\u00e9claration de production sur la plateforme du minist\u00e8re de l\u2019Industrie\u00a0: Le d\u00e9lai prolong\u00e9 au 15 septembre - La Sentinelle","isPartOf":{"@id":"https:\/\/lasentinelle.dz\/#website"},"primaryImageOfPage":{"@id":"https:\/\/lasentinelle.dz\/index.php\/2026\/09\/02\/declaration-de-production-sur-la-plateforme-du-ministere-de-lindustrie-le-delai-prolonge-au-15-septembre\/#primaryimage"},"image":{"@id":"https:\/\/lasentinelle.dz\/index.php\/2026\/09\/02\/declaration-de-production-sur-la-plateforme-du-ministere-de-lindustrie-le-delai-prolonge-au-15-septembre\/#primaryimage"},"thumbnailUrl":"https:\/\/lasentinelle.dz\/wp-content\/uploads\/2025\/04\/Ministere-de-lindustrie.jpeg","datePublished":"2026-09-02T11:32:19+00:00","dateModified":"2026-09-02T11:32:22+00:00","breadcrumb":{"@id":"https:\/\/lasentinelle.dz\/index.php\/2026\/09\/02\/declaration-de-production-sur-la-plateforme-du-ministere-de-lindustrie-le-delai-prolonge-au-15-septembre\/#breadcrumb"},"inLanguage":"fr-FR","potentialAction":[{"@type":"ReadAction","target":["https:\/\/lasentinelle.dz\/index.php\/2026\/09\/02\/declaration-de-production-sur-la-plateforme-du-ministere-de-lindustrie-le-delai-prolonge-au-15-septembre\/"]}]},{"@type":"ImageObject","inLanguage":"fr-FR","@id":"https:\/\/lasentinelle.dz\/index.php\/2026\/09\/02\/declaration-de-production-sur-la-plateforme-du-ministere-de-lindustrie-le-delai-prolonge-au-15-septembre\/#primaryimage","url":"https:\/\/lasentinelle.dz\/wp-content\/uploads\/2025\/04\/Ministere-de-lindustrie.jpeg","contentUrl":"https:\/\/lasentinelle.dz\/wp-content\/uploads\/2025\/04\/Ministere-de-lindustrie.jpeg","width":259,"height":194},{"@type":"BreadcrumbList","@id":"https:\/\/lasentinelle.dz\/index.php\/2026\/09\/02\/declaration-de-production-sur-la-plateforme-du-ministere-de-lindustrie-le-delai-prolonge-au-15-septembre\/#breadcrumb","itemListElement":[{"@type":"ListItem","position":1,"name":"Accueil","item":"https:\/\/lasentinelle.dz\/"},{"@type":"ListItem","position":2,"name":"D\u00e9claration de production sur la plateforme du minist\u00e8re de l\u2019Industrie\u00a0: Le d\u00e9lai prolong\u00e9 au 15 septembre"}]},{"@type":"WebSite","@id":"https:\/\/lasentinelle.dz\/#website","url":"https:\/\/lasentinelle.dz\/","name":"La Sentinelle","description":"Quotidien national d&#039;information","publisher":{"@id":"https:\/\/lasentinelle.dz\/#organization"},"potentialAction":[{"@type":"SearchAction","target":{"@type":"EntryPoint","urlTemplate":"https:\/\/lasentinelle.dz\/?s={search_term_string}"},"query-input":{"@type":"PropertyValueSpecification","valueRequired":true,"valueName":"search_term_string"}}],"inLanguage":"fr-FR"},{"@type":"Organization","@id":"https:\/\/lasentinelle.dz\/#organization","name":"Quotidien La Sentinelle","url":"https:\/\/lasentinelle.dz\/","logo":{"@type":"ImageObject","inLanguage":"fr-FR","@id":"https:\/\/lasentinelle.dz\/#\/schema\/logo\/image\/","url":"https:\/\/lasentinelle.dz\/wp-content\/uploads\/2021\/09\/logo-sentinelleSLOGAN-1.png","contentUrl":"https:\/\/lasentinelle.dz\/wp-content\/uploads\/2021\/09\/logo-sentinelleSLOGAN-1.png","width":615,"height":142,"caption":"Quotidien La Sentinelle"},"image":{"@id":"https:\/\/lasentinelle.dz\/#\/schema\/logo\/image\/"},"sameAs":["https:\/\/www.facebook.com\/La-Sentinelle-104059864394773"]},{"@type":"Person","@id":"https:\/\/lasentinelle.dz\/#\/schema\/person\/729ee0024f24e0b8c5ec17232f8e8b41","name":"admin","image":{"@type":"ImageObject","inLanguage":"fr-FR","@id":"https:\/\/secure.gravatar.com\/avatar\/4c81fed838786e9b53f540bf46533e750f5d292099ae3b66cfc6fb1982e29df7?s=96&d=mm&r=g","url":"https:\/\/secure.gravatar.com\/avatar\/4c81fed838786e9b53f540bf46533e750f5d292099ae3b66cfc6fb1982e29df7?s=96&d=mm&r=g","contentUrl":"https:\/\/secure.gravatar.com\/avatar\/4c81fed838786e9b53f540bf46533e750f5d292099ae3b66cfc6fb1982e29df7?s=96&d=mm&r=g","caption":"admin"},"description":"admin","url":"https:\/\/lasentinelle.dz\/author\/admin\/"}]}},"_links":{"self":[{"href":"https:\/\/lasentinelle.dz\/index.php\/wp-json\/wp\/v2\/posts\/94840","targetHints":{"allow":["GET"]}}],"collection":[{"href":"https:\/\/lasentinelle.dz\/index.php\/wp-json\/wp\/v2\/posts"}],"about":[{"href":"https:\/\/lasentinelle.dz\/index.php\/wp-json\/wp\/v2\/types\/post"}],"author":[{"embeddable":true,"href":"https:\/\/lasentinelle.dz\/index.php\/wp-json\/wp\/v2\/users\/6"}],"replies":[{"embeddable":true,"href":"https:\/\/lasentinelle.dz\/index.php\/wp-json\/wp\/v2\/comments?post=94840"}],"version-history":[{"count":1,"href":"https:\/\/lasentinelle.dz\/index.php\/wp-json\/wp\/v2\/posts\/94840\/revisions"}],"predecessor-version":[{"id":94841,"href":"https:\/\/lasentinelle.dz\/index.php\/wp-json\/wp\/v2\/posts\/94840\/revisions\/94841"}],"wp:featuredmedia":[{"embeddable":true,"href":"https:\/\/lasentinelle.dz\/index.php\/wp-json\/wp\/v2\/media\/66298"}],"wp:attachment":[{"href":"https:\/\/lasentinelle.dz\/index.php\/wp-json\/wp\/v2\/media?parent=94840"}],"wp:term":[{"taxonomy":"category","embeddable":true,"href":"https:\/\/lasentinelle.dz\/index.php\/wp-json\/wp\/v2\/categories?post=94840"},{"taxonomy":"post_tag","embeddable":true,"href":"https:\/\/lasentinelle.dz\/index.php\/wp-json\/wp\/v2\/tags?post=94840"}],"curies":[{"name":"wp","href":"https:\/\/api.w.org\/{rel}","templated":true}]}}