{"id":94842,"date":"2026-09-02T12:33:17","date_gmt":"2026-09-02T11:33:17","guid":{"rendered":"https:\/\/lasentinelle.dz\/?p=94842"},"modified":"2026-09-02T12:33:20","modified_gmt":"2026-09-02T11:33:20","slug":"cooperation-algero-nigerienne-naftal-et-sonidep-accelerent-leurs-projets-communs","status":"publish","type":"post","link":"https:\/\/lasentinelle.dz\/index.php\/2026\/09\/02\/cooperation-algero-nigerienne-naftal-et-sonidep-accelerent-leurs-projets-communs\/","title":{"rendered":"Coop\u00e9ration alg\u00e9ro-nig\u00e9rienne\u00a0: Naftal et Sonidep acc\u00e9l\u00e8rent leurs projets communs"},"content":{"rendered":"\n<p class=\"wp-block-paragraph\">Le PDG de Naftal, Djamel Cherdoud, a re\u00e7u mardi \u00e0 Alger le directeur g\u00e9n\u00e9ral de la soci\u00e9t\u00e9 nig\u00e9rienne Sonidep, Ali Seibou Hassane, une rencontre destin\u00e9e \u00e0 donner un nouvel \u00e9lan aux projets de coop\u00e9ration engag\u00e9s entre les deux entreprises dans les domaines du stockage, de la distribution et de la formation.<\/p>\n\n\n\n<p class=\"wp-block-paragraph\">Le Pr\u00e9sident-directeur g\u00e9n\u00e9ral de Naftal, Djamel Cherdoud, a re\u00e7u mardi au si\u00e8ge de la direction g\u00e9n\u00e9rale de l&rsquo;entreprise le directeur g\u00e9n\u00e9ral de la Soci\u00e9t\u00e9 nig\u00e9rienne du p\u00e9trole, Sonidep, Ali Seibou Hassane, accompagn\u00e9 d&rsquo;une d\u00e9l\u00e9gation de haut niveau, dans le cadre du suivi et du renforcement des relations de coop\u00e9ration et de partenariat unissant les deux soci\u00e9t\u00e9s, selon un communiqu\u00e9 de Naftal. Cette audience a permis de faire le point sur l&rsquo;\u00e9tat d&rsquo;avancement des diff\u00e9rents dossiers de coop\u00e9ration et d&rsquo;examiner les moyens susceptibles d&rsquo;acc\u00e9l\u00e9rer la concr\u00e9tisation des projets d&rsquo;int\u00e9r\u00eat commun, \u00ab lasiment dans les domaines de stockage et de distribution des produits p\u00e9troliers, de d\u00e9veloppement des infrastructures, ainsi que de la formation et de l&rsquo;\u00e9change d&rsquo;expertise \u00bb, pr\u00e9cise le communiqu\u00e9. Les discussions ont \u00e9galement port\u00e9 sur les perspectives de d\u00e9veloppement de la coop\u00e9ration entre Naftal et Sonidep et sur le renforcement du partenariat dans divers domaines d&rsquo;int\u00e9r\u00eat commun, \u00ab de mani\u00e8re \u00e0 contribuer au soutien des capacit\u00e9s d&rsquo;approvisionnement et de distribution, \u00e0 la valorisation mutuelle des exp\u00e9riences et des expertises, ainsi qu&rsquo;\u00e0 l&rsquo;ouverture de nouvelles perspectives de coop\u00e9ration entre les deux entreprises \u00bb, indique la m\u00eame source. \u00c0 l&rsquo;issue de la rencontre, les deux parties ont convenu de tenir une deuxi\u00e8me r\u00e9union de travail mardi prochain, par visioconf\u00e9rence, consacr\u00e9e \u00e0 l&rsquo;\u00e9tude et \u00e0 la d\u00e9finition des mesures propres \u00e0 acc\u00e9l\u00e9rer l&rsquo;ex\u00e9cution des projets inscrits dans le protocole d&rsquo;accord conclu entre Naftal et Sonidep, \u00ab en concr\u00e9tisation de la volont\u00e9 commune de renforcer la coop\u00e9ration \u00e9nerg\u00e9tique et \u00e9conomique entre l&rsquo;Alg\u00e9rie et le Niger \u00bb, souligne le communiqu\u00e9 de la compagnie alg\u00e9rienne.<\/p>\n\n\n\n<p class=\"wp-block-paragraph\">Cette rencontre s&rsquo;inscrit dans la continuit\u00e9 d&rsquo;une dynamique de coop\u00e9ration \u00e9nerg\u00e9tique engag\u00e9e depuis plusieurs mois entre Alger et Niamey. Le protocole d&rsquo;accord entre Naftal et Sonidep avait \u00e9t\u00e9 sign\u00e9 le 2 juin 2026 \u00e0 Alger, dans le cadre d&rsquo;un ensemble de trois m\u00e9morandums d&rsquo;entente conclus le m\u00eame jour entre la Sonidep et des filiales du groupe Sonatrach, en pr\u00e9sence du ministre nig\u00e9rien du P\u00e9trole, Hamadou Tini, et du ministre d&rsquo;\u00c9tat alg\u00e9rien charg\u00e9 des Hydrocarbures, Mohamed Arkab. Aux c\u00f4t\u00e9s de l&rsquo;accord liant Naftal \u00e0 son homologue nig\u00e9rien, portant sur la distribution des produits p\u00e9troliers ainsi que sur la cr\u00e9ation d&rsquo;une joint-venture d\u00e9di\u00e9e \u00e0 la fabrication et au stockage de bitumes, deux autres m\u00e9morandums avaient \u00e9t\u00e9 paraph\u00e9s, l&rsquo;un entre l&rsquo;Entreprise nationale de g\u00e9ophysique (Enageo) et Sonidep pour l&rsquo;acquisition de donn\u00e9es sismiques, l&rsquo;autre entre l&rsquo;Entreprise nationale de forage (Enafor) et Sonidep pour la r\u00e9alisation de travaux de forage p\u00e9trolier et gazier sur le territoire nig\u00e9rien.<\/p>\n\n\n\n<p class=\"wp-block-paragraph\">Dans la foul\u00e9e de cet accord-cadre, une d\u00e9l\u00e9gation de Naftal avait effectu\u00e9 en juin une mission de terrain au Niger, avec des visites d&rsquo;infrastructures de stockage et de centres emplisseurs de gaz \u00e0 Zinder, ainsi que l&rsquo;examen d&rsquo;un projet de construction d&rsquo;une unit\u00e9 de production de bitume. La coop\u00e9ration \u00e9nerg\u00e9tique entre les deux pays s&rsquo;est par ailleurs \u00e9largie ces derni\u00e8res semaines \u00e0 l&rsquo;amont p\u00e9trolier, avec la r\u00e9ception le 29 ao\u00fbt dernier par le ministre Mohamed Arkab du directeur g\u00e9n\u00e9ral de Sonidep, une rencontre consacr\u00e9e notamment au d\u00e9veloppement du bloc p\u00e9trolier de Bilma, qui vient s&rsquo;ajouter aux op\u00e9rations d\u00e9j\u00e0 engag\u00e9es par Sonatrach sur le bloc de Kafra \u00e0 travers sa filiale internationale Sipex. Autant de jalons qui traduisent la volont\u00e9 des deux pays d&rsquo;\u00e9tendre progressivement leur partenariat \u00e0 l&rsquo;ensemble de la cha\u00eene des hydrocarbures, de l&rsquo;exploration jusqu&rsquo;\u00e0 la distribution, en passant par le raffinage et la formation.<\/p>\n\n\n\n<p class=\"wp-block-paragraph\">Amar Malki<\/p>\n","protected":false},"excerpt":{"rendered":"<p>Le PDG de Naftal, Djamel Cherdoud, a re\u00e7u mardi \u00e0 Alger le directeur g\u00e9n\u00e9ral de la soci\u00e9t\u00e9 nig\u00e9rienne Sonidep, Ali<\/p>\n","protected":false},"author":6,"featured_media":94843,"comment_status":"open","ping_status":"closed","sticky":false,"template":"","format":"standard","meta":{"colormag_page_container_layout":"default_layout","colormag_page_sidebar_layout":"default_layout","om_disable_all_campaigns":false,"_monsterinsights_skip_tracking":false,"footnotes":"","_wpscppro_dont_share_socialmedia":false,"_wpscppro_custom_social_share_image":0,"_facebook_share_type":"default","_twitter_share_type":"default","_linkedin_share_type":"default","_pinterest_share_type":"default","_linkedin_share_type_page":"","_instagram_share_type":"default","_medium_share_type":"default","_threads_share_type":"default","_google_business_share_type":"default","_bluesky_share_type":"default","_mastodon_share_type":"default","_selected_social_profile":[],"_wpsp_enable_custom_social_template":false,"_wpsp_social_scheduling":{"enabled":false,"datetime":null,"platforms":[],"status":"template_only","dateOption":"today","timeOption":"now","customDays":"","customHours":"","customDate":"","customTime":"","schedulingType":"absolute"},"_wpsp_active_default_template":true},"categories":[52,29],"tags":[],"class_list":["post-94842","post","type-post","status-publish","format-standard","has-post-thumbnail","hentry","category-a-la-une","category-economie"],"aioseo_notices":[],"aioseo_head":"\n\t\t<!-- All in One SEO 5.0.0.1 - aioseo.com -->\n\t<meta name=\"description\" content=\"Le PDG de Naftal, Djamel Cherdoud, a re\u00e7u mardi \u00e0 Alger le directeur g\u00e9n\u00e9ral de la soci\u00e9t\u00e9 nig\u00e9rienne Sonidep, Ali Seibou Hassane, une rencontre destin\u00e9e \u00e0 donner un nouvel \u00e9lan aux projets de coop\u00e9ration engag\u00e9s entre les deux entreprises dans les domaines du stockage, de la distribution et de la formation. Le Pr\u00e9sident-directeur g\u00e9n\u00e9ral de\" \/>\n\t<meta name=\"robots\" content=\"max-image-preview:large\" \/>\n\t<meta name=\"author\" content=\"admin\"\/>\n\t<link rel=\"canonical\" href=\"https:\/\/lasentinelle.dz\/index.php\/2026\/09\/02\/cooperation-algero-nigerienne-naftal-et-sonidep-accelerent-leurs-projets-communs\/\" \/>\n\t<meta name=\"generator\" content=\"All in One SEO (AIOSEO) 5.0.0.1\" \/>\n\t\t<meta property=\"og:locale\" content=\"fr_FR\" \/>\n\t\t<meta property=\"og:site_name\" content=\"La Sentinelle - Quotidien national d&#039;information\" \/>\n\t\t<meta property=\"og:type\" content=\"article\" \/>\n\t\t<meta property=\"og:title\" content=\"Coop\u00e9ration alg\u00e9ro-nig\u00e9rienne : Naftal et Sonidep acc\u00e9l\u00e8rent leurs projets communs - La Sentinelle\" \/>\n\t\t<meta property=\"og:description\" content=\"Le PDG de Naftal, Djamel Cherdoud, a re\u00e7u mardi \u00e0 Alger le directeur g\u00e9n\u00e9ral de la soci\u00e9t\u00e9 nig\u00e9rienne Sonidep, Ali Seibou Hassane, une rencontre destin\u00e9e \u00e0 donner un nouvel \u00e9lan aux projets de coop\u00e9ration engag\u00e9s entre les deux entreprises dans les domaines du stockage, de la distribution et de la formation. Le Pr\u00e9sident-directeur g\u00e9n\u00e9ral de\" \/>\n\t\t<meta property=\"og:url\" content=\"https:\/\/lasentinelle.dz\/index.php\/2026\/09\/02\/cooperation-algero-nigerienne-naftal-et-sonidep-accelerent-leurs-projets-communs\/\" \/>\n\t\t<meta property=\"og:image\" content=\"https:\/\/lasentinelle.dz\/wp-content\/uploads\/2021\/09\/cropped-la-sentinelle-earth-golden-anima-5.gif\" \/>\n\t\t<meta property=\"og:image:secure_url\" content=\"https:\/\/lasentinelle.dz\/wp-content\/uploads\/2021\/09\/cropped-la-sentinelle-earth-golden-anima-5.gif\" \/>\n\t\t<meta property=\"og:image:width\" content=\"450\" \/>\n\t\t<meta property=\"og:image:height\" content=\"213\" \/>\n\t\t<meta property=\"article:published_time\" content=\"2026-09-02T11:33:17+00:00\" \/>\n\t\t<meta property=\"article:modified_time\" content=\"2026-09-02T11:33:20+00:00\" \/>\n\t\t<meta property=\"article:publisher\" content=\"https:\/\/www.facebook.com\/azzedine.lasentinelle.1\" \/>\n\t\t<meta name=\"twitter:card\" content=\"summary_large_image\" \/>\n\t\t<meta name=\"twitter:title\" content=\"Coop\u00e9ration alg\u00e9ro-nig\u00e9rienne : Naftal et Sonidep acc\u00e9l\u00e8rent leurs projets communs - La Sentinelle\" \/>\n\t\t<meta name=\"twitter:description\" content=\"Le PDG de Naftal, Djamel Cherdoud, a re\u00e7u mardi \u00e0 Alger le directeur g\u00e9n\u00e9ral de la soci\u00e9t\u00e9 nig\u00e9rienne Sonidep, Ali Seibou Hassane, une rencontre destin\u00e9e \u00e0 donner un nouvel \u00e9lan aux projets de coop\u00e9ration engag\u00e9s entre les deux entreprises dans les domaines du stockage, de la distribution et de la formation. Le Pr\u00e9sident-directeur g\u00e9n\u00e9ral de\" \/>\n\t\t<meta name=\"twitter:image\" content=\"https:\/\/lasentinelle.dz\/wp-content\/uploads\/2021\/09\/cropped-la-sentinelle-earth-golden-anima-5.gif\" \/>\n\t\t<script type=\"application\/ld+json\" class=\"aioseo-schema\">\n\t\t\t{\"@context\":\"https:\\\/\\\/schema.org\",\"@graph\":[{\"@type\":\"BlogPosting\",\"@id\":\"https:\\\/\\\/lasentinelle.dz\\\/index.php\\\/2026\\\/09\\\/02\\\/cooperation-algero-nigerienne-naftal-et-sonidep-accelerent-leurs-projets-communs\\\/#blogposting\",\"name\":\"Coop\\u00e9ration alg\\u00e9ro-nig\\u00e9rienne : Naftal et Sonidep acc\\u00e9l\\u00e8rent leurs projets communs - La Sentinelle\",\"headline\":\"Coop\\u00e9ration alg\\u00e9ro-nig\\u00e9rienne\\u00a0: Naftal et Sonidep acc\\u00e9l\\u00e8rent leurs projets communs\",\"author\":{\"@id\":\"https:\\\/\\\/lasentinelle.dz\\\/author\\\/admin\\\/#author\"},\"publisher\":{\"@id\":\"https:\\\/\\\/lasentinelle.dz\\\/#organization\"},\"image\":{\"@type\":\"ImageObject\",\"url\":\"https:\\\/\\\/lasentinelle.dz\\\/wp-content\\\/uploads\\\/2026\\\/09\\\/naftal-niger.jpeg\",\"width\":1440,\"height\":960},\"datePublished\":\"2026-09-02T12:33:17+01:00\",\"dateModified\":\"2026-09-02T12:33:20+01:00\",\"inLanguage\":\"fr-FR\",\"mainEntityOfPage\":{\"@id\":\"https:\\\/\\\/lasentinelle.dz\\\/index.php\\\/2026\\\/09\\\/02\\\/cooperation-algero-nigerienne-naftal-et-sonidep-accelerent-leurs-projets-communs\\\/#webpage\"},\"isPartOf\":{\"@id\":\"https:\\\/\\\/lasentinelle.dz\\\/index.php\\\/2026\\\/09\\\/02\\\/cooperation-algero-nigerienne-naftal-et-sonidep-accelerent-leurs-projets-communs\\\/#webpage\"},\"articleSection\":\"\\u00c0 la Une, \\u00c9conomie\"},{\"@type\":\"BreadcrumbList\",\"@id\":\"https:\\\/\\\/lasentinelle.dz\\\/index.php\\\/2026\\\/09\\\/02\\\/cooperation-algero-nigerienne-naftal-et-sonidep-accelerent-leurs-projets-communs\\\/#breadcrumblist\",\"itemListElement\":[{\"@type\":\"ListItem\",\"@id\":\"https:\\\/\\\/lasentinelle.dz#listItem\",\"position\":1,\"name\":\"Home\",\"item\":\"https:\\\/\\\/lasentinelle.dz\",\"nextItem\":{\"@type\":\"ListItem\",\"@id\":\"https:\\\/\\\/lasentinelle.dz\\\/index.php\\\/category\\\/economie\\\/#listItem\",\"name\":\"\\u00c9conomie\"}},{\"@type\":\"ListItem\",\"@id\":\"https:\\\/\\\/lasentinelle.dz\\\/index.php\\\/category\\\/economie\\\/#listItem\",\"position\":2,\"name\":\"\\u00c9conomie\",\"item\":\"https:\\\/\\\/lasentinelle.dz\\\/index.php\\\/category\\\/economie\\\/\",\"nextItem\":{\"@type\":\"ListItem\",\"@id\":\"https:\\\/\\\/lasentinelle.dz\\\/index.php\\\/2026\\\/09\\\/02\\\/cooperation-algero-nigerienne-naftal-et-sonidep-accelerent-leurs-projets-communs\\\/#listItem\",\"name\":\"Coop\\u00e9ration alg\\u00e9ro-nig\\u00e9rienne\\u00a0: Naftal et Sonidep acc\\u00e9l\\u00e8rent leurs projets communs\"},\"previousItem\":{\"@type\":\"ListItem\",\"@id\":\"https:\\\/\\\/lasentinelle.dz#listItem\",\"name\":\"Home\"}},{\"@type\":\"ListItem\",\"@id\":\"https:\\\/\\\/lasentinelle.dz\\\/index.php\\\/2026\\\/09\\\/02\\\/cooperation-algero-nigerienne-naftal-et-sonidep-accelerent-leurs-projets-communs\\\/#listItem\",\"position\":3,\"name\":\"Coop\\u00e9ration alg\\u00e9ro-nig\\u00e9rienne\\u00a0: Naftal et Sonidep acc\\u00e9l\\u00e8rent leurs projets communs\",\"previousItem\":{\"@type\":\"ListItem\",\"@id\":\"https:\\\/\\\/lasentinelle.dz\\\/index.php\\\/category\\\/economie\\\/#listItem\",\"name\":\"\\u00c9conomie\"}}]},{\"@type\":\"Organization\",\"@id\":\"https:\\\/\\\/lasentinelle.dz\\\/#organization\",\"name\":\"La Sentinelle La Sentinelle\",\"description\":\"Quotidien national d'information\",\"url\":\"https:\\\/\\\/lasentinelle.dz\\\/\",\"logo\":{\"@type\":\"ImageObject\",\"url\":\"https:\\\/\\\/lasentinelle.dz\\\/wp-content\\\/uploads\\\/2021\\\/09\\\/cropped-la-sentinelle-earth-golden-anima-5.gif\",\"@id\":\"https:\\\/\\\/lasentinelle.dz\\\/index.php\\\/2026\\\/09\\\/02\\\/cooperation-algero-nigerienne-naftal-et-sonidep-accelerent-leurs-projets-communs\\\/#organizationLogo\",\"width\":450,\"height\":213},\"image\":{\"@id\":\"https:\\\/\\\/lasentinelle.dz\\\/index.php\\\/2026\\\/09\\\/02\\\/cooperation-algero-nigerienne-naftal-et-sonidep-accelerent-leurs-projets-communs\\\/#organizationLogo\"},\"sameAs\":[\"https:\\\/\\\/www.facebook.com\\\/azzedine.lasentinelle.1\"]},{\"@type\":\"Person\",\"@id\":\"https:\\\/\\\/lasentinelle.dz\\\/author\\\/admin\\\/#author\",\"url\":\"https:\\\/\\\/lasentinelle.dz\\\/author\\\/admin\\\/\",\"name\":\"admin\",\"image\":{\"@type\":\"ImageObject\",\"@id\":\"https:\\\/\\\/lasentinelle.dz\\\/index.php\\\/2026\\\/09\\\/02\\\/cooperation-algero-nigerienne-naftal-et-sonidep-accelerent-leurs-projets-communs\\\/#authorImage\",\"url\":\"https:\\\/\\\/secure.gravatar.com\\\/avatar\\\/4c81fed838786e9b53f540bf46533e750f5d292099ae3b66cfc6fb1982e29df7?s=96&d=mm&r=g\",\"width\":96,\"height\":96,\"caption\":\"admin\"}},{\"@type\":\"WebPage\",\"@id\":\"https:\\\/\\\/lasentinelle.dz\\\/index.php\\\/2026\\\/09\\\/02\\\/cooperation-algero-nigerienne-naftal-et-sonidep-accelerent-leurs-projets-communs\\\/#webpage\",\"url\":\"https:\\\/\\\/lasentinelle.dz\\\/index.php\\\/2026\\\/09\\\/02\\\/cooperation-algero-nigerienne-naftal-et-sonidep-accelerent-leurs-projets-communs\\\/\",\"name\":\"Coop\\u00e9ration alg\\u00e9ro-nig\\u00e9rienne : Naftal et Sonidep acc\\u00e9l\\u00e8rent leurs projets communs - La Sentinelle\",\"description\":\"Le PDG de Naftal, Djamel Cherdoud, a re\\u00e7u mardi \\u00e0 Alger le directeur g\\u00e9n\\u00e9ral de la soci\\u00e9t\\u00e9 nig\\u00e9rienne Sonidep, Ali Seibou Hassane, une rencontre destin\\u00e9e \\u00e0 donner un nouvel \\u00e9lan aux projets de coop\\u00e9ration engag\\u00e9s entre les deux entreprises dans les domaines du stockage, de la distribution et de la formation. Le Pr\\u00e9sident-directeur g\\u00e9n\\u00e9ral de\",\"inLanguage\":\"fr-FR\",\"isPartOf\":{\"@id\":\"https:\\\/\\\/lasentinelle.dz\\\/#website\"},\"breadcrumb\":{\"@id\":\"https:\\\/\\\/lasentinelle.dz\\\/index.php\\\/2026\\\/09\\\/02\\\/cooperation-algero-nigerienne-naftal-et-sonidep-accelerent-leurs-projets-communs\\\/#breadcrumblist\"},\"author\":{\"@id\":\"https:\\\/\\\/lasentinelle.dz\\\/author\\\/admin\\\/#author\"},\"creator\":{\"@id\":\"https:\\\/\\\/lasentinelle.dz\\\/author\\\/admin\\\/#author\"},\"image\":{\"@type\":\"ImageObject\",\"url\":\"https:\\\/\\\/lasentinelle.dz\\\/wp-content\\\/uploads\\\/2026\\\/09\\\/naftal-niger.jpeg\",\"@id\":\"https:\\\/\\\/lasentinelle.dz\\\/index.php\\\/2026\\\/09\\\/02\\\/cooperation-algero-nigerienne-naftal-et-sonidep-accelerent-leurs-projets-communs\\\/#mainImage\",\"width\":1440,\"height\":960},\"primaryImageOfPage\":{\"@id\":\"https:\\\/\\\/lasentinelle.dz\\\/index.php\\\/2026\\\/09\\\/02\\\/cooperation-algero-nigerienne-naftal-et-sonidep-accelerent-leurs-projets-communs\\\/#mainImage\"},\"datePublished\":\"2026-09-02T12:33:17+01:00\",\"dateModified\":\"2026-09-02T12:33:20+01:00\"},{\"@type\":\"WebSite\",\"@id\":\"https:\\\/\\\/lasentinelle.dz\\\/#website\",\"url\":\"https:\\\/\\\/lasentinelle.dz\\\/\",\"name\":\"La Sentinelle\",\"description\":\"Quotidien national d'information\",\"inLanguage\":\"fr-FR\",\"publisher\":{\"@id\":\"https:\\\/\\\/lasentinelle.dz\\\/#organization\"}}]}\n\t\t<\/script>\n\t\t<!-- All in One SEO -->\n\n","aioseo_head_json":{"title":"Coop\u00e9ration alg\u00e9ro-nig\u00e9rienne : Naftal et Sonidep acc\u00e9l\u00e8rent leurs projets communs - La Sentinelle","description":"Le PDG de Naftal, Djamel Cherdoud, a re\u00e7u mardi \u00e0 Alger le directeur g\u00e9n\u00e9ral de la soci\u00e9t\u00e9 nig\u00e9rienne Sonidep, Ali Seibou Hassane, une rencontre destin\u00e9e \u00e0 donner un nouvel \u00e9lan aux projets de coop\u00e9ration engag\u00e9s entre les deux entreprises dans les domaines du stockage, de la distribution et de la formation. Le Pr\u00e9sident-directeur g\u00e9n\u00e9ral de","canonical_url":"https:\/\/lasentinelle.dz\/index.php\/2026\/09\/02\/cooperation-algero-nigerienne-naftal-et-sonidep-accelerent-leurs-projets-communs\/","robots":"max-image-preview:large","keywords":"","webmasterTools":{"miscellaneous":""},"schema":{"@context":"https:\/\/schema.org","@graph":[{"@type":"BlogPosting","@id":"https:\/\/lasentinelle.dz\/index.php\/2026\/09\/02\/cooperation-algero-nigerienne-naftal-et-sonidep-accelerent-leurs-projets-communs\/#blogposting","name":"Coop\u00e9ration alg\u00e9ro-nig\u00e9rienne : Naftal et Sonidep acc\u00e9l\u00e8rent leurs projets communs - La Sentinelle","headline":"Coop\u00e9ration alg\u00e9ro-nig\u00e9rienne\u00a0: Naftal et Sonidep acc\u00e9l\u00e8rent leurs projets communs","author":{"@id":"https:\/\/lasentinelle.dz\/author\/admin\/#author"},"publisher":{"@id":"https:\/\/lasentinelle.dz\/#organization"},"image":{"@type":"ImageObject","url":"https:\/\/lasentinelle.dz\/wp-content\/uploads\/2026\/09\/naftal-niger.jpeg","width":1440,"height":960},"datePublished":"2026-09-02T12:33:17+01:00","dateModified":"2026-09-02T12:33:20+01:00","inLanguage":"fr-FR","mainEntityOfPage":{"@id":"https:\/\/lasentinelle.dz\/index.php\/2026\/09\/02\/cooperation-algero-nigerienne-naftal-et-sonidep-accelerent-leurs-projets-communs\/#webpage"},"isPartOf":{"@id":"https:\/\/lasentinelle.dz\/index.php\/2026\/09\/02\/cooperation-algero-nigerienne-naftal-et-sonidep-accelerent-leurs-projets-communs\/#webpage"},"articleSection":"\u00c0 la Une, \u00c9conomie"},{"@type":"BreadcrumbList","@id":"https:\/\/lasentinelle.dz\/index.php\/2026\/09\/02\/cooperation-algero-nigerienne-naftal-et-sonidep-accelerent-leurs-projets-communs\/#breadcrumblist","itemListElement":[{"@type":"ListItem","@id":"https:\/\/lasentinelle.dz#listItem","position":1,"name":"Home","item":"https:\/\/lasentinelle.dz","nextItem":{"@type":"ListItem","@id":"https:\/\/lasentinelle.dz\/index.php\/category\/economie\/#listItem","name":"\u00c9conomie"}},{"@type":"ListItem","@id":"https:\/\/lasentinelle.dz\/index.php\/category\/economie\/#listItem","position":2,"name":"\u00c9conomie","item":"https:\/\/lasentinelle.dz\/index.php\/category\/economie\/","nextItem":{"@type":"ListItem","@id":"https:\/\/lasentinelle.dz\/index.php\/2026\/09\/02\/cooperation-algero-nigerienne-naftal-et-sonidep-accelerent-leurs-projets-communs\/#listItem","name":"Coop\u00e9ration alg\u00e9ro-nig\u00e9rienne\u00a0: Naftal et Sonidep acc\u00e9l\u00e8rent leurs projets communs"},"previousItem":{"@type":"ListItem","@id":"https:\/\/lasentinelle.dz#listItem","name":"Home"}},{"@type":"ListItem","@id":"https:\/\/lasentinelle.dz\/index.php\/2026\/09\/02\/cooperation-algero-nigerienne-naftal-et-sonidep-accelerent-leurs-projets-communs\/#listItem","position":3,"name":"Coop\u00e9ration alg\u00e9ro-nig\u00e9rienne\u00a0: Naftal et Sonidep acc\u00e9l\u00e8rent leurs projets communs","previousItem":{"@type":"ListItem","@id":"https:\/\/lasentinelle.dz\/index.php\/category\/economie\/#listItem","name":"\u00c9conomie"}}]},{"@type":"Organization","@id":"https:\/\/lasentinelle.dz\/#organization","name":"La Sentinelle La Sentinelle","description":"Quotidien national d'information","url":"https:\/\/lasentinelle.dz\/","logo":{"@type":"ImageObject","url":"https:\/\/lasentinelle.dz\/wp-content\/uploads\/2021\/09\/cropped-la-sentinelle-earth-golden-anima-5.gif","@id":"https:\/\/lasentinelle.dz\/index.php\/2026\/09\/02\/cooperation-algero-nigerienne-naftal-et-sonidep-accelerent-leurs-projets-communs\/#organizationLogo","width":450,"height":213},"image":{"@id":"https:\/\/lasentinelle.dz\/index.php\/2026\/09\/02\/cooperation-algero-nigerienne-naftal-et-sonidep-accelerent-leurs-projets-communs\/#organizationLogo"},"sameAs":["https:\/\/www.facebook.com\/azzedine.lasentinelle.1"]},{"@type":"Person","@id":"https:\/\/lasentinelle.dz\/author\/admin\/#author","url":"https:\/\/lasentinelle.dz\/author\/admin\/","name":"admin","image":{"@type":"ImageObject","@id":"https:\/\/lasentinelle.dz\/index.php\/2026\/09\/02\/cooperation-algero-nigerienne-naftal-et-sonidep-accelerent-leurs-projets-communs\/#authorImage","url":"https:\/\/secure.gravatar.com\/avatar\/4c81fed838786e9b53f540bf46533e750f5d292099ae3b66cfc6fb1982e29df7?s=96&d=mm&r=g","width":96,"height":96,"caption":"admin"}},{"@type":"WebPage","@id":"https:\/\/lasentinelle.dz\/index.php\/2026\/09\/02\/cooperation-algero-nigerienne-naftal-et-sonidep-accelerent-leurs-projets-communs\/#webpage","url":"https:\/\/lasentinelle.dz\/index.php\/2026\/09\/02\/cooperation-algero-nigerienne-naftal-et-sonidep-accelerent-leurs-projets-communs\/","name":"Coop\u00e9ration alg\u00e9ro-nig\u00e9rienne : Naftal et Sonidep acc\u00e9l\u00e8rent leurs projets communs - La Sentinelle","description":"Le PDG de Naftal, Djamel Cherdoud, a re\u00e7u mardi \u00e0 Alger le directeur g\u00e9n\u00e9ral de la soci\u00e9t\u00e9 nig\u00e9rienne Sonidep, Ali Seibou Hassane, une rencontre destin\u00e9e \u00e0 donner un nouvel \u00e9lan aux projets de coop\u00e9ration engag\u00e9s entre les deux entreprises dans les domaines du stockage, de la distribution et de la formation. Le Pr\u00e9sident-directeur g\u00e9n\u00e9ral de","inLanguage":"fr-FR","isPartOf":{"@id":"https:\/\/lasentinelle.dz\/#website"},"breadcrumb":{"@id":"https:\/\/lasentinelle.dz\/index.php\/2026\/09\/02\/cooperation-algero-nigerienne-naftal-et-sonidep-accelerent-leurs-projets-communs\/#breadcrumblist"},"author":{"@id":"https:\/\/lasentinelle.dz\/author\/admin\/#author"},"creator":{"@id":"https:\/\/lasentinelle.dz\/author\/admin\/#author"},"image":{"@type":"ImageObject","url":"https:\/\/lasentinelle.dz\/wp-content\/uploads\/2026\/09\/naftal-niger.jpeg","@id":"https:\/\/lasentinelle.dz\/index.php\/2026\/09\/02\/cooperation-algero-nigerienne-naftal-et-sonidep-accelerent-leurs-projets-communs\/#mainImage","width":1440,"height":960},"primaryImageOfPage":{"@id":"https:\/\/lasentinelle.dz\/index.php\/2026\/09\/02\/cooperation-algero-nigerienne-naftal-et-sonidep-accelerent-leurs-projets-communs\/#mainImage"},"datePublished":"2026-09-02T12:33:17+01:00","dateModified":"2026-09-02T12:33:20+01:00"},{"@type":"WebSite","@id":"https:\/\/lasentinelle.dz\/#website","url":"https:\/\/lasentinelle.dz\/","name":"La Sentinelle","description":"Quotidien national d'information","inLanguage":"fr-FR","publisher":{"@id":"https:\/\/lasentinelle.dz\/#organization"}}]},"og:locale":"fr_FR","og:site_name":"La Sentinelle - Quotidien national d'information","og:type":"article","og:title":"Coop\u00e9ration alg\u00e9ro-nig\u00e9rienne : Naftal et Sonidep acc\u00e9l\u00e8rent leurs projets communs - La Sentinelle","og:description":"Le PDG de Naftal, Djamel Cherdoud, a re\u00e7u mardi \u00e0 Alger le directeur g\u00e9n\u00e9ral de la soci\u00e9t\u00e9 nig\u00e9rienne Sonidep, Ali Seibou Hassane, une rencontre destin\u00e9e \u00e0 donner un nouvel \u00e9lan aux projets de coop\u00e9ration engag\u00e9s entre les deux entreprises dans les domaines du stockage, de la distribution et de la formation. Le Pr\u00e9sident-directeur g\u00e9n\u00e9ral de","og:url":"https:\/\/lasentinelle.dz\/index.php\/2026\/09\/02\/cooperation-algero-nigerienne-naftal-et-sonidep-accelerent-leurs-projets-communs\/","og:image":"https:\/\/lasentinelle.dz\/wp-content\/uploads\/2021\/09\/cropped-la-sentinelle-earth-golden-anima-5.gif","og:image:secure_url":"https:\/\/lasentinelle.dz\/wp-content\/uploads\/2021\/09\/cropped-la-sentinelle-earth-golden-anima-5.gif","og:image:width":450,"og:image:height":213,"article:published_time":"2026-09-02T11:33:17+00:00","article:modified_time":"2026-09-02T11:33:20+00:00","article:publisher":"https:\/\/www.facebook.com\/azzedine.lasentinelle.1","twitter:card":"summary_large_image","twitter:title":"Coop\u00e9ration alg\u00e9ro-nig\u00e9rienne : Naftal et Sonidep acc\u00e9l\u00e8rent leurs projets communs - La Sentinelle","twitter:description":"Le PDG de Naftal, Djamel Cherdoud, a re\u00e7u mardi \u00e0 Alger le directeur g\u00e9n\u00e9ral de la soci\u00e9t\u00e9 nig\u00e9rienne Sonidep, Ali Seibou Hassane, une rencontre destin\u00e9e \u00e0 donner un nouvel \u00e9lan aux projets de coop\u00e9ration engag\u00e9s entre les deux entreprises dans les domaines du stockage, de la distribution et de la formation. Le Pr\u00e9sident-directeur g\u00e9n\u00e9ral de","twitter:image":"https:\/\/lasentinelle.dz\/wp-content\/uploads\/2021\/09\/cropped-la-sentinelle-earth-golden-anima-5.gif"},"aioseo_meta_data":{"post_id":"94842","title":null,"description":null,"keywords":null,"keyphrases":{"focus":{"keyphrase":"","score":0,"analysis":{"keyphraseInTitle":{"score":0,"maxScore":9,"error":1}}},"additional":[]},"primary_term":null,"canonical_url":null,"og_title":null,"og_description":null,"og_object_type":"default","og_image_type":"default","og_image_url":null,"og_image_width":null,"og_image_height":null,"og_image_custom_url":null,"og_image_custom_fields":null,"og_video":"","og_custom_url":null,"og_article_section":null,"og_article_tags":null,"twitter_use_og":false,"twitter_card":"default","twitter_image_type":"default","twitter_image_url":null,"twitter_image_custom_url":null,"twitter_image_custom_fields":null,"twitter_title":null,"twitter_description":null,"schema":{"blockGraphs":[],"customGraphs":[],"default":{"data":{"Article":[],"Course":[],"Dataset":[],"FAQPage":[],"Movie":[],"Person":[],"Product":[],"ProductReview":[],"Car":[],"Recipe":[],"Service":[],"SoftwareApplication":[],"WebPage":[]},"graphName":"BlogPosting","isEnabled":true},"graphs":[]},"schema_type":"default","schema_type_options":null,"pillar_content":false,"robots_default":true,"robots_noindex":false,"robots_noarchive":false,"robots_nosnippet":false,"robots_nofollow":false,"robots_noimageindex":false,"robots_noodp":false,"robots_notranslate":false,"robots_max_snippet":"-1","robots_max_videopreview":"-1","robots_max_imagepreview":"large","priority":null,"frequency":"default","local_seo":null,"breadcrumb_settings":null,"limit_modified_date":false,"ai":{"faqs":[],"keyPoints":[],"schemas":[],"titles":[],"descriptions":[],"socialPosts":{"email":{"subject":"","preview":"","content":""},"linkedin":[],"twitter":[],"facebook":[],"instagram":[]}},"created":"2026-09-02 11:33:20","updated":"2026-09-02 12:31:44","focus_keyword":null,"additional_keywords":null,"truseo_locale":null,"seo_analyzer_scan_date":null},"aioseo_breadcrumb":"<div class=\"aioseo-breadcrumbs\"><span class=\"aioseo-breadcrumb\">\n\t\t\t<a href=\"https:\/\/lasentinelle.dz\" title=\"Home\">Home<\/a>\n\t\t<\/span><span class=\"aioseo-breadcrumb-separator\">&raquo;<\/span><span class=\"aioseo-breadcrumb\">\n\t\t\t<a href=\"https:\/\/lasentinelle.dz\/index.php\/category\/economie\/\" title=\"\u00c9conomie\">\u00c9conomie<\/a>\n\t\t<\/span><span class=\"aioseo-breadcrumb-separator\">&raquo;<\/span><span class=\"aioseo-breadcrumb\">\n\t\t\tCoop\u00e9ration alg\u00e9ro-nig\u00e9rienne : Naftal et Sonidep acc\u00e9l\u00e8rent leurs projets communs\n\t\t<\/span><\/div>","aioseo_breadcrumb_json":[{"label":"Home","link":"https:\/\/lasentinelle.dz"},{"label":"\u00c9conomie","link":"https:\/\/lasentinelle.dz\/index.php\/category\/economie\/"},{"label":"Coop\u00e9ration alg\u00e9ro-nig\u00e9rienne\u00a0: Naftal et Sonidep acc\u00e9l\u00e8rent leurs projets communs","link":"https:\/\/lasentinelle.dz\/index.php\/2026\/09\/02\/cooperation-algero-nigerienne-naftal-et-sonidep-accelerent-leurs-projets-communs\/"}],"yoast_head":"<!-- This site is optimized with the Yoast SEO plugin v28.4 - https:\/\/yoast.com\/product\/yoast-seo-wordpress\/ -->\n<title>Coop\u00e9ration alg\u00e9ro-nig\u00e9rienne\u00a0: Naftal et Sonidep acc\u00e9l\u00e8rent leurs projets communs - La Sentinelle<\/title>\n<meta name=\"robots\" content=\"index, follow, max-snippet:-1, max-image-preview:large, max-video-preview:-1\" \/>\n<link rel=\"canonical\" href=\"https:\/\/lasentinelle.dz\/index.php\/2026\/09\/02\/cooperation-algero-nigerienne-naftal-et-sonidep-accelerent-leurs-projets-communs\/\" \/>\n<meta property=\"og:locale\" content=\"fr_FR\" \/>\n<meta property=\"og:type\" content=\"article\" \/>\n<meta property=\"og:title\" content=\"Coop\u00e9ration alg\u00e9ro-nig\u00e9rienne\u00a0: Naftal et Sonidep acc\u00e9l\u00e8rent leurs projets communs - La Sentinelle\" \/>\n<meta property=\"og:description\" content=\"Le PDG de Naftal, Djamel Cherdoud, a re\u00e7u mardi \u00e0 Alger le directeur g\u00e9n\u00e9ral de la soci\u00e9t\u00e9 nig\u00e9rienne Sonidep, Ali\" \/>\n<meta property=\"og:url\" content=\"https:\/\/lasentinelle.dz\/index.php\/2026\/09\/02\/cooperation-algero-nigerienne-naftal-et-sonidep-accelerent-leurs-projets-communs\/\" \/>\n<meta property=\"og:site_name\" content=\"La Sentinelle\" \/>\n<meta property=\"article:publisher\" content=\"https:\/\/www.facebook.com\/La-Sentinelle-104059864394773\" \/>\n<meta property=\"article:published_time\" content=\"2026-09-02T11:33:17+00:00\" \/>\n<meta property=\"article:modified_time\" content=\"2026-09-02T11:33:20+00:00\" \/>\n<meta property=\"og:image\" content=\"https:\/\/lasentinelle.dz\/wp-content\/uploads\/2026\/09\/naftal-niger.jpeg\" \/>\n\t<meta property=\"og:image:width\" content=\"1440\" \/>\n\t<meta property=\"og:image:height\" content=\"960\" \/>\n\t<meta property=\"og:image:type\" content=\"image\/jpeg\" \/>\n<meta name=\"author\" content=\"admin\" \/>\n<meta name=\"twitter:card\" content=\"summary_large_image\" \/>\n<meta name=\"twitter:label1\" content=\"\u00c9crit par\" \/>\n\t<meta name=\"twitter:data1\" content=\"admin\" \/>\n\t<meta name=\"twitter:label2\" content=\"Dur\u00e9e de lecture estim\u00e9e\" \/>\n\t<meta name=\"twitter:data2\" content=\"4 minutes\" \/>\n<script type=\"application\/ld+json\" class=\"yoast-schema-graph\">{\"@context\":\"https:\\\/\\\/schema.org\",\"@graph\":[{\"@type\":\"Article\",\"@id\":\"https:\\\/\\\/lasentinelle.dz\\\/index.php\\\/2026\\\/09\\\/02\\\/cooperation-algero-nigerienne-naftal-et-sonidep-accelerent-leurs-projets-communs\\\/#article\",\"isPartOf\":{\"@id\":\"https:\\\/\\\/lasentinelle.dz\\\/index.php\\\/2026\\\/09\\\/02\\\/cooperation-algero-nigerienne-naftal-et-sonidep-accelerent-leurs-projets-communs\\\/\"},\"author\":{\"name\":\"admin\",\"@id\":\"https:\\\/\\\/lasentinelle.dz\\\/#\\\/schema\\\/person\\\/729ee0024f24e0b8c5ec17232f8e8b41\"},\"headline\":\"Coop\u00e9ration alg\u00e9ro-nig\u00e9rienne\u00a0: Naftal et Sonidep acc\u00e9l\u00e8rent leurs projets communs\",\"datePublished\":\"2026-09-02T11:33:17+00:00\",\"dateModified\":\"2026-09-02T11:33:20+00:00\",\"mainEntityOfPage\":{\"@id\":\"https:\\\/\\\/lasentinelle.dz\\\/index.php\\\/2026\\\/09\\\/02\\\/cooperation-algero-nigerienne-naftal-et-sonidep-accelerent-leurs-projets-communs\\\/\"},\"wordCount\":738,\"commentCount\":0,\"publisher\":{\"@id\":\"https:\\\/\\\/lasentinelle.dz\\\/#organization\"},\"image\":{\"@id\":\"https:\\\/\\\/lasentinelle.dz\\\/index.php\\\/2026\\\/09\\\/02\\\/cooperation-algero-nigerienne-naftal-et-sonidep-accelerent-leurs-projets-communs\\\/#primaryimage\"},\"thumbnailUrl\":\"https:\\\/\\\/lasentinelle.dz\\\/wp-content\\\/uploads\\\/2026\\\/09\\\/naftal-niger.jpeg\",\"articleSection\":[\"\u00c0 la Une\",\"\u00c9conomie\"],\"inLanguage\":\"fr-FR\",\"potentialAction\":[{\"@type\":\"CommentAction\",\"name\":\"Comment\",\"target\":[\"https:\\\/\\\/lasentinelle.dz\\\/index.php\\\/2026\\\/09\\\/02\\\/cooperation-algero-nigerienne-naftal-et-sonidep-accelerent-leurs-projets-communs\\\/#respond\"]}]},{\"@type\":\"WebPage\",\"@id\":\"https:\\\/\\\/lasentinelle.dz\\\/index.php\\\/2026\\\/09\\\/02\\\/cooperation-algero-nigerienne-naftal-et-sonidep-accelerent-leurs-projets-communs\\\/\",\"url\":\"https:\\\/\\\/lasentinelle.dz\\\/index.php\\\/2026\\\/09\\\/02\\\/cooperation-algero-nigerienne-naftal-et-sonidep-accelerent-leurs-projets-communs\\\/\",\"name\":\"Coop\u00e9ration alg\u00e9ro-nig\u00e9rienne\u00a0: Naftal et Sonidep acc\u00e9l\u00e8rent leurs projets communs - La Sentinelle\",\"isPartOf\":{\"@id\":\"https:\\\/\\\/lasentinelle.dz\\\/#website\"},\"primaryImageOfPage\":{\"@id\":\"https:\\\/\\\/lasentinelle.dz\\\/index.php\\\/2026\\\/09\\\/02\\\/cooperation-algero-nigerienne-naftal-et-sonidep-accelerent-leurs-projets-communs\\\/#primaryimage\"},\"image\":{\"@id\":\"https:\\\/\\\/lasentinelle.dz\\\/index.php\\\/2026\\\/09\\\/02\\\/cooperation-algero-nigerienne-naftal-et-sonidep-accelerent-leurs-projets-communs\\\/#primaryimage\"},\"thumbnailUrl\":\"https:\\\/\\\/lasentinelle.dz\\\/wp-content\\\/uploads\\\/2026\\\/09\\\/naftal-niger.jpeg\",\"datePublished\":\"2026-09-02T11:33:17+00:00\",\"dateModified\":\"2026-09-02T11:33:20+00:00\",\"breadcrumb\":{\"@id\":\"https:\\\/\\\/lasentinelle.dz\\\/index.php\\\/2026\\\/09\\\/02\\\/cooperation-algero-nigerienne-naftal-et-sonidep-accelerent-leurs-projets-communs\\\/#breadcrumb\"},\"inLanguage\":\"fr-FR\",\"potentialAction\":[{\"@type\":\"ReadAction\",\"target\":[\"https:\\\/\\\/lasentinelle.dz\\\/index.php\\\/2026\\\/09\\\/02\\\/cooperation-algero-nigerienne-naftal-et-sonidep-accelerent-leurs-projets-communs\\\/\"]}]},{\"@type\":\"ImageObject\",\"inLanguage\":\"fr-FR\",\"@id\":\"https:\\\/\\\/lasentinelle.dz\\\/index.php\\\/2026\\\/09\\\/02\\\/cooperation-algero-nigerienne-naftal-et-sonidep-accelerent-leurs-projets-communs\\\/#primaryimage\",\"url\":\"https:\\\/\\\/lasentinelle.dz\\\/wp-content\\\/uploads\\\/2026\\\/09\\\/naftal-niger.jpeg\",\"contentUrl\":\"https:\\\/\\\/lasentinelle.dz\\\/wp-content\\\/uploads\\\/2026\\\/09\\\/naftal-niger.jpeg\",\"width\":1440,\"height\":960},{\"@type\":\"BreadcrumbList\",\"@id\":\"https:\\\/\\\/lasentinelle.dz\\\/index.php\\\/2026\\\/09\\\/02\\\/cooperation-algero-nigerienne-naftal-et-sonidep-accelerent-leurs-projets-communs\\\/#breadcrumb\",\"itemListElement\":[{\"@type\":\"ListItem\",\"position\":1,\"name\":\"Accueil\",\"item\":\"https:\\\/\\\/lasentinelle.dz\\\/\"},{\"@type\":\"ListItem\",\"position\":2,\"name\":\"Coop\u00e9ration alg\u00e9ro-nig\u00e9rienne\u00a0: Naftal et Sonidep acc\u00e9l\u00e8rent leurs projets communs\"}]},{\"@type\":\"WebSite\",\"@id\":\"https:\\\/\\\/lasentinelle.dz\\\/#website\",\"url\":\"https:\\\/\\\/lasentinelle.dz\\\/\",\"name\":\"La Sentinelle\",\"description\":\"Quotidien national d&#039;information\",\"publisher\":{\"@id\":\"https:\\\/\\\/lasentinelle.dz\\\/#organization\"},\"potentialAction\":[{\"@type\":\"SearchAction\",\"target\":{\"@type\":\"EntryPoint\",\"urlTemplate\":\"https:\\\/\\\/lasentinelle.dz\\\/?s={search_term_string}\"},\"query-input\":{\"@type\":\"PropertyValueSpecification\",\"valueRequired\":true,\"valueName\":\"search_term_string\"}}],\"inLanguage\":\"fr-FR\"},{\"@type\":\"Organization\",\"@id\":\"https:\\\/\\\/lasentinelle.dz\\\/#organization\",\"name\":\"Quotidien La Sentinelle\",\"url\":\"https:\\\/\\\/lasentinelle.dz\\\/\",\"logo\":{\"@type\":\"ImageObject\",\"inLanguage\":\"fr-FR\",\"@id\":\"https:\\\/\\\/lasentinelle.dz\\\/#\\\/schema\\\/logo\\\/image\\\/\",\"url\":\"https:\\\/\\\/lasentinelle.dz\\\/wp-content\\\/uploads\\\/2021\\\/09\\\/logo-sentinelleSLOGAN-1.png\",\"contentUrl\":\"https:\\\/\\\/lasentinelle.dz\\\/wp-content\\\/uploads\\\/2021\\\/09\\\/logo-sentinelleSLOGAN-1.png\",\"width\":615,\"height\":142,\"caption\":\"Quotidien La Sentinelle\"},\"image\":{\"@id\":\"https:\\\/\\\/lasentinelle.dz\\\/#\\\/schema\\\/logo\\\/image\\\/\"},\"sameAs\":[\"https:\\\/\\\/www.facebook.com\\\/La-Sentinelle-104059864394773\"]},{\"@type\":\"Person\",\"@id\":\"https:\\\/\\\/lasentinelle.dz\\\/#\\\/schema\\\/person\\\/729ee0024f24e0b8c5ec17232f8e8b41\",\"name\":\"admin\",\"image\":{\"@type\":\"ImageObject\",\"inLanguage\":\"fr-FR\",\"@id\":\"https:\\\/\\\/secure.gravatar.com\\\/avatar\\\/4c81fed838786e9b53f540bf46533e750f5d292099ae3b66cfc6fb1982e29df7?s=96&d=mm&r=g\",\"url\":\"https:\\\/\\\/secure.gravatar.com\\\/avatar\\\/4c81fed838786e9b53f540bf46533e750f5d292099ae3b66cfc6fb1982e29df7?s=96&d=mm&r=g\",\"contentUrl\":\"https:\\\/\\\/secure.gravatar.com\\\/avatar\\\/4c81fed838786e9b53f540bf46533e750f5d292099ae3b66cfc6fb1982e29df7?s=96&d=mm&r=g\",\"caption\":\"admin\"},\"description\":\"admin\",\"url\":\"https:\\\/\\\/lasentinelle.dz\\\/author\\\/admin\\\/\"}]}<\/script>\n<!-- \/ Yoast SEO plugin. -->","yoast_head_json":{"title":"Coop\u00e9ration alg\u00e9ro-nig\u00e9rienne\u00a0: Naftal et Sonidep acc\u00e9l\u00e8rent leurs projets communs - La Sentinelle","robots":{"index":"index","follow":"follow","max-snippet":"max-snippet:-1","max-image-preview":"max-image-preview:large","max-video-preview":"max-video-preview:-1"},"canonical":"https:\/\/lasentinelle.dz\/index.php\/2026\/09\/02\/cooperation-algero-nigerienne-naftal-et-sonidep-accelerent-leurs-projets-communs\/","og_locale":"fr_FR","og_type":"article","og_title":"Coop\u00e9ration alg\u00e9ro-nig\u00e9rienne\u00a0: Naftal et Sonidep acc\u00e9l\u00e8rent leurs projets communs - La Sentinelle","og_description":"Le PDG de Naftal, Djamel Cherdoud, a re\u00e7u mardi \u00e0 Alger le directeur g\u00e9n\u00e9ral de la soci\u00e9t\u00e9 nig\u00e9rienne Sonidep, Ali","og_url":"https:\/\/lasentinelle.dz\/index.php\/2026\/09\/02\/cooperation-algero-nigerienne-naftal-et-sonidep-accelerent-leurs-projets-communs\/","og_site_name":"La Sentinelle","article_publisher":"https:\/\/www.facebook.com\/La-Sentinelle-104059864394773","article_published_time":"2026-09-02T11:33:17+00:00","article_modified_time":"2026-09-02T11:33:20+00:00","og_image":[{"width":1440,"height":960,"url":"https:\/\/lasentinelle.dz\/wp-content\/uploads\/2026\/09\/naftal-niger.jpeg","type":"image\/jpeg"}],"author":"admin","twitter_card":"summary_large_image","twitter_misc":{"\u00c9crit par":"admin","Dur\u00e9e de lecture estim\u00e9e":"4 minutes"},"schema":{"@context":"https:\/\/schema.org","@graph":[{"@type":"Article","@id":"https:\/\/lasentinelle.dz\/index.php\/2026\/09\/02\/cooperation-algero-nigerienne-naftal-et-sonidep-accelerent-leurs-projets-communs\/#article","isPartOf":{"@id":"https:\/\/lasentinelle.dz\/index.php\/2026\/09\/02\/cooperation-algero-nigerienne-naftal-et-sonidep-accelerent-leurs-projets-communs\/"},"author":{"name":"admin","@id":"https:\/\/lasentinelle.dz\/#\/schema\/person\/729ee0024f24e0b8c5ec17232f8e8b41"},"headline":"Coop\u00e9ration alg\u00e9ro-nig\u00e9rienne\u00a0: Naftal et Sonidep acc\u00e9l\u00e8rent leurs projets communs","datePublished":"2026-09-02T11:33:17+00:00","dateModified":"2026-09-02T11:33:20+00:00","mainEntityOfPage":{"@id":"https:\/\/lasentinelle.dz\/index.php\/2026\/09\/02\/cooperation-algero-nigerienne-naftal-et-sonidep-accelerent-leurs-projets-communs\/"},"wordCount":738,"commentCount":0,"publisher":{"@id":"https:\/\/lasentinelle.dz\/#organization"},"image":{"@id":"https:\/\/lasentinelle.dz\/index.php\/2026\/09\/02\/cooperation-algero-nigerienne-naftal-et-sonidep-accelerent-leurs-projets-communs\/#primaryimage"},"thumbnailUrl":"https:\/\/lasentinelle.dz\/wp-content\/uploads\/2026\/09\/naftal-niger.jpeg","articleSection":["\u00c0 la Une","\u00c9conomie"],"inLanguage":"fr-FR","potentialAction":[{"@type":"CommentAction","name":"Comment","target":["https:\/\/lasentinelle.dz\/index.php\/2026\/09\/02\/cooperation-algero-nigerienne-naftal-et-sonidep-accelerent-leurs-projets-communs\/#respond"]}]},{"@type":"WebPage","@id":"https:\/\/lasentinelle.dz\/index.php\/2026\/09\/02\/cooperation-algero-nigerienne-naftal-et-sonidep-accelerent-leurs-projets-communs\/","url":"https:\/\/lasentinelle.dz\/index.php\/2026\/09\/02\/cooperation-algero-nigerienne-naftal-et-sonidep-accelerent-leurs-projets-communs\/","name":"Coop\u00e9ration alg\u00e9ro-nig\u00e9rienne\u00a0: Naftal et Sonidep acc\u00e9l\u00e8rent leurs projets communs - La Sentinelle","isPartOf":{"@id":"https:\/\/lasentinelle.dz\/#website"},"primaryImageOfPage":{"@id":"https:\/\/lasentinelle.dz\/index.php\/2026\/09\/02\/cooperation-algero-nigerienne-naftal-et-sonidep-accelerent-leurs-projets-communs\/#primaryimage"},"image":{"@id":"https:\/\/lasentinelle.dz\/index.php\/2026\/09\/02\/cooperation-algero-nigerienne-naftal-et-sonidep-accelerent-leurs-projets-communs\/#primaryimage"},"thumbnailUrl":"https:\/\/lasentinelle.dz\/wp-content\/uploads\/2026\/09\/naftal-niger.jpeg","datePublished":"2026-09-02T11:33:17+00:00","dateModified":"2026-09-02T11:33:20+00:00","breadcrumb":{"@id":"https:\/\/lasentinelle.dz\/index.php\/2026\/09\/02\/cooperation-algero-nigerienne-naftal-et-sonidep-accelerent-leurs-projets-communs\/#breadcrumb"},"inLanguage":"fr-FR","potentialAction":[{"@type":"ReadAction","target":["https:\/\/lasentinelle.dz\/index.php\/2026\/09\/02\/cooperation-algero-nigerienne-naftal-et-sonidep-accelerent-leurs-projets-communs\/"]}]},{"@type":"ImageObject","inLanguage":"fr-FR","@id":"https:\/\/lasentinelle.dz\/index.php\/2026\/09\/02\/cooperation-algero-nigerienne-naftal-et-sonidep-accelerent-leurs-projets-communs\/#primaryimage","url":"https:\/\/lasentinelle.dz\/wp-content\/uploads\/2026\/09\/naftal-niger.jpeg","contentUrl":"https:\/\/lasentinelle.dz\/wp-content\/uploads\/2026\/09\/naftal-niger.jpeg","width":1440,"height":960},{"@type":"BreadcrumbList","@id":"https:\/\/lasentinelle.dz\/index.php\/2026\/09\/02\/cooperation-algero-nigerienne-naftal-et-sonidep-accelerent-leurs-projets-communs\/#breadcrumb","itemListElement":[{"@type":"ListItem","position":1,"name":"Accueil","item":"https:\/\/lasentinelle.dz\/"},{"@type":"ListItem","position":2,"name":"Coop\u00e9ration alg\u00e9ro-nig\u00e9rienne\u00a0: Naftal et Sonidep acc\u00e9l\u00e8rent leurs projets communs"}]},{"@type":"WebSite","@id":"https:\/\/lasentinelle.dz\/#website","url":"https:\/\/lasentinelle.dz\/","name":"La Sentinelle","description":"Quotidien national d&#039;information","publisher":{"@id":"https:\/\/lasentinelle.dz\/#organization"},"potentialAction":[{"@type":"SearchAction","target":{"@type":"EntryPoint","urlTemplate":"https:\/\/lasentinelle.dz\/?s={search_term_string}"},"query-input":{"@type":"PropertyValueSpecification","valueRequired":true,"valueName":"search_term_string"}}],"inLanguage":"fr-FR"},{"@type":"Organization","@id":"https:\/\/lasentinelle.dz\/#organization","name":"Quotidien La Sentinelle","url":"https:\/\/lasentinelle.dz\/","logo":{"@type":"ImageObject","inLanguage":"fr-FR","@id":"https:\/\/lasentinelle.dz\/#\/schema\/logo\/image\/","url":"https:\/\/lasentinelle.dz\/wp-content\/uploads\/2021\/09\/logo-sentinelleSLOGAN-1.png","contentUrl":"https:\/\/lasentinelle.dz\/wp-content\/uploads\/2021\/09\/logo-sentinelleSLOGAN-1.png","width":615,"height":142,"caption":"Quotidien La Sentinelle"},"image":{"@id":"https:\/\/lasentinelle.dz\/#\/schema\/logo\/image\/"},"sameAs":["https:\/\/www.facebook.com\/La-Sentinelle-104059864394773"]},{"@type":"Person","@id":"https:\/\/lasentinelle.dz\/#\/schema\/person\/729ee0024f24e0b8c5ec17232f8e8b41","name":"admin","image":{"@type":"ImageObject","inLanguage":"fr-FR","@id":"https:\/\/secure.gravatar.com\/avatar\/4c81fed838786e9b53f540bf46533e750f5d292099ae3b66cfc6fb1982e29df7?s=96&d=mm&r=g","url":"https:\/\/secure.gravatar.com\/avatar\/4c81fed838786e9b53f540bf46533e750f5d292099ae3b66cfc6fb1982e29df7?s=96&d=mm&r=g","contentUrl":"https:\/\/secure.gravatar.com\/avatar\/4c81fed838786e9b53f540bf46533e750f5d292099ae3b66cfc6fb1982e29df7?s=96&d=mm&r=g","caption":"admin"},"description":"admin","url":"https:\/\/lasentinelle.dz\/author\/admin\/"}]}},"_links":{"self":[{"href":"https:\/\/lasentinelle.dz\/index.php\/wp-json\/wp\/v2\/posts\/94842","targetHints":{"allow":["GET"]}}],"collection":[{"href":"https:\/\/lasentinelle.dz\/index.php\/wp-json\/wp\/v2\/posts"}],"about":[{"href":"https:\/\/lasentinelle.dz\/index.php\/wp-json\/wp\/v2\/types\/post"}],"author":[{"embeddable":true,"href":"https:\/\/lasentinelle.dz\/index.php\/wp-json\/wp\/v2\/users\/6"}],"replies":[{"embeddable":true,"href":"https:\/\/lasentinelle.dz\/index.php\/wp-json\/wp\/v2\/comments?post=94842"}],"version-history":[{"count":1,"href":"https:\/\/lasentinelle.dz\/index.php\/wp-json\/wp\/v2\/posts\/94842\/revisions"}],"predecessor-version":[{"id":94844,"href":"https:\/\/lasentinelle.dz\/index.php\/wp-json\/wp\/v2\/posts\/94842\/revisions\/94844"}],"wp:featuredmedia":[{"embeddable":true,"href":"https:\/\/lasentinelle.dz\/index.php\/wp-json\/wp\/v2\/media\/94843"}],"wp:attachment":[{"href":"https:\/\/lasentinelle.dz\/index.php\/wp-json\/wp\/v2\/media?parent=94842"}],"wp:term":[{"taxonomy":"category","embeddable":true,"href":"https:\/\/lasentinelle.dz\/index.php\/wp-json\/wp\/v2\/categories?post=94842"},{"taxonomy":"post_tag","embeddable":true,"href":"https:\/\/lasentinelle.dz\/index.php\/wp-json\/wp\/v2\/tags?post=94842"}],"curies":[{"name":"wp","href":"https:\/\/api.w.org\/{rel}","templated":true}]}}