{"id":94845,"date":"2026-09-02T12:36:25","date_gmt":"2026-09-02T11:36:25","guid":{"rendered":"https:\/\/lasentinelle.dz\/?p=94845"},"modified":"2026-09-02T12:36:35","modified_gmt":"2026-09-02T11:36:35","slug":"plusieurs-ministeres-mobilises-letat-accelere-la-remise-en-etat-des-wilayas-sinistrees","status":"publish","type":"post","link":"https:\/\/lasentinelle.dz\/index.php\/2026\/09\/02\/plusieurs-ministeres-mobilises-letat-accelere-la-remise-en-etat-des-wilayas-sinistrees\/","title":{"rendered":"Plusieurs minist\u00e8res mobilis\u00e9s\u00a0: L&rsquo;\u00c9tat acc\u00e9l\u00e8re la remise en \u00e9tat des wilayas sinistr\u00e9es"},"content":{"rendered":"\n<p class=\"wp-block-paragraph\">Pr\u00e8s d&rsquo;une semaine apr\u00e8s les incendies qui ont ravag\u00e9 plusieurs wilayas du centre et de l&rsquo;est du pays, les autorit\u00e9s locales et plusieurs d\u00e9partements minist\u00e9riels ont poursuivi, mardi, la mise en \u0153uvre des instructions pr\u00e9sidentielles pour la prise en charge des populations sinistr\u00e9es et la r\u00e9habilitation des infrastructures endommag\u00e9es, entre solidarit\u00e9 sociale, reconstruction des routes et recensement pr\u00e9cis des pertes. Selon un communiqu\u00e9 du minist\u00e8re de l&rsquo;Int\u00e9rieur, des Collectivit\u00e9s locales et des Transports, les autorit\u00e9s locales des wilayas touch\u00e9es poursuivent leurs r\u00e9unions de coordination et leurs sorties sur le terrain, organis\u00e9es \u00ab\u00a0en application des orientations et des instructions\u00a0\u00bb donn\u00e9es par le pr\u00e9sident de la R\u00e9publique, Abdelmadjid Tebboune, lors de la r\u00e9union consacr\u00e9e \u00e0 la prise en charge des cons\u00e9quences des feux. Ces initiatives portent notamment sur \u00ab\u00a0l&rsquo;\u00e9valuation et le recensement pr\u00e9cis des pertes et l&rsquo;identification des besoins des citoyens et des familles sinistr\u00e9es\u00a0\u00bb, pr\u00e9cise le communiqu\u00e9, qui souligne qu&rsquo;elles visent \u00e9galement \u00e0 \u00ab\u00a0acc\u00e9l\u00e9rer la prise en charge et \u00e0 entamer la r\u00e9habilitation et la maintenance des infrastructures et des \u00e9quipements endommag\u00e9s\u00a0\u00bb. Une attention particuli\u00e8re est par ailleurs accord\u00e9e \u00e0 l&rsquo;encadrement des op\u00e9rations de solidarit\u00e9 men\u00e9es \u00e0 travers le pays, afin de \u00ab\u00a0garantir l&rsquo;acheminement des aides \u00e0 leurs b\u00e9n\u00e9ficiaires dans les meilleures conditions\u00a0\u00bb, conclut le texte.<\/p>\n\n\n\n<p class=\"wp-block-paragraph\">Dans ce m\u00eame cadre, la ministre de la Solidarit\u00e9 nationale, de la Famille et de la Condition de la femme, Soraya Mouloudji, a pr\u00e9sid\u00e9 une r\u00e9union de coordination avec les directeurs de l&rsquo;Action sociale et de la Solidarit\u00e9, consacr\u00e9e \u00e0 la mise au point des m\u00e9canismes de prise en charge des besoins recens\u00e9s dans les r\u00e9gions sinistr\u00e9es. Selon le communiqu\u00e9 du minist\u00e8re, cette rencontre visait \u00e0 \u00ab\u00a0mettre au point les m\u00e9canismes et les mesures\u00a0\u00bb permettant d&rsquo;appliquer les instructions pr\u00e9sidentielles, \u00e0 \u00ab\u00a0\u00e9valuer le d\u00e9roulement de l&rsquo;op\u00e9ration de prise en charge depuis son lancement\u00a0\u00bb, ainsi qu&rsquo;\u00e0 faire le point sur la mobilisation des moyens humains et logistiques du secteur. La ministre a insist\u00e9 sur l&rsquo;intensification de la pr\u00e9sence des cellules de proximit\u00e9, dont le nombre a atteint 119 dans la seule wilaya de Jijel, appelant \u00e0 \u00ab\u00a0l&rsquo;adoption d&rsquo;un plan de r\u00e9partition \u00e9tudi\u00e9 de ces \u00e9quipes pour se rapprocher des familles sinistr\u00e9es, notamment dans les zones recul\u00e9es et montagneuses\u00a0\u00bb. Elle a \u00e9galement plaid\u00e9 pour la poursuite de la prise en charge psychosociale des sinistr\u00e9s, en accordant \u00ab\u00a0une attention particuli\u00e8re aux cat\u00e9gories les plus vuln\u00e9rables, notamment les enfants, les personnes \u00e2g\u00e9es, les personnes aux besoins sp\u00e9cifiques et les personnes bless\u00e9es dans ces incendies\u00a0\u00bb, et pour un \u00ab\u00a0renforcement de la coordination avec les autorit\u00e9s locales\u00a0\u00bb en vue d&rsquo;unifier les op\u00e9rations de distribution des aides. Mme Mouloudji a par ailleurs instruit ses services de veiller aux pr\u00e9paratifs de la rentr\u00e9e sociale et scolaire, afin de \u00ab\u00a0garantir une rentr\u00e9e sociale et scolaire r\u00e9ussie et d&rsquo;accueillir les enfants sur les bancs de l&rsquo;\u00e9cole dans des conditions appropri\u00e9es\u00a0\u00bb.<\/p>\n\n\n\n<p class=\"wp-block-paragraph\">Sur le volet des infrastructures, le ministre des Travaux publics, Abdelkader Djellaoui, a pr\u00e9sid\u00e9 lundi une r\u00e9union consacr\u00e9e \u00e0 la r\u00e9paration des axes routiers endommag\u00e9s, notamment \u00e0 Jijel, en application des instructions donn\u00e9es dimanche par le pr\u00e9sident Tebboune et \u00e0 la suite de la r\u00e9union pr\u00e9sid\u00e9e le m\u00eame jour par le Premier ministre, Sifi Ghrieb. La rencontre, \u00e0 laquelle ont pris part les directions des Travaux publics de Jijel, Constantine et S\u00e9tif, a permis d&rsquo;arr\u00eater les interventions prioritaires : acc\u00e9l\u00e9ration des travaux de r\u00e9am\u00e9nagement gr\u00e2ce \u00e0 la mobilisation des moyens des wilayas limitrophes, renforcement des talus endommag\u00e9s pour garantir la s\u00e9curit\u00e9 des usagers, ainsi que remise en place de la signalisation horizontale et verticale. Selon le communiqu\u00e9 du minist\u00e8re, l&rsquo;ensemble de ces op\u00e9rations doit \u00eatre parachev\u00e9 \u00ab\u00a0au d\u00e9but de la semaine prochaine\u00a0\u00bb, des cadres centraux devant \u00eatre d\u00e9p\u00each\u00e9s sur le terrain pour en assurer le suivi et renforcer la coordination entre les diff\u00e9rents intervenants.<\/p>\n\n\n\n<p class=\"wp-block-paragraph\">Cette mobilisation conjointe des secteurs de l&rsquo;Int\u00e9rieur, de la Solidarit\u00e9 nationale et des Travaux publics illustre l&rsquo;ampleur du dispositif engag\u00e9 par l&rsquo;\u00c9tat pour accompagner, au-del\u00e0 de l&rsquo;urgence, le retour \u00e0 la normale dans les wilayas sinistr\u00e9es, \u00e0 quelques semaines d&rsquo;une rentr\u00e9e sociale et scolaire dont la r\u00e9ussite reste une priorit\u00e9 affich\u00e9e par le gouvernement.<\/p>\n\n\n\n<p class=\"wp-block-paragraph\">Malik Meziane<\/p>\n","protected":false},"excerpt":{"rendered":"<p>Pr\u00e8s d&rsquo;une semaine apr\u00e8s les incendies qui ont ravag\u00e9 plusieurs wilayas du centre et de l&rsquo;est du pays, les autorit\u00e9s<\/p>\n","protected":false},"author":6,"featured_media":94846,"comment_status":"open","ping_status":"closed","sticky":false,"template":"","format":"standard","meta":{"colormag_page_container_layout":"default_layout","colormag_page_sidebar_layout":"default_layout","om_disable_all_campaigns":false,"_monsterinsights_skip_tracking":false,"footnotes":"","_wpscppro_dont_share_socialmedia":false,"_wpscppro_custom_social_share_image":0,"_facebook_share_type":"default","_twitter_share_type":"default","_linkedin_share_type":"default","_pinterest_share_type":"default","_linkedin_share_type_page":"","_instagram_share_type":"default","_medium_share_type":"default","_threads_share_type":"default","_google_business_share_type":"default","_bluesky_share_type":"default","_mastodon_share_type":"default","_selected_social_profile":[],"_wpsp_enable_custom_social_template":false,"_wpsp_social_scheduling":{"enabled":false,"datetime":null,"platforms":[],"status":"template_only","dateOption":"today","timeOption":"now","customDays":"","customHours":"","customDate":"","customTime":"","schedulingType":"absolute"},"_wpsp_active_default_template":true},"categories":[27],"tags":[],"class_list":["post-94845","post","type-post","status-publish","format-standard","has-post-thumbnail","hentry","category-actualite"],"aioseo_notices":[],"aioseo_head":"\n\t\t<!-- All in One SEO 5.0.0.1 - aioseo.com -->\n\t<meta name=\"description\" content=\"Pr\u00e8s d&#039;une semaine apr\u00e8s les incendies qui ont ravag\u00e9 plusieurs wilayas du centre et de l&#039;est du pays, les autorit\u00e9s locales et plusieurs d\u00e9partements minist\u00e9riels ont poursuivi, mardi, la mise en \u0153uvre des instructions pr\u00e9sidentielles pour la prise en charge des populations sinistr\u00e9es et la r\u00e9habilitation des infrastructures endommag\u00e9es, entre solidarit\u00e9 sociale, reconstruction des routes\" \/>\n\t<meta name=\"robots\" content=\"max-image-preview:large\" \/>\n\t<meta name=\"author\" content=\"admin\"\/>\n\t<link rel=\"canonical\" href=\"https:\/\/lasentinelle.dz\/index.php\/2026\/09\/02\/plusieurs-ministeres-mobilises-letat-accelere-la-remise-en-etat-des-wilayas-sinistrees\/\" \/>\n\t<meta name=\"generator\" content=\"All in One SEO (AIOSEO) 5.0.0.1\" \/>\n\t\t<meta property=\"og:locale\" content=\"fr_FR\" \/>\n\t\t<meta property=\"og:site_name\" content=\"La Sentinelle - Quotidien national d&#039;information\" \/>\n\t\t<meta property=\"og:type\" content=\"article\" \/>\n\t\t<meta property=\"og:title\" content=\"Plusieurs minist\u00e8res mobilis\u00e9s : L\u2019\u00c9tat acc\u00e9l\u00e8re la remise en \u00e9tat des wilayas sinistr\u00e9es - La Sentinelle\" \/>\n\t\t<meta property=\"og:description\" content=\"Pr\u00e8s d&#039;une semaine apr\u00e8s les incendies qui ont ravag\u00e9 plusieurs wilayas du centre et de l&#039;est du pays, les autorit\u00e9s locales et plusieurs d\u00e9partements minist\u00e9riels ont poursuivi, mardi, la mise en \u0153uvre des instructions pr\u00e9sidentielles pour la prise en charge des populations sinistr\u00e9es et la r\u00e9habilitation des infrastructures endommag\u00e9es, entre solidarit\u00e9 sociale, reconstruction des routes\" \/>\n\t\t<meta property=\"og:url\" content=\"https:\/\/lasentinelle.dz\/index.php\/2026\/09\/02\/plusieurs-ministeres-mobilises-letat-accelere-la-remise-en-etat-des-wilayas-sinistrees\/\" \/>\n\t\t<meta property=\"og:image\" content=\"https:\/\/lasentinelle.dz\/wp-content\/uploads\/2021\/09\/cropped-la-sentinelle-earth-golden-anima-5.gif\" \/>\n\t\t<meta property=\"og:image:secure_url\" content=\"https:\/\/lasentinelle.dz\/wp-content\/uploads\/2021\/09\/cropped-la-sentinelle-earth-golden-anima-5.gif\" \/>\n\t\t<meta property=\"og:image:width\" content=\"450\" \/>\n\t\t<meta property=\"og:image:height\" content=\"213\" \/>\n\t\t<meta property=\"article:published_time\" content=\"2026-09-02T11:36:25+00:00\" \/>\n\t\t<meta property=\"article:modified_time\" content=\"2026-09-02T11:36:35+00:00\" \/>\n\t\t<meta property=\"article:publisher\" content=\"https:\/\/www.facebook.com\/azzedine.lasentinelle.1\" \/>\n\t\t<meta name=\"twitter:card\" content=\"summary_large_image\" \/>\n\t\t<meta name=\"twitter:title\" content=\"Plusieurs minist\u00e8res mobilis\u00e9s : L\u2019\u00c9tat acc\u00e9l\u00e8re la remise en \u00e9tat des wilayas sinistr\u00e9es - La Sentinelle\" \/>\n\t\t<meta name=\"twitter:description\" content=\"Pr\u00e8s d&#039;une semaine apr\u00e8s les incendies qui ont ravag\u00e9 plusieurs wilayas du centre et de l&#039;est du pays, les autorit\u00e9s locales et plusieurs d\u00e9partements minist\u00e9riels ont poursuivi, mardi, la mise en \u0153uvre des instructions pr\u00e9sidentielles pour la prise en charge des populations sinistr\u00e9es et la r\u00e9habilitation des infrastructures endommag\u00e9es, entre solidarit\u00e9 sociale, reconstruction des routes\" \/>\n\t\t<meta name=\"twitter:image\" content=\"https:\/\/lasentinelle.dz\/wp-content\/uploads\/2021\/09\/cropped-la-sentinelle-earth-golden-anima-5.gif\" \/>\n\t\t<script type=\"application\/ld+json\" class=\"aioseo-schema\">\n\t\t\t{\"@context\":\"https:\\\/\\\/schema.org\",\"@graph\":[{\"@type\":\"BlogPosting\",\"@id\":\"https:\\\/\\\/lasentinelle.dz\\\/index.php\\\/2026\\\/09\\\/02\\\/plusieurs-ministeres-mobilises-letat-accelere-la-remise-en-etat-des-wilayas-sinistrees\\\/#blogposting\",\"name\":\"Plusieurs minist\\u00e8res mobilis\\u00e9s : L\\u2019\\u00c9tat acc\\u00e9l\\u00e8re la remise en \\u00e9tat des wilayas sinistr\\u00e9es - La Sentinelle\",\"headline\":\"Plusieurs minist\\u00e8res mobilis\\u00e9s\\u00a0: L&rsquo;\\u00c9tat acc\\u00e9l\\u00e8re la remise en \\u00e9tat des wilayas sinistr\\u00e9es\",\"author\":{\"@id\":\"https:\\\/\\\/lasentinelle.dz\\\/author\\\/admin\\\/#author\"},\"publisher\":{\"@id\":\"https:\\\/\\\/lasentinelle.dz\\\/#organization\"},\"image\":{\"@type\":\"ImageObject\",\"url\":\"https:\\\/\\\/lasentinelle.dz\\\/wp-content\\\/uploads\\\/2026\\\/09\\\/791245950_1062873806486329_8564080897455339038_n.jpg\",\"width\":1020,\"height\":572},\"datePublished\":\"2026-09-02T12:36:25+01:00\",\"dateModified\":\"2026-09-02T12:36:35+01:00\",\"inLanguage\":\"fr-FR\",\"mainEntityOfPage\":{\"@id\":\"https:\\\/\\\/lasentinelle.dz\\\/index.php\\\/2026\\\/09\\\/02\\\/plusieurs-ministeres-mobilises-letat-accelere-la-remise-en-etat-des-wilayas-sinistrees\\\/#webpage\"},\"isPartOf\":{\"@id\":\"https:\\\/\\\/lasentinelle.dz\\\/index.php\\\/2026\\\/09\\\/02\\\/plusieurs-ministeres-mobilises-letat-accelere-la-remise-en-etat-des-wilayas-sinistrees\\\/#webpage\"},\"articleSection\":\"Actualit\\u00e9\"},{\"@type\":\"BreadcrumbList\",\"@id\":\"https:\\\/\\\/lasentinelle.dz\\\/index.php\\\/2026\\\/09\\\/02\\\/plusieurs-ministeres-mobilises-letat-accelere-la-remise-en-etat-des-wilayas-sinistrees\\\/#breadcrumblist\",\"itemListElement\":[{\"@type\":\"ListItem\",\"@id\":\"https:\\\/\\\/lasentinelle.dz#listItem\",\"position\":1,\"name\":\"Home\",\"item\":\"https:\\\/\\\/lasentinelle.dz\",\"nextItem\":{\"@type\":\"ListItem\",\"@id\":\"https:\\\/\\\/lasentinelle.dz\\\/index.php\\\/category\\\/actualite\\\/#listItem\",\"name\":\"Actualit\\u00e9\"}},{\"@type\":\"ListItem\",\"@id\":\"https:\\\/\\\/lasentinelle.dz\\\/index.php\\\/category\\\/actualite\\\/#listItem\",\"position\":2,\"name\":\"Actualit\\u00e9\",\"item\":\"https:\\\/\\\/lasentinelle.dz\\\/index.php\\\/category\\\/actualite\\\/\",\"nextItem\":{\"@type\":\"ListItem\",\"@id\":\"https:\\\/\\\/lasentinelle.dz\\\/index.php\\\/2026\\\/09\\\/02\\\/plusieurs-ministeres-mobilises-letat-accelere-la-remise-en-etat-des-wilayas-sinistrees\\\/#listItem\",\"name\":\"Plusieurs minist\\u00e8res mobilis\\u00e9s\\u00a0: L&rsquo;\\u00c9tat acc\\u00e9l\\u00e8re la remise en \\u00e9tat des wilayas sinistr\\u00e9es\"},\"previousItem\":{\"@type\":\"ListItem\",\"@id\":\"https:\\\/\\\/lasentinelle.dz#listItem\",\"name\":\"Home\"}},{\"@type\":\"ListItem\",\"@id\":\"https:\\\/\\\/lasentinelle.dz\\\/index.php\\\/2026\\\/09\\\/02\\\/plusieurs-ministeres-mobilises-letat-accelere-la-remise-en-etat-des-wilayas-sinistrees\\\/#listItem\",\"position\":3,\"name\":\"Plusieurs minist\\u00e8res mobilis\\u00e9s\\u00a0: L&rsquo;\\u00c9tat acc\\u00e9l\\u00e8re la remise en \\u00e9tat des wilayas sinistr\\u00e9es\",\"previousItem\":{\"@type\":\"ListItem\",\"@id\":\"https:\\\/\\\/lasentinelle.dz\\\/index.php\\\/category\\\/actualite\\\/#listItem\",\"name\":\"Actualit\\u00e9\"}}]},{\"@type\":\"Organization\",\"@id\":\"https:\\\/\\\/lasentinelle.dz\\\/#organization\",\"name\":\"La Sentinelle La Sentinelle\",\"description\":\"Quotidien national d'information\",\"url\":\"https:\\\/\\\/lasentinelle.dz\\\/\",\"logo\":{\"@type\":\"ImageObject\",\"url\":\"https:\\\/\\\/lasentinelle.dz\\\/wp-content\\\/uploads\\\/2021\\\/09\\\/cropped-la-sentinelle-earth-golden-anima-5.gif\",\"@id\":\"https:\\\/\\\/lasentinelle.dz\\\/index.php\\\/2026\\\/09\\\/02\\\/plusieurs-ministeres-mobilises-letat-accelere-la-remise-en-etat-des-wilayas-sinistrees\\\/#organizationLogo\",\"width\":450,\"height\":213},\"image\":{\"@id\":\"https:\\\/\\\/lasentinelle.dz\\\/index.php\\\/2026\\\/09\\\/02\\\/plusieurs-ministeres-mobilises-letat-accelere-la-remise-en-etat-des-wilayas-sinistrees\\\/#organizationLogo\"},\"sameAs\":[\"https:\\\/\\\/www.facebook.com\\\/azzedine.lasentinelle.1\"]},{\"@type\":\"Person\",\"@id\":\"https:\\\/\\\/lasentinelle.dz\\\/author\\\/admin\\\/#author\",\"url\":\"https:\\\/\\\/lasentinelle.dz\\\/author\\\/admin\\\/\",\"name\":\"admin\",\"image\":{\"@type\":\"ImageObject\",\"@id\":\"https:\\\/\\\/lasentinelle.dz\\\/index.php\\\/2026\\\/09\\\/02\\\/plusieurs-ministeres-mobilises-letat-accelere-la-remise-en-etat-des-wilayas-sinistrees\\\/#authorImage\",\"url\":\"https:\\\/\\\/secure.gravatar.com\\\/avatar\\\/4c81fed838786e9b53f540bf46533e750f5d292099ae3b66cfc6fb1982e29df7?s=96&d=mm&r=g\",\"width\":96,\"height\":96,\"caption\":\"admin\"}},{\"@type\":\"WebPage\",\"@id\":\"https:\\\/\\\/lasentinelle.dz\\\/index.php\\\/2026\\\/09\\\/02\\\/plusieurs-ministeres-mobilises-letat-accelere-la-remise-en-etat-des-wilayas-sinistrees\\\/#webpage\",\"url\":\"https:\\\/\\\/lasentinelle.dz\\\/index.php\\\/2026\\\/09\\\/02\\\/plusieurs-ministeres-mobilises-letat-accelere-la-remise-en-etat-des-wilayas-sinistrees\\\/\",\"name\":\"Plusieurs minist\\u00e8res mobilis\\u00e9s : L\\u2019\\u00c9tat acc\\u00e9l\\u00e8re la remise en \\u00e9tat des wilayas sinistr\\u00e9es - La Sentinelle\",\"description\":\"Pr\\u00e8s d'une semaine apr\\u00e8s les incendies qui ont ravag\\u00e9 plusieurs wilayas du centre et de l'est du pays, les autorit\\u00e9s locales et plusieurs d\\u00e9partements minist\\u00e9riels ont poursuivi, mardi, la mise en \\u0153uvre des instructions pr\\u00e9sidentielles pour la prise en charge des populations sinistr\\u00e9es et la r\\u00e9habilitation des infrastructures endommag\\u00e9es, entre solidarit\\u00e9 sociale, reconstruction des routes\",\"inLanguage\":\"fr-FR\",\"isPartOf\":{\"@id\":\"https:\\\/\\\/lasentinelle.dz\\\/#website\"},\"breadcrumb\":{\"@id\":\"https:\\\/\\\/lasentinelle.dz\\\/index.php\\\/2026\\\/09\\\/02\\\/plusieurs-ministeres-mobilises-letat-accelere-la-remise-en-etat-des-wilayas-sinistrees\\\/#breadcrumblist\"},\"author\":{\"@id\":\"https:\\\/\\\/lasentinelle.dz\\\/author\\\/admin\\\/#author\"},\"creator\":{\"@id\":\"https:\\\/\\\/lasentinelle.dz\\\/author\\\/admin\\\/#author\"},\"image\":{\"@type\":\"ImageObject\",\"url\":\"https:\\\/\\\/lasentinelle.dz\\\/wp-content\\\/uploads\\\/2026\\\/09\\\/791245950_1062873806486329_8564080897455339038_n.jpg\",\"@id\":\"https:\\\/\\\/lasentinelle.dz\\\/index.php\\\/2026\\\/09\\\/02\\\/plusieurs-ministeres-mobilises-letat-accelere-la-remise-en-etat-des-wilayas-sinistrees\\\/#mainImage\",\"width\":1020,\"height\":572},\"primaryImageOfPage\":{\"@id\":\"https:\\\/\\\/lasentinelle.dz\\\/index.php\\\/2026\\\/09\\\/02\\\/plusieurs-ministeres-mobilises-letat-accelere-la-remise-en-etat-des-wilayas-sinistrees\\\/#mainImage\"},\"datePublished\":\"2026-09-02T12:36:25+01:00\",\"dateModified\":\"2026-09-02T12:36:35+01:00\"},{\"@type\":\"WebSite\",\"@id\":\"https:\\\/\\\/lasentinelle.dz\\\/#website\",\"url\":\"https:\\\/\\\/lasentinelle.dz\\\/\",\"name\":\"La Sentinelle\",\"description\":\"Quotidien national d'information\",\"inLanguage\":\"fr-FR\",\"publisher\":{\"@id\":\"https:\\\/\\\/lasentinelle.dz\\\/#organization\"}}]}\n\t\t<\/script>\n\t\t<!-- All in One SEO -->\n\n","aioseo_head_json":{"title":"Plusieurs minist\u00e8res mobilis\u00e9s : L\u2019\u00c9tat acc\u00e9l\u00e8re la remise en \u00e9tat des wilayas sinistr\u00e9es - La Sentinelle","description":"Pr\u00e8s d'une semaine apr\u00e8s les incendies qui ont ravag\u00e9 plusieurs wilayas du centre et de l'est du pays, les autorit\u00e9s locales et plusieurs d\u00e9partements minist\u00e9riels ont poursuivi, mardi, la mise en \u0153uvre des instructions pr\u00e9sidentielles pour la prise en charge des populations sinistr\u00e9es et la r\u00e9habilitation des infrastructures endommag\u00e9es, entre solidarit\u00e9 sociale, reconstruction des routes","canonical_url":"https:\/\/lasentinelle.dz\/index.php\/2026\/09\/02\/plusieurs-ministeres-mobilises-letat-accelere-la-remise-en-etat-des-wilayas-sinistrees\/","robots":"max-image-preview:large","keywords":"","webmasterTools":{"miscellaneous":""},"schema":{"@context":"https:\/\/schema.org","@graph":[{"@type":"BlogPosting","@id":"https:\/\/lasentinelle.dz\/index.php\/2026\/09\/02\/plusieurs-ministeres-mobilises-letat-accelere-la-remise-en-etat-des-wilayas-sinistrees\/#blogposting","name":"Plusieurs minist\u00e8res mobilis\u00e9s : L\u2019\u00c9tat acc\u00e9l\u00e8re la remise en \u00e9tat des wilayas sinistr\u00e9es - La Sentinelle","headline":"Plusieurs minist\u00e8res mobilis\u00e9s\u00a0: L&rsquo;\u00c9tat acc\u00e9l\u00e8re la remise en \u00e9tat des wilayas sinistr\u00e9es","author":{"@id":"https:\/\/lasentinelle.dz\/author\/admin\/#author"},"publisher":{"@id":"https:\/\/lasentinelle.dz\/#organization"},"image":{"@type":"ImageObject","url":"https:\/\/lasentinelle.dz\/wp-content\/uploads\/2026\/09\/791245950_1062873806486329_8564080897455339038_n.jpg","width":1020,"height":572},"datePublished":"2026-09-02T12:36:25+01:00","dateModified":"2026-09-02T12:36:35+01:00","inLanguage":"fr-FR","mainEntityOfPage":{"@id":"https:\/\/lasentinelle.dz\/index.php\/2026\/09\/02\/plusieurs-ministeres-mobilises-letat-accelere-la-remise-en-etat-des-wilayas-sinistrees\/#webpage"},"isPartOf":{"@id":"https:\/\/lasentinelle.dz\/index.php\/2026\/09\/02\/plusieurs-ministeres-mobilises-letat-accelere-la-remise-en-etat-des-wilayas-sinistrees\/#webpage"},"articleSection":"Actualit\u00e9"},{"@type":"BreadcrumbList","@id":"https:\/\/lasentinelle.dz\/index.php\/2026\/09\/02\/plusieurs-ministeres-mobilises-letat-accelere-la-remise-en-etat-des-wilayas-sinistrees\/#breadcrumblist","itemListElement":[{"@type":"ListItem","@id":"https:\/\/lasentinelle.dz#listItem","position":1,"name":"Home","item":"https:\/\/lasentinelle.dz","nextItem":{"@type":"ListItem","@id":"https:\/\/lasentinelle.dz\/index.php\/category\/actualite\/#listItem","name":"Actualit\u00e9"}},{"@type":"ListItem","@id":"https:\/\/lasentinelle.dz\/index.php\/category\/actualite\/#listItem","position":2,"name":"Actualit\u00e9","item":"https:\/\/lasentinelle.dz\/index.php\/category\/actualite\/","nextItem":{"@type":"ListItem","@id":"https:\/\/lasentinelle.dz\/index.php\/2026\/09\/02\/plusieurs-ministeres-mobilises-letat-accelere-la-remise-en-etat-des-wilayas-sinistrees\/#listItem","name":"Plusieurs minist\u00e8res mobilis\u00e9s\u00a0: L&rsquo;\u00c9tat acc\u00e9l\u00e8re la remise en \u00e9tat des wilayas sinistr\u00e9es"},"previousItem":{"@type":"ListItem","@id":"https:\/\/lasentinelle.dz#listItem","name":"Home"}},{"@type":"ListItem","@id":"https:\/\/lasentinelle.dz\/index.php\/2026\/09\/02\/plusieurs-ministeres-mobilises-letat-accelere-la-remise-en-etat-des-wilayas-sinistrees\/#listItem","position":3,"name":"Plusieurs minist\u00e8res mobilis\u00e9s\u00a0: L&rsquo;\u00c9tat acc\u00e9l\u00e8re la remise en \u00e9tat des wilayas sinistr\u00e9es","previousItem":{"@type":"ListItem","@id":"https:\/\/lasentinelle.dz\/index.php\/category\/actualite\/#listItem","name":"Actualit\u00e9"}}]},{"@type":"Organization","@id":"https:\/\/lasentinelle.dz\/#organization","name":"La Sentinelle La Sentinelle","description":"Quotidien national d'information","url":"https:\/\/lasentinelle.dz\/","logo":{"@type":"ImageObject","url":"https:\/\/lasentinelle.dz\/wp-content\/uploads\/2021\/09\/cropped-la-sentinelle-earth-golden-anima-5.gif","@id":"https:\/\/lasentinelle.dz\/index.php\/2026\/09\/02\/plusieurs-ministeres-mobilises-letat-accelere-la-remise-en-etat-des-wilayas-sinistrees\/#organizationLogo","width":450,"height":213},"image":{"@id":"https:\/\/lasentinelle.dz\/index.php\/2026\/09\/02\/plusieurs-ministeres-mobilises-letat-accelere-la-remise-en-etat-des-wilayas-sinistrees\/#organizationLogo"},"sameAs":["https:\/\/www.facebook.com\/azzedine.lasentinelle.1"]},{"@type":"Person","@id":"https:\/\/lasentinelle.dz\/author\/admin\/#author","url":"https:\/\/lasentinelle.dz\/author\/admin\/","name":"admin","image":{"@type":"ImageObject","@id":"https:\/\/lasentinelle.dz\/index.php\/2026\/09\/02\/plusieurs-ministeres-mobilises-letat-accelere-la-remise-en-etat-des-wilayas-sinistrees\/#authorImage","url":"https:\/\/secure.gravatar.com\/avatar\/4c81fed838786e9b53f540bf46533e750f5d292099ae3b66cfc6fb1982e29df7?s=96&d=mm&r=g","width":96,"height":96,"caption":"admin"}},{"@type":"WebPage","@id":"https:\/\/lasentinelle.dz\/index.php\/2026\/09\/02\/plusieurs-ministeres-mobilises-letat-accelere-la-remise-en-etat-des-wilayas-sinistrees\/#webpage","url":"https:\/\/lasentinelle.dz\/index.php\/2026\/09\/02\/plusieurs-ministeres-mobilises-letat-accelere-la-remise-en-etat-des-wilayas-sinistrees\/","name":"Plusieurs minist\u00e8res mobilis\u00e9s : L\u2019\u00c9tat acc\u00e9l\u00e8re la remise en \u00e9tat des wilayas sinistr\u00e9es - La Sentinelle","description":"Pr\u00e8s d'une semaine apr\u00e8s les incendies qui ont ravag\u00e9 plusieurs wilayas du centre et de l'est du pays, les autorit\u00e9s locales et plusieurs d\u00e9partements minist\u00e9riels ont poursuivi, mardi, la mise en \u0153uvre des instructions pr\u00e9sidentielles pour la prise en charge des populations sinistr\u00e9es et la r\u00e9habilitation des infrastructures endommag\u00e9es, entre solidarit\u00e9 sociale, reconstruction des routes","inLanguage":"fr-FR","isPartOf":{"@id":"https:\/\/lasentinelle.dz\/#website"},"breadcrumb":{"@id":"https:\/\/lasentinelle.dz\/index.php\/2026\/09\/02\/plusieurs-ministeres-mobilises-letat-accelere-la-remise-en-etat-des-wilayas-sinistrees\/#breadcrumblist"},"author":{"@id":"https:\/\/lasentinelle.dz\/author\/admin\/#author"},"creator":{"@id":"https:\/\/lasentinelle.dz\/author\/admin\/#author"},"image":{"@type":"ImageObject","url":"https:\/\/lasentinelle.dz\/wp-content\/uploads\/2026\/09\/791245950_1062873806486329_8564080897455339038_n.jpg","@id":"https:\/\/lasentinelle.dz\/index.php\/2026\/09\/02\/plusieurs-ministeres-mobilises-letat-accelere-la-remise-en-etat-des-wilayas-sinistrees\/#mainImage","width":1020,"height":572},"primaryImageOfPage":{"@id":"https:\/\/lasentinelle.dz\/index.php\/2026\/09\/02\/plusieurs-ministeres-mobilises-letat-accelere-la-remise-en-etat-des-wilayas-sinistrees\/#mainImage"},"datePublished":"2026-09-02T12:36:25+01:00","dateModified":"2026-09-02T12:36:35+01:00"},{"@type":"WebSite","@id":"https:\/\/lasentinelle.dz\/#website","url":"https:\/\/lasentinelle.dz\/","name":"La Sentinelle","description":"Quotidien national d'information","inLanguage":"fr-FR","publisher":{"@id":"https:\/\/lasentinelle.dz\/#organization"}}]},"og:locale":"fr_FR","og:site_name":"La Sentinelle - Quotidien national d'information","og:type":"article","og:title":"Plusieurs minist\u00e8res mobilis\u00e9s : L\u2019\u00c9tat acc\u00e9l\u00e8re la remise en \u00e9tat des wilayas sinistr\u00e9es - La Sentinelle","og:description":"Pr\u00e8s d'une semaine apr\u00e8s les incendies qui ont ravag\u00e9 plusieurs wilayas du centre et de l'est du pays, les autorit\u00e9s locales et plusieurs d\u00e9partements minist\u00e9riels ont poursuivi, mardi, la mise en \u0153uvre des instructions pr\u00e9sidentielles pour la prise en charge des populations sinistr\u00e9es et la r\u00e9habilitation des infrastructures endommag\u00e9es, entre solidarit\u00e9 sociale, reconstruction des routes","og:url":"https:\/\/lasentinelle.dz\/index.php\/2026\/09\/02\/plusieurs-ministeres-mobilises-letat-accelere-la-remise-en-etat-des-wilayas-sinistrees\/","og:image":"https:\/\/lasentinelle.dz\/wp-content\/uploads\/2021\/09\/cropped-la-sentinelle-earth-golden-anima-5.gif","og:image:secure_url":"https:\/\/lasentinelle.dz\/wp-content\/uploads\/2021\/09\/cropped-la-sentinelle-earth-golden-anima-5.gif","og:image:width":450,"og:image:height":213,"article:published_time":"2026-09-02T11:36:25+00:00","article:modified_time":"2026-09-02T11:36:35+00:00","article:publisher":"https:\/\/www.facebook.com\/azzedine.lasentinelle.1","twitter:card":"summary_large_image","twitter:title":"Plusieurs minist\u00e8res mobilis\u00e9s : L\u2019\u00c9tat acc\u00e9l\u00e8re la remise en \u00e9tat des wilayas sinistr\u00e9es - La Sentinelle","twitter:description":"Pr\u00e8s d'une semaine apr\u00e8s les incendies qui ont ravag\u00e9 plusieurs wilayas du centre et de l'est du pays, les autorit\u00e9s locales et plusieurs d\u00e9partements minist\u00e9riels ont poursuivi, mardi, la mise en \u0153uvre des instructions pr\u00e9sidentielles pour la prise en charge des populations sinistr\u00e9es et la r\u00e9habilitation des infrastructures endommag\u00e9es, entre solidarit\u00e9 sociale, reconstruction des routes","twitter:image":"https:\/\/lasentinelle.dz\/wp-content\/uploads\/2021\/09\/cropped-la-sentinelle-earth-golden-anima-5.gif"},"aioseo_meta_data":{"post_id":"94845","title":null,"description":null,"keywords":null,"keyphrases":{"focus":{"keyphrase":"","score":0,"analysis":{"keyphraseInTitle":{"score":0,"maxScore":9,"error":1}}},"additional":[]},"primary_term":null,"canonical_url":null,"og_title":null,"og_description":null,"og_object_type":"default","og_image_type":"default","og_image_url":null,"og_image_width":null,"og_image_height":null,"og_image_custom_url":null,"og_image_custom_fields":null,"og_video":"","og_custom_url":null,"og_article_section":null,"og_article_tags":null,"twitter_use_og":false,"twitter_card":"default","twitter_image_type":"default","twitter_image_url":null,"twitter_image_custom_url":null,"twitter_image_custom_fields":null,"twitter_title":null,"twitter_description":null,"schema":{"blockGraphs":[],"customGraphs":[],"default":{"data":{"Article":[],"Course":[],"Dataset":[],"FAQPage":[],"Movie":[],"Person":[],"Product":[],"ProductReview":[],"Car":[],"Recipe":[],"Service":[],"SoftwareApplication":[],"WebPage":[]},"graphName":"BlogPosting","isEnabled":true},"graphs":[]},"schema_type":"default","schema_type_options":null,"pillar_content":false,"robots_default":true,"robots_noindex":false,"robots_noarchive":false,"robots_nosnippet":false,"robots_nofollow":false,"robots_noimageindex":false,"robots_noodp":false,"robots_notranslate":false,"robots_max_snippet":"-1","robots_max_videopreview":"-1","robots_max_imagepreview":"large","priority":null,"frequency":"default","local_seo":null,"breadcrumb_settings":null,"limit_modified_date":false,"ai":{"faqs":[],"keyPoints":[],"schemas":[],"titles":[],"descriptions":[],"socialPosts":{"email":{"subject":"","preview":"","content":""},"linkedin":[],"twitter":[],"facebook":[],"instagram":[]}},"created":"2026-09-02 11:36:35","updated":"2026-09-02 12:31:45","focus_keyword":null,"additional_keywords":null,"truseo_locale":null,"seo_analyzer_scan_date":null},"aioseo_breadcrumb":"<div class=\"aioseo-breadcrumbs\"><span class=\"aioseo-breadcrumb\">\n\t\t\t<a href=\"https:\/\/lasentinelle.dz\" title=\"Home\">Home<\/a>\n\t\t<\/span><span class=\"aioseo-breadcrumb-separator\">&raquo;<\/span><span class=\"aioseo-breadcrumb\">\n\t\t\t<a href=\"https:\/\/lasentinelle.dz\/index.php\/category\/actualite\/\" title=\"Actualit\u00e9\">Actualit\u00e9<\/a>\n\t\t<\/span><span class=\"aioseo-breadcrumb-separator\">&raquo;<\/span><span class=\"aioseo-breadcrumb\">\n\t\t\tPlusieurs minist\u00e8res mobilis\u00e9s : L\u2019\u00c9tat acc\u00e9l\u00e8re la remise en \u00e9tat des wilayas sinistr\u00e9es\n\t\t<\/span><\/div>","aioseo_breadcrumb_json":[{"label":"Home","link":"https:\/\/lasentinelle.dz"},{"label":"Actualit\u00e9","link":"https:\/\/lasentinelle.dz\/index.php\/category\/actualite\/"},{"label":"Plusieurs minist\u00e8res mobilis\u00e9s\u00a0: L&rsquo;\u00c9tat acc\u00e9l\u00e8re la remise en \u00e9tat des wilayas sinistr\u00e9es","link":"https:\/\/lasentinelle.dz\/index.php\/2026\/09\/02\/plusieurs-ministeres-mobilises-letat-accelere-la-remise-en-etat-des-wilayas-sinistrees\/"}],"yoast_head":"<!-- This site is optimized with the Yoast SEO plugin v28.4 - https:\/\/yoast.com\/product\/yoast-seo-wordpress\/ -->\n<title>Plusieurs minist\u00e8res mobilis\u00e9s\u00a0: L&rsquo;\u00c9tat acc\u00e9l\u00e8re la remise en \u00e9tat des wilayas sinistr\u00e9es - La Sentinelle<\/title>\n<meta name=\"robots\" content=\"index, follow, max-snippet:-1, max-image-preview:large, max-video-preview:-1\" \/>\n<link rel=\"canonical\" href=\"https:\/\/lasentinelle.dz\/index.php\/2026\/09\/02\/plusieurs-ministeres-mobilises-letat-accelere-la-remise-en-etat-des-wilayas-sinistrees\/\" \/>\n<meta property=\"og:locale\" content=\"fr_FR\" \/>\n<meta property=\"og:type\" content=\"article\" \/>\n<meta property=\"og:title\" content=\"Plusieurs minist\u00e8res mobilis\u00e9s\u00a0: L&rsquo;\u00c9tat acc\u00e9l\u00e8re la remise en \u00e9tat des wilayas sinistr\u00e9es - La Sentinelle\" \/>\n<meta property=\"og:description\" content=\"Pr\u00e8s d&rsquo;une semaine apr\u00e8s les incendies qui ont ravag\u00e9 plusieurs wilayas du centre et de l&rsquo;est du pays, les autorit\u00e9s\" \/>\n<meta property=\"og:url\" content=\"https:\/\/lasentinelle.dz\/index.php\/2026\/09\/02\/plusieurs-ministeres-mobilises-letat-accelere-la-remise-en-etat-des-wilayas-sinistrees\/\" \/>\n<meta property=\"og:site_name\" content=\"La Sentinelle\" \/>\n<meta property=\"article:publisher\" content=\"https:\/\/www.facebook.com\/La-Sentinelle-104059864394773\" \/>\n<meta property=\"article:published_time\" content=\"2026-09-02T11:36:25+00:00\" \/>\n<meta property=\"article:modified_time\" content=\"2026-09-02T11:36:35+00:00\" \/>\n<meta property=\"og:image\" content=\"https:\/\/lasentinelle.dz\/wp-content\/uploads\/2026\/09\/791245950_1062873806486329_8564080897455339038_n.jpg\" \/>\n\t<meta property=\"og:image:width\" content=\"1020\" \/>\n\t<meta property=\"og:image:height\" content=\"572\" \/>\n\t<meta property=\"og:image:type\" content=\"image\/jpeg\" \/>\n<meta name=\"author\" content=\"admin\" \/>\n<meta name=\"twitter:card\" content=\"summary_large_image\" \/>\n<meta name=\"twitter:label1\" content=\"\u00c9crit par\" \/>\n\t<meta name=\"twitter:data1\" content=\"admin\" \/>\n\t<meta name=\"twitter:label2\" content=\"Dur\u00e9e de lecture estim\u00e9e\" \/>\n\t<meta name=\"twitter:data2\" content=\"4 minutes\" \/>\n<script type=\"application\/ld+json\" class=\"yoast-schema-graph\">{\"@context\":\"https:\\\/\\\/schema.org\",\"@graph\":[{\"@type\":\"Article\",\"@id\":\"https:\\\/\\\/lasentinelle.dz\\\/index.php\\\/2026\\\/09\\\/02\\\/plusieurs-ministeres-mobilises-letat-accelere-la-remise-en-etat-des-wilayas-sinistrees\\\/#article\",\"isPartOf\":{\"@id\":\"https:\\\/\\\/lasentinelle.dz\\\/index.php\\\/2026\\\/09\\\/02\\\/plusieurs-ministeres-mobilises-letat-accelere-la-remise-en-etat-des-wilayas-sinistrees\\\/\"},\"author\":{\"name\":\"admin\",\"@id\":\"https:\\\/\\\/lasentinelle.dz\\\/#\\\/schema\\\/person\\\/729ee0024f24e0b8c5ec17232f8e8b41\"},\"headline\":\"Plusieurs minist\u00e8res mobilis\u00e9s\u00a0: L&rsquo;\u00c9tat acc\u00e9l\u00e8re la remise en \u00e9tat des wilayas sinistr\u00e9es\",\"datePublished\":\"2026-09-02T11:36:25+00:00\",\"dateModified\":\"2026-09-02T11:36:35+00:00\",\"mainEntityOfPage\":{\"@id\":\"https:\\\/\\\/lasentinelle.dz\\\/index.php\\\/2026\\\/09\\\/02\\\/plusieurs-ministeres-mobilises-letat-accelere-la-remise-en-etat-des-wilayas-sinistrees\\\/\"},\"wordCount\":797,\"commentCount\":0,\"publisher\":{\"@id\":\"https:\\\/\\\/lasentinelle.dz\\\/#organization\"},\"image\":{\"@id\":\"https:\\\/\\\/lasentinelle.dz\\\/index.php\\\/2026\\\/09\\\/02\\\/plusieurs-ministeres-mobilises-letat-accelere-la-remise-en-etat-des-wilayas-sinistrees\\\/#primaryimage\"},\"thumbnailUrl\":\"https:\\\/\\\/lasentinelle.dz\\\/wp-content\\\/uploads\\\/2026\\\/09\\\/791245950_1062873806486329_8564080897455339038_n.jpg\",\"articleSection\":[\"Actualit\u00e9\"],\"inLanguage\":\"fr-FR\",\"potentialAction\":[{\"@type\":\"CommentAction\",\"name\":\"Comment\",\"target\":[\"https:\\\/\\\/lasentinelle.dz\\\/index.php\\\/2026\\\/09\\\/02\\\/plusieurs-ministeres-mobilises-letat-accelere-la-remise-en-etat-des-wilayas-sinistrees\\\/#respond\"]}]},{\"@type\":\"WebPage\",\"@id\":\"https:\\\/\\\/lasentinelle.dz\\\/index.php\\\/2026\\\/09\\\/02\\\/plusieurs-ministeres-mobilises-letat-accelere-la-remise-en-etat-des-wilayas-sinistrees\\\/\",\"url\":\"https:\\\/\\\/lasentinelle.dz\\\/index.php\\\/2026\\\/09\\\/02\\\/plusieurs-ministeres-mobilises-letat-accelere-la-remise-en-etat-des-wilayas-sinistrees\\\/\",\"name\":\"Plusieurs minist\u00e8res mobilis\u00e9s\u00a0: L&rsquo;\u00c9tat acc\u00e9l\u00e8re la remise en \u00e9tat des wilayas sinistr\u00e9es - La Sentinelle\",\"isPartOf\":{\"@id\":\"https:\\\/\\\/lasentinelle.dz\\\/#website\"},\"primaryImageOfPage\":{\"@id\":\"https:\\\/\\\/lasentinelle.dz\\\/index.php\\\/2026\\\/09\\\/02\\\/plusieurs-ministeres-mobilises-letat-accelere-la-remise-en-etat-des-wilayas-sinistrees\\\/#primaryimage\"},\"image\":{\"@id\":\"https:\\\/\\\/lasentinelle.dz\\\/index.php\\\/2026\\\/09\\\/02\\\/plusieurs-ministeres-mobilises-letat-accelere-la-remise-en-etat-des-wilayas-sinistrees\\\/#primaryimage\"},\"thumbnailUrl\":\"https:\\\/\\\/lasentinelle.dz\\\/wp-content\\\/uploads\\\/2026\\\/09\\\/791245950_1062873806486329_8564080897455339038_n.jpg\",\"datePublished\":\"2026-09-02T11:36:25+00:00\",\"dateModified\":\"2026-09-02T11:36:35+00:00\",\"breadcrumb\":{\"@id\":\"https:\\\/\\\/lasentinelle.dz\\\/index.php\\\/2026\\\/09\\\/02\\\/plusieurs-ministeres-mobilises-letat-accelere-la-remise-en-etat-des-wilayas-sinistrees\\\/#breadcrumb\"},\"inLanguage\":\"fr-FR\",\"potentialAction\":[{\"@type\":\"ReadAction\",\"target\":[\"https:\\\/\\\/lasentinelle.dz\\\/index.php\\\/2026\\\/09\\\/02\\\/plusieurs-ministeres-mobilises-letat-accelere-la-remise-en-etat-des-wilayas-sinistrees\\\/\"]}]},{\"@type\":\"ImageObject\",\"inLanguage\":\"fr-FR\",\"@id\":\"https:\\\/\\\/lasentinelle.dz\\\/index.php\\\/2026\\\/09\\\/02\\\/plusieurs-ministeres-mobilises-letat-accelere-la-remise-en-etat-des-wilayas-sinistrees\\\/#primaryimage\",\"url\":\"https:\\\/\\\/lasentinelle.dz\\\/wp-content\\\/uploads\\\/2026\\\/09\\\/791245950_1062873806486329_8564080897455339038_n.jpg\",\"contentUrl\":\"https:\\\/\\\/lasentinelle.dz\\\/wp-content\\\/uploads\\\/2026\\\/09\\\/791245950_1062873806486329_8564080897455339038_n.jpg\",\"width\":1020,\"height\":572},{\"@type\":\"BreadcrumbList\",\"@id\":\"https:\\\/\\\/lasentinelle.dz\\\/index.php\\\/2026\\\/09\\\/02\\\/plusieurs-ministeres-mobilises-letat-accelere-la-remise-en-etat-des-wilayas-sinistrees\\\/#breadcrumb\",\"itemListElement\":[{\"@type\":\"ListItem\",\"position\":1,\"name\":\"Accueil\",\"item\":\"https:\\\/\\\/lasentinelle.dz\\\/\"},{\"@type\":\"ListItem\",\"position\":2,\"name\":\"Plusieurs minist\u00e8res mobilis\u00e9s\u00a0: L&rsquo;\u00c9tat acc\u00e9l\u00e8re la remise en \u00e9tat des wilayas sinistr\u00e9es\"}]},{\"@type\":\"WebSite\",\"@id\":\"https:\\\/\\\/lasentinelle.dz\\\/#website\",\"url\":\"https:\\\/\\\/lasentinelle.dz\\\/\",\"name\":\"La Sentinelle\",\"description\":\"Quotidien national d&#039;information\",\"publisher\":{\"@id\":\"https:\\\/\\\/lasentinelle.dz\\\/#organization\"},\"potentialAction\":[{\"@type\":\"SearchAction\",\"target\":{\"@type\":\"EntryPoint\",\"urlTemplate\":\"https:\\\/\\\/lasentinelle.dz\\\/?s={search_term_string}\"},\"query-input\":{\"@type\":\"PropertyValueSpecification\",\"valueRequired\":true,\"valueName\":\"search_term_string\"}}],\"inLanguage\":\"fr-FR\"},{\"@type\":\"Organization\",\"@id\":\"https:\\\/\\\/lasentinelle.dz\\\/#organization\",\"name\":\"Quotidien La Sentinelle\",\"url\":\"https:\\\/\\\/lasentinelle.dz\\\/\",\"logo\":{\"@type\":\"ImageObject\",\"inLanguage\":\"fr-FR\",\"@id\":\"https:\\\/\\\/lasentinelle.dz\\\/#\\\/schema\\\/logo\\\/image\\\/\",\"url\":\"https:\\\/\\\/lasentinelle.dz\\\/wp-content\\\/uploads\\\/2021\\\/09\\\/logo-sentinelleSLOGAN-1.png\",\"contentUrl\":\"https:\\\/\\\/lasentinelle.dz\\\/wp-content\\\/uploads\\\/2021\\\/09\\\/logo-sentinelleSLOGAN-1.png\",\"width\":615,\"height\":142,\"caption\":\"Quotidien La Sentinelle\"},\"image\":{\"@id\":\"https:\\\/\\\/lasentinelle.dz\\\/#\\\/schema\\\/logo\\\/image\\\/\"},\"sameAs\":[\"https:\\\/\\\/www.facebook.com\\\/La-Sentinelle-104059864394773\"]},{\"@type\":\"Person\",\"@id\":\"https:\\\/\\\/lasentinelle.dz\\\/#\\\/schema\\\/person\\\/729ee0024f24e0b8c5ec17232f8e8b41\",\"name\":\"admin\",\"image\":{\"@type\":\"ImageObject\",\"inLanguage\":\"fr-FR\",\"@id\":\"https:\\\/\\\/secure.gravatar.com\\\/avatar\\\/4c81fed838786e9b53f540bf46533e750f5d292099ae3b66cfc6fb1982e29df7?s=96&d=mm&r=g\",\"url\":\"https:\\\/\\\/secure.gravatar.com\\\/avatar\\\/4c81fed838786e9b53f540bf46533e750f5d292099ae3b66cfc6fb1982e29df7?s=96&d=mm&r=g\",\"contentUrl\":\"https:\\\/\\\/secure.gravatar.com\\\/avatar\\\/4c81fed838786e9b53f540bf46533e750f5d292099ae3b66cfc6fb1982e29df7?s=96&d=mm&r=g\",\"caption\":\"admin\"},\"description\":\"admin\",\"url\":\"https:\\\/\\\/lasentinelle.dz\\\/author\\\/admin\\\/\"}]}<\/script>\n<!-- \/ Yoast SEO plugin. -->","yoast_head_json":{"title":"Plusieurs minist\u00e8res mobilis\u00e9s\u00a0: L&rsquo;\u00c9tat acc\u00e9l\u00e8re la remise en \u00e9tat des wilayas sinistr\u00e9es - La Sentinelle","robots":{"index":"index","follow":"follow","max-snippet":"max-snippet:-1","max-image-preview":"max-image-preview:large","max-video-preview":"max-video-preview:-1"},"canonical":"https:\/\/lasentinelle.dz\/index.php\/2026\/09\/02\/plusieurs-ministeres-mobilises-letat-accelere-la-remise-en-etat-des-wilayas-sinistrees\/","og_locale":"fr_FR","og_type":"article","og_title":"Plusieurs minist\u00e8res mobilis\u00e9s\u00a0: L&rsquo;\u00c9tat acc\u00e9l\u00e8re la remise en \u00e9tat des wilayas sinistr\u00e9es - La Sentinelle","og_description":"Pr\u00e8s d&rsquo;une semaine apr\u00e8s les incendies qui ont ravag\u00e9 plusieurs wilayas du centre et de l&rsquo;est du pays, les autorit\u00e9s","og_url":"https:\/\/lasentinelle.dz\/index.php\/2026\/09\/02\/plusieurs-ministeres-mobilises-letat-accelere-la-remise-en-etat-des-wilayas-sinistrees\/","og_site_name":"La Sentinelle","article_publisher":"https:\/\/www.facebook.com\/La-Sentinelle-104059864394773","article_published_time":"2026-09-02T11:36:25+00:00","article_modified_time":"2026-09-02T11:36:35+00:00","og_image":[{"width":1020,"height":572,"url":"https:\/\/lasentinelle.dz\/wp-content\/uploads\/2026\/09\/791245950_1062873806486329_8564080897455339038_n.jpg","type":"image\/jpeg"}],"author":"admin","twitter_card":"summary_large_image","twitter_misc":{"\u00c9crit par":"admin","Dur\u00e9e de lecture estim\u00e9e":"4 minutes"},"schema":{"@context":"https:\/\/schema.org","@graph":[{"@type":"Article","@id":"https:\/\/lasentinelle.dz\/index.php\/2026\/09\/02\/plusieurs-ministeres-mobilises-letat-accelere-la-remise-en-etat-des-wilayas-sinistrees\/#article","isPartOf":{"@id":"https:\/\/lasentinelle.dz\/index.php\/2026\/09\/02\/plusieurs-ministeres-mobilises-letat-accelere-la-remise-en-etat-des-wilayas-sinistrees\/"},"author":{"name":"admin","@id":"https:\/\/lasentinelle.dz\/#\/schema\/person\/729ee0024f24e0b8c5ec17232f8e8b41"},"headline":"Plusieurs minist\u00e8res mobilis\u00e9s\u00a0: L&rsquo;\u00c9tat acc\u00e9l\u00e8re la remise en \u00e9tat des wilayas sinistr\u00e9es","datePublished":"2026-09-02T11:36:25+00:00","dateModified":"2026-09-02T11:36:35+00:00","mainEntityOfPage":{"@id":"https:\/\/lasentinelle.dz\/index.php\/2026\/09\/02\/plusieurs-ministeres-mobilises-letat-accelere-la-remise-en-etat-des-wilayas-sinistrees\/"},"wordCount":797,"commentCount":0,"publisher":{"@id":"https:\/\/lasentinelle.dz\/#organization"},"image":{"@id":"https:\/\/lasentinelle.dz\/index.php\/2026\/09\/02\/plusieurs-ministeres-mobilises-letat-accelere-la-remise-en-etat-des-wilayas-sinistrees\/#primaryimage"},"thumbnailUrl":"https:\/\/lasentinelle.dz\/wp-content\/uploads\/2026\/09\/791245950_1062873806486329_8564080897455339038_n.jpg","articleSection":["Actualit\u00e9"],"inLanguage":"fr-FR","potentialAction":[{"@type":"CommentAction","name":"Comment","target":["https:\/\/lasentinelle.dz\/index.php\/2026\/09\/02\/plusieurs-ministeres-mobilises-letat-accelere-la-remise-en-etat-des-wilayas-sinistrees\/#respond"]}]},{"@type":"WebPage","@id":"https:\/\/lasentinelle.dz\/index.php\/2026\/09\/02\/plusieurs-ministeres-mobilises-letat-accelere-la-remise-en-etat-des-wilayas-sinistrees\/","url":"https:\/\/lasentinelle.dz\/index.php\/2026\/09\/02\/plusieurs-ministeres-mobilises-letat-accelere-la-remise-en-etat-des-wilayas-sinistrees\/","name":"Plusieurs minist\u00e8res mobilis\u00e9s\u00a0: L&rsquo;\u00c9tat acc\u00e9l\u00e8re la remise en \u00e9tat des wilayas sinistr\u00e9es - La Sentinelle","isPartOf":{"@id":"https:\/\/lasentinelle.dz\/#website"},"primaryImageOfPage":{"@id":"https:\/\/lasentinelle.dz\/index.php\/2026\/09\/02\/plusieurs-ministeres-mobilises-letat-accelere-la-remise-en-etat-des-wilayas-sinistrees\/#primaryimage"},"image":{"@id":"https:\/\/lasentinelle.dz\/index.php\/2026\/09\/02\/plusieurs-ministeres-mobilises-letat-accelere-la-remise-en-etat-des-wilayas-sinistrees\/#primaryimage"},"thumbnailUrl":"https:\/\/lasentinelle.dz\/wp-content\/uploads\/2026\/09\/791245950_1062873806486329_8564080897455339038_n.jpg","datePublished":"2026-09-02T11:36:25+00:00","dateModified":"2026-09-02T11:36:35+00:00","breadcrumb":{"@id":"https:\/\/lasentinelle.dz\/index.php\/2026\/09\/02\/plusieurs-ministeres-mobilises-letat-accelere-la-remise-en-etat-des-wilayas-sinistrees\/#breadcrumb"},"inLanguage":"fr-FR","potentialAction":[{"@type":"ReadAction","target":["https:\/\/lasentinelle.dz\/index.php\/2026\/09\/02\/plusieurs-ministeres-mobilises-letat-accelere-la-remise-en-etat-des-wilayas-sinistrees\/"]}]},{"@type":"ImageObject","inLanguage":"fr-FR","@id":"https:\/\/lasentinelle.dz\/index.php\/2026\/09\/02\/plusieurs-ministeres-mobilises-letat-accelere-la-remise-en-etat-des-wilayas-sinistrees\/#primaryimage","url":"https:\/\/lasentinelle.dz\/wp-content\/uploads\/2026\/09\/791245950_1062873806486329_8564080897455339038_n.jpg","contentUrl":"https:\/\/lasentinelle.dz\/wp-content\/uploads\/2026\/09\/791245950_1062873806486329_8564080897455339038_n.jpg","width":1020,"height":572},{"@type":"BreadcrumbList","@id":"https:\/\/lasentinelle.dz\/index.php\/2026\/09\/02\/plusieurs-ministeres-mobilises-letat-accelere-la-remise-en-etat-des-wilayas-sinistrees\/#breadcrumb","itemListElement":[{"@type":"ListItem","position":1,"name":"Accueil","item":"https:\/\/lasentinelle.dz\/"},{"@type":"ListItem","position":2,"name":"Plusieurs minist\u00e8res mobilis\u00e9s\u00a0: L&rsquo;\u00c9tat acc\u00e9l\u00e8re la remise en \u00e9tat des wilayas sinistr\u00e9es"}]},{"@type":"WebSite","@id":"https:\/\/lasentinelle.dz\/#website","url":"https:\/\/lasentinelle.dz\/","name":"La Sentinelle","description":"Quotidien national d&#039;information","publisher":{"@id":"https:\/\/lasentinelle.dz\/#organization"},"potentialAction":[{"@type":"SearchAction","target":{"@type":"EntryPoint","urlTemplate":"https:\/\/lasentinelle.dz\/?s={search_term_string}"},"query-input":{"@type":"PropertyValueSpecification","valueRequired":true,"valueName":"search_term_string"}}],"inLanguage":"fr-FR"},{"@type":"Organization","@id":"https:\/\/lasentinelle.dz\/#organization","name":"Quotidien La Sentinelle","url":"https:\/\/lasentinelle.dz\/","logo":{"@type":"ImageObject","inLanguage":"fr-FR","@id":"https:\/\/lasentinelle.dz\/#\/schema\/logo\/image\/","url":"https:\/\/lasentinelle.dz\/wp-content\/uploads\/2021\/09\/logo-sentinelleSLOGAN-1.png","contentUrl":"https:\/\/lasentinelle.dz\/wp-content\/uploads\/2021\/09\/logo-sentinelleSLOGAN-1.png","width":615,"height":142,"caption":"Quotidien La Sentinelle"},"image":{"@id":"https:\/\/lasentinelle.dz\/#\/schema\/logo\/image\/"},"sameAs":["https:\/\/www.facebook.com\/La-Sentinelle-104059864394773"]},{"@type":"Person","@id":"https:\/\/lasentinelle.dz\/#\/schema\/person\/729ee0024f24e0b8c5ec17232f8e8b41","name":"admin","image":{"@type":"ImageObject","inLanguage":"fr-FR","@id":"https:\/\/secure.gravatar.com\/avatar\/4c81fed838786e9b53f540bf46533e750f5d292099ae3b66cfc6fb1982e29df7?s=96&d=mm&r=g","url":"https:\/\/secure.gravatar.com\/avatar\/4c81fed838786e9b53f540bf46533e750f5d292099ae3b66cfc6fb1982e29df7?s=96&d=mm&r=g","contentUrl":"https:\/\/secure.gravatar.com\/avatar\/4c81fed838786e9b53f540bf46533e750f5d292099ae3b66cfc6fb1982e29df7?s=96&d=mm&r=g","caption":"admin"},"description":"admin","url":"https:\/\/lasentinelle.dz\/author\/admin\/"}]}},"_links":{"self":[{"href":"https:\/\/lasentinelle.dz\/index.php\/wp-json\/wp\/v2\/posts\/94845","targetHints":{"allow":["GET"]}}],"collection":[{"href":"https:\/\/lasentinelle.dz\/index.php\/wp-json\/wp\/v2\/posts"}],"about":[{"href":"https:\/\/lasentinelle.dz\/index.php\/wp-json\/wp\/v2\/types\/post"}],"author":[{"embeddable":true,"href":"https:\/\/lasentinelle.dz\/index.php\/wp-json\/wp\/v2\/users\/6"}],"replies":[{"embeddable":true,"href":"https:\/\/lasentinelle.dz\/index.php\/wp-json\/wp\/v2\/comments?post=94845"}],"version-history":[{"count":2,"href":"https:\/\/lasentinelle.dz\/index.php\/wp-json\/wp\/v2\/posts\/94845\/revisions"}],"predecessor-version":[{"id":94848,"href":"https:\/\/lasentinelle.dz\/index.php\/wp-json\/wp\/v2\/posts\/94845\/revisions\/94848"}],"wp:featuredmedia":[{"embeddable":true,"href":"https:\/\/lasentinelle.dz\/index.php\/wp-json\/wp\/v2\/media\/94846"}],"wp:attachment":[{"href":"https:\/\/lasentinelle.dz\/index.php\/wp-json\/wp\/v2\/media?parent=94845"}],"wp:term":[{"taxonomy":"category","embeddable":true,"href":"https:\/\/lasentinelle.dz\/index.php\/wp-json\/wp\/v2\/categories?post=94845"},{"taxonomy":"post_tag","embeddable":true,"href":"https:\/\/lasentinelle.dz\/index.php\/wp-json\/wp\/v2\/tags?post=94845"}],"curies":[{"name":"wp","href":"https:\/\/api.w.org\/{rel}","templated":true}]}}